{"id":179696,"date":"2016-10-18T16:53:41","date_gmt":"2016-10-18T16:53:41","guid":{"rendered":"https:\/\/www.meydan.tv\/article\/may-meydaninin-analari\/"},"modified":"2016-10-18T16:53:41","modified_gmt":"2016-10-18T16:53:41","slug":"may-meydaninin-analari","status":"publish","type":"post","link":"https:\/\/www.meydan.tv\/az\/article\/may-meydaninin-analari\/","title":{"rendered":"May meydan\u0131n\u0131n analar\u0131"},"content":{"rendered":"<figure class=\"wp-block-image size-large\">\n  <img decoding=\"async\" src=\"https:\/\/www.meydan.tv\/az\/yadigar-sadiqov-2\/\" alt=\"Yadigar Sad\u0131qov\" class=\"wp-image-68925\"\/><figcaption>\n    Yadigar Sad\u0131qov<br \/>\n  <\/figcaption><\/figure>\n<figure class=\"wp-block-image size-large\">\n  <img decoding=\"async\" src=\"https:\/\/www.meydan.tv\/az\/yadigar-sadiqov-3\/\" alt=\"Yadigar Sad\u0131qov\" class=\"wp-image-68922\"\/><figcaption>\n    Yadigar Sad\u0131qov<br \/>\n  <\/figcaption><\/figure>\n<p>\n  1976-c\u0131 il mart\u0131n 24-d\u0259 Argentinada d\u00f6vl\u0259t \u00e7evrili\u015fi ba\u015f verdi. H\u0259rb\u00e7il\u0259r d\u00fcnyada ilk qad\u0131n prezident \u0130sabel Peronu devir\u0259r\u0259k hakimiyy\u0259ti \u0259l\u0259 ald\u0131lar. Bel\u0259c\u0259 \u00f6lk\u0259d\u0259 1983-c\u00fc il\u0259 kimi h\u00f6km s\u00fcr\u0259c\u0259k h\u0259rbi xunta yarand\u0131.\n<\/p>\n<p>\n  Ha\u015fiy\u0259 \u00e7\u0131xaraq qeyd ed\u0259k ki, Argentinadak\u0131 xuntan\u0131n dig\u0259rl\u0259rind\u0259n f\u0259rql\u0259ndir\u0259n ciddi \u00f6z\u0259lliyi vard\u0131. Burada hakimiyy\u0259t hans\u0131sa y\u00fcks\u0259k n\u00fcfuzlu h\u0259rb\u00e7iy\u0259 m\u0259xsus deyildi. \u0130dar\u0259etm\u0259 kollektiv \u015f\u0259kild\u0259 h\u0259yata ke\u00e7irilirdi. \u00d6lk\u0259d\u0259ki k\u0259skin iqtisadi-siyasi b\u00f6hran s\u0259b\u0259bind\u0259n prezidentl\u0259r tez-tez d\u0259yi\u015firdi. Xuntan\u0131n m\u00f6vcud oldu\u011fu 7 il \u0259rzind\u0259 \u00f6lk\u0259d\u0259 4 prezident d\u0259yi\u015fmi\u015fdi (sonralar onlar\u0131n ham\u0131s\u0131n\u0131n ad\u0131 \u00f6lk\u0259 prezidentl\u0259rinin siyah\u0131s\u0131ndan \u00e7\u0131xar\u0131ld\u0131).\n<\/p>\n<p>\n  H\u0259rbi xuntan\u0131n b\u0259rq\u0259rar olmas\u0131 il\u0259 &#8220;\u00e7irkli m\u00fcharib\u0259&#8221; deyil\u0259n d\u00f6vl\u0259t terrorizmi siyas\u0259tin\u0259 start verildi. Sa\u011f\u00e7\u0131 v\u0259 sol\u00e7u m\u00fcxalif\u0259t\u00e7il\u0259r, h\u0259mkarlar ittifaq\u0131n\u0131n f\u0259allar\u0131, h\u00fcquq m\u00fcdafi\u0259\u00e7il\u0259ri, jurnalistl\u0259r v\u0259 t\u0259l\u0259b\u0259l\u0259r, h\u0259tta yuxar\u0131 sinif \u015fagirdl\u0259ri bu terrorun \u0259sas h\u0259d\u0259fl\u0259ri idil\u0259r.\n<\/p>\n<p>\n  7 illik xunta d\u00f6vr\u00fcnd\u0259 30 mind\u0259n art\u0131q argentinal\u0131 v\u0259 bir qisim xarici v\u0259t\u0259nda\u015f \u00f6ld\u00fcr\u00fcld\u00fc v\u0259 ya izsiz-soraqs\u0131z itkin d\u00fc\u015fd\u00fc. Bundan iki d\u0259f\u0259 \u00e7oxu is\u0259 h\u0259bsl\u0259rd\u0259n ke\u00e7\u0259r\u0259k i\u015fg\u0259nc\u0259 v\u0259 zorak\u0131l\u0131\u011fa m\u0259ruz qald\u0131lar.\n<\/p>\n<p>\n  Xuntan\u0131n \u0259n qeyri-insani davran\u0131\u015flar\u0131ndan biri qad\u0131n siyasi m\u0259hbuslardan u\u015faqlar\u0131n\u0131n (\u0259sas\u0259n h\u0259bsd\u0259 anadan olan) zorla al\u0131nmas\u0131 v\u0259 \u00f6vladl\u0131\u011fa g\u00f6t\u00fcr\u00fclm\u0259k \u00fc\u00e7\u00fcn polis v\u0259 h\u0259rb\u00e7i ail\u0259l\u0259rin\u0259 verilm\u0259si idi. \u018fn az\u0131 400 u\u015fa\u011f\u0131n bu taleyi ya\u015fad\u0131\u011f\u0131 t\u0259xmin edilir ki, onlardan da yaln\u0131z 100-d\u0259n bir q\u0259d\u0259r art\u0131\u011f\u0131n\u0131n taleyi sonralar m\u00fc\u0259yy\u0259nl\u0259\u015fdirildi.\n<\/p>\n<p>\n  Daha bir \u00f6z\u0259l cinay\u0259t &#8220;\u00f6l\u00fcm u\u00e7u\u015flar\u0131&#8221; ad\u0131n\u0131 alm\u0131\u015f hal idi. H\u0259bsxanalarda zorak\u0131l\u0131\u011fa m\u0259ruz qalan insanlar sakitl\u0259\u015fdirici barbiturat d\u0259rmanlar\u0131 il\u0259, narkotikl\u0259rl\u0259 yar\u0131-hu\u015fsuz v\u0259ziyy\u0259t\u0259 g\u0259tiril\u0259r\u0259k t\u0259yyar\u0259y\u0259 v\u0259 ya helikopter\u0259 mindirilir, y\u00fcks\u0259klikd\u0259n Atlantik okean\u0131na v\u0259 ya La-Plata \u00e7ay\u0131na at\u0131l\u0131rd\u0131lar. Onlar\u0131n bir \u00e7oxunun c\u0259s\u0259di su ax\u0131n\u0131 n\u0259tic\u0259sind\u0259 t\u0259kc\u0259 Argentinan\u0131n deyil, qon\u015fu \u00f6lk\u0259l\u0259rin sahill\u0259rind\u0259n d\u0259 tap\u0131l\u0131rd\u0131.\n<\/p>\n<figure class=\"wp-block-image size-large\">\n  <img decoding=\"async\" src=\"https:\/\/www.meydan.tv\/az\/argentina-1976-ci-il-usyanindan-foto-getty-images\/\" alt=\"Argentina 1976-c\u0131 il \u00fcsyan\u0131ndan, foto: getty images\" class=\"wp-image-70685\"\/><figcaption>\n    Argentina 1976-c\u0131 il \u00fcsyan\u0131ndan, foto: getty images<br \/>\n  <\/figcaption><\/figure>\n<p>\n  Bel\u0259 bir a\u011f\u0131r v\u0259ziyy\u0259td\u0259 Argentinada fenomen say\u0131la bil\u0259c\u0259k bir H\u0259r\u0259kat formala\u015fd\u0131. Yoxa \u00e7\u0131xan \u00f6vladlar\u0131 bar\u0259d\u0259 h\u00f6kum\u0259td\u0259n informasiya t\u0259l\u0259b ed\u0259n analar\u0131n h\u0259r\u0259kat\u0131. Asusena Villaflor adl\u0131 bir f\u0259al ilk d\u0259f\u0259 1977-ci ilin aprelin 30-da 13 dig\u0259r qad\u0131nla birlikd\u0259 paytaxt Buenos-Ayresin m\u0259rk\u0259zi May meydan\u0131nda aksiya ke\u00e7irdil\u0259r.\n<\/p>\n<p>\n  1924-c\u00fc ild\u0259 anadan olmu\u015f Asusena Villaflor 4 u\u015faq anas\u0131 idi. 1976-c\u0131 ilin noyabr\u0131nda onun o\u011flu Hektor arvad\u0131 Rakel il\u0259 birlikd\u0259 yoxa \u00e7\u0131xm\u0131\u015fd\u0131. Onlar\u0131 axtarmaq \u00fc\u00e7\u00fcn d\u00f6vl\u0259t m\u00fc\u0259ssis\u0259l\u0259rin\u0259 ayaq d\u00f6y\u0259n Asusena burada eynitaleli ba\u015fqa analarla rastla\u015f\u0131r. 6 ayl\u0131q n\u0259tic\u0259siz axtar\u0131\u015flardan sonra Asusena dig\u0259r qad\u0131nlarla birg\u0259 aksiya ke\u00e7irm\u0259k q\u0259rar\u0131na g\u0259ldil\u0259r.\n<\/p>\n<p>\n  \u0130lk aksiya \u015f\u0259nb\u0259 g\u00fcn\u00fcn\u0259 t\u0259sad\u00fcf etdi. \u0130kincisi is\u0259 c\u00fcm\u0259 g\u00fcn\u00fc ke\u00e7irildi. \u00dc\u00e7\u00fcnc\u00fc aksiyadan ba\u015flayaraq analar h\u0259r c\u00fcm\u0259 ax\u015fam\u0131 saat 15.30-da paytaxt\u0131n m\u0259rk\u0259zi meydan\u0131nda topla\u015fd\u0131lar. Onlar ba\u015flar\u0131na a\u011f l\u0259\u00e7\u0259k ba\u011flay\u0131rd\u0131lar ki, bu da u\u015faqlar\u0131 b\u0259l\u0259y\u0259n zaman istifad\u0259 olunan \u00fc\u00e7k\u00fcnc a\u011f par\u00e7alara i\u015far\u0259 idi. Tezlikl\u0259 onlar\u0131n h\u0259r\u0259kat\u0131 &#8220;May meydan\u0131n\u0131n analar\u0131&#8221; adland\u0131r\u0131lma\u011fa ba\u015flad\u0131.\n<\/p>\n<p>\n  Dekabr\u0131n 10-da (Beyn\u0259lxalq insan h\u00fcquqlar\u0131 g\u00fcn\u00fc) analar yoxa \u00e7\u0131xm\u0131\u015f insanlar\u0131n siyah\u0131s\u0131n\u0131 yayd\u0131lar. El\u0259 h\u0259min gec\u0259 Asusena Villaflor h\u0259rb\u00e7il\u0259r t\u0259r\u0259find\u0259n evind\u0259n o\u011furland\u0131. Bir q\u0259d\u0259r sonra Buenos-Ayres sahill\u0259rind\u0259 tap\u0131lan c\u0259s\u0259dl\u0259rd\u0259n birinin Asusena Villaflor oldu\u011fu t\u0259xmin edildi.\n<\/p>\n<p>\n  H\u0259r\u0259kat\u0131n banisinin d\u0259h\u015f\u0259tli taleyi &#8220;May meydan\u0131n\u0131n analar\u0131&#8221;n\u0131 qorxutmad\u0131. \u018fksin\u0259, onlar\u0131n s\u0131ralar\u0131 get-ged\u0259 geni\u015fl\u0259nirdi. H\u0259r c\u00fcm\u0259 ax\u015fam\u0131 aksiyalar davam edirdi. Hakimiyy\u0259tin repressiyalar\u0131na (daha bir ne\u00e7\u0259 qad\u0131n Villaflor kimi o\u011furlanm\u0131\u015fd\u0131) baxmayaraq, h\u0259r\u0259kat\u0131n ba\u015flanmas\u0131ndan 1 il sonra aksiyalarda art\u0131q y\u00fczl\u0259rl\u0259 qad\u0131n i\u015ftirak edirdi.\n<\/p>\n<p>\n  Analar beyn\u0259lxalq ictimaiyy\u0259tin diqq\u0259tini Argentinadak\u0131 v\u0259ziyy\u0259t\u0259 y\u00f6n\u0259ltm\u0259y\u0259 \u00e7al\u0131\u015f\u0131rd\u0131lar. Lakin bir m\u00fcdd\u0259t beyn\u0259lxalq al\u0259m, o c\u00fcml\u0259d\u0259n UN\u0130CEF beyn\u0259lxalq u\u015faq t\u0259\u015fkilat\u0131 Argentina analar\u0131n\u0131n m\u00fcraci\u0259tl\u0259rin\u0259 laqeyd yana\u015fd\u0131.\n<\/p>\n<p>\n  H\u0259r\u0259kat\u0131n i\u015fin\u0259 1978-ci ild\u0259 Argentinada ke\u00e7iril\u0259n futbol \u00fczr\u0259 d\u00fcnya \u00e7empionat\u0131 bir xeyli yarad\u0131. Analar bu zaman t\u0259kc\u0259 May meydan\u0131nda deyil, futbol oyunlar\u0131n\u0131n ke\u00e7irildiyi b\u00fct\u00fcn \u015f\u0259h\u0259rl\u0259rd\u0259 aksiya ke\u00e7irdil\u0259r. Bununla da Argentinadak\u0131 d\u00f6vl\u0259t terroru beyn\u0259lxalq m\u0259tbuat\u0131n v\u0259 ictimaiyy\u0259tin diqq\u0259tini c\u0259lb etdi.\n<\/p>\n<p>\n  M\u0259hz bu diqq\u0259t n\u0259tic\u0259sind\u0259 argentinal\u0131 h\u00fcquq m\u00fcdafi\u0259\u00e7isi Adolfo Peres Eskuvil 14 ayl\u0131q h\u0259bsd\u0259n sonra azad edildi. Sonrak\u0131 ill\u0259rd\u0259 &#8220;May meydan\u0131n\u0131n analar\u0131&#8221;na b\u00f6y\u00fck d\u0259st\u0259k ver\u0259n Eskuvil 1980-ci ild\u0259 Nobel s\u00fclh m\u00fckafat\u0131na layiq g\u00f6r\u00fcld\u00fc v\u0259 ald\u0131\u011f\u0131 m\u00fckafat\u0131 xeyriyy\u0259 fondlar\u0131na ba\u011f\u0131\u015flad\u0131.\n<\/p>\n<p>\n  1982-ci ild\u0259 Folklend (Malvin) adalar\u0131 \u00fcst\u00fcnd\u0259 B\u00f6y\u00fck Britaniya il\u0259 h\u0259rbi konfliktd\u0259 m\u0259\u011flubiyy\u0259t Argentinadak\u0131 h\u0259rbi xuntan\u0131n n\u00fcfuzuna \u00f6ld\u00fcr\u00fcc\u00fc t\u0259sir g\u00f6st\u0259rdi. Art\u0131q 1 il sonra onun hakimiyy\u0259tin\u0259 son qoyuldu.\n<\/p>\n<p>\n  Yeni m\u00fclki prezident Raul Alfonsin hakimiyy\u0259t\u0259 g\u0259l\u0259n kimi insan o\u011furluqlar\u0131n\u0131 ara\u015fd\u0131rmaq \u00fc\u00e7\u00fcn tan\u0131nm\u0131\u015f yaz\u0131\u00e7\u0131 Ernesto Sabatonun r\u0259hb\u0259rliyi alt\u0131nda Milli Komissiya t\u0259sis etdi. Xuntan\u0131n r\u0259hb\u0259rliyin\u0259 v\u0259 bir \u00e7ox m\u0259mura qar\u0131 cinay\u0259t i\u015fi qald\u0131r\u0131ld\u0131. 1985-1986-c\u0131 ill\u0259rd\u0259 xunta d\u00f6vr\u00fcnd\u0259 prezident olanlar (Videla, Viola, Qaltyeri, Binyoni), el\u0259c\u0259 d\u0259 bir \u00e7ox y\u00fcks\u0259k r\u00fctb\u0259li h\u0259rb\u00e7il\u0259r m\u00fcxt\u0259lif h\u0259bs c\u0259zalar\u0131 ald\u0131lar.\n<\/p>\n<p>\n  Lakin ordunun yeni h\u0259rbi \u00e7evrili\u015f h\u0259d\u0259sind\u0259n sonra parlament 1986-c\u0131 ild\u0259 &#8220;Son n\u00f6qt\u0259 akt\u0131&#8221; ad\u0131n\u0131 alm\u0131\u015f amnistiya qanunu q\u0259bul etdi. Bununla da xunta xadiml\u0259rinin cinay\u0259t t\u0259qibi dayand\u0131r\u0131ld\u0131. Xunta r\u0259hb\u0259rl\u0259ri is\u0259 1990-1991 ci ill\u0259rd\u0259 \u0259fv s\u0259r\u0259ncam\u0131 il\u0259 azadl\u0131\u011fa \u00e7\u0131xd\u0131lar.<br \/>\n  <br \/>\n  Lakin bel\u0259 v\u0259ziyy\u0259t Argentinan\u0131n demokratik d\u00fc\u015f\u0259rg\u0259sini, el\u0259c\u0259 d\u0259 &#8220;May meydan\u0131n\u0131n analar\u0131&#8221;n\u0131 qane etmirdi. \u00d6lk\u0259d\u0259 demokratik t\u0259sisatlar g\u00fccl\u0259ndikc\u0259 &#8220;\u00e7irkli m\u00fcharib\u0259&#8221; canil\u0259rinin c\u0259zaland\u0131r\u0131lmas\u0131 t\u0259l\u0259bl\u0259ri d\u0259 \u00e7oxal\u0131rd\u0131. 2005-ci ild\u0259 Ali m\u0259hk\u0259m\u0259 &#8220;Son n\u00f6qt\u0259 akt\u0131&#8221;n\u0131n v\u0259 xunta r\u0259hb\u0259rl\u0259rini azad ed\u0259n \u0259fv s\u0259r\u0259ncamlar\u0131n\u0131n antikonstitusion olmas\u0131 bar\u0259d\u0259 q\u0259rar \u00e7\u0131xard\u0131. Bundan sonra cinay\u0259t t\u0259qibi davam etdirildi.\n<\/p>\n<p>\n  Bu zaman 4 diktatordan ikisi \u2013 Viola v\u0259 Qaltyeri \u2013 art\u0131q h\u0259yatda yox idil\u0259r. Videla v\u0259 Binyoni yenid\u0259n h\u0259bs edildil\u0259r. \u00d6m\u00fcrl\u00fck h\u0259bs c\u0259zas\u0131 alan Videla 2013-c\u00fc ilin ma\u0131n 17-d\u0259 h\u0259bsxanada \u00f6ld\u00fc. \u0130ki m\u0259hk\u0259m\u0259 h\u00f6km\u00fc il\u0259 \u00fcst-\u00fcst\u0259 50 il h\u0259bs c\u0259zas\u0131 alan Binyoni is\u0259 h\u0259l\u0259 h\u0259bsd\u0259dir.\n<\/p>\n<p>\n  Daha a\u015fa\u011f\u0131 ranql\u0131 m\u0259murlar da c\u0259zas\u0131z qalmad\u0131lar. Argentina H\u0259rbi D\u0259niz Q\u00fcvv\u0259l\u0259rinin kapitan\u0131 Adolfo Silinqoya \u0130spaniya M\u0259hk\u0259m\u0259si 2005-ci ild\u0259 640 illik h\u0259bs c\u0259zas\u0131 k\u0259sdi. 2011-ci ild\u0259 Argentina M\u0259hk\u0259m\u0259si kapitan Alfredo Astis v\u0259 daha 12 h\u0259rb\u00e7ini \u00f6m\u00fcrl\u00fck h\u0259bs c\u0259zas\u0131na m\u0259hkum etdi. Polis m\u0259muru Migel Et\u00e7ekolat v\u0259 Xorxe Berges 2004-c\u00fc ild\u0259 dustaq qad\u0131nlar\u0131n u\u015faqlar\u0131n\u0131n o\u011furlanmas\u0131na g\u00f6r\u0259 7 il h\u0259bs ald\u0131lar. Et\u00e7ekolat daha sonra ba\u015fqa cinay\u0259tl\u0259rin\u0259 g\u00f6r\u0259 \u00f6m\u00fcrl\u00fck azadl\u0131qdan m\u0259hrum edildi. Siyah\u0131n\u0131 xeyli uzatmaq olar.<br \/>\n  <br \/>\n  Xunta cinay\u0259tl\u0259rinin ara\u015fd\u0131r\u0131lmas\u0131nda &#8220;May meydan\u0131n\u0131n analar\u0131&#8221; H\u0259r\u0259kat\u0131 ciddi rol oynad\u0131. Onlar o\u011furlanm\u0131\u015f u\u015faqlar\u0131n taleyini ara\u015fd\u0131r\u0131r, tap\u0131lan k\u00fctl\u0259vi m\u0259zarl\u0131qlardak\u0131 c\u0259s\u0259dl\u0259rin DNT analizini t\u0259\u015fkil edirdi.\n<\/p>\n<p>\n  Bel\u0259 analizl\u0259rd\u0259n biri d\u0259 Asusena Villaflorun t\u0259xmin edil\u0259n c\u0259s\u0259di \u00fcz\u0259rind\u0259 ke\u00e7irildi. Ekspertiza c\u0259s\u0259din Villaflora m\u0259xsus olmas\u0131n\u0131 v\u0259 onun y\u00fcks\u0259klikd\u0259n okeana at\u0131lmas\u0131 n\u0259tic\u0259sind\u0259 \u00f6ld\u00fcr\u00fcld\u00fcy\u00fcn\u00fc t\u0259sdiql\u0259di. \u00d6vladlar\u0131n\u0131n ist\u0259yin\u0259 g\u00f6r\u0259 kremasiyadan sonra k\u00fcl\u00fc May meydan\u0131nda d\u0259fn edildi.\n<\/p>\n<p>\n  T\u0259\u015fkilat 2006-c\u0131 ilin yanvar\u0131n 26-da May meydan\u0131nda son aksiyas\u0131n\u0131 ke\u00e7irdi. Lakin bu onun f\u0259aliyy\u0259tinin dayand\u0131r\u0131lmas\u0131 dem\u0259k deyildi. N\u0259h\u0259ng bir t\u0259\u015fkilata \u00e7evril\u0259n &#8220;May meydan\u0131n\u0131n analar\u0131&#8221;n\u0131n bu g\u00fcn m\u00fcst\u0259qil universiteti, q\u0259zet v\u0259 radiosu, kitabxanas\u0131 v\u0259 s. strukturlar\u0131 var.\n<\/p>\n<p>\n  &#8220;May meydan\u0131n\u0131n analar\u0131&#8221; indi daha \u00e7ox xeyriyy\u0259\u00e7ilikl\u0259 m\u0259\u015f\u011ful olur. Onun n\u0259zdind\u0259ki &#8220;Suenos Compartidos&#8221; \u015firk\u0259ti 2011-ci ild\u0259 gec\u0259qondu sakinl\u0259ri \u00fc\u00e7\u00fcn 5600 m\u0259nzil tik\u0259r\u0259k t\u0259hvil vermi\u015fdi. Bununla yana\u015f\u0131 h\u0259rbi xunta zaman\u0131 t\u00f6r\u0259dil\u0259n cinay\u0259tl\u0259rin ara\u015fd\u0131r\u0131lmas\u0131 davam etdirilir. Ax\u0131 h\u0259l\u0259 d\u0259 taleyi m\u0259lum olmayan insanlar var.\n<\/p>\n<p>\n  P.S. &#8220;\u00c7irkli m\u00fcharib\u0259&#8221; 30 ild\u0259n art\u0131q m\u00fcdd\u0259td\u0259 Argentina kinematoqraf\u0131nda \u0259n \u00e7ox m\u00fcraci\u0259t edil\u0259n m\u00f6vzulardan biridir. H\u0259l\u0259 1985-ci ild\u0259 \u00e7\u0259kil\u0259n &#8220;R\u0259smi versiya&#8221; (La historia oficial) filmi &#8220;Xarici dild\u0259 \u0259n yax\u015f\u0131 film&#8221; nominasiyas\u0131nda Oskar m\u00fckafat\u0131na layiq g\u00f6r\u00fclm\u00fc\u015fd\u00fc. Bundan \u0259lav\u0259, &#8220;Qaraj Olimpo&#8221;, &#8220;Kam\u00e7atka&#8221;, &#8220;Karanda\u015flar gec\u0259si&#8221;, &#8220;Gizli u\u015faql\u0131q&#8221; filml\u0259rin\u0259 baxmaq m\u00f6vzu haqq\u0131nda t\u0259s\u0259vv\u00fcr yaratma\u011fa yard\u0131m\u00e7\u0131 olar. &#8220;\u00d6l\u00fcm v\u0259 q\u0131z&#8221;, &#8220;Argentina haqq\u0131nda arzular&#8221; filml\u0259rini ba\u015fqa \u00f6lk\u0259l\u0259r \u00e7\u0259ks\u0259 d\u0259, m\u00f6vzu eynidir. Argentina kinemotoqraf\u0131na m\u0259xsus, 2009-cu ild\u0259 &#8220;Xarici dild\u0259 \u0259n yax\u015f\u0131 film&#8221; nominasiyas\u0131nda Oskar alm\u0131\u015f daha bir film &#8211; &#8220;Onun g\u00f6zl\u0259rind\u0259ki sirr&#8221; d\u0259 yax\u0131n m\u00f6vzudan b\u0259hs edir.\n<\/p>\n<\/p>\n<p>\n  <i><br \/>\n    <b><br \/>\n      Yaz\u0131 m\u00fc\u0259llifin fikirl\u0259rini \u0259ks etdirir v\u0259 Meydan TV-nin m\u00f6vqeyi il\u0259 \u00fcst-\u00fcst\u0259 d\u00fc\u015fm\u0259y\u0259 bil\u0259r.<br \/>\n    <\/b><br \/>\n  <\/i><\/p>\n","protected":false},"excerpt":{"rendered":"<p>1976-c\u0131 il mart\u0131n 24-d\u0259 Argentinada d\u00f6vl\u0259t \u00e7evrili\u015fi ba\u015f verdi<\/p>\n","protected":false},"author":11,"featured_media":68925,"comment_status":"closed","ping_status":"open","sticky":false,"template":"","format":"standard","meta":{"_acf_changed":false,"_sitemap_exclude":false,"_sitemap_priority":"","_sitemap_frequency":"","footnotes":""},"categories":[57],"tags":[],"class_list":["post-179696","post","type-post","status-publish","format-standard","has-post-thumbnail","hentry","category-menim-fikrimce","infinite-scroll-item","generate-columns","tablet-grid-50","mobile-grid-100","grid-parent","grid-33","no-featured-image-padding"],"acf":[],"yoast_head":"<!-- This site is optimized with the Yoast SEO plugin v27.5 - https:\/\/yoast.com\/product\/yoast-seo-wordpress\/ -->\n<title>May meydan\u0131n\u0131n analar\u0131 - MEYDAN.TV<\/title>\n<meta name=\"robots\" content=\"index, follow, max-snippet:-1, max-image-preview:large, max-video-preview:-1\" \/>\n<link rel=\"canonical\" href=\"https:\/\/www.meydan.tv\/az\/article\/may-meydaninin-analari\/\" \/>\n<meta property=\"og:locale\" content=\"az_AZ\" \/>\n<meta property=\"og:type\" content=\"article\" \/>\n<meta property=\"og:title\" content=\"May meydan\u0131n\u0131n analar\u0131 - MEYDAN.TV\" \/>\n<meta property=\"og:description\" content=\"1976-c\u0131 il mart\u0131n 24-d\u0259 Argentinada d\u00f6vl\u0259t \u00e7evrili\u015fi ba\u015f verdi\" \/>\n<meta property=\"og:url\" content=\"https:\/\/www.meydan.tv\/az\/article\/may-meydaninin-analari\/\" \/>\n<meta property=\"og:site_name\" content=\"MEYDAN.TV\" \/>\n<meta property=\"article:published_time\" content=\"2016-10-18T16:53:41+00:00\" \/>\n<meta property=\"og:image\" content=\"https:\/\/www.meydan.tv\/wp-content\/uploads\/26366.jpg\" \/>\n\t<meta property=\"og:image:width\" content=\"500\" \/>\n\t<meta property=\"og:image:height\" content=\"500\" \/>\n\t<meta property=\"og:image:type\" content=\"image\/jpeg\" \/>\n<meta name=\"author\" content=\"user-manager\" \/>\n<meta name=\"twitter:card\" content=\"summary_large_image\" \/>\n<script type=\"application\/ld+json\" class=\"yoast-schema-graph\">{\"@context\":\"https:\\\/\\\/schema.org\",\"@graph\":[{\"@type\":\"Article\",\"@id\":\"https:\\\/\\\/www.meydan.tv\\\/az\\\/article\\\/may-meydaninin-analari\\\/#article\",\"isPartOf\":{\"@id\":\"https:\\\/\\\/www.meydan.tv\\\/az\\\/article\\\/may-meydaninin-analari\\\/\"},\"author\":{\"name\":\"user-manager\",\"@id\":\"https:\\\/\\\/www.meydan.tv\\\/az\\\/#\\\/schema\\\/person\\\/10d11eccf6da3662cf5fdab9806ea91a\"},\"headline\":\"May meydan\u0131n\u0131n analar\u0131\",\"datePublished\":\"2016-10-18T16:53:41+00:00\",\"mainEntityOfPage\":{\"@id\":\"https:\\\/\\\/www.meydan.tv\\\/az\\\/article\\\/may-meydaninin-analari\\\/\"},\"wordCount\":1849,\"publisher\":{\"@id\":\"https:\\\/\\\/www.meydan.tv\\\/az\\\/#organization\"},\"image\":{\"@id\":\"https:\\\/\\\/www.meydan.tv\\\/az\\\/article\\\/may-meydaninin-analari\\\/#primaryimage\"},\"thumbnailUrl\":\"https:\\\/\\\/www.meydan.tv\\\/wp-content\\\/uploads\\\/26366.jpg\",\"articleSection\":[\"M\u0259nim Fikrimc\u0259\"],\"inLanguage\":\"az\"},{\"@type\":\"WebPage\",\"@id\":\"https:\\\/\\\/www.meydan.tv\\\/az\\\/article\\\/may-meydaninin-analari\\\/\",\"url\":\"https:\\\/\\\/www.meydan.tv\\\/az\\\/article\\\/may-meydaninin-analari\\\/\",\"name\":\"May meydan\u0131n\u0131n analar\u0131 - MEYDAN.TV\",\"isPartOf\":{\"@id\":\"https:\\\/\\\/www.meydan.tv\\\/az\\\/#website\"},\"primaryImageOfPage\":{\"@id\":\"https:\\\/\\\/www.meydan.tv\\\/az\\\/article\\\/may-meydaninin-analari\\\/#primaryimage\"},\"image\":{\"@id\":\"https:\\\/\\\/www.meydan.tv\\\/az\\\/article\\\/may-meydaninin-analari\\\/#primaryimage\"},\"thumbnailUrl\":\"https:\\\/\\\/www.meydan.tv\\\/wp-content\\\/uploads\\\/26366.jpg\",\"datePublished\":\"2016-10-18T16:53:41+00:00\",\"breadcrumb\":{\"@id\":\"https:\\\/\\\/www.meydan.tv\\\/az\\\/article\\\/may-meydaninin-analari\\\/#breadcrumb\"},\"inLanguage\":\"az\",\"potentialAction\":[{\"@type\":\"ReadAction\",\"target\":[\"https:\\\/\\\/www.meydan.tv\\\/az\\\/article\\\/may-meydaninin-analari\\\/\"]}]},{\"@type\":\"ImageObject\",\"inLanguage\":\"az\",\"@id\":\"https:\\\/\\\/www.meydan.tv\\\/az\\\/article\\\/may-meydaninin-analari\\\/#primaryimage\",\"url\":\"https:\\\/\\\/www.meydan.tv\\\/wp-content\\\/uploads\\\/26366.jpg\",\"contentUrl\":\"https:\\\/\\\/www.meydan.tv\\\/wp-content\\\/uploads\\\/26366.jpg\",\"width\":500,\"height\":500,\"caption\":\"Source:\"},{\"@type\":\"BreadcrumbList\",\"@id\":\"https:\\\/\\\/www.meydan.tv\\\/az\\\/article\\\/may-meydaninin-analari\\\/#breadcrumb\",\"itemListElement\":[{\"@type\":\"ListItem\",\"position\":1,\"name\":\"Ana s\u0259hif\u0259\",\"item\":\"https:\\\/\\\/www.meydan.tv\\\/az\\\/\"},{\"@type\":\"ListItem\",\"position\":2,\"name\":\"M\u0259nim Fikrimc\u0259\",\"item\":\"https:\\\/\\\/www.meydan.tv\\\/az\\\/section\\\/menim-fikrimce\\\/\"},{\"@type\":\"ListItem\",\"position\":3,\"name\":\"May meydan\u0131n\u0131n analar\u0131\"}]},{\"@type\":\"WebSite\",\"@id\":\"https:\\\/\\\/www.meydan.tv\\\/az\\\/#website\",\"url\":\"https:\\\/\\\/www.meydan.tv\\\/az\\\/\",\"name\":\"MEYDAN.TV\",\"description\":\"Meydan TV Az\u0259rbaycan\u0131n media m\u0259kan\u0131ndak\u0131 alternativ s\u0259sidir\",\"publisher\":{\"@id\":\"https:\\\/\\\/www.meydan.tv\\\/az\\\/#organization\"},\"potentialAction\":[{\"@type\":\"SearchAction\",\"target\":{\"@type\":\"EntryPoint\",\"urlTemplate\":\"https:\\\/\\\/www.meydan.tv\\\/az\\\/?s={search_term_string}\"},\"query-input\":{\"@type\":\"PropertyValueSpecification\",\"valueRequired\":true,\"valueName\":\"search_term_string\"}}],\"inLanguage\":\"az\"},{\"@type\":\"Organization\",\"@id\":\"https:\\\/\\\/www.meydan.tv\\\/az\\\/#organization\",\"name\":\"Meydan TV\",\"url\":\"https:\\\/\\\/www.meydan.tv\\\/az\\\/\",\"logo\":{\"@type\":\"ImageObject\",\"inLanguage\":\"az\",\"@id\":\"https:\\\/\\\/www.meydan.tv\\\/az\\\/#\\\/schema\\\/logo\\\/image\\\/\",\"url\":\"https:\\\/\\\/www.meydan.tv\\\/wp-content\\\/uploads\\\/2021\\\/07\\\/meydan-logo.svg\",\"contentUrl\":\"https:\\\/\\\/www.meydan.tv\\\/wp-content\\\/uploads\\\/2021\\\/07\\\/meydan-logo.svg\",\"width\":195,\"height\":46,\"caption\":\"Meydan TV\"},\"image\":{\"@id\":\"https:\\\/\\\/www.meydan.tv\\\/az\\\/#\\\/schema\\\/logo\\\/image\\\/\"}},{\"@type\":\"Person\",\"@id\":\"https:\\\/\\\/www.meydan.tv\\\/az\\\/#\\\/schema\\\/person\\\/10d11eccf6da3662cf5fdab9806ea91a\",\"name\":\"user-manager\"}]}<\/script>\n<!-- \/ Yoast SEO plugin. -->","yoast_head_json":{"title":"May meydan\u0131n\u0131n analar\u0131 - MEYDAN.TV","robots":{"index":"index","follow":"follow","max-snippet":"max-snippet:-1","max-image-preview":"max-image-preview:large","max-video-preview":"max-video-preview:-1"},"canonical":"https:\/\/www.meydan.tv\/az\/article\/may-meydaninin-analari\/","og_locale":"az_AZ","og_type":"article","og_title":"May meydan\u0131n\u0131n analar\u0131 - MEYDAN.TV","og_description":"1976-c\u0131 il mart\u0131n 24-d\u0259 Argentinada d\u00f6vl\u0259t \u00e7evrili\u015fi ba\u015f verdi","og_url":"https:\/\/www.meydan.tv\/az\/article\/may-meydaninin-analari\/","og_site_name":"MEYDAN.TV","article_published_time":"2016-10-18T16:53:41+00:00","og_image":[{"width":500,"height":500,"url":"https:\/\/www.meydan.tv\/wp-content\/uploads\/26366.jpg","type":"image\/jpeg"}],"author":"user-manager","twitter_card":"summary_large_image","schema":{"@context":"https:\/\/schema.org","@graph":[{"@type":"Article","@id":"https:\/\/www.meydan.tv\/az\/article\/may-meydaninin-analari\/#article","isPartOf":{"@id":"https:\/\/www.meydan.tv\/az\/article\/may-meydaninin-analari\/"},"author":{"name":"user-manager","@id":"https:\/\/www.meydan.tv\/az\/#\/schema\/person\/10d11eccf6da3662cf5fdab9806ea91a"},"headline":"May meydan\u0131n\u0131n analar\u0131","datePublished":"2016-10-18T16:53:41+00:00","mainEntityOfPage":{"@id":"https:\/\/www.meydan.tv\/az\/article\/may-meydaninin-analari\/"},"wordCount":1849,"publisher":{"@id":"https:\/\/www.meydan.tv\/az\/#organization"},"image":{"@id":"https:\/\/www.meydan.tv\/az\/article\/may-meydaninin-analari\/#primaryimage"},"thumbnailUrl":"https:\/\/www.meydan.tv\/wp-content\/uploads\/26366.jpg","articleSection":["M\u0259nim Fikrimc\u0259"],"inLanguage":"az"},{"@type":"WebPage","@id":"https:\/\/www.meydan.tv\/az\/article\/may-meydaninin-analari\/","url":"https:\/\/www.meydan.tv\/az\/article\/may-meydaninin-analari\/","name":"May meydan\u0131n\u0131n analar\u0131 - MEYDAN.TV","isPartOf":{"@id":"https:\/\/www.meydan.tv\/az\/#website"},"primaryImageOfPage":{"@id":"https:\/\/www.meydan.tv\/az\/article\/may-meydaninin-analari\/#primaryimage"},"image":{"@id":"https:\/\/www.meydan.tv\/az\/article\/may-meydaninin-analari\/#primaryimage"},"thumbnailUrl":"https:\/\/www.meydan.tv\/wp-content\/uploads\/26366.jpg","datePublished":"2016-10-18T16:53:41+00:00","breadcrumb":{"@id":"https:\/\/www.meydan.tv\/az\/article\/may-meydaninin-analari\/#breadcrumb"},"inLanguage":"az","potentialAction":[{"@type":"ReadAction","target":["https:\/\/www.meydan.tv\/az\/article\/may-meydaninin-analari\/"]}]},{"@type":"ImageObject","inLanguage":"az","@id":"https:\/\/www.meydan.tv\/az\/article\/may-meydaninin-analari\/#primaryimage","url":"https:\/\/www.meydan.tv\/wp-content\/uploads\/26366.jpg","contentUrl":"https:\/\/www.meydan.tv\/wp-content\/uploads\/26366.jpg","width":500,"height":500,"caption":"Source:"},{"@type":"BreadcrumbList","@id":"https:\/\/www.meydan.tv\/az\/article\/may-meydaninin-analari\/#breadcrumb","itemListElement":[{"@type":"ListItem","position":1,"name":"Ana s\u0259hif\u0259","item":"https:\/\/www.meydan.tv\/az\/"},{"@type":"ListItem","position":2,"name":"M\u0259nim Fikrimc\u0259","item":"https:\/\/www.meydan.tv\/az\/section\/menim-fikrimce\/"},{"@type":"ListItem","position":3,"name":"May meydan\u0131n\u0131n analar\u0131"}]},{"@type":"WebSite","@id":"https:\/\/www.meydan.tv\/az\/#website","url":"https:\/\/www.meydan.tv\/az\/","name":"MEYDAN.TV","description":"Meydan TV Az\u0259rbaycan\u0131n media m\u0259kan\u0131ndak\u0131 alternativ s\u0259sidir","publisher":{"@id":"https:\/\/www.meydan.tv\/az\/#organization"},"potentialAction":[{"@type":"SearchAction","target":{"@type":"EntryPoint","urlTemplate":"https:\/\/www.meydan.tv\/az\/?s={search_term_string}"},"query-input":{"@type":"PropertyValueSpecification","valueRequired":true,"valueName":"search_term_string"}}],"inLanguage":"az"},{"@type":"Organization","@id":"https:\/\/www.meydan.tv\/az\/#organization","name":"Meydan TV","url":"https:\/\/www.meydan.tv\/az\/","logo":{"@type":"ImageObject","inLanguage":"az","@id":"https:\/\/www.meydan.tv\/az\/#\/schema\/logo\/image\/","url":"https:\/\/www.meydan.tv\/wp-content\/uploads\/2021\/07\/meydan-logo.svg","contentUrl":"https:\/\/www.meydan.tv\/wp-content\/uploads\/2021\/07\/meydan-logo.svg","width":195,"height":46,"caption":"Meydan TV"},"image":{"@id":"https:\/\/www.meydan.tv\/az\/#\/schema\/logo\/image\/"}},{"@type":"Person","@id":"https:\/\/www.meydan.tv\/az\/#\/schema\/person\/10d11eccf6da3662cf5fdab9806ea91a","name":"user-manager"}]}},"_links":{"self":[{"href":"https:\/\/www.meydan.tv\/az\/wp-json\/wp\/v2\/posts\/179696","targetHints":{"allow":["GET"]}}],"collection":[{"href":"https:\/\/www.meydan.tv\/az\/wp-json\/wp\/v2\/posts"}],"about":[{"href":"https:\/\/www.meydan.tv\/az\/wp-json\/wp\/v2\/types\/post"}],"author":[{"embeddable":true,"href":"https:\/\/www.meydan.tv\/az\/wp-json\/wp\/v2\/users\/11"}],"replies":[{"embeddable":true,"href":"https:\/\/www.meydan.tv\/az\/wp-json\/wp\/v2\/comments?post=179696"}],"version-history":[{"count":0,"href":"https:\/\/www.meydan.tv\/az\/wp-json\/wp\/v2\/posts\/179696\/revisions"}],"wp:featuredmedia":[{"embeddable":true,"href":"https:\/\/www.meydan.tv\/az\/wp-json\/wp\/v2\/media\/68925"}],"wp:attachment":[{"href":"https:\/\/www.meydan.tv\/az\/wp-json\/wp\/v2\/media?parent=179696"}],"wp:term":[{"taxonomy":"category","embeddable":true,"href":"https:\/\/www.meydan.tv\/az\/wp-json\/wp\/v2\/categories?post=179696"},{"taxonomy":"post_tag","embeddable":true,"href":"https:\/\/www.meydan.tv\/az\/wp-json\/wp\/v2\/tags?post=179696"}],"curies":[{"name":"wp","href":"https:\/\/api.w.org\/{rel}","templated":true}]}}