{"id":179675,"date":"2016-10-18T01:28:26","date_gmt":"2016-10-18T01:28:26","guid":{"rendered":"https:\/\/www.meydan.tv\/article\/nevaz-serifin-azerbaycana-status-kvo-seferi\/"},"modified":"2016-10-18T01:28:26","modified_gmt":"2016-10-18T01:28:26","slug":"nevaz-serifin-azerbaycana-status-kvo-seferi","status":"publish","type":"post","link":"https:\/\/www.meydan.tv\/az\/article\/nevaz-serifin-azerbaycana-status-kvo-seferi\/","title":{"rendered":"N\u0259vaz \u015e\u0259rifin Az\u0259rbaycana status-kvo s\u0259f\u0259ri"},"content":{"rendered":"<figure class=\"wp-block-image size-large\">\n  <img decoding=\"async\" src=\"https:\/\/www.meydan.tv\/az\/foto-turan-ia-11\/\" alt=\"foto Turan \u0130A\" class=\"wp-image-70625\"\/><figcaption>\n    foto Turan \u0130A<br \/>\n  <\/figcaption><\/figure>\n<figure class=\"wp-block-image size-large\">\n  <img decoding=\"async\" src=\"https:\/\/www.meydan.tv\/az\/foto-turan-ia-11\/\" alt=\"foto Turan \u0130A\" class=\"wp-image-70625\"\/><figcaption>\n    foto Turan \u0130A<br \/>\n  <\/figcaption><\/figure>\n<p>\n  <i><br \/>\n    \u00d6lk\u0259si v\u0259 \u00f6z\u00fc m\u00fcst\u0259qilliyi y\u00fcks\u0259k qiym\u0259tl\u0259ndir\u0259n ba\u015f nazir bilmirdi ki, Az\u0259rbaycanda prezidentin s\u0259r\u0259ncam\u0131 il\u0259 M\u00fcst\u0259qillik Bayram\u0131n\u0131n \u0259h\u0259miyy\u0259ti adi i\u015f g\u00fcn\u00fcn\u0259 q\u0259d\u0259r ki\u00e7ildilib v\u0259 el\u0259 b\u00f6y\u00fck \u0259h\u0259miyy\u0259t k\u0259sb etmir<br \/>\n  <\/i>\n<\/p>\n<p>\n  N\u0259vaz \u015e\u0259rifin Az\u0259rbaycana s\u0259f\u0259ri Az\u0259rbaycan-Pakistan m\u00fcnasib\u0259tl\u0259rin\u0259 he\u00e7 bir yenilik g\u0259tirm\u0259di, baxmayaraq ki, b\u0259zi real raz\u0131la\u015fmalar olaca\u011f\u0131 v\u0259 ilk n\u00f6vb\u0259d\u0259, m\u00fcdafi\u0259 s\u0259nayesi naziri Yav\u0259r Camalovun anons etdiyi silah al\u0131\u015f\u0131 sah\u0259sind\u0259 raz\u0131la\u015fma \u0259ld\u0259 edil\u0259c\u0259yi g\u00f6zl\u0259nilirdi.\n<\/p>\n<p>\n  Yerevanda paradda \u201c\u0130sg\u0259nd\u0259r\u201d \u0259m\u0259liyyat-taktiki raketl\u0259rinin n\u00fcmayi\u015find\u0259n sonra r\u0259smi Bak\u0131 xaricd\u0259n, x\u00fcsus\u0259n Pakistandan bu rus silahlar\u0131n\u0131n analoqlar\u0131n\u0131 alma\u011fa haz\u0131r oldu\u011fu haqq\u0131nda bir ne\u00e7\u0259 s\u0259s-s\u0259da do\u011furan b\u0259yanat verdi. Amma Bak\u0131da Pakistan silahlar\u0131n\u0131n al\u0131nmas\u0131 haqq\u0131nda he\u00e7 bir sazi\u015f imzalanmad\u0131, baxmayaraq ki, prezident \u0130lham \u018fliyev ba\u015f nazir \u015e\u0259rifi q\u0259bul ed\u0259rk\u0259n iki \u00f6lk\u0259 aras\u0131nda m\u00fcdafi\u0259 sah\u0259sind\u0259 g\u0259l\u0259c\u0259k \u0259m\u0259kda\u015fl\u0131q haqq\u0131nda dan\u0131\u015f\u0131b.\n<\/p>\n<p>\n  Bir ne\u00e7\u0259 s\u0259b\u0259bd\u0259n Az\u0259rbaycan\u0131n haz\u0131rki m\u0259rh\u0259l\u0259d\u0259 Pakistandan silah alaca\u011f\u0131 ehtimal\u0131 ki\u00e7ikdir. Birincisi, bu c\u00fcr b\u0259yanatlar \u00f6t\u0259n ill\u0259rd\u0259 d\u0259 s\u0259sl\u0259nib, i\u015f bundan o t\u0259r\u0259f\u0259 ke\u00e7m\u0259yib. \u0130kincisi, Palistan k\u00f6hn\u0259 model silahlar\u0131 v\u0259 \u0259sas\u0259n, nou-xau olmayan \u00e7in texnologiyalar\u0131 il\u0259 istehsal edir. Bel\u0259 olan halda Bak\u0131n\u0131n, h\u0259qiq\u0259t\u0259n silah almaqda maraql\u0131d\u0131rsa, t\u0259klifl\u0259 \u00c7in silah bazar\u0131na \u00e7\u0131xmas\u0131 daha asand\u0131r. \u00dc\u00e7\u00fcnc\u00fcs\u00fc, iqtisadi b\u00f6hran v\u0259 m\u00fcdafi\u0259 x\u0259rcl\u0259rinin \u00fc\u00e7 d\u0259f\u0259 azalmas\u0131 \u015f\u0259raiti silah al\u0131nmas\u0131 \u00fc\u00e7\u00fcn o q\u0259d\u0259r d\u0259 m\u00fcnasib zaman deyil. D\u00f6rd\u00fcnc\u00fcs\u00fcn, Az\u0259rbaycan m\u00fcnt\u0259z\u0259m olaraq bu q\u0259rarlar\u0131 zorla q\u0259bul etdir\u0259n Rusiyadan, h\u0259m\u00e7inin qism\u0259n \u0130srail v\u0259 T\u00fcrkiy\u0259d\u0259n silah alma\u011fa m\u0259hkumdur\n<\/p>\n<p>\n  Az\u0259rbaycan-Pakistan m\u00fcnasib\u0259tl\u0259rinin tarixind\u0259n g\u00f6r\u00fcnd\u00fcy\u00fc kimi, bu m\u00fcnasib\u0259tl\u0259r \u0259sas\u0259n beyn\u0259lxalq t\u0259\u015fkilatlar \u00e7\u0259r\u00e7iv\u0259sind\u0259 qar\u015f\u0131l\u0131ql\u0131 maraq do\u011furan m\u0259s\u0259l\u0259l\u0259r \u00fczr\u0259 \u0259m\u0259kda\u015fl\u0131\u011fa y\u00f6n\u0259lib. T\u0259r\u0259fl\u0259rin nizamlanmam\u0131\u015f m\u00fcnaqi\u015f\u0259l\u0259rd\u0259 &#8211; K\u0259\u015fmir v\u0259 Qaraba\u011f m\u00fcnaqi\u015f\u0259l\u0259rind\u0259 bir-birini d\u0259st\u0259kl\u0259m\u0259si bu m\u0259s\u0259l\u0259l\u0259r\u0259 aiddir. H\u0259r iki t\u0259r\u0259f m\u00fcnaqi\u015f\u0259l\u0259rin BMT-nin q\u0259tnam\u0259l\u0259ri \u0259sas\u0131nda h\u0259llind\u0259 israr edir. BMT-nin K\u0259\u015fmirl\u0259 ba\u011fl\u0131 q\u0259tnam\u0259l\u0259ri \u0259halisinin 70%-d\u0259n \u00e7oxu m\u00fcs\u0259lman olan K\u0259\u015fmird\u0259 plebisit ke\u00e7irilm\u0259sini, Qaraba\u011f \u00fczr\u0259 q\u0259tnam\u0259l\u0259ri is\u0259 m\u0259s\u0259l\u0259nin Az\u0259rbaycan\u0131n \u0259razi b\u00fct\u00f6vl\u00fcy\u00fc \u00e7\u0259r\u00e7iv\u0259sind\u0259 h\u0259llini n\u0259z\u0259rd\u0259 tutur. H\u0259m\u00e7inin beyn\u0259lxalq terrorizm\u0259 qar\u015f\u0131 m\u00fcbariz\u0259 sah\u0259sind\u0259 v\u0259 t\u0259hl\u00fck\u0259sizlik v\u0259 xarici siyas\u0259t sah\u0259sind\u0259 dig\u0259r m\u0259s\u0259l\u0259l\u0259r \u00fczr\u0259 qar\u015f\u0131l\u0131ql\u0131 \u0259m\u0259kda\u015fl\u0131q var.\n<\/p>\n<p>\n  1991-ci ild\u0259 diplomatik m\u00fcnasib\u0259tl\u0259rin quruldu\u011fu ilk andan etibar\u0259n r\u0259smi b\u0259yanatlara baxmayaraq, ki, Pakistan T\u00fcrkiy\u0259d\u0259n sonra Az\u0259rbaycan\u0131n m\u00fcst\u0259qilliyini tan\u0131yan ikinci d\u00f6vl\u0259t olub, t\u0259r\u0259fl\u0259r iqtisadi, ticari v\u0259 dig\u0259r m\u00fch\u00fcm sah\u0259l\u0259rd\u0259ki \u0259laq\u0259l\u0259rd\u0259 bir add\u0131m da ir\u0259lil\u0259m\u0259yib. Son ill\u0259r iki \u00f6lk\u0259 aras\u0131nda ticar\u0259t d\u00f6vriyy\u0259si 3 mln. dollar s\u0259viyy\u0259sind\u0259dir v\u0259 strateji t\u0259r\u0259fda\u015fl\u0131q v\u0259 dostluq haqq\u0131nda siyasi b\u0259yanatlarla he\u00e7 c\u00fcr bir araya s\u0131\u011fm\u0131r.\n<\/p>\n<p>\n  \u0130kit\u0259r\u0259fli m\u00fcnasib\u0259tl\u0259rd\u0259 status-kvonu vur\u011fulamaq m\u0259qs\u0259dil\u0259 ba\u015f tutan s\u0259f\u0259rin protokol xarakterli oldu\u011funu s\u0259f\u0259r zaman\u0131 he\u00e7 bir ikit\u0259r\u0259fli s\u0259n\u0259din imzalanmamas\u0131 fakt\u0131 da g\u00f6st\u0259rir.\n<\/p>\n<p>\n  Bu s\u0259f\u0259rd\u0259 diqq\u0259t \u00e7\u0259k\u0259n yegan\u0259 anla\u015f\u0131lmaz fakt kimi geni\u015f t\u0259rkibli g\u00f6r\u00fc\u015fd\u0259 N\u0259vaz \u015e\u0259rifin i\u015fl\u0259tdiyi ifad\u0259ni g\u00f6st\u0259rm\u0259k olar: \u201c\u0130lk n\u00f6vb\u0259d\u0259 icaz\u0259 verin, Siz\u0259 v\u0259 Az\u0259rbaycan xalq\u0131na 18 Oktyabr \u2013 Milli bayram\u0131n\u0131z m\u00fcnasib\u0259til\u0259 \u0259n xo\u015f dil\u0259kl\u0259rimi \u00e7atd\u0131r\u0131m\u201d. \u00d6lk\u0259si v\u0259 \u00f6z\u00fc m\u00fcst\u0259qilliyi y\u00fcks\u0259k qiym\u0259tl\u0259ndir\u0259n ba\u015f nazir bilmirdi ki, Az\u0259rbaycanda prezidentin s\u0259r\u0259ncam\u0131 il\u0259 M\u00fcst\u0259qillik Bayram\u0131n\u0131n \u0259h\u0259miyy\u0259ti adi i\u015f g\u00fcn\u00fcn\u0259 q\u0259d\u0259r ki\u00e7ildilib v\u0259 el\u0259 b\u00f6y\u00fck \u0259h\u0259miyy\u0259t k\u0259sb etmir. \u00c7ox g\u00fcman ki, ikit\u0259r\u0259fli m\u00fcnasib\u0259tl\u0259rd\u0259 bax\u0131\u015flar\u0131n v\u0259 d\u0259y\u0259rl\u0259rin bir-birind\u0259n f\u0259rql\u0259ndiyi m\u0259s\u0259l\u0259l\u0259rd\u0259n biri el\u0259 budur.<\/p>\n","protected":false},"excerpt":{"rendered":"<p>\u00d6lk\u0259si v\u0259 \u00f6z\u00fc m\u00fcst\u0259qilliyi y\u00fcks\u0259k qiym\u0259tl\u0259ndir\u0259n ba\u015f nazir bilmirdi ki, Az\u0259rbaycanda prezidentin s\u0259r\u0259ncam\u0131 il\u0259 M\u00fcst\u0259qillik Bayram\u0131n\u0131n \u0259h\u0259miyy\u0259ti adi i\u015f g\u00fcn\u00fcn\u0259 q\u0259d\u0259r ki\u00e7ildilib v\u0259 el\u0259 b\u00f6y\u00fck \u0259h\u0259miyy\u0259t k\u0259sb etmir<\/p>\n","protected":false},"author":11,"featured_media":70625,"comment_status":"closed","ping_status":"open","sticky":false,"template":"","format":"standard","meta":{"_acf_changed":false,"_sitemap_exclude":false,"_sitemap_priority":"","_sitemap_frequency":"","footnotes":""},"categories":[51],"tags":[],"class_list":["post-179675","post","type-post","status-publish","format-standard","has-post-thumbnail","hentry","category-analitika","infinite-scroll-item","generate-columns","tablet-grid-50","mobile-grid-100","grid-parent","grid-33","no-featured-image-padding"],"acf":[],"yoast_head":"<!-- This site is optimized with the Yoast SEO plugin v27.5 - https:\/\/yoast.com\/product\/yoast-seo-wordpress\/ -->\n<title>N\u0259vaz \u015e\u0259rifin Az\u0259rbaycana status-kvo s\u0259f\u0259ri - MEYDAN.TV<\/title>\n<meta name=\"robots\" content=\"index, follow, max-snippet:-1, max-image-preview:large, max-video-preview:-1\" \/>\n<link rel=\"canonical\" href=\"https:\/\/www.meydan.tv\/az\/article\/nevaz-serifin-azerbaycana-status-kvo-seferi\/\" \/>\n<meta property=\"og:locale\" content=\"az_AZ\" \/>\n<meta property=\"og:type\" content=\"article\" \/>\n<meta property=\"og:title\" content=\"N\u0259vaz \u015e\u0259rifin Az\u0259rbaycana status-kvo s\u0259f\u0259ri - MEYDAN.TV\" \/>\n<meta property=\"og:description\" content=\"\u00d6lk\u0259si v\u0259 \u00f6z\u00fc m\u00fcst\u0259qilliyi y\u00fcks\u0259k qiym\u0259tl\u0259ndir\u0259n ba\u015f nazir bilmirdi ki, Az\u0259rbaycanda prezidentin s\u0259r\u0259ncam\u0131 il\u0259 M\u00fcst\u0259qillik Bayram\u0131n\u0131n \u0259h\u0259miyy\u0259ti adi i\u015f g\u00fcn\u00fcn\u0259 q\u0259d\u0259r ki\u00e7ildilib v\u0259 el\u0259 b\u00f6y\u00fck \u0259h\u0259miyy\u0259t k\u0259sb etmir\" \/>\n<meta property=\"og:url\" content=\"https:\/\/www.meydan.tv\/az\/article\/nevaz-serifin-azerbaycana-status-kvo-seferi\/\" \/>\n<meta property=\"og:site_name\" content=\"MEYDAN.TV\" \/>\n<meta property=\"article:published_time\" content=\"2016-10-18T01:28:26+00:00\" \/>\n<meta property=\"og:image\" content=\"https:\/\/www.meydan.tv\/wp-content\/uploads\/27027.jpg\" \/>\n\t<meta property=\"og:image:width\" content=\"434\" \/>\n\t<meta property=\"og:image:height\" content=\"400\" \/>\n\t<meta property=\"og:image:type\" content=\"image\/jpeg\" \/>\n<meta name=\"author\" content=\"user-manager\" \/>\n<meta name=\"twitter:card\" content=\"summary_large_image\" \/>\n<script type=\"application\/ld+json\" class=\"yoast-schema-graph\">{\"@context\":\"https:\\\/\\\/schema.org\",\"@graph\":[{\"@type\":\"Article\",\"@id\":\"https:\\\/\\\/www.meydan.tv\\\/az\\\/article\\\/nevaz-serifin-azerbaycana-status-kvo-seferi\\\/#article\",\"isPartOf\":{\"@id\":\"https:\\\/\\\/www.meydan.tv\\\/az\\\/article\\\/nevaz-serifin-azerbaycana-status-kvo-seferi\\\/\"},\"author\":{\"name\":\"user-manager\",\"@id\":\"https:\\\/\\\/www.meydan.tv\\\/az\\\/#\\\/schema\\\/person\\\/10d11eccf6da3662cf5fdab9806ea91a\"},\"headline\":\"N\u0259vaz \u015e\u0259rifin Az\u0259rbaycana status-kvo s\u0259f\u0259ri\",\"datePublished\":\"2016-10-18T01:28:26+00:00\",\"mainEntityOfPage\":{\"@id\":\"https:\\\/\\\/www.meydan.tv\\\/az\\\/article\\\/nevaz-serifin-azerbaycana-status-kvo-seferi\\\/\"},\"wordCount\":854,\"publisher\":{\"@id\":\"https:\\\/\\\/www.meydan.tv\\\/az\\\/#organization\"},\"image\":{\"@id\":\"https:\\\/\\\/www.meydan.tv\\\/az\\\/article\\\/nevaz-serifin-azerbaycana-status-kvo-seferi\\\/#primaryimage\"},\"thumbnailUrl\":\"https:\\\/\\\/www.meydan.tv\\\/wp-content\\\/uploads\\\/27027.jpg\",\"articleSection\":[\"Analitika\"],\"inLanguage\":\"az\"},{\"@type\":\"WebPage\",\"@id\":\"https:\\\/\\\/www.meydan.tv\\\/az\\\/article\\\/nevaz-serifin-azerbaycana-status-kvo-seferi\\\/\",\"url\":\"https:\\\/\\\/www.meydan.tv\\\/az\\\/article\\\/nevaz-serifin-azerbaycana-status-kvo-seferi\\\/\",\"name\":\"N\u0259vaz \u015e\u0259rifin Az\u0259rbaycana status-kvo s\u0259f\u0259ri - MEYDAN.TV\",\"isPartOf\":{\"@id\":\"https:\\\/\\\/www.meydan.tv\\\/az\\\/#website\"},\"primaryImageOfPage\":{\"@id\":\"https:\\\/\\\/www.meydan.tv\\\/az\\\/article\\\/nevaz-serifin-azerbaycana-status-kvo-seferi\\\/#primaryimage\"},\"image\":{\"@id\":\"https:\\\/\\\/www.meydan.tv\\\/az\\\/article\\\/nevaz-serifin-azerbaycana-status-kvo-seferi\\\/#primaryimage\"},\"thumbnailUrl\":\"https:\\\/\\\/www.meydan.tv\\\/wp-content\\\/uploads\\\/27027.jpg\",\"datePublished\":\"2016-10-18T01:28:26+00:00\",\"breadcrumb\":{\"@id\":\"https:\\\/\\\/www.meydan.tv\\\/az\\\/article\\\/nevaz-serifin-azerbaycana-status-kvo-seferi\\\/#breadcrumb\"},\"inLanguage\":\"az\",\"potentialAction\":[{\"@type\":\"ReadAction\",\"target\":[\"https:\\\/\\\/www.meydan.tv\\\/az\\\/article\\\/nevaz-serifin-azerbaycana-status-kvo-seferi\\\/\"]}]},{\"@type\":\"ImageObject\",\"inLanguage\":\"az\",\"@id\":\"https:\\\/\\\/www.meydan.tv\\\/az\\\/article\\\/nevaz-serifin-azerbaycana-status-kvo-seferi\\\/#primaryimage\",\"url\":\"https:\\\/\\\/www.meydan.tv\\\/wp-content\\\/uploads\\\/27027.jpg\",\"contentUrl\":\"https:\\\/\\\/www.meydan.tv\\\/wp-content\\\/uploads\\\/27027.jpg\",\"width\":434,\"height\":400,\"caption\":\"Source:\"},{\"@type\":\"BreadcrumbList\",\"@id\":\"https:\\\/\\\/www.meydan.tv\\\/az\\\/article\\\/nevaz-serifin-azerbaycana-status-kvo-seferi\\\/#breadcrumb\",\"itemListElement\":[{\"@type\":\"ListItem\",\"position\":1,\"name\":\"Ana s\u0259hif\u0259\",\"item\":\"https:\\\/\\\/www.meydan.tv\\\/az\\\/\"},{\"@type\":\"ListItem\",\"position\":2,\"name\":\"Analitika\",\"item\":\"https:\\\/\\\/www.meydan.tv\\\/az\\\/section\\\/analitika\\\/\"},{\"@type\":\"ListItem\",\"position\":3,\"name\":\"N\u0259vaz \u015e\u0259rifin Az\u0259rbaycana status-kvo s\u0259f\u0259ri\"}]},{\"@type\":\"WebSite\",\"@id\":\"https:\\\/\\\/www.meydan.tv\\\/az\\\/#website\",\"url\":\"https:\\\/\\\/www.meydan.tv\\\/az\\\/\",\"name\":\"MEYDAN.TV\",\"description\":\"Meydan TV Az\u0259rbaycan\u0131n media m\u0259kan\u0131ndak\u0131 alternativ s\u0259sidir\",\"publisher\":{\"@id\":\"https:\\\/\\\/www.meydan.tv\\\/az\\\/#organization\"},\"potentialAction\":[{\"@type\":\"SearchAction\",\"target\":{\"@type\":\"EntryPoint\",\"urlTemplate\":\"https:\\\/\\\/www.meydan.tv\\\/az\\\/?s={search_term_string}\"},\"query-input\":{\"@type\":\"PropertyValueSpecification\",\"valueRequired\":true,\"valueName\":\"search_term_string\"}}],\"inLanguage\":\"az\"},{\"@type\":\"Organization\",\"@id\":\"https:\\\/\\\/www.meydan.tv\\\/az\\\/#organization\",\"name\":\"Meydan TV\",\"url\":\"https:\\\/\\\/www.meydan.tv\\\/az\\\/\",\"logo\":{\"@type\":\"ImageObject\",\"inLanguage\":\"az\",\"@id\":\"https:\\\/\\\/www.meydan.tv\\\/az\\\/#\\\/schema\\\/logo\\\/image\\\/\",\"url\":\"https:\\\/\\\/www.meydan.tv\\\/wp-content\\\/uploads\\\/2021\\\/07\\\/meydan-logo.svg\",\"contentUrl\":\"https:\\\/\\\/www.meydan.tv\\\/wp-content\\\/uploads\\\/2021\\\/07\\\/meydan-logo.svg\",\"width\":195,\"height\":46,\"caption\":\"Meydan TV\"},\"image\":{\"@id\":\"https:\\\/\\\/www.meydan.tv\\\/az\\\/#\\\/schema\\\/logo\\\/image\\\/\"}},{\"@type\":\"Person\",\"@id\":\"https:\\\/\\\/www.meydan.tv\\\/az\\\/#\\\/schema\\\/person\\\/10d11eccf6da3662cf5fdab9806ea91a\",\"name\":\"user-manager\"}]}<\/script>\n<!-- \/ Yoast SEO plugin. -->","yoast_head_json":{"title":"N\u0259vaz \u015e\u0259rifin Az\u0259rbaycana status-kvo s\u0259f\u0259ri - MEYDAN.TV","robots":{"index":"index","follow":"follow","max-snippet":"max-snippet:-1","max-image-preview":"max-image-preview:large","max-video-preview":"max-video-preview:-1"},"canonical":"https:\/\/www.meydan.tv\/az\/article\/nevaz-serifin-azerbaycana-status-kvo-seferi\/","og_locale":"az_AZ","og_type":"article","og_title":"N\u0259vaz \u015e\u0259rifin Az\u0259rbaycana status-kvo s\u0259f\u0259ri - MEYDAN.TV","og_description":"\u00d6lk\u0259si v\u0259 \u00f6z\u00fc m\u00fcst\u0259qilliyi y\u00fcks\u0259k qiym\u0259tl\u0259ndir\u0259n ba\u015f nazir bilmirdi ki, Az\u0259rbaycanda prezidentin s\u0259r\u0259ncam\u0131 il\u0259 M\u00fcst\u0259qillik Bayram\u0131n\u0131n \u0259h\u0259miyy\u0259ti adi i\u015f g\u00fcn\u00fcn\u0259 q\u0259d\u0259r ki\u00e7ildilib v\u0259 el\u0259 b\u00f6y\u00fck \u0259h\u0259miyy\u0259t k\u0259sb etmir","og_url":"https:\/\/www.meydan.tv\/az\/article\/nevaz-serifin-azerbaycana-status-kvo-seferi\/","og_site_name":"MEYDAN.TV","article_published_time":"2016-10-18T01:28:26+00:00","og_image":[{"width":434,"height":400,"url":"https:\/\/www.meydan.tv\/wp-content\/uploads\/27027.jpg","type":"image\/jpeg"}],"author":"user-manager","twitter_card":"summary_large_image","schema":{"@context":"https:\/\/schema.org","@graph":[{"@type":"Article","@id":"https:\/\/www.meydan.tv\/az\/article\/nevaz-serifin-azerbaycana-status-kvo-seferi\/#article","isPartOf":{"@id":"https:\/\/www.meydan.tv\/az\/article\/nevaz-serifin-azerbaycana-status-kvo-seferi\/"},"author":{"name":"user-manager","@id":"https:\/\/www.meydan.tv\/az\/#\/schema\/person\/10d11eccf6da3662cf5fdab9806ea91a"},"headline":"N\u0259vaz \u015e\u0259rifin Az\u0259rbaycana status-kvo s\u0259f\u0259ri","datePublished":"2016-10-18T01:28:26+00:00","mainEntityOfPage":{"@id":"https:\/\/www.meydan.tv\/az\/article\/nevaz-serifin-azerbaycana-status-kvo-seferi\/"},"wordCount":854,"publisher":{"@id":"https:\/\/www.meydan.tv\/az\/#organization"},"image":{"@id":"https:\/\/www.meydan.tv\/az\/article\/nevaz-serifin-azerbaycana-status-kvo-seferi\/#primaryimage"},"thumbnailUrl":"https:\/\/www.meydan.tv\/wp-content\/uploads\/27027.jpg","articleSection":["Analitika"],"inLanguage":"az"},{"@type":"WebPage","@id":"https:\/\/www.meydan.tv\/az\/article\/nevaz-serifin-azerbaycana-status-kvo-seferi\/","url":"https:\/\/www.meydan.tv\/az\/article\/nevaz-serifin-azerbaycana-status-kvo-seferi\/","name":"N\u0259vaz \u015e\u0259rifin Az\u0259rbaycana status-kvo s\u0259f\u0259ri - MEYDAN.TV","isPartOf":{"@id":"https:\/\/www.meydan.tv\/az\/#website"},"primaryImageOfPage":{"@id":"https:\/\/www.meydan.tv\/az\/article\/nevaz-serifin-azerbaycana-status-kvo-seferi\/#primaryimage"},"image":{"@id":"https:\/\/www.meydan.tv\/az\/article\/nevaz-serifin-azerbaycana-status-kvo-seferi\/#primaryimage"},"thumbnailUrl":"https:\/\/www.meydan.tv\/wp-content\/uploads\/27027.jpg","datePublished":"2016-10-18T01:28:26+00:00","breadcrumb":{"@id":"https:\/\/www.meydan.tv\/az\/article\/nevaz-serifin-azerbaycana-status-kvo-seferi\/#breadcrumb"},"inLanguage":"az","potentialAction":[{"@type":"ReadAction","target":["https:\/\/www.meydan.tv\/az\/article\/nevaz-serifin-azerbaycana-status-kvo-seferi\/"]}]},{"@type":"ImageObject","inLanguage":"az","@id":"https:\/\/www.meydan.tv\/az\/article\/nevaz-serifin-azerbaycana-status-kvo-seferi\/#primaryimage","url":"https:\/\/www.meydan.tv\/wp-content\/uploads\/27027.jpg","contentUrl":"https:\/\/www.meydan.tv\/wp-content\/uploads\/27027.jpg","width":434,"height":400,"caption":"Source:"},{"@type":"BreadcrumbList","@id":"https:\/\/www.meydan.tv\/az\/article\/nevaz-serifin-azerbaycana-status-kvo-seferi\/#breadcrumb","itemListElement":[{"@type":"ListItem","position":1,"name":"Ana s\u0259hif\u0259","item":"https:\/\/www.meydan.tv\/az\/"},{"@type":"ListItem","position":2,"name":"Analitika","item":"https:\/\/www.meydan.tv\/az\/section\/analitika\/"},{"@type":"ListItem","position":3,"name":"N\u0259vaz \u015e\u0259rifin Az\u0259rbaycana status-kvo s\u0259f\u0259ri"}]},{"@type":"WebSite","@id":"https:\/\/www.meydan.tv\/az\/#website","url":"https:\/\/www.meydan.tv\/az\/","name":"MEYDAN.TV","description":"Meydan TV Az\u0259rbaycan\u0131n media m\u0259kan\u0131ndak\u0131 alternativ s\u0259sidir","publisher":{"@id":"https:\/\/www.meydan.tv\/az\/#organization"},"potentialAction":[{"@type":"SearchAction","target":{"@type":"EntryPoint","urlTemplate":"https:\/\/www.meydan.tv\/az\/?s={search_term_string}"},"query-input":{"@type":"PropertyValueSpecification","valueRequired":true,"valueName":"search_term_string"}}],"inLanguage":"az"},{"@type":"Organization","@id":"https:\/\/www.meydan.tv\/az\/#organization","name":"Meydan TV","url":"https:\/\/www.meydan.tv\/az\/","logo":{"@type":"ImageObject","inLanguage":"az","@id":"https:\/\/www.meydan.tv\/az\/#\/schema\/logo\/image\/","url":"https:\/\/www.meydan.tv\/wp-content\/uploads\/2021\/07\/meydan-logo.svg","contentUrl":"https:\/\/www.meydan.tv\/wp-content\/uploads\/2021\/07\/meydan-logo.svg","width":195,"height":46,"caption":"Meydan TV"},"image":{"@id":"https:\/\/www.meydan.tv\/az\/#\/schema\/logo\/image\/"}},{"@type":"Person","@id":"https:\/\/www.meydan.tv\/az\/#\/schema\/person\/10d11eccf6da3662cf5fdab9806ea91a","name":"user-manager"}]}},"_links":{"self":[{"href":"https:\/\/www.meydan.tv\/az\/wp-json\/wp\/v2\/posts\/179675","targetHints":{"allow":["GET"]}}],"collection":[{"href":"https:\/\/www.meydan.tv\/az\/wp-json\/wp\/v2\/posts"}],"about":[{"href":"https:\/\/www.meydan.tv\/az\/wp-json\/wp\/v2\/types\/post"}],"author":[{"embeddable":true,"href":"https:\/\/www.meydan.tv\/az\/wp-json\/wp\/v2\/users\/11"}],"replies":[{"embeddable":true,"href":"https:\/\/www.meydan.tv\/az\/wp-json\/wp\/v2\/comments?post=179675"}],"version-history":[{"count":0,"href":"https:\/\/www.meydan.tv\/az\/wp-json\/wp\/v2\/posts\/179675\/revisions"}],"wp:featuredmedia":[{"embeddable":true,"href":"https:\/\/www.meydan.tv\/az\/wp-json\/wp\/v2\/media\/70625"}],"wp:attachment":[{"href":"https:\/\/www.meydan.tv\/az\/wp-json\/wp\/v2\/media?parent=179675"}],"wp:term":[{"taxonomy":"category","embeddable":true,"href":"https:\/\/www.meydan.tv\/az\/wp-json\/wp\/v2\/categories?post=179675"},{"taxonomy":"post_tag","embeddable":true,"href":"https:\/\/www.meydan.tv\/az\/wp-json\/wp\/v2\/tags?post=179675"}],"curies":[{"name":"wp","href":"https:\/\/api.w.org\/{rel}","templated":true}]}}