{"id":179649,"date":"2016-10-17T15:04:55","date_gmt":"2016-10-17T15:04:55","guid":{"rendered":"https:\/\/www.meydan.tv\/article\/vahid-meherremov-hokumet-nezerde-tutdugu-kimi-mehsul-elde-ede-bilmeyecek\/"},"modified":"2016-10-17T15:04:55","modified_gmt":"2016-10-17T15:04:55","slug":"vahid-meherremov-hokumet-nezerde-tutdugu-kimi-mehsul-elde-ede-bilmeyecek","status":"publish","type":"post","link":"https:\/\/www.meydan.tv\/az\/article\/vahid-meherremov-hokumet-nezerde-tutdugu-kimi-mehsul-elde-ede-bilmeyecek\/","title":{"rendered":"Vahid M\u0259h\u0259rr\u0259mov: H\u00f6kum\u0259t n\u0259z\u0259rd\u0259 tutdu\u011fu kimi m\u0259hsul \u0259ld\u0259 ed\u0259 bilm\u0259y\u0259c\u0259k"},"content":{"rendered":"<figure class=\"wp-block-image size-large\">\n  <img decoding=\"async\" src=\"https:\/\/www.meydan.tv\/az\/70522\/\" alt=\"\" class=\"wp-image-70522\"\/><figcaption><\/figcaption><\/figure>\n<p>\n  <i><br \/>\n    Cavad Cavadov: &#8221;Pamb\u0131q tarlalar\u0131nda i\u015f\u0259 c\u0259lb olunan v\u0259 \u0259v\u0259zi \u00f6d\u0259nilm\u0259y\u0259n f\u0259aliyy\u0259t &#8221;K\u00f6n\u00fcll\u00fc f\u0259aliyy\u0259t&#8221; haqq\u0131nda Qanunun t\u0259l\u0259bl\u0259rin\u0259 zidd oldu\u011fundan k\u00f6n\u00fcll\u00fc f\u0259aliyy\u0259t hesab edilmir&#8221;<br \/>\n  <\/i>\n<\/p>\n<p>\n  \u201cHava \u015f\u0259raitinin ya\u011f\u0131\u015fl\u0131 ke\u00e7m\u0259si pamb\u0131q y\u0131\u011f\u0131m\u0131na m\u0259nfi t\u0259sirini g\u00f6st\u0259r\u0259c\u0259k. Bu, h\u0259m y\u0131\u011f\u0131mda, h\u0259m d\u0259 keyfiyy\u0259tli m\u0259hsul \u0259ld\u0259 etm\u0259kd\u0259 probleml\u0259r yaradacaq\u201d.\n<\/p>\n<p>\n  Bu bar\u0259d\u0259 k\u0259nd t\u0259s\u0259rr\u00fcfat\u0131 \u00fczr\u0259 m\u00fct\u0259x\u0259ssis Vahid M\u0259h\u0259rr\u0259mov Meydan TV-y\u0259 dan\u0131\u015fark\u0259n bildirib.\n<\/p>\n<p>\n  Onun s\u00f6zl\u0259rin\u0259 g\u00f6r\u0259, intensiv ya\u011f\u0131\u015flar pamb\u0131\u011f\u0131n y\u0131\u011f\u0131m m\u00fcdd\u0259tini uzad\u0131r, bu is\u0259 \u00f6z n\u00f6vb\u0259sind\u0259 m\u0259hsuldarl\u0131\u011fa v\u0259 m\u0259hsulun keyfiyy\u0259tin\u0259 m\u0259nfi t\u0259sir edir:\u201cM\u0259s\u0259l\u0259n, yeti\u015fm\u0259y\u0259n qozalar tam yeti\u015fmir, a\u00e7\u0131lm\u0131r. Ba\u015fqa t\u0259r\u0259fd\u0259n, art\u0131q yeti\u015fmi\u015f pamb\u0131\u011f\u0131n lifinin keyfiyy\u0259tin\u0259 m\u0259nfi t\u0259sir g\u00f6st\u0259rir. Pamb\u0131q ya\u011f\u0131\u015fl\u0131 v\u0259 n\u0259m havada y\u0131\u011f\u0131larsa, q\u0131sa m\u00fcdd\u0259td\u0259 intensiv qurudulmal\u0131d\u0131r, t\u0259\u0259ss\u00fcf ki, emal m\u00fc\u0259ssis\u0259l\u0259rind\u0259 el\u0259 \u015f\u0259rait yoxdur. Bel\u0259 halda, \u0259g\u0259r m\u00fcdd\u0259t uzan\u0131rsa, lifin keyfiyy\u0259ti pisl\u0259\u015fir. Halbuki, pamb\u0131q istehsal\u0131nda \u0259sas m\u0259qs\u0259d keyfiyy\u0259tli lif \u0259ld\u0259 etm\u0259kdir. \u018fks t\u0259qdird\u0259, mahlcdan keyfiyy\u0259tli par\u00e7a istehsal etm\u0259k m\u00fcmk\u00fcn olmad\u0131\u011f\u0131ndan bu c\u00fcr pamb\u0131q d\u00fcnya bazar\u0131nda t\u0259l\u0259b olunmur. Yaln\u0131z daxild\u0259 m\u0259i\u015f\u0259td\u0259 istifad\u0259 oluna bil\u0259r\u201d.\n<\/p>\n<\/p>\n<p>\n  <i><br \/>\n    \u00a0\u201cKeyfiyy\u0259tli m\u0259hsul \u0259ld\u0259 etm\u0259k \u00e7\u0259tin olacaq\u201d<br \/>\n  <\/i>\n<\/p>\n<p>\n  Vahid M\u0259h\u0259rr\u0259mov hesab edir ki, Az\u0259rbaycan\u0131n iqlim \u015f\u0259raitini n\u0259z\u0259r\u0259 almaqla ona uy\u011fun pamb\u0131q sortlar\u0131 yeti\u015fdirilm\u0259lidir. S\u00f6hb\u0259t tez yeti\u015f\u0259n pamb\u0131q sortlar\u0131ndan gedir, y\u0259ni sentyabr\u0131n sonuna q\u0259d\u0259r y\u0131\u011f\u0131m\u0131 tam ba\u015fa \u00e7atd\u0131rmaq m\u00fcmk\u00fcn olsun: \u201cArt\u0131q b\u0259zi rayonlardan ald\u0131\u011f\u0131m m\u0259lumatlara g\u00f6r\u0259 y\u0131\u011f\u0131m yeni il\u0259 q\u0259d\u0259r davam ed\u0259c\u0259k. B\u0259zi aran rayonlar\u0131nda hava bir o q\u0259d\u0259r d\u0259 ya\u011fmurlu olmasa da 3 ay \u0259rzind\u0259 y\u0131\u011f\u0131m\u0131 c\u0259mi 30 faiz h\u0259yata ke\u00e7ir\u0259 bilibl\u0259r, s\u00f6hb\u0259t avqust, sentyabr v\u0259 oktyabr aylar\u0131ndan gedir. Pay\u0131z aylar\u0131 oldu\u011fu \u00fc\u00e7\u00fcn ya\u011f\u0131\u015flar bundan sonra da davam ed\u0259c\u0259k, bu is\u0259 qalan m\u0259hsulun y\u0131\u011f\u0131m\u0131na v\u0259 keyfiyy\u0259tin\u0259 m\u0259nfi t\u0259sir ed\u0259c\u0259k. H\u00f6kum\u0259t n\u0259z\u0259rd\u0259 tutdu\u011fu q\u0259d\u0259r v\u0259 keyfiyy\u0259tli m\u0259hsul \u0259ld\u0259 olunaca\u011f\u0131n\u0131 d\u00fc\u015f\u00fcnm\u00fcr\u0259m. T\u0259\u0259ss\u00fcf ki, h\u00f6kum\u0259t bu sah\u0259y\u0259 bir kampaniya kimi yana\u015fd\u0131, i\u015f g\u00f6r\u00fcnt\u00fcs\u00fc yaratd\u0131, ona g\u00f6r\u0259 d\u0259 qar\u015f\u0131ya qoyduqlr\u0131 m\u0259qs\u0259din he\u00e7 yar\u0131s\u0131na da nail olacaqlar\u0131na inanm\u0131ram\u201d.\n<\/p>\n<p>\n  V.M\u0259h\u0259rr\u0259mov pamb\u0131q y\u0131\u011f\u0131m\u0131na h\u0259kiml\u0259ri, m\u00fc\u0259lliml\u0259ri, ASAN-Xidm\u0259t i\u015f\u00e7il\u0259rinin apar\u0131lmas\u0131n\u0131 bazar iqtisadiyyat\u0131 qaydalar\u0131na, qanunlar\u0131na v\u0259 h\u00fcquqa zidd oldu\u011funu bildirib: \u201cPamb\u0131q istehsal\u0131 il\u0259 m\u0259\u015f\u011ful olan fermer v\u0259 k\u0259ndli \u0259kin sah\u0259sini \u00f6z g\u00fcc\u00fcn\u0259 hesablay\u0131b m\u00fc\u0259yy\u0259n etm\u0259lidir. Bu c\u00fcr pamb\u0131q y\u0131\u011f\u0131m\u0131 onlar\u0131 t\u0259nb\u0259ll\u0259\u015fdir\u0259, arxay\u0131n sala bil\u0259r. \u0130kincisi, bu kompaniyada b\u0259zi sahibkarlara imkan yarad\u0131l\u0131r, yerli hakimiyy\u0259t\u0259 yax\u0131n olan sahibkarlar\u0131n t\u0259s\u0259rr\u00fcfatlar\u0131na k\u00f6m\u0259klik g\u00f6st\u0259rilir. Pamb\u0131q istehsal\u0131 il\u0259 s\u0259mimi m\u0259\u015f\u011ful olanlara yox, bel\u0259 halda\u00a0 r\u0259qab\u0259t m\u00fchiti pozulur. Bel\u0259 olan halda, bu i\u015fl\u0259 ciddi m\u0259\u015f\u011ful olan sahibkarlar s\u0131radan \u00e7\u0131xar. N\u0259hay\u0259t, b\u00fcdc\u0259 t\u0259\u015fkilatlar\u0131n\u0131 y\u0131\u011f\u0131ma c\u0259lb etm\u0259k y\u0131\u011f\u0131m\u0131n keyfiyy\u0259tin\u0259 t\u0259sir ed\u0259c\u0259k. Pamb\u0131\u011f\u0131 y\u0131\u011fanlar da pe\u015f\u0259karlar olmal\u0131d\u0131r. Bu i\u015f\u0259 c\u0259lb olunan m\u00fc\u0259lliml\u0259r, m\u0259kt\u0259blil\u0259r i\u015f\u0259 ba\u015fdansovdu yana\u015f\u0131r, itkiy\u0259 yol verir, yeti\u015fm\u0259mi\u015f pamb\u0131\u011f\u0131 y\u0131\u011f\u0131rlar v\u0259 buda \u00fcmumi m\u0259hsulun k\u0259miyy\u0259tin\u0259 v\u0259 keyfiyy\u0259tin\u0259 m\u0259nfi t\u0259sir g\u00f6st\u0259rir\u201d.\n<\/p>\n<p>\n  <i><br \/>\n    \u201cK\u00f6n\u00fcll\u00fcl\u0259rin pamb\u0131q y\u0131\u011fmas\u0131 qanunsuzdur\u201d<br \/>\n  <\/i>\n<\/p>\n<p>\n  \u201cPamb\u0131q tarlalar\u0131nda k\u00f6n\u00fcll\u00fc ad\u0131 il\u0259 v\u0259t\u0259nda\u015flar\u0131n i\u015f\u0259 c\u0259lb edilm\u0259si tamamil\u0259 qanunsuzdur v\u0259 bunu ed\u0259n t\u0259\u015fkilatlar Milli M\u0259clisin q\u0259bul etdiyi v\u0259 Prezidentin imzalad\u0131\u011f\u0131 \u201cK\u00f6n\u00fcll\u00fc f\u0259aliyy\u0259ti haqq\u0131nda\u201d qanunun t\u0259l\u0259bl\u0259rini kobud \u015f\u0259kild\u0259 pozurlar\u201d.\n<\/p>\n<p>\n  Bunu v\u0259kil Cavad Cavadov \u00f6z \u201cFacebook\u201d s\u0259hif\u0259sind\u0259 yaz\u0131b.\n<\/p>\n<p>\n  \u201cSon vaxtlar m\u0259tbuatda v\u0259 x\u00fcsus\u0259n sosial \u015f\u0259b\u0259k\u0259l\u0259rd\u0259 Az\u0259rbaycanda pamb\u0131q y\u0131\u011f\u0131m\u0131nda k\u00f6n\u00fcll\u00fcl\u0259rin geni\u015f c\u0259lb olunmas\u0131 bar\u0259d\u0259 m\u0259lumatlar yay\u0131l\u0131r. Sosial \u015f\u0259b\u0259k\u0259l\u0259rd\u0259 \u201cASAN\u201d Xidm\u0259tin i\u015f\u00e7il\u0259rinin, hans\u0131sa x\u0259st\u0259xanan\u0131n h\u0259kiml\u0259rinin, m\u0259kt\u0259b m\u00fc\u0259lliml\u0259rinin v\u0259 dig\u0259rl\u0259rinin k\u00f6n\u00fcll\u00fc olaraq tarlalarda b\u0259h-b\u0259hl\u0259 pamb\u0131q y\u0131\u011f\u0131m\u0131na c\u0259lb olunmas\u0131 bildirilir.\n<\/p>\n<p>\n  K\u00f6n\u00fcll\u00fc olaraq \u015f\u0259xsl\u0259rin i\u015f\u0259 c\u0259lb edilm\u0259si 9 iyun 2009-cu ild\u0259 q\u0259bul edilmi\u015f \u201cK\u00f6n\u00fcll\u00fc f\u0259aliyy\u0259ti haqq\u0131nda\u201d Qanunla t\u0259nziml\u0259nir. H\u0259min Qanunun 1-ci madd\u0259sin\u0259 \u0259sas\u0259n k\u00f6n\u00fcll\u00fc f\u0259aliyy\u0259t \u2013 Az\u0259rbaycan Respublikas\u0131n\u0131n qanunvericiliyi il\u0259 qada\u011fan edilm\u0259y\u0259n, i\u015fl\u0259rin g\u00f6r\u00fclm\u0259si v\u0259 ya xidm\u0259tl\u0259rin g\u00f6st\u0259rilm\u0259si il\u0259 ba\u011fl\u0131 ictimai faydal\u0131 v\u0259 g\u0259lirsiz f\u0259aliyy\u0259tdir.\n<\/p>\n<figure class=\"wp-block-image size-large\">\n  <img decoding=\"async\" src=\"https:\/\/www.meydan.tv\/az\/70528\/\" alt=\"\" class=\"wp-image-70528\"\/><figcaption>\n    Cavad Cavadov foto sosial \u015f\u0259b\u0259k\u0259<br \/>\n  <\/figcaption><\/figure>\n<p>\n  Lakin Qanun k\u00f6n\u00fcll\u00fc f\u0259aliyy\u0259tin\u0259 c\u0259lb olunmas\u0131n\u0131 yol ver\u0259n istiqam\u0259l\u0259ri konkretl\u0259\u015fdirmi\u015fdir v\u0259 bunlar: \u0259lill\u0259r\u0259, kims\u0259sizl\u0259r\u0259, qocalara, azt\u0259minatl\u0131 ail\u0259l\u0259r\u0259, qa\u00e7q\u0131nlara v\u0259 m\u0259cburi k\u00f6\u00e7k\u00fcnl\u0259r\u0259 k\u00f6m\u0259k edilm\u0259si;insanp\u0259rv\u0259rliyin v\u0259 d\u00f6z\u00fcml\u00fcl\u00fcy\u00fcn t\u0259bli\u011fi;istehlak\u00e7\u0131lar\u0131n h\u00fcquqlar\u0131n\u0131n qorunmas\u0131;h\u00fcquqi v\u0259 m\u0259d\u0259ni maarifl\u0259ndirm\u0259; u\u015faq v\u0259 g\u0259ncl\u0259rin t\u0259hsili, t\u0259rbiy\u0259si, fiziki v\u0259 \u0259qli inki\u015faf\u0131;. idman\u0131n inki\u015faf\u0131; x\u0259st\u0259likl\u0259r v\u0259 epidemiyalar bar\u0259d\u0259 m\u0259lumatland\u0131rma; sa\u011flam h\u0259yat t\u0259rzinin t\u0259bli\u011fi; \u0259traf m\u00fchitin m\u00fchafiz\u0259si;tarix v\u0259 m\u0259d\u0259niyy\u0259t abid\u0259l\u0259rinin, m\u0259d\u0259ni v\u0259 m\u0259n\u0259vi irsin qorunmas\u0131;silahl\u0131 m\u00fcnaqi\u015f\u0259l\u0259r, t\u0259bii f\u0259lak\u0259tl\u0259r, s\u0259naye q\u0259zalar\u0131, yan\u011f\u0131nlar, epidemiyalar, epizootiyalar v\u0259 dig\u0259r f\u00f6vq\u0259lad\u0259 hallar\u0131n n\u0259tic\u0259l\u0259rinin aradan qald\u0131r\u0131lmas\u0131na, o c\u00fcml\u0259d\u0259n f\u00f6vq\u0259lad\u0259 hallar n\u0259tic\u0259sind\u0259 z\u0259r\u0259r\u00e7\u0259kmi\u015f \u015f\u0259xsl\u0259r\u0259 yard\u0131m g\u00f6st\u0259rilm\u0259si;c\u0259za\u00e7\u0259km\u0259 m\u00fc\u0259ssis\u0259l\u0259rind\u0259n azad edil\u0259n, narkotik as\u0131l\u0131l\u0131\u011fa d\u00fc\u00e7ar olan, m\u0259i\u015f\u0259t zorak\u0131l\u0131\u011f\u0131na m\u0259ruz qalan \u015f\u0259xsl\u0259r\u0259 v\u0259 \u00e7\u0259tin h\u0259yat \u015f\u0259raitind\u0259 olan dig\u0259r \u015f\u0259xsl\u0259r\u0259 (ail\u0259l\u0259r\u0259) k\u00f6m\u0259k edilm\u0259si; Az\u0259rbaycan Respublikas\u0131 qanunvericiliyinin t\u0259l\u0259bl\u0259rin\u0259 zidd olmayan dig\u0259r f\u0259aliyy\u0259t sah\u0259l\u0259ri.\n<\/p>\n<p>\n  Eyni zamanda Qanunun 4.3 madd\u0259si k\u00f6n\u00fcll\u00fcn\u00fcn i\u015f\u00e7i \u00e7at\u0131\u015fmazl\u0131\u011f\u0131n\u0131n qar\u015f\u0131s\u0131n\u0131 almaq m\u0259qs\u0259di il\u0259 istifad\u0259sini v\u0259 4.4. madd\u0259si Kommersiya h\u00fcquqi \u015f\u0259xsl\u0259rind\u0259 k\u00f6n\u00fcll\u00fc f\u0259aliyy\u0259tin h\u0259yata ke\u00e7irilm\u0259sin\u0259 q\u0259ti olaraq yol vermir.<br \/>\n  <br \/>\n  Y\u0259ni bu o dem\u0259kdir ki, hans\u0131sa kommersiya h\u00fcquqi \u015f\u0259xsin \u201cXXX\u201d MMC-nin \u015f\u0259xsi g\u0259lir \u0259ld\u0259 etm\u0259si \u00fc\u00e7\u00fcn k\u00f6n\u00fcll\u00fc i\u015f\u0259 c\u0259lb etm\u0259si m\u00fcmk\u00fcn deyil v\u0259 bu m\u00fcmk\u00fcn olsa idi bel\u0259 i\u015f\u00e7i \u00e7at\u0131\u015fmazl\u0131\u011f\u0131 \u00fcz\u00fcnd\u0259n k\u00f6n\u00fcll\u00fcr\u0259rin i\u015f\u0259 c\u0259lb edilm\u0259si is\u0259 birba\u015fa qanunla qada\u011fand\u0131r. A\u00e7\u0131q-a\u015fkard\u0131r ki, &#8220;k\u00f6n\u00fcll\u00fcr\u0259in&#8221; i\u015f\u0259 c\u0259lb edilm\u0259si m\u0259hz i\u015f\u00e7i \u00e7at\u0131\u015fmazl\u0131\u011f\u0131 il\u0259 ba\u011fl\u0131d\u0131r\u201d \u2013 dey\u0259 v\u0259kil qeyd edib.\n<\/p>\n<p>\n  Cavad Cavadov hesab edir ki, b\u00fct\u00fcn bunlardan \u0259lav\u0259 k\u00f6n\u00fcll\u00fcl\u0259ri i\u015f\u0259 c\u0259lb ed\u0259n t\u0259\u015fkilat k\u00f6n\u00fcll\u00fcl\u0259rl\u0259 m\u00fcqavil\u0259 ba\u011flamal\u0131, onlar\u0131n h\u0259yat v\u0259 sa\u011flaml\u0131qlar\u0131n\u0131 s\u0131\u011forta etdirm\u0259lidir:\n<\/p>\n<p>\n  \u201cPamb\u0131q tarlalar\u0131nda i\u015f\u0259 c\u0259lb olunan v\u0259 \u0259v\u0259zi \u00f6d\u0259nilm\u0259y\u0259n f\u0259aliyy\u0259t \u201cK\u00f6n\u00fcll\u00fc f\u0259aliyy\u0259t\u201d haqq\u0131nda Qanunun t\u0259l\u0259bl\u0259rin\u0259 zidd oldu\u011fundan k\u00f6n\u00fcll\u00fc f\u0259aliyy\u0259t hesab edilmir v\u0259 m\u0259cburi \u0259m\u0259y\u0259 daha \u00e7ox b\u0259nz\u0259yir.<br \/>\n  <br \/>\n  Bu is\u0259 son n\u0259tic\u0259d\u0259 Konstitusiyan\u0131n 35-ci madd\u0259sinin t\u0259l\u0259bl\u0259rinin pozulmas\u0131d\u0131r\u201d.<\/p>\n","protected":false},"excerpt":{"rendered":"<p>Cavad Cavadov: &#8221;Pamb\u0131q tarlalar\u0131nda i\u015f\u0259 c\u0259lb olunan v\u0259 \u0259v\u0259zi \u00f6d\u0259nilm\u0259y\u0259n f\u0259aliyy\u0259t &#8221;K\u00f6n\u00fcll\u00fc f\u0259aliyy\u0259t&#8221; haqq\u0131nda Qanunun t\u0259l\u0259bl\u0259rin\u0259 zidd oldu\u011fundan k\u00f6n\u00fcll\u00fc f\u0259aliyy\u0259t hesab edilmir&#8221;<\/p>\n","protected":false},"author":11,"featured_media":70522,"comment_status":"closed","ping_status":"open","sticky":false,"template":"","format":"standard","meta":{"_acf_changed":false,"_sitemap_exclude":false,"_sitemap_priority":"","_sitemap_frequency":"","footnotes":""},"categories":[56],"tags":[],"class_list":["post-179649","post","type-post","status-publish","format-standard","has-post-thumbnail","hentry","category-xeberler","infinite-scroll-item","generate-columns","tablet-grid-50","mobile-grid-100","grid-parent","grid-33","no-featured-image-padding"],"acf":[],"yoast_head":"<!-- This site is optimized with the Yoast SEO plugin v27.4 - https:\/\/yoast.com\/product\/yoast-seo-wordpress\/ -->\n<title>Vahid M\u0259h\u0259rr\u0259mov: H\u00f6kum\u0259t n\u0259z\u0259rd\u0259 tutdu\u011fu kimi m\u0259hsul \u0259ld\u0259 ed\u0259 bilm\u0259y\u0259c\u0259k - MEYDAN.TV<\/title>\n<meta name=\"robots\" content=\"index, follow, max-snippet:-1, max-image-preview:large, max-video-preview:-1\" \/>\n<link rel=\"canonical\" href=\"https:\/\/www.meydan.tv\/az\/article\/vahid-meherremov-hokumet-nezerde-tutdugu-kimi-mehsul-elde-ede-bilmeyecek\/\" \/>\n<meta property=\"og:locale\" content=\"az_AZ\" \/>\n<meta property=\"og:type\" content=\"article\" \/>\n<meta property=\"og:title\" content=\"Vahid M\u0259h\u0259rr\u0259mov: H\u00f6kum\u0259t n\u0259z\u0259rd\u0259 tutdu\u011fu kimi m\u0259hsul \u0259ld\u0259 ed\u0259 bilm\u0259y\u0259c\u0259k - MEYDAN.TV\" \/>\n<meta property=\"og:description\" content=\"Cavad Cavadov: &#039;&#039;Pamb\u0131q tarlalar\u0131nda i\u015f\u0259 c\u0259lb olunan v\u0259 \u0259v\u0259zi \u00f6d\u0259nilm\u0259y\u0259n f\u0259aliyy\u0259t &#039;&#039;K\u00f6n\u00fcll\u00fc f\u0259aliyy\u0259t&#039;&#039; haqq\u0131nda Qanunun t\u0259l\u0259bl\u0259rin\u0259 zidd oldu\u011fundan k\u00f6n\u00fcll\u00fc f\u0259aliyy\u0259t hesab edilmir&#039;&#039;\" \/>\n<meta property=\"og:url\" content=\"https:\/\/www.meydan.tv\/az\/article\/vahid-meherremov-hokumet-nezerde-tutdugu-kimi-mehsul-elde-ede-bilmeyecek\/\" \/>\n<meta property=\"og:site_name\" content=\"MEYDAN.TV\" \/>\n<meta property=\"article:published_time\" content=\"2016-10-17T15:04:55+00:00\" \/>\n<meta property=\"og:image\" content=\"https:\/\/www.meydan.tv\/wp-content\/uploads\/26985.png\" \/>\n\t<meta property=\"og:image:width\" content=\"733\" \/>\n\t<meta property=\"og:image:height\" content=\"400\" \/>\n\t<meta property=\"og:image:type\" content=\"image\/png\" \/>\n<meta name=\"author\" content=\"user-manager\" \/>\n<meta name=\"twitter:card\" content=\"summary_large_image\" \/>\n<script type=\"application\/ld+json\" class=\"yoast-schema-graph\">{\"@context\":\"https:\\\/\\\/schema.org\",\"@graph\":[{\"@type\":\"Article\",\"@id\":\"https:\\\/\\\/www.meydan.tv\\\/az\\\/article\\\/vahid-meherremov-hokumet-nezerde-tutdugu-kimi-mehsul-elde-ede-bilmeyecek\\\/#article\",\"isPartOf\":{\"@id\":\"https:\\\/\\\/www.meydan.tv\\\/az\\\/article\\\/vahid-meherremov-hokumet-nezerde-tutdugu-kimi-mehsul-elde-ede-bilmeyecek\\\/\"},\"author\":{\"name\":\"user-manager\",\"@id\":\"https:\\\/\\\/www.meydan.tv\\\/az\\\/#\\\/schema\\\/person\\\/10d11eccf6da3662cf5fdab9806ea91a\"},\"headline\":\"Vahid M\u0259h\u0259rr\u0259mov: H\u00f6kum\u0259t n\u0259z\u0259rd\u0259 tutdu\u011fu kimi m\u0259hsul \u0259ld\u0259 ed\u0259 bilm\u0259y\u0259c\u0259k\",\"datePublished\":\"2016-10-17T15:04:55+00:00\",\"mainEntityOfPage\":{\"@id\":\"https:\\\/\\\/www.meydan.tv\\\/az\\\/article\\\/vahid-meherremov-hokumet-nezerde-tutdugu-kimi-mehsul-elde-ede-bilmeyecek\\\/\"},\"wordCount\":1517,\"publisher\":{\"@id\":\"https:\\\/\\\/www.meydan.tv\\\/az\\\/#organization\"},\"image\":{\"@id\":\"https:\\\/\\\/www.meydan.tv\\\/az\\\/article\\\/vahid-meherremov-hokumet-nezerde-tutdugu-kimi-mehsul-elde-ede-bilmeyecek\\\/#primaryimage\"},\"thumbnailUrl\":\"https:\\\/\\\/www.meydan.tv\\\/wp-content\\\/uploads\\\/26985.png\",\"articleSection\":[\"X\u0259b\u0259rl\u0259r\"],\"inLanguage\":\"az\"},{\"@type\":\"WebPage\",\"@id\":\"https:\\\/\\\/www.meydan.tv\\\/az\\\/article\\\/vahid-meherremov-hokumet-nezerde-tutdugu-kimi-mehsul-elde-ede-bilmeyecek\\\/\",\"url\":\"https:\\\/\\\/www.meydan.tv\\\/az\\\/article\\\/vahid-meherremov-hokumet-nezerde-tutdugu-kimi-mehsul-elde-ede-bilmeyecek\\\/\",\"name\":\"Vahid M\u0259h\u0259rr\u0259mov: H\u00f6kum\u0259t n\u0259z\u0259rd\u0259 tutdu\u011fu kimi m\u0259hsul \u0259ld\u0259 ed\u0259 bilm\u0259y\u0259c\u0259k - MEYDAN.TV\",\"isPartOf\":{\"@id\":\"https:\\\/\\\/www.meydan.tv\\\/az\\\/#website\"},\"primaryImageOfPage\":{\"@id\":\"https:\\\/\\\/www.meydan.tv\\\/az\\\/article\\\/vahid-meherremov-hokumet-nezerde-tutdugu-kimi-mehsul-elde-ede-bilmeyecek\\\/#primaryimage\"},\"image\":{\"@id\":\"https:\\\/\\\/www.meydan.tv\\\/az\\\/article\\\/vahid-meherremov-hokumet-nezerde-tutdugu-kimi-mehsul-elde-ede-bilmeyecek\\\/#primaryimage\"},\"thumbnailUrl\":\"https:\\\/\\\/www.meydan.tv\\\/wp-content\\\/uploads\\\/26985.png\",\"datePublished\":\"2016-10-17T15:04:55+00:00\",\"breadcrumb\":{\"@id\":\"https:\\\/\\\/www.meydan.tv\\\/az\\\/article\\\/vahid-meherremov-hokumet-nezerde-tutdugu-kimi-mehsul-elde-ede-bilmeyecek\\\/#breadcrumb\"},\"inLanguage\":\"az\",\"potentialAction\":[{\"@type\":\"ReadAction\",\"target\":[\"https:\\\/\\\/www.meydan.tv\\\/az\\\/article\\\/vahid-meherremov-hokumet-nezerde-tutdugu-kimi-mehsul-elde-ede-bilmeyecek\\\/\"]}]},{\"@type\":\"ImageObject\",\"inLanguage\":\"az\",\"@id\":\"https:\\\/\\\/www.meydan.tv\\\/az\\\/article\\\/vahid-meherremov-hokumet-nezerde-tutdugu-kimi-mehsul-elde-ede-bilmeyecek\\\/#primaryimage\",\"url\":\"https:\\\/\\\/www.meydan.tv\\\/wp-content\\\/uploads\\\/26985.png\",\"contentUrl\":\"https:\\\/\\\/www.meydan.tv\\\/wp-content\\\/uploads\\\/26985.png\",\"width\":733,\"height\":400,\"caption\":\"Source:\"},{\"@type\":\"BreadcrumbList\",\"@id\":\"https:\\\/\\\/www.meydan.tv\\\/az\\\/article\\\/vahid-meherremov-hokumet-nezerde-tutdugu-kimi-mehsul-elde-ede-bilmeyecek\\\/#breadcrumb\",\"itemListElement\":[{\"@type\":\"ListItem\",\"position\":1,\"name\":\"Ana s\u0259hif\u0259\",\"item\":\"https:\\\/\\\/www.meydan.tv\\\/az\\\/\"},{\"@type\":\"ListItem\",\"position\":2,\"name\":\"X\u0259b\u0259rl\u0259r\",\"item\":\"https:\\\/\\\/www.meydan.tv\\\/az\\\/section\\\/xeberler\\\/\"},{\"@type\":\"ListItem\",\"position\":3,\"name\":\"Vahid M\u0259h\u0259rr\u0259mov: H\u00f6kum\u0259t n\u0259z\u0259rd\u0259 tutdu\u011fu kimi m\u0259hsul \u0259ld\u0259 ed\u0259 bilm\u0259y\u0259c\u0259k\"}]},{\"@type\":\"WebSite\",\"@id\":\"https:\\\/\\\/www.meydan.tv\\\/az\\\/#website\",\"url\":\"https:\\\/\\\/www.meydan.tv\\\/az\\\/\",\"name\":\"MEYDAN.TV\",\"description\":\"Meydan TV Az\u0259rbaycan\u0131n media m\u0259kan\u0131ndak\u0131 alternativ s\u0259sidir\",\"publisher\":{\"@id\":\"https:\\\/\\\/www.meydan.tv\\\/az\\\/#organization\"},\"potentialAction\":[{\"@type\":\"SearchAction\",\"target\":{\"@type\":\"EntryPoint\",\"urlTemplate\":\"https:\\\/\\\/www.meydan.tv\\\/az\\\/?s={search_term_string}\"},\"query-input\":{\"@type\":\"PropertyValueSpecification\",\"valueRequired\":true,\"valueName\":\"search_term_string\"}}],\"inLanguage\":\"az\"},{\"@type\":\"Organization\",\"@id\":\"https:\\\/\\\/www.meydan.tv\\\/az\\\/#organization\",\"name\":\"Meydan TV\",\"url\":\"https:\\\/\\\/www.meydan.tv\\\/az\\\/\",\"logo\":{\"@type\":\"ImageObject\",\"inLanguage\":\"az\",\"@id\":\"https:\\\/\\\/www.meydan.tv\\\/az\\\/#\\\/schema\\\/logo\\\/image\\\/\",\"url\":\"https:\\\/\\\/www.meydan.tv\\\/wp-content\\\/uploads\\\/2021\\\/07\\\/meydan-logo.svg\",\"contentUrl\":\"https:\\\/\\\/www.meydan.tv\\\/wp-content\\\/uploads\\\/2021\\\/07\\\/meydan-logo.svg\",\"width\":195,\"height\":46,\"caption\":\"Meydan TV\"},\"image\":{\"@id\":\"https:\\\/\\\/www.meydan.tv\\\/az\\\/#\\\/schema\\\/logo\\\/image\\\/\"}},{\"@type\":\"Person\",\"@id\":\"https:\\\/\\\/www.meydan.tv\\\/az\\\/#\\\/schema\\\/person\\\/10d11eccf6da3662cf5fdab9806ea91a\",\"name\":\"user-manager\"}]}<\/script>\n<!-- \/ Yoast SEO plugin. -->","yoast_head_json":{"title":"Vahid M\u0259h\u0259rr\u0259mov: H\u00f6kum\u0259t n\u0259z\u0259rd\u0259 tutdu\u011fu kimi m\u0259hsul \u0259ld\u0259 ed\u0259 bilm\u0259y\u0259c\u0259k - MEYDAN.TV","robots":{"index":"index","follow":"follow","max-snippet":"max-snippet:-1","max-image-preview":"max-image-preview:large","max-video-preview":"max-video-preview:-1"},"canonical":"https:\/\/www.meydan.tv\/az\/article\/vahid-meherremov-hokumet-nezerde-tutdugu-kimi-mehsul-elde-ede-bilmeyecek\/","og_locale":"az_AZ","og_type":"article","og_title":"Vahid M\u0259h\u0259rr\u0259mov: H\u00f6kum\u0259t n\u0259z\u0259rd\u0259 tutdu\u011fu kimi m\u0259hsul \u0259ld\u0259 ed\u0259 bilm\u0259y\u0259c\u0259k - MEYDAN.TV","og_description":"Cavad Cavadov: ''Pamb\u0131q tarlalar\u0131nda i\u015f\u0259 c\u0259lb olunan v\u0259 \u0259v\u0259zi \u00f6d\u0259nilm\u0259y\u0259n f\u0259aliyy\u0259t ''K\u00f6n\u00fcll\u00fc f\u0259aliyy\u0259t'' haqq\u0131nda Qanunun t\u0259l\u0259bl\u0259rin\u0259 zidd oldu\u011fundan k\u00f6n\u00fcll\u00fc f\u0259aliyy\u0259t hesab edilmir''","og_url":"https:\/\/www.meydan.tv\/az\/article\/vahid-meherremov-hokumet-nezerde-tutdugu-kimi-mehsul-elde-ede-bilmeyecek\/","og_site_name":"MEYDAN.TV","article_published_time":"2016-10-17T15:04:55+00:00","og_image":[{"width":733,"height":400,"url":"https:\/\/www.meydan.tv\/wp-content\/uploads\/26985.png","type":"image\/png"}],"author":"user-manager","twitter_card":"summary_large_image","schema":{"@context":"https:\/\/schema.org","@graph":[{"@type":"Article","@id":"https:\/\/www.meydan.tv\/az\/article\/vahid-meherremov-hokumet-nezerde-tutdugu-kimi-mehsul-elde-ede-bilmeyecek\/#article","isPartOf":{"@id":"https:\/\/www.meydan.tv\/az\/article\/vahid-meherremov-hokumet-nezerde-tutdugu-kimi-mehsul-elde-ede-bilmeyecek\/"},"author":{"name":"user-manager","@id":"https:\/\/www.meydan.tv\/az\/#\/schema\/person\/10d11eccf6da3662cf5fdab9806ea91a"},"headline":"Vahid M\u0259h\u0259rr\u0259mov: H\u00f6kum\u0259t n\u0259z\u0259rd\u0259 tutdu\u011fu kimi m\u0259hsul \u0259ld\u0259 ed\u0259 bilm\u0259y\u0259c\u0259k","datePublished":"2016-10-17T15:04:55+00:00","mainEntityOfPage":{"@id":"https:\/\/www.meydan.tv\/az\/article\/vahid-meherremov-hokumet-nezerde-tutdugu-kimi-mehsul-elde-ede-bilmeyecek\/"},"wordCount":1517,"publisher":{"@id":"https:\/\/www.meydan.tv\/az\/#organization"},"image":{"@id":"https:\/\/www.meydan.tv\/az\/article\/vahid-meherremov-hokumet-nezerde-tutdugu-kimi-mehsul-elde-ede-bilmeyecek\/#primaryimage"},"thumbnailUrl":"https:\/\/www.meydan.tv\/wp-content\/uploads\/26985.png","articleSection":["X\u0259b\u0259rl\u0259r"],"inLanguage":"az"},{"@type":"WebPage","@id":"https:\/\/www.meydan.tv\/az\/article\/vahid-meherremov-hokumet-nezerde-tutdugu-kimi-mehsul-elde-ede-bilmeyecek\/","url":"https:\/\/www.meydan.tv\/az\/article\/vahid-meherremov-hokumet-nezerde-tutdugu-kimi-mehsul-elde-ede-bilmeyecek\/","name":"Vahid M\u0259h\u0259rr\u0259mov: H\u00f6kum\u0259t n\u0259z\u0259rd\u0259 tutdu\u011fu kimi m\u0259hsul \u0259ld\u0259 ed\u0259 bilm\u0259y\u0259c\u0259k - MEYDAN.TV","isPartOf":{"@id":"https:\/\/www.meydan.tv\/az\/#website"},"primaryImageOfPage":{"@id":"https:\/\/www.meydan.tv\/az\/article\/vahid-meherremov-hokumet-nezerde-tutdugu-kimi-mehsul-elde-ede-bilmeyecek\/#primaryimage"},"image":{"@id":"https:\/\/www.meydan.tv\/az\/article\/vahid-meherremov-hokumet-nezerde-tutdugu-kimi-mehsul-elde-ede-bilmeyecek\/#primaryimage"},"thumbnailUrl":"https:\/\/www.meydan.tv\/wp-content\/uploads\/26985.png","datePublished":"2016-10-17T15:04:55+00:00","breadcrumb":{"@id":"https:\/\/www.meydan.tv\/az\/article\/vahid-meherremov-hokumet-nezerde-tutdugu-kimi-mehsul-elde-ede-bilmeyecek\/#breadcrumb"},"inLanguage":"az","potentialAction":[{"@type":"ReadAction","target":["https:\/\/www.meydan.tv\/az\/article\/vahid-meherremov-hokumet-nezerde-tutdugu-kimi-mehsul-elde-ede-bilmeyecek\/"]}]},{"@type":"ImageObject","inLanguage":"az","@id":"https:\/\/www.meydan.tv\/az\/article\/vahid-meherremov-hokumet-nezerde-tutdugu-kimi-mehsul-elde-ede-bilmeyecek\/#primaryimage","url":"https:\/\/www.meydan.tv\/wp-content\/uploads\/26985.png","contentUrl":"https:\/\/www.meydan.tv\/wp-content\/uploads\/26985.png","width":733,"height":400,"caption":"Source:"},{"@type":"BreadcrumbList","@id":"https:\/\/www.meydan.tv\/az\/article\/vahid-meherremov-hokumet-nezerde-tutdugu-kimi-mehsul-elde-ede-bilmeyecek\/#breadcrumb","itemListElement":[{"@type":"ListItem","position":1,"name":"Ana s\u0259hif\u0259","item":"https:\/\/www.meydan.tv\/az\/"},{"@type":"ListItem","position":2,"name":"X\u0259b\u0259rl\u0259r","item":"https:\/\/www.meydan.tv\/az\/section\/xeberler\/"},{"@type":"ListItem","position":3,"name":"Vahid M\u0259h\u0259rr\u0259mov: H\u00f6kum\u0259t n\u0259z\u0259rd\u0259 tutdu\u011fu kimi m\u0259hsul \u0259ld\u0259 ed\u0259 bilm\u0259y\u0259c\u0259k"}]},{"@type":"WebSite","@id":"https:\/\/www.meydan.tv\/az\/#website","url":"https:\/\/www.meydan.tv\/az\/","name":"MEYDAN.TV","description":"Meydan TV Az\u0259rbaycan\u0131n media m\u0259kan\u0131ndak\u0131 alternativ s\u0259sidir","publisher":{"@id":"https:\/\/www.meydan.tv\/az\/#organization"},"potentialAction":[{"@type":"SearchAction","target":{"@type":"EntryPoint","urlTemplate":"https:\/\/www.meydan.tv\/az\/?s={search_term_string}"},"query-input":{"@type":"PropertyValueSpecification","valueRequired":true,"valueName":"search_term_string"}}],"inLanguage":"az"},{"@type":"Organization","@id":"https:\/\/www.meydan.tv\/az\/#organization","name":"Meydan TV","url":"https:\/\/www.meydan.tv\/az\/","logo":{"@type":"ImageObject","inLanguage":"az","@id":"https:\/\/www.meydan.tv\/az\/#\/schema\/logo\/image\/","url":"https:\/\/www.meydan.tv\/wp-content\/uploads\/2021\/07\/meydan-logo.svg","contentUrl":"https:\/\/www.meydan.tv\/wp-content\/uploads\/2021\/07\/meydan-logo.svg","width":195,"height":46,"caption":"Meydan TV"},"image":{"@id":"https:\/\/www.meydan.tv\/az\/#\/schema\/logo\/image\/"}},{"@type":"Person","@id":"https:\/\/www.meydan.tv\/az\/#\/schema\/person\/10d11eccf6da3662cf5fdab9806ea91a","name":"user-manager"}]}},"_links":{"self":[{"href":"https:\/\/www.meydan.tv\/az\/wp-json\/wp\/v2\/posts\/179649","targetHints":{"allow":["GET"]}}],"collection":[{"href":"https:\/\/www.meydan.tv\/az\/wp-json\/wp\/v2\/posts"}],"about":[{"href":"https:\/\/www.meydan.tv\/az\/wp-json\/wp\/v2\/types\/post"}],"author":[{"embeddable":true,"href":"https:\/\/www.meydan.tv\/az\/wp-json\/wp\/v2\/users\/11"}],"replies":[{"embeddable":true,"href":"https:\/\/www.meydan.tv\/az\/wp-json\/wp\/v2\/comments?post=179649"}],"version-history":[{"count":0,"href":"https:\/\/www.meydan.tv\/az\/wp-json\/wp\/v2\/posts\/179649\/revisions"}],"wp:featuredmedia":[{"embeddable":true,"href":"https:\/\/www.meydan.tv\/az\/wp-json\/wp\/v2\/media\/70522"}],"wp:attachment":[{"href":"https:\/\/www.meydan.tv\/az\/wp-json\/wp\/v2\/media?parent=179649"}],"wp:term":[{"taxonomy":"category","embeddable":true,"href":"https:\/\/www.meydan.tv\/az\/wp-json\/wp\/v2\/categories?post=179649"},{"taxonomy":"post_tag","embeddable":true,"href":"https:\/\/www.meydan.tv\/az\/wp-json\/wp\/v2\/tags?post=179649"}],"curies":[{"name":"wp","href":"https:\/\/api.w.org\/{rel}","templated":true}]}}