{"id":179642,"date":"2016-10-16T17:33:20","date_gmt":"2016-10-16T17:33:20","guid":{"rendered":"https:\/\/www.meydan.tv\/article\/olkenin-yeni-qehremanlari-pambiqcilar\/"},"modified":"2016-10-16T17:33:20","modified_gmt":"2016-10-16T17:33:20","slug":"olkenin-yeni-qehremanlari-pambiqcilar","status":"publish","type":"post","link":"https:\/\/www.meydan.tv\/az\/article\/olkenin-yeni-qehremanlari-pambiqcilar\/","title":{"rendered":"\u00d6lk\u0259nin yeni q\u0259hr\u0259manlar\u0131 &#8211; pamb\u0131q\u00e7\u0131lar"},"content":{"rendered":"<figure class=\"wp-block-image size-large\">\n  <img decoding=\"async\" src=\"https:\/\/www.meydan.tv\/az\/gunel-movlud-3\/\" alt=\"G\u00fcnel M\u00f6vlud\" class=\"wp-image-67667\"\/><figcaption>\n    G\u00fcnel M\u00f6vlud<br \/>\n  <\/figcaption><\/figure>\n<p>\n  \u0130ki g\u00fcnd\u00fcr v\u0259t\u0259nda\u015flar\u0131n pamb\u0131q m\u0259s\u0259l\u0259sin\u0259 reaksiyas\u0131n\u0131 g\u00f6r\u00fcb, t\u0259\u0259cc\u00fcbl\u0259nir\u0259m. Onlar bizim insanlar\u0131m\u0131z\u0131 nec\u0259 d\u0259 pis tan\u0131y\u0131rlar. H\u0259kiml\u0259rin, m\u00fc\u0259lliml\u0259rin, m\u0259d\u0259niyy\u0259t i\u015f\u00e7il\u0259rinin v\u0259 sair ba\u015fqa pe\u015f\u0259 sahibl\u0259rinin pamb\u0131q tarlalar\u0131na t\u00f6k\u00fclm\u0259yini z\u00fcl\u00fcm, zill\u0259t, m\u0259cburiyy\u0259t kimi qar\u015f\u0131layan, onlara canlar\u0131 yananlar, h\u0259tta bu m\u0259\u015f\u0259qq\u0259t\u0259 d\u00f6zm\u0259yib, onlar\u0131n etiraz ed\u0259c\u0259kl\u0259rin\u0259 \u00fcmid ed\u0259n insanlar, do\u011frudan da, yax\u0131n tarixd\u0259n bu q\u0259d\u0259rmi x\u0259b\u0259rsizdir? Onlar insanlar\u0131m\u0131z\u0131 bu q\u0259d\u0259rmi pis tan\u0131y\u0131r?\n<\/p>\n<p>\n  Bir azca ke\u00e7mi\u015f\u0259 qay\u0131d\u0131m. T\u0259xmin\u0259n 7-8 il \u0259vv\u0259l, Bil\u0259suvarda ya\u015fayan valideynl\u0259rim\u0259 ba\u015f \u00e7\u0259k\u0259nd\u0259, i\u015fl\u0259diyim q\u0259zetin redaktorundan tap\u015f\u0131r\u0131q ald\u0131m. Dedi ki, rayonda ya\u015fayan qocaman pamb\u0131q ustas\u0131 Q\u0131zqay\u0131t H\u0259s\u0259novan\u0131 tap\u0131b, ondan m\u00fcsahib\u0259 al\u0131m. O zamanlar \u00f6mr\u00fcn\u00fcn son ill\u0259rini ya\u015fayan Q\u0131zqay\u0131t n\u0259n\u0259 rayonun X\u0131rmandal\u0131 k\u0259ndind\u0259 ya\u015fay\u0131rd\u0131. M\u00fcsahib\u0259y\u0259 getm\u0259zd\u0259n \u0259vv\u0259l, \u00f6z d\u00f6vr\u00fcn\u00fcn q\u0259hraman\u0131 hesab edil\u0259n bu qad\u0131n\u0131n \u00f6lk\u0259d\u0259 n\u0259 q\u0259d\u0259r tan\u0131nd\u0131\u011f\u0131n\u0131 yoxlamaq \u00fc\u00e7\u00fcn, anama sual verdim ki, Q\u0131zqay\u0131t H\u0259s\u0259novan\u0131 tan\u0131y\u0131rm\u0131. Anam\u0131n cavab\u0131 z\u00fcmz\u00fcm\u0259 oldu:\n<\/p>\n<p>\n  \u015ean-\u015f\u00f6hr\u0259tin Q\u0131zqay\u0131t,\n<\/p>\n<p>\n  Dill\u0259d\u0259 dastan olur.\n<\/p>\n<p>\n  \u018fll\u0259rinl\u0259 g\u00fcl a\u00e7\u0131r,\n<\/p>\n<p>\n  Mu\u011fan g\u00fcl\u00fcstan olur.\n<\/p>\n<p>\n  Sovet vaxt\u0131 bu mahn\u0131 m\u0259\u015fhur m\u00fc\u011f\u0259nni, b\u0259st\u0259kar Elmir Mirzoyevin x\u00fcsusi v\u0259 q\u0259rib\u0259 bir r\u0259\u011fb\u0259t b\u0259sl\u0259diyi M\u0259mm\u0259dba\u011f\u0131r Ba\u011f\u0131rzad\u0259nin ifas\u0131nda, d\u00f6vl\u0259t televiziyas\u0131nda tez-tez s\u0259sl\u0259ndirilirmi\u015f. Bu mahn\u0131 qaraba\u011fl\u0131, \u015firvanl\u0131, g\u0259nc\u0259li, g\u00f6y\u00e7\u0259li dem\u0259d\u0259n, sad\u0259 insanlar\u0131n dilind\u0259 \u0259zb\u0259r olanda, Q\u0131zqay\u0131t H\u0259s\u0259nova Mu\u011fan\u0131n adamqovuran istisind\u0259 \u0259ll\u0259rini pamb\u0131q qavaza\u011f\u0131 dalaya-dalaya tarlada t\u0259r ax\u0131d\u0131rd\u0131. V\u0259 Q\u0131zqay\u0131t \u00f6mr\u00fcn\u00fc, cavanl\u0131\u011f\u0131n\u0131 tarlada ke\u00e7irib, \u0259ll\u0259rinin yaras\u0131 sa\u011falmayan y\u00fczl\u0259rl\u0259 pamb\u0131q q\u0259hr\u0259manlar\u0131ndan ancaq biri idi. Onun kimi \u015eamama vard\u0131, Sevil, S\u00fcr\u0259yya vard\u0131, daha kiml\u0259r vard\u0131.\n<\/p>\n<p>\n  Sovet z\u0259hm\u0259tke\u015fl\u0259ri \u00fc\u00e7\u00fcn bu sad\u0259 k\u0259nd qad\u0131nlar\u0131 h\u0259s\u0259d yeri olduqlar\u0131 q\u0259d\u0259r d\u0259, arzular\u0131n\u0131n t\u0259c\u0259ss\u00fcm\u00fc idil\u0259r. Bel\u0259 k\u0259nd q\u0131zlar\u0131n\u0131 \u0259m\u0259k q\u0259hraman\u0131, deputat el\u0259m\u0259kl\u0259, sovet h\u00f6kum\u0259ti k\u0259ndlil\u0259ri inand\u0131r\u0131rd\u0131 ki, h\u0259r k\u0259s, h\u0259r bir k\u0259ndli \u0259m\u0259yi, z\u0259hm\u0259ti il\u0259 ucala, \u015f\u00f6hr\u0259t, v\u0259zif\u0259, pul qazana bil\u0259r. Kolxoz\u00e7u qad\u0131n d\u00fc\u015f\u00fcn\u00fcrd\u00fc ki, \u0259g\u0259r h\u0259mk\u0259ndlim, qon\u015fum, \u0130mam\u0259li ki\u015finin q\u0131z\u0131 pamb\u0131q y\u0131\u011fmaqla deputat olubsa, Moskvaya gedirs\u0259, ona ad, pul, ma\u015f\u0131n, orden verirl\u0259rs\u0259, dem\u0259li, m\u0259n\u0259 d\u0259 ver\u0259 bil\u0259rl\u0259r. Onun da iki \u0259li var, m\u0259nim d\u0259. O olubsa, m\u0259n niy\u0259 olmay\u0131m?\n<\/p>\n<p>\n  Etiraf ed\u0259k ki, pula, \u015f\u00f6hr\u0259t\u0259, v\u0259zif\u0259y\u0259 savad, ali t\u0259hsil, kitab-d\u0259ft\u0259r, yaz\u0131-pozu, q\u0259liz-q\u0259liz i\u015fl\u0259r\u0259 ba\u015f qo\u015fub, \u0259ld\u0259 etm\u0259y\u0259 h\u0259v\u0259si, h\u00fcn\u0259ri olmayanlar \u00fc\u00e7\u00fcn \u00e7ox g\u00f6z\u0259l motivasiyad\u0131r. Alim, m\u00fct\u0259x\u0259ssis, h\u0259kim, siyas\u0259t\u00e7i, professor olmaq \u00fc\u00e7\u00fcn g\u0259r\u0259k oxuyasan, oxuyasan, o universitet, bu akademiya ayaq d\u00f6y\u0259s\u0259n, elmi i\u015f yazasan, m\u00fcdafi\u0259 ed\u0259s\u0259n, ne\u00e7\u0259 adam\u0131n minn\u0259tini g\u00f6t\u00fcr\u0259s\u0259n, n\u0259 var-n\u0259 var ax\u0131rda hans\u0131sa jurnalda yaz\u0131n \u00e7\u0131xacaq, professor ad\u0131 alacaqsan, ya almayacaqsan, n\u0259s\u0259, kims\u0259 olacaqsan, olmayacaqsan, h\u0259l\u0259 bilm\u0259k olmaz.\n<\/p>\n<p>\n  Amma pamb\u0131q sad\u0259 v\u0259 konkret s\u00f6hb\u0259tdi. Y\u0131\u011f\u0131rsan. Pulunu al\u0131rsan. Az y\u0131\u011fd\u0131n \u2013az al\u0131rsan. \u00c7ox y\u0131\u011fd\u0131n \u2013\u00e7ox al\u0131rsan. Lap \u00e7ox y\u0131\u011fd\u0131n- olursan \u0259m\u0259k q\u0259hr\u0259man\u0131. Deputat da ola bilirs\u0259n. Medal al\u0131rsan. Ma\u015f\u0131n al\u0131rsan. Ev al\u0131rsan. O\u011ful-u\u015fa\u011f\u0131n universitet\u0259 imtahans\u0131z q\u0259bul olunur. Qohum-\u0259qraba s\u0259n\u0259 h\u00f6rm\u0259t edir. \u015e\u0259nin\u0259 mahn\u0131lar qo\u015fulur, d\u00f6vl\u0259t televiziyas\u0131nda oxunur. Mahn\u0131 dill\u0259rd\u0259 g\u0259zir. B\u00fct\u00fcn bunlar\u0131 \u0259ld\u0259 etm\u0259k \u00fc\u00e7\u00fcn s\u0259nd\u0259n t\u0259l\u0259b olunan t\u0259kc\u0259 pamb\u0131q y\u0131\u011fmaqd\u0131r.\n<\/p>\n<p>\n  Sovetl\u0259r da\u011f\u0131l\u0131b, pamb\u0131q orgiyas\u0131 s\u00f6n\u0259nd\u0259, n\u0259 q\u0259d\u0259r adam ill\u0259rl\u0259 heyifsil\u0259ndi. Sovet vaxt\u0131 q\u0259hr\u0259man pamb\u0131q\u00e7\u0131lar\u0131n imtiyazlar\u0131n\u0131 yada sal\u0131b, niskilini \u00e7\u0259k\u0259nl\u0259r oldu. Ya\u015fl\u0131lar t\u0259\u0259ss\u00fcfl\u0259 deyirdil\u0259r ki, kimdi indi pamb\u0131q\u00e7\u0131ya qiym\u0259t ver\u0259n, o vaxt filan vard\u0131, fe\u015fman vard\u0131. Heyif deyildi sovet vaxt\u0131n\u0131n pamb\u0131q\u00e7\u0131l\u0131\u011f\u0131? Ad\u0131 ad, medal\u0131 medal, v\u0259zif\u0259si v\u0259zif\u0259. \u0130ndi kimdi y\u00fcz \u0259lli kilo pamb\u0131q y\u0131\u011fana d\u0259y\u0259r ver\u0259n-zad.\n<\/p>\n<p>\n  \u0130ndi hakimiyy\u0259tin pamb\u0131q\u00e7\u0131l\u0131\u011fa h\u0259v\u0259sl\u0259 giri\u015fm\u0259si havay\u0131dan deyil. \u0130nsanlar var ki, \u00f6z\u00fcn\u00fc bel\u0259 sad\u0259, he\u00e7 bir \u0259qli z\u0259hm\u0259t t\u0259l\u0259b el\u0259m\u0259y\u0259n i\u015fl\u0259rd\u0259 t\u0259sdiq g\u00f6st\u0259rm\u0259y\u0259 amad\u0259dir. Hakimiyy\u0259t d\u0259 xalq\u0131n g\u00fcc\u00fc qoluna ver\u0259n k\u0259simin\u0259 g\u00f6z\u0259l imkanlar yarad\u0131r. O insanlar da bu imkanlardan \u00e7ox h\u0259v\u0259sl\u0259 istifad\u0259 ed\u0259c\u0259kl\u0259r. Pamb\u0131q da y\u0131\u011facaqlar, ad da alacaqlar, medal da alacaqlar, ma\u015f\u0131n da ist\u0259y\u0259c\u0259kl\u0259r, plan da ver\u0259c\u0259kl\u0259r, h\u0259l\u0259 rayonlar aras\u0131nda yar\u0131\u015flar da ke\u00e7iril\u0259c\u0259k. Ham\u0131 da sevin\u0259c\u0259k buna. Yeni s\u00f6hb\u0259t olmasa da, yeni motivasiyad\u0131r v\u0259 etiraf ed\u0259k ki, g\u00f6z\u0259l motivasiyad\u0131r. G\u0259lin \u00f6z\u00fcm\u00fcz\u00fc el\u0259 aparmayaq ki, guya o pamb\u0131q tarlalar\u0131na apar\u0131lan insanlar \u00f6z i\u015f yerl\u0259rind\u0259 xalqa g\u00f6z\u0259l, q\u00fcsursuz xidm\u0259tl\u0259r g\u00f6st\u0259rirdil\u0259r, pamb\u0131q y\u0131\u011fmaqlar\u0131 bu keyfiyy\u0259t\u0259 x\u0259l\u0259l g\u0259tir\u0259c\u0259k. Pis h\u0259kim, pis m\u00fc\u0259llim, m\u0259d\u0259niyy\u0259tsiz m\u0259d\u0259niyy\u0259t i\u015f\u00e7isi el\u0259 pamb\u0131qs\u0131z da pis idi, pamb\u0131q y\u0131\u011fanda da pis olacaq. H\u0259m d\u0259, n\u0259yi pisdi ki, pamb\u0131q\u00e7\u0131lara tarlada n\u0259s\u0259 olsa, h\u0259kim yan\u0131nda, tibb bac\u0131s\u0131 yan\u0131nda. \u0130yn\u0259 vurma\u011fa pamb\u0131q da var.\n<\/p>\n<p>\n  \u00dcst\u0259lik, n\u0259z\u0259r\u0259 alaq ki, pamb\u0131q\u00e7\u0131l\u0131\u011fa veril\u0259n v\u00fcs\u0259t, t\u0259kc\u0259 sad\u0259 z\u0259hm\u0259tke\u015fl\u0259r\u0259 deyil, \u0259d\u0259biyyat v\u0259 m\u0259d\u0259niyy\u0259t adamlar\u0131m\u0131za da yeni i\u015f yerl\u0259ri, imkanlar a\u00e7\u0131r. Pamb\u0131q, q\u0259hr\u0259man pamb\u0131q\u00e7\u0131lar bar\u0259d\u0259 yeni \u015feirl\u0259r, mahn\u0131lar yazmaq, onlar\u0131n portretl\u0259rini \u00e7\u0259km\u0259k, h\u0259yatlar\u0131 bar\u0259d\u0259 pyesl\u0259r yazmaq, tama\u015faya qoymaq, kino \u00e7\u0259km\u0259k laz\u0131m g\u0259l\u0259c\u0259kdir ki, b\u00fct\u00fcn bunlar m\u0259d\u0259niyy\u0259timiz\u0259 n\u0259 q\u0259d\u0259r t\u00f6hv\u0259 ver\u0259c\u0259k.\n<\/p>\n<p>\n  Biz\u0259 is\u0259 adama bir-iki ton popkorn al\u0131b, yeni m\u00fcasir, yeni, silikonlu, tatuajl\u0131 Q\u0131zqay\u0131tlar\u0131, S\u00fcr\u0259yyalar\u0131, \u015eamamalar\u0131 g\u00f6zl\u0259m\u0259k qal\u0131r.<\/p>\n","protected":false},"excerpt":{"rendered":"<p>Pamb\u0131q sad\u0259 v\u0259 konkret s\u00f6hb\u0259tdi. Y\u0131\u011f\u0131rsan. Pulunu al\u0131rsan. Az y\u0131\u011fd\u0131n \u2013az al\u0131rsan. \u00c7ox y\u0131\u011fd\u0131n \u2013\u00e7ox al\u0131rsan. Lap \u00e7ox y\u0131\u011fd\u0131n- olursan \u0259m\u0259k q\u0259hr\u0259man\u0131.<\/p>\n","protected":false},"author":11,"featured_media":67667,"comment_status":"closed","ping_status":"open","sticky":false,"template":"","format":"standard","meta":{"_acf_changed":false,"_sitemap_exclude":false,"_sitemap_priority":"","_sitemap_frequency":"","footnotes":""},"categories":[57],"tags":[],"class_list":["post-179642","post","type-post","status-publish","format-standard","has-post-thumbnail","hentry","category-menim-fikrimce","infinite-scroll-item","generate-columns","tablet-grid-50","mobile-grid-100","grid-parent","grid-33","no-featured-image-padding"],"acf":[],"yoast_head":"<!-- This site is optimized with the Yoast SEO plugin v27.5 - https:\/\/yoast.com\/product\/yoast-seo-wordpress\/ -->\n<title>\u00d6lk\u0259nin yeni q\u0259hr\u0259manlar\u0131 - pamb\u0131q\u00e7\u0131lar - MEYDAN.TV<\/title>\n<meta name=\"robots\" content=\"index, follow, max-snippet:-1, max-image-preview:large, max-video-preview:-1\" \/>\n<link rel=\"canonical\" href=\"https:\/\/www.meydan.tv\/az\/article\/olkenin-yeni-qehremanlari-pambiqcilar\/\" \/>\n<meta property=\"og:locale\" content=\"az_AZ\" \/>\n<meta property=\"og:type\" content=\"article\" \/>\n<meta property=\"og:title\" content=\"\u00d6lk\u0259nin yeni q\u0259hr\u0259manlar\u0131 - pamb\u0131q\u00e7\u0131lar - MEYDAN.TV\" \/>\n<meta property=\"og:description\" content=\"Pamb\u0131q sad\u0259 v\u0259 konkret s\u00f6hb\u0259tdi. Y\u0131\u011f\u0131rsan. Pulunu al\u0131rsan. Az y\u0131\u011fd\u0131n \u2013az al\u0131rsan. \u00c7ox y\u0131\u011fd\u0131n \u2013\u00e7ox al\u0131rsan. Lap \u00e7ox y\u0131\u011fd\u0131n- olursan \u0259m\u0259k q\u0259hr\u0259man\u0131.\" \/>\n<meta property=\"og:url\" content=\"https:\/\/www.meydan.tv\/az\/article\/olkenin-yeni-qehremanlari-pambiqcilar\/\" \/>\n<meta property=\"og:site_name\" content=\"MEYDAN.TV\" \/>\n<meta property=\"article:published_time\" content=\"2016-10-16T17:33:20+00:00\" \/>\n<meta property=\"og:image\" content=\"https:\/\/www.meydan.tv\/wp-content\/uploads\/25855.jpg\" \/>\n\t<meta property=\"og:image:width\" content=\"500\" \/>\n\t<meta property=\"og:image:height\" content=\"500\" \/>\n\t<meta property=\"og:image:type\" content=\"image\/jpeg\" \/>\n<meta name=\"author\" content=\"user-manager\" \/>\n<meta name=\"twitter:card\" content=\"summary_large_image\" \/>\n<script type=\"application\/ld+json\" class=\"yoast-schema-graph\">{\"@context\":\"https:\\\/\\\/schema.org\",\"@graph\":[{\"@type\":\"Article\",\"@id\":\"https:\\\/\\\/www.meydan.tv\\\/az\\\/article\\\/olkenin-yeni-qehremanlari-pambiqcilar\\\/#article\",\"isPartOf\":{\"@id\":\"https:\\\/\\\/www.meydan.tv\\\/az\\\/article\\\/olkenin-yeni-qehremanlari-pambiqcilar\\\/\"},\"author\":{\"name\":\"user-manager\",\"@id\":\"https:\\\/\\\/www.meydan.tv\\\/az\\\/#\\\/schema\\\/person\\\/10d11eccf6da3662cf5fdab9806ea91a\"},\"headline\":\"\u00d6lk\u0259nin yeni q\u0259hr\u0259manlar\u0131 &#8211; pamb\u0131q\u00e7\u0131lar\",\"datePublished\":\"2016-10-16T17:33:20+00:00\",\"mainEntityOfPage\":{\"@id\":\"https:\\\/\\\/www.meydan.tv\\\/az\\\/article\\\/olkenin-yeni-qehremanlari-pambiqcilar\\\/\"},\"wordCount\":1262,\"publisher\":{\"@id\":\"https:\\\/\\\/www.meydan.tv\\\/az\\\/#organization\"},\"image\":{\"@id\":\"https:\\\/\\\/www.meydan.tv\\\/az\\\/article\\\/olkenin-yeni-qehremanlari-pambiqcilar\\\/#primaryimage\"},\"thumbnailUrl\":\"https:\\\/\\\/www.meydan.tv\\\/wp-content\\\/uploads\\\/25855.jpg\",\"articleSection\":[\"M\u0259nim Fikrimc\u0259\"],\"inLanguage\":\"az\"},{\"@type\":\"WebPage\",\"@id\":\"https:\\\/\\\/www.meydan.tv\\\/az\\\/article\\\/olkenin-yeni-qehremanlari-pambiqcilar\\\/\",\"url\":\"https:\\\/\\\/www.meydan.tv\\\/az\\\/article\\\/olkenin-yeni-qehremanlari-pambiqcilar\\\/\",\"name\":\"\u00d6lk\u0259nin yeni q\u0259hr\u0259manlar\u0131 - pamb\u0131q\u00e7\u0131lar - MEYDAN.TV\",\"isPartOf\":{\"@id\":\"https:\\\/\\\/www.meydan.tv\\\/az\\\/#website\"},\"primaryImageOfPage\":{\"@id\":\"https:\\\/\\\/www.meydan.tv\\\/az\\\/article\\\/olkenin-yeni-qehremanlari-pambiqcilar\\\/#primaryimage\"},\"image\":{\"@id\":\"https:\\\/\\\/www.meydan.tv\\\/az\\\/article\\\/olkenin-yeni-qehremanlari-pambiqcilar\\\/#primaryimage\"},\"thumbnailUrl\":\"https:\\\/\\\/www.meydan.tv\\\/wp-content\\\/uploads\\\/25855.jpg\",\"datePublished\":\"2016-10-16T17:33:20+00:00\",\"breadcrumb\":{\"@id\":\"https:\\\/\\\/www.meydan.tv\\\/az\\\/article\\\/olkenin-yeni-qehremanlari-pambiqcilar\\\/#breadcrumb\"},\"inLanguage\":\"az\",\"potentialAction\":[{\"@type\":\"ReadAction\",\"target\":[\"https:\\\/\\\/www.meydan.tv\\\/az\\\/article\\\/olkenin-yeni-qehremanlari-pambiqcilar\\\/\"]}]},{\"@type\":\"ImageObject\",\"inLanguage\":\"az\",\"@id\":\"https:\\\/\\\/www.meydan.tv\\\/az\\\/article\\\/olkenin-yeni-qehremanlari-pambiqcilar\\\/#primaryimage\",\"url\":\"https:\\\/\\\/www.meydan.tv\\\/wp-content\\\/uploads\\\/25855.jpg\",\"contentUrl\":\"https:\\\/\\\/www.meydan.tv\\\/wp-content\\\/uploads\\\/25855.jpg\",\"width\":500,\"height\":500,\"caption\":\"Source:\"},{\"@type\":\"BreadcrumbList\",\"@id\":\"https:\\\/\\\/www.meydan.tv\\\/az\\\/article\\\/olkenin-yeni-qehremanlari-pambiqcilar\\\/#breadcrumb\",\"itemListElement\":[{\"@type\":\"ListItem\",\"position\":1,\"name\":\"Ana s\u0259hif\u0259\",\"item\":\"https:\\\/\\\/www.meydan.tv\\\/az\\\/\"},{\"@type\":\"ListItem\",\"position\":2,\"name\":\"M\u0259nim Fikrimc\u0259\",\"item\":\"https:\\\/\\\/www.meydan.tv\\\/az\\\/section\\\/menim-fikrimce\\\/\"},{\"@type\":\"ListItem\",\"position\":3,\"name\":\"\u00d6lk\u0259nin yeni q\u0259hr\u0259manlar\u0131 &#8211; pamb\u0131q\u00e7\u0131lar\"}]},{\"@type\":\"WebSite\",\"@id\":\"https:\\\/\\\/www.meydan.tv\\\/az\\\/#website\",\"url\":\"https:\\\/\\\/www.meydan.tv\\\/az\\\/\",\"name\":\"MEYDAN.TV\",\"description\":\"Meydan TV Az\u0259rbaycan\u0131n media m\u0259kan\u0131ndak\u0131 alternativ s\u0259sidir\",\"publisher\":{\"@id\":\"https:\\\/\\\/www.meydan.tv\\\/az\\\/#organization\"},\"potentialAction\":[{\"@type\":\"SearchAction\",\"target\":{\"@type\":\"EntryPoint\",\"urlTemplate\":\"https:\\\/\\\/www.meydan.tv\\\/az\\\/?s={search_term_string}\"},\"query-input\":{\"@type\":\"PropertyValueSpecification\",\"valueRequired\":true,\"valueName\":\"search_term_string\"}}],\"inLanguage\":\"az\"},{\"@type\":\"Organization\",\"@id\":\"https:\\\/\\\/www.meydan.tv\\\/az\\\/#organization\",\"name\":\"Meydan TV\",\"url\":\"https:\\\/\\\/www.meydan.tv\\\/az\\\/\",\"logo\":{\"@type\":\"ImageObject\",\"inLanguage\":\"az\",\"@id\":\"https:\\\/\\\/www.meydan.tv\\\/az\\\/#\\\/schema\\\/logo\\\/image\\\/\",\"url\":\"https:\\\/\\\/www.meydan.tv\\\/wp-content\\\/uploads\\\/2021\\\/07\\\/meydan-logo.svg\",\"contentUrl\":\"https:\\\/\\\/www.meydan.tv\\\/wp-content\\\/uploads\\\/2021\\\/07\\\/meydan-logo.svg\",\"width\":195,\"height\":46,\"caption\":\"Meydan TV\"},\"image\":{\"@id\":\"https:\\\/\\\/www.meydan.tv\\\/az\\\/#\\\/schema\\\/logo\\\/image\\\/\"}},{\"@type\":\"Person\",\"@id\":\"https:\\\/\\\/www.meydan.tv\\\/az\\\/#\\\/schema\\\/person\\\/10d11eccf6da3662cf5fdab9806ea91a\",\"name\":\"user-manager\"}]}<\/script>\n<!-- \/ Yoast SEO plugin. -->","yoast_head_json":{"title":"\u00d6lk\u0259nin yeni q\u0259hr\u0259manlar\u0131 - pamb\u0131q\u00e7\u0131lar - MEYDAN.TV","robots":{"index":"index","follow":"follow","max-snippet":"max-snippet:-1","max-image-preview":"max-image-preview:large","max-video-preview":"max-video-preview:-1"},"canonical":"https:\/\/www.meydan.tv\/az\/article\/olkenin-yeni-qehremanlari-pambiqcilar\/","og_locale":"az_AZ","og_type":"article","og_title":"\u00d6lk\u0259nin yeni q\u0259hr\u0259manlar\u0131 - pamb\u0131q\u00e7\u0131lar - MEYDAN.TV","og_description":"Pamb\u0131q sad\u0259 v\u0259 konkret s\u00f6hb\u0259tdi. Y\u0131\u011f\u0131rsan. Pulunu al\u0131rsan. Az y\u0131\u011fd\u0131n \u2013az al\u0131rsan. \u00c7ox y\u0131\u011fd\u0131n \u2013\u00e7ox al\u0131rsan. Lap \u00e7ox y\u0131\u011fd\u0131n- olursan \u0259m\u0259k q\u0259hr\u0259man\u0131.","og_url":"https:\/\/www.meydan.tv\/az\/article\/olkenin-yeni-qehremanlari-pambiqcilar\/","og_site_name":"MEYDAN.TV","article_published_time":"2016-10-16T17:33:20+00:00","og_image":[{"width":500,"height":500,"url":"https:\/\/www.meydan.tv\/wp-content\/uploads\/25855.jpg","type":"image\/jpeg"}],"author":"user-manager","twitter_card":"summary_large_image","schema":{"@context":"https:\/\/schema.org","@graph":[{"@type":"Article","@id":"https:\/\/www.meydan.tv\/az\/article\/olkenin-yeni-qehremanlari-pambiqcilar\/#article","isPartOf":{"@id":"https:\/\/www.meydan.tv\/az\/article\/olkenin-yeni-qehremanlari-pambiqcilar\/"},"author":{"name":"user-manager","@id":"https:\/\/www.meydan.tv\/az\/#\/schema\/person\/10d11eccf6da3662cf5fdab9806ea91a"},"headline":"\u00d6lk\u0259nin yeni q\u0259hr\u0259manlar\u0131 &#8211; pamb\u0131q\u00e7\u0131lar","datePublished":"2016-10-16T17:33:20+00:00","mainEntityOfPage":{"@id":"https:\/\/www.meydan.tv\/az\/article\/olkenin-yeni-qehremanlari-pambiqcilar\/"},"wordCount":1262,"publisher":{"@id":"https:\/\/www.meydan.tv\/az\/#organization"},"image":{"@id":"https:\/\/www.meydan.tv\/az\/article\/olkenin-yeni-qehremanlari-pambiqcilar\/#primaryimage"},"thumbnailUrl":"https:\/\/www.meydan.tv\/wp-content\/uploads\/25855.jpg","articleSection":["M\u0259nim Fikrimc\u0259"],"inLanguage":"az"},{"@type":"WebPage","@id":"https:\/\/www.meydan.tv\/az\/article\/olkenin-yeni-qehremanlari-pambiqcilar\/","url":"https:\/\/www.meydan.tv\/az\/article\/olkenin-yeni-qehremanlari-pambiqcilar\/","name":"\u00d6lk\u0259nin yeni q\u0259hr\u0259manlar\u0131 - pamb\u0131q\u00e7\u0131lar - MEYDAN.TV","isPartOf":{"@id":"https:\/\/www.meydan.tv\/az\/#website"},"primaryImageOfPage":{"@id":"https:\/\/www.meydan.tv\/az\/article\/olkenin-yeni-qehremanlari-pambiqcilar\/#primaryimage"},"image":{"@id":"https:\/\/www.meydan.tv\/az\/article\/olkenin-yeni-qehremanlari-pambiqcilar\/#primaryimage"},"thumbnailUrl":"https:\/\/www.meydan.tv\/wp-content\/uploads\/25855.jpg","datePublished":"2016-10-16T17:33:20+00:00","breadcrumb":{"@id":"https:\/\/www.meydan.tv\/az\/article\/olkenin-yeni-qehremanlari-pambiqcilar\/#breadcrumb"},"inLanguage":"az","potentialAction":[{"@type":"ReadAction","target":["https:\/\/www.meydan.tv\/az\/article\/olkenin-yeni-qehremanlari-pambiqcilar\/"]}]},{"@type":"ImageObject","inLanguage":"az","@id":"https:\/\/www.meydan.tv\/az\/article\/olkenin-yeni-qehremanlari-pambiqcilar\/#primaryimage","url":"https:\/\/www.meydan.tv\/wp-content\/uploads\/25855.jpg","contentUrl":"https:\/\/www.meydan.tv\/wp-content\/uploads\/25855.jpg","width":500,"height":500,"caption":"Source:"},{"@type":"BreadcrumbList","@id":"https:\/\/www.meydan.tv\/az\/article\/olkenin-yeni-qehremanlari-pambiqcilar\/#breadcrumb","itemListElement":[{"@type":"ListItem","position":1,"name":"Ana s\u0259hif\u0259","item":"https:\/\/www.meydan.tv\/az\/"},{"@type":"ListItem","position":2,"name":"M\u0259nim Fikrimc\u0259","item":"https:\/\/www.meydan.tv\/az\/section\/menim-fikrimce\/"},{"@type":"ListItem","position":3,"name":"\u00d6lk\u0259nin yeni q\u0259hr\u0259manlar\u0131 &#8211; pamb\u0131q\u00e7\u0131lar"}]},{"@type":"WebSite","@id":"https:\/\/www.meydan.tv\/az\/#website","url":"https:\/\/www.meydan.tv\/az\/","name":"MEYDAN.TV","description":"Meydan TV Az\u0259rbaycan\u0131n media m\u0259kan\u0131ndak\u0131 alternativ s\u0259sidir","publisher":{"@id":"https:\/\/www.meydan.tv\/az\/#organization"},"potentialAction":[{"@type":"SearchAction","target":{"@type":"EntryPoint","urlTemplate":"https:\/\/www.meydan.tv\/az\/?s={search_term_string}"},"query-input":{"@type":"PropertyValueSpecification","valueRequired":true,"valueName":"search_term_string"}}],"inLanguage":"az"},{"@type":"Organization","@id":"https:\/\/www.meydan.tv\/az\/#organization","name":"Meydan TV","url":"https:\/\/www.meydan.tv\/az\/","logo":{"@type":"ImageObject","inLanguage":"az","@id":"https:\/\/www.meydan.tv\/az\/#\/schema\/logo\/image\/","url":"https:\/\/www.meydan.tv\/wp-content\/uploads\/2021\/07\/meydan-logo.svg","contentUrl":"https:\/\/www.meydan.tv\/wp-content\/uploads\/2021\/07\/meydan-logo.svg","width":195,"height":46,"caption":"Meydan TV"},"image":{"@id":"https:\/\/www.meydan.tv\/az\/#\/schema\/logo\/image\/"}},{"@type":"Person","@id":"https:\/\/www.meydan.tv\/az\/#\/schema\/person\/10d11eccf6da3662cf5fdab9806ea91a","name":"user-manager"}]}},"_links":{"self":[{"href":"https:\/\/www.meydan.tv\/az\/wp-json\/wp\/v2\/posts\/179642","targetHints":{"allow":["GET"]}}],"collection":[{"href":"https:\/\/www.meydan.tv\/az\/wp-json\/wp\/v2\/posts"}],"about":[{"href":"https:\/\/www.meydan.tv\/az\/wp-json\/wp\/v2\/types\/post"}],"author":[{"embeddable":true,"href":"https:\/\/www.meydan.tv\/az\/wp-json\/wp\/v2\/users\/11"}],"replies":[{"embeddable":true,"href":"https:\/\/www.meydan.tv\/az\/wp-json\/wp\/v2\/comments?post=179642"}],"version-history":[{"count":0,"href":"https:\/\/www.meydan.tv\/az\/wp-json\/wp\/v2\/posts\/179642\/revisions"}],"wp:featuredmedia":[{"embeddable":true,"href":"https:\/\/www.meydan.tv\/az\/wp-json\/wp\/v2\/media\/67667"}],"wp:attachment":[{"href":"https:\/\/www.meydan.tv\/az\/wp-json\/wp\/v2\/media?parent=179642"}],"wp:term":[{"taxonomy":"category","embeddable":true,"href":"https:\/\/www.meydan.tv\/az\/wp-json\/wp\/v2\/categories?post=179642"},{"taxonomy":"post_tag","embeddable":true,"href":"https:\/\/www.meydan.tv\/az\/wp-json\/wp\/v2\/tags?post=179642"}],"curies":[{"name":"wp","href":"https:\/\/api.w.org\/{rel}","templated":true}]}}