{"id":179620,"date":"2016-10-14T18:58:34","date_gmt":"2016-10-14T18:58:34","guid":{"rendered":"https:\/\/www.meydan.tv\/article\/islam-ve-cemiyyet\/"},"modified":"2016-10-14T18:58:34","modified_gmt":"2016-10-14T18:58:34","slug":"islam-ve-cemiyyet","status":"publish","type":"post","link":"https:\/\/www.meydan.tv\/az\/article\/islam-ve-cemiyyet\/","title":{"rendered":"\u0130slam v\u0259 c\u0259miyy\u0259t"},"content":{"rendered":"<figure class=\"wp-block-image size-large\">\n  <img decoding=\"async\" src=\"https:\/\/www.meydan.tv\/az\/nahid-ceferov-3\/\" alt=\"Nahid C\u0259f\u0259rov\" class=\"wp-image-70391\"\/><figcaption>\n    Nahid C\u0259f\u0259rov<br \/>\n  <\/figcaption><\/figure>\n<p>\n  B\u00fct\u00fcn dinl\u0259r kimi, \u0130slam da ikifazal\u0131 ibad\u0259ti \u00f6z\u00fcnd\u0259 birl\u0259\u015fdir\u0259n \u0259m\u0259ll\u0259r \u00fcz\u0259rind\u0259 qurulub. Bu iki fazan\u0131 \u0259g\u0259r qrafik \u00fcsulla izah etm\u0259li olsaq, vertikal m\u00fcst\u0259vid\u0259 olan \u0259m\u0259ll\u0259ri \u0259sas\u0259n \u015f\u0259xsin Allaha olan birba\u015fa ibad\u0259ti, horizontal m\u00fcst\u0259vid\u0259 is\u0259 insanlar\u0131n bir-biri il\u0259 olan m\u00fcnasib\u0259ti kimi izah etm\u0259k olar. \u018fg\u0259r ideal bir dindar\u0131n g\u00f6z\u00fc il\u0259 baxsaq, v\u0259d edil\u0259n c\u0259nn\u0259t\u0259 daxilolma ehtimal\u0131 yaln\u0131z o zaman y\u00fcks\u0259kdir ki, insan\u0131n \u0259m\u0259ll\u0259ri h\u0259r iki fazan\u0131n k\u0259si\u015fdiyi n\u00f6qt\u0259d\u0259 y\u00fcks\u0259k olsun. Y\u0259ni h\u0259m Allaha olan ibad\u0259ti normal qaydada yerin\u0259 yetirsin, h\u0259m d\u0259 insanlarla m\u00fcnasib\u0259ti y\u00fcks\u0259k etik d\u0259y\u0259rl\u0259ri \u0259sas\u0131nda qursun. Qeyd etm\u0259k laz\u0131md\u0131r ki, h\u0259r iki faza aras\u0131nda d\u00fcz m\u00fct\u0259nasib \u0259laq\u0259 m\u00f6vcuddur. S\u0259nin Allaha olan ibad\u0259tinin aliliyi s\u0259nin insanlara qar\u015f\u0131 m\u00fcnasib\u0259tin\u0259 m\u00fcsb\u0259t t\u0259sir etm\u0259lidir. S\u00f6zs\u00fcz ki, h\u0259r iki fazaya aid yana\u015fmalar geni\u015f m\u00fczakir\u0259 m\u00f6vzusu ola bil\u0259r. Lakin bu yaz\u0131da m\u0259qs\u0259d bu fazalar\u0131 v\u0259 ya dini f\u0259ls\u0259f\u0259ni izah etm\u0259k deyil, m\u0259qs\u0259d din\u0259 olan yana\u015fman\u0131n bu fazalar \u00e7\u0259r\u00e7iv\u0259sind\u0259 (Allaha birba\u015fa ibad\u0259t v\u0259 insanlar aras\u0131ndak\u0131 m\u00fcnasib\u0259tl\u0259r) c\u0259miyy\u0259td\u0259 yaratd\u0131\u011f\u0131 t\u0259sirl\u0259ri izah etm\u0259kdir. A\u00e7\u0131q \u015f\u0259kild\u0259 qeyd edir\u0259m ki, \u0259g\u0259r insanlar\u0131n da\u015f\u0131d\u0131\u011f\u0131 h\u0259r hans\u0131 bir inanc c\u0259miyy\u0259t\u0259 t\u0259hl\u00fck\u0259 v\u0259d etmirs\u0259, h\u0259r k\u0259sin inanc\u0131na b\u00f6y\u00fck h\u00f6rm\u0259tl\u0259 yana\u015f\u0131ram v\u0259 bu m\u0259qal\u0259d\u0259 d\u0259 hans\u0131 dinin d\u00fczg\u00fcn v\u0259 ya s\u0259hv olmas\u0131n\u0131 m\u00fczakir\u0259 etmir\u0259m.\n<\/p>\n<p>\n  Qeyd etm\u0259k laz\u0131md\u0131r ki, Az\u0259rbaycan kimi \u015f\u0259rq m\u0259d\u0259niyy\u0259tin\u0259 malik olan \u00f6lk\u0259l\u0259rd\u0259 dinin \u0259sas\u0259n vertikal fazas\u0131, y\u0259ni Allaha birba\u015fa ibad\u0259t fazas\u0131 inki\u015faf ets\u0259 d\u0259, q\u0259rb \u00f6lk\u0259l\u0259rind\u0259 vertikal faza unudularaq, b\u00fct\u00fcn diqq\u0259t horizontal, y\u0259ni insanlar aras\u0131ndak\u0131 m\u00fcnasib\u0259tl\u0259rin aliliyin\u0259 y\u00f6n\u0259lmi\u015fdir. Lakin insanlarla m\u00fcnasib\u0259td\u0259ki alilik m\u00fc\u0259yy\u0259n \u00f6l\u00e7\u00fc vahidl\u0259ri il\u0259 \u00f6l\u00e7\u00fcl\u0259 bils\u0259 d\u0259 (insanlara yard\u0131msev\u0259rlik, g\u00fcl\u0259r\u00fczl\u00fcl\u00fck, \u0259dal\u0259tlilik), Allaha olan birba\u015fa ibad\u0259t he\u00e7 bir \u00f6l\u00e7\u00fc vahidi il\u0259 \u00f6l\u00e7\u00fcl\u0259 bilmir v\u0259 o, yaln\u0131z insan v\u0259 Allah aras\u0131nda qal\u0131r. Bundan do\u011fan problem ondan ibar\u0259tdir ki, c\u0259miyy\u0259t \u00f6z\u00fc bu m\u00fcnasib\u0259tl\u0259rin m\u00fcf\u0259tti\u015fi rolunu oynama\u011fa ba\u015flay\u0131r v\u0259 insanla Allah aras\u0131ndak\u0131 ibad\u0259tin s\u0259mimiliyini horizontal fazada, y\u0259ni insanlarla m\u00fcnasib\u0259td\u0259 axtar\u0131r. Horizontal fazan\u0131n inki\u015faf\u0131 is\u0259 m\u00fc\u0259yy\u0259n q\u0259d\u0259r \u00e7\u0259tinlikl\u0259r yarad\u0131r v\u0259 bu da \u015f\u0259rq m\u0259d\u0259niyy\u0259tin\u0259 xas olan insanlarda bu fazan\u0131n inki\u015faf\u0131na olan mara\u011f\u0131 \u00f6ld\u00fcr\u00fcr.\n<\/p>\n<p>\n  Bundan \u0259lav\u0259, bir \u00e7ox insan vertikal fazan\u0131n inki\u015faf\u0131n\u0131, y\u0259ni Allaha olan ibad\u0259tinin vaxtl\u0131-vaxt\u0131nda yerin\u0259 yetirm\u0259sini, h\u0259cc ziyar\u0259tin\u0259 getm\u0259sini, oruc tutmas\u0131n\u0131 horizontal fazada, y\u0259ni insanlarla m\u00fcnasib\u0259td\u0259 daha s\u0259rb\u0259st davrana bilm\u0259 imkan\u0131 kimi q\u0259bul edir. M\u0259hz bu s\u0259b\u0259bd\u0259n yuxar\u0131da qeyd edil\u0259n dini ayinl\u0259ri yerin\u0259 yetir\u0259n insanlar\u0131n bir \u00e7oxu c\u0259miyy\u0259td\u0259 qeyri-etik say\u0131lan davran\u0131\u015flara sahib olurlar. Bir \u00e7oxu \u015f\u00fcuralt\u0131 d\u00fc\u015f\u00fcn\u00fcr ki, \u0259g\u0259r m\u0259n ibad\u0259timi vaxtl\u0131-vaxt\u0131nda yerin\u0259 yetir\u0259r\u0259k vertikal kanal\u0131 t\u0259miz saxlay\u0131ramsa, horizontal m\u00fcst\u0259vid\u0259 s\u0259rb\u0259st\u0259m v\u0259 g\u00fcnah ets\u0259m d\u0259, Allah m\u0259ni ba\u011f\u0131\u015flayar.\n<\/p>\n<p>\n  \u00a0Bundan \u0259lav\u0259, c\u0259miyy\u0259tin m\u00fcf\u0259tti\u015f rolunu oynamas\u0131 m\u00fcs\u0259lman al\u0259mind\u0259 saxta v\u0259 qeyri s\u0259mimi bir k\u00fctl\u0259nin formala\u015fmas\u0131na s\u0259b\u0259b olur. Qeyd etm\u0259k laz\u0131md\u0131r ki, etik d\u0259y\u0259rl\u0259r yaln\u0131z onlar\u0131 s\u0259rb\u0259st formada k\u00f6n\u00fcll\u00fc olaraq h\u0259yata ke\u00e7irm\u0259kl\u0259 formala\u015f\u0131r v\u0259 \u015f\u0259xsiyy\u0259tin \u015f\u0259xsi kimliyinin bir s\u00fctununa \u00e7evrilir. C\u0259miyy\u0259tin individuallar \u00fcz\u0259rin\u0259 qoydu\u011fu basq\u0131 bizd\u0259 bu d\u0259y\u0259rl\u0259rin yaln\u0131z c\u0259miyy\u0259td\u0259 m\u00fc\u0259yy\u0259n xal qazanmaq, \u0259traf insanlar t\u0259r\u0259find\u0259n h\u00f6rm\u0259tl\u0259 qar\u015f\u0131lanmaq namin\u0259 h\u0259yata ke\u00e7irm\u0259yimiz\u0259 s\u0259b\u0259b olur. M\u0259hz bu s\u0259b\u0259bd\u0259ndir ki, demokratik c\u0259miyy\u0259t\u0259 ayaq basan \u0259ks\u0259r m\u00fcs\u0259lmanlar s\u0259rb\u0259stliyin m\u0259suliyy\u0259tini d\u0259rk etm\u0259d\u0259n ilkin olaraq \u0259xlaqs\u0131z m\u0259kanlara, kofe\u015foplara (uyu\u015fdurucu maddal\u0259rin sat\u0131ld\u0131\u011f\u0131 yer) v\u0259 ya cinay\u0259t al\u0259min\u0259 meyl edirl\u0259r. Avropada cinay\u0259t t\u00f6r\u0259d\u0259n \u015f\u0259xsl\u0259rin statistik g\u00f6st\u0259ricil\u0259rin\u0259 baxsaq, ilk yerd\u0259 duran insanlar m\u0259hz m\u00fcs\u0259lman d\u00f6vl\u0259tl\u0259rind\u0259n g\u0259l\u0259n insanlard\u0131r. Bir \u00e7ox insan\u0131n yaln\u0131z Ramazan ay\u0131nda m\u0259l\u0259y\u0259 d\u00f6nm\u0259si, yaln\u0131z M\u0259h\u0259rr\u0259mlik ay\u0131nda m\u00fcq\u0259dd\u0259s sayd\u0131qlar\u0131 insanlar\u0131 yad etm\u0259si, qurban bayram\u0131nda kas\u0131ba he\u00e7 vaxt qism\u0259t olmayan mal-qaran\u0131n k\u0259silm\u0259si d\u0259 m\u0259hz bu saxtakarl\u0131qla v\u0259 birinci fazan\u0131 daha da aktivl\u0259\u015fdirm\u0259k ist\u0259yi il\u0259 izah edil\u0259 bil\u0259r.\n<\/p>\n<p>\n  \u015e\u0259rq c\u0259miyy\u0259tind\u0259n f\u0259rqli olaraq q\u0259rb c\u0259miyy\u0259ti yaln\u0131z horizontal m\u00fcst\u0259vini inki\u015faf etdir\u0259r\u0259k, bir-birl\u0259rin\u0259 qar\u015f\u0131 daha s\u0259mimi \u00fcnsiyy\u0259td\u0259 olurlar. M\u0259hz bu s\u0259b\u0259bd\u0259ndir ki, mus\u0259lman qa\u00e7q\u0131nlar\u0131 \u00e7ox varl\u0131 m\u00fcs\u0259lman-\u0259r\u0259b \u00f6lk\u0259l\u0259rin\u0259 deyil, bir \u00e7ox t\u0259hl\u00fck\u0259li yollardan ke\u00e7\u0259r\u0259k m\u0259hz bu d\u0259y\u0259rl\u0259rin qorundu\u011fu q\u0259rb \u00f6lk\u0259l\u0259rin\u0259 \u00fcz tuturlar. Bel\u0259 c\u0259miyy\u0259tl\u0259r \u0259sas\u0259n insanlar\u0131n bir-birin\u0259 v\u0259 eyni zamanda d\u00f6vl\u0259tin v\u0259t\u0259nda\u015flara olan inam\u0131 \u00fcz\u0259rind\u0259 qurulur. Bunu ist\u0259nil\u0259n sah\u0259d\u0259 v\u0259 o c\u00fcml\u0259d\u0259n universitetl\u0259rd\u0259 imtahan zaman\u0131 ayd\u0131n \u015f\u0259kild\u0259 hiss etm\u0259k m\u00fcmk\u00fcnd\u00fcr. Bel\u0259 ki, universitet t\u0259r\u0259find\u0259n imtahan prosesini kims\u0259 ciddi \u015f\u0259kild\u0259 n\u0259zar\u0259td\u0259 saxlam\u0131r. Bu, b\u00fct\u00fcn t\u0259l\u0259b\u0259l\u0259r\u0259 imtahan n\u0259tic\u0259l\u0259rini k\u00f6\u00e7\u00fcrm\u0259k imkan\u0131 vers\u0259 d\u0259, kims\u0259 bundan sui-istifad\u0259 etmir.\n<\/p>\n<p>\n  \u00a0\u0130slam dinin\u0259 yana\u015fmam\u0131z bizi yaln\u0131z k\u00fctl\u0259vi \u015f\u0259kild\u0259 saxtala\u015fd\u0131rm\u0131r, eyni zamanda siyasi m\u00fcbariz\u0259d\u0259n uzaqla\u015fd\u0131r\u0131r. Az\u0259rbaycan\u0131n b\u00f6y\u00fck \u0259ks\u0259riyy\u0259tinin \u015fi\u0259 t\u0259riq\u0259tin\u0259 m\u0259xsus oldu\u011funu n\u0259z\u0259r\u0259 alaraq, bu t\u0259riq\u0259td\u0259 12-ci imam\u0131n z\u00fchuru ham\u0131l\u0131qla q\u0259bul olunan bir anlay\u0131\u015fd\u0131r. Bir daha qeyd edir\u0259m ki, m\u0259qs\u0259dim bu yana\u015fman\u0131n h\u0259qiqi v\u0259 ya saxta olmas\u0131n\u0131 iddia etm\u0259k deyil. Bunu iddia etm\u0259k \u00fc\u00e7\u00fcn kifay\u0259t q\u0259d\u0259r dini savada malik deyil\u0259m. Lakin bunun c\u0259miyy\u0259td\u0259 yaratd\u0131\u011f\u0131 effekti izah etm\u0259y\u0259 \u00e7al\u0131\u015f\u0131ram.\n<\/p>\n<p>\n  \u00a0Daha da d\u0259rin\u0259 gets\u0259k, bu inanca g\u00f6r\u0259 d\u00fcnyada yaln\u0131z 12-ci imam\u0131n\u00a0 z\u00fchurundan sonra \u0259dal\u0259t b\u0259rpa olunacaq v\u0259 yaln\u0131z o zaman haqq \u00f6z yerini tapacaq. Bu yana\u015fman\u0131n insanlar\u0131n beynind\u0259 yaratd\u0131\u011f\u0131 effekt ondan ibar\u0259tdir ki, biz n\u0259 q\u0259d\u0259r d\u0259 m\u00fcbariz\u0259 aparsaq, onsuz da \u0259dal\u0259ti t\u0259min ed\u0259 bilm\u0259rik. \u00c7\u00fcnki \u0259dal\u0259t yaln\u0131z 12-ci imam\u0131n z\u00fchuru il\u0259 t\u0259min edil\u0259 bil\u0259r. Bel\u0259 olan halda h\u0259r k\u0259s c\u0259miyy\u0259td\u0259 ba\u015f ver\u0259n haqs\u0131zl\u0131\u011fa qar\u015f\u0131 m\u00fcbariz\u0259d\u0259 tam m\u0259suliyy\u0259td\u0259n azad edilir. \u00c7\u00fcnki o \u015f\u0259xs d\u00fc\u015f\u00fcn\u00fcr ki, bu, m\u0259nim yox, m\u0259hz 12-ci imam\u0131n i\u015fidir. O g\u0259l\u0259r v\u0259 h\u0259r \u015fey d\u00fcz\u0259l\u0259r. Onun n\u0259 zaman g\u0259l\u0259c\u0259yini v\u0259 ya g\u0259lib g\u0259lm\u0259y\u0259c\u0259yini bilmir\u0259m, bildiyim odur ki, h\u0259yat\u0131n\u0131n nec\u0259 ya\u015fama\u011f\u0131n\u0131n m\u0259suliyy\u0259ti, \u00f6vlad\u0131n\u0131n ac v\u0259 savads\u0131z bir qul kimi b\u00f6y\u00fcm\u0259sinin h\u0259m g\u00fcnahkar\u0131 v\u0259 h\u0259m d\u0259 m\u0259suliyy\u0259ti s\u0259nd\u0259dir. Bunu qorxudan 12-ci imam\u0131n \u00fcz\u0259rin\u0259 at\u0131rsansa, bunun da cavab\u0131n\u0131 \u00f6z\u00fcn ver\u0259c\u0259ks\u0259n.\n<\/p>\n<p>\n  \u00a0\u0130slama yana\u015fmadan do\u011fan daha bir problem \u201ch\u0259r g\u00fcn\u00fcn\u0259 \u015f\u00fck\u00fcr etm\u0259k\u201d anlay\u0131\u015f\u0131d\u0131r. Bu insanlar\u0131 m\u00fcbariz\u0259d\u0259 oyun\u00e7u yox, qurban rolunu se\u00e7m\u0259y\u0259 vadar edir. B\u00fct\u00fcn insanlar\u0131n m\u00fcbariz\u0259 hissini k\u00f6k\u00fcnd\u0259n da\u011f\u0131dan bu yana\u015fma \u00f6z\u00fc il\u0259 daha ba\u015fqa bir yana\u015fman\u0131 g\u0259tirir: \u201c\u018fg\u0259r n\u0259yins\u0259 d\u00fcz\u0259lm\u0259sini ist\u0259yirs\u0259ns\u0259, yaln\u0131z dua el\u0259\u201d. Q\u0259ti \u015f\u0259kild\u0259 deyir\u0259m ki, dua el\u0259m\u0259. \u018fmin ol ki, Allah s\u0259nin kimi qorxaq bir insan\u0131n duas\u0131n\u0131 \u00e7\u0259tin q\u0259bul etsin. \u018fli \u0130bn \u018fbutalibd\u0259n g\u0259tiril\u0259n \u201czalimin z\u00fclm\u00fc m\u0259zlumun d\u00f6z\u00fcm\u00fc q\u0259d\u0259rdir\u201d sitat\u0131 m\u00fcbariz\u0259nin vacibliyini a\u00e7\u0131q \u015f\u0259kild\u0259 b\u0259yan edir. Qeyd edil\u0259n h\u0259r iki yana\u015fmalar c\u0259miyy\u0259td\u0259 saxta v\u0259 qorxaq bir toplumun yaranmas\u0131na s\u0259b\u0259b olur.\n<\/p>\n<p>\n  Bunun da \u0259sas s\u0259b\u0259bl\u0259rind\u0259n biri bu inanclar\u0131 formala\u015fd\u0131ran \u015f\u0259xsl\u0259rl\u0259 ba\u011fl\u0131d\u0131r. Bel\u0259 ki, Az\u0259rbaycanda \u0130slam\u0131n t\u0259bli\u011fi yaln\u0131z molla kimi tan\u0131nan \u015f\u0259xsl\u0259rl\u0259 h\u0259yata ke\u00e7irilir. Bu \u015f\u0259xsl\u0259rin b\u00f6y\u00fck \u0259ks\u0259riyy\u0259tinin \u0130slama yana\u015fmas\u0131 m\u0259hz g\u00fcnd\u0259lik dolan\u0131\u015f\u0131\u011f\u0131n\u0131 t\u0259min etm\u0259k kimi bir m\u0259qs\u0259dl\u0259 m\u0259hdudla\u015f\u0131r. He\u00e7 bir d\u00fcny\u0259vi v\u0259 dini savada malik olmayan bu insanlar c\u0259miyy\u0259td\u0259 yuxar\u0131da qeyd edil\u0259n yana\u015fmalar\u0131n geni\u015f v\u00fcs\u0259t almas\u0131na s\u0259b\u0259b olurlar. Bu kimi insanlar\u0131n m\u0259hdud d\u00fcnyag\u00f6r\u00fc\u015f\u00fc T\u00fcrkiy\u0259d\u0259 \u0259sg\u0259r ba\u015f\u0131n\u0131n k\u0259silm\u0259sin\u0259, bir q\u0131z\u0131n avtobusda dindarlar t\u0259r\u0259find\u0259n d\u00f6y\u00fclm\u0259sin\u0259 v\u0259 \u0259n \u0259sas\u0131 \u0130\u015e\u0130D kimi radikal q\u00fcvv\u0259l\u0259rin meydana g\u0259lm\u0259sin\u0259 s\u0259b\u0259b olub.\n<\/p>\n<p>\n  B\u00fct\u00fcn bunlar\u0131 n\u0259z\u0259r\u0259 alaraq qeyd etm\u0259k laz\u0131md\u0131r ki, \u00f6lk\u0259d\u0259 dini savads\u0131zl\u0131\u011f\u0131n aradan qald\u0131r\u0131lmas\u0131 \u00fc\u00e7\u00fcn orta m\u0259kt\u0259b proqram\u0131na dini d\u0259rsl\u0259rin sal\u0131nmas\u0131, dinin t\u0259bli\u011fi il\u0259 m\u0259\u015f\u011ful olan dindarlar\u0131n d\u00fcnyavi savada malik olmalar\u0131 \u00e7ox vacib m\u0259s\u0259l\u0259l\u0259rdir v\u0259 qurulacaq demokratik h\u00f6kum\u0259t t\u0259r\u0259find\u0259n ciddi n\u0259zar\u0259t\u0259 g\u00f6t\u00fcr\u00fclm\u0259lidir.<\/p>\n","protected":false},"excerpt":{"rendered":"<p>\u015e\u0259rq c\u0259miyy\u0259tind\u0259n f\u0259rqli olaraq q\u0259rb c\u0259miyy\u0259ti yaln\u0131z horizontal m\u00fcst\u0259vini inki\u015faf etdir\u0259r\u0259k, bir-birl\u0259rin\u0259 qar\u015f\u0131 daha s\u0259mimi \u00fcnsiyy\u0259td\u0259 olurlar.<\/p>\n","protected":false},"author":11,"featured_media":70391,"comment_status":"closed","ping_status":"open","sticky":false,"template":"","format":"standard","meta":{"_acf_changed":false,"_sitemap_exclude":false,"_sitemap_priority":"","_sitemap_frequency":"","footnotes":""},"categories":[57],"tags":[],"class_list":["post-179620","post","type-post","status-publish","format-standard","has-post-thumbnail","hentry","category-menim-fikrimce","infinite-scroll-item","generate-columns","tablet-grid-50","mobile-grid-100","grid-parent","grid-33","no-featured-image-padding"],"acf":[],"yoast_head":"<!-- This site is optimized with the Yoast SEO plugin v27.5 - https:\/\/yoast.com\/product\/yoast-seo-wordpress\/ -->\n<title>\u0130slam v\u0259 c\u0259miyy\u0259t - MEYDAN.TV<\/title>\n<meta name=\"robots\" content=\"index, follow, max-snippet:-1, max-image-preview:large, max-video-preview:-1\" \/>\n<link rel=\"canonical\" href=\"https:\/\/www.meydan.tv\/az\/article\/islam-ve-cemiyyet\/\" \/>\n<meta property=\"og:locale\" content=\"az_AZ\" \/>\n<meta property=\"og:type\" content=\"article\" \/>\n<meta property=\"og:title\" content=\"\u0130slam v\u0259 c\u0259miyy\u0259t - MEYDAN.TV\" \/>\n<meta property=\"og:description\" content=\"\u015e\u0259rq c\u0259miyy\u0259tind\u0259n f\u0259rqli olaraq q\u0259rb c\u0259miyy\u0259ti yaln\u0131z horizontal m\u00fcst\u0259vini inki\u015faf etdir\u0259r\u0259k, bir-birl\u0259rin\u0259 qar\u015f\u0131 daha s\u0259mimi \u00fcnsiyy\u0259td\u0259 olurlar.\" \/>\n<meta property=\"og:url\" content=\"https:\/\/www.meydan.tv\/az\/article\/islam-ve-cemiyyet\/\" \/>\n<meta property=\"og:site_name\" content=\"MEYDAN.TV\" \/>\n<meta property=\"article:published_time\" content=\"2016-10-14T18:58:34+00:00\" \/>\n<meta property=\"og:image\" content=\"https:\/\/www.meydan.tv\/wp-content\/uploads\/26940.jpg\" \/>\n\t<meta property=\"og:image:width\" content=\"600\" \/>\n\t<meta property=\"og:image:height\" content=\"600\" \/>\n\t<meta property=\"og:image:type\" content=\"image\/jpeg\" \/>\n<meta name=\"author\" content=\"user-manager\" \/>\n<meta name=\"twitter:card\" content=\"summary_large_image\" \/>\n<script type=\"application\/ld+json\" class=\"yoast-schema-graph\">{\"@context\":\"https:\\\/\\\/schema.org\",\"@graph\":[{\"@type\":\"Article\",\"@id\":\"https:\\\/\\\/www.meydan.tv\\\/az\\\/article\\\/islam-ve-cemiyyet\\\/#article\",\"isPartOf\":{\"@id\":\"https:\\\/\\\/www.meydan.tv\\\/az\\\/article\\\/islam-ve-cemiyyet\\\/\"},\"author\":{\"name\":\"user-manager\",\"@id\":\"https:\\\/\\\/www.meydan.tv\\\/az\\\/#\\\/schema\\\/person\\\/10d11eccf6da3662cf5fdab9806ea91a\"},\"headline\":\"\u0130slam v\u0259 c\u0259miyy\u0259t\",\"datePublished\":\"2016-10-14T18:58:34+00:00\",\"mainEntityOfPage\":{\"@id\":\"https:\\\/\\\/www.meydan.tv\\\/az\\\/article\\\/islam-ve-cemiyyet\\\/\"},\"wordCount\":1839,\"publisher\":{\"@id\":\"https:\\\/\\\/www.meydan.tv\\\/az\\\/#organization\"},\"image\":{\"@id\":\"https:\\\/\\\/www.meydan.tv\\\/az\\\/article\\\/islam-ve-cemiyyet\\\/#primaryimage\"},\"thumbnailUrl\":\"https:\\\/\\\/www.meydan.tv\\\/wp-content\\\/uploads\\\/26940.jpg\",\"articleSection\":[\"M\u0259nim Fikrimc\u0259\"],\"inLanguage\":\"az\"},{\"@type\":\"WebPage\",\"@id\":\"https:\\\/\\\/www.meydan.tv\\\/az\\\/article\\\/islam-ve-cemiyyet\\\/\",\"url\":\"https:\\\/\\\/www.meydan.tv\\\/az\\\/article\\\/islam-ve-cemiyyet\\\/\",\"name\":\"\u0130slam v\u0259 c\u0259miyy\u0259t - MEYDAN.TV\",\"isPartOf\":{\"@id\":\"https:\\\/\\\/www.meydan.tv\\\/az\\\/#website\"},\"primaryImageOfPage\":{\"@id\":\"https:\\\/\\\/www.meydan.tv\\\/az\\\/article\\\/islam-ve-cemiyyet\\\/#primaryimage\"},\"image\":{\"@id\":\"https:\\\/\\\/www.meydan.tv\\\/az\\\/article\\\/islam-ve-cemiyyet\\\/#primaryimage\"},\"thumbnailUrl\":\"https:\\\/\\\/www.meydan.tv\\\/wp-content\\\/uploads\\\/26940.jpg\",\"datePublished\":\"2016-10-14T18:58:34+00:00\",\"breadcrumb\":{\"@id\":\"https:\\\/\\\/www.meydan.tv\\\/az\\\/article\\\/islam-ve-cemiyyet\\\/#breadcrumb\"},\"inLanguage\":\"az\",\"potentialAction\":[{\"@type\":\"ReadAction\",\"target\":[\"https:\\\/\\\/www.meydan.tv\\\/az\\\/article\\\/islam-ve-cemiyyet\\\/\"]}]},{\"@type\":\"ImageObject\",\"inLanguage\":\"az\",\"@id\":\"https:\\\/\\\/www.meydan.tv\\\/az\\\/article\\\/islam-ve-cemiyyet\\\/#primaryimage\",\"url\":\"https:\\\/\\\/www.meydan.tv\\\/wp-content\\\/uploads\\\/26940.jpg\",\"contentUrl\":\"https:\\\/\\\/www.meydan.tv\\\/wp-content\\\/uploads\\\/26940.jpg\",\"width\":600,\"height\":600,\"caption\":\"Source:\"},{\"@type\":\"BreadcrumbList\",\"@id\":\"https:\\\/\\\/www.meydan.tv\\\/az\\\/article\\\/islam-ve-cemiyyet\\\/#breadcrumb\",\"itemListElement\":[{\"@type\":\"ListItem\",\"position\":1,\"name\":\"Ana s\u0259hif\u0259\",\"item\":\"https:\\\/\\\/www.meydan.tv\\\/az\\\/\"},{\"@type\":\"ListItem\",\"position\":2,\"name\":\"M\u0259nim Fikrimc\u0259\",\"item\":\"https:\\\/\\\/www.meydan.tv\\\/az\\\/section\\\/menim-fikrimce\\\/\"},{\"@type\":\"ListItem\",\"position\":3,\"name\":\"\u0130slam v\u0259 c\u0259miyy\u0259t\"}]},{\"@type\":\"WebSite\",\"@id\":\"https:\\\/\\\/www.meydan.tv\\\/az\\\/#website\",\"url\":\"https:\\\/\\\/www.meydan.tv\\\/az\\\/\",\"name\":\"MEYDAN.TV\",\"description\":\"Meydan TV Az\u0259rbaycan\u0131n media m\u0259kan\u0131ndak\u0131 alternativ s\u0259sidir\",\"publisher\":{\"@id\":\"https:\\\/\\\/www.meydan.tv\\\/az\\\/#organization\"},\"potentialAction\":[{\"@type\":\"SearchAction\",\"target\":{\"@type\":\"EntryPoint\",\"urlTemplate\":\"https:\\\/\\\/www.meydan.tv\\\/az\\\/?s={search_term_string}\"},\"query-input\":{\"@type\":\"PropertyValueSpecification\",\"valueRequired\":true,\"valueName\":\"search_term_string\"}}],\"inLanguage\":\"az\"},{\"@type\":\"Organization\",\"@id\":\"https:\\\/\\\/www.meydan.tv\\\/az\\\/#organization\",\"name\":\"Meydan TV\",\"url\":\"https:\\\/\\\/www.meydan.tv\\\/az\\\/\",\"logo\":{\"@type\":\"ImageObject\",\"inLanguage\":\"az\",\"@id\":\"https:\\\/\\\/www.meydan.tv\\\/az\\\/#\\\/schema\\\/logo\\\/image\\\/\",\"url\":\"https:\\\/\\\/www.meydan.tv\\\/wp-content\\\/uploads\\\/2021\\\/07\\\/meydan-logo.svg\",\"contentUrl\":\"https:\\\/\\\/www.meydan.tv\\\/wp-content\\\/uploads\\\/2021\\\/07\\\/meydan-logo.svg\",\"width\":195,\"height\":46,\"caption\":\"Meydan TV\"},\"image\":{\"@id\":\"https:\\\/\\\/www.meydan.tv\\\/az\\\/#\\\/schema\\\/logo\\\/image\\\/\"}},{\"@type\":\"Person\",\"@id\":\"https:\\\/\\\/www.meydan.tv\\\/az\\\/#\\\/schema\\\/person\\\/10d11eccf6da3662cf5fdab9806ea91a\",\"name\":\"user-manager\"}]}<\/script>\n<!-- \/ Yoast SEO plugin. -->","yoast_head_json":{"title":"\u0130slam v\u0259 c\u0259miyy\u0259t - MEYDAN.TV","robots":{"index":"index","follow":"follow","max-snippet":"max-snippet:-1","max-image-preview":"max-image-preview:large","max-video-preview":"max-video-preview:-1"},"canonical":"https:\/\/www.meydan.tv\/az\/article\/islam-ve-cemiyyet\/","og_locale":"az_AZ","og_type":"article","og_title":"\u0130slam v\u0259 c\u0259miyy\u0259t - MEYDAN.TV","og_description":"\u015e\u0259rq c\u0259miyy\u0259tind\u0259n f\u0259rqli olaraq q\u0259rb c\u0259miyy\u0259ti yaln\u0131z horizontal m\u00fcst\u0259vini inki\u015faf etdir\u0259r\u0259k, bir-birl\u0259rin\u0259 qar\u015f\u0131 daha s\u0259mimi \u00fcnsiyy\u0259td\u0259 olurlar.","og_url":"https:\/\/www.meydan.tv\/az\/article\/islam-ve-cemiyyet\/","og_site_name":"MEYDAN.TV","article_published_time":"2016-10-14T18:58:34+00:00","og_image":[{"width":600,"height":600,"url":"https:\/\/www.meydan.tv\/wp-content\/uploads\/26940.jpg","type":"image\/jpeg"}],"author":"user-manager","twitter_card":"summary_large_image","schema":{"@context":"https:\/\/schema.org","@graph":[{"@type":"Article","@id":"https:\/\/www.meydan.tv\/az\/article\/islam-ve-cemiyyet\/#article","isPartOf":{"@id":"https:\/\/www.meydan.tv\/az\/article\/islam-ve-cemiyyet\/"},"author":{"name":"user-manager","@id":"https:\/\/www.meydan.tv\/az\/#\/schema\/person\/10d11eccf6da3662cf5fdab9806ea91a"},"headline":"\u0130slam v\u0259 c\u0259miyy\u0259t","datePublished":"2016-10-14T18:58:34+00:00","mainEntityOfPage":{"@id":"https:\/\/www.meydan.tv\/az\/article\/islam-ve-cemiyyet\/"},"wordCount":1839,"publisher":{"@id":"https:\/\/www.meydan.tv\/az\/#organization"},"image":{"@id":"https:\/\/www.meydan.tv\/az\/article\/islam-ve-cemiyyet\/#primaryimage"},"thumbnailUrl":"https:\/\/www.meydan.tv\/wp-content\/uploads\/26940.jpg","articleSection":["M\u0259nim Fikrimc\u0259"],"inLanguage":"az"},{"@type":"WebPage","@id":"https:\/\/www.meydan.tv\/az\/article\/islam-ve-cemiyyet\/","url":"https:\/\/www.meydan.tv\/az\/article\/islam-ve-cemiyyet\/","name":"\u0130slam v\u0259 c\u0259miyy\u0259t - MEYDAN.TV","isPartOf":{"@id":"https:\/\/www.meydan.tv\/az\/#website"},"primaryImageOfPage":{"@id":"https:\/\/www.meydan.tv\/az\/article\/islam-ve-cemiyyet\/#primaryimage"},"image":{"@id":"https:\/\/www.meydan.tv\/az\/article\/islam-ve-cemiyyet\/#primaryimage"},"thumbnailUrl":"https:\/\/www.meydan.tv\/wp-content\/uploads\/26940.jpg","datePublished":"2016-10-14T18:58:34+00:00","breadcrumb":{"@id":"https:\/\/www.meydan.tv\/az\/article\/islam-ve-cemiyyet\/#breadcrumb"},"inLanguage":"az","potentialAction":[{"@type":"ReadAction","target":["https:\/\/www.meydan.tv\/az\/article\/islam-ve-cemiyyet\/"]}]},{"@type":"ImageObject","inLanguage":"az","@id":"https:\/\/www.meydan.tv\/az\/article\/islam-ve-cemiyyet\/#primaryimage","url":"https:\/\/www.meydan.tv\/wp-content\/uploads\/26940.jpg","contentUrl":"https:\/\/www.meydan.tv\/wp-content\/uploads\/26940.jpg","width":600,"height":600,"caption":"Source:"},{"@type":"BreadcrumbList","@id":"https:\/\/www.meydan.tv\/az\/article\/islam-ve-cemiyyet\/#breadcrumb","itemListElement":[{"@type":"ListItem","position":1,"name":"Ana s\u0259hif\u0259","item":"https:\/\/www.meydan.tv\/az\/"},{"@type":"ListItem","position":2,"name":"M\u0259nim Fikrimc\u0259","item":"https:\/\/www.meydan.tv\/az\/section\/menim-fikrimce\/"},{"@type":"ListItem","position":3,"name":"\u0130slam v\u0259 c\u0259miyy\u0259t"}]},{"@type":"WebSite","@id":"https:\/\/www.meydan.tv\/az\/#website","url":"https:\/\/www.meydan.tv\/az\/","name":"MEYDAN.TV","description":"Meydan TV Az\u0259rbaycan\u0131n media m\u0259kan\u0131ndak\u0131 alternativ s\u0259sidir","publisher":{"@id":"https:\/\/www.meydan.tv\/az\/#organization"},"potentialAction":[{"@type":"SearchAction","target":{"@type":"EntryPoint","urlTemplate":"https:\/\/www.meydan.tv\/az\/?s={search_term_string}"},"query-input":{"@type":"PropertyValueSpecification","valueRequired":true,"valueName":"search_term_string"}}],"inLanguage":"az"},{"@type":"Organization","@id":"https:\/\/www.meydan.tv\/az\/#organization","name":"Meydan TV","url":"https:\/\/www.meydan.tv\/az\/","logo":{"@type":"ImageObject","inLanguage":"az","@id":"https:\/\/www.meydan.tv\/az\/#\/schema\/logo\/image\/","url":"https:\/\/www.meydan.tv\/wp-content\/uploads\/2021\/07\/meydan-logo.svg","contentUrl":"https:\/\/www.meydan.tv\/wp-content\/uploads\/2021\/07\/meydan-logo.svg","width":195,"height":46,"caption":"Meydan TV"},"image":{"@id":"https:\/\/www.meydan.tv\/az\/#\/schema\/logo\/image\/"}},{"@type":"Person","@id":"https:\/\/www.meydan.tv\/az\/#\/schema\/person\/10d11eccf6da3662cf5fdab9806ea91a","name":"user-manager"}]}},"_links":{"self":[{"href":"https:\/\/www.meydan.tv\/az\/wp-json\/wp\/v2\/posts\/179620","targetHints":{"allow":["GET"]}}],"collection":[{"href":"https:\/\/www.meydan.tv\/az\/wp-json\/wp\/v2\/posts"}],"about":[{"href":"https:\/\/www.meydan.tv\/az\/wp-json\/wp\/v2\/types\/post"}],"author":[{"embeddable":true,"href":"https:\/\/www.meydan.tv\/az\/wp-json\/wp\/v2\/users\/11"}],"replies":[{"embeddable":true,"href":"https:\/\/www.meydan.tv\/az\/wp-json\/wp\/v2\/comments?post=179620"}],"version-history":[{"count":0,"href":"https:\/\/www.meydan.tv\/az\/wp-json\/wp\/v2\/posts\/179620\/revisions"}],"wp:featuredmedia":[{"embeddable":true,"href":"https:\/\/www.meydan.tv\/az\/wp-json\/wp\/v2\/media\/70391"}],"wp:attachment":[{"href":"https:\/\/www.meydan.tv\/az\/wp-json\/wp\/v2\/media?parent=179620"}],"wp:term":[{"taxonomy":"category","embeddable":true,"href":"https:\/\/www.meydan.tv\/az\/wp-json\/wp\/v2\/categories?post=179620"},{"taxonomy":"post_tag","embeddable":true,"href":"https:\/\/www.meydan.tv\/az\/wp-json\/wp\/v2\/tags?post=179620"}],"curies":[{"name":"wp","href":"https:\/\/api.w.org\/{rel}","templated":true}]}}