{"id":179588,"date":"2016-10-13T19:24:25","date_gmt":"2016-10-13T19:24:25","guid":{"rendered":"https:\/\/www.meydan.tv\/article\/idman-olkesinden-polis-olkesine\/"},"modified":"2016-10-13T19:24:25","modified_gmt":"2016-10-13T19:24:25","slug":"idman-olkesinden-polis-olkesine","status":"publish","type":"post","link":"https:\/\/www.meydan.tv\/az\/article\/idman-olkesinden-polis-olkesine\/","title":{"rendered":"\u0130dman \u00f6lk\u0259sind\u0259n polis \u00f6lk\u0259sin\u0259"},"content":{"rendered":"<figure class=\"wp-block-image size-large\">\n  <img decoding=\"async\" src=\"https:\/\/www.meydan.tv\/az\/orxan-qarayev\/\" alt=\"Orxan Qarayev\" class=\"wp-image-70261\"\/><figcaption>\n    Orxan Qarayev<br \/>\n  <\/figcaption><\/figure>\n<p>\n  Bu h\u0259ft\u0259 i\u00e7ind\u0259 Az\u0259rbaycan parlamentind\u0259ki bir ne\u00e7\u0259 \u00e7\u0131x\u0131\u015f v\u0259 Az\u0259rbaycan prezidentinin \u0259b\u0259di hakimiyy\u0259t haqq\u0131ndak\u0131 nitqi art\u0131q \u00e7ox qorxunc d\u00f6vr\u00fcn i\u00e7ind\u0259 oldu\u011fumuzu bir daha g\u00f6st\u0259rdi. Bundan \u0259vv\u0259l is\u0259 v\u0259ziyy\u0259tin a\u011f\u0131rl\u0131\u011f\u0131 onunla m\u00fc\u0259yy\u0259n olundu ki, polis\u0259 ictimai d\u0259st\u0259k adl\u0131 qurum yarad\u0131ld\u0131. Prezidentin 2016-c\u0131 il 2 mart tarixli f\u0259rman\u0131 il\u0259 polis\u0259 ictimai d\u0259st\u0259k deyil\u0259n qurum formala\u015f\u0131b. F\u0259rmanda deyilir ki, polis\u0259 d\u0259st\u0259k v\u0259t\u0259nda\u015fla polis aras\u0131ndak\u0131 \u0259laq\u0259l\u0259rin m\u00f6hk\u0259ml\u0259ndirilm\u0259si m\u0259qs\u0259di g\u00fcd\u00fcr. \u00dcmumiyy\u0259tl\u0259, biz dey\u0259s\u0259n asta-asta idman \u00f6lk\u0259si olmaqdan \u00e7\u0131x\u0131b, polis \u00f6lk\u0259si olma\u011fa do\u011fru gedirik. Bu da h\u0259min o ke\u00e7id m\u0259rh\u0259l\u0259sidir. \u018fvv\u0259lc\u0259 idman edib, idman\u0131 sevib, idman\u0131 t\u0259bli\u011f etdik, ham\u0131m\u0131z idman\u00e7\u0131 olduq, qollar\u0131m\u0131z\u0131, boynumuzu \u015fi\u015firdib g\u0259zdik, sonra idman\u00e7\u0131lar\u0131n ham\u0131s\u0131n\u0131 polis el\u0259dik. \u0130ndi is\u0259 pulumuz qurtar\u0131b, n\u0259 idmana, n\u0259 d\u0259 idman\u00e7\u0131ya x\u0259rcl\u0259m\u0259y\u0259 pul yoxdu. \u0130ndi d\u0259 d\u00f6vl\u0259t idman\u00e7\u0131 g\u0259ncl\u0259ri polis\u0259 c\u0259lb etm\u0259kl\u0259 h\u0259min idman \u00f6lk\u0259si olmaqdan polis \u00f6lk\u0259si olma\u011fa ke\u00e7id edir.<\/p>\n<p>  H\u0259qiq\u0259t\u0259n son f\u0259rman adamda sonsuz suallar yarad\u0131r. Birincisi, 20 ild\u0259n \u00e7oxdur stabil \u00f6lk\u0259 hekay\u0259si olan d\u00f6vl\u0259t bird\u0259n-bir\u0259 n\u0259 oldu ki polis\u0259 d\u0259st\u0259k yaratma\u011fa ehtiyac hiss el\u0259di? Az\u0259rbaycanda polisin hans\u0131 \u00e7\u0259tin i\u015fi var ki? Az\u0259rbaycan polisi yeyib yatmaqdan formaya s\u0131\u011f\u0131\u015fmayacaq hala g\u0259lib. \u00d6lk\u0259 m\u00fcharib\u0259 el\u0259mir, da\u011fda, me\u015f\u0259d\u0259 d\u00f6y\u00fc\u015f\u0259n terroristimiz yox. Bu ictimai d\u0259st\u0259y\u0259 n\u0259d\u0259n z\u0259rur\u0259t yarand\u0131?<\/p>\n<p>  Art\u0131q ill\u0259rdir Az\u0259rbaycan polisinin d\u00f6y\u00fc\u015fd\u00fcy\u00fc bir q\u00fcvv\u0259 var, o da Az\u0259rbaycan xalq\u0131 v\u0259 v\u0259t\u0259nda\u015f\u0131d\u0131r. 2003-c\u00fc ild\u0259 azadl\u0131q meydan\u0131nda topla\u015fan xalqa qar\u015f\u0131 i\u015fl\u0259nmi\u015f cinay\u0259td\u0259n tutmu\u015f, ta bu g\u00fcn tez-tez x\u0259b\u0259rl\u0259rd\u0259 e\u015fitdiyimiz polis b\u00f6lm\u0259sind\u0259ki \u00f6l\u00fcm hallar\u0131na q\u0259d\u0259r. G\u00fcn\u00fcn g\u00fcnd\u00fcz \u00e7a\u011f\u0131 adamlar polis b\u00f6lm\u0259sin\u0259 apar\u0131l\u0131r, ordan is\u0259 meyidi \u00e7\u0131x\u0131r. Son ill\u0259rd\u0259 g\u0259nc aktivistl\u0259r\u0259 qar\u015f\u0131 Az\u0259rbaycan polisinin i\u015fl\u0259diyi cinay\u0259tl\u0259r is\u0259 polisin bizim h\u00f6kum\u0259tin \u0259lind\u0259 nec\u0259 bir terror aparat\u0131 oldu\u011funu a\u00e7\u0131q ortaya qoydu. \u00d6z mill\u0259timizd\u0259n, \u00f6z qan\u0131m\u0131zdan olan bu adamlar, mill\u0259timizin g\u0259ncl\u0259rin\u0259 bir d\u00fc\u015fm\u0259nin ed\u0259 bil\u0259c\u0259yind\u0259n daha a\u011f\u0131r v\u0259 daha qorxunc i\u015fg\u0259nc\u0259l\u0259r verdi. Bel\u0259 g\u00f6r\u00fcn\u00fcr ki, Az\u0259rbaycan polisinin \u0259mrl\u0259 el\u0259m\u0259y\u0259c\u0259yi \u015fey yoxdur.\n<\/p>\n<p>\n  Az\u0259rbaycanda polis he\u00e7 vaxt bir c\u0259za aparat\u0131ndan ba\u015fqa \u015fey olma\u011f\u0131 bacarmay\u0131b. \u00d6z i\u00e7imizd\u0259n se\u00e7il\u0259n, ail\u0259 \u00fczvl\u0259rimizd\u0259n ibar\u0259t olan bu adamlar ham\u0131m\u0131z\u0131n can\u0131n\u0131 b\u00fcr\u00fcy\u0259n qorxu v\u0259 vahim\u0259 m\u0259nb\u0259yi olub. Az\u0259rbaycanda polis he\u00e7 vaxt t\u0259hl\u00fck\u0259sizlik t\u0259minat\u0131 olmay\u0131b, \u0259ksin\u0259 polissizlik t\u0259hl\u00fck\u0259sizlik t\u0259minat\u0131 olub.\n<\/p>\n<p>\n  G\u0259lin \u015f\u0259h\u0259rimizd\u0259 polisin yerin\u0259 baxaq. Bak\u0131da polis ma\u015f\u0131nlar\u0131n\u0131n v\u0259 polisin \u015f\u0259h\u0259rimizin k\u00fc\u00e7\u0259 itl\u0259rinin bel\u0259 olmad\u0131\u011f\u0131 h\u0259r tinin\u0259 yerl\u0259\u015fdirdiyi kameralar\u0131n\u0131n say\u0131na g\u00f6r\u0259 insanlar ma\u015f\u0131n idar\u0259 ed\u0259 bilmir. Ham\u0131 stress alt\u0131ndad\u0131r ki, indi q\u0131raqdan hans\u0131sa polis \u00e7\u0131x\u0131b \u0259sass\u0131z c\u0259rim\u0259 yazacaq. Yeri g\u0259lmi\u015fk\u0259n, Bak\u0131 polisinin bu bar\u0259d\u0259 a\u00e7\u0131qlamalar\u0131 da olur. Ax\u0131r\u0131nc\u0131 a\u00e7\u0131qlamar\u0131nda da, bir ayda 40 milyon manat c\u0259rim\u0259 yazd\u0131qlar\u0131 haqq\u0131nda hesabat vermi\u015fdil\u0259r. Bundan \u0259lav\u0259, art\u0131q ill\u0259rdir ki, piyada ke\u00e7idl\u0259rinin \u00fcst\u00fcnd\u0259 durub, m\u00fcasir soy\u011fun\u00e7uluqla m\u0259\u015f\u011ful olan polisl\u0259r d\u0259 xalq\u0131n, camaat\u0131n bo\u011faz\u0131na, q\u0259pik-quru\u015funa q\u0259nim k\u0259silib. Polis m\u00fc\u0259llim v\u0259 h\u0259kimd\u0259n daha \u00e7ox maa\u015f al\u0131r v\u0259 daha \u00e7ox pul qazan\u0131r. Polis orqanlar\u0131 v\u0259 polisl\u0259r d\u00f6vl\u0259td\u0259n \u0259n y\u00fcks\u0259k qay\u011f\u0131 al\u0131rlar. H\u0259tta \u00e7\u0131x\u0131\u015flar\u0131n\u0131n birind\u0259 prezident d\u0259 vur\u011fulam\u0131\u015fd\u0131 ki, onlar ( avropal\u0131lar) ist\u0259yir biz hans\u0131sa polisi c\u0259zaland\u0131raq. Ancaq biz he\u00e7 vaxt polisi c\u0259zaland\u0131rmayaca\u011f\u0131q.\n<\/p>\n<p>\n  \u0130ndi sual olunur; bel\u0259 oldu\u011fu halda, Az\u0259rbaycanda polis\u0259 ictimai d\u0259st\u0259k adl\u0131 qurum yaratmaq z\u0259rur\u0259ti haradan \u00e7\u0131xd\u0131? Bu q\u0259d\u0259ri azl\u0131q edirmi, yoxsa h\u00f6kum\u0259t xalqa qar\u015f\u0131 sava\u015f a\u00e7d\u0131\u011f\u0131n\u0131n mesaj\u0131n\u0131 verir bununla? G\u00f6r\u00fcn\u0259n odur ki, h\u00f6kum\u0259t art\u0131q \u0259traf\u0131na m\u00fcdafi\u0259 istehkam\u0131 tikm\u0259kl\u0259 m\u0259\u015f\u011fuldur. Polis\u0259 ictimai d\u0259st\u0259yi h\u00f6kum\u0259t sosial v\u0259ziyy\u0259tin a\u011f\u0131rla\u015faca\u011f\u0131 s\u0259b\u0259bil\u0259 regionlarda yarana bil\u0259c\u0259k etirazlar\u0131n qar\u015f\u0131s\u0131n\u0131 daha effektiv almaq s\u0259b\u0259bil\u0259 yarad\u0131r. Dini v\u0259 m\u00fcxalif k\u0259simin siyasi aktivliyinin artmas\u0131 da polis\u0259 \u0259lav\u0259 k\u00f6m\u0259k yaratma\u011f\u0131n s\u0259b\u0259bl\u0259ri s\u0131ras\u0131ndad\u0131r. H\u00f6kum\u0259t indi d\u0259 \u00f6z\u00fcn\u00fcn yaratd\u0131\u011f\u0131, i\u015fsiz-g\u00fccs\u00fcz, savads\u0131z d\u0259st\u0259sin\u0259 s\u0259lahiyy\u0259t verib, onlar\u0131 yaranacaq etiraz\u00e7\u0131 sinf\u0259 qar\u015f\u0131 istifad\u0259 etm\u0259yi planla\u015fd\u0131r\u0131r. Bel\u0259 g\u00f6r\u00fcn\u00fcr ki, h\u00f6kum\u0259t \u00f6z hakimiyy\u0259tini n\u0259yin bahas\u0131na olursa olsun qorumaq yolunda h\u0259r \u015feyi istifad\u0259 etm\u0259y\u0259 haz\u0131rd\u0131. Art\u0131q d\u00fc\u015f\u00fcn\u00fclm\u00fc\u015f q\u0259rarlar yoxdu. H\u0259y\u0259can v\u0259 qorxu dikt\u0259si alt\u0131ndad\u0131rlar. Bir s\u00f6zl\u0259, pulun qurtarmas\u0131, naraz\u0131l\u0131qlar\u0131n artmas\u0131 ciddi t\u0259la\u015f yarad\u0131b. Qorxu \u00f6z\u00fcn\u00fc a\u00e7\u0131q biruz\u0259 verir. Qorxunun d\u0259rk edilm\u0259si \u00f6z-\u00f6zl\u00fcy\u00fcnd\u0259 yax\u015f\u0131 hald\u0131r, ancaq onun h\u0259lli kimi g\u00f6rd\u00fckl\u0259ri yol b\u00f6y\u00fck f\u0259lak\u0259tin izl\u0259rini da\u015f\u0131y\u0131r.\n<\/p><\/p>\n","protected":false},"excerpt":{"rendered":"<p>Az\u0259rbaycanda polis he\u00e7 vaxt bir c\u0259za aparat\u0131ndan ba\u015fqa \u015fey olma\u011f\u0131 bacarmay\u0131b. \u00d6z i\u00e7imizd\u0259n se\u00e7il\u0259n, ail\u0259 \u00fczvl\u0259rimizd\u0259n ibar\u0259t olan bu adamlar ham\u0131m\u0131z\u0131n can\u0131n\u0131 b\u00fcr\u00fcy\u0259n qorxu v\u0259 vahim\u0259 m\u0259nb\u0259yi olub.<\/p>\n","protected":false},"author":11,"featured_media":70261,"comment_status":"closed","ping_status":"open","sticky":false,"template":"","format":"standard","meta":{"_acf_changed":false,"_sitemap_exclude":false,"_sitemap_priority":"","_sitemap_frequency":"","footnotes":""},"categories":[57],"tags":[],"class_list":["post-179588","post","type-post","status-publish","format-standard","has-post-thumbnail","hentry","category-menim-fikrimce","infinite-scroll-item","generate-columns","tablet-grid-50","mobile-grid-100","grid-parent","grid-33","no-featured-image-padding"],"acf":[],"yoast_head":"<!-- This site is optimized with the Yoast SEO plugin v27.5 - https:\/\/yoast.com\/product\/yoast-seo-wordpress\/ -->\n<title>\u0130dman \u00f6lk\u0259sind\u0259n polis \u00f6lk\u0259sin\u0259 - MEYDAN.TV<\/title>\n<meta name=\"robots\" content=\"index, follow, max-snippet:-1, max-image-preview:large, max-video-preview:-1\" \/>\n<link rel=\"canonical\" href=\"https:\/\/www.meydan.tv\/az\/article\/idman-olkesinden-polis-olkesine\/\" \/>\n<meta property=\"og:locale\" content=\"az_AZ\" \/>\n<meta property=\"og:type\" content=\"article\" \/>\n<meta property=\"og:title\" content=\"\u0130dman \u00f6lk\u0259sind\u0259n polis \u00f6lk\u0259sin\u0259 - MEYDAN.TV\" \/>\n<meta property=\"og:description\" content=\"Az\u0259rbaycanda polis he\u00e7 vaxt bir c\u0259za aparat\u0131ndan ba\u015fqa \u015fey olma\u011f\u0131 bacarmay\u0131b. \u00d6z i\u00e7imizd\u0259n se\u00e7il\u0259n, ail\u0259 \u00fczvl\u0259rimizd\u0259n ibar\u0259t olan bu adamlar ham\u0131m\u0131z\u0131n can\u0131n\u0131 b\u00fcr\u00fcy\u0259n qorxu v\u0259 vahim\u0259 m\u0259nb\u0259yi olub.\" \/>\n<meta property=\"og:url\" content=\"https:\/\/www.meydan.tv\/az\/article\/idman-olkesinden-polis-olkesine\/\" \/>\n<meta property=\"og:site_name\" content=\"MEYDAN.TV\" \/>\n<meta property=\"article:published_time\" content=\"2016-10-13T19:24:25+00:00\" \/>\n<meta property=\"og:image\" content=\"https:\/\/www.meydan.tv\/wp-content\/uploads\/26900.jpg\" \/>\n\t<meta property=\"og:image:width\" content=\"600\" \/>\n\t<meta property=\"og:image:height\" content=\"600\" \/>\n\t<meta property=\"og:image:type\" content=\"image\/jpeg\" \/>\n<meta name=\"author\" content=\"user-manager\" \/>\n<meta name=\"twitter:card\" content=\"summary_large_image\" \/>\n<script type=\"application\/ld+json\" class=\"yoast-schema-graph\">{\"@context\":\"https:\\\/\\\/schema.org\",\"@graph\":[{\"@type\":\"Article\",\"@id\":\"https:\\\/\\\/www.meydan.tv\\\/az\\\/article\\\/idman-olkesinden-polis-olkesine\\\/#article\",\"isPartOf\":{\"@id\":\"https:\\\/\\\/www.meydan.tv\\\/az\\\/article\\\/idman-olkesinden-polis-olkesine\\\/\"},\"author\":{\"name\":\"user-manager\",\"@id\":\"https:\\\/\\\/www.meydan.tv\\\/az\\\/#\\\/schema\\\/person\\\/10d11eccf6da3662cf5fdab9806ea91a\"},\"headline\":\"\u0130dman \u00f6lk\u0259sind\u0259n polis \u00f6lk\u0259sin\u0259\",\"datePublished\":\"2016-10-13T19:24:25+00:00\",\"mainEntityOfPage\":{\"@id\":\"https:\\\/\\\/www.meydan.tv\\\/az\\\/article\\\/idman-olkesinden-polis-olkesine\\\/\"},\"wordCount\":1021,\"publisher\":{\"@id\":\"https:\\\/\\\/www.meydan.tv\\\/az\\\/#organization\"},\"image\":{\"@id\":\"https:\\\/\\\/www.meydan.tv\\\/az\\\/article\\\/idman-olkesinden-polis-olkesine\\\/#primaryimage\"},\"thumbnailUrl\":\"https:\\\/\\\/www.meydan.tv\\\/wp-content\\\/uploads\\\/26900.jpg\",\"articleSection\":[\"M\u0259nim Fikrimc\u0259\"],\"inLanguage\":\"az\"},{\"@type\":\"WebPage\",\"@id\":\"https:\\\/\\\/www.meydan.tv\\\/az\\\/article\\\/idman-olkesinden-polis-olkesine\\\/\",\"url\":\"https:\\\/\\\/www.meydan.tv\\\/az\\\/article\\\/idman-olkesinden-polis-olkesine\\\/\",\"name\":\"\u0130dman \u00f6lk\u0259sind\u0259n polis \u00f6lk\u0259sin\u0259 - MEYDAN.TV\",\"isPartOf\":{\"@id\":\"https:\\\/\\\/www.meydan.tv\\\/az\\\/#website\"},\"primaryImageOfPage\":{\"@id\":\"https:\\\/\\\/www.meydan.tv\\\/az\\\/article\\\/idman-olkesinden-polis-olkesine\\\/#primaryimage\"},\"image\":{\"@id\":\"https:\\\/\\\/www.meydan.tv\\\/az\\\/article\\\/idman-olkesinden-polis-olkesine\\\/#primaryimage\"},\"thumbnailUrl\":\"https:\\\/\\\/www.meydan.tv\\\/wp-content\\\/uploads\\\/26900.jpg\",\"datePublished\":\"2016-10-13T19:24:25+00:00\",\"breadcrumb\":{\"@id\":\"https:\\\/\\\/www.meydan.tv\\\/az\\\/article\\\/idman-olkesinden-polis-olkesine\\\/#breadcrumb\"},\"inLanguage\":\"az\",\"potentialAction\":[{\"@type\":\"ReadAction\",\"target\":[\"https:\\\/\\\/www.meydan.tv\\\/az\\\/article\\\/idman-olkesinden-polis-olkesine\\\/\"]}]},{\"@type\":\"ImageObject\",\"inLanguage\":\"az\",\"@id\":\"https:\\\/\\\/www.meydan.tv\\\/az\\\/article\\\/idman-olkesinden-polis-olkesine\\\/#primaryimage\",\"url\":\"https:\\\/\\\/www.meydan.tv\\\/wp-content\\\/uploads\\\/26900.jpg\",\"contentUrl\":\"https:\\\/\\\/www.meydan.tv\\\/wp-content\\\/uploads\\\/26900.jpg\",\"width\":600,\"height\":600,\"caption\":\"Source:\"},{\"@type\":\"BreadcrumbList\",\"@id\":\"https:\\\/\\\/www.meydan.tv\\\/az\\\/article\\\/idman-olkesinden-polis-olkesine\\\/#breadcrumb\",\"itemListElement\":[{\"@type\":\"ListItem\",\"position\":1,\"name\":\"Ana s\u0259hif\u0259\",\"item\":\"https:\\\/\\\/www.meydan.tv\\\/az\\\/\"},{\"@type\":\"ListItem\",\"position\":2,\"name\":\"M\u0259nim Fikrimc\u0259\",\"item\":\"https:\\\/\\\/www.meydan.tv\\\/az\\\/section\\\/menim-fikrimce\\\/\"},{\"@type\":\"ListItem\",\"position\":3,\"name\":\"\u0130dman \u00f6lk\u0259sind\u0259n polis \u00f6lk\u0259sin\u0259\"}]},{\"@type\":\"WebSite\",\"@id\":\"https:\\\/\\\/www.meydan.tv\\\/az\\\/#website\",\"url\":\"https:\\\/\\\/www.meydan.tv\\\/az\\\/\",\"name\":\"MEYDAN.TV\",\"description\":\"Meydan TV Az\u0259rbaycan\u0131n media m\u0259kan\u0131ndak\u0131 alternativ s\u0259sidir\",\"publisher\":{\"@id\":\"https:\\\/\\\/www.meydan.tv\\\/az\\\/#organization\"},\"potentialAction\":[{\"@type\":\"SearchAction\",\"target\":{\"@type\":\"EntryPoint\",\"urlTemplate\":\"https:\\\/\\\/www.meydan.tv\\\/az\\\/?s={search_term_string}\"},\"query-input\":{\"@type\":\"PropertyValueSpecification\",\"valueRequired\":true,\"valueName\":\"search_term_string\"}}],\"inLanguage\":\"az\"},{\"@type\":\"Organization\",\"@id\":\"https:\\\/\\\/www.meydan.tv\\\/az\\\/#organization\",\"name\":\"Meydan TV\",\"url\":\"https:\\\/\\\/www.meydan.tv\\\/az\\\/\",\"logo\":{\"@type\":\"ImageObject\",\"inLanguage\":\"az\",\"@id\":\"https:\\\/\\\/www.meydan.tv\\\/az\\\/#\\\/schema\\\/logo\\\/image\\\/\",\"url\":\"https:\\\/\\\/www.meydan.tv\\\/wp-content\\\/uploads\\\/2021\\\/07\\\/meydan-logo.svg\",\"contentUrl\":\"https:\\\/\\\/www.meydan.tv\\\/wp-content\\\/uploads\\\/2021\\\/07\\\/meydan-logo.svg\",\"width\":195,\"height\":46,\"caption\":\"Meydan TV\"},\"image\":{\"@id\":\"https:\\\/\\\/www.meydan.tv\\\/az\\\/#\\\/schema\\\/logo\\\/image\\\/\"}},{\"@type\":\"Person\",\"@id\":\"https:\\\/\\\/www.meydan.tv\\\/az\\\/#\\\/schema\\\/person\\\/10d11eccf6da3662cf5fdab9806ea91a\",\"name\":\"user-manager\"}]}<\/script>\n<!-- \/ Yoast SEO plugin. -->","yoast_head_json":{"title":"\u0130dman \u00f6lk\u0259sind\u0259n polis \u00f6lk\u0259sin\u0259 - MEYDAN.TV","robots":{"index":"index","follow":"follow","max-snippet":"max-snippet:-1","max-image-preview":"max-image-preview:large","max-video-preview":"max-video-preview:-1"},"canonical":"https:\/\/www.meydan.tv\/az\/article\/idman-olkesinden-polis-olkesine\/","og_locale":"az_AZ","og_type":"article","og_title":"\u0130dman \u00f6lk\u0259sind\u0259n polis \u00f6lk\u0259sin\u0259 - MEYDAN.TV","og_description":"Az\u0259rbaycanda polis he\u00e7 vaxt bir c\u0259za aparat\u0131ndan ba\u015fqa \u015fey olma\u011f\u0131 bacarmay\u0131b. \u00d6z i\u00e7imizd\u0259n se\u00e7il\u0259n, ail\u0259 \u00fczvl\u0259rimizd\u0259n ibar\u0259t olan bu adamlar ham\u0131m\u0131z\u0131n can\u0131n\u0131 b\u00fcr\u00fcy\u0259n qorxu v\u0259 vahim\u0259 m\u0259nb\u0259yi olub.","og_url":"https:\/\/www.meydan.tv\/az\/article\/idman-olkesinden-polis-olkesine\/","og_site_name":"MEYDAN.TV","article_published_time":"2016-10-13T19:24:25+00:00","og_image":[{"width":600,"height":600,"url":"https:\/\/www.meydan.tv\/wp-content\/uploads\/26900.jpg","type":"image\/jpeg"}],"author":"user-manager","twitter_card":"summary_large_image","schema":{"@context":"https:\/\/schema.org","@graph":[{"@type":"Article","@id":"https:\/\/www.meydan.tv\/az\/article\/idman-olkesinden-polis-olkesine\/#article","isPartOf":{"@id":"https:\/\/www.meydan.tv\/az\/article\/idman-olkesinden-polis-olkesine\/"},"author":{"name":"user-manager","@id":"https:\/\/www.meydan.tv\/az\/#\/schema\/person\/10d11eccf6da3662cf5fdab9806ea91a"},"headline":"\u0130dman \u00f6lk\u0259sind\u0259n polis \u00f6lk\u0259sin\u0259","datePublished":"2016-10-13T19:24:25+00:00","mainEntityOfPage":{"@id":"https:\/\/www.meydan.tv\/az\/article\/idman-olkesinden-polis-olkesine\/"},"wordCount":1021,"publisher":{"@id":"https:\/\/www.meydan.tv\/az\/#organization"},"image":{"@id":"https:\/\/www.meydan.tv\/az\/article\/idman-olkesinden-polis-olkesine\/#primaryimage"},"thumbnailUrl":"https:\/\/www.meydan.tv\/wp-content\/uploads\/26900.jpg","articleSection":["M\u0259nim Fikrimc\u0259"],"inLanguage":"az"},{"@type":"WebPage","@id":"https:\/\/www.meydan.tv\/az\/article\/idman-olkesinden-polis-olkesine\/","url":"https:\/\/www.meydan.tv\/az\/article\/idman-olkesinden-polis-olkesine\/","name":"\u0130dman \u00f6lk\u0259sind\u0259n polis \u00f6lk\u0259sin\u0259 - MEYDAN.TV","isPartOf":{"@id":"https:\/\/www.meydan.tv\/az\/#website"},"primaryImageOfPage":{"@id":"https:\/\/www.meydan.tv\/az\/article\/idman-olkesinden-polis-olkesine\/#primaryimage"},"image":{"@id":"https:\/\/www.meydan.tv\/az\/article\/idman-olkesinden-polis-olkesine\/#primaryimage"},"thumbnailUrl":"https:\/\/www.meydan.tv\/wp-content\/uploads\/26900.jpg","datePublished":"2016-10-13T19:24:25+00:00","breadcrumb":{"@id":"https:\/\/www.meydan.tv\/az\/article\/idman-olkesinden-polis-olkesine\/#breadcrumb"},"inLanguage":"az","potentialAction":[{"@type":"ReadAction","target":["https:\/\/www.meydan.tv\/az\/article\/idman-olkesinden-polis-olkesine\/"]}]},{"@type":"ImageObject","inLanguage":"az","@id":"https:\/\/www.meydan.tv\/az\/article\/idman-olkesinden-polis-olkesine\/#primaryimage","url":"https:\/\/www.meydan.tv\/wp-content\/uploads\/26900.jpg","contentUrl":"https:\/\/www.meydan.tv\/wp-content\/uploads\/26900.jpg","width":600,"height":600,"caption":"Source:"},{"@type":"BreadcrumbList","@id":"https:\/\/www.meydan.tv\/az\/article\/idman-olkesinden-polis-olkesine\/#breadcrumb","itemListElement":[{"@type":"ListItem","position":1,"name":"Ana s\u0259hif\u0259","item":"https:\/\/www.meydan.tv\/az\/"},{"@type":"ListItem","position":2,"name":"M\u0259nim Fikrimc\u0259","item":"https:\/\/www.meydan.tv\/az\/section\/menim-fikrimce\/"},{"@type":"ListItem","position":3,"name":"\u0130dman \u00f6lk\u0259sind\u0259n polis \u00f6lk\u0259sin\u0259"}]},{"@type":"WebSite","@id":"https:\/\/www.meydan.tv\/az\/#website","url":"https:\/\/www.meydan.tv\/az\/","name":"MEYDAN.TV","description":"Meydan TV Az\u0259rbaycan\u0131n media m\u0259kan\u0131ndak\u0131 alternativ s\u0259sidir","publisher":{"@id":"https:\/\/www.meydan.tv\/az\/#organization"},"potentialAction":[{"@type":"SearchAction","target":{"@type":"EntryPoint","urlTemplate":"https:\/\/www.meydan.tv\/az\/?s={search_term_string}"},"query-input":{"@type":"PropertyValueSpecification","valueRequired":true,"valueName":"search_term_string"}}],"inLanguage":"az"},{"@type":"Organization","@id":"https:\/\/www.meydan.tv\/az\/#organization","name":"Meydan TV","url":"https:\/\/www.meydan.tv\/az\/","logo":{"@type":"ImageObject","inLanguage":"az","@id":"https:\/\/www.meydan.tv\/az\/#\/schema\/logo\/image\/","url":"https:\/\/www.meydan.tv\/wp-content\/uploads\/2021\/07\/meydan-logo.svg","contentUrl":"https:\/\/www.meydan.tv\/wp-content\/uploads\/2021\/07\/meydan-logo.svg","width":195,"height":46,"caption":"Meydan TV"},"image":{"@id":"https:\/\/www.meydan.tv\/az\/#\/schema\/logo\/image\/"}},{"@type":"Person","@id":"https:\/\/www.meydan.tv\/az\/#\/schema\/person\/10d11eccf6da3662cf5fdab9806ea91a","name":"user-manager"}]}},"_links":{"self":[{"href":"https:\/\/www.meydan.tv\/az\/wp-json\/wp\/v2\/posts\/179588","targetHints":{"allow":["GET"]}}],"collection":[{"href":"https:\/\/www.meydan.tv\/az\/wp-json\/wp\/v2\/posts"}],"about":[{"href":"https:\/\/www.meydan.tv\/az\/wp-json\/wp\/v2\/types\/post"}],"author":[{"embeddable":true,"href":"https:\/\/www.meydan.tv\/az\/wp-json\/wp\/v2\/users\/11"}],"replies":[{"embeddable":true,"href":"https:\/\/www.meydan.tv\/az\/wp-json\/wp\/v2\/comments?post=179588"}],"version-history":[{"count":0,"href":"https:\/\/www.meydan.tv\/az\/wp-json\/wp\/v2\/posts\/179588\/revisions"}],"wp:featuredmedia":[{"embeddable":true,"href":"https:\/\/www.meydan.tv\/az\/wp-json\/wp\/v2\/media\/70261"}],"wp:attachment":[{"href":"https:\/\/www.meydan.tv\/az\/wp-json\/wp\/v2\/media?parent=179588"}],"wp:term":[{"taxonomy":"category","embeddable":true,"href":"https:\/\/www.meydan.tv\/az\/wp-json\/wp\/v2\/categories?post=179588"},{"taxonomy":"post_tag","embeddable":true,"href":"https:\/\/www.meydan.tv\/az\/wp-json\/wp\/v2\/tags?post=179588"}],"curies":[{"name":"wp","href":"https:\/\/api.w.org\/{rel}","templated":true}]}}