{"id":179571,"date":"2016-10-13T12:33:51","date_gmt":"2016-10-13T12:33:51","guid":{"rendered":"https:\/\/www.meydan.tv\/article\/ideal-azerbaycanli-kimdir\/"},"modified":"2016-10-13T12:33:51","modified_gmt":"2016-10-13T12:33:51","slug":"ideal-azerbaycanli-kimdir","status":"publish","type":"post","link":"https:\/\/www.meydan.tv\/az\/article\/ideal-azerbaycanli-kimdir\/","title":{"rendered":"\u0130deal az\u0259rbaycanl\u0131  kimdir?"},"content":{"rendered":"<figure class=\"wp-block-image size-large\">\n  <img decoding=\"async\" src=\"https:\/\/www.meydan.tv\/az\/70135\/\" alt=\"\" class=\"wp-image-70135\"\/><figcaption><\/figcaption><\/figure>\n<figure class=\"wp-block-image size-large\">\n  <img decoding=\"async\" src=\"https:\/\/www.meydan.tv\/az\/70162\/\" alt=\"\" class=\"wp-image-70162\"\/><figcaption><\/figcaption><\/figure>\n<p>\n  Sual q\u0259rib\u0259 deyil, adid\u0259n adidir. C\u0259miyy\u0259t daima \u00f6z\u00fcn\u0259 \u00f6rn\u0259k axtar\u0131b. Real sosializm d\u00f6vr\u00fc m\u0259lumdur ki, d\u00fczg\u00fcn adamlar kim idi, \u0259yri adamlar kim. D\u00fczg\u00fcn adamlar \u0259qid\u0259li kommunistl\u0259r idi, h\u0259yatlar\u0131n\u0131 xalqa h\u0259sr edirdil\u0259r, \u0259yri adamlar \u00f6z rifah\u0131n\u0131 g\u00fcd\u0259n adamlar idi, cibl\u0259rin\u0259 v\u0259 qar\u0131nlar\u0131na i\u015fl\u0259yirdil\u0259r. Respublikam\u0131zda birincil\u0259rin birincisi Heyd\u0259r \u018fliyev idi v\u0259 r\u0259hb\u0259r oldu\u011fu ill\u0259rd\u0259 ikincil\u0259rl\u0259 &#8211; ta \u00a0g\u00fcll\u0259l\u0259nm\u0259y\u0259 q\u0259d\u0259r &#8211; amans\u0131z m\u00fcbariz\u0259 apar\u0131rd\u0131.\n<\/p>\n<p>\n  SSR\u0130 \u00e7\u00f6kd\u00fc, z\u0259man\u0259 d\u0259yi\u015fdi, \u00f6rn\u0259kl\u0259rin meyar\u0131 d\u0259yi\u015fdi. \u018fvv\u0259lki birincil\u0259r zay, ikincil\u0259r c\u0259miyy\u0259t \u00fc\u00e7\u00fcn \u00f6rn\u0259k elan olundular. Xalq h\u0259r\u0259kat\u0131 liderl\u0259rinin analoqu olmayan\u00a0 qabiliyy\u0259ti say\u0259sind\u0259 i\u015f el\u0259 g\u0259tirdi ki, bu yeni c\u0259miyy\u0259td\u0259 yen\u0259 ideal insan Heyd\u0259r \u018fliyev oldu. Buna tarixin kinay\u0259si d\u0259 dem\u0259k olar, amma g\u0259lin biz buna tarixin h\u00f6km\u00fc dey\u0259k. Zira h\u0259r c\u0259miyy\u0259tin tarixinin \u00f6z\u00fcn\u00fcn layiq oldu\u011fu h\u00f6km\u00fc var.\n<\/p>\n<p>\n  \u0130deal az\u0259rbaycanl\u0131n\u0131n meyarlar\u0131 n\u0259dir? \u0130deal insan c\u0259miyy\u0259tin \u0259sas d\u0259y\u0259rl\u0259rini \u0259ks etdirm\u0259li, c\u0259miyy\u0259td\u0259 y\u00fcks\u0259lib, onu arxas\u0131nca apara bilm\u0259lidir. Ham\u0131n\u0131 da olmasa, h\u0259lledici m\u0259qam tutan insan d\u0259st\u0259sin\u0259 r\u0259hb\u0259rlik etm\u0259yi bacarmal\u0131d\u0131r.\n<\/p>\n<p>\n  \u0130ndi Az\u0259rbaycanda qurulan c\u0259miyy\u0259tini ad\u0131 n\u0259dir? Deyil\u0259n\u0259 g\u00f6r\u0259, onun ad\u0131 bazar iqtisadiyyat\u0131d\u0131r, q\u0259dim zamanlarda ona kapitalizm dey\u0259rdil\u0259r. Sosializm urvatdan d\u00fc\u015fd\u00fcy\u00fc \u00fc\u00e7\u00fcn onun antipodu olan kapitalizm d\u0259 d\u0259bd\u0259 deyil. Bazar iqtisadiyyat\u0131nda \u0259sas \u015fey qazancd\u0131r, hans\u0131n\u0131n ki, t\u0259c\u0259ss\u00fcm\u00fc puldur v\u0259 \u0259mlakd\u0131r. Kimin pulu daha \u00e7oxdursa, o da ideal az\u0259rbaycanl\u0131d\u0131r. Burada ba\u015f s\u0131nd\u0131rma\u011fa, \u0259llam\u0259lik etm\u0259y\u0259 ehtiyac yoxdur.\n<\/p>\n<p>\n  Des\u0259l\u0259r ki, Z\u0259rd\u00fc\u015ft \u018flizad\u0259 yax\u015f\u0131 adamd\u0131r, h\u0259min an dey\u0259nin s\u00f6z\u00fcn\u00fc k\u0259sib soru\u015fun: \u201cOnun n\u0259yi yax\u015f\u0131 adamd\u0131r? L\u00fctkomun biridir, ac\u0131ndan g\u00fcnorta durur. Bizi dolamay\u0131n, h\u0259qiqi yax\u015f\u0131, h\u0259tta ideal insan g\u00f6st\u0259rin!\u201d Bax bel\u0259c\u0259, ayd\u0131n v\u0259 d\u00fcr\u00fcst d\u00fc\u015f\u00fcnm\u0259k laz\u0131md\u0131r. \u018f, b\u0259 meyar n\u0259 \u00fc\u00e7\u00fcnd\u00fcr? Meyar pul v\u0259 m\u00fclkd\u00fcr! \u00a0Bu meyarla baxanda v\u0259 \u00f6l\u00e7\u0259nd\u0259, Az\u0259rbaycanda ideal insan \u0130lham \u018fliyevdir. Az\u0259rbaycan\u0131n n\u0259yi varsa, onundur. Pul, m\u00fclk, d\u00f6vl\u0259t,\u00a0 h\u0259ta insanlar \u2013 onundur. Etiraz ed\u0259n var? Yoxdur ki?\u00a0 B\u0259r\u0259kallah, \u0259hali dey\u0259s\u0259n, gec d\u0259 olsa, \u00a0n\u0259yis\u0259 d\u00fcz anlama\u011fa ba\u015flay\u0131b.\n<\/p>\n<p>\n  Ondan sonra ikinci ideal insan kimdir? M\u0259lumdur ki, h\u0259min insan\u0131n soyad\u0131 da h\u0259mindir, amma kimliyi se\u00e7kid\u0259n sonra birinci vitse-prezident t\u0259yin olunanda bilin\u0259c\u0259k. D\u0259qiq bilin\u0259c\u0259k ki, ikinci ideal insan kimdir. \u00dc\u00e7\u00fcnc\u00fc d\u0259 h\u0259min minvalla bilin\u0259c\u0259k, d\u00f6rd\u00fcnc\u00fc d\u0259.\n<\/p>\n<p>\n  Amma be\u015finci ideal insan ad\u0131 u\u011frunda k\u0259skin r\u0259qab\u0259t gedir. Camaat g\u00f6r\u00fcr ki, be\u015finci ideal insan ad\u0131na \u0259n layiqli namiz\u0259d m\u00f6ht\u0259r\u0259m c\u0259nab nazir K\u0259mal\u0259ddin Heyd\u0259rovdur. Amma bu insan o q\u0259d\u0259r t\u0259vaz\u00f6kard\u0131r ki, h\u0259mi\u015f\u0259 k\u00f6lg\u0259d\u0259 qalma\u011fa \u00fcst\u00fcnl\u00fck verib, n\u0259yi d\u0259 varsa, guya yoxdur. \u00d6z\u00fcn\u00fcn he\u00e7 n\u0259yi yoxdur, amma o\u011flunun var\u0131d\u0131r, \u00f6z\u00fc d\u0259 r\u0259sm\u0259n! Amma n\u0259d\u0259ns\u0259 he\u00e7 kim onun be\u015finci ideal insan\u00a0 namiz\u0259dliyin\u0259 ciddi yana\u015fm\u0131r.\n<\/p>\n<p>\n  Alt\u0131nc\u0131 ideal insan olma\u011fa namiz\u0259d n\u0259qliyyat naziri Ziya M\u0259mm\u0259dov idi, lakin f\u0259l\u0259k \u00f6z \u00e7\u0259rxini t\u0259rsin\u0259 \u00e7evirib i\u015fi el\u0259 g\u0259tirdi ki, onun taleyi indi AB\u015e-da prezidentliy\u0259 iddia ed\u0259n Donald Tramp\u0131n q\u0259l\u0259b\u0259sind\u0259n as\u0131l\u0131d\u0131r. Tramp q\u0259l\u0259b\u0259 \u00e7alsa, AB\u015e-\u0131n prezidenti se\u00e7ils\u0259, Ziya m\u00fc\u0259llim alt\u0131nc\u0131 ideal insan kimi qalacaq, uduzsa, taleyi m\u00fcbh\u0259mdir.\n<\/p>\n<p>\n  \u0130deal insan olmaq Az\u0259rbaycanda h\u0259m \u015f\u0259r\u0259fli, h\u0259m d\u0259 h\u0259ll\u0259m-q\u0259ll\u0259m i\u015fdir. M\u0259s\u0259l\u0259n, \u201cAz\u0259rbaycan Beyn\u0259lxalq Bank\u0131\u201d-n\u0131n sahibi Cahangir Hac\u0131yev d\u00fcn\u0259n\u0259 q\u0259d\u0259r \u015f\u0259ksiz ideal insan idi. \u00c7\u0259rxi-f\u0259l\u0259k el\u0259 bir q\u0259rib\u0259 d\u00f6vran etdi ki, indi onun b\u00f6y\u00fck z\u0259hm\u0259t hesab\u0131na qazand\u0131qlar\u0131n\u0131 \u0259lind\u0259n al\u0131b \u00f6z\u00fcn\u0259 17 il i\u015f ist\u0259yirl\u0259r.\n<\/p>\n<p>\n  \u0130deal insan, ideal h\u0259kim, ixtira\u00e7\u0131 v\u0259 YAP-\u0131n t\u0259sis\u00e7isi olan akademik \u018fli \u0130nsanov 11 ildlr i\u00e7\u0259rid\u0259dir. \u0130ndi onun birinci ideal insan\u0131n y\u00fcks\u0259lm\u0259sind\u0259\u00a0 xidm\u0259tl\u0259rini n\u0259z\u0259r\u0259 al\u0131b ona dig\u0259r bir be\u015f illik i\u015f d\u0259 tikirl\u0259r.\u00a0 Dig\u0259r ideal insanlar, F\u0259rhad v\u0259 Rafiq \u018fliyevl\u0259r,\u00a0 qazamatda uzun ill\u0259r yatandan sonra b\u00f6y\u00fck z\u0259hm\u0259tl\u0259 qazand\u0131qlar\u0131n\u0131 \u0259rm\u0259\u011fan ed\u0259r\u0259k m\u0259hb\u0259sd\u0259n d\u00fcz Q\u0259rb\u0259, son q\u0259pikl\u0259rini x\u0259rcl\u0259m\u0259y\u0259 yolland\u0131lar.\n<\/p>\n<p>\n  Ham\u0131 g\u00f6r\u00fcr ki, ideal insan olmaq t\u0259hl\u00fck\u0259li i\u015fdir. F\u0259q\u0259t, ideal insan olmaq u\u011frunda sava\u015f meydan\u0131na at\u0131lanlar\u0131n say\u0131 azalm\u0131r ki, art\u0131r. \u0130deal insan olma\u011fa n\u0259 q\u0259d\u0259r des\u0259n namiz\u0259d var. Balaca r\u00fc\u015fv\u0259t alan c\u0131qq\u0131l\u0131 m\u0259murdan tutmu\u015f b\u00fcdc\u0259 pullar\u0131n\u0131 h\u0259r g\u00fcn evin\u0259\u00a0 torba il\u0259 da\u015f\u0131yan y\u00fcks\u0259k r\u00fctb\u0259li m\u0259murlara q\u0259d\u0259r ham\u0131 ideal insan, h\u0259tta bir n\u00f6mr\u0259li ideal insan olma\u011fa can at\u0131r. Bir n\u00f6mr\u0259li ideal insan b\u00fct\u00fcn bunlar\u0131 g\u00f6r\u00fcr, bilir v\u0259 b\u0259nd\u0259rgahlar\u0131 durmadan b\u0259rkidir. Odur ki, bizim bu u\u011furla ke\u00e7irdiyimiz sonuncu referendum da, lap ondan \u0259vv\u0259lki d\u0259, el\u0259 h\u0259min birincilik yar\u0131\u015f\u0131 \u00fc\u00e7\u00fcn \u0259dal\u0259tli v\u0259 d\u00fczg\u00fcn \u015f\u0259rait yaratmaqdan \u00f6tr\u00fcd\u00fcr.\n<\/p>\n<p>\n  T\u0259bii ki, ideal insanlar olan yerd\u0259 ideal olmayanlar da olur. D\u00fczd\u00fcr, onlar bol olmur, zira \u0259ks\u0259riyy\u0259t ideala can at\u0131r dey\u0259 meyarlar\u0131 \u0259xz edir v\u0259 art\u0131q he\u00e7 k\u0259s dey\u0259 bilmir ki, filank\u0259s qeyri-ideald\u0131r. Xeyr, deyirl\u0259r ki, ideal olma\u011fa \u00e7al\u0131\u015f\u0131r, ancaq ya b\u0259xti g\u0259tirmir, ya da qabiliyy\u0259ti \u00e7atm\u0131r.\n<\/p>\n<p>\n  \u0130deallar\u0131n say\u0131 b\u0259lli s\u0259b\u0259bl\u0259rd\u0259n \u00e7ox deyil, zira insan\u0131 ideal ed\u0259n pulun v\u0259 \u0259mlak\u0131n\u00a0 q\u0131tl\u0131\u011f\u0131 var. Ham\u0131ya \u00e7atm\u0131r. Lakin qeyri-ideallar\u0131n da say\u0131 \u00e7ox deyil, zira c\u0259miyy\u0259tin h\u0259ml\u0259sin\u0259, g\u00fcz\u0259ran\u0131n t\u0259zyiqin\u0259 d\u00f6z\u0259nl\u0259r he\u00e7 vaxt \u00e7ox omay\u0131blar v\u0259 \u00e7ox ola da bilm\u0259zl\u0259r.\n<\/p>\n<p>\n  D\u00fcnya binayi-q\u0259dimd\u0259n bel\u0259 qurulub v\u0259 bel\u0259 d\u0259 qalacaq.\n<\/p><\/p>\n","protected":false},"excerpt":{"rendered":"<p>B\u0259r\u0259kallah, \u0259hali dey\u0259s\u0259n, gec d\u0259 olsa,  n\u0259yis\u0259 d\u00fcz anlama\u011fa ba\u015flay\u0131b<\/p>\n","protected":false},"author":11,"featured_media":70135,"comment_status":"closed","ping_status":"open","sticky":false,"template":"","format":"standard","meta":{"_acf_changed":false,"_sitemap_exclude":false,"_sitemap_priority":"","_sitemap_frequency":"","footnotes":""},"categories":[57],"tags":[],"class_list":["post-179571","post","type-post","status-publish","format-standard","has-post-thumbnail","hentry","category-menim-fikrimce","infinite-scroll-item","generate-columns","tablet-grid-50","mobile-grid-100","grid-parent","grid-33","no-featured-image-padding"],"acf":[],"yoast_head":"<!-- This site is optimized with the Yoast SEO plugin v27.5 - https:\/\/yoast.com\/product\/yoast-seo-wordpress\/ -->\n<title>\u0130deal az\u0259rbaycanl\u0131 kimdir? - MEYDAN.TV<\/title>\n<meta name=\"robots\" content=\"index, follow, max-snippet:-1, max-image-preview:large, max-video-preview:-1\" \/>\n<link rel=\"canonical\" href=\"https:\/\/www.meydan.tv\/az\/article\/ideal-azerbaycanli-kimdir\/\" \/>\n<meta property=\"og:locale\" content=\"az_AZ\" \/>\n<meta property=\"og:type\" content=\"article\" \/>\n<meta property=\"og:title\" content=\"\u0130deal az\u0259rbaycanl\u0131 kimdir? - MEYDAN.TV\" \/>\n<meta property=\"og:description\" content=\"B\u0259r\u0259kallah, \u0259hali dey\u0259s\u0259n, gec d\u0259 olsa, n\u0259yis\u0259 d\u00fcz anlama\u011fa ba\u015flay\u0131b\" \/>\n<meta property=\"og:url\" content=\"https:\/\/www.meydan.tv\/az\/article\/ideal-azerbaycanli-kimdir\/\" \/>\n<meta property=\"og:site_name\" content=\"MEYDAN.TV\" \/>\n<meta property=\"article:published_time\" content=\"2016-10-13T12:33:51+00:00\" \/>\n<meta property=\"og:image\" content=\"https:\/\/www.meydan.tv\/wp-content\/uploads\/26879.png\" \/>\n\t<meta property=\"og:image:width\" content=\"610\" \/>\n\t<meta property=\"og:image:height\" content=\"380\" \/>\n\t<meta property=\"og:image:type\" content=\"image\/png\" \/>\n<meta name=\"author\" content=\"user-manager\" \/>\n<meta name=\"twitter:card\" content=\"summary_large_image\" \/>\n<script type=\"application\/ld+json\" class=\"yoast-schema-graph\">{\"@context\":\"https:\\\/\\\/schema.org\",\"@graph\":[{\"@type\":\"Article\",\"@id\":\"https:\\\/\\\/www.meydan.tv\\\/az\\\/article\\\/ideal-azerbaycanli-kimdir\\\/#article\",\"isPartOf\":{\"@id\":\"https:\\\/\\\/www.meydan.tv\\\/az\\\/article\\\/ideal-azerbaycanli-kimdir\\\/\"},\"author\":{\"name\":\"user-manager\",\"@id\":\"https:\\\/\\\/www.meydan.tv\\\/az\\\/#\\\/schema\\\/person\\\/10d11eccf6da3662cf5fdab9806ea91a\"},\"headline\":\"\u0130deal az\u0259rbaycanl\u0131 kimdir?\",\"datePublished\":\"2016-10-13T12:33:51+00:00\",\"mainEntityOfPage\":{\"@id\":\"https:\\\/\\\/www.meydan.tv\\\/az\\\/article\\\/ideal-azerbaycanli-kimdir\\\/\"},\"wordCount\":1170,\"publisher\":{\"@id\":\"https:\\\/\\\/www.meydan.tv\\\/az\\\/#organization\"},\"image\":{\"@id\":\"https:\\\/\\\/www.meydan.tv\\\/az\\\/article\\\/ideal-azerbaycanli-kimdir\\\/#primaryimage\"},\"thumbnailUrl\":\"https:\\\/\\\/www.meydan.tv\\\/wp-content\\\/uploads\\\/26879.png\",\"articleSection\":[\"M\u0259nim Fikrimc\u0259\"],\"inLanguage\":\"az\"},{\"@type\":\"WebPage\",\"@id\":\"https:\\\/\\\/www.meydan.tv\\\/az\\\/article\\\/ideal-azerbaycanli-kimdir\\\/\",\"url\":\"https:\\\/\\\/www.meydan.tv\\\/az\\\/article\\\/ideal-azerbaycanli-kimdir\\\/\",\"name\":\"\u0130deal az\u0259rbaycanl\u0131 kimdir? - MEYDAN.TV\",\"isPartOf\":{\"@id\":\"https:\\\/\\\/www.meydan.tv\\\/az\\\/#website\"},\"primaryImageOfPage\":{\"@id\":\"https:\\\/\\\/www.meydan.tv\\\/az\\\/article\\\/ideal-azerbaycanli-kimdir\\\/#primaryimage\"},\"image\":{\"@id\":\"https:\\\/\\\/www.meydan.tv\\\/az\\\/article\\\/ideal-azerbaycanli-kimdir\\\/#primaryimage\"},\"thumbnailUrl\":\"https:\\\/\\\/www.meydan.tv\\\/wp-content\\\/uploads\\\/26879.png\",\"datePublished\":\"2016-10-13T12:33:51+00:00\",\"breadcrumb\":{\"@id\":\"https:\\\/\\\/www.meydan.tv\\\/az\\\/article\\\/ideal-azerbaycanli-kimdir\\\/#breadcrumb\"},\"inLanguage\":\"az\",\"potentialAction\":[{\"@type\":\"ReadAction\",\"target\":[\"https:\\\/\\\/www.meydan.tv\\\/az\\\/article\\\/ideal-azerbaycanli-kimdir\\\/\"]}]},{\"@type\":\"ImageObject\",\"inLanguage\":\"az\",\"@id\":\"https:\\\/\\\/www.meydan.tv\\\/az\\\/article\\\/ideal-azerbaycanli-kimdir\\\/#primaryimage\",\"url\":\"https:\\\/\\\/www.meydan.tv\\\/wp-content\\\/uploads\\\/26879.png\",\"contentUrl\":\"https:\\\/\\\/www.meydan.tv\\\/wp-content\\\/uploads\\\/26879.png\",\"width\":610,\"height\":380,\"caption\":\"Source:\"},{\"@type\":\"BreadcrumbList\",\"@id\":\"https:\\\/\\\/www.meydan.tv\\\/az\\\/article\\\/ideal-azerbaycanli-kimdir\\\/#breadcrumb\",\"itemListElement\":[{\"@type\":\"ListItem\",\"position\":1,\"name\":\"Ana s\u0259hif\u0259\",\"item\":\"https:\\\/\\\/www.meydan.tv\\\/az\\\/\"},{\"@type\":\"ListItem\",\"position\":2,\"name\":\"M\u0259nim Fikrimc\u0259\",\"item\":\"https:\\\/\\\/www.meydan.tv\\\/az\\\/section\\\/menim-fikrimce\\\/\"},{\"@type\":\"ListItem\",\"position\":3,\"name\":\"\u0130deal az\u0259rbaycanl\u0131 kimdir?\"}]},{\"@type\":\"WebSite\",\"@id\":\"https:\\\/\\\/www.meydan.tv\\\/az\\\/#website\",\"url\":\"https:\\\/\\\/www.meydan.tv\\\/az\\\/\",\"name\":\"MEYDAN.TV\",\"description\":\"Meydan TV Az\u0259rbaycan\u0131n media m\u0259kan\u0131ndak\u0131 alternativ s\u0259sidir\",\"publisher\":{\"@id\":\"https:\\\/\\\/www.meydan.tv\\\/az\\\/#organization\"},\"potentialAction\":[{\"@type\":\"SearchAction\",\"target\":{\"@type\":\"EntryPoint\",\"urlTemplate\":\"https:\\\/\\\/www.meydan.tv\\\/az\\\/?s={search_term_string}\"},\"query-input\":{\"@type\":\"PropertyValueSpecification\",\"valueRequired\":true,\"valueName\":\"search_term_string\"}}],\"inLanguage\":\"az\"},{\"@type\":\"Organization\",\"@id\":\"https:\\\/\\\/www.meydan.tv\\\/az\\\/#organization\",\"name\":\"Meydan TV\",\"url\":\"https:\\\/\\\/www.meydan.tv\\\/az\\\/\",\"logo\":{\"@type\":\"ImageObject\",\"inLanguage\":\"az\",\"@id\":\"https:\\\/\\\/www.meydan.tv\\\/az\\\/#\\\/schema\\\/logo\\\/image\\\/\",\"url\":\"https:\\\/\\\/www.meydan.tv\\\/wp-content\\\/uploads\\\/2021\\\/07\\\/meydan-logo.svg\",\"contentUrl\":\"https:\\\/\\\/www.meydan.tv\\\/wp-content\\\/uploads\\\/2021\\\/07\\\/meydan-logo.svg\",\"width\":195,\"height\":46,\"caption\":\"Meydan TV\"},\"image\":{\"@id\":\"https:\\\/\\\/www.meydan.tv\\\/az\\\/#\\\/schema\\\/logo\\\/image\\\/\"}},{\"@type\":\"Person\",\"@id\":\"https:\\\/\\\/www.meydan.tv\\\/az\\\/#\\\/schema\\\/person\\\/10d11eccf6da3662cf5fdab9806ea91a\",\"name\":\"user-manager\"}]}<\/script>\n<!-- \/ Yoast SEO plugin. -->","yoast_head_json":{"title":"\u0130deal az\u0259rbaycanl\u0131 kimdir? - MEYDAN.TV","robots":{"index":"index","follow":"follow","max-snippet":"max-snippet:-1","max-image-preview":"max-image-preview:large","max-video-preview":"max-video-preview:-1"},"canonical":"https:\/\/www.meydan.tv\/az\/article\/ideal-azerbaycanli-kimdir\/","og_locale":"az_AZ","og_type":"article","og_title":"\u0130deal az\u0259rbaycanl\u0131 kimdir? - MEYDAN.TV","og_description":"B\u0259r\u0259kallah, \u0259hali dey\u0259s\u0259n, gec d\u0259 olsa, n\u0259yis\u0259 d\u00fcz anlama\u011fa ba\u015flay\u0131b","og_url":"https:\/\/www.meydan.tv\/az\/article\/ideal-azerbaycanli-kimdir\/","og_site_name":"MEYDAN.TV","article_published_time":"2016-10-13T12:33:51+00:00","og_image":[{"width":610,"height":380,"url":"https:\/\/www.meydan.tv\/wp-content\/uploads\/26879.png","type":"image\/png"}],"author":"user-manager","twitter_card":"summary_large_image","schema":{"@context":"https:\/\/schema.org","@graph":[{"@type":"Article","@id":"https:\/\/www.meydan.tv\/az\/article\/ideal-azerbaycanli-kimdir\/#article","isPartOf":{"@id":"https:\/\/www.meydan.tv\/az\/article\/ideal-azerbaycanli-kimdir\/"},"author":{"name":"user-manager","@id":"https:\/\/www.meydan.tv\/az\/#\/schema\/person\/10d11eccf6da3662cf5fdab9806ea91a"},"headline":"\u0130deal az\u0259rbaycanl\u0131 kimdir?","datePublished":"2016-10-13T12:33:51+00:00","mainEntityOfPage":{"@id":"https:\/\/www.meydan.tv\/az\/article\/ideal-azerbaycanli-kimdir\/"},"wordCount":1170,"publisher":{"@id":"https:\/\/www.meydan.tv\/az\/#organization"},"image":{"@id":"https:\/\/www.meydan.tv\/az\/article\/ideal-azerbaycanli-kimdir\/#primaryimage"},"thumbnailUrl":"https:\/\/www.meydan.tv\/wp-content\/uploads\/26879.png","articleSection":["M\u0259nim Fikrimc\u0259"],"inLanguage":"az"},{"@type":"WebPage","@id":"https:\/\/www.meydan.tv\/az\/article\/ideal-azerbaycanli-kimdir\/","url":"https:\/\/www.meydan.tv\/az\/article\/ideal-azerbaycanli-kimdir\/","name":"\u0130deal az\u0259rbaycanl\u0131 kimdir? - MEYDAN.TV","isPartOf":{"@id":"https:\/\/www.meydan.tv\/az\/#website"},"primaryImageOfPage":{"@id":"https:\/\/www.meydan.tv\/az\/article\/ideal-azerbaycanli-kimdir\/#primaryimage"},"image":{"@id":"https:\/\/www.meydan.tv\/az\/article\/ideal-azerbaycanli-kimdir\/#primaryimage"},"thumbnailUrl":"https:\/\/www.meydan.tv\/wp-content\/uploads\/26879.png","datePublished":"2016-10-13T12:33:51+00:00","breadcrumb":{"@id":"https:\/\/www.meydan.tv\/az\/article\/ideal-azerbaycanli-kimdir\/#breadcrumb"},"inLanguage":"az","potentialAction":[{"@type":"ReadAction","target":["https:\/\/www.meydan.tv\/az\/article\/ideal-azerbaycanli-kimdir\/"]}]},{"@type":"ImageObject","inLanguage":"az","@id":"https:\/\/www.meydan.tv\/az\/article\/ideal-azerbaycanli-kimdir\/#primaryimage","url":"https:\/\/www.meydan.tv\/wp-content\/uploads\/26879.png","contentUrl":"https:\/\/www.meydan.tv\/wp-content\/uploads\/26879.png","width":610,"height":380,"caption":"Source:"},{"@type":"BreadcrumbList","@id":"https:\/\/www.meydan.tv\/az\/article\/ideal-azerbaycanli-kimdir\/#breadcrumb","itemListElement":[{"@type":"ListItem","position":1,"name":"Ana s\u0259hif\u0259","item":"https:\/\/www.meydan.tv\/az\/"},{"@type":"ListItem","position":2,"name":"M\u0259nim Fikrimc\u0259","item":"https:\/\/www.meydan.tv\/az\/section\/menim-fikrimce\/"},{"@type":"ListItem","position":3,"name":"\u0130deal az\u0259rbaycanl\u0131 kimdir?"}]},{"@type":"WebSite","@id":"https:\/\/www.meydan.tv\/az\/#website","url":"https:\/\/www.meydan.tv\/az\/","name":"MEYDAN.TV","description":"Meydan TV Az\u0259rbaycan\u0131n media m\u0259kan\u0131ndak\u0131 alternativ s\u0259sidir","publisher":{"@id":"https:\/\/www.meydan.tv\/az\/#organization"},"potentialAction":[{"@type":"SearchAction","target":{"@type":"EntryPoint","urlTemplate":"https:\/\/www.meydan.tv\/az\/?s={search_term_string}"},"query-input":{"@type":"PropertyValueSpecification","valueRequired":true,"valueName":"search_term_string"}}],"inLanguage":"az"},{"@type":"Organization","@id":"https:\/\/www.meydan.tv\/az\/#organization","name":"Meydan TV","url":"https:\/\/www.meydan.tv\/az\/","logo":{"@type":"ImageObject","inLanguage":"az","@id":"https:\/\/www.meydan.tv\/az\/#\/schema\/logo\/image\/","url":"https:\/\/www.meydan.tv\/wp-content\/uploads\/2021\/07\/meydan-logo.svg","contentUrl":"https:\/\/www.meydan.tv\/wp-content\/uploads\/2021\/07\/meydan-logo.svg","width":195,"height":46,"caption":"Meydan TV"},"image":{"@id":"https:\/\/www.meydan.tv\/az\/#\/schema\/logo\/image\/"}},{"@type":"Person","@id":"https:\/\/www.meydan.tv\/az\/#\/schema\/person\/10d11eccf6da3662cf5fdab9806ea91a","name":"user-manager"}]}},"_links":{"self":[{"href":"https:\/\/www.meydan.tv\/az\/wp-json\/wp\/v2\/posts\/179571","targetHints":{"allow":["GET"]}}],"collection":[{"href":"https:\/\/www.meydan.tv\/az\/wp-json\/wp\/v2\/posts"}],"about":[{"href":"https:\/\/www.meydan.tv\/az\/wp-json\/wp\/v2\/types\/post"}],"author":[{"embeddable":true,"href":"https:\/\/www.meydan.tv\/az\/wp-json\/wp\/v2\/users\/11"}],"replies":[{"embeddable":true,"href":"https:\/\/www.meydan.tv\/az\/wp-json\/wp\/v2\/comments?post=179571"}],"version-history":[{"count":0,"href":"https:\/\/www.meydan.tv\/az\/wp-json\/wp\/v2\/posts\/179571\/revisions"}],"wp:featuredmedia":[{"embeddable":true,"href":"https:\/\/www.meydan.tv\/az\/wp-json\/wp\/v2\/media\/70135"}],"wp:attachment":[{"href":"https:\/\/www.meydan.tv\/az\/wp-json\/wp\/v2\/media?parent=179571"}],"wp:term":[{"taxonomy":"category","embeddable":true,"href":"https:\/\/www.meydan.tv\/az\/wp-json\/wp\/v2\/categories?post=179571"},{"taxonomy":"post_tag","embeddable":true,"href":"https:\/\/www.meydan.tv\/az\/wp-json\/wp\/v2\/tags?post=179571"}],"curies":[{"name":"wp","href":"https:\/\/api.w.org\/{rel}","templated":true}]}}