{"id":179503,"date":"2016-10-10T20:01:09","date_gmt":"2016-10-10T20:01:09","guid":{"rendered":"https:\/\/www.meydan.tv\/article\/qilincoynatma-federasiyasinda-17-aydir-maas-verilmir\/"},"modified":"2016-10-10T20:01:09","modified_gmt":"2016-10-10T20:01:09","slug":"qilincoynatma-federasiyasinda-17-aydir-maas-verilmir","status":"publish","type":"post","link":"https:\/\/www.meydan.tv\/az\/article\/qilincoynatma-federasiyasinda-17-aydir-maas-verilmir\/","title":{"rendered":"&#8221;Q\u0131l\u0131ncoynatma Federasiyas\u0131nda 17 ayd\u0131r maa\u015f verilmir&#8221;"},"content":{"rendered":"<p>\n  <i><br \/>\n    Ya\u015far M\u0259mm\u0259dov: &#8220;Nazim \u0130brahimov m\u0259\u015fq\u00e7il\u0259rl\u0259 f\u0259rdi g\u00f6r\u00fc\u015f\u00fcb xahi\u015f edir ki, onu d\u0259st\u0259kl\u0259sinl\u0259r&#8221;<br \/>\n  <\/i>\n<\/p>\n<p>\n  Az\u0259rbaycanda idman sah\u0259sin\u0259 k\u00fcll\u00fc miqdarda v\u0259sait ayr\u0131lsa da, \u0259ks\u0259r idman n\u00f6vl\u0259rind\u0259 v\u0259ziyy\u0259tin q\u0259na\u0259tb\u0259x\u015f olmad\u0131\u011f\u0131 bildirilir. Meydan TV bu idman n\u00f6vl\u0259rinin b\u0259zisi il\u0259 ba\u011fl\u0131 m\u0259lumat verib. Diqq\u0259t\u00e7\u0259k\u0259n odur ki, pis durumda olanlar \u0259sas\u0259n olimpiya idman n\u00f6vl\u0259ridir. \u00d6z\u00fc d\u0259 bu idman n\u00f6vl\u0259rinin Az\u0259rbaycanda k\u00f6kl\u00fc \u0259n\u0259n\u0259l\u0259ri olub; ot\u00fcst\u00fc xokkey, h\u0259ndbol v\u0259 c. Bu d\u0259f\u0259 is\u0259 q\u0131l\u0131ncoynatman\u0131n durumuna diqq\u0259t yetirdik&#8230;\n<\/p>\n<blockquote><p>\n  \u0130ki d\u0259f\u0259 olimpiya \u00e7empionu olan yegan\u0259 az\u0259rbaycanl\u0131 q\u0131l\u0131ncoynadand\u0131r\n<\/p><\/blockquote>\n<p>\n  Q\u0131l\u0131ncoynatman\u0131n Az\u0259rbaycanda \u0259n\u0259n\u0259si olub. T\u0259kc\u0259 bir fakt\u0131 dey\u0259k: iki d\u0259f\u0259 olimpiya \u00e7empionu olmu\u015f yegan\u0259 az\u0259rbaycanl\u0131 idman\u00e7\u0131 q\u0131l\u0131ncoynadand\u0131. S\u00f6hb\u0259t \u0130lqar M\u0259mm\u0259dovdan gedir. \u0130lqar M\u0259mm\u0259dov 1988-ci ild\u0259 SSRi y\u0131\u011fmas\u0131n\u0131n t\u0259rkibind\u0259 Seul Olimpiadas\u0131n\u0131n, 1996-c\u0131 ild\u0259 is\u0259 Rusiya y\u0131\u011fmas\u0131n\u0131n hey\u0259tind\u0259 Atlanta Olimpiadas\u0131n\u0131n \u00e7empionu olub. M\u0259mm\u0259dov Bak\u0131da anadan olub. Q\u0131l\u0131ncoynatma il\u0259 da m\u0259hz Bak\u0131da m\u0259\u015f\u011ful olma\u011fa ba\u015flay\u0131b v\u0259 SSR\u0130 y\u0131\u011fmas\u0131n\u0131n hey\u0259tin\u0259 c\u0259lb edilib. Onun m\u0259\u015fq\u00e7isi is\u0259 atas\u0131 Ya\u015far M\u0259mm\u0259dov olub. M\u0259mm\u0259dov haz\u0131rda Az\u0259rbaycan Q\u0131l\u0131ncoynatma Federasiyas\u0131n\u0131n vitse-prezidentidir. O\u011flu \u0130lqar M\u0259mm\u0259dov karyeras\u0131n\u0131 bitirdikd\u0259n sonra Rusiyada i\u015fl\u0259m\u0259y\u0259 ba\u015flay\u0131b v\u0259 haz\u0131rda bu \u00f6lk\u0259nin q\u0131l\u0131ncoynatma y\u0131\u011fmas\u0131n\u0131n ba\u015f m\u0259\u015fq\u00e7isidir. Rio-de-Janeyroda ke\u00e7iril\u0259n olimpiya oyunlar\u0131nda \u0130lqar M\u0259mm\u0259dovun yetirm\u0259l\u0259ri Rusiyaya iki q\u0131z\u0131l medal qazand\u0131r\u0131blar. M\u0259mm\u0259dov Rusiyan\u0131n y\u00fcks\u0259k d\u00f6vl\u0259t m\u00fckafatlar\u0131na layiq g\u00f6r\u00fcl\u00fcb.\n<\/p>\n<p>\n  G\u00f6r\u00fcnd\u00fcy\u00fc kimi, Az\u0259rbaycan\u0131n q\u0131l\u0131ncoynatma \u00fczr\u0259 y\u00fcks\u0259k s\u0259viyy\u0259li m\u00fct\u0259x\u0259ssisl\u0259ri var. Ancaq onlar\u0131n imkanlar\u0131ndan yararlan\u0131b bu idman sah\u0259sini inki\u015faf etdirm\u0259k kims\u0259ni qay\u011f\u0131land\u0131rm\u0131r.\n<\/p>\n<blockquote><p>\n  Nazim \u0130brahimov \u00f6z\u00fc ist\u0259mi\u015fdi\n<\/p><\/blockquote>\n<p>\n  Az\u0259rbaycan Q\u0131l\u0131ncoynatma Federasiyas\u0131n\u0131n prezidenti y\u00fcks\u0259k Xarici \u00d6lk\u0259l\u0259rd\u0259 Ya\u015fayan Az\u0259rbaycanl\u0131larla \u0130\u015f \u00fczr\u0259 D\u00f6vl\u0259t Komit\u0259sinin s\u0259dri Nazim \u0130brahimovdur. \u0130brahimov bu v\u0259zif\u0259ni 2007-ci ild\u0259n tutur. \u00d6z\u00fc d\u0259 \u00f6z t\u0259\u015f\u0259bb\u00fcs\u00fc il\u0259. 2007-ci ild\u0259 Nazim \u0130brahimovun t\u0259qdimat m\u0259rasimind\u0259 g\u0259ncl\u0259r v\u0259 idman naziri Azad R\u0259himov bel\u0259 demi\u015fdi: &#8220;Uzun zamand\u0131r Q\u0131l\u0131ncoynatma Federasiyas\u0131na yard\u0131m g\u00f6st\u0259r\u0259n \u015f\u0259xs axtar\u0131l\u0131r, bir \u00e7ox adama nazirlik \u00f6z\u00fc bunu t\u0259klif edirdi. Lakin he\u00e7 kim bu sah\u0259y\u0259 yard\u0131m g\u00f6st\u0259rm\u0259k \u00fc\u00e7\u00fcn t\u0259\u015f\u0259bb\u00fcs etm\u0259di. Bu yax\u0131nlarda Nazim \u0130brahimov \u00f6z\u00fc q\u0131l\u0131ncoynatma sah\u0259sin\u0259 yard\u0131m g\u00f6st\u0259rm\u0259k ist\u0259yini bildirdi. Biz bu bar\u0259d\u0259 d\u00f6vl\u0259t ba\u015f\u00e7\u0131s\u0131na m\u0259ruz\u0259 etdik v\u0259 o, bu t\u0259\u015f\u0259bb\u00fcs\u0259 y\u00fcks\u0259k d\u0259st\u0259k verdi&#8221;.\n<\/p>\n<figure class=\"wp-block-image size-large\">\n  <img decoding=\"async\" src=\"https:\/\/www.meydan.tv\/az\/ilqar-memmedov-foto-sosial-sebeke\/\" alt=\"\u0130lqar M\u0259mm\u0259dov, foto: sosial \u015f\u0259b\u0259k\u0259\" class=\"wp-image-70003\"\/><figcaption>\n    \u0130lqar M\u0259mm\u0259dov, foto: sosial \u015f\u0259b\u0259k\u0259<br \/>\n  <\/figcaption><\/figure>\n<blockquote><p>\n  Prezident vitse-prezidentl\u0259 g\u00f6r\u00fc\u015f\u0259 g\u0259lm\u0259yib\n<\/p><\/blockquote>\n<p>\n  Ancaq Nazim \u0130brahimovun Az\u0259rbaycanda q\u0131l\u0131ncoynatman\u0131n inki\u015faf\u0131 il\u0259 ba\u011fl\u0131 hans\u0131 i\u015fl\u0259r g\u00f6rd\u00fcy\u00fc haqda m\u0259lumat yoxdur. Bu da federasiyada vitse-prezident kimi \u00e7al\u0131\u015fan Ya\u015far M\u0259mm\u0259dovu qane etmir. M\u0259mm\u0259dov m\u0259tbuata verdiyi a\u00e7\u0131qlamada q\u0131l\u0131ncoynatmadak\u0131 durumun a\u011f\u0131r oldu\u011funu, Nazim \u0130brahimovun bu idman n\u00f6v\u00fcn\u00fcn inki\u015faf\u0131na pul ay\u0131rmad\u0131\u011f\u0131n\u0131 bildirib. M\u00fct\u0259x\u0259ssis Meydan TV-y\u0259 verdiyi a\u00e7\u0131qlamada deyib ki, 17 ayd\u0131r m\u0259vacib alm\u0131rlar. O, bu yax\u0131nlarda komit\u0259 s\u0259dri il\u0259 g\u00f6r\u00fc\u015f t\u0259yin edildiyini, ancaq \u0130brahimovun g\u00f6r\u00fc\u015f\u0259 g\u0259lm\u0259diyini d\u0259 bildirib:\n<\/p>\n<p>\n  &#8220;Komit\u0259 s\u0259dri il\u0259 bu ay\u0131n \u0259vv\u0259lind\u0259 g\u00f6r\u00fc\u015f olmal\u0131yd\u0131. Ancaq h\u0259min g\u00f6r\u00fc\u015f\u0259 m\u00fcavinini g\u00f6nd\u0259rdi. M\u00fcavinl\u0259 n\u0259 m\u00fczakir\u0259 ed\u0259 bil\u0259rik? 17 ayd\u0131r maa\u015f verilmir. Kim bunu m\u0259niml\u0259 m\u00fczakir\u0259 ed\u0259 bil\u0259r?\u00a0Se\u00e7ki ke\u00e7ir\u0259c\u0259yik. \u018fg\u0259r haz\u0131rk\u0131 federasiya prezidenti maa\u015flar\u0131 \u00f6d\u0259s\u0259, onun da ad\u0131n\u0131 namiz\u0259dl\u0259r aras\u0131na daxil ed\u0259rik. Onun m\u00fcavini il\u0259 g\u00f6r\u00fc\u015fd\u0259 iki il \u0259vv\u0259l\u0259 aid bir m\u0259ktub g\u00f6st\u0259rdim. H\u0259min m\u0259ktubda maa\u015flar\u0131n 6 ayd\u0131r verilm\u0259m\u0259sil\u0259 ba\u011fl\u0131 41 \u015f\u0259xsin imzas\u0131 var idi. H\u0259min 41 n\u0259f\u0259rd\u0259n 2-si art\u0131q r\u0259hm\u0259t\u0259 gedib. 11-i is\u0259 \u00f6lk\u0259 xaricin\u0259 yollan\u0131b, orda ya\u015fay\u0131r. M\u00fcavinl\u0259 g\u00f6r\u00fc\u015fd\u0259 soru\u015fdum: &#8220;Federasiyan\u0131 bel\u0259 da\u011f\u0131tmaq ist\u0259yirsiz?&#8221;&#8221;\n<\/p>\n<p>\n  Y. M\u0259mm\u0259dov bildirdi ki, bu yax\u0131nlarda iclas olacaq. Onun s\u00f6zl\u0259rin\u0259 g\u00f6r\u0259, \u0130brahimov m\u0259\u015fq\u00e7il\u0259rl\u0259 f\u0259rdi \u015f\u0259kild\u0259 g\u00f6r\u00fc\u015f\u0259r\u0259k, onlardan \u00f6z\u00fcn\u0259 d\u0259st\u0259k ist\u0259yib: &#8220;\u0130clas oktyabr\u0131n 22-d\u0259k ba\u015f tutmal\u0131d\u0131. H\u0259min t\u0259dbir\u0259 b\u00fct\u00fcn m\u0259tbuat n\u00fcmay\u0259nd\u0259l\u0259rini d\u0259v\u0259t ed\u0259c\u0259yik v\u0259 m\u00f6vzu il\u0259 ba\u011fl\u0131 \u0259trafl\u0131 m\u0259lumat ver\u0259c\u0259yik. Haz\u0131rda \u0130brahimov m\u0259\u015fq\u00e7il\u0259rl\u0259 f\u0259rdi g\u00f6r\u00fc\u015fl\u0259r ke\u00e7irib, xahi\u015f edir ki, se\u00e7kid\u0259 onu d\u0259st\u0259kl\u0259sinl\u0259r. Ancaq he\u00e7 kim onu d\u0259st\u0259kl\u0259m\u0259y\u0259c\u0259k&#8221;.\n<\/p>\n<p>\n  M\u0259mm\u0259dov bildirdi ki, idman n\u00f6v\u00fcn\u0259 ist\u0259nil\u0259n s\u0259viyy\u0259d\u0259 qay\u011f\u0131 g\u00f6st\u0259rils\u0259, n\u0259tic\u0259 d\u0259 olacaq: &#8220;Az\u0259rbaycanda q\u0131l\u0131ncoynatma idman n\u00f6v\u00fcn\u00fcn \u0259n\u0259n\u0259si var. \u00d6t\u0259n il Bak\u0131da ke\u00e7iril\u0259n ilk Avropa oyunlar\u0131nda iki medal verdik. \u018fslind\u0259, bu idman n\u00f6v\u00fcnd\u0259 yax\u015f\u0131 n\u0259tic\u0259l\u0259r \u0259ld\u0259 etm\u0259k olar. Ancaq ilyar\u0131md\u0131 maa\u015f verilm\u0259y\u0259n yerd\u0259 hans\u0131 n\u0259tic\u0259d\u0259n dan\u0131\u015fmaq olar? Federasiyada yax\u015f\u0131 prezident olsa, maa\u015flar vaxtl\u0131-vaxt\u0131nda verils\u0259, \u015f\u0259rait yarad\u0131lsa, yax\u015f\u0131 da n\u0259tic\u0259 olar&#8221;.\n<\/p>\n<p>\n  Meydan TV m\u0259s\u0259l\u0259y\u0259 m\u00fcnasib\u0259t \u00f6yr\u0259nm\u0259k \u00fc\u00e7\u00fcn Xarici \u00d6lk\u0259l\u0259rd\u0259 Ya\u015fayan Az\u0259rbaycanl\u0131larla \u0130\u015f \u00fczr\u0259 D\u00f6vl\u0259t Komit\u0259si il\u0259 \u0259laq\u0259 saxlay\u0131b. Komit\u0259d\u0259n bildirilib ki, onlar yaln\u0131z quruma aid m\u0259s\u0259l\u0259l\u0259r\u0259 m\u00fcnasib\u0259t bildir\u0259 bil\u0259rl\u0259r.\n<\/p>\n<p>\n  Komit\u0259 s\u0259drinin m\u00fcnasib\u0259tini \u00f6yr\u0259nm\u0259k m\u00fcmk\u00fcn olmad\u0131\u011f\u0131ndan bir sual a\u00e7\u0131q qal\u0131r: Az\u0259rbaycan\u0131n q\u0131l\u0131nc\u0131 q\u0131n\u0131ndan \u00e7\u0131xacaqm\u0131? Yoxsa, \u00fcmumiyy\u0259tl\u0259, q\u0131l\u0131nc\u0131n q\u0131ndan \u00e7\u0131xmas\u0131 he\u00e7 kim\u0259 s\u0259rf etmir<\/p>\n","protected":false},"excerpt":{"rendered":"<p>Ya\u015far M\u0259mm\u0259dov: &#8220;Nazim \u0130brahimov m\u0259\u015fq\u00e7il\u0259rl\u0259 f\u0259rdi g\u00f6r\u00fc\u015f\u00fcb xahi\u015f edir ki, onu d\u0259st\u0259kl\u0259sinl\u0259r&#8221;<\/p>\n","protected":false},"author":11,"featured_media":70009,"comment_status":"closed","ping_status":"open","sticky":false,"template":"","format":"standard","meta":{"_acf_changed":false,"_sitemap_exclude":false,"_sitemap_priority":"","_sitemap_frequency":"","footnotes":""},"categories":[51],"tags":[],"class_list":["post-179503","post","type-post","status-publish","format-standard","has-post-thumbnail","hentry","category-analitika","infinite-scroll-item","generate-columns","tablet-grid-50","mobile-grid-100","grid-parent","grid-33","no-featured-image-padding"],"acf":[],"yoast_head":"<!-- This site is optimized with the Yoast SEO plugin v27.5 - https:\/\/yoast.com\/product\/yoast-seo-wordpress\/ -->\n<title>&#039;&#039;Q\u0131l\u0131ncoynatma Federasiyas\u0131nda 17 ayd\u0131r maa\u015f verilmir&#039;&#039; - MEYDAN.TV<\/title>\n<meta name=\"robots\" content=\"index, follow, max-snippet:-1, max-image-preview:large, max-video-preview:-1\" \/>\n<link rel=\"canonical\" href=\"https:\/\/www.meydan.tv\/az\/article\/qilincoynatma-federasiyasinda-17-aydir-maas-verilmir\/\" \/>\n<meta property=\"og:locale\" content=\"az_AZ\" \/>\n<meta property=\"og:type\" content=\"article\" \/>\n<meta property=\"og:title\" content=\"&#039;&#039;Q\u0131l\u0131ncoynatma Federasiyas\u0131nda 17 ayd\u0131r maa\u015f verilmir&#039;&#039; - MEYDAN.TV\" \/>\n<meta property=\"og:description\" content=\"Ya\u015far M\u0259mm\u0259dov: &quot;Nazim \u0130brahimov m\u0259\u015fq\u00e7il\u0259rl\u0259 f\u0259rdi g\u00f6r\u00fc\u015f\u00fcb xahi\u015f edir ki, onu d\u0259st\u0259kl\u0259sinl\u0259r&quot;\" \/>\n<meta property=\"og:url\" content=\"https:\/\/www.meydan.tv\/az\/article\/qilincoynatma-federasiyasinda-17-aydir-maas-verilmir\/\" \/>\n<meta property=\"og:site_name\" content=\"MEYDAN.TV\" \/>\n<meta property=\"article:published_time\" content=\"2016-10-10T20:01:09+00:00\" \/>\n<meta property=\"og:image\" content=\"https:\/\/www.meydan.tv\/wp-content\/uploads\/26782.jpg\" \/>\n\t<meta property=\"og:image:width\" content=\"1500\" \/>\n\t<meta property=\"og:image:height\" content=\"1000\" \/>\n\t<meta property=\"og:image:type\" content=\"image\/jpeg\" \/>\n<meta name=\"author\" content=\"user-manager\" \/>\n<meta name=\"twitter:card\" content=\"summary_large_image\" \/>\n<script type=\"application\/ld+json\" class=\"yoast-schema-graph\">{\"@context\":\"https:\\\/\\\/schema.org\",\"@graph\":[{\"@type\":\"Article\",\"@id\":\"https:\\\/\\\/www.meydan.tv\\\/az\\\/article\\\/qilincoynatma-federasiyasinda-17-aydir-maas-verilmir\\\/#article\",\"isPartOf\":{\"@id\":\"https:\\\/\\\/www.meydan.tv\\\/az\\\/article\\\/qilincoynatma-federasiyasinda-17-aydir-maas-verilmir\\\/\"},\"author\":{\"name\":\"user-manager\",\"@id\":\"https:\\\/\\\/www.meydan.tv\\\/az\\\/#\\\/schema\\\/person\\\/10d11eccf6da3662cf5fdab9806ea91a\"},\"headline\":\"&#8221;Q\u0131l\u0131ncoynatma Federasiyas\u0131nda 17 ayd\u0131r maa\u015f verilmir&#8221;\",\"datePublished\":\"2016-10-10T20:01:09+00:00\",\"mainEntityOfPage\":{\"@id\":\"https:\\\/\\\/www.meydan.tv\\\/az\\\/article\\\/qilincoynatma-federasiyasinda-17-aydir-maas-verilmir\\\/\"},\"wordCount\":1141,\"publisher\":{\"@id\":\"https:\\\/\\\/www.meydan.tv\\\/az\\\/#organization\"},\"image\":{\"@id\":\"https:\\\/\\\/www.meydan.tv\\\/az\\\/article\\\/qilincoynatma-federasiyasinda-17-aydir-maas-verilmir\\\/#primaryimage\"},\"thumbnailUrl\":\"https:\\\/\\\/www.meydan.tv\\\/wp-content\\\/uploads\\\/26782.jpg\",\"articleSection\":[\"Analitika\"],\"inLanguage\":\"az\"},{\"@type\":\"WebPage\",\"@id\":\"https:\\\/\\\/www.meydan.tv\\\/az\\\/article\\\/qilincoynatma-federasiyasinda-17-aydir-maas-verilmir\\\/\",\"url\":\"https:\\\/\\\/www.meydan.tv\\\/az\\\/article\\\/qilincoynatma-federasiyasinda-17-aydir-maas-verilmir\\\/\",\"name\":\"''Q\u0131l\u0131ncoynatma Federasiyas\u0131nda 17 ayd\u0131r maa\u015f verilmir'' - MEYDAN.TV\",\"isPartOf\":{\"@id\":\"https:\\\/\\\/www.meydan.tv\\\/az\\\/#website\"},\"primaryImageOfPage\":{\"@id\":\"https:\\\/\\\/www.meydan.tv\\\/az\\\/article\\\/qilincoynatma-federasiyasinda-17-aydir-maas-verilmir\\\/#primaryimage\"},\"image\":{\"@id\":\"https:\\\/\\\/www.meydan.tv\\\/az\\\/article\\\/qilincoynatma-federasiyasinda-17-aydir-maas-verilmir\\\/#primaryimage\"},\"thumbnailUrl\":\"https:\\\/\\\/www.meydan.tv\\\/wp-content\\\/uploads\\\/26782.jpg\",\"datePublished\":\"2016-10-10T20:01:09+00:00\",\"breadcrumb\":{\"@id\":\"https:\\\/\\\/www.meydan.tv\\\/az\\\/article\\\/qilincoynatma-federasiyasinda-17-aydir-maas-verilmir\\\/#breadcrumb\"},\"inLanguage\":\"az\",\"potentialAction\":[{\"@type\":\"ReadAction\",\"target\":[\"https:\\\/\\\/www.meydan.tv\\\/az\\\/article\\\/qilincoynatma-federasiyasinda-17-aydir-maas-verilmir\\\/\"]}]},{\"@type\":\"ImageObject\",\"inLanguage\":\"az\",\"@id\":\"https:\\\/\\\/www.meydan.tv\\\/az\\\/article\\\/qilincoynatma-federasiyasinda-17-aydir-maas-verilmir\\\/#primaryimage\",\"url\":\"https:\\\/\\\/www.meydan.tv\\\/wp-content\\\/uploads\\\/26782.jpg\",\"contentUrl\":\"https:\\\/\\\/www.meydan.tv\\\/wp-content\\\/uploads\\\/26782.jpg\",\"width\":1500,\"height\":1000,\"caption\":\"Source:\"},{\"@type\":\"BreadcrumbList\",\"@id\":\"https:\\\/\\\/www.meydan.tv\\\/az\\\/article\\\/qilincoynatma-federasiyasinda-17-aydir-maas-verilmir\\\/#breadcrumb\",\"itemListElement\":[{\"@type\":\"ListItem\",\"position\":1,\"name\":\"Ana s\u0259hif\u0259\",\"item\":\"https:\\\/\\\/www.meydan.tv\\\/az\\\/\"},{\"@type\":\"ListItem\",\"position\":2,\"name\":\"Analitika\",\"item\":\"https:\\\/\\\/www.meydan.tv\\\/az\\\/section\\\/analitika\\\/\"},{\"@type\":\"ListItem\",\"position\":3,\"name\":\"&#8221;Q\u0131l\u0131ncoynatma Federasiyas\u0131nda 17 ayd\u0131r maa\u015f verilmir&#8221;\"}]},{\"@type\":\"WebSite\",\"@id\":\"https:\\\/\\\/www.meydan.tv\\\/az\\\/#website\",\"url\":\"https:\\\/\\\/www.meydan.tv\\\/az\\\/\",\"name\":\"MEYDAN.TV\",\"description\":\"Meydan TV Az\u0259rbaycan\u0131n media m\u0259kan\u0131ndak\u0131 alternativ s\u0259sidir\",\"publisher\":{\"@id\":\"https:\\\/\\\/www.meydan.tv\\\/az\\\/#organization\"},\"potentialAction\":[{\"@type\":\"SearchAction\",\"target\":{\"@type\":\"EntryPoint\",\"urlTemplate\":\"https:\\\/\\\/www.meydan.tv\\\/az\\\/?s={search_term_string}\"},\"query-input\":{\"@type\":\"PropertyValueSpecification\",\"valueRequired\":true,\"valueName\":\"search_term_string\"}}],\"inLanguage\":\"az\"},{\"@type\":\"Organization\",\"@id\":\"https:\\\/\\\/www.meydan.tv\\\/az\\\/#organization\",\"name\":\"Meydan TV\",\"url\":\"https:\\\/\\\/www.meydan.tv\\\/az\\\/\",\"logo\":{\"@type\":\"ImageObject\",\"inLanguage\":\"az\",\"@id\":\"https:\\\/\\\/www.meydan.tv\\\/az\\\/#\\\/schema\\\/logo\\\/image\\\/\",\"url\":\"https:\\\/\\\/www.meydan.tv\\\/wp-content\\\/uploads\\\/2021\\\/07\\\/meydan-logo.svg\",\"contentUrl\":\"https:\\\/\\\/www.meydan.tv\\\/wp-content\\\/uploads\\\/2021\\\/07\\\/meydan-logo.svg\",\"width\":195,\"height\":46,\"caption\":\"Meydan TV\"},\"image\":{\"@id\":\"https:\\\/\\\/www.meydan.tv\\\/az\\\/#\\\/schema\\\/logo\\\/image\\\/\"}},{\"@type\":\"Person\",\"@id\":\"https:\\\/\\\/www.meydan.tv\\\/az\\\/#\\\/schema\\\/person\\\/10d11eccf6da3662cf5fdab9806ea91a\",\"name\":\"user-manager\"}]}<\/script>\n<!-- \/ Yoast SEO plugin. -->","yoast_head_json":{"title":"''Q\u0131l\u0131ncoynatma Federasiyas\u0131nda 17 ayd\u0131r maa\u015f verilmir'' - MEYDAN.TV","robots":{"index":"index","follow":"follow","max-snippet":"max-snippet:-1","max-image-preview":"max-image-preview:large","max-video-preview":"max-video-preview:-1"},"canonical":"https:\/\/www.meydan.tv\/az\/article\/qilincoynatma-federasiyasinda-17-aydir-maas-verilmir\/","og_locale":"az_AZ","og_type":"article","og_title":"''Q\u0131l\u0131ncoynatma Federasiyas\u0131nda 17 ayd\u0131r maa\u015f verilmir'' - MEYDAN.TV","og_description":"Ya\u015far M\u0259mm\u0259dov: \"Nazim \u0130brahimov m\u0259\u015fq\u00e7il\u0259rl\u0259 f\u0259rdi g\u00f6r\u00fc\u015f\u00fcb xahi\u015f edir ki, onu d\u0259st\u0259kl\u0259sinl\u0259r\"","og_url":"https:\/\/www.meydan.tv\/az\/article\/qilincoynatma-federasiyasinda-17-aydir-maas-verilmir\/","og_site_name":"MEYDAN.TV","article_published_time":"2016-10-10T20:01:09+00:00","og_image":[{"width":1500,"height":1000,"url":"https:\/\/www.meydan.tv\/wp-content\/uploads\/26782.jpg","type":"image\/jpeg"}],"author":"user-manager","twitter_card":"summary_large_image","schema":{"@context":"https:\/\/schema.org","@graph":[{"@type":"Article","@id":"https:\/\/www.meydan.tv\/az\/article\/qilincoynatma-federasiyasinda-17-aydir-maas-verilmir\/#article","isPartOf":{"@id":"https:\/\/www.meydan.tv\/az\/article\/qilincoynatma-federasiyasinda-17-aydir-maas-verilmir\/"},"author":{"name":"user-manager","@id":"https:\/\/www.meydan.tv\/az\/#\/schema\/person\/10d11eccf6da3662cf5fdab9806ea91a"},"headline":"&#8221;Q\u0131l\u0131ncoynatma Federasiyas\u0131nda 17 ayd\u0131r maa\u015f verilmir&#8221;","datePublished":"2016-10-10T20:01:09+00:00","mainEntityOfPage":{"@id":"https:\/\/www.meydan.tv\/az\/article\/qilincoynatma-federasiyasinda-17-aydir-maas-verilmir\/"},"wordCount":1141,"publisher":{"@id":"https:\/\/www.meydan.tv\/az\/#organization"},"image":{"@id":"https:\/\/www.meydan.tv\/az\/article\/qilincoynatma-federasiyasinda-17-aydir-maas-verilmir\/#primaryimage"},"thumbnailUrl":"https:\/\/www.meydan.tv\/wp-content\/uploads\/26782.jpg","articleSection":["Analitika"],"inLanguage":"az"},{"@type":"WebPage","@id":"https:\/\/www.meydan.tv\/az\/article\/qilincoynatma-federasiyasinda-17-aydir-maas-verilmir\/","url":"https:\/\/www.meydan.tv\/az\/article\/qilincoynatma-federasiyasinda-17-aydir-maas-verilmir\/","name":"''Q\u0131l\u0131ncoynatma Federasiyas\u0131nda 17 ayd\u0131r maa\u015f verilmir'' - MEYDAN.TV","isPartOf":{"@id":"https:\/\/www.meydan.tv\/az\/#website"},"primaryImageOfPage":{"@id":"https:\/\/www.meydan.tv\/az\/article\/qilincoynatma-federasiyasinda-17-aydir-maas-verilmir\/#primaryimage"},"image":{"@id":"https:\/\/www.meydan.tv\/az\/article\/qilincoynatma-federasiyasinda-17-aydir-maas-verilmir\/#primaryimage"},"thumbnailUrl":"https:\/\/www.meydan.tv\/wp-content\/uploads\/26782.jpg","datePublished":"2016-10-10T20:01:09+00:00","breadcrumb":{"@id":"https:\/\/www.meydan.tv\/az\/article\/qilincoynatma-federasiyasinda-17-aydir-maas-verilmir\/#breadcrumb"},"inLanguage":"az","potentialAction":[{"@type":"ReadAction","target":["https:\/\/www.meydan.tv\/az\/article\/qilincoynatma-federasiyasinda-17-aydir-maas-verilmir\/"]}]},{"@type":"ImageObject","inLanguage":"az","@id":"https:\/\/www.meydan.tv\/az\/article\/qilincoynatma-federasiyasinda-17-aydir-maas-verilmir\/#primaryimage","url":"https:\/\/www.meydan.tv\/wp-content\/uploads\/26782.jpg","contentUrl":"https:\/\/www.meydan.tv\/wp-content\/uploads\/26782.jpg","width":1500,"height":1000,"caption":"Source:"},{"@type":"BreadcrumbList","@id":"https:\/\/www.meydan.tv\/az\/article\/qilincoynatma-federasiyasinda-17-aydir-maas-verilmir\/#breadcrumb","itemListElement":[{"@type":"ListItem","position":1,"name":"Ana s\u0259hif\u0259","item":"https:\/\/www.meydan.tv\/az\/"},{"@type":"ListItem","position":2,"name":"Analitika","item":"https:\/\/www.meydan.tv\/az\/section\/analitika\/"},{"@type":"ListItem","position":3,"name":"&#8221;Q\u0131l\u0131ncoynatma Federasiyas\u0131nda 17 ayd\u0131r maa\u015f verilmir&#8221;"}]},{"@type":"WebSite","@id":"https:\/\/www.meydan.tv\/az\/#website","url":"https:\/\/www.meydan.tv\/az\/","name":"MEYDAN.TV","description":"Meydan TV Az\u0259rbaycan\u0131n media m\u0259kan\u0131ndak\u0131 alternativ s\u0259sidir","publisher":{"@id":"https:\/\/www.meydan.tv\/az\/#organization"},"potentialAction":[{"@type":"SearchAction","target":{"@type":"EntryPoint","urlTemplate":"https:\/\/www.meydan.tv\/az\/?s={search_term_string}"},"query-input":{"@type":"PropertyValueSpecification","valueRequired":true,"valueName":"search_term_string"}}],"inLanguage":"az"},{"@type":"Organization","@id":"https:\/\/www.meydan.tv\/az\/#organization","name":"Meydan TV","url":"https:\/\/www.meydan.tv\/az\/","logo":{"@type":"ImageObject","inLanguage":"az","@id":"https:\/\/www.meydan.tv\/az\/#\/schema\/logo\/image\/","url":"https:\/\/www.meydan.tv\/wp-content\/uploads\/2021\/07\/meydan-logo.svg","contentUrl":"https:\/\/www.meydan.tv\/wp-content\/uploads\/2021\/07\/meydan-logo.svg","width":195,"height":46,"caption":"Meydan TV"},"image":{"@id":"https:\/\/www.meydan.tv\/az\/#\/schema\/logo\/image\/"}},{"@type":"Person","@id":"https:\/\/www.meydan.tv\/az\/#\/schema\/person\/10d11eccf6da3662cf5fdab9806ea91a","name":"user-manager"}]}},"_links":{"self":[{"href":"https:\/\/www.meydan.tv\/az\/wp-json\/wp\/v2\/posts\/179503","targetHints":{"allow":["GET"]}}],"collection":[{"href":"https:\/\/www.meydan.tv\/az\/wp-json\/wp\/v2\/posts"}],"about":[{"href":"https:\/\/www.meydan.tv\/az\/wp-json\/wp\/v2\/types\/post"}],"author":[{"embeddable":true,"href":"https:\/\/www.meydan.tv\/az\/wp-json\/wp\/v2\/users\/11"}],"replies":[{"embeddable":true,"href":"https:\/\/www.meydan.tv\/az\/wp-json\/wp\/v2\/comments?post=179503"}],"version-history":[{"count":0,"href":"https:\/\/www.meydan.tv\/az\/wp-json\/wp\/v2\/posts\/179503\/revisions"}],"wp:featuredmedia":[{"embeddable":true,"href":"https:\/\/www.meydan.tv\/az\/wp-json\/wp\/v2\/media\/70009"}],"wp:attachment":[{"href":"https:\/\/www.meydan.tv\/az\/wp-json\/wp\/v2\/media?parent=179503"}],"wp:term":[{"taxonomy":"category","embeddable":true,"href":"https:\/\/www.meydan.tv\/az\/wp-json\/wp\/v2\/categories?post=179503"},{"taxonomy":"post_tag","embeddable":true,"href":"https:\/\/www.meydan.tv\/az\/wp-json\/wp\/v2\/tags?post=179503"}],"curies":[{"name":"wp","href":"https:\/\/api.w.org\/{rel}","templated":true}]}}