{"id":179488,"date":"2016-10-10T16:45:52","date_gmt":"2016-10-10T16:45:52","guid":{"rendered":"https:\/\/www.meydan.tv\/article\/yigincaqlar-ancaq-mescidde-kecirilmelidir\/"},"modified":"2016-10-10T16:45:52","modified_gmt":"2016-10-10T16:45:52","slug":"yigincaqlar-ancaq-mescidde-kecirilmelidir","status":"publish","type":"post","link":"https:\/\/www.meydan.tv\/az\/article\/yigincaqlar-ancaq-mescidde-kecirilmelidir\/","title":{"rendered":"&#8221;Y\u0131\u011f\u0131ncaqlar ancaq m\u0259scidd\u0259 ke\u00e7irilm\u0259lidir&#8221;"},"content":{"rendered":"<figure class=\"wp-block-image size-large\">\n  <img decoding=\"async\" src=\"https:\/\/www.meydan.tv\/az\/69970\/\" alt=\"\" class=\"wp-image-69970\"\/><figcaption><\/figcaption><\/figure>\n<p>\n  <i><br \/>\n    P\u0259nah H\u00fcseyn: &#8221;Yeni qada\u011falar t\u0259tbiq etm\u0259k \u0259ks n\u0259tic\u0259l\u0259r\u0259 g\u0259tirib \u00e7\u0131xara bil\u0259r&#8221;<br \/>\n  <\/i>\n<\/p>\n<p>\n  <br \/>\n  \u201c\u018fmin\u0259m ki, \u0130mam H\u00fcseyn (\u0259) \u0259zadarl\u0131\u011f\u0131 Az\u0259rbaycanda dinc \u015f\u0259raitd\u0259, \u201cDini etiqad azadl\u0131\u011f\u0131 haqq\u0131nda\u201d qanuna uy\u011fun olacaq\u201d.<\/p>\n<p>  Dini Qurumlarla \u0130\u015f \u00fczr\u0259 D\u00f6vl\u0259t Komit\u0259sinin s\u0259dri M\u00fcbariz Qurbanl\u0131 APA-ya bildirib ki, Qafqaz M\u00dcs\u0259lmanlar\u0131 \u0130dar\u0259si (QM\u0130) v\u0259 Komit\u0259 aras\u0131nda A\u015fura g\u00fcn\u00fc il\u0259 ba\u011fl\u0131 he\u00e7 bir fikir ayr\u0131l\u0131\u011f\u0131 yoxdur v\u0259 bununla ba\u011fl\u0131 f\u0259tva birlikd\u0259 q\u0259bul olunub.<\/p>\n<p>  Onun s\u00f6zl\u0259rin\u0259 g\u00f6r\u0259, \u201cDini etiqad azadl\u0131\u011f\u0131 haqq\u0131nda\u201d qanunda h\u0259r \u015fey a\u00e7\u0131q formada g\u00f6st\u0259rilir: \u201cDini xarakterli b\u00fct\u00fcn ayinl\u0259r m\u0259scidd\u0259 v\u0259 yaxud m\u0259scidin h\u0259y\u0259tind\u0259 ke\u00e7iril\u0259 bil\u0259r. O c\u00fcml\u0259d\u0259n dini atributlar, dini xarakterli bu v\u0259 ya dig\u0259r bayraqlar m\u0259scidin i\u00e7\u0259risind\u0259 istifad\u0259 olunmal\u0131d\u0131r. Dini ayinl\u0259rin icras\u0131 zaman\u0131 qanuna \u0259m\u0259l edilm\u0259lidir. B\u0259zi adamlar\u0131n A\u015fura g\u00fcn\u00fc evl\u0259rd\u0259 bu v\u0259 ya dig\u0259r t\u0259dbir ke\u00e7irm\u0259yin\u0259 g\u0259linc\u0259, biz t\u00f6vsiy\u0259 edirik ki, b\u00fct\u00fcn t\u0259dbirl\u0259ri m\u0259scidl\u0259rd\u0259 t\u0259\u015fkil olunsun. Kims\u0259 \u0130mam H\u00fcseyn ad\u0131na s\u00fcfr\u0259 a\u00e7maq ist\u0259yirs\u0259, onu da m\u0259scid\u0259 g\u00f6nd\u0259rib orada t\u0259\u015fkil ed\u0259 bil\u0259r. \u018fn\u0259n\u0259vi \u015f\u0259kild\u0259 evind\u0259 s\u00fcfr\u0259 a\u00e7maq ist\u0259y\u0259n olsa, bunda da problem g\u00f6rm\u00fcr\u00fck. Amma kims\u0259 s\u00fcfr\u0259 a\u00e7maqdan f\u0259rqli olaraq, ayin ke\u00e7irirs\u0259, \u0259zadarl\u0131q t\u0259\u015fkil edirs\u0259, bu, art\u0131q ba\u015fqa m\u0259s\u0259l\u0259dir. Bir var s\u00fcfr\u0259 a\u00e7maq, bir var dini xarakterli y\u0131\u011f\u0131ncaq ke\u00e7irm\u0259k &#8211; bunlar f\u0259rqlidir. Y\u0131\u011f\u0131ncaqlar ancaq m\u0259scidd\u0259 ke\u00e7irilm\u0259lidir. Bu, Az\u0259rbaycanda t\u0259k M\u0259h\u0259rr\u0259mlik ay\u0131na aid deyil. Kim q\u0259m-q\u00fcss\u0259sini ifad\u0259 etm\u0259k ist\u0259yirs\u0259, bunun \u00fc\u00e7\u00fcn m\u0259scid var\u201d.<\/p>\n<p>  Komit\u0259 s\u0259drinin s\u00f6yl\u0259dikl\u0259rini Meydan TV-y\u0259 \u015f\u0259rh ed\u0259n sabiq deputat P\u0259nah H\u00fcseyn bildirib ki, son d\u00f6vrd\u0259 Az\u0259rbaycan hakimiyy\u0259tinin v\u0259t\u0259nda\u015flar\u0131n dini etiqad azadl\u0131\u011f\u0131 il\u0259 qanunvericiliy\u0259 etdiyi bir s\u0131ra m\u0259hdudla\u015fd\u0131r\u0131c\u0131 qaydalar ekstremizm v\u0259 terrorizm, dini b\u00f6l\u00fcc\u00fcl\u00fck v\u0259 m\u0259ss\u0259bl\u0259raras\u0131 qar\u015f\u0131durma, habel\u0259 d\u00f6vl\u0259tin milli t\u0259hl\u00fck\u0259sizliyi, o c\u00fcml\u0259d\u0259n xaricd\u0259n g\u0259l\u0259n t\u0259hdidl\u0259rl\u0259 m\u00fcbariz\u0259 t\u0259l\u0259bl\u0259ri il\u0259 izah olunur.Lakin iqtidar t\u0259r\u0259find\u0259n, \u00fcmumiyy\u0259tl\u0259, b\u00fct\u00fcn sah\u0259l\u0259rd\u0259 insan h\u00fcquq v\u0259 azadl\u0131qlar\u0131 \u00fcz\u0259rin\u0259 h\u00fccum total t\u0259nziml\u0259m\u0259 meyll\u0259ri kontekstind\u0259 d\u0259y\u0259rl\u0259ndirilm\u0259lidir:<br \/>\n  <br \/>\n  &#8220;Hakimiyy\u0259t orqanlar\u0131 bir s\u0131ra hallarda dini ekstremizml\u0259 m\u00fcbariz\u0259 ad\u0131 alt\u0131nda dini h\u00fcquq v\u0259 azadl\u0131qlar\u0131 m\u0259hdudla\u015fd\u0131r\u0131rlar. Konkret dini m\u0259rasiml\u0259r\u0259, o c\u00fcml\u0259d\u0259n, a\u015fura m\u0259rasimi il\u0259 ba\u011fl\u0131 icraatlara g\u0259ldikd\u0259, h\u0259tta sovet d\u00f6n\u0259mind\u0259 d\u0259 m\u00f6vcud olmu\u015f \u0259n\u0259n\u0259l\u0259r var. \u0130ndi daha da ir\u0259li gedib yeni- yeni qada\u011falar t\u0259tbiq etm\u0259k \u0259ks n\u0259tic\u0259l\u0259r\u0259 g\u0259tirib \u00e7\u0131xara bil\u0259r. B\u00fct\u00fcn dini f\u0259aliyy\u0259t v\u0259 t\u0259labatlar\u0131 r\u0259smi m\u0259scidl\u0259rl\u0259 \u00e7\u0259r\u00e7iv\u0259l\u0259ndirm\u0259k planlar\u0131 da bu q\u0259bild\u0259ndir&#8221;.\n<\/p>\n<figure class=\"wp-block-image size-large\">\n  <img decoding=\"async\" src=\"https:\/\/www.meydan.tv\/az\/69973\/\" alt=\"\" class=\"wp-image-69973\"\/><figcaption>\n    P\u0259nah H\u00fcseyn foto sosial \u015f\u0259b\u0259k\u0259<br \/>\n  <\/figcaption><\/figure>\n<p>\n  A\u015fura g\u00fcn\u00fc il\u0259 ba\u011fl\u0131 m\u0259rasiml\u0259rin dinc \u015f\u0259raitd\u0259 ke\u00e7irilm\u0259si \u00e7a\u011f\u0131r\u0131\u015flar\u0131na g\u0259ldikd\u0259, P\u0259nah H\u00fcseyn bu m\u0259s\u0259l\u0259d\u0259 m\u00fcbahis\u0259y\u0259 yer olmad\u0131\u011f\u0131n\u0131 deyib: &#8220;\u00dcmumiyy\u0259tl\u0259, qeyri-dinc m\u0259rasiml\u0259r anlay\u0131\u015f\u0131 yoxdur. \u018fg\u0259r m\u0259rasiml\u0259r dinc \u015f\u0259raitd\u0259 ke\u00e7irilm\u0259zs\u0259, d\u00f6vl\u0259tin v\u0259zif\u0259si bunun qar\u015f\u0131s\u0131n\u0131 almaqd\u0131r. Qanunla m\u00fc\u0259yy\u0259n olunmu\u015f v\u0259zif\u0259l\u0259rin yerin\u0259 yetirilm\u0259si d\u00f6vl\u0259t orqanlar\u0131na da, dini icmalara da aiddir&#8221;.\n<\/p>\n<p>\n  &#8220;\u00d6t\u0259n ill\u0259rd\u0259 a\u015furada y\u00fcr\u00fc\u015fl\u0259r\u0259 icaz\u0259 verildiyi halda bu il qada\u011falar\u0131n t\u0259tbiq olunmas\u0131n\u0131 nec\u0259 izah ed\u0259rdiniz&#8221; sual\u0131na P\u0259nah H\u00fcseyn cavab verib ki, dini m\u0259rasiml\u0259rin mitinq v\u0259 y\u00fcr\u00fc\u015fl\u0259r haqq\u0131nda qanunla t\u0259nziml\u0259nm\u0259si m\u00fcmk\u00fcn v\u0259 do\u011fru deyil: &#8220;\u00d6nc\u0259 \u201cDini m\u0259rasim yerl\u0259ri\u201d anlay\u0131\u015f\u0131na ayd\u0131nl\u0131q g\u0259tirilm\u0259lidir. &#8220;Dini m\u0259rasim yerl\u0259ri yaln\u0131z m\u0259scidl\u0259rdir&#8221; izah\u0131 do\u011fru deyil. D\u00fcnyan\u0131n h\u0259r yerind\u0259 v\u0259 h\u0259r dind\u0259 y\u00fcr\u00fc\u015f, kils\u0259 v\u0259 m\u0259scidl\u0259rd\u0259n k\u0259nar yerl\u0259rd\u0259 icra olunan dini m\u0259rasiml\u0259r vard\u0131r. Bizd\u0259 d\u0259 bu m\u0259s\u0259l\u0259l\u0259ri t\u0259nziml\u0259y\u0259n bir variant tapmaq m\u00fcmk\u00fcnd\u00fcr&#8221;.\n<\/p><\/p>\n","protected":false},"excerpt":{"rendered":"<p>P\u0259nah H\u00fcseyn: &#8221;Yeni qada\u011falar t\u0259tbiq etm\u0259k \u0259ks n\u0259tic\u0259l\u0259r\u0259 g\u0259tirib \u00e7\u0131xara bil\u0259r&#8221;<\/p>\n","protected":false},"author":11,"featured_media":69970,"comment_status":"closed","ping_status":"open","sticky":false,"template":"","format":"standard","meta":{"_acf_changed":false,"_sitemap_exclude":false,"_sitemap_priority":"","_sitemap_frequency":"","footnotes":""},"categories":[51],"tags":[],"class_list":["post-179488","post","type-post","status-publish","format-standard","has-post-thumbnail","hentry","category-analitika","infinite-scroll-item","generate-columns","tablet-grid-50","mobile-grid-100","grid-parent","grid-33","no-featured-image-padding"],"acf":[],"yoast_head":"<!-- This site is optimized with the Yoast SEO plugin v27.5 - https:\/\/yoast.com\/product\/yoast-seo-wordpress\/ -->\n<title>&#039;&#039;Y\u0131\u011f\u0131ncaqlar ancaq m\u0259scidd\u0259 ke\u00e7irilm\u0259lidir&#039;&#039; - MEYDAN.TV<\/title>\n<meta name=\"robots\" content=\"index, follow, max-snippet:-1, max-image-preview:large, max-video-preview:-1\" \/>\n<link rel=\"canonical\" href=\"https:\/\/www.meydan.tv\/az\/article\/yigincaqlar-ancaq-mescidde-kecirilmelidir\/\" \/>\n<meta property=\"og:locale\" content=\"az_AZ\" \/>\n<meta property=\"og:type\" content=\"article\" \/>\n<meta property=\"og:title\" content=\"&#039;&#039;Y\u0131\u011f\u0131ncaqlar ancaq m\u0259scidd\u0259 ke\u00e7irilm\u0259lidir&#039;&#039; - MEYDAN.TV\" \/>\n<meta property=\"og:description\" content=\"P\u0259nah H\u00fcseyn: &#039;&#039;Yeni qada\u011falar t\u0259tbiq etm\u0259k \u0259ks n\u0259tic\u0259l\u0259r\u0259 g\u0259tirib \u00e7\u0131xara bil\u0259r&#039;&#039;\" \/>\n<meta property=\"og:url\" content=\"https:\/\/www.meydan.tv\/az\/article\/yigincaqlar-ancaq-mescidde-kecirilmelidir\/\" \/>\n<meta property=\"og:site_name\" content=\"MEYDAN.TV\" \/>\n<meta property=\"article:published_time\" content=\"2016-10-10T16:45:52+00:00\" \/>\n<meta property=\"og:image\" content=\"https:\/\/www.meydan.tv\/wp-content\/uploads\/26769.jpg\" \/>\n\t<meta property=\"og:image:width\" content=\"753\" \/>\n\t<meta property=\"og:image:height\" content=\"500\" \/>\n\t<meta property=\"og:image:type\" content=\"image\/jpeg\" \/>\n<meta name=\"author\" content=\"user-manager\" \/>\n<meta name=\"twitter:card\" content=\"summary_large_image\" \/>\n<script type=\"application\/ld+json\" class=\"yoast-schema-graph\">{\"@context\":\"https:\\\/\\\/schema.org\",\"@graph\":[{\"@type\":\"Article\",\"@id\":\"https:\\\/\\\/www.meydan.tv\\\/az\\\/article\\\/yigincaqlar-ancaq-mescidde-kecirilmelidir\\\/#article\",\"isPartOf\":{\"@id\":\"https:\\\/\\\/www.meydan.tv\\\/az\\\/article\\\/yigincaqlar-ancaq-mescidde-kecirilmelidir\\\/\"},\"author\":{\"name\":\"user-manager\",\"@id\":\"https:\\\/\\\/www.meydan.tv\\\/az\\\/#\\\/schema\\\/person\\\/10d11eccf6da3662cf5fdab9806ea91a\"},\"headline\":\"&#8221;Y\u0131\u011f\u0131ncaqlar ancaq m\u0259scidd\u0259 ke\u00e7irilm\u0259lidir&#8221;\",\"datePublished\":\"2016-10-10T16:45:52+00:00\",\"mainEntityOfPage\":{\"@id\":\"https:\\\/\\\/www.meydan.tv\\\/az\\\/article\\\/yigincaqlar-ancaq-mescidde-kecirilmelidir\\\/\"},\"wordCount\":811,\"publisher\":{\"@id\":\"https:\\\/\\\/www.meydan.tv\\\/az\\\/#organization\"},\"image\":{\"@id\":\"https:\\\/\\\/www.meydan.tv\\\/az\\\/article\\\/yigincaqlar-ancaq-mescidde-kecirilmelidir\\\/#primaryimage\"},\"thumbnailUrl\":\"https:\\\/\\\/www.meydan.tv\\\/wp-content\\\/uploads\\\/26769.jpg\",\"articleSection\":[\"Analitika\"],\"inLanguage\":\"az\"},{\"@type\":\"WebPage\",\"@id\":\"https:\\\/\\\/www.meydan.tv\\\/az\\\/article\\\/yigincaqlar-ancaq-mescidde-kecirilmelidir\\\/\",\"url\":\"https:\\\/\\\/www.meydan.tv\\\/az\\\/article\\\/yigincaqlar-ancaq-mescidde-kecirilmelidir\\\/\",\"name\":\"''Y\u0131\u011f\u0131ncaqlar ancaq m\u0259scidd\u0259 ke\u00e7irilm\u0259lidir'' - MEYDAN.TV\",\"isPartOf\":{\"@id\":\"https:\\\/\\\/www.meydan.tv\\\/az\\\/#website\"},\"primaryImageOfPage\":{\"@id\":\"https:\\\/\\\/www.meydan.tv\\\/az\\\/article\\\/yigincaqlar-ancaq-mescidde-kecirilmelidir\\\/#primaryimage\"},\"image\":{\"@id\":\"https:\\\/\\\/www.meydan.tv\\\/az\\\/article\\\/yigincaqlar-ancaq-mescidde-kecirilmelidir\\\/#primaryimage\"},\"thumbnailUrl\":\"https:\\\/\\\/www.meydan.tv\\\/wp-content\\\/uploads\\\/26769.jpg\",\"datePublished\":\"2016-10-10T16:45:52+00:00\",\"breadcrumb\":{\"@id\":\"https:\\\/\\\/www.meydan.tv\\\/az\\\/article\\\/yigincaqlar-ancaq-mescidde-kecirilmelidir\\\/#breadcrumb\"},\"inLanguage\":\"az\",\"potentialAction\":[{\"@type\":\"ReadAction\",\"target\":[\"https:\\\/\\\/www.meydan.tv\\\/az\\\/article\\\/yigincaqlar-ancaq-mescidde-kecirilmelidir\\\/\"]}]},{\"@type\":\"ImageObject\",\"inLanguage\":\"az\",\"@id\":\"https:\\\/\\\/www.meydan.tv\\\/az\\\/article\\\/yigincaqlar-ancaq-mescidde-kecirilmelidir\\\/#primaryimage\",\"url\":\"https:\\\/\\\/www.meydan.tv\\\/wp-content\\\/uploads\\\/26769.jpg\",\"contentUrl\":\"https:\\\/\\\/www.meydan.tv\\\/wp-content\\\/uploads\\\/26769.jpg\",\"width\":753,\"height\":500,\"caption\":\"Source:\"},{\"@type\":\"BreadcrumbList\",\"@id\":\"https:\\\/\\\/www.meydan.tv\\\/az\\\/article\\\/yigincaqlar-ancaq-mescidde-kecirilmelidir\\\/#breadcrumb\",\"itemListElement\":[{\"@type\":\"ListItem\",\"position\":1,\"name\":\"Ana s\u0259hif\u0259\",\"item\":\"https:\\\/\\\/www.meydan.tv\\\/az\\\/\"},{\"@type\":\"ListItem\",\"position\":2,\"name\":\"Analitika\",\"item\":\"https:\\\/\\\/www.meydan.tv\\\/az\\\/section\\\/analitika\\\/\"},{\"@type\":\"ListItem\",\"position\":3,\"name\":\"&#8221;Y\u0131\u011f\u0131ncaqlar ancaq m\u0259scidd\u0259 ke\u00e7irilm\u0259lidir&#8221;\"}]},{\"@type\":\"WebSite\",\"@id\":\"https:\\\/\\\/www.meydan.tv\\\/az\\\/#website\",\"url\":\"https:\\\/\\\/www.meydan.tv\\\/az\\\/\",\"name\":\"MEYDAN.TV\",\"description\":\"Meydan TV Az\u0259rbaycan\u0131n media m\u0259kan\u0131ndak\u0131 alternativ s\u0259sidir\",\"publisher\":{\"@id\":\"https:\\\/\\\/www.meydan.tv\\\/az\\\/#organization\"},\"potentialAction\":[{\"@type\":\"SearchAction\",\"target\":{\"@type\":\"EntryPoint\",\"urlTemplate\":\"https:\\\/\\\/www.meydan.tv\\\/az\\\/?s={search_term_string}\"},\"query-input\":{\"@type\":\"PropertyValueSpecification\",\"valueRequired\":true,\"valueName\":\"search_term_string\"}}],\"inLanguage\":\"az\"},{\"@type\":\"Organization\",\"@id\":\"https:\\\/\\\/www.meydan.tv\\\/az\\\/#organization\",\"name\":\"Meydan TV\",\"url\":\"https:\\\/\\\/www.meydan.tv\\\/az\\\/\",\"logo\":{\"@type\":\"ImageObject\",\"inLanguage\":\"az\",\"@id\":\"https:\\\/\\\/www.meydan.tv\\\/az\\\/#\\\/schema\\\/logo\\\/image\\\/\",\"url\":\"https:\\\/\\\/www.meydan.tv\\\/wp-content\\\/uploads\\\/2021\\\/07\\\/meydan-logo.svg\",\"contentUrl\":\"https:\\\/\\\/www.meydan.tv\\\/wp-content\\\/uploads\\\/2021\\\/07\\\/meydan-logo.svg\",\"width\":195,\"height\":46,\"caption\":\"Meydan TV\"},\"image\":{\"@id\":\"https:\\\/\\\/www.meydan.tv\\\/az\\\/#\\\/schema\\\/logo\\\/image\\\/\"}},{\"@type\":\"Person\",\"@id\":\"https:\\\/\\\/www.meydan.tv\\\/az\\\/#\\\/schema\\\/person\\\/10d11eccf6da3662cf5fdab9806ea91a\",\"name\":\"user-manager\"}]}<\/script>\n<!-- \/ Yoast SEO plugin. -->","yoast_head_json":{"title":"''Y\u0131\u011f\u0131ncaqlar ancaq m\u0259scidd\u0259 ke\u00e7irilm\u0259lidir'' - MEYDAN.TV","robots":{"index":"index","follow":"follow","max-snippet":"max-snippet:-1","max-image-preview":"max-image-preview:large","max-video-preview":"max-video-preview:-1"},"canonical":"https:\/\/www.meydan.tv\/az\/article\/yigincaqlar-ancaq-mescidde-kecirilmelidir\/","og_locale":"az_AZ","og_type":"article","og_title":"''Y\u0131\u011f\u0131ncaqlar ancaq m\u0259scidd\u0259 ke\u00e7irilm\u0259lidir'' - MEYDAN.TV","og_description":"P\u0259nah H\u00fcseyn: ''Yeni qada\u011falar t\u0259tbiq etm\u0259k \u0259ks n\u0259tic\u0259l\u0259r\u0259 g\u0259tirib \u00e7\u0131xara bil\u0259r''","og_url":"https:\/\/www.meydan.tv\/az\/article\/yigincaqlar-ancaq-mescidde-kecirilmelidir\/","og_site_name":"MEYDAN.TV","article_published_time":"2016-10-10T16:45:52+00:00","og_image":[{"width":753,"height":500,"url":"https:\/\/www.meydan.tv\/wp-content\/uploads\/26769.jpg","type":"image\/jpeg"}],"author":"user-manager","twitter_card":"summary_large_image","schema":{"@context":"https:\/\/schema.org","@graph":[{"@type":"Article","@id":"https:\/\/www.meydan.tv\/az\/article\/yigincaqlar-ancaq-mescidde-kecirilmelidir\/#article","isPartOf":{"@id":"https:\/\/www.meydan.tv\/az\/article\/yigincaqlar-ancaq-mescidde-kecirilmelidir\/"},"author":{"name":"user-manager","@id":"https:\/\/www.meydan.tv\/az\/#\/schema\/person\/10d11eccf6da3662cf5fdab9806ea91a"},"headline":"&#8221;Y\u0131\u011f\u0131ncaqlar ancaq m\u0259scidd\u0259 ke\u00e7irilm\u0259lidir&#8221;","datePublished":"2016-10-10T16:45:52+00:00","mainEntityOfPage":{"@id":"https:\/\/www.meydan.tv\/az\/article\/yigincaqlar-ancaq-mescidde-kecirilmelidir\/"},"wordCount":811,"publisher":{"@id":"https:\/\/www.meydan.tv\/az\/#organization"},"image":{"@id":"https:\/\/www.meydan.tv\/az\/article\/yigincaqlar-ancaq-mescidde-kecirilmelidir\/#primaryimage"},"thumbnailUrl":"https:\/\/www.meydan.tv\/wp-content\/uploads\/26769.jpg","articleSection":["Analitika"],"inLanguage":"az"},{"@type":"WebPage","@id":"https:\/\/www.meydan.tv\/az\/article\/yigincaqlar-ancaq-mescidde-kecirilmelidir\/","url":"https:\/\/www.meydan.tv\/az\/article\/yigincaqlar-ancaq-mescidde-kecirilmelidir\/","name":"''Y\u0131\u011f\u0131ncaqlar ancaq m\u0259scidd\u0259 ke\u00e7irilm\u0259lidir'' - MEYDAN.TV","isPartOf":{"@id":"https:\/\/www.meydan.tv\/az\/#website"},"primaryImageOfPage":{"@id":"https:\/\/www.meydan.tv\/az\/article\/yigincaqlar-ancaq-mescidde-kecirilmelidir\/#primaryimage"},"image":{"@id":"https:\/\/www.meydan.tv\/az\/article\/yigincaqlar-ancaq-mescidde-kecirilmelidir\/#primaryimage"},"thumbnailUrl":"https:\/\/www.meydan.tv\/wp-content\/uploads\/26769.jpg","datePublished":"2016-10-10T16:45:52+00:00","breadcrumb":{"@id":"https:\/\/www.meydan.tv\/az\/article\/yigincaqlar-ancaq-mescidde-kecirilmelidir\/#breadcrumb"},"inLanguage":"az","potentialAction":[{"@type":"ReadAction","target":["https:\/\/www.meydan.tv\/az\/article\/yigincaqlar-ancaq-mescidde-kecirilmelidir\/"]}]},{"@type":"ImageObject","inLanguage":"az","@id":"https:\/\/www.meydan.tv\/az\/article\/yigincaqlar-ancaq-mescidde-kecirilmelidir\/#primaryimage","url":"https:\/\/www.meydan.tv\/wp-content\/uploads\/26769.jpg","contentUrl":"https:\/\/www.meydan.tv\/wp-content\/uploads\/26769.jpg","width":753,"height":500,"caption":"Source:"},{"@type":"BreadcrumbList","@id":"https:\/\/www.meydan.tv\/az\/article\/yigincaqlar-ancaq-mescidde-kecirilmelidir\/#breadcrumb","itemListElement":[{"@type":"ListItem","position":1,"name":"Ana s\u0259hif\u0259","item":"https:\/\/www.meydan.tv\/az\/"},{"@type":"ListItem","position":2,"name":"Analitika","item":"https:\/\/www.meydan.tv\/az\/section\/analitika\/"},{"@type":"ListItem","position":3,"name":"&#8221;Y\u0131\u011f\u0131ncaqlar ancaq m\u0259scidd\u0259 ke\u00e7irilm\u0259lidir&#8221;"}]},{"@type":"WebSite","@id":"https:\/\/www.meydan.tv\/az\/#website","url":"https:\/\/www.meydan.tv\/az\/","name":"MEYDAN.TV","description":"Meydan TV Az\u0259rbaycan\u0131n media m\u0259kan\u0131ndak\u0131 alternativ s\u0259sidir","publisher":{"@id":"https:\/\/www.meydan.tv\/az\/#organization"},"potentialAction":[{"@type":"SearchAction","target":{"@type":"EntryPoint","urlTemplate":"https:\/\/www.meydan.tv\/az\/?s={search_term_string}"},"query-input":{"@type":"PropertyValueSpecification","valueRequired":true,"valueName":"search_term_string"}}],"inLanguage":"az"},{"@type":"Organization","@id":"https:\/\/www.meydan.tv\/az\/#organization","name":"Meydan TV","url":"https:\/\/www.meydan.tv\/az\/","logo":{"@type":"ImageObject","inLanguage":"az","@id":"https:\/\/www.meydan.tv\/az\/#\/schema\/logo\/image\/","url":"https:\/\/www.meydan.tv\/wp-content\/uploads\/2021\/07\/meydan-logo.svg","contentUrl":"https:\/\/www.meydan.tv\/wp-content\/uploads\/2021\/07\/meydan-logo.svg","width":195,"height":46,"caption":"Meydan TV"},"image":{"@id":"https:\/\/www.meydan.tv\/az\/#\/schema\/logo\/image\/"}},{"@type":"Person","@id":"https:\/\/www.meydan.tv\/az\/#\/schema\/person\/10d11eccf6da3662cf5fdab9806ea91a","name":"user-manager"}]}},"_links":{"self":[{"href":"https:\/\/www.meydan.tv\/az\/wp-json\/wp\/v2\/posts\/179488","targetHints":{"allow":["GET"]}}],"collection":[{"href":"https:\/\/www.meydan.tv\/az\/wp-json\/wp\/v2\/posts"}],"about":[{"href":"https:\/\/www.meydan.tv\/az\/wp-json\/wp\/v2\/types\/post"}],"author":[{"embeddable":true,"href":"https:\/\/www.meydan.tv\/az\/wp-json\/wp\/v2\/users\/11"}],"replies":[{"embeddable":true,"href":"https:\/\/www.meydan.tv\/az\/wp-json\/wp\/v2\/comments?post=179488"}],"version-history":[{"count":0,"href":"https:\/\/www.meydan.tv\/az\/wp-json\/wp\/v2\/posts\/179488\/revisions"}],"wp:featuredmedia":[{"embeddable":true,"href":"https:\/\/www.meydan.tv\/az\/wp-json\/wp\/v2\/media\/69970"}],"wp:attachment":[{"href":"https:\/\/www.meydan.tv\/az\/wp-json\/wp\/v2\/media?parent=179488"}],"wp:term":[{"taxonomy":"category","embeddable":true,"href":"https:\/\/www.meydan.tv\/az\/wp-json\/wp\/v2\/categories?post=179488"},{"taxonomy":"post_tag","embeddable":true,"href":"https:\/\/www.meydan.tv\/az\/wp-json\/wp\/v2\/tags?post=179488"}],"curies":[{"name":"wp","href":"https:\/\/api.w.org\/{rel}","templated":true}]}}