{"id":179485,"date":"2016-10-10T15:54:31","date_gmt":"2016-10-10T15:54:31","guid":{"rendered":"https:\/\/www.meydan.tv\/article\/birinci-vitse-prezident-postuna-gozlenilmez-namized\/"},"modified":"2016-10-10T15:54:31","modified_gmt":"2016-10-10T15:54:31","slug":"birinci-vitse-prezident-postuna-gozlenilmez-namized","status":"publish","type":"post","link":"https:\/\/www.meydan.tv\/az\/article\/birinci-vitse-prezident-postuna-gozlenilmez-namized\/","title":{"rendered":"Birinci vitse-prezident postuna g\u00f6zl\u0259nilm\u0259z namiz\u0259d"},"content":{"rendered":"<figure class=\"wp-block-image size-large\">\n  <img decoding=\"async\" src=\"https:\/\/www.meydan.tv\/az\/69955\/\" alt=\"\" class=\"wp-image-69955\"\/><figcaption><\/figcaption><\/figure>\n<figure class=\"wp-block-image size-large\">\n  <img decoding=\"async\" src=\"https:\/\/www.meydan.tv\/az\/69958\/\" alt=\"\" class=\"wp-image-69958\"\/><figcaption><\/figcaption><\/figure>\n<p>\n  <i><br \/>\n    Ad\u0131 hallanan \u015f\u0259xs b\u00fct\u00fcn qrupla\u015fmalara barmaq silk\u0259l\u0259m\u0259k iqtidar\u0131ndad\u0131<br \/>\n  <\/i>\n<\/p>\n<p>\n  Az\u0259rbaycanda son prosesl\u0259rinin t\u0259hlilind\u0259n g\u00f6r\u00fcn\u0259n budur ki, \u00f6lk\u0259 yeni prezident se\u00e7kil\u0259rin\u0259 haz\u0131rla\u015f\u0131r. Konstitusiya d\u0259yi\u015fiklikl\u0259ri il\u0259 ba\u011fl\u0131 ke\u00e7iril\u0259n referendumdan sonra bu m\u0259s\u0259l\u0259 daha da aktualla\u015fd\u0131. Yeni prezident se\u00e7il\u0259c\u0259k parlamenti buraxmaq s\u0259lahiyy\u0259tl\u0259rin\u0259 malik olacaq. Bu is\u0259 o anlama g\u0259lir ki, bu ilin sonuna q\u0259d\u0259r prezident, g\u0259l\u0259n ilin \u0259vv\u0259ll\u0259rind\u0259 is\u0259 \u00f6lk\u0259d\u0259 yeni parlament se\u00e7kil\u0259ri d\u0259 ke\u00e7iril\u0259 bil\u0259r. Bir s\u00f6zl\u0259, bu situasiya \u00f6lk\u0259d\u0259 yeni kadr rotasiyalar\u0131n\u0131 qa\u00e7\u0131lmaz edir. Bu is\u0259 hakimiyy\u0259tdaxili sava\u015f\u0131n yeni m\u0259rh\u0259l\u0259sinin anonsudur. \u0130ndi ham\u0131n\u0131 daha \u00e7ox bir sual d\u00fc\u015f\u00fcnd\u00fcr\u00fcr: Yeni t\u0259sis olunmu\u015f vitse-prezidentl\u0259r kiml\u0259r olacaq? Diqq\u0259t daha \u00e7ox birinci-vitse prezident postunun m\u00fcmk\u00fcn sahibinin ara\u015fd\u0131r\u0131lmas\u0131na y\u00f6n\u0259lib.\n<\/p>\n<p>\n  Prinsipc\u0259, birinci vitse-prezidentin kimliyi \u00f6lk\u0259nin g\u0259l\u0259c\u0259k prezidentinin kimliyini v\u0259 xarici kursunun da istiqam\u0259tini m\u00fc\u0259yy\u0259nl\u0259\u015fdir\u0259c\u0259k. Bel\u0259likl\u0259, bu posta \u0259n m\u00fcmk\u00fcn namiz\u0259dl\u0259r\u0259 n\u0259z\u0259r yetir\u0259k. M\u00fc\u015fahid\u0259\u00e7il\u0259rin fikrinc\u0259, \u00f6lk\u0259nin birinci vitse \u2013 prezidenti postuna \u0259n \u015fansl\u0131 namiz\u0259d \u00f6lk\u0259nin birinci ledisidir. Maliyy\u0259 strukturlar\u0131na dem\u0259k olar ki, tam n\u0259zar\u0259t ed\u0259n Pa\u015fayevl\u0259r bir s\u0131ra nazirlikl\u0259r \u00fcz\u0259rind\u0259 d\u0259 n\u0259zar\u0259t z\u0259rfin\u0259 malikdirl\u0259r. G\u00fcc nazirlikl\u0259rind\u0259n \u0259n \u00f6n\u0259mllisi il\u0259 birba\u015fa \u0259laq\u0259d\u0259 olan, m\u00fcxalif\u0259tin m\u00fc\u0259yy\u0259n k\u0259simi il\u0259 t\u0259maslar\u0131 olan \u201cikinci hakim ail\u0259\u201d \u0259n g\u00fccl\u00fc qrupla\u015fma kimi q\u0259bul olunur. Bir s\u00f6zl\u0259, Heyd\u0259r \u018fliyev Fondunun r\u0259hb\u0259ri birinci vitse \u2013 prezident postunun bir add\u0131ml\u0131\u011f\u0131ndad\u0131r. Lakin bu m\u0259s\u0259l\u0259d\u0259 b\u0259zi probleml\u0259r m\u00f6vcuddur. \u201c\u0130kinci hakim ail\u0259\u201dnin birinci olmas\u0131na hakimiyy\u0259tin bel s\u00fctunu olan \u201cNax\u00e7\u0131van klan\u0131\u201dn\u0131n reaksiyas\u0131 nec\u0259 olacaq? Son ill\u0259r \u0259rzind\u0259 bu klan\u0131n m\u00f6vqel\u0259ri z\u0259ifl\u0259s\u0259 d\u0259, mobil v\u0259 \u00e7eviklik bax\u0131m\u0131ndan, \u00fcmumi maraqlar namin\u0259 birl\u0259\u015fm\u0259k bacar\u0131\u011f\u0131na g\u00f6r\u0259 v\u0259 he\u00e7 d\u0259 az olmayan maliyy\u0259 resurslar\u0131na g\u00f6r\u0259 ist\u0259nil\u0259n namiz\u0259d\u0259 \u0259z\u0259l\u0259 n\u00fcmayi\u015f etdir\u0259 bil\u0259r. Bunu anlayan \u201cikinci hakim ail\u0259\u201d \u201cNax\u00e7\u0131van qrupla\u015fmas\u0131\u201dn\u0131n \u00fcnl\u00fc simalar\u0131na revaranslar etm\u0259kd\u0259dir. General M\u0259h\u0259rr\u0259m \u018fliyev v\u0259 qarda\u015f\u0131 Adil \u018fliyev Pa\u015fayevl\u0259r\u0259 d\u0259st\u0259k verm\u0259y\u0259 haz\u0131r olduqlar\u0131n\u0131 n\u00fcmayi\u015f etdirirl\u0259r. Bu is\u0259 he\u00e7 d\u0259 s\u0131radan bir m\u0259s\u0259l\u0259 deyil. \u018fslind\u0259, \u201cikinci hakim ail\u0259\u201dy\u0259 qar\u015f\u0131 \u00e7\u0131x\u0131\u015f etm\u0259y\u0259 he\u00e7 k\u0259sin c\u0259sar\u0259ti \u00e7atmaz&#8230;\n<\/p>\n<p>\n  Prezidentin Administrasiyas\u0131n\u0131n r\u0259hb\u0259ri Ramiz Mehdiyev v\u0259 Nax\u00e7\u0131van\u0131n \u015f\u0259riksiz lideri Vasif Tal\u0131bovdan ba\u015fqa. \u018fslind\u0259, \u201cNax\u00e7\u0131van klan\u0131\u201d bu postda Vasif Tal\u0131bovu g\u00f6rm\u0259k ist\u0259yir. Onun bar\u0259sind\u0259 yay\u0131lan l\u0259tif\u0259l\u0259r\u0259 baxmayaraq, Nax\u00e7\u0131van qrupla\u015fmas\u0131nda birm\u0259nal\u0131 \u015f\u0259kild\u0259 q\u0259bul edil\u0259n Tal\u0131bovun qar\u015f\u0131s\u0131na yaln\u0131z bir n\u0259f\u0259r \u00e7\u0131xa bil\u0259r \u2013 sirl\u0259r v\u0259 m\u00fc\u0259mmalar da\u011farc\u0131\u011f\u0131 olan general B\u0259yl\u0259r \u018fyyubov. \u00d6lk\u0259 r\u0259hb\u0259rin\u0259 az qala ham\u0131dan yax\u0131n olan, birinciliy\u0259 iddias\u0131 olmayan, \u00f6lk\u0259 ba\u015f\u00e7\u0131s\u0131n\u0131n yerin\u0259 g\u00f6z tik\u0259nin \u201cg\u00f6z\u00fcn\u00fc t\u00f6k\u0259\u201d bil\u0259c\u0259k general \u018fyyubov Mehriban \u018fliyevadan sonra bu posta \u0259n yax\u0131n namiz\u0259ddir. Siyasi m\u00fc\u015fahid\u0259l\u0259r onu dem\u0259y\u0259 \u0259sas verir ki, el\u0259 se\u00e7im d\u0259 bu iki \u015f\u0259xsin aras\u0131nda ke\u00e7iril\u0259 bil\u0259r. Q\u0131saca onu dem\u0259k m\u00fcmk\u00fcnd\u00fcr ki, \u00f6lk\u0259d\u0259ki situasiya ba\u015fqa simtomplar\u0131 il\u0259 \u00fcz\u0259 \u00e7\u0131x\u0131b, \u0259g\u0259r \u201cikinci hakim ail\u0259\u201dy\u0259 mane\u00e7ilik yarad\u0131lsa, ham\u0131n\u0131 birl\u0259\u015fdir\u0259c\u0259k bir simaya ehtiyac yaran\u0131r v\u0259 bu fonda B\u0259yl\u0259r \u018fyyubovun \u015fanslar\u0131 art\u0131r.\n<\/p>\n<p>\n  Vitse- prezidentl\u0259rin kimliyi d\u0259 maraq do\u011furur. Bu m\u0259s\u0259l\u0259d\u0259 regional klanlar\u0131n maraqlar\u0131n\u0131n t\u0259min olunaca\u011f\u0131n\u0131 ehtimal etm\u0259k m\u00fcmk\u00fcnd\u00fcr. Nax\u00e7\u0131van klan\u0131 Vasif Tal\u0131bovla, Qaraba\u011f klan\u0131 D\u0130N ba\u015f\u00e7\u0131s\u0131 general Ramil Usubovla t\u0259msil oluna bil\u0259r. Bak\u0131 \u2013 \u015eirvan klan\u0131n\u0131n \u201ck\u00f6nl\u00fcn\u00fc almaq\u201d \u00fc\u00e7\u00fcn sabir prezident Ayaz M\u00fct\u0259llibovun da vitse- prezidentl\u0259r\u0259d\u0259n biri ola bil\u0259c\u0259yi ehtimal\u0131 az deyil. \u0130qtisadi blokdan \u00f6lk\u0259 r\u0259hb\u0259rinin m\u00fc\u015faviri Natiq \u018fmirovun, maliyy\u0259 naziri Samir \u015e\u0259rifovun, vergil\u0259r naziri Fazil M\u0259mm\u0259dovun da ir\u0259li \u00e7\u0259kil\u0259c\u0259yini d\u0259 ehtimal etm\u0259k olar. Sadalanan namiz\u0259dl\u0259rd\u0259n ba\u015fqa Prezident Aparat\u0131n\u0131n \u015f\u00f6b\u0259 m\u00fcdiri Fuad \u018fl\u0259sg\u0259rovun da \u015fanslar\u0131 az deyil. Getdikc\u0259 siyasi v\u0259 iqtisadi bax\u0131mdan bankrot olan FHN r\u0259hb\u0259ri K\u0259mal\u0259ddin Heyd\u0259rovun Mehriban \u018fliyevan\u0131 v\u0259 yaxud B\u0259yl\u0259r \u018fyyubovu d\u0259st\u0259kl\u0259y\u0259c\u0259yi ehtimal\u0131 olduqca b\u00f6y\u00fckd\u00fcr. Bir m\u0259s\u0259l\u0259y\u0259 d\u0259 diqq\u0259t yetirm\u0259k laz\u0131m g\u0259lir. Birinci vitse \u2013 prezident \u00f6lk\u0259d\u0259 yeni \u0259mlak b\u00f6lg\u00fcs\u00fcn\u0259 r\u0259vac ver\u0259c\u0259kmi v\u0259 Q\u0259rbin buna reaksiyas\u0131 nec\u0259 olacaq? \u018fn ba\u015fl\u0131ca sual is\u0259 a\u00e7\u0131q qal\u0131r \u2013 referendum plan\u0131 hans\u0131 \u00f6lk\u0259nin maraqlar\u0131na xidm\u0259t edirdi? MDB m\u0259kan\u0131ndak\u0131 prosesl\u0259r fonunda g\u00f6r\u00fcn\u0259n budur, \u201c\u015fimal qon\u015fumuz\u201d bu d\u0259f\u0259 d\u0259 \u0259sas g\u00fcc sahibidir. Birinci vitse- prezidentliy\u0259 \u0259n \u015fansl\u0131 namiz\u0259d \u00f6lk\u0259nin n\u00f6vb\u0259ti birinci \u015f\u0259xsi d\u0259 ola bil\u0259r. Bunu is\u0259 unutmaq olmaz&#8230;<\/p>\n","protected":false},"excerpt":{"rendered":"<p>Ad\u0131 hallanan \u015f\u0259xs b\u00fct\u00fcn qrupla\u015fmalara barmaq silk\u0259l\u0259m\u0259k iqtidar\u0131ndad\u0131<\/p>\n","protected":false},"author":11,"featured_media":69955,"comment_status":"closed","ping_status":"open","sticky":false,"template":"","format":"standard","meta":{"_acf_changed":false,"_sitemap_exclude":false,"_sitemap_priority":"","_sitemap_frequency":"","footnotes":""},"categories":[51],"tags":[],"class_list":["post-179485","post","type-post","status-publish","format-standard","has-post-thumbnail","hentry","category-analitika","infinite-scroll-item","generate-columns","tablet-grid-50","mobile-grid-100","grid-parent","grid-33","no-featured-image-padding"],"acf":[],"yoast_head":"<!-- This site is optimized with the Yoast SEO plugin v27.5 - https:\/\/yoast.com\/product\/yoast-seo-wordpress\/ -->\n<title>Birinci vitse-prezident postuna g\u00f6zl\u0259nilm\u0259z namiz\u0259d - MEYDAN.TV<\/title>\n<meta name=\"robots\" content=\"index, follow, max-snippet:-1, max-image-preview:large, max-video-preview:-1\" \/>\n<link rel=\"canonical\" href=\"https:\/\/www.meydan.tv\/az\/article\/birinci-vitse-prezident-postuna-gozlenilmez-namized\/\" \/>\n<meta property=\"og:locale\" content=\"az_AZ\" \/>\n<meta property=\"og:type\" content=\"article\" \/>\n<meta property=\"og:title\" content=\"Birinci vitse-prezident postuna g\u00f6zl\u0259nilm\u0259z namiz\u0259d - MEYDAN.TV\" \/>\n<meta property=\"og:description\" content=\"Ad\u0131 hallanan \u015f\u0259xs b\u00fct\u00fcn qrupla\u015fmalara barmaq silk\u0259l\u0259m\u0259k iqtidar\u0131ndad\u0131\" \/>\n<meta property=\"og:url\" content=\"https:\/\/www.meydan.tv\/az\/article\/birinci-vitse-prezident-postuna-gozlenilmez-namized\/\" \/>\n<meta property=\"og:site_name\" content=\"MEYDAN.TV\" \/>\n<meta property=\"article:published_time\" content=\"2016-10-10T15:54:31+00:00\" \/>\n<meta property=\"og:image\" content=\"https:\/\/www.meydan.tv\/wp-content\/uploads\/26764.jpg\" \/>\n\t<meta property=\"og:image:width\" content=\"500\" \/>\n\t<meta property=\"og:image:height\" content=\"304\" \/>\n\t<meta property=\"og:image:type\" content=\"image\/jpeg\" \/>\n<meta name=\"author\" content=\"user-manager\" \/>\n<meta name=\"twitter:card\" content=\"summary_large_image\" \/>\n<script type=\"application\/ld+json\" class=\"yoast-schema-graph\">{\"@context\":\"https:\\\/\\\/schema.org\",\"@graph\":[{\"@type\":\"Article\",\"@id\":\"https:\\\/\\\/www.meydan.tv\\\/az\\\/article\\\/birinci-vitse-prezident-postuna-gozlenilmez-namized\\\/#article\",\"isPartOf\":{\"@id\":\"https:\\\/\\\/www.meydan.tv\\\/az\\\/article\\\/birinci-vitse-prezident-postuna-gozlenilmez-namized\\\/\"},\"author\":{\"name\":\"user-manager\",\"@id\":\"https:\\\/\\\/www.meydan.tv\\\/az\\\/#\\\/schema\\\/person\\\/10d11eccf6da3662cf5fdab9806ea91a\"},\"headline\":\"Birinci vitse-prezident postuna g\u00f6zl\u0259nilm\u0259z namiz\u0259d\",\"datePublished\":\"2016-10-10T15:54:31+00:00\",\"mainEntityOfPage\":{\"@id\":\"https:\\\/\\\/www.meydan.tv\\\/az\\\/article\\\/birinci-vitse-prezident-postuna-gozlenilmez-namized\\\/\"},\"wordCount\":960,\"publisher\":{\"@id\":\"https:\\\/\\\/www.meydan.tv\\\/az\\\/#organization\"},\"image\":{\"@id\":\"https:\\\/\\\/www.meydan.tv\\\/az\\\/article\\\/birinci-vitse-prezident-postuna-gozlenilmez-namized\\\/#primaryimage\"},\"thumbnailUrl\":\"https:\\\/\\\/www.meydan.tv\\\/wp-content\\\/uploads\\\/26764.jpg\",\"articleSection\":[\"Analitika\"],\"inLanguage\":\"az\"},{\"@type\":\"WebPage\",\"@id\":\"https:\\\/\\\/www.meydan.tv\\\/az\\\/article\\\/birinci-vitse-prezident-postuna-gozlenilmez-namized\\\/\",\"url\":\"https:\\\/\\\/www.meydan.tv\\\/az\\\/article\\\/birinci-vitse-prezident-postuna-gozlenilmez-namized\\\/\",\"name\":\"Birinci vitse-prezident postuna g\u00f6zl\u0259nilm\u0259z namiz\u0259d - MEYDAN.TV\",\"isPartOf\":{\"@id\":\"https:\\\/\\\/www.meydan.tv\\\/az\\\/#website\"},\"primaryImageOfPage\":{\"@id\":\"https:\\\/\\\/www.meydan.tv\\\/az\\\/article\\\/birinci-vitse-prezident-postuna-gozlenilmez-namized\\\/#primaryimage\"},\"image\":{\"@id\":\"https:\\\/\\\/www.meydan.tv\\\/az\\\/article\\\/birinci-vitse-prezident-postuna-gozlenilmez-namized\\\/#primaryimage\"},\"thumbnailUrl\":\"https:\\\/\\\/www.meydan.tv\\\/wp-content\\\/uploads\\\/26764.jpg\",\"datePublished\":\"2016-10-10T15:54:31+00:00\",\"breadcrumb\":{\"@id\":\"https:\\\/\\\/www.meydan.tv\\\/az\\\/article\\\/birinci-vitse-prezident-postuna-gozlenilmez-namized\\\/#breadcrumb\"},\"inLanguage\":\"az\",\"potentialAction\":[{\"@type\":\"ReadAction\",\"target\":[\"https:\\\/\\\/www.meydan.tv\\\/az\\\/article\\\/birinci-vitse-prezident-postuna-gozlenilmez-namized\\\/\"]}]},{\"@type\":\"ImageObject\",\"inLanguage\":\"az\",\"@id\":\"https:\\\/\\\/www.meydan.tv\\\/az\\\/article\\\/birinci-vitse-prezident-postuna-gozlenilmez-namized\\\/#primaryimage\",\"url\":\"https:\\\/\\\/www.meydan.tv\\\/wp-content\\\/uploads\\\/26764.jpg\",\"contentUrl\":\"https:\\\/\\\/www.meydan.tv\\\/wp-content\\\/uploads\\\/26764.jpg\",\"width\":500,\"height\":304,\"caption\":\"Source:\"},{\"@type\":\"BreadcrumbList\",\"@id\":\"https:\\\/\\\/www.meydan.tv\\\/az\\\/article\\\/birinci-vitse-prezident-postuna-gozlenilmez-namized\\\/#breadcrumb\",\"itemListElement\":[{\"@type\":\"ListItem\",\"position\":1,\"name\":\"Ana s\u0259hif\u0259\",\"item\":\"https:\\\/\\\/www.meydan.tv\\\/az\\\/\"},{\"@type\":\"ListItem\",\"position\":2,\"name\":\"Analitika\",\"item\":\"https:\\\/\\\/www.meydan.tv\\\/az\\\/section\\\/analitika\\\/\"},{\"@type\":\"ListItem\",\"position\":3,\"name\":\"Birinci vitse-prezident postuna g\u00f6zl\u0259nilm\u0259z namiz\u0259d\"}]},{\"@type\":\"WebSite\",\"@id\":\"https:\\\/\\\/www.meydan.tv\\\/az\\\/#website\",\"url\":\"https:\\\/\\\/www.meydan.tv\\\/az\\\/\",\"name\":\"MEYDAN.TV\",\"description\":\"Meydan TV Az\u0259rbaycan\u0131n media m\u0259kan\u0131ndak\u0131 alternativ s\u0259sidir\",\"publisher\":{\"@id\":\"https:\\\/\\\/www.meydan.tv\\\/az\\\/#organization\"},\"potentialAction\":[{\"@type\":\"SearchAction\",\"target\":{\"@type\":\"EntryPoint\",\"urlTemplate\":\"https:\\\/\\\/www.meydan.tv\\\/az\\\/?s={search_term_string}\"},\"query-input\":{\"@type\":\"PropertyValueSpecification\",\"valueRequired\":true,\"valueName\":\"search_term_string\"}}],\"inLanguage\":\"az\"},{\"@type\":\"Organization\",\"@id\":\"https:\\\/\\\/www.meydan.tv\\\/az\\\/#organization\",\"name\":\"Meydan TV\",\"url\":\"https:\\\/\\\/www.meydan.tv\\\/az\\\/\",\"logo\":{\"@type\":\"ImageObject\",\"inLanguage\":\"az\",\"@id\":\"https:\\\/\\\/www.meydan.tv\\\/az\\\/#\\\/schema\\\/logo\\\/image\\\/\",\"url\":\"https:\\\/\\\/www.meydan.tv\\\/wp-content\\\/uploads\\\/2021\\\/07\\\/meydan-logo.svg\",\"contentUrl\":\"https:\\\/\\\/www.meydan.tv\\\/wp-content\\\/uploads\\\/2021\\\/07\\\/meydan-logo.svg\",\"width\":195,\"height\":46,\"caption\":\"Meydan TV\"},\"image\":{\"@id\":\"https:\\\/\\\/www.meydan.tv\\\/az\\\/#\\\/schema\\\/logo\\\/image\\\/\"}},{\"@type\":\"Person\",\"@id\":\"https:\\\/\\\/www.meydan.tv\\\/az\\\/#\\\/schema\\\/person\\\/10d11eccf6da3662cf5fdab9806ea91a\",\"name\":\"user-manager\"}]}<\/script>\n<!-- \/ Yoast SEO plugin. -->","yoast_head_json":{"title":"Birinci vitse-prezident postuna g\u00f6zl\u0259nilm\u0259z namiz\u0259d - MEYDAN.TV","robots":{"index":"index","follow":"follow","max-snippet":"max-snippet:-1","max-image-preview":"max-image-preview:large","max-video-preview":"max-video-preview:-1"},"canonical":"https:\/\/www.meydan.tv\/az\/article\/birinci-vitse-prezident-postuna-gozlenilmez-namized\/","og_locale":"az_AZ","og_type":"article","og_title":"Birinci vitse-prezident postuna g\u00f6zl\u0259nilm\u0259z namiz\u0259d - MEYDAN.TV","og_description":"Ad\u0131 hallanan \u015f\u0259xs b\u00fct\u00fcn qrupla\u015fmalara barmaq silk\u0259l\u0259m\u0259k iqtidar\u0131ndad\u0131","og_url":"https:\/\/www.meydan.tv\/az\/article\/birinci-vitse-prezident-postuna-gozlenilmez-namized\/","og_site_name":"MEYDAN.TV","article_published_time":"2016-10-10T15:54:31+00:00","og_image":[{"width":500,"height":304,"url":"https:\/\/www.meydan.tv\/wp-content\/uploads\/26764.jpg","type":"image\/jpeg"}],"author":"user-manager","twitter_card":"summary_large_image","schema":{"@context":"https:\/\/schema.org","@graph":[{"@type":"Article","@id":"https:\/\/www.meydan.tv\/az\/article\/birinci-vitse-prezident-postuna-gozlenilmez-namized\/#article","isPartOf":{"@id":"https:\/\/www.meydan.tv\/az\/article\/birinci-vitse-prezident-postuna-gozlenilmez-namized\/"},"author":{"name":"user-manager","@id":"https:\/\/www.meydan.tv\/az\/#\/schema\/person\/10d11eccf6da3662cf5fdab9806ea91a"},"headline":"Birinci vitse-prezident postuna g\u00f6zl\u0259nilm\u0259z namiz\u0259d","datePublished":"2016-10-10T15:54:31+00:00","mainEntityOfPage":{"@id":"https:\/\/www.meydan.tv\/az\/article\/birinci-vitse-prezident-postuna-gozlenilmez-namized\/"},"wordCount":960,"publisher":{"@id":"https:\/\/www.meydan.tv\/az\/#organization"},"image":{"@id":"https:\/\/www.meydan.tv\/az\/article\/birinci-vitse-prezident-postuna-gozlenilmez-namized\/#primaryimage"},"thumbnailUrl":"https:\/\/www.meydan.tv\/wp-content\/uploads\/26764.jpg","articleSection":["Analitika"],"inLanguage":"az"},{"@type":"WebPage","@id":"https:\/\/www.meydan.tv\/az\/article\/birinci-vitse-prezident-postuna-gozlenilmez-namized\/","url":"https:\/\/www.meydan.tv\/az\/article\/birinci-vitse-prezident-postuna-gozlenilmez-namized\/","name":"Birinci vitse-prezident postuna g\u00f6zl\u0259nilm\u0259z namiz\u0259d - MEYDAN.TV","isPartOf":{"@id":"https:\/\/www.meydan.tv\/az\/#website"},"primaryImageOfPage":{"@id":"https:\/\/www.meydan.tv\/az\/article\/birinci-vitse-prezident-postuna-gozlenilmez-namized\/#primaryimage"},"image":{"@id":"https:\/\/www.meydan.tv\/az\/article\/birinci-vitse-prezident-postuna-gozlenilmez-namized\/#primaryimage"},"thumbnailUrl":"https:\/\/www.meydan.tv\/wp-content\/uploads\/26764.jpg","datePublished":"2016-10-10T15:54:31+00:00","breadcrumb":{"@id":"https:\/\/www.meydan.tv\/az\/article\/birinci-vitse-prezident-postuna-gozlenilmez-namized\/#breadcrumb"},"inLanguage":"az","potentialAction":[{"@type":"ReadAction","target":["https:\/\/www.meydan.tv\/az\/article\/birinci-vitse-prezident-postuna-gozlenilmez-namized\/"]}]},{"@type":"ImageObject","inLanguage":"az","@id":"https:\/\/www.meydan.tv\/az\/article\/birinci-vitse-prezident-postuna-gozlenilmez-namized\/#primaryimage","url":"https:\/\/www.meydan.tv\/wp-content\/uploads\/26764.jpg","contentUrl":"https:\/\/www.meydan.tv\/wp-content\/uploads\/26764.jpg","width":500,"height":304,"caption":"Source:"},{"@type":"BreadcrumbList","@id":"https:\/\/www.meydan.tv\/az\/article\/birinci-vitse-prezident-postuna-gozlenilmez-namized\/#breadcrumb","itemListElement":[{"@type":"ListItem","position":1,"name":"Ana s\u0259hif\u0259","item":"https:\/\/www.meydan.tv\/az\/"},{"@type":"ListItem","position":2,"name":"Analitika","item":"https:\/\/www.meydan.tv\/az\/section\/analitika\/"},{"@type":"ListItem","position":3,"name":"Birinci vitse-prezident postuna g\u00f6zl\u0259nilm\u0259z namiz\u0259d"}]},{"@type":"WebSite","@id":"https:\/\/www.meydan.tv\/az\/#website","url":"https:\/\/www.meydan.tv\/az\/","name":"MEYDAN.TV","description":"Meydan TV Az\u0259rbaycan\u0131n media m\u0259kan\u0131ndak\u0131 alternativ s\u0259sidir","publisher":{"@id":"https:\/\/www.meydan.tv\/az\/#organization"},"potentialAction":[{"@type":"SearchAction","target":{"@type":"EntryPoint","urlTemplate":"https:\/\/www.meydan.tv\/az\/?s={search_term_string}"},"query-input":{"@type":"PropertyValueSpecification","valueRequired":true,"valueName":"search_term_string"}}],"inLanguage":"az"},{"@type":"Organization","@id":"https:\/\/www.meydan.tv\/az\/#organization","name":"Meydan TV","url":"https:\/\/www.meydan.tv\/az\/","logo":{"@type":"ImageObject","inLanguage":"az","@id":"https:\/\/www.meydan.tv\/az\/#\/schema\/logo\/image\/","url":"https:\/\/www.meydan.tv\/wp-content\/uploads\/2021\/07\/meydan-logo.svg","contentUrl":"https:\/\/www.meydan.tv\/wp-content\/uploads\/2021\/07\/meydan-logo.svg","width":195,"height":46,"caption":"Meydan TV"},"image":{"@id":"https:\/\/www.meydan.tv\/az\/#\/schema\/logo\/image\/"}},{"@type":"Person","@id":"https:\/\/www.meydan.tv\/az\/#\/schema\/person\/10d11eccf6da3662cf5fdab9806ea91a","name":"user-manager"}]}},"_links":{"self":[{"href":"https:\/\/www.meydan.tv\/az\/wp-json\/wp\/v2\/posts\/179485","targetHints":{"allow":["GET"]}}],"collection":[{"href":"https:\/\/www.meydan.tv\/az\/wp-json\/wp\/v2\/posts"}],"about":[{"href":"https:\/\/www.meydan.tv\/az\/wp-json\/wp\/v2\/types\/post"}],"author":[{"embeddable":true,"href":"https:\/\/www.meydan.tv\/az\/wp-json\/wp\/v2\/users\/11"}],"replies":[{"embeddable":true,"href":"https:\/\/www.meydan.tv\/az\/wp-json\/wp\/v2\/comments?post=179485"}],"version-history":[{"count":0,"href":"https:\/\/www.meydan.tv\/az\/wp-json\/wp\/v2\/posts\/179485\/revisions"}],"wp:featuredmedia":[{"embeddable":true,"href":"https:\/\/www.meydan.tv\/az\/wp-json\/wp\/v2\/media\/69955"}],"wp:attachment":[{"href":"https:\/\/www.meydan.tv\/az\/wp-json\/wp\/v2\/media?parent=179485"}],"wp:term":[{"taxonomy":"category","embeddable":true,"href":"https:\/\/www.meydan.tv\/az\/wp-json\/wp\/v2\/categories?post=179485"},{"taxonomy":"post_tag","embeddable":true,"href":"https:\/\/www.meydan.tv\/az\/wp-json\/wp\/v2\/tags?post=179485"}],"curies":[{"name":"wp","href":"https:\/\/api.w.org\/{rel}","templated":true}]}}