{"id":179484,"date":"2016-10-10T15:33:34","date_gmt":"2016-10-10T15:33:34","guid":{"rendered":"https:\/\/www.meydan.tv\/article\/tofiq-zulfuqarov-prezident-deyibse-demeli-beledir\/"},"modified":"2016-10-10T15:33:34","modified_gmt":"2016-10-10T15:33:34","slug":"tofiq-zulfuqarov-prezident-deyibse-demeli-beledir","status":"publish","type":"post","link":"https:\/\/www.meydan.tv\/az\/article\/tofiq-zulfuqarov-prezident-deyibse-demeli-beledir\/","title":{"rendered":"Tofiq Z\u00fclf\u00fcqarov: Prezident deyibs\u0259, dem\u0259li, bel\u0259dir"},"content":{"rendered":"<figure class=\"wp-block-image size-large\">\n  <img decoding=\"async\" src=\"https:\/\/www.meydan.tv\/az\/69952\/\" alt=\"\" class=\"wp-image-69952\"\/><figcaption><\/figcaption><\/figure>\n<p>\n  <i><br \/>\n    &#8221;Az\u0259rbaycan Erm\u0259nistana s\u00fcbut ed\u0259 bilib ki, apard\u0131\u011f\u0131 siyas\u0259t, y\u0259ni i\u015f\u011fal olunmu\u015f torpaqlar\u0131n unutdurulmas\u0131n\u0131 q\u0259bul etm\u0259y\u0259c\u0259k&#8221;<br \/>\n  <\/i>\n<\/p>\n<p>\n  &#8220;Uzun m\u00fcdd\u0259tdir Erm\u0259nistan-Az\u0259rbaycan dan\u0131\u015f\u0131qlar\u0131nda i\u015ftirak etm\u0259diyimd\u0259n prezidentin \u00f6t\u0259n h\u0259ft\u0259 s\u0259sl\u0259ndirdiyi a\u00e7\u0131qlama bar\u0259d\u0259 d\u0259qiq he\u00e7 n\u0259 dey\u0259 bilm\u0259y\u0259c\u0259m. H\u0259r halda prezident deyibs\u0259, dem\u0259li, bel\u0259 bir \u015fey var&#8221;.\n<\/p>\n<p>\n  Az\u0259rbaycan\u0131n sabiq xarici i\u015fl\u0259r naziri Tofiq Z\u00fclf\u00fcqarov prezident \u0130lham \u018fliyevin 7 oktyabr m\u00fc\u015favir\u0259sind\u0259 &#8220;Ba\u011fl\u0131 qap\u0131lar arxas\u0131nda n\u0259 q\u0259d\u0259r s\u00f6hb\u0259tl\u0259r gedir, biz\u0259 n\u0259 q\u0259d\u0259r t\u0259zyiql\u0259r g\u00f6st\u0259rilir ki, Az\u0259rbaycan Da\u011fl\u0131q Qaraba\u011f\u0131n m\u00fcst\u0259qilliyin\u0259 raz\u0131l\u0131q versin&#8221; a\u00e7\u0131qlamas\u0131n\u0131 Meydan TV-y\u0259 \u015f\u0259rh ed\u0259rk\u0259n bel\u0259 deyib.\n<\/p>\n<p>\n  Tofiq Z\u00fclf\u00fcqarov hesab etmir ki, Az\u0259rbaycana t\u0259zyiql\u0259r Bak\u0131n\u0131n apard\u0131\u011f\u0131 z\u0259if diplomatiya il\u0259 ba\u011fl\u0131d\u0131r: &#8220;M\u00fcxt\u0259lif s\u0259b\u0259bl\u0259r ola bil\u0259r, amma m\u0259n daha \u00e7ox ikili standartlarla \u0259laq\u0259l\u0259ndir\u0259rdim. Fakt budur ki, Az\u0259rbaycan \u0259razil\u0259ri i\u015f\u011fal olunub v\u0259 bu bar\u0259d\u0259 q\u0259tnam\u0259l\u0259r var,amma i\u015f\u011fal\u00e7\u0131 he\u00e7 bir sanksiyayla \u00fczl\u0259\u015fm\u0259yib. Dostlar \u00fc\u00e7\u00fcn h\u0259r \u015fey, d\u00fc\u015fm\u0259nl\u0259r \u00fc\u00e7\u00fcn is\u0259 \u0259n az\u0131 qanun, yaxud qanunsuzluq &#8211; siyas\u0259tin \u00e7oxdank\u0131 \u00fcz\u00fcd\u00fcr&#8221;.\n<\/p>\n<p>\n  Tofiq Z\u00fclf\u00fcqarov bildirib ki, m\u0259lum t\u0259zyiql\u0259r\u0259 baxmayaraq, Az\u0259rbaycan \u0259vv\u0259lki siyas\u0259tini davam etdirm\u0259lidir: &#8220;Y\u0259ni d\u00f6vl\u0259timizi g\u00fccl\u0259ndirm\u0259li, m\u00fcdafi\u0259 imkanlar\u0131m\u0131z\u0131 geni\u015fl\u0259ndirm\u0259liyik. Erm\u0259nistan aprel d\u00f6y\u00fc\u015fl\u0259rind\u0259n sonra t\u0259\u015fvi\u015f\u0259 d\u00fc\u015fm\u00fc\u015fd\u00fc, h\u0259m d\u0259 h\u0259ms\u0259drl\u0259r Az\u0259rbaycan ordusunun yeni texnologiyalar t\u0259tbiq edib bu c\u00fcr z\u0259rb\u0259l\u0259r endir\u0259c\u0259yini g\u00f6zl\u0259mirdi&#8221;.\n<\/p>\n<p>\n  &#8220;Az\u0259rbaycan diplomatiyas\u0131 aprel d\u00f6y\u00fc\u015fl\u0259rind\u0259n istifad\u0259 ed\u0259 bildimi&#8221; sual\u0131na g\u0259linc\u0259, sabiq nazir bildirib ki, u\u011fura nail olmaq \u00fc\u00e7\u00fcn h\u0259rb v\u0259 diplomatiya \u00fcsullar\u0131ndan istifad\u0259 olunmal\u0131d\u0131r: &#8220;Dem\u0259k olmaz ki, hans\u0131sa m\u00fcnaqi\u015f\u0259 yaln\u0131z h\u0259rb, yaxud diplomatik vasit\u0259l\u0259rl\u0259 h\u0259ll olunacaq. Az\u0259rbaycan Erm\u0259nistana s\u00fcbut ed\u0259 bilib ki, apard\u0131\u011f\u0131 siyas\u0259t, y\u0259ni i\u015f\u011fal olunmu\u015f torpaqlar\u0131n unutdurulmas\u0131n\u0131 q\u0259bul etm\u0259y\u0259c\u0259k. \u0130r\u0259van bunu hiss edir v\u0259 ba\u015fa d\u00fc\u015f\u00fcr. Ona g\u00f6r\u0259 Rusiyadan silah ala bilm\u0259m\u0259l\u0259ri, yaxud xalqlar\u0131n\u0131n tam \u015f\u0259kild\u0259 ordu olmas\u0131 kimi \u015f\u00fcarlar s\u0259sl\u0259ndirirl\u0259r ki, bunlar t\u0259\u015fvi\u015fin g\u00f6st\u0259ricil\u0259ridir. Bu m\u0259nada indiki siyas\u0259t davam etdirilm\u0259li v\u0259 ordumuz daha da g\u00fccl\u0259nm\u0259lidir. Prezidentin dediyi kimi, erm\u0259nil\u0259rin disbalans\u0131 d\u0259yi\u015fm\u0259sin\u0259 imkan verm\u0259m\u0259liyik&#8221;.\n<\/p>\n<p>\n  Tofiq Z\u00fclf\u00fcqarovun q\u0259na\u0259tinc\u0259, strateji bax\u0131mdan Erm\u0259nistan\u0131n se\u00e7diyi siyas\u0259t m\u0259\u011flubiyy\u0259t\u0259 apar\u0131r:&#8221;Onlar 80 milyonluq T\u00fcrkiy\u0259 il\u0259, 10 milyonluq Az\u0259rbaycanla d\u00fc\u015fm\u0259n\u00e7ilik yolunu se\u00e7ibl\u0259r v\u0259 \u00f6zl\u0259rinin \u0259halisi d\u0259 h\u0259r g\u00fcn azal\u0131r. Bu bax\u0131mdan iki qon\u015fuya tab g\u0259tirm\u0259k imkanlar\u0131 yoxdur, s\u00f6hb\u0259t vaxtdan v\u0259 \u00fcsullardan gedir, y\u0259ni Az\u0259rbaycan hans\u0131 \u00fcsullardan istifad\u0259 ed\u0259c\u0259k&#8221;.\n<\/p>\n<p>\n  &#8220;Zaman ke\u00e7s\u0259 d\u0259, Da\u011fl\u0131q Qaraba\u011f\u0131n m\u00fcst\u0259qilliyi il\u0259 raz\u0131la\u015fmaq bar\u0259d\u0259 t\u0259zyiql\u0259r Az\u0259rbaycana qar\u015f\u0131d\u0131r. Bu m\u0259qam\u0131 nec\u0259 izah ed\u0259rdiniz&#8221; sual\u0131na Tofiq Z\u00fclfqarov bel\u0259 cavab verib:<br \/>\n  <br \/>\n  &#8220;M\u00fcxt\u0259lif dair\u0259l\u0259r var v\u0259 onlar m\u00fcxt\u0259lif t\u0259zyiql\u0259r ed\u0259 bil\u0259rl\u0259r, bu, onlar\u0131n bax\u0131\u015flar\u0131d\u0131r. \u018fslind\u0259, m\u00fcnaqi\u015f\u0259nin yarand\u0131\u011f\u0131 zamandan ikili standart m\u00f6vcuddur. Sovet ill\u0259rind\u0259 bunu g\u00f6r\u00fcrd\u00fck, erm\u0259nil\u0259r\u0259 himay\u0259darl\u0131q vard\u0131, 90-c\u0131 ill\u0259rd\u0259 \u0259razil\u0259rimiz i\u015f\u011fal olunsa da, Amerika Az\u0259rbaycana qar\u015f\u0131 907-ci d\u00fcz\u0259li\u015fi t\u0259tbiq etdi. Bunlar\u0131 yada salark\u0259n, Az\u0259rbaycana m\u00fcnasib\u0259td\u0259 ikili standartlar bug\u00fcn yaranmay\u0131b, m\u00fcnaqi\u015f\u0259 yaranan g\u00fcnd\u0259n bel\u0259 olub&#8221;.<\/p>\n","protected":false},"excerpt":{"rendered":"<p>&#8221;Az\u0259rbaycan Erm\u0259nistana s\u00fcbut ed\u0259 bilib ki, apard\u0131\u011f\u0131 siyas\u0259t, y\u0259ni i\u015f\u011fal olunmu\u015f torpaqlar\u0131n unutdurulmas\u0131n\u0131 q\u0259bul etm\u0259y\u0259c\u0259k&#8221;<\/p>\n","protected":false},"author":11,"featured_media":69952,"comment_status":"closed","ping_status":"open","sticky":false,"template":"","format":"standard","meta":{"_acf_changed":false,"_sitemap_exclude":false,"_sitemap_priority":"","_sitemap_frequency":"","footnotes":""},"categories":[51],"tags":[],"class_list":["post-179484","post","type-post","status-publish","format-standard","has-post-thumbnail","hentry","category-analitika","infinite-scroll-item","generate-columns","tablet-grid-50","mobile-grid-100","grid-parent","grid-33","no-featured-image-padding"],"acf":[],"yoast_head":"<!-- This site is optimized with the Yoast SEO plugin v27.5 - https:\/\/yoast.com\/product\/yoast-seo-wordpress\/ -->\n<title>Tofiq Z\u00fclf\u00fcqarov: Prezident deyibs\u0259, dem\u0259li, bel\u0259dir - MEYDAN.TV<\/title>\n<meta name=\"robots\" content=\"index, follow, max-snippet:-1, max-image-preview:large, max-video-preview:-1\" \/>\n<link rel=\"canonical\" href=\"https:\/\/www.meydan.tv\/az\/article\/tofiq-zulfuqarov-prezident-deyibse-demeli-beledir\/\" \/>\n<meta property=\"og:locale\" content=\"az_AZ\" \/>\n<meta property=\"og:type\" content=\"article\" \/>\n<meta property=\"og:title\" content=\"Tofiq Z\u00fclf\u00fcqarov: Prezident deyibs\u0259, dem\u0259li, bel\u0259dir - MEYDAN.TV\" \/>\n<meta property=\"og:description\" content=\"&#039;&#039;Az\u0259rbaycan Erm\u0259nistana s\u00fcbut ed\u0259 bilib ki, apard\u0131\u011f\u0131 siyas\u0259t, y\u0259ni i\u015f\u011fal olunmu\u015f torpaqlar\u0131n unutdurulmas\u0131n\u0131 q\u0259bul etm\u0259y\u0259c\u0259k&#039;&#039;\" \/>\n<meta property=\"og:url\" content=\"https:\/\/www.meydan.tv\/az\/article\/tofiq-zulfuqarov-prezident-deyibse-demeli-beledir\/\" \/>\n<meta property=\"og:site_name\" content=\"MEYDAN.TV\" \/>\n<meta property=\"article:published_time\" content=\"2016-10-10T15:33:34+00:00\" \/>\n<meta property=\"og:image\" content=\"https:\/\/www.meydan.tv\/wp-content\/uploads\/26763.jpg\" \/>\n\t<meta property=\"og:image:width\" content=\"600\" \/>\n\t<meta property=\"og:image:height\" content=\"397\" \/>\n\t<meta property=\"og:image:type\" content=\"image\/jpeg\" \/>\n<meta name=\"author\" content=\"user-manager\" \/>\n<meta name=\"twitter:card\" content=\"summary_large_image\" \/>\n<script type=\"application\/ld+json\" class=\"yoast-schema-graph\">{\"@context\":\"https:\\\/\\\/schema.org\",\"@graph\":[{\"@type\":\"Article\",\"@id\":\"https:\\\/\\\/www.meydan.tv\\\/az\\\/article\\\/tofiq-zulfuqarov-prezident-deyibse-demeli-beledir\\\/#article\",\"isPartOf\":{\"@id\":\"https:\\\/\\\/www.meydan.tv\\\/az\\\/article\\\/tofiq-zulfuqarov-prezident-deyibse-demeli-beledir\\\/\"},\"author\":{\"name\":\"user-manager\",\"@id\":\"https:\\\/\\\/www.meydan.tv\\\/az\\\/#\\\/schema\\\/person\\\/10d11eccf6da3662cf5fdab9806ea91a\"},\"headline\":\"Tofiq Z\u00fclf\u00fcqarov: Prezident deyibs\u0259, dem\u0259li, bel\u0259dir\",\"datePublished\":\"2016-10-10T15:33:34+00:00\",\"mainEntityOfPage\":{\"@id\":\"https:\\\/\\\/www.meydan.tv\\\/az\\\/article\\\/tofiq-zulfuqarov-prezident-deyibse-demeli-beledir\\\/\"},\"wordCount\":704,\"publisher\":{\"@id\":\"https:\\\/\\\/www.meydan.tv\\\/az\\\/#organization\"},\"image\":{\"@id\":\"https:\\\/\\\/www.meydan.tv\\\/az\\\/article\\\/tofiq-zulfuqarov-prezident-deyibse-demeli-beledir\\\/#primaryimage\"},\"thumbnailUrl\":\"https:\\\/\\\/www.meydan.tv\\\/wp-content\\\/uploads\\\/26763.jpg\",\"articleSection\":[\"Analitika\"],\"inLanguage\":\"az\"},{\"@type\":\"WebPage\",\"@id\":\"https:\\\/\\\/www.meydan.tv\\\/az\\\/article\\\/tofiq-zulfuqarov-prezident-deyibse-demeli-beledir\\\/\",\"url\":\"https:\\\/\\\/www.meydan.tv\\\/az\\\/article\\\/tofiq-zulfuqarov-prezident-deyibse-demeli-beledir\\\/\",\"name\":\"Tofiq Z\u00fclf\u00fcqarov: Prezident deyibs\u0259, dem\u0259li, bel\u0259dir - MEYDAN.TV\",\"isPartOf\":{\"@id\":\"https:\\\/\\\/www.meydan.tv\\\/az\\\/#website\"},\"primaryImageOfPage\":{\"@id\":\"https:\\\/\\\/www.meydan.tv\\\/az\\\/article\\\/tofiq-zulfuqarov-prezident-deyibse-demeli-beledir\\\/#primaryimage\"},\"image\":{\"@id\":\"https:\\\/\\\/www.meydan.tv\\\/az\\\/article\\\/tofiq-zulfuqarov-prezident-deyibse-demeli-beledir\\\/#primaryimage\"},\"thumbnailUrl\":\"https:\\\/\\\/www.meydan.tv\\\/wp-content\\\/uploads\\\/26763.jpg\",\"datePublished\":\"2016-10-10T15:33:34+00:00\",\"breadcrumb\":{\"@id\":\"https:\\\/\\\/www.meydan.tv\\\/az\\\/article\\\/tofiq-zulfuqarov-prezident-deyibse-demeli-beledir\\\/#breadcrumb\"},\"inLanguage\":\"az\",\"potentialAction\":[{\"@type\":\"ReadAction\",\"target\":[\"https:\\\/\\\/www.meydan.tv\\\/az\\\/article\\\/tofiq-zulfuqarov-prezident-deyibse-demeli-beledir\\\/\"]}]},{\"@type\":\"ImageObject\",\"inLanguage\":\"az\",\"@id\":\"https:\\\/\\\/www.meydan.tv\\\/az\\\/article\\\/tofiq-zulfuqarov-prezident-deyibse-demeli-beledir\\\/#primaryimage\",\"url\":\"https:\\\/\\\/www.meydan.tv\\\/wp-content\\\/uploads\\\/26763.jpg\",\"contentUrl\":\"https:\\\/\\\/www.meydan.tv\\\/wp-content\\\/uploads\\\/26763.jpg\",\"width\":600,\"height\":397,\"caption\":\"Source:\"},{\"@type\":\"BreadcrumbList\",\"@id\":\"https:\\\/\\\/www.meydan.tv\\\/az\\\/article\\\/tofiq-zulfuqarov-prezident-deyibse-demeli-beledir\\\/#breadcrumb\",\"itemListElement\":[{\"@type\":\"ListItem\",\"position\":1,\"name\":\"Ana s\u0259hif\u0259\",\"item\":\"https:\\\/\\\/www.meydan.tv\\\/az\\\/\"},{\"@type\":\"ListItem\",\"position\":2,\"name\":\"Analitika\",\"item\":\"https:\\\/\\\/www.meydan.tv\\\/az\\\/section\\\/analitika\\\/\"},{\"@type\":\"ListItem\",\"position\":3,\"name\":\"Tofiq Z\u00fclf\u00fcqarov: Prezident deyibs\u0259, dem\u0259li, bel\u0259dir\"}]},{\"@type\":\"WebSite\",\"@id\":\"https:\\\/\\\/www.meydan.tv\\\/az\\\/#website\",\"url\":\"https:\\\/\\\/www.meydan.tv\\\/az\\\/\",\"name\":\"MEYDAN.TV\",\"description\":\"Meydan TV Az\u0259rbaycan\u0131n media m\u0259kan\u0131ndak\u0131 alternativ s\u0259sidir\",\"publisher\":{\"@id\":\"https:\\\/\\\/www.meydan.tv\\\/az\\\/#organization\"},\"potentialAction\":[{\"@type\":\"SearchAction\",\"target\":{\"@type\":\"EntryPoint\",\"urlTemplate\":\"https:\\\/\\\/www.meydan.tv\\\/az\\\/?s={search_term_string}\"},\"query-input\":{\"@type\":\"PropertyValueSpecification\",\"valueRequired\":true,\"valueName\":\"search_term_string\"}}],\"inLanguage\":\"az\"},{\"@type\":\"Organization\",\"@id\":\"https:\\\/\\\/www.meydan.tv\\\/az\\\/#organization\",\"name\":\"Meydan TV\",\"url\":\"https:\\\/\\\/www.meydan.tv\\\/az\\\/\",\"logo\":{\"@type\":\"ImageObject\",\"inLanguage\":\"az\",\"@id\":\"https:\\\/\\\/www.meydan.tv\\\/az\\\/#\\\/schema\\\/logo\\\/image\\\/\",\"url\":\"https:\\\/\\\/www.meydan.tv\\\/wp-content\\\/uploads\\\/2021\\\/07\\\/meydan-logo.svg\",\"contentUrl\":\"https:\\\/\\\/www.meydan.tv\\\/wp-content\\\/uploads\\\/2021\\\/07\\\/meydan-logo.svg\",\"width\":195,\"height\":46,\"caption\":\"Meydan TV\"},\"image\":{\"@id\":\"https:\\\/\\\/www.meydan.tv\\\/az\\\/#\\\/schema\\\/logo\\\/image\\\/\"}},{\"@type\":\"Person\",\"@id\":\"https:\\\/\\\/www.meydan.tv\\\/az\\\/#\\\/schema\\\/person\\\/10d11eccf6da3662cf5fdab9806ea91a\",\"name\":\"user-manager\"}]}<\/script>\n<!-- \/ Yoast SEO plugin. -->","yoast_head_json":{"title":"Tofiq Z\u00fclf\u00fcqarov: Prezident deyibs\u0259, dem\u0259li, bel\u0259dir - MEYDAN.TV","robots":{"index":"index","follow":"follow","max-snippet":"max-snippet:-1","max-image-preview":"max-image-preview:large","max-video-preview":"max-video-preview:-1"},"canonical":"https:\/\/www.meydan.tv\/az\/article\/tofiq-zulfuqarov-prezident-deyibse-demeli-beledir\/","og_locale":"az_AZ","og_type":"article","og_title":"Tofiq Z\u00fclf\u00fcqarov: Prezident deyibs\u0259, dem\u0259li, bel\u0259dir - MEYDAN.TV","og_description":"''Az\u0259rbaycan Erm\u0259nistana s\u00fcbut ed\u0259 bilib ki, apard\u0131\u011f\u0131 siyas\u0259t, y\u0259ni i\u015f\u011fal olunmu\u015f torpaqlar\u0131n unutdurulmas\u0131n\u0131 q\u0259bul etm\u0259y\u0259c\u0259k''","og_url":"https:\/\/www.meydan.tv\/az\/article\/tofiq-zulfuqarov-prezident-deyibse-demeli-beledir\/","og_site_name":"MEYDAN.TV","article_published_time":"2016-10-10T15:33:34+00:00","og_image":[{"width":600,"height":397,"url":"https:\/\/www.meydan.tv\/wp-content\/uploads\/26763.jpg","type":"image\/jpeg"}],"author":"user-manager","twitter_card":"summary_large_image","schema":{"@context":"https:\/\/schema.org","@graph":[{"@type":"Article","@id":"https:\/\/www.meydan.tv\/az\/article\/tofiq-zulfuqarov-prezident-deyibse-demeli-beledir\/#article","isPartOf":{"@id":"https:\/\/www.meydan.tv\/az\/article\/tofiq-zulfuqarov-prezident-deyibse-demeli-beledir\/"},"author":{"name":"user-manager","@id":"https:\/\/www.meydan.tv\/az\/#\/schema\/person\/10d11eccf6da3662cf5fdab9806ea91a"},"headline":"Tofiq Z\u00fclf\u00fcqarov: Prezident deyibs\u0259, dem\u0259li, bel\u0259dir","datePublished":"2016-10-10T15:33:34+00:00","mainEntityOfPage":{"@id":"https:\/\/www.meydan.tv\/az\/article\/tofiq-zulfuqarov-prezident-deyibse-demeli-beledir\/"},"wordCount":704,"publisher":{"@id":"https:\/\/www.meydan.tv\/az\/#organization"},"image":{"@id":"https:\/\/www.meydan.tv\/az\/article\/tofiq-zulfuqarov-prezident-deyibse-demeli-beledir\/#primaryimage"},"thumbnailUrl":"https:\/\/www.meydan.tv\/wp-content\/uploads\/26763.jpg","articleSection":["Analitika"],"inLanguage":"az"},{"@type":"WebPage","@id":"https:\/\/www.meydan.tv\/az\/article\/tofiq-zulfuqarov-prezident-deyibse-demeli-beledir\/","url":"https:\/\/www.meydan.tv\/az\/article\/tofiq-zulfuqarov-prezident-deyibse-demeli-beledir\/","name":"Tofiq Z\u00fclf\u00fcqarov: Prezident deyibs\u0259, dem\u0259li, bel\u0259dir - MEYDAN.TV","isPartOf":{"@id":"https:\/\/www.meydan.tv\/az\/#website"},"primaryImageOfPage":{"@id":"https:\/\/www.meydan.tv\/az\/article\/tofiq-zulfuqarov-prezident-deyibse-demeli-beledir\/#primaryimage"},"image":{"@id":"https:\/\/www.meydan.tv\/az\/article\/tofiq-zulfuqarov-prezident-deyibse-demeli-beledir\/#primaryimage"},"thumbnailUrl":"https:\/\/www.meydan.tv\/wp-content\/uploads\/26763.jpg","datePublished":"2016-10-10T15:33:34+00:00","breadcrumb":{"@id":"https:\/\/www.meydan.tv\/az\/article\/tofiq-zulfuqarov-prezident-deyibse-demeli-beledir\/#breadcrumb"},"inLanguage":"az","potentialAction":[{"@type":"ReadAction","target":["https:\/\/www.meydan.tv\/az\/article\/tofiq-zulfuqarov-prezident-deyibse-demeli-beledir\/"]}]},{"@type":"ImageObject","inLanguage":"az","@id":"https:\/\/www.meydan.tv\/az\/article\/tofiq-zulfuqarov-prezident-deyibse-demeli-beledir\/#primaryimage","url":"https:\/\/www.meydan.tv\/wp-content\/uploads\/26763.jpg","contentUrl":"https:\/\/www.meydan.tv\/wp-content\/uploads\/26763.jpg","width":600,"height":397,"caption":"Source:"},{"@type":"BreadcrumbList","@id":"https:\/\/www.meydan.tv\/az\/article\/tofiq-zulfuqarov-prezident-deyibse-demeli-beledir\/#breadcrumb","itemListElement":[{"@type":"ListItem","position":1,"name":"Ana s\u0259hif\u0259","item":"https:\/\/www.meydan.tv\/az\/"},{"@type":"ListItem","position":2,"name":"Analitika","item":"https:\/\/www.meydan.tv\/az\/section\/analitika\/"},{"@type":"ListItem","position":3,"name":"Tofiq Z\u00fclf\u00fcqarov: Prezident deyibs\u0259, dem\u0259li, bel\u0259dir"}]},{"@type":"WebSite","@id":"https:\/\/www.meydan.tv\/az\/#website","url":"https:\/\/www.meydan.tv\/az\/","name":"MEYDAN.TV","description":"Meydan TV Az\u0259rbaycan\u0131n media m\u0259kan\u0131ndak\u0131 alternativ s\u0259sidir","publisher":{"@id":"https:\/\/www.meydan.tv\/az\/#organization"},"potentialAction":[{"@type":"SearchAction","target":{"@type":"EntryPoint","urlTemplate":"https:\/\/www.meydan.tv\/az\/?s={search_term_string}"},"query-input":{"@type":"PropertyValueSpecification","valueRequired":true,"valueName":"search_term_string"}}],"inLanguage":"az"},{"@type":"Organization","@id":"https:\/\/www.meydan.tv\/az\/#organization","name":"Meydan TV","url":"https:\/\/www.meydan.tv\/az\/","logo":{"@type":"ImageObject","inLanguage":"az","@id":"https:\/\/www.meydan.tv\/az\/#\/schema\/logo\/image\/","url":"https:\/\/www.meydan.tv\/wp-content\/uploads\/2021\/07\/meydan-logo.svg","contentUrl":"https:\/\/www.meydan.tv\/wp-content\/uploads\/2021\/07\/meydan-logo.svg","width":195,"height":46,"caption":"Meydan TV"},"image":{"@id":"https:\/\/www.meydan.tv\/az\/#\/schema\/logo\/image\/"}},{"@type":"Person","@id":"https:\/\/www.meydan.tv\/az\/#\/schema\/person\/10d11eccf6da3662cf5fdab9806ea91a","name":"user-manager"}]}},"_links":{"self":[{"href":"https:\/\/www.meydan.tv\/az\/wp-json\/wp\/v2\/posts\/179484","targetHints":{"allow":["GET"]}}],"collection":[{"href":"https:\/\/www.meydan.tv\/az\/wp-json\/wp\/v2\/posts"}],"about":[{"href":"https:\/\/www.meydan.tv\/az\/wp-json\/wp\/v2\/types\/post"}],"author":[{"embeddable":true,"href":"https:\/\/www.meydan.tv\/az\/wp-json\/wp\/v2\/users\/11"}],"replies":[{"embeddable":true,"href":"https:\/\/www.meydan.tv\/az\/wp-json\/wp\/v2\/comments?post=179484"}],"version-history":[{"count":0,"href":"https:\/\/www.meydan.tv\/az\/wp-json\/wp\/v2\/posts\/179484\/revisions"}],"wp:featuredmedia":[{"embeddable":true,"href":"https:\/\/www.meydan.tv\/az\/wp-json\/wp\/v2\/media\/69952"}],"wp:attachment":[{"href":"https:\/\/www.meydan.tv\/az\/wp-json\/wp\/v2\/media?parent=179484"}],"wp:term":[{"taxonomy":"category","embeddable":true,"href":"https:\/\/www.meydan.tv\/az\/wp-json\/wp\/v2\/categories?post=179484"},{"taxonomy":"post_tag","embeddable":true,"href":"https:\/\/www.meydan.tv\/az\/wp-json\/wp\/v2\/tags?post=179484"}],"curies":[{"name":"wp","href":"https:\/\/api.w.org\/{rel}","templated":true}]}}