{"id":179482,"date":"2016-10-10T14:22:08","date_gmt":"2016-10-10T14:22:08","guid":{"rendered":"https:\/\/www.meydan.tv\/article\/eliyev-vaxtindan-evvel-seckiler-kecireceyine-isare-edib\/"},"modified":"2016-10-10T14:22:08","modified_gmt":"2016-10-10T14:22:08","slug":"eliyev-vaxtindan-evvel-seckiler-kecireceyine-isare-edib","status":"publish","type":"post","link":"https:\/\/www.meydan.tv\/az\/article\/eliyev-vaxtindan-evvel-seckiler-kecireceyine-isare-edib\/","title":{"rendered":"\u018fliyev vaxt\u0131ndan \u0259vv\u0259l se\u00e7kil\u0259r ke\u00e7ir\u0259c\u0259yin\u0259 i\u015far\u0259 edib"},"content":{"rendered":"<figure class=\"wp-block-image size-large\">\n  <img decoding=\"async\" src=\"https:\/\/www.meydan.tv\/az\/69940\/\" alt=\"\" class=\"wp-image-69940\"\/><figcaption><\/figcaption><\/figure>\n<p>\n  <i><br \/>\n    Anti-q\u0259rb ritorikas\u0131na baxmayaraq, Az\u0259rbaycan\u0131n bundan sonra da Avropa m\u0259kan\u0131na inteqrasiya etm\u0259kd\u0259n ba\u015fqa yolu qalm\u0131r<br \/>\n  <\/i>\n<\/p>\n<p>\n  Az\u0259rbaycan prezidenti \u0130lham \u018fliyev \u00fcst\u00fc\u00f6rt\u00fcl\u00fc \u015f\u0259kild\u0259 bu ilin sonuna q\u0259d\u0259r ke\u00e7iril\u0259 bil\u0259c\u0259k n\u00f6vb\u0259d\u0259nk\u0259nar prezident se\u00e7kil\u0259rin\u0259 haz\u0131rl\u0131\u011fa start verib.\n<\/p>\n<p>\n  Oktyabr\u0131n 7-d\u0259 h\u00f6kum\u0259tin bu ilin 9 ay\u0131nda sosial-iqtisadi inki\u015faf\u0131n yekunlar\u0131na h\u0259sr olunmu\u015f iclas\u0131n\u0131n giri\u015f hiss\u0259sind\u0259 \u018fliyev s\u0259rt \u015f\u0259kild\u0259 Q\u0259rb\u0259 h\u00fccum edib, bir s\u0131ra iradlar, o c\u00fcml\u0259d\u0259n Az\u0259rbaycana, islam d\u00fcnyas\u0131na, \u0259r\u0259b qa\u00e7q\u0131nlara m\u00fcnasib\u0259td\u0259 ikili standartlar t\u0259tbiq etm\u0259k v\u0259 s. ittihamlar ir\u0259li s\u00fcr\u00fcb.\n<\/p>\n<p>\n  Onun giri\u015f nitqinin m\u00f6vzusunun 9 ay\u0131n ac\u0131nacaql\u0131 yekunlar\u0131 haqq\u0131nda dey\u0259c\u0259k s\u00f6z\u00fc olmayan h\u00f6kum\u0259tin iclas\u0131n\u0131n m\u00f6vzusu il\u0259 he\u00e7 bir \u0259laq\u0259si yox idi, d\u00fcnya demokratiyas\u0131na Az\u0259rbaycanda rejimin haz\u0131rki inki\u015faf m\u0259rh\u0259l\u0259sind\u0259 m\u0259saf\u0259 saxlama\u011fa, inteqrasiya prosesin\u0259 deyil, \u0259m\u0259kda\u015fl\u0131q elementl\u0259ri il\u0259 kifay\u0259tl\u0259nm\u0259y\u0259 \u00fcst\u00fcnl\u00fck verdiyi haqq\u0131nda bir n\u00f6v mesaj olub.\n<\/p>\n<p>\n  T\u0259cr\u00fcb\u0259 g\u00f6st\u0259rir ki, onun qeyri-m\u0259hdud hakimiyy\u0259ti \u00fc\u00e7\u00fcn yol a\u00e7an 2008-ci il prezident se\u00e7kil\u0259rind\u0259n ba\u015flayaraq, \u018fliyev \u0259h\u0259miyy\u0259tli se\u00e7kil\u0259r v\u0259 referendumlar \u0259r\u0259f\u0259sind\u0259 Q\u0259rb institutlar\u0131n\u0131n s\u0259sverm\u0259nin m\u00fc\u015fahid\u0259sind\u0259 v\u0259 yekunla\u015fd\u0131r\u0131lmas\u0131nda i\u015ftirak\u0131n\u0131, habel\u0259 m\u00fcxalif\u0259t\u0259 v\u0259 v\u0259t\u0259nda\u015f c\u0259miyy\u0259tin\u0259 d\u0259st\u0259yini minimuma endirm\u0259k m\u0259qs\u0259dil\u0259 Q\u0259rbin t\u0259nqidini g\u00fccl\u0259ndirir. Yax\u0131n 7 il \u00fc\u00e7\u00fcn onun hakimiyy\u0259tini legitiml\u0259\u015fdir\u0259n v\u0259 ona b\u00f6y\u00fck s\u0259lahiyy\u0259tl\u0259r v\u0259 m\u0259suliyy\u0259t ver\u0259n 26 sentyabr referendumundan \u00f6nc\u0259 d\u0259 bel\u0259 olub.\n<\/p>\n<p>\n  \u018fliyevin bel\u0259 izolyasionist m\u00f6vqeyi, ilk bax\u0131\u015fda q\u0259rib\u0259 d\u0259 g\u00f6r\u00fcns\u0259, qar\u015f\u0131 beyn\u0259lxalq demokratiya d\u00fc\u015f\u0259rg\u0259sind\u0259 anlay\u0131\u015fla qar\u015f\u0131lan\u0131r, yaln\u0131z yum\u015faq v\u0259 formal \u015f\u0259kild\u0259 prosesin qeyri-demokratikliyin\u0259 t\u0259\u0259cc\u00fcb ifad\u0259 edilir. Bu, sonuncu referendum \u0259r\u0259f\u0259sind\u0259 v\u0259 ondan sonra \u00f6z\u00fcn\u00fc x\u00fcsusil\u0259 a\u00e7\u0131q-a\u015fkar g\u00f6st\u0259rib, bu da onu g\u00f6st\u0259rir ki, bu add\u0131m Q\u0259rbd\u0259 raz\u0131la\u015fd\u0131r\u0131lm\u0131\u015f ciddi struktur d\u0259yi\u015fiklikl\u0259rin\u0259 v\u0259 siyasi-iqtisadi d\u0259yi\u015fiklikl\u0259r\u0259 yol a\u00e7\u0131r. (\u0130yulun 18-d\u0259 konstitusiyaya prezidentin s\u0259lahiyy\u0259tl\u0259rini geni\u015fl\u0259ndir\u0259n d\u0259yi\u015fiklikl\u0259r haqq\u0131nda referendum elan edildikd\u0259n d\u0259rhal sonra AB\u015e v\u0259 onun m\u00fctt\u0259fiql\u0259ri t\u0259r\u0259find\u0259n sistemd\u0259 islahatlar apar\u0131lmas\u0131 t\u0259l\u0259bi il\u0259 \u018fliyev\u0259 g\u00f6st\u0259ril\u0259n g\u00fccl\u00fc t\u0259zyiqin dayanmas\u0131 fakt\u0131 da buna d\u0259lal\u0259t edir).\n<\/p>\n<p>\n  Bu davran\u0131\u015f x\u0259tti, \u015f\u00fcbh\u0259siz, qar\u015f\u0131da duran prezident se\u00e7kil\u0259rind\u0259 d\u0259 davam ed\u0259c\u0259k v\u0259 se\u00e7kil\u0259r prosesi \u00f6z\u00fc m\u00fcxt\u0259lif hakimiyy\u0259t v\u0259 m\u00fcxalif\u0259t qruplar\u0131n\u0131n siyasi yar\u0131\u015f\u0131 deyil, praktiki olaraq, texniki prosedur olacaq. \u018fliyevin Q\u0259rb \u0259leyhin\u0259 b\u0259yanatlar\u0131na v\u0259 m\u00fcxalif s\u0259sl\u0259ri yat\u0131rmas\u0131na baxmayaraq, onun prezident v\u0259zif\u0259sind\u0259 f\u0259aliyy\u0259ti Q\u0259rbi qane edir. Hakimiyy\u0259td\u0259 oldu\u011fu m\u00fcdd\u0259t \u0259razind\u0259 o, Avropa il\u0259 m\u00fch\u00fcm iqtisadi ba\u011flar qurub, Avropa \u0130ttifaq\u0131n\u0131n strateji energetika, boru k\u0259m\u0259ri, n\u0259qliyyat layih\u0259l\u0259rini d\u0259st\u0259kl\u0259yib, Q\u0259rbi Az\u0259rbaycan\u0131n \u0259sas iqtisadi t\u0259r\u0259fda\u015f\u0131na \u00e7evirib. Energetika sah\u0259sinin Az\u0259rbaycan \u00fc\u00e7\u00fcn \u0259sas sah\u0259 oldu\u011funu n\u0259z\u0259r\u0259 alsaq, \u018fliyevin anti-Q\u0259rb ritorikas\u0131na baxmayaraq, Az\u0259rbaycan\u0131n art\u0131q m\u0259hz haraya inteqrasiya etdiyini g\u00f6rm\u0259k \u00e7\u0259tin deyil.\n<\/p>\n<p>\n  Sirr deyil ki, t\u0259r\u0259fl\u0259r Az\u0259rbaycanda postsovet sistemd\u0259 islahatlar\u0131n davam etdirilm\u0259si v\u0259 yax\u0131n g\u0259l\u0259c\u0259kd\u0259 start g\u00f6t\u00fcrm\u0259li olan b\u00f6y\u00fck islahatlar paketinin haz\u0131rlanmas\u0131 \u00fczr\u0259 intensiv i\u015fl\u0259r apar\u0131r. Mahiyy\u0259tc\u0259 referendum da, onun ard\u0131nca g\u0259l\u0259n se\u00e7kil\u0259r d\u0259 t\u0259r\u0259fl\u0259rin raz\u0131la\u015fd\u0131rd\u0131\u011f\u0131 islahatlar proqram\u0131n\u0131n t\u0259rkib hiss\u0259sidir. \u018fliyev v\u0259 Q\u0259rb t\u0259r\u0259fda\u015flar\u0131 h\u0259l\u0259lik g\u0259l\u0259c\u0259k d\u0259yi\u015fiklikl\u0259ri a\u00e7\u0131qlam\u0131rlar, d\u0259yi\u015fiklikl\u0259rl\u0259 ba\u011fl\u0131 z\u0259if konturlar formala\u015fd\u0131ra bil\u0259c\u0259k m\u0259lumatlar s\u0131zd\u0131rmaqla kifay\u0259tl\u0259nirl\u0259r. \u018fliyevin \u00f6t\u0259n 9 ay\u0131n yekunlar\u0131n\u0131 \u00e7\u0131xartmayan m\u00fc\u015favir\u0259nin yekunlar\u0131na h\u0259sr olunmu\u015f \u00e7\u0131x\u0131\u015f\u0131n\u0131 buna aid etm\u0259k olar. Prezident bu yekun hiss\u0259ni ilk n\u00f6vb\u0259d\u0259 k\u0259nd t\u0259s\u0259rr\u00fcfat\u0131 sah\u0259sind\u0259 g\u0259l\u0259c\u0259k layih\u0259l\u0259r\u0259 h\u0259sr edib. \u00c7\u0131x\u0131\u015fdan g\u00f6r\u00fcn\u00fcrd\u00fc ki, s\u00f6hb\u0259t h\u0259r bir aqrar sah\u0259nin inki\u015faf\u0131 \u00fczr\u0259 ayr\u0131-ayr\u0131 geni\u015fmiqyasl\u0131 layih\u0259l\u0259rd\u0259n gedir. Bu \u0259r\u0259f\u0259d\u0259 Avropa \u0130ttifaq\u0131 x\u00fcsusi istehsal\u00e7\u0131lar\u0131n inki\u015faf\u0131na d\u0259st\u0259k proqram\u0131n\u0131 h\u0259yata ke\u00e7irm\u0259y\u0259 ba\u015flay\u0131b.\n<\/p>\n<p>\n  Mahiyy\u0259tc\u0259 energetika sektorunun \u00f6lk\u0259 iqtisadiyyat\u0131na t\u0259sirinin uzun m\u00fcdd\u0259td\u0259 azald\u0131lmas\u0131 \u015f\u0259raitind\u0259 Az\u0259rbaycan\u0131n qeyri-neft sah\u0259sind\u0259 islahatlar rejim \u00fc\u00e7\u00fcn qa\u00e7\u0131lmaz olur v\u0259 dem\u0259k olar ki, 1994-c\u00fc ild\u0259 imzalanm\u0131\u015f \u018fsrin M\u00fcqavil\u0259si layih\u0259sinin h\u0259yata ke\u00e7irilm\u0259sin\u0259 ba\u015flad\u0131qdan sonra Az\u0259rbaycan\u0131n Q\u0259rbl\u0259 inteqrasiyas\u0131n\u0131n \u0259h\u0259miyy\u0259tin\u0259 g\u00f6r\u0259 ikinci proqram\u0131na \u00e7evrilir. Praktiki olaraq, \u018fliyev h\u00f6kum\u0259tin iclas\u0131nda Az\u0259rbaycan iqtisadiyyat\u0131n\u0131n a\u011f\u0131r v\u0259ziyy\u0259td\u0259 oldu\u011funu etiraf edib, bu d\u0259f\u0259 b\u00fct\u00fcn parametrl\u0259r\u0259 g\u00f6r\u0259 v\u0259ziyy\u0259tin ac\u0131nacaql\u0131 g\u00f6r\u00fcn\u00fc\u015f\u00fcn\u00fc ortaya qoyan statistika r\u0259q\u0259ml\u0259ri il\u0259 jonqyorluq etm\u0259k taktikas\u0131ndan yay\u0131n\u0131b.\n<\/p>\n<p>\n  Anti-q\u0259rb ritorikas\u0131na baxmayaraq, Az\u0259rbaycan\u0131n bundan sonra da Avropa m\u0259kan\u0131na inteqrasiya etm\u0259kd\u0259n ba\u015fqa yolu qalm\u0131r. \u018fvv\u0259l d\u0259 deyildiyi kimi, beyn\u0259lxalq maliyy\u0259 institutlar\u0131 il\u0259 Az\u0259rbaycanda islahatlar\u0131n d\u0259st\u0259kl\u0259nm\u0259si \u00fczr\u0259 intensiv dan\u0131\u015f\u0131qlar da buna d\u0259lal\u0259t edir. \u00d6lk\u0259nin, ir\u0259li g\u0259l\u0259c\u0259k b\u00fct\u00fcn siyasi n\u0259tic\u0259l\u0259ri il\u0259 d\u00fcnya v\u0259 ilk n\u00f6vb\u0259d\u0259 Q\u0259rb iqtisadiyyat\u0131na inteqrasiyas\u0131n\u0131n prinsipial m\u0259s\u0259l\u0259l\u0259ri \u00fczr\u0259 bu dan\u0131\u015f\u0131qlar art\u0131q yekun m\u0259rh\u0259l\u0259y\u0259 q\u0259d\u0259m qoyub.\n<\/p><\/p>\n","protected":false},"excerpt":{"rendered":"<p>Anti-q\u0259rb ritorikas\u0131na baxmayaraq, Az\u0259rbaycan\u0131n bundan sonra da Avropa m\u0259kan\u0131na inteqrasiya etm\u0259kd\u0259n ba\u015fqa yolu qalm\u0131r<\/p>\n","protected":false},"author":11,"featured_media":69940,"comment_status":"closed","ping_status":"open","sticky":false,"template":"","format":"standard","meta":{"_acf_changed":false,"_sitemap_exclude":false,"_sitemap_priority":"","_sitemap_frequency":"","footnotes":""},"categories":[51],"tags":[],"class_list":["post-179482","post","type-post","status-publish","format-standard","has-post-thumbnail","hentry","category-analitika","infinite-scroll-item","generate-columns","tablet-grid-50","mobile-grid-100","grid-parent","grid-33","no-featured-image-padding"],"acf":[],"yoast_head":"<!-- This site is optimized with the Yoast SEO plugin v27.5 - https:\/\/yoast.com\/product\/yoast-seo-wordpress\/ -->\n<title>\u018fliyev vaxt\u0131ndan \u0259vv\u0259l se\u00e7kil\u0259r ke\u00e7ir\u0259c\u0259yin\u0259 i\u015far\u0259 edib - MEYDAN.TV<\/title>\n<meta name=\"robots\" content=\"index, follow, max-snippet:-1, max-image-preview:large, max-video-preview:-1\" \/>\n<link rel=\"canonical\" href=\"https:\/\/www.meydan.tv\/az\/article\/eliyev-vaxtindan-evvel-seckiler-kecireceyine-isare-edib\/\" \/>\n<meta property=\"og:locale\" content=\"az_AZ\" \/>\n<meta property=\"og:type\" content=\"article\" \/>\n<meta property=\"og:title\" content=\"\u018fliyev vaxt\u0131ndan \u0259vv\u0259l se\u00e7kil\u0259r ke\u00e7ir\u0259c\u0259yin\u0259 i\u015far\u0259 edib - MEYDAN.TV\" \/>\n<meta property=\"og:description\" content=\"Anti-q\u0259rb ritorikas\u0131na baxmayaraq, Az\u0259rbaycan\u0131n bundan sonra da Avropa m\u0259kan\u0131na inteqrasiya etm\u0259kd\u0259n ba\u015fqa yolu qalm\u0131r\" \/>\n<meta property=\"og:url\" content=\"https:\/\/www.meydan.tv\/az\/article\/eliyev-vaxtindan-evvel-seckiler-kecireceyine-isare-edib\/\" \/>\n<meta property=\"og:site_name\" content=\"MEYDAN.TV\" \/>\n<meta property=\"article:published_time\" content=\"2016-10-10T14:22:08+00:00\" \/>\n<meta property=\"og:image\" content=\"https:\/\/www.meydan.tv\/wp-content\/uploads\/26762.jpg\" \/>\n\t<meta property=\"og:image:width\" content=\"1141\" \/>\n\t<meta property=\"og:image:height\" content=\"500\" \/>\n\t<meta property=\"og:image:type\" content=\"image\/jpeg\" \/>\n<meta name=\"author\" content=\"user-manager\" \/>\n<meta name=\"twitter:card\" content=\"summary_large_image\" \/>\n<script type=\"application\/ld+json\" class=\"yoast-schema-graph\">{\"@context\":\"https:\\\/\\\/schema.org\",\"@graph\":[{\"@type\":\"Article\",\"@id\":\"https:\\\/\\\/www.meydan.tv\\\/az\\\/article\\\/eliyev-vaxtindan-evvel-seckiler-kecireceyine-isare-edib\\\/#article\",\"isPartOf\":{\"@id\":\"https:\\\/\\\/www.meydan.tv\\\/az\\\/article\\\/eliyev-vaxtindan-evvel-seckiler-kecireceyine-isare-edib\\\/\"},\"author\":{\"name\":\"user-manager\",\"@id\":\"https:\\\/\\\/www.meydan.tv\\\/az\\\/#\\\/schema\\\/person\\\/10d11eccf6da3662cf5fdab9806ea91a\"},\"headline\":\"\u018fliyev vaxt\u0131ndan \u0259vv\u0259l se\u00e7kil\u0259r ke\u00e7ir\u0259c\u0259yin\u0259 i\u015far\u0259 edib\",\"datePublished\":\"2016-10-10T14:22:08+00:00\",\"mainEntityOfPage\":{\"@id\":\"https:\\\/\\\/www.meydan.tv\\\/az\\\/article\\\/eliyev-vaxtindan-evvel-seckiler-kecireceyine-isare-edib\\\/\"},\"wordCount\":1099,\"publisher\":{\"@id\":\"https:\\\/\\\/www.meydan.tv\\\/az\\\/#organization\"},\"image\":{\"@id\":\"https:\\\/\\\/www.meydan.tv\\\/az\\\/article\\\/eliyev-vaxtindan-evvel-seckiler-kecireceyine-isare-edib\\\/#primaryimage\"},\"thumbnailUrl\":\"https:\\\/\\\/www.meydan.tv\\\/wp-content\\\/uploads\\\/26762.jpg\",\"articleSection\":[\"Analitika\"],\"inLanguage\":\"az\"},{\"@type\":\"WebPage\",\"@id\":\"https:\\\/\\\/www.meydan.tv\\\/az\\\/article\\\/eliyev-vaxtindan-evvel-seckiler-kecireceyine-isare-edib\\\/\",\"url\":\"https:\\\/\\\/www.meydan.tv\\\/az\\\/article\\\/eliyev-vaxtindan-evvel-seckiler-kecireceyine-isare-edib\\\/\",\"name\":\"\u018fliyev vaxt\u0131ndan \u0259vv\u0259l se\u00e7kil\u0259r ke\u00e7ir\u0259c\u0259yin\u0259 i\u015far\u0259 edib - MEYDAN.TV\",\"isPartOf\":{\"@id\":\"https:\\\/\\\/www.meydan.tv\\\/az\\\/#website\"},\"primaryImageOfPage\":{\"@id\":\"https:\\\/\\\/www.meydan.tv\\\/az\\\/article\\\/eliyev-vaxtindan-evvel-seckiler-kecireceyine-isare-edib\\\/#primaryimage\"},\"image\":{\"@id\":\"https:\\\/\\\/www.meydan.tv\\\/az\\\/article\\\/eliyev-vaxtindan-evvel-seckiler-kecireceyine-isare-edib\\\/#primaryimage\"},\"thumbnailUrl\":\"https:\\\/\\\/www.meydan.tv\\\/wp-content\\\/uploads\\\/26762.jpg\",\"datePublished\":\"2016-10-10T14:22:08+00:00\",\"breadcrumb\":{\"@id\":\"https:\\\/\\\/www.meydan.tv\\\/az\\\/article\\\/eliyev-vaxtindan-evvel-seckiler-kecireceyine-isare-edib\\\/#breadcrumb\"},\"inLanguage\":\"az\",\"potentialAction\":[{\"@type\":\"ReadAction\",\"target\":[\"https:\\\/\\\/www.meydan.tv\\\/az\\\/article\\\/eliyev-vaxtindan-evvel-seckiler-kecireceyine-isare-edib\\\/\"]}]},{\"@type\":\"ImageObject\",\"inLanguage\":\"az\",\"@id\":\"https:\\\/\\\/www.meydan.tv\\\/az\\\/article\\\/eliyev-vaxtindan-evvel-seckiler-kecireceyine-isare-edib\\\/#primaryimage\",\"url\":\"https:\\\/\\\/www.meydan.tv\\\/wp-content\\\/uploads\\\/26762.jpg\",\"contentUrl\":\"https:\\\/\\\/www.meydan.tv\\\/wp-content\\\/uploads\\\/26762.jpg\",\"width\":1141,\"height\":500,\"caption\":\"Source:\"},{\"@type\":\"BreadcrumbList\",\"@id\":\"https:\\\/\\\/www.meydan.tv\\\/az\\\/article\\\/eliyev-vaxtindan-evvel-seckiler-kecireceyine-isare-edib\\\/#breadcrumb\",\"itemListElement\":[{\"@type\":\"ListItem\",\"position\":1,\"name\":\"Ana s\u0259hif\u0259\",\"item\":\"https:\\\/\\\/www.meydan.tv\\\/az\\\/\"},{\"@type\":\"ListItem\",\"position\":2,\"name\":\"Analitika\",\"item\":\"https:\\\/\\\/www.meydan.tv\\\/az\\\/section\\\/analitika\\\/\"},{\"@type\":\"ListItem\",\"position\":3,\"name\":\"\u018fliyev vaxt\u0131ndan \u0259vv\u0259l se\u00e7kil\u0259r ke\u00e7ir\u0259c\u0259yin\u0259 i\u015far\u0259 edib\"}]},{\"@type\":\"WebSite\",\"@id\":\"https:\\\/\\\/www.meydan.tv\\\/az\\\/#website\",\"url\":\"https:\\\/\\\/www.meydan.tv\\\/az\\\/\",\"name\":\"MEYDAN.TV\",\"description\":\"Meydan TV Az\u0259rbaycan\u0131n media m\u0259kan\u0131ndak\u0131 alternativ s\u0259sidir\",\"publisher\":{\"@id\":\"https:\\\/\\\/www.meydan.tv\\\/az\\\/#organization\"},\"potentialAction\":[{\"@type\":\"SearchAction\",\"target\":{\"@type\":\"EntryPoint\",\"urlTemplate\":\"https:\\\/\\\/www.meydan.tv\\\/az\\\/?s={search_term_string}\"},\"query-input\":{\"@type\":\"PropertyValueSpecification\",\"valueRequired\":true,\"valueName\":\"search_term_string\"}}],\"inLanguage\":\"az\"},{\"@type\":\"Organization\",\"@id\":\"https:\\\/\\\/www.meydan.tv\\\/az\\\/#organization\",\"name\":\"Meydan TV\",\"url\":\"https:\\\/\\\/www.meydan.tv\\\/az\\\/\",\"logo\":{\"@type\":\"ImageObject\",\"inLanguage\":\"az\",\"@id\":\"https:\\\/\\\/www.meydan.tv\\\/az\\\/#\\\/schema\\\/logo\\\/image\\\/\",\"url\":\"https:\\\/\\\/www.meydan.tv\\\/wp-content\\\/uploads\\\/2021\\\/07\\\/meydan-logo.svg\",\"contentUrl\":\"https:\\\/\\\/www.meydan.tv\\\/wp-content\\\/uploads\\\/2021\\\/07\\\/meydan-logo.svg\",\"width\":195,\"height\":46,\"caption\":\"Meydan TV\"},\"image\":{\"@id\":\"https:\\\/\\\/www.meydan.tv\\\/az\\\/#\\\/schema\\\/logo\\\/image\\\/\"}},{\"@type\":\"Person\",\"@id\":\"https:\\\/\\\/www.meydan.tv\\\/az\\\/#\\\/schema\\\/person\\\/10d11eccf6da3662cf5fdab9806ea91a\",\"name\":\"user-manager\"}]}<\/script>\n<!-- \/ Yoast SEO plugin. -->","yoast_head_json":{"title":"\u018fliyev vaxt\u0131ndan \u0259vv\u0259l se\u00e7kil\u0259r ke\u00e7ir\u0259c\u0259yin\u0259 i\u015far\u0259 edib - MEYDAN.TV","robots":{"index":"index","follow":"follow","max-snippet":"max-snippet:-1","max-image-preview":"max-image-preview:large","max-video-preview":"max-video-preview:-1"},"canonical":"https:\/\/www.meydan.tv\/az\/article\/eliyev-vaxtindan-evvel-seckiler-kecireceyine-isare-edib\/","og_locale":"az_AZ","og_type":"article","og_title":"\u018fliyev vaxt\u0131ndan \u0259vv\u0259l se\u00e7kil\u0259r ke\u00e7ir\u0259c\u0259yin\u0259 i\u015far\u0259 edib - MEYDAN.TV","og_description":"Anti-q\u0259rb ritorikas\u0131na baxmayaraq, Az\u0259rbaycan\u0131n bundan sonra da Avropa m\u0259kan\u0131na inteqrasiya etm\u0259kd\u0259n ba\u015fqa yolu qalm\u0131r","og_url":"https:\/\/www.meydan.tv\/az\/article\/eliyev-vaxtindan-evvel-seckiler-kecireceyine-isare-edib\/","og_site_name":"MEYDAN.TV","article_published_time":"2016-10-10T14:22:08+00:00","og_image":[{"width":1141,"height":500,"url":"https:\/\/www.meydan.tv\/wp-content\/uploads\/26762.jpg","type":"image\/jpeg"}],"author":"user-manager","twitter_card":"summary_large_image","schema":{"@context":"https:\/\/schema.org","@graph":[{"@type":"Article","@id":"https:\/\/www.meydan.tv\/az\/article\/eliyev-vaxtindan-evvel-seckiler-kecireceyine-isare-edib\/#article","isPartOf":{"@id":"https:\/\/www.meydan.tv\/az\/article\/eliyev-vaxtindan-evvel-seckiler-kecireceyine-isare-edib\/"},"author":{"name":"user-manager","@id":"https:\/\/www.meydan.tv\/az\/#\/schema\/person\/10d11eccf6da3662cf5fdab9806ea91a"},"headline":"\u018fliyev vaxt\u0131ndan \u0259vv\u0259l se\u00e7kil\u0259r ke\u00e7ir\u0259c\u0259yin\u0259 i\u015far\u0259 edib","datePublished":"2016-10-10T14:22:08+00:00","mainEntityOfPage":{"@id":"https:\/\/www.meydan.tv\/az\/article\/eliyev-vaxtindan-evvel-seckiler-kecireceyine-isare-edib\/"},"wordCount":1099,"publisher":{"@id":"https:\/\/www.meydan.tv\/az\/#organization"},"image":{"@id":"https:\/\/www.meydan.tv\/az\/article\/eliyev-vaxtindan-evvel-seckiler-kecireceyine-isare-edib\/#primaryimage"},"thumbnailUrl":"https:\/\/www.meydan.tv\/wp-content\/uploads\/26762.jpg","articleSection":["Analitika"],"inLanguage":"az"},{"@type":"WebPage","@id":"https:\/\/www.meydan.tv\/az\/article\/eliyev-vaxtindan-evvel-seckiler-kecireceyine-isare-edib\/","url":"https:\/\/www.meydan.tv\/az\/article\/eliyev-vaxtindan-evvel-seckiler-kecireceyine-isare-edib\/","name":"\u018fliyev vaxt\u0131ndan \u0259vv\u0259l se\u00e7kil\u0259r ke\u00e7ir\u0259c\u0259yin\u0259 i\u015far\u0259 edib - MEYDAN.TV","isPartOf":{"@id":"https:\/\/www.meydan.tv\/az\/#website"},"primaryImageOfPage":{"@id":"https:\/\/www.meydan.tv\/az\/article\/eliyev-vaxtindan-evvel-seckiler-kecireceyine-isare-edib\/#primaryimage"},"image":{"@id":"https:\/\/www.meydan.tv\/az\/article\/eliyev-vaxtindan-evvel-seckiler-kecireceyine-isare-edib\/#primaryimage"},"thumbnailUrl":"https:\/\/www.meydan.tv\/wp-content\/uploads\/26762.jpg","datePublished":"2016-10-10T14:22:08+00:00","breadcrumb":{"@id":"https:\/\/www.meydan.tv\/az\/article\/eliyev-vaxtindan-evvel-seckiler-kecireceyine-isare-edib\/#breadcrumb"},"inLanguage":"az","potentialAction":[{"@type":"ReadAction","target":["https:\/\/www.meydan.tv\/az\/article\/eliyev-vaxtindan-evvel-seckiler-kecireceyine-isare-edib\/"]}]},{"@type":"ImageObject","inLanguage":"az","@id":"https:\/\/www.meydan.tv\/az\/article\/eliyev-vaxtindan-evvel-seckiler-kecireceyine-isare-edib\/#primaryimage","url":"https:\/\/www.meydan.tv\/wp-content\/uploads\/26762.jpg","contentUrl":"https:\/\/www.meydan.tv\/wp-content\/uploads\/26762.jpg","width":1141,"height":500,"caption":"Source:"},{"@type":"BreadcrumbList","@id":"https:\/\/www.meydan.tv\/az\/article\/eliyev-vaxtindan-evvel-seckiler-kecireceyine-isare-edib\/#breadcrumb","itemListElement":[{"@type":"ListItem","position":1,"name":"Ana s\u0259hif\u0259","item":"https:\/\/www.meydan.tv\/az\/"},{"@type":"ListItem","position":2,"name":"Analitika","item":"https:\/\/www.meydan.tv\/az\/section\/analitika\/"},{"@type":"ListItem","position":3,"name":"\u018fliyev vaxt\u0131ndan \u0259vv\u0259l se\u00e7kil\u0259r ke\u00e7ir\u0259c\u0259yin\u0259 i\u015far\u0259 edib"}]},{"@type":"WebSite","@id":"https:\/\/www.meydan.tv\/az\/#website","url":"https:\/\/www.meydan.tv\/az\/","name":"MEYDAN.TV","description":"Meydan TV Az\u0259rbaycan\u0131n media m\u0259kan\u0131ndak\u0131 alternativ s\u0259sidir","publisher":{"@id":"https:\/\/www.meydan.tv\/az\/#organization"},"potentialAction":[{"@type":"SearchAction","target":{"@type":"EntryPoint","urlTemplate":"https:\/\/www.meydan.tv\/az\/?s={search_term_string}"},"query-input":{"@type":"PropertyValueSpecification","valueRequired":true,"valueName":"search_term_string"}}],"inLanguage":"az"},{"@type":"Organization","@id":"https:\/\/www.meydan.tv\/az\/#organization","name":"Meydan TV","url":"https:\/\/www.meydan.tv\/az\/","logo":{"@type":"ImageObject","inLanguage":"az","@id":"https:\/\/www.meydan.tv\/az\/#\/schema\/logo\/image\/","url":"https:\/\/www.meydan.tv\/wp-content\/uploads\/2021\/07\/meydan-logo.svg","contentUrl":"https:\/\/www.meydan.tv\/wp-content\/uploads\/2021\/07\/meydan-logo.svg","width":195,"height":46,"caption":"Meydan TV"},"image":{"@id":"https:\/\/www.meydan.tv\/az\/#\/schema\/logo\/image\/"}},{"@type":"Person","@id":"https:\/\/www.meydan.tv\/az\/#\/schema\/person\/10d11eccf6da3662cf5fdab9806ea91a","name":"user-manager"}]}},"_links":{"self":[{"href":"https:\/\/www.meydan.tv\/az\/wp-json\/wp\/v2\/posts\/179482","targetHints":{"allow":["GET"]}}],"collection":[{"href":"https:\/\/www.meydan.tv\/az\/wp-json\/wp\/v2\/posts"}],"about":[{"href":"https:\/\/www.meydan.tv\/az\/wp-json\/wp\/v2\/types\/post"}],"author":[{"embeddable":true,"href":"https:\/\/www.meydan.tv\/az\/wp-json\/wp\/v2\/users\/11"}],"replies":[{"embeddable":true,"href":"https:\/\/www.meydan.tv\/az\/wp-json\/wp\/v2\/comments?post=179482"}],"version-history":[{"count":0,"href":"https:\/\/www.meydan.tv\/az\/wp-json\/wp\/v2\/posts\/179482\/revisions"}],"wp:featuredmedia":[{"embeddable":true,"href":"https:\/\/www.meydan.tv\/az\/wp-json\/wp\/v2\/media\/69940"}],"wp:attachment":[{"href":"https:\/\/www.meydan.tv\/az\/wp-json\/wp\/v2\/media?parent=179482"}],"wp:term":[{"taxonomy":"category","embeddable":true,"href":"https:\/\/www.meydan.tv\/az\/wp-json\/wp\/v2\/categories?post=179482"},{"taxonomy":"post_tag","embeddable":true,"href":"https:\/\/www.meydan.tv\/az\/wp-json\/wp\/v2\/tags?post=179482"}],"curies":[{"name":"wp","href":"https:\/\/api.w.org\/{rel}","templated":true}]}}