{"id":179466,"date":"2016-10-08T15:12:00","date_gmt":"2016-10-08T15:12:00","guid":{"rendered":"https:\/\/www.meydan.tv\/article\/qubad-ibadoglu-mal-qaranin-cinsini-deyismekle-iqtisadiyyati-inkisaf-etdirmek-olmaz\/"},"modified":"2016-10-08T15:12:00","modified_gmt":"2016-10-08T15:12:00","slug":"qubad-ibadoglu-mal-qaranin-cinsini-deyismekle-iqtisadiyyati-inkisaf-etdirmek-olmaz","status":"publish","type":"post","link":"https:\/\/www.meydan.tv\/az\/article\/qubad-ibadoglu-mal-qaranin-cinsini-deyismekle-iqtisadiyyati-inkisaf-etdirmek-olmaz\/","title":{"rendered":"Qubad \u0130bado\u011flu: Mal-qaran\u0131n cinsini d\u0259yi\u015fm\u0259kl\u0259 iqtisadiyyat\u0131 inki\u015faf etdirm\u0259k olmaz"},"content":{"rendered":"<figure class=\"wp-block-image size-large\">\n  <img decoding=\"async\" src=\"https:\/\/www.meydan.tv\/az\/69907\/\" alt=\"\" class=\"wp-image-69907\"\/><figcaption><\/figcaption><\/figure>\n<p>\n  <i><br \/>\n    &#8221;\u00dcmumi daxili m\u0259hsulun 2014-c\u00fc ild\u0259 qeyd\u0259 al\u0131nan 75 milyad dollardan bu ilin sonuna 35 milyard dollara enm\u0259sinin s\u0259b\u0259bi bel\u0259 soru\u015fulmad\u0131&#8221;<br \/>\n  <\/i>\n<\/p>\n<\/p>\n<p>\n  \u0130qtisad\u00e7\u0131 Qubad \u0130bado\u011flu prezident \u0130lham \u018fliyevin oktyabr\u0131n 7-d\u0259 Nazirl\u0259r Kabinetinin 2016-ci ilin doqquz ay\u0131n\u0131n sosial-iqtisadi yekunlar\u0131na v\u0259 qar\u015f\u0131da duran v\u0259zif\u0259l\u0259r\u0259 h\u0259sr olunmu\u015f iclas\u0131ndak\u0131 \u00e7\u0131x\u0131\u015f\u0131 bar\u0259d\u0259 \u201cFacebook\u201d s\u0259hif\u0259sind\u0259 fikirl\u0259rini payla\u015f\u0131b.\n<\/p>\n<p>\n  Qubad \u0130bado\u011flu bildirib ki, m\u0259qs\u0259di \u00f6lk\u0259d\u0259 makroiqtisadi durumu d\u0259y\u0259rl\u0259ndirm\u0259k olan \u00e7\u0131x\u0131\u015flarda s\u0259naye v\u0259 k\u0259nd t\u0259s\u0259rr\u00fcfat\u0131ndak\u0131 m\u00fcsb\u0259t art\u0131m\u0131 ifad\u0259 ed\u0259n g\u00f6st\u0259ricil\u0259rd\u0259n ba\u015fqa he\u00e7 bir m\u0259lumat s\u0259sl\u0259nm\u0259di: \u201cCari ilin 9 ay\u0131n\u0131n yekununu xarakteriz\u0259 ed\u0259n \u00fcmumi daxili m\u0259hsula bel\u0259 istinad olunmad\u0131, onun t\u0259n\u0259zz\u00fcl\u00fcnd\u0259n dan\u0131\u015f\u0131lmad\u0131, dollarla ifad\u0259 olunan nominal \u00fcmumi daxili m\u0259hsulun 2014-c\u00fc ild\u0259 qeyd\u0259 al\u0131nan 75 milyad dollardan bu ilin sonuna 35 milyard dollara enm\u0259sinin s\u0259b\u0259bi bel\u0259 soru\u015fulmad\u0131. Qeyri-neft \u00fcmumi daxili m\u0259hsulunun s\u00fcr\u0259tl\u0259 eni\u015finin f\u0259sadlar\u0131 da d\u0259y\u0259rl\u0259ndirilm\u0259di. 121 min daimi i\u015f yerinin a\u00e7\u0131lmas\u0131 (inand\u0131r\u0131c\u0131 olmasa da), 36 min i\u015f yerinin ba\u011flanmas\u0131 qeyd olunsa da, h\u0259r ay orta hesabla 6 min n\u0259f\u0259rin i\u015f yerini itirm\u0259sinin s\u0259b\u0259bl\u0259ri d\u0259 t\u0259hlil olunmad\u0131. R\u0259smi r\u0259q\u0259ml\u0259r ayda 6 min n\u0259f\u0259rin i\u015f yerini itirdiyini g\u00f6st\u0259rir, bu is\u0259 o dem\u0259kdir ki, h\u0259r ay 25 mind\u0259n \u00e7ox ail\u0259 \u00fczv\u00fcn\u00fcn dolan\u0131\u015f\u0131\u011f\u0131 pisl\u0259\u015fir. \u00c7\u00fcnki, ev t\u0259s\u0259rr\u00fcfatlar\u0131n\u0131n \u0259m\u0259k m\u00fcayin\u0259si g\u00f6st\u0259rir ki, ail\u0259l\u0259rin b\u00f6y\u00fck \u0259ks\u0259riyy\u0259tind\u0259 1 n\u0259f\u0259r i\u015fl\u0259yir. Baxmayaraq ki, bu h\u0259l\u0259 r\u0259smi r\u0259q\u0259mdir, ger\u00e7\u0259klikd\u0259 qeyri-r\u0259smi olaraq daha \u00e7ox i\u015f yerl\u0259ri ba\u011flan\u0131b v\u0259 t\u0259\u0259ss\u00fcf ki, onun dinamikas\u0131 m\u00fcsb\u0259tdir\u201d.\n<\/p>\n<p>\n  \u201cM\u00fc\u015favir\u0259d\u0259 g\u00f6zl\u0259ntil\u0259rin \u0259skin\u0259 olaraq n\u0259 ba\u015f nazir, n\u0259 iqtisadiyyat naziri, n\u0259 d\u0259 maliyy\u0259 naziri \u00e7\u0131x\u0131\u015f edib, h\u0259tta son zamanlar imzalanan f\u0259rman v\u0259 s\u0259r\u0259ncamlar\u0131 da t\u0259qdir etm\u0259dil\u0259r. G\u00f6r\u00fcn\u00fcr, onlar da yax\u015fi bilirl\u0259r ki, sistemsiz v\u0259 \u0259laq\u0259siz at\u0131lan add\u0131mlar s\u0259m\u0259r\u0259 vermir. M\u0259rk\u0259zi Bank\u0131n s\u0259dri manatdan da dan\u0131\u015fmad\u0131 ki, investorlar v\u0259 istehlak\u00e7\u0131lar\u0131n g\u00f6zl\u0259ntil\u0259ri do\u011frulsun, onlar suallar\u0131na cavab taps\u0131nlar. El\u0259 bil ki, manat el\u0259 bel\u0259 d\u0259 olmal\u0131ym\u0131\u015f v\u0259 bu normal iqtisadi proses he\u00e7 kimi narahat etmir\u201d,- dey\u0259 \u0130bado\u011flu bildirib.\n<\/p>\n<p>\n  \u0130qtisad\u00e7\u0131n\u0131n fikrinc\u0259, m\u00fc\u015favir\u0259d\u0259 milli iqtisadiyyatla ba\u011fl\u0131 s\u00f6hb\u0259t \u0259sas\u0259n iki m\u00f6vzuda oldu: \u201cK\u0259nd t\u0259s\u0259rr\u00fcfat\u0131nda \u0259n\u0259n\u0259vi t\u0259s\u0259rr\u00fcfat\u00e7\u0131l\u0131q formalar\u0131n\u0131n b\u0259rpas\u0131, heyvandarl\u0131\u011f\u0131n inki\u015faf\u0131 v\u0259 turistl\u0259rin \u00f6lk\u0259y\u0259 c\u0259lb olunmas\u0131. Bir s\u00f6zl\u0259, \u0259sas m\u0259s\u0259l\u0259 \u00f6lk\u0259y\u0259 valyuta g\u0259tirm\u0259k v\u0259 \u00f6lk\u0259d\u0259n valyuta getm\u0259sin\u0259 yol verm\u0259m\u0259k. Tap\u015f\u0131r\u0131q bel\u0259 oldu. He\u00e7 k\u0259s dem\u0259di ki, bu \u00e7\u0131x\u0131\u015f yolu deyil v\u0259 tezlikl\u0259 bu m\u0259qs\u0259dl\u0259r\u0259 nail olmaq m\u00fcmk\u00fcn deyil. \u00d6lk\u0259nin g\u0259l\u0259c\u0259yi bilik iqtisadiyyat\u0131na ke\u00e7idd\u0259n, innovasiya y\u00f6nl\u00fc m\u0259hsul istehsal\u0131n\u0131n t\u0259\u015fkilind\u0259n, y\u0259ni t\u0259hsilin, elmin inki\u015faf\u0131ndan v\u0259 texnologiyalar\u0131n s\u0259m\u0259r\u0259li t\u0259tbiqind\u0259n as\u0131l\u0131d\u0131r. Deyilm\u0259di ki, biz \u0259n\u0259n\u0259vi bazarlara yaln\u0131z beyin m\u0259hsullar\u0131 il\u0259 \u00e7\u0131xa bil\u0259rik. Yoxsa, kolxoz v\u0259 sovxoz prinsipi il\u0259 b\u00fct\u00fcn torpaqlar\u0131 ekstensiv yolla \u0259km\u0259kl\u0259 v\u0259 mal-qaran\u0131n cinsini d\u0259yi\u015fm\u0259kl\u0259 iqtisadiyyat\u0131 inki\u015faf etdirm\u0259k olmaz. Bu m\u00fcasir iqtisadiyyat\u0131n inki\u015faf yolu deyil, \u0259n\u0259n\u0259vi t\u0259s\u0259rr\u00fcfat\u00e7\u0131l\u0131\u011f\u0131n b\u0259rpas\u0131 il\u0259 biz ir\u0259li getm\u0259y\u0259c\u0259yik, \u0259n yax\u015f\u0131 halda geriy\u0259 &#8211; \u00f6t\u0259n \u0259srin 60-80-ci ill\u0259rin\u0259 qay\u0131d\u0131r\u0131q. Bel\u0259likl\u0259 d\u0259, bu m\u00fc\u015favir\u0259 d\u0259 yaranm\u0131\u015f \u00e7oxsayl\u0131 suallara cavab verm\u0259k \u0259v\u0259zin\u0259, yeni suallar yaratd\u0131 v\u0259 eyni zamanda xalqa mesaj verdi ki, bu g\u00fcn\u00fcn\u00fcz\u0259 d\u0259 \u015f\u00fckr edin, allaha dua edin ki, k\u0259nd\u00e7iy\u0259 d\u0259st\u0259k olsun. \u00c7\u00fcnki, bird\u0259n ya\u011fmad\u0131 ya\u011f\u0131\u015f bitm\u0259di qam\u0131\u015f, b\u0259s onda n\u0259 olacaq?\u201d.\n<\/p><\/p>\n","protected":false},"excerpt":{"rendered":"<p>&#8221;\u00dcmumi daxili m\u0259hsulun 2014-c\u00fc ild\u0259 qeyd\u0259 al\u0131nan 75 milyad dollardan bu ilin sonuna 35 milyard dollara enm\u0259sinin s\u0259b\u0259bi bel\u0259 soru\u015fulmad\u0131&#8221;<\/p>\n","protected":false},"author":11,"featured_media":69907,"comment_status":"closed","ping_status":"open","sticky":false,"template":"","format":"standard","meta":{"_acf_changed":false,"_sitemap_exclude":false,"_sitemap_priority":"","_sitemap_frequency":"","footnotes":""},"categories":[51],"tags":[],"class_list":["post-179466","post","type-post","status-publish","format-standard","has-post-thumbnail","hentry","category-analitika","infinite-scroll-item","generate-columns","tablet-grid-50","mobile-grid-100","grid-parent","grid-33","no-featured-image-padding"],"acf":[],"yoast_head":"<!-- This site is optimized with the Yoast SEO plugin v27.5 - https:\/\/yoast.com\/product\/yoast-seo-wordpress\/ -->\n<title>Qubad \u0130bado\u011flu: Mal-qaran\u0131n cinsini d\u0259yi\u015fm\u0259kl\u0259 iqtisadiyyat\u0131 inki\u015faf etdirm\u0259k olmaz - MEYDAN.TV<\/title>\n<meta name=\"robots\" content=\"index, follow, max-snippet:-1, max-image-preview:large, max-video-preview:-1\" \/>\n<link rel=\"canonical\" href=\"https:\/\/www.meydan.tv\/az\/article\/qubad-ibadoglu-mal-qaranin-cinsini-deyismekle-iqtisadiyyati-inkisaf-etdirmek-olmaz\/\" \/>\n<meta property=\"og:locale\" content=\"az_AZ\" \/>\n<meta property=\"og:type\" content=\"article\" \/>\n<meta property=\"og:title\" content=\"Qubad \u0130bado\u011flu: Mal-qaran\u0131n cinsini d\u0259yi\u015fm\u0259kl\u0259 iqtisadiyyat\u0131 inki\u015faf etdirm\u0259k olmaz - MEYDAN.TV\" \/>\n<meta property=\"og:description\" content=\"&#039;&#039;\u00dcmumi daxili m\u0259hsulun 2014-c\u00fc ild\u0259 qeyd\u0259 al\u0131nan 75 milyad dollardan bu ilin sonuna 35 milyard dollara enm\u0259sinin s\u0259b\u0259bi bel\u0259 soru\u015fulmad\u0131&#039;&#039;\" \/>\n<meta property=\"og:url\" content=\"https:\/\/www.meydan.tv\/az\/article\/qubad-ibadoglu-mal-qaranin-cinsini-deyismekle-iqtisadiyyati-inkisaf-etdirmek-olmaz\/\" \/>\n<meta property=\"og:site_name\" content=\"MEYDAN.TV\" \/>\n<meta property=\"article:published_time\" content=\"2016-10-08T15:12:00+00:00\" \/>\n<meta property=\"og:image\" content=\"https:\/\/www.meydan.tv\/wp-content\/uploads\/26742.jpg\" \/>\n\t<meta property=\"og:image:width\" content=\"852\" \/>\n\t<meta property=\"og:image:height\" content=\"479\" \/>\n\t<meta property=\"og:image:type\" content=\"image\/jpeg\" \/>\n<meta name=\"author\" content=\"user-manager\" \/>\n<meta name=\"twitter:card\" content=\"summary_large_image\" \/>\n<script type=\"application\/ld+json\" class=\"yoast-schema-graph\">{\"@context\":\"https:\\\/\\\/schema.org\",\"@graph\":[{\"@type\":\"Article\",\"@id\":\"https:\\\/\\\/www.meydan.tv\\\/az\\\/article\\\/qubad-ibadoglu-mal-qaranin-cinsini-deyismekle-iqtisadiyyati-inkisaf-etdirmek-olmaz\\\/#article\",\"isPartOf\":{\"@id\":\"https:\\\/\\\/www.meydan.tv\\\/az\\\/article\\\/qubad-ibadoglu-mal-qaranin-cinsini-deyismekle-iqtisadiyyati-inkisaf-etdirmek-olmaz\\\/\"},\"author\":{\"name\":\"user-manager\",\"@id\":\"https:\\\/\\\/www.meydan.tv\\\/az\\\/#\\\/schema\\\/person\\\/10d11eccf6da3662cf5fdab9806ea91a\"},\"headline\":\"Qubad \u0130bado\u011flu: Mal-qaran\u0131n cinsini d\u0259yi\u015fm\u0259kl\u0259 iqtisadiyyat\u0131 inki\u015faf etdirm\u0259k olmaz\",\"datePublished\":\"2016-10-08T15:12:00+00:00\",\"mainEntityOfPage\":{\"@id\":\"https:\\\/\\\/www.meydan.tv\\\/az\\\/article\\\/qubad-ibadoglu-mal-qaranin-cinsini-deyismekle-iqtisadiyyati-inkisaf-etdirmek-olmaz\\\/\"},\"wordCount\":761,\"publisher\":{\"@id\":\"https:\\\/\\\/www.meydan.tv\\\/az\\\/#organization\"},\"image\":{\"@id\":\"https:\\\/\\\/www.meydan.tv\\\/az\\\/article\\\/qubad-ibadoglu-mal-qaranin-cinsini-deyismekle-iqtisadiyyati-inkisaf-etdirmek-olmaz\\\/#primaryimage\"},\"thumbnailUrl\":\"https:\\\/\\\/www.meydan.tv\\\/wp-content\\\/uploads\\\/26742.jpg\",\"articleSection\":[\"Analitika\"],\"inLanguage\":\"az\"},{\"@type\":\"WebPage\",\"@id\":\"https:\\\/\\\/www.meydan.tv\\\/az\\\/article\\\/qubad-ibadoglu-mal-qaranin-cinsini-deyismekle-iqtisadiyyati-inkisaf-etdirmek-olmaz\\\/\",\"url\":\"https:\\\/\\\/www.meydan.tv\\\/az\\\/article\\\/qubad-ibadoglu-mal-qaranin-cinsini-deyismekle-iqtisadiyyati-inkisaf-etdirmek-olmaz\\\/\",\"name\":\"Qubad \u0130bado\u011flu: Mal-qaran\u0131n cinsini d\u0259yi\u015fm\u0259kl\u0259 iqtisadiyyat\u0131 inki\u015faf etdirm\u0259k olmaz - MEYDAN.TV\",\"isPartOf\":{\"@id\":\"https:\\\/\\\/www.meydan.tv\\\/az\\\/#website\"},\"primaryImageOfPage\":{\"@id\":\"https:\\\/\\\/www.meydan.tv\\\/az\\\/article\\\/qubad-ibadoglu-mal-qaranin-cinsini-deyismekle-iqtisadiyyati-inkisaf-etdirmek-olmaz\\\/#primaryimage\"},\"image\":{\"@id\":\"https:\\\/\\\/www.meydan.tv\\\/az\\\/article\\\/qubad-ibadoglu-mal-qaranin-cinsini-deyismekle-iqtisadiyyati-inkisaf-etdirmek-olmaz\\\/#primaryimage\"},\"thumbnailUrl\":\"https:\\\/\\\/www.meydan.tv\\\/wp-content\\\/uploads\\\/26742.jpg\",\"datePublished\":\"2016-10-08T15:12:00+00:00\",\"breadcrumb\":{\"@id\":\"https:\\\/\\\/www.meydan.tv\\\/az\\\/article\\\/qubad-ibadoglu-mal-qaranin-cinsini-deyismekle-iqtisadiyyati-inkisaf-etdirmek-olmaz\\\/#breadcrumb\"},\"inLanguage\":\"az\",\"potentialAction\":[{\"@type\":\"ReadAction\",\"target\":[\"https:\\\/\\\/www.meydan.tv\\\/az\\\/article\\\/qubad-ibadoglu-mal-qaranin-cinsini-deyismekle-iqtisadiyyati-inkisaf-etdirmek-olmaz\\\/\"]}]},{\"@type\":\"ImageObject\",\"inLanguage\":\"az\",\"@id\":\"https:\\\/\\\/www.meydan.tv\\\/az\\\/article\\\/qubad-ibadoglu-mal-qaranin-cinsini-deyismekle-iqtisadiyyati-inkisaf-etdirmek-olmaz\\\/#primaryimage\",\"url\":\"https:\\\/\\\/www.meydan.tv\\\/wp-content\\\/uploads\\\/26742.jpg\",\"contentUrl\":\"https:\\\/\\\/www.meydan.tv\\\/wp-content\\\/uploads\\\/26742.jpg\",\"width\":852,\"height\":479,\"caption\":\"Source:\"},{\"@type\":\"BreadcrumbList\",\"@id\":\"https:\\\/\\\/www.meydan.tv\\\/az\\\/article\\\/qubad-ibadoglu-mal-qaranin-cinsini-deyismekle-iqtisadiyyati-inkisaf-etdirmek-olmaz\\\/#breadcrumb\",\"itemListElement\":[{\"@type\":\"ListItem\",\"position\":1,\"name\":\"Ana s\u0259hif\u0259\",\"item\":\"https:\\\/\\\/www.meydan.tv\\\/az\\\/\"},{\"@type\":\"ListItem\",\"position\":2,\"name\":\"Analitika\",\"item\":\"https:\\\/\\\/www.meydan.tv\\\/az\\\/section\\\/analitika\\\/\"},{\"@type\":\"ListItem\",\"position\":3,\"name\":\"Qubad \u0130bado\u011flu: Mal-qaran\u0131n cinsini d\u0259yi\u015fm\u0259kl\u0259 iqtisadiyyat\u0131 inki\u015faf etdirm\u0259k olmaz\"}]},{\"@type\":\"WebSite\",\"@id\":\"https:\\\/\\\/www.meydan.tv\\\/az\\\/#website\",\"url\":\"https:\\\/\\\/www.meydan.tv\\\/az\\\/\",\"name\":\"MEYDAN.TV\",\"description\":\"Meydan TV Az\u0259rbaycan\u0131n media m\u0259kan\u0131ndak\u0131 alternativ s\u0259sidir\",\"publisher\":{\"@id\":\"https:\\\/\\\/www.meydan.tv\\\/az\\\/#organization\"},\"potentialAction\":[{\"@type\":\"SearchAction\",\"target\":{\"@type\":\"EntryPoint\",\"urlTemplate\":\"https:\\\/\\\/www.meydan.tv\\\/az\\\/?s={search_term_string}\"},\"query-input\":{\"@type\":\"PropertyValueSpecification\",\"valueRequired\":true,\"valueName\":\"search_term_string\"}}],\"inLanguage\":\"az\"},{\"@type\":\"Organization\",\"@id\":\"https:\\\/\\\/www.meydan.tv\\\/az\\\/#organization\",\"name\":\"Meydan TV\",\"url\":\"https:\\\/\\\/www.meydan.tv\\\/az\\\/\",\"logo\":{\"@type\":\"ImageObject\",\"inLanguage\":\"az\",\"@id\":\"https:\\\/\\\/www.meydan.tv\\\/az\\\/#\\\/schema\\\/logo\\\/image\\\/\",\"url\":\"https:\\\/\\\/www.meydan.tv\\\/wp-content\\\/uploads\\\/2021\\\/07\\\/meydan-logo.svg\",\"contentUrl\":\"https:\\\/\\\/www.meydan.tv\\\/wp-content\\\/uploads\\\/2021\\\/07\\\/meydan-logo.svg\",\"width\":195,\"height\":46,\"caption\":\"Meydan TV\"},\"image\":{\"@id\":\"https:\\\/\\\/www.meydan.tv\\\/az\\\/#\\\/schema\\\/logo\\\/image\\\/\"}},{\"@type\":\"Person\",\"@id\":\"https:\\\/\\\/www.meydan.tv\\\/az\\\/#\\\/schema\\\/person\\\/10d11eccf6da3662cf5fdab9806ea91a\",\"name\":\"user-manager\"}]}<\/script>\n<!-- \/ Yoast SEO plugin. -->","yoast_head_json":{"title":"Qubad \u0130bado\u011flu: Mal-qaran\u0131n cinsini d\u0259yi\u015fm\u0259kl\u0259 iqtisadiyyat\u0131 inki\u015faf etdirm\u0259k olmaz - MEYDAN.TV","robots":{"index":"index","follow":"follow","max-snippet":"max-snippet:-1","max-image-preview":"max-image-preview:large","max-video-preview":"max-video-preview:-1"},"canonical":"https:\/\/www.meydan.tv\/az\/article\/qubad-ibadoglu-mal-qaranin-cinsini-deyismekle-iqtisadiyyati-inkisaf-etdirmek-olmaz\/","og_locale":"az_AZ","og_type":"article","og_title":"Qubad \u0130bado\u011flu: Mal-qaran\u0131n cinsini d\u0259yi\u015fm\u0259kl\u0259 iqtisadiyyat\u0131 inki\u015faf etdirm\u0259k olmaz - MEYDAN.TV","og_description":"''\u00dcmumi daxili m\u0259hsulun 2014-c\u00fc ild\u0259 qeyd\u0259 al\u0131nan 75 milyad dollardan bu ilin sonuna 35 milyard dollara enm\u0259sinin s\u0259b\u0259bi bel\u0259 soru\u015fulmad\u0131''","og_url":"https:\/\/www.meydan.tv\/az\/article\/qubad-ibadoglu-mal-qaranin-cinsini-deyismekle-iqtisadiyyati-inkisaf-etdirmek-olmaz\/","og_site_name":"MEYDAN.TV","article_published_time":"2016-10-08T15:12:00+00:00","og_image":[{"width":852,"height":479,"url":"https:\/\/www.meydan.tv\/wp-content\/uploads\/26742.jpg","type":"image\/jpeg"}],"author":"user-manager","twitter_card":"summary_large_image","schema":{"@context":"https:\/\/schema.org","@graph":[{"@type":"Article","@id":"https:\/\/www.meydan.tv\/az\/article\/qubad-ibadoglu-mal-qaranin-cinsini-deyismekle-iqtisadiyyati-inkisaf-etdirmek-olmaz\/#article","isPartOf":{"@id":"https:\/\/www.meydan.tv\/az\/article\/qubad-ibadoglu-mal-qaranin-cinsini-deyismekle-iqtisadiyyati-inkisaf-etdirmek-olmaz\/"},"author":{"name":"user-manager","@id":"https:\/\/www.meydan.tv\/az\/#\/schema\/person\/10d11eccf6da3662cf5fdab9806ea91a"},"headline":"Qubad \u0130bado\u011flu: Mal-qaran\u0131n cinsini d\u0259yi\u015fm\u0259kl\u0259 iqtisadiyyat\u0131 inki\u015faf etdirm\u0259k olmaz","datePublished":"2016-10-08T15:12:00+00:00","mainEntityOfPage":{"@id":"https:\/\/www.meydan.tv\/az\/article\/qubad-ibadoglu-mal-qaranin-cinsini-deyismekle-iqtisadiyyati-inkisaf-etdirmek-olmaz\/"},"wordCount":761,"publisher":{"@id":"https:\/\/www.meydan.tv\/az\/#organization"},"image":{"@id":"https:\/\/www.meydan.tv\/az\/article\/qubad-ibadoglu-mal-qaranin-cinsini-deyismekle-iqtisadiyyati-inkisaf-etdirmek-olmaz\/#primaryimage"},"thumbnailUrl":"https:\/\/www.meydan.tv\/wp-content\/uploads\/26742.jpg","articleSection":["Analitika"],"inLanguage":"az"},{"@type":"WebPage","@id":"https:\/\/www.meydan.tv\/az\/article\/qubad-ibadoglu-mal-qaranin-cinsini-deyismekle-iqtisadiyyati-inkisaf-etdirmek-olmaz\/","url":"https:\/\/www.meydan.tv\/az\/article\/qubad-ibadoglu-mal-qaranin-cinsini-deyismekle-iqtisadiyyati-inkisaf-etdirmek-olmaz\/","name":"Qubad \u0130bado\u011flu: Mal-qaran\u0131n cinsini d\u0259yi\u015fm\u0259kl\u0259 iqtisadiyyat\u0131 inki\u015faf etdirm\u0259k olmaz - MEYDAN.TV","isPartOf":{"@id":"https:\/\/www.meydan.tv\/az\/#website"},"primaryImageOfPage":{"@id":"https:\/\/www.meydan.tv\/az\/article\/qubad-ibadoglu-mal-qaranin-cinsini-deyismekle-iqtisadiyyati-inkisaf-etdirmek-olmaz\/#primaryimage"},"image":{"@id":"https:\/\/www.meydan.tv\/az\/article\/qubad-ibadoglu-mal-qaranin-cinsini-deyismekle-iqtisadiyyati-inkisaf-etdirmek-olmaz\/#primaryimage"},"thumbnailUrl":"https:\/\/www.meydan.tv\/wp-content\/uploads\/26742.jpg","datePublished":"2016-10-08T15:12:00+00:00","breadcrumb":{"@id":"https:\/\/www.meydan.tv\/az\/article\/qubad-ibadoglu-mal-qaranin-cinsini-deyismekle-iqtisadiyyati-inkisaf-etdirmek-olmaz\/#breadcrumb"},"inLanguage":"az","potentialAction":[{"@type":"ReadAction","target":["https:\/\/www.meydan.tv\/az\/article\/qubad-ibadoglu-mal-qaranin-cinsini-deyismekle-iqtisadiyyati-inkisaf-etdirmek-olmaz\/"]}]},{"@type":"ImageObject","inLanguage":"az","@id":"https:\/\/www.meydan.tv\/az\/article\/qubad-ibadoglu-mal-qaranin-cinsini-deyismekle-iqtisadiyyati-inkisaf-etdirmek-olmaz\/#primaryimage","url":"https:\/\/www.meydan.tv\/wp-content\/uploads\/26742.jpg","contentUrl":"https:\/\/www.meydan.tv\/wp-content\/uploads\/26742.jpg","width":852,"height":479,"caption":"Source:"},{"@type":"BreadcrumbList","@id":"https:\/\/www.meydan.tv\/az\/article\/qubad-ibadoglu-mal-qaranin-cinsini-deyismekle-iqtisadiyyati-inkisaf-etdirmek-olmaz\/#breadcrumb","itemListElement":[{"@type":"ListItem","position":1,"name":"Ana s\u0259hif\u0259","item":"https:\/\/www.meydan.tv\/az\/"},{"@type":"ListItem","position":2,"name":"Analitika","item":"https:\/\/www.meydan.tv\/az\/section\/analitika\/"},{"@type":"ListItem","position":3,"name":"Qubad \u0130bado\u011flu: Mal-qaran\u0131n cinsini d\u0259yi\u015fm\u0259kl\u0259 iqtisadiyyat\u0131 inki\u015faf etdirm\u0259k olmaz"}]},{"@type":"WebSite","@id":"https:\/\/www.meydan.tv\/az\/#website","url":"https:\/\/www.meydan.tv\/az\/","name":"MEYDAN.TV","description":"Meydan TV Az\u0259rbaycan\u0131n media m\u0259kan\u0131ndak\u0131 alternativ s\u0259sidir","publisher":{"@id":"https:\/\/www.meydan.tv\/az\/#organization"},"potentialAction":[{"@type":"SearchAction","target":{"@type":"EntryPoint","urlTemplate":"https:\/\/www.meydan.tv\/az\/?s={search_term_string}"},"query-input":{"@type":"PropertyValueSpecification","valueRequired":true,"valueName":"search_term_string"}}],"inLanguage":"az"},{"@type":"Organization","@id":"https:\/\/www.meydan.tv\/az\/#organization","name":"Meydan TV","url":"https:\/\/www.meydan.tv\/az\/","logo":{"@type":"ImageObject","inLanguage":"az","@id":"https:\/\/www.meydan.tv\/az\/#\/schema\/logo\/image\/","url":"https:\/\/www.meydan.tv\/wp-content\/uploads\/2021\/07\/meydan-logo.svg","contentUrl":"https:\/\/www.meydan.tv\/wp-content\/uploads\/2021\/07\/meydan-logo.svg","width":195,"height":46,"caption":"Meydan TV"},"image":{"@id":"https:\/\/www.meydan.tv\/az\/#\/schema\/logo\/image\/"}},{"@type":"Person","@id":"https:\/\/www.meydan.tv\/az\/#\/schema\/person\/10d11eccf6da3662cf5fdab9806ea91a","name":"user-manager"}]}},"_links":{"self":[{"href":"https:\/\/www.meydan.tv\/az\/wp-json\/wp\/v2\/posts\/179466","targetHints":{"allow":["GET"]}}],"collection":[{"href":"https:\/\/www.meydan.tv\/az\/wp-json\/wp\/v2\/posts"}],"about":[{"href":"https:\/\/www.meydan.tv\/az\/wp-json\/wp\/v2\/types\/post"}],"author":[{"embeddable":true,"href":"https:\/\/www.meydan.tv\/az\/wp-json\/wp\/v2\/users\/11"}],"replies":[{"embeddable":true,"href":"https:\/\/www.meydan.tv\/az\/wp-json\/wp\/v2\/comments?post=179466"}],"version-history":[{"count":0,"href":"https:\/\/www.meydan.tv\/az\/wp-json\/wp\/v2\/posts\/179466\/revisions"}],"wp:featuredmedia":[{"embeddable":true,"href":"https:\/\/www.meydan.tv\/az\/wp-json\/wp\/v2\/media\/69907"}],"wp:attachment":[{"href":"https:\/\/www.meydan.tv\/az\/wp-json\/wp\/v2\/media?parent=179466"}],"wp:term":[{"taxonomy":"category","embeddable":true,"href":"https:\/\/www.meydan.tv\/az\/wp-json\/wp\/v2\/categories?post=179466"},{"taxonomy":"post_tag","embeddable":true,"href":"https:\/\/www.meydan.tv\/az\/wp-json\/wp\/v2\/tags?post=179466"}],"curies":[{"name":"wp","href":"https:\/\/api.w.org\/{rel}","templated":true}]}}