{"id":179456,"date":"2016-10-07T23:50:35","date_gmt":"2016-10-07T23:50:35","guid":{"rendered":"https:\/\/www.meydan.tv\/article\/menim-cinsim-menim-taleyim-2\/"},"modified":"2016-10-07T23:50:35","modified_gmt":"2016-10-07T23:50:35","slug":"menim-cinsim-menim-taleyim-2","status":"publish","type":"post","link":"https:\/\/www.meydan.tv\/az\/article\/menim-cinsim-menim-taleyim-2\/","title":{"rendered":"M\u0259nim cinsim \u2013 m\u0259nim taleyim 2"},"content":{"rendered":"<figure class=\"wp-block-image size-large\">\n  <img decoding=\"async\" src=\"https:\/\/www.meydan.tv\/az\/gunel-movlud-3\/\" alt=\"G\u00fcnel M\u00f6vlud\" class=\"wp-image-67667\"\/><figcaption>\n    G\u00fcnel M\u00f6vlud<br \/>\n  <\/figcaption><\/figure>\n<figure class=\"wp-block-image size-large\">\n  <img decoding=\"async\" src=\"https:\/\/www.meydan.tv\/az\/gunel-movlud-banner\/\" alt=\"G\u00fcnel M\u00f6vlud &#8211; Banner\" class=\"wp-image-65612\"\/><figcaption>\n    G\u00fcnel M\u00f6vlud &#8211; Banner<br \/>\n  <\/figcaption><\/figure>\n<p>\n  D\u0259f\u0259l\u0259rl\u0259 \u015fahidi olmu\u015fam ki, ki\u015fi tan\u0131\u015flar\u0131m, dostlar\u0131m, yax\u0131nlar\u0131m oturub \u018ffqan\u0131standa, Hindistanda, Pakistanda, \u0130randa v\u0259 dig\u0259r \u00f6lk\u0259l\u0259rd\u0259 qad\u0131nlara edil\u0259n haqs\u0131zl\u0131qdan dan\u0131\u015f\u0131rlar. M\u0259s\u0259l\u0259y\u0259 sivil m\u00fcnasib\u0259tl\u0259r, b\u0259\u015f\u0259ri d\u0259y\u0259rl\u0259r kontekstind\u0259n yana\u015faraq, heyr\u0259tl\u0259nirl\u0259r ki, qad\u0131na qar\u015f\u0131 nec\u0259 bel\u0259 davranmaq olar? Onu nec\u0259 zorla qaraya b\u00fcr\u00fcm\u0259k, 13 ya\u015f\u0131nda zorla \u0259r\u0259 verm\u0259k, \u00fcz\u00fcn\u0259 kimy\u0259vi m\u0259hlul atmaq, zinaya v\u0259 ya ehtimal\u0131na g\u00f6r\u0259 da\u015flamaq olar? Onlar s\u0259mimi \u015f\u0259kild\u0259 t\u0259\u0259cc\u00fcbl\u0259nirl\u0259r ki, nec\u0259 olur, bu \u00f6lk\u0259l\u0259rin ki\u015fil\u0259ri bir cins\u0259 qar\u015f\u0131 bu q\u0259d\u0259r q\u0259ddar davrana bilir?\n<\/p>\n<p>\n  Amma bu m\u00fczakir\u0259l\u0259r getdiyi m\u00fcdd\u0259td\u0259 5 d\u0259f\u0259 st\u0259kanlar\u0131n\u0131 otaqdak\u0131 qad\u0131na uzad\u0131rlar ki, \u00e7ay s\u00fczs\u00fcn. K\u00fclqab\u0131 yoxdursa, otaqdak\u0131 qad\u0131ndan ist\u0259yirl\u0259r \u2013 \u00f6zl\u0259ri durub k\u00fclqab\u0131n\u0131 g\u0259tir\u0259 bilm\u0259z. N\u0259s\u0259 haz\u0131rlanmal\u0131d\u0131rsa, bunu m\u00fctl\u0259q qad\u0131n el\u0259m\u0259lidir. Ax\u0131 bu, onlar \u00fc\u00e7\u00fcn t\u0259biidir. Onlar do\u011fulandan buna \u00f6yr\u0259\u015fibl\u0259r. M\u00fcnasib\u0259tl\u0259rin tamam ba\u015fqa c\u00fcr formala\u015fd\u0131\u011f\u0131 \u00f6lk\u0259l\u0259r\u0259 ya\u015fama\u011fa ged\u0259nd\u0259 d\u0259, bu \u0259n\u0259n\u0259ni orda davam etdirirl\u0259r. Soru\u015fanda ki, yax\u015f\u0131, s\u0259n i\u015f b\u00f6lg\u00fcs\u00fcn\u00fcn b\u0259rab\u0259r b\u00f6l\u00fcnd\u00fcy\u00fc bir c\u0259miyy\u0259td\u0259 ya\u015famaq ist\u0259yirs\u0259n, amma \u00f6z\u00fcn niy\u0259 \u0259m\u0259l etmirs\u0259n, deyirl\u0259r, bel\u0259 \u00f6yr\u0259\u015fmi\u015fik.\n<\/p>\n<p>\n  Do\u011frudur. Amma qad\u0131na m\u00fcnasib\u0259til\u0259 sizi heyr\u0259tl\u0259ndir\u0259n \u00f6lk\u0259l\u0259rd\u0259n Avropaya, Amerikaya k\u00f6\u00e7\u0259nl\u0259r d\u0259 el\u0259 \u00f6yr\u0259\u015fibl\u0259r.\n<\/p>\n<p>\n  Biz qad\u0131nlar da \u00f6z\u00fcm\u00fcz\u00fc, v\u0259ziyy\u0259timizi adlar\u0131 sadalanan v\u0259 sadalanmayan o \u00f6lk\u0259l\u0259rd\u0259ki qad\u0131nlar\u0131n h\u00fcquq v\u0259 azadl\u0131\u011f\u0131, durumlar\u0131 il\u0259 m\u00fcqayis\u0259 edirik. D\u00fc\u015f\u00fcn\u00fcr\u00fck ki, \u018ffqan\u0131standa g\u00f6zl\u0259rin\u0259 q\u0259d\u0259r hicaba b\u00fcr\u00fcn\u0259n, \u0130randa zorlanma qurban\u0131 olanda zorlayan\u0131n \u0259v\u0259zin\u0259 \u00f6z\u00fc dara \u00e7\u0259kil\u0259n, Pakistanda \u0259n x\u0131rda ita\u0259tsizlik zaman\u0131 \u00fczl\u0259rin\u0259 kimy\u0259vi m\u0259hlul at\u0131b yand\u0131r\u0131lan, Hindistanda d\u00f6rd qarda\u015f \u00fc\u00e7\u00fcn bir h\u0259yat yolda\u015f\u0131 kimi al\u0131nan, m\u00fcxt\u0259lif \u00f6lk\u0259l\u0259rd\u0259 s\u00fcnn\u0259t edil\u0259n v\u0259 s. olmaz\u0131n z\u00fcl\u00fcml\u0259r\u0259 qatlanan qad\u0131nlara nisb\u0259t\u0259n daha yax\u015f\u0131 ya\u015fay\u0131r\u0131q.\n<\/p>\n<p>\n  H\u0259m\u00e7inin, \u00f6z toplumlar\u0131m\u0131zdan olan ki\u015fil\u0259rin b\u00f6y\u00fck \u00e7oxlu\u011funu yuxar\u0131da sadalanan v\u0259 sadalanmayan \u00f6lk\u0259l\u0259rd\u0259 ki\u015fil\u0259rin qad\u0131n haqlar\u0131na yana\u015fmas\u0131 il\u0259 m\u00fcqayis\u0259 edir v\u0259 \u00f6z\u00fcm\u00fcz\u00fcnk\u00fcl\u0259r\u0259 \u00fcst\u00fcnl\u00fck veririk. Biz\u0259 el\u0259 g\u0259lir ki, h\u0259min \u00f6lk\u0259l\u0259rin ki\u015fil\u0259rinin b\u00f6y\u00fck \u00e7oxlu\u011fu bizim toplumlardak\u0131 \u0259ks cinsin b\u00f6y\u00fck \u00e7oxlu\u011fu il\u0259 m\u00fcqayis\u0259d\u0259 v\u0259h\u015fi v\u0259 ya bizimkil\u0259r onlar\u0131n yan\u0131nda qad\u0131na qar\u015f\u0131 olduqca say\u011f\u0131l\u0131d\u0131rlar.<br \/>\n  <br \/>\n  Bel\u0259 deyil. \u00d6z cinsim, tarix boyu s\u0131rf cinsimiz\u0259 g\u00f6r\u0259 g\u00f6rd\u00fcy\u00fcm\u00fcz, qatla\u015fd\u0131\u011f\u0131m\u0131z v\u0259 qatla\u015fmaqda oldu\u011fumuz \u0259dal\u0259tsizliy\u0259, b\u0259rab\u0259rsizliy\u0259, huquq tapdanmas\u0131na baxanda, bu bar\u0259d\u0259 uzun-uzad\u0131 g\u00f6t\u00fcr-qoy etdikd\u0259, bu n\u0259tic\u0259y\u0259 g\u0259lir\u0259m ki, q\u0259tiyy\u0259n bel\u0259 deyil.\n<\/p>\n<p>\n  Sadalad\u0131\u011f\u0131m\u0131z \u00f6lk\u0259l\u0259rd\u0259 sad\u0259 insanlar\u0131n v\u0259 bizim kimi toplumlarda ki\u015fil\u0259rin t\u0259hsil imkanlar\u0131n\u0131, insan haqlar\u0131 bar\u0259d\u0259 detall\u0131 informasiyaya \u00e7\u0131x\u0131\u015f\u0131n\u0131 n\u0259z\u0259r\u0259 alanda, v\u0259ziyy\u0259tin he\u00e7 d\u0259 bizim xeyrimiz\u0259 olmad\u0131\u011f\u0131n\u0131 g\u00f6rm\u0259l asand\u0131r.\n<\/p>\n<p>\n  Sad\u0259c\u0259, bizim cins olaraq \u00f6z g\u00fcnah\u0131m\u0131zd\u0131r ki, biz \u00f6z h\u00fcquq v\u0259 b\u0259rab\u0259rliyimizi tam \u015f\u0259kild\u0259, mental s\u0259viyy\u0259d\u0259, t\u0259bii hal kimi q\u0259bul ed\u0259 bilmirik. Biz \u00f6z haqlar\u0131m\u0131z\u0131 &#8220;evd\u0259 v\u0259 i\u015fd\u0259&#8221;, &#8220;\u00f6z aram\u0131zda v\u0259 adam aras\u0131nda&#8221; v\u0259 s. t\u0259snifatlara ay\u0131r\u0131r\u0131q. Evd\u0259, ail\u0259d\u0259 \u00f6z haqlar\u0131m\u0131za \u00f6z\u00fcm\u00fcz ri\u015fx\u0259nd, ironiya il\u0259, barmaqaras\u0131 bax\u0131r\u0131q. Biz \u00f6z azadl\u0131\u011f\u0131m\u0131z\u0131 m\u00fctl\u0259q \u015f\u0259kild\u0259 q\u0259bul ed\u0259 bilmirik. Biz t\u0259m\u0259l haqq\u0131m\u0131z olan azadl\u011f\u0131m\u0131za, qanunun biz\u0259 verdiyi m\u00fctl\u0259q v\u0259 qeyd-\u015f\u0259rtsiz b\u0259rab\u0259rliy\u0259 \u0259n\u0259n\u0259l\u0259rd\u0259n, mentalitetd\u0259n, lokal, biz\u0259 ba\u015fqalar\u0131 t\u0259r\u0259find\u0259n s\u0131r\u0131nan \u0259xlaqdan m\u00fcxt\u0259lif dar donlar bi\u00e7irik. Tam v\u0259 m\u00fctl\u0259q azadl\u0131q biz\u0259 n\u0259s\u0259 ay\u0131b, \u0259xlaqs\u0131z, qorxulu bir \u015fey kimi g\u0259lir.\n<\/p>\n<p>\n  Biz \u00f6z azadl\u0131\u011f\u0131m\u0131z\u0131 c\u0259miyy\u0259tin g\u00f6z\u00fcnd\u0259 u\u011furlu qad\u0131nlar kimi tan\u0131nmaq, q\u0259bul edilm\u0259k \u00fc\u00e7\u00fcn &#8220;h\u0259yat yolda\u015f\u0131&#8221; kimi sosial statusa, ki\u015fil\u0259rin maddi qay\u011f\u0131s\u0131na, psixoloji himay\u0259sin\u0259 qurban verm\u0259y\u0259 raz\u0131 oluruq. Bizim azadl\u0131\u011f\u0131m\u0131z\u0131 sona q\u0259d\u0259r q\u0259bul etm\u0259y\u0259n insanlarla bir evd\u0259 ya\u015fay\u0131r, h\u0259r g\u00fcn haqlar\u0131m\u0131z\u0131n tapdanmas\u0131na, azadl\u0131\u011f\u0131m\u0131z\u0131n m\u0259hdudla\u015fd\u0131r\u0131lmas\u0131na g\u00f6z yumur, raz\u0131 oluruq. Q\u0259bul ed\u0259 bilmirik ki, bizim azadl\u0131\u011f\u0131m\u0131z m\u00fctl\u0259qdir, b\u0259rab\u0259rliyimiz m\u00fctl\u0259qdir v\u0259 bu m\u00fctl\u0259qlik &#8220;el\u0259dir, amma&#8230;&#8221; kimi ba\u011flay\u0131c\u0131lar\u0131 q\u0259bul etmir. \u00c7oxumuz bu azadl\u0131\u011fa haz\u0131r deyilik.\n<\/p>\n<p>\n  \u00d6z azadl\u0131q v\u0259 b\u0259rab\u0259rliyimiz\u0259 haz\u0131r olmad\u0131\u011f\u0131m\u0131z \u00fc\u00e7\u00fcn d\u0259, bizi m\u0259i\u015f\u0259t qulluq\u00e7usu ed\u0259n, evd\u0259n \u00e7\u0131xma\u011f\u0131m\u0131za, t\u0259hsil alma\u011f\u0131m\u0131za, \u0259yl\u0259nc\u0259miz\u0259 qada\u011falar v\u0259 m\u0259hdudiyy\u0259tl\u0259r qoyan ki\u015fil\u0259ri \u018ffqan\u0131standa, Pakistanda, \u0130randa, Malid\u0259 v\u0259 onlarla ba\u015fqa \u00f6lk\u0259l\u0259rd\u0259 qad\u0131na \u0259zab, i\u015fg\u0259nc\u0259 ver\u0259n, t\u0259hqir ed\u0259n insanlarla m\u00fcqayis\u0259 edir v\u0259 \u00fcst\u00fcnl\u00fck veririk.\n<\/p>\n<p>\n  Halbuki, g\u00f6z\u00fcn\u00fc a\u00e7\u0131b, \u00fcz\u00fcn\u0259 kimy\u0259vi m\u0259hlul at\u0131lan anas\u0131n\u0131n o m\u0259hlulu atan atas\u0131yla bir evd\u0259 ya\u015fad\u0131\u011f\u0131n\u0131 g\u00f6r\u0259r\u0259k, eyni \u015feyl\u0259ri t\u0259krarlayan ki\u015fil\u0259rl\u0259, g\u00f6z\u00fcn\u00fc a\u00e7\u0131b evd\u0259 yem\u0259yini, paltar\u0131ni, bula\u015f\u0131\u011f\u0131n\u0131, u\u015fa\u011f\u0131n qay\u011f\u0131s\u0131n\u0131 qad\u0131n\u0131n \u00e7\u0259kdiyini g\u00f6rd\u00fcy\u00fc \u00fc\u00e7\u00fcn bunu mental olaraq bel\u0259 q\u0259bul ed\u0259n ki\u015fil\u0259r aras\u0131nda f\u0259rq yoxdur. Dem\u0259li, biz bu ki\u015fil\u0259rl\u0259 \u018ffqan\u0131standa, Pakistanda, Malid\u0259, \u0130randa, Hindistanda ya\u015fasayd\u0131q, onlar bizi s\u00fcnn\u0259t ed\u0259c\u0259k, k\u00fctl\u0259vi \u015f\u0259kild\u0259 zorlayacaq, krandan asacaq, \u00fcz\u00fcm\u00fcz\u0259 m\u0259hlul at\u0131b yand\u0131racaqd\u0131lar.<\/p>\n","protected":false},"excerpt":{"rendered":"<p>Ki\u015fi tan\u0131\u015flar\u0131m, dostlar\u0131m, yax\u0131nlar\u0131m oturub \u018ffqan\u0131standa, Hindistanda, Pakistanda, \u0130randa v\u0259 dig\u0259r \u00f6lk\u0259l\u0259rd\u0259 qad\u0131nlara edil\u0259n haqs\u0131zl\u0131qdan dan\u0131\u015f\u0131rlar<\/p>\n","protected":false},"author":11,"featured_media":67667,"comment_status":"closed","ping_status":"open","sticky":false,"template":"","format":"standard","meta":{"_acf_changed":false,"_sitemap_exclude":false,"_sitemap_priority":"","_sitemap_frequency":"","footnotes":""},"categories":[57],"tags":[],"class_list":["post-179456","post","type-post","status-publish","format-standard","has-post-thumbnail","hentry","category-menim-fikrimce","infinite-scroll-item","generate-columns","tablet-grid-50","mobile-grid-100","grid-parent","grid-33","no-featured-image-padding"],"acf":[],"yoast_head":"<!-- This site is optimized with the Yoast SEO plugin v27.5 - https:\/\/yoast.com\/product\/yoast-seo-wordpress\/ -->\n<title>M\u0259nim cinsim \u2013 m\u0259nim taleyim 2 - MEYDAN.TV<\/title>\n<meta name=\"robots\" content=\"index, follow, max-snippet:-1, max-image-preview:large, max-video-preview:-1\" \/>\n<link rel=\"canonical\" href=\"https:\/\/www.meydan.tv\/az\/article\/menim-cinsim-menim-taleyim-2\/\" \/>\n<meta property=\"og:locale\" content=\"az_AZ\" \/>\n<meta property=\"og:type\" content=\"article\" \/>\n<meta property=\"og:title\" content=\"M\u0259nim cinsim \u2013 m\u0259nim taleyim 2 - MEYDAN.TV\" \/>\n<meta property=\"og:description\" content=\"Ki\u015fi tan\u0131\u015flar\u0131m, dostlar\u0131m, yax\u0131nlar\u0131m oturub \u018ffqan\u0131standa, Hindistanda, Pakistanda, \u0130randa v\u0259 dig\u0259r \u00f6lk\u0259l\u0259rd\u0259 qad\u0131nlara edil\u0259n haqs\u0131zl\u0131qdan dan\u0131\u015f\u0131rlar\" \/>\n<meta property=\"og:url\" content=\"https:\/\/www.meydan.tv\/az\/article\/menim-cinsim-menim-taleyim-2\/\" \/>\n<meta property=\"og:site_name\" content=\"MEYDAN.TV\" \/>\n<meta property=\"article:published_time\" content=\"2016-10-07T23:50:35+00:00\" \/>\n<meta property=\"og:image\" content=\"https:\/\/www.meydan.tv\/wp-content\/uploads\/25855.jpg\" \/>\n\t<meta property=\"og:image:width\" content=\"500\" \/>\n\t<meta property=\"og:image:height\" content=\"500\" \/>\n\t<meta property=\"og:image:type\" content=\"image\/jpeg\" \/>\n<meta name=\"author\" content=\"user-manager\" \/>\n<meta name=\"twitter:card\" content=\"summary_large_image\" \/>\n<script type=\"application\/ld+json\" class=\"yoast-schema-graph\">{\"@context\":\"https:\\\/\\\/schema.org\",\"@graph\":[{\"@type\":\"Article\",\"@id\":\"https:\\\/\\\/www.meydan.tv\\\/az\\\/article\\\/menim-cinsim-menim-taleyim-2\\\/#article\",\"isPartOf\":{\"@id\":\"https:\\\/\\\/www.meydan.tv\\\/az\\\/article\\\/menim-cinsim-menim-taleyim-2\\\/\"},\"author\":{\"name\":\"user-manager\",\"@id\":\"https:\\\/\\\/www.meydan.tv\\\/az\\\/#\\\/schema\\\/person\\\/10d11eccf6da3662cf5fdab9806ea91a\"},\"headline\":\"M\u0259nim cinsim \u2013 m\u0259nim taleyim 2\",\"datePublished\":\"2016-10-07T23:50:35+00:00\",\"mainEntityOfPage\":{\"@id\":\"https:\\\/\\\/www.meydan.tv\\\/az\\\/article\\\/menim-cinsim-menim-taleyim-2\\\/\"},\"wordCount\":1127,\"publisher\":{\"@id\":\"https:\\\/\\\/www.meydan.tv\\\/az\\\/#organization\"},\"image\":{\"@id\":\"https:\\\/\\\/www.meydan.tv\\\/az\\\/article\\\/menim-cinsim-menim-taleyim-2\\\/#primaryimage\"},\"thumbnailUrl\":\"https:\\\/\\\/www.meydan.tv\\\/wp-content\\\/uploads\\\/25855.jpg\",\"articleSection\":[\"M\u0259nim Fikrimc\u0259\"],\"inLanguage\":\"az\"},{\"@type\":\"WebPage\",\"@id\":\"https:\\\/\\\/www.meydan.tv\\\/az\\\/article\\\/menim-cinsim-menim-taleyim-2\\\/\",\"url\":\"https:\\\/\\\/www.meydan.tv\\\/az\\\/article\\\/menim-cinsim-menim-taleyim-2\\\/\",\"name\":\"M\u0259nim cinsim \u2013 m\u0259nim taleyim 2 - MEYDAN.TV\",\"isPartOf\":{\"@id\":\"https:\\\/\\\/www.meydan.tv\\\/az\\\/#website\"},\"primaryImageOfPage\":{\"@id\":\"https:\\\/\\\/www.meydan.tv\\\/az\\\/article\\\/menim-cinsim-menim-taleyim-2\\\/#primaryimage\"},\"image\":{\"@id\":\"https:\\\/\\\/www.meydan.tv\\\/az\\\/article\\\/menim-cinsim-menim-taleyim-2\\\/#primaryimage\"},\"thumbnailUrl\":\"https:\\\/\\\/www.meydan.tv\\\/wp-content\\\/uploads\\\/25855.jpg\",\"datePublished\":\"2016-10-07T23:50:35+00:00\",\"breadcrumb\":{\"@id\":\"https:\\\/\\\/www.meydan.tv\\\/az\\\/article\\\/menim-cinsim-menim-taleyim-2\\\/#breadcrumb\"},\"inLanguage\":\"az\",\"potentialAction\":[{\"@type\":\"ReadAction\",\"target\":[\"https:\\\/\\\/www.meydan.tv\\\/az\\\/article\\\/menim-cinsim-menim-taleyim-2\\\/\"]}]},{\"@type\":\"ImageObject\",\"inLanguage\":\"az\",\"@id\":\"https:\\\/\\\/www.meydan.tv\\\/az\\\/article\\\/menim-cinsim-menim-taleyim-2\\\/#primaryimage\",\"url\":\"https:\\\/\\\/www.meydan.tv\\\/wp-content\\\/uploads\\\/25855.jpg\",\"contentUrl\":\"https:\\\/\\\/www.meydan.tv\\\/wp-content\\\/uploads\\\/25855.jpg\",\"width\":500,\"height\":500,\"caption\":\"Source:\"},{\"@type\":\"BreadcrumbList\",\"@id\":\"https:\\\/\\\/www.meydan.tv\\\/az\\\/article\\\/menim-cinsim-menim-taleyim-2\\\/#breadcrumb\",\"itemListElement\":[{\"@type\":\"ListItem\",\"position\":1,\"name\":\"Ana s\u0259hif\u0259\",\"item\":\"https:\\\/\\\/www.meydan.tv\\\/az\\\/\"},{\"@type\":\"ListItem\",\"position\":2,\"name\":\"M\u0259nim Fikrimc\u0259\",\"item\":\"https:\\\/\\\/www.meydan.tv\\\/az\\\/section\\\/menim-fikrimce\\\/\"},{\"@type\":\"ListItem\",\"position\":3,\"name\":\"M\u0259nim cinsim \u2013 m\u0259nim taleyim 2\"}]},{\"@type\":\"WebSite\",\"@id\":\"https:\\\/\\\/www.meydan.tv\\\/az\\\/#website\",\"url\":\"https:\\\/\\\/www.meydan.tv\\\/az\\\/\",\"name\":\"MEYDAN.TV\",\"description\":\"Meydan TV Az\u0259rbaycan\u0131n media m\u0259kan\u0131ndak\u0131 alternativ s\u0259sidir\",\"publisher\":{\"@id\":\"https:\\\/\\\/www.meydan.tv\\\/az\\\/#organization\"},\"potentialAction\":[{\"@type\":\"SearchAction\",\"target\":{\"@type\":\"EntryPoint\",\"urlTemplate\":\"https:\\\/\\\/www.meydan.tv\\\/az\\\/?s={search_term_string}\"},\"query-input\":{\"@type\":\"PropertyValueSpecification\",\"valueRequired\":true,\"valueName\":\"search_term_string\"}}],\"inLanguage\":\"az\"},{\"@type\":\"Organization\",\"@id\":\"https:\\\/\\\/www.meydan.tv\\\/az\\\/#organization\",\"name\":\"Meydan TV\",\"url\":\"https:\\\/\\\/www.meydan.tv\\\/az\\\/\",\"logo\":{\"@type\":\"ImageObject\",\"inLanguage\":\"az\",\"@id\":\"https:\\\/\\\/www.meydan.tv\\\/az\\\/#\\\/schema\\\/logo\\\/image\\\/\",\"url\":\"https:\\\/\\\/www.meydan.tv\\\/wp-content\\\/uploads\\\/2021\\\/07\\\/meydan-logo.svg\",\"contentUrl\":\"https:\\\/\\\/www.meydan.tv\\\/wp-content\\\/uploads\\\/2021\\\/07\\\/meydan-logo.svg\",\"width\":195,\"height\":46,\"caption\":\"Meydan TV\"},\"image\":{\"@id\":\"https:\\\/\\\/www.meydan.tv\\\/az\\\/#\\\/schema\\\/logo\\\/image\\\/\"}},{\"@type\":\"Person\",\"@id\":\"https:\\\/\\\/www.meydan.tv\\\/az\\\/#\\\/schema\\\/person\\\/10d11eccf6da3662cf5fdab9806ea91a\",\"name\":\"user-manager\"}]}<\/script>\n<!-- \/ Yoast SEO plugin. -->","yoast_head_json":{"title":"M\u0259nim cinsim \u2013 m\u0259nim taleyim 2 - MEYDAN.TV","robots":{"index":"index","follow":"follow","max-snippet":"max-snippet:-1","max-image-preview":"max-image-preview:large","max-video-preview":"max-video-preview:-1"},"canonical":"https:\/\/www.meydan.tv\/az\/article\/menim-cinsim-menim-taleyim-2\/","og_locale":"az_AZ","og_type":"article","og_title":"M\u0259nim cinsim \u2013 m\u0259nim taleyim 2 - MEYDAN.TV","og_description":"Ki\u015fi tan\u0131\u015flar\u0131m, dostlar\u0131m, yax\u0131nlar\u0131m oturub \u018ffqan\u0131standa, Hindistanda, Pakistanda, \u0130randa v\u0259 dig\u0259r \u00f6lk\u0259l\u0259rd\u0259 qad\u0131nlara edil\u0259n haqs\u0131zl\u0131qdan dan\u0131\u015f\u0131rlar","og_url":"https:\/\/www.meydan.tv\/az\/article\/menim-cinsim-menim-taleyim-2\/","og_site_name":"MEYDAN.TV","article_published_time":"2016-10-07T23:50:35+00:00","og_image":[{"width":500,"height":500,"url":"https:\/\/www.meydan.tv\/wp-content\/uploads\/25855.jpg","type":"image\/jpeg"}],"author":"user-manager","twitter_card":"summary_large_image","schema":{"@context":"https:\/\/schema.org","@graph":[{"@type":"Article","@id":"https:\/\/www.meydan.tv\/az\/article\/menim-cinsim-menim-taleyim-2\/#article","isPartOf":{"@id":"https:\/\/www.meydan.tv\/az\/article\/menim-cinsim-menim-taleyim-2\/"},"author":{"name":"user-manager","@id":"https:\/\/www.meydan.tv\/az\/#\/schema\/person\/10d11eccf6da3662cf5fdab9806ea91a"},"headline":"M\u0259nim cinsim \u2013 m\u0259nim taleyim 2","datePublished":"2016-10-07T23:50:35+00:00","mainEntityOfPage":{"@id":"https:\/\/www.meydan.tv\/az\/article\/menim-cinsim-menim-taleyim-2\/"},"wordCount":1127,"publisher":{"@id":"https:\/\/www.meydan.tv\/az\/#organization"},"image":{"@id":"https:\/\/www.meydan.tv\/az\/article\/menim-cinsim-menim-taleyim-2\/#primaryimage"},"thumbnailUrl":"https:\/\/www.meydan.tv\/wp-content\/uploads\/25855.jpg","articleSection":["M\u0259nim Fikrimc\u0259"],"inLanguage":"az"},{"@type":"WebPage","@id":"https:\/\/www.meydan.tv\/az\/article\/menim-cinsim-menim-taleyim-2\/","url":"https:\/\/www.meydan.tv\/az\/article\/menim-cinsim-menim-taleyim-2\/","name":"M\u0259nim cinsim \u2013 m\u0259nim taleyim 2 - MEYDAN.TV","isPartOf":{"@id":"https:\/\/www.meydan.tv\/az\/#website"},"primaryImageOfPage":{"@id":"https:\/\/www.meydan.tv\/az\/article\/menim-cinsim-menim-taleyim-2\/#primaryimage"},"image":{"@id":"https:\/\/www.meydan.tv\/az\/article\/menim-cinsim-menim-taleyim-2\/#primaryimage"},"thumbnailUrl":"https:\/\/www.meydan.tv\/wp-content\/uploads\/25855.jpg","datePublished":"2016-10-07T23:50:35+00:00","breadcrumb":{"@id":"https:\/\/www.meydan.tv\/az\/article\/menim-cinsim-menim-taleyim-2\/#breadcrumb"},"inLanguage":"az","potentialAction":[{"@type":"ReadAction","target":["https:\/\/www.meydan.tv\/az\/article\/menim-cinsim-menim-taleyim-2\/"]}]},{"@type":"ImageObject","inLanguage":"az","@id":"https:\/\/www.meydan.tv\/az\/article\/menim-cinsim-menim-taleyim-2\/#primaryimage","url":"https:\/\/www.meydan.tv\/wp-content\/uploads\/25855.jpg","contentUrl":"https:\/\/www.meydan.tv\/wp-content\/uploads\/25855.jpg","width":500,"height":500,"caption":"Source:"},{"@type":"BreadcrumbList","@id":"https:\/\/www.meydan.tv\/az\/article\/menim-cinsim-menim-taleyim-2\/#breadcrumb","itemListElement":[{"@type":"ListItem","position":1,"name":"Ana s\u0259hif\u0259","item":"https:\/\/www.meydan.tv\/az\/"},{"@type":"ListItem","position":2,"name":"M\u0259nim Fikrimc\u0259","item":"https:\/\/www.meydan.tv\/az\/section\/menim-fikrimce\/"},{"@type":"ListItem","position":3,"name":"M\u0259nim cinsim \u2013 m\u0259nim taleyim 2"}]},{"@type":"WebSite","@id":"https:\/\/www.meydan.tv\/az\/#website","url":"https:\/\/www.meydan.tv\/az\/","name":"MEYDAN.TV","description":"Meydan TV Az\u0259rbaycan\u0131n media m\u0259kan\u0131ndak\u0131 alternativ s\u0259sidir","publisher":{"@id":"https:\/\/www.meydan.tv\/az\/#organization"},"potentialAction":[{"@type":"SearchAction","target":{"@type":"EntryPoint","urlTemplate":"https:\/\/www.meydan.tv\/az\/?s={search_term_string}"},"query-input":{"@type":"PropertyValueSpecification","valueRequired":true,"valueName":"search_term_string"}}],"inLanguage":"az"},{"@type":"Organization","@id":"https:\/\/www.meydan.tv\/az\/#organization","name":"Meydan TV","url":"https:\/\/www.meydan.tv\/az\/","logo":{"@type":"ImageObject","inLanguage":"az","@id":"https:\/\/www.meydan.tv\/az\/#\/schema\/logo\/image\/","url":"https:\/\/www.meydan.tv\/wp-content\/uploads\/2021\/07\/meydan-logo.svg","contentUrl":"https:\/\/www.meydan.tv\/wp-content\/uploads\/2021\/07\/meydan-logo.svg","width":195,"height":46,"caption":"Meydan TV"},"image":{"@id":"https:\/\/www.meydan.tv\/az\/#\/schema\/logo\/image\/"}},{"@type":"Person","@id":"https:\/\/www.meydan.tv\/az\/#\/schema\/person\/10d11eccf6da3662cf5fdab9806ea91a","name":"user-manager"}]}},"_links":{"self":[{"href":"https:\/\/www.meydan.tv\/az\/wp-json\/wp\/v2\/posts\/179456","targetHints":{"allow":["GET"]}}],"collection":[{"href":"https:\/\/www.meydan.tv\/az\/wp-json\/wp\/v2\/posts"}],"about":[{"href":"https:\/\/www.meydan.tv\/az\/wp-json\/wp\/v2\/types\/post"}],"author":[{"embeddable":true,"href":"https:\/\/www.meydan.tv\/az\/wp-json\/wp\/v2\/users\/11"}],"replies":[{"embeddable":true,"href":"https:\/\/www.meydan.tv\/az\/wp-json\/wp\/v2\/comments?post=179456"}],"version-history":[{"count":0,"href":"https:\/\/www.meydan.tv\/az\/wp-json\/wp\/v2\/posts\/179456\/revisions"}],"wp:featuredmedia":[{"embeddable":true,"href":"https:\/\/www.meydan.tv\/az\/wp-json\/wp\/v2\/media\/67667"}],"wp:attachment":[{"href":"https:\/\/www.meydan.tv\/az\/wp-json\/wp\/v2\/media?parent=179456"}],"wp:term":[{"taxonomy":"category","embeddable":true,"href":"https:\/\/www.meydan.tv\/az\/wp-json\/wp\/v2\/categories?post=179456"},{"taxonomy":"post_tag","embeddable":true,"href":"https:\/\/www.meydan.tv\/az\/wp-json\/wp\/v2\/tags?post=179456"}],"curies":[{"name":"wp","href":"https:\/\/api.w.org\/{rel}","templated":true}]}}