{"id":179431,"date":"2016-10-07T15:55:23","date_gmt":"2016-10-07T15:55:23","guid":{"rendered":"https:\/\/www.meydan.tv\/article\/sergey-markov-torpaqlarin-bir-qismi-qaytarila-bilerdi\/"},"modified":"2016-10-07T15:55:23","modified_gmt":"2016-10-07T15:55:23","slug":"sergey-markov-torpaqlarin-bir-qismi-qaytarila-bilerdi","status":"publish","type":"post","link":"https:\/\/www.meydan.tv\/az\/article\/sergey-markov-torpaqlarin-bir-qismi-qaytarila-bilerdi\/","title":{"rendered":"Sergey Markov: Torpaqlar\u0131n bir qismi qaytar\u0131la bil\u0259rdi"},"content":{"rendered":"<figure class=\"wp-block-image size-large\">\n  <img decoding=\"async\" src=\"https:\/\/www.meydan.tv\/az\/sergey-markov-foto-sosial-sebeke\/\" alt=\"Sergey Markov foto sosial \u015f\u0259b\u0259k\u0259\" class=\"wp-image-69784\"\/><figcaption>\n    Sergey Markov foto sosial \u015f\u0259b\u0259k\u0259<br \/>\n  <\/figcaption><\/figure>\n<p>\n  <i><br \/>\n    Az\u0259rbaycanl\u0131 siyasi \u015f\u0259rh\u00e7il\u0259r Qaraba\u011f m\u00fcnaqi\u015f\u0259sinin h\u0259lli \u00fc\u00e7\u00fcn he\u00e7 bir variant\u0131n &#8221;m\u00f6vcud&#8221; olmad\u0131\u011f\u0131 q\u0259na\u0259tind\u0259dirl\u0259r<br \/>\n  <\/i>\n<\/p>\n<p>\n  \u201cAz\u0259rbaycan\u0131n \u00fczl\u0259\u015fdiyi \u0259sas problem Qaraba\u011f m\u00fcnaqi\u015f\u0259sidir. Bu il Kazan formulu \u0259sas\u0131nda Qaraba\u011f m\u00fcnaqi\u015f\u0259sinin h\u0259llind\u0259 b\u00f6y\u00fck ir\u0259lil\u0259yi\u015f \u0259ld\u0259 oluna bil\u0259rdi. Torpaqlar\u0131n bir qisminin qaytar\u0131lmas\u0131 m\u00fcqabilind\u0259 Erm\u0259nistan\u0131n blokadas\u0131 aradan qald\u0131r\u0131la bil\u0259rdi. T\u0259\u0259ss\u00fcf ki, bu, m\u00fcmk\u00fcn olmad\u0131\u201d.\n<\/p>\n<p>\n  APA-n\u0131n m\u0259lumat\u0131na g\u00f6r\u0259, bunu Rusiya Siyasi Ara\u015fd\u0131rmalar \u0130nstitutunun direktoru Sergey Markov Az\u0259rbaycan Respublikas\u0131n\u0131n Prezidenti yan\u0131nda Strateji Ara\u015fd\u0131rmalar M\u0259rk\u0259zinin t\u0259\u015fkil etdiyi &#8220;Az\u0259rbaycan\u0131n qlobal v\u0259 regional arenada rolu: Reall\u0131qlar v\u0259 perspektivl\u0259r&#8221; m\u00f6vzusunda ke\u00e7iril\u0259n beyn\u0259lxalq konfrans\u0131n a\u00e7\u0131l\u0131\u015f\u0131nda deyib.\n<\/p>\n<p>\n  Markovun Qaraba\u011f m\u00fcnaqi\u015f\u0259siyl\u0259 ba\u011fl\u0131 s\u00f6yl\u0259dikl\u0259rini Meydan TV-y\u0259 \u015f\u0259rh ed\u0259n siyasi icmal\u00e7\u0131 Z\u0259rd\u00fc\u015ft \u018flizad\u0259 &#8220;ay\u0131n\u0131n min oyunu bir armudun ba\u015f\u0131ndad\u0131r&#8221; m\u0259s\u0259lini xat\u0131rladaraq bildirib ki, m\u00fcnaqi\u015f\u0259nin h\u0259ll olunmamas\u0131n\u0131n s\u0259b\u0259bi Moskvan\u0131n Erm\u0259nistan v\u0259 Az\u0259rbaycan\u0131 \u00f6z\u00fcnd\u0259n as\u0131l\u0131 v\u0259ziyy\u0259td\u0259 saxlamaq ist\u0259yind\u0259n do\u011fur: &#8220;Ona g\u00f6r\u0259 d\u0259 Rusiya m\u00fcnaqi\u015f\u0259nin h\u0259ll olunmas\u0131n\u0131 ist\u0259mir. M\u00fcnaqi\u015f\u0259nin format\u0131, formas\u0131 d\u0259yi\u015f\u0259 bil\u0259r, amma mahiyy\u0259ti qalmal\u0131d\u0131r ki, t\u0259r\u0259fl\u0259r Kreml qar\u015f\u0131s\u0131nda ita\u0259tkar olsunlar. Bu m\u0259nada Rusiya Erm\u0259nistana h\u0259rbi-siyasi v\u0259 maliyy\u0259 d\u0259st\u0259yi verir, Az\u0259rbaycana da deyir ki, qoydu\u011fum \u00e7\u0259r\u00e7iv\u0259d\u0259n k\u0259nara \u00e7\u0131xma. Erm\u0259nistan bir q\u0259d\u0259r Kremlin qoydu\u011fu x\u0259td\u0259n k\u0259nara \u00e7\u0131xan kimi Az\u0259rbaycana deyir ki, vur, Az\u0259rbaycan ox\u015far add\u0131m atanda is\u0259 qar\u015f\u0131 t\u0259r\u0259f\u0259 h\u0259min \u0259mri verir&#8221;.\n<\/p>\n<figure class=\"wp-block-image size-large\">\n  <img decoding=\"async\" src=\"https:\/\/www.meydan.tv\/az\/69787\/\" alt=\"\" class=\"wp-image-69787\"\/><figcaption>\n    Z\u0259rd\u00fc\u015ft \u018flizad\u0259 foto sosial \u015f\u0259b\u0259k\u0259<br \/>\n  <\/figcaption><\/figure>\n<p>\n  Z. \u018flizad\u0259 g\u00fcman edir ki, Markovun s\u00f6yl\u0259dikl\u0259rini iki ehtimalla \u015f\u0259rh etm\u0259k olar: &#8220;Birinci onun maddi mara\u011f\u0131 ola bil\u0259r, ikinci, ona Moskvadan tap\u015f\u0131r\u0131q veril\u0259 bil\u0259r ki, Az\u0259rbaycan haqq\u0131nda da m\u00fcsb\u0259t dan\u0131\u015f. Y\u0259ni el\u0259 t\u0259\u0259ss\u00fcrat yaranmas\u0131n ki, Rusiyan\u0131n b\u00fct\u00fcn siyas\u0259t\u015f\u00fcnaslar\u0131 Erm\u0259nistan\u0131n t\u0259r\u0259find\u0259dir. Onsuz da Rusiya \u015f\u0259rh\u00e7il\u0259rinin 95 faizi Erm\u0259nistan\u0131 m\u00fcdafi\u0259 edir. S\u0259b\u0259b d\u0259 odur ki, Rusiyan\u0131n b\u00f6lg\u0259d\u0259 imperialist siyas\u0259tinin icra\u00e7\u0131s\u0131 Erm\u0259nistand\u0131r, onlar da \u0130r\u0259van\u0131 m\u00fcdafi\u0259 edirl\u0259r. Daha a\u011f olmas\u0131n dey\u0259, Markova tap\u015f\u0131r\u0131rlar ki, Az\u0259rbaycan haqq\u0131nda m\u00fcsb\u0259t dan\u0131\u015f, g\u00f6r\u00fcnt\u00fc yarans\u0131n, v\u0259ssalam&#8221;.\n<\/p>\n<p>\n  &#8220;Zerkalo&#8221; q\u0259zetinin siyasi icmal\u00e7\u0131s\u0131 Rauf Mirq\u0259dirov 1-5 aprel h\u0259rbi \u0259m\u0259liyyatlar\u0131ndan sonra dan\u0131\u015f\u0131qlardak\u0131 dir\u00e7\u0259li\u015fi xat\u0131rladaraq bildirdi ki, Kazan formulu, yaxud ba\u015fqa variant olsun, bunlar\u0131n el\u0259 bir \u0259h\u0259miyy\u0259ti yoxdur: &#8220;6 b\u0259ndd\u0259n ibar\u0259t Madrid prinsipl\u0259ri istisna olmaqla dig\u0259r variantlar bar\u0259d\u0259 m\u00fcf\u0259ss\u0259l informasiya yoxdur. O zaman demi\u015fdim ki, m\u00fcnaqi\u015f\u0259nin h\u0259lli iki variantda m\u00fcmk\u00fcnd\u00fcr, birinci, region tamamil\u0259 b\u00f6y\u00fck g\u00fccl\u0259rd\u0259n birinin t\u0259sir dair\u0259sin\u0259 ke\u00e7sin. Rusiya aprel hadis\u0259l\u0259rind\u0259n istifad\u0259 ed\u0259r\u0259k bunun \u00fc\u00e7\u00fcn \u00e7al\u0131\u015f\u0131rd\u0131, amma nam\u0259lum s\u0259b\u0259bl\u0259rd\u0259n al\u0131nmad\u0131. \u0130kinci variant odur ki, b\u00f6lg\u0259d\u0259 maraql\u0131 olan d\u00f6vl\u0259tl\u0259r \u00f6z maraqlar\u0131n\u0131 uzla\u015fd\u0131ra bilsinl\u0259r&#8221;.\n<\/p>\n<p>\n  Mirq\u0259dirov haz\u0131rda he\u00e7 bir variat\u0131n &#8220;m\u00f6vcud&#8221; olmad\u0131\u011f\u0131 q\u0259na\u0259tind\u0259dir: &#8220;Maraqlar\u0131n uzla\u015fd\u0131r\u0131lmas\u0131 is\u0259 fantasktik bir \u015fey kimi g\u00f6r\u00fcn\u00fcr. \u00c7\u00fcnki s\u00f6hb\u0259t beyn\u0259lxalq n\u00fcfuz dair\u0259sind\u0259n gedir, Ukrayna, Dnestryan\u0131 v\u0259 Suriya olaylar\u0131na baxd\u0131qda, m\u0259nz\u0259r\u0259 ayd\u0131n olar, y\u0259ni g\u00fccl\u0259r bu b\u00f6lg\u0259l\u0259rd\u0259 ortaq m\u0259xr\u0259c\u0259 g\u0259l\u0259 bilmirl\u0259rs\u0259, Qaraba\u011f m\u0259s\u0259l\u0259sind\u0259 dil tapacaqlar\u0131 inand\u0131r\u0131c\u0131 deyil. Moskva v\u0259 Va\u015finqton deyir ki, t\u0259r\u0259fl\u0259r hans\u0131 variantda raz\u0131la\u015fsalar, d\u0259st\u0259kl\u0259y\u0259c\u0259kl\u0259r, amma bu iki d\u00f6vl\u0259tin raz\u0131la\u015fmas\u0131 qeyri-m\u00fcmk\u00fcnd\u00fcr, s\u0259b\u0259b birdir: Erm\u0259nistan i\u015f\u011fal etdiyi \u0259razil\u0259ri qaytarmaq ist\u0259mir, Az\u0259rbaycan is\u0259 rayonlar\u0131n qaytar\u0131lmas\u0131n\u0131 t\u0259l\u0259b edir. Yay aylar\u0131nda h\u0259ms\u0259dr \u00f6lk\u0259l\u0259ri r\u0259smil\u0259rinin prezidentl\u0259rinin g\u00f6r\u00fc\u015f\u00fcn\u00fc t\u0259\u015fkil etm\u0259k t\u0259\u015f\u0259bb\u00fcsl\u0259ri d\u0259 iflasa u\u011frad\u0131qdan sonra Rusiya xarici i\u015fl\u0259r nazirinin s\u00f6z\u00e7\u00fcs\u00fc Mariya Zaxarova \u0130r\u0259vanda Kollektiv T\u0259hl\u00fck\u0259sizlik \u015euras\u0131n\u0131n toplant\u0131s\u0131 \u0259r\u0259f\u0259sind\u0259 g\u00fcnd\u0259likd\u0259 Qaraba\u011f m\u0259s\u0259l\u0259sinin olmad\u0131\u011f\u0131n\u0131, amma g\u00f6r\u00fc\u015f zaman\u0131 bu m\u0259s\u0259l\u0259y\u0259 toxunalaca\u011f\u0131n\u0131 dedi. M\u00fcnaqi\u015f\u0259nin h\u0259lli istiqam\u0259tind\u0259 h\u0259r hans\u0131 ciddi add\u0131m g\u00f6zl\u0259nils\u0259ydi, Zaxarovan\u0131n cavab\u0131 tamam f\u0259rqli olard\u0131. Xat\u0131rlay\u0131rs\u0131n\u0131zsa, Zaxarova ondan bir m\u00fcdd\u0259t \u0259vv\u0259l demi\u015fdi ki, nazir Lavrov he\u00e7 bir dan\u0131\u015f\u0131qlara bo\u015f \u0259ll\u0259 getmir. Y\u0259ni m\u00fc\u0259yy\u0259n t\u0259klifl\u0259r olur&#8221;.\n<\/p>\n<p>\n  &#8220;Sadalad\u0131\u011f\u0131m m\u0259qamlar o dem\u0259kdir ki, m\u00fcnaqi\u015f\u0259d\u0259 \u015f\u0259rti sabitlik d\u00f6vr\u00fc ba\u015flay\u0131b. B\u00f6lg\u0259d\u0259 daha ciddi probleml\u0259r Qaraba\u011f m\u0259s\u0259l\u0259sini arxa plana ke\u00e7irib. H\u0259m d\u0259 h\u0259r iki \u00f6lk\u0259nin siyasi r\u0259hb\u0259rliyinin kompromis ist\u0259kl\u0259ri d\u0259 b\u00f6y\u00fck deyil&#8221;,- dey\u0259 Mirq\u0259dirov bildirib.<\/p>\n","protected":false},"excerpt":{"rendered":"<p>Az\u0259rbaycanl\u0131 siyasi \u015f\u0259rh\u00e7il\u0259r Qaraba\u011f m\u00fcnaqi\u015f\u0259sinin h\u0259lli \u00fc\u00e7\u00fcn he\u00e7 bir variant\u0131n &#8221;m\u00f6vcud&#8221; olmad\u0131\u011f\u0131 q\u0259na\u0259tind\u0259dirl\u0259r<\/p>\n","protected":false},"author":11,"featured_media":69784,"comment_status":"closed","ping_status":"open","sticky":false,"template":"","format":"standard","meta":{"_acf_changed":false,"_sitemap_exclude":false,"_sitemap_priority":"","_sitemap_frequency":"","footnotes":""},"categories":[51],"tags":[],"class_list":["post-179431","post","type-post","status-publish","format-standard","has-post-thumbnail","hentry","category-analitika","infinite-scroll-item","generate-columns","tablet-grid-50","mobile-grid-100","grid-parent","grid-33","no-featured-image-padding"],"acf":[],"yoast_head":"<!-- This site is optimized with the Yoast SEO plugin v27.5 - https:\/\/yoast.com\/product\/yoast-seo-wordpress\/ -->\n<title>Sergey Markov: Torpaqlar\u0131n bir qismi qaytar\u0131la bil\u0259rdi - MEYDAN.TV<\/title>\n<meta name=\"robots\" content=\"index, follow, max-snippet:-1, max-image-preview:large, max-video-preview:-1\" \/>\n<link rel=\"canonical\" href=\"https:\/\/www.meydan.tv\/az\/article\/sergey-markov-torpaqlarin-bir-qismi-qaytarila-bilerdi\/\" \/>\n<meta property=\"og:locale\" content=\"az_AZ\" \/>\n<meta property=\"og:type\" content=\"article\" \/>\n<meta property=\"og:title\" content=\"Sergey Markov: Torpaqlar\u0131n bir qismi qaytar\u0131la bil\u0259rdi - MEYDAN.TV\" \/>\n<meta property=\"og:description\" content=\"Az\u0259rbaycanl\u0131 siyasi \u015f\u0259rh\u00e7il\u0259r Qaraba\u011f m\u00fcnaqi\u015f\u0259sinin h\u0259lli \u00fc\u00e7\u00fcn he\u00e7 bir variant\u0131n &#039;&#039;m\u00f6vcud&#039;&#039; olmad\u0131\u011f\u0131 q\u0259na\u0259tind\u0259dirl\u0259r\" \/>\n<meta property=\"og:url\" content=\"https:\/\/www.meydan.tv\/az\/article\/sergey-markov-torpaqlarin-bir-qismi-qaytarila-bilerdi\/\" \/>\n<meta property=\"og:site_name\" content=\"MEYDAN.TV\" \/>\n<meta property=\"article:published_time\" content=\"2016-10-07T15:55:23+00:00\" \/>\n<meta property=\"og:image\" content=\"https:\/\/www.meydan.tv\/wp-content\/uploads\/26683.jpg\" \/>\n\t<meta property=\"og:image:width\" content=\"768\" \/>\n\t<meta property=\"og:image:height\" content=\"415\" \/>\n\t<meta property=\"og:image:type\" content=\"image\/jpeg\" \/>\n<meta name=\"author\" content=\"user-manager\" \/>\n<meta name=\"twitter:card\" content=\"summary_large_image\" \/>\n<script type=\"application\/ld+json\" class=\"yoast-schema-graph\">{\"@context\":\"https:\\\/\\\/schema.org\",\"@graph\":[{\"@type\":\"Article\",\"@id\":\"https:\\\/\\\/www.meydan.tv\\\/az\\\/article\\\/sergey-markov-torpaqlarin-bir-qismi-qaytarila-bilerdi\\\/#article\",\"isPartOf\":{\"@id\":\"https:\\\/\\\/www.meydan.tv\\\/az\\\/article\\\/sergey-markov-torpaqlarin-bir-qismi-qaytarila-bilerdi\\\/\"},\"author\":{\"name\":\"user-manager\",\"@id\":\"https:\\\/\\\/www.meydan.tv\\\/az\\\/#\\\/schema\\\/person\\\/10d11eccf6da3662cf5fdab9806ea91a\"},\"headline\":\"Sergey Markov: Torpaqlar\u0131n bir qismi qaytar\u0131la bil\u0259rdi\",\"datePublished\":\"2016-10-07T15:55:23+00:00\",\"mainEntityOfPage\":{\"@id\":\"https:\\\/\\\/www.meydan.tv\\\/az\\\/article\\\/sergey-markov-torpaqlarin-bir-qismi-qaytarila-bilerdi\\\/\"},\"wordCount\":961,\"publisher\":{\"@id\":\"https:\\\/\\\/www.meydan.tv\\\/az\\\/#organization\"},\"image\":{\"@id\":\"https:\\\/\\\/www.meydan.tv\\\/az\\\/article\\\/sergey-markov-torpaqlarin-bir-qismi-qaytarila-bilerdi\\\/#primaryimage\"},\"thumbnailUrl\":\"https:\\\/\\\/www.meydan.tv\\\/wp-content\\\/uploads\\\/26683.jpg\",\"articleSection\":[\"Analitika\"],\"inLanguage\":\"az\"},{\"@type\":\"WebPage\",\"@id\":\"https:\\\/\\\/www.meydan.tv\\\/az\\\/article\\\/sergey-markov-torpaqlarin-bir-qismi-qaytarila-bilerdi\\\/\",\"url\":\"https:\\\/\\\/www.meydan.tv\\\/az\\\/article\\\/sergey-markov-torpaqlarin-bir-qismi-qaytarila-bilerdi\\\/\",\"name\":\"Sergey Markov: Torpaqlar\u0131n bir qismi qaytar\u0131la bil\u0259rdi - MEYDAN.TV\",\"isPartOf\":{\"@id\":\"https:\\\/\\\/www.meydan.tv\\\/az\\\/#website\"},\"primaryImageOfPage\":{\"@id\":\"https:\\\/\\\/www.meydan.tv\\\/az\\\/article\\\/sergey-markov-torpaqlarin-bir-qismi-qaytarila-bilerdi\\\/#primaryimage\"},\"image\":{\"@id\":\"https:\\\/\\\/www.meydan.tv\\\/az\\\/article\\\/sergey-markov-torpaqlarin-bir-qismi-qaytarila-bilerdi\\\/#primaryimage\"},\"thumbnailUrl\":\"https:\\\/\\\/www.meydan.tv\\\/wp-content\\\/uploads\\\/26683.jpg\",\"datePublished\":\"2016-10-07T15:55:23+00:00\",\"breadcrumb\":{\"@id\":\"https:\\\/\\\/www.meydan.tv\\\/az\\\/article\\\/sergey-markov-torpaqlarin-bir-qismi-qaytarila-bilerdi\\\/#breadcrumb\"},\"inLanguage\":\"az\",\"potentialAction\":[{\"@type\":\"ReadAction\",\"target\":[\"https:\\\/\\\/www.meydan.tv\\\/az\\\/article\\\/sergey-markov-torpaqlarin-bir-qismi-qaytarila-bilerdi\\\/\"]}]},{\"@type\":\"ImageObject\",\"inLanguage\":\"az\",\"@id\":\"https:\\\/\\\/www.meydan.tv\\\/az\\\/article\\\/sergey-markov-torpaqlarin-bir-qismi-qaytarila-bilerdi\\\/#primaryimage\",\"url\":\"https:\\\/\\\/www.meydan.tv\\\/wp-content\\\/uploads\\\/26683.jpg\",\"contentUrl\":\"https:\\\/\\\/www.meydan.tv\\\/wp-content\\\/uploads\\\/26683.jpg\",\"width\":768,\"height\":415,\"caption\":\"Source:\"},{\"@type\":\"BreadcrumbList\",\"@id\":\"https:\\\/\\\/www.meydan.tv\\\/az\\\/article\\\/sergey-markov-torpaqlarin-bir-qismi-qaytarila-bilerdi\\\/#breadcrumb\",\"itemListElement\":[{\"@type\":\"ListItem\",\"position\":1,\"name\":\"Ana s\u0259hif\u0259\",\"item\":\"https:\\\/\\\/www.meydan.tv\\\/az\\\/\"},{\"@type\":\"ListItem\",\"position\":2,\"name\":\"Analitika\",\"item\":\"https:\\\/\\\/www.meydan.tv\\\/az\\\/section\\\/analitika\\\/\"},{\"@type\":\"ListItem\",\"position\":3,\"name\":\"Sergey Markov: Torpaqlar\u0131n bir qismi qaytar\u0131la bil\u0259rdi\"}]},{\"@type\":\"WebSite\",\"@id\":\"https:\\\/\\\/www.meydan.tv\\\/az\\\/#website\",\"url\":\"https:\\\/\\\/www.meydan.tv\\\/az\\\/\",\"name\":\"MEYDAN.TV\",\"description\":\"Meydan TV Az\u0259rbaycan\u0131n media m\u0259kan\u0131ndak\u0131 alternativ s\u0259sidir\",\"publisher\":{\"@id\":\"https:\\\/\\\/www.meydan.tv\\\/az\\\/#organization\"},\"potentialAction\":[{\"@type\":\"SearchAction\",\"target\":{\"@type\":\"EntryPoint\",\"urlTemplate\":\"https:\\\/\\\/www.meydan.tv\\\/az\\\/?s={search_term_string}\"},\"query-input\":{\"@type\":\"PropertyValueSpecification\",\"valueRequired\":true,\"valueName\":\"search_term_string\"}}],\"inLanguage\":\"az\"},{\"@type\":\"Organization\",\"@id\":\"https:\\\/\\\/www.meydan.tv\\\/az\\\/#organization\",\"name\":\"Meydan TV\",\"url\":\"https:\\\/\\\/www.meydan.tv\\\/az\\\/\",\"logo\":{\"@type\":\"ImageObject\",\"inLanguage\":\"az\",\"@id\":\"https:\\\/\\\/www.meydan.tv\\\/az\\\/#\\\/schema\\\/logo\\\/image\\\/\",\"url\":\"https:\\\/\\\/www.meydan.tv\\\/wp-content\\\/uploads\\\/2021\\\/07\\\/meydan-logo.svg\",\"contentUrl\":\"https:\\\/\\\/www.meydan.tv\\\/wp-content\\\/uploads\\\/2021\\\/07\\\/meydan-logo.svg\",\"width\":195,\"height\":46,\"caption\":\"Meydan TV\"},\"image\":{\"@id\":\"https:\\\/\\\/www.meydan.tv\\\/az\\\/#\\\/schema\\\/logo\\\/image\\\/\"}},{\"@type\":\"Person\",\"@id\":\"https:\\\/\\\/www.meydan.tv\\\/az\\\/#\\\/schema\\\/person\\\/10d11eccf6da3662cf5fdab9806ea91a\",\"name\":\"user-manager\"}]}<\/script>\n<!-- \/ Yoast SEO plugin. -->","yoast_head_json":{"title":"Sergey Markov: Torpaqlar\u0131n bir qismi qaytar\u0131la bil\u0259rdi - MEYDAN.TV","robots":{"index":"index","follow":"follow","max-snippet":"max-snippet:-1","max-image-preview":"max-image-preview:large","max-video-preview":"max-video-preview:-1"},"canonical":"https:\/\/www.meydan.tv\/az\/article\/sergey-markov-torpaqlarin-bir-qismi-qaytarila-bilerdi\/","og_locale":"az_AZ","og_type":"article","og_title":"Sergey Markov: Torpaqlar\u0131n bir qismi qaytar\u0131la bil\u0259rdi - MEYDAN.TV","og_description":"Az\u0259rbaycanl\u0131 siyasi \u015f\u0259rh\u00e7il\u0259r Qaraba\u011f m\u00fcnaqi\u015f\u0259sinin h\u0259lli \u00fc\u00e7\u00fcn he\u00e7 bir variant\u0131n ''m\u00f6vcud'' olmad\u0131\u011f\u0131 q\u0259na\u0259tind\u0259dirl\u0259r","og_url":"https:\/\/www.meydan.tv\/az\/article\/sergey-markov-torpaqlarin-bir-qismi-qaytarila-bilerdi\/","og_site_name":"MEYDAN.TV","article_published_time":"2016-10-07T15:55:23+00:00","og_image":[{"width":768,"height":415,"url":"https:\/\/www.meydan.tv\/wp-content\/uploads\/26683.jpg","type":"image\/jpeg"}],"author":"user-manager","twitter_card":"summary_large_image","schema":{"@context":"https:\/\/schema.org","@graph":[{"@type":"Article","@id":"https:\/\/www.meydan.tv\/az\/article\/sergey-markov-torpaqlarin-bir-qismi-qaytarila-bilerdi\/#article","isPartOf":{"@id":"https:\/\/www.meydan.tv\/az\/article\/sergey-markov-torpaqlarin-bir-qismi-qaytarila-bilerdi\/"},"author":{"name":"user-manager","@id":"https:\/\/www.meydan.tv\/az\/#\/schema\/person\/10d11eccf6da3662cf5fdab9806ea91a"},"headline":"Sergey Markov: Torpaqlar\u0131n bir qismi qaytar\u0131la bil\u0259rdi","datePublished":"2016-10-07T15:55:23+00:00","mainEntityOfPage":{"@id":"https:\/\/www.meydan.tv\/az\/article\/sergey-markov-torpaqlarin-bir-qismi-qaytarila-bilerdi\/"},"wordCount":961,"publisher":{"@id":"https:\/\/www.meydan.tv\/az\/#organization"},"image":{"@id":"https:\/\/www.meydan.tv\/az\/article\/sergey-markov-torpaqlarin-bir-qismi-qaytarila-bilerdi\/#primaryimage"},"thumbnailUrl":"https:\/\/www.meydan.tv\/wp-content\/uploads\/26683.jpg","articleSection":["Analitika"],"inLanguage":"az"},{"@type":"WebPage","@id":"https:\/\/www.meydan.tv\/az\/article\/sergey-markov-torpaqlarin-bir-qismi-qaytarila-bilerdi\/","url":"https:\/\/www.meydan.tv\/az\/article\/sergey-markov-torpaqlarin-bir-qismi-qaytarila-bilerdi\/","name":"Sergey Markov: Torpaqlar\u0131n bir qismi qaytar\u0131la bil\u0259rdi - MEYDAN.TV","isPartOf":{"@id":"https:\/\/www.meydan.tv\/az\/#website"},"primaryImageOfPage":{"@id":"https:\/\/www.meydan.tv\/az\/article\/sergey-markov-torpaqlarin-bir-qismi-qaytarila-bilerdi\/#primaryimage"},"image":{"@id":"https:\/\/www.meydan.tv\/az\/article\/sergey-markov-torpaqlarin-bir-qismi-qaytarila-bilerdi\/#primaryimage"},"thumbnailUrl":"https:\/\/www.meydan.tv\/wp-content\/uploads\/26683.jpg","datePublished":"2016-10-07T15:55:23+00:00","breadcrumb":{"@id":"https:\/\/www.meydan.tv\/az\/article\/sergey-markov-torpaqlarin-bir-qismi-qaytarila-bilerdi\/#breadcrumb"},"inLanguage":"az","potentialAction":[{"@type":"ReadAction","target":["https:\/\/www.meydan.tv\/az\/article\/sergey-markov-torpaqlarin-bir-qismi-qaytarila-bilerdi\/"]}]},{"@type":"ImageObject","inLanguage":"az","@id":"https:\/\/www.meydan.tv\/az\/article\/sergey-markov-torpaqlarin-bir-qismi-qaytarila-bilerdi\/#primaryimage","url":"https:\/\/www.meydan.tv\/wp-content\/uploads\/26683.jpg","contentUrl":"https:\/\/www.meydan.tv\/wp-content\/uploads\/26683.jpg","width":768,"height":415,"caption":"Source:"},{"@type":"BreadcrumbList","@id":"https:\/\/www.meydan.tv\/az\/article\/sergey-markov-torpaqlarin-bir-qismi-qaytarila-bilerdi\/#breadcrumb","itemListElement":[{"@type":"ListItem","position":1,"name":"Ana s\u0259hif\u0259","item":"https:\/\/www.meydan.tv\/az\/"},{"@type":"ListItem","position":2,"name":"Analitika","item":"https:\/\/www.meydan.tv\/az\/section\/analitika\/"},{"@type":"ListItem","position":3,"name":"Sergey Markov: Torpaqlar\u0131n bir qismi qaytar\u0131la bil\u0259rdi"}]},{"@type":"WebSite","@id":"https:\/\/www.meydan.tv\/az\/#website","url":"https:\/\/www.meydan.tv\/az\/","name":"MEYDAN.TV","description":"Meydan TV Az\u0259rbaycan\u0131n media m\u0259kan\u0131ndak\u0131 alternativ s\u0259sidir","publisher":{"@id":"https:\/\/www.meydan.tv\/az\/#organization"},"potentialAction":[{"@type":"SearchAction","target":{"@type":"EntryPoint","urlTemplate":"https:\/\/www.meydan.tv\/az\/?s={search_term_string}"},"query-input":{"@type":"PropertyValueSpecification","valueRequired":true,"valueName":"search_term_string"}}],"inLanguage":"az"},{"@type":"Organization","@id":"https:\/\/www.meydan.tv\/az\/#organization","name":"Meydan TV","url":"https:\/\/www.meydan.tv\/az\/","logo":{"@type":"ImageObject","inLanguage":"az","@id":"https:\/\/www.meydan.tv\/az\/#\/schema\/logo\/image\/","url":"https:\/\/www.meydan.tv\/wp-content\/uploads\/2021\/07\/meydan-logo.svg","contentUrl":"https:\/\/www.meydan.tv\/wp-content\/uploads\/2021\/07\/meydan-logo.svg","width":195,"height":46,"caption":"Meydan TV"},"image":{"@id":"https:\/\/www.meydan.tv\/az\/#\/schema\/logo\/image\/"}},{"@type":"Person","@id":"https:\/\/www.meydan.tv\/az\/#\/schema\/person\/10d11eccf6da3662cf5fdab9806ea91a","name":"user-manager"}]}},"_links":{"self":[{"href":"https:\/\/www.meydan.tv\/az\/wp-json\/wp\/v2\/posts\/179431","targetHints":{"allow":["GET"]}}],"collection":[{"href":"https:\/\/www.meydan.tv\/az\/wp-json\/wp\/v2\/posts"}],"about":[{"href":"https:\/\/www.meydan.tv\/az\/wp-json\/wp\/v2\/types\/post"}],"author":[{"embeddable":true,"href":"https:\/\/www.meydan.tv\/az\/wp-json\/wp\/v2\/users\/11"}],"replies":[{"embeddable":true,"href":"https:\/\/www.meydan.tv\/az\/wp-json\/wp\/v2\/comments?post=179431"}],"version-history":[{"count":0,"href":"https:\/\/www.meydan.tv\/az\/wp-json\/wp\/v2\/posts\/179431\/revisions"}],"wp:featuredmedia":[{"embeddable":true,"href":"https:\/\/www.meydan.tv\/az\/wp-json\/wp\/v2\/media\/69784"}],"wp:attachment":[{"href":"https:\/\/www.meydan.tv\/az\/wp-json\/wp\/v2\/media?parent=179431"}],"wp:term":[{"taxonomy":"category","embeddable":true,"href":"https:\/\/www.meydan.tv\/az\/wp-json\/wp\/v2\/categories?post=179431"},{"taxonomy":"post_tag","embeddable":true,"href":"https:\/\/www.meydan.tv\/az\/wp-json\/wp\/v2\/tags?post=179431"}],"curies":[{"name":"wp","href":"https:\/\/api.w.org\/{rel}","templated":true}]}}