{"id":179419,"date":"2016-10-07T01:06:40","date_gmt":"2016-10-07T01:06:40","guid":{"rendered":"https:\/\/www.meydan.tv\/article\/nemet-eliyev-ozune-hormet-eden-hokumet-istefa-vermeli-idi\/"},"modified":"2016-10-07T01:06:40","modified_gmt":"2016-10-07T01:06:40","slug":"nemet-eliyev-ozune-hormet-eden-hokumet-istefa-vermeli-idi","status":"publish","type":"post","link":"https:\/\/www.meydan.tv\/az\/article\/nemet-eliyev-ozune-hormet-eden-hokumet-istefa-vermeli-idi\/","title":{"rendered":"Nem\u0259t \u018fliyev: \u00d6z\u00fcn\u0259 h\u00f6rm\u0259t ed\u0259n h\u00f6kum\u0259t istefa verm\u0259li idi"},"content":{"rendered":"<figure class=\"wp-block-image size-large\">\n  <img decoding=\"async\" src=\"https:\/\/www.meydan.tv\/az\/69748\/\" alt=\"\" class=\"wp-image-69748\"\/><figcaption><\/figcaption><\/figure>\n<p>\n  <i><br \/>\n    &#8221;B\u0259lk\u0259 d\u0259 o q\u0259d\u0259r v\u0259saitl\u0259 Az\u0259rbaycan\u0131 yenid\u0259n qurmaq m\u00fcmk\u00fcn idi&#8221;<br \/>\n  <\/i><\/p>\n<p>  Prezident \u0130lham \u018fliyev Dayan\u0131ql\u0131 \u0130nki\u015faf \u00fczr\u0259 Milli \u018flaq\u0259l\u0259ndirm\u0259 \u015euras\u0131n\u0131n yarad\u0131lmas\u0131 haqq\u0131nda f\u0259rman imzalay\u0131b.\n<\/p>\n<p>\n  APA-n\u0131n m\u0259lumat\u0131na g\u00f6r\u0259, Dayan\u0131ql\u0131 \u0130nki\u015faf\u00fczr\u0259 Milli \u018flaq\u0259l\u0259ndirm\u0259 \u015euras\u0131n\u0131n \u0259sas m\u0259qs\u0259di 2030-cu il\u0259d\u0259k Az\u0259rbaycan \u00fc\u00e7\u00fcn \u0259h\u0259miyy\u0259t k\u0259sb ed\u0259n, qlobal m\u0259qs\u0259d v\u0259 h\u0259d\u0259fl\u0259r\u0259 uy\u011fun milli prioritetl\u0259ri v\u0259 onlara dair g\u00f6st\u0259ricil\u0259ri m\u00fc\u0259yy\u0259n etm\u0259kd\u0259n, \u00f6lk\u0259d\u0259 sosial-iqtisadi sah\u0259l\u0259ri \u0259hat\u0259 ed\u0259n d\u00f6vl\u0259t proqramlar\u0131n\u0131n v\u0259 strategiyalar\u0131n Dayan\u0131ql\u0131 \u0130nki\u015faf M\u0259qs\u0259dl\u0259ri il\u0259 uzla\u015fd\u0131r\u0131lmas\u0131n\u0131 t\u0259min etm\u0259kd\u0259n, habel\u0259 Dayan\u0131ql\u0131 \u0130nki\u015faf M\u0259qs\u0259dl\u0259rin\u0259 nail olunmas\u0131 il\u0259 \u0259laq\u0259dar illik hesabat haz\u0131rlamaqdan ibar\u0259tdir.\n<\/p>\n<p>\n  \u015eura \u00f6z f\u0259aliyy\u0259tin\u0259 yerli v\u0259 xarici ekspertl\u0259ri, m\u00fct\u0259x\u0259ssisl\u0259ri, beyn\u0259lxalq t\u0259\u015fkilatlar\u0131 v\u0259 elm m\u00fc\u0259ssis\u0259l\u0259rini c\u0259lb ed\u0259 bil\u0259r, habel\u0259 ayr\u0131-ayr\u0131 istiqam\u0259tl\u0259r \u00fczr\u0259 i\u015f\u00e7i qruplar yarada bil\u0259r.\n<\/p>\n<p>\n  \u015euran\u0131n s\u0259dri ba\u015f nazirin m\u00fcavini \u018fli \u018fhm\u0259dov, m\u00fcavini \u015eahin Mustafayev t\u0259yin olunub.\n<\/p>\n<p>\n  \u0130qtisad\u00e7\u0131 Nem\u0259t \u018fliyev f\u0259rman\u0131n \u00f6lk\u0259 iqtisadiyyat\u0131nda \u0259h\u0259miyy\u0259tli d\u0259yi\u015fikliy\u0259 nail olaca\u011f\u0131na inanm\u0131r.\n<\/p>\n<p>\n  O, bu bar\u0259d\u0259 Meydan TV-y\u0259 dan\u0131\u015fark\u0259n deyib.\n<\/p>\n<p>\n  Nem\u0259t \u018fliyev bildirib ki, indiy\u0259 q\u0259d\u0259r yarad\u0131lan strukturlar\u0131n dinamikas\u0131 v\u0259 konkret halda \u0259ld\u0259 olunan n\u0259tic\u0259l\u0259r\u0259 baxmaq yet\u0259rlidir. 2014-c\u00fc ilin sonlar\u0131ndan ba\u015flayaraq iqtisadi b\u00f6hran\u0131n olaca\u011f\u0131n\u0131 m\u00fcst\u0259qil ekspertl\u0259r proqnozla\u015fd\u0131rd\u0131\u011f\u0131 halda h\u00f6kum\u0259t arxay\u0131n \u015f\u0259kild\u0259 bu bar\u0259d\u0259 fikirl\u0259ri yax\u0131na buraxm\u0131rd\u0131.\n<\/p>\n<p>\n  \u0130qtisad\u00e7\u0131 deyib ki, haz\u0131rda \u00f6lk\u0259 iqtisadiyyat\u0131 t\u0259n\u0259zz\u00fcl d\u00f6vr\u00fcn\u00fc ya\u015fay\u0131r v\u0259 bu, sosial h\u0259yat\u0131n b\u00fct\u00fcn sah\u0259l\u0259rin\u0259 siray\u0259t edib:<br \/>\n  <br \/>\n  &#8220;\u0130slahat ad\u0131na yaranm\u0131\u015f v\u0259ziyy\u0259td\u0259n \u00e7\u0131x\u0131\u015f yollar\u0131n\u0131 axtar\u0131b tapmaq kimi h\u00f6kum\u0259t \u00e7oxsayl\u0131 addlmlar at\u0131r. \u00dcmumi t\u0259s\u0259vv\u00fcr ondan ibar\u0259tdir ki, at\u0131lan add\u0131mlar imitasiya m\u0259qs\u0259di g\u00fcdd\u00fcy\u00fcn\u0259 g\u00f6r\u0259 real probleml\u0259ri aradan qald\u0131rmaq g\u00fcc\u00fcn\u0259 malik olmay\u0131b. Faktiki olaraq, bug\u00fcn iqtisadiyyata kredit qoyulu\u015flar\u0131 \u0259h\u0259miyy\u0259tli d\u0259r\u0259c\u0259d\u0259 azal\u0131b v\u0259 proses davam edir. Yaln\u0131z avqust ay\u0131nda \u00fcmumi kredit qoyulu\u015flar\u0131nda 226 milyon dollardan \u00e7ox azalma \u0259m\u0259l\u0259 g\u0259lib. S\u0131ralanmaya bax\u0131n: 2 ayda kredit qoyulu\u015flar\u0131 \u00fczr\u0259 1,6 milyard dollar, son 8 ayda 3,6 milyard, 1 il 8 ay \u0259rzind\u0259 is\u0259 13,3 milyard dollar azalma yaran\u0131b. El\u0259c\u0259 d\u0259 investisiya qoyulu\u015flar\u0131 sah\u0259sind\u0259 \u00e7ox ac\u0131nacaql\u0131 v\u0259ziyy\u0259t yaran\u0131b. D\u00f6vl\u0259t b\u00fcdc\u0259si hesab\u0131na \u00f6t\u0259n il 7 milyard manat investisiya qoyulu\u015fu h\u0259yata ke\u00e7irilmi\u015fdirs\u0259, bu il b\u00fcdc\u0259sind\u0259 2,5 d\u0259f\u0259 azald\u0131laraq 3,5 milyard manata sal\u0131blar. H\u00f6kum\u0259tin g\u0259l\u0259n ilin b\u00fcdc\u0259siyl\u0259 ba\u011fl\u0131 a\u00e7\u0131qlamas\u0131ndan m\u0259lum olub ki, investisiya qoyulu\u015flar\u0131 10,2 milyard azalaraq 1,8 milyarda d\u00fc\u015f\u0259c\u0259k. T\u0259s\u0259vv\u00fcr edin ki, 2 il m\u00fcdd\u0259tind\u0259, 2015-ci ill\u0259 m\u00fcqayis\u0259d\u0259 b\u00fcdc\u0259d\u0259n investisiya qoyulu\u015fu 7 d\u0259f\u0259 azalacaq. Bir halda ki, h\u00f6kum\u0259tin iqtisadi b\u00f6hran\u0131n aradan qald\u0131r\u0131lmas\u0131 ad\u0131na g\u00f6rd\u00fcy\u00fc i\u015fl\u0259rin n\u0259tic\u0259si \u00e7ox a\u011f\u0131r tendensiyalarla m\u00fc\u015fahid\u0259 olunursa, bundan sonra m\u00fcxt\u0259lif qurumlar\u0131n, \u015furalar\u0131n yarad\u0131l\u0131b konkret f\u0259aliyy\u0259t\u0259 ke\u00e7diyi zaman hans\u0131 n\u0259tic\u0259l\u0259ri ver\u0259c\u0259yini proqnozla\u015fd\u0131rmaq m\u00fcmk\u00fcnd\u00fcr. Bir daha deyir\u0259m, \u00f6lk\u0259 istisadiyyat\u0131nda yat\u0131r\u0131mlar k\u0259skin \u015f\u0259kild\u0259 azal\u0131rsa, islahatdan s\u00f6hb\u0259t ged\u0259 bilm\u0259z&#8221;.\n<\/p>\n<p>\n  Nem\u0259t \u018fliyev hesab edir ki, Dayan\u0131ql\u0131 \u0130nki\u015faf \u00fczr\u0259 Milli \u018flaq\u0259l\u0259ndirm\u0259 \u015euras\u0131n\u0131n aqib\u0259ti d\u0259 \u0259vv\u0259lki qurumlar\u0131n t\u0259krar\u0131 olacaq:<br \/>\n  <br \/>\n  &#8220;M\u00fcsb\u0259t n\u0259tic\u0259l\u0259r\u0259 nail olmaq \u00fc\u00e7\u00fcn ortaya sa\u011flam niyy\u0259t qoyulmal\u0131d\u0131r. Az\u0259rbaycan h\u00f6kum\u0259ti 2015-ci il\u0259 q\u0259d\u0259r Neft Fonduna daxil olmu\u015f 125 milyard dollar\u0131n 70 faizind\u0259n \u00e7oxunu x\u0259rcl\u0259yib. B\u0259lk\u0259 d\u0259 o q\u0259d\u0259r v\u0259saitl\u0259 Az\u0259rbaycan\u0131 yenid\u0259n qurmaq m\u00fcmk\u00fcn idi, amma hakimiyy\u0259tin neft bumu d\u00f6vr\u00fcnd\u0259 yaratd\u0131qlar\u0131 1 ild\u0259 duru\u015f g\u0259tirm\u0259di. 22 milyard dollarl\u0131q \u00dcDM-nin g\u0259lirl\u0259ri 1 ild\u0259 azald\u0131. M\u0259rk\u0259zi Bank\u0131n valyuta ehtiyat\u0131 11 milyarddan \u00e7ox a\u015fa\u011f\u0131 d\u00fc\u015fd\u00fc, 6 ayl\u0131q t\u0259diyy\u0259 balans\u0131nda 6 milyard dollar k\u0259sir \u0259m\u0259l\u0259 g\u0259lib. Bu n\u0259tic\u0259l\u0259r\u0259 g\u00f6r\u0259 \u00f6z\u00fcn\u0259 h\u00f6rm\u0259t ed\u0259n h\u00f6kum\u0259t istefa verm\u0259liydi, onlar\u0131n bundan sonra \u00f6lk\u0259ni idar\u0259 etm\u0259y\u0259 m\u0259n\u0259vi haqlar\u0131 qalmay\u0131b&#8221;.<\/p>\n","protected":false},"excerpt":{"rendered":"<p>&#8221;B\u0259lk\u0259 d\u0259 o q\u0259d\u0259r v\u0259saitl\u0259 Az\u0259rbaycan\u0131 yenid\u0259n qurmaq m\u00fcmk\u00fcn idi&#8221;<\/p>\n","protected":false},"author":11,"featured_media":69748,"comment_status":"closed","ping_status":"open","sticky":false,"template":"","format":"standard","meta":{"_acf_changed":false,"_sitemap_exclude":false,"_sitemap_priority":"","_sitemap_frequency":"","footnotes":""},"categories":[51],"tags":[],"class_list":["post-179419","post","type-post","status-publish","format-standard","has-post-thumbnail","hentry","category-analitika","infinite-scroll-item","generate-columns","tablet-grid-50","mobile-grid-100","grid-parent","grid-33","no-featured-image-padding"],"acf":[],"yoast_head":"<!-- This site is optimized with the Yoast SEO plugin v27.5 - https:\/\/yoast.com\/product\/yoast-seo-wordpress\/ -->\n<title>Nem\u0259t \u018fliyev: \u00d6z\u00fcn\u0259 h\u00f6rm\u0259t ed\u0259n h\u00f6kum\u0259t istefa verm\u0259li idi - MEYDAN.TV<\/title>\n<meta name=\"robots\" content=\"index, follow, max-snippet:-1, max-image-preview:large, max-video-preview:-1\" \/>\n<link rel=\"canonical\" href=\"https:\/\/www.meydan.tv\/az\/article\/nemet-eliyev-ozune-hormet-eden-hokumet-istefa-vermeli-idi\/\" \/>\n<meta property=\"og:locale\" content=\"az_AZ\" \/>\n<meta property=\"og:type\" content=\"article\" \/>\n<meta property=\"og:title\" content=\"Nem\u0259t \u018fliyev: \u00d6z\u00fcn\u0259 h\u00f6rm\u0259t ed\u0259n h\u00f6kum\u0259t istefa verm\u0259li idi - MEYDAN.TV\" \/>\n<meta property=\"og:description\" content=\"&#039;&#039;B\u0259lk\u0259 d\u0259 o q\u0259d\u0259r v\u0259saitl\u0259 Az\u0259rbaycan\u0131 yenid\u0259n qurmaq m\u00fcmk\u00fcn idi&#039;&#039;\" \/>\n<meta property=\"og:url\" content=\"https:\/\/www.meydan.tv\/az\/article\/nemet-eliyev-ozune-hormet-eden-hokumet-istefa-vermeli-idi\/\" \/>\n<meta property=\"og:site_name\" content=\"MEYDAN.TV\" \/>\n<meta property=\"article:published_time\" content=\"2016-10-07T01:06:40+00:00\" \/>\n<meta property=\"og:image\" content=\"https:\/\/www.meydan.tv\/wp-content\/uploads\/26671.jpg\" \/>\n\t<meta property=\"og:image:width\" content=\"699\" \/>\n\t<meta property=\"og:image:height\" content=\"400\" \/>\n\t<meta property=\"og:image:type\" content=\"image\/jpeg\" \/>\n<meta name=\"author\" content=\"user-manager\" \/>\n<meta name=\"twitter:card\" content=\"summary_large_image\" \/>\n<script type=\"application\/ld+json\" class=\"yoast-schema-graph\">{\"@context\":\"https:\\\/\\\/schema.org\",\"@graph\":[{\"@type\":\"Article\",\"@id\":\"https:\\\/\\\/www.meydan.tv\\\/az\\\/article\\\/nemet-eliyev-ozune-hormet-eden-hokumet-istefa-vermeli-idi\\\/#article\",\"isPartOf\":{\"@id\":\"https:\\\/\\\/www.meydan.tv\\\/az\\\/article\\\/nemet-eliyev-ozune-hormet-eden-hokumet-istefa-vermeli-idi\\\/\"},\"author\":{\"name\":\"user-manager\",\"@id\":\"https:\\\/\\\/www.meydan.tv\\\/az\\\/#\\\/schema\\\/person\\\/10d11eccf6da3662cf5fdab9806ea91a\"},\"headline\":\"Nem\u0259t \u018fliyev: \u00d6z\u00fcn\u0259 h\u00f6rm\u0259t ed\u0259n h\u00f6kum\u0259t istefa verm\u0259li idi\",\"datePublished\":\"2016-10-07T01:06:40+00:00\",\"mainEntityOfPage\":{\"@id\":\"https:\\\/\\\/www.meydan.tv\\\/az\\\/article\\\/nemet-eliyev-ozune-hormet-eden-hokumet-istefa-vermeli-idi\\\/\"},\"wordCount\":848,\"publisher\":{\"@id\":\"https:\\\/\\\/www.meydan.tv\\\/az\\\/#organization\"},\"image\":{\"@id\":\"https:\\\/\\\/www.meydan.tv\\\/az\\\/article\\\/nemet-eliyev-ozune-hormet-eden-hokumet-istefa-vermeli-idi\\\/#primaryimage\"},\"thumbnailUrl\":\"https:\\\/\\\/www.meydan.tv\\\/wp-content\\\/uploads\\\/26671.jpg\",\"articleSection\":[\"Analitika\"],\"inLanguage\":\"az\"},{\"@type\":\"WebPage\",\"@id\":\"https:\\\/\\\/www.meydan.tv\\\/az\\\/article\\\/nemet-eliyev-ozune-hormet-eden-hokumet-istefa-vermeli-idi\\\/\",\"url\":\"https:\\\/\\\/www.meydan.tv\\\/az\\\/article\\\/nemet-eliyev-ozune-hormet-eden-hokumet-istefa-vermeli-idi\\\/\",\"name\":\"Nem\u0259t \u018fliyev: \u00d6z\u00fcn\u0259 h\u00f6rm\u0259t ed\u0259n h\u00f6kum\u0259t istefa verm\u0259li idi - MEYDAN.TV\",\"isPartOf\":{\"@id\":\"https:\\\/\\\/www.meydan.tv\\\/az\\\/#website\"},\"primaryImageOfPage\":{\"@id\":\"https:\\\/\\\/www.meydan.tv\\\/az\\\/article\\\/nemet-eliyev-ozune-hormet-eden-hokumet-istefa-vermeli-idi\\\/#primaryimage\"},\"image\":{\"@id\":\"https:\\\/\\\/www.meydan.tv\\\/az\\\/article\\\/nemet-eliyev-ozune-hormet-eden-hokumet-istefa-vermeli-idi\\\/#primaryimage\"},\"thumbnailUrl\":\"https:\\\/\\\/www.meydan.tv\\\/wp-content\\\/uploads\\\/26671.jpg\",\"datePublished\":\"2016-10-07T01:06:40+00:00\",\"breadcrumb\":{\"@id\":\"https:\\\/\\\/www.meydan.tv\\\/az\\\/article\\\/nemet-eliyev-ozune-hormet-eden-hokumet-istefa-vermeli-idi\\\/#breadcrumb\"},\"inLanguage\":\"az\",\"potentialAction\":[{\"@type\":\"ReadAction\",\"target\":[\"https:\\\/\\\/www.meydan.tv\\\/az\\\/article\\\/nemet-eliyev-ozune-hormet-eden-hokumet-istefa-vermeli-idi\\\/\"]}]},{\"@type\":\"ImageObject\",\"inLanguage\":\"az\",\"@id\":\"https:\\\/\\\/www.meydan.tv\\\/az\\\/article\\\/nemet-eliyev-ozune-hormet-eden-hokumet-istefa-vermeli-idi\\\/#primaryimage\",\"url\":\"https:\\\/\\\/www.meydan.tv\\\/wp-content\\\/uploads\\\/26671.jpg\",\"contentUrl\":\"https:\\\/\\\/www.meydan.tv\\\/wp-content\\\/uploads\\\/26671.jpg\",\"width\":699,\"height\":400,\"caption\":\"Source:\"},{\"@type\":\"BreadcrumbList\",\"@id\":\"https:\\\/\\\/www.meydan.tv\\\/az\\\/article\\\/nemet-eliyev-ozune-hormet-eden-hokumet-istefa-vermeli-idi\\\/#breadcrumb\",\"itemListElement\":[{\"@type\":\"ListItem\",\"position\":1,\"name\":\"Ana s\u0259hif\u0259\",\"item\":\"https:\\\/\\\/www.meydan.tv\\\/az\\\/\"},{\"@type\":\"ListItem\",\"position\":2,\"name\":\"Analitika\",\"item\":\"https:\\\/\\\/www.meydan.tv\\\/az\\\/section\\\/analitika\\\/\"},{\"@type\":\"ListItem\",\"position\":3,\"name\":\"Nem\u0259t \u018fliyev: \u00d6z\u00fcn\u0259 h\u00f6rm\u0259t ed\u0259n h\u00f6kum\u0259t istefa verm\u0259li idi\"}]},{\"@type\":\"WebSite\",\"@id\":\"https:\\\/\\\/www.meydan.tv\\\/az\\\/#website\",\"url\":\"https:\\\/\\\/www.meydan.tv\\\/az\\\/\",\"name\":\"MEYDAN.TV\",\"description\":\"Meydan TV Az\u0259rbaycan\u0131n media m\u0259kan\u0131ndak\u0131 alternativ s\u0259sidir\",\"publisher\":{\"@id\":\"https:\\\/\\\/www.meydan.tv\\\/az\\\/#organization\"},\"potentialAction\":[{\"@type\":\"SearchAction\",\"target\":{\"@type\":\"EntryPoint\",\"urlTemplate\":\"https:\\\/\\\/www.meydan.tv\\\/az\\\/?s={search_term_string}\"},\"query-input\":{\"@type\":\"PropertyValueSpecification\",\"valueRequired\":true,\"valueName\":\"search_term_string\"}}],\"inLanguage\":\"az\"},{\"@type\":\"Organization\",\"@id\":\"https:\\\/\\\/www.meydan.tv\\\/az\\\/#organization\",\"name\":\"Meydan TV\",\"url\":\"https:\\\/\\\/www.meydan.tv\\\/az\\\/\",\"logo\":{\"@type\":\"ImageObject\",\"inLanguage\":\"az\",\"@id\":\"https:\\\/\\\/www.meydan.tv\\\/az\\\/#\\\/schema\\\/logo\\\/image\\\/\",\"url\":\"https:\\\/\\\/www.meydan.tv\\\/wp-content\\\/uploads\\\/2021\\\/07\\\/meydan-logo.svg\",\"contentUrl\":\"https:\\\/\\\/www.meydan.tv\\\/wp-content\\\/uploads\\\/2021\\\/07\\\/meydan-logo.svg\",\"width\":195,\"height\":46,\"caption\":\"Meydan TV\"},\"image\":{\"@id\":\"https:\\\/\\\/www.meydan.tv\\\/az\\\/#\\\/schema\\\/logo\\\/image\\\/\"}},{\"@type\":\"Person\",\"@id\":\"https:\\\/\\\/www.meydan.tv\\\/az\\\/#\\\/schema\\\/person\\\/10d11eccf6da3662cf5fdab9806ea91a\",\"name\":\"user-manager\"}]}<\/script>\n<!-- \/ Yoast SEO plugin. -->","yoast_head_json":{"title":"Nem\u0259t \u018fliyev: \u00d6z\u00fcn\u0259 h\u00f6rm\u0259t ed\u0259n h\u00f6kum\u0259t istefa verm\u0259li idi - MEYDAN.TV","robots":{"index":"index","follow":"follow","max-snippet":"max-snippet:-1","max-image-preview":"max-image-preview:large","max-video-preview":"max-video-preview:-1"},"canonical":"https:\/\/www.meydan.tv\/az\/article\/nemet-eliyev-ozune-hormet-eden-hokumet-istefa-vermeli-idi\/","og_locale":"az_AZ","og_type":"article","og_title":"Nem\u0259t \u018fliyev: \u00d6z\u00fcn\u0259 h\u00f6rm\u0259t ed\u0259n h\u00f6kum\u0259t istefa verm\u0259li idi - MEYDAN.TV","og_description":"''B\u0259lk\u0259 d\u0259 o q\u0259d\u0259r v\u0259saitl\u0259 Az\u0259rbaycan\u0131 yenid\u0259n qurmaq m\u00fcmk\u00fcn idi''","og_url":"https:\/\/www.meydan.tv\/az\/article\/nemet-eliyev-ozune-hormet-eden-hokumet-istefa-vermeli-idi\/","og_site_name":"MEYDAN.TV","article_published_time":"2016-10-07T01:06:40+00:00","og_image":[{"width":699,"height":400,"url":"https:\/\/www.meydan.tv\/wp-content\/uploads\/26671.jpg","type":"image\/jpeg"}],"author":"user-manager","twitter_card":"summary_large_image","schema":{"@context":"https:\/\/schema.org","@graph":[{"@type":"Article","@id":"https:\/\/www.meydan.tv\/az\/article\/nemet-eliyev-ozune-hormet-eden-hokumet-istefa-vermeli-idi\/#article","isPartOf":{"@id":"https:\/\/www.meydan.tv\/az\/article\/nemet-eliyev-ozune-hormet-eden-hokumet-istefa-vermeli-idi\/"},"author":{"name":"user-manager","@id":"https:\/\/www.meydan.tv\/az\/#\/schema\/person\/10d11eccf6da3662cf5fdab9806ea91a"},"headline":"Nem\u0259t \u018fliyev: \u00d6z\u00fcn\u0259 h\u00f6rm\u0259t ed\u0259n h\u00f6kum\u0259t istefa verm\u0259li idi","datePublished":"2016-10-07T01:06:40+00:00","mainEntityOfPage":{"@id":"https:\/\/www.meydan.tv\/az\/article\/nemet-eliyev-ozune-hormet-eden-hokumet-istefa-vermeli-idi\/"},"wordCount":848,"publisher":{"@id":"https:\/\/www.meydan.tv\/az\/#organization"},"image":{"@id":"https:\/\/www.meydan.tv\/az\/article\/nemet-eliyev-ozune-hormet-eden-hokumet-istefa-vermeli-idi\/#primaryimage"},"thumbnailUrl":"https:\/\/www.meydan.tv\/wp-content\/uploads\/26671.jpg","articleSection":["Analitika"],"inLanguage":"az"},{"@type":"WebPage","@id":"https:\/\/www.meydan.tv\/az\/article\/nemet-eliyev-ozune-hormet-eden-hokumet-istefa-vermeli-idi\/","url":"https:\/\/www.meydan.tv\/az\/article\/nemet-eliyev-ozune-hormet-eden-hokumet-istefa-vermeli-idi\/","name":"Nem\u0259t \u018fliyev: \u00d6z\u00fcn\u0259 h\u00f6rm\u0259t ed\u0259n h\u00f6kum\u0259t istefa verm\u0259li idi - MEYDAN.TV","isPartOf":{"@id":"https:\/\/www.meydan.tv\/az\/#website"},"primaryImageOfPage":{"@id":"https:\/\/www.meydan.tv\/az\/article\/nemet-eliyev-ozune-hormet-eden-hokumet-istefa-vermeli-idi\/#primaryimage"},"image":{"@id":"https:\/\/www.meydan.tv\/az\/article\/nemet-eliyev-ozune-hormet-eden-hokumet-istefa-vermeli-idi\/#primaryimage"},"thumbnailUrl":"https:\/\/www.meydan.tv\/wp-content\/uploads\/26671.jpg","datePublished":"2016-10-07T01:06:40+00:00","breadcrumb":{"@id":"https:\/\/www.meydan.tv\/az\/article\/nemet-eliyev-ozune-hormet-eden-hokumet-istefa-vermeli-idi\/#breadcrumb"},"inLanguage":"az","potentialAction":[{"@type":"ReadAction","target":["https:\/\/www.meydan.tv\/az\/article\/nemet-eliyev-ozune-hormet-eden-hokumet-istefa-vermeli-idi\/"]}]},{"@type":"ImageObject","inLanguage":"az","@id":"https:\/\/www.meydan.tv\/az\/article\/nemet-eliyev-ozune-hormet-eden-hokumet-istefa-vermeli-idi\/#primaryimage","url":"https:\/\/www.meydan.tv\/wp-content\/uploads\/26671.jpg","contentUrl":"https:\/\/www.meydan.tv\/wp-content\/uploads\/26671.jpg","width":699,"height":400,"caption":"Source:"},{"@type":"BreadcrumbList","@id":"https:\/\/www.meydan.tv\/az\/article\/nemet-eliyev-ozune-hormet-eden-hokumet-istefa-vermeli-idi\/#breadcrumb","itemListElement":[{"@type":"ListItem","position":1,"name":"Ana s\u0259hif\u0259","item":"https:\/\/www.meydan.tv\/az\/"},{"@type":"ListItem","position":2,"name":"Analitika","item":"https:\/\/www.meydan.tv\/az\/section\/analitika\/"},{"@type":"ListItem","position":3,"name":"Nem\u0259t \u018fliyev: \u00d6z\u00fcn\u0259 h\u00f6rm\u0259t ed\u0259n h\u00f6kum\u0259t istefa verm\u0259li idi"}]},{"@type":"WebSite","@id":"https:\/\/www.meydan.tv\/az\/#website","url":"https:\/\/www.meydan.tv\/az\/","name":"MEYDAN.TV","description":"Meydan TV Az\u0259rbaycan\u0131n media m\u0259kan\u0131ndak\u0131 alternativ s\u0259sidir","publisher":{"@id":"https:\/\/www.meydan.tv\/az\/#organization"},"potentialAction":[{"@type":"SearchAction","target":{"@type":"EntryPoint","urlTemplate":"https:\/\/www.meydan.tv\/az\/?s={search_term_string}"},"query-input":{"@type":"PropertyValueSpecification","valueRequired":true,"valueName":"search_term_string"}}],"inLanguage":"az"},{"@type":"Organization","@id":"https:\/\/www.meydan.tv\/az\/#organization","name":"Meydan TV","url":"https:\/\/www.meydan.tv\/az\/","logo":{"@type":"ImageObject","inLanguage":"az","@id":"https:\/\/www.meydan.tv\/az\/#\/schema\/logo\/image\/","url":"https:\/\/www.meydan.tv\/wp-content\/uploads\/2021\/07\/meydan-logo.svg","contentUrl":"https:\/\/www.meydan.tv\/wp-content\/uploads\/2021\/07\/meydan-logo.svg","width":195,"height":46,"caption":"Meydan TV"},"image":{"@id":"https:\/\/www.meydan.tv\/az\/#\/schema\/logo\/image\/"}},{"@type":"Person","@id":"https:\/\/www.meydan.tv\/az\/#\/schema\/person\/10d11eccf6da3662cf5fdab9806ea91a","name":"user-manager"}]}},"_links":{"self":[{"href":"https:\/\/www.meydan.tv\/az\/wp-json\/wp\/v2\/posts\/179419","targetHints":{"allow":["GET"]}}],"collection":[{"href":"https:\/\/www.meydan.tv\/az\/wp-json\/wp\/v2\/posts"}],"about":[{"href":"https:\/\/www.meydan.tv\/az\/wp-json\/wp\/v2\/types\/post"}],"author":[{"embeddable":true,"href":"https:\/\/www.meydan.tv\/az\/wp-json\/wp\/v2\/users\/11"}],"replies":[{"embeddable":true,"href":"https:\/\/www.meydan.tv\/az\/wp-json\/wp\/v2\/comments?post=179419"}],"version-history":[{"count":0,"href":"https:\/\/www.meydan.tv\/az\/wp-json\/wp\/v2\/posts\/179419\/revisions"}],"wp:featuredmedia":[{"embeddable":true,"href":"https:\/\/www.meydan.tv\/az\/wp-json\/wp\/v2\/media\/69748"}],"wp:attachment":[{"href":"https:\/\/www.meydan.tv\/az\/wp-json\/wp\/v2\/media?parent=179419"}],"wp:term":[{"taxonomy":"category","embeddable":true,"href":"https:\/\/www.meydan.tv\/az\/wp-json\/wp\/v2\/categories?post=179419"},{"taxonomy":"post_tag","embeddable":true,"href":"https:\/\/www.meydan.tv\/az\/wp-json\/wp\/v2\/tags?post=179419"}],"curies":[{"name":"wp","href":"https:\/\/api.w.org\/{rel}","templated":true}]}}