{"id":179410,"date":"2016-10-06T19:49:00","date_gmt":"2016-10-06T19:49:00","guid":{"rendered":"https:\/\/www.meydan.tv\/article\/ne-etmeli-2\/"},"modified":"2016-10-06T19:49:00","modified_gmt":"2016-10-06T19:49:00","slug":"ne-etmeli-2","status":"publish","type":"post","link":"https:\/\/www.meydan.tv\/az\/article\/ne-etmeli-2\/","title":{"rendered":"&#8221;N\u0259 etm\u0259li?&#8221;"},"content":{"rendered":"<figure class=\"wp-block-image size-large\">\n  <img decoding=\"async\" src=\"https:\/\/www.meydan.tv\/az\/63017\/\" alt=\"\" class=\"wp-image-63017\"\/><figcaption><\/figcaption><\/figure>\n<figure class=\"wp-block-image size-large\">\n  <img decoding=\"async\" src=\"https:\/\/www.meydan.tv\/az\/63020\/\" alt=\"\" class=\"wp-image-63020\"\/><figcaption><\/figcaption><\/figure>\n<p>\n  Stefan Zveyq &#8220;D\u00fcn\u0259nin D\u00fcnyas\u0131&#8221; \u0259s\u0259rind\u0259 Vyanada varl\u0131 y\u0259hudil\u0259rin m\u0259d\u0259niyy\u0259t adamlar\u0131na, yaz\u0131\u00e7\u0131lara, r\u0259ssamlara, \u015fairl\u0259r\u0259 v\u0259 dig\u0259rl\u0259rin\u0259 n\u0259 \u00fc\u00e7\u00fcn yard\u0131m etm\u0259sini t\u0259xmin\u0259n bel\u0259 izah edir ki, Avstriyada ya\u015fayan varl\u0131 y\u0259hudil\u0259r onlar\u0131n yaln\u0131z bankir, s\u0259naye\u00e7i v\u0259 tacir kimi tan\u0131nmas\u0131n\u0131 ist\u0259m\u0259dikl\u0259rind\u0259n m\u0259d\u0259niyy\u0259t\u0259, inc\u0259s\u0259n\u0259t\u0259 pul x\u0259rcl\u0259yirdil\u0259r. H\u0259r bir varl\u0131 y\u0259hudi, inc\u0259s\u0259n\u0259t adam\u0131 olan y\u0259hudiy\u0259 maddi d\u0259st\u0259k olmaq, ona yard\u0131m etm\u0259kl\u0259 f\u0259xr edirdi. \u00c7\u00fcnki onlar y\u0259hudi xalq\u0131n\u0131n, yaln\u0131z \u00f6z bankiri, taciri il\u0259 yadda qalmas\u0131n\u0131 ist\u0259mir, y\u0259hudil\u0259rin m\u0259d\u0259niyy\u0259td\u0259 d\u0259 u\u011fur qazana bil\u0259c\u0259kl\u0259rini s\u00fcbut etm\u0259k ist\u0259yirdil\u0259r.\n<\/p>\n<p>\n  T\u0259bii ki, klassik musiqinin, \u0259d\u0259biyyat\u0131n, bir s\u00f6zl\u0259, m\u0259d\u0259niyy\u0259tin fontan vurdu\u011fu Vyana kimi bir m\u00fchitd\u0259 yaln\u0131z pul il\u0259 u\u011fur qazanmaq, c\u0259miyy\u0259td\u0259 \u00f6z\u00fcn\u0259 yer tutmaq, \u00f6z\u00fcn\u00fc t\u0259sdiq etm\u0259k m\u00fc\u015fk\u00fcl m\u0259s\u0259l\u0259 idi. \u00dcmumilikd\u0259, d\u00fcnyada y\u0259hdulil\u0259r\u0259 olan m\u0259nfi m\u00fcnasib\u0259t, onlar\u0131n s\u0259l\u0259m\u00e7i, bankir, tacir, bir s\u00f6zl\u0259, merkantil kimi tan\u0131n\u0131b al\u00e7ald\u0131lmas\u0131, m\u0259d\u0259niyy\u0259tsiz dam\u011fas\u0131 yem\u0259si Vyanadan da yan ke\u00e7m\u0259mi\u015fdi. Varl\u0131 Vyana y\u0259hudil\u0259rinin \u00f6z mill\u0259tind\u0259n olan m\u0259d\u0259niyy\u0259t v\u0259 elm adamlar\u0131na etdikl\u0259ri yard\u0131mlar\u0131 &#8220;\u0259skiklik kompleksi&#8221;, c\u0259miyy\u0259td\u0259 \u00f6z\u00fcn\u0259 yer tutmaq ist\u0259yi v\u0259 s. bir \u00e7ox faktorlla izah el\u0259m\u0259k olar. Amma b\u00fct\u00fcn bunlar \u0259sas olan fakt\u0131 d\u0259yi\u015fmir, y\u0259ni, varl\u0131 y\u0259hudinin bir istedad i\u015fart\u0131s\u0131 olan dig\u0259r y\u0259hudiy\u0259 yard\u0131m etm\u0259si, ona d\u0259st\u0259k olmas\u0131 v\u0259 h\u0259tta onunla f\u0259xr etm\u0259sini. Zveyq d\u0259 h\u0259min y\u0259hudil\u0259rd\u0259n biri idi. Zveyqin fonunda biz, maddi kapital\u0131n nec\u0259 m\u0259n\u0259vi kapitala \u00e7eviril\u0259 bildiyini g\u00f6r\u00fcr\u00fck.\n<\/p>\n<p>\n  Bu g\u00fcnl\u0259rd\u0259, Jan Jak Russonun &#8220;Etiraflar&#8221; \u0259s\u0259rini oxuyurdum. Frans\u0131z \u0130nqilab\u0131n\u0131n, h\u0259min o kral\u0131n ba\u015f\u0131n\u0131n vuruldu\u011fu inqilab\u0131n, fikir atas\u0131 say\u0131lan bu adam\u0131n ke\u00e7diyi h\u0259yat yolu kim\u0259 maraql\u0131 deyil ki?!\n<\/p>\n<p>\n  Kitabda bu b\u00f6y\u00fck adam\u0131n ke\u00e7diyi yolda qar\u015f\u0131la\u015fd\u0131\u011f\u0131 \u0259ziyy\u0259tl\u0259r, yeniyetm\u0259 ya\u015f\u0131nda evi t\u0259rk etm\u0259si, yal\u0131n ayaqla Avropan\u0131 g\u0259zintiy\u0259 \u00e7\u0131xmas\u0131, m\u00fcxt\u0259lif i\u015fl\u0259rd\u0259 i\u015fl\u0259m\u0259si, maddi \u00e7\u0259tinikl\u0259r \u00e7\u0259km\u0259si, ac qalmas\u0131, insanlarla olan m\u00fcnasib\u04d9tl\u0259ri, sevgi xatir\u0259l\u0259ri, oxudu\u011fu kitablar, dostlar\u0131 t\u0259rfind\u0259n sat\u0131lmas\u0131, \u0130sve\u00e7r\u0259d\u0259n qovulmas\u0131, Fransada m\u0259sk\u0259n salmas\u0131 v\u0259 s. bu kimi \u00e7oxsayl\u0131 maraql\u0131 s\u00f6hb\u0259tl\u0259r var.<br \/>\n  <br \/>\n  Kitab\u0131 oxuduqca, bu adam\u0131n \u00e7oxlu sayda insan t\u0259r\u0259find\u0259n haqs\u0131zl\u0131\u011fa u\u011framas\u0131 diqq\u0259timi \u00e7\u0259kirdi. El\u0259 q\u0259fild\u0259n a\u011fl\u0131ma bir sual g\u0259ldi. Bu adama bu q\u0259d\u0259r pislik etmi\u015f adamlar indi hardad\u0131r? \u00d6z\u00fc d\u0259 bu adamlar n\u0259 az, n\u0259 \u00e7ox, d\u00f6vr\u00fcn\u00fcn iri \u00e7apl\u0131 feodallar\u0131, h\u0259tta kral ail\u0259sinin \u00fczvl\u0259ri olublar. \u0130ndi ayd\u0131n olan budur ki, onlar\u0131n ham\u0131s\u0131 d\u00fcnya tarixinin zibilliyin\u0259 gedib, Russo is\u0259 d\u00fcnya durduqca varl\u0131\u011f\u0131n\u0131 qoruyacaq. Amma Russonun h\u0259yat\u0131nda d\u00f6vr\u00fcn\u00fcn, saylar\u0131 az da olsa, varl\u0131, n\u00fcfuzlu adamlar\u0131 m\u00fcsb\u0259t m\u0259nada m\u00fc\u0259yy\u0259n rol oynay\u0131b. Onlar Russoya m\u00fcxt\u0259lif vaxtlarda, m\u00fcxt\u0259lif yard\u0131mlar edib, evsiz qald\u0131qda ev, pulsuz qald\u0131qda pul verib. Russo kitab\u0131nda bu adamlara d\u0259rin minn\u0259tdarl\u0131q duy\u011fusu il\u0259 t\u0259\u015f\u0259kk\u00fcr\u00fcn\u00fc \u00e7atd\u0131r\u0131b.\n<\/p>\n<p>\n  Russo isve\u00e7r\u0259li idi, amma \u00e7oxumuz onu frans\u0131z kimi tan\u0131y\u0131r\u0131q. S\u0259b\u0259b sad\u0259dir. Ona g\u00f6r\u0259 ki, d\u00f6vr\u00fcn\u00fcn konservativ isve\u00e7r\u0259lil\u0259ri bu ayd\u0131n insan\u0131 \u00f6lk\u0259d\u0259n qovanda frans\u0131zlar ona qucaq a\u00e7\u0131b, d\u0259st\u0259k olub. H\u0259tta v\u0259ziyy\u0259t o d\u0259r\u0259c\u0259y\u0259 \u00e7at\u0131b ki, Russo \u0130sve\u00e7r\u0259 v\u0259t\u0259nda\u015fl\u0131\u011f\u0131ndan imtina edib. Bununla da, tarixin ta o zaman\u0131ndan \u0130sve\u00e7r\u0259 bu adamla f\u0259xr etm\u0259k, onu \u00f6z\u00fcnd\u0259n biri saymaq haqq\u0131n\u0131 itirib.<br \/>\n  <br \/>\n  \u0130ndi \u0259sas olanlar\u0131 deyim:\n<\/p>\n<p>\n  Az\u0259rbaycanl\u0131lar da, dig\u0259r mill\u0259tl\u0259r kimi, onun torpa\u011f\u0131ndan \u00e7\u0131xan, onun v\u0259t\u0259nind\u0259 do\u011fulan m\u0259\u015fhur insanlarla f\u0259xr etm\u0259yi sevir. Amma az\u0259rbaycanl\u0131lar onlar\u0131n g\u0259l\u0259c\u0259kd\u0259 f\u0259xr ed\u0259c\u0259yi insanlar\u0131n he\u00e7 birin\u0259 yard\u0131m etm\u0259yi, onlara d\u0259st\u0259k olma\u011f\u0131 q\u0259ti q\u0259bul etmir. Bu kimi onlarla insan v\u0259t\u0259nind\u0259 yad qald\u0131\u011f\u0131ndan ya \u00f6lk\u0259ni t\u0259rk edir, ya da m\u0259hv olub gedir. \u00d6lk\u0259d\u0259n ged\u0259n insanlar i\u00e7\u0259risind\u0259n bir g\u00fcn m\u0259\u015fhur alim, m\u0259d\u0259niyy\u0259t adam\u0131 \u00e7\u0131xacaqsa, bunun Az\u0259rbaycana v\u0259 az\u0259rbaycanl\u0131ya he\u00e7 bir aidiyyat\u0131 olmayacaq (isve\u00e7r\u0259lil\u0259rin n\u00fcmun\u0259sin\u0259 bax\u0131n). AB\u015e-a, Avropaya v\u0259 s. &#8211; bu kimi yerl\u0259r\u0259 gedib u\u011fur qazanacaq ist\u0259nil\u0259n az\u0259rbaycanl\u0131 ona bu u\u011fura catma\u011fa k\u00f6m\u0259k ed\u0259n c\u0259miyy\u0259tin f\u0259xri olacaq.\n<\/p>\n<p>\n  M\u0259s\u0259l\u0259n, c\u0259miyy\u0259t olaraq g\u00f6zl\u0259yirik ki, bizim yaz\u0131\u00e7\u0131lar\u0131m\u0131z, ailml\u0259rimiz d\u0259 &#8220;Nobel&#8221; m\u00fckafat\u0131 als\u0131n. Kim ist\u0259m\u0259z ki? Amma c\u0259miyy\u0259timizd\u0259 milyonlara sahib y\u00fczl\u0259rl\u0259 adam\u0131n hans\u0131n\u0131 yoxlasan, g\u00f6r\u0259c\u0259ks\u0259n ki, h\u0259yat\u0131 boyu bir elm v\u0259 ya inc\u0259s\u0259n\u0259t adam\u0131na on manat pul x\u0259rcl\u0259m\u0259yib. O ki qala onun t\u0259hsilin\u0259, kitab\u0131na pul x\u0259rcl\u0259y\u0259. Yax\u015f\u0131 dey\u0259k ki, h\u0259r \u015feyd\u0259 oldu\u011fu kimi bu inc\u0259s\u0259n\u0259t sah\u0259si d\u0259 ona d\u0259xli olmayan adamlar\u0131n monopoliyas\u0131ndad\u0131r. Bu i\u015f\u0259 giri\u015f\u0259n adam siyasi hakimiyy\u0259tin \u015f\u00fcbh\u0259li n\u0259z\u0259rl\u0259rin\u0259 tu\u015f g\u0259lir. Ona g\u00f6r\u0259 d\u0259 adamlar inc\u0259s\u0259n\u0259t sah\u0259sin\u0259 k\u00f6m\u0259k etm\u0259kd\u0259n, yard\u0131m etm\u0259kd\u0259n qorxur. Amma, m\u0259nc\u0259, bu b\u0259han\u0259dir, ortada \u00e7oxlu sayda varl\u0131 insan var ki, onlar\u0131n yard\u0131mlar\u0131 he\u00e7 kimin vecin\u0259 d\u0259 olas\u0131 deyil. Amma etmirl\u0259r. H\u0259l\u0259 bunun Avropada, Amerikada, Rusiyada v\u0259 dig\u0259r biz bilm\u0259diyimiz xarici \u00f6lk\u0259l\u0259rd\u0259 ya\u015fayan onlarla milyon\u00e7usu var. H\u0259tta dey\u0259k ki, \u00f6lk\u0259d\u0259 olanlar hakimiyy\u0259tin qorxusundan bunu ed\u0259 bilmir (ki \u0259slind\u0259, bu fikri q\u0259ti q\u0259bul etmir\u0259m), b\u0259s, xaricd\u0259 olanlara n\u0259 g\u0259lib? Ya\u015fad\u0131qlar\u0131 \u00f6lk\u0259l\u0259rin ab-havas\u0131 bunlara niy\u0259 d\u0259ym\u0259yib?\n<\/p>\n<p>\n  Niy\u0259 bel\u04d9 i\u015f bu q\u0259d\u0259r \u00e7\u0259tin olmal\u0131d\u0131r? M\u0259s\u0259l\u0259n, adi g\u00f6t\u00fcr\u0259k kitab i\u015fini. Kitab\u0131n t\u0259rc\u00fcm\u0259si, kitablar\u0131n n\u0259\u015fri \u00fc\u00e7\u00fcn he\u00e7mi ver\u0259c\u0259kl\u0259ri pullar\u0131 yoxdur? M\u0259g\u0259r a\u011f\u0131zdolusu t\u0259rifl\u0259dikl\u0259ri \u00f6lk\u0259l\u0259rin m\u0259d\u0259niyy\u0259tinin n\u0259l\u0259rin hesab\u0131na yarand\u0131\u011f\u0131na he\u00e7mi fikir verm\u0259yibl\u0259r?\n<\/p>\n<p>\n  B\u0259s, yax\u015f\u0131 bu adamlar pullar\u0131n\u0131 n\u0259y\u0259 x\u0259rcl\u0259yir, g\u00f6r\u0259s\u0259n? &#8220;Man\u0131s&#8221;lara v\u0259 idman\u00e7\u0131lara, \u00e7in s\u0259ddi kimi hasarlad\u0131qlar\u0131 evl\u0259r\u0259, ma\u015f\u0131nlara. Daxil\u0259n o q\u0259d\u0259r kasadd\u0131rlar ki, a\u011f\u0131llar\u0131na pulu x\u0259rcl\u0259y\u0259 bil\u0259c\u0259kl\u0259ri ba\u015fqa he\u00e7 n\u0259 g\u0259lmir.\n<\/p>\n<p>\n  Bu kimi insanlar\u0131n i\u00e7\u0259risind\u0259 el\u0259l\u0259ri d\u0259 var ki \u2013 qeyd ed\u0259k ki, onlar x\u00fcsusi tipl\u0259rdir, unikal iki\u00fczl\u00fcl\u00fckl\u0259ri il\u0259 se\u00e7ilirl\u0259r &#8211; h\u0259r g\u00fcn m\u0259d\u0259niyy\u0259td\u0259n d\u0259m vursalar da, m\u0259d\u0259niyy\u0259t ad\u0131na iki q\u0259pik d\u0259 x\u0259rcl\u0259m\u0259yibl\u0259r. M\u0259d\u0259niyy\u0259tsiz kimi baxd\u0131qlar\u0131 az\u0259rbaycanl\u0131n\u0131n m\u0259d\u0259ni olmas\u0131 \u00fc\u00e7\u00fcn \u0259ll\u0259rind\u0259 olan imkan\u0131 istifad\u0259 etm\u0259y\u0259n bu insanlar\u0131n, y\u00fcks\u0259k m\u0259d\u0259niyy\u0259td\u0259n dan\u0131\u015fmalar\u0131na q\u0259ti haqlar\u0131 \u00e7atmasa da, dan\u0131\u015f\u0131rlar. Bu adamlar q\u0259tiyy\u0259n &#8220;\u0259skiklik kompleksi&#8221; d\u0259 ke\u00e7irtmirl\u0259r ki, h\u0259r\u0259k\u0259t\u0259 g\u0259lsinl\u0259r. He\u00e7 olmasa, susa bil\u0259ydil\u0259r.\n<\/p>\n<p>\n  Bu \u00f6lk\u0259 \u00fc\u00e7\u00fcn bir \u0259d\u0259biyyat, bir r\u0259ssaml\u0131q, bir musiqi, bir kino, bir elm, bir t\u0259hsil fondu yaratmaq bu q\u0259d\u0259rmi \u00e7\u0259tindir? \u0130\u00e7l\u0259rind\u0259n ist\u0259nil\u0259n birinin ayl\u0131q x\u0259rcini ay\u0131rsan, h\u0259r sah\u0259 il\u0259 ba\u011fl\u0131 fond yaratmaq olar. Onlarla m\u00fcsabiq\u0259l\u0259r ke\u00e7irm\u0259k olar, onlarla istedal\u0131 u\u015fa\u011f\u0131 oxutmaq olar, onlarla kino \u00e7\u0259k\u0259 bil\u0259c\u0259k insanlar \u00fcz\u0259 \u00e7\u0131xarmaq olar, onlarla b\u0259dii istedadl\u0131 adam ortaya \u00e7\u0131xar.\n<\/p>\n<p>\n  Dey\u0259k ki, fond \u00e7ox bahal\u0131 f\u0259aliyy\u0259tdir. Xub.\n<\/p>\n<p>\n  Az\u0259rbaycanda kitab t\u0259rc\u00fcm\u0259 ed\u0259n, onu n\u0259\u015fr ed\u0259n adamlara bax\u0131rsan, g\u00f6r\u00fcrs\u0259n ki, z\u00fclml\u0259, min bir \u0259ziyy\u0259tl\u0259, yey\u0259c\u0259yi yem\u04d9kd\u0259n, gey\u0259c\u0259yi paltardan imtina edib kitab\u0131 t\u0259rc\u00fcm\u0259 edir, n\u0259\u015fr edir. Sonra bu kitab\u0131n sat\u0131\u015f\u0131na g\u0259l\u0259n insanlara bax\u0131rsan, g\u00f6r\u00fcrs\u0259n ki, cibl\u0259rind\u0259 iyirmi manatdan \u00e7ox pullar\u0131 yoxdur, amma g\u0259lib o kitab\u0131 al\u0131rlar. Bu, o q\u0259d\u0259r a\u011f\u0131r m\u0259nz\u0259r\u0259dir ki, deyil\u0259si d\u0259rd deyil. Amma yuxar\u0131da t\u0259svirini verdiyim varl\u0131 biri bu pulu t\u0259k bir g\u00fcnorta yem\u0259yin\u0259 x\u0259rcl\u0259yir.\n<\/p>\n<p>\n  Avropada, Amerikada, Yaponiyada (\u00e7ox uzaq oldusa, sevimli n\u00fcmun\u0259miz olan G\u00fcrc\u00fcstanda da) ya\u015fayan varl\u0131lar\u0131n art\u0131q \u00e7oxu bunu d\u0259rk etdiyind\u0259n, bu v\u0259 ya dig\u0259r \u015f\u0259kild\u0259 fondlara yat\u0131r\u0131mlar edir, m\u00fcxt\u0259lif elmi, m\u0259d\u0259ni layih\u04d9l\u0259r\u0259, g\u0259ncl\u0259rin t\u0259hsilin\u0259 milyonlar x\u0259rcl\u0259yirl\u0259r. Ara\u015fd\u0131rsan, bu adamlar\u0131n \u00e7oxusu simic \u00e7\u0131xacaq. Amma onlar tarixd\u0259 qalmaq \u00fc\u00e7\u00fcn \u0259ll\u0259rind\u0259n g\u0259l\u0259ni edirl\u0259r, onlar n\u0259 q\u0259d\u0259r varl\u0131 olsalar da, tarixd\u0259 varl\u0131 kimi yadda qalma\u011f\u0131n b\u0259s etm\u0259diyini, bu g\u00fcn\u0259 kimi millyonlarla bel\u0259 varl\u0131n\u0131n ads\u0131z-sans\u0131z yoxa \u00e7\u0131xd\u0131\u011f\u0131n\u0131 bilirl\u0259r.\n<\/p>\n<p>\n  Daha n\u0259s\u0259 dem\u0259y\u0259 ehtiyac varm\u0131? Haz\u0131rda Az\u0259rbaycanda, lap el\u0259 ondan k\u0259narda, milyardlara, y\u00fcz milyonlara sahib bir varl\u0131 az\u0259rbaycanl\u0131 g\u00f6st\u0259rin ki, bu kimi i\u015fl\u0259r edir. Yax\u015f\u0131 ki, tarix var v\u0259 o, bu kimi insanlara qar\u015f\u0131 da x\u00fcsusi amans\u0131zd\u0131r.\n<\/p>\n<p>\n  Bir daha Zveyqin yazd\u0131qlar\u0131na qay\u0131daq. &#8220;D\u00fcn\u0259nin D\u00fcnyas\u0131&#8221; \u0259s\u0259rini, y\u0259hudil\u0259rd\u0259n z\u0259ndeyyi-z\u0259hl\u0259si ged\u0259n, onlara &#8220;mason&#8221; deyib adlar\u0131na min \u015f\u0259r-\u015f\u0259b\u0259d\u0259 qo\u015fan b\u00fct\u00fcn m\u00fcs\u0259lmanlar diqq\u0259tl\u0259 oxumal\u0131d\u0131r. Y\u00fczmilyardlara sahib neftl\u0259 z\u0259ngin m\u00fcs\u0259lman d\u00fcnyas\u0131n\u0131n, indiki elm v\u0259 m\u0259d\u0259niyy\u0259t\u0259 he\u00e7 bir t\u00f6hv\u0259 ver\u0259 bilm\u0259m\u0259si d\u00fc\u015f\u00fcnd\u00fcr\u00fcc\u00fc suald\u0131r. Bu suala y\u0259hudi Zveyq, kitab\u0131nda cavab verib. Maddi kapital\u0131n m\u0259n\u0259vi kapitala \u00e7evrilm\u0259si \u00fc\u00e7\u00fcn laz\u0131m olan d\u00fcsturun, \u0259slind\u0259, \u00e7ox b\u0259sit oldu\u011funu g\u00f6st\u0259rib.\n<\/p>\n<p>\n  M\u00fcxt\u0259lif elm, m\u0259d\u0259niyy\u0259t sah\u0259sin\u0259 u\u011fur qazanm\u0131\u015f &#8220;y\u0259hudi m\u00f6c\u00fcz\u0259sini&#8221; m\u0259hz Sveyqin yazd\u0131\u011f\u0131 sad\u0259 d\u00fcsturda axtarmaq laz\u0131md\u0131r. Avropa y\u0259hudil\u0259ri sevir dey\u0259, onlar\u0131n elm adam\u0131na, yaz\u0131\u00e7\u0131s\u0131na &#8220;Nobel&#8221; m\u00fckafat\u0131 vermir. Lap d\u0259rin\u0259 gets\u0259n, Q\u0259rbin y\u0259hudiy\u0259 m\u00fcnasib\u0259ti m\u00fcs\u0259lmana m\u00fcnasib\u0259tind\u0259n daha q\u0259ddar olub. H\u0259l\u0259 indinin \u00f6z\u00fcnd\u0259 d\u0259, antisemitizim k\u00f6lg\u0259si oralarda dola\u015f\u0131r. Nasizmin n\u0259l\u0259r etdiyini m\u00fcs\u0259lmanlar unutsa da, tarix unutmay\u0131b. Dem\u0259k ki, d\u00fc\u015fd\u00fckl\u0259ri v\u0259ziyy\u0259tin s\u0259b\u0259bini \u00f6zl\u0259rind\u0259 axtarmal\u0131d\u0131rlar. \u0130ndi neft d\u0259 \u00f6z \u0259h\u0259miyy\u0259tini itirir, m\u0259zmunsuzluq daha qab\u0131r\u0131q \u015f\u0259kild\u0259 \u00fcz\u0259 \u00e7\u0131x\u0131r. M\u00fcs\u0259lmanlar ciddi-ciddi d\u00fc\u015f\u00fcnm\u0259li v\u0259 n\u0259hay\u0259t \u00fcz\u00fcn\u00fc insana \u00e7evirib, ona yat\u0131r\u0131m etm\u0259lidirl\u0259r.\n<\/p>\n<p>\n  <i><br \/>\n    <b><br \/>\n      Yaz\u0131 m\u00fc\u0259llifin fikirl\u0259rini \u0259ks etdirir v\u0259 Meydan TV-nin m\u00f6vqeyi il\u0259 \u00fcst-\u00fcst\u0259 d\u00fc\u015fm\u0259y\u0259 bil\u0259r.<br \/>\n    <\/b><br \/>\n  <\/i><\/p>\n","protected":false},"excerpt":{"rendered":"<p>Stefan Zveyq &#8220;D\u00fcn\u0259nin D\u00fcnyas\u0131&#8221; \u0259s\u0259rind\u0259 Vyanada varl\u0131 y\u0259hudil\u0259rin m\u0259d\u0259niyy\u0259t adamlar\u0131na, yaz\u0131\u00e7\u0131lara, r\u0259ssamlara, \u015fairl\u0259r\u0259 v\u0259 dig\u0259rl\u0259rin\u0259 n\u0259 \u00fc\u00e7\u00fcn yard\u0131m etm\u0259sini t\u0259xmin\u0259n bel\u0259 izah edir ki<\/p>\n","protected":false},"author":11,"featured_media":63017,"comment_status":"closed","ping_status":"open","sticky":false,"template":"","format":"standard","meta":{"_acf_changed":false,"_sitemap_exclude":false,"_sitemap_priority":"","_sitemap_frequency":"","footnotes":""},"categories":[57],"tags":[],"class_list":["post-179410","post","type-post","status-publish","format-standard","has-post-thumbnail","hentry","category-menim-fikrimce","infinite-scroll-item","generate-columns","tablet-grid-50","mobile-grid-100","grid-parent","grid-33","no-featured-image-padding"],"acf":[],"yoast_head":"<!-- This site is optimized with the Yoast SEO plugin v27.5 - https:\/\/yoast.com\/product\/yoast-seo-wordpress\/ -->\n<title>&#039;&#039;N\u0259 etm\u0259li?&#039;&#039; - MEYDAN.TV<\/title>\n<meta name=\"robots\" content=\"index, follow, max-snippet:-1, max-image-preview:large, max-video-preview:-1\" \/>\n<link rel=\"canonical\" href=\"https:\/\/www.meydan.tv\/az\/article\/ne-etmeli-2\/\" \/>\n<meta property=\"og:locale\" content=\"az_AZ\" \/>\n<meta property=\"og:type\" content=\"article\" \/>\n<meta property=\"og:title\" content=\"&#039;&#039;N\u0259 etm\u0259li?&#039;&#039; - MEYDAN.TV\" \/>\n<meta property=\"og:description\" content=\"Stefan Zveyq &quot;D\u00fcn\u0259nin D\u00fcnyas\u0131&quot; \u0259s\u0259rind\u0259 Vyanada varl\u0131 y\u0259hudil\u0259rin m\u0259d\u0259niyy\u0259t adamlar\u0131na, yaz\u0131\u00e7\u0131lara, r\u0259ssamlara, \u015fairl\u0259r\u0259 v\u0259 dig\u0259rl\u0259rin\u0259 n\u0259 \u00fc\u00e7\u00fcn yard\u0131m etm\u0259sini t\u0259xmin\u0259n bel\u0259 izah edir ki\" \/>\n<meta property=\"og:url\" content=\"https:\/\/www.meydan.tv\/az\/article\/ne-etmeli-2\/\" \/>\n<meta property=\"og:site_name\" content=\"MEYDAN.TV\" \/>\n<meta property=\"article:published_time\" content=\"2016-10-06T19:49:00+00:00\" \/>\n<meta property=\"og:image\" content=\"https:\/\/www.meydan.tv\/wp-content\/uploads\/24022.jpg\" \/>\n\t<meta property=\"og:image:width\" content=\"500\" \/>\n\t<meta property=\"og:image:height\" content=\"500\" \/>\n\t<meta property=\"og:image:type\" content=\"image\/jpeg\" \/>\n<meta name=\"author\" content=\"user-manager\" \/>\n<meta name=\"twitter:card\" content=\"summary_large_image\" \/>\n<script type=\"application\/ld+json\" class=\"yoast-schema-graph\">{\"@context\":\"https:\\\/\\\/schema.org\",\"@graph\":[{\"@type\":\"Article\",\"@id\":\"https:\\\/\\\/www.meydan.tv\\\/az\\\/article\\\/ne-etmeli-2\\\/#article\",\"isPartOf\":{\"@id\":\"https:\\\/\\\/www.meydan.tv\\\/az\\\/article\\\/ne-etmeli-2\\\/\"},\"author\":{\"name\":\"user-manager\",\"@id\":\"https:\\\/\\\/www.meydan.tv\\\/az\\\/#\\\/schema\\\/person\\\/10d11eccf6da3662cf5fdab9806ea91a\"},\"headline\":\"&#8221;N\u0259 etm\u0259li?&#8221;\",\"datePublished\":\"2016-10-06T19:49:00+00:00\",\"mainEntityOfPage\":{\"@id\":\"https:\\\/\\\/www.meydan.tv\\\/az\\\/article\\\/ne-etmeli-2\\\/\"},\"wordCount\":2074,\"publisher\":{\"@id\":\"https:\\\/\\\/www.meydan.tv\\\/az\\\/#organization\"},\"image\":{\"@id\":\"https:\\\/\\\/www.meydan.tv\\\/az\\\/article\\\/ne-etmeli-2\\\/#primaryimage\"},\"thumbnailUrl\":\"https:\\\/\\\/www.meydan.tv\\\/wp-content\\\/uploads\\\/24022.jpg\",\"articleSection\":[\"M\u0259nim Fikrimc\u0259\"],\"inLanguage\":\"az\"},{\"@type\":\"WebPage\",\"@id\":\"https:\\\/\\\/www.meydan.tv\\\/az\\\/article\\\/ne-etmeli-2\\\/\",\"url\":\"https:\\\/\\\/www.meydan.tv\\\/az\\\/article\\\/ne-etmeli-2\\\/\",\"name\":\"''N\u0259 etm\u0259li?'' - MEYDAN.TV\",\"isPartOf\":{\"@id\":\"https:\\\/\\\/www.meydan.tv\\\/az\\\/#website\"},\"primaryImageOfPage\":{\"@id\":\"https:\\\/\\\/www.meydan.tv\\\/az\\\/article\\\/ne-etmeli-2\\\/#primaryimage\"},\"image\":{\"@id\":\"https:\\\/\\\/www.meydan.tv\\\/az\\\/article\\\/ne-etmeli-2\\\/#primaryimage\"},\"thumbnailUrl\":\"https:\\\/\\\/www.meydan.tv\\\/wp-content\\\/uploads\\\/24022.jpg\",\"datePublished\":\"2016-10-06T19:49:00+00:00\",\"breadcrumb\":{\"@id\":\"https:\\\/\\\/www.meydan.tv\\\/az\\\/article\\\/ne-etmeli-2\\\/#breadcrumb\"},\"inLanguage\":\"az\",\"potentialAction\":[{\"@type\":\"ReadAction\",\"target\":[\"https:\\\/\\\/www.meydan.tv\\\/az\\\/article\\\/ne-etmeli-2\\\/\"]}]},{\"@type\":\"ImageObject\",\"inLanguage\":\"az\",\"@id\":\"https:\\\/\\\/www.meydan.tv\\\/az\\\/article\\\/ne-etmeli-2\\\/#primaryimage\",\"url\":\"https:\\\/\\\/www.meydan.tv\\\/wp-content\\\/uploads\\\/24022.jpg\",\"contentUrl\":\"https:\\\/\\\/www.meydan.tv\\\/wp-content\\\/uploads\\\/24022.jpg\",\"width\":500,\"height\":500,\"caption\":\"Source:\"},{\"@type\":\"BreadcrumbList\",\"@id\":\"https:\\\/\\\/www.meydan.tv\\\/az\\\/article\\\/ne-etmeli-2\\\/#breadcrumb\",\"itemListElement\":[{\"@type\":\"ListItem\",\"position\":1,\"name\":\"Ana s\u0259hif\u0259\",\"item\":\"https:\\\/\\\/www.meydan.tv\\\/az\\\/\"},{\"@type\":\"ListItem\",\"position\":2,\"name\":\"M\u0259nim Fikrimc\u0259\",\"item\":\"https:\\\/\\\/www.meydan.tv\\\/az\\\/section\\\/menim-fikrimce\\\/\"},{\"@type\":\"ListItem\",\"position\":3,\"name\":\"&#8221;N\u0259 etm\u0259li?&#8221;\"}]},{\"@type\":\"WebSite\",\"@id\":\"https:\\\/\\\/www.meydan.tv\\\/az\\\/#website\",\"url\":\"https:\\\/\\\/www.meydan.tv\\\/az\\\/\",\"name\":\"MEYDAN.TV\",\"description\":\"Meydan TV Az\u0259rbaycan\u0131n media m\u0259kan\u0131ndak\u0131 alternativ s\u0259sidir\",\"publisher\":{\"@id\":\"https:\\\/\\\/www.meydan.tv\\\/az\\\/#organization\"},\"potentialAction\":[{\"@type\":\"SearchAction\",\"target\":{\"@type\":\"EntryPoint\",\"urlTemplate\":\"https:\\\/\\\/www.meydan.tv\\\/az\\\/?s={search_term_string}\"},\"query-input\":{\"@type\":\"PropertyValueSpecification\",\"valueRequired\":true,\"valueName\":\"search_term_string\"}}],\"inLanguage\":\"az\"},{\"@type\":\"Organization\",\"@id\":\"https:\\\/\\\/www.meydan.tv\\\/az\\\/#organization\",\"name\":\"Meydan TV\",\"url\":\"https:\\\/\\\/www.meydan.tv\\\/az\\\/\",\"logo\":{\"@type\":\"ImageObject\",\"inLanguage\":\"az\",\"@id\":\"https:\\\/\\\/www.meydan.tv\\\/az\\\/#\\\/schema\\\/logo\\\/image\\\/\",\"url\":\"https:\\\/\\\/www.meydan.tv\\\/wp-content\\\/uploads\\\/2021\\\/07\\\/meydan-logo.svg\",\"contentUrl\":\"https:\\\/\\\/www.meydan.tv\\\/wp-content\\\/uploads\\\/2021\\\/07\\\/meydan-logo.svg\",\"width\":195,\"height\":46,\"caption\":\"Meydan TV\"},\"image\":{\"@id\":\"https:\\\/\\\/www.meydan.tv\\\/az\\\/#\\\/schema\\\/logo\\\/image\\\/\"}},{\"@type\":\"Person\",\"@id\":\"https:\\\/\\\/www.meydan.tv\\\/az\\\/#\\\/schema\\\/person\\\/10d11eccf6da3662cf5fdab9806ea91a\",\"name\":\"user-manager\"}]}<\/script>\n<!-- \/ Yoast SEO plugin. -->","yoast_head_json":{"title":"''N\u0259 etm\u0259li?'' - MEYDAN.TV","robots":{"index":"index","follow":"follow","max-snippet":"max-snippet:-1","max-image-preview":"max-image-preview:large","max-video-preview":"max-video-preview:-1"},"canonical":"https:\/\/www.meydan.tv\/az\/article\/ne-etmeli-2\/","og_locale":"az_AZ","og_type":"article","og_title":"''N\u0259 etm\u0259li?'' - MEYDAN.TV","og_description":"Stefan Zveyq \"D\u00fcn\u0259nin D\u00fcnyas\u0131\" \u0259s\u0259rind\u0259 Vyanada varl\u0131 y\u0259hudil\u0259rin m\u0259d\u0259niyy\u0259t adamlar\u0131na, yaz\u0131\u00e7\u0131lara, r\u0259ssamlara, \u015fairl\u0259r\u0259 v\u0259 dig\u0259rl\u0259rin\u0259 n\u0259 \u00fc\u00e7\u00fcn yard\u0131m etm\u0259sini t\u0259xmin\u0259n bel\u0259 izah edir ki","og_url":"https:\/\/www.meydan.tv\/az\/article\/ne-etmeli-2\/","og_site_name":"MEYDAN.TV","article_published_time":"2016-10-06T19:49:00+00:00","og_image":[{"width":500,"height":500,"url":"https:\/\/www.meydan.tv\/wp-content\/uploads\/24022.jpg","type":"image\/jpeg"}],"author":"user-manager","twitter_card":"summary_large_image","schema":{"@context":"https:\/\/schema.org","@graph":[{"@type":"Article","@id":"https:\/\/www.meydan.tv\/az\/article\/ne-etmeli-2\/#article","isPartOf":{"@id":"https:\/\/www.meydan.tv\/az\/article\/ne-etmeli-2\/"},"author":{"name":"user-manager","@id":"https:\/\/www.meydan.tv\/az\/#\/schema\/person\/10d11eccf6da3662cf5fdab9806ea91a"},"headline":"&#8221;N\u0259 etm\u0259li?&#8221;","datePublished":"2016-10-06T19:49:00+00:00","mainEntityOfPage":{"@id":"https:\/\/www.meydan.tv\/az\/article\/ne-etmeli-2\/"},"wordCount":2074,"publisher":{"@id":"https:\/\/www.meydan.tv\/az\/#organization"},"image":{"@id":"https:\/\/www.meydan.tv\/az\/article\/ne-etmeli-2\/#primaryimage"},"thumbnailUrl":"https:\/\/www.meydan.tv\/wp-content\/uploads\/24022.jpg","articleSection":["M\u0259nim Fikrimc\u0259"],"inLanguage":"az"},{"@type":"WebPage","@id":"https:\/\/www.meydan.tv\/az\/article\/ne-etmeli-2\/","url":"https:\/\/www.meydan.tv\/az\/article\/ne-etmeli-2\/","name":"''N\u0259 etm\u0259li?'' - MEYDAN.TV","isPartOf":{"@id":"https:\/\/www.meydan.tv\/az\/#website"},"primaryImageOfPage":{"@id":"https:\/\/www.meydan.tv\/az\/article\/ne-etmeli-2\/#primaryimage"},"image":{"@id":"https:\/\/www.meydan.tv\/az\/article\/ne-etmeli-2\/#primaryimage"},"thumbnailUrl":"https:\/\/www.meydan.tv\/wp-content\/uploads\/24022.jpg","datePublished":"2016-10-06T19:49:00+00:00","breadcrumb":{"@id":"https:\/\/www.meydan.tv\/az\/article\/ne-etmeli-2\/#breadcrumb"},"inLanguage":"az","potentialAction":[{"@type":"ReadAction","target":["https:\/\/www.meydan.tv\/az\/article\/ne-etmeli-2\/"]}]},{"@type":"ImageObject","inLanguage":"az","@id":"https:\/\/www.meydan.tv\/az\/article\/ne-etmeli-2\/#primaryimage","url":"https:\/\/www.meydan.tv\/wp-content\/uploads\/24022.jpg","contentUrl":"https:\/\/www.meydan.tv\/wp-content\/uploads\/24022.jpg","width":500,"height":500,"caption":"Source:"},{"@type":"BreadcrumbList","@id":"https:\/\/www.meydan.tv\/az\/article\/ne-etmeli-2\/#breadcrumb","itemListElement":[{"@type":"ListItem","position":1,"name":"Ana s\u0259hif\u0259","item":"https:\/\/www.meydan.tv\/az\/"},{"@type":"ListItem","position":2,"name":"M\u0259nim Fikrimc\u0259","item":"https:\/\/www.meydan.tv\/az\/section\/menim-fikrimce\/"},{"@type":"ListItem","position":3,"name":"&#8221;N\u0259 etm\u0259li?&#8221;"}]},{"@type":"WebSite","@id":"https:\/\/www.meydan.tv\/az\/#website","url":"https:\/\/www.meydan.tv\/az\/","name":"MEYDAN.TV","description":"Meydan TV Az\u0259rbaycan\u0131n media m\u0259kan\u0131ndak\u0131 alternativ s\u0259sidir","publisher":{"@id":"https:\/\/www.meydan.tv\/az\/#organization"},"potentialAction":[{"@type":"SearchAction","target":{"@type":"EntryPoint","urlTemplate":"https:\/\/www.meydan.tv\/az\/?s={search_term_string}"},"query-input":{"@type":"PropertyValueSpecification","valueRequired":true,"valueName":"search_term_string"}}],"inLanguage":"az"},{"@type":"Organization","@id":"https:\/\/www.meydan.tv\/az\/#organization","name":"Meydan TV","url":"https:\/\/www.meydan.tv\/az\/","logo":{"@type":"ImageObject","inLanguage":"az","@id":"https:\/\/www.meydan.tv\/az\/#\/schema\/logo\/image\/","url":"https:\/\/www.meydan.tv\/wp-content\/uploads\/2021\/07\/meydan-logo.svg","contentUrl":"https:\/\/www.meydan.tv\/wp-content\/uploads\/2021\/07\/meydan-logo.svg","width":195,"height":46,"caption":"Meydan TV"},"image":{"@id":"https:\/\/www.meydan.tv\/az\/#\/schema\/logo\/image\/"}},{"@type":"Person","@id":"https:\/\/www.meydan.tv\/az\/#\/schema\/person\/10d11eccf6da3662cf5fdab9806ea91a","name":"user-manager"}]}},"_links":{"self":[{"href":"https:\/\/www.meydan.tv\/az\/wp-json\/wp\/v2\/posts\/179410","targetHints":{"allow":["GET"]}}],"collection":[{"href":"https:\/\/www.meydan.tv\/az\/wp-json\/wp\/v2\/posts"}],"about":[{"href":"https:\/\/www.meydan.tv\/az\/wp-json\/wp\/v2\/types\/post"}],"author":[{"embeddable":true,"href":"https:\/\/www.meydan.tv\/az\/wp-json\/wp\/v2\/users\/11"}],"replies":[{"embeddable":true,"href":"https:\/\/www.meydan.tv\/az\/wp-json\/wp\/v2\/comments?post=179410"}],"version-history":[{"count":0,"href":"https:\/\/www.meydan.tv\/az\/wp-json\/wp\/v2\/posts\/179410\/revisions"}],"wp:featuredmedia":[{"embeddable":true,"href":"https:\/\/www.meydan.tv\/az\/wp-json\/wp\/v2\/media\/63017"}],"wp:attachment":[{"href":"https:\/\/www.meydan.tv\/az\/wp-json\/wp\/v2\/media?parent=179410"}],"wp:term":[{"taxonomy":"category","embeddable":true,"href":"https:\/\/www.meydan.tv\/az\/wp-json\/wp\/v2\/categories?post=179410"},{"taxonomy":"post_tag","embeddable":true,"href":"https:\/\/www.meydan.tv\/az\/wp-json\/wp\/v2\/tags?post=179410"}],"curies":[{"name":"wp","href":"https:\/\/api.w.org\/{rel}","templated":true}]}}