{"id":179408,"date":"2016-10-06T17:57:57","date_gmt":"2016-10-06T17:57:57","guid":{"rendered":"https:\/\/www.meydan.tv\/article\/ekumenik-sefer\/"},"modified":"2016-10-06T17:57:57","modified_gmt":"2016-10-06T17:57:57","slug":"ekumenik-sefer","status":"publish","type":"post","link":"https:\/\/www.meydan.tv\/az\/article\/ekumenik-sefer\/","title":{"rendered":"Ekumenik s\u0259f\u0259r"},"content":{"rendered":"<figure class=\"wp-block-image size-large\">\n  <img decoding=\"async\" src=\"https:\/\/www.meydan.tv\/az\/foto-apa-8\/\" alt=\"foto APA\" class=\"wp-image-69718\"\/><figcaption>\n    foto APA<br \/>\n  <\/figcaption><\/figure>\n<p>\n  Roma Papas\u0131 Fransiskin oktyabr\u0131n 2-d\u0259 Az\u0259rbaycana s\u0259f\u0259rini, \u00e7ox g\u00fcman ki, ekumenik s\u0259f\u0259r adland\u0131rmaq olar, baxmayaraq ki, bu \u00f6lk\u0259 dini t\u0259rkibin\u0259 g\u00f6r\u0259 m\u00fcs\u0259lman \u00f6lk\u0259sidir.\n<\/p>\n<p>\n  Papan\u0131n s\u0259f\u0259rinin xarakteri il\u0259 ba\u011fl\u0131 ekumenik termini yaln\u0131z onun bir g\u00fcn \u0259vv\u0259l etdiyi G\u00fcrc\u00fcstan s\u0259f\u0259ri il\u0259 ba\u011fl\u0131 istifad\u0259 olunub. Katolik kils\u0259sinin ba\u015f\u00e7\u0131s\u0131na yax\u0131n Civilt\u00e0Cattolica jurnal\u0131n\u0131n direktoru Antonio Spadaro deyib ki, Papan\u0131n Qafqaz s\u0259f\u0259rinin m\u00fch\u00fcm v\u0259zif\u0259si tarix\u0259n Moskva il\u0259 \u0259laq\u0259li olan v\u0259 sonuncu \u00dcmumd\u00fcnya Kils\u0259 M\u0259clisind\u0259 i\u015ftirak etm\u0259y\u0259n G\u00fcrc\u00fcstan Pravoslav Kils\u0259si il\u0259 ekumenik dialoq qurmaqd\u0131r (bax: Regnum).\n<\/p>\n<p>\n  S\u0259f\u0259rin Az\u0259rbaycan hiss\u0259sin\u0259 dinl\u0259raras\u0131 dialoq qurulmas\u0131 kimi bax\u0131l\u0131r. LaCroix katolik q\u0259zeti qeyd edir ki, katolik dair\u0259l\u0259rd\u0259 s\u0259f\u0259ri i\u015far\u0259 hesab edirl\u0259r, bel\u0259 ki, Az\u0259rbaycan \u015fi\u0259 icmas\u0131 \u00fcst\u00fcnl\u00fck t\u0259\u015fkil ed\u0259n, amma qon\u015fu \u015eimali Qafqazda xeyli \u00e7ox olan s\u00fcnnil\u0259rl\u0259 konstruktiv v\u0259 yax\u015f\u0131 m\u00fcnasib\u0259tl\u0259ri olan m\u00fcs\u0259lman \u00f6k\u0259sidir.\n<\/p>\n<p>\n  Papa Fransisk xristianlar\u0131 katolikl\u0259r\u0259, proestantlara, pravoslavlara v\u0259 ba\u015fqalar\u0131na ay\u0131ran mane\u0259l\u0259rin aradan qald\u0131r\u0131lmas\u0131n\u0131 n\u0259z\u0259rd\u0259 tutan xristian ekumenizminin f\u0259al t\u0259r\u0259fdar\u0131 kimi m\u0259\u015fhurdur. Amma o, h\u0259m\u00e7inin ortaq k\u00f6hn\u0259 \u0259hd v\u0259 \u0259hdi-c\u0259did k\u00f6kl\u0259ri olan xristianl\u0131\u011f\u0131n v\u0259 m\u00fcs\u0259lmanl\u0131\u011f\u0131n birl\u0259\u015fm\u0259si ideyalar\u0131na da diqq\u0259tl\u0259 yana\u015f\u0131r. Bu m\u0259nada Vatikan \u0259srl\u0259rdir dialoqu olan islam\u0131n \u015fi\u0259 qolu il\u0259 dialoq qurma\u011fa daha \u00e7ox m\u00fcv\u0259ff\u0259q olur. \u201cKatolik-islam dialoqunun veteran\u0131 Benediktli ata Mark Serna deyir ki, \u201cs\u00fcnni m\u00fcs\u0259lmanlardan f\u0259rqli olaraq, \u015fi\u0259l\u0259r katolikl\u0259rl\u0259 dialoq \u00fczr\u0259 yegan\u0259 t\u0259r\u0259fda\u015flard\u0131r\u201d, bunun arxas\u0131nda q\u0259dim \u0259n\u0259n\u0259l\u0259r, t\u0259cr\u00fcb\u0259 v\u0259 praktika durur. Katolikl\u0259r v\u0259 \u015fi\u0259l\u0259r bir \u00e7ox s\u0259b\u0259bl\u0259rd\u0259n bir-birin\u0259 yax\u0131nd\u0131rlar. Amerikan\u0131n Crux katolik portal\u0131n\u0131n qeyd etdiyi kimi, onlar\u0131n \u201cklerikal vertikal\u0131n\u201d b\u00f6y\u00fck t\u0259siri alt\u0131nda olmas\u0131 eynidir. \u015ei\u0259l\u0259r Quran\u0131 Kitab v\u0259 T\u0259slimiyy\u0259t olaraq ay\u0131r\u0131rlar ki, katolikl\u0259rin Bibliyaya m\u00fcnasib\u0259ti \u00fc\u00e7\u00fcn d\u0259 bu, s\u0259ciyy\u0259vidir. H\u0259r ikisinin hadis\u0259l\u0259r\u0259 d\u0259rin mistik bax\u0131\u015f\u0131 var. \u0130ran yaz\u0131\u00e7\u0131s\u0131 Reza Aslan\u0131n fikrinc\u0259, islam qanununun \u015fi\u0259 din xadiml\u0259ri t\u0259r\u0259find\u0259n s\u0259m\u0259r\u0259li t\u0259fsiri elastiklik yarad\u0131r, Quran\u0131 h\u0259rfi m\u0259nada oxuma\u011fa sadiq olan islam\u0131n s\u00fcnni versiyas\u0131nda bu, \u00e7ox vaxt m\u00fcmk\u00fcn deyil. Aslan hesab edir ki, \u015fi\u0259 t\u0259siri olan c\u0259miyy\u0259tl\u0259r demokratiya, insan h\u00fcquqlar\u0131 v\u0259 pl\u00fcralizml\u0259 ba\u011fl\u0131 t\u0259cr\u00fcb\u0259l\u0259r\u0259 daha \u00e7ox meylli ola bil\u0259r\u201d (bax: Regnum).\n<\/p>\n<p>\n  M\u0259lumdur ki, dialoq qurulmas\u0131 \u00fczr\u0259 uzunm\u00fcdd\u0259tli Va\u015finqton-Tehran dan\u0131\u015f\u0131qlar\u0131 zaman\u0131 M\u00fcq\u0259dd\u0259s Taxt vasit\u0259\u00e7ilik rolu oynad\u0131. Buna g\u00f6r\u0259 t\u0259sad\u00fcfi deyil ki, \u0130ran prezidenti H\u0259s\u0259n Ruhani ilk xarici s\u0259f\u0259rini Vatikana edib.\n<\/p>\n<p>\n  \u0130ranla ortaq tarixi olan Az\u0259rbaycan sovet hakimiyy\u0259ti d\u00f6vr\u00fcnd\u0259 k\u0259silmi\u015f v\u0259 m\u00fcst\u0259qillik \u0259ld\u0259 edildikd\u0259n sonra 1997-ci ild\u0259 Vatikana s\u0259f\u0259r ed\u0259n v\u0259 2002-ci ilin may\u0131nda Papa \u0130ohann Pavel II-ni \u015f\u0259xsi qona\u011f\u0131 kimi q\u0259bul ed\u0259n Heyd\u0259r \u018fliyevin hakimiyy\u0259ti d\u00f6vr\u00fcnd\u0259 b\u0259rpa olunan m\u00fcnasib\u0259tl\u0259r \u0259n\u0259n\u0259sind\u0259n ir\u0259li g\u0259l\u0259r\u0259k, bu dinl\u0259raras\u0131 dialoqda yer al\u0131r. Bu s\u0259f\u0259r t\u0259kc\u0259 Vatikan\u0131n diplomatik i\u015ftirak\u0131n\u0131 t\u0259min etm\u0259yib, h\u0259m d\u0259 2006-c\u0131 ild\u0259 Bak\u0131da M\u00fcq\u0259dd\u0259s M\u0259ry\u0259m Kils\u0259sinin tikintisind\u0259n sonra katolik kils\u0259sinin a\u00e7\u0131q f\u0259aliyy\u0259ti \u00fc\u00e7\u00fcn yol a\u00e7\u0131b.\n<\/p>\n<p>\n  Bu g\u00fcn Bak\u0131 v\u0259 Vatikan dialoqun \u00fc\u00e7 istiqam\u0259tini yax\u0131nla\u015fd\u0131r\u0131r: ekumentik, konfessiyalararas\u0131 v\u0259 sivilizasiyalararas\u0131. T\u0259sad\u00fcfi deyil ki, Papan\u0131n G\u00fcrc\u00fcstana v\u0259 Az\u0259rbaycana s\u0259f\u0259ri Bak\u0131da \u0130lham \u018fliyev v\u0259 ail\u0259sinin n\u00fcmayi\u015fkaran\u0259 \u015f\u0259kild\u0259 t\u0259bli\u011f etdiyi n\u00f6vb\u0259ti, Be\u015finci Sivilizasiyalararas\u0131 Dialoq Forumu il\u0259 eyni vaxta t\u0259sad\u00fcf edib. \u018fliyev etnik, dini v\u0259 dig\u0259r qruplar\u0131n yax\u0131nla\u015fmas\u0131 m\u00f6vzusundan istifad\u0259 etm\u0259y\u0259 \u00e7ox da m\u00fcv\u0259ff\u0259q olmur, bel\u0259 ki, forumlarda m\u0259\u015fhur fiqurlar\u0131 g\u00f6rm\u0259k olmaz. Buna onun demokratiya prinsipl\u0259rin\u0259 v\u0259 Fransiskin parlaq da\u015f\u0131y\u0131c\u0131s\u0131 oldu\u011fu m\u00fcasir Katolik Kils\u0259sinin m\u00fcdd\u0259alar\u0131na zidd olan insan h\u00fcquq v\u0259 azadl\u0131qlar\u0131n\u0131n pozulmas\u0131 v\u0259 geni\u015fmiqyasl\u0131 korrupsiya il\u0259 s\u0259ciyy\u0259l\u0259n\u0259n avtoritar idar\u0259etm\u0259 \u00fcslubu mane olur.\n<\/p>\n<p>\n  Fransisk, b\u00fct\u00fcn \u00f6mr\u00fc boyunca t\u0259vaz\u00f6karl\u0131q, sad\u0259lik v\u0259 insanlara qar\u015f\u0131 m\u0259rh\u0259m\u0259t t\u0259bli\u011f edib. U\u015faq vaxt\u0131 valideynl\u0259ri evd\u0259n \u0259\u015fyalar\u0131 v\u0259 yem\u0259yi o\u011furlay\u0131b kas\u0131blara apard\u0131\u011f\u0131 \u00fc\u00e7\u00fcn onu c\u0259zaland\u0131r\u0131rd\u0131lar, Argentina katolik kils\u0259sinin ba\u015f\u00e7\u0131s\u0131 olark\u0259n \u015f\u0259xsi avtomobild\u0259n imtina edib metro il\u0259 g\u0259z\u0259rk\u0259n ona d\u0259li kimi bax\u0131rd\u0131lar. Fransiskin \u015f\u0259xsi a\u015fbaz\u0131 yoxdur, o, milyardlarla katolikl\u0259rin ba\u015f\u00e7\u0131s\u0131d\u0131r, prezident \u201cmaybax\u201d\u0131ndan imtina ed\u0259r\u0259k Bak\u0131 k\u00fc\u00e7l\u0259rind\u0259 \u201chunday\u201dla h\u0259r\u0259k\u0259t etmi\u015fdir.\n<\/p>\n<p>\n  \u018flb\u0259tt\u0259, \u018fliyevl\u0259r ail\u0259si Fransiskin bu q\u0259rib\u0259liyini ba\u015fa d\u00fc\u015f\u00fcr, Papan\u0131n ad\u0259t\u0259n d\u00f6vl\u0259t ba\u015f\u00e7\u0131lar\u0131n\u0131n q\u0259bul edildiyi t\u0259mt\u0259raql\u0131 \u201cZaqulba\u201d iqam\u0259tgah\u0131nda deyil, daha t\u0259vaz\u00f6kar \u201cG\u0259nclik\u201d iqam\u0259tgah\u0131nda q\u0259bul edilm\u0259si buna d\u0259lal\u0259t edir.\n<\/p>\n<p>\n  \u018fliyevl\u0259r \u00e7oxdan Roma katakombalar\u0131n\u0131n, Vatikan kitabxanas\u0131n\u0131n t\u0259mirin\u0259, kils\u0259l\u0259rin yenid\u0259nqurmas\u0131na v\u0259sait yat\u0131rmaqla, Vatikana n\u0259vazi\u015f g\u00f6st\u0259rir. Bununla onlar M\u00fcq\u0259dd\u0259s Taxta beyn\u0259lxalq energetika v\u0259 n\u0259qliyyat layih\u0259l\u0259rind\u0259 oldu\u011fu kimi, dinl\u0259raras\u0131 v\u0259 sivilizasiyalararas\u0131 dialoqda da k\u00f6rp\u00fc olma\u011fa haz\u0131r olduqlar\u0131n\u0131, habel\u0259 Vatikan\u0131n maraql\u0131 oldu\u011fu Erm\u0259nistan\u0131n i\u015ftirak\u0131 il\u0259 C\u0259nubi Qafqaz dialoqunun qurulmas\u0131na qar\u015f\u0131 olmad\u0131qlar\u0131n\u0131 g\u00f6st\u0259rirl\u0259r.\n<\/p>\n<p>\n  Papan\u0131n s\u0259f\u0259ri \u201cHam\u0131m\u0131z qarda\u015f\u0131q\u201d bar\u0131\u015f\u0131q ni\u015fan\u0131 alt\u0131nda ba\u015f tutub. Bir m\u00fcdd\u0259t \u0259vv\u0259l, iyunda Erm\u0259nistana s\u0259f\u0259rind\u0259n sonra Az\u0259rbaycana s\u0259f\u0259ri haqq\u0131nda dan\u0131\u015fan Roma Papas\u0131 deyib: \u201cM\u0259n az\u0259rbaycanl\u0131larla g\u00f6rd\u00fcy\u00fcm h\u0259qiq\u0259t, hiss etdikl\u0259rim haqq\u0131nda dan\u0131\u015faca\u011fam. \u018fvv\u0259ll\u0259r Az\u0259rbaycan prezidenti il\u0259 g\u00f6r\u00fc\u015fm\u00fc\u015fd\u00fcm, dan\u0131\u015fm\u0131\u015fd\u0131m. Az\u0259rbaycanl\u0131lara dey\u0259c\u0259y\u0259m ki, ki\u00e7ik bir yerd\u0259 s\u00fclh\u00fcn olmamas\u0131 qaranl\u0131q m\u0259s\u0259l\u0259dir. M\u0259n bunu ham\u0131ya deyir\u0259m: erm\u0259nil\u0259r\u0259 d\u0259, az\u0259rbaycanl\u0131lara da. Ola bil\u0259r ki, onlar s\u00fclh\u0259 aparan yolda raz\u0131l\u0131q \u0259ld\u0259 ed\u0259 bilmirl\u0259r, amma onlar bunun \u00fcz\u0259rind\u0259 i\u015fl\u0259m\u0259lidirl\u0259r. H\u0259min vaxt q\u0259lbimd\u0259n n\u0259 g\u0259ls\u0259, onu dey\u0259c\u0259y\u0259m, ir\u0259lil\u0259m\u0259y\u0259 imkan ver\u0259c\u0259k \u00e7\u0131x\u0131\u015f yolu tapma\u011fa \u00e7al\u0131\u015fmaq laz\u0131md\u0131r.\n<\/p>\n<p>\n  \u018fliyev Vatikan\u0131n Erm\u0259nistanla \u0259dal\u0259tli s\u00fclh \u0259ld\u0259 edilm\u0259sind\u0259 v\u0259 sivilizasiyalararas\u0131 dialoq qurulmas\u0131nda i\u015ftirak\u0131na \u00fcmid edir. \u201cSizin Az\u0259rbaycana s\u0259f\u0259riniz Az\u0259rbaycan-Vatikan m\u00fcnasib\u0259tl\u0259ri \u00fc\u00e7\u00fcn, o c\u00fcml\u0259d\u0259n sivilizasiyalararas\u0131 dialoq \u00fc\u00e7\u00fcn b\u00f6y\u00fck \u0259h\u0259miyy\u0259t da\u015f\u0131y\u0131r\u201d, dey\u0259 \u018fliyev Roma Papas\u0131 Fransiskl\u0259 g\u00f6r\u00fc\u015fd\u0259 bildirib. Amma m\u00f6vqel\u0259ri yax\u0131nla\u015fd\u0131rmaq v\u0259 ikit\u0259r\u0259fli m\u00fcnasib\u0259tl\u0259rd\u0259n laz\u0131mi s\u0259m\u0259r\u0259ni \u0259ld\u0259 etm\u0259k \u00fc\u00e7\u00fcn, x\u00fcsus\u0259n bu g\u00fcn Papa Fransiskin etiqad v\u0259 t\u0259bli\u011f etdiyi sosial katolisizmin \u0259xlaq prinsipl\u0259ri kontekstind\u0259, \u0130lham \u018fliyev \u00f6z siyas\u0259tin\u0259 v\u0259 bax\u0131\u015flar\u0131na sosialy\u00f6n\u00fcml\u00fc v\u0259 \u0259dal\u0259tli d\u00f6vl\u0259t istiqam\u0259tind\u0259 d\u00fcz\u0259li\u015fl\u0259r etm\u0259lidir.<\/p>\n","protected":false},"excerpt":{"rendered":"<p>foto APA Roma Papas\u0131 Fransiskin oktyabr\u0131n 2-d\u0259 Az\u0259rbaycana s\u0259f\u0259rini, \u00e7ox &#8230; <\/p>\n<p class=\"read-more-container\"><a title=\"Ekumenik s\u0259f\u0259r\" class=\"read-more button\" href=\"https:\/\/www.meydan.tv\/az\/article\/ekumenik-sefer\/#more-179408\" aria-label=\"Read more about Ekumenik s\u0259f\u0259r\">Davam\u0131<\/a><\/p>\n","protected":false},"author":11,"featured_media":69718,"comment_status":"closed","ping_status":"open","sticky":false,"template":"","format":"standard","meta":{"_acf_changed":false,"_sitemap_exclude":false,"_sitemap_priority":"","_sitemap_frequency":"","footnotes":""},"categories":[51],"tags":[],"class_list":["post-179408","post","type-post","status-publish","format-standard","has-post-thumbnail","hentry","category-analitika","infinite-scroll-item","generate-columns","tablet-grid-50","mobile-grid-100","grid-parent","grid-33","no-featured-image-padding"],"acf":[],"yoast_head":"<!-- This site is optimized with the Yoast SEO plugin v27.5 - https:\/\/yoast.com\/product\/yoast-seo-wordpress\/ -->\n<title>Ekumenik s\u0259f\u0259r - MEYDAN.TV<\/title>\n<meta name=\"robots\" content=\"index, follow, max-snippet:-1, max-image-preview:large, max-video-preview:-1\" \/>\n<link rel=\"canonical\" href=\"https:\/\/www.meydan.tv\/az\/article\/ekumenik-sefer\/\" \/>\n<meta property=\"og:locale\" content=\"az_AZ\" \/>\n<meta property=\"og:type\" content=\"article\" \/>\n<meta property=\"og:title\" content=\"Ekumenik s\u0259f\u0259r - MEYDAN.TV\" \/>\n<meta property=\"og:description\" content=\"foto APA Roma Papas\u0131 Fransiskin oktyabr\u0131n 2-d\u0259 Az\u0259rbaycana s\u0259f\u0259rini, \u00e7ox ... Davam\u0131\" \/>\n<meta property=\"og:url\" content=\"https:\/\/www.meydan.tv\/az\/article\/ekumenik-sefer\/\" \/>\n<meta property=\"og:site_name\" content=\"MEYDAN.TV\" \/>\n<meta property=\"article:published_time\" content=\"2016-10-06T17:57:57+00:00\" \/>\n<meta property=\"og:image\" content=\"https:\/\/www.meydan.tv\/wp-content\/uploads\/26660.jpg\" \/>\n\t<meta property=\"og:image:width\" content=\"731\" \/>\n\t<meta property=\"og:image:height\" content=\"512\" \/>\n\t<meta property=\"og:image:type\" content=\"image\/jpeg\" \/>\n<meta name=\"author\" content=\"user-manager\" \/>\n<meta name=\"twitter:card\" content=\"summary_large_image\" \/>\n<script type=\"application\/ld+json\" class=\"yoast-schema-graph\">{\"@context\":\"https:\\\/\\\/schema.org\",\"@graph\":[{\"@type\":\"Article\",\"@id\":\"https:\\\/\\\/www.meydan.tv\\\/az\\\/article\\\/ekumenik-sefer\\\/#article\",\"isPartOf\":{\"@id\":\"https:\\\/\\\/www.meydan.tv\\\/az\\\/article\\\/ekumenik-sefer\\\/\"},\"author\":{\"name\":\"user-manager\",\"@id\":\"https:\\\/\\\/www.meydan.tv\\\/az\\\/#\\\/schema\\\/person\\\/10d11eccf6da3662cf5fdab9806ea91a\"},\"headline\":\"Ekumenik s\u0259f\u0259r\",\"datePublished\":\"2016-10-06T17:57:57+00:00\",\"mainEntityOfPage\":{\"@id\":\"https:\\\/\\\/www.meydan.tv\\\/az\\\/article\\\/ekumenik-sefer\\\/\"},\"wordCount\":1373,\"publisher\":{\"@id\":\"https:\\\/\\\/www.meydan.tv\\\/az\\\/#organization\"},\"image\":{\"@id\":\"https:\\\/\\\/www.meydan.tv\\\/az\\\/article\\\/ekumenik-sefer\\\/#primaryimage\"},\"thumbnailUrl\":\"https:\\\/\\\/www.meydan.tv\\\/wp-content\\\/uploads\\\/26660.jpg\",\"articleSection\":[\"Analitika\"],\"inLanguage\":\"az\"},{\"@type\":\"WebPage\",\"@id\":\"https:\\\/\\\/www.meydan.tv\\\/az\\\/article\\\/ekumenik-sefer\\\/\",\"url\":\"https:\\\/\\\/www.meydan.tv\\\/az\\\/article\\\/ekumenik-sefer\\\/\",\"name\":\"Ekumenik s\u0259f\u0259r - MEYDAN.TV\",\"isPartOf\":{\"@id\":\"https:\\\/\\\/www.meydan.tv\\\/az\\\/#website\"},\"primaryImageOfPage\":{\"@id\":\"https:\\\/\\\/www.meydan.tv\\\/az\\\/article\\\/ekumenik-sefer\\\/#primaryimage\"},\"image\":{\"@id\":\"https:\\\/\\\/www.meydan.tv\\\/az\\\/article\\\/ekumenik-sefer\\\/#primaryimage\"},\"thumbnailUrl\":\"https:\\\/\\\/www.meydan.tv\\\/wp-content\\\/uploads\\\/26660.jpg\",\"datePublished\":\"2016-10-06T17:57:57+00:00\",\"breadcrumb\":{\"@id\":\"https:\\\/\\\/www.meydan.tv\\\/az\\\/article\\\/ekumenik-sefer\\\/#breadcrumb\"},\"inLanguage\":\"az\",\"potentialAction\":[{\"@type\":\"ReadAction\",\"target\":[\"https:\\\/\\\/www.meydan.tv\\\/az\\\/article\\\/ekumenik-sefer\\\/\"]}]},{\"@type\":\"ImageObject\",\"inLanguage\":\"az\",\"@id\":\"https:\\\/\\\/www.meydan.tv\\\/az\\\/article\\\/ekumenik-sefer\\\/#primaryimage\",\"url\":\"https:\\\/\\\/www.meydan.tv\\\/wp-content\\\/uploads\\\/26660.jpg\",\"contentUrl\":\"https:\\\/\\\/www.meydan.tv\\\/wp-content\\\/uploads\\\/26660.jpg\",\"width\":731,\"height\":512,\"caption\":\"Source:\"},{\"@type\":\"BreadcrumbList\",\"@id\":\"https:\\\/\\\/www.meydan.tv\\\/az\\\/article\\\/ekumenik-sefer\\\/#breadcrumb\",\"itemListElement\":[{\"@type\":\"ListItem\",\"position\":1,\"name\":\"Ana s\u0259hif\u0259\",\"item\":\"https:\\\/\\\/www.meydan.tv\\\/az\\\/\"},{\"@type\":\"ListItem\",\"position\":2,\"name\":\"Analitika\",\"item\":\"https:\\\/\\\/www.meydan.tv\\\/az\\\/section\\\/analitika\\\/\"},{\"@type\":\"ListItem\",\"position\":3,\"name\":\"Ekumenik s\u0259f\u0259r\"}]},{\"@type\":\"WebSite\",\"@id\":\"https:\\\/\\\/www.meydan.tv\\\/az\\\/#website\",\"url\":\"https:\\\/\\\/www.meydan.tv\\\/az\\\/\",\"name\":\"MEYDAN.TV\",\"description\":\"Meydan TV Az\u0259rbaycan\u0131n media m\u0259kan\u0131ndak\u0131 alternativ s\u0259sidir\",\"publisher\":{\"@id\":\"https:\\\/\\\/www.meydan.tv\\\/az\\\/#organization\"},\"potentialAction\":[{\"@type\":\"SearchAction\",\"target\":{\"@type\":\"EntryPoint\",\"urlTemplate\":\"https:\\\/\\\/www.meydan.tv\\\/az\\\/?s={search_term_string}\"},\"query-input\":{\"@type\":\"PropertyValueSpecification\",\"valueRequired\":true,\"valueName\":\"search_term_string\"}}],\"inLanguage\":\"az\"},{\"@type\":\"Organization\",\"@id\":\"https:\\\/\\\/www.meydan.tv\\\/az\\\/#organization\",\"name\":\"Meydan TV\",\"url\":\"https:\\\/\\\/www.meydan.tv\\\/az\\\/\",\"logo\":{\"@type\":\"ImageObject\",\"inLanguage\":\"az\",\"@id\":\"https:\\\/\\\/www.meydan.tv\\\/az\\\/#\\\/schema\\\/logo\\\/image\\\/\",\"url\":\"https:\\\/\\\/www.meydan.tv\\\/wp-content\\\/uploads\\\/2021\\\/07\\\/meydan-logo.svg\",\"contentUrl\":\"https:\\\/\\\/www.meydan.tv\\\/wp-content\\\/uploads\\\/2021\\\/07\\\/meydan-logo.svg\",\"width\":195,\"height\":46,\"caption\":\"Meydan TV\"},\"image\":{\"@id\":\"https:\\\/\\\/www.meydan.tv\\\/az\\\/#\\\/schema\\\/logo\\\/image\\\/\"}},{\"@type\":\"Person\",\"@id\":\"https:\\\/\\\/www.meydan.tv\\\/az\\\/#\\\/schema\\\/person\\\/10d11eccf6da3662cf5fdab9806ea91a\",\"name\":\"user-manager\"}]}<\/script>\n<!-- \/ Yoast SEO plugin. -->","yoast_head_json":{"title":"Ekumenik s\u0259f\u0259r - MEYDAN.TV","robots":{"index":"index","follow":"follow","max-snippet":"max-snippet:-1","max-image-preview":"max-image-preview:large","max-video-preview":"max-video-preview:-1"},"canonical":"https:\/\/www.meydan.tv\/az\/article\/ekumenik-sefer\/","og_locale":"az_AZ","og_type":"article","og_title":"Ekumenik s\u0259f\u0259r - MEYDAN.TV","og_description":"foto APA Roma Papas\u0131 Fransiskin oktyabr\u0131n 2-d\u0259 Az\u0259rbaycana s\u0259f\u0259rini, \u00e7ox ... Davam\u0131","og_url":"https:\/\/www.meydan.tv\/az\/article\/ekumenik-sefer\/","og_site_name":"MEYDAN.TV","article_published_time":"2016-10-06T17:57:57+00:00","og_image":[{"width":731,"height":512,"url":"https:\/\/www.meydan.tv\/wp-content\/uploads\/26660.jpg","type":"image\/jpeg"}],"author":"user-manager","twitter_card":"summary_large_image","schema":{"@context":"https:\/\/schema.org","@graph":[{"@type":"Article","@id":"https:\/\/www.meydan.tv\/az\/article\/ekumenik-sefer\/#article","isPartOf":{"@id":"https:\/\/www.meydan.tv\/az\/article\/ekumenik-sefer\/"},"author":{"name":"user-manager","@id":"https:\/\/www.meydan.tv\/az\/#\/schema\/person\/10d11eccf6da3662cf5fdab9806ea91a"},"headline":"Ekumenik s\u0259f\u0259r","datePublished":"2016-10-06T17:57:57+00:00","mainEntityOfPage":{"@id":"https:\/\/www.meydan.tv\/az\/article\/ekumenik-sefer\/"},"wordCount":1373,"publisher":{"@id":"https:\/\/www.meydan.tv\/az\/#organization"},"image":{"@id":"https:\/\/www.meydan.tv\/az\/article\/ekumenik-sefer\/#primaryimage"},"thumbnailUrl":"https:\/\/www.meydan.tv\/wp-content\/uploads\/26660.jpg","articleSection":["Analitika"],"inLanguage":"az"},{"@type":"WebPage","@id":"https:\/\/www.meydan.tv\/az\/article\/ekumenik-sefer\/","url":"https:\/\/www.meydan.tv\/az\/article\/ekumenik-sefer\/","name":"Ekumenik s\u0259f\u0259r - MEYDAN.TV","isPartOf":{"@id":"https:\/\/www.meydan.tv\/az\/#website"},"primaryImageOfPage":{"@id":"https:\/\/www.meydan.tv\/az\/article\/ekumenik-sefer\/#primaryimage"},"image":{"@id":"https:\/\/www.meydan.tv\/az\/article\/ekumenik-sefer\/#primaryimage"},"thumbnailUrl":"https:\/\/www.meydan.tv\/wp-content\/uploads\/26660.jpg","datePublished":"2016-10-06T17:57:57+00:00","breadcrumb":{"@id":"https:\/\/www.meydan.tv\/az\/article\/ekumenik-sefer\/#breadcrumb"},"inLanguage":"az","potentialAction":[{"@type":"ReadAction","target":["https:\/\/www.meydan.tv\/az\/article\/ekumenik-sefer\/"]}]},{"@type":"ImageObject","inLanguage":"az","@id":"https:\/\/www.meydan.tv\/az\/article\/ekumenik-sefer\/#primaryimage","url":"https:\/\/www.meydan.tv\/wp-content\/uploads\/26660.jpg","contentUrl":"https:\/\/www.meydan.tv\/wp-content\/uploads\/26660.jpg","width":731,"height":512,"caption":"Source:"},{"@type":"BreadcrumbList","@id":"https:\/\/www.meydan.tv\/az\/article\/ekumenik-sefer\/#breadcrumb","itemListElement":[{"@type":"ListItem","position":1,"name":"Ana s\u0259hif\u0259","item":"https:\/\/www.meydan.tv\/az\/"},{"@type":"ListItem","position":2,"name":"Analitika","item":"https:\/\/www.meydan.tv\/az\/section\/analitika\/"},{"@type":"ListItem","position":3,"name":"Ekumenik s\u0259f\u0259r"}]},{"@type":"WebSite","@id":"https:\/\/www.meydan.tv\/az\/#website","url":"https:\/\/www.meydan.tv\/az\/","name":"MEYDAN.TV","description":"Meydan TV Az\u0259rbaycan\u0131n media m\u0259kan\u0131ndak\u0131 alternativ s\u0259sidir","publisher":{"@id":"https:\/\/www.meydan.tv\/az\/#organization"},"potentialAction":[{"@type":"SearchAction","target":{"@type":"EntryPoint","urlTemplate":"https:\/\/www.meydan.tv\/az\/?s={search_term_string}"},"query-input":{"@type":"PropertyValueSpecification","valueRequired":true,"valueName":"search_term_string"}}],"inLanguage":"az"},{"@type":"Organization","@id":"https:\/\/www.meydan.tv\/az\/#organization","name":"Meydan TV","url":"https:\/\/www.meydan.tv\/az\/","logo":{"@type":"ImageObject","inLanguage":"az","@id":"https:\/\/www.meydan.tv\/az\/#\/schema\/logo\/image\/","url":"https:\/\/www.meydan.tv\/wp-content\/uploads\/2021\/07\/meydan-logo.svg","contentUrl":"https:\/\/www.meydan.tv\/wp-content\/uploads\/2021\/07\/meydan-logo.svg","width":195,"height":46,"caption":"Meydan TV"},"image":{"@id":"https:\/\/www.meydan.tv\/az\/#\/schema\/logo\/image\/"}},{"@type":"Person","@id":"https:\/\/www.meydan.tv\/az\/#\/schema\/person\/10d11eccf6da3662cf5fdab9806ea91a","name":"user-manager"}]}},"_links":{"self":[{"href":"https:\/\/www.meydan.tv\/az\/wp-json\/wp\/v2\/posts\/179408","targetHints":{"allow":["GET"]}}],"collection":[{"href":"https:\/\/www.meydan.tv\/az\/wp-json\/wp\/v2\/posts"}],"about":[{"href":"https:\/\/www.meydan.tv\/az\/wp-json\/wp\/v2\/types\/post"}],"author":[{"embeddable":true,"href":"https:\/\/www.meydan.tv\/az\/wp-json\/wp\/v2\/users\/11"}],"replies":[{"embeddable":true,"href":"https:\/\/www.meydan.tv\/az\/wp-json\/wp\/v2\/comments?post=179408"}],"version-history":[{"count":0,"href":"https:\/\/www.meydan.tv\/az\/wp-json\/wp\/v2\/posts\/179408\/revisions"}],"wp:featuredmedia":[{"embeddable":true,"href":"https:\/\/www.meydan.tv\/az\/wp-json\/wp\/v2\/media\/69718"}],"wp:attachment":[{"href":"https:\/\/www.meydan.tv\/az\/wp-json\/wp\/v2\/media?parent=179408"}],"wp:term":[{"taxonomy":"category","embeddable":true,"href":"https:\/\/www.meydan.tv\/az\/wp-json\/wp\/v2\/categories?post=179408"},{"taxonomy":"post_tag","embeddable":true,"href":"https:\/\/www.meydan.tv\/az\/wp-json\/wp\/v2\/tags?post=179408"}],"curies":[{"name":"wp","href":"https:\/\/api.w.org\/{rel}","templated":true}]}}