{"id":179345,"date":"2016-10-04T16:10:06","date_gmt":"2016-10-04T16:10:06","guid":{"rendered":"https:\/\/www.meydan.tv\/article\/rovneq-abdullayev-affa-prezidentliyinden-niye-imtina-etmedi\/"},"modified":"2016-10-04T16:10:06","modified_gmt":"2016-10-04T16:10:06","slug":"rovneq-abdullayev-affa-prezidentliyinden-niye-imtina-etmedi","status":"publish","type":"post","link":"https:\/\/www.meydan.tv\/az\/article\/rovneq-abdullayev-affa-prezidentliyinden-niye-imtina-etmedi\/","title":{"rendered":"R\u00f6vn\u0259q Abdullayev AFFA prezidentliyind\u0259n niy\u0259 imtina etm\u0259di?"},"content":{"rendered":"<figure class=\"wp-block-image size-large\">\n  <img decoding=\"async\" src=\"https:\/\/www.meydan.tv\/az\/69499\/\" alt=\"\" class=\"wp-image-69499\"\/><figcaption><\/figcaption><\/figure>\n<figure class=\"wp-block-image size-large\">\n  <img decoding=\"async\" src=\"https:\/\/www.meydan.tv\/az\/69499\/\" alt=\"\" class=\"wp-image-69499\"\/><figcaption>\n    R\u00f6vn\u0259q Abdullayev foto sosial \u015f\u0259b\u0259k\u0259<br \/>\n  <\/figcaption><\/figure>\n<p>\n  <i><br \/>\n    AFFA-n\u0131n i\u015fin\u0259 v\u0259 onun prezidentin\u0259 d\u00f6vl\u0259t qurumlar\u0131 t\u0259r\u0259find\u0259n \u0259r hans\u0131h bir t\u0259zyiq olarsa, F\u0130FA Az\u0259rbaycan\u0131 s\u0259rt \u015f\u0259kild\u0259 c\u0259zaland\u0131ra bil\u0259r<br \/>\n  <\/i>\n<\/p>\n<p>\n  Bu il mart\u0131n 11-d\u0259 AFFA-da prezident se\u00e7kil\u0259ri ke\u00e7irildi. \u0130dman m\u00fct\u0259x\u0259ssisl\u0259rinin fikrinc\u0259, bunu se\u00e7ki adland\u0131rmaq da d\u00fczg\u00fcn deyil. \u00c7\u00fcnki he\u00e7 bir se\u00e7ki kampaniyas\u0131 apar\u0131lmad\u0131, R\u00f6vn\u0259q Abdullayev prezident postuna yegan\u0259 namiz\u0259d oldu v\u0259 AFFA \u0130craiyy\u0259 Komit\u0259sinin \u00fczvl\u0259ri onu yekdillikl\u0259 yenid\u0259n prezident se\u00e7dil\u0259r.\n<\/p>\n<p>\n  <i><br \/>\n    Onun gedi\u015fi \u00fc\u00e7\u00fcn tutarl\u0131 s\u0259b\u0259bl\u0259r d\u0259 vard\u0131<br \/>\n  <\/i>\n<\/p>\n<p>\n  Amma buna q\u0259d\u0259r futbol kluarlar\u0131nda ba\u015fqa s\u00f6z-s\u00f6hb\u0259t g\u0259zirdi. R\u00f6vn\u0259q Abdullayevin AFFA prezidenti postundan ged\u0259c\u0259yi deyilirdi. Onun gedi\u015fi \u00fc\u00e7\u00fcn tutarl\u0131 s\u0259b\u0259bl\u0259r d\u0259 vard\u0131. R\u00f6vn\u0259q Abdullayev 2008-ci ild\u0259 ilk d\u0259f\u0259 AFFA prezidenti se\u00e7il\u0259rk\u0259n, \u00f6lk\u0259 ba\u015f\u00e7\u0131s\u0131na bel\u0259 v\u0259d vermi\u015fdi: \u201cAz\u0259rbaycan y\u0131\u011fmas\u0131 2016-c\u0131 ild\u0259 ke\u00e7iril\u0259c\u0259k Avropa \u00e7empionat\u0131n\u0131n final m\u0259rh\u0259l\u0259sind\u0259 i\u015ftirak ed\u0259c\u0259k&#8221;.<br \/>\n  <br \/>\n  Ancaq Az\u0259rbaycan y\u0131\u011fmas\u0131 Avropa \u00e7empionat\u0131n\u0131n se\u00e7m\u0259 m\u0259rh\u0259l\u0259sinin sonunda qrupda 5-ci yeri tutmu\u015fdu. Qeyd ed\u0259k ki, Az\u0259rbaycan\u0131n \u00e7\u0131x\u0131\u015f etdiyi qrupda 6 komanda m\u00fcbariz\u0259 apar\u0131rd\u0131. 6 komanda aras\u0131nda 5-ci yeri tutmaq b\u00f6y\u00fck u\u011fursuzluq say\u0131l\u0131rd\u0131. Onu da n\u0259z\u0259r almaq laz\u0131md\u0131r ki, se\u00e7m\u0259 m\u0259rh\u0259l\u0259 ba\u015fa \u00e7atark\u0259n &#8211; 2015-ci ilin sonlar\u0131nda 2005-ci ild\u0259 futbolun inki\u015faf\u0131 il\u0259 ba\u011fl\u0131 q\u0259bul edilmi\u015f 10 illik d\u00f6vl\u0259t proqram\u0131n\u0131n icras\u0131 da yekunla\u015f\u0131rd\u0131. Bu proqram\u0131n icras\u0131 \u00fc\u00e7\u00fcn k\u00fclli miqdarda v\u0259sait ayr\u0131lm\u0131\u015fd\u0131. Futbol t\u0259s\u0259rr\u00fcfat\u0131na a\u011flas\u0131\u011fmaz miqdarda v\u0259sait y\u00f6n\u0259ldilmi\u015fdi. Az\u0259rbaycan klublar\u0131nda \u00e7\u0131x\u0131\u015f ed\u0259n futbol\u00e7ular milyonluq m\u00fcqavil\u0259l\u0259r ba\u011flay\u0131rd\u0131lar. Amma b\u00fct\u00fcn bunlar\u0131n m\u00fcqabilind\u0259 Az\u0259rbyacan y\u0131\u011fmas\u0131 yen\u0259 d\u0259 Avropan\u0131n autsayderl\u0259ri aras\u0131nda q\u0259rarla\u015fm\u0131\u015fd\u0131. Bu amill\u0259ri n\u0259z\u0259r\u0259 alan m\u00fct\u0259x\u0259ssisl\u0259r R\u00f6vn\u0259q Abdullayevin AFFA prezidenti postundan ged\u0259c\u0259yini proqnozla\u015fd\u0131r\u0131rd\u0131lar.\n<\/p>\n<p>\n  <i><br \/>\n    AFFA d\u00f6vl\u0259t i\u00e7ind\u0259 d\u00f6vl\u0259tdir<br \/>\n  <\/i>\n<\/p>\n<p>\n  Abdullayev se\u00e7kil\u0259rd\u0259n \u0259vv\u0259l daha bir federasiyaya &#8211; C\u00fcdo Federasiyas\u0131na da r\u0259hb\u0259rlik etm\u0259y\u0259 ba\u015flam\u0131\u015fd\u0131. Onun iki federasiyada i\u015fl\u0259m\u0259sinin m\u00fcmk\u00fcns\u00fcz oldu\u011funu iddia ed\u0259nl\u0259r, Abdullayevin futbolu c\u00fcdoya d\u0259yi\u015f\u0259c\u0259yini deyirdil\u0259r. Ancaq hadis\u0259l\u0259r proqnozla\u015fd\u0131r\u0131lan kimi olmad\u0131. R\u00f6vn\u0259q Abdullayev yen\u0259 d\u0259 AFFA prezidenti postunda qalma\u011fa \u00fcst\u00fcnl\u00fck verdi. Bu q\u0259d\u0259r u\u011fursuzluqlar\u0131n v\u0259 u\u011fursuzluqlar\u0131n formala\u015fd\u0131rd\u0131\u011f\u0131 t\u0259nqidl\u0259rin fonunda Abdullayev ciddi-c\u0259hdl\u0259 AFFA prezidenti postunda niy\u0259 qalmal\u0131yd\u0131? Bu suala cavab tapmaq \u00fc\u00e7\u00fcn \u0259vv\u0259lc\u0259 AFFA-n\u0131n idar\u0259etm\u0259 mexanizmin\u0259 n\u0259z\u0259r salmaq laz\u0131md\u0131r. Qeyri-h\u00f6kum\u0259t t\u0259\u015fkilat\u0131 olan Az\u0259rbaycan Futbol Federasiyalar\u0131 Assosiasiyas\u0131 (AFFA) \u0259slind\u0259 d\u00f6vl\u0259t i\u00e7ind\u0259 d\u00f6vl\u0259tdir. AFFA beyn\u0259lxalq t\u0259\u015fkilatlar\u0131n &#8211; F\u0130FA v\u0259 UEFA-n\u0131n qanunlar\u0131 il\u0259 idar\u0259 olunur. Bu t\u0259\u015fkilat he\u00e7 bir v\u0259chl\u0259 Az\u0259rbaycan qanunlar\u0131na tabe deyil. D\u00f6vl\u0259t AFFA-n\u0131n i\u015fin\u0259 m\u00fcdaxil\u0259 ed\u0259 bilm\u0259z. AFFA-n\u0131n i\u015fin\u0259 v\u0259 onun prezidentin\u0259 d\u00f6vl\u0259t qurumlar\u0131 t\u0259r\u0259find\u0259n h\u0259r hans\u0131 bir t\u0259zyiq olarsa, F\u0130FA Az\u0259rbaycan\u0131 s\u0259rt \u015f\u0259kild\u0259 c\u0259zaland\u0131ra bil\u0259r. \u0130ndiy\u0259 q\u0259d\u0259r totalitar \u00fcsul-idar\u0259y\u0259 sahib bir ne\u00e7\u0259 \u00f6lk\u0259d\u0259 yerli hakimiyy\u0259t futbol federasiyas\u0131n\u0131n i\u015fin\u0259 m\u00fcdaxil\u0259y\u0259 c\u0259hd edib v\u0259 n\u0259tic\u0259si ac\u0131nacaql\u0131 olub. F\u0130FA h\u0259min \u00f6lk\u0259l\u0259rin klublar\u0131n\u0131 v\u0259 y\u0131\u011fmalar\u0131n\u0131 beyn\u0259lxalq yar\u0131\u015flardan tamamil\u0259 uzaqla\u015fd\u0131r\u0131b.\n<\/p>\n<p>\n  <i><br \/>\n    Abdullayev Musayevi yaddan \u00e7\u0131xarmay\u0131b<br \/>\n  <\/i>\n<\/p>\n<figure class=\"wp-block-image size-large\">\n  <img decoding=\"async\" src=\"https:\/\/www.meydan.tv\/az\/fuad-musayev-foto-sosial-sebeke\/\" alt=\"Fuad Musayev foto sosial \u015f\u0259b\u0259k\u0259\" class=\"wp-image-69502\"\/><figcaption>\n    Fuad Musayev foto sosial \u015f\u0259b\u0259k\u0259<br \/>\n  <\/figcaption><\/figure>\n<p>\n  Vaxtil\u0259 Az\u0259rbaycanda da AFFA-n\u0131n f\u0259aliyy\u0259tin\u0259 m\u00fcdaxil\u0259 edilib. S\u00f6hb\u0259t AFFA-n\u0131n ke\u00e7mi\u015f prezidenti Fuad Musayevin r\u0259hb\u0259rlik etdiyi d\u00f6vrd\u0259n gedir. Musayev YAP hakimiyy\u0259ti il\u0259 isti m\u00fcnasib\u0259t\u0259 sahib deyildi. Hakimiyy\u0259t onun f\u0259aliyy\u0259tin\u0259 ciddi mane\u0259l\u0259r t\u00f6r\u0259dir, futbol t\u0259s\u0259rr\u00fcfat\u0131na pul ay\u0131rm\u0131rd\u0131. H\u0259tta y\u0131\u011fma komanda s\u0259f\u0259r oyunlar\u0131na getm\u0259k \u00fc\u00e7\u00fcn v\u0259sait tapa bilmirdi. Ancaq hakimiyy\u0259t AFFA-n\u0131n f\u0259aliyy\u0259tin\u0259 a\u00e7\u0131q m\u00fcdaxil\u0259nin hans\u0131 n\u0259tic\u0259l\u0259r\u0259 g\u0259tirib \u00e7\u0131xaraca\u011f\u0131n\u0131 yax\u015f\u0131 bildiyind\u0259n, tarana getmirdi. Uzun-uzad\u0131 t\u0259zyiql\u0259rd\u0259n sonra, daha d\u0259qiq, Fuad Musayev Az\u0259rbaycan\u0131n o vaxtk\u0131 prezidenti Heyd\u0259r \u018fliyevd\u0259n t\u0259hl\u00fck\u0259sizliyi \u00fc\u00e7\u00fcn tam t\u0259minat ald\u0131qdan sonra istefaya getdi. Bu m\u0259qam\u0131 ona g\u00f6r\u0259 qabartd\u0131q ki, AFFA prezidentinin \u0259slind\u0259 toxunulmaz bir \u015f\u0259xs oldu\u011funa diqq\u0259t ay\u0131ra bil\u0259k. R\u00f6vn\u0259q Abdullayev d\u0259 m\u0259hz bu m\u0259qam\u0131 n\u0259z\u0259r\u0259 alaraq, AFFA prezidenti postunu t\u0259rk etm\u0259k ist\u0259mir. Bu post onu g\u0259l\u0259c\u0259kd\u0259 bir \u00e7ox hadis\u0259d\u0259n s\u0131\u011fortalaya bil\u0259r.\n<\/p>\n<p>\n  <i><br \/>\n    O\u011flunu AFFA prezidenti postunda oturdacaq v\u0259&#8230;<br \/>\n  <\/i>\n<\/p>\n<p>\n  T\u0259bii, R\u00f6vn\u0259q Abdullayev indiki hakimiyy\u0259tin toxunulmaz fiqurlar\u0131ndand\u0131. Ancaq onu indi yox, g\u0259l\u0259c\u0259k d\u00fc\u015f\u00fcnd\u00fcr\u00fcr. Sabah \u00f6lk\u0259d\u0259 q\u0259fl\u0259t\u0259n h\u0259r hans\u0131 bir d\u0259yi\u015fiklik ba\u015f vers\u0259, R\u00f6vn\u0259q Abdullayev AFFA prezidenti kimi \u00f6z\u00fcn\u00fc t\u0259hl\u00fck\u0259d\u0259n xilas etmi\u015f olacaq. Hakimiyy\u0259t\u0259 kimin g\u0259lm\u0259sind\u0259n as\u0131l\u0131 olmayaraq, R\u00f6vn\u0259q Abdullayev AFFA prezidenti postunda toxunulmazl\u0131q statusuna sahib olacaq. O, bu post vasit\u0259sil\u0259 s\u0259rv\u0259tini d\u0259 qorumu\u015f olacaq. R\u00f6vn\u0259q Abdullayevin g\u0259l\u0259c\u0259y\u0259 hesablanm\u0131\u015f plan\u0131n\u0131 de-\u015fifr\u0259 ed\u0259c\u0259k daha bir fakt: Bu yax\u0131nlarda Az\u0259rbaycan futbolunda \u201cS\u0259bail\u201d adl\u0131 yeni bir klub yarad\u0131ld\u0131. Ad\u0131ndan da g\u00f6r\u00fcnd\u00fcy\u00fc kimi, bu klub Bak\u0131n\u0131n m\u0259rk\u0259zi rayonunu t\u0259msil ed\u0259c\u0259k. Baxmayaraq ki, Abdullayev i\u015f adamlar\u0131na h\u0259mi\u015f\u0259 t\u00f6vsiy\u0259 edib ki, klub yaradark\u0259n regionlara \u00fcz tutsunlar. \u201cS\u0259bail\u201d klubunu yaradan \u015f\u0259xs is\u0259 R\u00f6vn\u0259q Abdullayevin o\u011flu R\u0259\u015fad Abdullayevdi. R\u0259\u015fad Abdullayev \u201cS\u0259bail\u201din M\u00fc\u015fahid\u0259 \u015euras\u0131n\u0131n s\u0259dridi. Hakimiyy\u0259td\u0259 b\u00f6y\u00fck r\u0131\u00e7aqlara sahib olan Abdullayev o\u011fluna iqtidarda y\u00fcks\u0259k v\u0259zif\u0259ni asanl\u0131qla ala bil\u0259rdi. Ancaq o, o\u011flunu futbol t\u0259s\u0259rr\u00fcfat\u0131na g\u0259tirir. B\u00f6y\u00fck ehtimalla, R\u0259\u015fad Abdullayev \u201cS\u0259bail\u201d-d\u0259 m\u00fc\u0259yy\u0259n t\u0259cr\u00fcb\u0259 toplad\u0131qdan sonra AFFA-n\u0131n idar\u0259etm\u0259 sistemin\u0259 daxil edil\u0259c\u0259k. Ola bilsin ki, ki\u00e7ik Abdullayev g\u0259l\u0259c\u0259kd\u0259 \u0130craiyy\u0259 Komit\u0259sinin \u00fczv\u00fc kimi f\u0259aliyy\u0259t g\u00f6st\u0259rsin. Sonras\u0131 is\u0259 ayd\u0131nd\u0131. R\u00f6vn\u0259q Abdullayevin uzaqvuran artilleriyas\u0131 ba\u015fqa s\u0259mt\u0259 y\u00f6n\u0259lib. O, g\u0259l\u0259c\u0259kd\u0259 o\u011flunu AFFA prezidenti postunda oturtma\u011fa \u00e7al\u0131\u015facaq. Bununla da ail\u0259y\u0259 m\u0259xsus s\u0259rv\u0259tl\u0259r o\u011fulu vasit\u0259sil\u0259 qorunacaq.\n<\/p>\n<p>\n  <i><br \/>\n    F\u0130FA v\u0259 UEFA bel\u0259 \u201cya\u011fl\u0131\u201d t\u0259r\u0259fda\u015f\u0131 niy\u0259 qorumas\u0131n?<br \/>\n  <\/i>\n<\/p>\n<p>\n  Onu da qeyd ed\u0259k ki, R\u00f6vn\u0259q Abdullayev F\u0130FA v\u0259 UEFA-da da \u00f6z\u00fcn\u0259 xeyli t\u0259r\u0259fda\u015f tapma\u011f\u0131 bacar\u0131b. T\u0259bii ki, bu t\u0259r\u0259fda\u015flar SOCAR-\u0131n beyn\u0259lxalq t\u0259\u015fkilatlarla ba\u011flad\u0131\u011f\u0131 sponsor m\u00fcqavil\u0259l\u0259rinin \u201cdostlar\u0131\u201dd\u0131. Bu \u201cdostlar\u201d R\u00f6vn\u0259q Abdullayev\u0259 qar\u015f\u0131 h\u0259r hans\u0131 bir t\u0259zyiq olaca\u011f\u0131 t\u0259qdird\u0259, onu can-ba\u015fla m\u00fcdafi\u0259 ed\u0259c\u0259kl\u0259r. T\u0259kc\u0259 onu dey\u0259k ki, SOCAR-\u0131n UEFA il\u0259 ba\u011flad\u0131\u011f\u0131 3 illik sponsor m\u00fcqavil\u0259sinin d\u0259y\u0259rinin 250 milyon dollar oldu\u011fu bildirilir. \u00d6lk\u0259 m\u0259tbuat\u0131nda bu bar\u0259d\u0259 ara\u015fd\u0131rma yaz\u0131lar da yer al\u0131b (http:\/\/virtualaz.org\/last\/4768). T\u0259bii ki, bel\u0259 \u201cya\u011fl\u0131\u201d m\u00fc\u015ft\u0259rini F\u0130FA da, UEFA da cani-dild\u0259n m\u00fcdafi\u0259 etm\u0259y\u0259 borcludu. AFFA d\u00f6vl\u0259t i\u00e7ind\u0259 d\u00f6vl\u0259tdir. Ancaq d\u00f6vl\u0259tin i\u00e7ind\u0259ki d\u00f6vl\u0259t yaln\u0131z Abdullayevl\u0259r xan\u0259dan\u0131n\u0131n qorunmas\u0131 \u00fc\u00e7\u00fcn f\u0259aliyy\u0259t g\u00f6st\u0259rir.\n<\/p><\/p>\n","protected":false},"excerpt":{"rendered":"<p>AFFA-n\u0131n i\u015fin\u0259 v\u0259 onun prezidentin\u0259 d\u00f6vl\u0259t qurumlar\u0131 t\u0259r\u0259find\u0259n h\u0259r hans\u0131 bir t\u0259zyiq olarsa, F\u0130FA Az\u0259rbaycan\u0131 s\u0259rt \u015f\u0259kild\u0259 c\u0259zaland\u0131ra bil\u0259r<\/p>\n","protected":false},"author":11,"featured_media":69499,"comment_status":"closed","ping_status":"open","sticky":false,"template":"","format":"standard","meta":{"_acf_changed":false,"_sitemap_exclude":false,"_sitemap_priority":"","_sitemap_frequency":"","footnotes":""},"categories":[51],"tags":[],"class_list":["post-179345","post","type-post","status-publish","format-standard","has-post-thumbnail","hentry","category-analitika","infinite-scroll-item","generate-columns","tablet-grid-50","mobile-grid-100","grid-parent","grid-33","no-featured-image-padding"],"acf":[],"yoast_head":"<!-- This site is optimized with the Yoast SEO plugin v27.5 - https:\/\/yoast.com\/product\/yoast-seo-wordpress\/ -->\n<title>R\u00f6vn\u0259q Abdullayev AFFA prezidentliyind\u0259n niy\u0259 imtina etm\u0259di? - MEYDAN.TV<\/title>\n<meta name=\"robots\" content=\"index, follow, max-snippet:-1, max-image-preview:large, max-video-preview:-1\" \/>\n<link rel=\"canonical\" href=\"https:\/\/www.meydan.tv\/az\/article\/rovneq-abdullayev-affa-prezidentliyinden-niye-imtina-etmedi\/\" \/>\n<meta property=\"og:locale\" content=\"az_AZ\" \/>\n<meta property=\"og:type\" content=\"article\" \/>\n<meta property=\"og:title\" content=\"R\u00f6vn\u0259q Abdullayev AFFA prezidentliyind\u0259n niy\u0259 imtina etm\u0259di? - MEYDAN.TV\" \/>\n<meta property=\"og:description\" content=\"AFFA-n\u0131n i\u015fin\u0259 v\u0259 onun prezidentin\u0259 d\u00f6vl\u0259t qurumlar\u0131 t\u0259r\u0259find\u0259n h\u0259r hans\u0131 bir t\u0259zyiq olarsa, F\u0130FA Az\u0259rbaycan\u0131 s\u0259rt \u015f\u0259kild\u0259 c\u0259zaland\u0131ra bil\u0259r\" \/>\n<meta property=\"og:url\" content=\"https:\/\/www.meydan.tv\/az\/article\/rovneq-abdullayev-affa-prezidentliyinden-niye-imtina-etmedi\/\" \/>\n<meta property=\"og:site_name\" content=\"MEYDAN.TV\" \/>\n<meta property=\"article:published_time\" content=\"2016-10-04T16:10:06+00:00\" \/>\n<meta property=\"og:image\" content=\"https:\/\/www.meydan.tv\/wp-content\/uploads\/26584.jpg\" \/>\n\t<meta property=\"og:image:width\" content=\"600\" \/>\n\t<meta property=\"og:image:height\" content=\"400\" \/>\n\t<meta property=\"og:image:type\" content=\"image\/jpeg\" \/>\n<meta name=\"author\" content=\"user-manager\" \/>\n<meta name=\"twitter:card\" content=\"summary_large_image\" \/>\n<script type=\"application\/ld+json\" class=\"yoast-schema-graph\">{\"@context\":\"https:\\\/\\\/schema.org\",\"@graph\":[{\"@type\":\"Article\",\"@id\":\"https:\\\/\\\/www.meydan.tv\\\/az\\\/article\\\/rovneq-abdullayev-affa-prezidentliyinden-niye-imtina-etmedi\\\/#article\",\"isPartOf\":{\"@id\":\"https:\\\/\\\/www.meydan.tv\\\/az\\\/article\\\/rovneq-abdullayev-affa-prezidentliyinden-niye-imtina-etmedi\\\/\"},\"author\":{\"name\":\"user-manager\",\"@id\":\"https:\\\/\\\/www.meydan.tv\\\/az\\\/#\\\/schema\\\/person\\\/10d11eccf6da3662cf5fdab9806ea91a\"},\"headline\":\"R\u00f6vn\u0259q Abdullayev AFFA prezidentliyind\u0259n niy\u0259 imtina etm\u0259di?\",\"datePublished\":\"2016-10-04T16:10:06+00:00\",\"mainEntityOfPage\":{\"@id\":\"https:\\\/\\\/www.meydan.tv\\\/az\\\/article\\\/rovneq-abdullayev-affa-prezidentliyinden-niye-imtina-etmedi\\\/\"},\"wordCount\":1419,\"publisher\":{\"@id\":\"https:\\\/\\\/www.meydan.tv\\\/az\\\/#organization\"},\"image\":{\"@id\":\"https:\\\/\\\/www.meydan.tv\\\/az\\\/article\\\/rovneq-abdullayev-affa-prezidentliyinden-niye-imtina-etmedi\\\/#primaryimage\"},\"thumbnailUrl\":\"https:\\\/\\\/www.meydan.tv\\\/wp-content\\\/uploads\\\/26584.jpg\",\"articleSection\":[\"Analitika\"],\"inLanguage\":\"az\"},{\"@type\":\"WebPage\",\"@id\":\"https:\\\/\\\/www.meydan.tv\\\/az\\\/article\\\/rovneq-abdullayev-affa-prezidentliyinden-niye-imtina-etmedi\\\/\",\"url\":\"https:\\\/\\\/www.meydan.tv\\\/az\\\/article\\\/rovneq-abdullayev-affa-prezidentliyinden-niye-imtina-etmedi\\\/\",\"name\":\"R\u00f6vn\u0259q Abdullayev AFFA prezidentliyind\u0259n niy\u0259 imtina etm\u0259di? - MEYDAN.TV\",\"isPartOf\":{\"@id\":\"https:\\\/\\\/www.meydan.tv\\\/az\\\/#website\"},\"primaryImageOfPage\":{\"@id\":\"https:\\\/\\\/www.meydan.tv\\\/az\\\/article\\\/rovneq-abdullayev-affa-prezidentliyinden-niye-imtina-etmedi\\\/#primaryimage\"},\"image\":{\"@id\":\"https:\\\/\\\/www.meydan.tv\\\/az\\\/article\\\/rovneq-abdullayev-affa-prezidentliyinden-niye-imtina-etmedi\\\/#primaryimage\"},\"thumbnailUrl\":\"https:\\\/\\\/www.meydan.tv\\\/wp-content\\\/uploads\\\/26584.jpg\",\"datePublished\":\"2016-10-04T16:10:06+00:00\",\"breadcrumb\":{\"@id\":\"https:\\\/\\\/www.meydan.tv\\\/az\\\/article\\\/rovneq-abdullayev-affa-prezidentliyinden-niye-imtina-etmedi\\\/#breadcrumb\"},\"inLanguage\":\"az\",\"potentialAction\":[{\"@type\":\"ReadAction\",\"target\":[\"https:\\\/\\\/www.meydan.tv\\\/az\\\/article\\\/rovneq-abdullayev-affa-prezidentliyinden-niye-imtina-etmedi\\\/\"]}]},{\"@type\":\"ImageObject\",\"inLanguage\":\"az\",\"@id\":\"https:\\\/\\\/www.meydan.tv\\\/az\\\/article\\\/rovneq-abdullayev-affa-prezidentliyinden-niye-imtina-etmedi\\\/#primaryimage\",\"url\":\"https:\\\/\\\/www.meydan.tv\\\/wp-content\\\/uploads\\\/26584.jpg\",\"contentUrl\":\"https:\\\/\\\/www.meydan.tv\\\/wp-content\\\/uploads\\\/26584.jpg\",\"width\":600,\"height\":400,\"caption\":\"Source:\"},{\"@type\":\"BreadcrumbList\",\"@id\":\"https:\\\/\\\/www.meydan.tv\\\/az\\\/article\\\/rovneq-abdullayev-affa-prezidentliyinden-niye-imtina-etmedi\\\/#breadcrumb\",\"itemListElement\":[{\"@type\":\"ListItem\",\"position\":1,\"name\":\"Ana s\u0259hif\u0259\",\"item\":\"https:\\\/\\\/www.meydan.tv\\\/az\\\/\"},{\"@type\":\"ListItem\",\"position\":2,\"name\":\"Analitika\",\"item\":\"https:\\\/\\\/www.meydan.tv\\\/az\\\/section\\\/analitika\\\/\"},{\"@type\":\"ListItem\",\"position\":3,\"name\":\"R\u00f6vn\u0259q Abdullayev AFFA prezidentliyind\u0259n niy\u0259 imtina etm\u0259di?\"}]},{\"@type\":\"WebSite\",\"@id\":\"https:\\\/\\\/www.meydan.tv\\\/az\\\/#website\",\"url\":\"https:\\\/\\\/www.meydan.tv\\\/az\\\/\",\"name\":\"MEYDAN.TV\",\"description\":\"Meydan TV Az\u0259rbaycan\u0131n media m\u0259kan\u0131ndak\u0131 alternativ s\u0259sidir\",\"publisher\":{\"@id\":\"https:\\\/\\\/www.meydan.tv\\\/az\\\/#organization\"},\"potentialAction\":[{\"@type\":\"SearchAction\",\"target\":{\"@type\":\"EntryPoint\",\"urlTemplate\":\"https:\\\/\\\/www.meydan.tv\\\/az\\\/?s={search_term_string}\"},\"query-input\":{\"@type\":\"PropertyValueSpecification\",\"valueRequired\":true,\"valueName\":\"search_term_string\"}}],\"inLanguage\":\"az\"},{\"@type\":\"Organization\",\"@id\":\"https:\\\/\\\/www.meydan.tv\\\/az\\\/#organization\",\"name\":\"Meydan TV\",\"url\":\"https:\\\/\\\/www.meydan.tv\\\/az\\\/\",\"logo\":{\"@type\":\"ImageObject\",\"inLanguage\":\"az\",\"@id\":\"https:\\\/\\\/www.meydan.tv\\\/az\\\/#\\\/schema\\\/logo\\\/image\\\/\",\"url\":\"https:\\\/\\\/www.meydan.tv\\\/wp-content\\\/uploads\\\/2021\\\/07\\\/meydan-logo.svg\",\"contentUrl\":\"https:\\\/\\\/www.meydan.tv\\\/wp-content\\\/uploads\\\/2021\\\/07\\\/meydan-logo.svg\",\"width\":195,\"height\":46,\"caption\":\"Meydan TV\"},\"image\":{\"@id\":\"https:\\\/\\\/www.meydan.tv\\\/az\\\/#\\\/schema\\\/logo\\\/image\\\/\"}},{\"@type\":\"Person\",\"@id\":\"https:\\\/\\\/www.meydan.tv\\\/az\\\/#\\\/schema\\\/person\\\/10d11eccf6da3662cf5fdab9806ea91a\",\"name\":\"user-manager\"}]}<\/script>\n<!-- \/ Yoast SEO plugin. -->","yoast_head_json":{"title":"R\u00f6vn\u0259q Abdullayev AFFA prezidentliyind\u0259n niy\u0259 imtina etm\u0259di? - MEYDAN.TV","robots":{"index":"index","follow":"follow","max-snippet":"max-snippet:-1","max-image-preview":"max-image-preview:large","max-video-preview":"max-video-preview:-1"},"canonical":"https:\/\/www.meydan.tv\/az\/article\/rovneq-abdullayev-affa-prezidentliyinden-niye-imtina-etmedi\/","og_locale":"az_AZ","og_type":"article","og_title":"R\u00f6vn\u0259q Abdullayev AFFA prezidentliyind\u0259n niy\u0259 imtina etm\u0259di? - MEYDAN.TV","og_description":"AFFA-n\u0131n i\u015fin\u0259 v\u0259 onun prezidentin\u0259 d\u00f6vl\u0259t qurumlar\u0131 t\u0259r\u0259find\u0259n h\u0259r hans\u0131 bir t\u0259zyiq olarsa, F\u0130FA Az\u0259rbaycan\u0131 s\u0259rt \u015f\u0259kild\u0259 c\u0259zaland\u0131ra bil\u0259r","og_url":"https:\/\/www.meydan.tv\/az\/article\/rovneq-abdullayev-affa-prezidentliyinden-niye-imtina-etmedi\/","og_site_name":"MEYDAN.TV","article_published_time":"2016-10-04T16:10:06+00:00","og_image":[{"width":600,"height":400,"url":"https:\/\/www.meydan.tv\/wp-content\/uploads\/26584.jpg","type":"image\/jpeg"}],"author":"user-manager","twitter_card":"summary_large_image","schema":{"@context":"https:\/\/schema.org","@graph":[{"@type":"Article","@id":"https:\/\/www.meydan.tv\/az\/article\/rovneq-abdullayev-affa-prezidentliyinden-niye-imtina-etmedi\/#article","isPartOf":{"@id":"https:\/\/www.meydan.tv\/az\/article\/rovneq-abdullayev-affa-prezidentliyinden-niye-imtina-etmedi\/"},"author":{"name":"user-manager","@id":"https:\/\/www.meydan.tv\/az\/#\/schema\/person\/10d11eccf6da3662cf5fdab9806ea91a"},"headline":"R\u00f6vn\u0259q Abdullayev AFFA prezidentliyind\u0259n niy\u0259 imtina etm\u0259di?","datePublished":"2016-10-04T16:10:06+00:00","mainEntityOfPage":{"@id":"https:\/\/www.meydan.tv\/az\/article\/rovneq-abdullayev-affa-prezidentliyinden-niye-imtina-etmedi\/"},"wordCount":1419,"publisher":{"@id":"https:\/\/www.meydan.tv\/az\/#organization"},"image":{"@id":"https:\/\/www.meydan.tv\/az\/article\/rovneq-abdullayev-affa-prezidentliyinden-niye-imtina-etmedi\/#primaryimage"},"thumbnailUrl":"https:\/\/www.meydan.tv\/wp-content\/uploads\/26584.jpg","articleSection":["Analitika"],"inLanguage":"az"},{"@type":"WebPage","@id":"https:\/\/www.meydan.tv\/az\/article\/rovneq-abdullayev-affa-prezidentliyinden-niye-imtina-etmedi\/","url":"https:\/\/www.meydan.tv\/az\/article\/rovneq-abdullayev-affa-prezidentliyinden-niye-imtina-etmedi\/","name":"R\u00f6vn\u0259q Abdullayev AFFA prezidentliyind\u0259n niy\u0259 imtina etm\u0259di? - MEYDAN.TV","isPartOf":{"@id":"https:\/\/www.meydan.tv\/az\/#website"},"primaryImageOfPage":{"@id":"https:\/\/www.meydan.tv\/az\/article\/rovneq-abdullayev-affa-prezidentliyinden-niye-imtina-etmedi\/#primaryimage"},"image":{"@id":"https:\/\/www.meydan.tv\/az\/article\/rovneq-abdullayev-affa-prezidentliyinden-niye-imtina-etmedi\/#primaryimage"},"thumbnailUrl":"https:\/\/www.meydan.tv\/wp-content\/uploads\/26584.jpg","datePublished":"2016-10-04T16:10:06+00:00","breadcrumb":{"@id":"https:\/\/www.meydan.tv\/az\/article\/rovneq-abdullayev-affa-prezidentliyinden-niye-imtina-etmedi\/#breadcrumb"},"inLanguage":"az","potentialAction":[{"@type":"ReadAction","target":["https:\/\/www.meydan.tv\/az\/article\/rovneq-abdullayev-affa-prezidentliyinden-niye-imtina-etmedi\/"]}]},{"@type":"ImageObject","inLanguage":"az","@id":"https:\/\/www.meydan.tv\/az\/article\/rovneq-abdullayev-affa-prezidentliyinden-niye-imtina-etmedi\/#primaryimage","url":"https:\/\/www.meydan.tv\/wp-content\/uploads\/26584.jpg","contentUrl":"https:\/\/www.meydan.tv\/wp-content\/uploads\/26584.jpg","width":600,"height":400,"caption":"Source:"},{"@type":"BreadcrumbList","@id":"https:\/\/www.meydan.tv\/az\/article\/rovneq-abdullayev-affa-prezidentliyinden-niye-imtina-etmedi\/#breadcrumb","itemListElement":[{"@type":"ListItem","position":1,"name":"Ana s\u0259hif\u0259","item":"https:\/\/www.meydan.tv\/az\/"},{"@type":"ListItem","position":2,"name":"Analitika","item":"https:\/\/www.meydan.tv\/az\/section\/analitika\/"},{"@type":"ListItem","position":3,"name":"R\u00f6vn\u0259q Abdullayev AFFA prezidentliyind\u0259n niy\u0259 imtina etm\u0259di?"}]},{"@type":"WebSite","@id":"https:\/\/www.meydan.tv\/az\/#website","url":"https:\/\/www.meydan.tv\/az\/","name":"MEYDAN.TV","description":"Meydan TV Az\u0259rbaycan\u0131n media m\u0259kan\u0131ndak\u0131 alternativ s\u0259sidir","publisher":{"@id":"https:\/\/www.meydan.tv\/az\/#organization"},"potentialAction":[{"@type":"SearchAction","target":{"@type":"EntryPoint","urlTemplate":"https:\/\/www.meydan.tv\/az\/?s={search_term_string}"},"query-input":{"@type":"PropertyValueSpecification","valueRequired":true,"valueName":"search_term_string"}}],"inLanguage":"az"},{"@type":"Organization","@id":"https:\/\/www.meydan.tv\/az\/#organization","name":"Meydan TV","url":"https:\/\/www.meydan.tv\/az\/","logo":{"@type":"ImageObject","inLanguage":"az","@id":"https:\/\/www.meydan.tv\/az\/#\/schema\/logo\/image\/","url":"https:\/\/www.meydan.tv\/wp-content\/uploads\/2021\/07\/meydan-logo.svg","contentUrl":"https:\/\/www.meydan.tv\/wp-content\/uploads\/2021\/07\/meydan-logo.svg","width":195,"height":46,"caption":"Meydan TV"},"image":{"@id":"https:\/\/www.meydan.tv\/az\/#\/schema\/logo\/image\/"}},{"@type":"Person","@id":"https:\/\/www.meydan.tv\/az\/#\/schema\/person\/10d11eccf6da3662cf5fdab9806ea91a","name":"user-manager"}]}},"_links":{"self":[{"href":"https:\/\/www.meydan.tv\/az\/wp-json\/wp\/v2\/posts\/179345","targetHints":{"allow":["GET"]}}],"collection":[{"href":"https:\/\/www.meydan.tv\/az\/wp-json\/wp\/v2\/posts"}],"about":[{"href":"https:\/\/www.meydan.tv\/az\/wp-json\/wp\/v2\/types\/post"}],"author":[{"embeddable":true,"href":"https:\/\/www.meydan.tv\/az\/wp-json\/wp\/v2\/users\/11"}],"replies":[{"embeddable":true,"href":"https:\/\/www.meydan.tv\/az\/wp-json\/wp\/v2\/comments?post=179345"}],"version-history":[{"count":0,"href":"https:\/\/www.meydan.tv\/az\/wp-json\/wp\/v2\/posts\/179345\/revisions"}],"wp:featuredmedia":[{"embeddable":true,"href":"https:\/\/www.meydan.tv\/az\/wp-json\/wp\/v2\/media\/69499"}],"wp:attachment":[{"href":"https:\/\/www.meydan.tv\/az\/wp-json\/wp\/v2\/media?parent=179345"}],"wp:term":[{"taxonomy":"category","embeddable":true,"href":"https:\/\/www.meydan.tv\/az\/wp-json\/wp\/v2\/categories?post=179345"},{"taxonomy":"post_tag","embeddable":true,"href":"https:\/\/www.meydan.tv\/az\/wp-json\/wp\/v2\/tags?post=179345"}],"curies":[{"name":"wp","href":"https:\/\/api.w.org\/{rel}","templated":true}]}}