{"id":179301,"date":"2016-10-01T14:44:50","date_gmt":"2016-10-01T14:44:50","guid":{"rendered":"https:\/\/www.meydan.tv\/article\/eliyev-referendumun-islahatlardan-xeber-verdiyini-tesdiq-edir\/"},"modified":"2016-10-01T14:44:50","modified_gmt":"2016-10-01T14:44:50","slug":"eliyev-referendumun-islahatlardan-xeber-verdiyini-tesdiq-edir","status":"publish","type":"post","link":"https:\/\/www.meydan.tv\/az\/article\/eliyev-referendumun-islahatlardan-xeber-verdiyini-tesdiq-edir\/","title":{"rendered":"\u018fliyev referendumun islahatlardan x\u0259b\u0259r verdiyini t\u0259sdiq edir"},"content":{"rendered":"<figure class=\"wp-block-image size-large\">\n  <img decoding=\"async\" src=\"https:\/\/www.meydan.tv\/az\/foto-turan-2\/\" alt=\"foto Turan\" class=\"wp-image-69307\"\/><figcaption>\n    foto Turan<br \/>\n  <\/figcaption><\/figure>\n<p>\n  <i><br \/>\n    Referendumu nec\u0259 t\u0259qdim edirl\u0259rs\u0259 etsinl\u0259r, o, faktiki olaraq, Q\u0259rbd\u0259 uzun m\u00fcdd\u0259t dan\u0131\u015f\u0131lan, amma \u018fliyev administrasiyas\u0131nda e\u015fidilm\u0259y\u0259n islahatlardan x\u0259b\u0259r verir<br \/>\n  <\/i>\n<\/p>\n<p>\n  Prezident \u0130lham \u018fliyev Konstitusiyaya d\u0259yi\u015fiklikl\u0259r haqq\u0131nda referendumun ba\u015fa \u00e7atmas\u0131n\u0131 Sumqay\u0131tda Heyd\u0259r \u018fliyev M\u0259rk\u0259zinin a\u00e7\u0131l\u0131\u015f\u0131 v\u0259 partiya-t\u0259s\u0259rr\u00fcfat f\u0259allar\u0131 qar\u015f\u0131s\u0131nda nitql\u0259 qeyd edib.\n<\/p>\n<p>\n  Bel\u0259likl\u0259, o, referendumdan \u0259vv\u0259l d\u0259, sonra da siyasi kursun ard\u0131c\u0131ll\u0131\u011f\u0131n\u0131 a\u00e7\u0131q-a\u015fkar g\u00f6st\u0259rdi. \u018fliyev \u00e7\u0131x\u0131\u015f\u0131nda \u0259sas diqq\u0259ti m\u00fcst\u0259qil siyas\u0259t kursuna, h\u0259r-hans\u0131 xarici as\u0131l\u0131l\u0131\u011f\u0131n v\u0259 xarici q\u00fcvv\u0259l\u0259rin Az\u0259rbaycana t\u0259sirinin olmamas\u0131na \u00e7\u0259kib. \u018fliyev sanki auditoriyaya referendum haqq\u0131nda q\u0259rar\u0131n v\u0259 onun n\u0259tic\u0259l\u0259rinin xarici siyasi t\u0259sir m\u0259rk\u0259zl\u0259rinin ixrac material\u0131 deyil, onun t\u0259f\u0259kk\u00fcr\u00fcn\u00fcn b\u0259hr\u0259si oldu\u011funu \u00e7atd\u0131rma\u011fa \u00e7al\u0131\u015f\u0131rd\u0131.\n<\/p>\n<p>\n  T\u0259sir m\u0259rk\u0259zl\u0259ri, \u00f6z n\u00f6vb\u0259sind\u0259, ba\u015f ver\u0259nl\u0259r\u0259, daha d\u0259qiq is\u0259 \u018fliyevin \u0259ll\u0259rind\u0259 qeyri-m\u0259hdud hakimiyy\u0259tin c\u0259ml\u0259\u015fm\u0259sin\u0259 s\u00fcst reaksiya n\u00fcmayi\u015f etdir\u0259r\u0259k, mahiyy\u0259tc\u0259, t\u0259\u015f\u0259bb\u00fcsd\u0259n n\u0259tic\u0259l\u0259r\u0259 q\u0259d\u0259r referendum prosesind\u0259 \u00f6z i\u015ftiraklar\u0131n\u0131 n\u00fcmayi\u015f etdirdil\u0259r.\n<\/p>\n<p>\n  Nec\u0259 olursa olsun, referendum v\u0259 onun n\u0259tic\u0259l\u0259ri, faktiki olaraq, yax\u0131n g\u0259l\u0259c\u0259kd\u0259 i\u015f\u0259 sal\u0131nmal\u0131 olan islahatlar proqram\u0131na \u0259lav\u0259 v\u0259 yax\u0131n on il \u00fc\u00e7\u00fcn \u00f6lk\u0259nin \u0259sas konstitusiyas\u0131 olacaq. Proqram beyn\u0259lxalq maliyy\u0259 m\u0259rk\u0259zl\u0259rind\u0259 t\u0259sdiq m\u0259rh\u0259l\u0259sind\u0259n ke\u00e7ir v\u0259 onun h\u0259yata ke\u00e7irilm\u0259si g\u00fccl\u00fc diqq\u0259t alt\u0131nda ba\u015f ver\u0259c\u0259k.<br \/>\n  <br \/>\n  \u00d6lk\u0259nin g\u0259l\u0259c\u0259k inki\u015faf\u0131n\u0131 v\u0259 hakimiyy\u0259tin taleyini, m\u00fcasir Az\u0259rbaycan t\u0259cr\u00fcb\u0259sinin g\u00f6st\u0259rdiyi kimi, yaln\u0131z ham\u0131n\u0131n h\u00f6rm\u0259t etdiyi, amma \u0259m\u0259l etm\u0259diyi r\u0259smi s\u0259n\u0259d olan konstitusiya deyil, bu proqram m\u00fc\u0259yy\u0259n ed\u0259c\u0259k. Bu m\u0259nada haz\u0131rki siyasi rejimd\u0259, konstitusiyaya \u0259n demokratik normalar daxil edils\u0259 bel\u0259, onlar yaln\u0131z avtoritar d\u00f6vl\u0259tin xarici fasad\u0131n\u0131n mozaika il\u0259 b\u0259z\u0259nm\u0259si funksiyas\u0131n\u0131 yerin\u0259 yetir\u0259rdi.\n<\/p>\n<figure class=\"wp-block-image size-large\">\n  <img decoding=\"async\" src=\"https:\/\/www.meydan.tv\/az\/foto-turan\/\" alt=\"foto Turan\" class=\"wp-image-69310\"\/><figcaption>\n    foto Turan<br \/>\n  <\/figcaption><\/figure>\n<p>\n  Prezidentin nitqinin \u00fcnvanland\u0131\u011f\u0131 auditoriya bunu ba\u015fa d\u00fc\u015f\u00fcr. Zal\u0131n \u018fliyevin nitqini dinl\u0259m\u0259si t\u0259rzi m\u00fc\u0259yy\u0259n d\u0259r\u0259c\u0259d\u0259 f\u0259rqli idi, bel\u0259 ki, t\u0259k-t\u00fck insan riqq\u0259tl\u0259 prezidentin M\u00fcsavat-Xalq C\u0259bh\u0259si m\u00fcxalif\u0259tinin \u00fcnvan\u0131na ittihamlar\u0131n\u0131 v\u0259 siyasi kursun m\u00fcst\u0259qilliyi haqq\u0131nda b\u0259yanatlar\u0131n\u0131 dinl\u0259yirdi. Dinl\u0259yicil\u0259rin \u0259ks\u0259riyy\u0259ti is\u0259 nitqi he\u00e7 bir emosiya olmayan soyuq b\u0259nizl\u0259rl\u0259 dinl\u0259yirdi. Bu, referendumda s\u0259s ver\u0259n v\u0259 ya verm\u0259y\u0259n se\u00e7icil\u0259rin \u00fcmumi reaksiyas\u0131 idi.\n<\/p>\n<p>\n  Prezident \u018fliyev sistemin d\u0259rin v\u0259 bitm\u0259k bilm\u0259y\u0259n b\u00f6hran\u0131n\u0131n, maliyy\u0259 itkil\u0259rinin, sabah\u0131n qeyri-m\u00fc\u0259yy\u0259nliyinin t\u0259sirin\u0259 m\u0259ruz qalan 5 milyon se\u00e7icinin \u0259hval-ruhiyy\u0259sini d\u0259qiq bilir. Amma o, u\u011furlu inki\u015faf v\u0259 d\u00fc\u015fm\u0259n \u00e7evr\u0259 haqq\u0131nda b\u00f6lg\u00fcl\u0259rind\u0259 h\u0259mi\u015f\u0259 ard\u0131c\u0131l olub. Hakimiyy\u0259td\u0259 oldu\u011fu 13 il \u0259rzind\u0259 bu x\u0259tt d\u0259yi\u015fm\u0259yib v\u0259 bu, \u0259sas\u0259n neft g\u0259lirl\u0259rinin ard\u0131c\u0131l art\u0131\u015f\u0131 il\u0259 ba\u011fl\u0131 idi. \u0130ndi bu iki x\u0259tt yolay\u0131r\u0131c\u0131ndad\u0131r v\u0259 rejim d\u00fcn\u0259nki avtoritar, mafiya d\u00f6vl\u0259tinin qurulmas\u0131 ana x\u0259ttini g\u00fcn\u00fcn ger\u00e7\u0259kl\u0259rin\u0259 uy\u011fun \u015f\u0259kild\u0259 d\u0259yi\u015fl\u0259m\u0259li olacaq. Referendumu nec\u0259 t\u0259qdim edirl\u0259rs\u0259 etsinl\u0259r, o, faktiki olaraq, Q\u0259rbd\u0259 uzun m\u00fcdd\u0259t dan\u0131\u015f\u0131lan, amma \u018fliyev administrasiyas\u0131nda e\u015fidilm\u0259y\u0259n islahatlardan x\u0259b\u0259r verir. Prezidentin nitqind\u0259n ayd\u0131n olur ki, indi m\u0259s\u0259l\u0259 yaln\u0131z islahatlar\u0131 onun \u00f6z fikri kimi t\u0259qdim etm\u0259kd\u0259n ibar\u0259tdir.<\/p>\n","protected":false},"excerpt":{"rendered":"<p>Referendumu nec\u0259 t\u0259qdim edirl\u0259rs\u0259 etsinl\u0259r, o, faktiki olaraq, Q\u0259rbd\u0259 uzun m\u00fcdd\u0259t dan\u0131\u015f\u0131lan, amma \u018fliyev administrasiyas\u0131nda e\u015fidilm\u0259y\u0259n islahatlardan x\u0259b\u0259r verir<\/p>\n","protected":false},"author":11,"featured_media":69307,"comment_status":"closed","ping_status":"open","sticky":false,"template":"","format":"standard","meta":{"_acf_changed":false,"_sitemap_exclude":false,"_sitemap_priority":"","_sitemap_frequency":"","footnotes":""},"categories":[51],"tags":[],"class_list":["post-179301","post","type-post","status-publish","format-standard","has-post-thumbnail","hentry","category-analitika","infinite-scroll-item","generate-columns","tablet-grid-50","mobile-grid-100","grid-parent","grid-33","no-featured-image-padding"],"acf":[],"yoast_head":"<!-- This site is optimized with the Yoast SEO plugin v27.5 - https:\/\/yoast.com\/product\/yoast-seo-wordpress\/ -->\n<title>\u018fliyev referendumun islahatlardan x\u0259b\u0259r verdiyini t\u0259sdiq edir - MEYDAN.TV<\/title>\n<meta name=\"robots\" content=\"index, follow, max-snippet:-1, max-image-preview:large, max-video-preview:-1\" \/>\n<link rel=\"canonical\" href=\"https:\/\/www.meydan.tv\/az\/article\/eliyev-referendumun-islahatlardan-xeber-verdiyini-tesdiq-edir\/\" \/>\n<meta property=\"og:locale\" content=\"az_AZ\" \/>\n<meta property=\"og:type\" content=\"article\" \/>\n<meta property=\"og:title\" content=\"\u018fliyev referendumun islahatlardan x\u0259b\u0259r verdiyini t\u0259sdiq edir - MEYDAN.TV\" \/>\n<meta property=\"og:description\" content=\"Referendumu nec\u0259 t\u0259qdim edirl\u0259rs\u0259 etsinl\u0259r, o, faktiki olaraq, Q\u0259rbd\u0259 uzun m\u00fcdd\u0259t dan\u0131\u015f\u0131lan, amma \u018fliyev administrasiyas\u0131nda e\u015fidilm\u0259y\u0259n islahatlardan x\u0259b\u0259r verir\" \/>\n<meta property=\"og:url\" content=\"https:\/\/www.meydan.tv\/az\/article\/eliyev-referendumun-islahatlardan-xeber-verdiyini-tesdiq-edir\/\" \/>\n<meta property=\"og:site_name\" content=\"MEYDAN.TV\" \/>\n<meta property=\"article:published_time\" content=\"2016-10-01T14:44:50+00:00\" \/>\n<meta property=\"og:image\" content=\"https:\/\/www.meydan.tv\/wp-content\/uploads\/26514.jpg\" \/>\n\t<meta property=\"og:image:width\" content=\"1000\" \/>\n\t<meta property=\"og:image:height\" content=\"634\" \/>\n\t<meta property=\"og:image:type\" content=\"image\/jpeg\" \/>\n<meta name=\"author\" content=\"user-manager\" \/>\n<meta name=\"twitter:card\" content=\"summary_large_image\" \/>\n<script type=\"application\/ld+json\" class=\"yoast-schema-graph\">{\"@context\":\"https:\\\/\\\/schema.org\",\"@graph\":[{\"@type\":\"Article\",\"@id\":\"https:\\\/\\\/www.meydan.tv\\\/az\\\/article\\\/eliyev-referendumun-islahatlardan-xeber-verdiyini-tesdiq-edir\\\/#article\",\"isPartOf\":{\"@id\":\"https:\\\/\\\/www.meydan.tv\\\/az\\\/article\\\/eliyev-referendumun-islahatlardan-xeber-verdiyini-tesdiq-edir\\\/\"},\"author\":{\"name\":\"user-manager\",\"@id\":\"https:\\\/\\\/www.meydan.tv\\\/az\\\/#\\\/schema\\\/person\\\/10d11eccf6da3662cf5fdab9806ea91a\"},\"headline\":\"\u018fliyev referendumun islahatlardan x\u0259b\u0259r verdiyini t\u0259sdiq edir\",\"datePublished\":\"2016-10-01T14:44:50+00:00\",\"mainEntityOfPage\":{\"@id\":\"https:\\\/\\\/www.meydan.tv\\\/az\\\/article\\\/eliyev-referendumun-islahatlardan-xeber-verdiyini-tesdiq-edir\\\/\"},\"wordCount\":683,\"publisher\":{\"@id\":\"https:\\\/\\\/www.meydan.tv\\\/az\\\/#organization\"},\"image\":{\"@id\":\"https:\\\/\\\/www.meydan.tv\\\/az\\\/article\\\/eliyev-referendumun-islahatlardan-xeber-verdiyini-tesdiq-edir\\\/#primaryimage\"},\"thumbnailUrl\":\"https:\\\/\\\/www.meydan.tv\\\/wp-content\\\/uploads\\\/26514.jpg\",\"articleSection\":[\"Analitika\"],\"inLanguage\":\"az\"},{\"@type\":\"WebPage\",\"@id\":\"https:\\\/\\\/www.meydan.tv\\\/az\\\/article\\\/eliyev-referendumun-islahatlardan-xeber-verdiyini-tesdiq-edir\\\/\",\"url\":\"https:\\\/\\\/www.meydan.tv\\\/az\\\/article\\\/eliyev-referendumun-islahatlardan-xeber-verdiyini-tesdiq-edir\\\/\",\"name\":\"\u018fliyev referendumun islahatlardan x\u0259b\u0259r verdiyini t\u0259sdiq edir - MEYDAN.TV\",\"isPartOf\":{\"@id\":\"https:\\\/\\\/www.meydan.tv\\\/az\\\/#website\"},\"primaryImageOfPage\":{\"@id\":\"https:\\\/\\\/www.meydan.tv\\\/az\\\/article\\\/eliyev-referendumun-islahatlardan-xeber-verdiyini-tesdiq-edir\\\/#primaryimage\"},\"image\":{\"@id\":\"https:\\\/\\\/www.meydan.tv\\\/az\\\/article\\\/eliyev-referendumun-islahatlardan-xeber-verdiyini-tesdiq-edir\\\/#primaryimage\"},\"thumbnailUrl\":\"https:\\\/\\\/www.meydan.tv\\\/wp-content\\\/uploads\\\/26514.jpg\",\"datePublished\":\"2016-10-01T14:44:50+00:00\",\"breadcrumb\":{\"@id\":\"https:\\\/\\\/www.meydan.tv\\\/az\\\/article\\\/eliyev-referendumun-islahatlardan-xeber-verdiyini-tesdiq-edir\\\/#breadcrumb\"},\"inLanguage\":\"az\",\"potentialAction\":[{\"@type\":\"ReadAction\",\"target\":[\"https:\\\/\\\/www.meydan.tv\\\/az\\\/article\\\/eliyev-referendumun-islahatlardan-xeber-verdiyini-tesdiq-edir\\\/\"]}]},{\"@type\":\"ImageObject\",\"inLanguage\":\"az\",\"@id\":\"https:\\\/\\\/www.meydan.tv\\\/az\\\/article\\\/eliyev-referendumun-islahatlardan-xeber-verdiyini-tesdiq-edir\\\/#primaryimage\",\"url\":\"https:\\\/\\\/www.meydan.tv\\\/wp-content\\\/uploads\\\/26514.jpg\",\"contentUrl\":\"https:\\\/\\\/www.meydan.tv\\\/wp-content\\\/uploads\\\/26514.jpg\",\"width\":1000,\"height\":634,\"caption\":\"Source:\"},{\"@type\":\"BreadcrumbList\",\"@id\":\"https:\\\/\\\/www.meydan.tv\\\/az\\\/article\\\/eliyev-referendumun-islahatlardan-xeber-verdiyini-tesdiq-edir\\\/#breadcrumb\",\"itemListElement\":[{\"@type\":\"ListItem\",\"position\":1,\"name\":\"Ana s\u0259hif\u0259\",\"item\":\"https:\\\/\\\/www.meydan.tv\\\/az\\\/\"},{\"@type\":\"ListItem\",\"position\":2,\"name\":\"Analitika\",\"item\":\"https:\\\/\\\/www.meydan.tv\\\/az\\\/section\\\/analitika\\\/\"},{\"@type\":\"ListItem\",\"position\":3,\"name\":\"\u018fliyev referendumun islahatlardan x\u0259b\u0259r verdiyini t\u0259sdiq edir\"}]},{\"@type\":\"WebSite\",\"@id\":\"https:\\\/\\\/www.meydan.tv\\\/az\\\/#website\",\"url\":\"https:\\\/\\\/www.meydan.tv\\\/az\\\/\",\"name\":\"MEYDAN.TV\",\"description\":\"Meydan TV Az\u0259rbaycan\u0131n media m\u0259kan\u0131ndak\u0131 alternativ s\u0259sidir\",\"publisher\":{\"@id\":\"https:\\\/\\\/www.meydan.tv\\\/az\\\/#organization\"},\"potentialAction\":[{\"@type\":\"SearchAction\",\"target\":{\"@type\":\"EntryPoint\",\"urlTemplate\":\"https:\\\/\\\/www.meydan.tv\\\/az\\\/?s={search_term_string}\"},\"query-input\":{\"@type\":\"PropertyValueSpecification\",\"valueRequired\":true,\"valueName\":\"search_term_string\"}}],\"inLanguage\":\"az\"},{\"@type\":\"Organization\",\"@id\":\"https:\\\/\\\/www.meydan.tv\\\/az\\\/#organization\",\"name\":\"Meydan TV\",\"url\":\"https:\\\/\\\/www.meydan.tv\\\/az\\\/\",\"logo\":{\"@type\":\"ImageObject\",\"inLanguage\":\"az\",\"@id\":\"https:\\\/\\\/www.meydan.tv\\\/az\\\/#\\\/schema\\\/logo\\\/image\\\/\",\"url\":\"https:\\\/\\\/www.meydan.tv\\\/wp-content\\\/uploads\\\/2021\\\/07\\\/meydan-logo.svg\",\"contentUrl\":\"https:\\\/\\\/www.meydan.tv\\\/wp-content\\\/uploads\\\/2021\\\/07\\\/meydan-logo.svg\",\"width\":195,\"height\":46,\"caption\":\"Meydan TV\"},\"image\":{\"@id\":\"https:\\\/\\\/www.meydan.tv\\\/az\\\/#\\\/schema\\\/logo\\\/image\\\/\"}},{\"@type\":\"Person\",\"@id\":\"https:\\\/\\\/www.meydan.tv\\\/az\\\/#\\\/schema\\\/person\\\/10d11eccf6da3662cf5fdab9806ea91a\",\"name\":\"user-manager\"}]}<\/script>\n<!-- \/ Yoast SEO plugin. -->","yoast_head_json":{"title":"\u018fliyev referendumun islahatlardan x\u0259b\u0259r verdiyini t\u0259sdiq edir - MEYDAN.TV","robots":{"index":"index","follow":"follow","max-snippet":"max-snippet:-1","max-image-preview":"max-image-preview:large","max-video-preview":"max-video-preview:-1"},"canonical":"https:\/\/www.meydan.tv\/az\/article\/eliyev-referendumun-islahatlardan-xeber-verdiyini-tesdiq-edir\/","og_locale":"az_AZ","og_type":"article","og_title":"\u018fliyev referendumun islahatlardan x\u0259b\u0259r verdiyini t\u0259sdiq edir - MEYDAN.TV","og_description":"Referendumu nec\u0259 t\u0259qdim edirl\u0259rs\u0259 etsinl\u0259r, o, faktiki olaraq, Q\u0259rbd\u0259 uzun m\u00fcdd\u0259t dan\u0131\u015f\u0131lan, amma \u018fliyev administrasiyas\u0131nda e\u015fidilm\u0259y\u0259n islahatlardan x\u0259b\u0259r verir","og_url":"https:\/\/www.meydan.tv\/az\/article\/eliyev-referendumun-islahatlardan-xeber-verdiyini-tesdiq-edir\/","og_site_name":"MEYDAN.TV","article_published_time":"2016-10-01T14:44:50+00:00","og_image":[{"width":1000,"height":634,"url":"https:\/\/www.meydan.tv\/wp-content\/uploads\/26514.jpg","type":"image\/jpeg"}],"author":"user-manager","twitter_card":"summary_large_image","schema":{"@context":"https:\/\/schema.org","@graph":[{"@type":"Article","@id":"https:\/\/www.meydan.tv\/az\/article\/eliyev-referendumun-islahatlardan-xeber-verdiyini-tesdiq-edir\/#article","isPartOf":{"@id":"https:\/\/www.meydan.tv\/az\/article\/eliyev-referendumun-islahatlardan-xeber-verdiyini-tesdiq-edir\/"},"author":{"name":"user-manager","@id":"https:\/\/www.meydan.tv\/az\/#\/schema\/person\/10d11eccf6da3662cf5fdab9806ea91a"},"headline":"\u018fliyev referendumun islahatlardan x\u0259b\u0259r verdiyini t\u0259sdiq edir","datePublished":"2016-10-01T14:44:50+00:00","mainEntityOfPage":{"@id":"https:\/\/www.meydan.tv\/az\/article\/eliyev-referendumun-islahatlardan-xeber-verdiyini-tesdiq-edir\/"},"wordCount":683,"publisher":{"@id":"https:\/\/www.meydan.tv\/az\/#organization"},"image":{"@id":"https:\/\/www.meydan.tv\/az\/article\/eliyev-referendumun-islahatlardan-xeber-verdiyini-tesdiq-edir\/#primaryimage"},"thumbnailUrl":"https:\/\/www.meydan.tv\/wp-content\/uploads\/26514.jpg","articleSection":["Analitika"],"inLanguage":"az"},{"@type":"WebPage","@id":"https:\/\/www.meydan.tv\/az\/article\/eliyev-referendumun-islahatlardan-xeber-verdiyini-tesdiq-edir\/","url":"https:\/\/www.meydan.tv\/az\/article\/eliyev-referendumun-islahatlardan-xeber-verdiyini-tesdiq-edir\/","name":"\u018fliyev referendumun islahatlardan x\u0259b\u0259r verdiyini t\u0259sdiq edir - MEYDAN.TV","isPartOf":{"@id":"https:\/\/www.meydan.tv\/az\/#website"},"primaryImageOfPage":{"@id":"https:\/\/www.meydan.tv\/az\/article\/eliyev-referendumun-islahatlardan-xeber-verdiyini-tesdiq-edir\/#primaryimage"},"image":{"@id":"https:\/\/www.meydan.tv\/az\/article\/eliyev-referendumun-islahatlardan-xeber-verdiyini-tesdiq-edir\/#primaryimage"},"thumbnailUrl":"https:\/\/www.meydan.tv\/wp-content\/uploads\/26514.jpg","datePublished":"2016-10-01T14:44:50+00:00","breadcrumb":{"@id":"https:\/\/www.meydan.tv\/az\/article\/eliyev-referendumun-islahatlardan-xeber-verdiyini-tesdiq-edir\/#breadcrumb"},"inLanguage":"az","potentialAction":[{"@type":"ReadAction","target":["https:\/\/www.meydan.tv\/az\/article\/eliyev-referendumun-islahatlardan-xeber-verdiyini-tesdiq-edir\/"]}]},{"@type":"ImageObject","inLanguage":"az","@id":"https:\/\/www.meydan.tv\/az\/article\/eliyev-referendumun-islahatlardan-xeber-verdiyini-tesdiq-edir\/#primaryimage","url":"https:\/\/www.meydan.tv\/wp-content\/uploads\/26514.jpg","contentUrl":"https:\/\/www.meydan.tv\/wp-content\/uploads\/26514.jpg","width":1000,"height":634,"caption":"Source:"},{"@type":"BreadcrumbList","@id":"https:\/\/www.meydan.tv\/az\/article\/eliyev-referendumun-islahatlardan-xeber-verdiyini-tesdiq-edir\/#breadcrumb","itemListElement":[{"@type":"ListItem","position":1,"name":"Ana s\u0259hif\u0259","item":"https:\/\/www.meydan.tv\/az\/"},{"@type":"ListItem","position":2,"name":"Analitika","item":"https:\/\/www.meydan.tv\/az\/section\/analitika\/"},{"@type":"ListItem","position":3,"name":"\u018fliyev referendumun islahatlardan x\u0259b\u0259r verdiyini t\u0259sdiq edir"}]},{"@type":"WebSite","@id":"https:\/\/www.meydan.tv\/az\/#website","url":"https:\/\/www.meydan.tv\/az\/","name":"MEYDAN.TV","description":"Meydan TV Az\u0259rbaycan\u0131n media m\u0259kan\u0131ndak\u0131 alternativ s\u0259sidir","publisher":{"@id":"https:\/\/www.meydan.tv\/az\/#organization"},"potentialAction":[{"@type":"SearchAction","target":{"@type":"EntryPoint","urlTemplate":"https:\/\/www.meydan.tv\/az\/?s={search_term_string}"},"query-input":{"@type":"PropertyValueSpecification","valueRequired":true,"valueName":"search_term_string"}}],"inLanguage":"az"},{"@type":"Organization","@id":"https:\/\/www.meydan.tv\/az\/#organization","name":"Meydan TV","url":"https:\/\/www.meydan.tv\/az\/","logo":{"@type":"ImageObject","inLanguage":"az","@id":"https:\/\/www.meydan.tv\/az\/#\/schema\/logo\/image\/","url":"https:\/\/www.meydan.tv\/wp-content\/uploads\/2021\/07\/meydan-logo.svg","contentUrl":"https:\/\/www.meydan.tv\/wp-content\/uploads\/2021\/07\/meydan-logo.svg","width":195,"height":46,"caption":"Meydan TV"},"image":{"@id":"https:\/\/www.meydan.tv\/az\/#\/schema\/logo\/image\/"}},{"@type":"Person","@id":"https:\/\/www.meydan.tv\/az\/#\/schema\/person\/10d11eccf6da3662cf5fdab9806ea91a","name":"user-manager"}]}},"_links":{"self":[{"href":"https:\/\/www.meydan.tv\/az\/wp-json\/wp\/v2\/posts\/179301","targetHints":{"allow":["GET"]}}],"collection":[{"href":"https:\/\/www.meydan.tv\/az\/wp-json\/wp\/v2\/posts"}],"about":[{"href":"https:\/\/www.meydan.tv\/az\/wp-json\/wp\/v2\/types\/post"}],"author":[{"embeddable":true,"href":"https:\/\/www.meydan.tv\/az\/wp-json\/wp\/v2\/users\/11"}],"replies":[{"embeddable":true,"href":"https:\/\/www.meydan.tv\/az\/wp-json\/wp\/v2\/comments?post=179301"}],"version-history":[{"count":0,"href":"https:\/\/www.meydan.tv\/az\/wp-json\/wp\/v2\/posts\/179301\/revisions"}],"wp:featuredmedia":[{"embeddable":true,"href":"https:\/\/www.meydan.tv\/az\/wp-json\/wp\/v2\/media\/69307"}],"wp:attachment":[{"href":"https:\/\/www.meydan.tv\/az\/wp-json\/wp\/v2\/media?parent=179301"}],"wp:term":[{"taxonomy":"category","embeddable":true,"href":"https:\/\/www.meydan.tv\/az\/wp-json\/wp\/v2\/categories?post=179301"},{"taxonomy":"post_tag","embeddable":true,"href":"https:\/\/www.meydan.tv\/az\/wp-json\/wp\/v2\/tags?post=179301"}],"curies":[{"name":"wp","href":"https:\/\/api.w.org\/{rel}","templated":true}]}}