{"id":179294,"date":"2016-09-30T23:24:15","date_gmt":"2016-09-30T23:24:15","guid":{"rendered":"https:\/\/www.meydan.tv\/article\/bes-deyirdiler-daha-hec-bir-bank-baglanmayacaq\/"},"modified":"2016-09-30T23:24:15","modified_gmt":"2016-09-30T23:24:15","slug":"bes-deyirdiler-daha-hec-bir-bank-baglanmayacaq","status":"publish","type":"post","link":"https:\/\/www.meydan.tv\/az\/article\/bes-deyirdiler-daha-hec-bir-bank-baglanmayacaq\/","title":{"rendered":"B\u0259s deyirdil\u0259r daha he\u00e7 bir bank ba\u011flanmayacaq?"},"content":{"rendered":"<figure class=\"wp-block-image size-large\">\n  <img decoding=\"async\" src=\"https:\/\/www.meydan.tv\/az\/69295\/\" alt=\"\" class=\"wp-image-69295\"\/><figcaption><\/figcaption><\/figure>\n<p>\n  <i><br \/>\n    Faktiki olaraq itir\u0259n yen\u0259 xalq\u0131m\u0131z v\u0259 d\u00f6vl\u0259timiz oldu<br \/>\n  <\/i>\n<\/p>\n<p>\n  &#8220;Bank Standard&#8221;\u0131n &#8220;sa\u011flamla\u015fd\u0131r\u0131lmas\u0131&#8221; oyunu qurtard\u0131. &#8220;Sa\u011flamla\u015fd\u0131rma&#8221;n\u0131n ilk g\u00fcn\u00fcnd\u0259n d\u0259f\u0259l\u0259rl\u0259 demi\u015f\u0259m ki, bu proses qanuna zidd apar\u0131l\u0131r. Sa\u011flamla\u015fd\u0131r\u0131lan banka d\u00f6vl\u0259t kifay\u0259t q\u0259d\u0259r pul verm\u0259li idi ki, borclar\u0131n\u0131 \u00f6d\u0259sin, amma vermirdi v\u0259 \u0259man\u0259t\u00e7il\u0259rin h\u00fcquqlar\u0131 kobud \u015f\u0259kild\u0259 pozulurdu. Sad\u0259c\u0259 bir imitasiya idi.\n<\/p>\n<p>\n  Onu da d\u0259f\u0259l\u0259rl\u0259 demi\u015fdim ki, banklar\u0131n ba\u011flanmas\u0131 prosesi bitm\u0259yib v\u0259 yax\u0131nda davam ed\u0259c\u0259k, lakin bunu inkar edirdil\u0259r. Bank sistemimiz \u00e7ox a\u011f\u0131r durumdad\u0131r v\u0259 banklar\u0131n ba\u011flanmas\u0131 davam ed\u0259c\u0259k. Gunah\u0131 da \u00f6zl\u0259rind\u0259dir: vaxt\u0131nda borclularla \u0259dal\u0259tli davran\u0131b onlara g\u00fcz\u0259\u015ftl\u0259r ets\u0259ydil\u0259r, v\u0259ziyy\u0259t bu h\u0259dd\u0259 \u00e7atmayacaqd\u0131.\n<\/p>\n<p>\n  &#8220;Bank Standard&#8221;a qay\u0131daraq qeyd etm\u0259k laz\u0131md\u0131r ki, s\u00f6hb\u0259t \u0259man\u0259tl\u0259rin h\u0259cmin\u0259 g\u00f6r\u0259 \u00f6lk\u0259nin ikinci bank\u0131ndan gedir. Bu bank\u0131 ona g\u00f6r\u0259 sa\u011flamla\u015fd\u0131rmaq ist\u0259yirdil\u0259r ki, onun ba\u011flanmas\u0131 &#8220;bank sistemin\u0259 etimada ciddi t\u0259hl\u00fck\u0259 yarad\u0131lmas\u0131na s\u0259b\u0259b ola bil\u0259rdi&#8221;. Oldu da! Bu bankda t\u0259kc\u0259 s\u0131\u011fortalanm\u0131\u015f \u0259man\u0259tl\u0259rin h\u0259cmi deyil\u0259n\u0259 g\u00f6r\u0259 t\u0259xmini 500 mln. manatd\u0131r (s\u0131\u011fortalanmam\u0131\u015f \u0259man\u0259tl\u0259r v\u0259 ba\u015fqa borclar da var). H\u0259min pulu indi \u018fman\u0259tl\u0259rin S\u0131\u011fortalanmas\u0131 Fondu qaytarmal\u0131 olacaq. T\u0259bii, \u00f6z hesab\u0131na yox, \u00e7\u00fcnki pulu yoxdur. Yen\u0259 M\u0259rk\u0259zi Bankdan kredit alacaq. Bel\u0259likl\u0259, Fondun indi o q\u0259d\u0259r borcu olacaq ki, b\u0259lk\u0259 d\u0259 he\u00e7 vaxt qaytara bilm\u0259y\u0259c\u0259k.\n<\/p>\n<p>\n  D\u00f6vl\u0259t niy\u0259 &#8220;sa\u011flamla\u015fd\u0131rma&#8221;dan \u0259l \u00e7\u0259kib l\u0259\u011fv\u0259 getdi?\n<\/p>\n<p>\n  \u00c7\u00fcnki &#8220;Bank Standard&#8221;\u0131n s\u0131\u011fortalanm\u0131\u015f \u0259man\u0259tl\u0259rd\u0259n d\u0259 ba\u015fqa xeyli borcu var, \u0259mlak\u0131 is\u0259 azd\u0131r, verdiyi kreditl\u0259rin \u0259ks\u0259riyy\u0259ti faktiki \u00fcmidsizdir, bat\u0131b. Bel\u0259 v\u0259ziyy\u0259td\u0259 q\u0259rara al\u0131nd\u0131 ki, bu bank\u0131n b\u00fct\u00fcn borclar\u0131n\u0131 \u00f6d\u0259m\u0259kd\u0259ns\u0259, t\u0259kc\u0259 s\u0131\u011fortalanm\u0131\u015f \u0259man\u0259tl\u0259rini \u00f6d\u0259m\u0259k daha s\u0259rf\u0259lidir (amma bu da asan olmayacaq). Bu is\u0259 o dem\u0259kdir ki, &#8220;sa\u011flamla\u015fd\u0131rma&#8221; q\u0259rar\u0131 \u0259vv\u0259ld\u0259n s\u0259hv idi v\u0259 xeyli vaxt itirildi.\n<\/p>\n<p>\n  Faktiki olaraq itir\u0259n yen\u0259 xalq\u0131m\u0131z v\u0259 d\u00f6vl\u0259timiz oldu. \u00c7\u00fcnki s\u0131\u011fortalanm\u0131\u015f \u0259man\u0259tl\u0259r d\u00f6vl\u0259t hesab\u0131na qaytar\u0131lacaq. Y\u0259ni xalq\u0131n hesab\u0131na. Dem\u0259li, kims\u0259 bank\u0131 b\u0259rbad idar\u0259 edir, kim\u0259 v\u0259 nec\u0259 g\u0259ldi kredit verir, sonra is\u0259 onun \u0259m\u0259ll\u0259rin\u0259 g\u00f6r\u0259 bizi x\u0259rc\u0259 sal\u0131rlar.\n<\/p>\n<p>\n  Kimdir h\u0259min \u015f\u0259xsl\u0259r?\n<\/p>\n<p>\n  \u0130lk n\u00f6vb\u0259d\u0259 bu bank\u0131n faktiki sahibi Heyd\u0259r Babayev. B\u0259zil\u0259ri m\u0259ni Elman R\u00fcst\u0259mova qar\u015f\u0131 r\u0259hmli olma\u011fa \u00e7a\u011f\u0131r\u0131r. El\u0259 indic\u0259 r\u0259hmli olaca\u011fam: iqtisadi-maliyy\u0259 sistemimizin \u0259n b\u0259rbad r\u0259hb\u0259r \u015f\u0259xsi R\u00fcst\u0259mov deyil, Babayev idi. \u018fvv\u0259lc\u0259 qiym\u0259tli ka\u011f\u0131zlar sah\u0259sini el\u0259 g\u00fcn\u0259 qoydu ki, h\u0259min sah\u0259 faktiki yoxdur, sonra is\u0259 b\u00fct\u00f6vl\u00fckd\u0259 iqtisadiyyat\u0131 b\u0259rbad g\u00fcn\u0259 qoyub getdi. Lakin y\u0131x\u0131lan\u0131 baltalamaq ist\u0259m\u0259mi\u015f\u0259m he\u00e7 vaxt. Amma bu g\u00fcn s\u00f6hb\u0259t onun d\u00f6vl\u0259t v\u0259zif\u0259sind\u0259n getmir. \u00d6z\u0259l bank\u0131ndan gedir. O bank\u0131ndan ki, d\u00f6vl\u0259timiz\u0259 a\u011f\u0131r z\u0259rb\u0259 vurdu. Babayev v\u0259 onun kimil\u0259r m\u00fctl\u0259q m\u0259suliyy\u0259t\u0259 c\u0259lb olunmal\u0131d\u0131r ki, dig\u0259r bankirl\u0259r\u0259 d\u0259 d\u0259rs olsun. \u018fg\u0259r gec deyils\u0259. \u00c7\u00fcnki bunun ard\u0131 g\u0259l\u0259c\u0259k: banklar\u0131n ba\u011flanmas\u0131 davam ed\u0259c\u0259k. M\u0259suliyy\u0259t\u0259 c\u0259lb olunan is\u0259 yoxdur&#8230;<\/p>\n","protected":false},"excerpt":{"rendered":"<p>Faktiki olaraq itir\u0259n yen\u0259 xalq\u0131m\u0131z v\u0259 d\u00f6vl\u0259timiz oldu<\/p>\n","protected":false},"author":11,"featured_media":69295,"comment_status":"closed","ping_status":"open","sticky":false,"template":"","format":"standard","meta":{"_acf_changed":false,"_sitemap_exclude":false,"_sitemap_priority":"","_sitemap_frequency":"","footnotes":""},"categories":[51],"tags":[],"class_list":["post-179294","post","type-post","status-publish","format-standard","has-post-thumbnail","hentry","category-analitika","infinite-scroll-item","generate-columns","tablet-grid-50","mobile-grid-100","grid-parent","grid-33","no-featured-image-padding"],"acf":[],"yoast_head":"<!-- This site is optimized with the Yoast SEO plugin v27.5 - https:\/\/yoast.com\/product\/yoast-seo-wordpress\/ -->\n<title>B\u0259s deyirdil\u0259r daha he\u00e7 bir bank ba\u011flanmayacaq? - MEYDAN.TV<\/title>\n<meta name=\"robots\" content=\"index, follow, max-snippet:-1, max-image-preview:large, max-video-preview:-1\" \/>\n<link rel=\"canonical\" href=\"https:\/\/www.meydan.tv\/az\/article\/bes-deyirdiler-daha-hec-bir-bank-baglanmayacaq\/\" \/>\n<meta property=\"og:locale\" content=\"az_AZ\" \/>\n<meta property=\"og:type\" content=\"article\" \/>\n<meta property=\"og:title\" content=\"B\u0259s deyirdil\u0259r daha he\u00e7 bir bank ba\u011flanmayacaq? - MEYDAN.TV\" \/>\n<meta property=\"og:description\" content=\"Faktiki olaraq itir\u0259n yen\u0259 xalq\u0131m\u0131z v\u0259 d\u00f6vl\u0259timiz oldu\" \/>\n<meta property=\"og:url\" content=\"https:\/\/www.meydan.tv\/az\/article\/bes-deyirdiler-daha-hec-bir-bank-baglanmayacaq\/\" \/>\n<meta property=\"og:site_name\" content=\"MEYDAN.TV\" \/>\n<meta property=\"article:published_time\" content=\"2016-09-30T23:24:15+00:00\" \/>\n<meta property=\"og:image\" content=\"https:\/\/www.meydan.tv\/wp-content\/uploads\/26510.jpg\" \/>\n\t<meta property=\"og:image:width\" content=\"1024\" \/>\n\t<meta property=\"og:image:height\" content=\"576\" \/>\n\t<meta property=\"og:image:type\" content=\"image\/jpeg\" \/>\n<meta name=\"author\" content=\"user-manager\" \/>\n<meta name=\"twitter:card\" content=\"summary_large_image\" \/>\n<script type=\"application\/ld+json\" class=\"yoast-schema-graph\">{\"@context\":\"https:\\\/\\\/schema.org\",\"@graph\":[{\"@type\":\"Article\",\"@id\":\"https:\\\/\\\/www.meydan.tv\\\/az\\\/article\\\/bes-deyirdiler-daha-hec-bir-bank-baglanmayacaq\\\/#article\",\"isPartOf\":{\"@id\":\"https:\\\/\\\/www.meydan.tv\\\/az\\\/article\\\/bes-deyirdiler-daha-hec-bir-bank-baglanmayacaq\\\/\"},\"author\":{\"name\":\"user-manager\",\"@id\":\"https:\\\/\\\/www.meydan.tv\\\/az\\\/#\\\/schema\\\/person\\\/10d11eccf6da3662cf5fdab9806ea91a\"},\"headline\":\"B\u0259s deyirdil\u0259r daha he\u00e7 bir bank ba\u011flanmayacaq?\",\"datePublished\":\"2016-09-30T23:24:15+00:00\",\"mainEntityOfPage\":{\"@id\":\"https:\\\/\\\/www.meydan.tv\\\/az\\\/article\\\/bes-deyirdiler-daha-hec-bir-bank-baglanmayacaq\\\/\"},\"wordCount\":659,\"publisher\":{\"@id\":\"https:\\\/\\\/www.meydan.tv\\\/az\\\/#organization\"},\"image\":{\"@id\":\"https:\\\/\\\/www.meydan.tv\\\/az\\\/article\\\/bes-deyirdiler-daha-hec-bir-bank-baglanmayacaq\\\/#primaryimage\"},\"thumbnailUrl\":\"https:\\\/\\\/www.meydan.tv\\\/wp-content\\\/uploads\\\/26510.jpg\",\"articleSection\":[\"Analitika\"],\"inLanguage\":\"az\"},{\"@type\":\"WebPage\",\"@id\":\"https:\\\/\\\/www.meydan.tv\\\/az\\\/article\\\/bes-deyirdiler-daha-hec-bir-bank-baglanmayacaq\\\/\",\"url\":\"https:\\\/\\\/www.meydan.tv\\\/az\\\/article\\\/bes-deyirdiler-daha-hec-bir-bank-baglanmayacaq\\\/\",\"name\":\"B\u0259s deyirdil\u0259r daha he\u00e7 bir bank ba\u011flanmayacaq? - MEYDAN.TV\",\"isPartOf\":{\"@id\":\"https:\\\/\\\/www.meydan.tv\\\/az\\\/#website\"},\"primaryImageOfPage\":{\"@id\":\"https:\\\/\\\/www.meydan.tv\\\/az\\\/article\\\/bes-deyirdiler-daha-hec-bir-bank-baglanmayacaq\\\/#primaryimage\"},\"image\":{\"@id\":\"https:\\\/\\\/www.meydan.tv\\\/az\\\/article\\\/bes-deyirdiler-daha-hec-bir-bank-baglanmayacaq\\\/#primaryimage\"},\"thumbnailUrl\":\"https:\\\/\\\/www.meydan.tv\\\/wp-content\\\/uploads\\\/26510.jpg\",\"datePublished\":\"2016-09-30T23:24:15+00:00\",\"breadcrumb\":{\"@id\":\"https:\\\/\\\/www.meydan.tv\\\/az\\\/article\\\/bes-deyirdiler-daha-hec-bir-bank-baglanmayacaq\\\/#breadcrumb\"},\"inLanguage\":\"az\",\"potentialAction\":[{\"@type\":\"ReadAction\",\"target\":[\"https:\\\/\\\/www.meydan.tv\\\/az\\\/article\\\/bes-deyirdiler-daha-hec-bir-bank-baglanmayacaq\\\/\"]}]},{\"@type\":\"ImageObject\",\"inLanguage\":\"az\",\"@id\":\"https:\\\/\\\/www.meydan.tv\\\/az\\\/article\\\/bes-deyirdiler-daha-hec-bir-bank-baglanmayacaq\\\/#primaryimage\",\"url\":\"https:\\\/\\\/www.meydan.tv\\\/wp-content\\\/uploads\\\/26510.jpg\",\"contentUrl\":\"https:\\\/\\\/www.meydan.tv\\\/wp-content\\\/uploads\\\/26510.jpg\",\"width\":1024,\"height\":576,\"caption\":\"Source:\"},{\"@type\":\"BreadcrumbList\",\"@id\":\"https:\\\/\\\/www.meydan.tv\\\/az\\\/article\\\/bes-deyirdiler-daha-hec-bir-bank-baglanmayacaq\\\/#breadcrumb\",\"itemListElement\":[{\"@type\":\"ListItem\",\"position\":1,\"name\":\"Ana s\u0259hif\u0259\",\"item\":\"https:\\\/\\\/www.meydan.tv\\\/az\\\/\"},{\"@type\":\"ListItem\",\"position\":2,\"name\":\"Analitika\",\"item\":\"https:\\\/\\\/www.meydan.tv\\\/az\\\/section\\\/analitika\\\/\"},{\"@type\":\"ListItem\",\"position\":3,\"name\":\"B\u0259s deyirdil\u0259r daha he\u00e7 bir bank ba\u011flanmayacaq?\"}]},{\"@type\":\"WebSite\",\"@id\":\"https:\\\/\\\/www.meydan.tv\\\/az\\\/#website\",\"url\":\"https:\\\/\\\/www.meydan.tv\\\/az\\\/\",\"name\":\"MEYDAN.TV\",\"description\":\"Meydan TV Az\u0259rbaycan\u0131n media m\u0259kan\u0131ndak\u0131 alternativ s\u0259sidir\",\"publisher\":{\"@id\":\"https:\\\/\\\/www.meydan.tv\\\/az\\\/#organization\"},\"potentialAction\":[{\"@type\":\"SearchAction\",\"target\":{\"@type\":\"EntryPoint\",\"urlTemplate\":\"https:\\\/\\\/www.meydan.tv\\\/az\\\/?s={search_term_string}\"},\"query-input\":{\"@type\":\"PropertyValueSpecification\",\"valueRequired\":true,\"valueName\":\"search_term_string\"}}],\"inLanguage\":\"az\"},{\"@type\":\"Organization\",\"@id\":\"https:\\\/\\\/www.meydan.tv\\\/az\\\/#organization\",\"name\":\"Meydan TV\",\"url\":\"https:\\\/\\\/www.meydan.tv\\\/az\\\/\",\"logo\":{\"@type\":\"ImageObject\",\"inLanguage\":\"az\",\"@id\":\"https:\\\/\\\/www.meydan.tv\\\/az\\\/#\\\/schema\\\/logo\\\/image\\\/\",\"url\":\"https:\\\/\\\/www.meydan.tv\\\/wp-content\\\/uploads\\\/2021\\\/07\\\/meydan-logo.svg\",\"contentUrl\":\"https:\\\/\\\/www.meydan.tv\\\/wp-content\\\/uploads\\\/2021\\\/07\\\/meydan-logo.svg\",\"width\":195,\"height\":46,\"caption\":\"Meydan TV\"},\"image\":{\"@id\":\"https:\\\/\\\/www.meydan.tv\\\/az\\\/#\\\/schema\\\/logo\\\/image\\\/\"}},{\"@type\":\"Person\",\"@id\":\"https:\\\/\\\/www.meydan.tv\\\/az\\\/#\\\/schema\\\/person\\\/10d11eccf6da3662cf5fdab9806ea91a\",\"name\":\"user-manager\"}]}<\/script>\n<!-- \/ Yoast SEO plugin. -->","yoast_head_json":{"title":"B\u0259s deyirdil\u0259r daha he\u00e7 bir bank ba\u011flanmayacaq? - MEYDAN.TV","robots":{"index":"index","follow":"follow","max-snippet":"max-snippet:-1","max-image-preview":"max-image-preview:large","max-video-preview":"max-video-preview:-1"},"canonical":"https:\/\/www.meydan.tv\/az\/article\/bes-deyirdiler-daha-hec-bir-bank-baglanmayacaq\/","og_locale":"az_AZ","og_type":"article","og_title":"B\u0259s deyirdil\u0259r daha he\u00e7 bir bank ba\u011flanmayacaq? - MEYDAN.TV","og_description":"Faktiki olaraq itir\u0259n yen\u0259 xalq\u0131m\u0131z v\u0259 d\u00f6vl\u0259timiz oldu","og_url":"https:\/\/www.meydan.tv\/az\/article\/bes-deyirdiler-daha-hec-bir-bank-baglanmayacaq\/","og_site_name":"MEYDAN.TV","article_published_time":"2016-09-30T23:24:15+00:00","og_image":[{"width":1024,"height":576,"url":"https:\/\/www.meydan.tv\/wp-content\/uploads\/26510.jpg","type":"image\/jpeg"}],"author":"user-manager","twitter_card":"summary_large_image","schema":{"@context":"https:\/\/schema.org","@graph":[{"@type":"Article","@id":"https:\/\/www.meydan.tv\/az\/article\/bes-deyirdiler-daha-hec-bir-bank-baglanmayacaq\/#article","isPartOf":{"@id":"https:\/\/www.meydan.tv\/az\/article\/bes-deyirdiler-daha-hec-bir-bank-baglanmayacaq\/"},"author":{"name":"user-manager","@id":"https:\/\/www.meydan.tv\/az\/#\/schema\/person\/10d11eccf6da3662cf5fdab9806ea91a"},"headline":"B\u0259s deyirdil\u0259r daha he\u00e7 bir bank ba\u011flanmayacaq?","datePublished":"2016-09-30T23:24:15+00:00","mainEntityOfPage":{"@id":"https:\/\/www.meydan.tv\/az\/article\/bes-deyirdiler-daha-hec-bir-bank-baglanmayacaq\/"},"wordCount":659,"publisher":{"@id":"https:\/\/www.meydan.tv\/az\/#organization"},"image":{"@id":"https:\/\/www.meydan.tv\/az\/article\/bes-deyirdiler-daha-hec-bir-bank-baglanmayacaq\/#primaryimage"},"thumbnailUrl":"https:\/\/www.meydan.tv\/wp-content\/uploads\/26510.jpg","articleSection":["Analitika"],"inLanguage":"az"},{"@type":"WebPage","@id":"https:\/\/www.meydan.tv\/az\/article\/bes-deyirdiler-daha-hec-bir-bank-baglanmayacaq\/","url":"https:\/\/www.meydan.tv\/az\/article\/bes-deyirdiler-daha-hec-bir-bank-baglanmayacaq\/","name":"B\u0259s deyirdil\u0259r daha he\u00e7 bir bank ba\u011flanmayacaq? - MEYDAN.TV","isPartOf":{"@id":"https:\/\/www.meydan.tv\/az\/#website"},"primaryImageOfPage":{"@id":"https:\/\/www.meydan.tv\/az\/article\/bes-deyirdiler-daha-hec-bir-bank-baglanmayacaq\/#primaryimage"},"image":{"@id":"https:\/\/www.meydan.tv\/az\/article\/bes-deyirdiler-daha-hec-bir-bank-baglanmayacaq\/#primaryimage"},"thumbnailUrl":"https:\/\/www.meydan.tv\/wp-content\/uploads\/26510.jpg","datePublished":"2016-09-30T23:24:15+00:00","breadcrumb":{"@id":"https:\/\/www.meydan.tv\/az\/article\/bes-deyirdiler-daha-hec-bir-bank-baglanmayacaq\/#breadcrumb"},"inLanguage":"az","potentialAction":[{"@type":"ReadAction","target":["https:\/\/www.meydan.tv\/az\/article\/bes-deyirdiler-daha-hec-bir-bank-baglanmayacaq\/"]}]},{"@type":"ImageObject","inLanguage":"az","@id":"https:\/\/www.meydan.tv\/az\/article\/bes-deyirdiler-daha-hec-bir-bank-baglanmayacaq\/#primaryimage","url":"https:\/\/www.meydan.tv\/wp-content\/uploads\/26510.jpg","contentUrl":"https:\/\/www.meydan.tv\/wp-content\/uploads\/26510.jpg","width":1024,"height":576,"caption":"Source:"},{"@type":"BreadcrumbList","@id":"https:\/\/www.meydan.tv\/az\/article\/bes-deyirdiler-daha-hec-bir-bank-baglanmayacaq\/#breadcrumb","itemListElement":[{"@type":"ListItem","position":1,"name":"Ana s\u0259hif\u0259","item":"https:\/\/www.meydan.tv\/az\/"},{"@type":"ListItem","position":2,"name":"Analitika","item":"https:\/\/www.meydan.tv\/az\/section\/analitika\/"},{"@type":"ListItem","position":3,"name":"B\u0259s deyirdil\u0259r daha he\u00e7 bir bank ba\u011flanmayacaq?"}]},{"@type":"WebSite","@id":"https:\/\/www.meydan.tv\/az\/#website","url":"https:\/\/www.meydan.tv\/az\/","name":"MEYDAN.TV","description":"Meydan TV Az\u0259rbaycan\u0131n media m\u0259kan\u0131ndak\u0131 alternativ s\u0259sidir","publisher":{"@id":"https:\/\/www.meydan.tv\/az\/#organization"},"potentialAction":[{"@type":"SearchAction","target":{"@type":"EntryPoint","urlTemplate":"https:\/\/www.meydan.tv\/az\/?s={search_term_string}"},"query-input":{"@type":"PropertyValueSpecification","valueRequired":true,"valueName":"search_term_string"}}],"inLanguage":"az"},{"@type":"Organization","@id":"https:\/\/www.meydan.tv\/az\/#organization","name":"Meydan TV","url":"https:\/\/www.meydan.tv\/az\/","logo":{"@type":"ImageObject","inLanguage":"az","@id":"https:\/\/www.meydan.tv\/az\/#\/schema\/logo\/image\/","url":"https:\/\/www.meydan.tv\/wp-content\/uploads\/2021\/07\/meydan-logo.svg","contentUrl":"https:\/\/www.meydan.tv\/wp-content\/uploads\/2021\/07\/meydan-logo.svg","width":195,"height":46,"caption":"Meydan TV"},"image":{"@id":"https:\/\/www.meydan.tv\/az\/#\/schema\/logo\/image\/"}},{"@type":"Person","@id":"https:\/\/www.meydan.tv\/az\/#\/schema\/person\/10d11eccf6da3662cf5fdab9806ea91a","name":"user-manager"}]}},"_links":{"self":[{"href":"https:\/\/www.meydan.tv\/az\/wp-json\/wp\/v2\/posts\/179294","targetHints":{"allow":["GET"]}}],"collection":[{"href":"https:\/\/www.meydan.tv\/az\/wp-json\/wp\/v2\/posts"}],"about":[{"href":"https:\/\/www.meydan.tv\/az\/wp-json\/wp\/v2\/types\/post"}],"author":[{"embeddable":true,"href":"https:\/\/www.meydan.tv\/az\/wp-json\/wp\/v2\/users\/11"}],"replies":[{"embeddable":true,"href":"https:\/\/www.meydan.tv\/az\/wp-json\/wp\/v2\/comments?post=179294"}],"version-history":[{"count":0,"href":"https:\/\/www.meydan.tv\/az\/wp-json\/wp\/v2\/posts\/179294\/revisions"}],"wp:featuredmedia":[{"embeddable":true,"href":"https:\/\/www.meydan.tv\/az\/wp-json\/wp\/v2\/media\/69295"}],"wp:attachment":[{"href":"https:\/\/www.meydan.tv\/az\/wp-json\/wp\/v2\/media?parent=179294"}],"wp:term":[{"taxonomy":"category","embeddable":true,"href":"https:\/\/www.meydan.tv\/az\/wp-json\/wp\/v2\/categories?post=179294"},{"taxonomy":"post_tag","embeddable":true,"href":"https:\/\/www.meydan.tv\/az\/wp-json\/wp\/v2\/tags?post=179294"}],"curies":[{"name":"wp","href":"https:\/\/api.w.org\/{rel}","templated":true}]}}