{"id":179274,"date":"2016-09-30T17:14:09","date_gmt":"2016-09-30T17:14:09","guid":{"rendered":"https:\/\/www.meydan.tv\/article\/xin-den-con-kerriye-reaksiya\/"},"modified":"2016-09-30T17:14:09","modified_gmt":"2016-09-30T17:14:09","slug":"xin-den-con-kerriye-reaksiya","status":"publish","type":"post","link":"https:\/\/www.meydan.tv\/az\/article\/xin-den-con-kerriye-reaksiya\/","title":{"rendered":"X\u0130N-d\u0259n Con Kerriy\u0259 reaksiya"},"content":{"rendered":"<figure class=\"wp-block-image size-large\">\n  <img decoding=\"async\" src=\"https:\/\/www.meydan.tv\/az\/69226\/\" alt=\"\" class=\"wp-image-69226\"\/><figcaption><\/figcaption><\/figure>\n<p>\n  <i><br \/>\n    S\u00fclh\u0259ddin \u018fkb\u0259r: &#8221;Amerika olmadan Rusiyan\u0131n t\u0259r\u0259f oldu\u011fu h\u0259r hans\u0131 m\u00fcnaqi\u015f\u0259ni h\u0259ll etm\u0259k qeyri-m\u00fcmk\u00fcnd\u00fcr&#8221;<br \/>\n  <\/i>\n<\/p>\n<p>\n  <br \/>\n  Milli M\u0259clis s\u0259drinin birinci m\u00fcavini Ziyaf\u0259t \u018fsg\u0259rovun AB\u015e-a reverans ed\u0259n a\u00e7\u0131qlamas\u0131 v\u0259 ard\u0131nca AB\u015e d\u00f6vl\u0259t katibi Con Kerrinin Va\u015finqtonda Aspen Elmi T\u0259dqiqat \u0130nstitutu v\u0259 \u201cAtlantik\u201d h\u0259ft\u0259lik d\u0259rgisinin t\u0259\u015fkil etdiyi 8-ci illik forumundak\u0131 \u00e7\u0131x\u0131\u015f\u0131 median\u0131n diqq\u0259tind\u0259n yay\u0131nmay\u0131b.\n<\/p>\n<p>\n  Ziyaf\u0259t \u018fsg\u0259rov Bak\u0131da ke\u00e7iril\u0259n V Beyn\u0259lxalq Humanitar Forumda i\u015ftirak etm\u0259k \u00fc\u00e7\u00fcn \u00f6lk\u0259d\u0259 s\u0259f\u0259rd\u0259 olan AB\u015e-\u0131n qanunvericil\u0259rd\u0259n ibar\u0259t n\u00fcmay\u0259nd\u0259 hey\u0259ti il\u0259 g\u00f6r\u00fc\u015fd\u0259 bildirib ki, 1991-ci ild\u0259 Az\u0259rbaycan\u0131n m\u00fcst\u0259qilliyini tan\u0131yan ilk \u00f6lk\u0259l\u0259rd\u0259n biri AB\u015e olub.<br \/>\n  <br \/>\n  Birinci m\u00fcavin Az\u0259rbaycan v\u0259 Amerika Birl\u0259\u015fmi\u015f \u015etatlar\u0131n\u0131n strateji t\u0259r\u0259fda\u015f oldu\u011funu xat\u0131rladaraq deyib ki, Va\u015finqton h\u0259mi\u015f\u0259 Az\u0259rbaycan\u0131n t\u0259\u015f\u0259bb\u00fcs\u00fc il\u0259 h\u0259yata ke\u00e7iril\u0259n transmilli layih\u0259l\u0259r\u0259 d\u0259st\u0259k verib v\u0259 bu layih\u0259l\u0259r u\u011furlu olub.\n<\/p>\n<figure class=\"wp-block-image size-large\">\n  <img decoding=\"async\" src=\"https:\/\/www.meydan.tv\/az\/69229\/\" alt=\"\" class=\"wp-image-69229\"\/><figcaption>\n    Ziyaf\u0259t \u018fsg\u0259rov foto Meydan TV<br \/>\n  <\/figcaption><\/figure>\n<p>\n  &#8220;Haz\u0131rda Az\u0259rbaycan \u00f6z tolerantl\u0131\u011f\u0131 il\u0259 se\u00e7il\u0259n \u00f6lk\u0259l\u0259rd\u0259ndir. Az\u0259rbaycan m\u00fcasir m\u00fcs\u0259lman d\u00f6vl\u0259ti olsa da, burada y\u0259hudil\u0259r, xristianlar \u2013 pravoslavlar v\u0259 katolikl\u0259r qarda\u015f kimi ya\u015fay\u0131rlar. Biz demokratik, d\u00fcny\u0259vi, insan h\u00fcquqlar\u0131na h\u00f6rm\u0259t ed\u0259n \u00f6lk\u0259 qurmu\u015fuq. Lakin uzun ill\u0259rd\u0259n b\u0259ri davam ed\u0259n Erm\u0259nistan-Az\u0259rbaycan, Da\u011fl\u0131q Qaraba\u011f m\u00fcnaqi\u015f\u0259si bizim inki\u015faf\u0131m\u0131za mane olur. BMT T\u0259hl\u00fck\u0259sizlik \u015euras\u0131n\u0131n bununla ba\u011fl\u0131 4 q\u0259tnam\u0259si h\u0259l\u0259 d\u0259 Erm\u0259nistan t\u0259r\u0259find\u0259n yerin\u0259 yetirilm\u0259mi\u015f qal\u0131r\u201d,-dey\u0259 \u018fsg\u0259rov bildirib.<\/p>\n<p>  Z.\u018fsg\u0259rov m\u00fcnaqi\u015f\u0259nin h\u0259lli \u00fc\u00e7\u00fcn beyn\u0259lxalq h\u00fcququn i\u015fl\u0259m\u0259sinin v\u0259 AB\u015e-\u0131n d\u0259st\u0259yi il\u0259 \u0259dal\u0259tin b\u0259rpa olunmas\u0131n\u0131n vacibliyini diqq\u0259t\u0259 \u00e7atd\u0131r\u0131b.<\/p>\n<p>  AB\u015e d\u00f6vl\u0259t katibi Con Kerri is\u0259 \u00f6t\u0259n g\u00fcn Erm\u0259nistan &#8211; Az\u0259rbaycan Da\u011fl\u0131q Qaraba\u011f m\u00fcnaqi\u015f\u0259sinin nizamlanmas\u0131 \u00fc\u00e7\u00fcn \u015f\u0259rait h\u0259l\u0259lik yaranmad\u0131\u011f\u0131 haqq\u0131nda a\u00e7\u0131qlama yay\u0131b.<\/p>\n<p>  \u201cM\u00fcasir d\u00fcnyada Erm\u0259nistan &#8211; Az\u0259rbaycan Da\u011fl\u0131q Qaraba\u011f m\u00fcnaqi\u015f\u0259si kimi bir ne\u00e7\u0259 dondurulmu\u015f m\u00fcnaqi\u015f\u0259 var ki, onlar\u0131n nizamlanmas\u0131 haz\u0131rda m\u00fcmk\u00fcns\u00fcz g\u00f6r\u00fcn\u00fcr, \u00e7\u00fcnki, h\u0259r \u015feyd\u0259n \u0259vv\u0259l, liderl\u0259r buna haz\u0131r deyill\u0259r\u201d, &#8211; dey\u0259 Kerri qeyd edib.\n<\/p>\n<figure class=\"wp-block-image size-large\">\n  <img decoding=\"async\" src=\"https:\/\/www.meydan.tv\/az\/con-kerri-foto-sosial-sebeke\/\" alt=\"Con Kerri foto sosial \u015f\u0259b\u0259k\u0259\" class=\"wp-image-69232\"\/><figcaption>\n    Con Kerri foto sosial \u015f\u0259b\u0259k\u0259<br \/>\n  <\/figcaption><\/figure>\n<p>\n  Ancaq \u201cBununla bel\u0259, \u0130srail-F\u0259l\u0259stin m\u00fcnaqi\u015f\u0259si bu tip m\u00fcnaqi\u015f\u0259l\u0259r\u0259 aid deyil\u201d, &#8211; dey\u0259 d\u00f6vl\u0259t katibi \u0259lav\u0259 edib.<br \/>\n  <br \/>\n  Onun s\u00f6zl\u0259rin\u0259 g\u00f6r\u0259, bu c\u00fcr m\u00fcnaqi\u015f\u0259l\u0259r m\u00fcr\u0259kk\u0259bdir, lakin insanlar\u0131n m\u00fc\u0259yy\u0259n kompleks q\u0259rarlar q\u0259bul ed\u0259c\u0259yi t\u0259qdird\u0259, onlar\u0131 ke\u00e7mi\u015fd\u0259 qoyma\u011f\u0131n yollar\u0131n\u0131 seyr etm\u0259k m\u00fcmk\u00fcnd\u00fcr.\n<\/p>\n<p>\n  \u201cM\u0259n d\u00fc\u015f\u00fcn\u00fcr\u0259m ki, \u0130srail-F\u0259l\u0259stin m\u00fcnaqi\u015f\u0259si bu kateqoriyaya aiddir\u201d, &#8211; Kerri bel\u0259 deyib.\n<\/p>\n<p>\n  Az\u0259rbaycan Xarici \u0130\u015fl\u0259r Nazirliyinin m\u0259tbuat katibi Hikm\u0259t Hac\u0131yev AB\u015e d\u00f6vl\u0259t katibi Con Kerrinin a\u00e7\u0131qlkamas\u0131na &#8220;report.az&#8221; vasit\u0259sil\u0259 cavab verib.\n<\/p>\n<p>\n  O, bildirib ki, Erm\u0259nistan t\u0259r\u0259find\u0259n i\u015f\u011fala v\u0259 t\u0259cav\u00fcz\u0259 m\u0259ruz qalan d\u00f6vl\u0259t kimi m\u00fcnaqi\u015f\u0259nin tezlikl\u0259 h\u0259llind\u0259 \u0259n maraql\u0131 t\u0259r\u0259f m\u0259hz Az\u0259rbaycan Respublikas\u0131d\u0131r. Az\u0259rbaycan t\u0259r\u0259fi d\u0259f\u0259l\u0259rl\u0259 b\u0259yan edib ki, Vyana v\u0259 Sank-Peterburq g\u00f6r\u00fc\u015fl\u0259rinin ruhuna sadiq qalaraq Az\u0259rbaycan m\u00fcnaqi\u015f\u0259nin substantiv dan\u0131\u015f\u0131qlar yolu il\u0259 h\u0259llinin t\u0259r\u0259fdar\u0131d\u0131r. K\u0130V-\u0259 \u00e7ox m\u0259lumat verilm\u0259s\u0259 d\u0259, substantiv dan\u0131\u015f\u0131qlar bu g\u00fcn davam edir. Bu substantiv dan\u0131\u015f\u0131qlar da, AT\u018fT-in Minsk qrupunun h\u0259ms\u0259dr \u00f6lk\u0259l\u0259rinin d\u00f6vl\u0259t ba\u015f\u00e7\u0131lar\u0131 s\u0259viyy\u0259sind\u0259 b\u0259yan etdikl\u0259ri kimi, q\u0259buledilm\u0259z v\u0259 qeyri- davaml\u0131 olan status kvonun d\u0259yi\u015fdirilm\u0259si v\u0259 Az\u0259rbaycan \u0259razil\u0259rinin i\u015f\u011fal\u0131ndan azad olunmas\u0131 il\u0259 n\u0259tic\u0259l\u0259nm\u0259lidir&#8221;.\n<\/p>\n<p>\n  X\u0130N r\u0259smisi vur\u011fulay\u0131b ki, m\u00fcnaqi\u015f\u0259nin h\u0259lli il\u0259 \u0259laq\u0259dar yeni formula v\u0259 ya d\u00fcsturlar\u0131n k\u0259\u015ff edilm\u0259sin\u0259 ehtiyac yoxdur.\n<\/p>\n<p>\n  H.Hac\u0131yev bildirib ki, m\u00fcnaqi\u015f\u0259nin h\u0259llinin siyasi-h\u00fcquqi \u0259saslar\u0131 \u00e7oxdan m\u0259lumdur: &#8220;Bunu da BMT T\u0259hl\u00fck\u0259sizlik \u015euras\u0131n\u0131n m\u0259lum q\u0259tnam\u0259l\u0259ri, beyn\u0259lxalq h\u00fcququn norma v\u0259 prinsipl\u0259ri v\u0259 Helsinki Yekun Akt\u0131 t\u0259\u015fkil edir.<br \/>\n  <br \/>\n  Onu da qeyd ed\u0259k ki, Helsinki Yekun Akt\u0131nda xalqlar\u0131n \u00f6z m\u00fcq\u0259ddarat\u0131n\u0131 t\u0259yin etm\u0259 prinsipinin m\u0259hz d\u00f6vl\u0259tl\u0259rin \u0259razi b\u00fct\u00f6vl\u00fcy\u00fc prinsipin\u0259 x\u0259l\u0259l g\u0259tirm\u0259y\u0259c\u0259k formada ifad\u0259 olunmas\u0131 t\u0259sbit olunmu\u015fdur. M\u00fcxt\u0259lif b\u0259han\u0259l\u0259r v\u0259 t\u0259xribatlarla m\u00fcnaqi\u015f\u0259nin h\u0259llin\u0259 x\u0259l\u0259l g\u0259tirm\u0259y\u0259 \u00e7al\u0131\u015fan t\u0259r\u0259f m\u0259hz Erm\u0259nistand\u0131r&#8221;.\n<\/p>\n<p>\n  Siyasi \u015f\u0259rh\u00e7i S\u00fclh\u0259ddin \u018fkb\u0259r d\u00fc\u015f\u00fcnm\u00fcr ki, Con Kerri Ziyaf\u0259t \u018fsg\u0259rova cavab verib, sad\u0259c\u0259, zamanlamas\u0131 bax\u0131m\u0131ndan h\u0259r iki r\u0259smi \u015f\u0259xsin a\u00e7\u0131qlamas\u0131 \u00fcst-\u00fcst\u0259 d\u00fc\u015f\u00fcb.\n<\/p>\n<p>\n  S\u00fclh\u0259ddin \u018fkb\u0259r hesab edir ki, Rusiyan\u0131n regionda h\u0259rbi-siyasi dominantl\u0131\u011f\u0131 m\u00f6vcud oldu\u011fu halda Qaraba\u011f m\u00fcnaqi\u015f\u0259sinin h\u0259lli m\u00fcmk\u00fcn deyil: &#8220;S\u0259b\u0259b \u00e7ox sad\u0259dir, m\u00fcnaqi\u015f\u0259nin arxas\u0131nda Rusiya dayan\u0131r, m\u0259qs\u0259di d\u0259 Erm\u0259nistanla Az\u0259rbaycan\u0131 \u00f6z t\u0259sir sferas\u0131nda saxlamaqla b\u00f6lg\u0259y\u0259 Avropa v\u0259 Avroatlantik institutlar\u0131n giri\u015fini \u00f6nl\u0259m\u0259kdir. N\u0259z\u0259r\u0259 al\u0131n ki, Ukrayna v\u0259 G\u00fcrc\u00fcstan b\u00f6hranlar\u0131ndan sonra Rusiyan\u0131n regionda h\u0259rbi i\u015ftirak\u0131, h\u0259rbi aktivliyi art\u0131b. \u0130kincisi, AB\u015e, Avropa Birliyi v\u0259 NATO regiona h\u0259l\u0259 yenic\u0259 g\u0259ldikl\u0259rind\u0259n m\u00f6vqel\u0259ri m\u0259hk\u0259ml\u0259nm\u0259yib. Onlar h\u0259m Ukraynada, h\u0259m d\u0259 G\u00fcrc\u00fcstanda Rusiyayla m\u00fcnaqi\u015f\u0259d\u0259dirl\u0259r. Ard\u0131nca Qara d\u0259niz h\u00f6vz\u0259sind\u0259 qar\u015f\u0131durma g\u00f6zl\u0259nilir v\u0259 yax\u0131n ill\u0259rd\u0259 bu qar\u015f\u0131durman\u0131n nec\u0259 \u015fidd\u0259tli olaca\u011f\u0131n\u0131 g\u00f6r\u0259c\u0259yik. \u00dc\u00e7\u00fcnc\u00fcs\u00fc, Suriyada Moskvayla Va\u015finqtonun maraqlar\u0131n\u0131n toqqu\u015fmas\u0131 h\u0259l\u0259lik ba\u015fqa m\u00fcnaqi\u015f\u0259l\u0259rin h\u0259llin\u0259 imkan vermir. Bax, d\u00f6vl\u0259t katibi Kerrinin a\u00e7\u0131qlamas\u0131na bu \u00fc\u00e7 \u015f\u0259rt kontekstd\u0259n yana\u015fmaq laz\u0131md\u0131r&#8221;.\n<\/p>\n<figure class=\"wp-block-image size-large\">\n  <img decoding=\"async\" src=\"https:\/\/www.meydan.tv\/az\/69238\/\" alt=\"\" class=\"wp-image-69238\"\/><figcaption>\n    S\u00fclh\u0259ddin \u018fkb\u0259r foto Meydan TV<br \/>\n  <\/figcaption><\/figure>\n<p>\n  Con Kerrinin liderl\u0259rin haz\u0131r olmamas\u0131 bar\u0259d\u0259 fikrin\u0259 g\u0259linc\u0259, S\u00fclh\u0259ddin \u018fkb\u0259r deyib ki, h\u0259min \u00fc\u00e7 \u015f\u0259rtin davam etdiyi zamanda liderl\u0259rin haz\u0131rl\u0131\u011f\u0131 yaln\u0131z b\u00f6y\u00fck g\u00fcz\u0259\u015ftl\u0259r ola bil\u0259r: &#8220;Ona g\u00f6r\u0259 d\u0259 Erm\u0259nistan Rusiyan\u0131n d\u0259st\u0259yil\u0259 \u0259ld\u0259 etdiyi bu u\u011furlar\u0131 itirm\u0259k ist\u0259mir. \u00c7\u00fcnki \u0259ks halda \u00f6lk\u0259 daxilind\u0259 siyasi durumun g\u0259rginl\u0259\u015fm\u0259si s\u00fcr\u0259tl\u0259n\u0259c\u0259k v\u0259 hakimiyy\u0259tin itirilm\u0259si g\u00fcnd\u0259m\u0259 g\u0259l\u0259c\u0259k. \u0130kincisi, Az\u0259rbaycan d\u00f6vl\u0259t ba\u015f\u00e7\u0131s\u0131 \u0130lham \u018fliyev onsuz da a\u011f\u0131r olan durumda t\u0259slim\u00e7iliy\u0259 haz\u0131r deyil. Sadalad\u0131\u011f\u0131m \u015f\u0259rtl\u0259rl\u0259 m\u00fcnaqi\u015f\u0259nin h\u0259llinin iki yolu var: ya Erm\u0259nistan Rusiyan\u0131n d\u0259st\u0259yiyl\u0259 \u0259ld\u0259 etdiyi u\u011furlardan imtina etm\u0259lidir, ya da Az\u0259rbaycan hakimiyy\u0259ti m\u00f6vcud v\u0259ziyy\u0259tl\u0259 bar\u0131\u015fmal\u0131d\u0131r. \u018fn az\u0131 Da\u011fl\u0131q Qaraba\u011f\u0131n itirilm\u0259sil\u0259 raz\u0131la\u015fmal\u0131d\u0131r. H\u0259l\u0259 Erm\u0259nistan Da\u011fl\u0131q Qaraba\u011fdan \u0259lav\u0259 \u0259n az\u0131 bir rayonu da ist\u0259yir, b\u0259zi dair\u0259l\u0259r K\u0259lb\u0259c\u0259rin verilm\u0259sini g\u00fcnd\u0259m\u0259 g\u0259tirib. Bilirsiniz ki, Erm\u0259nistan A\u011fd\u0259r\u0259-K\u0259lb\u0259c\u0259r istiqam\u0259tind\u0259 ikinci yol \u00e7\u0259kir, \u0259vv\u0259l bir yol vard\u0131, La\u00e7\u0131n istiqam\u0259tind\u0259&#8221;.\n<\/p>\n<p>\n  S.\u018fkb\u0259r Z.\u018fsg\u0259rovun fikirl\u0259rini bel\u0259 \u015f\u0259rh etdi: &#8220;Hakimiyy\u0259t r\u0259smil\u0259ri v\u0259 t\u0259bli\u011fat\u00e7\u0131lar\u0131 zaman-zaman Va\u015finqtonu n\u0259 q\u0259d\u0259r s\u0259rt \u015f\u0259kild\u0259 h\u0259d\u0259f\u0259 alsalar da, d\u00fcnyada yegan\u0259 super g\u00fcc Amerikan\u0131n oldu\u011funu anlay\u0131rlar. H\u0259tta Rusiya prezidenti Putin d\u0259 bunu etiraf etdi. Amerika olmadan Rusiyan\u0131n t\u0259r\u0259f oldu\u011fu h\u0259r hans\u0131 m\u00fcnaqi\u015f\u0259ni h\u0259ll etm\u0259k qeyri-m\u00fcmk\u00fcnd\u00fcr, x\u00fcsus\u0259n Az\u0259rbaycan\u0131n maraqlar\u0131na uy\u011fun, bunu h\u0259r k\u0259s anlay\u0131r&#8221;.<\/p>\n","protected":false},"excerpt":{"rendered":"<p>S\u00fclh\u0259ddin \u018fkb\u0259r: &#8221;Amerika olmadan Rusiyan\u0131n t\u0259r\u0259f oldu\u011fu h\u0259r hans\u0131 m\u00fcnaqi\u015f\u0259ni h\u0259ll etm\u0259k qeyri-m\u00fcmk\u00fcnd\u00fcr&#8221;<\/p>\n","protected":false},"author":11,"featured_media":69226,"comment_status":"closed","ping_status":"open","sticky":false,"template":"","format":"standard","meta":{"_acf_changed":false,"_sitemap_exclude":false,"_sitemap_priority":"","_sitemap_frequency":"","footnotes":""},"categories":[51],"tags":[],"class_list":["post-179274","post","type-post","status-publish","format-standard","has-post-thumbnail","hentry","category-analitika","infinite-scroll-item","generate-columns","tablet-grid-50","mobile-grid-100","grid-parent","grid-33","no-featured-image-padding"],"acf":[],"yoast_head":"<!-- This site is optimized with the Yoast SEO plugin v27.5 - https:\/\/yoast.com\/product\/yoast-seo-wordpress\/ -->\n<title>X\u0130N-d\u0259n Con Kerriy\u0259 reaksiya - MEYDAN.TV<\/title>\n<meta name=\"robots\" content=\"index, follow, max-snippet:-1, max-image-preview:large, max-video-preview:-1\" \/>\n<link rel=\"canonical\" href=\"https:\/\/www.meydan.tv\/az\/article\/xin-den-con-kerriye-reaksiya\/\" \/>\n<meta property=\"og:locale\" content=\"az_AZ\" \/>\n<meta property=\"og:type\" content=\"article\" \/>\n<meta property=\"og:title\" content=\"X\u0130N-d\u0259n Con Kerriy\u0259 reaksiya - MEYDAN.TV\" \/>\n<meta property=\"og:description\" content=\"S\u00fclh\u0259ddin \u018fkb\u0259r: &#039;&#039;Amerika olmadan Rusiyan\u0131n t\u0259r\u0259f oldu\u011fu h\u0259r hans\u0131 m\u00fcnaqi\u015f\u0259ni h\u0259ll etm\u0259k qeyri-m\u00fcmk\u00fcnd\u00fcr&#039;&#039;\" \/>\n<meta property=\"og:url\" content=\"https:\/\/www.meydan.tv\/az\/article\/xin-den-con-kerriye-reaksiya\/\" \/>\n<meta property=\"og:site_name\" content=\"MEYDAN.TV\" \/>\n<meta property=\"article:published_time\" content=\"2016-09-30T17:14:09+00:00\" \/>\n<meta property=\"og:image\" content=\"https:\/\/www.meydan.tv\/wp-content\/uploads\/26484.jpg\" \/>\n\t<meta property=\"og:image:width\" content=\"800\" \/>\n\t<meta property=\"og:image:height\" content=\"450\" \/>\n\t<meta property=\"og:image:type\" content=\"image\/jpeg\" \/>\n<meta name=\"author\" content=\"user-manager\" \/>\n<meta name=\"twitter:card\" content=\"summary_large_image\" \/>\n<script type=\"application\/ld+json\" class=\"yoast-schema-graph\">{\"@context\":\"https:\\\/\\\/schema.org\",\"@graph\":[{\"@type\":\"Article\",\"@id\":\"https:\\\/\\\/www.meydan.tv\\\/az\\\/article\\\/xin-den-con-kerriye-reaksiya\\\/#article\",\"isPartOf\":{\"@id\":\"https:\\\/\\\/www.meydan.tv\\\/az\\\/article\\\/xin-den-con-kerriye-reaksiya\\\/\"},\"author\":{\"name\":\"user-manager\",\"@id\":\"https:\\\/\\\/www.meydan.tv\\\/az\\\/#\\\/schema\\\/person\\\/10d11eccf6da3662cf5fdab9806ea91a\"},\"headline\":\"X\u0130N-d\u0259n Con Kerriy\u0259 reaksiya\",\"datePublished\":\"2016-09-30T17:14:09+00:00\",\"mainEntityOfPage\":{\"@id\":\"https:\\\/\\\/www.meydan.tv\\\/az\\\/article\\\/xin-den-con-kerriye-reaksiya\\\/\"},\"wordCount\":1475,\"publisher\":{\"@id\":\"https:\\\/\\\/www.meydan.tv\\\/az\\\/#organization\"},\"image\":{\"@id\":\"https:\\\/\\\/www.meydan.tv\\\/az\\\/article\\\/xin-den-con-kerriye-reaksiya\\\/#primaryimage\"},\"thumbnailUrl\":\"https:\\\/\\\/www.meydan.tv\\\/wp-content\\\/uploads\\\/26484.jpg\",\"articleSection\":[\"Analitika\"],\"inLanguage\":\"az\"},{\"@type\":\"WebPage\",\"@id\":\"https:\\\/\\\/www.meydan.tv\\\/az\\\/article\\\/xin-den-con-kerriye-reaksiya\\\/\",\"url\":\"https:\\\/\\\/www.meydan.tv\\\/az\\\/article\\\/xin-den-con-kerriye-reaksiya\\\/\",\"name\":\"X\u0130N-d\u0259n Con Kerriy\u0259 reaksiya - MEYDAN.TV\",\"isPartOf\":{\"@id\":\"https:\\\/\\\/www.meydan.tv\\\/az\\\/#website\"},\"primaryImageOfPage\":{\"@id\":\"https:\\\/\\\/www.meydan.tv\\\/az\\\/article\\\/xin-den-con-kerriye-reaksiya\\\/#primaryimage\"},\"image\":{\"@id\":\"https:\\\/\\\/www.meydan.tv\\\/az\\\/article\\\/xin-den-con-kerriye-reaksiya\\\/#primaryimage\"},\"thumbnailUrl\":\"https:\\\/\\\/www.meydan.tv\\\/wp-content\\\/uploads\\\/26484.jpg\",\"datePublished\":\"2016-09-30T17:14:09+00:00\",\"breadcrumb\":{\"@id\":\"https:\\\/\\\/www.meydan.tv\\\/az\\\/article\\\/xin-den-con-kerriye-reaksiya\\\/#breadcrumb\"},\"inLanguage\":\"az\",\"potentialAction\":[{\"@type\":\"ReadAction\",\"target\":[\"https:\\\/\\\/www.meydan.tv\\\/az\\\/article\\\/xin-den-con-kerriye-reaksiya\\\/\"]}]},{\"@type\":\"ImageObject\",\"inLanguage\":\"az\",\"@id\":\"https:\\\/\\\/www.meydan.tv\\\/az\\\/article\\\/xin-den-con-kerriye-reaksiya\\\/#primaryimage\",\"url\":\"https:\\\/\\\/www.meydan.tv\\\/wp-content\\\/uploads\\\/26484.jpg\",\"contentUrl\":\"https:\\\/\\\/www.meydan.tv\\\/wp-content\\\/uploads\\\/26484.jpg\",\"width\":800,\"height\":450,\"caption\":\"Source:\"},{\"@type\":\"BreadcrumbList\",\"@id\":\"https:\\\/\\\/www.meydan.tv\\\/az\\\/article\\\/xin-den-con-kerriye-reaksiya\\\/#breadcrumb\",\"itemListElement\":[{\"@type\":\"ListItem\",\"position\":1,\"name\":\"Ana s\u0259hif\u0259\",\"item\":\"https:\\\/\\\/www.meydan.tv\\\/az\\\/\"},{\"@type\":\"ListItem\",\"position\":2,\"name\":\"Analitika\",\"item\":\"https:\\\/\\\/www.meydan.tv\\\/az\\\/section\\\/analitika\\\/\"},{\"@type\":\"ListItem\",\"position\":3,\"name\":\"X\u0130N-d\u0259n Con Kerriy\u0259 reaksiya\"}]},{\"@type\":\"WebSite\",\"@id\":\"https:\\\/\\\/www.meydan.tv\\\/az\\\/#website\",\"url\":\"https:\\\/\\\/www.meydan.tv\\\/az\\\/\",\"name\":\"MEYDAN.TV\",\"description\":\"Meydan TV Az\u0259rbaycan\u0131n media m\u0259kan\u0131ndak\u0131 alternativ s\u0259sidir\",\"publisher\":{\"@id\":\"https:\\\/\\\/www.meydan.tv\\\/az\\\/#organization\"},\"potentialAction\":[{\"@type\":\"SearchAction\",\"target\":{\"@type\":\"EntryPoint\",\"urlTemplate\":\"https:\\\/\\\/www.meydan.tv\\\/az\\\/?s={search_term_string}\"},\"query-input\":{\"@type\":\"PropertyValueSpecification\",\"valueRequired\":true,\"valueName\":\"search_term_string\"}}],\"inLanguage\":\"az\"},{\"@type\":\"Organization\",\"@id\":\"https:\\\/\\\/www.meydan.tv\\\/az\\\/#organization\",\"name\":\"Meydan TV\",\"url\":\"https:\\\/\\\/www.meydan.tv\\\/az\\\/\",\"logo\":{\"@type\":\"ImageObject\",\"inLanguage\":\"az\",\"@id\":\"https:\\\/\\\/www.meydan.tv\\\/az\\\/#\\\/schema\\\/logo\\\/image\\\/\",\"url\":\"https:\\\/\\\/www.meydan.tv\\\/wp-content\\\/uploads\\\/2021\\\/07\\\/meydan-logo.svg\",\"contentUrl\":\"https:\\\/\\\/www.meydan.tv\\\/wp-content\\\/uploads\\\/2021\\\/07\\\/meydan-logo.svg\",\"width\":195,\"height\":46,\"caption\":\"Meydan TV\"},\"image\":{\"@id\":\"https:\\\/\\\/www.meydan.tv\\\/az\\\/#\\\/schema\\\/logo\\\/image\\\/\"}},{\"@type\":\"Person\",\"@id\":\"https:\\\/\\\/www.meydan.tv\\\/az\\\/#\\\/schema\\\/person\\\/10d11eccf6da3662cf5fdab9806ea91a\",\"name\":\"user-manager\"}]}<\/script>\n<!-- \/ Yoast SEO plugin. -->","yoast_head_json":{"title":"X\u0130N-d\u0259n Con Kerriy\u0259 reaksiya - MEYDAN.TV","robots":{"index":"index","follow":"follow","max-snippet":"max-snippet:-1","max-image-preview":"max-image-preview:large","max-video-preview":"max-video-preview:-1"},"canonical":"https:\/\/www.meydan.tv\/az\/article\/xin-den-con-kerriye-reaksiya\/","og_locale":"az_AZ","og_type":"article","og_title":"X\u0130N-d\u0259n Con Kerriy\u0259 reaksiya - MEYDAN.TV","og_description":"S\u00fclh\u0259ddin \u018fkb\u0259r: ''Amerika olmadan Rusiyan\u0131n t\u0259r\u0259f oldu\u011fu h\u0259r hans\u0131 m\u00fcnaqi\u015f\u0259ni h\u0259ll etm\u0259k qeyri-m\u00fcmk\u00fcnd\u00fcr''","og_url":"https:\/\/www.meydan.tv\/az\/article\/xin-den-con-kerriye-reaksiya\/","og_site_name":"MEYDAN.TV","article_published_time":"2016-09-30T17:14:09+00:00","og_image":[{"width":800,"height":450,"url":"https:\/\/www.meydan.tv\/wp-content\/uploads\/26484.jpg","type":"image\/jpeg"}],"author":"user-manager","twitter_card":"summary_large_image","schema":{"@context":"https:\/\/schema.org","@graph":[{"@type":"Article","@id":"https:\/\/www.meydan.tv\/az\/article\/xin-den-con-kerriye-reaksiya\/#article","isPartOf":{"@id":"https:\/\/www.meydan.tv\/az\/article\/xin-den-con-kerriye-reaksiya\/"},"author":{"name":"user-manager","@id":"https:\/\/www.meydan.tv\/az\/#\/schema\/person\/10d11eccf6da3662cf5fdab9806ea91a"},"headline":"X\u0130N-d\u0259n Con Kerriy\u0259 reaksiya","datePublished":"2016-09-30T17:14:09+00:00","mainEntityOfPage":{"@id":"https:\/\/www.meydan.tv\/az\/article\/xin-den-con-kerriye-reaksiya\/"},"wordCount":1475,"publisher":{"@id":"https:\/\/www.meydan.tv\/az\/#organization"},"image":{"@id":"https:\/\/www.meydan.tv\/az\/article\/xin-den-con-kerriye-reaksiya\/#primaryimage"},"thumbnailUrl":"https:\/\/www.meydan.tv\/wp-content\/uploads\/26484.jpg","articleSection":["Analitika"],"inLanguage":"az"},{"@type":"WebPage","@id":"https:\/\/www.meydan.tv\/az\/article\/xin-den-con-kerriye-reaksiya\/","url":"https:\/\/www.meydan.tv\/az\/article\/xin-den-con-kerriye-reaksiya\/","name":"X\u0130N-d\u0259n Con Kerriy\u0259 reaksiya - MEYDAN.TV","isPartOf":{"@id":"https:\/\/www.meydan.tv\/az\/#website"},"primaryImageOfPage":{"@id":"https:\/\/www.meydan.tv\/az\/article\/xin-den-con-kerriye-reaksiya\/#primaryimage"},"image":{"@id":"https:\/\/www.meydan.tv\/az\/article\/xin-den-con-kerriye-reaksiya\/#primaryimage"},"thumbnailUrl":"https:\/\/www.meydan.tv\/wp-content\/uploads\/26484.jpg","datePublished":"2016-09-30T17:14:09+00:00","breadcrumb":{"@id":"https:\/\/www.meydan.tv\/az\/article\/xin-den-con-kerriye-reaksiya\/#breadcrumb"},"inLanguage":"az","potentialAction":[{"@type":"ReadAction","target":["https:\/\/www.meydan.tv\/az\/article\/xin-den-con-kerriye-reaksiya\/"]}]},{"@type":"ImageObject","inLanguage":"az","@id":"https:\/\/www.meydan.tv\/az\/article\/xin-den-con-kerriye-reaksiya\/#primaryimage","url":"https:\/\/www.meydan.tv\/wp-content\/uploads\/26484.jpg","contentUrl":"https:\/\/www.meydan.tv\/wp-content\/uploads\/26484.jpg","width":800,"height":450,"caption":"Source:"},{"@type":"BreadcrumbList","@id":"https:\/\/www.meydan.tv\/az\/article\/xin-den-con-kerriye-reaksiya\/#breadcrumb","itemListElement":[{"@type":"ListItem","position":1,"name":"Ana s\u0259hif\u0259","item":"https:\/\/www.meydan.tv\/az\/"},{"@type":"ListItem","position":2,"name":"Analitika","item":"https:\/\/www.meydan.tv\/az\/section\/analitika\/"},{"@type":"ListItem","position":3,"name":"X\u0130N-d\u0259n Con Kerriy\u0259 reaksiya"}]},{"@type":"WebSite","@id":"https:\/\/www.meydan.tv\/az\/#website","url":"https:\/\/www.meydan.tv\/az\/","name":"MEYDAN.TV","description":"Meydan TV Az\u0259rbaycan\u0131n media m\u0259kan\u0131ndak\u0131 alternativ s\u0259sidir","publisher":{"@id":"https:\/\/www.meydan.tv\/az\/#organization"},"potentialAction":[{"@type":"SearchAction","target":{"@type":"EntryPoint","urlTemplate":"https:\/\/www.meydan.tv\/az\/?s={search_term_string}"},"query-input":{"@type":"PropertyValueSpecification","valueRequired":true,"valueName":"search_term_string"}}],"inLanguage":"az"},{"@type":"Organization","@id":"https:\/\/www.meydan.tv\/az\/#organization","name":"Meydan TV","url":"https:\/\/www.meydan.tv\/az\/","logo":{"@type":"ImageObject","inLanguage":"az","@id":"https:\/\/www.meydan.tv\/az\/#\/schema\/logo\/image\/","url":"https:\/\/www.meydan.tv\/wp-content\/uploads\/2021\/07\/meydan-logo.svg","contentUrl":"https:\/\/www.meydan.tv\/wp-content\/uploads\/2021\/07\/meydan-logo.svg","width":195,"height":46,"caption":"Meydan TV"},"image":{"@id":"https:\/\/www.meydan.tv\/az\/#\/schema\/logo\/image\/"}},{"@type":"Person","@id":"https:\/\/www.meydan.tv\/az\/#\/schema\/person\/10d11eccf6da3662cf5fdab9806ea91a","name":"user-manager"}]}},"_links":{"self":[{"href":"https:\/\/www.meydan.tv\/az\/wp-json\/wp\/v2\/posts\/179274","targetHints":{"allow":["GET"]}}],"collection":[{"href":"https:\/\/www.meydan.tv\/az\/wp-json\/wp\/v2\/posts"}],"about":[{"href":"https:\/\/www.meydan.tv\/az\/wp-json\/wp\/v2\/types\/post"}],"author":[{"embeddable":true,"href":"https:\/\/www.meydan.tv\/az\/wp-json\/wp\/v2\/users\/11"}],"replies":[{"embeddable":true,"href":"https:\/\/www.meydan.tv\/az\/wp-json\/wp\/v2\/comments?post=179274"}],"version-history":[{"count":0,"href":"https:\/\/www.meydan.tv\/az\/wp-json\/wp\/v2\/posts\/179274\/revisions"}],"wp:featuredmedia":[{"embeddable":true,"href":"https:\/\/www.meydan.tv\/az\/wp-json\/wp\/v2\/media\/69226"}],"wp:attachment":[{"href":"https:\/\/www.meydan.tv\/az\/wp-json\/wp\/v2\/media?parent=179274"}],"wp:term":[{"taxonomy":"category","embeddable":true,"href":"https:\/\/www.meydan.tv\/az\/wp-json\/wp\/v2\/categories?post=179274"},{"taxonomy":"post_tag","embeddable":true,"href":"https:\/\/www.meydan.tv\/az\/wp-json\/wp\/v2\/tags?post=179274"}],"curies":[{"name":"wp","href":"https:\/\/api.w.org\/{rel}","templated":true}]}}