{"id":179269,"date":"2016-09-30T15:48:33","date_gmt":"2016-09-30T15:48:33","guid":{"rendered":"https:\/\/www.meydan.tv\/article\/gelen-il-budceden-xercler-xarici-valyutayla-odenecek\/"},"modified":"2016-09-30T15:48:33","modified_gmt":"2016-09-30T15:48:33","slug":"gelen-il-budceden-xercler-xarici-valyutayla-odenecek","status":"publish","type":"post","link":"https:\/\/www.meydan.tv\/az\/article\/gelen-il-budceden-xercler-xarici-valyutayla-odenecek\/","title":{"rendered":"G\u0259l\u0259n il b\u00fcdc\u0259d\u0259n x\u0259rcl\u0259r xarici valyutayla \u00f6d\u0259n\u0259c\u0259k"},"content":{"rendered":"<figure class=\"wp-block-image size-large\">\n  <img decoding=\"async\" src=\"https:\/\/www.meydan.tv\/az\/69220\/\" alt=\"\" class=\"wp-image-69220\"\/><figcaption><\/figcaption><\/figure>\n<p>\n  <i><br \/>\n    R\u00f6v\u015f\u0259n A\u011fayev: &#8221;Bu fakt onu g\u00f6st\u0259rir ki, g\u0259l\u0259n il iqtisadiyyat\u0131n xarici valyutaya t\u0259l\u0259bat\u0131 yen\u0259 d\u0259 y\u00fcks\u0259k olaraq qalacaq v\u0259 bu manat\u0131n k\u00f6vr\u0259k m\u00f6vqed\u0259 qalmas\u0131n\u0131 \u015f\u0259rtl\u0259ndir\u0259c\u0259k&#8221;<br \/>\n  <\/i>\n<\/p>\n<p>\n  Maliyy\u0259 Nazirliyi ilk d\u0259f\u0259dir ki, b\u00fcdc\u0259 t\u0259qdimat\u0131nda x\u0259rcl\u0259rin xarici valyuta il\u0259 \u00f6d\u0259n\u0259c\u0259k h\u0259cmini a\u00e7\u0131qlay\u0131b.\n<\/p>\n<p>\n  M\u0259lumata g\u00f6r\u0259, 2017-ci ild\u0259 d\u00f6vl\u0259t b\u00fcdc\u0259sind\u0259n 3 milyard 61 milyon dollar h\u0259cmind\u0259 v\u0259sait manat ekvivalentind\u0259 xarici valyuta il\u0259 x\u0259rcl\u0259n\u0259c\u0259k. \u0130ndiki m\u0259z\u0259nn\u0259 il\u0259 bu t\u0259xmin\u0259n 5 milyard manat edir. Bu, o dem\u0259kdir ki, g\u0259l\u0259n b\u00fcdc\u0259d\u0259n x\u0259rcl\u0259n\u0259n h\u0259r 3 manatdan bir manat\u0131 \u00fc\u00e7\u00fcn xarici valyutaya t\u0259l\u0259bat olacaq.\n<\/p>\n<p>\n  M\u0259lumat\u0131 \u00f6z &#8220;Facebook&#8221; s\u0259hif\u0259sind\u0259 \u015f\u0259rh ed\u0259n iqtisad\u00e7\u0131 R\u00f6v\u015f\u0259n A\u011fayev deyir ki, bu, \u0259slind\u0259 \u00e7ox b\u00f6y\u00fck v\u0259saitdir &#8211; h\u00f6kum\u0259t t\u0259kc\u0259 d\u00f6vl\u0259t b\u00fcdc\u0259sinin \u00f6hd\u0259likl\u0259ri \u00fc\u00e7\u00fcn 3 milyard dollardan \u00e7ox valyutaya ehtiyac duyacaq:<br \/>\n  <br \/>\n  &#8220;\u018flav\u0259 olaraq, Neft Fondu vasit\u0259sil\u0259 TANAP layih\u0259sinin x\u0259rcl\u0259rin\u0259 xarici valyuta laz\u0131m olacaq. Bu ikisi birlikd\u0259 3.5 milyard dollardan \u00e7ox olacaq.\n<\/p>\n<p>\n  Bu fakt onu g\u00f6st\u0259rir ki, g\u0259l\u0259n il iqtisadiyyat\u0131n xarici valyutaya t\u0259l\u0259bat\u0131 yen\u0259 d\u0259 y\u00fcks\u0259k olaraq qalacaq v\u0259 bu manat\u0131n k\u00f6vr\u0259k m\u00f6vqed\u0259 qalmas\u0131n\u0131 \u015f\u0259rtl\u0259ndir\u0259c\u0259k.\n<\/p>\n<p>\n  N\u0259z\u0259r\u0259 alaq ki, g\u0259l\u0259n il icmal b\u00fcdc\u0259nin valyuta il\u0259 g\u0259lirl\u0259ri t\u0259xmin\u0259n 8.9 milyard manat (Neft Fondunun g\u0259lirl\u0259ri +xarici neft \u015firk\u0259tl\u0259rinin b\u00fcdc\u0259 \u00f6hd\u0259likl\u0259ri) olacaq ki, bu haz\u0131rki m\u0259z\u0259nn\u0259 il\u0259 t\u0259xmin\u0259n 5.4 milyard dollar edir.<br \/>\n  <br \/>\n  Bu, o dem\u0259kdir ki, icmal b\u00fcdc\u0259 vasit\u0259sil\u0259 il \u0259rzind\u0259 iqtisadiyyata inyeksiya edil\u0259n valyutan\u0131n 65 faizi el\u0259 b\u00fcdc\u0259nin \u00f6z xarici \u00f6hd\u0259likl\u0259rin\u0259 y\u00f6n\u0259ldil\u0259c\u0259k. Y\u0259ni \u0259n yax\u015f\u0131 halda h\u00f6kum\u0259t kanal\u0131 il\u0259 daxil olan valyuta k\u00fctl\u0259si iqtisadiyyat\u0131n h\u00f6kum\u0259td\u0259nk\u0259nar sektorlar\u0131n\u0131n t\u0259l\u0259bat\u0131na ged\u0259c\u0259k.\n<\/p>\n<p>\n  \u0130cmal b\u00fcdc\u0259nin xarici \u00f6hd\u0259likl\u0259rin\u0259 is\u0259 daxildir: b\u00fcdc\u0259 vasit\u0259sil\u0259 xarici borclar\u0131n \u00f6d\u0259nm\u0259si, h\u00f6kum\u0259tin idxal mallar\u0131na t\u0259l\u0259bat\u0131n\u0131n \u00f6d\u0259nm\u0259si (ilk n\u00f6vb\u0259d\u0259, h\u0259rbi-t\u0259hl\u00fck\u0259sizlik sisteminin), b\u00fcdc\u0259 t\u0259\u015fkilatlar\u0131n\u0131n xarici xidm\u0259tl\u0259r\u0259 t\u0259l\u0259bat\u0131n\u0131n \u00f6d\u0259nm\u0259si (m\u0259s, xarici m\u0259sl\u0259t\u00e7inin c\u0259lbi, proqram t\u0259minat\u0131n\u0131n h\u0259yata ke\u00e7irilm\u0259si), xaric\u0259 ezamiyy\u0259tl\u0259r v\u0259 xaricd\u0259 r\u0259smi t\u0259dbirl\u0259rin t\u0259\u015fkili, diplomatik korpusun saxlanmas\u0131, beyn\u0259lxalq t\u0259\u015fkilatlara \u00fczvl\u00fck haqq\u0131, SOCAR v\u0259 Neft Fondunun xaricd\u0259ki layih\u0259l\u0259rinin maliyy\u0259l\u0259\u015fdirilm\u0259si v\u0259 s. daxildir&#8221;.<\/p>\n","protected":false},"excerpt":{"rendered":"<p>R\u00f6v\u015f\u0259n A\u011fayev: &#8221;Bu fakt onu g\u00f6st\u0259rir ki, g\u0259l\u0259n il iqtisadiyyat\u0131n xarici valyutaya t\u0259l\u0259bat\u0131 yen\u0259 d\u0259 y\u00fcks\u0259k olaraq qalacaq v\u0259 bu manat\u0131n k\u00f6vr\u0259k m\u00f6vqed\u0259 qalmas\u0131n\u0131 \u015f\u0259rtl\u0259ndir\u0259c\u0259k&#8221;<\/p>\n","protected":false},"author":11,"featured_media":69220,"comment_status":"closed","ping_status":"open","sticky":false,"template":"","format":"standard","meta":{"_acf_changed":false,"_sitemap_exclude":false,"_sitemap_priority":"","_sitemap_frequency":"","footnotes":""},"categories":[51],"tags":[],"class_list":["post-179269","post","type-post","status-publish","format-standard","has-post-thumbnail","hentry","category-analitika","infinite-scroll-item","generate-columns","tablet-grid-50","mobile-grid-100","grid-parent","grid-33","no-featured-image-padding"],"acf":[],"yoast_head":"<!-- This site is optimized with the Yoast SEO plugin v27.5 - https:\/\/yoast.com\/product\/yoast-seo-wordpress\/ -->\n<title>G\u0259l\u0259n il b\u00fcdc\u0259d\u0259n x\u0259rcl\u0259r xarici valyutayla \u00f6d\u0259n\u0259c\u0259k - MEYDAN.TV<\/title>\n<meta name=\"robots\" content=\"index, follow, max-snippet:-1, max-image-preview:large, max-video-preview:-1\" \/>\n<link rel=\"canonical\" href=\"https:\/\/www.meydan.tv\/az\/article\/gelen-il-budceden-xercler-xarici-valyutayla-odenecek\/\" \/>\n<meta property=\"og:locale\" content=\"az_AZ\" \/>\n<meta property=\"og:type\" content=\"article\" \/>\n<meta property=\"og:title\" content=\"G\u0259l\u0259n il b\u00fcdc\u0259d\u0259n x\u0259rcl\u0259r xarici valyutayla \u00f6d\u0259n\u0259c\u0259k - MEYDAN.TV\" \/>\n<meta property=\"og:description\" content=\"R\u00f6v\u015f\u0259n A\u011fayev: &#039;&#039;Bu fakt onu g\u00f6st\u0259rir ki, g\u0259l\u0259n il iqtisadiyyat\u0131n xarici valyutaya t\u0259l\u0259bat\u0131 yen\u0259 d\u0259 y\u00fcks\u0259k olaraq qalacaq v\u0259 bu manat\u0131n k\u00f6vr\u0259k m\u00f6vqed\u0259 qalmas\u0131n\u0131 \u015f\u0259rtl\u0259ndir\u0259c\u0259k&#039;&#039;\" \/>\n<meta property=\"og:url\" content=\"https:\/\/www.meydan.tv\/az\/article\/gelen-il-budceden-xercler-xarici-valyutayla-odenecek\/\" \/>\n<meta property=\"og:site_name\" content=\"MEYDAN.TV\" \/>\n<meta property=\"article:published_time\" content=\"2016-09-30T15:48:33+00:00\" \/>\n<meta property=\"og:image\" content=\"https:\/\/www.meydan.tv\/wp-content\/uploads\/26482.jpg\" \/>\n\t<meta property=\"og:image:width\" content=\"773\" \/>\n\t<meta property=\"og:image:height\" content=\"420\" \/>\n\t<meta property=\"og:image:type\" content=\"image\/jpeg\" \/>\n<meta name=\"author\" content=\"user-manager\" \/>\n<meta name=\"twitter:card\" content=\"summary_large_image\" \/>\n<script type=\"application\/ld+json\" class=\"yoast-schema-graph\">{\"@context\":\"https:\\\/\\\/schema.org\",\"@graph\":[{\"@type\":\"Article\",\"@id\":\"https:\\\/\\\/www.meydan.tv\\\/az\\\/article\\\/gelen-il-budceden-xercler-xarici-valyutayla-odenecek\\\/#article\",\"isPartOf\":{\"@id\":\"https:\\\/\\\/www.meydan.tv\\\/az\\\/article\\\/gelen-il-budceden-xercler-xarici-valyutayla-odenecek\\\/\"},\"author\":{\"name\":\"user-manager\",\"@id\":\"https:\\\/\\\/www.meydan.tv\\\/az\\\/#\\\/schema\\\/person\\\/10d11eccf6da3662cf5fdab9806ea91a\"},\"headline\":\"G\u0259l\u0259n il b\u00fcdc\u0259d\u0259n x\u0259rcl\u0259r xarici valyutayla \u00f6d\u0259n\u0259c\u0259k\",\"datePublished\":\"2016-09-30T15:48:33+00:00\",\"mainEntityOfPage\":{\"@id\":\"https:\\\/\\\/www.meydan.tv\\\/az\\\/article\\\/gelen-il-budceden-xercler-xarici-valyutayla-odenecek\\\/\"},\"wordCount\":510,\"publisher\":{\"@id\":\"https:\\\/\\\/www.meydan.tv\\\/az\\\/#organization\"},\"image\":{\"@id\":\"https:\\\/\\\/www.meydan.tv\\\/az\\\/article\\\/gelen-il-budceden-xercler-xarici-valyutayla-odenecek\\\/#primaryimage\"},\"thumbnailUrl\":\"https:\\\/\\\/www.meydan.tv\\\/wp-content\\\/uploads\\\/26482.jpg\",\"articleSection\":[\"Analitika\"],\"inLanguage\":\"az\"},{\"@type\":\"WebPage\",\"@id\":\"https:\\\/\\\/www.meydan.tv\\\/az\\\/article\\\/gelen-il-budceden-xercler-xarici-valyutayla-odenecek\\\/\",\"url\":\"https:\\\/\\\/www.meydan.tv\\\/az\\\/article\\\/gelen-il-budceden-xercler-xarici-valyutayla-odenecek\\\/\",\"name\":\"G\u0259l\u0259n il b\u00fcdc\u0259d\u0259n x\u0259rcl\u0259r xarici valyutayla \u00f6d\u0259n\u0259c\u0259k - MEYDAN.TV\",\"isPartOf\":{\"@id\":\"https:\\\/\\\/www.meydan.tv\\\/az\\\/#website\"},\"primaryImageOfPage\":{\"@id\":\"https:\\\/\\\/www.meydan.tv\\\/az\\\/article\\\/gelen-il-budceden-xercler-xarici-valyutayla-odenecek\\\/#primaryimage\"},\"image\":{\"@id\":\"https:\\\/\\\/www.meydan.tv\\\/az\\\/article\\\/gelen-il-budceden-xercler-xarici-valyutayla-odenecek\\\/#primaryimage\"},\"thumbnailUrl\":\"https:\\\/\\\/www.meydan.tv\\\/wp-content\\\/uploads\\\/26482.jpg\",\"datePublished\":\"2016-09-30T15:48:33+00:00\",\"breadcrumb\":{\"@id\":\"https:\\\/\\\/www.meydan.tv\\\/az\\\/article\\\/gelen-il-budceden-xercler-xarici-valyutayla-odenecek\\\/#breadcrumb\"},\"inLanguage\":\"az\",\"potentialAction\":[{\"@type\":\"ReadAction\",\"target\":[\"https:\\\/\\\/www.meydan.tv\\\/az\\\/article\\\/gelen-il-budceden-xercler-xarici-valyutayla-odenecek\\\/\"]}]},{\"@type\":\"ImageObject\",\"inLanguage\":\"az\",\"@id\":\"https:\\\/\\\/www.meydan.tv\\\/az\\\/article\\\/gelen-il-budceden-xercler-xarici-valyutayla-odenecek\\\/#primaryimage\",\"url\":\"https:\\\/\\\/www.meydan.tv\\\/wp-content\\\/uploads\\\/26482.jpg\",\"contentUrl\":\"https:\\\/\\\/www.meydan.tv\\\/wp-content\\\/uploads\\\/26482.jpg\",\"width\":773,\"height\":420,\"caption\":\"Source:\"},{\"@type\":\"BreadcrumbList\",\"@id\":\"https:\\\/\\\/www.meydan.tv\\\/az\\\/article\\\/gelen-il-budceden-xercler-xarici-valyutayla-odenecek\\\/#breadcrumb\",\"itemListElement\":[{\"@type\":\"ListItem\",\"position\":1,\"name\":\"Ana s\u0259hif\u0259\",\"item\":\"https:\\\/\\\/www.meydan.tv\\\/az\\\/\"},{\"@type\":\"ListItem\",\"position\":2,\"name\":\"Analitika\",\"item\":\"https:\\\/\\\/www.meydan.tv\\\/az\\\/section\\\/analitika\\\/\"},{\"@type\":\"ListItem\",\"position\":3,\"name\":\"G\u0259l\u0259n il b\u00fcdc\u0259d\u0259n x\u0259rcl\u0259r xarici valyutayla \u00f6d\u0259n\u0259c\u0259k\"}]},{\"@type\":\"WebSite\",\"@id\":\"https:\\\/\\\/www.meydan.tv\\\/az\\\/#website\",\"url\":\"https:\\\/\\\/www.meydan.tv\\\/az\\\/\",\"name\":\"MEYDAN.TV\",\"description\":\"Meydan TV Az\u0259rbaycan\u0131n media m\u0259kan\u0131ndak\u0131 alternativ s\u0259sidir\",\"publisher\":{\"@id\":\"https:\\\/\\\/www.meydan.tv\\\/az\\\/#organization\"},\"potentialAction\":[{\"@type\":\"SearchAction\",\"target\":{\"@type\":\"EntryPoint\",\"urlTemplate\":\"https:\\\/\\\/www.meydan.tv\\\/az\\\/?s={search_term_string}\"},\"query-input\":{\"@type\":\"PropertyValueSpecification\",\"valueRequired\":true,\"valueName\":\"search_term_string\"}}],\"inLanguage\":\"az\"},{\"@type\":\"Organization\",\"@id\":\"https:\\\/\\\/www.meydan.tv\\\/az\\\/#organization\",\"name\":\"Meydan TV\",\"url\":\"https:\\\/\\\/www.meydan.tv\\\/az\\\/\",\"logo\":{\"@type\":\"ImageObject\",\"inLanguage\":\"az\",\"@id\":\"https:\\\/\\\/www.meydan.tv\\\/az\\\/#\\\/schema\\\/logo\\\/image\\\/\",\"url\":\"https:\\\/\\\/www.meydan.tv\\\/wp-content\\\/uploads\\\/2021\\\/07\\\/meydan-logo.svg\",\"contentUrl\":\"https:\\\/\\\/www.meydan.tv\\\/wp-content\\\/uploads\\\/2021\\\/07\\\/meydan-logo.svg\",\"width\":195,\"height\":46,\"caption\":\"Meydan TV\"},\"image\":{\"@id\":\"https:\\\/\\\/www.meydan.tv\\\/az\\\/#\\\/schema\\\/logo\\\/image\\\/\"}},{\"@type\":\"Person\",\"@id\":\"https:\\\/\\\/www.meydan.tv\\\/az\\\/#\\\/schema\\\/person\\\/10d11eccf6da3662cf5fdab9806ea91a\",\"name\":\"user-manager\"}]}<\/script>\n<!-- \/ Yoast SEO plugin. -->","yoast_head_json":{"title":"G\u0259l\u0259n il b\u00fcdc\u0259d\u0259n x\u0259rcl\u0259r xarici valyutayla \u00f6d\u0259n\u0259c\u0259k - MEYDAN.TV","robots":{"index":"index","follow":"follow","max-snippet":"max-snippet:-1","max-image-preview":"max-image-preview:large","max-video-preview":"max-video-preview:-1"},"canonical":"https:\/\/www.meydan.tv\/az\/article\/gelen-il-budceden-xercler-xarici-valyutayla-odenecek\/","og_locale":"az_AZ","og_type":"article","og_title":"G\u0259l\u0259n il b\u00fcdc\u0259d\u0259n x\u0259rcl\u0259r xarici valyutayla \u00f6d\u0259n\u0259c\u0259k - MEYDAN.TV","og_description":"R\u00f6v\u015f\u0259n A\u011fayev: ''Bu fakt onu g\u00f6st\u0259rir ki, g\u0259l\u0259n il iqtisadiyyat\u0131n xarici valyutaya t\u0259l\u0259bat\u0131 yen\u0259 d\u0259 y\u00fcks\u0259k olaraq qalacaq v\u0259 bu manat\u0131n k\u00f6vr\u0259k m\u00f6vqed\u0259 qalmas\u0131n\u0131 \u015f\u0259rtl\u0259ndir\u0259c\u0259k''","og_url":"https:\/\/www.meydan.tv\/az\/article\/gelen-il-budceden-xercler-xarici-valyutayla-odenecek\/","og_site_name":"MEYDAN.TV","article_published_time":"2016-09-30T15:48:33+00:00","og_image":[{"width":773,"height":420,"url":"https:\/\/www.meydan.tv\/wp-content\/uploads\/26482.jpg","type":"image\/jpeg"}],"author":"user-manager","twitter_card":"summary_large_image","schema":{"@context":"https:\/\/schema.org","@graph":[{"@type":"Article","@id":"https:\/\/www.meydan.tv\/az\/article\/gelen-il-budceden-xercler-xarici-valyutayla-odenecek\/#article","isPartOf":{"@id":"https:\/\/www.meydan.tv\/az\/article\/gelen-il-budceden-xercler-xarici-valyutayla-odenecek\/"},"author":{"name":"user-manager","@id":"https:\/\/www.meydan.tv\/az\/#\/schema\/person\/10d11eccf6da3662cf5fdab9806ea91a"},"headline":"G\u0259l\u0259n il b\u00fcdc\u0259d\u0259n x\u0259rcl\u0259r xarici valyutayla \u00f6d\u0259n\u0259c\u0259k","datePublished":"2016-09-30T15:48:33+00:00","mainEntityOfPage":{"@id":"https:\/\/www.meydan.tv\/az\/article\/gelen-il-budceden-xercler-xarici-valyutayla-odenecek\/"},"wordCount":510,"publisher":{"@id":"https:\/\/www.meydan.tv\/az\/#organization"},"image":{"@id":"https:\/\/www.meydan.tv\/az\/article\/gelen-il-budceden-xercler-xarici-valyutayla-odenecek\/#primaryimage"},"thumbnailUrl":"https:\/\/www.meydan.tv\/wp-content\/uploads\/26482.jpg","articleSection":["Analitika"],"inLanguage":"az"},{"@type":"WebPage","@id":"https:\/\/www.meydan.tv\/az\/article\/gelen-il-budceden-xercler-xarici-valyutayla-odenecek\/","url":"https:\/\/www.meydan.tv\/az\/article\/gelen-il-budceden-xercler-xarici-valyutayla-odenecek\/","name":"G\u0259l\u0259n il b\u00fcdc\u0259d\u0259n x\u0259rcl\u0259r xarici valyutayla \u00f6d\u0259n\u0259c\u0259k - MEYDAN.TV","isPartOf":{"@id":"https:\/\/www.meydan.tv\/az\/#website"},"primaryImageOfPage":{"@id":"https:\/\/www.meydan.tv\/az\/article\/gelen-il-budceden-xercler-xarici-valyutayla-odenecek\/#primaryimage"},"image":{"@id":"https:\/\/www.meydan.tv\/az\/article\/gelen-il-budceden-xercler-xarici-valyutayla-odenecek\/#primaryimage"},"thumbnailUrl":"https:\/\/www.meydan.tv\/wp-content\/uploads\/26482.jpg","datePublished":"2016-09-30T15:48:33+00:00","breadcrumb":{"@id":"https:\/\/www.meydan.tv\/az\/article\/gelen-il-budceden-xercler-xarici-valyutayla-odenecek\/#breadcrumb"},"inLanguage":"az","potentialAction":[{"@type":"ReadAction","target":["https:\/\/www.meydan.tv\/az\/article\/gelen-il-budceden-xercler-xarici-valyutayla-odenecek\/"]}]},{"@type":"ImageObject","inLanguage":"az","@id":"https:\/\/www.meydan.tv\/az\/article\/gelen-il-budceden-xercler-xarici-valyutayla-odenecek\/#primaryimage","url":"https:\/\/www.meydan.tv\/wp-content\/uploads\/26482.jpg","contentUrl":"https:\/\/www.meydan.tv\/wp-content\/uploads\/26482.jpg","width":773,"height":420,"caption":"Source:"},{"@type":"BreadcrumbList","@id":"https:\/\/www.meydan.tv\/az\/article\/gelen-il-budceden-xercler-xarici-valyutayla-odenecek\/#breadcrumb","itemListElement":[{"@type":"ListItem","position":1,"name":"Ana s\u0259hif\u0259","item":"https:\/\/www.meydan.tv\/az\/"},{"@type":"ListItem","position":2,"name":"Analitika","item":"https:\/\/www.meydan.tv\/az\/section\/analitika\/"},{"@type":"ListItem","position":3,"name":"G\u0259l\u0259n il b\u00fcdc\u0259d\u0259n x\u0259rcl\u0259r xarici valyutayla \u00f6d\u0259n\u0259c\u0259k"}]},{"@type":"WebSite","@id":"https:\/\/www.meydan.tv\/az\/#website","url":"https:\/\/www.meydan.tv\/az\/","name":"MEYDAN.TV","description":"Meydan TV Az\u0259rbaycan\u0131n media m\u0259kan\u0131ndak\u0131 alternativ s\u0259sidir","publisher":{"@id":"https:\/\/www.meydan.tv\/az\/#organization"},"potentialAction":[{"@type":"SearchAction","target":{"@type":"EntryPoint","urlTemplate":"https:\/\/www.meydan.tv\/az\/?s={search_term_string}"},"query-input":{"@type":"PropertyValueSpecification","valueRequired":true,"valueName":"search_term_string"}}],"inLanguage":"az"},{"@type":"Organization","@id":"https:\/\/www.meydan.tv\/az\/#organization","name":"Meydan TV","url":"https:\/\/www.meydan.tv\/az\/","logo":{"@type":"ImageObject","inLanguage":"az","@id":"https:\/\/www.meydan.tv\/az\/#\/schema\/logo\/image\/","url":"https:\/\/www.meydan.tv\/wp-content\/uploads\/2021\/07\/meydan-logo.svg","contentUrl":"https:\/\/www.meydan.tv\/wp-content\/uploads\/2021\/07\/meydan-logo.svg","width":195,"height":46,"caption":"Meydan TV"},"image":{"@id":"https:\/\/www.meydan.tv\/az\/#\/schema\/logo\/image\/"}},{"@type":"Person","@id":"https:\/\/www.meydan.tv\/az\/#\/schema\/person\/10d11eccf6da3662cf5fdab9806ea91a","name":"user-manager"}]}},"_links":{"self":[{"href":"https:\/\/www.meydan.tv\/az\/wp-json\/wp\/v2\/posts\/179269","targetHints":{"allow":["GET"]}}],"collection":[{"href":"https:\/\/www.meydan.tv\/az\/wp-json\/wp\/v2\/posts"}],"about":[{"href":"https:\/\/www.meydan.tv\/az\/wp-json\/wp\/v2\/types\/post"}],"author":[{"embeddable":true,"href":"https:\/\/www.meydan.tv\/az\/wp-json\/wp\/v2\/users\/11"}],"replies":[{"embeddable":true,"href":"https:\/\/www.meydan.tv\/az\/wp-json\/wp\/v2\/comments?post=179269"}],"version-history":[{"count":0,"href":"https:\/\/www.meydan.tv\/az\/wp-json\/wp\/v2\/posts\/179269\/revisions"}],"wp:featuredmedia":[{"embeddable":true,"href":"https:\/\/www.meydan.tv\/az\/wp-json\/wp\/v2\/media\/69220"}],"wp:attachment":[{"href":"https:\/\/www.meydan.tv\/az\/wp-json\/wp\/v2\/media?parent=179269"}],"wp:term":[{"taxonomy":"category","embeddable":true,"href":"https:\/\/www.meydan.tv\/az\/wp-json\/wp\/v2\/categories?post=179269"},{"taxonomy":"post_tag","embeddable":true,"href":"https:\/\/www.meydan.tv\/az\/wp-json\/wp\/v2\/tags?post=179269"}],"curies":[{"name":"wp","href":"https:\/\/api.w.org\/{rel}","templated":true}]}}