{"id":179262,"date":"2016-09-30T13:42:01","date_gmt":"2016-09-30T13:42:01","guid":{"rendered":"https:\/\/www.meydan.tv\/article\/eyaletlerimiz-budce-musteqilliyini-nece-qazandi\/"},"modified":"2016-09-30T13:42:01","modified_gmt":"2016-09-30T13:42:01","slug":"eyaletlerimiz-budce-musteqilliyini-nece-qazandi","status":"publish","type":"post","link":"https:\/\/www.meydan.tv\/az\/article\/eyaletlerimiz-budce-musteqilliyini-nece-qazandi\/","title":{"rendered":"\u018fyal\u0259tl\u0259rimiz b\u00fcdc\u0259 m\u00fcst\u0259qilliyini nec\u0259 qazand\u0131?"},"content":{"rendered":"<figure class=\"wp-block-image size-large\">\n  <img decoding=\"async\" src=\"https:\/\/www.meydan.tv\/az\/rovsen-agayev\/\" alt=\"R\u00f6v\u015f\u0259n A\u011fayev\" class=\"wp-image-48061\"\/><figcaption>\n    R\u00f6v\u015f\u0259n A\u011fayev<br \/>\n  <\/figcaption><\/figure>\n<figure class=\"wp-block-image size-large\">\n  <img decoding=\"async\" src=\"https:\/\/www.meydan.tv\/az\/rovsen-agayev-banner\/\" alt=\"R\u00f6v\u015f\u0259n A\u011fayev &#8211; Banner\" class=\"wp-image-48070\"\/><figcaption>\n    R\u00f6v\u015f\u0259n A\u011fayev &#8211; Banner<br \/>\n  <\/figcaption><\/figure>\n<p>\n  2017-ci ilin b\u00fcdc\u0259sind\u0259 \u00e7ox vacib bir m\u0259qam\u0131 ayd\u0131nla\u015fd\u0131rma\u011fa ehtiyac var.\n<\/p>\n<p>\n  B\u00fcdc\u0259 layih\u0259sinin t\u0259qdimat\u0131nda bel\u0259 bir m\u0259lumat var ki, \u00f6z g\u0259lirl\u0259ri x\u0259rcl\u0259rini t\u0259min ed\u0259n, y\u0259ni \u00f6z\u00fcn\u00fc s\u0259rb\u0259st doland\u0131ra bil\u0259n rayon v\u0259 \u015f\u0259h\u0259rl\u0259rin say\u0131 6-dan 33-\u0259 \u00e7atm\u0131\u015fd\u0131.<br \/>\n  <br \/>\n  M\u0259s\u0259l\u0259 buras\u0131ndad\u0131r ki, r\u0259smi m\u0259lumata g\u00f6r\u0259 2017-ci ild\u0259 yerli g\u0259lirl\u0259rin m\u0259bl\u0259\u011fi (642.4 milyon manat) 2016-c\u0131 il\u0259 nisb\u0259t\u0259n (766.3 milyon manat) az proqnozla\u015fd\u0131rl\u0131r. Y\u0259ni g\u0259lirl\u0259rd\u0259 el\u0259 bir art\u0131m yoxdur ki, x\u0259rcl\u0259ri qar\u015f\u0131lama imkanlar\u0131 geni\u015fl\u0259sin. S\u0259b\u0259b \u00e7ox sad\u0259dir: yerli x\u0259rcl\u0259rin m\u0259bl\u0259\u011fi 2 d\u0259f\u0259 azald\u0131laraq 1.541 milyard manatdan 718 milyon manata endirilib. M\u0259lumat \u00fc\u00e7\u00fcn deyim ki, yerli x\u0259rcl\u0259rin t\u0259xmin\u0259n 98 faizini 4 x\u0259rc istiqam\u0259ti t\u0259\u015fkil edir: t\u0259hsil (orta m\u0259kt\u0259bl\u0259rin v\u0259 ba\u011f\u00e7alar\u0131n saxlanmas\u0131), s\u0259hiyy\u0259 (yerl\u0259rd\u0259ki x\u0259st\u0259xana, poliklinika v\u0259 h\u0259kim m\u0259nt\u0259q\u0259l\u0259rinin saxlanmas\u0131), rayon (\u015f\u0259h\u0259r) icra hakimiyy\u0259tl\u0259rinin v\u0259 b\u0259zi nazirlikl\u0259rin (komit\u0259l\u0259rin) yerli aparatlar\u0131n\u0131n saxlanmas\u0131, m\u0259nzil-kommunal (yerli icra hakimiyy\u0259ti orqanlar\u0131 vasit\u0259sil\u0259 M\u0130S-l\u0259rin saxlanmas\u0131, abadl\u0131q i\u015fl\u0259rinin apar\u0131lmas\u0131) v\u0259 yerli \u0259h\u0259miyy\u0259tli m\u0259d\u0259niyy\u0259t (idman) obyektl\u0259rinin saxlanmas\u0131.\n<\/p>\n<p>\n  \u00d6z n\u00f6vb\u0259sind\u0259 indiy\u0259d\u0259k b\u00fct\u00fcn yerli x\u0259rcl\u0259rin d\u0259 t\u0259xmin\u0259n 60 faizini t\u0259hsil x\u0259rcl\u0259ri t\u0259\u015fkil edib. H\u00f6kum\u0259t 2017-ci ild\u0259n orta m\u0259kt\u0259bl\u0259r \u00fczr\u0259 t\u0259hsil x\u0259rcl\u0259rini yerli x\u0259rcl\u0259rin t\u0259rkibind\u0259n \u00e7\u0131xar\u0131r. Bu is\u0259 t\u0259xmin\u0259n 750 milyon manat dem\u0259kdir. H\u0259min x\u0259rcl\u0259r g\u0259l\u0259n ild\u0259n m\u0259rk\u0259zi hakimiyy\u0259tin x\u0259rcl\u0259ri hesab olunacaq. S\u0259b\u0259b is\u0259 odur ki, rayon (\u015f\u0259h\u0259r) t\u0259hsil idar\u0259l\u0259ri regional formata ke\u00e7ir. Y\u0259ni reall\u0131qda &#8220;33 rayon \u00f6z x\u0259rcini maliyy\u0259l\u0259\u015fdirir&#8221; t\u0259qdimat\u0131 yanl\u0131\u015fd\u0131r. \u00c7\u00fcnki reall\u0131qda yerli x\u0259rcl\u0259r b\u00fcdc\u0259 qanunvericiliyinin &#8220;yerli&#8221; hesab etdiyi x\u0259rcl\u0259rd\u0259n \u0259h\u0259miyy\u0259tli d\u0259r\u0259c\u0259d\u0259 b\u00f6y\u00fckd\u00fcr. M\u0259s\u0259l\u0259n, rayon polis idar\u0259l\u0259rind\u0259 \u00e7al\u0131\u015fan i\u015f\u00e7i hey\u0259ti yerd\u0259 \u00e7al\u0131\u015f\u0131r v\u0259 \u0259yal\u0259td\u0259 maa\u015f al\u0131r, amma onlar\u0131n x\u0259rcl\u0259ri m\u0259rk\u0259zi hesab edilir. Yaxud \u00f6lk\u0259d\u0259 3 milyard manata yax\u0131n sosial m\u00fcavin\u0259t, pensiya \u00f6d\u0259nir, amma m\u00f6vcud qanunvericliy\u0259 g\u00f6r\u0259 bu x\u0259rcl\u0259rin ham\u0131s\u0131 m\u0259rk\u0259zi hesab edilir. Eyni qaydada k\u0259nd t\u0259s\u0259rr\u00fcfat\u0131 x\u0259rcl\u0259ri: k\u0259ndlinin \u00f6z t\u0259s\u0259rr\u00fcfat\u0131na g\u00f6r\u0259 ya\u015fad\u0131\u011f\u0131 \u0259razid\u0259n k\u0259nara \u00e7\u0131xmadan ald\u0131\u011f\u0131 subsidiya (\u00fcmumiyy\u0259tl\u0259 is\u0259 b\u00fct\u00fcn k\u0259nd t\u0259s\u0259rr\u00fcfat\u0131 x\u0259rcl\u0259ri) m\u0259rk\u0259zi x\u0259rcl\u0259r kateqoriyas\u0131na aiddir.<br \/>\n  <br \/>\n  Y\u0259ni real qiym\u0259tl\u0259ndirm\u0259 apar\u0131lsa, d\u00f6vl\u0259t b\u00fcdc\u0259sinin 16 milyard manatdan \u00e7ox x\u0259rcl\u0259m\u0259l\u0259rinin \u0259n az\u0131 yar\u0131s\u0131 yerl\u0259rd\u0259 x\u0259rcl\u0259nir, amma yerli x\u0259rc hesab olunmur. \u018fg\u0259r n\u0259z\u0259ri olaraq b\u00fcdc\u0259 ay\u0131rmalar\u0131n\u0131 x\u0259rcl\u0259nm\u0259 yerin\u0259 g\u00f6r\u0259 qrupla\u015fd\u0131rsaq, m\u0259lum olacaq ki, yerli g\u0259lirl\u0259r yerli x\u0259rcl\u0259rin he\u00e7 10 faizini bel\u0259 qar\u015f\u0131lama\u011fa yet\u0259rli deyil. Bel\u0259 t\u0259snifat olsa, Bak\u0131dan savay\u0131 he\u00e7 bir \u0259razi \u00f6z x\u0259rcl\u0259rini qar\u015f\u0131laya bil\u0259c\u0259k g\u0259lirl\u0259r formala\u015fd\u0131ra bilm\u0259z v\u0259 b\u00fcdc\u0259 qanununda b\u00fct\u00fcn b\u00f6lg\u0259l\u0259r &#8220;dotasiya il\u0259 ya\u015fayan b\u00f6lg\u0259l\u0259r&#8221; kateqoriyas\u0131na aid edil\u0259r. (edited)\n<\/p>\n<p>\n  Amma t\u0259\u0259ss\u00fcf ki, bu c\u00fcr t\u0259snifat\u0131 aparma\u011fa bizim haz\u0131rk\u0131 h\u00fcquqi sistemimiz imkan vermir. S\u00f6hb\u0259t n\u0259d\u0259n gedir?\n<\/p>\n<p>\n  Az\u0259rbaycanda regional d\u00f6vl\u0259t hakimiyy\u0259ti sistemi olmad\u0131\u011f\u0131na g\u00f6r\u0259 m\u0259rk\u0259zi hakimiyy\u0259t orqanlar\u0131n\u0131n s\u0259lahiyy\u0259ti \u00e7\u0259r\u00e7iv\u0259sind\u0259 maliyy\u0259l\u0259\u015fdiril\u0259n b\u00fct\u00fcn x\u0259rcl\u0259r m\u0259rk\u0259zi x\u0259rcl\u0259r hesab olunur. M\u0259s\u0259l\u0259n, bu il\u0259d\u0259k t\u0259hsil x\u0259rcl\u0259ri (orta t\u0259hsil v\u0259 ba\u011f\u00e7alar) h\u0259r bir rayon icra hakmiyy\u0259tinin s\u0259lahiyy\u0259tind\u0259 idi. Regional t\u0259hsil idar\u0259l\u0259ri yarad\u0131laca\u011f\u0131 \u00fc\u00e7\u00fcn h\u0259min x\u0259rcl\u0259rin art\u0131q hans\u0131sa konkret rayon icra hakimiyy\u0259tin\u0259 s\u0259lahiyy\u0259ti \u00e7\u0259r\u00e7iv\u0259sin\u0259 s\u0131\u011f\u0131\u015fd\u0131rmaq m\u00fcmk\u00fcn olmur. Az\u0259rbaycanda is\u0259 bir \u00e7ox \u00f6lk\u0259l\u0259rd\u0259 (m\u0259s\u0259l\u0259n, G\u00fcrc\u00fcstan, Moldova, Ukrayna) oldu\u011fu kimi regional idar\u0259etm\u0259 olmad\u0131\u011f\u0131ndan, avtomatik olaraq yerli icra hakimiyy\u0259tl\u0259rinin x\u0259rc salahiyy\u0259ti m\u0259rk\u0259zl\u0259\u015fir. Eyni m\u0259ntiql\u0259 sabah s\u0259hiyy\u0259 x\u0259rcl\u0259rini d\u0259 tam m\u0259rk\u0259zl\u0259\u015fdirm\u0259kl\u0259 v\u0259 yerli hakimiyy\u0259tl\u0259rin x\u0259rc y\u00fck\u00fcn\u00fc qay\u00e7\u0131lamaqla 33 deyil, \u0259n az\u0131 50 b\u00f6lg\u0259ni &#8220;maliyy\u0259 c\u0259h\u0259td\u0259n m\u00fcst\u0259qillik qazanm\u0131\u015f \u0259razi&#8221; qrupuna ke\u00e7irtm\u0259k olar. \u018fslind\u0259 ba\u015f ver\u0259n proses neqativdir. \u00c7\u00fcnki beyn\u0259lxaq t\u0259cr\u00fcb\u0259d\u0259 yerli x\u0259rcl\u0259rin \u00fcmumi d\u00f6vl\u0259t x\u0259rcl\u0259m\u0259l\u0259rind\u0259 pay\u0131n\u0131n y\u00fcks\u0259k olmas\u0131 \u00f6lk\u0259d\u0259 maliyy\u0259 \u0259ksm\u0259rk\u0259zl\u0259\u015fm\u0259sinin s\u0259viyy\u0259sinin y\u00fcks\u0259k oldu\u011funa dalal\u0259t edir.<br \/>\n  <br \/>\n  \u0130nki\u015faf etmi\u015f v\u0259 bir s\u0131ra inki\u015faf etm\u0259kd\u0259 olan \u00f6lk\u0259l\u0259rd\u0259 maliyy\u0259 \u0259ksm\u0259rk\u0259zl\u0259\u015fm\u0259si \u0259msal\u0131 30-60 faiz interval\u0131nda d\u0259yi\u015fir. Bizd\u0259 bu g\u00f6st\u0259rici 2016-c\u0131 ild\u0259 7 faiz \u0259traf\u0131nda idi, t\u0259hsil x\u0259rcl\u0259rinin tam m\u0259rk\u0259zl\u0259\u015fm\u0259si il\u0259 ba\u011fl\u0131 q\u0259rar n\u0259tic\u0259sind\u0259 2017-ci ild\u0259 3 faiz\u0259 en\u0259c\u0259k.\n<\/p>\n<p>\n  \u018fslind\u0259 b\u00fcdc\u0259nin indiki s\u0259viyy\u0259d\u0259 m\u0259rk\u0259zl\u0259\u015fm\u0259si h\u0259m d\u0259 siyasi m\u0259rk\u0259zl\u0259\u015fm\u0259nin g\u00f6st\u0259ricisidir. \u00d6lk\u0259d\u0259 regional idar\u0259etm\u0259 sisteminin formala\u015fd\u0131r\u0131lmas\u0131na, onlar\u0131n vasit\u0259sil\u0259 yerli icra hakimiyy\u0259tl\u0259rinin sosial-iqtisadi v\u0259 maliyy\u0259 muxtariyy\u0259tinin g\u00fccl\u0259ndirilm\u0259sin\u0259 z\u0259rur\u0259t oldu\u011fu bir \u015f\u0259raitd\u0259, tam \u0259ks proses gedir&#8230;<\/p>\n","protected":false},"excerpt":{"rendered":"<p>2017-ci ilin b\u00fcdc\u0259sind\u0259 \u00e7ox vacib bir m\u0259qam\u0131 ayd\u0131nla\u015fd\u0131rma\u011fa ehtiyac var.<\/p>\n","protected":false},"author":11,"featured_media":48061,"comment_status":"closed","ping_status":"open","sticky":false,"template":"","format":"standard","meta":{"_acf_changed":false,"_sitemap_exclude":false,"_sitemap_priority":"","_sitemap_frequency":"","footnotes":""},"categories":[51],"tags":[],"class_list":["post-179262","post","type-post","status-publish","format-standard","has-post-thumbnail","hentry","category-analitika","infinite-scroll-item","generate-columns","tablet-grid-50","mobile-grid-100","grid-parent","grid-33","no-featured-image-padding"],"acf":[],"yoast_head":"<!-- This site is optimized with the Yoast SEO plugin v27.5 - https:\/\/yoast.com\/product\/yoast-seo-wordpress\/ -->\n<title>\u018fyal\u0259tl\u0259rimiz b\u00fcdc\u0259 m\u00fcst\u0259qilliyini nec\u0259 qazand\u0131? - MEYDAN.TV<\/title>\n<meta name=\"robots\" content=\"index, follow, max-snippet:-1, max-image-preview:large, max-video-preview:-1\" \/>\n<link rel=\"canonical\" href=\"https:\/\/www.meydan.tv\/az\/article\/eyaletlerimiz-budce-musteqilliyini-nece-qazandi\/\" \/>\n<meta property=\"og:locale\" content=\"az_AZ\" \/>\n<meta property=\"og:type\" content=\"article\" \/>\n<meta property=\"og:title\" content=\"\u018fyal\u0259tl\u0259rimiz b\u00fcdc\u0259 m\u00fcst\u0259qilliyini nec\u0259 qazand\u0131? - MEYDAN.TV\" \/>\n<meta property=\"og:description\" content=\"2017-ci ilin b\u00fcdc\u0259sind\u0259 \u00e7ox vacib bir m\u0259qam\u0131 ayd\u0131nla\u015fd\u0131rma\u011fa ehtiyac var.\" \/>\n<meta property=\"og:url\" content=\"https:\/\/www.meydan.tv\/az\/article\/eyaletlerimiz-budce-musteqilliyini-nece-qazandi\/\" \/>\n<meta property=\"og:site_name\" content=\"MEYDAN.TV\" \/>\n<meta property=\"article:published_time\" content=\"2016-09-30T13:42:01+00:00\" \/>\n<meta property=\"og:image\" content=\"https:\/\/www.meydan.tv\/wp-content\/uploads\/18050.jpg\" \/>\n\t<meta property=\"og:image:width\" content=\"500\" \/>\n\t<meta property=\"og:image:height\" content=\"500\" \/>\n\t<meta property=\"og:image:type\" content=\"image\/jpeg\" \/>\n<meta name=\"author\" content=\"user-manager\" \/>\n<meta name=\"twitter:card\" content=\"summary_large_image\" \/>\n<script type=\"application\/ld+json\" class=\"yoast-schema-graph\">{\"@context\":\"https:\\\/\\\/schema.org\",\"@graph\":[{\"@type\":\"Article\",\"@id\":\"https:\\\/\\\/www.meydan.tv\\\/az\\\/article\\\/eyaletlerimiz-budce-musteqilliyini-nece-qazandi\\\/#article\",\"isPartOf\":{\"@id\":\"https:\\\/\\\/www.meydan.tv\\\/az\\\/article\\\/eyaletlerimiz-budce-musteqilliyini-nece-qazandi\\\/\"},\"author\":{\"name\":\"user-manager\",\"@id\":\"https:\\\/\\\/www.meydan.tv\\\/az\\\/#\\\/schema\\\/person\\\/10d11eccf6da3662cf5fdab9806ea91a\"},\"headline\":\"\u018fyal\u0259tl\u0259rimiz b\u00fcdc\u0259 m\u00fcst\u0259qilliyini nec\u0259 qazand\u0131?\",\"datePublished\":\"2016-09-30T13:42:01+00:00\",\"mainEntityOfPage\":{\"@id\":\"https:\\\/\\\/www.meydan.tv\\\/az\\\/article\\\/eyaletlerimiz-budce-musteqilliyini-nece-qazandi\\\/\"},\"wordCount\":1068,\"publisher\":{\"@id\":\"https:\\\/\\\/www.meydan.tv\\\/az\\\/#organization\"},\"image\":{\"@id\":\"https:\\\/\\\/www.meydan.tv\\\/az\\\/article\\\/eyaletlerimiz-budce-musteqilliyini-nece-qazandi\\\/#primaryimage\"},\"thumbnailUrl\":\"https:\\\/\\\/www.meydan.tv\\\/wp-content\\\/uploads\\\/18050.jpg\",\"articleSection\":[\"Analitika\"],\"inLanguage\":\"az\"},{\"@type\":\"WebPage\",\"@id\":\"https:\\\/\\\/www.meydan.tv\\\/az\\\/article\\\/eyaletlerimiz-budce-musteqilliyini-nece-qazandi\\\/\",\"url\":\"https:\\\/\\\/www.meydan.tv\\\/az\\\/article\\\/eyaletlerimiz-budce-musteqilliyini-nece-qazandi\\\/\",\"name\":\"\u018fyal\u0259tl\u0259rimiz b\u00fcdc\u0259 m\u00fcst\u0259qilliyini nec\u0259 qazand\u0131? - MEYDAN.TV\",\"isPartOf\":{\"@id\":\"https:\\\/\\\/www.meydan.tv\\\/az\\\/#website\"},\"primaryImageOfPage\":{\"@id\":\"https:\\\/\\\/www.meydan.tv\\\/az\\\/article\\\/eyaletlerimiz-budce-musteqilliyini-nece-qazandi\\\/#primaryimage\"},\"image\":{\"@id\":\"https:\\\/\\\/www.meydan.tv\\\/az\\\/article\\\/eyaletlerimiz-budce-musteqilliyini-nece-qazandi\\\/#primaryimage\"},\"thumbnailUrl\":\"https:\\\/\\\/www.meydan.tv\\\/wp-content\\\/uploads\\\/18050.jpg\",\"datePublished\":\"2016-09-30T13:42:01+00:00\",\"breadcrumb\":{\"@id\":\"https:\\\/\\\/www.meydan.tv\\\/az\\\/article\\\/eyaletlerimiz-budce-musteqilliyini-nece-qazandi\\\/#breadcrumb\"},\"inLanguage\":\"az\",\"potentialAction\":[{\"@type\":\"ReadAction\",\"target\":[\"https:\\\/\\\/www.meydan.tv\\\/az\\\/article\\\/eyaletlerimiz-budce-musteqilliyini-nece-qazandi\\\/\"]}]},{\"@type\":\"ImageObject\",\"inLanguage\":\"az\",\"@id\":\"https:\\\/\\\/www.meydan.tv\\\/az\\\/article\\\/eyaletlerimiz-budce-musteqilliyini-nece-qazandi\\\/#primaryimage\",\"url\":\"https:\\\/\\\/www.meydan.tv\\\/wp-content\\\/uploads\\\/18050.jpg\",\"contentUrl\":\"https:\\\/\\\/www.meydan.tv\\\/wp-content\\\/uploads\\\/18050.jpg\",\"width\":500,\"height\":500,\"caption\":\"Source:\"},{\"@type\":\"BreadcrumbList\",\"@id\":\"https:\\\/\\\/www.meydan.tv\\\/az\\\/article\\\/eyaletlerimiz-budce-musteqilliyini-nece-qazandi\\\/#breadcrumb\",\"itemListElement\":[{\"@type\":\"ListItem\",\"position\":1,\"name\":\"Ana s\u0259hif\u0259\",\"item\":\"https:\\\/\\\/www.meydan.tv\\\/az\\\/\"},{\"@type\":\"ListItem\",\"position\":2,\"name\":\"Analitika\",\"item\":\"https:\\\/\\\/www.meydan.tv\\\/az\\\/section\\\/analitika\\\/\"},{\"@type\":\"ListItem\",\"position\":3,\"name\":\"\u018fyal\u0259tl\u0259rimiz b\u00fcdc\u0259 m\u00fcst\u0259qilliyini nec\u0259 qazand\u0131?\"}]},{\"@type\":\"WebSite\",\"@id\":\"https:\\\/\\\/www.meydan.tv\\\/az\\\/#website\",\"url\":\"https:\\\/\\\/www.meydan.tv\\\/az\\\/\",\"name\":\"MEYDAN.TV\",\"description\":\"Meydan TV Az\u0259rbaycan\u0131n media m\u0259kan\u0131ndak\u0131 alternativ s\u0259sidir\",\"publisher\":{\"@id\":\"https:\\\/\\\/www.meydan.tv\\\/az\\\/#organization\"},\"potentialAction\":[{\"@type\":\"SearchAction\",\"target\":{\"@type\":\"EntryPoint\",\"urlTemplate\":\"https:\\\/\\\/www.meydan.tv\\\/az\\\/?s={search_term_string}\"},\"query-input\":{\"@type\":\"PropertyValueSpecification\",\"valueRequired\":true,\"valueName\":\"search_term_string\"}}],\"inLanguage\":\"az\"},{\"@type\":\"Organization\",\"@id\":\"https:\\\/\\\/www.meydan.tv\\\/az\\\/#organization\",\"name\":\"Meydan TV\",\"url\":\"https:\\\/\\\/www.meydan.tv\\\/az\\\/\",\"logo\":{\"@type\":\"ImageObject\",\"inLanguage\":\"az\",\"@id\":\"https:\\\/\\\/www.meydan.tv\\\/az\\\/#\\\/schema\\\/logo\\\/image\\\/\",\"url\":\"https:\\\/\\\/www.meydan.tv\\\/wp-content\\\/uploads\\\/2021\\\/07\\\/meydan-logo.svg\",\"contentUrl\":\"https:\\\/\\\/www.meydan.tv\\\/wp-content\\\/uploads\\\/2021\\\/07\\\/meydan-logo.svg\",\"width\":195,\"height\":46,\"caption\":\"Meydan TV\"},\"image\":{\"@id\":\"https:\\\/\\\/www.meydan.tv\\\/az\\\/#\\\/schema\\\/logo\\\/image\\\/\"}},{\"@type\":\"Person\",\"@id\":\"https:\\\/\\\/www.meydan.tv\\\/az\\\/#\\\/schema\\\/person\\\/10d11eccf6da3662cf5fdab9806ea91a\",\"name\":\"user-manager\"}]}<\/script>\n<!-- \/ Yoast SEO plugin. -->","yoast_head_json":{"title":"\u018fyal\u0259tl\u0259rimiz b\u00fcdc\u0259 m\u00fcst\u0259qilliyini nec\u0259 qazand\u0131? - MEYDAN.TV","robots":{"index":"index","follow":"follow","max-snippet":"max-snippet:-1","max-image-preview":"max-image-preview:large","max-video-preview":"max-video-preview:-1"},"canonical":"https:\/\/www.meydan.tv\/az\/article\/eyaletlerimiz-budce-musteqilliyini-nece-qazandi\/","og_locale":"az_AZ","og_type":"article","og_title":"\u018fyal\u0259tl\u0259rimiz b\u00fcdc\u0259 m\u00fcst\u0259qilliyini nec\u0259 qazand\u0131? - MEYDAN.TV","og_description":"2017-ci ilin b\u00fcdc\u0259sind\u0259 \u00e7ox vacib bir m\u0259qam\u0131 ayd\u0131nla\u015fd\u0131rma\u011fa ehtiyac var.","og_url":"https:\/\/www.meydan.tv\/az\/article\/eyaletlerimiz-budce-musteqilliyini-nece-qazandi\/","og_site_name":"MEYDAN.TV","article_published_time":"2016-09-30T13:42:01+00:00","og_image":[{"width":500,"height":500,"url":"https:\/\/www.meydan.tv\/wp-content\/uploads\/18050.jpg","type":"image\/jpeg"}],"author":"user-manager","twitter_card":"summary_large_image","schema":{"@context":"https:\/\/schema.org","@graph":[{"@type":"Article","@id":"https:\/\/www.meydan.tv\/az\/article\/eyaletlerimiz-budce-musteqilliyini-nece-qazandi\/#article","isPartOf":{"@id":"https:\/\/www.meydan.tv\/az\/article\/eyaletlerimiz-budce-musteqilliyini-nece-qazandi\/"},"author":{"name":"user-manager","@id":"https:\/\/www.meydan.tv\/az\/#\/schema\/person\/10d11eccf6da3662cf5fdab9806ea91a"},"headline":"\u018fyal\u0259tl\u0259rimiz b\u00fcdc\u0259 m\u00fcst\u0259qilliyini nec\u0259 qazand\u0131?","datePublished":"2016-09-30T13:42:01+00:00","mainEntityOfPage":{"@id":"https:\/\/www.meydan.tv\/az\/article\/eyaletlerimiz-budce-musteqilliyini-nece-qazandi\/"},"wordCount":1068,"publisher":{"@id":"https:\/\/www.meydan.tv\/az\/#organization"},"image":{"@id":"https:\/\/www.meydan.tv\/az\/article\/eyaletlerimiz-budce-musteqilliyini-nece-qazandi\/#primaryimage"},"thumbnailUrl":"https:\/\/www.meydan.tv\/wp-content\/uploads\/18050.jpg","articleSection":["Analitika"],"inLanguage":"az"},{"@type":"WebPage","@id":"https:\/\/www.meydan.tv\/az\/article\/eyaletlerimiz-budce-musteqilliyini-nece-qazandi\/","url":"https:\/\/www.meydan.tv\/az\/article\/eyaletlerimiz-budce-musteqilliyini-nece-qazandi\/","name":"\u018fyal\u0259tl\u0259rimiz b\u00fcdc\u0259 m\u00fcst\u0259qilliyini nec\u0259 qazand\u0131? - MEYDAN.TV","isPartOf":{"@id":"https:\/\/www.meydan.tv\/az\/#website"},"primaryImageOfPage":{"@id":"https:\/\/www.meydan.tv\/az\/article\/eyaletlerimiz-budce-musteqilliyini-nece-qazandi\/#primaryimage"},"image":{"@id":"https:\/\/www.meydan.tv\/az\/article\/eyaletlerimiz-budce-musteqilliyini-nece-qazandi\/#primaryimage"},"thumbnailUrl":"https:\/\/www.meydan.tv\/wp-content\/uploads\/18050.jpg","datePublished":"2016-09-30T13:42:01+00:00","breadcrumb":{"@id":"https:\/\/www.meydan.tv\/az\/article\/eyaletlerimiz-budce-musteqilliyini-nece-qazandi\/#breadcrumb"},"inLanguage":"az","potentialAction":[{"@type":"ReadAction","target":["https:\/\/www.meydan.tv\/az\/article\/eyaletlerimiz-budce-musteqilliyini-nece-qazandi\/"]}]},{"@type":"ImageObject","inLanguage":"az","@id":"https:\/\/www.meydan.tv\/az\/article\/eyaletlerimiz-budce-musteqilliyini-nece-qazandi\/#primaryimage","url":"https:\/\/www.meydan.tv\/wp-content\/uploads\/18050.jpg","contentUrl":"https:\/\/www.meydan.tv\/wp-content\/uploads\/18050.jpg","width":500,"height":500,"caption":"Source:"},{"@type":"BreadcrumbList","@id":"https:\/\/www.meydan.tv\/az\/article\/eyaletlerimiz-budce-musteqilliyini-nece-qazandi\/#breadcrumb","itemListElement":[{"@type":"ListItem","position":1,"name":"Ana s\u0259hif\u0259","item":"https:\/\/www.meydan.tv\/az\/"},{"@type":"ListItem","position":2,"name":"Analitika","item":"https:\/\/www.meydan.tv\/az\/section\/analitika\/"},{"@type":"ListItem","position":3,"name":"\u018fyal\u0259tl\u0259rimiz b\u00fcdc\u0259 m\u00fcst\u0259qilliyini nec\u0259 qazand\u0131?"}]},{"@type":"WebSite","@id":"https:\/\/www.meydan.tv\/az\/#website","url":"https:\/\/www.meydan.tv\/az\/","name":"MEYDAN.TV","description":"Meydan TV Az\u0259rbaycan\u0131n media m\u0259kan\u0131ndak\u0131 alternativ s\u0259sidir","publisher":{"@id":"https:\/\/www.meydan.tv\/az\/#organization"},"potentialAction":[{"@type":"SearchAction","target":{"@type":"EntryPoint","urlTemplate":"https:\/\/www.meydan.tv\/az\/?s={search_term_string}"},"query-input":{"@type":"PropertyValueSpecification","valueRequired":true,"valueName":"search_term_string"}}],"inLanguage":"az"},{"@type":"Organization","@id":"https:\/\/www.meydan.tv\/az\/#organization","name":"Meydan TV","url":"https:\/\/www.meydan.tv\/az\/","logo":{"@type":"ImageObject","inLanguage":"az","@id":"https:\/\/www.meydan.tv\/az\/#\/schema\/logo\/image\/","url":"https:\/\/www.meydan.tv\/wp-content\/uploads\/2021\/07\/meydan-logo.svg","contentUrl":"https:\/\/www.meydan.tv\/wp-content\/uploads\/2021\/07\/meydan-logo.svg","width":195,"height":46,"caption":"Meydan TV"},"image":{"@id":"https:\/\/www.meydan.tv\/az\/#\/schema\/logo\/image\/"}},{"@type":"Person","@id":"https:\/\/www.meydan.tv\/az\/#\/schema\/person\/10d11eccf6da3662cf5fdab9806ea91a","name":"user-manager"}]}},"_links":{"self":[{"href":"https:\/\/www.meydan.tv\/az\/wp-json\/wp\/v2\/posts\/179262","targetHints":{"allow":["GET"]}}],"collection":[{"href":"https:\/\/www.meydan.tv\/az\/wp-json\/wp\/v2\/posts"}],"about":[{"href":"https:\/\/www.meydan.tv\/az\/wp-json\/wp\/v2\/types\/post"}],"author":[{"embeddable":true,"href":"https:\/\/www.meydan.tv\/az\/wp-json\/wp\/v2\/users\/11"}],"replies":[{"embeddable":true,"href":"https:\/\/www.meydan.tv\/az\/wp-json\/wp\/v2\/comments?post=179262"}],"version-history":[{"count":0,"href":"https:\/\/www.meydan.tv\/az\/wp-json\/wp\/v2\/posts\/179262\/revisions"}],"wp:featuredmedia":[{"embeddable":true,"href":"https:\/\/www.meydan.tv\/az\/wp-json\/wp\/v2\/media\/48061"}],"wp:attachment":[{"href":"https:\/\/www.meydan.tv\/az\/wp-json\/wp\/v2\/media?parent=179262"}],"wp:term":[{"taxonomy":"category","embeddable":true,"href":"https:\/\/www.meydan.tv\/az\/wp-json\/wp\/v2\/categories?post=179262"},{"taxonomy":"post_tag","embeddable":true,"href":"https:\/\/www.meydan.tv\/az\/wp-json\/wp\/v2\/tags?post=179262"}],"curies":[{"name":"wp","href":"https:\/\/api.w.org\/{rel}","templated":true}]}}