{"id":179249,"date":"2016-09-29T19:27:39","date_gmt":"2016-09-29T19:27:39","guid":{"rendered":"https:\/\/www.meydan.tv\/article\/naxcivana-dotasiyanin-artirilmasi-spekulyasiyalara-sebeb-olacaq\/"},"modified":"2016-09-29T19:27:39","modified_gmt":"2016-09-29T19:27:39","slug":"naxcivana-dotasiyanin-artirilmasi-spekulyasiyalara-sebeb-olacaq","status":"publish","type":"post","link":"https:\/\/www.meydan.tv\/az\/article\/naxcivana-dotasiyanin-artirilmasi-spekulyasiyalara-sebeb-olacaq\/","title":{"rendered":"&#8221;Nax\u00e7\u0131vana dotasiyan\u0131n art\u0131r\u0131lmas\u0131 spekulyasiyalara s\u0259b\u0259b olacaq&#8221;"},"content":{"rendered":"<figure class=\"wp-block-image size-large\">\n  <img decoding=\"async\" src=\"https:\/\/www.meydan.tv\/az\/foto-sosial-sebeke-17\/\" alt=\"foto sosial \u015f\u0259b\u0259k\u0259\" class=\"wp-image-69081\"\/><figcaption>\n    foto sosial \u015f\u0259b\u0259k\u0259<br \/>\n  <\/figcaption><\/figure>\n<p>\n  <i><br \/>\n    Natiq C\u0259f\u0259rli: Az\u0259rbaycanda m\u0259rk\u0259zl\u0259\u015fmi\u015f vergi sistemi oldu\u011fundan rayonlarda da a\u011f\u0131r durum yaran\u0131b v\u0259 ham\u0131 m\u0259rk\u0259zin \u0259lin\u0259 bax\u0131r<br \/>\n  <\/i>\n<\/p>\n<p>\n  G\u0259l\u0259n il yerli b\u00fcdc\u0259 x\u0259rcl\u0259rinin maliyy\u0259l\u0259\u015fdirilm\u0259sin\u0259 m\u0259rk\u0259zi b\u00fcdc\u0259d\u0259n ayr\u0131lan dotasiya 10 d\u0259f\u0259 azald\u0131lacaq.\n<\/p>\n<p>\n  H\u0259m\u00e7inin \u00f6z\u00fc-\u00f6z\u00fcn\u00fc t\u0259min ed\u0259n \u015f\u0259h\u0259r v\u0259 rayonlar\u0131n say\u0131 7-d\u0259n (Bak\u0131, Ming\u0259\u00e7evir, Naftalan, \u015eirvan v\u0259 Sumqay\u0131t \u015f\u0259h\u0259rl\u0259ri, Ab\u015feron v\u0259 \u0130mi\u015fli rayonlar\u0131) 37-y\u0259 \u00e7atacaq.\n<\/p>\n<p>\n  Bak\u0131 \u015f\u0259h\u0259rini \u00e7\u0131xmaqla, yerli icra hakimiyy\u0259ti orqanlar\u0131na bu il ayr\u0131lan v\u0259sait 1 milyard 328 milyon manat oldu\u011fu halda, g\u0259l\u0259n il h\u0259min m\u0259bl\u0259\u011f 520 milyon manata endirilir.\n<\/p>\n<p>\n  Sentyabr\u0131n 29-da Maliyy\u0259 Nazirliyi &#8221;Az\u0259rbaycan Respublikas\u0131n\u0131n 2017-ci il d\u00f6vl\u0259t b\u00fcdc\u0259si haqq\u0131nda&#8221; qanun layih\u0259sini a\u00e7\u0131qlay\u0131b. Bu layih\u0259d\u0259 yerli g\u0259lirl\u0259rin 6.6 milyard manatdan 7 milyard 210 milyon manata qalxaca\u011f\u0131 g\u00f6st\u0259rilir. M\u0259rk\u0259zi b\u00fcdc\u0259d\u0259n yerli icra hakimiyy\u0259ti orqanlar\u0131na c\u0259mi 75.8 milyon manat dotasiya ayr\u0131lacaq. Halbuki, bu il yerli b\u00fcdc\u0259l\u0259r\u0259 ayr\u0131lmas\u0131 n\u0259z\u0259rd\u0259 tutulan v\u0259sait 774.9 milyon manatd\u0131r.\u00a0\u0130\u015f\u011fal alt\u0131nda olan rayonlardan biri \u2013 Qubadl\u0131 rayonu da ilk d\u0259f\u0259 \u00f6z\u00fc-\u00f6z\u00fcn\u00fc maliyy\u0259l\u0259\u015fdir\u0259c\u0259k.\u00a0Maliyy\u0259 Nazirliyi x\u0259rcl\u0259rin azald\u0131lmas\u0131 istiqam\u0259tl\u0259ri bar\u0259d\u0259 m\u0259lumat vermir.\n<\/p>\n<p>\n  H\u00f6kum\u0259t yaln\u0131z Nax\u00e7\u0131van Muxtar Respublikas\u0131na ayr\u0131lan dotasiyan\u0131 art\u0131rma\u011f\u0131 d\u00fc\u015f\u00fcn\u00fcr. G\u0259l\u0259nil muxtar respublikaya 290 milyon manat dotasiya ayr\u0131lacaq. Bu il is\u0259 muxtar respublika h\u00f6kum\u0259tin\u0259 m\u0259rk\u0259zi b\u00fcdc\u0259d\u0259n 282 milyon manat dotasiya ayr\u0131l\u0131b.\n<\/p>\n<p>\n  M\u0259s\u0259l\u0259ni Meydan TV-y\u0259 \u015f\u0259rh ed\u0259n iqtisad\u00e7\u0131 Natiq C\u0259f\u0259rli hesab edir ki, Nax\u00e7\u0131van\u0131n b\u00fcdc\u0259si ild\u0259 bir d\u0259f\u0259 t\u0259sdiql\u0259nir, sonradan d\u0259yi\u015fdirilm\u0259diyind\u0259n bel\u0259 y\u00fcks\u0259k r\u0259q\u0259m al\u0131n\u0131r:\u201cEyni zamanda, muxtar respublika tam dotasiya b\u00f6lg\u0259sidir. Dig\u0259r b\u00f6lg\u0259l\u0259r\u0259 is\u0259 il \u0259rzind\u0259 m\u0259rk\u0259zd\u0259n ayr\u0131lan v\u0259saitl\u0259r hesab\u0131na art\u0131rmalar olur. M\u0259s\u0259l\u0259n, prezidentin Ehtiyat Fondundan v\u0259saitl\u0259r ayr\u0131l\u0131r, yaxud b\u00f6y\u00fck infrastruktur layih\u0259l\u0259ril\u0259 ba\u011fl\u0131 h\u0259r hans\u0131 bir rayona yat\u0131r\u0131mlar olursa, h\u0259min b\u00f6lg\u0259y\u0259 m\u0259rk\u0259zi b\u00fcdc\u0259nin \u0259lav\u0259 x\u0259rcl\u0259m\u0259si kimi daxil olur\u201d.Natiq C\u0259f\u0259rli deyir ki, Nax\u00e7\u0131van m\u0259s\u0259l\u0259si m\u00fc\u0259yy\u0259n spekulyasiyalara s\u0259b\u0259b olacaq: \u201cM\u0259hz muxtar respublikaya bu q\u0259d\u0259r v\u0259saitin ayr\u0131lmas\u0131 m\u00fc\u0259yy\u0259n s\u0259b\u0259bl\u0259rl\u0259, m\u0259s\u0259l\u0259n, klanlar\u0131n hakimiyy\u0259td\u0259 olmas\u0131 spekulyasiyas\u0131 il\u0259 m\u00fc\u015fayi\u0259t oluna bil\u0259r. H\u00f6kum\u0259t d\u0259 anlamal\u0131d\u0131r ki, r\u0259q\u0259ml\u0259rd\u0259ki k\u0259skin f\u0259rql\u0259 bel\u0259 spekulyasiyalara \u015f\u0259rait yarad\u0131r&#8221;.\n<\/p>\n<figure class=\"wp-block-image size-large\">\n  <img decoding=\"async\" src=\"https:\/\/www.meydan.tv\/az\/69075\/\" alt=\"\" class=\"wp-image-69075\"\/><figcaption>\n    Natiq C\u0259f\u0259rli foto Meydan TV<br \/>\n  <\/figcaption><\/figure>\n<p>\n  &#8220;B\u00f6lg\u0259l\u0259rin \u0259ks\u0259riyy\u0259tinin dotasiyayla dolanmas\u0131 b\u0259rbad v\u0259ziyy\u0259tin n\u0259tic\u0259sidir&#8221; &#8211; dey\u0259n Natiq C\u0259f\u0259rli bildirib ki, paytaxt v\u0259 Ab\u015feron yar\u0131madas\u0131 neftin hesab\u0131na b\u00fct\u00f6v \u00f6lk\u0259ni saxlay\u0131r:<br \/>\n  <br \/>\n  \u201cBa\u015fqa rayonlar\u0131n qazanc v\u0259 x\u0259rcl\u0259m\u0259l\u0259ri kifay\u0259t q\u0259d\u0259r a\u015fa\u011f\u0131 s\u0259viyy\u0259d\u0259fdir.Qazanc \u00f6zl\u0259rini saxlama\u011fa \u00e7atm\u0131r, m\u0259rk\u0259zi b\u00fcdc\u0259d\u0259n dotasiya hesab\u0131na dolan\u0131rlar. Bu dotasiyalar\u0131n da m\u00fcxt\u0259lif formalar\u0131 oldu\u011fundan il \u0259rzind\u0259 daha \u0259lav\u0259 v\u0259saitl\u0259rin ayr\u0131lmas\u0131 ilkin r\u0259q\u0259ml\u0259rd\u0259 \u00f6z\u00fcn\u00fc b\u00fcruz\u0259 vermir. M\u0259s\u0259l\u0259n, prezident Sumqay\u0131ta getdi v\u0259 sonra 5 milyon ay\u0131rd\u0131. Bunu \u00fcmumi x\u0259rcl\u0259m\u0259l\u0259rin \u00fcst\u00fcn\u0259 g\u0259ldikd\u0259, ilin sonuna r\u0259q\u0259m art\u0131r. Ba\u015fqa bir amil, silah zavodu v\u0259 bir ne\u00e7\u0259 \u015firk\u0259t \u015eirvan rayonunda yerl\u0259\u015fdiyind\u0259n bu rayon dotasiyadan \u00e7\u0131xd\u0131\u201d.\n<\/p>\n<p>\n  \u0130qtisad\u00e7\u0131 37 rayona dotasiya ayr\u0131lmayac\u0131\u011f\u0131 bar\u0259d\u0259 deyil\u0259n proqnoza inanmad\u0131\u011f\u0131n\u0131 bildirir: &#8220;Yaln\u0131z r\u0259q\u0259ml\u0259rin oynamas\u0131yla buna nail olmaq m\u00fcmk\u00fcn olacaq. Y\u0259ni h\u0259r hans\u0131 iri \u015firk\u0259tl\u0259ri rayonlar aras\u0131nda b\u00f6l\u0259c\u0259kl\u0259r ki, orda qeydiyyatdan ke\u00e7sin, vergini orda \u00f6d\u0259sin v\u0259 rayon dotasiyadan azad olsun. Y\u0259ni real olaraq 37 rayonun bird\u0259n-bir\u0259 ditasiyadan \u00e7\u0131xmas\u0131 m\u00f6vcud iqtisadi strukturla da m\u00fcmk\u00fcn deyil. Bunun \u00fc\u00e7\u00fcn k\u00f6kl\u00fc islahatlara ehtiyac var. B\u0259li, regional v\u0259 yerli vergil\u0259r ayr\u0131lmal\u0131d\u0131r, Az\u0259rbaycanda m\u0259rk\u0259zl\u0259\u015fmi\u015f vergi sistemi oldu\u011fundan rayonlarda da a\u011f\u0131r durum yaran\u0131b v\u0259 ham\u0131 m\u0259rk\u0259zin \u0259lin\u0259 bax\u0131r&#8221;.<\/p>\n","protected":false},"excerpt":{"rendered":"<p>Natiq C\u0259f\u0259rli: Az\u0259rbaycanda m\u0259rk\u0259zl\u0259\u015fmi\u015f vergi sistemi oldu\u011fundan rayonlarda da a\u011f\u0131r durum yaran\u0131b v\u0259 ham\u0131 m\u0259rk\u0259zin \u0259lin\u0259 bax\u0131r<\/p>\n","protected":false},"author":11,"featured_media":69081,"comment_status":"closed","ping_status":"open","sticky":false,"template":"","format":"standard","meta":{"_acf_changed":false,"_sitemap_exclude":false,"_sitemap_priority":"","_sitemap_frequency":"","footnotes":""},"categories":[51],"tags":[],"class_list":["post-179249","post","type-post","status-publish","format-standard","has-post-thumbnail","hentry","category-analitika","infinite-scroll-item","generate-columns","tablet-grid-50","mobile-grid-100","grid-parent","grid-33","no-featured-image-padding"],"acf":[],"yoast_head":"<!-- This site is optimized with the Yoast SEO plugin v27.5 - https:\/\/yoast.com\/product\/yoast-seo-wordpress\/ -->\n<title>&#039;&#039;Nax\u00e7\u0131vana dotasiyan\u0131n art\u0131r\u0131lmas\u0131 spekulyasiyalara s\u0259b\u0259b olacaq&#039;&#039; - MEYDAN.TV<\/title>\n<meta name=\"robots\" content=\"index, follow, max-snippet:-1, max-image-preview:large, max-video-preview:-1\" \/>\n<link rel=\"canonical\" href=\"https:\/\/www.meydan.tv\/az\/article\/naxcivana-dotasiyanin-artirilmasi-spekulyasiyalara-sebeb-olacaq\/\" \/>\n<meta property=\"og:locale\" content=\"az_AZ\" \/>\n<meta property=\"og:type\" content=\"article\" \/>\n<meta property=\"og:title\" content=\"&#039;&#039;Nax\u00e7\u0131vana dotasiyan\u0131n art\u0131r\u0131lmas\u0131 spekulyasiyalara s\u0259b\u0259b olacaq&#039;&#039; - MEYDAN.TV\" \/>\n<meta property=\"og:description\" content=\"Natiq C\u0259f\u0259rli: Az\u0259rbaycanda m\u0259rk\u0259zl\u0259\u015fmi\u015f vergi sistemi oldu\u011fundan rayonlarda da a\u011f\u0131r durum yaran\u0131b v\u0259 ham\u0131 m\u0259rk\u0259zin \u0259lin\u0259 bax\u0131r\" \/>\n<meta property=\"og:url\" content=\"https:\/\/www.meydan.tv\/az\/article\/naxcivana-dotasiyanin-artirilmasi-spekulyasiyalara-sebeb-olacaq\/\" \/>\n<meta property=\"og:site_name\" content=\"MEYDAN.TV\" \/>\n<meta property=\"article:published_time\" content=\"2016-09-29T19:27:39+00:00\" \/>\n<meta property=\"og:image\" content=\"https:\/\/www.meydan.tv\/wp-content\/uploads\/26460.jpg\" \/>\n\t<meta property=\"og:image:width\" content=\"987\" \/>\n\t<meta property=\"og:image:height\" content=\"555\" \/>\n\t<meta property=\"og:image:type\" content=\"image\/jpeg\" \/>\n<meta name=\"author\" content=\"user-manager\" \/>\n<meta name=\"twitter:card\" content=\"summary_large_image\" \/>\n<script type=\"application\/ld+json\" class=\"yoast-schema-graph\">{\"@context\":\"https:\\\/\\\/schema.org\",\"@graph\":[{\"@type\":\"Article\",\"@id\":\"https:\\\/\\\/www.meydan.tv\\\/az\\\/article\\\/naxcivana-dotasiyanin-artirilmasi-spekulyasiyalara-sebeb-olacaq\\\/#article\",\"isPartOf\":{\"@id\":\"https:\\\/\\\/www.meydan.tv\\\/az\\\/article\\\/naxcivana-dotasiyanin-artirilmasi-spekulyasiyalara-sebeb-olacaq\\\/\"},\"author\":{\"name\":\"user-manager\",\"@id\":\"https:\\\/\\\/www.meydan.tv\\\/az\\\/#\\\/schema\\\/person\\\/10d11eccf6da3662cf5fdab9806ea91a\"},\"headline\":\"&#8221;Nax\u00e7\u0131vana dotasiyan\u0131n art\u0131r\u0131lmas\u0131 spekulyasiyalara s\u0259b\u0259b olacaq&#8221;\",\"datePublished\":\"2016-09-29T19:27:39+00:00\",\"mainEntityOfPage\":{\"@id\":\"https:\\\/\\\/www.meydan.tv\\\/az\\\/article\\\/naxcivana-dotasiyanin-artirilmasi-spekulyasiyalara-sebeb-olacaq\\\/\"},\"wordCount\":807,\"publisher\":{\"@id\":\"https:\\\/\\\/www.meydan.tv\\\/az\\\/#organization\"},\"image\":{\"@id\":\"https:\\\/\\\/www.meydan.tv\\\/az\\\/article\\\/naxcivana-dotasiyanin-artirilmasi-spekulyasiyalara-sebeb-olacaq\\\/#primaryimage\"},\"thumbnailUrl\":\"https:\\\/\\\/www.meydan.tv\\\/wp-content\\\/uploads\\\/26460.jpg\",\"articleSection\":[\"Analitika\"],\"inLanguage\":\"az\"},{\"@type\":\"WebPage\",\"@id\":\"https:\\\/\\\/www.meydan.tv\\\/az\\\/article\\\/naxcivana-dotasiyanin-artirilmasi-spekulyasiyalara-sebeb-olacaq\\\/\",\"url\":\"https:\\\/\\\/www.meydan.tv\\\/az\\\/article\\\/naxcivana-dotasiyanin-artirilmasi-spekulyasiyalara-sebeb-olacaq\\\/\",\"name\":\"''Nax\u00e7\u0131vana dotasiyan\u0131n art\u0131r\u0131lmas\u0131 spekulyasiyalara s\u0259b\u0259b olacaq'' - MEYDAN.TV\",\"isPartOf\":{\"@id\":\"https:\\\/\\\/www.meydan.tv\\\/az\\\/#website\"},\"primaryImageOfPage\":{\"@id\":\"https:\\\/\\\/www.meydan.tv\\\/az\\\/article\\\/naxcivana-dotasiyanin-artirilmasi-spekulyasiyalara-sebeb-olacaq\\\/#primaryimage\"},\"image\":{\"@id\":\"https:\\\/\\\/www.meydan.tv\\\/az\\\/article\\\/naxcivana-dotasiyanin-artirilmasi-spekulyasiyalara-sebeb-olacaq\\\/#primaryimage\"},\"thumbnailUrl\":\"https:\\\/\\\/www.meydan.tv\\\/wp-content\\\/uploads\\\/26460.jpg\",\"datePublished\":\"2016-09-29T19:27:39+00:00\",\"breadcrumb\":{\"@id\":\"https:\\\/\\\/www.meydan.tv\\\/az\\\/article\\\/naxcivana-dotasiyanin-artirilmasi-spekulyasiyalara-sebeb-olacaq\\\/#breadcrumb\"},\"inLanguage\":\"az\",\"potentialAction\":[{\"@type\":\"ReadAction\",\"target\":[\"https:\\\/\\\/www.meydan.tv\\\/az\\\/article\\\/naxcivana-dotasiyanin-artirilmasi-spekulyasiyalara-sebeb-olacaq\\\/\"]}]},{\"@type\":\"ImageObject\",\"inLanguage\":\"az\",\"@id\":\"https:\\\/\\\/www.meydan.tv\\\/az\\\/article\\\/naxcivana-dotasiyanin-artirilmasi-spekulyasiyalara-sebeb-olacaq\\\/#primaryimage\",\"url\":\"https:\\\/\\\/www.meydan.tv\\\/wp-content\\\/uploads\\\/26460.jpg\",\"contentUrl\":\"https:\\\/\\\/www.meydan.tv\\\/wp-content\\\/uploads\\\/26460.jpg\",\"width\":987,\"height\":555,\"caption\":\"Source:\"},{\"@type\":\"BreadcrumbList\",\"@id\":\"https:\\\/\\\/www.meydan.tv\\\/az\\\/article\\\/naxcivana-dotasiyanin-artirilmasi-spekulyasiyalara-sebeb-olacaq\\\/#breadcrumb\",\"itemListElement\":[{\"@type\":\"ListItem\",\"position\":1,\"name\":\"Ana s\u0259hif\u0259\",\"item\":\"https:\\\/\\\/www.meydan.tv\\\/az\\\/\"},{\"@type\":\"ListItem\",\"position\":2,\"name\":\"Analitika\",\"item\":\"https:\\\/\\\/www.meydan.tv\\\/az\\\/section\\\/analitika\\\/\"},{\"@type\":\"ListItem\",\"position\":3,\"name\":\"&#8221;Nax\u00e7\u0131vana dotasiyan\u0131n art\u0131r\u0131lmas\u0131 spekulyasiyalara s\u0259b\u0259b olacaq&#8221;\"}]},{\"@type\":\"WebSite\",\"@id\":\"https:\\\/\\\/www.meydan.tv\\\/az\\\/#website\",\"url\":\"https:\\\/\\\/www.meydan.tv\\\/az\\\/\",\"name\":\"MEYDAN.TV\",\"description\":\"Meydan TV Az\u0259rbaycan\u0131n media m\u0259kan\u0131ndak\u0131 alternativ s\u0259sidir\",\"publisher\":{\"@id\":\"https:\\\/\\\/www.meydan.tv\\\/az\\\/#organization\"},\"potentialAction\":[{\"@type\":\"SearchAction\",\"target\":{\"@type\":\"EntryPoint\",\"urlTemplate\":\"https:\\\/\\\/www.meydan.tv\\\/az\\\/?s={search_term_string}\"},\"query-input\":{\"@type\":\"PropertyValueSpecification\",\"valueRequired\":true,\"valueName\":\"search_term_string\"}}],\"inLanguage\":\"az\"},{\"@type\":\"Organization\",\"@id\":\"https:\\\/\\\/www.meydan.tv\\\/az\\\/#organization\",\"name\":\"Meydan TV\",\"url\":\"https:\\\/\\\/www.meydan.tv\\\/az\\\/\",\"logo\":{\"@type\":\"ImageObject\",\"inLanguage\":\"az\",\"@id\":\"https:\\\/\\\/www.meydan.tv\\\/az\\\/#\\\/schema\\\/logo\\\/image\\\/\",\"url\":\"https:\\\/\\\/www.meydan.tv\\\/wp-content\\\/uploads\\\/2021\\\/07\\\/meydan-logo.svg\",\"contentUrl\":\"https:\\\/\\\/www.meydan.tv\\\/wp-content\\\/uploads\\\/2021\\\/07\\\/meydan-logo.svg\",\"width\":195,\"height\":46,\"caption\":\"Meydan TV\"},\"image\":{\"@id\":\"https:\\\/\\\/www.meydan.tv\\\/az\\\/#\\\/schema\\\/logo\\\/image\\\/\"}},{\"@type\":\"Person\",\"@id\":\"https:\\\/\\\/www.meydan.tv\\\/az\\\/#\\\/schema\\\/person\\\/10d11eccf6da3662cf5fdab9806ea91a\",\"name\":\"user-manager\"}]}<\/script>\n<!-- \/ Yoast SEO plugin. -->","yoast_head_json":{"title":"''Nax\u00e7\u0131vana dotasiyan\u0131n art\u0131r\u0131lmas\u0131 spekulyasiyalara s\u0259b\u0259b olacaq'' - MEYDAN.TV","robots":{"index":"index","follow":"follow","max-snippet":"max-snippet:-1","max-image-preview":"max-image-preview:large","max-video-preview":"max-video-preview:-1"},"canonical":"https:\/\/www.meydan.tv\/az\/article\/naxcivana-dotasiyanin-artirilmasi-spekulyasiyalara-sebeb-olacaq\/","og_locale":"az_AZ","og_type":"article","og_title":"''Nax\u00e7\u0131vana dotasiyan\u0131n art\u0131r\u0131lmas\u0131 spekulyasiyalara s\u0259b\u0259b olacaq'' - MEYDAN.TV","og_description":"Natiq C\u0259f\u0259rli: Az\u0259rbaycanda m\u0259rk\u0259zl\u0259\u015fmi\u015f vergi sistemi oldu\u011fundan rayonlarda da a\u011f\u0131r durum yaran\u0131b v\u0259 ham\u0131 m\u0259rk\u0259zin \u0259lin\u0259 bax\u0131r","og_url":"https:\/\/www.meydan.tv\/az\/article\/naxcivana-dotasiyanin-artirilmasi-spekulyasiyalara-sebeb-olacaq\/","og_site_name":"MEYDAN.TV","article_published_time":"2016-09-29T19:27:39+00:00","og_image":[{"width":987,"height":555,"url":"https:\/\/www.meydan.tv\/wp-content\/uploads\/26460.jpg","type":"image\/jpeg"}],"author":"user-manager","twitter_card":"summary_large_image","schema":{"@context":"https:\/\/schema.org","@graph":[{"@type":"Article","@id":"https:\/\/www.meydan.tv\/az\/article\/naxcivana-dotasiyanin-artirilmasi-spekulyasiyalara-sebeb-olacaq\/#article","isPartOf":{"@id":"https:\/\/www.meydan.tv\/az\/article\/naxcivana-dotasiyanin-artirilmasi-spekulyasiyalara-sebeb-olacaq\/"},"author":{"name":"user-manager","@id":"https:\/\/www.meydan.tv\/az\/#\/schema\/person\/10d11eccf6da3662cf5fdab9806ea91a"},"headline":"&#8221;Nax\u00e7\u0131vana dotasiyan\u0131n art\u0131r\u0131lmas\u0131 spekulyasiyalara s\u0259b\u0259b olacaq&#8221;","datePublished":"2016-09-29T19:27:39+00:00","mainEntityOfPage":{"@id":"https:\/\/www.meydan.tv\/az\/article\/naxcivana-dotasiyanin-artirilmasi-spekulyasiyalara-sebeb-olacaq\/"},"wordCount":807,"publisher":{"@id":"https:\/\/www.meydan.tv\/az\/#organization"},"image":{"@id":"https:\/\/www.meydan.tv\/az\/article\/naxcivana-dotasiyanin-artirilmasi-spekulyasiyalara-sebeb-olacaq\/#primaryimage"},"thumbnailUrl":"https:\/\/www.meydan.tv\/wp-content\/uploads\/26460.jpg","articleSection":["Analitika"],"inLanguage":"az"},{"@type":"WebPage","@id":"https:\/\/www.meydan.tv\/az\/article\/naxcivana-dotasiyanin-artirilmasi-spekulyasiyalara-sebeb-olacaq\/","url":"https:\/\/www.meydan.tv\/az\/article\/naxcivana-dotasiyanin-artirilmasi-spekulyasiyalara-sebeb-olacaq\/","name":"''Nax\u00e7\u0131vana dotasiyan\u0131n art\u0131r\u0131lmas\u0131 spekulyasiyalara s\u0259b\u0259b olacaq'' - MEYDAN.TV","isPartOf":{"@id":"https:\/\/www.meydan.tv\/az\/#website"},"primaryImageOfPage":{"@id":"https:\/\/www.meydan.tv\/az\/article\/naxcivana-dotasiyanin-artirilmasi-spekulyasiyalara-sebeb-olacaq\/#primaryimage"},"image":{"@id":"https:\/\/www.meydan.tv\/az\/article\/naxcivana-dotasiyanin-artirilmasi-spekulyasiyalara-sebeb-olacaq\/#primaryimage"},"thumbnailUrl":"https:\/\/www.meydan.tv\/wp-content\/uploads\/26460.jpg","datePublished":"2016-09-29T19:27:39+00:00","breadcrumb":{"@id":"https:\/\/www.meydan.tv\/az\/article\/naxcivana-dotasiyanin-artirilmasi-spekulyasiyalara-sebeb-olacaq\/#breadcrumb"},"inLanguage":"az","potentialAction":[{"@type":"ReadAction","target":["https:\/\/www.meydan.tv\/az\/article\/naxcivana-dotasiyanin-artirilmasi-spekulyasiyalara-sebeb-olacaq\/"]}]},{"@type":"ImageObject","inLanguage":"az","@id":"https:\/\/www.meydan.tv\/az\/article\/naxcivana-dotasiyanin-artirilmasi-spekulyasiyalara-sebeb-olacaq\/#primaryimage","url":"https:\/\/www.meydan.tv\/wp-content\/uploads\/26460.jpg","contentUrl":"https:\/\/www.meydan.tv\/wp-content\/uploads\/26460.jpg","width":987,"height":555,"caption":"Source:"},{"@type":"BreadcrumbList","@id":"https:\/\/www.meydan.tv\/az\/article\/naxcivana-dotasiyanin-artirilmasi-spekulyasiyalara-sebeb-olacaq\/#breadcrumb","itemListElement":[{"@type":"ListItem","position":1,"name":"Ana s\u0259hif\u0259","item":"https:\/\/www.meydan.tv\/az\/"},{"@type":"ListItem","position":2,"name":"Analitika","item":"https:\/\/www.meydan.tv\/az\/section\/analitika\/"},{"@type":"ListItem","position":3,"name":"&#8221;Nax\u00e7\u0131vana dotasiyan\u0131n art\u0131r\u0131lmas\u0131 spekulyasiyalara s\u0259b\u0259b olacaq&#8221;"}]},{"@type":"WebSite","@id":"https:\/\/www.meydan.tv\/az\/#website","url":"https:\/\/www.meydan.tv\/az\/","name":"MEYDAN.TV","description":"Meydan TV Az\u0259rbaycan\u0131n media m\u0259kan\u0131ndak\u0131 alternativ s\u0259sidir","publisher":{"@id":"https:\/\/www.meydan.tv\/az\/#organization"},"potentialAction":[{"@type":"SearchAction","target":{"@type":"EntryPoint","urlTemplate":"https:\/\/www.meydan.tv\/az\/?s={search_term_string}"},"query-input":{"@type":"PropertyValueSpecification","valueRequired":true,"valueName":"search_term_string"}}],"inLanguage":"az"},{"@type":"Organization","@id":"https:\/\/www.meydan.tv\/az\/#organization","name":"Meydan TV","url":"https:\/\/www.meydan.tv\/az\/","logo":{"@type":"ImageObject","inLanguage":"az","@id":"https:\/\/www.meydan.tv\/az\/#\/schema\/logo\/image\/","url":"https:\/\/www.meydan.tv\/wp-content\/uploads\/2021\/07\/meydan-logo.svg","contentUrl":"https:\/\/www.meydan.tv\/wp-content\/uploads\/2021\/07\/meydan-logo.svg","width":195,"height":46,"caption":"Meydan TV"},"image":{"@id":"https:\/\/www.meydan.tv\/az\/#\/schema\/logo\/image\/"}},{"@type":"Person","@id":"https:\/\/www.meydan.tv\/az\/#\/schema\/person\/10d11eccf6da3662cf5fdab9806ea91a","name":"user-manager"}]}},"_links":{"self":[{"href":"https:\/\/www.meydan.tv\/az\/wp-json\/wp\/v2\/posts\/179249","targetHints":{"allow":["GET"]}}],"collection":[{"href":"https:\/\/www.meydan.tv\/az\/wp-json\/wp\/v2\/posts"}],"about":[{"href":"https:\/\/www.meydan.tv\/az\/wp-json\/wp\/v2\/types\/post"}],"author":[{"embeddable":true,"href":"https:\/\/www.meydan.tv\/az\/wp-json\/wp\/v2\/users\/11"}],"replies":[{"embeddable":true,"href":"https:\/\/www.meydan.tv\/az\/wp-json\/wp\/v2\/comments?post=179249"}],"version-history":[{"count":0,"href":"https:\/\/www.meydan.tv\/az\/wp-json\/wp\/v2\/posts\/179249\/revisions"}],"wp:featuredmedia":[{"embeddable":true,"href":"https:\/\/www.meydan.tv\/az\/wp-json\/wp\/v2\/media\/69081"}],"wp:attachment":[{"href":"https:\/\/www.meydan.tv\/az\/wp-json\/wp\/v2\/media?parent=179249"}],"wp:term":[{"taxonomy":"category","embeddable":true,"href":"https:\/\/www.meydan.tv\/az\/wp-json\/wp\/v2\/categories?post=179249"},{"taxonomy":"post_tag","embeddable":true,"href":"https:\/\/www.meydan.tv\/az\/wp-json\/wp\/v2\/tags?post=179249"}],"curies":[{"name":"wp","href":"https:\/\/api.w.org\/{rel}","templated":true}]}}