{"id":179242,"date":"2016-09-29T16:45:57","date_gmt":"2016-09-29T16:45:57","guid":{"rendered":"https:\/\/www.meydan.tv\/article\/2017-ci-ilin-budcesi-son-5-ilin-en-kicik-budcesidir\/"},"modified":"2016-09-29T16:45:57","modified_gmt":"2016-09-29T16:45:57","slug":"2017-ci-ilin-budcesi-son-5-ilin-en-kicik-budcesidir","status":"publish","type":"post","link":"https:\/\/www.meydan.tv\/az\/article\/2017-ci-ilin-budcesi-son-5-ilin-en-kicik-budcesidir\/","title":{"rendered":"&#8221;2017-ci ilin b\u00fcdc\u0259si son 5 ilin \u0259n ki\u00e7ik b\u00fcdc\u0259sidir&#8221;"},"content":{"rendered":"<figure class=\"wp-block-image size-large\">\n  <img decoding=\"async\" src=\"https:\/\/www.meydan.tv\/az\/foto-sosial-sebeke-20\/\" alt=\"foto sosial \u015f\u0259b\u0259k\u0259\" class=\"wp-image-69127\"\/><figcaption>\n    foto sosial \u015f\u0259b\u0259k\u0259<br \/>\n  <\/figcaption><\/figure>\n<p>\n  <i><br \/>\n    Nazim B\u0259yd\u0259mirli: D\u00f6vl\u0259t x\u0259rcl\u0259ri azald\u0131lmal\u0131d\u0131r<br \/>\n  <\/i>\n<\/p>\n<p>\n  <i><br \/>\n    Qubad \u0130bado\u011flu:\u00a02017-ci ild\u0259 b\u00f6y\u00fck \u00f6z\u0259ll\u0259\u015fdirm\u0259 g\u00f6zl\u0259nilmir, t\u0259hsil x\u0259rcl\u0259rind\u0259 is\u0259 20 faiz\u0259 q\u0259d\u0259r bahala\u015fma planla\u015fd\u0131r\u0131l\u0131r<br \/>\n  <\/i>\n<\/p>\n<p>\n  <br \/>\n  2017-ci il d\u00f6vl\u0259t b\u00fcdc\u0259sinin g\u0259lir v\u0259 x\u0259rcl\u0259ri a\u00e7\u0131qlan\u0131b.\n<\/p>\n<p>\n  Maliyy\u0259 Nazirliyind\u0259n &#8220;APA-Economics&#8221;\u0259 veril\u0259n m\u0259lumata g\u00f6r\u0259, d\u00f6vl\u0259t b\u00fcdc\u0259sinin g\u0259lirl\u0259ri 15,955 mlrd. manat, x\u0259rcl\u0259ri 16,6 mlrd. manat (o c\u00fcml\u0259d\u0259n, m\u0259rk\u0259zl\u0259\u015fdirilmi\u015f g\u0259lirl\u0259ri 15 mlrd. 312 mln. 619 minmanat, yerlig\u0259lirl\u0259ri 642,381 mln. manat, m\u0259rk\u0259zl\u0259\u015fdirilmi\u015f x\u0259rcl\u0259ri 15 mlrd. 881,730 mln. manat, yerli x\u0259rcl\u0259ri 718,270 mln. manat) m\u0259bl\u0259\u011find\u0259 t\u0259sdiq edilm\u0259si proqnozla\u015fd\u0131r\u0131l\u0131r.\n<\/p>\n<p>\n  Bel\u0259likl\u0259, g\u0259l\u0259nilin d\u00f6vl\u0259t b\u00fcdc\u0259sinin 645 mln. manatl\u0131q k\u0259sirl\u0259 icra olunmas\u0131 n\u0259z\u0259rd\u0259 tutulub.\n<\/p>\n<p>\n  2017-ci ilin b\u00fcdc\u0259si haqq\u0131nda m\u0259lumat\u0131 Meydan TV-y\u0259 \u015f\u0259rh ed\u0259n iqtisad\u00e7\u0131, sabiq deputat Nazim B\u0259yd\u0259mirli hesab edir ki, \u0259halinin &#8220;k\u0259m\u0259rl\u0259rini s\u0131xmas\u0131&#8221; davam ed\u0259c\u0259k: &#8220;R\u0259q\u0259ml\u0259ri t\u0259hlil ed\u0259nd\u0259 \u0259vv\u0259lki ill\u0259rd\u0259ki a\u00e7\u0131qlamalar\u0131m\u0131z bir daha t\u0259sdiql\u0259nir. \u00dcmumi bax\u0131mdan g\u0259lirl\u0259r v\u0259 x\u0259rcl\u0259rin azalmas\u0131 ist\u0259nil\u0259n d\u00f6vl\u0259tin \u0259halisinin durumuna m\u0259nfi t\u0259sir edir. Bu ilin b\u00fcdc\u0259sin\u0259 uy\u011fun olaraq x\u0259rcl\u0259rin 10 faizd\u0259n \u00e7ox azalmas\u0131, g\u0259lirl\u0259rin d\u0259 5,2 faiz azalmas\u0131 m\u00fc\u015fahid\u0259 olunur. M\u00fcsb\u0259t amill\u0259rd\u0259n biri b\u00fcdc\u0259nin k\u0259sirinin \u0259vv\u0259lki ill\u0259r\u0259 nisb\u0259t\u0259n az olmas\u0131d\u0131r, t\u0259qrib\u0259n 61,4 azal\u0131r. \u018fvv\u0259lki ill\u0259rd\u0259 h\u00f6kum\u0259t neftin qiym\u0259tinin y\u00fcks\u0259k olaca\u011f\u0131n\u0131 bildiiyind\u0259n b\u00fcdc\u0259 k\u0259siri y\u00fcks\u0259k g\u00f6t\u00fcr\u00fcl\u00fcrd\u00fcv\u0259 d\u00f6vl\u0259t Neft Fondunun, SOCAR-\u0131n vergil\u0259ri hesab\u0131na \u00e7ox rahat \u015f\u0259kild\u0259 qapan\u0131rd\u0131. Bu d\u0259f\u0259 ciddi yana\u015fma m\u00f6vcuddur&#8221;.\n<\/p>\n<figure class=\"wp-block-image size-large\">\n  <img decoding=\"async\" src=\"https:\/\/www.meydan.tv\/az\/69130\/\" alt=\"\" class=\"wp-image-69130\"\/><figcaption>\n    Nazim B\u0259yd\u0259mirli foto Meydan TV<br \/>\n  <\/figcaption><\/figure>\n<p>\n  Nazim B\u0259yd\u0259mirli deyib ki, \u00fcmumilikd\u0259 sad\u0259l\u0259\u015fdirilmi\u015f 450 min\u0259 yax\u0131n vergi \u00f6d\u0259yicisind\u0259n 313 milyon manat g\u0259lir g\u00f6zl\u0259nildiyi halda b\u00fcdc\u0259 t\u0259\u015fkilatlar\u0131n\u0131n \u00f6d\u0259ni\u015fli xidm\u0259tl\u0259rd\u0259n daxil olmalar\u0131 353 milyon manatd\u0131r:<br \/>\n  <br \/>\n  \u201cBu, iqtisadi dild\u0259 o dem\u0259kdir ki, b\u00fcdc\u0259 t\u0259\u015fkilatlar\u0131 iqtisadi f\u0259aliyy\u0259tl\u0259 m\u0259\u015f\u011ful olur. Amma bazar iqtisadiyyat\u0131n\u0131n vacib elementl\u0259rind\u0259n biri b\u00fcdc\u0259 t\u0259\u015fkilatlar\u0131n\u0131n biznes f\u0259aliyy\u0259til\u0259 m\u0259\u015f\u011ful olmamas\u0131d\u0131r. M\u0259ni narahat ed\u0259n d\u0259 d\u00f6vl\u0259tin iqtisadi f\u0259aliyy\u0259t\u0259 getdikc\u0259 m\u00fcdaxil\u0259sinin artmas\u0131d\u0131r. G\u0259r\u0259k m\u0259mur sahibkarl\u0131\u011f\u0131na son qoyulsun, iqtisadi f\u0259aliyy\u0259tin stimulla\u015fd\u0131r\u0131lmas\u0131 \u00fc\u00e7\u00fcn add\u0131mlar at\u0131ls\u0131n. O zaman n\u0259 Maliyy\u0259 Nazirliyi \u0259lav\u0259 ehtiyatlar axtaracaq. n\u0259 d\u0259 d\u00f6vl\u0259t b\u00fcdc\u0259si vasit\u0259sil\u0259 &#8220;k\u0259m\u0259r s\u0131xma&#8221; \u0259m\u0259liyyat\u0131 ba\u015f ver\u0259c\u0259k. M\u0259n bir m\u0259qama oxucular\u0131n diqq\u0259tini G\u00f6mr\u00fck Komit\u0259sinin g\u0259lirl\u0259rin\u0259 y\u00f6n\u0259ltm\u0259k ist\u0259rdim, b\u00fcdc\u0259 g\u0259lirl\u0259rind\u0259 g\u00f6r\u00fcn\u00fcr ki, t\u0259qrib\u0259n 21,5 faiz art\u0131m var, t\u0259kc\u0259 \u0259lav\u0259 d\u0259y\u0259r vergisind\u0259n is\u0259 26,1 faiz art\u0131m g\u00f6zl\u0259nilir. \u00d6t\u0259nilki devalvasiyalardan sonra ham\u0131n\u0131n m\u00fc\u015fahid\u0259 etdiyi kimi iqtisadi daralma var, manat\u0131n al\u0131c\u0131l\u0131q qabiliyy\u0259ti a\u015fa\u011f\u0131 d\u00fc\u015fd\u00fcy\u00fcnd\u0259n idxal azal\u0131b, b\u00fct\u00fcn bunlar\u0131 h\u0259m d\u0259 g\u00f6mr\u00fcy\u00fcn \u00f6z statiskas\u0131 t\u0259sdiql\u0259yir. O zaman sual yaran\u0131r; r\u00fcsumlar\u0131n qalxmad\u0131\u011f\u0131, vergi d\u0259r\u0259c\u0259sinin artmad\u0131\u011f\u0131 zamanda G\u00f6mr\u00fck Komit\u0259si nec\u0259 olur ki, proqnoz g\u00f6st\u0259ricil\u0259rini \u00f6t\u0259n il\u0259 nisb\u0259t\u0259n daha y\u00fcks\u0259k verir? Bu, o dem\u0259kdir ki, komit\u0259 vasit\u0259sil\u0259 y\u0131\u011f\u0131lan v\u0259saitl\u0259rd\u0259n b\u00fcdc\u0259d\u0259n yay\u0131nd\u0131rmalar \u00e7oxdur. Daha sonra D\u00f6vl\u0259t Neft Fondundan azalma var, t\u0259xmin\u0259n 20 faiz\u0259 yax\u0131nd\u0131r, m\u00fcsb\u0259t olsa da, m\u0259cbur\u0259n at\u0131lan add\u0131m say\u0131lmal\u0131d\u0131r. \u00c7\u00fcnki neftin qiym\u0259ti fonunda fondun g\u0259lirl\u0259ri azald\u0131\u011f\u0131ndan h\u00f6kum\u0259t az v\u0259sait g\u00f6t\u00fcrm\u0259y\u0259 m\u0259cburdur. H\u0259m b\u00fcdc\u0259 qanunvericiliyin\u0259, h\u0259m d\u0259 fondun \u0259sasnam\u0259sin\u0259 uy\u011fun olaraq \u00fcmumi g\u0259lirl\u0259rin 25 faizi g\u0259l\u0259c\u0259k n\u0259sill\u0259r\u0259 saxlan\u0131lmal\u0131d\u0131r.\u018fhalinin rifah\u0131n\u0131 art\u0131rmaq, iqtisadi inki\u015faf\u0131 s\u00fcr\u0259tl\u0259ndirm\u0259k ehtimal\u0131 bax\u0131m\u0131ndan bu b\u00fcdc\u0259ni m\u00fcsb\u0259t qiym\u0259tl\u0259ndirmir\u0259m&#8221;.\n<\/p>\n<p>\n  \u0130qtisad\u00e7\u0131 d\u00fc\u015f\u00fcn\u00fcr ki, \u0259halinin sosial-iqtisadi durumunun yax\u015f\u0131la\u015fd\u0131r\u0131lmas\u0131 \u00fc\u00e7\u00fcn ba\u015fqa m\u0259nb\u0259l\u0259r tap\u0131lmal\u0131d\u0131r, bunun \u00fc\u00e7\u00fcn h\u00f6kum\u0259t daha d\u0259rin islahatlar aparmal\u0131 v\u0259 iqtisadi f\u0259aliyy\u0259ti stimulla\u015fd\u0131r\u0131lmal\u0131d\u0131r: &#8220;Adi bir r\u0259q\u0259m, b\u00fcdc\u0259 g\u0259lirl\u0259rinin 62 faizi g\u00f6mr\u00fck, \u0259mlak v\u0259 vergiyl\u0259 birg\u0259 toplan\u0131l\u0131r. G\u00fcrc\u00fcstan\u0131n is\u0259 2016-c\u0131 ilin b\u00fcdc\u0259sinin 94 faizi vergil\u0259r vasit\u0259sil\u0259 toplan\u0131l\u0131b. Burdan bel\u0259 n\u0259tic\u0259 \u00e7\u0131x\u0131r ki, yax\u0131n bir ne\u00e7\u0259 ild\u0259 b\u00fcdc\u0259 g\u0259lirl\u0259rinin formala\u015fmas\u0131n\u0131, cari d\u00f6vl\u0259t x\u0259rcl\u0259rini vergil\u0259r hesab\u0131na qar\u015f\u0131lama\u011f\u0131m\u0131z m\u00fcmk\u00fcn deyil. Bunun \u00fc\u00e7\u00fcn ciddi islahatlar apar\u0131lmal\u0131 v\u0259 d\u00f6vl\u0259t x\u0259rcl\u0259ri azald\u0131lmal\u0131d\u0131r&#8221;.\n<\/p>\n<p>\n  M\u0259s\u0259l\u0259y\u0259 iqtisad\u00e7\u0131 R\u00f6v\u015f\u0259n A\u011fayev d\u0259 \u00f6z \u201cFacebook\u201d s\u0259hif\u0259sind\u0259 m\u00fcnasib\u0259t bildirib:<br \/>\n  <br \/>\n  \u201cBug\u00fcnl\u0259rd\u0259 h\u00f6kum\u0259t\u0259 yax\u0131n \u015f\u0259xsl\u0259rd\u0259n kims\u0259 demi\u015fdi, h\u00f6kum\u0259t g\u0259r\u0259k xalqa a\u00e7\u0131q desin ki, k\u0259m\u0259rl\u0259ri s\u0131xmaq vaxtd\u0131. Amma bizim h\u00f6kum\u0259t demir, praktik olaraq ger\u00e7\u0259kl\u0259\u015fdirir. M\u0259s\u0259l\u0259n, 2017-ci ilin b\u00fcdc\u0259sind\u0259 oldu\u011fu kimi. G\u0259l\u0259n ilin b\u00fcdc\u0259 x\u0259rcl\u0259ri bu il\u0259 nisb\u0259t\u0259n 1.895 milyard manat azald\u0131l\u0131b.Bu, 10 faizd\u0259n bir q\u0259d\u0259r \u00e7ox azalmad\u0131. Manat ifad\u0259sind\u0259, bu, son 5 ilin \u0259n ki\u00e7ik b\u00fcdc\u0259sidi \u2013 yaln\u0131z 2011-ci ild\u0259 b\u00fcdc\u0259 x\u0259rcl\u0259ri 15.4 milyard manat s\u0259viyy\u0259sind\u0259 olmu\u015fdu. Sonrak\u0131 3 ild\u0259 &#8211; 2012-2014-c\u00fc ill\u0259rd\u0259 17.4-19.1 milyard manat interval\u0131nda, 2015-2016-c\u0131 ill\u0259rd\u0259 is\u0259 18 milyard manatdan \u00e7ox olub. Dollar ifad\u0259sind\u0259 m\u00fcqayis\u0259nin yeri yoxdu: 2017-ci ild\u0259 indiki m\u0259z\u0259nn\u0259 il\u0259 t\u0259xmin\u0259n 10.4 milyard dollar n\u0259z\u0259rd\u0259 tutulur. Halbuki sonuncu d\u0259f\u0259 bu m\u0259bl\u0259\u011f 2007-ci ild\u0259n sonra olmay\u0131b \u2013 2008-ci ild\u0259 13.5 milyard dollar olmu\u015fdu. \u018fn y\u00fcks\u0259k h\u0259dd 2014-c\u00fc ild\u0259 olmu\u015fdu -24.5 milyard dollar. Bir s\u00f6zl\u0259, b\u00fcdc\u0259miz balacala\u015f\u0131b, b\u00f6y\u00fck neft pullar\u0131ndan \u0259vv\u0259lki d\u00f6vr\u0259 qay\u0131d\u0131r\u201d.\n<\/p>\n<figure class=\"wp-block-image size-large\">\n  <img decoding=\"async\" src=\"https:\/\/www.meydan.tv\/az\/69133\/\" alt=\"\" class=\"wp-image-69133\"\/><figcaption>\n    R\u00f6v\u015f\u0259n A\u011fayev foto sosial \u015f\u0259b\u0259k\u0259<br \/>\n  <\/figcaption><\/figure>\n<p>\n  \u0130qtisad\u00e7\u0131 deyir ki, 2006-c\u0131 ild\u0259 b\u00f6y\u00fck neft pullar\u0131n\u0131n ax\u0131n\u0131 ba\u015flayanda Neft Fondundan b\u00fcdc\u0259y\u0259 transfertl\u0259rin h\u0259cmini s\u00fcr\u0259tl\u0259 art\u0131r\u0131b d\u00f6vl\u0259t b\u00fcdc\u0259sinin b\u00f6y\u00fcm\u0259si nec\u0259 m\u00fcsb\u0259t tonda t\u0259bli\u011f olunurdusa, indi d\u0259 Fonddan b\u00fcdc\u0259y\u0259 k\u00f6\u00e7\u00fcrm\u0259l\u0259ri o s\u00fcr\u0259tl\u0259 azald\u0131b b\u00fcdc\u0259nin ki\u00e7ilm\u0259sini d\u0259 eyni co\u015fqu il\u0259 m\u00fcsb\u0259t tonda t\u0259bli\u011f edirl\u0259r:<br \/>\n  <br \/>\n  \u201cY\u0259ni g\u0259l\u0259n il Neft Fondunun transferl\u0259rinin h\u0259cminin 1.5 milyard manat azalmas\u0131n\u0131n s\u0259b\u0259bi b\u00fcdc\u0259nin ki\u00e7ilm\u0259sidir. \u0130qtisadiyyat\u0131n vergi potensial\u0131 bu azalman\u0131 kompensasiya etm\u0259k imkan\u0131nda deyil.<br \/>\n  <br \/>\n  D\u00f6vl\u0259t b\u00fcdc\u0259sini Fond b\u00f6y\u00fctm\u00fc\u015fd\u00fc, o da ki\u00e7ildir\u201d.\n<\/p>\n<p>\n  \u201c2017-ci ild\u0259 b\u00f6y\u00fck \u00f6z\u0259ll\u0259\u015fdirm\u0259 g\u00f6zl\u0259nilmir, t\u0259hsil x\u0259rcl\u0259rind\u0259 is\u0259 20 faiz\u0259 q\u0259d\u0259r bahala\u015fma planla\u015fd\u0131r\u0131l\u0131r\u201d.\n<\/p>\n<p>\n  Bunu is\u0259 iqtisad\u00e7\u0131 Qubad \u0130bado\u011flu \u00f6z \u201cFacebook\u201d s\u0259hif\u0259sind\u0259 yaz\u0131b.\n<\/p>\n<figure class=\"wp-block-image size-large\">\n  <img decoding=\"async\" src=\"https:\/\/www.meydan.tv\/az\/69136\/\" alt=\"\" class=\"wp-image-69136\"\/><figcaption>\n    Qubad \u0130bado\u011flu foto Meydan TV<br \/>\n  <\/figcaption><\/figure>\n<p>\n  Qubad \u0130bado\u011flunun fikrinc\u0259, b\u00fcdc\u0259 g\u0259lirl\u0259rinin m\u00fcqayis\u0259li t\u0259hlili g\u00f6st\u0259rir ki, n\u00f6vb\u0259ti il Az\u0259rbaycanda b\u00f6y\u00fck \u00f6z\u0259ll\u0259\u015fdirm\u0259 olmayacaq: \u201c\u00c7\u00fcnki d\u00f6vl\u0259t \u0259mlak\u0131n\u0131n, \u00f6z\u0259ll\u0259\u015fdiril\u0259n d\u00f6vl\u0259t m\u00fc\u0259ssis\u0259 v\u0259 obyektl\u0259rinin alt\u0131ndak\u0131 torpaqlar\u0131n icar\u0259y\u0259 verilm\u0259sind\u0259n daxilolmalar da bu ill\u0259 m\u00fcqayis\u0259d\u0259 g\u0259l\u0259n il yaln\u0131z 1 milyon manat art\u0131m planla\u015fd\u0131r\u0131l\u0131b. N\u00f6vb\u0259ti il D\u00f6vl\u0259t Neft Fondundan b\u00fcdc\u0259y\u0259 transfert 1 milyard 515 milyon manat az, 6 milyard 100 milyon manat olacaq ki, bu da b\u00fct\u00f6vl\u00fckd\u0259 b\u00fcdc\u0259 g\u0259lirl\u0259rinin 38,1 faizini t\u0259\u015fkil ed\u0259c\u0259k. G\u0259lirl\u0259rin 62 faizinin v\u0259 ya t\u0259xmin\u0259n 10 milyard manata q\u0259d\u0259r olan hiss\u0259sinin formala\u015fmas\u0131 sahibkarlar v\u0259 istehlak\u00e7\u0131lar\u0131n \u00fcz\u0259rin\u0259 d\u00fc\u015f\u0259c\u0259k. N\u00f6vb\u0259ti ild\u0259 \u0259h\u0259miyy\u0259tli art\u0131mlardan biri d\u0259 b\u00fcdc\u0259 t\u0259\u015fkilatlar\u0131n\u0131n \u00f6d\u0259ni\u015fli xidm\u0259tl\u0259rind\u0259n daxilolmalar \u00fczr\u0259 m\u00fc\u015fahid\u0259 olunacaq. Bu m\u0259nb\u0259d\u0259n daxilolmalarla 48 milyon manat art\u0131m proqnozla\u015fd\u0131\u0131rl\u0131r. Bu is\u0259 o dem\u0259kdir ki, g\u0259l\u0259n il t\u0259hsil x\u0259rcl\u0259ri 20 faiz\u0259 q\u0259d\u0259r bahala\u015facaq\u201d.<\/p>\n","protected":false},"excerpt":{"rendered":"<p>Nazim B\u0259yd\u0259mirli: D\u00f6vl\u0259t x\u0259rcl\u0259ri azald\u0131lmal\u0131d\u0131r<\/p>\n<p>Qubad \u0130bado\u011flu: 2017-ci ild\u0259 b\u00f6y\u00fck \u00f6z\u0259ll\u0259\u015fdirm\u0259 g\u00f6zl\u0259nilmir, t\u0259hsil x\u0259rcl\u0259rind\u0259 is\u0259 20 faiz\u0259 q\u0259d\u0259r bahala\u015fma planla\u015fd\u0131r\u0131l\u0131r<\/p>\n","protected":false},"author":11,"featured_media":69127,"comment_status":"closed","ping_status":"open","sticky":false,"template":"","format":"standard","meta":{"_acf_changed":false,"_sitemap_exclude":false,"_sitemap_priority":"","_sitemap_frequency":"","footnotes":""},"categories":[51],"tags":[],"class_list":["post-179242","post","type-post","status-publish","format-standard","has-post-thumbnail","hentry","category-analitika","infinite-scroll-item","generate-columns","tablet-grid-50","mobile-grid-100","grid-parent","grid-33","no-featured-image-padding"],"acf":[],"yoast_head":"<!-- This site is optimized with the Yoast SEO plugin v27.5 - https:\/\/yoast.com\/product\/yoast-seo-wordpress\/ -->\n<title>&#039;&#039;2017-ci ilin b\u00fcdc\u0259si son 5 ilin \u0259n ki\u00e7ik b\u00fcdc\u0259sidir&#039;&#039; - MEYDAN.TV<\/title>\n<meta name=\"robots\" content=\"index, follow, max-snippet:-1, max-image-preview:large, max-video-preview:-1\" \/>\n<link rel=\"canonical\" href=\"https:\/\/www.meydan.tv\/az\/article\/2017-ci-ilin-budcesi-son-5-ilin-en-kicik-budcesidir\/\" \/>\n<meta property=\"og:locale\" content=\"az_AZ\" \/>\n<meta property=\"og:type\" content=\"article\" \/>\n<meta property=\"og:title\" content=\"&#039;&#039;2017-ci ilin b\u00fcdc\u0259si son 5 ilin \u0259n ki\u00e7ik b\u00fcdc\u0259sidir&#039;&#039; - MEYDAN.TV\" \/>\n<meta property=\"og:description\" content=\"Nazim B\u0259yd\u0259mirli: D\u00f6vl\u0259t x\u0259rcl\u0259ri azald\u0131lmal\u0131d\u0131r  Qubad \u0130bado\u011flu: 2017-ci ild\u0259 b\u00f6y\u00fck \u00f6z\u0259ll\u0259\u015fdirm\u0259 g\u00f6zl\u0259nilmir, t\u0259hsil x\u0259rcl\u0259rind\u0259 is\u0259 20 faiz\u0259 q\u0259d\u0259r bahala\u015fma planla\u015fd\u0131r\u0131l\u0131r\" \/>\n<meta property=\"og:url\" content=\"https:\/\/www.meydan.tv\/az\/article\/2017-ci-ilin-budcesi-son-5-ilin-en-kicik-budcesidir\/\" \/>\n<meta property=\"og:site_name\" content=\"MEYDAN.TV\" \/>\n<meta property=\"article:published_time\" content=\"2016-09-29T16:45:57+00:00\" \/>\n<meta property=\"og:image\" content=\"https:\/\/www.meydan.tv\/wp-content\/uploads\/26447.jpg\" \/>\n\t<meta property=\"og:image:width\" content=\"970\" \/>\n\t<meta property=\"og:image:height\" content=\"419\" \/>\n\t<meta property=\"og:image:type\" content=\"image\/jpeg\" \/>\n<meta name=\"author\" content=\"user-manager\" \/>\n<meta name=\"twitter:card\" content=\"summary_large_image\" \/>\n<script type=\"application\/ld+json\" class=\"yoast-schema-graph\">{\"@context\":\"https:\\\/\\\/schema.org\",\"@graph\":[{\"@type\":\"Article\",\"@id\":\"https:\\\/\\\/www.meydan.tv\\\/az\\\/article\\\/2017-ci-ilin-budcesi-son-5-ilin-en-kicik-budcesidir\\\/#article\",\"isPartOf\":{\"@id\":\"https:\\\/\\\/www.meydan.tv\\\/az\\\/article\\\/2017-ci-ilin-budcesi-son-5-ilin-en-kicik-budcesidir\\\/\"},\"author\":{\"name\":\"user-manager\",\"@id\":\"https:\\\/\\\/www.meydan.tv\\\/az\\\/#\\\/schema\\\/person\\\/10d11eccf6da3662cf5fdab9806ea91a\"},\"headline\":\"&#8221;2017-ci ilin b\u00fcdc\u0259si son 5 ilin \u0259n ki\u00e7ik b\u00fcdc\u0259sidir&#8221;\",\"datePublished\":\"2016-09-29T16:45:57+00:00\",\"mainEntityOfPage\":{\"@id\":\"https:\\\/\\\/www.meydan.tv\\\/az\\\/article\\\/2017-ci-ilin-budcesi-son-5-ilin-en-kicik-budcesidir\\\/\"},\"wordCount\":1580,\"publisher\":{\"@id\":\"https:\\\/\\\/www.meydan.tv\\\/az\\\/#organization\"},\"image\":{\"@id\":\"https:\\\/\\\/www.meydan.tv\\\/az\\\/article\\\/2017-ci-ilin-budcesi-son-5-ilin-en-kicik-budcesidir\\\/#primaryimage\"},\"thumbnailUrl\":\"https:\\\/\\\/www.meydan.tv\\\/wp-content\\\/uploads\\\/26447.jpg\",\"articleSection\":[\"Analitika\"],\"inLanguage\":\"az\"},{\"@type\":\"WebPage\",\"@id\":\"https:\\\/\\\/www.meydan.tv\\\/az\\\/article\\\/2017-ci-ilin-budcesi-son-5-ilin-en-kicik-budcesidir\\\/\",\"url\":\"https:\\\/\\\/www.meydan.tv\\\/az\\\/article\\\/2017-ci-ilin-budcesi-son-5-ilin-en-kicik-budcesidir\\\/\",\"name\":\"''2017-ci ilin b\u00fcdc\u0259si son 5 ilin \u0259n ki\u00e7ik b\u00fcdc\u0259sidir'' - MEYDAN.TV\",\"isPartOf\":{\"@id\":\"https:\\\/\\\/www.meydan.tv\\\/az\\\/#website\"},\"primaryImageOfPage\":{\"@id\":\"https:\\\/\\\/www.meydan.tv\\\/az\\\/article\\\/2017-ci-ilin-budcesi-son-5-ilin-en-kicik-budcesidir\\\/#primaryimage\"},\"image\":{\"@id\":\"https:\\\/\\\/www.meydan.tv\\\/az\\\/article\\\/2017-ci-ilin-budcesi-son-5-ilin-en-kicik-budcesidir\\\/#primaryimage\"},\"thumbnailUrl\":\"https:\\\/\\\/www.meydan.tv\\\/wp-content\\\/uploads\\\/26447.jpg\",\"datePublished\":\"2016-09-29T16:45:57+00:00\",\"breadcrumb\":{\"@id\":\"https:\\\/\\\/www.meydan.tv\\\/az\\\/article\\\/2017-ci-ilin-budcesi-son-5-ilin-en-kicik-budcesidir\\\/#breadcrumb\"},\"inLanguage\":\"az\",\"potentialAction\":[{\"@type\":\"ReadAction\",\"target\":[\"https:\\\/\\\/www.meydan.tv\\\/az\\\/article\\\/2017-ci-ilin-budcesi-son-5-ilin-en-kicik-budcesidir\\\/\"]}]},{\"@type\":\"ImageObject\",\"inLanguage\":\"az\",\"@id\":\"https:\\\/\\\/www.meydan.tv\\\/az\\\/article\\\/2017-ci-ilin-budcesi-son-5-ilin-en-kicik-budcesidir\\\/#primaryimage\",\"url\":\"https:\\\/\\\/www.meydan.tv\\\/wp-content\\\/uploads\\\/26447.jpg\",\"contentUrl\":\"https:\\\/\\\/www.meydan.tv\\\/wp-content\\\/uploads\\\/26447.jpg\",\"width\":970,\"height\":419,\"caption\":\"Source:\"},{\"@type\":\"BreadcrumbList\",\"@id\":\"https:\\\/\\\/www.meydan.tv\\\/az\\\/article\\\/2017-ci-ilin-budcesi-son-5-ilin-en-kicik-budcesidir\\\/#breadcrumb\",\"itemListElement\":[{\"@type\":\"ListItem\",\"position\":1,\"name\":\"Ana s\u0259hif\u0259\",\"item\":\"https:\\\/\\\/www.meydan.tv\\\/az\\\/\"},{\"@type\":\"ListItem\",\"position\":2,\"name\":\"Analitika\",\"item\":\"https:\\\/\\\/www.meydan.tv\\\/az\\\/section\\\/analitika\\\/\"},{\"@type\":\"ListItem\",\"position\":3,\"name\":\"&#8221;2017-ci ilin b\u00fcdc\u0259si son 5 ilin \u0259n ki\u00e7ik b\u00fcdc\u0259sidir&#8221;\"}]},{\"@type\":\"WebSite\",\"@id\":\"https:\\\/\\\/www.meydan.tv\\\/az\\\/#website\",\"url\":\"https:\\\/\\\/www.meydan.tv\\\/az\\\/\",\"name\":\"MEYDAN.TV\",\"description\":\"Meydan TV Az\u0259rbaycan\u0131n media m\u0259kan\u0131ndak\u0131 alternativ s\u0259sidir\",\"publisher\":{\"@id\":\"https:\\\/\\\/www.meydan.tv\\\/az\\\/#organization\"},\"potentialAction\":[{\"@type\":\"SearchAction\",\"target\":{\"@type\":\"EntryPoint\",\"urlTemplate\":\"https:\\\/\\\/www.meydan.tv\\\/az\\\/?s={search_term_string}\"},\"query-input\":{\"@type\":\"PropertyValueSpecification\",\"valueRequired\":true,\"valueName\":\"search_term_string\"}}],\"inLanguage\":\"az\"},{\"@type\":\"Organization\",\"@id\":\"https:\\\/\\\/www.meydan.tv\\\/az\\\/#organization\",\"name\":\"Meydan TV\",\"url\":\"https:\\\/\\\/www.meydan.tv\\\/az\\\/\",\"logo\":{\"@type\":\"ImageObject\",\"inLanguage\":\"az\",\"@id\":\"https:\\\/\\\/www.meydan.tv\\\/az\\\/#\\\/schema\\\/logo\\\/image\\\/\",\"url\":\"https:\\\/\\\/www.meydan.tv\\\/wp-content\\\/uploads\\\/2021\\\/07\\\/meydan-logo.svg\",\"contentUrl\":\"https:\\\/\\\/www.meydan.tv\\\/wp-content\\\/uploads\\\/2021\\\/07\\\/meydan-logo.svg\",\"width\":195,\"height\":46,\"caption\":\"Meydan TV\"},\"image\":{\"@id\":\"https:\\\/\\\/www.meydan.tv\\\/az\\\/#\\\/schema\\\/logo\\\/image\\\/\"}},{\"@type\":\"Person\",\"@id\":\"https:\\\/\\\/www.meydan.tv\\\/az\\\/#\\\/schema\\\/person\\\/10d11eccf6da3662cf5fdab9806ea91a\",\"name\":\"user-manager\"}]}<\/script>\n<!-- \/ Yoast SEO plugin. -->","yoast_head_json":{"title":"''2017-ci ilin b\u00fcdc\u0259si son 5 ilin \u0259n ki\u00e7ik b\u00fcdc\u0259sidir'' - MEYDAN.TV","robots":{"index":"index","follow":"follow","max-snippet":"max-snippet:-1","max-image-preview":"max-image-preview:large","max-video-preview":"max-video-preview:-1"},"canonical":"https:\/\/www.meydan.tv\/az\/article\/2017-ci-ilin-budcesi-son-5-ilin-en-kicik-budcesidir\/","og_locale":"az_AZ","og_type":"article","og_title":"''2017-ci ilin b\u00fcdc\u0259si son 5 ilin \u0259n ki\u00e7ik b\u00fcdc\u0259sidir'' - MEYDAN.TV","og_description":"Nazim B\u0259yd\u0259mirli: D\u00f6vl\u0259t x\u0259rcl\u0259ri azald\u0131lmal\u0131d\u0131r  Qubad \u0130bado\u011flu: 2017-ci ild\u0259 b\u00f6y\u00fck \u00f6z\u0259ll\u0259\u015fdirm\u0259 g\u00f6zl\u0259nilmir, t\u0259hsil x\u0259rcl\u0259rind\u0259 is\u0259 20 faiz\u0259 q\u0259d\u0259r bahala\u015fma planla\u015fd\u0131r\u0131l\u0131r","og_url":"https:\/\/www.meydan.tv\/az\/article\/2017-ci-ilin-budcesi-son-5-ilin-en-kicik-budcesidir\/","og_site_name":"MEYDAN.TV","article_published_time":"2016-09-29T16:45:57+00:00","og_image":[{"width":970,"height":419,"url":"https:\/\/www.meydan.tv\/wp-content\/uploads\/26447.jpg","type":"image\/jpeg"}],"author":"user-manager","twitter_card":"summary_large_image","schema":{"@context":"https:\/\/schema.org","@graph":[{"@type":"Article","@id":"https:\/\/www.meydan.tv\/az\/article\/2017-ci-ilin-budcesi-son-5-ilin-en-kicik-budcesidir\/#article","isPartOf":{"@id":"https:\/\/www.meydan.tv\/az\/article\/2017-ci-ilin-budcesi-son-5-ilin-en-kicik-budcesidir\/"},"author":{"name":"user-manager","@id":"https:\/\/www.meydan.tv\/az\/#\/schema\/person\/10d11eccf6da3662cf5fdab9806ea91a"},"headline":"&#8221;2017-ci ilin b\u00fcdc\u0259si son 5 ilin \u0259n ki\u00e7ik b\u00fcdc\u0259sidir&#8221;","datePublished":"2016-09-29T16:45:57+00:00","mainEntityOfPage":{"@id":"https:\/\/www.meydan.tv\/az\/article\/2017-ci-ilin-budcesi-son-5-ilin-en-kicik-budcesidir\/"},"wordCount":1580,"publisher":{"@id":"https:\/\/www.meydan.tv\/az\/#organization"},"image":{"@id":"https:\/\/www.meydan.tv\/az\/article\/2017-ci-ilin-budcesi-son-5-ilin-en-kicik-budcesidir\/#primaryimage"},"thumbnailUrl":"https:\/\/www.meydan.tv\/wp-content\/uploads\/26447.jpg","articleSection":["Analitika"],"inLanguage":"az"},{"@type":"WebPage","@id":"https:\/\/www.meydan.tv\/az\/article\/2017-ci-ilin-budcesi-son-5-ilin-en-kicik-budcesidir\/","url":"https:\/\/www.meydan.tv\/az\/article\/2017-ci-ilin-budcesi-son-5-ilin-en-kicik-budcesidir\/","name":"''2017-ci ilin b\u00fcdc\u0259si son 5 ilin \u0259n ki\u00e7ik b\u00fcdc\u0259sidir'' - MEYDAN.TV","isPartOf":{"@id":"https:\/\/www.meydan.tv\/az\/#website"},"primaryImageOfPage":{"@id":"https:\/\/www.meydan.tv\/az\/article\/2017-ci-ilin-budcesi-son-5-ilin-en-kicik-budcesidir\/#primaryimage"},"image":{"@id":"https:\/\/www.meydan.tv\/az\/article\/2017-ci-ilin-budcesi-son-5-ilin-en-kicik-budcesidir\/#primaryimage"},"thumbnailUrl":"https:\/\/www.meydan.tv\/wp-content\/uploads\/26447.jpg","datePublished":"2016-09-29T16:45:57+00:00","breadcrumb":{"@id":"https:\/\/www.meydan.tv\/az\/article\/2017-ci-ilin-budcesi-son-5-ilin-en-kicik-budcesidir\/#breadcrumb"},"inLanguage":"az","potentialAction":[{"@type":"ReadAction","target":["https:\/\/www.meydan.tv\/az\/article\/2017-ci-ilin-budcesi-son-5-ilin-en-kicik-budcesidir\/"]}]},{"@type":"ImageObject","inLanguage":"az","@id":"https:\/\/www.meydan.tv\/az\/article\/2017-ci-ilin-budcesi-son-5-ilin-en-kicik-budcesidir\/#primaryimage","url":"https:\/\/www.meydan.tv\/wp-content\/uploads\/26447.jpg","contentUrl":"https:\/\/www.meydan.tv\/wp-content\/uploads\/26447.jpg","width":970,"height":419,"caption":"Source:"},{"@type":"BreadcrumbList","@id":"https:\/\/www.meydan.tv\/az\/article\/2017-ci-ilin-budcesi-son-5-ilin-en-kicik-budcesidir\/#breadcrumb","itemListElement":[{"@type":"ListItem","position":1,"name":"Ana s\u0259hif\u0259","item":"https:\/\/www.meydan.tv\/az\/"},{"@type":"ListItem","position":2,"name":"Analitika","item":"https:\/\/www.meydan.tv\/az\/section\/analitika\/"},{"@type":"ListItem","position":3,"name":"&#8221;2017-ci ilin b\u00fcdc\u0259si son 5 ilin \u0259n ki\u00e7ik b\u00fcdc\u0259sidir&#8221;"}]},{"@type":"WebSite","@id":"https:\/\/www.meydan.tv\/az\/#website","url":"https:\/\/www.meydan.tv\/az\/","name":"MEYDAN.TV","description":"Meydan TV Az\u0259rbaycan\u0131n media m\u0259kan\u0131ndak\u0131 alternativ s\u0259sidir","publisher":{"@id":"https:\/\/www.meydan.tv\/az\/#organization"},"potentialAction":[{"@type":"SearchAction","target":{"@type":"EntryPoint","urlTemplate":"https:\/\/www.meydan.tv\/az\/?s={search_term_string}"},"query-input":{"@type":"PropertyValueSpecification","valueRequired":true,"valueName":"search_term_string"}}],"inLanguage":"az"},{"@type":"Organization","@id":"https:\/\/www.meydan.tv\/az\/#organization","name":"Meydan TV","url":"https:\/\/www.meydan.tv\/az\/","logo":{"@type":"ImageObject","inLanguage":"az","@id":"https:\/\/www.meydan.tv\/az\/#\/schema\/logo\/image\/","url":"https:\/\/www.meydan.tv\/wp-content\/uploads\/2021\/07\/meydan-logo.svg","contentUrl":"https:\/\/www.meydan.tv\/wp-content\/uploads\/2021\/07\/meydan-logo.svg","width":195,"height":46,"caption":"Meydan TV"},"image":{"@id":"https:\/\/www.meydan.tv\/az\/#\/schema\/logo\/image\/"}},{"@type":"Person","@id":"https:\/\/www.meydan.tv\/az\/#\/schema\/person\/10d11eccf6da3662cf5fdab9806ea91a","name":"user-manager"}]}},"_links":{"self":[{"href":"https:\/\/www.meydan.tv\/az\/wp-json\/wp\/v2\/posts\/179242","targetHints":{"allow":["GET"]}}],"collection":[{"href":"https:\/\/www.meydan.tv\/az\/wp-json\/wp\/v2\/posts"}],"about":[{"href":"https:\/\/www.meydan.tv\/az\/wp-json\/wp\/v2\/types\/post"}],"author":[{"embeddable":true,"href":"https:\/\/www.meydan.tv\/az\/wp-json\/wp\/v2\/users\/11"}],"replies":[{"embeddable":true,"href":"https:\/\/www.meydan.tv\/az\/wp-json\/wp\/v2\/comments?post=179242"}],"version-history":[{"count":0,"href":"https:\/\/www.meydan.tv\/az\/wp-json\/wp\/v2\/posts\/179242\/revisions"}],"wp:featuredmedia":[{"embeddable":true,"href":"https:\/\/www.meydan.tv\/az\/wp-json\/wp\/v2\/media\/69127"}],"wp:attachment":[{"href":"https:\/\/www.meydan.tv\/az\/wp-json\/wp\/v2\/media?parent=179242"}],"wp:term":[{"taxonomy":"category","embeddable":true,"href":"https:\/\/www.meydan.tv\/az\/wp-json\/wp\/v2\/categories?post=179242"},{"taxonomy":"post_tag","embeddable":true,"href":"https:\/\/www.meydan.tv\/az\/wp-json\/wp\/v2\/tags?post=179242"}],"curies":[{"name":"wp","href":"https:\/\/api.w.org\/{rel}","templated":true}]}}