{"id":179217,"date":"2016-09-28T19:19:36","date_gmt":"2016-09-28T19:19:36","guid":{"rendered":"https:\/\/www.meydan.tv\/article\/hedefdeki-prezident\/"},"modified":"2016-09-28T19:19:36","modified_gmt":"2016-09-28T19:19:36","slug":"hedefdeki-prezident","status":"publish","type":"post","link":"https:\/\/www.meydan.tv\/az\/article\/hedefdeki-prezident\/","title":{"rendered":"H\u0259d\u0259fd\u0259ki prezident"},"content":{"rendered":"<figure class=\"wp-block-image size-large\">\n  <img decoding=\"async\" src=\"https:\/\/www.meydan.tv\/az\/69051\/\" alt=\"\" class=\"wp-image-69051\"\/><figcaption><\/figcaption><\/figure>\n<figure class=\"wp-block-image size-large\">\n  <img decoding=\"async\" src=\"https:\/\/www.meydan.tv\/az\/turqut-ozal-elcibey-demirel-foto-arxiv\/\" alt=\"Turqut \u00d6zal, El\u00e7ib\u0259y, D\u0259mir\u0259l, foto: arxiv\" class=\"wp-image-69039\"\/><figcaption>\n    Turqut \u00d6zal, El\u00e7ib\u0259y, D\u0259mir\u0259l, foto: arxiv<br \/>\n  <\/figcaption><\/figure>\n<p>\n  <i><br \/>\n    Axtard\u0131\u011f\u0131m\u0131z sual budur: FET\u00d6 Az\u0259rbaycandam\u0131, T\u00fcrkiy\u0259d\u0259mi daha g\u00fccl\u00fcd\u00fcr?<br \/>\n  <\/i>\n<\/p>\n<p>\n  Az\u0259rbaycan prezidenti se\u00e7il\u0259n \u018fb\u00fclf\u0259z El\u00e7ib\u0259y ilk xarici s\u0259f\u0259rini 24-27 iyun 1992-ci il tarixind\u0259 T\u00fcrkiy\u0259y\u0259 etdi. Heyran\u0131 oldu\u011fu Atat\u00fcrk\u00fc ziyar\u0259t etdi v\u0259 \u015f\u0259r\u0259f d\u0259ft\u0259rin\u0259 bunlar\u0131 yazd\u0131: &#8220;Ba\u015fqa deyil\u0259c\u0259k s\u00f6z qalmay\u0131b. \u018fn g\u00f6z\u0259lini s\u0259n dedin, n\u0259 mutlu, t\u00fcrk\u0259m dey\u0259n\u0259! S\u0259nin \u0259sg\u0259rin, \u018fb\u00fclf\u0259z El\u00e7ib\u0259y&#8221;. T\u00fcrkiy\u0259 B\u00f6y\u00fck Mill\u0259t M\u0259clisind\u0259 \u00e7\u0131x\u0131\u015f ed\u0259n El\u00e7ib\u0259y Atat\u00fcrk\u00fcn yolunda olaca\u011f\u0131n\u0131 bildirdi. Ba\u015f nazir S\u00fcleyman D\u0259mir\u0259ll\u0259 g\u00f6r\u00fc\u015fd\u00fc, yard\u0131mlar ist\u0259di, ala bilm\u0259di..\n<\/p>\n<p>\n  El\u00e7ib\u0259y 30-31 oktyabr tarixl\u0259rind\u0259 yen\u0259 T\u00fcrkiy\u0259y\u0259 g\u0259ldi. T\u00fcrkdilli \u00d6lk\u0259l\u0259rin Zirv\u0259 Toplant\u0131s\u0131na qat\u0131ld\u0131qdan sonra ba\u015f nazir D\u0259mir\u0259ll\u0259 g\u00f6r\u00fc\u015fd\u00fc. V\u0259 yen\u0259 pul ist\u0259di, Ankara verm\u0259di&#8230; Silah ist\u0259di, Ankara verm\u0259di&#8230; El\u00e7ib\u0259y: &#8220;He\u00e7 olmasa bir helikopter verin, c\u0259bh\u0259d\u0259ki \u00f6l\u00fcl\u0259rimizi da\u015f\u0131yaq&#8221; &#8211; dedi, Ankara onu bel\u0259 verm\u0259di!\n<\/p>\n<p>\n  D\u0259mir\u0259l niy\u0259s\u0259 El\u00e7ib\u0259y\u0259 qar\u015f\u0131 idi. Ankara il\u0259 m\u00fcnasib\u0259tl\u0259ri soyudan Bak\u0131n\u0131n m\u0259rk\u0259zin\u0259 \u015eah \u0130smay\u0131l\u0131n heyk\u0259linin qoyulmas\u0131 idimi? Yoxsa El\u00e7ib\u0259y iran\u00e7\u0131 idimi? Xeyr, Atat\u00fcrk\u00fcn heyk\u0259linin qoyulmas\u0131 i\u015fl\u0259rin\u0259 d\u0259 ba\u015flan\u0131lm\u0131\u015fd\u0131. Kiril \u0259lifbas\u0131 yerin\u0259 lat\u0131n \u0259lifbas\u0131na ke\u00e7ilmi\u015fdi. T\u00fcrkc\u0259 yaz\u0131lmas\u0131 m\u0259cburiyy\u0259tin\u0259 ke\u00e7ilmi\u015fdi. Ancaq bunlara r\u0259\u011fm\u0259n Ankara El\u00e7ib\u0259yd\u0259n uzaq durma\u011f\u0131 se\u00e7irdi. Ankara ist\u0259s\u0259ydi Az\u0259rbaycan neft v\u0259 qaz\u0131n\u0131 T\u00fcrkiy\u0259nin d\u0259st\u0259yi il\u0259 yenid\u0259n \u00e7\u0131xara bil\u0259r, d\u00fcnya bazarlar\u0131na \u00e7\u0131xarma\u011fa k\u00f6m\u0259k ed\u0259 bil\u0259rdi. Amma Ankara ist\u0259ksizdi, El\u00e7ib\u0259y\u0259 qar\u015f\u0131 soyuq idi..\n<\/p>\n<figure class=\"wp-block-image size-large\">\n  <img decoding=\"async\" src=\"https:\/\/www.meydan.tv\/az\/eliyev-ve-demirel-foto-arxiv\/\" alt=\"\u018fliyev v\u0259 D\u0259mir\u0259l, foto arxiv\" class=\"wp-image-69042\"\/><figcaption>\n    \u018fliyev v\u0259 D\u0259mir\u0259l, foto arxiv<br \/>\n  <\/figcaption><\/figure>\n<p>\n  BP (\u0130ngilt\u0259r\u0259), Amoco (AB\u015e), Pennzoil (AB\u015e), Unocal (AB\u015e), Exxon (AB\u015e), McDermott (AB\u015e), \u0130tochu (Yaponya) T\u00fcrk cumhuriyy\u0259tl\u0259rini sanki i\u015f\u011fal edirdi v\u0259 g\u00f6zl\u0259ri neft z\u0259ngini Az\u0259rbaycanda idi! El\u00e7ib\u0259y tam bir azadl\u0131q \u00fc\u00e7\u00fcn dir\u0259nirdi, ordu \u00fcsyan etdi, El\u00e7ib\u0259y dir\u0259nirdi. T\u00fcrkiy\u0259 Az\u0259rbaycan torpaqlar\u0131n\u0131 i\u015f\u011fal ed\u0259n Erm\u0259nistana elektrik \u00e7\u0259kdi, \u018flican g\u00f6mr\u00fck-ke\u00e7id m\u0259nt\u0259q\u0259sini a\u00e7\u0131b, h\u0259r c\u00fcr mal\u0131n rahatca ke\u00e7m\u0259sini t\u0259min etdi. T\u00fcrkiy\u0259 Erm\u0259nistan hava x\u0259ttini a\u00e7d\u0131 v\u0259 \u0259n sonunda Erm\u0259nistan\u0131 tan\u0131d\u0131. Amma El\u00e7ib\u0259y yen\u0259 d\u0259 dir\u0259nirdi. D\u0259mir\u0259lin icaz\u0259si il\u0259 Alparslan T\u00fcrke\u015f y\u0259hudi biznesmen Jak Kamhi il\u0259 Az\u0259rbaycan neftinin Erm\u0259nistan \u00fcz\u0259rind\u0259n da\u015f\u0131nmas\u0131 \u00fc\u00e7\u00fcn lobbi qurma\u011fa ba\u015flad\u0131. Arparslan T\u00fcrke\u015f 13 mart 1993-c\u00fc ild\u0259 o\u011flu Tor\u011fulla Parisd\u0259 erm\u0259ni lider Petrosyanla bel\u0259 g\u00f6r\u00fc\u015fd\u00fc. El\u00e7ib\u0259y dir\u0259nirdi amma. C\u0130A orta Asiyaya &#8220;yum\u015faq islam&#8221; ad\u0131 alt\u0131nda camaat\u0131n vasit\u0259si il\u0259 s\u0131zma\u011fa ba\u015flam\u0131\u015fd\u0131. Mustafa Kamal\u0131n \u0259sg\u0259ri El\u00e7ib\u0259y yaln\u0131z qalm\u0131\u015fd\u0131.\n<\/p>\n<p>\n  B\u00f6y\u00fck oyun s\u0259hn\u0259d\u0259ydi. H\u0259d\u0259f El\u00e7ib\u0259yin &#8220;k\u0259ll\u0259si&#8221; idi&#8230; Erm\u0259nil\u0259r t\u0259krar h\u00fccuma ke\u00e7di, polkovnik S\u00fcr\u0259t H\u00fcseynov &#8220;darbe&#8221; \u00fc\u00e7\u00fcn bayraq a\u00e7d\u0131. \u018flikram H\u00fcmb\u0259tovun r\u0259hb\u0259rliyind\u0259 bir qrup \u015f\u0259xs \u00fcsyana qalxd\u0131. El\u00e7ib\u0259y D\u0259mir\u0259ld\u0259n yard\u0131m ist\u0259di, D\u0259mir\u0259lin cavab\u0131 q\u0131sa oldu: &#8220;Nax\u00e7\u0131vandan \u018fliyevi g\u0259tirib M\u0259clis s\u0259dri qoyarsan, o, i\u015fi h\u0259ll ed\u0259r&#8221;.\n<\/p>\n<p>\n  \u00c7ar\u0259siz El\u00e7ib\u0259y \u018fliyevi Bak\u0131ya \u00e7a\u011f\u0131rd\u0131. H\u0259l\u0259 b\u00f6y\u00fck oyunun f\u0259rqind\u0259 deyildi. H\u0259l\u0259 camaat\u0131 he\u00e7 tan\u0131m\u0131rd\u0131. FET\u00d6 bu i\u015fl\u0259rin haras\u0131nda idi, bilmirdi. Neft\u00e7il\u0259rin darbesi, Az\u0259rbaycanda do\u011fru q\u0259zet yox idi. M\u00fcharib\u0259d\u0259n pis g\u00fcn\u0259 d\u00fc\u015f\u0259n xalq, qap\u0131s\u0131n\u0131n qar\u015f\u0131s\u0131na pulsuz g\u0259tiril\u0259n &#8220;Zaman&#8221;dan \u00f6yr\u0259nirdi hadis\u0259l\u0259ri. &#8220;Zaman&#8221; q\u0259zeti manipulasiya il\u0259 xalq\u0131 \u018fliyevin lehin\u0259 \u00e7evirirdi. V\u0259 n\u0259tic\u0259d\u0259 9 iyunda Bak\u0131ya g\u0259l\u0259n Heyd\u0259r \u018fliyevi &#8220;Zaman&#8221; q\u0259zetind\u0259n olan qrup co\u015fqu il\u0259 qar\u015f\u0131lad\u0131.\n<\/p>\n<p>\n  \u018fliyev Milli M\u0259clisin s\u0259dri t\u0259yin olundu. V\u0259 tez S\u00fcr\u0259t H\u00fcseynovla raz\u0131l\u0131\u011fa g\u0259l\u0259r\u0259k El\u00e7ib\u0259y\u0259 qar\u015f\u0131 \u00e7evrili\u015f etdil\u0259r. \u00d6lk\u0259 iki yer\u0259 b\u00f6l\u00fcnd\u00fc. Bir qisim El\u00e7ib\u0259yin h\u0259l\u0259 d\u0259 prezident oldu\u011funu deyirdi. V\u0259 &#8220;Zaman&#8221; q\u0259zeti yen\u0259 i\u015f\u0259 girdi, \u018fliyev t\u0259r\u0259fdarlar\u0131 il\u0259 g\u00f6r\u00fc\u015f\u0259r\u0259k, El\u00e7ib\u0259y \u0259lehin\u0259 dan\u0131\u015fan kim varsa, ba\u015f x\u0259b\u0259r kimi verdi. \u018fliyev prezident, S\u00fcr\u0259t H\u00fcseynov ba\u015f nazir oldu. \u018fliyevin g\u00f6rd\u00fcy\u00fc ilk i\u015f, El\u00e7ib\u0259y zaman\u0131nda ba\u011flanm\u0131\u015f b\u00fct\u00fcn neft m\u00fcqavil\u0259l\u0259rini 26 iyun 1993-c\u00fc il tarixind\u0259 l\u0259\u011fv etm\u0259k oldu.\n<\/p>\n<p>\n  Arxas\u0131nca Heyd\u0259r \u018fliyev SOCAR adl\u0131 neft \u015firk\u0259ti yaradaraq, ba\u015f\u0131na \u0130lham \u018fliyevi qoymaq oldu. N\u0259 t\u0259sad\u00fcf idis\u0259, erm\u0259ni lider Petrosyan\u0131n arvad\u0131 y\u0259hudi idi. V\u0259 iki \u00f6lk\u0259nin aras\u0131n\u0131 d\u00fcz\u0259ltm\u0259k ist\u0259y\u0259nl\u0259r d\u0259 y\u0259hudil\u0259r idi.\n<\/p>\n<p>\n  Sonda Az\u0259rbaycan nefti payla\u015f\u0131ld\u0131: SOCAR (Az\u0259rbaycan) 20, BP (\u0130ngilt\u0259r\u0259) 17.12, Amoco (AB\u015e) 17.01, Lukoil (Rusiya) 10, Pennzoil (AB\u015e) 9.82, Unocal (AB\u015e) 9.52, Statoil (Norve\u00e7) 8.56, Mc Dermont (\u015eotlandiya) 2.45, Ramco (\u015eotlandiya) 2.08, TPAO (T\u00fcrkiy\u0259) 1.75, Delte Nimir (S. \u018fr\u0259bistan\u0131) 1.68 faiz pay g\u00f6t\u00fcrd\u00fc.\n<\/p>\n<p>\n  &#8220;\u018fsrin m\u00fcqavil\u0259si&#8221;nin arxas\u0131ndan 29 ticar\u0259t m\u00fcqavil\u0259si ba\u011fland\u0131. 2000-ci ild\u0259 \u0130ngilt\u0259r\u0259nin m\u0259\u015fhur &#8220;Sunday Times&#8221; q\u0259zeti yaz\u0131rd\u0131: &#8220;El\u00e7ib\u0259yi devir\u0259nl\u0259rin arxas\u0131nda ingilis neft \u015firk\u0259ti BP v\u0259 AB\u015e-\u0131n neft \u015firk\u0259ti Amoco var idi&#8221;. \u0130ngilis q\u0259zeti FET\u00d6-nu unutmu\u015fdu. Bu hiss\u0259ni diqq\u0259t\u0259 almam\u0131\u015fd\u0131lar: ingilis dilind\u0259 t\u0259dris ver\u0259c\u0259yi \u00fc\u00e7\u00fcn camaat\u0131n m\u0259kt\u0259bl\u0259rin\u0259 icaz\u0259 verm\u0259y\u0259n El\u00e7ib\u0259y idi, Heyd\u0259r \u018fliyev is\u0259 prezident olan kimi camaat b\u00fct\u00fcn rayonlarda kurslar v\u0259 liseyl\u0259r a\u00e7m\u0131\u015fd\u0131.\n<\/p>\n<p>\n  Bu m\u0259kt\u0259bl\u0259rd\u0259n m\u0259zun olan t\u0259l\u0259b\u0259l\u0259r bu g\u00fcn Az\u0259rbaycanda n\u0259 edir? \u018fliyev t\u0259r\u0259find\u0259n &#8220;d\u00f6vl\u0259t medal\u0131&#8221; il\u0259 t\u0259ltifl\u0259ndiril\u0259n FET\u00d6 bu \u00f6lk\u0259d\u0259 n\u0259 q\u0259d\u0259r g\u00fccl\u00fcd\u00fcr?.. Sabaha qald\u0131..\n<\/p>\n<p>\n  M\u0259nb\u0259:<br \/>\n  <a href=\"http:\/\/www.sozcu.com.tr\/2016\/yazarlar\/soner-yalcin\/hedefteki-cumhurbaskani-1415445\/\" target=\"_blank\" rel=\"noopener\"><br \/>\n    S\u00f6zc\u00fc q\u0259zeti<br \/>\n  <\/a>\n<\/p>\n<\/p>\n<p>\n  <b><br \/>\n    <i><br \/>\n      Yaz\u0131 m\u00fc\u0259llifin fikirl\u0259rini \u0259ks etdirir v\u0259 Meydan TV-nin m\u00f6vqeyi il\u0259 \u00fcst-\u00fcst\u0259 d\u00fc\u015fm\u0259y\u0259 bil\u0259r.<br \/>\n    <\/i><br \/>\n  <\/b><\/p>\n","protected":false},"excerpt":{"rendered":"<p>Axtard\u0131\u011f\u0131m\u0131z sual budur: FET\u00d6 Az\u0259rbaycandam\u0131, T\u00fcrkiy\u0259d\u0259mi daha g\u00fccl\u00fcd\u00fcr?<\/p>\n","protected":false},"author":11,"featured_media":69051,"comment_status":"closed","ping_status":"open","sticky":false,"template":"","format":"standard","meta":{"_acf_changed":false,"_sitemap_exclude":false,"_sitemap_priority":"","_sitemap_frequency":"","footnotes":""},"categories":[57],"tags":[],"class_list":["post-179217","post","type-post","status-publish","format-standard","has-post-thumbnail","hentry","category-menim-fikrimce","infinite-scroll-item","generate-columns","tablet-grid-50","mobile-grid-100","grid-parent","grid-33","no-featured-image-padding"],"acf":[],"yoast_head":"<!-- This site is optimized with the Yoast SEO plugin v27.5 - https:\/\/yoast.com\/product\/yoast-seo-wordpress\/ -->\n<title>H\u0259d\u0259fd\u0259ki prezident - MEYDAN.TV<\/title>\n<meta name=\"robots\" content=\"index, follow, max-snippet:-1, max-image-preview:large, max-video-preview:-1\" \/>\n<link rel=\"canonical\" href=\"https:\/\/www.meydan.tv\/az\/article\/hedefdeki-prezident\/\" \/>\n<meta property=\"og:locale\" content=\"az_AZ\" \/>\n<meta property=\"og:type\" content=\"article\" \/>\n<meta property=\"og:title\" content=\"H\u0259d\u0259fd\u0259ki prezident - MEYDAN.TV\" \/>\n<meta property=\"og:description\" content=\"Axtard\u0131\u011f\u0131m\u0131z sual budur: FET\u00d6 Az\u0259rbaycandam\u0131, T\u00fcrkiy\u0259d\u0259mi daha g\u00fccl\u00fcd\u00fcr?\" \/>\n<meta property=\"og:url\" content=\"https:\/\/www.meydan.tv\/az\/article\/hedefdeki-prezident\/\" \/>\n<meta property=\"og:site_name\" content=\"MEYDAN.TV\" \/>\n<meta property=\"article:published_time\" content=\"2016-09-28T19:19:36+00:00\" \/>\n<meta property=\"og:image\" content=\"https:\/\/www.meydan.tv\/wp-content\/uploads\/26394.jpg\" \/>\n\t<meta property=\"og:image:width\" content=\"600\" \/>\n\t<meta property=\"og:image:height\" content=\"315\" \/>\n\t<meta property=\"og:image:type\" content=\"image\/jpeg\" \/>\n<meta name=\"author\" content=\"user-manager\" \/>\n<meta name=\"twitter:card\" content=\"summary_large_image\" \/>\n<script type=\"application\/ld+json\" class=\"yoast-schema-graph\">{\"@context\":\"https:\\\/\\\/schema.org\",\"@graph\":[{\"@type\":\"Article\",\"@id\":\"https:\\\/\\\/www.meydan.tv\\\/az\\\/article\\\/hedefdeki-prezident\\\/#article\",\"isPartOf\":{\"@id\":\"https:\\\/\\\/www.meydan.tv\\\/az\\\/article\\\/hedefdeki-prezident\\\/\"},\"author\":{\"name\":\"user-manager\",\"@id\":\"https:\\\/\\\/www.meydan.tv\\\/az\\\/#\\\/schema\\\/person\\\/10d11eccf6da3662cf5fdab9806ea91a\"},\"headline\":\"H\u0259d\u0259fd\u0259ki prezident\",\"datePublished\":\"2016-09-28T19:19:36+00:00\",\"mainEntityOfPage\":{\"@id\":\"https:\\\/\\\/www.meydan.tv\\\/az\\\/article\\\/hedefdeki-prezident\\\/\"},\"wordCount\":1140,\"publisher\":{\"@id\":\"https:\\\/\\\/www.meydan.tv\\\/az\\\/#organization\"},\"image\":{\"@id\":\"https:\\\/\\\/www.meydan.tv\\\/az\\\/article\\\/hedefdeki-prezident\\\/#primaryimage\"},\"thumbnailUrl\":\"https:\\\/\\\/www.meydan.tv\\\/wp-content\\\/uploads\\\/26394.jpg\",\"articleSection\":[\"M\u0259nim Fikrimc\u0259\"],\"inLanguage\":\"az\"},{\"@type\":\"WebPage\",\"@id\":\"https:\\\/\\\/www.meydan.tv\\\/az\\\/article\\\/hedefdeki-prezident\\\/\",\"url\":\"https:\\\/\\\/www.meydan.tv\\\/az\\\/article\\\/hedefdeki-prezident\\\/\",\"name\":\"H\u0259d\u0259fd\u0259ki prezident - MEYDAN.TV\",\"isPartOf\":{\"@id\":\"https:\\\/\\\/www.meydan.tv\\\/az\\\/#website\"},\"primaryImageOfPage\":{\"@id\":\"https:\\\/\\\/www.meydan.tv\\\/az\\\/article\\\/hedefdeki-prezident\\\/#primaryimage\"},\"image\":{\"@id\":\"https:\\\/\\\/www.meydan.tv\\\/az\\\/article\\\/hedefdeki-prezident\\\/#primaryimage\"},\"thumbnailUrl\":\"https:\\\/\\\/www.meydan.tv\\\/wp-content\\\/uploads\\\/26394.jpg\",\"datePublished\":\"2016-09-28T19:19:36+00:00\",\"breadcrumb\":{\"@id\":\"https:\\\/\\\/www.meydan.tv\\\/az\\\/article\\\/hedefdeki-prezident\\\/#breadcrumb\"},\"inLanguage\":\"az\",\"potentialAction\":[{\"@type\":\"ReadAction\",\"target\":[\"https:\\\/\\\/www.meydan.tv\\\/az\\\/article\\\/hedefdeki-prezident\\\/\"]}]},{\"@type\":\"ImageObject\",\"inLanguage\":\"az\",\"@id\":\"https:\\\/\\\/www.meydan.tv\\\/az\\\/article\\\/hedefdeki-prezident\\\/#primaryimage\",\"url\":\"https:\\\/\\\/www.meydan.tv\\\/wp-content\\\/uploads\\\/26394.jpg\",\"contentUrl\":\"https:\\\/\\\/www.meydan.tv\\\/wp-content\\\/uploads\\\/26394.jpg\",\"width\":600,\"height\":315,\"caption\":\"Source:\"},{\"@type\":\"BreadcrumbList\",\"@id\":\"https:\\\/\\\/www.meydan.tv\\\/az\\\/article\\\/hedefdeki-prezident\\\/#breadcrumb\",\"itemListElement\":[{\"@type\":\"ListItem\",\"position\":1,\"name\":\"Ana s\u0259hif\u0259\",\"item\":\"https:\\\/\\\/www.meydan.tv\\\/az\\\/\"},{\"@type\":\"ListItem\",\"position\":2,\"name\":\"M\u0259nim Fikrimc\u0259\",\"item\":\"https:\\\/\\\/www.meydan.tv\\\/az\\\/section\\\/menim-fikrimce\\\/\"},{\"@type\":\"ListItem\",\"position\":3,\"name\":\"H\u0259d\u0259fd\u0259ki prezident\"}]},{\"@type\":\"WebSite\",\"@id\":\"https:\\\/\\\/www.meydan.tv\\\/az\\\/#website\",\"url\":\"https:\\\/\\\/www.meydan.tv\\\/az\\\/\",\"name\":\"MEYDAN.TV\",\"description\":\"Meydan TV Az\u0259rbaycan\u0131n media m\u0259kan\u0131ndak\u0131 alternativ s\u0259sidir\",\"publisher\":{\"@id\":\"https:\\\/\\\/www.meydan.tv\\\/az\\\/#organization\"},\"potentialAction\":[{\"@type\":\"SearchAction\",\"target\":{\"@type\":\"EntryPoint\",\"urlTemplate\":\"https:\\\/\\\/www.meydan.tv\\\/az\\\/?s={search_term_string}\"},\"query-input\":{\"@type\":\"PropertyValueSpecification\",\"valueRequired\":true,\"valueName\":\"search_term_string\"}}],\"inLanguage\":\"az\"},{\"@type\":\"Organization\",\"@id\":\"https:\\\/\\\/www.meydan.tv\\\/az\\\/#organization\",\"name\":\"Meydan TV\",\"url\":\"https:\\\/\\\/www.meydan.tv\\\/az\\\/\",\"logo\":{\"@type\":\"ImageObject\",\"inLanguage\":\"az\",\"@id\":\"https:\\\/\\\/www.meydan.tv\\\/az\\\/#\\\/schema\\\/logo\\\/image\\\/\",\"url\":\"https:\\\/\\\/www.meydan.tv\\\/wp-content\\\/uploads\\\/2021\\\/07\\\/meydan-logo.svg\",\"contentUrl\":\"https:\\\/\\\/www.meydan.tv\\\/wp-content\\\/uploads\\\/2021\\\/07\\\/meydan-logo.svg\",\"width\":195,\"height\":46,\"caption\":\"Meydan TV\"},\"image\":{\"@id\":\"https:\\\/\\\/www.meydan.tv\\\/az\\\/#\\\/schema\\\/logo\\\/image\\\/\"}},{\"@type\":\"Person\",\"@id\":\"https:\\\/\\\/www.meydan.tv\\\/az\\\/#\\\/schema\\\/person\\\/10d11eccf6da3662cf5fdab9806ea91a\",\"name\":\"user-manager\"}]}<\/script>\n<!-- \/ Yoast SEO plugin. -->","yoast_head_json":{"title":"H\u0259d\u0259fd\u0259ki prezident - MEYDAN.TV","robots":{"index":"index","follow":"follow","max-snippet":"max-snippet:-1","max-image-preview":"max-image-preview:large","max-video-preview":"max-video-preview:-1"},"canonical":"https:\/\/www.meydan.tv\/az\/article\/hedefdeki-prezident\/","og_locale":"az_AZ","og_type":"article","og_title":"H\u0259d\u0259fd\u0259ki prezident - MEYDAN.TV","og_description":"Axtard\u0131\u011f\u0131m\u0131z sual budur: FET\u00d6 Az\u0259rbaycandam\u0131, T\u00fcrkiy\u0259d\u0259mi daha g\u00fccl\u00fcd\u00fcr?","og_url":"https:\/\/www.meydan.tv\/az\/article\/hedefdeki-prezident\/","og_site_name":"MEYDAN.TV","article_published_time":"2016-09-28T19:19:36+00:00","og_image":[{"width":600,"height":315,"url":"https:\/\/www.meydan.tv\/wp-content\/uploads\/26394.jpg","type":"image\/jpeg"}],"author":"user-manager","twitter_card":"summary_large_image","schema":{"@context":"https:\/\/schema.org","@graph":[{"@type":"Article","@id":"https:\/\/www.meydan.tv\/az\/article\/hedefdeki-prezident\/#article","isPartOf":{"@id":"https:\/\/www.meydan.tv\/az\/article\/hedefdeki-prezident\/"},"author":{"name":"user-manager","@id":"https:\/\/www.meydan.tv\/az\/#\/schema\/person\/10d11eccf6da3662cf5fdab9806ea91a"},"headline":"H\u0259d\u0259fd\u0259ki prezident","datePublished":"2016-09-28T19:19:36+00:00","mainEntityOfPage":{"@id":"https:\/\/www.meydan.tv\/az\/article\/hedefdeki-prezident\/"},"wordCount":1140,"publisher":{"@id":"https:\/\/www.meydan.tv\/az\/#organization"},"image":{"@id":"https:\/\/www.meydan.tv\/az\/article\/hedefdeki-prezident\/#primaryimage"},"thumbnailUrl":"https:\/\/www.meydan.tv\/wp-content\/uploads\/26394.jpg","articleSection":["M\u0259nim Fikrimc\u0259"],"inLanguage":"az"},{"@type":"WebPage","@id":"https:\/\/www.meydan.tv\/az\/article\/hedefdeki-prezident\/","url":"https:\/\/www.meydan.tv\/az\/article\/hedefdeki-prezident\/","name":"H\u0259d\u0259fd\u0259ki prezident - MEYDAN.TV","isPartOf":{"@id":"https:\/\/www.meydan.tv\/az\/#website"},"primaryImageOfPage":{"@id":"https:\/\/www.meydan.tv\/az\/article\/hedefdeki-prezident\/#primaryimage"},"image":{"@id":"https:\/\/www.meydan.tv\/az\/article\/hedefdeki-prezident\/#primaryimage"},"thumbnailUrl":"https:\/\/www.meydan.tv\/wp-content\/uploads\/26394.jpg","datePublished":"2016-09-28T19:19:36+00:00","breadcrumb":{"@id":"https:\/\/www.meydan.tv\/az\/article\/hedefdeki-prezident\/#breadcrumb"},"inLanguage":"az","potentialAction":[{"@type":"ReadAction","target":["https:\/\/www.meydan.tv\/az\/article\/hedefdeki-prezident\/"]}]},{"@type":"ImageObject","inLanguage":"az","@id":"https:\/\/www.meydan.tv\/az\/article\/hedefdeki-prezident\/#primaryimage","url":"https:\/\/www.meydan.tv\/wp-content\/uploads\/26394.jpg","contentUrl":"https:\/\/www.meydan.tv\/wp-content\/uploads\/26394.jpg","width":600,"height":315,"caption":"Source:"},{"@type":"BreadcrumbList","@id":"https:\/\/www.meydan.tv\/az\/article\/hedefdeki-prezident\/#breadcrumb","itemListElement":[{"@type":"ListItem","position":1,"name":"Ana s\u0259hif\u0259","item":"https:\/\/www.meydan.tv\/az\/"},{"@type":"ListItem","position":2,"name":"M\u0259nim Fikrimc\u0259","item":"https:\/\/www.meydan.tv\/az\/section\/menim-fikrimce\/"},{"@type":"ListItem","position":3,"name":"H\u0259d\u0259fd\u0259ki prezident"}]},{"@type":"WebSite","@id":"https:\/\/www.meydan.tv\/az\/#website","url":"https:\/\/www.meydan.tv\/az\/","name":"MEYDAN.TV","description":"Meydan TV Az\u0259rbaycan\u0131n media m\u0259kan\u0131ndak\u0131 alternativ s\u0259sidir","publisher":{"@id":"https:\/\/www.meydan.tv\/az\/#organization"},"potentialAction":[{"@type":"SearchAction","target":{"@type":"EntryPoint","urlTemplate":"https:\/\/www.meydan.tv\/az\/?s={search_term_string}"},"query-input":{"@type":"PropertyValueSpecification","valueRequired":true,"valueName":"search_term_string"}}],"inLanguage":"az"},{"@type":"Organization","@id":"https:\/\/www.meydan.tv\/az\/#organization","name":"Meydan TV","url":"https:\/\/www.meydan.tv\/az\/","logo":{"@type":"ImageObject","inLanguage":"az","@id":"https:\/\/www.meydan.tv\/az\/#\/schema\/logo\/image\/","url":"https:\/\/www.meydan.tv\/wp-content\/uploads\/2021\/07\/meydan-logo.svg","contentUrl":"https:\/\/www.meydan.tv\/wp-content\/uploads\/2021\/07\/meydan-logo.svg","width":195,"height":46,"caption":"Meydan TV"},"image":{"@id":"https:\/\/www.meydan.tv\/az\/#\/schema\/logo\/image\/"}},{"@type":"Person","@id":"https:\/\/www.meydan.tv\/az\/#\/schema\/person\/10d11eccf6da3662cf5fdab9806ea91a","name":"user-manager"}]}},"_links":{"self":[{"href":"https:\/\/www.meydan.tv\/az\/wp-json\/wp\/v2\/posts\/179217","targetHints":{"allow":["GET"]}}],"collection":[{"href":"https:\/\/www.meydan.tv\/az\/wp-json\/wp\/v2\/posts"}],"about":[{"href":"https:\/\/www.meydan.tv\/az\/wp-json\/wp\/v2\/types\/post"}],"author":[{"embeddable":true,"href":"https:\/\/www.meydan.tv\/az\/wp-json\/wp\/v2\/users\/11"}],"replies":[{"embeddable":true,"href":"https:\/\/www.meydan.tv\/az\/wp-json\/wp\/v2\/comments?post=179217"}],"version-history":[{"count":0,"href":"https:\/\/www.meydan.tv\/az\/wp-json\/wp\/v2\/posts\/179217\/revisions"}],"wp:featuredmedia":[{"embeddable":true,"href":"https:\/\/www.meydan.tv\/az\/wp-json\/wp\/v2\/media\/69051"}],"wp:attachment":[{"href":"https:\/\/www.meydan.tv\/az\/wp-json\/wp\/v2\/media?parent=179217"}],"wp:term":[{"taxonomy":"category","embeddable":true,"href":"https:\/\/www.meydan.tv\/az\/wp-json\/wp\/v2\/categories?post=179217"},{"taxonomy":"post_tag","embeddable":true,"href":"https:\/\/www.meydan.tv\/az\/wp-json\/wp\/v2\/tags?post=179217"}],"curies":[{"name":"wp","href":"https:\/\/api.w.org\/{rel}","templated":true}]}}