{"id":179203,"date":"2016-09-28T15:10:28","date_gmt":"2016-09-28T15:10:28","guid":{"rendered":"https:\/\/www.meydan.tv\/article\/pasazade-kimleri-nezerde-tutur\/"},"modified":"2016-09-28T15:10:28","modified_gmt":"2016-09-28T15:10:28","slug":"pasazade-kimleri-nezerde-tutur","status":"publish","type":"post","link":"https:\/\/www.meydan.tv\/az\/article\/pasazade-kimleri-nezerde-tutur\/","title":{"rendered":"Pa\u015fazad\u0259 kiml\u0259ri n\u0259z\u0259rd\u0259 tutur?"},"content":{"rendered":"<figure class=\"wp-block-image size-large\">\n  <img decoding=\"async\" src=\"https:\/\/www.meydan.tv\/az\/foto-sosial-sebeke-10\/\" alt=\"foto sosial \u015f\u0259b\u0259k\u0259\" class=\"wp-image-69012\"\/><figcaption>\n    foto sosial \u015f\u0259b\u0259k\u0259<br \/>\n  <\/figcaption><\/figure>\n<p>\n  <i><br \/>\n    Az\u0259rbaycanda dini televiziya kanal\u0131 a\u00e7\u0131lmas\u0131 dini m\u0259s\u0259l\u0259l\u0259rin h\u0259llin\u0259 yox, probleml\u0259rin artmas\u0131na da yol a\u00e7a bil\u0259r<br \/>\n  <\/i><\/p>\n<p>  Qafqaz M\u00fcs\u0259lmanlar\u0131 \u0130dar\u0259sinin r\u0259hb\u0259ri, \u015eeyx\u00fclislam Hac\u0131 Allah\u015f\u00fck\u00fcr Pa\u015fazad\u0259 son g\u00fcnl\u0259r xeyli a\u00e7\u0131qlama verib. Bunlardan 3-n\u00fc x\u00fcsusi qeyd etm\u0259k laz\u0131md\u0131r.\n<\/p>\n<p>\n  Pa\u015fazad\u0259nin birinci a\u00e7\u0131qlamas\u0131: \u201cAz\u0259rbaycanda dini televiziyan\u0131n yarad\u0131lmas\u0131na ehtiyac var\u201d.\n<\/p>\n<p>\n  Pa\u015fazad\u0259nin ikinci a\u00e7\u0131qlamas\u0131: \u201cAz\u0259rbaycana turist kimi g\u0259l\u0259n, amma dini m\u0259s\u0259l\u0259l\u0259r\u0259 qar\u0131\u015fan qonaqlar diqq\u0259td\u0259 saxlanmal\u0131d\u0131r\u201d.\n<\/p>\n<p>\n  Pa\u015fazad\u0259nin \u00fc\u00e7\u00fcnc\u00fc a\u00e7\u0131qlamas\u0131: \u201cAz\u0259rbaycanda dini siyasi t\u0259bli\u011fat\u0131n bir vasit\u0259sin\u0259 \u00e7evirm\u0259k ist\u0259y\u0259n q\u00fcvv\u0259l\u0259r var\u201d.\n<\/p>\n<p>\n  Sonuncu a\u00e7\u0131qlama m\u00fcxalif\u0259tin mitinql\u0259ri il\u0259 ba\u011fl\u0131d\u0131r. M\u00fcxalif\u0259t h\u0259m \u0130slam Partiyas\u0131 il\u0259 yax\u0131nl\u0131q edir, h\u0259m d\u0259 h\u0259bs olunan islam\u00e7\u0131lar\u0131n azad olunmas\u0131n\u0131 t\u0259l\u0259b edir. Hakimiyy\u0259t m\u00fcxalif\u0259tin islam\u00e7\u0131larla bil\u0259\u015fm\u0259sin\u0259 t\u0259nqidi yana\u015f\u0131r. Allah\u015f\u00fck\u00fcr Pa\u015fazad\u0259 d\u0259 bu m\u0259s\u0259l\u0259d\u0259 hakimiyy\u0259tin m\u00f6vqeyini m\u00fcdafi\u0259 edir. Ancaq Pa\u015fazad\u0259nin dig\u0259r iki a\u00e7\u0131qlamas\u0131 d\u00f6vl\u0259tin siyas\u0259ti il\u0259 t\u0259rs d\u00fc\u015f\u00fcr.\n<\/p>\n<p>\n  Qafqaz M\u00fcs\u0259lmanlar\u0131 \u0130dar\u0259sinin r\u0259hb\u0259rinin iki a\u00e7\u0131qlamas\u0131 s\u0259l\u0259filiyin Az\u0259rbaycanda populyarla\u015fmas\u0131 il\u0259 ba\u011fl\u0131d\u0131r. Pa\u015fazad\u0259 konkret \u00f6lk\u0259 v\u0259 \u00f6lk\u0259l\u0259rin ad\u0131n\u0131 \u00e7\u0259km\u0259d\u0259n h\u0259m d\u0259 ona ehtiyatlan\u0131r ki, \u0259r\u0259b \u00f6lk\u0259l\u0259rind\u0259n Az\u0259rbaycana g\u0259l\u0259n turistl\u0259rin say\u0131 art\u0131b. M\u0259s\u0259l\u0259n, turizm naziri \u018fb\u00fclf\u0259z Qarayevin s\u00f6zl\u0259rin\u0259 g\u00f6r\u0259, \u0259r\u0259b \u00f6lk\u0259l\u0259rind\u0259n Az\u0259rbaycana g\u0259l\u0259n turistl\u0259rin say\u0131 8 d\u0259f\u0259 art\u0131b. Y\u0259qin Pa\u015fazad\u0259 ehtiyat edir ki, Az\u0259rbaycan\u0131n \u0259r\u0259b \u00f6lk\u0259l\u0259ril\u0259 yax\u0131nl\u0131\u011f\u0131 Az\u0259rbaycanda s\u0259l\u0259filiyin daha \u00e7ox populyarla\u015fmas\u0131na g\u0259tirib \u00e7\u0131xara bil\u0259r. Pa\u015fazad\u0259nin s\u00f6zl\u0259rin\u0259 g\u00f6r\u0259, Az\u0259rbaycana turist kimi g\u0259l\u0259nl\u0259rin bir hiss\u0259si dini t\u0259bli\u011fatla m\u0259\u015f\u011ful ola bil\u0259rl\u0259r. Pa\u015fazad\u0259 bunlar\u0131 deyib: \u201cEl\u0259 qonaqlar olur ki, dini i\u015fl\u0259r\u0259 qar\u0131\u015f\u0131r. T\u0259riq\u0259t m\u0259s\u0259l\u0259l\u0259rini qabartmaq v\u0259 qar\u0131\u015f\u0131ql\u0131q salmaq ist\u0259yirl\u0259r. Buna yol verm\u0259k olmaz. Onlar Az\u0259rbaycanda qar\u0131\u015f\u0131ql\u0131q salmaqla f\u0259lak\u0259t\u0259 s\u0259b\u0259b olacaqlarsa, g\u0259tirdikl\u0259ri s\u0259rmay\u0259 laz\u0131m deyil\u201d.\n<\/p>\n<p>\n  Pa\u015fazad\u0259nin bu s\u00f6zl\u0259rinin hans\u0131 \u00f6lk\u0259l\u0259r\u0259 aid oldu\u011fu \u00fcz\u0259rind\u0259 ba\u015f s\u0131nd\u0131rma\u011fa d\u0259ym\u0259z. M\u0259hz \u0259r\u0259b \u00f6lk\u0259l\u0259ri Az\u0259rbaycana s\u0259rmay\u0259 qoymaq, da\u015f\u0131nmaz m\u00fclkiyy\u0259t almaq ist\u0259yirl\u0259r. Az\u0259rbaycan\u0131n d\u00f6vl\u0259t siyas\u0259ti \u0259r\u0259b \u00f6lk\u0259l\u0259ri il\u0259 s\u0131x \u0259m\u0259kda\u015fl\u0131\u011f\u0131, bu \u00f6lk\u0259l\u0259rd\u0259n turistl\u0259rin say\u0131n\u0131n \u00e7oxalmas\u0131na y\u00f6n\u0259libs\u0259, Allah\u015f\u00fck\u00fcr Pa\u015fazad\u0259 bu siyas\u0259td\u0259n ehtiyat etm\u0259y\u0259 ba\u015flay\u0131b. Halbuki, Pa\u015fazad\u0259d\u0259n f\u0259rqli olaraq Dini \u0130\u015fl\u0259r \u00fczr\u0259 D\u00f6vl\u0259t Komit\u0259si m\u00f6vcud v\u0259ziyy\u0259td\u0259n narahat deyil. Do\u011frusu, g\u0259l\u0259n turist\u0259rin dini t\u0259bli\u011fatla m\u0259\u015f\u011ful olduqlar\u0131na dair el\u0259 bir ciddi fakt da ictimaiyy\u0259t\u0259 a\u00e7\u0131qlanmay\u0131b.\n<\/p>\n<p>\n  Ayd\u0131nd\u0131r ki, Pa\u015fazad\u0259 Az\u0259rbaycan \u0259halisinin \u00e7oxluq t\u0259\u015fkil etdiyi \u0259n\u0259n\u0259vi konfesiyyan\u0131n maraqlar\u0131n\u0131 qoruma\u011fa \u00e7al\u0131\u015f\u0131r. Onun t\u0259klif etdiyi dini televiziya kanal\u0131 da bununla ba\u011fl\u0131d\u0131r. Pa\u015fazad\u0259 bu t\u0259klifini prezident\u0259 d\u0259 \u00e7atd\u0131r\u0131b. Ancaq prezidentin bu t\u0259klif\u0259 cavab\u0131 h\u0259l\u0259 yoxdur. \u00c7\u00fcnki Az\u0259rbaycanda dini televiziya kanal\u0131 a\u00e7\u0131lmas\u0131 dini m\u0259s\u0259l\u0259l\u0259rin h\u0259llin\u0259, d\u00fcny\u0259vi \u00f6lk\u0259d\u0259 dinin rolu m\u00f6vzular\u0131n\u0131n ayd\u0131nla\u015fmas\u0131na yox, probleml\u0259rin artmas\u0131na da yol a\u00e7a bil\u0259r. Bir d\u0259 ki, d\u00f6vl\u0259tin televiziya kanallar\u0131nda dini proqramlar yay\u0131nlan\u0131rsa v\u0259 h\u0259min proqramlarda m\u00fcxt\u0259lif suallar cavabland\u0131\u0131rl\u0131rsa, ayr\u0131ca dini kanal a\u00e7ma\u011fa n\u0259 ehtiyac var? Buna g\u00f6r\u0259 d\u0259 dini kanal\u0131n yay\u0131n\u0131 m\u0259s\u0259l\u0259si d\u0259rin \u00f6yr\u0259nilm\u0259d\u0259n Pa\u015fazad\u0259nin t\u0259klifin\u0259 yax\u0131n zamanlarda m\u00fcsb\u0259t cavab veril\u0259c\u0259yi problematikdir. T\u0259sad\u00fcfi deyil ki, Pa\u015fazad\u0259nin t\u0259klifin\u0259 cavab olaraq Milli Televiziya v\u0259 Radio \u015euras\u0131 (MTR\u015e) yax\u0131n g\u0259l\u0259c\u0259kd\u0259 teleradio yay\u0131m\u0131 \u00fc\u00e7\u00fcn m\u00fcsabiq\u0259nin elan edilm\u0259y\u0259c\u0259yini a\u00e7\u0131qlad\u0131.\n<\/p>\n<p>\n  Az\u0259rbaycan prezidenti M\u00fcst\u0259qil D\u00f6vl\u0259tl\u0259r Birliyinin \u00fczv\u00fc olan d\u00f6vl\u0259tl\u0259rin t\u0259hl\u00fck\u0259sizlik v\u0259 x\u00fcsusi xidm\u0259t orqanlar\u0131 r\u0259hb\u0259rl\u0259ri \u015euras\u0131n\u0131n Bak\u0131da ke\u00e7iril\u0259n iclas\u0131n\u0131n i\u015ftirak\u00e7\u0131lar\u0131n\u0131 q\u0259bul ed\u0259rk\u0259n bunlar\u0131 dedi: \u201cBeyinl\u0259rin \u201cyuyulmas\u0131\u201d, radikal ideologiya o yerd\u0259 \u00f6z\u00fcn\u0259 z\u0259min tap\u0131r ki, orada t\u0259hsil\u0259 laz\u0131m\u0131nca \u0259h\u0259miyy\u0259t verilmir. Az\u0259rbaycanda sovet ke\u00e7mi\u015find\u0259n miras qalm\u0131\u015f \u00fcst\u00fcnl\u00fckl\u0259rd\u0259n biri m\u0259hz t\u0259hsil v\u0259 savadd\u0131r. Biz Az\u0259rbaycanda m\u0259hz \u0259m\u0259kda\u015fl\u0131\u011f\u0131n, qar\u015f\u0131l\u0131ql\u0131 anla\u015fman\u0131n m\u00f6hk\u0259ml\u0259nm\u0259sin\u0259, qar\u015f\u0131l\u0131ql\u0131 h\u0259mr\u0259yliy\u0259, \u00e7oxkonfessiyal\u0131 d\u00fcnyaya y\u00f6n\u0259lmi\u015f ard\u0131c\u0131l siyas\u0259t y\u00fcr\u00fcd\u00fcr\u00fck. D\u00fc\u015f\u00fcn\u00fcr\u0259m ki, bu, t\u0259hl\u00fck\u0259sizliyin m\u00f6hk\u0259ml\u0259ndirilm\u0259si, iqtisadi, sosial m\u0259s\u0259l\u0259l\u0259rin h\u0259lli v\u0259 \u00f6lk\u0259nin inki\u015faf\u0131 bax\u0131m\u0131ndan Az\u0259rbaycan\u0131n u\u011furlu inki\u015faf\u0131n\u0131n ba\u015fl\u0131ca t\u0259m\u0259lidir\u201d.\n<\/p>\n<p>\n  \u0130lham \u018fliyev Az\u0259rbaycan\u0131n m\u00fcxt\u0259lif \u00f6lk\u0259l\u0259rl\u0259, o c\u00fcml\u0259d\u0259n \u0259r\u0259b \u00f6lk\u0259l\u0259ri il\u0259 \u0259m\u0259kda\u015fl\u0131\u011f\u0131na \u0259h\u0259miyy\u0259t verir, m\u00fct\u0259madi olaraq h\u0259min \u00f6lk\u0259l\u0259r\u0259 s\u0259f\u0259rl\u0259r edir, Az\u0259rbaycanda \u0259r\u0259b turistl\u0259rin v\u0259 s\u0259rmay\u0259sinin artmas\u0131nda maraql\u0131d\u0131r. \u00c7\u00fcnki \u0259r\u0259b turizminin v\u0259 s\u0259rmay\u0259sinin art\u0131\u015f\u0131 post-neft d\u00f6vr\u00fcnd\u0259 Az\u0259rbaycan\u0131n inki\u015faf\u0131na xidm\u0259t edir. Ona g\u00f6r\u0259 d\u0259 prezident bu siyas\u0259td\u0259n imtina etm\u0259y\u0259c\u0259k. Yox, \u0259g\u0259r Az\u0259rbaycanda dini t\u0259bli\u011fat m\u0259qs\u0259dil\u0259 xaricd\u0259n emissarlar g\u0259l\u0259c\u0259ks\u0259, bu, art\u0131q t\u0259hl\u00fck\u0259sizlik xidm\u0259tl\u0259rinin m\u0259s\u0259l\u0259si olacaq.\n<\/p>\n<p>\n  <b><br \/>\n    <i><br \/>\n      &#8220;Atlas&#8221; Ara\u015fd\u0131rmalar M\u0259rk\u0259zi<br \/>\n    <\/i><br \/>\n  <\/b><\/p>\n","protected":false},"excerpt":{"rendered":"<p>Az\u0259rbaycanda dini televiziya kanal\u0131 a\u00e7\u0131lmas\u0131 dini m\u0259s\u0259l\u0259l\u0259rin h\u0259llin\u0259 yox, probleml\u0259rin artmas\u0131na da yol a\u00e7a bil\u0259r<\/p>\n","protected":false},"author":11,"featured_media":69012,"comment_status":"closed","ping_status":"open","sticky":false,"template":"","format":"standard","meta":{"_acf_changed":false,"_sitemap_exclude":false,"_sitemap_priority":"","_sitemap_frequency":"","footnotes":""},"categories":[51],"tags":[],"class_list":["post-179203","post","type-post","status-publish","format-standard","has-post-thumbnail","hentry","category-analitika","infinite-scroll-item","generate-columns","tablet-grid-50","mobile-grid-100","grid-parent","grid-33","no-featured-image-padding"],"acf":[],"yoast_head":"<!-- This site is optimized with the Yoast SEO plugin v27.5 - https:\/\/yoast.com\/product\/yoast-seo-wordpress\/ -->\n<title>Pa\u015fazad\u0259 kiml\u0259ri n\u0259z\u0259rd\u0259 tutur? - MEYDAN.TV<\/title>\n<meta name=\"robots\" content=\"index, follow, max-snippet:-1, max-image-preview:large, max-video-preview:-1\" \/>\n<link rel=\"canonical\" href=\"https:\/\/www.meydan.tv\/az\/article\/pasazade-kimleri-nezerde-tutur\/\" \/>\n<meta property=\"og:locale\" content=\"az_AZ\" \/>\n<meta property=\"og:type\" content=\"article\" \/>\n<meta property=\"og:title\" content=\"Pa\u015fazad\u0259 kiml\u0259ri n\u0259z\u0259rd\u0259 tutur? - MEYDAN.TV\" \/>\n<meta property=\"og:description\" content=\"Az\u0259rbaycanda dini televiziya kanal\u0131 a\u00e7\u0131lmas\u0131 dini m\u0259s\u0259l\u0259l\u0259rin h\u0259llin\u0259 yox, probleml\u0259rin artmas\u0131na da yol a\u00e7a bil\u0259r\" \/>\n<meta property=\"og:url\" content=\"https:\/\/www.meydan.tv\/az\/article\/pasazade-kimleri-nezerde-tutur\/\" \/>\n<meta property=\"og:site_name\" content=\"MEYDAN.TV\" \/>\n<meta property=\"article:published_time\" content=\"2016-09-28T15:10:28+00:00\" \/>\n<meta property=\"og:image\" content=\"https:\/\/www.meydan.tv\/wp-content\/uploads\/26382.jpg\" \/>\n\t<meta property=\"og:image:width\" content=\"715\" \/>\n\t<meta property=\"og:image:height\" content=\"500\" \/>\n\t<meta property=\"og:image:type\" content=\"image\/jpeg\" \/>\n<meta name=\"author\" content=\"user-manager\" \/>\n<meta name=\"twitter:card\" content=\"summary_large_image\" \/>\n<script type=\"application\/ld+json\" class=\"yoast-schema-graph\">{\"@context\":\"https:\\\/\\\/schema.org\",\"@graph\":[{\"@type\":\"Article\",\"@id\":\"https:\\\/\\\/www.meydan.tv\\\/az\\\/article\\\/pasazade-kimleri-nezerde-tutur\\\/#article\",\"isPartOf\":{\"@id\":\"https:\\\/\\\/www.meydan.tv\\\/az\\\/article\\\/pasazade-kimleri-nezerde-tutur\\\/\"},\"author\":{\"name\":\"user-manager\",\"@id\":\"https:\\\/\\\/www.meydan.tv\\\/az\\\/#\\\/schema\\\/person\\\/10d11eccf6da3662cf5fdab9806ea91a\"},\"headline\":\"Pa\u015fazad\u0259 kiml\u0259ri n\u0259z\u0259rd\u0259 tutur?\",\"datePublished\":\"2016-09-28T15:10:28+00:00\",\"mainEntityOfPage\":{\"@id\":\"https:\\\/\\\/www.meydan.tv\\\/az\\\/article\\\/pasazade-kimleri-nezerde-tutur\\\/\"},\"wordCount\":1123,\"publisher\":{\"@id\":\"https:\\\/\\\/www.meydan.tv\\\/az\\\/#organization\"},\"image\":{\"@id\":\"https:\\\/\\\/www.meydan.tv\\\/az\\\/article\\\/pasazade-kimleri-nezerde-tutur\\\/#primaryimage\"},\"thumbnailUrl\":\"https:\\\/\\\/www.meydan.tv\\\/wp-content\\\/uploads\\\/26382.jpg\",\"articleSection\":[\"Analitika\"],\"inLanguage\":\"az\"},{\"@type\":\"WebPage\",\"@id\":\"https:\\\/\\\/www.meydan.tv\\\/az\\\/article\\\/pasazade-kimleri-nezerde-tutur\\\/\",\"url\":\"https:\\\/\\\/www.meydan.tv\\\/az\\\/article\\\/pasazade-kimleri-nezerde-tutur\\\/\",\"name\":\"Pa\u015fazad\u0259 kiml\u0259ri n\u0259z\u0259rd\u0259 tutur? - MEYDAN.TV\",\"isPartOf\":{\"@id\":\"https:\\\/\\\/www.meydan.tv\\\/az\\\/#website\"},\"primaryImageOfPage\":{\"@id\":\"https:\\\/\\\/www.meydan.tv\\\/az\\\/article\\\/pasazade-kimleri-nezerde-tutur\\\/#primaryimage\"},\"image\":{\"@id\":\"https:\\\/\\\/www.meydan.tv\\\/az\\\/article\\\/pasazade-kimleri-nezerde-tutur\\\/#primaryimage\"},\"thumbnailUrl\":\"https:\\\/\\\/www.meydan.tv\\\/wp-content\\\/uploads\\\/26382.jpg\",\"datePublished\":\"2016-09-28T15:10:28+00:00\",\"breadcrumb\":{\"@id\":\"https:\\\/\\\/www.meydan.tv\\\/az\\\/article\\\/pasazade-kimleri-nezerde-tutur\\\/#breadcrumb\"},\"inLanguage\":\"az\",\"potentialAction\":[{\"@type\":\"ReadAction\",\"target\":[\"https:\\\/\\\/www.meydan.tv\\\/az\\\/article\\\/pasazade-kimleri-nezerde-tutur\\\/\"]}]},{\"@type\":\"ImageObject\",\"inLanguage\":\"az\",\"@id\":\"https:\\\/\\\/www.meydan.tv\\\/az\\\/article\\\/pasazade-kimleri-nezerde-tutur\\\/#primaryimage\",\"url\":\"https:\\\/\\\/www.meydan.tv\\\/wp-content\\\/uploads\\\/26382.jpg\",\"contentUrl\":\"https:\\\/\\\/www.meydan.tv\\\/wp-content\\\/uploads\\\/26382.jpg\",\"width\":715,\"height\":500,\"caption\":\"Source:\"},{\"@type\":\"BreadcrumbList\",\"@id\":\"https:\\\/\\\/www.meydan.tv\\\/az\\\/article\\\/pasazade-kimleri-nezerde-tutur\\\/#breadcrumb\",\"itemListElement\":[{\"@type\":\"ListItem\",\"position\":1,\"name\":\"Ana s\u0259hif\u0259\",\"item\":\"https:\\\/\\\/www.meydan.tv\\\/az\\\/\"},{\"@type\":\"ListItem\",\"position\":2,\"name\":\"Analitika\",\"item\":\"https:\\\/\\\/www.meydan.tv\\\/az\\\/section\\\/analitika\\\/\"},{\"@type\":\"ListItem\",\"position\":3,\"name\":\"Pa\u015fazad\u0259 kiml\u0259ri n\u0259z\u0259rd\u0259 tutur?\"}]},{\"@type\":\"WebSite\",\"@id\":\"https:\\\/\\\/www.meydan.tv\\\/az\\\/#website\",\"url\":\"https:\\\/\\\/www.meydan.tv\\\/az\\\/\",\"name\":\"MEYDAN.TV\",\"description\":\"Meydan TV Az\u0259rbaycan\u0131n media m\u0259kan\u0131ndak\u0131 alternativ s\u0259sidir\",\"publisher\":{\"@id\":\"https:\\\/\\\/www.meydan.tv\\\/az\\\/#organization\"},\"potentialAction\":[{\"@type\":\"SearchAction\",\"target\":{\"@type\":\"EntryPoint\",\"urlTemplate\":\"https:\\\/\\\/www.meydan.tv\\\/az\\\/?s={search_term_string}\"},\"query-input\":{\"@type\":\"PropertyValueSpecification\",\"valueRequired\":true,\"valueName\":\"search_term_string\"}}],\"inLanguage\":\"az\"},{\"@type\":\"Organization\",\"@id\":\"https:\\\/\\\/www.meydan.tv\\\/az\\\/#organization\",\"name\":\"Meydan TV\",\"url\":\"https:\\\/\\\/www.meydan.tv\\\/az\\\/\",\"logo\":{\"@type\":\"ImageObject\",\"inLanguage\":\"az\",\"@id\":\"https:\\\/\\\/www.meydan.tv\\\/az\\\/#\\\/schema\\\/logo\\\/image\\\/\",\"url\":\"https:\\\/\\\/www.meydan.tv\\\/wp-content\\\/uploads\\\/2021\\\/07\\\/meydan-logo.svg\",\"contentUrl\":\"https:\\\/\\\/www.meydan.tv\\\/wp-content\\\/uploads\\\/2021\\\/07\\\/meydan-logo.svg\",\"width\":195,\"height\":46,\"caption\":\"Meydan TV\"},\"image\":{\"@id\":\"https:\\\/\\\/www.meydan.tv\\\/az\\\/#\\\/schema\\\/logo\\\/image\\\/\"}},{\"@type\":\"Person\",\"@id\":\"https:\\\/\\\/www.meydan.tv\\\/az\\\/#\\\/schema\\\/person\\\/10d11eccf6da3662cf5fdab9806ea91a\",\"name\":\"user-manager\"}]}<\/script>\n<!-- \/ Yoast SEO plugin. -->","yoast_head_json":{"title":"Pa\u015fazad\u0259 kiml\u0259ri n\u0259z\u0259rd\u0259 tutur? - MEYDAN.TV","robots":{"index":"index","follow":"follow","max-snippet":"max-snippet:-1","max-image-preview":"max-image-preview:large","max-video-preview":"max-video-preview:-1"},"canonical":"https:\/\/www.meydan.tv\/az\/article\/pasazade-kimleri-nezerde-tutur\/","og_locale":"az_AZ","og_type":"article","og_title":"Pa\u015fazad\u0259 kiml\u0259ri n\u0259z\u0259rd\u0259 tutur? - MEYDAN.TV","og_description":"Az\u0259rbaycanda dini televiziya kanal\u0131 a\u00e7\u0131lmas\u0131 dini m\u0259s\u0259l\u0259l\u0259rin h\u0259llin\u0259 yox, probleml\u0259rin artmas\u0131na da yol a\u00e7a bil\u0259r","og_url":"https:\/\/www.meydan.tv\/az\/article\/pasazade-kimleri-nezerde-tutur\/","og_site_name":"MEYDAN.TV","article_published_time":"2016-09-28T15:10:28+00:00","og_image":[{"width":715,"height":500,"url":"https:\/\/www.meydan.tv\/wp-content\/uploads\/26382.jpg","type":"image\/jpeg"}],"author":"user-manager","twitter_card":"summary_large_image","schema":{"@context":"https:\/\/schema.org","@graph":[{"@type":"Article","@id":"https:\/\/www.meydan.tv\/az\/article\/pasazade-kimleri-nezerde-tutur\/#article","isPartOf":{"@id":"https:\/\/www.meydan.tv\/az\/article\/pasazade-kimleri-nezerde-tutur\/"},"author":{"name":"user-manager","@id":"https:\/\/www.meydan.tv\/az\/#\/schema\/person\/10d11eccf6da3662cf5fdab9806ea91a"},"headline":"Pa\u015fazad\u0259 kiml\u0259ri n\u0259z\u0259rd\u0259 tutur?","datePublished":"2016-09-28T15:10:28+00:00","mainEntityOfPage":{"@id":"https:\/\/www.meydan.tv\/az\/article\/pasazade-kimleri-nezerde-tutur\/"},"wordCount":1123,"publisher":{"@id":"https:\/\/www.meydan.tv\/az\/#organization"},"image":{"@id":"https:\/\/www.meydan.tv\/az\/article\/pasazade-kimleri-nezerde-tutur\/#primaryimage"},"thumbnailUrl":"https:\/\/www.meydan.tv\/wp-content\/uploads\/26382.jpg","articleSection":["Analitika"],"inLanguage":"az"},{"@type":"WebPage","@id":"https:\/\/www.meydan.tv\/az\/article\/pasazade-kimleri-nezerde-tutur\/","url":"https:\/\/www.meydan.tv\/az\/article\/pasazade-kimleri-nezerde-tutur\/","name":"Pa\u015fazad\u0259 kiml\u0259ri n\u0259z\u0259rd\u0259 tutur? - MEYDAN.TV","isPartOf":{"@id":"https:\/\/www.meydan.tv\/az\/#website"},"primaryImageOfPage":{"@id":"https:\/\/www.meydan.tv\/az\/article\/pasazade-kimleri-nezerde-tutur\/#primaryimage"},"image":{"@id":"https:\/\/www.meydan.tv\/az\/article\/pasazade-kimleri-nezerde-tutur\/#primaryimage"},"thumbnailUrl":"https:\/\/www.meydan.tv\/wp-content\/uploads\/26382.jpg","datePublished":"2016-09-28T15:10:28+00:00","breadcrumb":{"@id":"https:\/\/www.meydan.tv\/az\/article\/pasazade-kimleri-nezerde-tutur\/#breadcrumb"},"inLanguage":"az","potentialAction":[{"@type":"ReadAction","target":["https:\/\/www.meydan.tv\/az\/article\/pasazade-kimleri-nezerde-tutur\/"]}]},{"@type":"ImageObject","inLanguage":"az","@id":"https:\/\/www.meydan.tv\/az\/article\/pasazade-kimleri-nezerde-tutur\/#primaryimage","url":"https:\/\/www.meydan.tv\/wp-content\/uploads\/26382.jpg","contentUrl":"https:\/\/www.meydan.tv\/wp-content\/uploads\/26382.jpg","width":715,"height":500,"caption":"Source:"},{"@type":"BreadcrumbList","@id":"https:\/\/www.meydan.tv\/az\/article\/pasazade-kimleri-nezerde-tutur\/#breadcrumb","itemListElement":[{"@type":"ListItem","position":1,"name":"Ana s\u0259hif\u0259","item":"https:\/\/www.meydan.tv\/az\/"},{"@type":"ListItem","position":2,"name":"Analitika","item":"https:\/\/www.meydan.tv\/az\/section\/analitika\/"},{"@type":"ListItem","position":3,"name":"Pa\u015fazad\u0259 kiml\u0259ri n\u0259z\u0259rd\u0259 tutur?"}]},{"@type":"WebSite","@id":"https:\/\/www.meydan.tv\/az\/#website","url":"https:\/\/www.meydan.tv\/az\/","name":"MEYDAN.TV","description":"Meydan TV Az\u0259rbaycan\u0131n media m\u0259kan\u0131ndak\u0131 alternativ s\u0259sidir","publisher":{"@id":"https:\/\/www.meydan.tv\/az\/#organization"},"potentialAction":[{"@type":"SearchAction","target":{"@type":"EntryPoint","urlTemplate":"https:\/\/www.meydan.tv\/az\/?s={search_term_string}"},"query-input":{"@type":"PropertyValueSpecification","valueRequired":true,"valueName":"search_term_string"}}],"inLanguage":"az"},{"@type":"Organization","@id":"https:\/\/www.meydan.tv\/az\/#organization","name":"Meydan TV","url":"https:\/\/www.meydan.tv\/az\/","logo":{"@type":"ImageObject","inLanguage":"az","@id":"https:\/\/www.meydan.tv\/az\/#\/schema\/logo\/image\/","url":"https:\/\/www.meydan.tv\/wp-content\/uploads\/2021\/07\/meydan-logo.svg","contentUrl":"https:\/\/www.meydan.tv\/wp-content\/uploads\/2021\/07\/meydan-logo.svg","width":195,"height":46,"caption":"Meydan TV"},"image":{"@id":"https:\/\/www.meydan.tv\/az\/#\/schema\/logo\/image\/"}},{"@type":"Person","@id":"https:\/\/www.meydan.tv\/az\/#\/schema\/person\/10d11eccf6da3662cf5fdab9806ea91a","name":"user-manager"}]}},"_links":{"self":[{"href":"https:\/\/www.meydan.tv\/az\/wp-json\/wp\/v2\/posts\/179203","targetHints":{"allow":["GET"]}}],"collection":[{"href":"https:\/\/www.meydan.tv\/az\/wp-json\/wp\/v2\/posts"}],"about":[{"href":"https:\/\/www.meydan.tv\/az\/wp-json\/wp\/v2\/types\/post"}],"author":[{"embeddable":true,"href":"https:\/\/www.meydan.tv\/az\/wp-json\/wp\/v2\/users\/11"}],"replies":[{"embeddable":true,"href":"https:\/\/www.meydan.tv\/az\/wp-json\/wp\/v2\/comments?post=179203"}],"version-history":[{"count":0,"href":"https:\/\/www.meydan.tv\/az\/wp-json\/wp\/v2\/posts\/179203\/revisions"}],"wp:featuredmedia":[{"embeddable":true,"href":"https:\/\/www.meydan.tv\/az\/wp-json\/wp\/v2\/media\/69012"}],"wp:attachment":[{"href":"https:\/\/www.meydan.tv\/az\/wp-json\/wp\/v2\/media?parent=179203"}],"wp:term":[{"taxonomy":"category","embeddable":true,"href":"https:\/\/www.meydan.tv\/az\/wp-json\/wp\/v2\/categories?post=179203"},{"taxonomy":"post_tag","embeddable":true,"href":"https:\/\/www.meydan.tv\/az\/wp-json\/wp\/v2\/tags?post=179203"}],"curies":[{"name":"wp","href":"https:\/\/api.w.org\/{rel}","templated":true}]}}