{"id":179201,"date":"2016-09-28T15:00:19","date_gmt":"2016-09-28T15:00:19","guid":{"rendered":"https:\/\/www.meydan.tv\/article\/referenduma-yap-cilarin-gozu-ile-baxilsa\/"},"modified":"2016-09-28T15:00:19","modified_gmt":"2016-09-28T15:00:19","slug":"referenduma-yap-cilarin-gozu-ile-baxilsa","status":"publish","type":"post","link":"https:\/\/www.meydan.tv\/az\/article\/referenduma-yap-cilarin-gozu-ile-baxilsa\/","title":{"rendered":"Referenduma YAP-\u00e7\u0131lar\u0131n g\u00f6z\u00fc il\u0259 bax\u0131lsa&#8230;"},"content":{"rendered":"<figure class=\"wp-block-image size-large\">\n  <img decoding=\"async\" src=\"https:\/\/www.meydan.tv\/az\/68946\/\" alt=\"\" class=\"wp-image-68946\"\/><figcaption><\/figcaption><\/figure>\n<p>\n  T\u0259z\u0259 v\u0259 isti yaralar\u0131na a\u011flay\u0131b-s\u0131zlasaq da, bizim Konstitusiya bundan \u00f6nc\u0259 d\u0259 m\u00fcrt\u0259ce idi. H\u0259tta bundan \u0259vv\u0259l edil\u0259n d\u0259yi\u015fiklik\u00a0 &#8211; iki d\u0259f\u0259d\u0259n \u00e7ox prezident se\u00e7ilm\u0259m\u0259 limitinin l\u0259\u011fv edilm\u0259si \u0259b\u0259di hakimiyy\u0259t\u0259 yol a\u00e7mas\u0131 il\u0259 daha m\u00fcrt\u0259ce idi. Se\u00e7ilm\u0259 m\u0259hdudiyy\u0259ti qalsa idi, indiki art\u0131mla \u0259n \u00e7oxu 10 il \u0259v\u0259zin\u0259 14 il prezident olmaq m\u00fcmk\u00fcn idi, amma \u0130lham \u018fliyevin 14 ili a\u015fmas\u0131na az qal\u0131b. Q\u0131rm\u0131z\u0131 x\u0259tt \u00e7oxdan \u2013 referendumdan qabaq ke\u00e7ilib.\n<\/p>\n<p>\n  \u0130ndiki d\u0259yi\u015fiklik is\u0259 daha \u00e7ox m\u0259n\u0259vi irticala\u015fman\u0131n zirv\u0259si idi. B\u0259lli oldu ki, h\u0259tta \u00f6zl\u0259ri \u00fc\u00e7\u00fcn d\u0259 ciddi prinsipiall\u0131q da\u015f\u0131mayan bir m\u0259s\u0259l\u0259y\u0259 g\u00f6r\u0259 d\u0259 xalq\u0131n irad\u0259sini tapdalay\u0131r, saxta referendumla Konstitusiyan\u0131 d\u0259yi\u015firil\u0259r. A\u00e7\u0131q saymazl\u0131qla, izaha bel\u0259 ehtiyac duymadan, q\u0259fl\u0259t\u0259n elan ed\u0259r\u0259k, d\u0259rhal q\u0259rar ver\u0259r\u0259k, a\u011flas\u0131\u011fmaz n\u0259tic\u0259l\u0259rl\u0259 bitir\u0259r\u0259k \u0259sas qanunu tez bir zamanda ist\u0259kl\u0259rin\u0259 uy\u011funla\u015fd\u0131rd\u0131lar. T\u0259l\u0259sik evl\u0259nm\u0259 prosesi d\u0259 bundan \u00e7ox uzan\u0131r.\n<\/p>\n<p>\n  S\u0259sverm\u0259 saxtakarl\u0131\u011f\u0131n\u0131n biab\u0131r\u00e7\u0131 m\u0259nz\u0259r\u0259l\u0259rini ilk d\u0259f\u0259 g\u00f6rm\u00fcrd\u00fck. Konstitusiyam\u0131z \u0130lham \u018fliyevin arzular\u0131na g\u00f6r\u0259 ilk d\u0259f\u0259 param-par\u00e7a do\u011fran\u0131lm\u0131rd\u0131. Ba\u015f ver\u0259n qanunsuzluqlar v\u0259 \u00f6zba\u015f\u0131nal\u0131qlar t\u0259z\u0259 deyildi. Xalq\u0131m\u0131z\u0131n haqq v\u0259 irad\u0259sinin\u00a0 tapdalanmas\u0131 yeni deyildi. Biz is\u0259 bunlar ilk d\u0259f\u0259 ba\u015f verdiyind\u0259 oldu\u011fu kimi \u00fcz\u00fcl\u00fcrd\u00fck. \u00c7\u00fcnki bunlar, sad\u0259c\u0259, ke\u00e7mi\u015fin davam\u0131 deyildi, g\u0259l\u0259c\u0259yimiz\u0259 edil\u0259n m\u00fcdaxil\u0259 idi.\n<\/p>\n<p>\n  Amma bir d\u0259 YAP-\u00e7\u0131lar\u0131n (\u00fcmumilikd\u0259 rejimin\u0259 xidm\u0259t ed\u0259n, ona t\u0259r\u0259fdarl\u0131q ed\u0259n, t\u0259rif s\u00f6yl\u0259y\u0259n, yaltaql\u0131q ed\u0259nl\u0259rin ham\u0131s\u0131n\u0131n)\u00a0 g\u00f6z\u00fc il\u0259 baxa bil\u0259rik bu referenduma. Xalq g\u0259lm\u0259di s\u0259sverm\u0259y\u0259. He\u00e7 olmad\u0131\u011f\u0131 q\u0259d\u0259r az adam qat\u0131ld\u0131. Bunu ham\u0131dan yax\u015f\u0131 YAP-\u00e7\u0131lar g\u00f6rd\u00fc. Onu da n\u0259z\u0259r\u0259 al\u0131n ki, YAP-\u00e7\u0131lar da h\u0259minki deyil. Bahal\u0131 neft d\u00f6vr\u00fcn\u00fcn YAP-\u00e7\u0131s\u0131n\u0131n g\u00f6zl\u0259rind\u0259ki par\u0131lt\u0131, duru\u015fundak\u0131 \u015fuxluq yoxdur. Dilind\u0259 d\u0259 d\u0259lill\u0259r yoxdur. Yalan dan\u0131\u015fmaq, saxtakarl\u0131q etm\u0259k \u0259vv\u0259lki i\u015fdir, amma \u0259vv\u0259ll\u0259r bir do\u011fru vard\u0131 \u2013 pul. O da h\u0259minki deyil &#8211; n\u0259 miqdar\u0131 il\u0259, n\u0259 m\u0259z\u0259nn\u0259si il\u0259. \u00dcr\u0259k s\u0131x\u0131l\u0131r durumdan. Na\u011f\u0131l dan\u0131\u015fmaq olmur \u0259vv\u0259lki t\u0259k.\n<\/p>\n<p>\n  YAP-\u00e7\u0131lar g\u00f6r\u00fcr ki, referendum \u00f6lk\u0259d\u0259ki b\u00f6hrana g\u00f6r\u0259 at\u0131lan m\u0259cburi add\u0131mlar olsa da, onun qar\u015f\u0131s\u0131n\u0131 alacaq deyil. 11 sentyabrda \u201cM\u0259hsul\u201d stadionundak\u0131 mitinqin g\u00f6zl\u0259nil\u0259nd\u0259n qat-qat gur olmas\u0131 da var bir amil kimi.\u00a0 B\u00fct\u00fcn bunlardan baxanda, xalqa v\u0259 \u00f6lk\u0259nin g\u0259l\u0259c\u0259yin\u0259 g\u00f6r\u0259 deyil, \u00f6z g\u0259l\u0259c\u0259kl\u0259rin\u0259 g\u00f6r\u0259 onlar\u0131n bu referenduma sevin\u0259 bildiyini g\u00fcman ed\u0259 bilm\u0259rik.\n<\/p>\n<p>\n  YAP-\u00e7\u0131lar g\u00f6rd\u00fc ki, onlar z\u0259ngin neft \u00f6lk\u0259sind\u0259 yat\u0131b, s\u0259fil bir \u00f6lk\u0259d\u0259 oyan\u0131blar. G\u00fcnah da bunlar\u0131n \u00fcz\u0259rind\u0259dir. S\u0259ssiz, adams\u0131z referendum is\u0259 bu reall\u0131\u011f\u0131 v\u0259 bu reall\u0131qdan do\u011fan hissi d\u0259yi\u015fmir, y\u0259qin ki, bir q\u0259d\u0259r d\u0259 t\u00fcndl\u0259\u015fdirir&#8230;\n<\/p>\n<p>\n  <i><br \/>\n    <b><br \/>\n      Yaz\u0131 m\u00fc\u0259llifin fikirl\u0259rini \u0259ks etdirir v\u0259 Meydan TV-nin m\u00f6vqeyi il\u0259 \u00fcst-\u00fcst\u0259 d\u00fc\u015fm\u0259y\u0259 bil\u0259r.<br \/>\n    <\/b><br \/>\n  <\/i><\/p>\n","protected":false},"excerpt":{"rendered":"<p>T\u0259l\u0259sik evl\u0259nm\u0259 prosesi d\u0259 bundan \u00e7ox uzan\u0131r<\/p>\n","protected":false},"author":11,"featured_media":68943,"comment_status":"closed","ping_status":"open","sticky":false,"template":"","format":"standard","meta":{"_acf_changed":false,"_sitemap_exclude":false,"_sitemap_priority":"","_sitemap_frequency":"","footnotes":""},"categories":[57],"tags":[],"class_list":["post-179201","post","type-post","status-publish","format-standard","has-post-thumbnail","hentry","category-menim-fikrimce","infinite-scroll-item","generate-columns","tablet-grid-50","mobile-grid-100","grid-parent","grid-33","no-featured-image-padding"],"acf":[],"yoast_head":"<!-- This site is optimized with the Yoast SEO plugin v27.5 - https:\/\/yoast.com\/product\/yoast-seo-wordpress\/ -->\n<title>Referenduma YAP-\u00e7\u0131lar\u0131n g\u00f6z\u00fc il\u0259 bax\u0131lsa... - MEYDAN.TV<\/title>\n<meta name=\"robots\" content=\"index, follow, max-snippet:-1, max-image-preview:large, max-video-preview:-1\" \/>\n<link rel=\"canonical\" href=\"https:\/\/www.meydan.tv\/az\/article\/referenduma-yap-cilarin-gozu-ile-baxilsa\/\" \/>\n<meta property=\"og:locale\" content=\"az_AZ\" \/>\n<meta property=\"og:type\" content=\"article\" \/>\n<meta property=\"og:title\" content=\"Referenduma YAP-\u00e7\u0131lar\u0131n g\u00f6z\u00fc il\u0259 bax\u0131lsa... - MEYDAN.TV\" \/>\n<meta property=\"og:description\" content=\"T\u0259l\u0259sik evl\u0259nm\u0259 prosesi d\u0259 bundan \u00e7ox uzan\u0131r\" \/>\n<meta property=\"og:url\" content=\"https:\/\/www.meydan.tv\/az\/article\/referenduma-yap-cilarin-gozu-ile-baxilsa\/\" \/>\n<meta property=\"og:site_name\" content=\"MEYDAN.TV\" \/>\n<meta property=\"article:published_time\" content=\"2016-09-28T15:00:19+00:00\" \/>\n<meta property=\"og:image\" content=\"https:\/\/www.meydan.tv\/wp-content\/uploads\/26380-1200x776.png\" \/>\n\t<meta property=\"og:image:width\" content=\"1200\" \/>\n\t<meta property=\"og:image:height\" content=\"776\" \/>\n\t<meta property=\"og:image:type\" content=\"image\/png\" \/>\n<meta name=\"author\" content=\"user-manager\" \/>\n<meta name=\"twitter:card\" content=\"summary_large_image\" \/>\n<script type=\"application\/ld+json\" class=\"yoast-schema-graph\">{\"@context\":\"https:\\\/\\\/schema.org\",\"@graph\":[{\"@type\":\"Article\",\"@id\":\"https:\\\/\\\/www.meydan.tv\\\/az\\\/article\\\/referenduma-yap-cilarin-gozu-ile-baxilsa\\\/#article\",\"isPartOf\":{\"@id\":\"https:\\\/\\\/www.meydan.tv\\\/az\\\/article\\\/referenduma-yap-cilarin-gozu-ile-baxilsa\\\/\"},\"author\":{\"name\":\"user-manager\",\"@id\":\"https:\\\/\\\/www.meydan.tv\\\/az\\\/#\\\/schema\\\/person\\\/10d11eccf6da3662cf5fdab9806ea91a\"},\"headline\":\"Referenduma YAP-\u00e7\u0131lar\u0131n g\u00f6z\u00fc il\u0259 bax\u0131lsa&#8230;\",\"datePublished\":\"2016-09-28T15:00:19+00:00\",\"mainEntityOfPage\":{\"@id\":\"https:\\\/\\\/www.meydan.tv\\\/az\\\/article\\\/referenduma-yap-cilarin-gozu-ile-baxilsa\\\/\"},\"wordCount\":625,\"publisher\":{\"@id\":\"https:\\\/\\\/www.meydan.tv\\\/az\\\/#organization\"},\"image\":{\"@id\":\"https:\\\/\\\/www.meydan.tv\\\/az\\\/article\\\/referenduma-yap-cilarin-gozu-ile-baxilsa\\\/#primaryimage\"},\"thumbnailUrl\":\"https:\\\/\\\/www.meydan.tv\\\/wp-content\\\/uploads\\\/26380.png\",\"articleSection\":[\"M\u0259nim Fikrimc\u0259\"],\"inLanguage\":\"az\"},{\"@type\":\"WebPage\",\"@id\":\"https:\\\/\\\/www.meydan.tv\\\/az\\\/article\\\/referenduma-yap-cilarin-gozu-ile-baxilsa\\\/\",\"url\":\"https:\\\/\\\/www.meydan.tv\\\/az\\\/article\\\/referenduma-yap-cilarin-gozu-ile-baxilsa\\\/\",\"name\":\"Referenduma YAP-\u00e7\u0131lar\u0131n g\u00f6z\u00fc il\u0259 bax\u0131lsa... - MEYDAN.TV\",\"isPartOf\":{\"@id\":\"https:\\\/\\\/www.meydan.tv\\\/az\\\/#website\"},\"primaryImageOfPage\":{\"@id\":\"https:\\\/\\\/www.meydan.tv\\\/az\\\/article\\\/referenduma-yap-cilarin-gozu-ile-baxilsa\\\/#primaryimage\"},\"image\":{\"@id\":\"https:\\\/\\\/www.meydan.tv\\\/az\\\/article\\\/referenduma-yap-cilarin-gozu-ile-baxilsa\\\/#primaryimage\"},\"thumbnailUrl\":\"https:\\\/\\\/www.meydan.tv\\\/wp-content\\\/uploads\\\/26380.png\",\"datePublished\":\"2016-09-28T15:00:19+00:00\",\"breadcrumb\":{\"@id\":\"https:\\\/\\\/www.meydan.tv\\\/az\\\/article\\\/referenduma-yap-cilarin-gozu-ile-baxilsa\\\/#breadcrumb\"},\"inLanguage\":\"az\",\"potentialAction\":[{\"@type\":\"ReadAction\",\"target\":[\"https:\\\/\\\/www.meydan.tv\\\/az\\\/article\\\/referenduma-yap-cilarin-gozu-ile-baxilsa\\\/\"]}]},{\"@type\":\"ImageObject\",\"inLanguage\":\"az\",\"@id\":\"https:\\\/\\\/www.meydan.tv\\\/az\\\/article\\\/referenduma-yap-cilarin-gozu-ile-baxilsa\\\/#primaryimage\",\"url\":\"https:\\\/\\\/www.meydan.tv\\\/wp-content\\\/uploads\\\/26380.png\",\"contentUrl\":\"https:\\\/\\\/www.meydan.tv\\\/wp-content\\\/uploads\\\/26380.png\",\"width\":1416,\"height\":916,\"caption\":\"Source:\"},{\"@type\":\"BreadcrumbList\",\"@id\":\"https:\\\/\\\/www.meydan.tv\\\/az\\\/article\\\/referenduma-yap-cilarin-gozu-ile-baxilsa\\\/#breadcrumb\",\"itemListElement\":[{\"@type\":\"ListItem\",\"position\":1,\"name\":\"Ana s\u0259hif\u0259\",\"item\":\"https:\\\/\\\/www.meydan.tv\\\/az\\\/\"},{\"@type\":\"ListItem\",\"position\":2,\"name\":\"M\u0259nim Fikrimc\u0259\",\"item\":\"https:\\\/\\\/www.meydan.tv\\\/az\\\/section\\\/menim-fikrimce\\\/\"},{\"@type\":\"ListItem\",\"position\":3,\"name\":\"Referenduma YAP-\u00e7\u0131lar\u0131n g\u00f6z\u00fc il\u0259 bax\u0131lsa&#8230;\"}]},{\"@type\":\"WebSite\",\"@id\":\"https:\\\/\\\/www.meydan.tv\\\/az\\\/#website\",\"url\":\"https:\\\/\\\/www.meydan.tv\\\/az\\\/\",\"name\":\"MEYDAN.TV\",\"description\":\"Meydan TV Az\u0259rbaycan\u0131n media m\u0259kan\u0131ndak\u0131 alternativ s\u0259sidir\",\"publisher\":{\"@id\":\"https:\\\/\\\/www.meydan.tv\\\/az\\\/#organization\"},\"potentialAction\":[{\"@type\":\"SearchAction\",\"target\":{\"@type\":\"EntryPoint\",\"urlTemplate\":\"https:\\\/\\\/www.meydan.tv\\\/az\\\/?s={search_term_string}\"},\"query-input\":{\"@type\":\"PropertyValueSpecification\",\"valueRequired\":true,\"valueName\":\"search_term_string\"}}],\"inLanguage\":\"az\"},{\"@type\":\"Organization\",\"@id\":\"https:\\\/\\\/www.meydan.tv\\\/az\\\/#organization\",\"name\":\"Meydan TV\",\"url\":\"https:\\\/\\\/www.meydan.tv\\\/az\\\/\",\"logo\":{\"@type\":\"ImageObject\",\"inLanguage\":\"az\",\"@id\":\"https:\\\/\\\/www.meydan.tv\\\/az\\\/#\\\/schema\\\/logo\\\/image\\\/\",\"url\":\"https:\\\/\\\/www.meydan.tv\\\/wp-content\\\/uploads\\\/2021\\\/07\\\/meydan-logo.svg\",\"contentUrl\":\"https:\\\/\\\/www.meydan.tv\\\/wp-content\\\/uploads\\\/2021\\\/07\\\/meydan-logo.svg\",\"width\":195,\"height\":46,\"caption\":\"Meydan TV\"},\"image\":{\"@id\":\"https:\\\/\\\/www.meydan.tv\\\/az\\\/#\\\/schema\\\/logo\\\/image\\\/\"}},{\"@type\":\"Person\",\"@id\":\"https:\\\/\\\/www.meydan.tv\\\/az\\\/#\\\/schema\\\/person\\\/10d11eccf6da3662cf5fdab9806ea91a\",\"name\":\"user-manager\"}]}<\/script>\n<!-- \/ Yoast SEO plugin. -->","yoast_head_json":{"title":"Referenduma YAP-\u00e7\u0131lar\u0131n g\u00f6z\u00fc il\u0259 bax\u0131lsa... - MEYDAN.TV","robots":{"index":"index","follow":"follow","max-snippet":"max-snippet:-1","max-image-preview":"max-image-preview:large","max-video-preview":"max-video-preview:-1"},"canonical":"https:\/\/www.meydan.tv\/az\/article\/referenduma-yap-cilarin-gozu-ile-baxilsa\/","og_locale":"az_AZ","og_type":"article","og_title":"Referenduma YAP-\u00e7\u0131lar\u0131n g\u00f6z\u00fc il\u0259 bax\u0131lsa... - MEYDAN.TV","og_description":"T\u0259l\u0259sik evl\u0259nm\u0259 prosesi d\u0259 bundan \u00e7ox uzan\u0131r","og_url":"https:\/\/www.meydan.tv\/az\/article\/referenduma-yap-cilarin-gozu-ile-baxilsa\/","og_site_name":"MEYDAN.TV","article_published_time":"2016-09-28T15:00:19+00:00","og_image":[{"width":1200,"height":776,"url":"https:\/\/www.meydan.tv\/wp-content\/uploads\/26380-1200x776.png","type":"image\/png"}],"author":"user-manager","twitter_card":"summary_large_image","schema":{"@context":"https:\/\/schema.org","@graph":[{"@type":"Article","@id":"https:\/\/www.meydan.tv\/az\/article\/referenduma-yap-cilarin-gozu-ile-baxilsa\/#article","isPartOf":{"@id":"https:\/\/www.meydan.tv\/az\/article\/referenduma-yap-cilarin-gozu-ile-baxilsa\/"},"author":{"name":"user-manager","@id":"https:\/\/www.meydan.tv\/az\/#\/schema\/person\/10d11eccf6da3662cf5fdab9806ea91a"},"headline":"Referenduma YAP-\u00e7\u0131lar\u0131n g\u00f6z\u00fc il\u0259 bax\u0131lsa&#8230;","datePublished":"2016-09-28T15:00:19+00:00","mainEntityOfPage":{"@id":"https:\/\/www.meydan.tv\/az\/article\/referenduma-yap-cilarin-gozu-ile-baxilsa\/"},"wordCount":625,"publisher":{"@id":"https:\/\/www.meydan.tv\/az\/#organization"},"image":{"@id":"https:\/\/www.meydan.tv\/az\/article\/referenduma-yap-cilarin-gozu-ile-baxilsa\/#primaryimage"},"thumbnailUrl":"https:\/\/www.meydan.tv\/wp-content\/uploads\/26380.png","articleSection":["M\u0259nim Fikrimc\u0259"],"inLanguage":"az"},{"@type":"WebPage","@id":"https:\/\/www.meydan.tv\/az\/article\/referenduma-yap-cilarin-gozu-ile-baxilsa\/","url":"https:\/\/www.meydan.tv\/az\/article\/referenduma-yap-cilarin-gozu-ile-baxilsa\/","name":"Referenduma YAP-\u00e7\u0131lar\u0131n g\u00f6z\u00fc il\u0259 bax\u0131lsa... - MEYDAN.TV","isPartOf":{"@id":"https:\/\/www.meydan.tv\/az\/#website"},"primaryImageOfPage":{"@id":"https:\/\/www.meydan.tv\/az\/article\/referenduma-yap-cilarin-gozu-ile-baxilsa\/#primaryimage"},"image":{"@id":"https:\/\/www.meydan.tv\/az\/article\/referenduma-yap-cilarin-gozu-ile-baxilsa\/#primaryimage"},"thumbnailUrl":"https:\/\/www.meydan.tv\/wp-content\/uploads\/26380.png","datePublished":"2016-09-28T15:00:19+00:00","breadcrumb":{"@id":"https:\/\/www.meydan.tv\/az\/article\/referenduma-yap-cilarin-gozu-ile-baxilsa\/#breadcrumb"},"inLanguage":"az","potentialAction":[{"@type":"ReadAction","target":["https:\/\/www.meydan.tv\/az\/article\/referenduma-yap-cilarin-gozu-ile-baxilsa\/"]}]},{"@type":"ImageObject","inLanguage":"az","@id":"https:\/\/www.meydan.tv\/az\/article\/referenduma-yap-cilarin-gozu-ile-baxilsa\/#primaryimage","url":"https:\/\/www.meydan.tv\/wp-content\/uploads\/26380.png","contentUrl":"https:\/\/www.meydan.tv\/wp-content\/uploads\/26380.png","width":1416,"height":916,"caption":"Source:"},{"@type":"BreadcrumbList","@id":"https:\/\/www.meydan.tv\/az\/article\/referenduma-yap-cilarin-gozu-ile-baxilsa\/#breadcrumb","itemListElement":[{"@type":"ListItem","position":1,"name":"Ana s\u0259hif\u0259","item":"https:\/\/www.meydan.tv\/az\/"},{"@type":"ListItem","position":2,"name":"M\u0259nim Fikrimc\u0259","item":"https:\/\/www.meydan.tv\/az\/section\/menim-fikrimce\/"},{"@type":"ListItem","position":3,"name":"Referenduma YAP-\u00e7\u0131lar\u0131n g\u00f6z\u00fc il\u0259 bax\u0131lsa&#8230;"}]},{"@type":"WebSite","@id":"https:\/\/www.meydan.tv\/az\/#website","url":"https:\/\/www.meydan.tv\/az\/","name":"MEYDAN.TV","description":"Meydan TV Az\u0259rbaycan\u0131n media m\u0259kan\u0131ndak\u0131 alternativ s\u0259sidir","publisher":{"@id":"https:\/\/www.meydan.tv\/az\/#organization"},"potentialAction":[{"@type":"SearchAction","target":{"@type":"EntryPoint","urlTemplate":"https:\/\/www.meydan.tv\/az\/?s={search_term_string}"},"query-input":{"@type":"PropertyValueSpecification","valueRequired":true,"valueName":"search_term_string"}}],"inLanguage":"az"},{"@type":"Organization","@id":"https:\/\/www.meydan.tv\/az\/#organization","name":"Meydan TV","url":"https:\/\/www.meydan.tv\/az\/","logo":{"@type":"ImageObject","inLanguage":"az","@id":"https:\/\/www.meydan.tv\/az\/#\/schema\/logo\/image\/","url":"https:\/\/www.meydan.tv\/wp-content\/uploads\/2021\/07\/meydan-logo.svg","contentUrl":"https:\/\/www.meydan.tv\/wp-content\/uploads\/2021\/07\/meydan-logo.svg","width":195,"height":46,"caption":"Meydan TV"},"image":{"@id":"https:\/\/www.meydan.tv\/az\/#\/schema\/logo\/image\/"}},{"@type":"Person","@id":"https:\/\/www.meydan.tv\/az\/#\/schema\/person\/10d11eccf6da3662cf5fdab9806ea91a","name":"user-manager"}]}},"_links":{"self":[{"href":"https:\/\/www.meydan.tv\/az\/wp-json\/wp\/v2\/posts\/179201","targetHints":{"allow":["GET"]}}],"collection":[{"href":"https:\/\/www.meydan.tv\/az\/wp-json\/wp\/v2\/posts"}],"about":[{"href":"https:\/\/www.meydan.tv\/az\/wp-json\/wp\/v2\/types\/post"}],"author":[{"embeddable":true,"href":"https:\/\/www.meydan.tv\/az\/wp-json\/wp\/v2\/users\/11"}],"replies":[{"embeddable":true,"href":"https:\/\/www.meydan.tv\/az\/wp-json\/wp\/v2\/comments?post=179201"}],"version-history":[{"count":0,"href":"https:\/\/www.meydan.tv\/az\/wp-json\/wp\/v2\/posts\/179201\/revisions"}],"wp:featuredmedia":[{"embeddable":true,"href":"https:\/\/www.meydan.tv\/az\/wp-json\/wp\/v2\/media\/68943"}],"wp:attachment":[{"href":"https:\/\/www.meydan.tv\/az\/wp-json\/wp\/v2\/media?parent=179201"}],"wp:term":[{"taxonomy":"category","embeddable":true,"href":"https:\/\/www.meydan.tv\/az\/wp-json\/wp\/v2\/categories?post=179201"},{"taxonomy":"post_tag","embeddable":true,"href":"https:\/\/www.meydan.tv\/az\/wp-json\/wp\/v2\/tags?post=179201"}],"curies":[{"name":"wp","href":"https:\/\/api.w.org\/{rel}","templated":true}]}}