{"id":179165,"date":"2016-09-27T17:09:53","date_gmt":"2016-09-27T17:09:53","guid":{"rendered":"https:\/\/www.meydan.tv\/article\/anar-memmedli-secici-fealligi-resmi-reqemlere-uygun-gelmir\/"},"modified":"2016-09-27T17:09:53","modified_gmt":"2016-09-27T17:09:53","slug":"anar-memmedli-secici-fealligi-resmi-reqemlere-uygun-gelmir","status":"publish","type":"post","link":"https:\/\/www.meydan.tv\/az\/article\/anar-memmedli-secici-fealligi-resmi-reqemlere-uygun-gelmir\/","title":{"rendered":"Anar M\u0259mm\u0259dli: Se\u00e7ici f\u0259all\u0131\u011f\u0131 r\u0259smi r\u0259q\u0259ml\u0259r\u0259 uy\u011fun g\u0259lmir"},"content":{"rendered":"<figure class=\"wp-block-image size-large\">\n  <img decoding=\"async\" src=\"https:\/\/www.meydan.tv\/az\/anar-memmedli-foto-meydan-tv\/\" alt=\"Anar M\u0259mm\u0259dli foto Meydan TV\" class=\"wp-image-68859\"\/><figcaption>\n    Anar M\u0259mm\u0259dli foto Meydan TV<br \/>\n  <\/figcaption><\/figure>\n<p>\n  <i><br \/>\n    &#8221;Beyn\u0259lxalq m\u00fc\u015fahid\u0259\u00e7il\u0259r \u00f6lk\u0259d\u0259 b\u00fct\u00fcn maraql\u0131 t\u0259r\u0259fl\u0259rl\u0259 g\u00f6r\u00fc\u015fl\u0259r ke\u00e7irm\u0259yib, referendum \u00f6nc\u0259si siyasi azadl\u0131qlar\u0131n\u0131n v\u0259ziyy\u0259ti \u00fczr\u0259 d\u0259y\u0259rl\u0259ndirm\u0259 aparmay\u0131blar&#8221;<br \/>\n  <\/i><\/p>\n<p>  \u201c26 sentyabr 2016-c\u0131 ild\u0259 ke\u00e7iril\u0259n referendumla ba\u011fl\u0131 qiym\u0259tl\u0259ndirm\u0259 apar\u0131lark\u0259n b\u00fct\u00fcn m\u0259rh\u0259l\u0259l\u0259r, o c\u00fcml\u0259d\u0259n referenduma \u00e7\u0131xar\u0131lan m\u0259s\u0259l\u0259l\u0259r bar\u0259d\u0259 se\u00e7icil\u0259rin geni\u015f m\u0259lumatland\u0131r\u0131lmas\u0131 \u015f\u0259raiti, referendum qaba\u011f\u0131 siyasi m\u00fchit, se\u00e7ki qanununun v\u0259ziyy\u0259ti, s\u0259sverm\u0259nin t\u0259\u015fkili v\u0259 se\u00e7kil\u0259rin ke\u00e7irilm\u0259sin\u0259 dair beyn\u0259lxalq \u00f6hd\u0259likl\u0259r\u0259 istinad olunmal\u0131d\u0131r.\n<\/p>\n<p>\n  T\u0259\u0259ss\u00fcfl\u0259 qeyd ed\u0259 bil\u0259rik ki, Az\u0259rbaycan xalq\u0131n\u0131n \u0259sl irad\u0259sinin ifad\u0259 edilm\u0259si \u00fc\u00e7\u00fcn referendumun ke\u00e7irildiyi d\u00f6vrd\u0259 &#8211; Konstitusiyaya t\u0259klif edil\u0259n d\u0259yi\u015fiklikl\u0259rl\u0259 ba\u011fl\u0131 a\u00e7\u0131q ictimai-siyasi m\u00fczakir\u0259l\u0259rin ke\u00e7irilm\u0259si v\u0259 se\u00e7icil\u0259rin \u0259trafl\u0131 m\u0259lumatland\u0131r\u0131lmas\u0131 ba\u015f verm\u0259yib. Buna r\u0259vac ver\u0259n \u0259sas s\u0259b\u0259b \u00f6lk\u0259d\u0259 ifad\u0259 azadl\u0131\u011f\u0131, birl\u0259\u015fm\u0259k v\u0259 s\u0259rb\u0259st topla\u015fmaq h\u00fcquqlar\u0131n\u0131n son ill\u0259r daha da m\u0259hdudla\u015fd\u0131r\u0131lmas\u0131, h\u0259m\u00e7inin referendum qaba\u011f\u0131 t\u0259\u015fviqat m\u00fcdd\u0259tinin \u00e7ox az olmas\u0131 (22 g\u00fcn) v\u0259 m\u00fcxalify\u00f6nl\u00fc t\u0259\u015fviqat qruplar\u0131n\u0131n qeydiyyata al\u0131nmamas\u0131 olub\u201d.<br \/>\n  <br \/>\n  Bu fikirl\u0259r Se\u00e7ki Monitorinq v\u0259 Demokratiyan\u0131n T\u0259drisi M\u0259rk\u0259zinin (SMDT) s\u0259dri Anar M\u0259mm\u0259dlinin 26 sentyabr 2016-c\u0131 il referendumun n\u0259tic\u0259l\u0259ri il\u0259 ba\u011fl\u0131 a\u00e7\u0131qlamas\u0131nda yer al\u0131b.\n<\/p>\n<p>\n  A.M\u0259mm\u0259dli qeyd edib ki, QHT qanunvericliyin\u0259 son ill\u0259r edil\u0259n m\u00fcrt\u0259ce d\u0259yi\u015fiklikl\u0259r n\u0259tic\u0259sind\u0259 m\u00fcst\u0259qil v\u0259t\u0259nda\u015f c\u0259miyy\u0259ti n\u00fcmay\u0259nd\u0259l\u0259ri s\u0259rb\u0259st f\u0259aliyy\u0259t imkanlar\u0131ndan m\u0259hrum olublar. Bununla yana\u015f\u0131 b\u0259zi yerli v\u0259 xarici QHT-l\u0259r \u00fcz\u0259rind\u0259 cinay\u0259t t\u0259qibi v\u0259 y\u00fcks\u0259k vergi c\u0259riml\u0259rinin saxlanmas\u0131, habel\u0259 xarici fondlardan maliyy\u0259l\u0259\u015fm\u0259nin m\u0259hdudla\u015fmas\u0131, QHT-l\u0259rin referendum d\u00f6vr\u00fcnd\u0259 se\u00e7icil\u0259rin maarifl\u0259ndirlm\u0259si v\u0259 se\u00e7ki m\u00fc\u015fahid\u0259\u00e7iliyinin t\u0259\u015fkili il\u0259 ba\u011fl\u0131 f\u0259aliyy\u0259tini \u0259ng\u0259ll\u0259yib. Referendum elan edildikd\u0259n sonrak\u0131 d\u00f6n\u0259md\u0259 siyasi motivli t\u0259qibl\u0259r g\u00fcncl\u0259nib, bununla da \u00f6lk\u0259d\u0259 siyasi m\u0259hbuslar\u0131n say\u0131 art\u0131b:<br \/>\n  <br \/>\n  \u201cS\u0259sverm\u0259 prosesi \u00fczr\u0259 se\u00e7icil\u0259rin v\u0259 m\u00fc\u015fahid\u0259\u00e7il\u0259rin yayd\u0131\u011f\u0131 m\u0259lumatlara \u0259saslansaq, se\u00e7ki m\u0259nt\u0259q\u0259l\u0259rind\u0259 \u0259n\u0259n\u0259vi se\u00e7ki qanunu pozuntular\u0131n\u0131n ba\u015f verdiyini qeyd ed\u0259 bil\u0259rik. Bu c\u00fcr qanun pozuntular\u0131na bir \u015f\u0259xsin bir-ne\u00e7\u0259 d\u0259f\u0259 s\u0259s verm\u0259si, se\u00e7icil\u0259rin qrup hal\u0131nda m\u0259nt\u0259q\u0259y\u0259 m\u0259cburi g\u0259tirilm\u0259si, ad\u0131 se\u00e7ici siyah\u0131s\u0131nda olmayan insanlar\u0131n s\u0259sverm\u0259d\u0259 i\u015ftirak\u0131 v\u0259 saxta se\u00e7ki b\u00fclletenl\u0259rinin qutulara at\u0131lmas\u0131 daxildir.\n<\/p>\n<p>\n  Referendum g\u00fcn\u00fc se\u00e7ici f\u0259all\u0131\u011f\u0131na dair m\u0259lumatlara g\u0259ldikd\u0259 \u0259ks\u0259r se\u00e7ki m\u0259nt\u0259q\u0259l\u0259rind\u0259 f\u0259all\u0131\u011f\u0131n s\u00fcni olaraq art\u0131r\u0131ld\u0131\u011f\u0131, bir \u015f\u0259xsin bir ne\u00e7\u0259 d\u0259f\u0259 s\u0259sverm\u0259si v\u0259 saxta b\u00fclletenl\u0259rin se\u00e7ki qutusuna at\u0131lmas\u0131 hallar\u0131 n\u0259z\u0259r\u0259 al\u0131nd\u0131qda se\u00e7ici f\u0259all\u0131\u011f\u0131n\u0131n r\u0259smi r\u0259q\u0259ml\u0259 uy\u011fun g\u0259lm\u0259diyini iddia ed\u0259 bil\u0259rik.\u00a0\u00dcmumiyy\u0259tl\u0259, referendum g\u00fcn\u00fc d\u0259 daxil olmaqla referendum \u00f6nc\u0259si siyasi m\u00fchitinin demokratikliyi il\u0259 ba\u011fl\u0131 \u00e7at\u0131\u015fmazl\u0131qlar v\u0259 siyasi azadl\u0131qlara m\u0259hdudiyy\u0259tl\u0259r 26 sentyabr 2016-c\u0131 il referendumun milli se\u00e7ki qanunvericliyi v\u0259 beyn\u0259lxalq \u00f6hd\u0259likl\u0259r\u0259 uy\u011fun ke\u00e7irlm\u0259sin\u0259 imkan verm\u0259yib\u201d.\n<\/p>\n<p>\n  A.M\u0259mm\u0259dli hesab edir ki, hakimiyy\u0259t d\u00f6vl\u0259t-v\u0259t\u0259nda\u015f m\u00fcnasib\u0259tl\u0259rind\u0259 qar\u015f\u0131l\u0131ql\u0131 etimad\u0131n yarad\u0131lmas\u0131na siyasi irad\u0259 n\u00fcmayi\u015f etdirm\u0259li, b\u00fct\u00fcn siyasi opponentl\u0259rin\u0259 r\u0259qab\u0259tli \u015f\u0259rait yaratmal\u0131 v\u0259 siyasi m\u0259hbuslar\u0131n azad olunmas\u0131n\u0131 t\u0259min etm\u0259lidir: \u201cEyni zamanda 26 sentyabr 2016-c\u0131 ild\u0259 ke\u00e7irilmi\u015f referendum \u00f6lk\u0259d\u0259 hakimiyy\u0259t b\u00f6lg\u00fcs\u00fc v\u0259 insan h\u00fcquqlar\u0131n\u0131n m\u00fcdafi\u0259si il\u0259 ba\u011fl\u0131 konstitusion islahatlara olan ehtiyac\u0131 aradan qald\u0131rmad\u0131\u011f\u0131ndan, bu sah\u0259d\u0259 t\u0259\u015f\u0259bb\u00fcsl\u0259r \u00f6yr\u0259nilm\u0259li v\u0259 Avropa \u015euras\u0131 Venesiya Komissiyas\u0131 il\u0259 \u0259m\u0259kda\u015fl\u0131q \u015f\u0259raitind\u0259 \u00f6lk\u0259d\u0259 h\u00fcquqi islahatlar h\u0259yata ke\u00e7irilm\u0259lidir\u201d.\n<\/p>\n<p>\n  Yerli v\u0259 beyn\u0259lxalq m\u00fc\u015fahid\u0259\u00e7il\u0259rin f\u0259laiyy\u0259tin\u0259 g\u0259ldikd\u0259 A.M\u0259mm\u0259dli bildirib ki, Az\u0259rbaycan h\u00f6kum\u0259ti AT\u018fT-in Demokratik T\u0259sisatlar v\u0259 \u0130nsan H\u00fcquqlar\u0131 B\u00fcrosu kimi m\u00f6t\u0259b\u0259r beyn\u0259lxalq t\u0259\u015fkilat\u0131 referendumu m\u00fc\u015fahid\u0259 etm\u0259k \u00fc\u00e7\u00fcn d\u0259v\u0259t etm\u0259s\u0259 d\u0259, Avropa \u015euras\u0131 Parlament Assambleyas\u0131, Avropa Xalq Partiyas\u0131, M\u00fcst\u0259qil D\u00f6vl\u0259tl\u0259r Birliyi Parlamentl\u0259raras\u0131 Assambleyas\u0131 v\u0259 Avstriya Parlamentini t\u0259msil ed\u0259n ki\u00e7ik m\u00fc\u015fahid\u0259 qruplar\u0131n\u0131 referendum g\u00fcn\u00fc prosesi izl\u0259m\u0259y\u0259 \u00e7a\u011f\u0131r\u0131b:<br \/>\n  <br \/>\n  \u201cAncaq beyn\u0259lxalq m\u00fc\u015fahid\u0259\u00e7il\u0259r \u00f6lk\u0259d\u0259 b\u00fct\u00fcn maraql\u0131 t\u0259r\u0259fl\u0259rl\u0259 g\u00f6r\u00fc\u015fl\u0259r ke\u00e7irm\u0259yib, referendum \u00f6nc\u0259si siyasi azadl\u0131qlar\u0131n\u0131n v\u0259ziyy\u0259ti \u00fczr\u0259 d\u0259y\u0259rl\u0259ndirm\u0259 aparmay\u0131blar. B\u0259zi m\u00fc\u015fahid\u0259\u00e7il\u0259r, x\u00fcsus\u0259n d\u0259 A\u015ePA m\u00fc\u015fahid\u0259 qrupuna daxil olan avropal\u0131 deputatlar referendum g\u00fcn\u00fc s\u0259sverm\u0259 ba\u015fa \u00e7atmam\u0131\u015f prosesi m\u00fcsb\u0259t qiym\u0259tl\u0259ndirilm\u0259si bar\u0259d\u0259 r\u0259yl\u0259rini a\u00e7\u0131qlay\u0131blar. Bununla da Beyn\u0259lxalq se\u00e7ki m\u00fc\u015fahid\u0259\u00e7iliyi \u00fczr\u0259 Universal Prinsipl\u0259r\u0259 dair Kodeks\u0259 \u0259m\u0259l etm\u0259dikl\u0259rini n\u00fcmayi\u015f etdiribl\u0259r\u201d.\n<\/p>\n<p>\n  MSK yaln\u0131z h\u00f6kum\u0259ty\u00f6nl\u00fc QHT-l\u0259rin &#8220;exit-poll&#8221; ke\u00e7irm\u0259sin\u0259 \u015f\u0259rait yarad\u0131b. Ancaq bu qruplar\u0131n maliyy\u0259 m\u0259nb\u0259l\u0259ri v\u0259 sor\u011fu metodologiyas\u0131 bar\u0259d\u0259 c\u0259miyy\u0259t\u0259 t\u0259fislatl\u0131 m\u0259lumat verilm\u0259yib.<\/p>\n","protected":false},"excerpt":{"rendered":"<p>&#8221;Beyn\u0259lxalq m\u00fc\u015fahid\u0259\u00e7il\u0259r \u00f6lk\u0259d\u0259 b\u00fct\u00fcn maraql\u0131 t\u0259r\u0259fl\u0259rl\u0259 g\u00f6r\u00fc\u015fl\u0259r ke\u00e7irm\u0259yib, referendum \u00f6nc\u0259si siyasi azadl\u0131qlar\u0131n\u0131n v\u0259ziyy\u0259ti \u00fczr\u0259 d\u0259y\u0259rl\u0259ndirm\u0259 aparmay\u0131blar&#8221;<\/p>\n","protected":false},"author":11,"featured_media":68859,"comment_status":"closed","ping_status":"open","sticky":false,"template":"","format":"standard","meta":{"_acf_changed":false,"_sitemap_exclude":false,"_sitemap_priority":"","_sitemap_frequency":"","footnotes":""},"categories":[51],"tags":[],"class_list":["post-179165","post","type-post","status-publish","format-standard","has-post-thumbnail","hentry","category-analitika","infinite-scroll-item","generate-columns","tablet-grid-50","mobile-grid-100","grid-parent","grid-33","no-featured-image-padding"],"acf":[],"yoast_head":"<!-- This site is optimized with the Yoast SEO plugin v27.5 - https:\/\/yoast.com\/product\/yoast-seo-wordpress\/ -->\n<title>Anar M\u0259mm\u0259dli: Se\u00e7ici f\u0259all\u0131\u011f\u0131 r\u0259smi r\u0259q\u0259ml\u0259r\u0259 uy\u011fun g\u0259lmir - MEYDAN.TV<\/title>\n<meta name=\"robots\" content=\"index, follow, max-snippet:-1, max-image-preview:large, max-video-preview:-1\" \/>\n<link rel=\"canonical\" href=\"https:\/\/www.meydan.tv\/az\/article\/anar-memmedli-secici-fealligi-resmi-reqemlere-uygun-gelmir\/\" \/>\n<meta property=\"og:locale\" content=\"az_AZ\" \/>\n<meta property=\"og:type\" content=\"article\" \/>\n<meta property=\"og:title\" content=\"Anar M\u0259mm\u0259dli: Se\u00e7ici f\u0259all\u0131\u011f\u0131 r\u0259smi r\u0259q\u0259ml\u0259r\u0259 uy\u011fun g\u0259lmir - MEYDAN.TV\" \/>\n<meta property=\"og:description\" content=\"&#039;&#039;Beyn\u0259lxalq m\u00fc\u015fahid\u0259\u00e7il\u0259r \u00f6lk\u0259d\u0259 b\u00fct\u00fcn maraql\u0131 t\u0259r\u0259fl\u0259rl\u0259 g\u00f6r\u00fc\u015fl\u0259r ke\u00e7irm\u0259yib, referendum \u00f6nc\u0259si siyasi azadl\u0131qlar\u0131n\u0131n v\u0259ziyy\u0259ti \u00fczr\u0259 d\u0259y\u0259rl\u0259ndirm\u0259 aparmay\u0131blar&#039;&#039;\" \/>\n<meta property=\"og:url\" content=\"https:\/\/www.meydan.tv\/az\/article\/anar-memmedli-secici-fealligi-resmi-reqemlere-uygun-gelmir\/\" \/>\n<meta property=\"og:site_name\" content=\"MEYDAN.TV\" \/>\n<meta property=\"article:published_time\" content=\"2016-09-27T17:09:53+00:00\" \/>\n<meta property=\"og:image\" content=\"https:\/\/www.meydan.tv\/wp-content\/uploads\/26342.jpg\" \/>\n\t<meta property=\"og:image:width\" content=\"750\" \/>\n\t<meta property=\"og:image:height\" content=\"500\" \/>\n\t<meta property=\"og:image:type\" content=\"image\/jpeg\" \/>\n<meta name=\"author\" content=\"user-manager\" \/>\n<meta name=\"twitter:card\" content=\"summary_large_image\" \/>\n<script type=\"application\/ld+json\" class=\"yoast-schema-graph\">{\"@context\":\"https:\\\/\\\/schema.org\",\"@graph\":[{\"@type\":\"Article\",\"@id\":\"https:\\\/\\\/www.meydan.tv\\\/az\\\/article\\\/anar-memmedli-secici-fealligi-resmi-reqemlere-uygun-gelmir\\\/#article\",\"isPartOf\":{\"@id\":\"https:\\\/\\\/www.meydan.tv\\\/az\\\/article\\\/anar-memmedli-secici-fealligi-resmi-reqemlere-uygun-gelmir\\\/\"},\"author\":{\"name\":\"user-manager\",\"@id\":\"https:\\\/\\\/www.meydan.tv\\\/az\\\/#\\\/schema\\\/person\\\/10d11eccf6da3662cf5fdab9806ea91a\"},\"headline\":\"Anar M\u0259mm\u0259dli: Se\u00e7ici f\u0259all\u0131\u011f\u0131 r\u0259smi r\u0259q\u0259ml\u0259r\u0259 uy\u011fun g\u0259lmir\",\"datePublished\":\"2016-09-27T17:09:53+00:00\",\"mainEntityOfPage\":{\"@id\":\"https:\\\/\\\/www.meydan.tv\\\/az\\\/article\\\/anar-memmedli-secici-fealligi-resmi-reqemlere-uygun-gelmir\\\/\"},\"wordCount\":1034,\"publisher\":{\"@id\":\"https:\\\/\\\/www.meydan.tv\\\/az\\\/#organization\"},\"image\":{\"@id\":\"https:\\\/\\\/www.meydan.tv\\\/az\\\/article\\\/anar-memmedli-secici-fealligi-resmi-reqemlere-uygun-gelmir\\\/#primaryimage\"},\"thumbnailUrl\":\"https:\\\/\\\/www.meydan.tv\\\/wp-content\\\/uploads\\\/26342.jpg\",\"articleSection\":[\"Analitika\"],\"inLanguage\":\"az\"},{\"@type\":\"WebPage\",\"@id\":\"https:\\\/\\\/www.meydan.tv\\\/az\\\/article\\\/anar-memmedli-secici-fealligi-resmi-reqemlere-uygun-gelmir\\\/\",\"url\":\"https:\\\/\\\/www.meydan.tv\\\/az\\\/article\\\/anar-memmedli-secici-fealligi-resmi-reqemlere-uygun-gelmir\\\/\",\"name\":\"Anar M\u0259mm\u0259dli: Se\u00e7ici f\u0259all\u0131\u011f\u0131 r\u0259smi r\u0259q\u0259ml\u0259r\u0259 uy\u011fun g\u0259lmir - MEYDAN.TV\",\"isPartOf\":{\"@id\":\"https:\\\/\\\/www.meydan.tv\\\/az\\\/#website\"},\"primaryImageOfPage\":{\"@id\":\"https:\\\/\\\/www.meydan.tv\\\/az\\\/article\\\/anar-memmedli-secici-fealligi-resmi-reqemlere-uygun-gelmir\\\/#primaryimage\"},\"image\":{\"@id\":\"https:\\\/\\\/www.meydan.tv\\\/az\\\/article\\\/anar-memmedli-secici-fealligi-resmi-reqemlere-uygun-gelmir\\\/#primaryimage\"},\"thumbnailUrl\":\"https:\\\/\\\/www.meydan.tv\\\/wp-content\\\/uploads\\\/26342.jpg\",\"datePublished\":\"2016-09-27T17:09:53+00:00\",\"breadcrumb\":{\"@id\":\"https:\\\/\\\/www.meydan.tv\\\/az\\\/article\\\/anar-memmedli-secici-fealligi-resmi-reqemlere-uygun-gelmir\\\/#breadcrumb\"},\"inLanguage\":\"az\",\"potentialAction\":[{\"@type\":\"ReadAction\",\"target\":[\"https:\\\/\\\/www.meydan.tv\\\/az\\\/article\\\/anar-memmedli-secici-fealligi-resmi-reqemlere-uygun-gelmir\\\/\"]}]},{\"@type\":\"ImageObject\",\"inLanguage\":\"az\",\"@id\":\"https:\\\/\\\/www.meydan.tv\\\/az\\\/article\\\/anar-memmedli-secici-fealligi-resmi-reqemlere-uygun-gelmir\\\/#primaryimage\",\"url\":\"https:\\\/\\\/www.meydan.tv\\\/wp-content\\\/uploads\\\/26342.jpg\",\"contentUrl\":\"https:\\\/\\\/www.meydan.tv\\\/wp-content\\\/uploads\\\/26342.jpg\",\"width\":750,\"height\":500,\"caption\":\"Source:\"},{\"@type\":\"BreadcrumbList\",\"@id\":\"https:\\\/\\\/www.meydan.tv\\\/az\\\/article\\\/anar-memmedli-secici-fealligi-resmi-reqemlere-uygun-gelmir\\\/#breadcrumb\",\"itemListElement\":[{\"@type\":\"ListItem\",\"position\":1,\"name\":\"Ana s\u0259hif\u0259\",\"item\":\"https:\\\/\\\/www.meydan.tv\\\/az\\\/\"},{\"@type\":\"ListItem\",\"position\":2,\"name\":\"Analitika\",\"item\":\"https:\\\/\\\/www.meydan.tv\\\/az\\\/section\\\/analitika\\\/\"},{\"@type\":\"ListItem\",\"position\":3,\"name\":\"Anar M\u0259mm\u0259dli: Se\u00e7ici f\u0259all\u0131\u011f\u0131 r\u0259smi r\u0259q\u0259ml\u0259r\u0259 uy\u011fun g\u0259lmir\"}]},{\"@type\":\"WebSite\",\"@id\":\"https:\\\/\\\/www.meydan.tv\\\/az\\\/#website\",\"url\":\"https:\\\/\\\/www.meydan.tv\\\/az\\\/\",\"name\":\"MEYDAN.TV\",\"description\":\"Meydan TV Az\u0259rbaycan\u0131n media m\u0259kan\u0131ndak\u0131 alternativ s\u0259sidir\",\"publisher\":{\"@id\":\"https:\\\/\\\/www.meydan.tv\\\/az\\\/#organization\"},\"potentialAction\":[{\"@type\":\"SearchAction\",\"target\":{\"@type\":\"EntryPoint\",\"urlTemplate\":\"https:\\\/\\\/www.meydan.tv\\\/az\\\/?s={search_term_string}\"},\"query-input\":{\"@type\":\"PropertyValueSpecification\",\"valueRequired\":true,\"valueName\":\"search_term_string\"}}],\"inLanguage\":\"az\"},{\"@type\":\"Organization\",\"@id\":\"https:\\\/\\\/www.meydan.tv\\\/az\\\/#organization\",\"name\":\"Meydan TV\",\"url\":\"https:\\\/\\\/www.meydan.tv\\\/az\\\/\",\"logo\":{\"@type\":\"ImageObject\",\"inLanguage\":\"az\",\"@id\":\"https:\\\/\\\/www.meydan.tv\\\/az\\\/#\\\/schema\\\/logo\\\/image\\\/\",\"url\":\"https:\\\/\\\/www.meydan.tv\\\/wp-content\\\/uploads\\\/2021\\\/07\\\/meydan-logo.svg\",\"contentUrl\":\"https:\\\/\\\/www.meydan.tv\\\/wp-content\\\/uploads\\\/2021\\\/07\\\/meydan-logo.svg\",\"width\":195,\"height\":46,\"caption\":\"Meydan TV\"},\"image\":{\"@id\":\"https:\\\/\\\/www.meydan.tv\\\/az\\\/#\\\/schema\\\/logo\\\/image\\\/\"}},{\"@type\":\"Person\",\"@id\":\"https:\\\/\\\/www.meydan.tv\\\/az\\\/#\\\/schema\\\/person\\\/10d11eccf6da3662cf5fdab9806ea91a\",\"name\":\"user-manager\"}]}<\/script>\n<!-- \/ Yoast SEO plugin. -->","yoast_head_json":{"title":"Anar M\u0259mm\u0259dli: Se\u00e7ici f\u0259all\u0131\u011f\u0131 r\u0259smi r\u0259q\u0259ml\u0259r\u0259 uy\u011fun g\u0259lmir - MEYDAN.TV","robots":{"index":"index","follow":"follow","max-snippet":"max-snippet:-1","max-image-preview":"max-image-preview:large","max-video-preview":"max-video-preview:-1"},"canonical":"https:\/\/www.meydan.tv\/az\/article\/anar-memmedli-secici-fealligi-resmi-reqemlere-uygun-gelmir\/","og_locale":"az_AZ","og_type":"article","og_title":"Anar M\u0259mm\u0259dli: Se\u00e7ici f\u0259all\u0131\u011f\u0131 r\u0259smi r\u0259q\u0259ml\u0259r\u0259 uy\u011fun g\u0259lmir - MEYDAN.TV","og_description":"''Beyn\u0259lxalq m\u00fc\u015fahid\u0259\u00e7il\u0259r \u00f6lk\u0259d\u0259 b\u00fct\u00fcn maraql\u0131 t\u0259r\u0259fl\u0259rl\u0259 g\u00f6r\u00fc\u015fl\u0259r ke\u00e7irm\u0259yib, referendum \u00f6nc\u0259si siyasi azadl\u0131qlar\u0131n\u0131n v\u0259ziyy\u0259ti \u00fczr\u0259 d\u0259y\u0259rl\u0259ndirm\u0259 aparmay\u0131blar''","og_url":"https:\/\/www.meydan.tv\/az\/article\/anar-memmedli-secici-fealligi-resmi-reqemlere-uygun-gelmir\/","og_site_name":"MEYDAN.TV","article_published_time":"2016-09-27T17:09:53+00:00","og_image":[{"width":750,"height":500,"url":"https:\/\/www.meydan.tv\/wp-content\/uploads\/26342.jpg","type":"image\/jpeg"}],"author":"user-manager","twitter_card":"summary_large_image","schema":{"@context":"https:\/\/schema.org","@graph":[{"@type":"Article","@id":"https:\/\/www.meydan.tv\/az\/article\/anar-memmedli-secici-fealligi-resmi-reqemlere-uygun-gelmir\/#article","isPartOf":{"@id":"https:\/\/www.meydan.tv\/az\/article\/anar-memmedli-secici-fealligi-resmi-reqemlere-uygun-gelmir\/"},"author":{"name":"user-manager","@id":"https:\/\/www.meydan.tv\/az\/#\/schema\/person\/10d11eccf6da3662cf5fdab9806ea91a"},"headline":"Anar M\u0259mm\u0259dli: Se\u00e7ici f\u0259all\u0131\u011f\u0131 r\u0259smi r\u0259q\u0259ml\u0259r\u0259 uy\u011fun g\u0259lmir","datePublished":"2016-09-27T17:09:53+00:00","mainEntityOfPage":{"@id":"https:\/\/www.meydan.tv\/az\/article\/anar-memmedli-secici-fealligi-resmi-reqemlere-uygun-gelmir\/"},"wordCount":1034,"publisher":{"@id":"https:\/\/www.meydan.tv\/az\/#organization"},"image":{"@id":"https:\/\/www.meydan.tv\/az\/article\/anar-memmedli-secici-fealligi-resmi-reqemlere-uygun-gelmir\/#primaryimage"},"thumbnailUrl":"https:\/\/www.meydan.tv\/wp-content\/uploads\/26342.jpg","articleSection":["Analitika"],"inLanguage":"az"},{"@type":"WebPage","@id":"https:\/\/www.meydan.tv\/az\/article\/anar-memmedli-secici-fealligi-resmi-reqemlere-uygun-gelmir\/","url":"https:\/\/www.meydan.tv\/az\/article\/anar-memmedli-secici-fealligi-resmi-reqemlere-uygun-gelmir\/","name":"Anar M\u0259mm\u0259dli: Se\u00e7ici f\u0259all\u0131\u011f\u0131 r\u0259smi r\u0259q\u0259ml\u0259r\u0259 uy\u011fun g\u0259lmir - MEYDAN.TV","isPartOf":{"@id":"https:\/\/www.meydan.tv\/az\/#website"},"primaryImageOfPage":{"@id":"https:\/\/www.meydan.tv\/az\/article\/anar-memmedli-secici-fealligi-resmi-reqemlere-uygun-gelmir\/#primaryimage"},"image":{"@id":"https:\/\/www.meydan.tv\/az\/article\/anar-memmedli-secici-fealligi-resmi-reqemlere-uygun-gelmir\/#primaryimage"},"thumbnailUrl":"https:\/\/www.meydan.tv\/wp-content\/uploads\/26342.jpg","datePublished":"2016-09-27T17:09:53+00:00","breadcrumb":{"@id":"https:\/\/www.meydan.tv\/az\/article\/anar-memmedli-secici-fealligi-resmi-reqemlere-uygun-gelmir\/#breadcrumb"},"inLanguage":"az","potentialAction":[{"@type":"ReadAction","target":["https:\/\/www.meydan.tv\/az\/article\/anar-memmedli-secici-fealligi-resmi-reqemlere-uygun-gelmir\/"]}]},{"@type":"ImageObject","inLanguage":"az","@id":"https:\/\/www.meydan.tv\/az\/article\/anar-memmedli-secici-fealligi-resmi-reqemlere-uygun-gelmir\/#primaryimage","url":"https:\/\/www.meydan.tv\/wp-content\/uploads\/26342.jpg","contentUrl":"https:\/\/www.meydan.tv\/wp-content\/uploads\/26342.jpg","width":750,"height":500,"caption":"Source:"},{"@type":"BreadcrumbList","@id":"https:\/\/www.meydan.tv\/az\/article\/anar-memmedli-secici-fealligi-resmi-reqemlere-uygun-gelmir\/#breadcrumb","itemListElement":[{"@type":"ListItem","position":1,"name":"Ana s\u0259hif\u0259","item":"https:\/\/www.meydan.tv\/az\/"},{"@type":"ListItem","position":2,"name":"Analitika","item":"https:\/\/www.meydan.tv\/az\/section\/analitika\/"},{"@type":"ListItem","position":3,"name":"Anar M\u0259mm\u0259dli: Se\u00e7ici f\u0259all\u0131\u011f\u0131 r\u0259smi r\u0259q\u0259ml\u0259r\u0259 uy\u011fun g\u0259lmir"}]},{"@type":"WebSite","@id":"https:\/\/www.meydan.tv\/az\/#website","url":"https:\/\/www.meydan.tv\/az\/","name":"MEYDAN.TV","description":"Meydan TV Az\u0259rbaycan\u0131n media m\u0259kan\u0131ndak\u0131 alternativ s\u0259sidir","publisher":{"@id":"https:\/\/www.meydan.tv\/az\/#organization"},"potentialAction":[{"@type":"SearchAction","target":{"@type":"EntryPoint","urlTemplate":"https:\/\/www.meydan.tv\/az\/?s={search_term_string}"},"query-input":{"@type":"PropertyValueSpecification","valueRequired":true,"valueName":"search_term_string"}}],"inLanguage":"az"},{"@type":"Organization","@id":"https:\/\/www.meydan.tv\/az\/#organization","name":"Meydan TV","url":"https:\/\/www.meydan.tv\/az\/","logo":{"@type":"ImageObject","inLanguage":"az","@id":"https:\/\/www.meydan.tv\/az\/#\/schema\/logo\/image\/","url":"https:\/\/www.meydan.tv\/wp-content\/uploads\/2021\/07\/meydan-logo.svg","contentUrl":"https:\/\/www.meydan.tv\/wp-content\/uploads\/2021\/07\/meydan-logo.svg","width":195,"height":46,"caption":"Meydan TV"},"image":{"@id":"https:\/\/www.meydan.tv\/az\/#\/schema\/logo\/image\/"}},{"@type":"Person","@id":"https:\/\/www.meydan.tv\/az\/#\/schema\/person\/10d11eccf6da3662cf5fdab9806ea91a","name":"user-manager"}]}},"_links":{"self":[{"href":"https:\/\/www.meydan.tv\/az\/wp-json\/wp\/v2\/posts\/179165","targetHints":{"allow":["GET"]}}],"collection":[{"href":"https:\/\/www.meydan.tv\/az\/wp-json\/wp\/v2\/posts"}],"about":[{"href":"https:\/\/www.meydan.tv\/az\/wp-json\/wp\/v2\/types\/post"}],"author":[{"embeddable":true,"href":"https:\/\/www.meydan.tv\/az\/wp-json\/wp\/v2\/users\/11"}],"replies":[{"embeddable":true,"href":"https:\/\/www.meydan.tv\/az\/wp-json\/wp\/v2\/comments?post=179165"}],"version-history":[{"count":0,"href":"https:\/\/www.meydan.tv\/az\/wp-json\/wp\/v2\/posts\/179165\/revisions"}],"wp:featuredmedia":[{"embeddable":true,"href":"https:\/\/www.meydan.tv\/az\/wp-json\/wp\/v2\/media\/68859"}],"wp:attachment":[{"href":"https:\/\/www.meydan.tv\/az\/wp-json\/wp\/v2\/media?parent=179165"}],"wp:term":[{"taxonomy":"category","embeddable":true,"href":"https:\/\/www.meydan.tv\/az\/wp-json\/wp\/v2\/categories?post=179165"},{"taxonomy":"post_tag","embeddable":true,"href":"https:\/\/www.meydan.tv\/az\/wp-json\/wp\/v2\/tags?post=179165"}],"curies":[{"name":"wp","href":"https:\/\/api.w.org\/{rel}","templated":true}]}}