{"id":179129,"date":"2016-09-26T16:33:06","date_gmt":"2016-09-26T16:33:06","guid":{"rendered":"https:\/\/www.meydan.tv\/article\/hokumet-xarici-valyutada-kredit-goturenlere-destek-vermeyecek\/"},"modified":"2016-09-26T16:33:06","modified_gmt":"2016-09-26T16:33:06","slug":"hokumet-xarici-valyutada-kredit-goturenlere-destek-vermeyecek","status":"publish","type":"post","link":"https:\/\/www.meydan.tv\/az\/article\/hokumet-xarici-valyutada-kredit-goturenlere-destek-vermeyecek\/","title":{"rendered":"H\u00f6kum\u0259t xarici valyutada kredit g\u00f6t\u00fcr\u0259nl\u0259r\u0259 d\u0259st\u0259k verm\u0259y\u0259c\u0259k"},"content":{"rendered":"<figure class=\"wp-block-image size-large\">\n  <img decoding=\"async\" src=\"https:\/\/www.meydan.tv\/az\/68763\/\" alt=\"\" class=\"wp-image-68763\"\/><figcaption><\/figcaption><\/figure>\n<p>\n  <i><br \/>\n    Samir \u015e\u0259rifov: &#8221;Biz h\u0259r iki t\u0259r\u0259f \u00fc\u00e7\u00fcn, h\u0259m \u0259man\u0259t\u00e7i v\u0259 kredit borcu olanlar \u00fc\u00e7\u00fcn narahat\u0131q, lakin biz bunlardan birin\u0259 yard\u0131m etdik, dig\u0259r t\u0259r\u0259f\u0259 yard\u0131m etm\u0259k d\u00f6vl\u0259t\u0259 \u00e7\u0259tin olacaq&#8221;<br \/>\n  <\/i>\n<\/p>\n<p>\n  <br \/>\n  &#8220;Biz bazar iqtisadiyyat\u0131 \u015f\u0259raitind\u0259 ya\u015fay\u0131r\u0131q. \u015e\u00fcbh\u0259siz ki, bazar iqtisadiyyat\u0131 prinsipl\u0259rin\u0259 uy\u011fun manat\u0131n m\u0259z\u0259nn\u0259si \u00f6z yerini tapacaq. Bu g\u00fcn M\u0259rk\u0259zi Bank bu prosesi yax\u0131ndan izl\u0259yir, laz\u0131m g\u0259ldikd\u0259 m\u00fcdaxil\u0259l\u0259r edir&#8221;.<br \/>\n  <br \/>\n  &#8220;APA-Economics&#8221; x\u0259b\u0259r verir ki, bunu maliyy\u0259 naziri Samir \u015e\u0259rifov deyib.\n<\/p>\n<p>\n  Nazirin s\u00f6zl\u0259rin\u0259 g\u00f6r\u0259, manat\u0131n fundamental m\u0259z\u0259nn\u0259sinin tap\u0131lmas\u0131 \u00fc\u00e7\u00fcn \u00f6lk\u0259y\u0259 daxilolmalar v\u0259 \u00e7\u0131xar\u0131lan v\u0259sait aras\u0131nda tarazl\u0131q olmal\u0131d\u0131r: &#8220;Bu tarazl\u0131q ba\u015f verdikd\u0259 manat \u00f6z \u0259dal\u0259tli m\u0259z\u0259nn\u0259sini tapacaq. Hal-haz\u0131rda \u00f6lk\u0259y\u0259 valyuta daxilolmalar\u0131 bir q\u0259d\u0259r azal\u0131b. Buna baxmayaraq, M\u0259rk\u0259zi Bank\u0131n x\u0259tti il\u0259 ke\u00e7iril\u0259n iki devalvasiya n\u0259tic\u0259sind\u0259 manat\u0131n m\u0259z\u0259nn\u0259sinin \u0259dal\u0259tli m\u0259craya y\u00f6n\u0259ltm\u0259k istiqam\u0259tind\u0259 i\u015fl\u0259r g\u00f6rm\u0259k m\u00fcmk\u00fcn olub. Bu proses bir ne\u00e7\u0259 faktordan as\u0131l\u0131d\u0131r. Bizim \u0259sas ixrac m\u0259hsulumuz olan neftin qiym\u0259ti manat\u0131n m\u0259z\u0259nn\u0259sin\u0259 t\u0259sir edir. Biz \u00e7al\u0131\u015fmal\u0131y\u0131q ki, idxal \u0259m\u0259liyyatlar\u0131m\u0131z azals\u0131n. Dig\u0259r t\u0259r\u0259fd\u0259n, biz \u00f6lk\u0259y\u0259 daha \u00e7ox valyutan\u0131n daxil olmas\u0131na \u00e7al\u0131\u015fmal\u0131y\u0131q. Bizim \u0259n\u0259n\u0259vi ixrac m\u0259hsulumuz olan neftl\u0259 yana\u015f\u0131, yeni r\u0259qab\u0259tqabiliyy\u0259tli m\u0259hsullar\u0131n xarici bazarlara \u00e7\u0131xar\u0131lmas\u0131na \u00e7al\u0131\u015fmal\u0131y\u0131q. Bu v\u0259zif\u0259l\u0259r t\u0259dric\u0259n h\u0259ll olunduqca, manat n\u0259inki \u0259dal\u0259tli m\u0259z\u0259nn\u0259sini tapacaq, h\u0259tta m\u00f6hk\u0259ml\u0259n\u0259c\u0259k&#8221;.\n<\/p>\n<p>\n  Maliyy\u0259 naziri Samir \u015e\u0259rifov deyib ki, h\u00f6kum\u0259t bank sektorunda ba\u015f vermi\u015f probleml\u0259rl\u0259 \u0259laq\u0259dar bir s\u0131ra t\u0259dbirl\u0259r g\u00f6r\u00fcb v\u0259 g\u00f6rm\u0259kd\u0259dir. Bu t\u0259dbirl\u0259rd\u0259n biri banklarda \u0259man\u0259ti olan \u0259man\u0259t\u00e7il\u0259rin maraqlar\u0131n\u0131n qorunmas\u0131d\u0131r: &#8220;Bilirsiniz ki, &#8220;\u018fman\u0259tl\u0259rin tam s\u0131\u011fortalanmas\u0131 haqq\u0131nda&#8221; qanun q\u0259bul olundu v\u0259 q\u00fcvv\u0259y\u0259 mindi. Onu da bilirsiniz ki, \u018fman\u0259tl\u0259rin S\u0131\u011fortalanmas\u0131 Fondunda v\u0259sait \u00e7atmad\u0131qda, bel\u0259 hallar art\u0131q ba\u015f verib, M\u0259rk\u0259zi Bank bu fonda kredit verib v\u0259 o kredit\u0259 d\u00f6vl\u0259t z\u0259man\u0259ti t\u0259qdim olunub. D\u00f6vl\u0259t z\u0259man\u0259ti verm\u0259k \u00fc\u00e7\u00fcn Maliyy\u0259 Nazirliyin\u0259 s\u0259lahiyy\u0259t verilib. Bu da d\u00f6vl\u0259tin \u0259man\u0259t\u00e7il\u0259r\u0259 verdiyi d\u0259st\u0259kdir. O ki qald\u0131 xarici valyutada kreditl\u0259ri olan \u015f\u0259xsl\u0259r\u0259 d\u0259st\u0259y\u0259, bu, borcalan v\u0259 borcver\u0259n aras\u0131nda olan m\u00fcnasib\u0259tl\u0259r\u0259 ba\u011fl\u0131d\u0131r. Biz h\u0259r iki t\u0259r\u0259f \u00fc\u00e7\u00fcn, h\u0259m \u0259man\u0259t\u00e7i v\u0259 kredit borcu olanlar \u00fc\u00e7\u00fcn narahat\u0131q, lakin biz bunlardan birin\u0259 yard\u0131m etdik, dig\u0259r t\u0259r\u0259f\u0259 yard\u0131m etm\u0259k d\u00f6vl\u0259t\u0259 \u00e7\u0259tin olacaq. &#8220;D\u00f6vl\u0259t \u00f6hd\u0259liyi \u00f6z \u00fcz\u0259rin\u0259 g\u00f6t\u00fcr\u00fcr&#8221; dem\u0259k asand\u0131r. Lakin bunun \u00fc\u00e7\u00fcn maliyy\u0259 imkanlar\u0131 olmal\u0131d\u0131r. Biz anlamal\u0131y\u0131q ki, krediti borcu olan m\u0259hdud sayda insanlar\u0131n \u00f6hd\u0259liyini b\u00fct\u00fcn c\u0259miyy\u0259tin, y\u0259ni vergi \u00f6d\u0259yicil\u0259rinin \u00fcz\u0259rin\u0259 qoyuruq&#8221;, &#8211; dey\u0259 nazir bildirib.\n<\/p>\n<p>\n  Nazirin fikirl\u0259rini Meydan TV-y\u0259 \u015f\u0259rh ed\u0259n iqtisad\u00e7\u0131 Natiq C\u0259f\u0259rli bildirib ki, Az\u0259rbaycanda valyutalararas\u0131 birja normal f\u0259aliyy\u0259t g\u00f6st\u0259rs\u0259ydi v\u0259 \u00f6lk\u0259y\u0259 onlarla, y\u00fczl\u0259rl\u0259 \u015firk\u0259t valyuta g\u0259tirs\u0259ydi, manat\u0131n \u0259dal\u0259tli m\u0259z\u0259nn\u0259si olard\u0131:<\/p>\n<figure class=\"wp-block-image size-large\">\n  <img decoding=\"async\" src=\"https:\/\/www.meydan.tv\/az\/68766\/\" alt=\"\" class=\"wp-image-68766\"\/><figcaption>\n    Natiq C\u0259f\u0259rli foto Meydan TV<br \/>\n  <\/figcaption><\/figure>\n<p>\n  &#8220;Az\u0259rbaycanda \u00fcz\u0259n m\u0259z\u0259nn\u0259 v\u0259 bazar iqtisadiyyat\u0131na uy\u011fun olaraq m\u0259z\u0259nn\u0259 siyas\u0259ti olmay\u0131b, m\u0259z\u0259nn\u0259 inzibati qaydada m\u00fc\u0259yy\u0259n olunur v\u0259 bu g\u00fcn d\u0259 h\u0259min yana\u015fma davam edir. Ona g\u00f6r\u0259 inzibati qaydada m\u00fc\u0259yy\u0259n olunan m\u0259znn\u0259d\u0259 \u0259dal\u0259t prinsipi olmur. H\u00f6kum\u0259t qar\u015f\u0131s\u0131na qoydu\u011fu siyas\u0259ti h\u0259yata ke\u00e7irm\u0259k \u00fc\u00e7\u00fcn hans\u0131 m\u0259z\u0259nn\u0259ni uy\u011fun g\u00f6r\u00fcrs\u0259, onu da t\u0259tbiq ed\u0259c\u0259k. \u018fdal\u0259tli v\u0259 bazar\u0131n dikt\u0259 etdiyi m\u0259z\u0259nn\u0259 Az\u0259rbaycan reall\u0131\u011f\u0131nda m\u00fcmk\u00fcn deyil. H\u00f6kum\u0259t v\u0259 M\u0259rk\u0259zi Bank hans\u0131 strategiyan\u0131 se\u00e7\u0259c\u0259kl\u0259rs\u0259, ona uy\u011fun olaraq manat\u0131n m\u0259z\u0259nn\u0259si m\u00fc\u0259yy\u0259n olunacaq. H\u0259m d\u0259 bazarda Neft Fondu v\u0259 M\u0259rk\u0259zi Bankdan ba\u015fqa oyun\u00e7ular\u0131n da olmamas\u0131, \u0259dal\u0259tli m\u0259z\u0259nn\u0259nin yaranmas\u0131na \u0259sas mane\u0259l\u0259rd\u0259n biridir. M\u0259s\u0259l\u0259n, Rusiyada 11 min \u015firk\u0259t xaricd\u0259 qazand\u0131\u011f\u0131 valyutan\u0131 h\u0259r g\u00fcn rubla \u00e7evirir v\u0259 vergi, maa\u015f \u00f6hd\u0259likl\u0259rinin bu \u015f\u0259kild\u0259 \u00f6d\u0259yir. Bir daha t\u0259krar edir\u0259m, Az\u0259rbaycan bazar\u0131nda iki oyun\u00e7u oldu\u011fundan \u0259dal\u0259tli m\u0259z\u0259nn\u0259 ola bilm\u0259z&#8221;.<br \/>\n  <br \/>\n  Xarici valyutada kreditl\u0259ri olan \u015f\u0259xsl\u0259r\u0259 d\u0259st\u0259k verilm\u0259y\u0259c\u0259yin\u0259 g\u0259linc\u0259, iqtisad\u00e7\u0131 naziri haql\u0131 say\u0131r:<\/p>\n<p>  &#8220;Valyuta kreditl\u0259rinin ba\u011f\u0131\u015flanmas\u0131, yaxud l\u0259\u011fv olunmas\u0131 \u00fc\u00e7\u00fcn m\u0259nb\u0259 yoxdursa, bunu nec\u0259 etm\u0259k olar?! Ancaq D\u00f6vl\u0259t Neft Fondu, yaxud b\u00fcdc\u0259 ola bil\u0259r, indiki \u015f\u0259raitd\u0259 is\u0259 bu qurumlar\u0131n da resursu yoxdur. Ona g\u00f6r\u0259 valyuta kreditl\u0259ril\u0259 ba\u011fl\u0131 m\u0259s\u0259l\u0259 h\u0259ll olunmam\u0131\u015f qalacaq. Amma bu amil d\u0259 ikinci problem yaradacaq ki, problemli kreditl\u0259rin h\u0259cmi kifay\u0259t q\u0259d\u0259r artacaq. Onsuz da ilin ilk 9 ay\u0131nda problemli kreditl\u0259r iki d\u0259f\u0259 art\u0131b. H\u00f6kum\u0259tin d\u0259st\u0259yi olmayacaqsa, bu art\u0131m daha s\u00fcr\u0259tli olacaq&#8221;.<\/p>\n","protected":false},"excerpt":{"rendered":"<p>Samir \u015e\u0259rifov: &#8221;Biz h\u0259r iki t\u0259r\u0259f \u00fc\u00e7\u00fcn, h\u0259m \u0259man\u0259t\u00e7i v\u0259 kredit borcu olanlar \u00fc\u00e7\u00fcn narahat\u0131q, lakin biz bunlardan birin\u0259 yard\u0131m etdik, dig\u0259r t\u0259r\u0259f\u0259 yard\u0131m etm\u0259k d\u00f6vl\u0259t\u0259 \u00e7\u0259tin olacaq&#8221;<\/p>\n","protected":false},"author":11,"featured_media":68763,"comment_status":"closed","ping_status":"open","sticky":false,"template":"","format":"standard","meta":{"_acf_changed":false,"_sitemap_exclude":false,"_sitemap_priority":"","_sitemap_frequency":"","footnotes":""},"categories":[51],"tags":[],"class_list":["post-179129","post","type-post","status-publish","format-standard","has-post-thumbnail","hentry","category-analitika","infinite-scroll-item","generate-columns","tablet-grid-50","mobile-grid-100","grid-parent","grid-33","no-featured-image-padding"],"acf":[],"yoast_head":"<!-- This site is optimized with the Yoast SEO plugin v27.5 - https:\/\/yoast.com\/product\/yoast-seo-wordpress\/ -->\n<title>H\u00f6kum\u0259t xarici valyutada kredit g\u00f6t\u00fcr\u0259nl\u0259r\u0259 d\u0259st\u0259k verm\u0259y\u0259c\u0259k - MEYDAN.TV<\/title>\n<meta name=\"robots\" content=\"index, follow, max-snippet:-1, max-image-preview:large, max-video-preview:-1\" \/>\n<link rel=\"canonical\" href=\"https:\/\/www.meydan.tv\/az\/article\/hokumet-xarici-valyutada-kredit-goturenlere-destek-vermeyecek\/\" \/>\n<meta property=\"og:locale\" content=\"az_AZ\" \/>\n<meta property=\"og:type\" content=\"article\" \/>\n<meta property=\"og:title\" content=\"H\u00f6kum\u0259t xarici valyutada kredit g\u00f6t\u00fcr\u0259nl\u0259r\u0259 d\u0259st\u0259k verm\u0259y\u0259c\u0259k - MEYDAN.TV\" \/>\n<meta property=\"og:description\" content=\"Samir \u015e\u0259rifov: &#039;&#039;Biz h\u0259r iki t\u0259r\u0259f \u00fc\u00e7\u00fcn, h\u0259m \u0259man\u0259t\u00e7i v\u0259 kredit borcu olanlar \u00fc\u00e7\u00fcn narahat\u0131q, lakin biz bunlardan birin\u0259 yard\u0131m etdik, dig\u0259r t\u0259r\u0259f\u0259 yard\u0131m etm\u0259k d\u00f6vl\u0259t\u0259 \u00e7\u0259tin olacaq&#039;&#039;\" \/>\n<meta property=\"og:url\" content=\"https:\/\/www.meydan.tv\/az\/article\/hokumet-xarici-valyutada-kredit-goturenlere-destek-vermeyecek\/\" \/>\n<meta property=\"og:site_name\" content=\"MEYDAN.TV\" \/>\n<meta property=\"article:published_time\" content=\"2016-09-26T16:33:06+00:00\" \/>\n<meta property=\"og:image\" content=\"https:\/\/www.meydan.tv\/wp-content\/uploads\/26296.jpg\" \/>\n\t<meta property=\"og:image:width\" content=\"750\" \/>\n\t<meta property=\"og:image:height\" content=\"500\" \/>\n\t<meta property=\"og:image:type\" content=\"image\/jpeg\" \/>\n<meta name=\"author\" content=\"user-manager\" \/>\n<meta name=\"twitter:card\" content=\"summary_large_image\" \/>\n<script type=\"application\/ld+json\" class=\"yoast-schema-graph\">{\"@context\":\"https:\\\/\\\/schema.org\",\"@graph\":[{\"@type\":\"Article\",\"@id\":\"https:\\\/\\\/www.meydan.tv\\\/az\\\/article\\\/hokumet-xarici-valyutada-kredit-goturenlere-destek-vermeyecek\\\/#article\",\"isPartOf\":{\"@id\":\"https:\\\/\\\/www.meydan.tv\\\/az\\\/article\\\/hokumet-xarici-valyutada-kredit-goturenlere-destek-vermeyecek\\\/\"},\"author\":{\"name\":\"user-manager\",\"@id\":\"https:\\\/\\\/www.meydan.tv\\\/az\\\/#\\\/schema\\\/person\\\/10d11eccf6da3662cf5fdab9806ea91a\"},\"headline\":\"H\u00f6kum\u0259t xarici valyutada kredit g\u00f6t\u00fcr\u0259nl\u0259r\u0259 d\u0259st\u0259k verm\u0259y\u0259c\u0259k\",\"datePublished\":\"2016-09-26T16:33:06+00:00\",\"mainEntityOfPage\":{\"@id\":\"https:\\\/\\\/www.meydan.tv\\\/az\\\/article\\\/hokumet-xarici-valyutada-kredit-goturenlere-destek-vermeyecek\\\/\"},\"wordCount\":1001,\"publisher\":{\"@id\":\"https:\\\/\\\/www.meydan.tv\\\/az\\\/#organization\"},\"image\":{\"@id\":\"https:\\\/\\\/www.meydan.tv\\\/az\\\/article\\\/hokumet-xarici-valyutada-kredit-goturenlere-destek-vermeyecek\\\/#primaryimage\"},\"thumbnailUrl\":\"https:\\\/\\\/www.meydan.tv\\\/wp-content\\\/uploads\\\/26296.jpg\",\"articleSection\":[\"Analitika\"],\"inLanguage\":\"az\"},{\"@type\":\"WebPage\",\"@id\":\"https:\\\/\\\/www.meydan.tv\\\/az\\\/article\\\/hokumet-xarici-valyutada-kredit-goturenlere-destek-vermeyecek\\\/\",\"url\":\"https:\\\/\\\/www.meydan.tv\\\/az\\\/article\\\/hokumet-xarici-valyutada-kredit-goturenlere-destek-vermeyecek\\\/\",\"name\":\"H\u00f6kum\u0259t xarici valyutada kredit g\u00f6t\u00fcr\u0259nl\u0259r\u0259 d\u0259st\u0259k verm\u0259y\u0259c\u0259k - MEYDAN.TV\",\"isPartOf\":{\"@id\":\"https:\\\/\\\/www.meydan.tv\\\/az\\\/#website\"},\"primaryImageOfPage\":{\"@id\":\"https:\\\/\\\/www.meydan.tv\\\/az\\\/article\\\/hokumet-xarici-valyutada-kredit-goturenlere-destek-vermeyecek\\\/#primaryimage\"},\"image\":{\"@id\":\"https:\\\/\\\/www.meydan.tv\\\/az\\\/article\\\/hokumet-xarici-valyutada-kredit-goturenlere-destek-vermeyecek\\\/#primaryimage\"},\"thumbnailUrl\":\"https:\\\/\\\/www.meydan.tv\\\/wp-content\\\/uploads\\\/26296.jpg\",\"datePublished\":\"2016-09-26T16:33:06+00:00\",\"breadcrumb\":{\"@id\":\"https:\\\/\\\/www.meydan.tv\\\/az\\\/article\\\/hokumet-xarici-valyutada-kredit-goturenlere-destek-vermeyecek\\\/#breadcrumb\"},\"inLanguage\":\"az\",\"potentialAction\":[{\"@type\":\"ReadAction\",\"target\":[\"https:\\\/\\\/www.meydan.tv\\\/az\\\/article\\\/hokumet-xarici-valyutada-kredit-goturenlere-destek-vermeyecek\\\/\"]}]},{\"@type\":\"ImageObject\",\"inLanguage\":\"az\",\"@id\":\"https:\\\/\\\/www.meydan.tv\\\/az\\\/article\\\/hokumet-xarici-valyutada-kredit-goturenlere-destek-vermeyecek\\\/#primaryimage\",\"url\":\"https:\\\/\\\/www.meydan.tv\\\/wp-content\\\/uploads\\\/26296.jpg\",\"contentUrl\":\"https:\\\/\\\/www.meydan.tv\\\/wp-content\\\/uploads\\\/26296.jpg\",\"width\":750,\"height\":500,\"caption\":\"Source:\"},{\"@type\":\"BreadcrumbList\",\"@id\":\"https:\\\/\\\/www.meydan.tv\\\/az\\\/article\\\/hokumet-xarici-valyutada-kredit-goturenlere-destek-vermeyecek\\\/#breadcrumb\",\"itemListElement\":[{\"@type\":\"ListItem\",\"position\":1,\"name\":\"Ana s\u0259hif\u0259\",\"item\":\"https:\\\/\\\/www.meydan.tv\\\/az\\\/\"},{\"@type\":\"ListItem\",\"position\":2,\"name\":\"Analitika\",\"item\":\"https:\\\/\\\/www.meydan.tv\\\/az\\\/section\\\/analitika\\\/\"},{\"@type\":\"ListItem\",\"position\":3,\"name\":\"H\u00f6kum\u0259t xarici valyutada kredit g\u00f6t\u00fcr\u0259nl\u0259r\u0259 d\u0259st\u0259k verm\u0259y\u0259c\u0259k\"}]},{\"@type\":\"WebSite\",\"@id\":\"https:\\\/\\\/www.meydan.tv\\\/az\\\/#website\",\"url\":\"https:\\\/\\\/www.meydan.tv\\\/az\\\/\",\"name\":\"MEYDAN.TV\",\"description\":\"Meydan TV Az\u0259rbaycan\u0131n media m\u0259kan\u0131ndak\u0131 alternativ s\u0259sidir\",\"publisher\":{\"@id\":\"https:\\\/\\\/www.meydan.tv\\\/az\\\/#organization\"},\"potentialAction\":[{\"@type\":\"SearchAction\",\"target\":{\"@type\":\"EntryPoint\",\"urlTemplate\":\"https:\\\/\\\/www.meydan.tv\\\/az\\\/?s={search_term_string}\"},\"query-input\":{\"@type\":\"PropertyValueSpecification\",\"valueRequired\":true,\"valueName\":\"search_term_string\"}}],\"inLanguage\":\"az\"},{\"@type\":\"Organization\",\"@id\":\"https:\\\/\\\/www.meydan.tv\\\/az\\\/#organization\",\"name\":\"Meydan TV\",\"url\":\"https:\\\/\\\/www.meydan.tv\\\/az\\\/\",\"logo\":{\"@type\":\"ImageObject\",\"inLanguage\":\"az\",\"@id\":\"https:\\\/\\\/www.meydan.tv\\\/az\\\/#\\\/schema\\\/logo\\\/image\\\/\",\"url\":\"https:\\\/\\\/www.meydan.tv\\\/wp-content\\\/uploads\\\/2021\\\/07\\\/meydan-logo.svg\",\"contentUrl\":\"https:\\\/\\\/www.meydan.tv\\\/wp-content\\\/uploads\\\/2021\\\/07\\\/meydan-logo.svg\",\"width\":195,\"height\":46,\"caption\":\"Meydan TV\"},\"image\":{\"@id\":\"https:\\\/\\\/www.meydan.tv\\\/az\\\/#\\\/schema\\\/logo\\\/image\\\/\"}},{\"@type\":\"Person\",\"@id\":\"https:\\\/\\\/www.meydan.tv\\\/az\\\/#\\\/schema\\\/person\\\/10d11eccf6da3662cf5fdab9806ea91a\",\"name\":\"user-manager\"}]}<\/script>\n<!-- \/ Yoast SEO plugin. -->","yoast_head_json":{"title":"H\u00f6kum\u0259t xarici valyutada kredit g\u00f6t\u00fcr\u0259nl\u0259r\u0259 d\u0259st\u0259k verm\u0259y\u0259c\u0259k - MEYDAN.TV","robots":{"index":"index","follow":"follow","max-snippet":"max-snippet:-1","max-image-preview":"max-image-preview:large","max-video-preview":"max-video-preview:-1"},"canonical":"https:\/\/www.meydan.tv\/az\/article\/hokumet-xarici-valyutada-kredit-goturenlere-destek-vermeyecek\/","og_locale":"az_AZ","og_type":"article","og_title":"H\u00f6kum\u0259t xarici valyutada kredit g\u00f6t\u00fcr\u0259nl\u0259r\u0259 d\u0259st\u0259k verm\u0259y\u0259c\u0259k - MEYDAN.TV","og_description":"Samir \u015e\u0259rifov: ''Biz h\u0259r iki t\u0259r\u0259f \u00fc\u00e7\u00fcn, h\u0259m \u0259man\u0259t\u00e7i v\u0259 kredit borcu olanlar \u00fc\u00e7\u00fcn narahat\u0131q, lakin biz bunlardan birin\u0259 yard\u0131m etdik, dig\u0259r t\u0259r\u0259f\u0259 yard\u0131m etm\u0259k d\u00f6vl\u0259t\u0259 \u00e7\u0259tin olacaq''","og_url":"https:\/\/www.meydan.tv\/az\/article\/hokumet-xarici-valyutada-kredit-goturenlere-destek-vermeyecek\/","og_site_name":"MEYDAN.TV","article_published_time":"2016-09-26T16:33:06+00:00","og_image":[{"width":750,"height":500,"url":"https:\/\/www.meydan.tv\/wp-content\/uploads\/26296.jpg","type":"image\/jpeg"}],"author":"user-manager","twitter_card":"summary_large_image","schema":{"@context":"https:\/\/schema.org","@graph":[{"@type":"Article","@id":"https:\/\/www.meydan.tv\/az\/article\/hokumet-xarici-valyutada-kredit-goturenlere-destek-vermeyecek\/#article","isPartOf":{"@id":"https:\/\/www.meydan.tv\/az\/article\/hokumet-xarici-valyutada-kredit-goturenlere-destek-vermeyecek\/"},"author":{"name":"user-manager","@id":"https:\/\/www.meydan.tv\/az\/#\/schema\/person\/10d11eccf6da3662cf5fdab9806ea91a"},"headline":"H\u00f6kum\u0259t xarici valyutada kredit g\u00f6t\u00fcr\u0259nl\u0259r\u0259 d\u0259st\u0259k verm\u0259y\u0259c\u0259k","datePublished":"2016-09-26T16:33:06+00:00","mainEntityOfPage":{"@id":"https:\/\/www.meydan.tv\/az\/article\/hokumet-xarici-valyutada-kredit-goturenlere-destek-vermeyecek\/"},"wordCount":1001,"publisher":{"@id":"https:\/\/www.meydan.tv\/az\/#organization"},"image":{"@id":"https:\/\/www.meydan.tv\/az\/article\/hokumet-xarici-valyutada-kredit-goturenlere-destek-vermeyecek\/#primaryimage"},"thumbnailUrl":"https:\/\/www.meydan.tv\/wp-content\/uploads\/26296.jpg","articleSection":["Analitika"],"inLanguage":"az"},{"@type":"WebPage","@id":"https:\/\/www.meydan.tv\/az\/article\/hokumet-xarici-valyutada-kredit-goturenlere-destek-vermeyecek\/","url":"https:\/\/www.meydan.tv\/az\/article\/hokumet-xarici-valyutada-kredit-goturenlere-destek-vermeyecek\/","name":"H\u00f6kum\u0259t xarici valyutada kredit g\u00f6t\u00fcr\u0259nl\u0259r\u0259 d\u0259st\u0259k verm\u0259y\u0259c\u0259k - MEYDAN.TV","isPartOf":{"@id":"https:\/\/www.meydan.tv\/az\/#website"},"primaryImageOfPage":{"@id":"https:\/\/www.meydan.tv\/az\/article\/hokumet-xarici-valyutada-kredit-goturenlere-destek-vermeyecek\/#primaryimage"},"image":{"@id":"https:\/\/www.meydan.tv\/az\/article\/hokumet-xarici-valyutada-kredit-goturenlere-destek-vermeyecek\/#primaryimage"},"thumbnailUrl":"https:\/\/www.meydan.tv\/wp-content\/uploads\/26296.jpg","datePublished":"2016-09-26T16:33:06+00:00","breadcrumb":{"@id":"https:\/\/www.meydan.tv\/az\/article\/hokumet-xarici-valyutada-kredit-goturenlere-destek-vermeyecek\/#breadcrumb"},"inLanguage":"az","potentialAction":[{"@type":"ReadAction","target":["https:\/\/www.meydan.tv\/az\/article\/hokumet-xarici-valyutada-kredit-goturenlere-destek-vermeyecek\/"]}]},{"@type":"ImageObject","inLanguage":"az","@id":"https:\/\/www.meydan.tv\/az\/article\/hokumet-xarici-valyutada-kredit-goturenlere-destek-vermeyecek\/#primaryimage","url":"https:\/\/www.meydan.tv\/wp-content\/uploads\/26296.jpg","contentUrl":"https:\/\/www.meydan.tv\/wp-content\/uploads\/26296.jpg","width":750,"height":500,"caption":"Source:"},{"@type":"BreadcrumbList","@id":"https:\/\/www.meydan.tv\/az\/article\/hokumet-xarici-valyutada-kredit-goturenlere-destek-vermeyecek\/#breadcrumb","itemListElement":[{"@type":"ListItem","position":1,"name":"Ana s\u0259hif\u0259","item":"https:\/\/www.meydan.tv\/az\/"},{"@type":"ListItem","position":2,"name":"Analitika","item":"https:\/\/www.meydan.tv\/az\/section\/analitika\/"},{"@type":"ListItem","position":3,"name":"H\u00f6kum\u0259t xarici valyutada kredit g\u00f6t\u00fcr\u0259nl\u0259r\u0259 d\u0259st\u0259k verm\u0259y\u0259c\u0259k"}]},{"@type":"WebSite","@id":"https:\/\/www.meydan.tv\/az\/#website","url":"https:\/\/www.meydan.tv\/az\/","name":"MEYDAN.TV","description":"Meydan TV Az\u0259rbaycan\u0131n media m\u0259kan\u0131ndak\u0131 alternativ s\u0259sidir","publisher":{"@id":"https:\/\/www.meydan.tv\/az\/#organization"},"potentialAction":[{"@type":"SearchAction","target":{"@type":"EntryPoint","urlTemplate":"https:\/\/www.meydan.tv\/az\/?s={search_term_string}"},"query-input":{"@type":"PropertyValueSpecification","valueRequired":true,"valueName":"search_term_string"}}],"inLanguage":"az"},{"@type":"Organization","@id":"https:\/\/www.meydan.tv\/az\/#organization","name":"Meydan TV","url":"https:\/\/www.meydan.tv\/az\/","logo":{"@type":"ImageObject","inLanguage":"az","@id":"https:\/\/www.meydan.tv\/az\/#\/schema\/logo\/image\/","url":"https:\/\/www.meydan.tv\/wp-content\/uploads\/2021\/07\/meydan-logo.svg","contentUrl":"https:\/\/www.meydan.tv\/wp-content\/uploads\/2021\/07\/meydan-logo.svg","width":195,"height":46,"caption":"Meydan TV"},"image":{"@id":"https:\/\/www.meydan.tv\/az\/#\/schema\/logo\/image\/"}},{"@type":"Person","@id":"https:\/\/www.meydan.tv\/az\/#\/schema\/person\/10d11eccf6da3662cf5fdab9806ea91a","name":"user-manager"}]}},"_links":{"self":[{"href":"https:\/\/www.meydan.tv\/az\/wp-json\/wp\/v2\/posts\/179129","targetHints":{"allow":["GET"]}}],"collection":[{"href":"https:\/\/www.meydan.tv\/az\/wp-json\/wp\/v2\/posts"}],"about":[{"href":"https:\/\/www.meydan.tv\/az\/wp-json\/wp\/v2\/types\/post"}],"author":[{"embeddable":true,"href":"https:\/\/www.meydan.tv\/az\/wp-json\/wp\/v2\/users\/11"}],"replies":[{"embeddable":true,"href":"https:\/\/www.meydan.tv\/az\/wp-json\/wp\/v2\/comments?post=179129"}],"version-history":[{"count":0,"href":"https:\/\/www.meydan.tv\/az\/wp-json\/wp\/v2\/posts\/179129\/revisions"}],"wp:featuredmedia":[{"embeddable":true,"href":"https:\/\/www.meydan.tv\/az\/wp-json\/wp\/v2\/media\/68763"}],"wp:attachment":[{"href":"https:\/\/www.meydan.tv\/az\/wp-json\/wp\/v2\/media?parent=179129"}],"wp:term":[{"taxonomy":"category","embeddable":true,"href":"https:\/\/www.meydan.tv\/az\/wp-json\/wp\/v2\/categories?post=179129"},{"taxonomy":"post_tag","embeddable":true,"href":"https:\/\/www.meydan.tv\/az\/wp-json\/wp\/v2\/tags?post=179129"}],"curies":[{"name":"wp","href":"https:\/\/api.w.org\/{rel}","templated":true}]}}