{"id":179101,"date":"2016-09-24T23:59:06","date_gmt":"2016-09-24T23:59:06","guid":{"rendered":"https:\/\/www.meydan.tv\/article\/komanda-iqtisadiyyatindan-imtina-edilmeli\/"},"modified":"2016-09-24T23:59:06","modified_gmt":"2016-09-24T23:59:06","slug":"komanda-iqtisadiyyatindan-imtina-edilmeli","status":"publish","type":"post","link":"https:\/\/www.meydan.tv\/az\/article\/komanda-iqtisadiyyatindan-imtina-edilmeli\/","title":{"rendered":"Komanda iqtisadiyyat\u0131ndan imtina edilm\u0259li"},"content":{"rendered":"<figure class=\"wp-block-image size-large\">\n  <img decoding=\"async\" src=\"https:\/\/www.meydan.tv\/az\/68679\/\" alt=\"\" class=\"wp-image-68679\"\/><figcaption><\/figcaption><\/figure>\n<figure class=\"wp-block-image size-large\">\n  <img decoding=\"async\" src=\"https:\/\/www.meydan.tv\/az\/68685\/\" alt=\"\" class=\"wp-image-68685\"\/><figcaption><\/figcaption><\/figure>\n<p>\n  \u0130xracy\u00f6n\u00fcml\u00fc geyim sektoru qurma\u011f\u0131n yolu indiki inhisar\u00e7\u0131l\u0131qdan imtinadan ke\u00e7ir\n<\/p>\n<p>\n  H\u00f6kum\u0259t Ming\u0259\u00e7evir S\u0259naye Park\u0131n\u0131 geyim istehsal\u0131 \u00fcz\u0259rind\u0259 qurmaq ist\u0259yir.\n<\/p>\n<p>\n  Az\u0259rbaycan tekstil m\u0259hsullar\u0131n\u0131 \u0259sas\u0259n idxal edir. R\u0259smi m\u0259lumata g\u00f6r\u0259, geyim m\u0259hsullar\u0131n\u0131n illik idxal\u0131n\u0131n h\u0259cmi 100 milyon dollardan bir q\u0259d\u0259r azd\u0131r. Lakin bu sah\u0259d\u0259 ticar\u0259t quran i\u015f adamlar\u0131n\u0131n dediyin\u0259 g\u00f6r\u0259, real idxal bundan az\u0131 3-4 d\u0259f\u0259 \u00e7oxdur. Y\u0259ni reall\u0131qda \u0259n az\u0131 300-350 milyon dollarl\u0131q idxal h\u0259cmini \u0259v\u0259zl\u0259y\u0259n yerli istehsal\u0131n qurulmas\u0131ndan gedir. \u00dcst\u0259g\u0259l, T\u00fcrkiy\u0259d\u0259 15 milyard dollarl\u0131q \u0259lav\u0259 d\u0259y\u0259r yaradan tekstil s\u0259nayesi 2 milyon n\u0259f\u0259r\u0259 yax\u0131n insan\u0131 i\u015fl\u0259 t\u0259min edir. Bu \u00f6l\u00e7\u00fc il\u0259 yana\u015fsaq, biz t\u0259kc\u0259 300-350 milyon dollarl\u0131q idxal\u0259v\u0259zl\u0259yici geyim s\u0259nayesi hesab\u0131na 20-25 min n\u0259f\u0259ri i\u015fl\u0259 t\u0259min ed\u0259 bil\u0259rik. \u0130xracy\u00f6n\u00fcml\u00fc s\u0259naye qurulsa, sektorun say\u0259sind\u0259 m\u0259\u015f\u011fullu\u011fun miqyas\u0131 daha da geni\u015fl\u0259n\u0259 bil\u0259r.\n<\/p>\n<p>\n  Bu bax\u0131mdan yerli s\u0259nayeni inki\u015faf etdirm\u0259k do\u011fru yana\u015fmad\u0131.\n<\/p>\n<p>\n  Amma bu sah\u0259nin ayaqda durmas\u0131 \u00fc\u00e7\u00fcn a\u00e7\u0131lan yeni m\u00fc\u0259ssis\u0259l\u0259rin r\u0259qab\u0259tqabiliyy\u0259tli m\u0259hsul istehsal\u0131na nail olmaq g\u0259r\u0259kdir. R\u0259qab\u0259tqabiliyy\u0259tlilik \u00fc\u00e7\u00fcn ba\u015fl\u0131ca \u015f\u0259rt &#8211; anoloji idxal mallar\u0131ndan keyfiyy\u0259tli v\u0259 ucuz m\u0259hsul istehsal\u0131na nail olmaq.\n<\/p>\n<p>\n  \u018fks halda bu m\u00fc\u0259ssis\u0259l\u0259r d\u0259 \u015eamax\u0131da 3 ild\u0259 (2005-2008-ci ill\u0259r) a\u00e7\u0131lan 4 zavodun taleyini ya\u015faya bil\u0259r.\n<\/p>\n<p>\n  M\u0259lumat \u00fc\u00e7\u00fcn deyim: \u015eamax\u0131da a\u00e7\u0131lan soyuducular zavodu 2008-d\u0259 2800 \u0259d\u0259d, 2015-d\u0259 80 \u0259d\u0259d, kondisioner zavodu 2008-d\u0259 6200 \u0259d\u0259d, 2015-d\u0259 180 \u0259d\u0259d, televizor zavodu 2010-da 8500, 2015-d\u0259 790 \u0259d\u0259d, avtomobil zavodu 2010-2015-ci ill\u0259rd\u0259 c\u0259mi 25 \u0259d\u0259d m\u0259hsul istehsal edib.\n<\/p>\n<p>\n  Bir maraql\u0131 m\u0259lumat da deyim: \u0259n son m\u0259lumata g\u00f6r\u0259, d\u00fcnya geyim ixracat\u0131n\u0131n h\u0259cmi t\u0259xmin\u0259n 37 milyard dollard\u0131r. Bu m\u0259bl\u0259\u011fin t\u0259xmin\u0259n 74%-i 11 \u00f6lk\u0259nin pay\u0131na d\u00fc\u015f\u00fcr: \u00c7in (24%), Almaniya (9.8%), AB\u015e (8,2%), \u0130taliya (7.3%), Honkonq (5.7%), Yaponiya (3.9%), Tayvan (3.7%), C\u0259nubi Koreya (3.4%), Fransa (3.3%), Niderland (2.2%), T\u00fcrkiy\u0259 (2.2%).\n<\/p>\n<p>\n  \u018fsas ixracat\u00e7\u0131 \u00f6lk\u0259l\u0259rin siyah\u0131s\u0131na baxanda ayd\u0131n olur ki, ixracy\u00f6n\u00fcml\u00fc geyim sektoru qurma\u011f\u0131n yolu indiki inhisar\u00e7\u0131 v\u0259 komanda iqtisadiyyat\u0131ndan imtina etm\u0259kd\u0259n ke\u00e7ir.<\/p>\n","protected":false},"excerpt":{"rendered":"<p>\u0130xracy\u00f6n\u00fcml\u00fc geyim sektoru qurma\u011f\u0131n yolu indiki inhisar\u00e7\u0131l\u0131qdan imtinadan ke\u00e7ir H\u00f6kum\u0259t &#8230; <\/p>\n<p class=\"read-more-container\"><a title=\"Komanda iqtisadiyyat\u0131ndan imtina edilm\u0259li\" class=\"read-more button\" href=\"https:\/\/www.meydan.tv\/az\/article\/komanda-iqtisadiyyatindan-imtina-edilmeli\/#more-179101\" aria-label=\"Read more about Komanda iqtisadiyyat\u0131ndan imtina edilm\u0259li\">Davam\u0131<\/a><\/p>\n","protected":false},"author":11,"featured_media":68679,"comment_status":"closed","ping_status":"open","sticky":false,"template":"","format":"standard","meta":{"_acf_changed":false,"_sitemap_exclude":false,"_sitemap_priority":"","_sitemap_frequency":"","footnotes":""},"categories":[51],"tags":[],"class_list":["post-179101","post","type-post","status-publish","format-standard","has-post-thumbnail","hentry","category-analitika","infinite-scroll-item","generate-columns","tablet-grid-50","mobile-grid-100","grid-parent","grid-33","no-featured-image-padding"],"acf":[],"yoast_head":"<!-- This site is optimized with the Yoast SEO plugin v27.5 - https:\/\/yoast.com\/product\/yoast-seo-wordpress\/ -->\n<title>Komanda iqtisadiyyat\u0131ndan imtina edilm\u0259li - MEYDAN.TV<\/title>\n<meta name=\"robots\" content=\"index, follow, max-snippet:-1, max-image-preview:large, max-video-preview:-1\" \/>\n<link rel=\"canonical\" href=\"https:\/\/www.meydan.tv\/az\/article\/komanda-iqtisadiyyatindan-imtina-edilmeli\/\" \/>\n<meta property=\"og:locale\" content=\"az_AZ\" \/>\n<meta property=\"og:type\" content=\"article\" \/>\n<meta property=\"og:title\" content=\"Komanda iqtisadiyyat\u0131ndan imtina edilm\u0259li - MEYDAN.TV\" \/>\n<meta property=\"og:description\" content=\"\u0130xracy\u00f6n\u00fcml\u00fc geyim sektoru qurma\u011f\u0131n yolu indiki inhisar\u00e7\u0131l\u0131qdan imtinadan ke\u00e7ir H\u00f6kum\u0259t ... Davam\u0131\" \/>\n<meta property=\"og:url\" content=\"https:\/\/www.meydan.tv\/az\/article\/komanda-iqtisadiyyatindan-imtina-edilmeli\/\" \/>\n<meta property=\"og:site_name\" content=\"MEYDAN.TV\" \/>\n<meta property=\"article:published_time\" content=\"2016-09-24T23:59:06+00:00\" \/>\n<meta property=\"og:image\" content=\"https:\/\/www.meydan.tv\/wp-content\/uploads\/26260.jpg\" \/>\n\t<meta property=\"og:image:width\" content=\"400\" \/>\n\t<meta property=\"og:image:height\" content=\"243\" \/>\n\t<meta property=\"og:image:type\" content=\"image\/jpeg\" \/>\n<meta name=\"author\" content=\"user-manager\" \/>\n<meta name=\"twitter:card\" content=\"summary_large_image\" \/>\n<script type=\"application\/ld+json\" class=\"yoast-schema-graph\">{\"@context\":\"https:\\\/\\\/schema.org\",\"@graph\":[{\"@type\":\"Article\",\"@id\":\"https:\\\/\\\/www.meydan.tv\\\/az\\\/article\\\/komanda-iqtisadiyyatindan-imtina-edilmeli\\\/#article\",\"isPartOf\":{\"@id\":\"https:\\\/\\\/www.meydan.tv\\\/az\\\/article\\\/komanda-iqtisadiyyatindan-imtina-edilmeli\\\/\"},\"author\":{\"name\":\"user-manager\",\"@id\":\"https:\\\/\\\/www.meydan.tv\\\/az\\\/#\\\/schema\\\/person\\\/10d11eccf6da3662cf5fdab9806ea91a\"},\"headline\":\"Komanda iqtisadiyyat\u0131ndan imtina edilm\u0259li\",\"datePublished\":\"2016-09-24T23:59:06+00:00\",\"mainEntityOfPage\":{\"@id\":\"https:\\\/\\\/www.meydan.tv\\\/az\\\/article\\\/komanda-iqtisadiyyatindan-imtina-edilmeli\\\/\"},\"wordCount\":418,\"publisher\":{\"@id\":\"https:\\\/\\\/www.meydan.tv\\\/az\\\/#organization\"},\"image\":{\"@id\":\"https:\\\/\\\/www.meydan.tv\\\/az\\\/article\\\/komanda-iqtisadiyyatindan-imtina-edilmeli\\\/#primaryimage\"},\"thumbnailUrl\":\"https:\\\/\\\/www.meydan.tv\\\/wp-content\\\/uploads\\\/26260.jpg\",\"articleSection\":[\"Analitika\"],\"inLanguage\":\"az\"},{\"@type\":\"WebPage\",\"@id\":\"https:\\\/\\\/www.meydan.tv\\\/az\\\/article\\\/komanda-iqtisadiyyatindan-imtina-edilmeli\\\/\",\"url\":\"https:\\\/\\\/www.meydan.tv\\\/az\\\/article\\\/komanda-iqtisadiyyatindan-imtina-edilmeli\\\/\",\"name\":\"Komanda iqtisadiyyat\u0131ndan imtina edilm\u0259li - MEYDAN.TV\",\"isPartOf\":{\"@id\":\"https:\\\/\\\/www.meydan.tv\\\/az\\\/#website\"},\"primaryImageOfPage\":{\"@id\":\"https:\\\/\\\/www.meydan.tv\\\/az\\\/article\\\/komanda-iqtisadiyyatindan-imtina-edilmeli\\\/#primaryimage\"},\"image\":{\"@id\":\"https:\\\/\\\/www.meydan.tv\\\/az\\\/article\\\/komanda-iqtisadiyyatindan-imtina-edilmeli\\\/#primaryimage\"},\"thumbnailUrl\":\"https:\\\/\\\/www.meydan.tv\\\/wp-content\\\/uploads\\\/26260.jpg\",\"datePublished\":\"2016-09-24T23:59:06+00:00\",\"breadcrumb\":{\"@id\":\"https:\\\/\\\/www.meydan.tv\\\/az\\\/article\\\/komanda-iqtisadiyyatindan-imtina-edilmeli\\\/#breadcrumb\"},\"inLanguage\":\"az\",\"potentialAction\":[{\"@type\":\"ReadAction\",\"target\":[\"https:\\\/\\\/www.meydan.tv\\\/az\\\/article\\\/komanda-iqtisadiyyatindan-imtina-edilmeli\\\/\"]}]},{\"@type\":\"ImageObject\",\"inLanguage\":\"az\",\"@id\":\"https:\\\/\\\/www.meydan.tv\\\/az\\\/article\\\/komanda-iqtisadiyyatindan-imtina-edilmeli\\\/#primaryimage\",\"url\":\"https:\\\/\\\/www.meydan.tv\\\/wp-content\\\/uploads\\\/26260.jpg\",\"contentUrl\":\"https:\\\/\\\/www.meydan.tv\\\/wp-content\\\/uploads\\\/26260.jpg\",\"width\":400,\"height\":243,\"caption\":\"Source:\"},{\"@type\":\"BreadcrumbList\",\"@id\":\"https:\\\/\\\/www.meydan.tv\\\/az\\\/article\\\/komanda-iqtisadiyyatindan-imtina-edilmeli\\\/#breadcrumb\",\"itemListElement\":[{\"@type\":\"ListItem\",\"position\":1,\"name\":\"Ana s\u0259hif\u0259\",\"item\":\"https:\\\/\\\/www.meydan.tv\\\/az\\\/\"},{\"@type\":\"ListItem\",\"position\":2,\"name\":\"Analitika\",\"item\":\"https:\\\/\\\/www.meydan.tv\\\/az\\\/section\\\/analitika\\\/\"},{\"@type\":\"ListItem\",\"position\":3,\"name\":\"Komanda iqtisadiyyat\u0131ndan imtina edilm\u0259li\"}]},{\"@type\":\"WebSite\",\"@id\":\"https:\\\/\\\/www.meydan.tv\\\/az\\\/#website\",\"url\":\"https:\\\/\\\/www.meydan.tv\\\/az\\\/\",\"name\":\"MEYDAN.TV\",\"description\":\"Meydan TV Az\u0259rbaycan\u0131n media m\u0259kan\u0131ndak\u0131 alternativ s\u0259sidir\",\"publisher\":{\"@id\":\"https:\\\/\\\/www.meydan.tv\\\/az\\\/#organization\"},\"potentialAction\":[{\"@type\":\"SearchAction\",\"target\":{\"@type\":\"EntryPoint\",\"urlTemplate\":\"https:\\\/\\\/www.meydan.tv\\\/az\\\/?s={search_term_string}\"},\"query-input\":{\"@type\":\"PropertyValueSpecification\",\"valueRequired\":true,\"valueName\":\"search_term_string\"}}],\"inLanguage\":\"az\"},{\"@type\":\"Organization\",\"@id\":\"https:\\\/\\\/www.meydan.tv\\\/az\\\/#organization\",\"name\":\"Meydan TV\",\"url\":\"https:\\\/\\\/www.meydan.tv\\\/az\\\/\",\"logo\":{\"@type\":\"ImageObject\",\"inLanguage\":\"az\",\"@id\":\"https:\\\/\\\/www.meydan.tv\\\/az\\\/#\\\/schema\\\/logo\\\/image\\\/\",\"url\":\"https:\\\/\\\/www.meydan.tv\\\/wp-content\\\/uploads\\\/2021\\\/07\\\/meydan-logo.svg\",\"contentUrl\":\"https:\\\/\\\/www.meydan.tv\\\/wp-content\\\/uploads\\\/2021\\\/07\\\/meydan-logo.svg\",\"width\":195,\"height\":46,\"caption\":\"Meydan TV\"},\"image\":{\"@id\":\"https:\\\/\\\/www.meydan.tv\\\/az\\\/#\\\/schema\\\/logo\\\/image\\\/\"}},{\"@type\":\"Person\",\"@id\":\"https:\\\/\\\/www.meydan.tv\\\/az\\\/#\\\/schema\\\/person\\\/10d11eccf6da3662cf5fdab9806ea91a\",\"name\":\"user-manager\"}]}<\/script>\n<!-- \/ Yoast SEO plugin. -->","yoast_head_json":{"title":"Komanda iqtisadiyyat\u0131ndan imtina edilm\u0259li - MEYDAN.TV","robots":{"index":"index","follow":"follow","max-snippet":"max-snippet:-1","max-image-preview":"max-image-preview:large","max-video-preview":"max-video-preview:-1"},"canonical":"https:\/\/www.meydan.tv\/az\/article\/komanda-iqtisadiyyatindan-imtina-edilmeli\/","og_locale":"az_AZ","og_type":"article","og_title":"Komanda iqtisadiyyat\u0131ndan imtina edilm\u0259li - MEYDAN.TV","og_description":"\u0130xracy\u00f6n\u00fcml\u00fc geyim sektoru qurma\u011f\u0131n yolu indiki inhisar\u00e7\u0131l\u0131qdan imtinadan ke\u00e7ir H\u00f6kum\u0259t ... Davam\u0131","og_url":"https:\/\/www.meydan.tv\/az\/article\/komanda-iqtisadiyyatindan-imtina-edilmeli\/","og_site_name":"MEYDAN.TV","article_published_time":"2016-09-24T23:59:06+00:00","og_image":[{"width":400,"height":243,"url":"https:\/\/www.meydan.tv\/wp-content\/uploads\/26260.jpg","type":"image\/jpeg"}],"author":"user-manager","twitter_card":"summary_large_image","schema":{"@context":"https:\/\/schema.org","@graph":[{"@type":"Article","@id":"https:\/\/www.meydan.tv\/az\/article\/komanda-iqtisadiyyatindan-imtina-edilmeli\/#article","isPartOf":{"@id":"https:\/\/www.meydan.tv\/az\/article\/komanda-iqtisadiyyatindan-imtina-edilmeli\/"},"author":{"name":"user-manager","@id":"https:\/\/www.meydan.tv\/az\/#\/schema\/person\/10d11eccf6da3662cf5fdab9806ea91a"},"headline":"Komanda iqtisadiyyat\u0131ndan imtina edilm\u0259li","datePublished":"2016-09-24T23:59:06+00:00","mainEntityOfPage":{"@id":"https:\/\/www.meydan.tv\/az\/article\/komanda-iqtisadiyyatindan-imtina-edilmeli\/"},"wordCount":418,"publisher":{"@id":"https:\/\/www.meydan.tv\/az\/#organization"},"image":{"@id":"https:\/\/www.meydan.tv\/az\/article\/komanda-iqtisadiyyatindan-imtina-edilmeli\/#primaryimage"},"thumbnailUrl":"https:\/\/www.meydan.tv\/wp-content\/uploads\/26260.jpg","articleSection":["Analitika"],"inLanguage":"az"},{"@type":"WebPage","@id":"https:\/\/www.meydan.tv\/az\/article\/komanda-iqtisadiyyatindan-imtina-edilmeli\/","url":"https:\/\/www.meydan.tv\/az\/article\/komanda-iqtisadiyyatindan-imtina-edilmeli\/","name":"Komanda iqtisadiyyat\u0131ndan imtina edilm\u0259li - MEYDAN.TV","isPartOf":{"@id":"https:\/\/www.meydan.tv\/az\/#website"},"primaryImageOfPage":{"@id":"https:\/\/www.meydan.tv\/az\/article\/komanda-iqtisadiyyatindan-imtina-edilmeli\/#primaryimage"},"image":{"@id":"https:\/\/www.meydan.tv\/az\/article\/komanda-iqtisadiyyatindan-imtina-edilmeli\/#primaryimage"},"thumbnailUrl":"https:\/\/www.meydan.tv\/wp-content\/uploads\/26260.jpg","datePublished":"2016-09-24T23:59:06+00:00","breadcrumb":{"@id":"https:\/\/www.meydan.tv\/az\/article\/komanda-iqtisadiyyatindan-imtina-edilmeli\/#breadcrumb"},"inLanguage":"az","potentialAction":[{"@type":"ReadAction","target":["https:\/\/www.meydan.tv\/az\/article\/komanda-iqtisadiyyatindan-imtina-edilmeli\/"]}]},{"@type":"ImageObject","inLanguage":"az","@id":"https:\/\/www.meydan.tv\/az\/article\/komanda-iqtisadiyyatindan-imtina-edilmeli\/#primaryimage","url":"https:\/\/www.meydan.tv\/wp-content\/uploads\/26260.jpg","contentUrl":"https:\/\/www.meydan.tv\/wp-content\/uploads\/26260.jpg","width":400,"height":243,"caption":"Source:"},{"@type":"BreadcrumbList","@id":"https:\/\/www.meydan.tv\/az\/article\/komanda-iqtisadiyyatindan-imtina-edilmeli\/#breadcrumb","itemListElement":[{"@type":"ListItem","position":1,"name":"Ana s\u0259hif\u0259","item":"https:\/\/www.meydan.tv\/az\/"},{"@type":"ListItem","position":2,"name":"Analitika","item":"https:\/\/www.meydan.tv\/az\/section\/analitika\/"},{"@type":"ListItem","position":3,"name":"Komanda iqtisadiyyat\u0131ndan imtina edilm\u0259li"}]},{"@type":"WebSite","@id":"https:\/\/www.meydan.tv\/az\/#website","url":"https:\/\/www.meydan.tv\/az\/","name":"MEYDAN.TV","description":"Meydan TV Az\u0259rbaycan\u0131n media m\u0259kan\u0131ndak\u0131 alternativ s\u0259sidir","publisher":{"@id":"https:\/\/www.meydan.tv\/az\/#organization"},"potentialAction":[{"@type":"SearchAction","target":{"@type":"EntryPoint","urlTemplate":"https:\/\/www.meydan.tv\/az\/?s={search_term_string}"},"query-input":{"@type":"PropertyValueSpecification","valueRequired":true,"valueName":"search_term_string"}}],"inLanguage":"az"},{"@type":"Organization","@id":"https:\/\/www.meydan.tv\/az\/#organization","name":"Meydan TV","url":"https:\/\/www.meydan.tv\/az\/","logo":{"@type":"ImageObject","inLanguage":"az","@id":"https:\/\/www.meydan.tv\/az\/#\/schema\/logo\/image\/","url":"https:\/\/www.meydan.tv\/wp-content\/uploads\/2021\/07\/meydan-logo.svg","contentUrl":"https:\/\/www.meydan.tv\/wp-content\/uploads\/2021\/07\/meydan-logo.svg","width":195,"height":46,"caption":"Meydan TV"},"image":{"@id":"https:\/\/www.meydan.tv\/az\/#\/schema\/logo\/image\/"}},{"@type":"Person","@id":"https:\/\/www.meydan.tv\/az\/#\/schema\/person\/10d11eccf6da3662cf5fdab9806ea91a","name":"user-manager"}]}},"_links":{"self":[{"href":"https:\/\/www.meydan.tv\/az\/wp-json\/wp\/v2\/posts\/179101","targetHints":{"allow":["GET"]}}],"collection":[{"href":"https:\/\/www.meydan.tv\/az\/wp-json\/wp\/v2\/posts"}],"about":[{"href":"https:\/\/www.meydan.tv\/az\/wp-json\/wp\/v2\/types\/post"}],"author":[{"embeddable":true,"href":"https:\/\/www.meydan.tv\/az\/wp-json\/wp\/v2\/users\/11"}],"replies":[{"embeddable":true,"href":"https:\/\/www.meydan.tv\/az\/wp-json\/wp\/v2\/comments?post=179101"}],"version-history":[{"count":0,"href":"https:\/\/www.meydan.tv\/az\/wp-json\/wp\/v2\/posts\/179101\/revisions"}],"wp:featuredmedia":[{"embeddable":true,"href":"https:\/\/www.meydan.tv\/az\/wp-json\/wp\/v2\/media\/68679"}],"wp:attachment":[{"href":"https:\/\/www.meydan.tv\/az\/wp-json\/wp\/v2\/media?parent=179101"}],"wp:term":[{"taxonomy":"category","embeddable":true,"href":"https:\/\/www.meydan.tv\/az\/wp-json\/wp\/v2\/categories?post=179101"},{"taxonomy":"post_tag","embeddable":true,"href":"https:\/\/www.meydan.tv\/az\/wp-json\/wp\/v2\/tags?post=179101"}],"curies":[{"name":"wp","href":"https:\/\/api.w.org\/{rel}","templated":true}]}}