{"id":179100,"date":"2016-09-24T23:49:31","date_gmt":"2016-09-24T23:49:31","guid":{"rendered":"https:\/\/www.meydan.tv\/article\/olkeni-gerginlikde-saxlamaq-mumkun-olmayacaq\/"},"modified":"2016-09-24T23:49:31","modified_gmt":"2016-09-24T23:49:31","slug":"olkeni-gerginlikde-saxlamaq-mumkun-olmayacaq","status":"publish","type":"post","link":"https:\/\/www.meydan.tv\/az\/article\/olkeni-gerginlikde-saxlamaq-mumkun-olmayacaq\/","title":{"rendered":"\u00d6lk\u0259ni g\u0259rginlikd\u0259 saxlamaq m\u00fcmk\u00fcn olmayacaq"},"content":{"rendered":"<figure class=\"wp-block-image size-large\">\n  <img decoding=\"async\" src=\"https:\/\/www.meydan.tv\/az\/68667\/\" alt=\"\" class=\"wp-image-68667\"\/><figcaption><\/figcaption><\/figure>\n<figure class=\"wp-block-image size-large\">\n  <img decoding=\"async\" src=\"https:\/\/www.meydan.tv\/az\/68670\/\" alt=\"\" class=\"wp-image-68670\"\/><figcaption><\/figcaption><\/figure>\n<p>\n  <i><br \/>\n    Sosial durum a\u011f\u0131rla\u015fma\u011fa, siyasi durum g\u0259rginl\u0259\u015fm\u0259y\u0259 q\u0259d\u0259m qoyur<br \/>\n  <\/i><\/p>\n<p>  Art\u0131q c\u0259miyy\u0259tin ictimai-siyasi f\u0259al k\u0259simi v\u0259 n\u00fcfuzlu beyn\u0259lxalq t\u0259sisatlar referenduma \u00e7\u0131xar\u0131lacaq Konstitusiyaya \u0259lav\u0259 v\u0259 d\u0259yi\u015fiklikl\u0259r\u0259 \u00f6z m\u00fcnasib\u0259tini a\u00e7\u0131qlay\u0131b. \u018fks\u0259riyy\u0259t a\u00e7\u0131q m\u0259nfi r\u0259y v\u0259 t\u0259nqidi yana\u015fmalar ortaya qoysa da, iqtidar \u00f6z m\u00f6vqeind\u0259n geri \u00e7\u0259kilm\u0259k niyy\u0259tind\u0259 deyil.<\/p>\n<p>  Ke\u00e7irilm\u0259si t\u0259l\u0259m-t\u0259l\u0259sik q\u0259rarla\u015fd\u0131r\u0131lan bu d\u0259yi\u015fiklikl\u0259r iqtidar \u00fc\u00e7\u00fcn \u201colmazsa-olmaz\u201da \u00e7evrilib. \u0130rad\u0259 bundan ibar\u0259tdir ki, n\u0259yin bahas\u0131na olursa-olsun t\u0259klif edil\u0259n \u0259sas \u0259lav\u0259 v\u0259 d\u0259yi\u015fiklikl\u0259r ba\u015f tutmal\u0131d\u0131r. Etiraz ed\u0259n t\u0259r\u0259fl\u0259r d\u0259 bu zora s\u00f6yk\u0259n\u0259n reall\u0131qla bar\u0131\u015f\u0131b v\u0259 sonrak\u0131 m\u0259rh\u0259l\u0259ni g\u00f6zl\u0259m\u0259k m\u0259cburiyy\u0259tind\u0259dir.<\/p>\n<p>  N\u00f6vb\u0259ti m\u0259rh\u0259l\u0259 \u00fc\u00e7\u00fcn nikbin proqnozlar s\u0259sl\u0259ndirm\u0259k \u00e7\u0259tin olsa da, referenduma h\u0259r \u015feyin sonu kimi baxmaq da do\u011fru olmaz. \u00d6lk\u0259d\u0259 h\u00fcquqlar daha da m\u0259hdudla\u015fma\u011fa, sosial durum a\u011f\u0131rla\u015fma\u011fa, siyasi durum g\u0259rginl\u0259\u015fm\u0259y\u0259 q\u0259d\u0259m qoyacaq. Bel\u0259 g\u0259rginlik \u015f\u0259raitind\u0259 demokratik islahatlardan imtina ed\u0259r\u0259k q\u0259tiyy\u0259n u\u011furlu idar\u0259etm\u0259 modeli t\u0259tbiq edil\u0259 bilm\u0259z. Pe\u015f\u0259kar iqtisad\u00e7\u0131 ekspertl\u0259rin d\u0259 r\u0259yl\u0259rin\u0259 n\u0259z\u0259r salsaq, yax\u0131n ill\u0259rd\u0259 maliyy\u0259 sabitliyi v\u0259 iqtisadiyyat\u0131n inki\u015faf\u0131 bu \u015f\u0259rtl\u0259r alt\u0131nda m\u00fcmk\u00fcns\u00fcz g\u00f6r\u00fcn\u00fcr.<\/p>\n<p>  G\u0259l\u0259c\u0259k sosial-siyasi riskl\u0259ri neytralla\u015fd\u0131rmaq \u00fc\u00e7\u00fcn he\u00e7 bir sistemli proqrama malik olmayan h\u00f6kum\u0259tin \u0259lind\u0259ki t\u0259k etibarl\u0131 resursu c\u0259miyy\u0259ti b\u0259lli bir m\u00fcdd\u0259t basq\u0131 alt\u0131nda saxlamaq \u00fc\u00e7\u00fcn zor aparat\u0131n\u0131n g\u00fccl\u0259ndirilm\u0259si olacaq. \u0130lk bax\u0131\u015fda bunun effektli olaca\u011f\u0131 illuziyas\u0131 iqtidar m\u0259nsublar\u0131n\u0131 da ruhland\u0131ran amill\u0259rd\u0259n biri kimi qabar\u0131q g\u00f6r\u00fcn\u00fcr. Amma bir ne\u00e7\u0259 m\u0259s\u0259l\u0259 var ki, iqtidar\u0131n nikbinliyinin q\u0131sa zamanda d\u0259yi\u015fm\u0259sin\u0259 s\u0259b\u0259b olacaq.<\/p>\n<p>  \u00d6lk\u0259d\u0259 m\u00f6vcud olan taley\u00fckl\u00fc ictimai, siyasi, iqtisadi, h\u0259rbi probleml\u0259r\u0259 \u0259sas\u0259n bigan\u0259 olan xalq\u0131m\u0131z\u0131n d\u00fc\u015f\u00fcnc\u0259 v\u0259 h\u0259r\u0259k\u0259tl\u0259rin\u0259 yegan\u0259 t\u0259sir ed\u0259n amil t\u0259\u0259ss\u00fcf ki, yaln\u0131z onun sosial v\u0259ziyy\u0259tidir. Sad\u0259 dill\u0259 des\u0259k, \u201cdolan\u0131\u015f\u0131\u011f\u0131\u201dd\u0131r. H\u00f6kum\u0259t iqtisadi islahatlar ad\u0131 alt\u0131nda n\u0259 q\u0259d\u0259r imitasiya ets\u0259 bel\u0259, sosial durumu a\u011f\u0131rla\u015fan \u0259haliy\u0259 bunu arzulad\u0131\u011f\u0131 kimi q\u0259bul etdir\u0259 bilm\u0259y\u0259c\u0259k.<\/p>\n<p>  X\u00fcsusil\u0259 d\u0259 sosial durumun s\u00fcr\u0259tl\u0259 pisl\u0259\u015fm\u0259si, \u00e7ox ciddi t\u0259zyiql\u0259r\u0259 baxmayaraq etirazlar\u0131 t\u0259\u015fkil ed\u0259 bil\u0259n m\u00fcxalif\u0259tin t\u0259kq\u00fctbl\u00fc g\u00fccl\u0259nm\u0259si, alternativ informasiya resurslar\u0131n\u0131n geni\u015fl\u0259nm\u0259si, qar\u015f\u0131l\u0131ql\u0131 etimads\u0131zl\u0131q v\u0259 \u015f\u00fcbh\u0259l\u0259rl\u0259 bir-biril\u0259 ziddiyy\u0259td\u0259 olan hakimiyy\u0259t komandas\u0131, h\u0259m\u00e7inin beyn\u0259lxalq m\u00fcnasib\u0259tl\u0259rd\u0259 m\u00f6vcud olan d\u0259rin probleml\u0259r iqtidar\u0131 ciddi s\u0131naq qar\u015f\u0131s\u0131nda qoyacaq. \u0130lk d\u0259f\u0259dir ki, sadalad\u0131\u011f\u0131m\u0131z b\u00fct\u00fcn t\u0259sirli faktorlar ham\u0131s\u0131 paralel olaraq hakimiyy\u0259tin z\u0259r\u0259rin\u0259 inki\u015faf edir.<\/p>\n<p>  \u00c7ox g\u00fcman ki, hakimiyy\u0259t m\u00f6vcud durumu v\u0259 g\u0259l\u0259c\u0259k ehtimallar\u0131 analiz ed\u0259r\u0259k daxili siyas\u0259tin\u0259 d\u0259, komandas\u0131na da n\u0259z\u0259r\u0259\u00e7arpacaq \u0259l g\u0259zdirm\u0259k m\u0259cburiyy\u0259tind\u0259 qalacaq. M\u0259rk\u0259zi v\u0259 yerli icra orqanlar\u0131nda \u00e7oxsayl\u0131 \u201ct\u0259mizl\u0259m\u0259\u201d apar\u0131lacaq. Ola bil\u0259r ki, h\u0259tta vaxt\u0131ndan \u00f6nc\u0259 prezident se\u00e7kil\u0259rin\u0259 gedilm\u0259si d\u0259 qa\u00e7\u0131lmaz olsun. M\u0259hz buna g\u00f6r\u0259 d\u0259 \u00f6lk\u0259 daxilind\u0259 \u00f6z\u00fc \u00fc\u00e7\u00fcn real t\u0259hl\u00fck\u0259 hesab etdiyi demokratik q\u00fcvv\u0259l\u0259r\u0259 qar\u015f\u0131 indid\u0259n d\u00f6vl\u0259tin g\u00fcc\u00fcn\u00fc s\u0259f\u0259rb\u0259r ed\u0259r\u0259k proflaktik t\u0259dbirl\u0259r g\u00f6r\u00fcl\u00fcr.<\/p>\n<p>  M\u00fcxalif\u0259tin \u0259sas g\u00fcc m\u0259rk\u0259zini n\u0259zar\u0259td\u0259 saxlamaq \u00fc\u00e7\u00fcn \u00f6lk\u0259boyu total t\u0259zyiq ri\u00e7aqlar\u0131 i\u015f\u0259 sal\u0131n\u0131b. H\u0259tta b\u0259zi iddialara g\u00f6r\u0259 h\u00fcquq-m\u00fchafiz\u0259 orqanlar\u0131n\u0131n minl\u0259rl\u0259 orta v\u0259 y\u00fcks\u0259k r\u00fctb\u0259li \u0259m\u0259kda\u015f\u0131 m\u0259hz bu istiqam\u0259td\u0259 g\u00f6r\u0259vl\u0259ndirilib. X\u00fcsusil\u0259 d\u0259 m\u00fcxalif\u0259tin k\u00fctl\u0259vi aksiyalara haz\u0131rla\u015fmas\u0131na imkan verm\u0259m\u0259k \u00fc\u00e7\u00fcn minl\u0259rl\u0259 m\u00fcxalif\u0259t\u00e7i, f\u0259al m\u00fc\u015fahid\u0259 alt\u0131na al\u0131n\u0131b. B\u00fct\u00fcn vasit\u0259l\u0259rl\u0259 t\u0259dbir g\u00f6r\u00fcl\u00fcr ki, sosial v\u0259ziyy\u0259ti pisl\u0259\u015f\u0259n xalq\u0131n \u00fcz tuta bil\u0259c\u0259yi m\u00fct\u0259\u015f\u0259kkil, q\u0259tiyy\u0259tli v\u0259 t\u0259\u015fkilatlanm\u0131\u015f m\u00fcxalif \u00fcnvan olmas\u0131n.<\/p>\n<p>  M\u00fcxalif\u0259t\u0259 total t\u0259zyiql\u0259rl\u0259 b\u0259rab\u0259r m\u00fc\u0259yy\u0259n imitasiya xarakterli g\u00fcz\u0259\u015ftli add\u0131mlar\u0131n da at\u0131laca\u011f\u0131 mediaya s\u0131zan bilgil\u0259rd\u0259ndir. Q\u0259rbin t\u0259zyiql\u0259rini qism\u0259n azaltmaq \u00fc\u00e7\u00fcn siyasi m\u0259hbus kateqoriyas\u0131ndan olan v\u0259 q\u0259rbin israrla azadl\u0131\u011f\u0131n\u0131 t\u0259l\u0259b etdiyi b\u0259zi tan\u0131nm\u0131\u015f \u015f\u0259xsl\u0259rin d\u0259 h\u0259bsd\u0259n \u00e7\u0131xar\u0131laca\u011f\u0131 bar\u0259d\u0259 s\u00f6hb\u0259tl\u0259r dola\u015f\u0131r.<\/p>\n<p>  \u0130ndi h\u0259m d\u0259 \u00e7oxunu d\u00fc\u015f\u00fcnd\u00fcr\u0259n xeyli \u00e7\u0259tin suallar var. Bizi qar\u015f\u0131da n\u0259 g\u00f6zl\u0259yir? \u018flb\u0259tt\u0259 ki, bu suala zaman \u00f6z\u00fc ayd\u0131nl\u0131q g\u0259tir\u0259c\u0259k. Lakin apar\u0131lan t\u0259hlill\u0259r onu g\u00f6st\u0259rir ki, xalq\u0131m\u0131z h\u0259r c\u00fcr s\u00fcrprizl\u0259r\u0259 haz\u0131r olmal\u0131d\u0131r. Qar\u015f\u0131da \u0259halini \u00f6nc\u0259ki ill\u0259rd\u0259n daha a\u011f\u0131r v\u0259 xo\u015f olmayan durum g\u00f6zl\u0259yir. \u0130nsanlar\u0131n \u0259ks\u0259riyy\u0259tinin siyasi prosesl\u0259r\u0259 bigan\u0259 yana\u015fmas\u0131 t\u0259\u0259ss\u00fcf ki, \u00f6lk\u0259 m\u00fcxalif\u0259tinin ayd\u0131n v\u0259 t\u0259minatl\u0131 siyasi t\u0259\u015f\u0259bb\u00fcsl\u0259rin\u0259 d\u0259 ciddi \u0259ng\u0259l t\u00f6r\u0259dir.<\/p>\n<p>  Bu \u015f\u0259raitd\u0259 onsuz da \u00e7ox m\u0259hdud olan \u0259n\u0259n\u0259vi ictimai-siyasi f\u0259aliyy\u0259t m\u00fcst\u0259visi d\u0259 \u00e7ox g\u00fcman ki, bir m\u00fcdd\u0259t sonra iqtidar\u0131 qane etm\u0259y\u0259c\u0259k. Tam qapal\u0131 c\u0259miyy\u0259t\u0259 ke\u00e7id iqtidara daha b\u00f6y\u00fck t\u0259hl\u00fck\u0259 t\u00f6r\u0259ts\u0259 d\u0259, m\u00fc\u0259yy\u0259n m\u00fcdd\u0259tlik buna c\u0259hd oluna bil\u0259r. H\u0259tta internet resurslar\u0131 \u00fcz\u0259rin\u0259 m\u00fc\u0259yy\u0259n m\u0259hdudiyy\u0259tl\u0259rin qoyulmas\u0131, c\u0259miyy\u0259tin enerjisini h\u0259rbi-siyasi istiqam\u0259t\u0259 y\u00f6n\u0259ltm\u0259k kimi add\u0131mlar da istisna deyil.<\/p>\n<p>  B\u00fct\u00fcn m\u0259nfi ehtimallara baxmayaraq, qar\u015f\u0131dak\u0131 d\u00f6n\u0259md\u0259 \u00f6lk\u0259ni uzun m\u00fcdd\u0259t g\u0259rginlikd\u0259 saxlamaq m\u00fcmk\u00fcn olmayacaq. Lokal sosial etirazlar \u00e7oxald\u0131qca, resurslar\u0131 t\u00fck\u0259n\u0259n iqtidar \u00f6z yana\u015fmas\u0131n\u0131 d\u0259yi\u015fm\u0259k m\u0259cburiyy\u0259tind\u0259 qalacaq. \u00d6lk\u0259d\u0259 real demokratik islahatlara ba\u015flanmasa, yeni demokratik h\u0259r\u0259kat \u00fc\u00e7\u00fcn psixoloji z\u0259min yaranmas\u0131 qa\u00e7\u0131lmaz olacaq.<\/p>\n","protected":false},"excerpt":{"rendered":"<p>Sosial durum a\u011f\u0131rla\u015fma\u011fa, siyasi durum g\u0259rginl\u0259\u015fm\u0259y\u0259 q\u0259d\u0259m qoyur<\/p>\n","protected":false},"author":11,"featured_media":68667,"comment_status":"closed","ping_status":"open","sticky":false,"template":"","format":"standard","meta":{"_acf_changed":false,"_sitemap_exclude":false,"_sitemap_priority":"","_sitemap_frequency":"","footnotes":""},"categories":[51],"tags":[],"class_list":["post-179100","post","type-post","status-publish","format-standard","has-post-thumbnail","hentry","category-analitika","infinite-scroll-item","generate-columns","tablet-grid-50","mobile-grid-100","grid-parent","grid-33","no-featured-image-padding"],"acf":[],"yoast_head":"<!-- This site is optimized with the Yoast SEO plugin v27.5 - https:\/\/yoast.com\/product\/yoast-seo-wordpress\/ -->\n<title>\u00d6lk\u0259ni g\u0259rginlikd\u0259 saxlamaq m\u00fcmk\u00fcn olmayacaq - MEYDAN.TV<\/title>\n<meta name=\"robots\" content=\"index, follow, max-snippet:-1, max-image-preview:large, max-video-preview:-1\" \/>\n<link rel=\"canonical\" href=\"https:\/\/www.meydan.tv\/az\/article\/olkeni-gerginlikde-saxlamaq-mumkun-olmayacaq\/\" \/>\n<meta property=\"og:locale\" content=\"az_AZ\" \/>\n<meta property=\"og:type\" content=\"article\" \/>\n<meta property=\"og:title\" content=\"\u00d6lk\u0259ni g\u0259rginlikd\u0259 saxlamaq m\u00fcmk\u00fcn olmayacaq - MEYDAN.TV\" \/>\n<meta property=\"og:description\" content=\"Sosial durum a\u011f\u0131rla\u015fma\u011fa, siyasi durum g\u0259rginl\u0259\u015fm\u0259y\u0259 q\u0259d\u0259m qoyur\" \/>\n<meta property=\"og:url\" content=\"https:\/\/www.meydan.tv\/az\/article\/olkeni-gerginlikde-saxlamaq-mumkun-olmayacaq\/\" \/>\n<meta property=\"og:site_name\" content=\"MEYDAN.TV\" \/>\n<meta property=\"article:published_time\" content=\"2016-09-24T23:49:31+00:00\" \/>\n<meta property=\"og:image\" content=\"https:\/\/www.meydan.tv\/wp-content\/uploads\/26266.jpg\" \/>\n\t<meta property=\"og:image:width\" content=\"494\" \/>\n\t<meta property=\"og:image:height\" content=\"300\" \/>\n\t<meta property=\"og:image:type\" content=\"image\/jpeg\" \/>\n<meta name=\"author\" content=\"user-manager\" \/>\n<meta name=\"twitter:card\" content=\"summary_large_image\" \/>\n<script type=\"application\/ld+json\" class=\"yoast-schema-graph\">{\"@context\":\"https:\\\/\\\/schema.org\",\"@graph\":[{\"@type\":\"Article\",\"@id\":\"https:\\\/\\\/www.meydan.tv\\\/az\\\/article\\\/olkeni-gerginlikde-saxlamaq-mumkun-olmayacaq\\\/#article\",\"isPartOf\":{\"@id\":\"https:\\\/\\\/www.meydan.tv\\\/az\\\/article\\\/olkeni-gerginlikde-saxlamaq-mumkun-olmayacaq\\\/\"},\"author\":{\"name\":\"user-manager\",\"@id\":\"https:\\\/\\\/www.meydan.tv\\\/az\\\/#\\\/schema\\\/person\\\/10d11eccf6da3662cf5fdab9806ea91a\"},\"headline\":\"\u00d6lk\u0259ni g\u0259rginlikd\u0259 saxlamaq m\u00fcmk\u00fcn olmayacaq\",\"datePublished\":\"2016-09-24T23:49:31+00:00\",\"mainEntityOfPage\":{\"@id\":\"https:\\\/\\\/www.meydan.tv\\\/az\\\/article\\\/olkeni-gerginlikde-saxlamaq-mumkun-olmayacaq\\\/\"},\"wordCount\":1173,\"publisher\":{\"@id\":\"https:\\\/\\\/www.meydan.tv\\\/az\\\/#organization\"},\"image\":{\"@id\":\"https:\\\/\\\/www.meydan.tv\\\/az\\\/article\\\/olkeni-gerginlikde-saxlamaq-mumkun-olmayacaq\\\/#primaryimage\"},\"thumbnailUrl\":\"https:\\\/\\\/www.meydan.tv\\\/wp-content\\\/uploads\\\/26266.jpg\",\"articleSection\":[\"Analitika\"],\"inLanguage\":\"az\"},{\"@type\":\"WebPage\",\"@id\":\"https:\\\/\\\/www.meydan.tv\\\/az\\\/article\\\/olkeni-gerginlikde-saxlamaq-mumkun-olmayacaq\\\/\",\"url\":\"https:\\\/\\\/www.meydan.tv\\\/az\\\/article\\\/olkeni-gerginlikde-saxlamaq-mumkun-olmayacaq\\\/\",\"name\":\"\u00d6lk\u0259ni g\u0259rginlikd\u0259 saxlamaq m\u00fcmk\u00fcn olmayacaq - MEYDAN.TV\",\"isPartOf\":{\"@id\":\"https:\\\/\\\/www.meydan.tv\\\/az\\\/#website\"},\"primaryImageOfPage\":{\"@id\":\"https:\\\/\\\/www.meydan.tv\\\/az\\\/article\\\/olkeni-gerginlikde-saxlamaq-mumkun-olmayacaq\\\/#primaryimage\"},\"image\":{\"@id\":\"https:\\\/\\\/www.meydan.tv\\\/az\\\/article\\\/olkeni-gerginlikde-saxlamaq-mumkun-olmayacaq\\\/#primaryimage\"},\"thumbnailUrl\":\"https:\\\/\\\/www.meydan.tv\\\/wp-content\\\/uploads\\\/26266.jpg\",\"datePublished\":\"2016-09-24T23:49:31+00:00\",\"breadcrumb\":{\"@id\":\"https:\\\/\\\/www.meydan.tv\\\/az\\\/article\\\/olkeni-gerginlikde-saxlamaq-mumkun-olmayacaq\\\/#breadcrumb\"},\"inLanguage\":\"az\",\"potentialAction\":[{\"@type\":\"ReadAction\",\"target\":[\"https:\\\/\\\/www.meydan.tv\\\/az\\\/article\\\/olkeni-gerginlikde-saxlamaq-mumkun-olmayacaq\\\/\"]}]},{\"@type\":\"ImageObject\",\"inLanguage\":\"az\",\"@id\":\"https:\\\/\\\/www.meydan.tv\\\/az\\\/article\\\/olkeni-gerginlikde-saxlamaq-mumkun-olmayacaq\\\/#primaryimage\",\"url\":\"https:\\\/\\\/www.meydan.tv\\\/wp-content\\\/uploads\\\/26266.jpg\",\"contentUrl\":\"https:\\\/\\\/www.meydan.tv\\\/wp-content\\\/uploads\\\/26266.jpg\",\"width\":494,\"height\":300,\"caption\":\"Source:\"},{\"@type\":\"BreadcrumbList\",\"@id\":\"https:\\\/\\\/www.meydan.tv\\\/az\\\/article\\\/olkeni-gerginlikde-saxlamaq-mumkun-olmayacaq\\\/#breadcrumb\",\"itemListElement\":[{\"@type\":\"ListItem\",\"position\":1,\"name\":\"Ana s\u0259hif\u0259\",\"item\":\"https:\\\/\\\/www.meydan.tv\\\/az\\\/\"},{\"@type\":\"ListItem\",\"position\":2,\"name\":\"Analitika\",\"item\":\"https:\\\/\\\/www.meydan.tv\\\/az\\\/section\\\/analitika\\\/\"},{\"@type\":\"ListItem\",\"position\":3,\"name\":\"\u00d6lk\u0259ni g\u0259rginlikd\u0259 saxlamaq m\u00fcmk\u00fcn olmayacaq\"}]},{\"@type\":\"WebSite\",\"@id\":\"https:\\\/\\\/www.meydan.tv\\\/az\\\/#website\",\"url\":\"https:\\\/\\\/www.meydan.tv\\\/az\\\/\",\"name\":\"MEYDAN.TV\",\"description\":\"Meydan TV Az\u0259rbaycan\u0131n media m\u0259kan\u0131ndak\u0131 alternativ s\u0259sidir\",\"publisher\":{\"@id\":\"https:\\\/\\\/www.meydan.tv\\\/az\\\/#organization\"},\"potentialAction\":[{\"@type\":\"SearchAction\",\"target\":{\"@type\":\"EntryPoint\",\"urlTemplate\":\"https:\\\/\\\/www.meydan.tv\\\/az\\\/?s={search_term_string}\"},\"query-input\":{\"@type\":\"PropertyValueSpecification\",\"valueRequired\":true,\"valueName\":\"search_term_string\"}}],\"inLanguage\":\"az\"},{\"@type\":\"Organization\",\"@id\":\"https:\\\/\\\/www.meydan.tv\\\/az\\\/#organization\",\"name\":\"Meydan TV\",\"url\":\"https:\\\/\\\/www.meydan.tv\\\/az\\\/\",\"logo\":{\"@type\":\"ImageObject\",\"inLanguage\":\"az\",\"@id\":\"https:\\\/\\\/www.meydan.tv\\\/az\\\/#\\\/schema\\\/logo\\\/image\\\/\",\"url\":\"https:\\\/\\\/www.meydan.tv\\\/wp-content\\\/uploads\\\/2021\\\/07\\\/meydan-logo.svg\",\"contentUrl\":\"https:\\\/\\\/www.meydan.tv\\\/wp-content\\\/uploads\\\/2021\\\/07\\\/meydan-logo.svg\",\"width\":195,\"height\":46,\"caption\":\"Meydan TV\"},\"image\":{\"@id\":\"https:\\\/\\\/www.meydan.tv\\\/az\\\/#\\\/schema\\\/logo\\\/image\\\/\"}},{\"@type\":\"Person\",\"@id\":\"https:\\\/\\\/www.meydan.tv\\\/az\\\/#\\\/schema\\\/person\\\/10d11eccf6da3662cf5fdab9806ea91a\",\"name\":\"user-manager\"}]}<\/script>\n<!-- \/ Yoast SEO plugin. -->","yoast_head_json":{"title":"\u00d6lk\u0259ni g\u0259rginlikd\u0259 saxlamaq m\u00fcmk\u00fcn olmayacaq - MEYDAN.TV","robots":{"index":"index","follow":"follow","max-snippet":"max-snippet:-1","max-image-preview":"max-image-preview:large","max-video-preview":"max-video-preview:-1"},"canonical":"https:\/\/www.meydan.tv\/az\/article\/olkeni-gerginlikde-saxlamaq-mumkun-olmayacaq\/","og_locale":"az_AZ","og_type":"article","og_title":"\u00d6lk\u0259ni g\u0259rginlikd\u0259 saxlamaq m\u00fcmk\u00fcn olmayacaq - MEYDAN.TV","og_description":"Sosial durum a\u011f\u0131rla\u015fma\u011fa, siyasi durum g\u0259rginl\u0259\u015fm\u0259y\u0259 q\u0259d\u0259m qoyur","og_url":"https:\/\/www.meydan.tv\/az\/article\/olkeni-gerginlikde-saxlamaq-mumkun-olmayacaq\/","og_site_name":"MEYDAN.TV","article_published_time":"2016-09-24T23:49:31+00:00","og_image":[{"width":494,"height":300,"url":"https:\/\/www.meydan.tv\/wp-content\/uploads\/26266.jpg","type":"image\/jpeg"}],"author":"user-manager","twitter_card":"summary_large_image","schema":{"@context":"https:\/\/schema.org","@graph":[{"@type":"Article","@id":"https:\/\/www.meydan.tv\/az\/article\/olkeni-gerginlikde-saxlamaq-mumkun-olmayacaq\/#article","isPartOf":{"@id":"https:\/\/www.meydan.tv\/az\/article\/olkeni-gerginlikde-saxlamaq-mumkun-olmayacaq\/"},"author":{"name":"user-manager","@id":"https:\/\/www.meydan.tv\/az\/#\/schema\/person\/10d11eccf6da3662cf5fdab9806ea91a"},"headline":"\u00d6lk\u0259ni g\u0259rginlikd\u0259 saxlamaq m\u00fcmk\u00fcn olmayacaq","datePublished":"2016-09-24T23:49:31+00:00","mainEntityOfPage":{"@id":"https:\/\/www.meydan.tv\/az\/article\/olkeni-gerginlikde-saxlamaq-mumkun-olmayacaq\/"},"wordCount":1173,"publisher":{"@id":"https:\/\/www.meydan.tv\/az\/#organization"},"image":{"@id":"https:\/\/www.meydan.tv\/az\/article\/olkeni-gerginlikde-saxlamaq-mumkun-olmayacaq\/#primaryimage"},"thumbnailUrl":"https:\/\/www.meydan.tv\/wp-content\/uploads\/26266.jpg","articleSection":["Analitika"],"inLanguage":"az"},{"@type":"WebPage","@id":"https:\/\/www.meydan.tv\/az\/article\/olkeni-gerginlikde-saxlamaq-mumkun-olmayacaq\/","url":"https:\/\/www.meydan.tv\/az\/article\/olkeni-gerginlikde-saxlamaq-mumkun-olmayacaq\/","name":"\u00d6lk\u0259ni g\u0259rginlikd\u0259 saxlamaq m\u00fcmk\u00fcn olmayacaq - MEYDAN.TV","isPartOf":{"@id":"https:\/\/www.meydan.tv\/az\/#website"},"primaryImageOfPage":{"@id":"https:\/\/www.meydan.tv\/az\/article\/olkeni-gerginlikde-saxlamaq-mumkun-olmayacaq\/#primaryimage"},"image":{"@id":"https:\/\/www.meydan.tv\/az\/article\/olkeni-gerginlikde-saxlamaq-mumkun-olmayacaq\/#primaryimage"},"thumbnailUrl":"https:\/\/www.meydan.tv\/wp-content\/uploads\/26266.jpg","datePublished":"2016-09-24T23:49:31+00:00","breadcrumb":{"@id":"https:\/\/www.meydan.tv\/az\/article\/olkeni-gerginlikde-saxlamaq-mumkun-olmayacaq\/#breadcrumb"},"inLanguage":"az","potentialAction":[{"@type":"ReadAction","target":["https:\/\/www.meydan.tv\/az\/article\/olkeni-gerginlikde-saxlamaq-mumkun-olmayacaq\/"]}]},{"@type":"ImageObject","inLanguage":"az","@id":"https:\/\/www.meydan.tv\/az\/article\/olkeni-gerginlikde-saxlamaq-mumkun-olmayacaq\/#primaryimage","url":"https:\/\/www.meydan.tv\/wp-content\/uploads\/26266.jpg","contentUrl":"https:\/\/www.meydan.tv\/wp-content\/uploads\/26266.jpg","width":494,"height":300,"caption":"Source:"},{"@type":"BreadcrumbList","@id":"https:\/\/www.meydan.tv\/az\/article\/olkeni-gerginlikde-saxlamaq-mumkun-olmayacaq\/#breadcrumb","itemListElement":[{"@type":"ListItem","position":1,"name":"Ana s\u0259hif\u0259","item":"https:\/\/www.meydan.tv\/az\/"},{"@type":"ListItem","position":2,"name":"Analitika","item":"https:\/\/www.meydan.tv\/az\/section\/analitika\/"},{"@type":"ListItem","position":3,"name":"\u00d6lk\u0259ni g\u0259rginlikd\u0259 saxlamaq m\u00fcmk\u00fcn olmayacaq"}]},{"@type":"WebSite","@id":"https:\/\/www.meydan.tv\/az\/#website","url":"https:\/\/www.meydan.tv\/az\/","name":"MEYDAN.TV","description":"Meydan TV Az\u0259rbaycan\u0131n media m\u0259kan\u0131ndak\u0131 alternativ s\u0259sidir","publisher":{"@id":"https:\/\/www.meydan.tv\/az\/#organization"},"potentialAction":[{"@type":"SearchAction","target":{"@type":"EntryPoint","urlTemplate":"https:\/\/www.meydan.tv\/az\/?s={search_term_string}"},"query-input":{"@type":"PropertyValueSpecification","valueRequired":true,"valueName":"search_term_string"}}],"inLanguage":"az"},{"@type":"Organization","@id":"https:\/\/www.meydan.tv\/az\/#organization","name":"Meydan TV","url":"https:\/\/www.meydan.tv\/az\/","logo":{"@type":"ImageObject","inLanguage":"az","@id":"https:\/\/www.meydan.tv\/az\/#\/schema\/logo\/image\/","url":"https:\/\/www.meydan.tv\/wp-content\/uploads\/2021\/07\/meydan-logo.svg","contentUrl":"https:\/\/www.meydan.tv\/wp-content\/uploads\/2021\/07\/meydan-logo.svg","width":195,"height":46,"caption":"Meydan TV"},"image":{"@id":"https:\/\/www.meydan.tv\/az\/#\/schema\/logo\/image\/"}},{"@type":"Person","@id":"https:\/\/www.meydan.tv\/az\/#\/schema\/person\/10d11eccf6da3662cf5fdab9806ea91a","name":"user-manager"}]}},"_links":{"self":[{"href":"https:\/\/www.meydan.tv\/az\/wp-json\/wp\/v2\/posts\/179100","targetHints":{"allow":["GET"]}}],"collection":[{"href":"https:\/\/www.meydan.tv\/az\/wp-json\/wp\/v2\/posts"}],"about":[{"href":"https:\/\/www.meydan.tv\/az\/wp-json\/wp\/v2\/types\/post"}],"author":[{"embeddable":true,"href":"https:\/\/www.meydan.tv\/az\/wp-json\/wp\/v2\/users\/11"}],"replies":[{"embeddable":true,"href":"https:\/\/www.meydan.tv\/az\/wp-json\/wp\/v2\/comments?post=179100"}],"version-history":[{"count":0,"href":"https:\/\/www.meydan.tv\/az\/wp-json\/wp\/v2\/posts\/179100\/revisions"}],"wp:featuredmedia":[{"embeddable":true,"href":"https:\/\/www.meydan.tv\/az\/wp-json\/wp\/v2\/media\/68667"}],"wp:attachment":[{"href":"https:\/\/www.meydan.tv\/az\/wp-json\/wp\/v2\/media?parent=179100"}],"wp:term":[{"taxonomy":"category","embeddable":true,"href":"https:\/\/www.meydan.tv\/az\/wp-json\/wp\/v2\/categories?post=179100"},{"taxonomy":"post_tag","embeddable":true,"href":"https:\/\/www.meydan.tv\/az\/wp-json\/wp\/v2\/tags?post=179100"}],"curies":[{"name":"wp","href":"https:\/\/api.w.org\/{rel}","templated":true}]}}