{"id":179096,"date":"2016-09-24T17:25:47","date_gmt":"2016-09-24T17:25:47","guid":{"rendered":"https:\/\/www.meydan.tv\/article\/referendum-prezidentin-yeniyetme-oglu-heyder-eliyevin-siyasete-getirilmesi-ucundur\/"},"modified":"2016-09-24T17:25:47","modified_gmt":"2016-09-24T17:25:47","slug":"referendum-prezidentin-yeniyetme-oglu-heyder-eliyevin-siyasete-getirilmesi-ucundur","status":"publish","type":"post","link":"https:\/\/www.meydan.tv\/az\/article\/referendum-prezidentin-yeniyetme-oglu-heyder-eliyevin-siyasete-getirilmesi-ucundur\/","title":{"rendered":"Referendum prezidentin yeniyetm\u0259 o\u011flu Heyd\u0259r \u018fliyevin siyas\u0259t\u0259 g\u0259tirilm\u0259si \u00fc\u00e7\u00fcnd\u00fcr"},"content":{"rendered":"<p>\n  Az\u0259rbaycanda hakimiyy\u0259t \u00e7oxdan bir ail\u0259nin n\u0259zar\u0259ti alt\u0131ndad\u0131r v\u0259 bel\u0259likl\u0259 d\u0259, iyulda prezident \u0130lham \u018fliyev parlament\u0259 v\u0259 prezidentliy\u0259 namiz\u0259dlik \u00fc\u00e7\u00fcn ya\u015f senzinin a\u015fa\u011f\u0131 sal\u0131nmas\u0131n\u0131 t\u0259klif ed\u0259nd\u0259 h\u00f6k\u00fcm\u0259t t\u0259nqid\u00e7il\u0259rinin bir \u00e7oxu onun bu &#8220;motivasiyas\u0131n\u0131&#8221; yegan\u0259 o\u011flu -19 ya\u015fl\u0131 Heyd\u0259r \u018fliyev\u0259 siyasi karyera qurmaq ist\u0259yi kimi qiym\u0259tl\u0259ndirdil\u0259r.\n<\/p>\n<p>\n  \u018fliyevl\u0259r ail\u0259sinin \u00fc\u00e7 \u00f6vlad\u0131n\u0131n \u0259n ki\u00e7iyi olan Heyd\u0259r d\u00f6rd\u00fcnc\u00fc kurs t\u0259l\u0259b\u0259sidir v\u0259 o, h\u0259r hans\u0131 siyasi t\u0259cr\u00fcb\u0259y\u0259 malik deyil. Ancaq partiarxal Az\u0259rbaycan \u00fc\u00e7\u00fcn bunun el\u0259 bir \u0259h\u0259miyy\u0259ti yoxdur. Hakim ail\u0259nin ki\u015fi varisi olaraq, atas\u0131 kimi onun da babas\u0131 v\u0259 ada\u015f\u0131 olan ke\u00e7mi\u015f prezident Heyd\u0259r \u018fliyev t\u0259r\u0259find\u0259n \u0259sas\u0131 qoyulan siyasi irsi davam etdir\u0259c\u0259yi g\u00f6zl\u0259nilir.\n<\/p>\n<p>\n  Heyd\u0259rin anas\u0131-52 ya\u015fl\u0131 Mehriban \u018fliyeva Heyd\u0259r \u018fliyev Fondunun prezidentidir. O, 2005-ci ild\u0259n deputat v\u0259 prezident \u0130lham \u018fliyevin r\u0259hb\u0259ri oldu\u011fu Yeni Az\u0259rbaycan Partiyas\u0131nda (YAP) s\u0259dr m\u00fcavinidir. Heyd\u0259r \u018fliyevin bac\u0131lar\u0131 &#8211; 31 ya\u015fl\u0131 Leyla \u018fliyeva v\u0259 27 ya\u015fl\u0131 Arzu \u018fliyeva da ictimai f\u0259aliyy\u0259tl\u0259 m\u0259\u015f\u011fuldurlar.\n<\/p>\n<p>\n  Sentyabr\u0131n 26-da prezident t\u0259r\u0259find\u0259n ir\u0259li s\u00fcr\u00fcl\u0259n 29 d\u0259yi\u015fiklik referenduma \u00e7\u0131xar\u0131lacaq v\u0259 bu d\u0259yi\u015fiklikl\u0259rin bir ne\u00e7\u0259sinin Heyd\u0259r \u018fliyev\u0259 &#8220;siyas\u0259t\u0259 \u00f6z t\u00f6hv\u0259sini verm\u0259k \u00fc\u00e7\u00fcn&#8221; imkanlar yaradaca\u011f\u0131 bildirilir.\n<\/p>\n<p>\n  D\u0259yi\u015fiklikl\u0259rd\u0259n ikisi deputatl\u0131\u011fa namiz\u0259din minimum ya\u015f h\u0259ddini 25-d\u0259n 18-\u0259, prezident k\u00fcrs\u00fcs\u00fcn\u0259 namiz\u0259dlik \u00fc\u00e7\u00fcn ya\u015f h\u0259ddinin 18-\u0259 endirilm\u0259si il\u0259 ba\u011fl\u0131d\u0131r.\n<\/p>\n<p>\n  \u00dc\u00e7\u00fcnc\u00fc bir d\u0259yi\u015fikliy\u0259 g\u00f6r\u0259, prezidentin s\u0259lahiyy\u0259t m\u00fcdd\u0259ti 5 ild\u0259n 7 il\u0259 qald\u0131r\u0131l\u0131r.\n<\/p>\n<p>\n  Heyd\u0259r \u018fliyev 22-23 ya\u015flar\u0131nda olanda prezident, ondan bir ne\u00e7\u0259 il sonra &#8211; 2020-ci ild\u0259 is\u0259 parlament se\u00e7kil\u0259ri ke\u00e7iril\u0259c\u0259k.\n<\/p>\n<p>\n  Konstitusiyaya d\u0259yi\u015fiklikl\u0259rin b\u00f6y\u00fck ehtimalla q\u0259bul olunaca\u011f\u0131 g\u00f6zl\u0259nilir, bunun \u00fc\u00e7\u00fcns\u0259 \u00f6lk\u0259 \u00fczr\u0259 5.12 mln se\u00e7ici s\u0259sinin 25 faizind\u0259n bir q\u0259d\u0259r \u00e7oxu t\u0259l\u0259b olunur.\n<\/p>\n<p>\n  H\u0259l\u0259lik n\u0259 prezident, n\u0259 d\u0259 onun k\u00f6m\u0259k\u00e7il\u0259ri ya\u015f senzin\u0259 d\u0259yi\u015fikliyin m\u0259hz Heyd\u0259r \u018fliyev\u0259 g\u00f6r\u0259 referenduma sal\u0131nd\u0131\u011f\u0131n\u0131 a\u00e7\u0131qlamay\u0131blar.\n<\/p>\n<p>\n  H\u00f6kum\u0259t v\u0259 onun t\u0259r\u0259fdarlar\u0131 b\u0259yan edibl\u0259r ki, d\u0259yi\u015fiklikl\u0259r savadl\u0131 v\u0259 perspektivli g\u0259ncl\u0259r\u0259 imkanlar yaradacaq v\u0259 bu, h\u00f6kum\u0259tin d\u00f6vl\u0259t quruculu\u011funa dair apard\u0131\u011f\u0131 islahatlar\u0131n t\u0259rkib hiss\u0259sidir.\n<\/p>\n<p>\n  &#8220;\u015eah \u0130smay\u0131l X\u0259tai 14, Makedoniyal\u0131 \u0130sg\u0259nd\u0259r 20, Napoleon ondan azac\u0131q art\u0131q ya\u015fda d\u00f6vl\u0259t ba\u015f\u0131na ke\u00e7ibl\u0259r. B\u0259\u015f\u0259riyy\u0259tin tarixini onlars\u0131z t\u0259s\u0259vv\u00fcr etm\u0259k, sad\u0259c\u0259 m\u00fcmk\u00fcn deyildir&#8221;,- dey\u0259 YAP s\u0259drinin m\u00fcavini \u018fli \u018fhm\u0259dov iyulun 28-d\u0259 parlamentin r\u0259smi q\u0259zeti olan &#8220;Az\u0259rbaycan&#8221; q\u0259zetin\u0259 verdiyi m\u00fcsahib\u0259sind\u0259 deyib.\n<\/p>\n<p>\n  Heyd\u0259r \u018fliyevin indiy\u0259d\u0259k \u0259ld\u0259 etdiyi yegan\u0259 nailiyy\u0259t 2013-c\u00fc ild\u0259 yax\u015f\u0131 oxudu\u011funa g\u00f6r\u0259 q\u0131z\u0131l medal alan 238 t\u0259l\u0259b\u0259d\u0259n biri olmas\u0131d\u0131r.\n<\/p>\n<p>\n  Onun ad\u0131 beyn\u0259lxalq miqyasda 2010-cu ild\u0259 hallanma\u011fa ba\u015flad\u0131. AB\u015e-\u0131n &#8220;Washington Post&#8221; q\u0259zetind\u0259 d\u0259rc olunan ara\u015fd\u0131rma n\u0259tic\u0259sind\u0259 m\u0259lum oldu ki, balaca Heyd\u0259r h\u0259l\u0259 11 ya\u015f\u0131nda olanda Dubayda d\u0259y\u0259ri 44 milyon dollar olan doqquz m\u00fclk al\u0131b. Prezidentin ail\u0259si bu ara\u015fd\u0131rma il\u0259 ba\u011fl\u0131 h\u0259r hans\u0131 a\u00e7\u0131qlama verm\u0259yib.\n<\/p>\n<p>\n  Heyd\u0259r \u018fliyev haz\u0131rda h\u00f6kum\u0259t v\u0259 xarici \u0259laq\u0259l\u0259r \u00fczr\u0259 kadrlar haz\u0131rlayan Az\u0259rbaycan Diplomatik Akademiyas\u0131nda t\u0259hsil al\u0131r. Bu akademiyan\u0131n t\u0259sis\u00e7isi v\u0259 rektoru \u018fliyevin ana t\u0259r\u0259fd\u0259n b\u00f6y\u00fck day\u0131s\u0131 olan xarici i\u015fl\u0259r nazirinin m\u00fcavini Hafiz Pa\u015fayevdir.\n<\/p>\n<p>\n  Bel\u0259likl\u0259 d\u0259, n\u0259v\u0259 Heyd\u0259rin imicinin formala\u015fd\u0131r\u0131lmas\u0131na start verilir.\n<\/p>\n<p>\n  2011-ci ild\u0259 h\u00f6kum\u0259ty\u00f6nl\u00fc media onun ingilis dili m\u00fc\u0259llimi Fransiz Montenin &#8220;Yeni M\u00fcsavat&#8221; q\u0259zetin\u0259 verdiyi a\u00e7\u0131qlamas\u0131n\u0131 tirajlay\u0131r: &#8220;\u00c7ox a\u011f\u0131ll\u0131, d\u0259rrak\u0259li u\u015faqd\u0131r. C\u0259ld i\u015fl\u0259yir, n\u00fcmun\u0259vi davran\u0131r, prezident o\u011flu oldu\u011funu \u0259sla hiss etdirmirdi&#8221;,- dey\u0259 m\u00fc\u0259llimi deyib.\n<\/p>\n<p>\n  \u00dc\u00e7 il sonra, o, ilk m\u00fcsahib\u0259sini Akademiyan\u0131n birinci kursuna daxil olanda verdi, onun 2015-ci ild\u0259 ilk d\u0259f\u0259 s\u0259sverm\u0259d\u0259 i\u015ftirak etdiyi d\u0259 m\u00fchum x\u0259b\u0259r kimi yay\u0131mland\u0131.\n<\/p>\n<p>\n  Bu il sentyabr\u0131n 17-d\u0259 Sabirabadda prezident \u0130lham \u018fliyevin d\u0259 qat\u0131ld\u0131\u011f\u0131 regional m\u00fc\u015favir\u0259 zaman\u0131 70 ya\u015fl\u0131 qad\u0131n\u0131n Heyd\u0259r \u018fliyevin prezident olmas\u0131 haqq\u0131nda s\u0259sl\u0259ndirdiyi fikirl\u0259r h\u00f6kum\u0259t v\u0259 h\u00f6kum\u0259ty\u00f6nl\u00fc mediada t\u0259bli\u011fat, m\u00fcst\u0259qil v\u0259 m\u00fcxalif median\u0131n t\u0259nqid obyektin\u0259 \u00e7evrildi.\n<\/p>\n<p>\n  Kamilxan R\u00fcst\u0259mova 54 ya\u015fl\u0131 \u0130lham \u018fliyev\u0259 &#8220;90 il prezident olma\u011f\u0131&#8221;, ondan sonra Heyd\u0259r \u018fliyevin prezident se\u00e7ilm\u0259sini arzu etdiyini bildirmi\u015fdi.\n<\/p>\n<p>\n  Buna g\u00f6r\u0259 d\u0259, m\u00fcxalif\u0259t n\u00fcmay\u0259nd\u0259l\u0259ri iddia edirl\u0259r ki, parlament\u0259 v\u0259 prezidentliy\u0259 namiz\u0259dlikl\u0259 ba\u011fl\u0131 ya\u015f senzinin a\u015fa\u011f\u0131 sal\u0131nmas\u0131n\u0131n ancaq bir h\u0259d\u0259fi var.\n<\/p>\n<p>\n  &#8220;Bu, \u018fliyev ail\u0259sinin \u0259n g\u0259nc \u00fczv\u00fcn\u00fcn siyas\u0259t\u0259 yolunu a\u00e7maq \u00fc\u00e7\u00fcnd\u00fcr&#8221;, &#8211; dey\u0259 Az\u0259rbaycan Xalq C\u0259bh\u0259si Partiyas\u0131 (AXCP) s\u0259drinin m\u00fcavini G\u00f6z\u0259l Bayraml\u0131 deyir.\n<\/p>\n<p>\n  YAP-\u00e7\u0131 deputat Nizami C\u0259f\u0259rov is\u0259 deyib ki, bunda t\u0259\u0259cc\u00fcbl\u00fc he\u00e7 n\u0259 yoxdur. O, Azadl\u0131q Radiosunun Az\u0259rbaycan b\u00fcrosuna m\u00fcsahib\u0259sind\u0259 bildirib ki, \u018fliyevl\u0259r ail\u0259si \u00e7ox istedadl\u0131 ail\u0259dir v\u0259 bu ail\u0259nin d\u0259 n\u00fcmay\u0259nd\u0259l\u0259ri parlament\u0259 se\u00e7il\u0259 bil\u0259rl\u0259r.\n<\/p>\n<p>\n  &#8220;D\u0259yi\u015fiklikl\u0259r g\u0259ncl\u0259r \u00fc\u00e7\u00fcn potensial imkanlar yaradacaq&#8221;,- Nizami C\u0259f\u0259rov bildirib.\n<\/p>\n<p>\n  &#8220;Bu d\u0259yi\u015fiklikl\u0259r qeyri-m\u00fc\u0259yy\u0259n v\u0259 qeyri- m\u00fct\u0259nasib g\u00f6r\u00fcn\u00fcr. Ya\u015f m\u0259hdudiyy\u0259tinin indiki halda aradan qald\u0131r\u0131lmas\u0131 n\u00f6vb\u0259ti parlament se\u00e7kil\u0259rind\u0259 hakim partiyadan daha g\u0259nc namiz\u0259dl\u0259rin ir\u0259li s\u00fcr\u00fclm\u0259si il\u0259 maraq do\u011furacaq&#8221;, &#8211; Se\u00e7kil\u0259rin Monitorinqi v\u0259 Demokratiyan\u0131n T\u0259drisi M\u0259rk\u0259zinin r\u0259hb\u0259ri Anar M\u0259mm\u0259dli deyir.\n<\/p>\n<p>\n  Prezident Administrasiyas\u0131 s\u0259sl\u0259ndiril\u0259n ittihamlarla ba\u011fl\u0131 \u015f\u0259rh verm\u0259yib.\n<\/p>\n<p>\n  YAP-\u00e7\u0131lardan f\u0259rqli olaraq, Az\u0259rbaycandan olan siyas\u0259t\u00e7il\u0259rin he\u00e7 d\u0259 ham\u0131s\u0131 parlamentin v\u0259 prezidentliyin g\u0259ncl\u0259r \u00fc\u00e7\u00fcn a\u00e7\u0131q imkanlar yaradaca\u011f\u0131na inanm\u0131r.\n<\/p>\n<p>\n  &#8220;\u00c7in imperatorlar\u0131 aras\u0131nda 3 ya\u015fl\u0131 u\u015faqlar da olub, amma onlar\u0131n d\u00f6vl\u0259ti idar\u0259 etm\u0259k bacar\u0131\u011f\u0131 olmay\u0131b, d\u00f6vl\u0259ti onlar\u0131n q\u0259yyumlar\u0131 idar\u0259 edib. Bu d\u0259yi\u015fiklikl\u0259r d\u0259 Az\u0259rbaycan\u0131n q\u0259yyumlar vasit\u0259sil\u0259 idar\u0259 edilm\u0259sin\u0259 yol a\u00e7acaq&#8221;,- dey\u0259 Az\u0259rbaycan Demokrat Partiyas\u0131 (ADP) s\u0259dri S\u0259rdar C\u0259lalo\u011flu bildirib.\n<\/p>\n<p>\n  \u00dczv d\u00f6vl\u0259tl\u0259rin konstitusiyalar\u0131na d\u0259yi\u015fiklikl\u0259r \u00fczr\u0259 r\u0259y ver\u0259n Avropa \u015euras\u0131n\u0131n (A\u015e) Venesiya Komissiyas\u0131 ilkin r\u0259yind\u0259 parlament se\u00e7kil\u0259ri \u00fc\u00e7\u00fcn ya\u015f senzinin a\u015fa\u011f\u0131 sal\u0131nmas\u0131nda prinsipc\u0259 bir problem olmad\u0131\u011f\u0131n\u0131 b\u0259yan edib.\n<\/p>\n<p>\n  Eyni zamanda bildirilib ki, bu, \u00f6lk\u0259d\u0259 d\u00f6vl\u0259t idar\u0259\u00e7iliyinin keyfiyy\u0259tin\u0259 m\u0259nfi t\u0259sir g\u00f6st\u0259r\u0259c\u0259k.\n<\/p>\n<p>\n  \u00dcmumilikd\u0259, Venesiya Komissiyas\u0131 d\u0259yi\u015fiklikl\u0259rl\u0259 ba\u011fl\u0131 m\u0259nfi r\u0259y verib v\u0259 bildirib ki, bu d\u0259yi\u015fiklikl\u0259r prezident\u0259 inan\u0131lmaz s\u0259lahiyy\u0259tl\u0259r ver\u0259c\u0259k.\n<\/p>\n<p>\n  T\u0259klifl\u0259r q\u0259bul olunsa, prezident \u018fliyevin parlamenti buraxmaq v\u0259 n\u00f6vb\u0259d\u0259nk\u0259nar se\u00e7kil\u0259r elan etm\u0259k s\u0259lahiyy\u0259tl\u0259ri olacaq.\n<\/p>\n<p>\n  Birinci vitse-prezident v\u0259 vitse-prezidentl\u0259r ba\u015f nazird\u0259n d\u0259 b\u00f6y\u00fck s\u0259lahiyy\u0259tl\u0259r\u0259 malik olacaqlar.\n<\/p>\n<p>\n  H\u00f6kum\u0259t r\u0259smil\u0259ri Venesiya Komissiyas\u0131n\u0131n r\u0259yini &#8220;t\u0259l\u0259sik veril\u0259n r\u0259y&#8221; adland\u0131r\u0131b v\u0259 bildiribl\u0259r ki, bu, Avropa \u015euras\u0131 Parlament Assambleyas\u0131n\u0131n (A\u015ePA) b\u0259zi \u00fczvl\u0259rinin sifari\u015fidir. Az\u0259rbaycan m\u00fcxalif\u0259ti sentyabrn 17-d\u0259 v\u0259 18-d\u0259 referendum \u0259leyhin\u0259 mitinql\u0259r ke\u00e7irib.\n<\/p>\n<p>\n  &#8220;Etiraz ed\u0259nl\u0259r unudurlar ki, Almaniya v\u0259 Macar\u0131stan kimi Avropa \u00f6lk\u0259l\u0259rind\u0259 parlament\u0259 namiz\u0259dlik \u00fc\u00e7\u00fcn ya\u015f senzi 18, \u00c7exiyada 21-dir&#8221;,- h\u00f6kum\u0259ty\u00f6nl\u00fc &#8220;azxeber.com&#8221; sayt\u0131n\u0131n redaktoru Hac\u0131b\u0259y Heyd\u0259rli bildirib.\n<\/p>\n<p>\n  B\u0259zi apar\u0131c\u0131 m\u00fcxalif\u0259t n\u00fcmay\u0259nd\u0259l\u0259ri is\u0259 bu m\u00fcqayis\u0259l\u0259r aras\u0131nda he\u00e7 bir ba\u011f g\u00f6rm\u0259dikl\u0259rini bildirirl\u0259r.\n<\/p>\n<p>\n  &#8220;80 ya\u015fl\u0131 ba\u015f nazirini d\u0259yi\u015fm\u0259y\u0259n h\u00f6kum\u0259t \u00e7\u0259tin ki g\u0259nc n\u0259sli parlament\u0259 buraxs\u0131n&#8221;, &#8211; M\u00fcsavat ba\u015fqan\u0131n\u0131n m\u00fcavini Elman F\u0259ttah bel\u0259 deyir.\n<\/p>\n<p>\n  &#8220;Az\u0259rbaycan qanunvericiliyin\u0259 g\u00f6r\u0259, 25 ya\u015f\u0131 olanlar el\u0259 g\u0259nc hesab olunurlar, buna g\u00f6r\u0259 d\u0259 h\u00f6kum\u0259tin ya\u015f senzini 18-\u0259 endirm\u0259si m\u0259ntiqli deyil&#8221;. Bunu Respublika\u00e7\u0131 Alternativ (REAL) H\u0259r\u0259kat\u0131n\u0131n \u0130dar\u0259 Hey\u0259tinin \u00fczv\u00fc Az\u0259r Qas\u0131ml\u0131 bildirir.\n<\/p>\n<p>\n  H\u00f6kum\u0259t v\u0259 h\u00f6kum\u0259ty\u00f6nl\u00fc g\u0259ncl\u0259r t\u0259\u015fkilatlar\u0131 referenduma d\u0259yi\u015fiklikl\u0259rin t\u0259\u015fviqat\u0131 il\u0259 ba\u011fl\u0131 kampaniyalar apar\u0131r. Onlardan f\u0259rqli olaraq, bu, m\u00fcst\u0259qil v\u0259 siyas\u0259t\u0259 qat\u0131lmaq ist\u0259yi olan g\u0259ncl\u0259ri he\u00e7 d\u0259 h\u0259v\u0259sl\u0259ndirmir.\n<\/p>\n<p>\n  G\u0259nc f\u0259al R\u0259\u015fad\u0259t Axundov deyir ki, d\u0259yi\u015fiklik t\u0259klifl\u0259rinin siyasi islahatlarla he\u00e7 bir \u0259laq\u0259si yoxdur.\n<\/p>\n<p>\n  &#8220;Milli M\u0259clis azad se\u00e7kil\u0259rl\u0259 formala\u015fmal\u0131d\u0131r. Azad se\u00e7kil\u0259r ke\u00e7irilm\u0259yinc\u0259, parlamentd\u0259 g\u0259ncl\u0259rin say\u0131n\u0131n art\u0131r\u0131lmas\u0131 m\u00f6vcud reall\u0131\u011f\u0131 d\u0259yi\u015fdirm\u0259y\u0259c\u0259k &#8220;,- dey\u0259 Nida V\u0259t\u0259nda\u015f H\u0259r\u0259kat\u0131n\u0131n \u00fczv\u00fc R\u0259\u015fad\u0259t Axundov vur\u011fulay\u0131b.\n<\/p>\n<p>\n  Redaktorun qeydi: Leyla Mustafayeva 2010-cu ild\u0259 Az\u0259rbaycanda parlament se\u00e7kil\u0259rind\u0259 namiz\u0259d olub. O se\u00e7kil\u0259rin saxta ke\u00e7irilm\u0259si il\u0259 ba\u011fl\u0131 m\u0259hk\u0259m\u0259y\u0259 m\u00fcraci\u0259t edib.<br \/>\n  <br \/>\n  Leyla Mustafayeva haz\u0131rda m\u00fcst\u0259qil jurnalist kimi f\u0259aliyy\u0259t g\u00f6st\u0259rir.<\/p>\n","protected":false},"excerpt":{"rendered":"<p>Az\u0259rbaycanda hakimiyy\u0259t \u00e7oxdan bir ail\u0259nin n\u0259zar\u0259ti alt\u0131ndad\u0131r v\u0259 bel\u0259likl\u0259 d\u0259, iyulda prezident \u0130lham \u018fliyev parlament\u0259 v\u0259 prezidentliy\u0259 namiz\u0259dlik \u00fc\u00e7\u00fcn ya\u015f senzinin a\u015fa\u011f\u0131 sal\u0131nmas\u0131n\u0131 t\u0259klif ed\u0259nd\u0259 h\u00f6k\u00fcm\u0259t t\u0259nqid\u00e7il\u0259rinin bir \u00e7oxu onun bu &#8220;motivasiyas\u0131n\u0131&#8221; yegan\u0259 o\u011flu -19 ya\u015fl\u0131 Heyd\u0259r \u018fliyev\u0259 siyasi karyera qurmaq ist\u0259yi kimi qiym\u0259tl\u0259ndirdil\u0259r.<\/p>\n","protected":false},"author":11,"featured_media":68619,"comment_status":"closed","ping_status":"open","sticky":false,"template":"","format":"standard","meta":{"_acf_changed":false,"_sitemap_exclude":false,"_sitemap_priority":"","_sitemap_frequency":"","footnotes":""},"categories":[51],"tags":[],"class_list":["post-179096","post","type-post","status-publish","format-standard","has-post-thumbnail","hentry","category-analitika","infinite-scroll-item","generate-columns","tablet-grid-50","mobile-grid-100","grid-parent","grid-33","no-featured-image-padding"],"acf":[],"yoast_head":"<!-- This site is optimized with the Yoast SEO plugin v27.5 - https:\/\/yoast.com\/product\/yoast-seo-wordpress\/ -->\n<title>Referendum prezidentin yeniyetm\u0259 o\u011flu Heyd\u0259r \u018fliyevin siyas\u0259t\u0259 g\u0259tirilm\u0259si \u00fc\u00e7\u00fcnd\u00fcr - MEYDAN.TV<\/title>\n<meta name=\"robots\" content=\"index, follow, max-snippet:-1, max-image-preview:large, max-video-preview:-1\" \/>\n<link rel=\"canonical\" href=\"https:\/\/www.meydan.tv\/az\/article\/referendum-prezidentin-yeniyetme-oglu-heyder-eliyevin-siyasete-getirilmesi-ucundur\/\" \/>\n<meta property=\"og:locale\" content=\"az_AZ\" \/>\n<meta property=\"og:type\" content=\"article\" \/>\n<meta property=\"og:title\" content=\"Referendum prezidentin yeniyetm\u0259 o\u011flu Heyd\u0259r \u018fliyevin siyas\u0259t\u0259 g\u0259tirilm\u0259si \u00fc\u00e7\u00fcnd\u00fcr - MEYDAN.TV\" \/>\n<meta property=\"og:description\" content=\"Az\u0259rbaycanda hakimiyy\u0259t \u00e7oxdan bir ail\u0259nin n\u0259zar\u0259ti alt\u0131ndad\u0131r v\u0259 bel\u0259likl\u0259 d\u0259, iyulda prezident \u0130lham \u018fliyev parlament\u0259 v\u0259 prezidentliy\u0259 namiz\u0259dlik \u00fc\u00e7\u00fcn ya\u015f senzinin a\u015fa\u011f\u0131 sal\u0131nmas\u0131n\u0131 t\u0259klif ed\u0259nd\u0259 h\u00f6k\u00fcm\u0259t t\u0259nqid\u00e7il\u0259rinin bir \u00e7oxu onun bu &quot;motivasiyas\u0131n\u0131&quot; yegan\u0259 o\u011flu -19 ya\u015fl\u0131 Heyd\u0259r \u018fliyev\u0259 siyasi karyera qurmaq ist\u0259yi kimi qiym\u0259tl\u0259ndirdil\u0259r.\" \/>\n<meta property=\"og:url\" content=\"https:\/\/www.meydan.tv\/az\/article\/referendum-prezidentin-yeniyetme-oglu-heyder-eliyevin-siyasete-getirilmesi-ucundur\/\" \/>\n<meta property=\"og:site_name\" content=\"MEYDAN.TV\" \/>\n<meta property=\"article:published_time\" content=\"2016-09-24T17:25:47+00:00\" \/>\n<meta property=\"og:image\" content=\"https:\/\/www.meydan.tv\/wp-content\/uploads\/26241.jpg\" \/>\n\t<meta property=\"og:image:width\" content=\"1536\" \/>\n\t<meta property=\"og:image:height\" content=\"934\" \/>\n\t<meta property=\"og:image:type\" content=\"image\/jpeg\" \/>\n<meta name=\"author\" content=\"user-manager\" \/>\n<meta name=\"twitter:card\" content=\"summary_large_image\" \/>\n<script type=\"application\/ld+json\" class=\"yoast-schema-graph\">{\"@context\":\"https:\\\/\\\/schema.org\",\"@graph\":[{\"@type\":\"Article\",\"@id\":\"https:\\\/\\\/www.meydan.tv\\\/az\\\/article\\\/referendum-prezidentin-yeniyetme-oglu-heyder-eliyevin-siyasete-getirilmesi-ucundur\\\/#article\",\"isPartOf\":{\"@id\":\"https:\\\/\\\/www.meydan.tv\\\/az\\\/article\\\/referendum-prezidentin-yeniyetme-oglu-heyder-eliyevin-siyasete-getirilmesi-ucundur\\\/\"},\"author\":{\"name\":\"user-manager\",\"@id\":\"https:\\\/\\\/www.meydan.tv\\\/az\\\/#\\\/schema\\\/person\\\/10d11eccf6da3662cf5fdab9806ea91a\"},\"headline\":\"Referendum prezidentin yeniyetm\u0259 o\u011flu Heyd\u0259r \u018fliyevin siyas\u0259t\u0259 g\u0259tirilm\u0259si \u00fc\u00e7\u00fcnd\u00fcr\",\"datePublished\":\"2016-09-24T17:25:47+00:00\",\"mainEntityOfPage\":{\"@id\":\"https:\\\/\\\/www.meydan.tv\\\/az\\\/article\\\/referendum-prezidentin-yeniyetme-oglu-heyder-eliyevin-siyasete-getirilmesi-ucundur\\\/\"},\"wordCount\":1731,\"publisher\":{\"@id\":\"https:\\\/\\\/www.meydan.tv\\\/az\\\/#organization\"},\"image\":{\"@id\":\"https:\\\/\\\/www.meydan.tv\\\/az\\\/article\\\/referendum-prezidentin-yeniyetme-oglu-heyder-eliyevin-siyasete-getirilmesi-ucundur\\\/#primaryimage\"},\"thumbnailUrl\":\"https:\\\/\\\/www.meydan.tv\\\/wp-content\\\/uploads\\\/26241.jpg\",\"articleSection\":[\"Analitika\"],\"inLanguage\":\"az\"},{\"@type\":\"WebPage\",\"@id\":\"https:\\\/\\\/www.meydan.tv\\\/az\\\/article\\\/referendum-prezidentin-yeniyetme-oglu-heyder-eliyevin-siyasete-getirilmesi-ucundur\\\/\",\"url\":\"https:\\\/\\\/www.meydan.tv\\\/az\\\/article\\\/referendum-prezidentin-yeniyetme-oglu-heyder-eliyevin-siyasete-getirilmesi-ucundur\\\/\",\"name\":\"Referendum prezidentin yeniyetm\u0259 o\u011flu Heyd\u0259r \u018fliyevin siyas\u0259t\u0259 g\u0259tirilm\u0259si \u00fc\u00e7\u00fcnd\u00fcr - MEYDAN.TV\",\"isPartOf\":{\"@id\":\"https:\\\/\\\/www.meydan.tv\\\/az\\\/#website\"},\"primaryImageOfPage\":{\"@id\":\"https:\\\/\\\/www.meydan.tv\\\/az\\\/article\\\/referendum-prezidentin-yeniyetme-oglu-heyder-eliyevin-siyasete-getirilmesi-ucundur\\\/#primaryimage\"},\"image\":{\"@id\":\"https:\\\/\\\/www.meydan.tv\\\/az\\\/article\\\/referendum-prezidentin-yeniyetme-oglu-heyder-eliyevin-siyasete-getirilmesi-ucundur\\\/#primaryimage\"},\"thumbnailUrl\":\"https:\\\/\\\/www.meydan.tv\\\/wp-content\\\/uploads\\\/26241.jpg\",\"datePublished\":\"2016-09-24T17:25:47+00:00\",\"breadcrumb\":{\"@id\":\"https:\\\/\\\/www.meydan.tv\\\/az\\\/article\\\/referendum-prezidentin-yeniyetme-oglu-heyder-eliyevin-siyasete-getirilmesi-ucundur\\\/#breadcrumb\"},\"inLanguage\":\"az\",\"potentialAction\":[{\"@type\":\"ReadAction\",\"target\":[\"https:\\\/\\\/www.meydan.tv\\\/az\\\/article\\\/referendum-prezidentin-yeniyetme-oglu-heyder-eliyevin-siyasete-getirilmesi-ucundur\\\/\"]}]},{\"@type\":\"ImageObject\",\"inLanguage\":\"az\",\"@id\":\"https:\\\/\\\/www.meydan.tv\\\/az\\\/article\\\/referendum-prezidentin-yeniyetme-oglu-heyder-eliyevin-siyasete-getirilmesi-ucundur\\\/#primaryimage\",\"url\":\"https:\\\/\\\/www.meydan.tv\\\/wp-content\\\/uploads\\\/26241.jpg\",\"contentUrl\":\"https:\\\/\\\/www.meydan.tv\\\/wp-content\\\/uploads\\\/26241.jpg\",\"width\":1536,\"height\":934,\"caption\":\"Source:\"},{\"@type\":\"BreadcrumbList\",\"@id\":\"https:\\\/\\\/www.meydan.tv\\\/az\\\/article\\\/referendum-prezidentin-yeniyetme-oglu-heyder-eliyevin-siyasete-getirilmesi-ucundur\\\/#breadcrumb\",\"itemListElement\":[{\"@type\":\"ListItem\",\"position\":1,\"name\":\"Ana s\u0259hif\u0259\",\"item\":\"https:\\\/\\\/www.meydan.tv\\\/az\\\/\"},{\"@type\":\"ListItem\",\"position\":2,\"name\":\"Analitika\",\"item\":\"https:\\\/\\\/www.meydan.tv\\\/az\\\/section\\\/analitika\\\/\"},{\"@type\":\"ListItem\",\"position\":3,\"name\":\"Referendum prezidentin yeniyetm\u0259 o\u011flu Heyd\u0259r \u018fliyevin siyas\u0259t\u0259 g\u0259tirilm\u0259si \u00fc\u00e7\u00fcnd\u00fcr\"}]},{\"@type\":\"WebSite\",\"@id\":\"https:\\\/\\\/www.meydan.tv\\\/az\\\/#website\",\"url\":\"https:\\\/\\\/www.meydan.tv\\\/az\\\/\",\"name\":\"MEYDAN.TV\",\"description\":\"Meydan TV Az\u0259rbaycan\u0131n media m\u0259kan\u0131ndak\u0131 alternativ s\u0259sidir\",\"publisher\":{\"@id\":\"https:\\\/\\\/www.meydan.tv\\\/az\\\/#organization\"},\"potentialAction\":[{\"@type\":\"SearchAction\",\"target\":{\"@type\":\"EntryPoint\",\"urlTemplate\":\"https:\\\/\\\/www.meydan.tv\\\/az\\\/?s={search_term_string}\"},\"query-input\":{\"@type\":\"PropertyValueSpecification\",\"valueRequired\":true,\"valueName\":\"search_term_string\"}}],\"inLanguage\":\"az\"},{\"@type\":\"Organization\",\"@id\":\"https:\\\/\\\/www.meydan.tv\\\/az\\\/#organization\",\"name\":\"Meydan TV\",\"url\":\"https:\\\/\\\/www.meydan.tv\\\/az\\\/\",\"logo\":{\"@type\":\"ImageObject\",\"inLanguage\":\"az\",\"@id\":\"https:\\\/\\\/www.meydan.tv\\\/az\\\/#\\\/schema\\\/logo\\\/image\\\/\",\"url\":\"https:\\\/\\\/www.meydan.tv\\\/wp-content\\\/uploads\\\/2021\\\/07\\\/meydan-logo.svg\",\"contentUrl\":\"https:\\\/\\\/www.meydan.tv\\\/wp-content\\\/uploads\\\/2021\\\/07\\\/meydan-logo.svg\",\"width\":195,\"height\":46,\"caption\":\"Meydan TV\"},\"image\":{\"@id\":\"https:\\\/\\\/www.meydan.tv\\\/az\\\/#\\\/schema\\\/logo\\\/image\\\/\"}},{\"@type\":\"Person\",\"@id\":\"https:\\\/\\\/www.meydan.tv\\\/az\\\/#\\\/schema\\\/person\\\/10d11eccf6da3662cf5fdab9806ea91a\",\"name\":\"user-manager\"}]}<\/script>\n<!-- \/ Yoast SEO plugin. -->","yoast_head_json":{"title":"Referendum prezidentin yeniyetm\u0259 o\u011flu Heyd\u0259r \u018fliyevin siyas\u0259t\u0259 g\u0259tirilm\u0259si \u00fc\u00e7\u00fcnd\u00fcr - MEYDAN.TV","robots":{"index":"index","follow":"follow","max-snippet":"max-snippet:-1","max-image-preview":"max-image-preview:large","max-video-preview":"max-video-preview:-1"},"canonical":"https:\/\/www.meydan.tv\/az\/article\/referendum-prezidentin-yeniyetme-oglu-heyder-eliyevin-siyasete-getirilmesi-ucundur\/","og_locale":"az_AZ","og_type":"article","og_title":"Referendum prezidentin yeniyetm\u0259 o\u011flu Heyd\u0259r \u018fliyevin siyas\u0259t\u0259 g\u0259tirilm\u0259si \u00fc\u00e7\u00fcnd\u00fcr - MEYDAN.TV","og_description":"Az\u0259rbaycanda hakimiyy\u0259t \u00e7oxdan bir ail\u0259nin n\u0259zar\u0259ti alt\u0131ndad\u0131r v\u0259 bel\u0259likl\u0259 d\u0259, iyulda prezident \u0130lham \u018fliyev parlament\u0259 v\u0259 prezidentliy\u0259 namiz\u0259dlik \u00fc\u00e7\u00fcn ya\u015f senzinin a\u015fa\u011f\u0131 sal\u0131nmas\u0131n\u0131 t\u0259klif ed\u0259nd\u0259 h\u00f6k\u00fcm\u0259t t\u0259nqid\u00e7il\u0259rinin bir \u00e7oxu onun bu \"motivasiyas\u0131n\u0131\" yegan\u0259 o\u011flu -19 ya\u015fl\u0131 Heyd\u0259r \u018fliyev\u0259 siyasi karyera qurmaq ist\u0259yi kimi qiym\u0259tl\u0259ndirdil\u0259r.","og_url":"https:\/\/www.meydan.tv\/az\/article\/referendum-prezidentin-yeniyetme-oglu-heyder-eliyevin-siyasete-getirilmesi-ucundur\/","og_site_name":"MEYDAN.TV","article_published_time":"2016-09-24T17:25:47+00:00","og_image":[{"width":1536,"height":934,"url":"https:\/\/www.meydan.tv\/wp-content\/uploads\/26241.jpg","type":"image\/jpeg"}],"author":"user-manager","twitter_card":"summary_large_image","schema":{"@context":"https:\/\/schema.org","@graph":[{"@type":"Article","@id":"https:\/\/www.meydan.tv\/az\/article\/referendum-prezidentin-yeniyetme-oglu-heyder-eliyevin-siyasete-getirilmesi-ucundur\/#article","isPartOf":{"@id":"https:\/\/www.meydan.tv\/az\/article\/referendum-prezidentin-yeniyetme-oglu-heyder-eliyevin-siyasete-getirilmesi-ucundur\/"},"author":{"name":"user-manager","@id":"https:\/\/www.meydan.tv\/az\/#\/schema\/person\/10d11eccf6da3662cf5fdab9806ea91a"},"headline":"Referendum prezidentin yeniyetm\u0259 o\u011flu Heyd\u0259r \u018fliyevin siyas\u0259t\u0259 g\u0259tirilm\u0259si \u00fc\u00e7\u00fcnd\u00fcr","datePublished":"2016-09-24T17:25:47+00:00","mainEntityOfPage":{"@id":"https:\/\/www.meydan.tv\/az\/article\/referendum-prezidentin-yeniyetme-oglu-heyder-eliyevin-siyasete-getirilmesi-ucundur\/"},"wordCount":1731,"publisher":{"@id":"https:\/\/www.meydan.tv\/az\/#organization"},"image":{"@id":"https:\/\/www.meydan.tv\/az\/article\/referendum-prezidentin-yeniyetme-oglu-heyder-eliyevin-siyasete-getirilmesi-ucundur\/#primaryimage"},"thumbnailUrl":"https:\/\/www.meydan.tv\/wp-content\/uploads\/26241.jpg","articleSection":["Analitika"],"inLanguage":"az"},{"@type":"WebPage","@id":"https:\/\/www.meydan.tv\/az\/article\/referendum-prezidentin-yeniyetme-oglu-heyder-eliyevin-siyasete-getirilmesi-ucundur\/","url":"https:\/\/www.meydan.tv\/az\/article\/referendum-prezidentin-yeniyetme-oglu-heyder-eliyevin-siyasete-getirilmesi-ucundur\/","name":"Referendum prezidentin yeniyetm\u0259 o\u011flu Heyd\u0259r \u018fliyevin siyas\u0259t\u0259 g\u0259tirilm\u0259si \u00fc\u00e7\u00fcnd\u00fcr - MEYDAN.TV","isPartOf":{"@id":"https:\/\/www.meydan.tv\/az\/#website"},"primaryImageOfPage":{"@id":"https:\/\/www.meydan.tv\/az\/article\/referendum-prezidentin-yeniyetme-oglu-heyder-eliyevin-siyasete-getirilmesi-ucundur\/#primaryimage"},"image":{"@id":"https:\/\/www.meydan.tv\/az\/article\/referendum-prezidentin-yeniyetme-oglu-heyder-eliyevin-siyasete-getirilmesi-ucundur\/#primaryimage"},"thumbnailUrl":"https:\/\/www.meydan.tv\/wp-content\/uploads\/26241.jpg","datePublished":"2016-09-24T17:25:47+00:00","breadcrumb":{"@id":"https:\/\/www.meydan.tv\/az\/article\/referendum-prezidentin-yeniyetme-oglu-heyder-eliyevin-siyasete-getirilmesi-ucundur\/#breadcrumb"},"inLanguage":"az","potentialAction":[{"@type":"ReadAction","target":["https:\/\/www.meydan.tv\/az\/article\/referendum-prezidentin-yeniyetme-oglu-heyder-eliyevin-siyasete-getirilmesi-ucundur\/"]}]},{"@type":"ImageObject","inLanguage":"az","@id":"https:\/\/www.meydan.tv\/az\/article\/referendum-prezidentin-yeniyetme-oglu-heyder-eliyevin-siyasete-getirilmesi-ucundur\/#primaryimage","url":"https:\/\/www.meydan.tv\/wp-content\/uploads\/26241.jpg","contentUrl":"https:\/\/www.meydan.tv\/wp-content\/uploads\/26241.jpg","width":1536,"height":934,"caption":"Source:"},{"@type":"BreadcrumbList","@id":"https:\/\/www.meydan.tv\/az\/article\/referendum-prezidentin-yeniyetme-oglu-heyder-eliyevin-siyasete-getirilmesi-ucundur\/#breadcrumb","itemListElement":[{"@type":"ListItem","position":1,"name":"Ana s\u0259hif\u0259","item":"https:\/\/www.meydan.tv\/az\/"},{"@type":"ListItem","position":2,"name":"Analitika","item":"https:\/\/www.meydan.tv\/az\/section\/analitika\/"},{"@type":"ListItem","position":3,"name":"Referendum prezidentin yeniyetm\u0259 o\u011flu Heyd\u0259r \u018fliyevin siyas\u0259t\u0259 g\u0259tirilm\u0259si \u00fc\u00e7\u00fcnd\u00fcr"}]},{"@type":"WebSite","@id":"https:\/\/www.meydan.tv\/az\/#website","url":"https:\/\/www.meydan.tv\/az\/","name":"MEYDAN.TV","description":"Meydan TV Az\u0259rbaycan\u0131n media m\u0259kan\u0131ndak\u0131 alternativ s\u0259sidir","publisher":{"@id":"https:\/\/www.meydan.tv\/az\/#organization"},"potentialAction":[{"@type":"SearchAction","target":{"@type":"EntryPoint","urlTemplate":"https:\/\/www.meydan.tv\/az\/?s={search_term_string}"},"query-input":{"@type":"PropertyValueSpecification","valueRequired":true,"valueName":"search_term_string"}}],"inLanguage":"az"},{"@type":"Organization","@id":"https:\/\/www.meydan.tv\/az\/#organization","name":"Meydan TV","url":"https:\/\/www.meydan.tv\/az\/","logo":{"@type":"ImageObject","inLanguage":"az","@id":"https:\/\/www.meydan.tv\/az\/#\/schema\/logo\/image\/","url":"https:\/\/www.meydan.tv\/wp-content\/uploads\/2021\/07\/meydan-logo.svg","contentUrl":"https:\/\/www.meydan.tv\/wp-content\/uploads\/2021\/07\/meydan-logo.svg","width":195,"height":46,"caption":"Meydan TV"},"image":{"@id":"https:\/\/www.meydan.tv\/az\/#\/schema\/logo\/image\/"}},{"@type":"Person","@id":"https:\/\/www.meydan.tv\/az\/#\/schema\/person\/10d11eccf6da3662cf5fdab9806ea91a","name":"user-manager"}]}},"_links":{"self":[{"href":"https:\/\/www.meydan.tv\/az\/wp-json\/wp\/v2\/posts\/179096","targetHints":{"allow":["GET"]}}],"collection":[{"href":"https:\/\/www.meydan.tv\/az\/wp-json\/wp\/v2\/posts"}],"about":[{"href":"https:\/\/www.meydan.tv\/az\/wp-json\/wp\/v2\/types\/post"}],"author":[{"embeddable":true,"href":"https:\/\/www.meydan.tv\/az\/wp-json\/wp\/v2\/users\/11"}],"replies":[{"embeddable":true,"href":"https:\/\/www.meydan.tv\/az\/wp-json\/wp\/v2\/comments?post=179096"}],"version-history":[{"count":0,"href":"https:\/\/www.meydan.tv\/az\/wp-json\/wp\/v2\/posts\/179096\/revisions"}],"wp:featuredmedia":[{"embeddable":true,"href":"https:\/\/www.meydan.tv\/az\/wp-json\/wp\/v2\/media\/68619"}],"wp:attachment":[{"href":"https:\/\/www.meydan.tv\/az\/wp-json\/wp\/v2\/media?parent=179096"}],"wp:term":[{"taxonomy":"category","embeddable":true,"href":"https:\/\/www.meydan.tv\/az\/wp-json\/wp\/v2\/categories?post=179096"},{"taxonomy":"post_tag","embeddable":true,"href":"https:\/\/www.meydan.tv\/az\/wp-json\/wp\/v2\/tags?post=179096"}],"curies":[{"name":"wp","href":"https:\/\/api.w.org\/{rel}","templated":true}]}}