{"id":179069,"date":"2016-09-22T22:44:10","date_gmt":"2016-09-22T22:44:10","guid":{"rendered":"https:\/\/www.meydan.tv\/article\/eliyev-rejimi-qerbe-teref-qayidir\/"},"modified":"2016-09-22T22:44:10","modified_gmt":"2016-09-22T22:44:10","slug":"eliyev-rejimi-qerbe-teref-qayidir","status":"publish","type":"post","link":"https:\/\/www.meydan.tv\/az\/article\/eliyev-rejimi-qerbe-teref-qayidir\/","title":{"rendered":"\u018fliyev rejimi Q\u0259rb\u0259 t\u0259r\u0259f qay\u0131d\u0131r"},"content":{"rendered":"<figure class=\"wp-block-image size-large\">\n  <img decoding=\"async\" src=\"https:\/\/www.meydan.tv\/az\/68595\/\" alt=\"\" class=\"wp-image-68595\"\/><figcaption><\/figcaption><\/figure>\n<p>\n  <i><br \/>\n    <b><br \/>\n      R\u0259smi Bak\u0131 Avropa Parlamenti il\u0259 2015-ci ild\u0259 h\u00f6kum\u0259tin insan h\u00fcquqlar\u0131 sah\u0259sind\u0259 siyas\u0259tini pisl\u0259y\u0259n bir s\u0131ra q\u0259tnam\u0259l\u0259rin q\u0259bul edilm\u0259sind\u0259n sonra, dem\u0259k olar ki, dondurulmu\u015f f\u0259al \u0259laq\u0259l\u0259ri b\u0259rpa etm\u0259k bar\u0259d\u0259 q\u0259rar q\u0259bul edib.<br \/>\n    <\/b><br \/>\n  <\/i>\n<\/p>\n<p>\n  <b><br \/>\n    2013-c\u00fc il.<br \/>\n  <\/b><br \/>\n  Avropa Parlamenti Az\u0259rbaycan\u0131n m\u00fcxalif\u0259t xadimi, \u201cRespublika\u00e7\u0131 Alternativ\u201d (REAL) v\u0259t\u0259nda\u015f h\u0259r\u0259kat\u0131n\u0131n lideri \u0130lqar M\u0259mm\u0259dovun h\u0259bsini pisl\u0259y\u0259n q\u0259tnam\u0259 q\u0259bul edib. H\u0259m\u00e7inin, Avropa parlamentaril\u0259ri Az\u0259rbaycan hakimiyy\u0259tini m\u0259tbuat v\u0259 media azadl\u0131\u011f\u0131na h\u00f6rm\u0259t etm\u0259y\u0259 v\u0259 s\u00f6z azadl\u0131\u011f\u0131n\u0131 t\u0259min etm\u0259y\u0259, \u00f6lk\u0259 qanunvericiliyinin diffamasiya il\u0259 ba\u011fl\u0131 hiss\u0259sind\u0259 islahat aparma\u011fa, habel\u0259 topla\u015fmaq azadl\u0131\u011f\u0131na tam riay\u0259t etm\u0259y\u0259 \u00e7a\u011f\u0131rm\u0131\u015fd\u0131lar.\n<\/p>\n<p>\n  <b><br \/>\n    2014<br \/>\n  <\/b><br \/>\n  <b><br \/>\n    -c\u00fc il.<br \/>\n  <\/b><br \/>\n  \u00a0Avropa Parlamenti Az\u0259rbaycanda h\u00fcquq m\u00fcdafi\u0259\u00e7il\u0259rinin t\u0259qibini pisl\u0259y\u0259n q\u0259tnam\u0259 q\u0259bul edib. \u201cAvropa Parlamentinin deputatlar\u0131 Az\u0259rbaycan hakimiyy\u0259tini l\u0259ngim\u0259d\u0259n insan h\u00fcquqlar\u0131 sah\u0259sind\u0259 vaxt\u0131 \u00e7oxdan \u00e7atm\u0131\u015f islahatlar\u0131 h\u0259yata ke\u00e7irm\u0259y\u0259, v\u0259t\u0259nda\u015f c\u0259miyy\u0259ti t\u0259\u015fkilatlar\u0131n\u0131n, m\u00fcxalif\u0259t\u00e7il\u0259rin v\u0259 m\u00fcst\u0259qil jurnalistl\u0259rin s\u0131x\u0131\u015fd\u0131r\u0131lmas\u0131na son qoyma\u011fa v\u0259 Bak\u0131da ictimai y\u0131\u011f\u0131ncaqlara qoyulmu\u015f qada\u011fan\u0131 l\u0259\u011fv etm\u0259y\u0259 \u00e7a\u011f\u0131r\u0131r\u201d, dey\u0259 b\u0259yanatda bildirilir.\n<\/p>\n<p>\n  <b><br \/>\n    2015-ci il<br \/>\n  <\/b><br \/>\n  . Avropa Parlamenti Az\u0259rbaycana qar\u015f\u0131 q\u0259tnam\u0259 q\u0259bul edib. Avropa parlamentaril\u0259ri Az\u0259rbaycan\u0131 \u0259sas azadl\u0131qlar\u0131n pozulmas\u0131na v\u0259 insan h\u00fcquqlar\u0131 v\u0259 demokratiyaya h\u00f6rm\u0259t olunmamas\u0131na g\u00f6r\u0259 pisl\u0259yibl\u0259r.\n<\/p>\n<p>\n  <b><br \/>\n    2015<br \/>\n  <\/b><br \/>\n  <b><br \/>\n    -ci il<br \/>\n  <\/b><br \/>\n  <b><br \/>\n    .<br \/>\n  <\/b><br \/>\n  \u00a0Az\u0259rbaycan prezidenti \u0130lham \u018fliyev Avropa Parlamentinin \u0259m\u0259ll\u0259rini k\u0259skin \u015f\u0259kild\u0259 pisl\u0259yib. O bildirib ki, Avropa Parlamenti \u0259sass\u0131z v\u0259 yalan q\u0259tnam\u0259 q\u0259bul edib: \u201cBu, b\u00f6htan \u00fcz\u0259rind\u0259 qurulmu\u015f siyasi t\u0259xribatd\u0131r. Biz bunun arxas\u0131nda hans\u0131 q\u00fcvv\u0259l\u0259rin durdu\u011funu bilirik\u201d.\n<\/p>\n<p>\n  M\u00fcnasib\u0259tl\u0259rin b\u0259rpa olunmas\u0131 c\u0259hdi, y\u0259ni Bak\u0131n\u0131n Avropa Parlamentinin v\u0259 dig\u0259r Avropa institutlar\u0131n\u0131n iradlar\u0131n\u0131 n\u0259z\u0259r\u0259 alma\u011fa haz\u0131r oldu\u011fu A\u0130-Az\u0259rbaycan Parlamentl\u0259raras\u0131 \u018fm\u0259kda\u015fl\u0131q Komit\u0259sinin \u00fczvl\u0259ri il\u0259 sentyabr\u0131n 20-d\u0259 ke\u00e7irdiyi g\u00f6r\u00fc\u015fd\u0259 prezident \u0130lham \u018fliyevin nitqind\u0259n hiss edilirdi.\n<\/p>\n<p>\n  \u018fliyevin b\u00fct\u00fcn nitqi h\u00fcquq m\u00fcdafi\u0259\u00e7il\u0259rinin h\u0259bsi, \u00f6lk\u0259d\u0259n \u00e7\u0131xar\u0131lmas\u0131 v\u0259 v\u0259t\u0259nda\u015f c\u0259miyy\u0259tinin dig\u0259r probleml\u0259ri il\u0259 ba\u011fl\u0131 b\u0259ra\u0259tl\u0259r \u00fcz\u0259rind\u0259 qurulmu\u015fdu.\n<\/p>\n<p>\n  G\u00f6r\u00fc\u015f haqq\u0131nda hesabat Prezident Administrasiyas\u0131 t\u0259r\u0259find\u0259n \u0259n\u0259n\u0259vi \u201cg\u00fccl\u00fc m\u00f6vqe\u201d \u015f\u0259klind\u0259 yay\u0131lm\u0131\u015fd\u0131 v\u0259 bu c\u00fcr g\u00f6r\u00fc\u015fl\u0259rin senzuraya m\u0259ruz qalmas\u0131 t\u0259cr\u00fcb\u0259sini v\u0259 b\u0259ra\u0259tl\u0259rin d\u0259r\u0259c\u0259sini n\u0259z\u0259r\u0259 alsaq, bel\u0259 bir n\u0259tic\u0259y\u0259 g\u0259lm\u0259k olar ki, Avropa parlamentaril\u0259ri prezidentl\u0259 Az\u0259rbaycandak\u0131 siyasi v\u0259ziyy\u0259tl\u0259 ba\u011fl\u0131 daha ciddi m\u0259s\u0259l\u0259l\u0259r v\u0259 A\u0130-nin buna m\u0259nfi m\u00fcnasib\u0259ti haqq\u0131nda dan\u0131\u015f\u0131blar.\n<\/p>\n<blockquote><p>\n  \u201cV\u0259ziyy\u0259t bel\u0259dir. Biz he\u00e7 n\u0259 olmam\u0131\u015f kimi davrana bilm\u0259rik. Biz buna ayd\u0131nl\u0131q g\u0259tirm\u0259liyik. Biz bunu aradan qald\u0131rmaq \u00fc\u00e7\u00fcn n\u0259 ed\u0259 bil\u0259c\u0259yimiz\u0259 n\u0259z\u0259r salmal\u0131y\u0131q. \u018fg\u0259r bu, bel\u0259 qalsa v\u0259 he\u00e7 n\u0259 ba\u015f verm\u0259s\u0259 biz n\u0259 bar\u0259d\u0259 dan\u0131\u015fa bil\u0259rik?\u201d. \u0130lham \u018fliyev\n<\/p><\/blockquote>\n<p>\n  Bak\u0131n\u0131n\u00a0Az\u0259rbaycan t\u0259r\u0259fin bir il \u0259vv\u0259l tamamil\u0259 \u00e7\u0131xd\u0131\u011f\u0131 konstruktiv dialoqu yenid\u0259n qurmaq ist\u0259yi olmadan g\u00f6r\u00fc\u015f ba\u015f tutmazd\u0131. \u018fliyev Avropa Parlamentinin \u00fcnvan\u0131na k\u0259skin t\u0259nqidi 15 sentyabr 2015-ci ild\u0259 s\u0259sl\u0259ndirib ki, bu da \u0259laq\u0259l\u0259rin dondurulmas\u0131n\u0131n ba\u015flan\u011f\u0131c\u0131n\u0131 qoyub.\n<\/p>\n<p>\n  Bak\u0131n\u0131n dialoq qurma\u011fa haz\u0131r olmas\u0131 he\u00e7 d\u0259 ist\u0259kd\u0259n ir\u0259li g\u0259lmir, iqtisadi b\u00f6hran v\u0259 paralel olaraq b\u00fct\u00fcn Q\u0259rb institutlar\u0131n\u0131n \u018fliyev rejimin\u0259 t\u0259zyiqi il\u0259 \u0259laq\u0259dar m\u0259cburi add\u0131md\u0131r.\n<\/p>\n<p>\n  Dialoqun \u00f6z\u00fcn\u0259 d\u0259 Az\u0259rbaycan\u0131n Avropa Parlamenti v\u0259 \u0259lb\u0259tt\u0259 ki, m\u00fcnasib\u0259tl\u0259rin t\u0259\u015f\u0259kk\u00fcl tapmad\u0131\u011f\u0131 Avropa \u0130ttifaq\u0131 il\u0259 m\u00fcnasib\u0259tl\u0259ri m\u0259s\u0259l\u0259si kimi baxmaq olmaz. G\u00f6r\u00fc\u015fd\u0259 \u018fliyev AT\u018fT-in Bak\u0131da \u00f6z ofisinin i\u015fini b\u0259rpa etm\u0259k ist\u0259yind\u0259n b\u0259hs edib. \u0130st\u0259k dedikd\u0259, t\u0259l\u0259b ba\u015fa d\u00fc\u015f\u00fclm\u0259lidir, \u00e7\u00fcnki Az\u0259rbaycanda d\u0259rinl\u0259\u015f\u0259n b\u00f6hran v\u0259 rejimin tamamil\u0259 t\u0259crid olunmas\u0131 \u015f\u0259raitind\u0259 bu ifad\u0259 he\u00e7 vaxt olmad\u0131\u011f\u0131 q\u0259d\u0259r yerin\u0259 d\u00fc\u015f\u00fcr.\n<\/p>\n<p>\n  Uduzma\u011fa \u00f6yr\u0259\u015fm\u0259y\u0259n \u018fliyev simas\u0131n\u0131 qoruyub saxlamaq \u00fc\u00e7\u00fcn iki m\u0259rh\u0259l\u0259d\u0259 &#8211; 2013-c\u00fc ild\u0259 tamh\u00fcquqlu diplomatik missiya kimi v\u0259 2015-ci ild\u0259 layih\u0259l\u0259rin \u0259laq\u0259l\u0259ndiricisi kimi f\u0259aliyy\u0259tini dayand\u0131rd\u0131qdan sonra Az\u0259rbaycandan qovulan AT\u018fT-l\u0259 dialoqa ba\u015flamaq \u00fc\u00e7\u00fcn hans\u0131sa b\u0259han\u0259 laz\u0131md\u0131r.\n<\/p>\n<p>\n  Haz\u0131rki v\u0259ziyy\u0259td\u0259 AT\u018fT-in qay\u0131tmas\u0131 \u00fc\u00e7\u00fcn b\u0259han\u0259 kimi \u018fliyev Fransa v\u0259t\u0259nda\u015f\u0131, 20-ci \u0259srin \u0259vv\u0259ll\u0259rind\u0259 Az\u0259rbaycandan m\u00fchacir\u0259t ed\u0259n ail\u0259nin \u00f6vlad\u0131 olan Aleksis \u015eahtaxtinskinin \u2013 AT\u018fT-in Az\u0259rbaycanda ilk v\u0259 son \u0259laq\u0259l\u0259ndiricisinin diplomatik xidm\u0259t\u0259 b\u0259rpa edilm\u0259sini g\u00f6st\u0259rib. M\u0259lum oldu\u011fu kimi, 4 iyun 2015-ci ild\u0259 hakimiyy\u0259t AT\u018fT-in Bak\u0131dak\u0131 ofisinin ba\u011flanmas\u0131 haqq\u0131nda q\u0259rar q\u0259bul edib. Buna s\u0259b\u0259b kimi formal olaraq \u018fliyevl\u0259 dost m\u00fcnasib\u0259tl\u0259ri olan \u015eahtaxtinskinin geri \u00e7a\u011f\u0131r\u0131lmas\u0131 g\u00f6st\u0259rilib. Amma m\u0259s\u0259l\u0259 ondad\u0131r ki, \u015eahtaxtinski Az\u0259rbaycan\u0131 may\u0131n 31-d\u0259 f\u0259aliyy\u0259t m\u00fcdd\u0259tinin bitm\u0259si il\u0259 \u0259laq\u0259dar t\u0259rk edib.\n<\/p>\n<p>\n  Bu g\u00fcn \u015eahtaxtinskinin harada oldu\u011fu v\u0259 n\u0259 i\u015fl\u0259 m\u0259\u015f\u011ful oldu\u011fu m\u0259lum deyil v\u0259 onun Fransa diplomatik xidm\u0259tind\u0259n qovulmas\u0131 haqq\u0131nda he\u00e7 bir m\u0259lumat yoxdur, Bak\u0131 v\u0259 Paris aras\u0131nda babat m\u00fcnasib\u0259tl\u0259r \u015f\u0259raitind\u0259 bu, tamamil\u0259 qeyri-reald\u0131r. Amma, \u00e7ox g\u00fcman ki, \u015eahtaxtinski AT\u018fT-d\u0259 i\u015f\u0259 qay\u0131tmaqdan imtina ed\u0259c\u0259k ki, bu da Bak\u0131n\u0131 da, AT\u018fT-i d\u0259 qane ed\u0259c\u0259k, habel\u0259 \u018fliyevin bu t\u0259\u015fkilat\u0131n Bak\u0131da m\u00f6vcudlu\u011funun b\u0259rpas\u0131na ke\u00e7m\u0259k \u00fc\u00e7\u00fcn satisfaksiya \u0259ld\u0259 etm\u0259sin\u0259 imkan ver\u0259c\u0259k.\n<\/p>\n<p>\n  Neft dollarlar\u0131ndan s\u0259rxo\u015f olmu\u015f r\u0259smi Bak\u0131n\u0131n 2013-c\u00fc ild\u0259 prezident se\u00e7kil\u0259rind\u0259n sonra t\u0259kc\u0259 AT\u018fT-l\u0259 deyil, b\u00fct\u00fcn Q\u0259rb institutlar\u0131 il\u0259 s\u0259rt dill\u0259 dan\u0131\u015fma\u011fa ba\u015flayan \u018fliyev haz\u0131rki b\u00f6hran \u015f\u0259raitind\u0259 \u00e7ox \u015fey\u0259 yenid\u0259n baxmaq m\u0259cburiyy\u0259tind\u0259 qal\u0131r. \u0130ndi el\u0259 h\u0259min dil bumeranqla m\u00f6vcud oldu\u011fu tarix boyunca \u0259n pis d\u00f6vr\u00fcn\u00fc ya\u015fayan \u018fliyev rejimini vurdu.<\/p>\n","protected":false},"excerpt":{"rendered":"<p>\u201cV\u0259ziyy\u0259t bel\u0259dir. Biz he\u00e7 n\u0259 olmam\u0131\u015f kimi davrana bilm\u0259rik. Biz buna ayd\u0131nl\u0131q g\u0259tirm\u0259liyik. Biz bunu aradan qald\u0131rmaq \u00fc\u00e7\u00fcn n\u0259 ed\u0259 bil\u0259c\u0259yimiz\u0259 n\u0259z\u0259r salmal\u0131y\u0131q. \u018fg\u0259r bu, bel\u0259 qalsa v\u0259 he\u00e7 n\u0259 ba\u015f verm\u0259s\u0259 biz n\u0259 bar\u0259d\u0259 dan\u0131\u015fa bil\u0259rik?\u201d.Ilham \u018fliyev<\/p>\n","protected":false},"author":11,"featured_media":68595,"comment_status":"closed","ping_status":"open","sticky":false,"template":"","format":"standard","meta":{"_acf_changed":false,"_sitemap_exclude":false,"_sitemap_priority":"","_sitemap_frequency":"","footnotes":""},"categories":[51],"tags":[],"class_list":["post-179069","post","type-post","status-publish","format-standard","has-post-thumbnail","hentry","category-analitika","infinite-scroll-item","generate-columns","tablet-grid-50","mobile-grid-100","grid-parent","grid-33","no-featured-image-padding"],"acf":[],"yoast_head":"<!-- This site is optimized with the Yoast SEO plugin v27.5 - https:\/\/yoast.com\/product\/yoast-seo-wordpress\/ -->\n<title>\u018fliyev rejimi Q\u0259rb\u0259 t\u0259r\u0259f qay\u0131d\u0131r - MEYDAN.TV<\/title>\n<meta name=\"robots\" content=\"index, follow, max-snippet:-1, max-image-preview:large, max-video-preview:-1\" \/>\n<link rel=\"canonical\" href=\"https:\/\/www.meydan.tv\/az\/article\/eliyev-rejimi-qerbe-teref-qayidir\/\" \/>\n<meta property=\"og:locale\" content=\"az_AZ\" \/>\n<meta property=\"og:type\" content=\"article\" \/>\n<meta property=\"og:title\" content=\"\u018fliyev rejimi Q\u0259rb\u0259 t\u0259r\u0259f qay\u0131d\u0131r - MEYDAN.TV\" \/>\n<meta property=\"og:description\" content=\"\u201cV\u0259ziyy\u0259t bel\u0259dir. Biz he\u00e7 n\u0259 olmam\u0131\u015f kimi davrana bilm\u0259rik. Biz buna ayd\u0131nl\u0131q g\u0259tirm\u0259liyik. Biz bunu aradan qald\u0131rmaq \u00fc\u00e7\u00fcn n\u0259 ed\u0259 bil\u0259c\u0259yimiz\u0259 n\u0259z\u0259r salmal\u0131y\u0131q. \u018fg\u0259r bu, bel\u0259 qalsa v\u0259 he\u00e7 n\u0259 ba\u015f verm\u0259s\u0259 biz n\u0259 bar\u0259d\u0259 dan\u0131\u015fa bil\u0259rik?\u201d.Ilham \u018fliyev\" \/>\n<meta property=\"og:url\" content=\"https:\/\/www.meydan.tv\/az\/article\/eliyev-rejimi-qerbe-teref-qayidir\/\" \/>\n<meta property=\"og:site_name\" content=\"MEYDAN.TV\" \/>\n<meta property=\"article:published_time\" content=\"2016-09-22T22:44:10+00:00\" \/>\n<meta property=\"og:image\" content=\"https:\/\/www.meydan.tv\/wp-content\/uploads\/26218.jpg\" \/>\n\t<meta property=\"og:image:width\" content=\"1024\" \/>\n\t<meta property=\"og:image:height\" content=\"657\" \/>\n\t<meta property=\"og:image:type\" content=\"image\/jpeg\" \/>\n<meta name=\"author\" content=\"user-manager\" \/>\n<meta name=\"twitter:card\" content=\"summary_large_image\" \/>\n<script type=\"application\/ld+json\" class=\"yoast-schema-graph\">{\"@context\":\"https:\\\/\\\/schema.org\",\"@graph\":[{\"@type\":\"Article\",\"@id\":\"https:\\\/\\\/www.meydan.tv\\\/az\\\/article\\\/eliyev-rejimi-qerbe-teref-qayidir\\\/#article\",\"isPartOf\":{\"@id\":\"https:\\\/\\\/www.meydan.tv\\\/az\\\/article\\\/eliyev-rejimi-qerbe-teref-qayidir\\\/\"},\"author\":{\"name\":\"user-manager\",\"@id\":\"https:\\\/\\\/www.meydan.tv\\\/az\\\/#\\\/schema\\\/person\\\/10d11eccf6da3662cf5fdab9806ea91a\"},\"headline\":\"\u018fliyev rejimi Q\u0259rb\u0259 t\u0259r\u0259f qay\u0131d\u0131r\",\"datePublished\":\"2016-09-22T22:44:10+00:00\",\"mainEntityOfPage\":{\"@id\":\"https:\\\/\\\/www.meydan.tv\\\/az\\\/article\\\/eliyev-rejimi-qerbe-teref-qayidir\\\/\"},\"wordCount\":1160,\"publisher\":{\"@id\":\"https:\\\/\\\/www.meydan.tv\\\/az\\\/#organization\"},\"image\":{\"@id\":\"https:\\\/\\\/www.meydan.tv\\\/az\\\/article\\\/eliyev-rejimi-qerbe-teref-qayidir\\\/#primaryimage\"},\"thumbnailUrl\":\"https:\\\/\\\/www.meydan.tv\\\/wp-content\\\/uploads\\\/26218.jpg\",\"articleSection\":[\"Analitika\"],\"inLanguage\":\"az\"},{\"@type\":\"WebPage\",\"@id\":\"https:\\\/\\\/www.meydan.tv\\\/az\\\/article\\\/eliyev-rejimi-qerbe-teref-qayidir\\\/\",\"url\":\"https:\\\/\\\/www.meydan.tv\\\/az\\\/article\\\/eliyev-rejimi-qerbe-teref-qayidir\\\/\",\"name\":\"\u018fliyev rejimi Q\u0259rb\u0259 t\u0259r\u0259f qay\u0131d\u0131r - MEYDAN.TV\",\"isPartOf\":{\"@id\":\"https:\\\/\\\/www.meydan.tv\\\/az\\\/#website\"},\"primaryImageOfPage\":{\"@id\":\"https:\\\/\\\/www.meydan.tv\\\/az\\\/article\\\/eliyev-rejimi-qerbe-teref-qayidir\\\/#primaryimage\"},\"image\":{\"@id\":\"https:\\\/\\\/www.meydan.tv\\\/az\\\/article\\\/eliyev-rejimi-qerbe-teref-qayidir\\\/#primaryimage\"},\"thumbnailUrl\":\"https:\\\/\\\/www.meydan.tv\\\/wp-content\\\/uploads\\\/26218.jpg\",\"datePublished\":\"2016-09-22T22:44:10+00:00\",\"breadcrumb\":{\"@id\":\"https:\\\/\\\/www.meydan.tv\\\/az\\\/article\\\/eliyev-rejimi-qerbe-teref-qayidir\\\/#breadcrumb\"},\"inLanguage\":\"az\",\"potentialAction\":[{\"@type\":\"ReadAction\",\"target\":[\"https:\\\/\\\/www.meydan.tv\\\/az\\\/article\\\/eliyev-rejimi-qerbe-teref-qayidir\\\/\"]}]},{\"@type\":\"ImageObject\",\"inLanguage\":\"az\",\"@id\":\"https:\\\/\\\/www.meydan.tv\\\/az\\\/article\\\/eliyev-rejimi-qerbe-teref-qayidir\\\/#primaryimage\",\"url\":\"https:\\\/\\\/www.meydan.tv\\\/wp-content\\\/uploads\\\/26218.jpg\",\"contentUrl\":\"https:\\\/\\\/www.meydan.tv\\\/wp-content\\\/uploads\\\/26218.jpg\",\"width\":1024,\"height\":657,\"caption\":\"Source:\"},{\"@type\":\"BreadcrumbList\",\"@id\":\"https:\\\/\\\/www.meydan.tv\\\/az\\\/article\\\/eliyev-rejimi-qerbe-teref-qayidir\\\/#breadcrumb\",\"itemListElement\":[{\"@type\":\"ListItem\",\"position\":1,\"name\":\"Ana s\u0259hif\u0259\",\"item\":\"https:\\\/\\\/www.meydan.tv\\\/az\\\/\"},{\"@type\":\"ListItem\",\"position\":2,\"name\":\"Analitika\",\"item\":\"https:\\\/\\\/www.meydan.tv\\\/az\\\/section\\\/analitika\\\/\"},{\"@type\":\"ListItem\",\"position\":3,\"name\":\"\u018fliyev rejimi Q\u0259rb\u0259 t\u0259r\u0259f qay\u0131d\u0131r\"}]},{\"@type\":\"WebSite\",\"@id\":\"https:\\\/\\\/www.meydan.tv\\\/az\\\/#website\",\"url\":\"https:\\\/\\\/www.meydan.tv\\\/az\\\/\",\"name\":\"MEYDAN.TV\",\"description\":\"Meydan TV Az\u0259rbaycan\u0131n media m\u0259kan\u0131ndak\u0131 alternativ s\u0259sidir\",\"publisher\":{\"@id\":\"https:\\\/\\\/www.meydan.tv\\\/az\\\/#organization\"},\"potentialAction\":[{\"@type\":\"SearchAction\",\"target\":{\"@type\":\"EntryPoint\",\"urlTemplate\":\"https:\\\/\\\/www.meydan.tv\\\/az\\\/?s={search_term_string}\"},\"query-input\":{\"@type\":\"PropertyValueSpecification\",\"valueRequired\":true,\"valueName\":\"search_term_string\"}}],\"inLanguage\":\"az\"},{\"@type\":\"Organization\",\"@id\":\"https:\\\/\\\/www.meydan.tv\\\/az\\\/#organization\",\"name\":\"Meydan TV\",\"url\":\"https:\\\/\\\/www.meydan.tv\\\/az\\\/\",\"logo\":{\"@type\":\"ImageObject\",\"inLanguage\":\"az\",\"@id\":\"https:\\\/\\\/www.meydan.tv\\\/az\\\/#\\\/schema\\\/logo\\\/image\\\/\",\"url\":\"https:\\\/\\\/www.meydan.tv\\\/wp-content\\\/uploads\\\/2021\\\/07\\\/meydan-logo.svg\",\"contentUrl\":\"https:\\\/\\\/www.meydan.tv\\\/wp-content\\\/uploads\\\/2021\\\/07\\\/meydan-logo.svg\",\"width\":195,\"height\":46,\"caption\":\"Meydan TV\"},\"image\":{\"@id\":\"https:\\\/\\\/www.meydan.tv\\\/az\\\/#\\\/schema\\\/logo\\\/image\\\/\"}},{\"@type\":\"Person\",\"@id\":\"https:\\\/\\\/www.meydan.tv\\\/az\\\/#\\\/schema\\\/person\\\/10d11eccf6da3662cf5fdab9806ea91a\",\"name\":\"user-manager\"}]}<\/script>\n<!-- \/ Yoast SEO plugin. -->","yoast_head_json":{"title":"\u018fliyev rejimi Q\u0259rb\u0259 t\u0259r\u0259f qay\u0131d\u0131r - MEYDAN.TV","robots":{"index":"index","follow":"follow","max-snippet":"max-snippet:-1","max-image-preview":"max-image-preview:large","max-video-preview":"max-video-preview:-1"},"canonical":"https:\/\/www.meydan.tv\/az\/article\/eliyev-rejimi-qerbe-teref-qayidir\/","og_locale":"az_AZ","og_type":"article","og_title":"\u018fliyev rejimi Q\u0259rb\u0259 t\u0259r\u0259f qay\u0131d\u0131r - MEYDAN.TV","og_description":"\u201cV\u0259ziyy\u0259t bel\u0259dir. Biz he\u00e7 n\u0259 olmam\u0131\u015f kimi davrana bilm\u0259rik. Biz buna ayd\u0131nl\u0131q g\u0259tirm\u0259liyik. Biz bunu aradan qald\u0131rmaq \u00fc\u00e7\u00fcn n\u0259 ed\u0259 bil\u0259c\u0259yimiz\u0259 n\u0259z\u0259r salmal\u0131y\u0131q. \u018fg\u0259r bu, bel\u0259 qalsa v\u0259 he\u00e7 n\u0259 ba\u015f verm\u0259s\u0259 biz n\u0259 bar\u0259d\u0259 dan\u0131\u015fa bil\u0259rik?\u201d.Ilham \u018fliyev","og_url":"https:\/\/www.meydan.tv\/az\/article\/eliyev-rejimi-qerbe-teref-qayidir\/","og_site_name":"MEYDAN.TV","article_published_time":"2016-09-22T22:44:10+00:00","og_image":[{"width":1024,"height":657,"url":"https:\/\/www.meydan.tv\/wp-content\/uploads\/26218.jpg","type":"image\/jpeg"}],"author":"user-manager","twitter_card":"summary_large_image","schema":{"@context":"https:\/\/schema.org","@graph":[{"@type":"Article","@id":"https:\/\/www.meydan.tv\/az\/article\/eliyev-rejimi-qerbe-teref-qayidir\/#article","isPartOf":{"@id":"https:\/\/www.meydan.tv\/az\/article\/eliyev-rejimi-qerbe-teref-qayidir\/"},"author":{"name":"user-manager","@id":"https:\/\/www.meydan.tv\/az\/#\/schema\/person\/10d11eccf6da3662cf5fdab9806ea91a"},"headline":"\u018fliyev rejimi Q\u0259rb\u0259 t\u0259r\u0259f qay\u0131d\u0131r","datePublished":"2016-09-22T22:44:10+00:00","mainEntityOfPage":{"@id":"https:\/\/www.meydan.tv\/az\/article\/eliyev-rejimi-qerbe-teref-qayidir\/"},"wordCount":1160,"publisher":{"@id":"https:\/\/www.meydan.tv\/az\/#organization"},"image":{"@id":"https:\/\/www.meydan.tv\/az\/article\/eliyev-rejimi-qerbe-teref-qayidir\/#primaryimage"},"thumbnailUrl":"https:\/\/www.meydan.tv\/wp-content\/uploads\/26218.jpg","articleSection":["Analitika"],"inLanguage":"az"},{"@type":"WebPage","@id":"https:\/\/www.meydan.tv\/az\/article\/eliyev-rejimi-qerbe-teref-qayidir\/","url":"https:\/\/www.meydan.tv\/az\/article\/eliyev-rejimi-qerbe-teref-qayidir\/","name":"\u018fliyev rejimi Q\u0259rb\u0259 t\u0259r\u0259f qay\u0131d\u0131r - MEYDAN.TV","isPartOf":{"@id":"https:\/\/www.meydan.tv\/az\/#website"},"primaryImageOfPage":{"@id":"https:\/\/www.meydan.tv\/az\/article\/eliyev-rejimi-qerbe-teref-qayidir\/#primaryimage"},"image":{"@id":"https:\/\/www.meydan.tv\/az\/article\/eliyev-rejimi-qerbe-teref-qayidir\/#primaryimage"},"thumbnailUrl":"https:\/\/www.meydan.tv\/wp-content\/uploads\/26218.jpg","datePublished":"2016-09-22T22:44:10+00:00","breadcrumb":{"@id":"https:\/\/www.meydan.tv\/az\/article\/eliyev-rejimi-qerbe-teref-qayidir\/#breadcrumb"},"inLanguage":"az","potentialAction":[{"@type":"ReadAction","target":["https:\/\/www.meydan.tv\/az\/article\/eliyev-rejimi-qerbe-teref-qayidir\/"]}]},{"@type":"ImageObject","inLanguage":"az","@id":"https:\/\/www.meydan.tv\/az\/article\/eliyev-rejimi-qerbe-teref-qayidir\/#primaryimage","url":"https:\/\/www.meydan.tv\/wp-content\/uploads\/26218.jpg","contentUrl":"https:\/\/www.meydan.tv\/wp-content\/uploads\/26218.jpg","width":1024,"height":657,"caption":"Source:"},{"@type":"BreadcrumbList","@id":"https:\/\/www.meydan.tv\/az\/article\/eliyev-rejimi-qerbe-teref-qayidir\/#breadcrumb","itemListElement":[{"@type":"ListItem","position":1,"name":"Ana s\u0259hif\u0259","item":"https:\/\/www.meydan.tv\/az\/"},{"@type":"ListItem","position":2,"name":"Analitika","item":"https:\/\/www.meydan.tv\/az\/section\/analitika\/"},{"@type":"ListItem","position":3,"name":"\u018fliyev rejimi Q\u0259rb\u0259 t\u0259r\u0259f qay\u0131d\u0131r"}]},{"@type":"WebSite","@id":"https:\/\/www.meydan.tv\/az\/#website","url":"https:\/\/www.meydan.tv\/az\/","name":"MEYDAN.TV","description":"Meydan TV Az\u0259rbaycan\u0131n media m\u0259kan\u0131ndak\u0131 alternativ s\u0259sidir","publisher":{"@id":"https:\/\/www.meydan.tv\/az\/#organization"},"potentialAction":[{"@type":"SearchAction","target":{"@type":"EntryPoint","urlTemplate":"https:\/\/www.meydan.tv\/az\/?s={search_term_string}"},"query-input":{"@type":"PropertyValueSpecification","valueRequired":true,"valueName":"search_term_string"}}],"inLanguage":"az"},{"@type":"Organization","@id":"https:\/\/www.meydan.tv\/az\/#organization","name":"Meydan TV","url":"https:\/\/www.meydan.tv\/az\/","logo":{"@type":"ImageObject","inLanguage":"az","@id":"https:\/\/www.meydan.tv\/az\/#\/schema\/logo\/image\/","url":"https:\/\/www.meydan.tv\/wp-content\/uploads\/2021\/07\/meydan-logo.svg","contentUrl":"https:\/\/www.meydan.tv\/wp-content\/uploads\/2021\/07\/meydan-logo.svg","width":195,"height":46,"caption":"Meydan TV"},"image":{"@id":"https:\/\/www.meydan.tv\/az\/#\/schema\/logo\/image\/"}},{"@type":"Person","@id":"https:\/\/www.meydan.tv\/az\/#\/schema\/person\/10d11eccf6da3662cf5fdab9806ea91a","name":"user-manager"}]}},"_links":{"self":[{"href":"https:\/\/www.meydan.tv\/az\/wp-json\/wp\/v2\/posts\/179069","targetHints":{"allow":["GET"]}}],"collection":[{"href":"https:\/\/www.meydan.tv\/az\/wp-json\/wp\/v2\/posts"}],"about":[{"href":"https:\/\/www.meydan.tv\/az\/wp-json\/wp\/v2\/types\/post"}],"author":[{"embeddable":true,"href":"https:\/\/www.meydan.tv\/az\/wp-json\/wp\/v2\/users\/11"}],"replies":[{"embeddable":true,"href":"https:\/\/www.meydan.tv\/az\/wp-json\/wp\/v2\/comments?post=179069"}],"version-history":[{"count":0,"href":"https:\/\/www.meydan.tv\/az\/wp-json\/wp\/v2\/posts\/179069\/revisions"}],"wp:featuredmedia":[{"embeddable":true,"href":"https:\/\/www.meydan.tv\/az\/wp-json\/wp\/v2\/media\/68595"}],"wp:attachment":[{"href":"https:\/\/www.meydan.tv\/az\/wp-json\/wp\/v2\/media?parent=179069"}],"wp:term":[{"taxonomy":"category","embeddable":true,"href":"https:\/\/www.meydan.tv\/az\/wp-json\/wp\/v2\/categories?post=179069"},{"taxonomy":"post_tag","embeddable":true,"href":"https:\/\/www.meydan.tv\/az\/wp-json\/wp\/v2\/tags?post=179069"}],"curies":[{"name":"wp","href":"https:\/\/api.w.org\/{rel}","templated":true}]}}