{"id":179052,"date":"2016-09-22T16:17:10","date_gmt":"2016-09-22T16:17:10","guid":{"rendered":"https:\/\/www.meydan.tv\/article\/eldar-sabirogluna-aciq-mektub\/"},"modified":"2016-09-22T16:17:10","modified_gmt":"2016-09-22T16:17:10","slug":"eldar-sabirogluna-aciq-mektub","status":"publish","type":"post","link":"https:\/\/www.meydan.tv\/az\/article\/eldar-sabirogluna-aciq-mektub\/","title":{"rendered":"Eldar Sabiro\u011fluna a\u00e7\u0131q m\u0259ktub"},"content":{"rendered":"<figure class=\"wp-block-image size-large\">\n  <img decoding=\"async\" src=\"https:\/\/www.meydan.tv\/az\/zaur-qurbanli\/\" alt=\"Zaur Qurbanl\u0131 &#8211;\" class=\"wp-image-54450\"\/><figcaption>\n    Zaur Qurbanl\u0131 &#8211;<br \/>\n  <\/figcaption><\/figure>\n<figure class=\"wp-block-image size-large\">\n  <img decoding=\"async\" src=\"https:\/\/www.meydan.tv\/az\/zaur-qurbanli-banner\/\" alt=\"Zaur Qurbanl\u0131 &#8211; Banner\" class=\"wp-image-54453\"\/><figcaption>\n    Zaur Qurbanl\u0131 &#8211; Banner<br \/>\n  <\/figcaption><\/figure>\n<p>\n  Eldar b\u0259y, m\u0259nim ad\u0131m Zaur Qurbanl\u0131d\u0131r. 2013-c\u00fc ilin 1 aprelind\u0259n 2014-c\u00fc ilin 30 dekabr\u0131na q\u0259d\u0259r siyasi m\u0259hbus olmu\u015fam. Art\u0131q bu s\u00f6z\u00fc dem\u0259y\u0259 \u00e7\u0259kinm\u0259zsiniz, \u00e7\u00fcnki \u00f6z o\u011flunuz da siyasi m\u0259hbusdur. Amma \u0259vv\u0259ll\u0259r siz daha pis s\u00f6zl\u0259r deyirdiniz. Bir var, &#8220;Az\u0259rbaycanda siyasi m\u0259hbus yoxdur&#8221; dey\u0259s\u0259n, bir d\u0259 var, pulemyotla g\u00fcll\u0259l\u0259nmi\u015f \u0259sg\u0259r bar\u0259d\u0259 &#8220;intihar edib&#8221; dey\u0259s\u0259n. El\u0259 m\u0259n d\u0259 sizin \u00f6l\u00fcl\u0259r\u0259, ordumuza, \u0259sg\u0259rl\u0259rimiz\u0259, onlar\u0131n bi\u00e7ar\u0259 valideynl\u0259rin\u0259 atd\u0131\u011f\u0131n\u0131z \u015f\u0259r\u0259 g\u00f6r\u0259 mitinql\u0259r\u0259 \u00e7\u0131xm\u0131\u015fd\u0131m v\u0259 h\u0259min mitinql\u0259r\u0259 g\u00f6r\u0259 d\u0259 siyasi m\u0259hbus olmu\u015fdum.\n<\/p>\n<p>\n  H\u0259m d\u0259 m\u0259s\u0259l\u0259 t\u0259kc\u0259 m\u0259nim \u00f6mr\u00fcm\u00fcn 21 ay\u0131n\u0131n yeyilm\u0259sind\u0259 deyil. \u0130lk n\u00f6vb\u0259d\u0259 s\u00f6hb\u0259t \u00f6l\u0259n \u0259sg\u0259rl\u0259rd\u0259n, onlar\u0131n qan\u0131n\u0131n yerd\u0259 qalmas\u0131ndan gedir. Siz B\u0259yal\u0131 day\u0131n\u0131n \u0259lind\u0259 orduda \u00f6ld\u00fcr\u00fclm\u00fc\u015f o\u011flunun \u015f\u0259kli olan fotosunu g\u00f6rm\u00fcs\u00fcn\u00fcz? M\u0259n h\u0259r o fotoya baxanda t\u0259krar-t\u0259krar anlay\u0131rd\u0131m ki, \u0259sg\u0259r \u00f6l\u00fcml\u0259rinin dayand\u0131r\u0131lmas\u0131 \u00fc\u00e7\u00fcn biz mitinq d\u0259 etm\u0259liyik, h\u0259bs d\u0259 yatmal\u0131y\u0131q.\n<\/p>\n<p>\n  Siz sizin b\u00f6htanlar\u0131n\u0131za etiraz etdiyi \u00fc\u00e7\u00fcn tutulmu\u015f R\u0259\u015fad\u0259t Axundovun babas\u0131 \u018fnay\u0259t ki\u015finin bu h\u0259bs\u0259 d\u00f6zm\u0259y\u0259r\u0259k, damarlar\u0131n\u0131 do\u011fray\u0131b \u00f6ld\u00fcy\u00fcn\u00fc bilirsiniz?\n<\/p>\n<p>\n  Siz sizin b\u00f6htanlar\u0131n\u0131za etiraz etdiyin\u0259 g\u00f6r\u0259 17 ya\u015f\u0131nda h\u0259bs edilmi\u015f \u015eahin Novruzlunun atas\u0131 \u0130brahim day\u0131n\u0131n \u00fcr\u0259yinin bu h\u0259bs\u0259 d\u00f6zm\u0259y\u0259r\u0259k partlad\u0131\u011f\u0131n\u0131 bilirsiniz? Yaln\u0131z \u0130brahim day\u0131 \u00f6l\u0259nd\u0259n sonra onun o\u011flu azad olundu.\n<\/p>\n<p>\n  Siz sizin atd\u0131\u011f\u0131n\u0131z b\u00f6htanlar s\u00fcbut olunsun dey\u0259, bizim m\u0259hk\u0259m\u0259l\u0259rd\u0259 n\u0259 q\u0259d\u0259r adam\u0131n \u00fcz\u0259 duraraq s\u0131nd\u0131\u011f\u0131n\u0131, n\u0259 q\u0259d\u0259r hakimin hakimlik ad\u0131n\u0131 murdarlad\u0131\u011f\u0131n\u0131, n\u0259 q\u0259d\u0259r prokurorun, m\u00fcst\u0259ntiqin Az\u0259rbaycan h\u00fcququna t\u00fcp\u00fcrd\u00fcy\u00fcn\u00fc bilirsiniz?\n<\/p>\n<p>\n  8 g\u0259nc\u0259 \u00fcmumilikd\u0259 59 il i\u015f verildiyini bilirsiniz? V\u0259 indi d\u0259 4-c\u00fc ildir, m\u0259hz sizin d\u0259 tirajlad\u0131\u011f\u0131n\u0131z, utanmadan, q\u0131rm\u0131z\u0131-q\u0131rm\u0131z\u0131 \u00fcz\u00fcm\u00fcz\u0259 dediyiniz \u015f\u0259r-b\u00f6htanlara etiraz etdiyi \u00fc\u00e7\u00fcn \u0130lkin R\u00fcst\u0259mzad\u0259nin h\u0259bsd\u0259 oldu\u011funu bilirsiniz?\n<\/p>\n<p>\n  Siz he\u00e7 bizim m\u0259hk\u0259m\u0259l\u0259rd\u0259 analar\u0131m\u0131z\u0131n, do\u011fmalar\u0131m\u0131z\u0131n nec\u0259 a\u011flad\u0131\u011f\u0131n\u0131 g\u00f6rm\u00fcs\u00fcn\u00fcz?\n<\/p>\n<p>\n  Sizin g\u00f6zl\u0259riniz &#8220;kor&#8221; olub h\u0259mi\u015f\u0259. Dedov\u015finadan, korrupsiyadan q\u0131r\u0131lan \u0259sg\u0259rl\u0259rimizi &#8220;g\u00f6rm\u0259misiniz&#8221;. A\u011fz\u0131ndan s\u00fcd iyi g\u0259l\u0259n u\u015faqlar\u0131m\u0131z\u0131n h\u0259rbi xidm\u0259td\u0259 d\u00f6y\u00fcl\u0259r\u0259k \u00f6ld\u00fcr\u00fclm\u0259sini &#8220;g\u00f6rm\u0259misiniz&#8221;, \u0259sg\u0259rl\u0259rin yem\u0259kl\u0259rind\u0259n, t\u0259minat\u0131ndan k\u0259silib b\u00fcdc\u0259nin talan olunmas\u0131n\u0131 &#8220;g\u00f6rm\u0259misiniz&#8221;.\n<\/p>\n<p>\n  Amma ham\u0131m\u0131z bunu g\u00f6r\u00fcrd\u00fck. Etiraz ed\u0259nl\u0259r is\u0259 bir ne\u00e7\u0259 min n\u0259f\u0259r m\u0259suliyy\u0259tli v\u0259 vicdanl\u0131 insan idi. Siz is\u0259 ham\u0131n\u0131z bir a\u011f\u0131zdan bu insanlar\u0131 &#8220;erm\u0259ni d\u0259yirman\u0131na su t\u00f6k\u0259n&#8221;, &#8220;v\u0259t\u0259n xaini&#8221;, &#8220;xarici q\u00fcvv\u0259l\u0259r\u0259 i\u015fl\u0259y\u0259n&#8221; adland\u0131r\u0131rd\u0131n\u0131z. Biz ona g\u00f6r\u0259 bu iqtidar\u0131n h\u0259r h\u0259r\u0259k\u0259tin\u0259 etiraz edirik ki, m\u0259s\u0259l\u0259nin t\u0259kc\u0259 m\u00fcdafi\u0259 nazirinin d\u0259yi\u015fm\u0259si il\u0259 bitm\u0259y\u0259c\u0259yini bilirik. Sizin m\u00fcdafi\u0259 etm\u0259k m\u0259qs\u0259dil\u0259 \u00f6l\u0259n \u0259sg\u0259rl\u0259r\u0259 q\u0259d\u0259r xeyli insana b\u00f6htan atd\u0131\u011f\u0131n\u0131z S\u0259f\u0259r \u018fbiyevi d\u0259 i\u015fd\u0259n qovdular, el\u0259 sizin \u00f6z\u00fcn\u00fcz\u00fc d\u0259. \u00c7\u00fcnki yaltaqlanmaq h\u00f6rm\u0259tsiz bir \u015feydir. Siz bir xalq\u0131n, bir \u00f6lk\u0259nin m\u0259hvi prosesini canla-ba\u015fla h\u0259yata ke\u00e7ir\u0259n iqtidar\u0131n qurulmas\u0131nda i\u015ftirak\u0131n\u0131zla f\u0259xr ed\u0259 bil\u0259rsiniz, amma h\u0259min iqtidar sad\u0259c\u0259 h\u0259qiq\u0259ti dediyi \u00fc\u00e7\u00fcn sizin o\u011flunuzu \u015f\u0259rl\u0259yib h\u0259bs ed\u0259r. Budur h\u0259qiq\u0259tin g\u00fcc\u00fc. H\u0259qiq\u0259t bir g\u00fcn m\u0259nim kimi insanlara imkan verir ki, bel\u0259c\u0259 h\u0259r \u015feyi sizin kimi \u015f\u0259r-b\u00f6htan ruporlar\u0131n\u0131n \u00fcz\u00fcn\u0259 \u00e7\u0131rp\u0131m.\n<\/p>\n<p>\n  \u018fsg\u0259r \u00f6l\u00fcml\u0259ri yen\u0259 davam edir, h\u0259m d\u0259 ham\u0131n\u0131n alq\u0131\u015f\u0131 alt\u0131nda \u2013 c\u0259bh\u0259d\u0259. D\u0259yi\u015f\u0259n \u00e7ox \u015fey yoxdur. Amma biz \u2013 bu \u00f6l\u00fcml\u0259r\u0259 etiraz ed\u0259n insanlar aln\u0131a\u00e7\u0131q, \u00fcz\u00fca\u011f\u0131q. Biz bacard\u0131\u011f\u0131m\u0131z\u0131 etdik, yen\u0259 ed\u0259c\u0259yik. El\u0259 R\u00fcf\u0259t d\u0259. Amma siz he\u00e7 vaxt vicdan\u0131n\u0131z qar\u015f\u0131s\u0131nda cavab ver\u0259 bilm\u0259y\u0259c\u0259ksiniz.\n<\/p>\n<p>\n  M\u0259n ilahi \u0259dal\u0259t\u0259 inanm\u0131ram. Hadis\u0259l\u0259rin bel\u0259 g\u0259rdi\u015fi t\u0259sad\u00fcfd\u00fcr. Sizin kimi \u015f\u0259r qulluq\u00e7ular\u0131n\u0131n 99 faizinin \u00f6vlad\u0131 da azadl\u0131qda, v\u0259zif\u0259 ba\u015f\u0131ndad\u0131r, \u00f6z\u00fc d\u0259. M\u0259n R\u00fcf\u0259tin h\u0259bsini sizin m\u0259nfi \u0259m\u0259ll\u0259rinizin n\u0259tic\u0259si oldu\u011funa inanm\u0131ram. R\u00fcf\u0259ti alq\u0131\u015flay\u0131ram, ona azadl\u0131q arzu edir\u0259m. Amma siz\u0259 bunu dem\u0259yi \u00f6z\u00fcm\u0259 borc bilir\u0259m: H\u0259r d\u0259f\u0259 K\u00fcrd\u0259xan\u0131ya ged\u0259nd\u0259 xat\u0131rlay\u0131n ki, sizin b\u00f6htanlar\u0131n\u0131za etiraz etdiyi \u00fc\u00e7\u00fcn h\u0259bs edil\u0259n 8 g\u0259ncin valideynl\u0259ri aylard\u0131r, ill\u0259rdir, bu yollarda ayaq d\u00f6y\u00fcrl\u0259r, x\u0259st\u0259l\u0259nirl\u0259r, a\u011flay\u0131rlar, b\u0259z\u0259n d\u00f6zm\u00fcrl\u0259r, h\u0259tta \u00f6l\u00fcrl\u0259r&#8230;<\/p>\n","protected":false},"excerpt":{"rendered":"<p>2013-c\u00fc ilin 1 aprelind\u0259n 2014-c\u00fc ilin 30 dekabr\u0131na q\u0259d\u0259r siyasi m\u0259hbus olmu\u015fam<\/p>\n","protected":false},"author":11,"featured_media":54450,"comment_status":"closed","ping_status":"open","sticky":false,"template":"","format":"standard","meta":{"_acf_changed":false,"_sitemap_exclude":false,"_sitemap_priority":"","_sitemap_frequency":"","footnotes":""},"categories":[57],"tags":[],"class_list":["post-179052","post","type-post","status-publish","format-standard","has-post-thumbnail","hentry","category-menim-fikrimce","infinite-scroll-item","generate-columns","tablet-grid-50","mobile-grid-100","grid-parent","grid-33","no-featured-image-padding"],"acf":[],"yoast_head":"<!-- This site is optimized with the Yoast SEO plugin v27.5 - https:\/\/yoast.com\/product\/yoast-seo-wordpress\/ -->\n<title>Eldar Sabiro\u011fluna a\u00e7\u0131q m\u0259ktub - MEYDAN.TV<\/title>\n<meta name=\"robots\" content=\"index, follow, max-snippet:-1, max-image-preview:large, max-video-preview:-1\" \/>\n<link rel=\"canonical\" href=\"https:\/\/www.meydan.tv\/az\/article\/eldar-sabirogluna-aciq-mektub\/\" \/>\n<meta property=\"og:locale\" content=\"az_AZ\" \/>\n<meta property=\"og:type\" content=\"article\" \/>\n<meta property=\"og:title\" content=\"Eldar Sabiro\u011fluna a\u00e7\u0131q m\u0259ktub - MEYDAN.TV\" \/>\n<meta property=\"og:description\" content=\"2013-c\u00fc ilin 1 aprelind\u0259n 2014-c\u00fc ilin 30 dekabr\u0131na q\u0259d\u0259r siyasi m\u0259hbus olmu\u015fam\" \/>\n<meta property=\"og:url\" content=\"https:\/\/www.meydan.tv\/az\/article\/eldar-sabirogluna-aciq-mektub\/\" \/>\n<meta property=\"og:site_name\" content=\"MEYDAN.TV\" \/>\n<meta property=\"article:published_time\" content=\"2016-09-22T16:17:10+00:00\" \/>\n<meta property=\"og:image\" content=\"https:\/\/www.meydan.tv\/wp-content\/uploads\/20556.jpg\" \/>\n\t<meta property=\"og:image:width\" content=\"500\" \/>\n\t<meta property=\"og:image:height\" content=\"500\" \/>\n\t<meta property=\"og:image:type\" content=\"image\/jpeg\" \/>\n<meta name=\"author\" content=\"user-manager\" \/>\n<meta name=\"twitter:card\" content=\"summary_large_image\" \/>\n<script type=\"application\/ld+json\" class=\"yoast-schema-graph\">{\"@context\":\"https:\\\/\\\/schema.org\",\"@graph\":[{\"@type\":\"Article\",\"@id\":\"https:\\\/\\\/www.meydan.tv\\\/az\\\/article\\\/eldar-sabirogluna-aciq-mektub\\\/#article\",\"isPartOf\":{\"@id\":\"https:\\\/\\\/www.meydan.tv\\\/az\\\/article\\\/eldar-sabirogluna-aciq-mektub\\\/\"},\"author\":{\"name\":\"user-manager\",\"@id\":\"https:\\\/\\\/www.meydan.tv\\\/az\\\/#\\\/schema\\\/person\\\/10d11eccf6da3662cf5fdab9806ea91a\"},\"headline\":\"Eldar Sabiro\u011fluna a\u00e7\u0131q m\u0259ktub\",\"datePublished\":\"2016-09-22T16:17:10+00:00\",\"mainEntityOfPage\":{\"@id\":\"https:\\\/\\\/www.meydan.tv\\\/az\\\/article\\\/eldar-sabirogluna-aciq-mektub\\\/\"},\"wordCount\":958,\"publisher\":{\"@id\":\"https:\\\/\\\/www.meydan.tv\\\/az\\\/#organization\"},\"image\":{\"@id\":\"https:\\\/\\\/www.meydan.tv\\\/az\\\/article\\\/eldar-sabirogluna-aciq-mektub\\\/#primaryimage\"},\"thumbnailUrl\":\"https:\\\/\\\/www.meydan.tv\\\/wp-content\\\/uploads\\\/20556.jpg\",\"articleSection\":[\"M\u0259nim Fikrimc\u0259\"],\"inLanguage\":\"az\"},{\"@type\":\"WebPage\",\"@id\":\"https:\\\/\\\/www.meydan.tv\\\/az\\\/article\\\/eldar-sabirogluna-aciq-mektub\\\/\",\"url\":\"https:\\\/\\\/www.meydan.tv\\\/az\\\/article\\\/eldar-sabirogluna-aciq-mektub\\\/\",\"name\":\"Eldar Sabiro\u011fluna a\u00e7\u0131q m\u0259ktub - MEYDAN.TV\",\"isPartOf\":{\"@id\":\"https:\\\/\\\/www.meydan.tv\\\/az\\\/#website\"},\"primaryImageOfPage\":{\"@id\":\"https:\\\/\\\/www.meydan.tv\\\/az\\\/article\\\/eldar-sabirogluna-aciq-mektub\\\/#primaryimage\"},\"image\":{\"@id\":\"https:\\\/\\\/www.meydan.tv\\\/az\\\/article\\\/eldar-sabirogluna-aciq-mektub\\\/#primaryimage\"},\"thumbnailUrl\":\"https:\\\/\\\/www.meydan.tv\\\/wp-content\\\/uploads\\\/20556.jpg\",\"datePublished\":\"2016-09-22T16:17:10+00:00\",\"breadcrumb\":{\"@id\":\"https:\\\/\\\/www.meydan.tv\\\/az\\\/article\\\/eldar-sabirogluna-aciq-mektub\\\/#breadcrumb\"},\"inLanguage\":\"az\",\"potentialAction\":[{\"@type\":\"ReadAction\",\"target\":[\"https:\\\/\\\/www.meydan.tv\\\/az\\\/article\\\/eldar-sabirogluna-aciq-mektub\\\/\"]}]},{\"@type\":\"ImageObject\",\"inLanguage\":\"az\",\"@id\":\"https:\\\/\\\/www.meydan.tv\\\/az\\\/article\\\/eldar-sabirogluna-aciq-mektub\\\/#primaryimage\",\"url\":\"https:\\\/\\\/www.meydan.tv\\\/wp-content\\\/uploads\\\/20556.jpg\",\"contentUrl\":\"https:\\\/\\\/www.meydan.tv\\\/wp-content\\\/uploads\\\/20556.jpg\",\"width\":500,\"height\":500,\"caption\":\"Source:\"},{\"@type\":\"BreadcrumbList\",\"@id\":\"https:\\\/\\\/www.meydan.tv\\\/az\\\/article\\\/eldar-sabirogluna-aciq-mektub\\\/#breadcrumb\",\"itemListElement\":[{\"@type\":\"ListItem\",\"position\":1,\"name\":\"Ana s\u0259hif\u0259\",\"item\":\"https:\\\/\\\/www.meydan.tv\\\/az\\\/\"},{\"@type\":\"ListItem\",\"position\":2,\"name\":\"M\u0259nim Fikrimc\u0259\",\"item\":\"https:\\\/\\\/www.meydan.tv\\\/az\\\/section\\\/menim-fikrimce\\\/\"},{\"@type\":\"ListItem\",\"position\":3,\"name\":\"Eldar Sabiro\u011fluna a\u00e7\u0131q m\u0259ktub\"}]},{\"@type\":\"WebSite\",\"@id\":\"https:\\\/\\\/www.meydan.tv\\\/az\\\/#website\",\"url\":\"https:\\\/\\\/www.meydan.tv\\\/az\\\/\",\"name\":\"MEYDAN.TV\",\"description\":\"Meydan TV Az\u0259rbaycan\u0131n media m\u0259kan\u0131ndak\u0131 alternativ s\u0259sidir\",\"publisher\":{\"@id\":\"https:\\\/\\\/www.meydan.tv\\\/az\\\/#organization\"},\"potentialAction\":[{\"@type\":\"SearchAction\",\"target\":{\"@type\":\"EntryPoint\",\"urlTemplate\":\"https:\\\/\\\/www.meydan.tv\\\/az\\\/?s={search_term_string}\"},\"query-input\":{\"@type\":\"PropertyValueSpecification\",\"valueRequired\":true,\"valueName\":\"search_term_string\"}}],\"inLanguage\":\"az\"},{\"@type\":\"Organization\",\"@id\":\"https:\\\/\\\/www.meydan.tv\\\/az\\\/#organization\",\"name\":\"Meydan TV\",\"url\":\"https:\\\/\\\/www.meydan.tv\\\/az\\\/\",\"logo\":{\"@type\":\"ImageObject\",\"inLanguage\":\"az\",\"@id\":\"https:\\\/\\\/www.meydan.tv\\\/az\\\/#\\\/schema\\\/logo\\\/image\\\/\",\"url\":\"https:\\\/\\\/www.meydan.tv\\\/wp-content\\\/uploads\\\/2021\\\/07\\\/meydan-logo.svg\",\"contentUrl\":\"https:\\\/\\\/www.meydan.tv\\\/wp-content\\\/uploads\\\/2021\\\/07\\\/meydan-logo.svg\",\"width\":195,\"height\":46,\"caption\":\"Meydan TV\"},\"image\":{\"@id\":\"https:\\\/\\\/www.meydan.tv\\\/az\\\/#\\\/schema\\\/logo\\\/image\\\/\"}},{\"@type\":\"Person\",\"@id\":\"https:\\\/\\\/www.meydan.tv\\\/az\\\/#\\\/schema\\\/person\\\/10d11eccf6da3662cf5fdab9806ea91a\",\"name\":\"user-manager\"}]}<\/script>\n<!-- \/ Yoast SEO plugin. -->","yoast_head_json":{"title":"Eldar Sabiro\u011fluna a\u00e7\u0131q m\u0259ktub - MEYDAN.TV","robots":{"index":"index","follow":"follow","max-snippet":"max-snippet:-1","max-image-preview":"max-image-preview:large","max-video-preview":"max-video-preview:-1"},"canonical":"https:\/\/www.meydan.tv\/az\/article\/eldar-sabirogluna-aciq-mektub\/","og_locale":"az_AZ","og_type":"article","og_title":"Eldar Sabiro\u011fluna a\u00e7\u0131q m\u0259ktub - MEYDAN.TV","og_description":"2013-c\u00fc ilin 1 aprelind\u0259n 2014-c\u00fc ilin 30 dekabr\u0131na q\u0259d\u0259r siyasi m\u0259hbus olmu\u015fam","og_url":"https:\/\/www.meydan.tv\/az\/article\/eldar-sabirogluna-aciq-mektub\/","og_site_name":"MEYDAN.TV","article_published_time":"2016-09-22T16:17:10+00:00","og_image":[{"width":500,"height":500,"url":"https:\/\/www.meydan.tv\/wp-content\/uploads\/20556.jpg","type":"image\/jpeg"}],"author":"user-manager","twitter_card":"summary_large_image","schema":{"@context":"https:\/\/schema.org","@graph":[{"@type":"Article","@id":"https:\/\/www.meydan.tv\/az\/article\/eldar-sabirogluna-aciq-mektub\/#article","isPartOf":{"@id":"https:\/\/www.meydan.tv\/az\/article\/eldar-sabirogluna-aciq-mektub\/"},"author":{"name":"user-manager","@id":"https:\/\/www.meydan.tv\/az\/#\/schema\/person\/10d11eccf6da3662cf5fdab9806ea91a"},"headline":"Eldar Sabiro\u011fluna a\u00e7\u0131q m\u0259ktub","datePublished":"2016-09-22T16:17:10+00:00","mainEntityOfPage":{"@id":"https:\/\/www.meydan.tv\/az\/article\/eldar-sabirogluna-aciq-mektub\/"},"wordCount":958,"publisher":{"@id":"https:\/\/www.meydan.tv\/az\/#organization"},"image":{"@id":"https:\/\/www.meydan.tv\/az\/article\/eldar-sabirogluna-aciq-mektub\/#primaryimage"},"thumbnailUrl":"https:\/\/www.meydan.tv\/wp-content\/uploads\/20556.jpg","articleSection":["M\u0259nim Fikrimc\u0259"],"inLanguage":"az"},{"@type":"WebPage","@id":"https:\/\/www.meydan.tv\/az\/article\/eldar-sabirogluna-aciq-mektub\/","url":"https:\/\/www.meydan.tv\/az\/article\/eldar-sabirogluna-aciq-mektub\/","name":"Eldar Sabiro\u011fluna a\u00e7\u0131q m\u0259ktub - MEYDAN.TV","isPartOf":{"@id":"https:\/\/www.meydan.tv\/az\/#website"},"primaryImageOfPage":{"@id":"https:\/\/www.meydan.tv\/az\/article\/eldar-sabirogluna-aciq-mektub\/#primaryimage"},"image":{"@id":"https:\/\/www.meydan.tv\/az\/article\/eldar-sabirogluna-aciq-mektub\/#primaryimage"},"thumbnailUrl":"https:\/\/www.meydan.tv\/wp-content\/uploads\/20556.jpg","datePublished":"2016-09-22T16:17:10+00:00","breadcrumb":{"@id":"https:\/\/www.meydan.tv\/az\/article\/eldar-sabirogluna-aciq-mektub\/#breadcrumb"},"inLanguage":"az","potentialAction":[{"@type":"ReadAction","target":["https:\/\/www.meydan.tv\/az\/article\/eldar-sabirogluna-aciq-mektub\/"]}]},{"@type":"ImageObject","inLanguage":"az","@id":"https:\/\/www.meydan.tv\/az\/article\/eldar-sabirogluna-aciq-mektub\/#primaryimage","url":"https:\/\/www.meydan.tv\/wp-content\/uploads\/20556.jpg","contentUrl":"https:\/\/www.meydan.tv\/wp-content\/uploads\/20556.jpg","width":500,"height":500,"caption":"Source:"},{"@type":"BreadcrumbList","@id":"https:\/\/www.meydan.tv\/az\/article\/eldar-sabirogluna-aciq-mektub\/#breadcrumb","itemListElement":[{"@type":"ListItem","position":1,"name":"Ana s\u0259hif\u0259","item":"https:\/\/www.meydan.tv\/az\/"},{"@type":"ListItem","position":2,"name":"M\u0259nim Fikrimc\u0259","item":"https:\/\/www.meydan.tv\/az\/section\/menim-fikrimce\/"},{"@type":"ListItem","position":3,"name":"Eldar Sabiro\u011fluna a\u00e7\u0131q m\u0259ktub"}]},{"@type":"WebSite","@id":"https:\/\/www.meydan.tv\/az\/#website","url":"https:\/\/www.meydan.tv\/az\/","name":"MEYDAN.TV","description":"Meydan TV Az\u0259rbaycan\u0131n media m\u0259kan\u0131ndak\u0131 alternativ s\u0259sidir","publisher":{"@id":"https:\/\/www.meydan.tv\/az\/#organization"},"potentialAction":[{"@type":"SearchAction","target":{"@type":"EntryPoint","urlTemplate":"https:\/\/www.meydan.tv\/az\/?s={search_term_string}"},"query-input":{"@type":"PropertyValueSpecification","valueRequired":true,"valueName":"search_term_string"}}],"inLanguage":"az"},{"@type":"Organization","@id":"https:\/\/www.meydan.tv\/az\/#organization","name":"Meydan TV","url":"https:\/\/www.meydan.tv\/az\/","logo":{"@type":"ImageObject","inLanguage":"az","@id":"https:\/\/www.meydan.tv\/az\/#\/schema\/logo\/image\/","url":"https:\/\/www.meydan.tv\/wp-content\/uploads\/2021\/07\/meydan-logo.svg","contentUrl":"https:\/\/www.meydan.tv\/wp-content\/uploads\/2021\/07\/meydan-logo.svg","width":195,"height":46,"caption":"Meydan TV"},"image":{"@id":"https:\/\/www.meydan.tv\/az\/#\/schema\/logo\/image\/"}},{"@type":"Person","@id":"https:\/\/www.meydan.tv\/az\/#\/schema\/person\/10d11eccf6da3662cf5fdab9806ea91a","name":"user-manager"}]}},"_links":{"self":[{"href":"https:\/\/www.meydan.tv\/az\/wp-json\/wp\/v2\/posts\/179052","targetHints":{"allow":["GET"]}}],"collection":[{"href":"https:\/\/www.meydan.tv\/az\/wp-json\/wp\/v2\/posts"}],"about":[{"href":"https:\/\/www.meydan.tv\/az\/wp-json\/wp\/v2\/types\/post"}],"author":[{"embeddable":true,"href":"https:\/\/www.meydan.tv\/az\/wp-json\/wp\/v2\/users\/11"}],"replies":[{"embeddable":true,"href":"https:\/\/www.meydan.tv\/az\/wp-json\/wp\/v2\/comments?post=179052"}],"version-history":[{"count":0,"href":"https:\/\/www.meydan.tv\/az\/wp-json\/wp\/v2\/posts\/179052\/revisions"}],"wp:featuredmedia":[{"embeddable":true,"href":"https:\/\/www.meydan.tv\/az\/wp-json\/wp\/v2\/media\/54450"}],"wp:attachment":[{"href":"https:\/\/www.meydan.tv\/az\/wp-json\/wp\/v2\/media?parent=179052"}],"wp:term":[{"taxonomy":"category","embeddable":true,"href":"https:\/\/www.meydan.tv\/az\/wp-json\/wp\/v2\/categories?post=179052"},{"taxonomy":"post_tag","embeddable":true,"href":"https:\/\/www.meydan.tv\/az\/wp-json\/wp\/v2\/tags?post=179052"}],"curies":[{"name":"wp","href":"https:\/\/api.w.org\/{rel}","templated":true}]}}