{"id":178950,"date":"2016-09-18T14:33:47","date_gmt":"2016-09-18T14:33:47","guid":{"rendered":"https:\/\/www.meydan.tv\/article\/yerliperestlik\/"},"modified":"2016-09-18T14:33:47","modified_gmt":"2016-09-18T14:33:47","slug":"yerliperestlik","status":"publish","type":"post","link":"https:\/\/www.meydan.tv\/az\/article\/yerliperestlik\/","title":{"rendered":"Yerlip\u0259r\u0259stlik"},"content":{"rendered":"<figure class=\"wp-block-image size-large\">\n  <img decoding=\"async\" src=\"https:\/\/www.meydan.tv\/az\/orxan-adigozel\/\" alt=\"Orxan Ad\u0131g\u00f6z\u0259l\" class=\"wp-image-47490\"\/><figcaption>\n    Orxan Ad\u0131g\u00f6z\u0259l<br \/>\n  <\/figcaption><\/figure>\n<figure class=\"wp-block-image size-large\">\n  <img decoding=\"async\" src=\"https:\/\/www.meydan.tv\/az\/orxan-adigozel-banner\/\" alt=\"Orxan Ad\u0131g\u00f6z\u0259l-Banner\" class=\"wp-image-47493\"\/><figcaption>\n    Orxan Ad\u0131g\u00f6z\u0259l-Banner<br \/>\n  <\/figcaption><\/figure>\n<p>\n  <i><br \/>\n    B\u0259lam\u0131za \u00e7eviril\u0259n yerlip\u0259r\u0259stlik faktoru h\u0259tta ictimai-siyasi m\u00fchitd\u0259 d\u0259 \u00f6z\u00fcn\u00fc g\u00f6st\u0259rir<br \/>\n  <\/i>\n<\/p>\n<p>\n  Bu yax\u0131nda atama bir kitab verdim ki, m\u0259nim ad\u0131mdan dostuna h\u0259diyy\u0259 el\u0259sin. Kitabda Az\u0259rbaycan\u0131n yax\u0131n tarixind\u0259n b\u0259hs edilir. Ancaq n\u0259 kitab\u0131n ad\u0131n\u0131, n\u0259 m\u00fc\u0259llifini, n\u0259 f\u0259 atam\u0131n dostunun hans\u0131 regiondan oldu\u011funu qeyd ed\u0259c\u0259m. Bu n\u00fcans\u0131 qeyd etm\u0259yimin s\u0259b\u0259bi var. Dem\u0259li, atam kitab\u0131 \u0259lin\u0259 ald\u0131, arxas\u0131na \u00e7evirib diqq\u0259tl\u0259 m\u00fc\u0259llifin bioqrafiyas\u0131n\u0131 oxudu v\u0259 kitab\u0131 m\u0259n\u0259 geri uzad\u0131b, dedi ki, dostu bu kitab\u0131 oxumayacaq. S\u0259b\u0259bin soru\u015fdum. Atam\u0131n cavab\u0131 m\u0259ni \u015foka sald\u0131. Dem\u0259, bu kitab\u0131n m\u00fc\u0259llifi Az\u0259rbaycan\u0131n el\u0259 b\u00f6lg\u0259sind\u0259ndir ki, atam\u0131n dostu h\u0259min b\u00f6lg\u0259d\u0259n olan \u015f\u0259xsl\u0259rin yazd\u0131qlar\u0131 kitablar\u0131 oxumur. \u00c7\u00fcnki h\u0259min b\u00f6lg\u0259nin adamlar\u0131ndan z\u0259hl\u0259si gedir. \u018flim \u00fcz\u00fcmd\u0259 qald\u0131. D\u0259h\u015f\u0259t m\u0259ni b\u00fcr\u00fcd\u00fc. 21-ci \u0259srd\u0259 ya\u015fayan, universitet bitir\u0259n, az-\u00e7ox savad\u0131 olan, h\u0259r g\u00fcn q\u0259zet-kitab oxuyan adam\u0131n t\u0259f\u0259kk\u00fcr\u00fc m\u0259ni, t\u00fcrkl\u0259r demi\u015f, \u00e7ox \u015fa\u015f\u0131rtd\u0131.\n<\/p>\n<p>\n  N\u0259 var-n\u0259 var, atam\u0131n dostu h\u0259min b\u00f6lg\u0259d\u0259n olan adamlar\u0131n r\u0259hb\u0259rliyi alt\u0131nda i\u015fl\u0259yib v\u0259 m\u00fcdirl\u0259ri pis obrazla yad\u0131nda qal\u0131b dey\u0259, bu adam\u0131n h\u0259min b\u00f6lg\u0259y\u0259 qar\u015f\u0131 antipatiyas\u0131 yaran\u0131b. Atam deyir ki, h\u0259min dostunun q\u0259rib\u0259 bir \u00f6z\u0259lliyi d\u0259 var. O, tan\u0131mad\u0131qlar\u0131 adamlar\u0131n Az\u0259rbaycan\u0131n hans\u0131 regionundan oldu\u011funu m\u00fc\u0259yy\u0259n ed\u0259 bilir. M\u0259s\u0259l\u0259n, uzaqdan g\u0259l\u0259n adama baxaraq, onun yeri\u015fi, \u00fcz qurulu\u015fu, geyimin\u0259 uy\u011fun t\u0259hlil apar\u0131r, h\u0259min \u015f\u0259xsin Az\u0259rbaycan\u0131n hans\u0131 rayonundan oldu\u011funu qeyd edir. Proqnozlar\u0131 h\u0259mi\u015f\u0259 90 faiz d\u00fcz \u00e7\u0131x\u0131r.\n<\/p>\n<p>\n  Allah g\u00f6st\u0259rm\u0259sin, h\u0259l\u0259 bu, bizim az-\u00e7ox oxumu\u015f v\u0259t\u0259nda\u015f\u0131m\u0131zd\u0131r. G\u00f6r\u00fcn, t\u0259hsild\u0259n, kitabdan uzaq olan adamlar hans\u0131 durumda v\u0259 hans\u0131 d\u00fc\u015f\u00fcnc\u0259d\u0259dil\u0259r. \u0130nsanlar\u0131m\u0131z\u0131n bu c\u00fcr yerlip\u0259r\u0259st olmas\u0131 m\u0259ni \u00e7ox sars\u0131d\u0131r. Bel\u0259 hallarla qar\u015f\u0131la\u015fanda \u00e7ox m\u0259yus oluram. N\u0259 q\u0259d\u0259r t\u0259bii olsa da, bu m\u0259s\u0259l\u0259ni, reall\u0131\u011f\u0131 h\u0259zm ed\u0259, d\u0259rk ed\u0259 bilmir\u0259m. \u018fslind\u0259 h\u0259zm etm\u0259k ist\u0259mir\u0259m. Problemin a\u011f\u0131rl\u0131\u011f\u0131 h\u0259mi\u015f\u0259 t\u0259\u0259cc\u00fcb\u00fcm\u0259 s\u0259b\u0259b olur. D\u00fc\u015f\u00fcn\u00fcr\u0259m ki, bu m\u0259s\u0259l\u0259 il\u0259 bar\u0131\u015fsam, \u0259n ali d\u0259y\u0259r hesab olunan humanizm\u0259 zidd getmi\u015f olacam. \u00c7\u00fcnki yerlip\u0259r\u0259stlik x\u0259r\u00e7\u0259ng x\u0259st\u0259liyi kimi insanl\u0131\u011f\u0131n g\u00fcn\u00fc-g\u00fcnd\u0259n m\u0259hvin\u0259 xidm\u0259t edir.\n<\/p>\n<p>\n  C\u0259miyy\u0259ti bir insan orqanizmi kimi t\u0259s\u0259vv\u00fcr ed\u0259k, yerlip\u0259r\u0259stliyi d\u0259 x\u0259r\u00e7\u0259ng x\u0259st\u0259liyi sanaq. Yava\u015f-yava\u015f b\u00fct\u00fcn orqanizmi s\u0131radan \u00e7\u0131xaran yerlip\u0259r\u0259stlik x\u0259st\u0259liyi orqanizmd\u0259(c\u0259miyy\u0259td\u0259) vacib \u0259h\u0259miyy\u0259tli orqanlar say\u0131lan- m\u00fcasirliyi, inki\u015faf\u0131 v\u0259 \u0259n \u0259sas\u0131 birliyi x\u0259st\u0259l\u0259ndirir. Art\u0131q bel\u0259 bir v\u0259ziyy\u0259td\u0259 s\u0131radan \u00e7\u0131xm\u0131\u015f orqanlarla ya\u015famaq m\u00fc\u015fk\u00fcl hala g\u0259lir. Par\u00e7alanm\u0131\u015f, b\u00f6l\u00fcnm\u00fc\u015f c\u0259miyy\u0259td\u0259n hans\u0131 g\u0259l\u0259c\u0259yi g\u00f6zl\u0259m\u0259k olar?!\n<\/p>\n<p>\n  Onlarla dostum, tan\u0131\u015f\u0131m var ki, ill\u0259rdir yax\u0131n olma\u011f\u0131m\u0131za r\u0259\u011fm\u0259n hans\u0131 regiondan olduqlar\u0131n\u0131 bilmir\u0259m. Kimin haradan oldu\u011funun m\u0259nim \u00fc\u00e7\u00fcn he\u00e7 bir \u0259h\u0259miyy\u0259ti yoxdur. \u00d6n\u0259mli olan insani keyfiyy\u0259tl\u0259rdir. M\u0259hz insani keyfiyy\u0259tl\u0259rin\u0259, m\u00fcsb\u0259t v\u0259 ya m\u0259nfi \u0259m\u0259ll\u0259rin\u0259 g\u00f6r\u0259 kimis\u0259 qiym\u0259tl\u0259ndirm\u0259liyik.\n<\/p>\n<p>\n  \u0130lk tan\u0131\u015fl\u0131qda ad\u0131m\u0131z\u0131 soru\u015fduqdan sonra &#8220;haral\u0131san&#8221; sual\u0131n\u0131 dil\u0259 g\u0259tir\u0259n adamlardan uzaq g\u0259zm\u0259k laz\u0131md\u0131r. Q\u0259bil\u0259 t\u0259f\u0259kk\u00fcr\u00fc il\u0259 ya\u015fayan bu c\u00fcr adamlar iki insan dala\u015f\u0131rsa, haqs\u0131z da olsa, \u00f6z yerlisini m\u00fcdafi\u0259 ed\u0259c\u0259k, onlarla savadl\u0131 kadr\u0131 qoyub, \u0259v\u0259zin\u0259 savads\u0131z yerlisini i\u015f\u0259 g\u00f6t\u00fcr\u0259c\u0259kl\u0259r. Dig\u0259rl\u0259rin\u0259 m\u0259hz do\u011fuldu\u011fu, m\u0259xsus oldu\u011fu yer\u0259 g\u00f6r\u0259 qiym\u0259t ver\u0259n \u015f\u0259xs q\u0259bil\u0259, ma\u011fara t\u0259f\u0259kk\u00fcr\u00fcnd\u0259n q\u0131ra\u011fa \u00e7\u0131xmayan biridir.\n<\/p>\n<p>\n  Az\u0259rbaycanda bir-birini sevm\u0259y\u0259n b\u00f6lg\u0259l\u0259r var. Aralar\u0131nda sanki m\u00fcharib\u0259 ya\u015fan\u0131b v\u0259 o b\u00f6lg\u0259l\u0259r\u0259 g\u00f6r\u0259 b\u00f6y\u00fck itkil\u0259ri olub. H\u0259min insanlar bir yer\u0259 g\u0259l\u0259nd\u0259 qar\u015f\u0131 t\u0259r\u0259f kimi baxd\u0131qlar\u0131 b\u00f6lg\u0259l\u0259rin n\u00fcmay\u0259nd\u0259l\u0259rin\u0259 a\u00e7\u0131q \u015f\u0259kild\u0259 etimads\u0131zl\u0131q n\u00fcmayi\u015f etdirirl\u0259r.\n<\/p>\n<p>\n  B\u0259lam\u0131za \u00e7eviril\u0259n yerlip\u0259r\u0259stlik faktoru h\u0259tta ictimai-siyasi m\u00fchitd\u0259 d\u0259 \u00f6z\u00fcn\u00fc g\u00f6st\u0259rir. Bir \u00e7ox t\u0259\u015fkilatda, qurumda yerlip\u0259r\u0259stliyin a\u00e7\u0131q t\u0259zah\u00fcrl\u0259ri duyulur. H\u0259min t\u0259\u015fkilatlardak\u0131 qap\u0131lar\u0131 m\u00fc\u0259yy\u0259n b\u00f6lg\u0259d\u0259n olan adamlar\u0131n \u00fcz\u00fcn\u0259 ba\u011flay\u0131r, kiml\u0259ris\u0259 hans\u0131sa b\u00f6lg\u0259 m\u0259nsublu\u011funa g\u00f6r\u0259 ayr\u0131se\u00e7kiliy\u0259 m\u0259ruz qoyurlar.\n<\/p>\n<p>\n  Xanl\u0131qlar d\u00f6vr\u00fcnd\u0259n diyar\u0131m\u0131zda k\u00f6k salan v\u0259 son d\u00f6vrl\u0259r k\u0259skinl\u0259\u015f\u0259n yerlip\u0259r\u0259stliy\u0259 qar\u015f\u0131 h\u0259r birimiz m\u00fcbariz\u0259 aparmal\u0131y\u0131q. 21-ci \u0259srd\u0259 insanlara b\u00f6lg\u0259, region p\u0259nc\u0259r\u0259sind\u0259n baxmaq biab\u0131r\u00e7\u0131l\u0131qd\u0131r. \u0130nsanl\u0131q ad\u0131na l\u0259k\u0259 say\u0131lan bu haldan v\u0259 q\u00fctbl\u0259\u015fm\u0259d\u0259n qurtulmaqdan \u00f6tr\u00fc yerlip\u0259r\u0259stlikd\u0259n vaz ke\u00e7\u0259k!\n<\/p>\n<p>\n  <i><br \/>\n    <b><br \/>\n      Yaz\u0131 m\u00fc\u0259llifin fikirl\u0259rini \u0259ks etdirir v\u0259 Meydan TV-nin m\u00f6vqeyi il\u0259 \u00fcst-\u00fcst\u0259 d\u00fc\u015fm\u0259y\u0259 bil\u0259r.<br \/>\n    <\/b><br \/>\n  <\/i><\/p>\n","protected":false},"excerpt":{"rendered":"<p>B\u0259lam\u0131za \u00e7eviril\u0259n yerlip\u0259r\u0259stlik faktoru h\u0259tta ictimai-siyasi m\u00fchitd\u0259 d\u0259 \u00f6z\u00fcn\u00fc g\u00f6st\u0259rir<\/p>\n","protected":false},"author":11,"featured_media":47490,"comment_status":"closed","ping_status":"open","sticky":false,"template":"","format":"standard","meta":{"_acf_changed":false,"_sitemap_exclude":false,"_sitemap_priority":"","_sitemap_frequency":"","footnotes":""},"categories":[57],"tags":[],"class_list":["post-178950","post","type-post","status-publish","format-standard","has-post-thumbnail","hentry","category-menim-fikrimce","infinite-scroll-item","generate-columns","tablet-grid-50","mobile-grid-100","grid-parent","grid-33","no-featured-image-padding"],"acf":[],"yoast_head":"<!-- This site is optimized with the Yoast SEO plugin v27.5 - https:\/\/yoast.com\/product\/yoast-seo-wordpress\/ -->\n<title>Yerlip\u0259r\u0259stlik - MEYDAN.TV<\/title>\n<meta name=\"robots\" content=\"index, follow, max-snippet:-1, max-image-preview:large, max-video-preview:-1\" \/>\n<link rel=\"canonical\" href=\"https:\/\/www.meydan.tv\/az\/article\/yerliperestlik\/\" \/>\n<meta property=\"og:locale\" content=\"az_AZ\" \/>\n<meta property=\"og:type\" content=\"article\" \/>\n<meta property=\"og:title\" content=\"Yerlip\u0259r\u0259stlik - MEYDAN.TV\" \/>\n<meta property=\"og:description\" content=\"B\u0259lam\u0131za \u00e7eviril\u0259n yerlip\u0259r\u0259stlik faktoru h\u0259tta ictimai-siyasi m\u00fchitd\u0259 d\u0259 \u00f6z\u00fcn\u00fc g\u00f6st\u0259rir\" \/>\n<meta property=\"og:url\" content=\"https:\/\/www.meydan.tv\/az\/article\/yerliperestlik\/\" \/>\n<meta property=\"og:site_name\" content=\"MEYDAN.TV\" \/>\n<meta property=\"article:published_time\" content=\"2016-09-18T14:33:47+00:00\" \/>\n<meta property=\"og:image\" content=\"https:\/\/www.meydan.tv\/wp-content\/uploads\/17796.jpg\" \/>\n\t<meta property=\"og:image:width\" content=\"500\" \/>\n\t<meta property=\"og:image:height\" content=\"500\" \/>\n\t<meta property=\"og:image:type\" content=\"image\/jpeg\" \/>\n<meta name=\"author\" content=\"user-manager\" \/>\n<meta name=\"twitter:card\" content=\"summary_large_image\" \/>\n<script type=\"application\/ld+json\" class=\"yoast-schema-graph\">{\"@context\":\"https:\\\/\\\/schema.org\",\"@graph\":[{\"@type\":\"Article\",\"@id\":\"https:\\\/\\\/www.meydan.tv\\\/az\\\/article\\\/yerliperestlik\\\/#article\",\"isPartOf\":{\"@id\":\"https:\\\/\\\/www.meydan.tv\\\/az\\\/article\\\/yerliperestlik\\\/\"},\"author\":{\"name\":\"user-manager\",\"@id\":\"https:\\\/\\\/www.meydan.tv\\\/az\\\/#\\\/schema\\\/person\\\/10d11eccf6da3662cf5fdab9806ea91a\"},\"headline\":\"Yerlip\u0259r\u0259stlik\",\"datePublished\":\"2016-09-18T14:33:47+00:00\",\"mainEntityOfPage\":{\"@id\":\"https:\\\/\\\/www.meydan.tv\\\/az\\\/article\\\/yerliperestlik\\\/\"},\"wordCount\":998,\"publisher\":{\"@id\":\"https:\\\/\\\/www.meydan.tv\\\/az\\\/#organization\"},\"image\":{\"@id\":\"https:\\\/\\\/www.meydan.tv\\\/az\\\/article\\\/yerliperestlik\\\/#primaryimage\"},\"thumbnailUrl\":\"https:\\\/\\\/www.meydan.tv\\\/wp-content\\\/uploads\\\/17796.jpg\",\"articleSection\":[\"M\u0259nim Fikrimc\u0259\"],\"inLanguage\":\"az\"},{\"@type\":\"WebPage\",\"@id\":\"https:\\\/\\\/www.meydan.tv\\\/az\\\/article\\\/yerliperestlik\\\/\",\"url\":\"https:\\\/\\\/www.meydan.tv\\\/az\\\/article\\\/yerliperestlik\\\/\",\"name\":\"Yerlip\u0259r\u0259stlik - MEYDAN.TV\",\"isPartOf\":{\"@id\":\"https:\\\/\\\/www.meydan.tv\\\/az\\\/#website\"},\"primaryImageOfPage\":{\"@id\":\"https:\\\/\\\/www.meydan.tv\\\/az\\\/article\\\/yerliperestlik\\\/#primaryimage\"},\"image\":{\"@id\":\"https:\\\/\\\/www.meydan.tv\\\/az\\\/article\\\/yerliperestlik\\\/#primaryimage\"},\"thumbnailUrl\":\"https:\\\/\\\/www.meydan.tv\\\/wp-content\\\/uploads\\\/17796.jpg\",\"datePublished\":\"2016-09-18T14:33:47+00:00\",\"breadcrumb\":{\"@id\":\"https:\\\/\\\/www.meydan.tv\\\/az\\\/article\\\/yerliperestlik\\\/#breadcrumb\"},\"inLanguage\":\"az\",\"potentialAction\":[{\"@type\":\"ReadAction\",\"target\":[\"https:\\\/\\\/www.meydan.tv\\\/az\\\/article\\\/yerliperestlik\\\/\"]}]},{\"@type\":\"ImageObject\",\"inLanguage\":\"az\",\"@id\":\"https:\\\/\\\/www.meydan.tv\\\/az\\\/article\\\/yerliperestlik\\\/#primaryimage\",\"url\":\"https:\\\/\\\/www.meydan.tv\\\/wp-content\\\/uploads\\\/17796.jpg\",\"contentUrl\":\"https:\\\/\\\/www.meydan.tv\\\/wp-content\\\/uploads\\\/17796.jpg\",\"width\":500,\"height\":500,\"caption\":\"Source:\"},{\"@type\":\"BreadcrumbList\",\"@id\":\"https:\\\/\\\/www.meydan.tv\\\/az\\\/article\\\/yerliperestlik\\\/#breadcrumb\",\"itemListElement\":[{\"@type\":\"ListItem\",\"position\":1,\"name\":\"Ana s\u0259hif\u0259\",\"item\":\"https:\\\/\\\/www.meydan.tv\\\/az\\\/\"},{\"@type\":\"ListItem\",\"position\":2,\"name\":\"M\u0259nim Fikrimc\u0259\",\"item\":\"https:\\\/\\\/www.meydan.tv\\\/az\\\/section\\\/menim-fikrimce\\\/\"},{\"@type\":\"ListItem\",\"position\":3,\"name\":\"Yerlip\u0259r\u0259stlik\"}]},{\"@type\":\"WebSite\",\"@id\":\"https:\\\/\\\/www.meydan.tv\\\/az\\\/#website\",\"url\":\"https:\\\/\\\/www.meydan.tv\\\/az\\\/\",\"name\":\"MEYDAN.TV\",\"description\":\"Meydan TV Az\u0259rbaycan\u0131n media m\u0259kan\u0131ndak\u0131 alternativ s\u0259sidir\",\"publisher\":{\"@id\":\"https:\\\/\\\/www.meydan.tv\\\/az\\\/#organization\"},\"potentialAction\":[{\"@type\":\"SearchAction\",\"target\":{\"@type\":\"EntryPoint\",\"urlTemplate\":\"https:\\\/\\\/www.meydan.tv\\\/az\\\/?s={search_term_string}\"},\"query-input\":{\"@type\":\"PropertyValueSpecification\",\"valueRequired\":true,\"valueName\":\"search_term_string\"}}],\"inLanguage\":\"az\"},{\"@type\":\"Organization\",\"@id\":\"https:\\\/\\\/www.meydan.tv\\\/az\\\/#organization\",\"name\":\"Meydan TV\",\"url\":\"https:\\\/\\\/www.meydan.tv\\\/az\\\/\",\"logo\":{\"@type\":\"ImageObject\",\"inLanguage\":\"az\",\"@id\":\"https:\\\/\\\/www.meydan.tv\\\/az\\\/#\\\/schema\\\/logo\\\/image\\\/\",\"url\":\"https:\\\/\\\/www.meydan.tv\\\/wp-content\\\/uploads\\\/2021\\\/07\\\/meydan-logo.svg\",\"contentUrl\":\"https:\\\/\\\/www.meydan.tv\\\/wp-content\\\/uploads\\\/2021\\\/07\\\/meydan-logo.svg\",\"width\":195,\"height\":46,\"caption\":\"Meydan TV\"},\"image\":{\"@id\":\"https:\\\/\\\/www.meydan.tv\\\/az\\\/#\\\/schema\\\/logo\\\/image\\\/\"}},{\"@type\":\"Person\",\"@id\":\"https:\\\/\\\/www.meydan.tv\\\/az\\\/#\\\/schema\\\/person\\\/10d11eccf6da3662cf5fdab9806ea91a\",\"name\":\"user-manager\"}]}<\/script>\n<!-- \/ Yoast SEO plugin. -->","yoast_head_json":{"title":"Yerlip\u0259r\u0259stlik - MEYDAN.TV","robots":{"index":"index","follow":"follow","max-snippet":"max-snippet:-1","max-image-preview":"max-image-preview:large","max-video-preview":"max-video-preview:-1"},"canonical":"https:\/\/www.meydan.tv\/az\/article\/yerliperestlik\/","og_locale":"az_AZ","og_type":"article","og_title":"Yerlip\u0259r\u0259stlik - MEYDAN.TV","og_description":"B\u0259lam\u0131za \u00e7eviril\u0259n yerlip\u0259r\u0259stlik faktoru h\u0259tta ictimai-siyasi m\u00fchitd\u0259 d\u0259 \u00f6z\u00fcn\u00fc g\u00f6st\u0259rir","og_url":"https:\/\/www.meydan.tv\/az\/article\/yerliperestlik\/","og_site_name":"MEYDAN.TV","article_published_time":"2016-09-18T14:33:47+00:00","og_image":[{"width":500,"height":500,"url":"https:\/\/www.meydan.tv\/wp-content\/uploads\/17796.jpg","type":"image\/jpeg"}],"author":"user-manager","twitter_card":"summary_large_image","schema":{"@context":"https:\/\/schema.org","@graph":[{"@type":"Article","@id":"https:\/\/www.meydan.tv\/az\/article\/yerliperestlik\/#article","isPartOf":{"@id":"https:\/\/www.meydan.tv\/az\/article\/yerliperestlik\/"},"author":{"name":"user-manager","@id":"https:\/\/www.meydan.tv\/az\/#\/schema\/person\/10d11eccf6da3662cf5fdab9806ea91a"},"headline":"Yerlip\u0259r\u0259stlik","datePublished":"2016-09-18T14:33:47+00:00","mainEntityOfPage":{"@id":"https:\/\/www.meydan.tv\/az\/article\/yerliperestlik\/"},"wordCount":998,"publisher":{"@id":"https:\/\/www.meydan.tv\/az\/#organization"},"image":{"@id":"https:\/\/www.meydan.tv\/az\/article\/yerliperestlik\/#primaryimage"},"thumbnailUrl":"https:\/\/www.meydan.tv\/wp-content\/uploads\/17796.jpg","articleSection":["M\u0259nim Fikrimc\u0259"],"inLanguage":"az"},{"@type":"WebPage","@id":"https:\/\/www.meydan.tv\/az\/article\/yerliperestlik\/","url":"https:\/\/www.meydan.tv\/az\/article\/yerliperestlik\/","name":"Yerlip\u0259r\u0259stlik - MEYDAN.TV","isPartOf":{"@id":"https:\/\/www.meydan.tv\/az\/#website"},"primaryImageOfPage":{"@id":"https:\/\/www.meydan.tv\/az\/article\/yerliperestlik\/#primaryimage"},"image":{"@id":"https:\/\/www.meydan.tv\/az\/article\/yerliperestlik\/#primaryimage"},"thumbnailUrl":"https:\/\/www.meydan.tv\/wp-content\/uploads\/17796.jpg","datePublished":"2016-09-18T14:33:47+00:00","breadcrumb":{"@id":"https:\/\/www.meydan.tv\/az\/article\/yerliperestlik\/#breadcrumb"},"inLanguage":"az","potentialAction":[{"@type":"ReadAction","target":["https:\/\/www.meydan.tv\/az\/article\/yerliperestlik\/"]}]},{"@type":"ImageObject","inLanguage":"az","@id":"https:\/\/www.meydan.tv\/az\/article\/yerliperestlik\/#primaryimage","url":"https:\/\/www.meydan.tv\/wp-content\/uploads\/17796.jpg","contentUrl":"https:\/\/www.meydan.tv\/wp-content\/uploads\/17796.jpg","width":500,"height":500,"caption":"Source:"},{"@type":"BreadcrumbList","@id":"https:\/\/www.meydan.tv\/az\/article\/yerliperestlik\/#breadcrumb","itemListElement":[{"@type":"ListItem","position":1,"name":"Ana s\u0259hif\u0259","item":"https:\/\/www.meydan.tv\/az\/"},{"@type":"ListItem","position":2,"name":"M\u0259nim Fikrimc\u0259","item":"https:\/\/www.meydan.tv\/az\/section\/menim-fikrimce\/"},{"@type":"ListItem","position":3,"name":"Yerlip\u0259r\u0259stlik"}]},{"@type":"WebSite","@id":"https:\/\/www.meydan.tv\/az\/#website","url":"https:\/\/www.meydan.tv\/az\/","name":"MEYDAN.TV","description":"Meydan TV Az\u0259rbaycan\u0131n media m\u0259kan\u0131ndak\u0131 alternativ s\u0259sidir","publisher":{"@id":"https:\/\/www.meydan.tv\/az\/#organization"},"potentialAction":[{"@type":"SearchAction","target":{"@type":"EntryPoint","urlTemplate":"https:\/\/www.meydan.tv\/az\/?s={search_term_string}"},"query-input":{"@type":"PropertyValueSpecification","valueRequired":true,"valueName":"search_term_string"}}],"inLanguage":"az"},{"@type":"Organization","@id":"https:\/\/www.meydan.tv\/az\/#organization","name":"Meydan TV","url":"https:\/\/www.meydan.tv\/az\/","logo":{"@type":"ImageObject","inLanguage":"az","@id":"https:\/\/www.meydan.tv\/az\/#\/schema\/logo\/image\/","url":"https:\/\/www.meydan.tv\/wp-content\/uploads\/2021\/07\/meydan-logo.svg","contentUrl":"https:\/\/www.meydan.tv\/wp-content\/uploads\/2021\/07\/meydan-logo.svg","width":195,"height":46,"caption":"Meydan TV"},"image":{"@id":"https:\/\/www.meydan.tv\/az\/#\/schema\/logo\/image\/"}},{"@type":"Person","@id":"https:\/\/www.meydan.tv\/az\/#\/schema\/person\/10d11eccf6da3662cf5fdab9806ea91a","name":"user-manager"}]}},"_links":{"self":[{"href":"https:\/\/www.meydan.tv\/az\/wp-json\/wp\/v2\/posts\/178950","targetHints":{"allow":["GET"]}}],"collection":[{"href":"https:\/\/www.meydan.tv\/az\/wp-json\/wp\/v2\/posts"}],"about":[{"href":"https:\/\/www.meydan.tv\/az\/wp-json\/wp\/v2\/types\/post"}],"author":[{"embeddable":true,"href":"https:\/\/www.meydan.tv\/az\/wp-json\/wp\/v2\/users\/11"}],"replies":[{"embeddable":true,"href":"https:\/\/www.meydan.tv\/az\/wp-json\/wp\/v2\/comments?post=178950"}],"version-history":[{"count":0,"href":"https:\/\/www.meydan.tv\/az\/wp-json\/wp\/v2\/posts\/178950\/revisions"}],"wp:featuredmedia":[{"embeddable":true,"href":"https:\/\/www.meydan.tv\/az\/wp-json\/wp\/v2\/media\/47490"}],"wp:attachment":[{"href":"https:\/\/www.meydan.tv\/az\/wp-json\/wp\/v2\/media?parent=178950"}],"wp:term":[{"taxonomy":"category","embeddable":true,"href":"https:\/\/www.meydan.tv\/az\/wp-json\/wp\/v2\/categories?post=178950"},{"taxonomy":"post_tag","embeddable":true,"href":"https:\/\/www.meydan.tv\/az\/wp-json\/wp\/v2\/tags?post=178950"}],"curies":[{"name":"wp","href":"https:\/\/api.w.org\/{rel}","templated":true}]}}