{"id":178887,"date":"2016-09-15T15:20:48","date_gmt":"2016-09-15T15:20:48","guid":{"rendered":"https:\/\/www.meydan.tv\/article\/natiq-ceferli-hokumet-xeyli-gecikib\/"},"modified":"2016-09-15T15:20:48","modified_gmt":"2016-09-15T15:20:48","slug":"natiq-ceferli-hokumet-xeyli-gecikib","status":"publish","type":"post","link":"https:\/\/www.meydan.tv\/az\/article\/natiq-ceferli-hokumet-xeyli-gecikib\/","title":{"rendered":"Natiq C\u0259f\u0259rli: H\u00f6kum\u0259t xeyli gecikib"},"content":{"rendered":"<figure class=\"wp-block-image size-large\">\n  <img decoding=\"async\" src=\"https:\/\/www.meydan.tv\/az\/67742\/\" alt=\"\" class=\"wp-image-67742\"\/><figcaption><\/figcaption><\/figure>\n<p>\n  <i><br \/>\n    &#8221;Makroiqtisadi g\u00f6st\u0259ric\u0259l\u0259rl\u0259 ba\u011fl\u0131 \u00fcmumi r\u0259q\u0259ml\u0259rd\u0259 h\u0259mi\u015f\u0259 \u015f\u00fcbh\u0259 yeri qal\u0131r&#8221;<br \/>\n  <\/i>\n<\/p>\n<p>\n  2016-c\u0131 ilin yanvar-avqust aylar\u0131nda istehlak m\u0259hsullar\u0131n\u0131n v\u0259 xidm\u0259tl\u0259rin qiym\u0259tl\u0259ri 2015-ci ilin eyni d\u00f6vr\u00fcn\u0259 nisb\u0259t\u0259n 10,8 faiz, o c\u00fcml\u0259d\u0259n \u0259rzaq m\u0259hsullar\u0131n\u0131n qiym\u0259tl\u0259ri 12,2 faiz, qeyri-\u0259rzaq m\u0259hsullar\u0131n\u0131n qiym\u0259tl\u0259ri 15,6 faiz, \u0259haliy\u0259 g\u00f6st\u0259ril\u0259n \u00f6d\u0259ni\u015fli xidm\u0259tl\u0259rin qiym\u0259tl\u0259ri 4,9 faiz art\u0131b.<\/p>\n<p>  D\u00f6vl\u0259t Statistika Komit\u0259sind\u0259n &#8220;APA -Economics&#8221;\u0259 veril\u0259n m\u0259lumata g\u00f6r\u0259, 2016-c\u0131 ilin avqust ay\u0131nda iyul ay\u0131na nisb\u0259t\u0259n istehlak m\u0259hsullar\u0131n\u0131n v\u0259 xidm\u0259tl\u0259rin qiym\u0259tl\u0259ri 0,5 faiz, o c\u00fcml\u0259d\u0259n \u0259rzaq m\u0259hsullar\u0131n\u0131n qiym\u0259tl\u0259ri 0,6 faiz, qeyri-\u0259rzaq m\u0259hsullar\u0131n\u0131n qiym\u0259tl\u0259ri 0,5 faiz, \u0259haliy\u0259 g\u00f6st\u0259ril\u0259n \u00f6d\u0259ni\u015fli xidm\u0259tl\u0259rin qiym\u0259tl\u0259ri is\u0259 0,4 faiz art\u0131b. Ay \u0259rzind\u0259 d\u00fcy\u00fcn\u00fcn, unun, \u00e7\u00f6r\u0259yin, qaraba\u015faq, yulaf v\u0259 arpa yarmas\u0131n\u0131n, mal, qoyun v\u0259 toyuq \u0259tinin, s\u00fcd m\u0259hsullar\u0131n\u0131n, yumurtan\u0131n, k\u0259r\u0259 v\u0259 bitki ya\u011flar\u0131n\u0131n, \u015f\u0259k\u0259r v\u0259 \u015f\u0259k\u0259r tozunun, limonun, k\u0259l\u0259min, k\u00f6k\u00fcn, g\u00f6y lobyan\u0131n, \u00e7u\u011fundurun, sar\u0131msa\u011f\u0131n, g\u00f6y\u0259rtinin, t\u00fct\u00fcn m\u0259mulatlar\u0131n\u0131n qiym\u0259tl\u0259rind\u0259 bahala\u015fma, bal\u0131q m\u0259hsullar\u0131n\u0131n, alman\u0131n, armudun, banan\u0131n, gaval\u0131n\u0131n, \u015faftal\u0131n\u0131n, \u00fcz\u00fcm\u00fcn, pomidorun, xiyar\u0131n, bad\u0131mcan\u0131n, bib\u0259rin, so\u011fan\u0131n, kartofun qiym\u0259tl\u0259rind\u0259 is\u0259 ucuzla\u015fma m\u00fc\u015fahid\u0259 olunub. Dig\u0259r \u0259rzaq m\u0259hsullar\u0131n\u0131n qiym\u0259tl\u0259rind\u0259 ciddi d\u0259yi\u015fiklikl\u0259r ba\u015f verm\u0259yib. Avqustda iyul ay\u0131 il\u0259 m\u00fcqayis\u0259d\u0259 qeyri-\u0259rzaq m\u0259hsullar\u0131ndan par\u00e7alar\u0131n, geyim v\u0259 ayaqqab\u0131lar\u0131n, in\u015faa tmateriallar\u0131n\u0131n, z\u0259rg\u0259rlik m\u0259mulatlar\u0131n\u0131n, mebel v\u0259 ev \u0259\u015fyalar\u0131n\u0131n, xal\u00e7a v\u0259 dig\u0259r d\u00f6\u015f\u0259m\u0259 \u00f6rt\u00fckl\u0259rinin, \u015f\u00fc\u015f\u0259 m\u0259mulatlar\u0131, yem\u0259k qablar\u0131 v\u0259 \u0259\u015fyalar\u0131n\u0131n, m\u0259i\u015f\u0259t cihazlar\u0131n\u0131n, televizor, telefon v\u0259 fotoaparatlar\u0131n, d\u0259ft\u0259rxana l\u0259vazimatlar\u0131n\u0131n, minik avtomobill\u0259ri v\u0259 onlar \u00fc\u00e7\u00fcn ehtiyat hiss\u0259l\u0259rinin qiym\u0259tl\u0259rind\u0259 art\u0131m m\u00fc\u015fahid\u0259 olunub. Dig\u0259r qeyri-\u0259rzaq m\u0259hsullar\u0131n\u0131n qiym\u0259tl\u0259rind\u0259 ciddi d\u0259yi\u015fiklikl\u0259r ba\u015f verm\u0259yib.\n<\/p>\n<p>\n  Ay \u0259rzind\u0259 \u0259haliy\u0259 g\u00f6st\u0259ril\u0259n \u00f6d\u0259ni\u015fli xidm\u0259tl\u0259rd\u0259n ali t\u0259hsil m\u00fc\u0259ssis\u0259l\u0259rind\u0259 t\u0259hsil haqq\u0131, hava v\u0259 d\u0259miryolu n\u0259qliyyat\u0131 il\u0259 beyn\u0259lxalq s\u0259rni\u015finda\u015f\u0131ma xidm\u0259tl\u0259rinin, respublikadan k\u0259nara istirah\u0259t turlar\u0131n\u0131n qiym\u0259tl\u0259ri art\u0131b. Dig\u0259r \u00f6d\u0259ni\u015fli xidm\u0259tl\u0259rin qiym\u0259tl\u0259rind\u0259 ciddi d\u0259yi\u015fiklikl\u0259r ba\u015f verm\u0259yib.<\/p>\n<p>  Meydan TV-y\u0259 D\u00f6vl\u0259t Statistika Komit\u0259sinin r\u0259q\u0259ml\u0259rinin h\u0259mi\u015f\u0259 \u015f\u00fcbh\u0259 do\u011furdu\u011funu dey\u0259n iqtisad\u00e7\u0131 Natiq C\u0259f\u0259rli bunun s\u0259b\u0259bini statistikan\u0131n siyasil\u0259\u015fm\u0259sind\u0259 g\u00f6r\u00fcr: &#8220;Makroiqtisadi g\u00f6st\u0259ric\u0259l\u0259rl\u0259 ba\u011fl\u0131 \u00fcmumi r\u0259q\u0259ml\u0259rd\u0259 h\u0259mi\u015f\u0259 \u015f\u00fcbh\u0259 yeri qal\u0131r. \u00d6t\u0259n il \u0259rzind\u0259 2 d\u0259f\u0259 devalvasiya olubsa, n\u0259tic\u0259d\u0259 bu il inflyasiyan\u0131n 10,8 faiz olmas\u0131 \u015f\u00fcbh\u0259l\u0259r do\u011furur. G\u00fcnd\u0259lik bazarl\u0131q ed\u0259n insanlar da g\u00fcnd\u0259n-g\u00fcn\u0259 qiym\u0259tl\u0259rd\u0259 ciddi d\u0259yi\u015fiklikl\u0259rin oldu\u011funu g\u00f6r\u00fcrl\u0259r. Sad\u0259c\u0259, h\u00f6kum\u0259t ilk d\u0259f\u0259 inflyasiyan\u0131n ikir\u0259q\u0259m\u0259li h\u0259dd\u0259 oldu\u011funu etiraf etm\u0259y\u0259 m\u0259cbur oldu. Bug\u00fcn\u0259 q\u0259d\u0259r is\u0259 maksimum 1-3 faiz inflyasiya r\u0259q\u0259ml\u0259ri g\u00f6st\u0259rirdil\u0259r, amma indi az qala 11 faizdir, h\u00f6kum\u0259tin etiraf\u0131 da prosesl\u0259rin \u00e7ox s\u00fcr\u0259tl\u0259 getdiyini g\u00f6st\u0259rir. Problem ondad\u0131r ki, inflyasiya sovetd\u0259nqalma qaydalarla hesablan\u0131r. Haz\u0131rda \u0259halini \u0259rzaq inflyasiyas\u0131 narahat edir, s\u0259b\u0259b d\u0259 odur ki, v\u0259t\u0259nda\u015flar\u0131n qazanclar\u0131n\u0131n az qala 70-75 faizi \u0259rza\u011fa x\u0259rcl\u0259nir. Bu bax\u0131mdan \u0259rzaq inflyasiyas\u0131n\u0131n 12 faiz g\u00f6st\u0259rilm\u0259si d\u0259 \u015f\u00fcbh\u0259 do\u011furur. Ola bil\u0259r, yay m\u00f6vs\u00fcm\u00fcnd\u0259 k\u0259nd t\u0259s\u0259rr\u00fcfat\u0131 mallar\u0131nda sabitlik oldu, amma pay\u0131z\u0131n sonu, q\u0131\u015f\u00f6nc\u0259si qiym\u0259t art\u0131m\u0131n\u0131n \u015fahidi olaca\u011f\u0131q. H\u0259m d\u0259 \u00f6lk\u0259nin xaricd\u0259n g\u0259tiril\u0259n m\u0259hsullardan as\u0131l\u0131l\u0131\u011f\u0131 var, ona g\u00f6r\u0259 d\u0259 \u00f6t\u0259n il\u0259 nisb\u0259t\u0259n xaricd\u0259n g\u0259tiril\u0259n \u0259rzaq v\u0259 qeyri-\u0259rzaq mallar\u0131n\u0131n qiym\u0259ti 2 d\u0259f\u0259 qalxmal\u0131d\u0131r. S\u0259b\u0259b yen\u0259 devalvasiyada axtar\u0131lmal\u0131d\u0131r. Bu n\u00f6qteyi-n\u0259z\u0259rd\u0259n qeyri-\u0259rzaq mallar\u0131ndak\u0131 inflyasiya da inand\u0131r\u0131c\u0131 deyil&#8221;.<\/p>\n<p>  Hans\u0131 t\u0259cili add\u0131mlar\u0131n at\u0131lmas\u0131na g\u0259linc\u0259, Natiq C\u0259f\u0259rli hesab edir ki, h\u00f6kum\u0259t xeyli gecikib: &#8220;Haz\u0131rda b\u0259zi k\u0259nd t\u0259s\u0259rr\u00fcfat\u0131 m\u0259hsullar\u0131 il\u0259 ba\u011fl\u0131 ciddi layih\u0259l\u0259rin ger\u00e7\u0259kl\u0259\u015fdirilm\u0259si ist\u0259yi do\u011fru istiqam\u0259tdir. Ancaq k\u0259nd t\u0259s\u0259rr\u00fcfat\u0131n\u0131n problemi yaln\u0131z torpaqla, k\u0259ndlil\u0259rin i\u015fl\u0259m\u0259k problemi il\u0259 deyil. M\u00fctl\u0259q strateji proqramlar v\u0259 a\u015fa\u011f\u0131 faizli kreditl\u0259r olmal\u0131d\u0131r. Az\u0259rbaycan fermerl\u0259rinin is\u0259 kredit\u0259 \u00e7\u0131x\u0131\u015f imkanlar\u0131 m\u0259hduddur, ona g\u00f6r\u0259 d\u0259 n\u0259tic\u0259 g\u00f6zl\u0259m\u0259k m\u00fcmk\u00fcns\u00fczd\u00fcr. Haz\u0131rda iki \u0259n b\u00f6y\u00fck probleml\u0259 \u00fcz-\u00fcz\u0259yik; n\u0259 zaman\u0131m\u0131z, n\u0259 d\u0259 v\u0259saitimiz var. V\u0259saitimiz getdikc\u0259 t\u00fck\u0259nir, zaman da daral\u0131r&#8221;.<\/p>\n","protected":false},"excerpt":{"rendered":"<p>&#8221;Makroiqtisadi g\u00f6st\u0259ric\u0259l\u0259rl\u0259 ba\u011fl\u0131 \u00fcmumi r\u0259q\u0259ml\u0259rd\u0259 h\u0259mi\u015f\u0259 \u015f\u00fcbh\u0259 yeri qal\u0131r&#8221;<\/p>\n","protected":false},"author":11,"featured_media":67742,"comment_status":"closed","ping_status":"open","sticky":false,"template":"","format":"standard","meta":{"_acf_changed":false,"_sitemap_exclude":false,"_sitemap_priority":"","_sitemap_frequency":"","footnotes":""},"categories":[51],"tags":[],"class_list":["post-178887","post","type-post","status-publish","format-standard","has-post-thumbnail","hentry","category-analitika","infinite-scroll-item","generate-columns","tablet-grid-50","mobile-grid-100","grid-parent","grid-33","no-featured-image-padding"],"acf":[],"yoast_head":"<!-- This site is optimized with the Yoast SEO plugin v27.5 - https:\/\/yoast.com\/product\/yoast-seo-wordpress\/ -->\n<title>Natiq C\u0259f\u0259rli: H\u00f6kum\u0259t xeyli gecikib - MEYDAN.TV<\/title>\n<meta name=\"robots\" content=\"index, follow, max-snippet:-1, max-image-preview:large, max-video-preview:-1\" \/>\n<link rel=\"canonical\" href=\"https:\/\/www.meydan.tv\/az\/article\/natiq-ceferli-hokumet-xeyli-gecikib\/\" \/>\n<meta property=\"og:locale\" content=\"az_AZ\" \/>\n<meta property=\"og:type\" content=\"article\" \/>\n<meta property=\"og:title\" content=\"Natiq C\u0259f\u0259rli: H\u00f6kum\u0259t xeyli gecikib - MEYDAN.TV\" \/>\n<meta property=\"og:description\" content=\"&#039;&#039;Makroiqtisadi g\u00f6st\u0259ric\u0259l\u0259rl\u0259 ba\u011fl\u0131 \u00fcmumi r\u0259q\u0259ml\u0259rd\u0259 h\u0259mi\u015f\u0259 \u015f\u00fcbh\u0259 yeri qal\u0131r&#039;&#039;\" \/>\n<meta property=\"og:url\" content=\"https:\/\/www.meydan.tv\/az\/article\/natiq-ceferli-hokumet-xeyli-gecikib\/\" \/>\n<meta property=\"og:site_name\" content=\"MEYDAN.TV\" \/>\n<meta property=\"article:published_time\" content=\"2016-09-15T15:20:48+00:00\" \/>\n<meta property=\"og:image\" content=\"https:\/\/www.meydan.tv\/wp-content\/uploads\/25881.jpg\" \/>\n\t<meta property=\"og:image:width\" content=\"750\" \/>\n\t<meta property=\"og:image:height\" content=\"500\" \/>\n\t<meta property=\"og:image:type\" content=\"image\/jpeg\" \/>\n<meta name=\"author\" content=\"user-manager\" \/>\n<meta name=\"twitter:card\" content=\"summary_large_image\" \/>\n<script type=\"application\/ld+json\" class=\"yoast-schema-graph\">{\"@context\":\"https:\\\/\\\/schema.org\",\"@graph\":[{\"@type\":\"Article\",\"@id\":\"https:\\\/\\\/www.meydan.tv\\\/az\\\/article\\\/natiq-ceferli-hokumet-xeyli-gecikib\\\/#article\",\"isPartOf\":{\"@id\":\"https:\\\/\\\/www.meydan.tv\\\/az\\\/article\\\/natiq-ceferli-hokumet-xeyli-gecikib\\\/\"},\"author\":{\"name\":\"user-manager\",\"@id\":\"https:\\\/\\\/www.meydan.tv\\\/az\\\/#\\\/schema\\\/person\\\/10d11eccf6da3662cf5fdab9806ea91a\"},\"headline\":\"Natiq C\u0259f\u0259rli: H\u00f6kum\u0259t xeyli gecikib\",\"datePublished\":\"2016-09-15T15:20:48+00:00\",\"mainEntityOfPage\":{\"@id\":\"https:\\\/\\\/www.meydan.tv\\\/az\\\/article\\\/natiq-ceferli-hokumet-xeyli-gecikib\\\/\"},\"wordCount\":967,\"publisher\":{\"@id\":\"https:\\\/\\\/www.meydan.tv\\\/az\\\/#organization\"},\"image\":{\"@id\":\"https:\\\/\\\/www.meydan.tv\\\/az\\\/article\\\/natiq-ceferli-hokumet-xeyli-gecikib\\\/#primaryimage\"},\"thumbnailUrl\":\"https:\\\/\\\/www.meydan.tv\\\/wp-content\\\/uploads\\\/25881.jpg\",\"articleSection\":[\"Analitika\"],\"inLanguage\":\"az\"},{\"@type\":\"WebPage\",\"@id\":\"https:\\\/\\\/www.meydan.tv\\\/az\\\/article\\\/natiq-ceferli-hokumet-xeyli-gecikib\\\/\",\"url\":\"https:\\\/\\\/www.meydan.tv\\\/az\\\/article\\\/natiq-ceferli-hokumet-xeyli-gecikib\\\/\",\"name\":\"Natiq C\u0259f\u0259rli: H\u00f6kum\u0259t xeyli gecikib - MEYDAN.TV\",\"isPartOf\":{\"@id\":\"https:\\\/\\\/www.meydan.tv\\\/az\\\/#website\"},\"primaryImageOfPage\":{\"@id\":\"https:\\\/\\\/www.meydan.tv\\\/az\\\/article\\\/natiq-ceferli-hokumet-xeyli-gecikib\\\/#primaryimage\"},\"image\":{\"@id\":\"https:\\\/\\\/www.meydan.tv\\\/az\\\/article\\\/natiq-ceferli-hokumet-xeyli-gecikib\\\/#primaryimage\"},\"thumbnailUrl\":\"https:\\\/\\\/www.meydan.tv\\\/wp-content\\\/uploads\\\/25881.jpg\",\"datePublished\":\"2016-09-15T15:20:48+00:00\",\"breadcrumb\":{\"@id\":\"https:\\\/\\\/www.meydan.tv\\\/az\\\/article\\\/natiq-ceferli-hokumet-xeyli-gecikib\\\/#breadcrumb\"},\"inLanguage\":\"az\",\"potentialAction\":[{\"@type\":\"ReadAction\",\"target\":[\"https:\\\/\\\/www.meydan.tv\\\/az\\\/article\\\/natiq-ceferli-hokumet-xeyli-gecikib\\\/\"]}]},{\"@type\":\"ImageObject\",\"inLanguage\":\"az\",\"@id\":\"https:\\\/\\\/www.meydan.tv\\\/az\\\/article\\\/natiq-ceferli-hokumet-xeyli-gecikib\\\/#primaryimage\",\"url\":\"https:\\\/\\\/www.meydan.tv\\\/wp-content\\\/uploads\\\/25881.jpg\",\"contentUrl\":\"https:\\\/\\\/www.meydan.tv\\\/wp-content\\\/uploads\\\/25881.jpg\",\"width\":750,\"height\":500,\"caption\":\"Source:\"},{\"@type\":\"BreadcrumbList\",\"@id\":\"https:\\\/\\\/www.meydan.tv\\\/az\\\/article\\\/natiq-ceferli-hokumet-xeyli-gecikib\\\/#breadcrumb\",\"itemListElement\":[{\"@type\":\"ListItem\",\"position\":1,\"name\":\"Ana s\u0259hif\u0259\",\"item\":\"https:\\\/\\\/www.meydan.tv\\\/az\\\/\"},{\"@type\":\"ListItem\",\"position\":2,\"name\":\"Analitika\",\"item\":\"https:\\\/\\\/www.meydan.tv\\\/az\\\/section\\\/analitika\\\/\"},{\"@type\":\"ListItem\",\"position\":3,\"name\":\"Natiq C\u0259f\u0259rli: H\u00f6kum\u0259t xeyli gecikib\"}]},{\"@type\":\"WebSite\",\"@id\":\"https:\\\/\\\/www.meydan.tv\\\/az\\\/#website\",\"url\":\"https:\\\/\\\/www.meydan.tv\\\/az\\\/\",\"name\":\"MEYDAN.TV\",\"description\":\"Meydan TV Az\u0259rbaycan\u0131n media m\u0259kan\u0131ndak\u0131 alternativ s\u0259sidir\",\"publisher\":{\"@id\":\"https:\\\/\\\/www.meydan.tv\\\/az\\\/#organization\"},\"potentialAction\":[{\"@type\":\"SearchAction\",\"target\":{\"@type\":\"EntryPoint\",\"urlTemplate\":\"https:\\\/\\\/www.meydan.tv\\\/az\\\/?s={search_term_string}\"},\"query-input\":{\"@type\":\"PropertyValueSpecification\",\"valueRequired\":true,\"valueName\":\"search_term_string\"}}],\"inLanguage\":\"az\"},{\"@type\":\"Organization\",\"@id\":\"https:\\\/\\\/www.meydan.tv\\\/az\\\/#organization\",\"name\":\"Meydan TV\",\"url\":\"https:\\\/\\\/www.meydan.tv\\\/az\\\/\",\"logo\":{\"@type\":\"ImageObject\",\"inLanguage\":\"az\",\"@id\":\"https:\\\/\\\/www.meydan.tv\\\/az\\\/#\\\/schema\\\/logo\\\/image\\\/\",\"url\":\"https:\\\/\\\/www.meydan.tv\\\/wp-content\\\/uploads\\\/2021\\\/07\\\/meydan-logo.svg\",\"contentUrl\":\"https:\\\/\\\/www.meydan.tv\\\/wp-content\\\/uploads\\\/2021\\\/07\\\/meydan-logo.svg\",\"width\":195,\"height\":46,\"caption\":\"Meydan TV\"},\"image\":{\"@id\":\"https:\\\/\\\/www.meydan.tv\\\/az\\\/#\\\/schema\\\/logo\\\/image\\\/\"}},{\"@type\":\"Person\",\"@id\":\"https:\\\/\\\/www.meydan.tv\\\/az\\\/#\\\/schema\\\/person\\\/10d11eccf6da3662cf5fdab9806ea91a\",\"name\":\"user-manager\"}]}<\/script>\n<!-- \/ Yoast SEO plugin. -->","yoast_head_json":{"title":"Natiq C\u0259f\u0259rli: H\u00f6kum\u0259t xeyli gecikib - MEYDAN.TV","robots":{"index":"index","follow":"follow","max-snippet":"max-snippet:-1","max-image-preview":"max-image-preview:large","max-video-preview":"max-video-preview:-1"},"canonical":"https:\/\/www.meydan.tv\/az\/article\/natiq-ceferli-hokumet-xeyli-gecikib\/","og_locale":"az_AZ","og_type":"article","og_title":"Natiq C\u0259f\u0259rli: H\u00f6kum\u0259t xeyli gecikib - MEYDAN.TV","og_description":"''Makroiqtisadi g\u00f6st\u0259ric\u0259l\u0259rl\u0259 ba\u011fl\u0131 \u00fcmumi r\u0259q\u0259ml\u0259rd\u0259 h\u0259mi\u015f\u0259 \u015f\u00fcbh\u0259 yeri qal\u0131r''","og_url":"https:\/\/www.meydan.tv\/az\/article\/natiq-ceferli-hokumet-xeyli-gecikib\/","og_site_name":"MEYDAN.TV","article_published_time":"2016-09-15T15:20:48+00:00","og_image":[{"width":750,"height":500,"url":"https:\/\/www.meydan.tv\/wp-content\/uploads\/25881.jpg","type":"image\/jpeg"}],"author":"user-manager","twitter_card":"summary_large_image","schema":{"@context":"https:\/\/schema.org","@graph":[{"@type":"Article","@id":"https:\/\/www.meydan.tv\/az\/article\/natiq-ceferli-hokumet-xeyli-gecikib\/#article","isPartOf":{"@id":"https:\/\/www.meydan.tv\/az\/article\/natiq-ceferli-hokumet-xeyli-gecikib\/"},"author":{"name":"user-manager","@id":"https:\/\/www.meydan.tv\/az\/#\/schema\/person\/10d11eccf6da3662cf5fdab9806ea91a"},"headline":"Natiq C\u0259f\u0259rli: H\u00f6kum\u0259t xeyli gecikib","datePublished":"2016-09-15T15:20:48+00:00","mainEntityOfPage":{"@id":"https:\/\/www.meydan.tv\/az\/article\/natiq-ceferli-hokumet-xeyli-gecikib\/"},"wordCount":967,"publisher":{"@id":"https:\/\/www.meydan.tv\/az\/#organization"},"image":{"@id":"https:\/\/www.meydan.tv\/az\/article\/natiq-ceferli-hokumet-xeyli-gecikib\/#primaryimage"},"thumbnailUrl":"https:\/\/www.meydan.tv\/wp-content\/uploads\/25881.jpg","articleSection":["Analitika"],"inLanguage":"az"},{"@type":"WebPage","@id":"https:\/\/www.meydan.tv\/az\/article\/natiq-ceferli-hokumet-xeyli-gecikib\/","url":"https:\/\/www.meydan.tv\/az\/article\/natiq-ceferli-hokumet-xeyli-gecikib\/","name":"Natiq C\u0259f\u0259rli: H\u00f6kum\u0259t xeyli gecikib - MEYDAN.TV","isPartOf":{"@id":"https:\/\/www.meydan.tv\/az\/#website"},"primaryImageOfPage":{"@id":"https:\/\/www.meydan.tv\/az\/article\/natiq-ceferli-hokumet-xeyli-gecikib\/#primaryimage"},"image":{"@id":"https:\/\/www.meydan.tv\/az\/article\/natiq-ceferli-hokumet-xeyli-gecikib\/#primaryimage"},"thumbnailUrl":"https:\/\/www.meydan.tv\/wp-content\/uploads\/25881.jpg","datePublished":"2016-09-15T15:20:48+00:00","breadcrumb":{"@id":"https:\/\/www.meydan.tv\/az\/article\/natiq-ceferli-hokumet-xeyli-gecikib\/#breadcrumb"},"inLanguage":"az","potentialAction":[{"@type":"ReadAction","target":["https:\/\/www.meydan.tv\/az\/article\/natiq-ceferli-hokumet-xeyli-gecikib\/"]}]},{"@type":"ImageObject","inLanguage":"az","@id":"https:\/\/www.meydan.tv\/az\/article\/natiq-ceferli-hokumet-xeyli-gecikib\/#primaryimage","url":"https:\/\/www.meydan.tv\/wp-content\/uploads\/25881.jpg","contentUrl":"https:\/\/www.meydan.tv\/wp-content\/uploads\/25881.jpg","width":750,"height":500,"caption":"Source:"},{"@type":"BreadcrumbList","@id":"https:\/\/www.meydan.tv\/az\/article\/natiq-ceferli-hokumet-xeyli-gecikib\/#breadcrumb","itemListElement":[{"@type":"ListItem","position":1,"name":"Ana s\u0259hif\u0259","item":"https:\/\/www.meydan.tv\/az\/"},{"@type":"ListItem","position":2,"name":"Analitika","item":"https:\/\/www.meydan.tv\/az\/section\/analitika\/"},{"@type":"ListItem","position":3,"name":"Natiq C\u0259f\u0259rli: H\u00f6kum\u0259t xeyli gecikib"}]},{"@type":"WebSite","@id":"https:\/\/www.meydan.tv\/az\/#website","url":"https:\/\/www.meydan.tv\/az\/","name":"MEYDAN.TV","description":"Meydan TV Az\u0259rbaycan\u0131n media m\u0259kan\u0131ndak\u0131 alternativ s\u0259sidir","publisher":{"@id":"https:\/\/www.meydan.tv\/az\/#organization"},"potentialAction":[{"@type":"SearchAction","target":{"@type":"EntryPoint","urlTemplate":"https:\/\/www.meydan.tv\/az\/?s={search_term_string}"},"query-input":{"@type":"PropertyValueSpecification","valueRequired":true,"valueName":"search_term_string"}}],"inLanguage":"az"},{"@type":"Organization","@id":"https:\/\/www.meydan.tv\/az\/#organization","name":"Meydan TV","url":"https:\/\/www.meydan.tv\/az\/","logo":{"@type":"ImageObject","inLanguage":"az","@id":"https:\/\/www.meydan.tv\/az\/#\/schema\/logo\/image\/","url":"https:\/\/www.meydan.tv\/wp-content\/uploads\/2021\/07\/meydan-logo.svg","contentUrl":"https:\/\/www.meydan.tv\/wp-content\/uploads\/2021\/07\/meydan-logo.svg","width":195,"height":46,"caption":"Meydan TV"},"image":{"@id":"https:\/\/www.meydan.tv\/az\/#\/schema\/logo\/image\/"}},{"@type":"Person","@id":"https:\/\/www.meydan.tv\/az\/#\/schema\/person\/10d11eccf6da3662cf5fdab9806ea91a","name":"user-manager"}]}},"_links":{"self":[{"href":"https:\/\/www.meydan.tv\/az\/wp-json\/wp\/v2\/posts\/178887","targetHints":{"allow":["GET"]}}],"collection":[{"href":"https:\/\/www.meydan.tv\/az\/wp-json\/wp\/v2\/posts"}],"about":[{"href":"https:\/\/www.meydan.tv\/az\/wp-json\/wp\/v2\/types\/post"}],"author":[{"embeddable":true,"href":"https:\/\/www.meydan.tv\/az\/wp-json\/wp\/v2\/users\/11"}],"replies":[{"embeddable":true,"href":"https:\/\/www.meydan.tv\/az\/wp-json\/wp\/v2\/comments?post=178887"}],"version-history":[{"count":0,"href":"https:\/\/www.meydan.tv\/az\/wp-json\/wp\/v2\/posts\/178887\/revisions"}],"wp:featuredmedia":[{"embeddable":true,"href":"https:\/\/www.meydan.tv\/az\/wp-json\/wp\/v2\/media\/67742"}],"wp:attachment":[{"href":"https:\/\/www.meydan.tv\/az\/wp-json\/wp\/v2\/media?parent=178887"}],"wp:term":[{"taxonomy":"category","embeddable":true,"href":"https:\/\/www.meydan.tv\/az\/wp-json\/wp\/v2\/categories?post=178887"},{"taxonomy":"post_tag","embeddable":true,"href":"https:\/\/www.meydan.tv\/az\/wp-json\/wp\/v2\/tags?post=178887"}],"curies":[{"name":"wp","href":"https:\/\/api.w.org\/{rel}","templated":true}]}}