{"id":178878,"date":"2016-09-15T11:03:14","date_gmt":"2016-09-15T11:03:14","guid":{"rendered":"https:\/\/www.meydan.tv\/article\/postsovet-genclesmesi\/"},"modified":"2016-09-15T11:03:14","modified_gmt":"2016-09-15T11:03:14","slug":"postsovet-genclesmesi","status":"publish","type":"post","link":"https:\/\/www.meydan.tv\/az\/article\/postsovet-genclesmesi\/","title":{"rendered":"Postsovet g\u0259ncl\u0259\u015fm\u0259si"},"content":{"rendered":"<figure class=\"wp-block-image size-large\">\n  <img decoding=\"async\" src=\"https:\/\/www.meydan.tv\/az\/eliyev-nazarbeyov-ve-putin\/\" alt=\"\u018fliyev, Nazarb\u0259yov v\u0259 Putin\" class=\"wp-image-67706\"\/><figcaption>\n    \u018fliyev, Nazarb\u0259yov v\u0259 Putin<br \/>\n  <\/figcaption><\/figure>\n<figure class=\"wp-block-image size-large\">\n  <img decoding=\"async\" src=\"https:\/\/www.meydan.tv\/az\/eliyev-nazarbeyov-ve-putin\/\" alt=\"\u018fliyev, Nazarb\u0259yov v\u0259 Putin\" class=\"wp-image-67706\"\/><figcaption>\n    \u018fliyev, Nazarb\u0259yov v\u0259 Putin<br \/>\n  <\/figcaption><\/figure>\n<p>\n  <i><br \/>\n    Bu g\u00fcn ata Heyd\u0259r \u018fliyevin klassik \u00e7oxgedi\u015fli kombinasiyalar h\u0259yata ke\u00e7ir\u0259r\u0259k, o\u011flunun prezident k\u00fcrs\u00fcs\u00fcn\u0259 \u00e7\u0131xmas\u0131na yol a\u00e7d\u0131\u011f\u0131 2003-c\u00fc ild\u0259 deyilik<br \/>\n  <\/i>\n<\/p>\n<p>\n  Avtoritar postsovet \u00f6lk\u0259l\u0259ri qa\u00e7\u0131lmaz a\u00e7\u0131q bazar iqtisadiyyat\u0131na ke\u00e7id \u00fc\u00e7\u00fcn sovet ideologiyas\u0131 \u00e7\u0259r\u00e7iv\u0259sind\u0259n k\u0259narda v\u0259 a\u00e7\u0131q informasiya c\u0259miyy\u0259ti \u015f\u0259raitind\u0259 formala\u015fm\u0131\u015f yeni n\u00f6v r\u0259hb\u0259rl\u0259r\u0259 t\u0259l\u0259bat yaran\u0131r.\n<\/p>\n<p>\n  Pionerl\u0259ri G\u00fcrc\u00fcstan\u0131n \u201cq\u0131z\u0131lg\u00fcl inqilab\u0131\u201d n\u00fcmay\u0259nd\u0259l\u0259ri olan bu \u0259sas x\u0259ttin formala\u015fmas\u0131 \u00fczr\u0259 \u00fcmumi t\u0259may\u00fcl m\u00fc\u015fahid\u0259 olunur. Bu, yeni n\u0259sil insanlar\u0131n hakimiyy\u0259t\u0259 ilk s\u0131\u00e7ray\u0131\u015f\u0131 oldu, G\u00fcrc\u00fcstan\u0131 sovet t\u0259f\u0259kk\u00fcr\u00fcnd\u0259n ay\u0131r\u0131b d\u00fc\u015f\u00fcnc\u0259 v\u0259 inki\u015faf s\u0259viyy\u0259sin\u0259 g\u00f6r\u0259 demokratik Avropa standartlar\u0131na yax\u0131nla\u015fd\u0131rd\u0131.\n<\/p>\n<p>\n  G\u00fcrc\u00fcstan\u0131n u\u011furlu t\u0259cr\u00fcb\u0259sini dig\u0259r yeni m\u00fcst\u0259qil d\u00f6vl\u0259tl\u0259r, o c\u00fcml\u0259d\u0259n qon\u015fu Az\u0259rbaycan uzun m\u00fcdd\u0259t t\u0259crid etdi, indi is\u0259 el\u0259 h\u0259min Az\u0259rbaycan neft z\u0259nginlikl\u0259rin\u0259 baxmayaraq, G\u00fcrc\u00fcstandan daha yoxsul v\u0259 qeyri-m\u00fc\u0259yy\u0259n g\u00f6r\u00fcn\u00fcr.\n<\/p>\n<p>\n  <b><br \/>\n    <i><br \/>\n      Referendumla g\u0259ncl\u0259\u015fm\u0259<br \/>\n    <\/i><br \/>\n  <\/b>\n<\/p>\n<p>\n  Prezident \u0130lham \u018fliyev 13 il davam ed\u0259n f\u0259rqli d\u00fc\u015f\u00fcn\u0259n v\u0259 istedad\u0131 g\u0259ncl\u0259ri bo\u011fmaq siyas\u0259tind\u0259n sonra g\u00f6zl\u0259nilm\u0259d\u0259n hakimiyy\u0259t\u0259 son iyirmi ild\u0259 formala\u015fm\u0131\u015f g\u0259nc kadrlar\u0131n g\u0259lm\u0259si \u00fc\u00e7\u00fcn konstitusiya z\u0259mini yarad\u0131lmas\u0131 haqq\u0131nda q\u0259rar q\u0259bul edir. Onun konstitusiya z\u0259man\u0259ti yaratmaq t\u0259\u015f\u0259bb\u00fcs\u00fc skeptikl\u0259r t\u0259r\u0259find\u0259n hakimiyy\u0259tin ya\u015f\u0131 iyirmid\u0259n bir q\u0259d\u0259r \u00e7ox olan o\u011flu \u0130kinci Heyd\u0259r\u0259 \u00f6t\u00fcr\u00fclm\u0259si \u00fc\u00e7\u00fcn \u015f\u0259rait yaratmaq c\u0259hdi kimi q\u0259bul edilib.\n<\/p>\n<p>\n  Amma bu g\u00fcn ata Heyd\u0259r \u018fliyevin klassik \u00e7oxgedi\u015fli kombinasiyalar h\u0259yata ke\u00e7ir\u0259r\u0259k, o\u011flunun prezident k\u00fcrs\u00fcs\u00fcn\u0259 \u00e7\u0131xmas\u0131na yol a\u00e7d\u0131\u011f\u0131 2003-c\u00fc ild\u0259 deyilik. N\u0259 vaxt h\u0259min vaxt, n\u0259 d\u0259 v\u0259zif\u0259l\u0259r h\u0259min v\u0259zif\u0259l\u0259r deyil. \u0130lham \u018fliyevin hakimiyy\u0259ti d\u00f6vr\u00fcnd\u0259 vertikal hakimiyy\u0259tin g\u00fccl\u0259nm\u0259sin\u0259, klan qruplar\u0131n\u0131n z\u0259ifl\u0259dilm\u0259sin\u0259, beyn\u0259lxalq energetika v\u0259 tranzit layih\u0259l\u0259rinin h\u0259yata ke\u00e7irilm\u0259sin\u0259 v\u0259 sabitliyin qorunub saxlanmas\u0131na \u00f6n\u0259m verilirdis\u0259, bu g\u00fcn Az\u0259rbaycan\u0131n a\u00e7\u0131q iqtisadiyyat vasit\u0259sil\u0259 neftsonras\u0131 a\u00e7\u0131q d\u00fcnyaya ke\u00e7idi m\u0259s\u0259l\u0259si qar\u015f\u0131da durur. Bu v\u0259zif\u0259l\u0259r \u00fc\u00e7\u00fcn xammal resurslar\u0131n istismar\u0131na v\u0259 neft dollarlar\u0131 il\u0259 \u015fi\u015firilmi\u015f b\u00fcdc\u0259 vasit\u0259l\u0259rinin o\u011furlanmas\u0131na ba\u011flanmam\u0131\u015f tamam\u0259n f\u0259rqli m\u00fct\u0259f\u0259kk\u00fcrl\u0259r\u0259 ehtiyac var.\n<\/p>\n<p>\n  <i><br \/>\n    <b><br \/>\n      Putin g\u0259nc v\u0259 kamil insan haqq\u0131nda<br \/>\n    <\/b><br \/>\n  <\/i>\n<\/p>\n<p>\n  T\u0259sad\u00fcfi deyil ki, bu x\u0259tt imperiya Rusiyas\u0131nda g\u0259ncl\u0259\u015fm\u0259 t\u0259may\u00fcl\u00fc il\u0259 paralel ke\u00e7ir, bu da postsovet m\u0259kan\u0131nda m\u00fc\u0259yy\u0259n \u00fcmumi prosesd\u0259n x\u0259b\u0259r verir. Kremlin sahibi Vladimir Putin Bloomberg-\u0259 m\u00fcsahib\u0259sind\u0259 deyib ki, Rusiyan\u0131n g\u0259l\u0259c\u0259k prezidenti g\u0259nc, amma kamil insan olmal\u0131d\u0131r. B\u0259zi icmal\u00e7\u0131lar bunu prezidentin yumoru kimi q\u0259bul edibl\u0259r. Amma qeyd etm\u0259k laz\u0131md\u0131r ki, Rusiya \u00fc\u00e7\u00fcn misli g\u00f6r\u00fcnm\u0259mi\u015f iqtisadi t\u0259n\u0259zz\u00fcl zaman\u0131nda, \u00e7\u0259tin ki, Putin zarafat ed\u0259c\u0259k v\u0259ziyy\u0259td\u0259 olsun.\n<\/p>\n<p>\n  Maraql\u0131d\u0131r ki, Putin g\u0259nc v\u0259 kamil insan haqq\u0131nda bu b\u0259yanat\u0131 prezident se\u00e7kil\u0259rin\u0259 1,5 il qalm\u0131\u015f s\u0259sl\u0259ndirib, 2007-ci ilin yanvar\u0131nda hindistanl\u0131 jurnalistl\u0259r\u0259 m\u00fcsahib\u0259sind\u0259 g\u00f6st\u0259rdiyi kimi. H\u0259min vaxt \u00e7ox az insan bu v\u0259zif\u0259d\u0259 onu 2000-ci ild\u0259 Putinin hakimiyy\u0259t\u0259 g\u0259ldiyi ilk vaxtdan etibar\u0259n hakimiyy\u0259tin zirv\u0259sin\u0259 s\u0259yl\u0259 can atan Dmitri Medvedevin \u0259v\u0259z ed\u0259c\u0259yini d\u00fc\u015f\u00fcn\u00fcrd\u00fc. Medvedevin, el\u0259c\u0259 d\u0259 bir \u00e7ox g\u0259nc xadiml\u0259rin d\u00f6vl\u0259t qurumlar\u0131nda v\u0259zif\u0259l\u0259r\u0259 y\u00fcks\u0259ldilm\u0259si Rusiya istebli\u015fmentinin g\u0259ncl\u0259\u015fdirilm\u0259si yolunda ilk add\u0131m oldu. Amma \u0259sas\u0259n hakimiyy\u0259tin birl\u0259\u015fdirilm\u0259sinin g\u00fccl\u0259nm\u0259si v\u0259 inzibati resurslar\u0131n maksimum c\u0259lb edilm\u0259si z\u0259rur\u0259tini dikt\u0259 ed\u0259n ard-arda g\u0259l\u0259n b\u00f6hranlarla \u0259laq\u0259dar bu proses tamamlanmad\u0131.\n<\/p>\n<p>\n  \u0130ndi v\u0259ziyy\u0259t d\u0259yi\u015fir. Beyn\u0259lxalq proqnozlara \u0259sas\u0259n, Rusiya, el\u0259c\u0259 d\u0259 dig\u0259r \u00f6lk\u0259l\u0259r 2017-ci ilin sonuna do\u011fru d\u0259rin b\u00f6hrandan \u00e7\u0131xma\u011fa ba\u015flayacaq, 2018-ci ild\u0259 is\u0259 art\u0131q haz\u0131rlanmas\u0131 yekun m\u0259rh\u0259l\u0259d\u0259 olan yeni islahat paketl\u0259ri \u0259sas\u0131nda ard\u0131c\u0131l inki\u015faf g\u00f6zl\u0259nilir. Onlar\u0131n u\u011furla h\u0259yata ke\u00e7irilm\u0259si yaln\u0131z yeni n\u0259sil, m\u0259s\u0259l\u0259n, Anton Vayno kimi insanlar\u0131n proses\u0259 qo\u015fulmas\u0131 \u015f\u0259rti il\u0259 m\u00fcmk\u00fcnd\u00fcr. D\u00fcn\u0259n\u0259 q\u0259d\u0259r beyn\u0259lxalq dair\u0259l\u0259rd\u0259 \u00e7ox az tan\u0131nan bu ziyal\u0131 2003-c\u00fc ild\u0259 \u00e7ox s\u00fcr\u0259tli bir \u015f\u0259kild\u0259 Putinin dair\u0259sin\u0259 daxil olub v\u0259 haz\u0131rda Prezident Administrasiyas\u0131na r\u0259hb\u0259rlik edir ki, bu da onu Kreml iyerarxiyas\u0131nda y\u00fcks\u0259k s\u0259viyy\u0259li fiqur edir. Faktiki olaraq, Vayno Medvedevin yolunu t\u0259krar edir, amma indi art\u0131q Putinin ke\u00e7mi\u015fd\u0259 ba\u015fqa bir alternativi olan Prezident Administrasiyas\u0131n\u0131n ke\u00e7mi\u015f r\u0259hb\u0259ri Sergey \u0130vanovs\u0131z.\n<\/p>\n<p>\n  2000-ci ill\u0259rd\u0259 hakimiyy\u0259tin ard\u0131c\u0131ll\u0131q yolu il\u0259 ke\u00e7m\u0259si u\u011frunda m\u00fcbariz\u0259 kreativ Medvedev v\u0259 \u00e7ekist \u0130vanov aras\u0131nda gedirdis\u0259, indi Vaynonun \u015f\u0259xsind\u0259 bu iki siman\u0131n qar\u0131\u015f\u0131\u011f\u0131 formala\u015f\u0131b. Vaynonun himay\u0259 olunan \u00e7ekist olub-olmad\u0131\u011f\u0131 d\u0259qiq m\u0259lum deyil, amma o, art\u0131q AB\u015e v\u0259 Yaponiyada \u00f6z\u00fcn\u00fc i\u015fg\u00fczar insan v\u0259 diplomat kimi g\u00f6st\u0259rm\u0259y\u0259 m\u00fcv\u0259ff\u0259q olub. \u0130st\u0259nil\u0259n halda, Vaynonun \u015f\u0259xsind\u0259 x\u00fcsusi xidm\u0259tl\u0259rin v\u0259 yeni q\u0131z\u0131l n\u0259slin qar\u015f\u0131l\u0131ql\u0131 m\u0259qbul konsensusunu g\u00f6rm\u0259k olar. Bu, Moskva k\u00fc\u00e7\u0259l\u0259rind\u0259 alman \u201cheledvagen\u201dl\u0259ri il\u0259 avtoyar\u0131\u015f t\u0259\u015fkil ed\u0259n FTX akademiyas\u0131n\u0131n n\u00f6vb\u0259ti dinl\u0259yicil\u0259rinin qalmaqall\u0131 m\u0259zuniyy\u0259ti zaman\u0131 \u00f6z\u00fcn\u00fc a\u00e7\u0131q-a\u015fkar g\u00f6st\u0259rib.\n<\/p>\n<p>\n  Putin hakimiyy\u0259t\u0259 48 ya\u015f\u0131nda g\u0259lib v\u0259 g\u00f6r\u00fcn\u00fcr, onun \u00fc\u00e7\u00fcn 40-50 ya\u015flar g\u0259nclik v\u0259 kamillikl\u0259 assosiasiya olunur. Onun x\u0259l\u0259fi Medvedev prezident k\u00fcrs\u00fcs\u00fcn\u0259 \u00e7\u0131xark\u0259n 43 ya\u015f\u0131nda idi. Vaynonun n\u00f6vb\u0259ti se\u00e7kil\u0259rd\u0259 46 ya\u015f\u0131 olacaq ki, bu da Putinin g\u0259nclik v\u0259 kamillik parametrl\u0259rin\u0259 uy\u011fundur.\n<\/p>\n<p>\n  <b><br \/>\n    <i><br \/>\n      Qazax\u0131stan variantlar\u0131<br \/>\n    <\/i><br \/>\n  <\/b>\n<\/p>\n<p>\n  Qazax\u0131standa da buna b\u0259nz\u0259r v\u0259ziyy\u0259t m\u00fc\u015fahid\u0259 olunur, prezident Nursultan Nazarbayev d\u0259 buna b\u0259nz\u0259r d\u0259yi\u015fiklikl\u0259r\u0259 haz\u0131rla\u015f\u0131r. Ke\u00e7mi\u015f energetika naziri Muxtar Ablyazov 2013-c\u00fc ild\u0259 Nazarbayevin \u0259traf\u0131na istinadla bildirib ki, Qazax\u0131stan lideri Putin\u0259 eyni zamanda prezidentin v\u0259 Milli T\u0259hl\u00fck\u0259sizlik Komit\u0259sinin s\u0259dr m\u00fcavininin qohumu olan 38 ya\u015fl\u0131 x\u0259l\u0259fi Samat Abi\u015fin ad\u0131n\u0131 s\u00f6yl\u0259yib. Ablyazovun s\u00f6zl\u0259rin\u0259 g\u00f6r\u0259, \u201cbununla \u0259laq\u0259dar hakim \u201cNurOtan\u201d partiyas\u0131n\u0131n ya\u015f\u0131na v\u0259 siyasi t\u0259cr\u00fcb\u0259sin\u0259 g\u00f6r\u0259 indi haz\u0131rki \u201cboz kardinallardan\u201d v\u0259 Administrasyada n\u00fcfuzlu fiqurlardan daha \u00e7ox Samat Abi\u015f\u0259 uy\u011fun olan r\u0259hb\u0259r t\u0259rkibinin yeninl\u0259nm\u0259si v\u0259 g\u0259ncl\u0259\u015fm\u0259si tamamil\u0259 f\u0259rqli g\u00f6r\u00fcn\u00fcr.\n<\/p>\n<p>\n  <b><br \/>\n    <i><br \/>\n      \u018fliyev\u0259 qay\u0131tsaq,<br \/>\n    <\/i><br \/>\n  <\/b>\n<\/p>\n<p>\n  deyil\u0259nl\u0259r kontekstind\u0259 onun islahatlar h\u0259yata ke\u00e7irm\u0259li v\u0259 g\u0259l\u0259c\u0259kd\u0259 m\u00fctl\u0259q yeni liderl\u0259 demokratik sistem\u0259 ke\u00e7id \u00fc\u00e7\u00fcn \u015f\u0259rait yaradacaq yeni, daha texnokratik h\u00f6kum\u0259t v\u0259 \u0259traf formala\u015fd\u0131rma\u011fa ba\u015flayaca\u011f\u0131n\u0131 g\u00f6zl\u0259m\u0259k olar.<\/p>\n","protected":false},"excerpt":{"rendered":"<p>Bu g\u00fcn ata Heyd\u0259r \u018fliyevin klassik \u00e7oxgedi\u015fli kombinasiyalar h\u0259yata ke\u00e7ir\u0259r\u0259k, o\u011flunun prezident k\u00fcrs\u00fcs\u00fcn\u0259 \u00e7\u0131xmas\u0131na yol a\u00e7d\u0131\u011f\u0131 2003-c\u00fc ild\u0259 deyilik<\/p>\n","protected":false},"author":11,"featured_media":67706,"comment_status":"closed","ping_status":"open","sticky":false,"template":"","format":"standard","meta":{"_acf_changed":false,"_sitemap_exclude":false,"_sitemap_priority":"","_sitemap_frequency":"","footnotes":""},"categories":[51],"tags":[],"class_list":["post-178878","post","type-post","status-publish","format-standard","has-post-thumbnail","hentry","category-analitika","infinite-scroll-item","generate-columns","tablet-grid-50","mobile-grid-100","grid-parent","grid-33","no-featured-image-padding"],"acf":[],"yoast_head":"<!-- This site is optimized with the Yoast SEO plugin v27.5 - https:\/\/yoast.com\/product\/yoast-seo-wordpress\/ -->\n<title>Postsovet g\u0259ncl\u0259\u015fm\u0259si - MEYDAN.TV<\/title>\n<meta name=\"robots\" content=\"index, follow, max-snippet:-1, max-image-preview:large, max-video-preview:-1\" \/>\n<link rel=\"canonical\" href=\"https:\/\/www.meydan.tv\/az\/article\/postsovet-genclesmesi\/\" \/>\n<meta property=\"og:locale\" content=\"az_AZ\" \/>\n<meta property=\"og:type\" content=\"article\" \/>\n<meta property=\"og:title\" content=\"Postsovet g\u0259ncl\u0259\u015fm\u0259si - MEYDAN.TV\" \/>\n<meta property=\"og:description\" content=\"Bu g\u00fcn ata Heyd\u0259r \u018fliyevin klassik \u00e7oxgedi\u015fli kombinasiyalar h\u0259yata ke\u00e7ir\u0259r\u0259k, o\u011flunun prezident k\u00fcrs\u00fcs\u00fcn\u0259 \u00e7\u0131xmas\u0131na yol a\u00e7d\u0131\u011f\u0131 2003-c\u00fc ild\u0259 deyilik\" \/>\n<meta property=\"og:url\" content=\"https:\/\/www.meydan.tv\/az\/article\/postsovet-genclesmesi\/\" \/>\n<meta property=\"og:site_name\" content=\"MEYDAN.TV\" \/>\n<meta property=\"article:published_time\" content=\"2016-09-15T11:03:14+00:00\" \/>\n<meta property=\"og:image\" content=\"https:\/\/www.meydan.tv\/wp-content\/uploads\/25869.jpg\" \/>\n\t<meta property=\"og:image:width\" content=\"513\" \/>\n\t<meta property=\"og:image:height\" content=\"400\" \/>\n\t<meta property=\"og:image:type\" content=\"image\/jpeg\" \/>\n<meta name=\"author\" content=\"user-manager\" \/>\n<meta name=\"twitter:card\" content=\"summary_large_image\" \/>\n<script type=\"application\/ld+json\" class=\"yoast-schema-graph\">{\"@context\":\"https:\\\/\\\/schema.org\",\"@graph\":[{\"@type\":\"Article\",\"@id\":\"https:\\\/\\\/www.meydan.tv\\\/az\\\/article\\\/postsovet-genclesmesi\\\/#article\",\"isPartOf\":{\"@id\":\"https:\\\/\\\/www.meydan.tv\\\/az\\\/article\\\/postsovet-genclesmesi\\\/\"},\"author\":{\"name\":\"user-manager\",\"@id\":\"https:\\\/\\\/www.meydan.tv\\\/az\\\/#\\\/schema\\\/person\\\/10d11eccf6da3662cf5fdab9806ea91a\"},\"headline\":\"Postsovet g\u0259ncl\u0259\u015fm\u0259si\",\"datePublished\":\"2016-09-15T11:03:14+00:00\",\"mainEntityOfPage\":{\"@id\":\"https:\\\/\\\/www.meydan.tv\\\/az\\\/article\\\/postsovet-genclesmesi\\\/\"},\"wordCount\":1322,\"publisher\":{\"@id\":\"https:\\\/\\\/www.meydan.tv\\\/az\\\/#organization\"},\"image\":{\"@id\":\"https:\\\/\\\/www.meydan.tv\\\/az\\\/article\\\/postsovet-genclesmesi\\\/#primaryimage\"},\"thumbnailUrl\":\"https:\\\/\\\/www.meydan.tv\\\/wp-content\\\/uploads\\\/25869.jpg\",\"articleSection\":[\"Analitika\"],\"inLanguage\":\"az\"},{\"@type\":\"WebPage\",\"@id\":\"https:\\\/\\\/www.meydan.tv\\\/az\\\/article\\\/postsovet-genclesmesi\\\/\",\"url\":\"https:\\\/\\\/www.meydan.tv\\\/az\\\/article\\\/postsovet-genclesmesi\\\/\",\"name\":\"Postsovet g\u0259ncl\u0259\u015fm\u0259si - MEYDAN.TV\",\"isPartOf\":{\"@id\":\"https:\\\/\\\/www.meydan.tv\\\/az\\\/#website\"},\"primaryImageOfPage\":{\"@id\":\"https:\\\/\\\/www.meydan.tv\\\/az\\\/article\\\/postsovet-genclesmesi\\\/#primaryimage\"},\"image\":{\"@id\":\"https:\\\/\\\/www.meydan.tv\\\/az\\\/article\\\/postsovet-genclesmesi\\\/#primaryimage\"},\"thumbnailUrl\":\"https:\\\/\\\/www.meydan.tv\\\/wp-content\\\/uploads\\\/25869.jpg\",\"datePublished\":\"2016-09-15T11:03:14+00:00\",\"breadcrumb\":{\"@id\":\"https:\\\/\\\/www.meydan.tv\\\/az\\\/article\\\/postsovet-genclesmesi\\\/#breadcrumb\"},\"inLanguage\":\"az\",\"potentialAction\":[{\"@type\":\"ReadAction\",\"target\":[\"https:\\\/\\\/www.meydan.tv\\\/az\\\/article\\\/postsovet-genclesmesi\\\/\"]}]},{\"@type\":\"ImageObject\",\"inLanguage\":\"az\",\"@id\":\"https:\\\/\\\/www.meydan.tv\\\/az\\\/article\\\/postsovet-genclesmesi\\\/#primaryimage\",\"url\":\"https:\\\/\\\/www.meydan.tv\\\/wp-content\\\/uploads\\\/25869.jpg\",\"contentUrl\":\"https:\\\/\\\/www.meydan.tv\\\/wp-content\\\/uploads\\\/25869.jpg\",\"width\":513,\"height\":400,\"caption\":\"Source:\"},{\"@type\":\"BreadcrumbList\",\"@id\":\"https:\\\/\\\/www.meydan.tv\\\/az\\\/article\\\/postsovet-genclesmesi\\\/#breadcrumb\",\"itemListElement\":[{\"@type\":\"ListItem\",\"position\":1,\"name\":\"Ana s\u0259hif\u0259\",\"item\":\"https:\\\/\\\/www.meydan.tv\\\/az\\\/\"},{\"@type\":\"ListItem\",\"position\":2,\"name\":\"Analitika\",\"item\":\"https:\\\/\\\/www.meydan.tv\\\/az\\\/section\\\/analitika\\\/\"},{\"@type\":\"ListItem\",\"position\":3,\"name\":\"Postsovet g\u0259ncl\u0259\u015fm\u0259si\"}]},{\"@type\":\"WebSite\",\"@id\":\"https:\\\/\\\/www.meydan.tv\\\/az\\\/#website\",\"url\":\"https:\\\/\\\/www.meydan.tv\\\/az\\\/\",\"name\":\"MEYDAN.TV\",\"description\":\"Meydan TV Az\u0259rbaycan\u0131n media m\u0259kan\u0131ndak\u0131 alternativ s\u0259sidir\",\"publisher\":{\"@id\":\"https:\\\/\\\/www.meydan.tv\\\/az\\\/#organization\"},\"potentialAction\":[{\"@type\":\"SearchAction\",\"target\":{\"@type\":\"EntryPoint\",\"urlTemplate\":\"https:\\\/\\\/www.meydan.tv\\\/az\\\/?s={search_term_string}\"},\"query-input\":{\"@type\":\"PropertyValueSpecification\",\"valueRequired\":true,\"valueName\":\"search_term_string\"}}],\"inLanguage\":\"az\"},{\"@type\":\"Organization\",\"@id\":\"https:\\\/\\\/www.meydan.tv\\\/az\\\/#organization\",\"name\":\"Meydan TV\",\"url\":\"https:\\\/\\\/www.meydan.tv\\\/az\\\/\",\"logo\":{\"@type\":\"ImageObject\",\"inLanguage\":\"az\",\"@id\":\"https:\\\/\\\/www.meydan.tv\\\/az\\\/#\\\/schema\\\/logo\\\/image\\\/\",\"url\":\"https:\\\/\\\/www.meydan.tv\\\/wp-content\\\/uploads\\\/2021\\\/07\\\/meydan-logo.svg\",\"contentUrl\":\"https:\\\/\\\/www.meydan.tv\\\/wp-content\\\/uploads\\\/2021\\\/07\\\/meydan-logo.svg\",\"width\":195,\"height\":46,\"caption\":\"Meydan TV\"},\"image\":{\"@id\":\"https:\\\/\\\/www.meydan.tv\\\/az\\\/#\\\/schema\\\/logo\\\/image\\\/\"}},{\"@type\":\"Person\",\"@id\":\"https:\\\/\\\/www.meydan.tv\\\/az\\\/#\\\/schema\\\/person\\\/10d11eccf6da3662cf5fdab9806ea91a\",\"name\":\"user-manager\"}]}<\/script>\n<!-- \/ Yoast SEO plugin. -->","yoast_head_json":{"title":"Postsovet g\u0259ncl\u0259\u015fm\u0259si - MEYDAN.TV","robots":{"index":"index","follow":"follow","max-snippet":"max-snippet:-1","max-image-preview":"max-image-preview:large","max-video-preview":"max-video-preview:-1"},"canonical":"https:\/\/www.meydan.tv\/az\/article\/postsovet-genclesmesi\/","og_locale":"az_AZ","og_type":"article","og_title":"Postsovet g\u0259ncl\u0259\u015fm\u0259si - MEYDAN.TV","og_description":"Bu g\u00fcn ata Heyd\u0259r \u018fliyevin klassik \u00e7oxgedi\u015fli kombinasiyalar h\u0259yata ke\u00e7ir\u0259r\u0259k, o\u011flunun prezident k\u00fcrs\u00fcs\u00fcn\u0259 \u00e7\u0131xmas\u0131na yol a\u00e7d\u0131\u011f\u0131 2003-c\u00fc ild\u0259 deyilik","og_url":"https:\/\/www.meydan.tv\/az\/article\/postsovet-genclesmesi\/","og_site_name":"MEYDAN.TV","article_published_time":"2016-09-15T11:03:14+00:00","og_image":[{"width":513,"height":400,"url":"https:\/\/www.meydan.tv\/wp-content\/uploads\/25869.jpg","type":"image\/jpeg"}],"author":"user-manager","twitter_card":"summary_large_image","schema":{"@context":"https:\/\/schema.org","@graph":[{"@type":"Article","@id":"https:\/\/www.meydan.tv\/az\/article\/postsovet-genclesmesi\/#article","isPartOf":{"@id":"https:\/\/www.meydan.tv\/az\/article\/postsovet-genclesmesi\/"},"author":{"name":"user-manager","@id":"https:\/\/www.meydan.tv\/az\/#\/schema\/person\/10d11eccf6da3662cf5fdab9806ea91a"},"headline":"Postsovet g\u0259ncl\u0259\u015fm\u0259si","datePublished":"2016-09-15T11:03:14+00:00","mainEntityOfPage":{"@id":"https:\/\/www.meydan.tv\/az\/article\/postsovet-genclesmesi\/"},"wordCount":1322,"publisher":{"@id":"https:\/\/www.meydan.tv\/az\/#organization"},"image":{"@id":"https:\/\/www.meydan.tv\/az\/article\/postsovet-genclesmesi\/#primaryimage"},"thumbnailUrl":"https:\/\/www.meydan.tv\/wp-content\/uploads\/25869.jpg","articleSection":["Analitika"],"inLanguage":"az"},{"@type":"WebPage","@id":"https:\/\/www.meydan.tv\/az\/article\/postsovet-genclesmesi\/","url":"https:\/\/www.meydan.tv\/az\/article\/postsovet-genclesmesi\/","name":"Postsovet g\u0259ncl\u0259\u015fm\u0259si - MEYDAN.TV","isPartOf":{"@id":"https:\/\/www.meydan.tv\/az\/#website"},"primaryImageOfPage":{"@id":"https:\/\/www.meydan.tv\/az\/article\/postsovet-genclesmesi\/#primaryimage"},"image":{"@id":"https:\/\/www.meydan.tv\/az\/article\/postsovet-genclesmesi\/#primaryimage"},"thumbnailUrl":"https:\/\/www.meydan.tv\/wp-content\/uploads\/25869.jpg","datePublished":"2016-09-15T11:03:14+00:00","breadcrumb":{"@id":"https:\/\/www.meydan.tv\/az\/article\/postsovet-genclesmesi\/#breadcrumb"},"inLanguage":"az","potentialAction":[{"@type":"ReadAction","target":["https:\/\/www.meydan.tv\/az\/article\/postsovet-genclesmesi\/"]}]},{"@type":"ImageObject","inLanguage":"az","@id":"https:\/\/www.meydan.tv\/az\/article\/postsovet-genclesmesi\/#primaryimage","url":"https:\/\/www.meydan.tv\/wp-content\/uploads\/25869.jpg","contentUrl":"https:\/\/www.meydan.tv\/wp-content\/uploads\/25869.jpg","width":513,"height":400,"caption":"Source:"},{"@type":"BreadcrumbList","@id":"https:\/\/www.meydan.tv\/az\/article\/postsovet-genclesmesi\/#breadcrumb","itemListElement":[{"@type":"ListItem","position":1,"name":"Ana s\u0259hif\u0259","item":"https:\/\/www.meydan.tv\/az\/"},{"@type":"ListItem","position":2,"name":"Analitika","item":"https:\/\/www.meydan.tv\/az\/section\/analitika\/"},{"@type":"ListItem","position":3,"name":"Postsovet g\u0259ncl\u0259\u015fm\u0259si"}]},{"@type":"WebSite","@id":"https:\/\/www.meydan.tv\/az\/#website","url":"https:\/\/www.meydan.tv\/az\/","name":"MEYDAN.TV","description":"Meydan TV Az\u0259rbaycan\u0131n media m\u0259kan\u0131ndak\u0131 alternativ s\u0259sidir","publisher":{"@id":"https:\/\/www.meydan.tv\/az\/#organization"},"potentialAction":[{"@type":"SearchAction","target":{"@type":"EntryPoint","urlTemplate":"https:\/\/www.meydan.tv\/az\/?s={search_term_string}"},"query-input":{"@type":"PropertyValueSpecification","valueRequired":true,"valueName":"search_term_string"}}],"inLanguage":"az"},{"@type":"Organization","@id":"https:\/\/www.meydan.tv\/az\/#organization","name":"Meydan TV","url":"https:\/\/www.meydan.tv\/az\/","logo":{"@type":"ImageObject","inLanguage":"az","@id":"https:\/\/www.meydan.tv\/az\/#\/schema\/logo\/image\/","url":"https:\/\/www.meydan.tv\/wp-content\/uploads\/2021\/07\/meydan-logo.svg","contentUrl":"https:\/\/www.meydan.tv\/wp-content\/uploads\/2021\/07\/meydan-logo.svg","width":195,"height":46,"caption":"Meydan TV"},"image":{"@id":"https:\/\/www.meydan.tv\/az\/#\/schema\/logo\/image\/"}},{"@type":"Person","@id":"https:\/\/www.meydan.tv\/az\/#\/schema\/person\/10d11eccf6da3662cf5fdab9806ea91a","name":"user-manager"}]}},"_links":{"self":[{"href":"https:\/\/www.meydan.tv\/az\/wp-json\/wp\/v2\/posts\/178878","targetHints":{"allow":["GET"]}}],"collection":[{"href":"https:\/\/www.meydan.tv\/az\/wp-json\/wp\/v2\/posts"}],"about":[{"href":"https:\/\/www.meydan.tv\/az\/wp-json\/wp\/v2\/types\/post"}],"author":[{"embeddable":true,"href":"https:\/\/www.meydan.tv\/az\/wp-json\/wp\/v2\/users\/11"}],"replies":[{"embeddable":true,"href":"https:\/\/www.meydan.tv\/az\/wp-json\/wp\/v2\/comments?post=178878"}],"version-history":[{"count":0,"href":"https:\/\/www.meydan.tv\/az\/wp-json\/wp\/v2\/posts\/178878\/revisions"}],"wp:featuredmedia":[{"embeddable":true,"href":"https:\/\/www.meydan.tv\/az\/wp-json\/wp\/v2\/media\/67706"}],"wp:attachment":[{"href":"https:\/\/www.meydan.tv\/az\/wp-json\/wp\/v2\/media?parent=178878"}],"wp:term":[{"taxonomy":"category","embeddable":true,"href":"https:\/\/www.meydan.tv\/az\/wp-json\/wp\/v2\/categories?post=178878"},{"taxonomy":"post_tag","embeddable":true,"href":"https:\/\/www.meydan.tv\/az\/wp-json\/wp\/v2\/tags?post=178878"}],"curies":[{"name":"wp","href":"https:\/\/api.w.org\/{rel}","templated":true}]}}