{"id":178863,"date":"2016-09-14T18:33:58","date_gmt":"2016-09-14T18:33:58","guid":{"rendered":"https:\/\/www.meydan.tv\/article\/azerbaycan-pis-numuneler-poliqonudur\/"},"modified":"2016-09-14T18:33:58","modified_gmt":"2016-09-14T18:33:58","slug":"azerbaycan-pis-numuneler-poliqonudur","status":"publish","type":"post","link":"https:\/\/www.meydan.tv\/az\/article\/azerbaycan-pis-numuneler-poliqonudur\/","title":{"rendered":"Az\u0259rbaycan pis n\u00fcmun\u0259l\u0259r poliqonudur"},"content":{"rendered":"<figure class=\"wp-block-image size-large\">\n  <img decoding=\"async\" src=\"https:\/\/www.meydan.tv\/az\/51524\/\" alt=\"\" class=\"wp-image-51524\"\/><figcaption><\/figcaption><\/figure>\n<p>\n  Polis d\u0259y\u0259n\u0259yinin g\u00fcc\u00fc il\u0259 d\u00fcnya bazar\u0131nda neftin qiym\u0259ti v\u0259 manat\u0131n d\u0259y\u0259ri aras\u0131nda \u0259laq\u0259 ayd\u0131nca hiss edilir.\n<\/p>\n<p>\n  Jurnalist\u00a0Natiq Cavadli\u00a0yaz\u0131r ki, &#8220;hakimiyy\u0259tin yalman\u00e7\u0131 t\u0259bli\u011fat\u00e7\u0131lar\u0131 tutuqu\u015fu kimi &#8220;7 il d\u00fcnya t\u0259cr\u00fcb\u0259sind\u0259 var&#8221; dey\u0259 s\u0259s-s\u0259s\u0259 verib Az\u0259rbaycan\u0131 Orta Asiyaya apar\u0131r&#8221;. Fikrini konkretl\u0259\u015fdirm\u0259k \u00fc\u00e7\u00fcn\u00a0Natiq\u00a0b\u0259y Tacikstana istinad edir. Amma m\u0259s\u0259l\u0259 buras\u0131ndad\u0131r ki, n\u0259inki Orta Asiya, o c\u00fcml\u0259d\u0259n Tacikstan, h\u0259tta b\u00fct\u00fcn MDB m\u0259kan\u0131 \u00fc\u00e7\u00fcn Az\u0259rbaycan anti-demokratiklikd\u0259, avtoritarizmd\u0259 bir n\u00fcm\u00fcn\u0259dir v\u0259 h\u0259min m\u0259kan\u0131n bir \u00e7ox maraql\u0131 dair\u0259si \u00fc\u00e7\u00fcn o, bel\u0259 n\u00fcmun\u0259l\u0259r yaratmaqda \u0259l\u00e7atmaz bir &#8220;zirv\u0259&#8221; olaraq qal\u0131r. M\u0259ntiql\u0259 Az\u0259rbaycan\u0131n Tacikistana ox\u015famas\u0131 Tacikistan\u0131n Az\u0259rbaycana ox\u015famaq ist\u0259yinin m\u00fcqabilind\u0259 g\u00f6z\u0259 g\u00f6r\u00fcnm\u0259m\u0259lidir.\n<\/p>\n<p>\n  M\u0259s\u0259l\u0259 buras\u0131ndad\u0131r ki, Az\u0259rbaycanda analoqu h\u0259l\u0259 ki, dig\u0259r MDB respublikalar\u0131nda olmayan \u0259ndr\u0259badi bir siyasi sistem formala\u015f\u0131b. El\u0259 g\u00f6t\u00fcr\u0259k d\u00f6vl\u0259tin idar\u0259\u00e7ilik formas\u0131n\u0131. Sual oluna bil\u0259r: \u0130dar\u0259\u00e7ilik formas\u0131na g\u00f6r\u0259 Az\u0259rbaycan respublikad\u0131rm\u0131? D\u00fczd\u00fcr, d\u00f6vl\u0259tin ad\u0131nda v\u0259 bir para ka\u011f\u0131zlarda Az\u0259rbaycana m\u00fcnasib\u0259td\u0259 &#8220;respublika&#8221; s\u00f6z\u00fc i\u015fl\u0259dilir. Amma burada hakimiyy\u0259t v\u0259r\u0259s\u0259lik yolu il\u0259 \u00f6t\u00fcr\u00fcl\u00fcb. \u018fg\u0259r m\u0259s\u0259l\u0259 yaln\u0131z bu \u00f6t\u00fcrm\u0259 il\u0259 bits\u0259ydi, b\u0259lk\u0259 d\u0259 bunu respublika\u00e7\u0131l\u0131q tarixinin bir istisnas\u0131 kimi yozmaq olard\u0131. Amma v\u0259r\u0259s\u0259nin \u00f6mr\u00fcn\u00fcn ax\u0131r\u0131na q\u0259d\u0259r hakimiyy\u0259td\u0259 qalma imkan\u0131 \u0259ld\u0259 etm\u0259si art\u0131q he\u00e7 bir istisnaya s\u0131\u011fa bilm\u0259z. G\u0259lin \u00f6z\u00fcm\u00fcz\u00fc aldatmayaq, Az\u0259rbaycan n\u0259dirs\u0259, h\u0259min n\u0259sn\u0259 respublika adland\u0131r\u0131la bilm\u0259z. Bel\u0259 bir sistem\u0259 is\u0259 ke\u00e7mi\u015f MDB m\u0259kan\u0131nda, o c\u00fcml\u0259d\u0259n he\u00e7 Orta Asiyada v\u0259 h\u0259tta onun Tacikistan\u0131nda da t\u0259sad\u00fcf edilmir. \u00d6zb\u0259k xalq\u0131 bel\u0259 ona qol qoymad\u0131. H\u0259l\u0259 m\u0259n Q\u0131r\u011f\u0131z\u0131stan\u0131 demir\u0259m. V\u0259r\u0259s\u0259lik institutunun Qazax\u0131stan v\u0259 Tacikistana m\u00fcnasib\u0259td\u0259 n\u0259 q\u0259d\u0259r u\u011furlu ola bil\u0259c\u0259yi bar\u0259d\u0259 is\u0259 dan\u0131\u015fmaq h\u0259l\u0259 tezdir. Onu tarix g\u00f6st\u0259r\u0259c\u0259k.\n<\/p>\n<p>\n  Az\u0259rbaycan monarxiyad\u0131rm\u0131? B\u0259lk\u0259 d\u0259 normal monarxiya\u00e7\u0131l\u0131q Az\u0259rbaycana onun b\u0259lalar\u0131n\u0131n m\u00fcalic\u0259si \u00fc\u00e7\u00fcn bir m\u0259lh\u0259m ola bil\u0259rdi. Son 50 illiyin t\u0259cr\u00fcb\u0259sil\u0259 buna \u00fcmid etm\u0259k is\u0259 sad\u0259l\u00f6vhl\u00fck olar. Qoyulan suala cavab olaraq is\u0259 deyim ki, Az\u0259rbaycan he\u00e7 monarxiya da deyil. D\u00fczd\u00fcr, Az\u0259rbaycan\u0131 monarxizm\u0259 haz\u0131rla\u015fd\u0131rmaq \u00fcz\u0259rind\u0259 i\u015f gedir. Amma bu proses he\u00e7 d\u0259 rahat getm\u0259y\u0259c\u0259k. Bunun \u00fc\u00e7\u00fcn, ilk n\u00f6vb\u0259d\u0259, onu r\u0259smil\u0259\u015fdirm\u0259k, Konstitusiyaya g\u0259tirm\u0259k laz\u0131md\u0131r. Nec\u0259, hans\u0131 yolla? Son suallar\u0131 cavabland\u0131rmaq \u00e7ox \u00e7\u0259tindir.\n<\/p>\n<p>\n  \u018fndr\u0259badilik t\u0259k Az\u0259rbaycan\u0131n idar\u0259\u00e7ilik formas\u0131yla ba\u011fl\u0131 deyil. El\u0259 haz\u0131rk\u0131 rejim t\u0259r\u0259find\u0259n d\u00fcz\u00fcl\u00fcb-qo\u015fulan Konstitusiyada demokratik idar\u0259\u00e7ilikd\u0259n s\u00f6hb\u0259t a\u00e7\u0131l\u0131r. C\u0259miyy\u0259t is\u0259 reall\u0131qda yuxar\u0131lar \u00fc\u00e7\u00fcn daha \u00e7ox oliqarxizm prinsipi il\u0259, a\u015fa\u011f\u0131lar \u00fc\u00e7\u00fcn is\u0259 polis d\u0259y\u0259n\u0259yi, zorak\u0131-repressiya ma\u015f\u0131n\u0131 vasit\u0259sil\u0259 idar\u0259 olunur.\n<\/p>\n<p>\n  H\u0259r bir naziri oliqarx olan Az\u0259rbaycan oliqarxiya ola bilmir. Az\u0259rbaycan m\u0259muru varl\u0131d\u0131r, s\u00f6z sahibidir, \u00f6z \u00e7evr\u0259sind\u0259 ki\u00e7ik h\u00f6kmdard\u0131r. Amma onlar\u0131n he\u00e7 birinin sabahla ba\u011fl\u0131, h\u0259tta bu sistem davam ed\u0259c\u0259yi t\u0259qdird\u0259 bel\u0259 var-d\u00f6vl\u0259tl\u0259rinin toxunulmazl\u0131\u011f\u0131 \u00fc\u00e7\u00fcn t\u0259minatlar\u0131 yoxdur.\n<\/p>\n<p>\n  Az\u0259rbaycanda he\u00e7 t\u0259miz polis rejimi d\u0259 yoxdur. Polis d\u0259y\u0259n\u0259yinin g\u00fcc\u00fc il\u0259 d\u00fcnya bazar\u0131nda neftin qiym\u0259ti v\u0259 manat\u0131n d\u0259y\u0259ri aras\u0131nda \u0259laq\u0259 ayd\u0131nca hiss edilir.\n<\/p>\n<p>\n  El\u0259 is\u0259 Az\u0259rbaycan b\u00fct\u00fcn post-sovet m\u0259kan\u0131 \u00fc\u00e7\u00fcn pis n\u00fcm\u00fcn\u0259l\u0259r yarad\u0131lan bir poliqondur ki, onun bu missiyas\u0131n\u0131 dig\u0259r respublikalar\u0131n \u00fcz\u0259rin\u0259 qoymaq \u0259dal\u0259tsizlik olar.<\/p>\n","protected":false},"excerpt":{"rendered":"<p>Polis d\u0259y\u0259n\u0259yinin g\u00fcc\u00fc il\u0259 d\u00fcnya bazar\u0131nda neftin qiym\u0259ti v\u0259 manat\u0131n d\u0259y\u0259ri aras\u0131nda \u0259laq\u0259 ayd\u0131nca hiss edilir.<\/p>\n","protected":false},"author":11,"featured_media":51524,"comment_status":"closed","ping_status":"open","sticky":false,"template":"","format":"standard","meta":{"_acf_changed":false,"_sitemap_exclude":false,"_sitemap_priority":"","_sitemap_frequency":"","footnotes":""},"categories":[57],"tags":[],"class_list":["post-178863","post","type-post","status-publish","format-standard","has-post-thumbnail","hentry","category-menim-fikrimce","infinite-scroll-item","generate-columns","tablet-grid-50","mobile-grid-100","grid-parent","grid-33","no-featured-image-padding"],"acf":[],"yoast_head":"<!-- This site is optimized with the Yoast SEO plugin v27.5 - https:\/\/yoast.com\/product\/yoast-seo-wordpress\/ -->\n<title>Az\u0259rbaycan pis n\u00fcmun\u0259l\u0259r poliqonudur - MEYDAN.TV<\/title>\n<meta name=\"robots\" content=\"index, follow, max-snippet:-1, max-image-preview:large, max-video-preview:-1\" \/>\n<link rel=\"canonical\" href=\"https:\/\/www.meydan.tv\/az\/article\/azerbaycan-pis-numuneler-poliqonudur\/\" \/>\n<meta property=\"og:locale\" content=\"az_AZ\" \/>\n<meta property=\"og:type\" content=\"article\" \/>\n<meta property=\"og:title\" content=\"Az\u0259rbaycan pis n\u00fcmun\u0259l\u0259r poliqonudur - MEYDAN.TV\" \/>\n<meta property=\"og:description\" content=\"Polis d\u0259y\u0259n\u0259yinin g\u00fcc\u00fc il\u0259 d\u00fcnya bazar\u0131nda neftin qiym\u0259ti v\u0259 manat\u0131n d\u0259y\u0259ri aras\u0131nda \u0259laq\u0259 ayd\u0131nca hiss edilir.\" \/>\n<meta property=\"og:url\" content=\"https:\/\/www.meydan.tv\/az\/article\/azerbaycan-pis-numuneler-poliqonudur\/\" \/>\n<meta property=\"og:site_name\" content=\"MEYDAN.TV\" \/>\n<meta property=\"article:published_time\" content=\"2016-09-14T18:33:58+00:00\" \/>\n<meta property=\"og:image\" content=\"https:\/\/www.meydan.tv\/wp-content\/uploads\/19434.jpg\" \/>\n\t<meta property=\"og:image:width\" content=\"960\" \/>\n\t<meta property=\"og:image:height\" content=\"960\" \/>\n\t<meta property=\"og:image:type\" content=\"image\/jpeg\" \/>\n<meta name=\"author\" content=\"user-manager\" \/>\n<meta name=\"twitter:card\" content=\"summary_large_image\" \/>\n<script type=\"application\/ld+json\" class=\"yoast-schema-graph\">{\"@context\":\"https:\\\/\\\/schema.org\",\"@graph\":[{\"@type\":\"Article\",\"@id\":\"https:\\\/\\\/www.meydan.tv\\\/az\\\/article\\\/azerbaycan-pis-numuneler-poliqonudur\\\/#article\",\"isPartOf\":{\"@id\":\"https:\\\/\\\/www.meydan.tv\\\/az\\\/article\\\/azerbaycan-pis-numuneler-poliqonudur\\\/\"},\"author\":{\"name\":\"user-manager\",\"@id\":\"https:\\\/\\\/www.meydan.tv\\\/az\\\/#\\\/schema\\\/person\\\/10d11eccf6da3662cf5fdab9806ea91a\"},\"headline\":\"Az\u0259rbaycan pis n\u00fcmun\u0259l\u0259r poliqonudur\",\"datePublished\":\"2016-09-14T18:33:58+00:00\",\"mainEntityOfPage\":{\"@id\":\"https:\\\/\\\/www.meydan.tv\\\/az\\\/article\\\/azerbaycan-pis-numuneler-poliqonudur\\\/\"},\"wordCount\":727,\"publisher\":{\"@id\":\"https:\\\/\\\/www.meydan.tv\\\/az\\\/#organization\"},\"image\":{\"@id\":\"https:\\\/\\\/www.meydan.tv\\\/az\\\/article\\\/azerbaycan-pis-numuneler-poliqonudur\\\/#primaryimage\"},\"thumbnailUrl\":\"https:\\\/\\\/www.meydan.tv\\\/wp-content\\\/uploads\\\/19434.jpg\",\"articleSection\":[\"M\u0259nim Fikrimc\u0259\"],\"inLanguage\":\"az\"},{\"@type\":\"WebPage\",\"@id\":\"https:\\\/\\\/www.meydan.tv\\\/az\\\/article\\\/azerbaycan-pis-numuneler-poliqonudur\\\/\",\"url\":\"https:\\\/\\\/www.meydan.tv\\\/az\\\/article\\\/azerbaycan-pis-numuneler-poliqonudur\\\/\",\"name\":\"Az\u0259rbaycan pis n\u00fcmun\u0259l\u0259r poliqonudur - MEYDAN.TV\",\"isPartOf\":{\"@id\":\"https:\\\/\\\/www.meydan.tv\\\/az\\\/#website\"},\"primaryImageOfPage\":{\"@id\":\"https:\\\/\\\/www.meydan.tv\\\/az\\\/article\\\/azerbaycan-pis-numuneler-poliqonudur\\\/#primaryimage\"},\"image\":{\"@id\":\"https:\\\/\\\/www.meydan.tv\\\/az\\\/article\\\/azerbaycan-pis-numuneler-poliqonudur\\\/#primaryimage\"},\"thumbnailUrl\":\"https:\\\/\\\/www.meydan.tv\\\/wp-content\\\/uploads\\\/19434.jpg\",\"datePublished\":\"2016-09-14T18:33:58+00:00\",\"breadcrumb\":{\"@id\":\"https:\\\/\\\/www.meydan.tv\\\/az\\\/article\\\/azerbaycan-pis-numuneler-poliqonudur\\\/#breadcrumb\"},\"inLanguage\":\"az\",\"potentialAction\":[{\"@type\":\"ReadAction\",\"target\":[\"https:\\\/\\\/www.meydan.tv\\\/az\\\/article\\\/azerbaycan-pis-numuneler-poliqonudur\\\/\"]}]},{\"@type\":\"ImageObject\",\"inLanguage\":\"az\",\"@id\":\"https:\\\/\\\/www.meydan.tv\\\/az\\\/article\\\/azerbaycan-pis-numuneler-poliqonudur\\\/#primaryimage\",\"url\":\"https:\\\/\\\/www.meydan.tv\\\/wp-content\\\/uploads\\\/19434.jpg\",\"contentUrl\":\"https:\\\/\\\/www.meydan.tv\\\/wp-content\\\/uploads\\\/19434.jpg\",\"width\":960,\"height\":960,\"caption\":\"Source:\"},{\"@type\":\"BreadcrumbList\",\"@id\":\"https:\\\/\\\/www.meydan.tv\\\/az\\\/article\\\/azerbaycan-pis-numuneler-poliqonudur\\\/#breadcrumb\",\"itemListElement\":[{\"@type\":\"ListItem\",\"position\":1,\"name\":\"Ana s\u0259hif\u0259\",\"item\":\"https:\\\/\\\/www.meydan.tv\\\/az\\\/\"},{\"@type\":\"ListItem\",\"position\":2,\"name\":\"M\u0259nim Fikrimc\u0259\",\"item\":\"https:\\\/\\\/www.meydan.tv\\\/az\\\/section\\\/menim-fikrimce\\\/\"},{\"@type\":\"ListItem\",\"position\":3,\"name\":\"Az\u0259rbaycan pis n\u00fcmun\u0259l\u0259r poliqonudur\"}]},{\"@type\":\"WebSite\",\"@id\":\"https:\\\/\\\/www.meydan.tv\\\/az\\\/#website\",\"url\":\"https:\\\/\\\/www.meydan.tv\\\/az\\\/\",\"name\":\"MEYDAN.TV\",\"description\":\"Meydan TV Az\u0259rbaycan\u0131n media m\u0259kan\u0131ndak\u0131 alternativ s\u0259sidir\",\"publisher\":{\"@id\":\"https:\\\/\\\/www.meydan.tv\\\/az\\\/#organization\"},\"potentialAction\":[{\"@type\":\"SearchAction\",\"target\":{\"@type\":\"EntryPoint\",\"urlTemplate\":\"https:\\\/\\\/www.meydan.tv\\\/az\\\/?s={search_term_string}\"},\"query-input\":{\"@type\":\"PropertyValueSpecification\",\"valueRequired\":true,\"valueName\":\"search_term_string\"}}],\"inLanguage\":\"az\"},{\"@type\":\"Organization\",\"@id\":\"https:\\\/\\\/www.meydan.tv\\\/az\\\/#organization\",\"name\":\"Meydan TV\",\"url\":\"https:\\\/\\\/www.meydan.tv\\\/az\\\/\",\"logo\":{\"@type\":\"ImageObject\",\"inLanguage\":\"az\",\"@id\":\"https:\\\/\\\/www.meydan.tv\\\/az\\\/#\\\/schema\\\/logo\\\/image\\\/\",\"url\":\"https:\\\/\\\/www.meydan.tv\\\/wp-content\\\/uploads\\\/2021\\\/07\\\/meydan-logo.svg\",\"contentUrl\":\"https:\\\/\\\/www.meydan.tv\\\/wp-content\\\/uploads\\\/2021\\\/07\\\/meydan-logo.svg\",\"width\":195,\"height\":46,\"caption\":\"Meydan TV\"},\"image\":{\"@id\":\"https:\\\/\\\/www.meydan.tv\\\/az\\\/#\\\/schema\\\/logo\\\/image\\\/\"}},{\"@type\":\"Person\",\"@id\":\"https:\\\/\\\/www.meydan.tv\\\/az\\\/#\\\/schema\\\/person\\\/10d11eccf6da3662cf5fdab9806ea91a\",\"name\":\"user-manager\"}]}<\/script>\n<!-- \/ Yoast SEO plugin. -->","yoast_head_json":{"title":"Az\u0259rbaycan pis n\u00fcmun\u0259l\u0259r poliqonudur - MEYDAN.TV","robots":{"index":"index","follow":"follow","max-snippet":"max-snippet:-1","max-image-preview":"max-image-preview:large","max-video-preview":"max-video-preview:-1"},"canonical":"https:\/\/www.meydan.tv\/az\/article\/azerbaycan-pis-numuneler-poliqonudur\/","og_locale":"az_AZ","og_type":"article","og_title":"Az\u0259rbaycan pis n\u00fcmun\u0259l\u0259r poliqonudur - MEYDAN.TV","og_description":"Polis d\u0259y\u0259n\u0259yinin g\u00fcc\u00fc il\u0259 d\u00fcnya bazar\u0131nda neftin qiym\u0259ti v\u0259 manat\u0131n d\u0259y\u0259ri aras\u0131nda \u0259laq\u0259 ayd\u0131nca hiss edilir.","og_url":"https:\/\/www.meydan.tv\/az\/article\/azerbaycan-pis-numuneler-poliqonudur\/","og_site_name":"MEYDAN.TV","article_published_time":"2016-09-14T18:33:58+00:00","og_image":[{"width":960,"height":960,"url":"https:\/\/www.meydan.tv\/wp-content\/uploads\/19434.jpg","type":"image\/jpeg"}],"author":"user-manager","twitter_card":"summary_large_image","schema":{"@context":"https:\/\/schema.org","@graph":[{"@type":"Article","@id":"https:\/\/www.meydan.tv\/az\/article\/azerbaycan-pis-numuneler-poliqonudur\/#article","isPartOf":{"@id":"https:\/\/www.meydan.tv\/az\/article\/azerbaycan-pis-numuneler-poliqonudur\/"},"author":{"name":"user-manager","@id":"https:\/\/www.meydan.tv\/az\/#\/schema\/person\/10d11eccf6da3662cf5fdab9806ea91a"},"headline":"Az\u0259rbaycan pis n\u00fcmun\u0259l\u0259r poliqonudur","datePublished":"2016-09-14T18:33:58+00:00","mainEntityOfPage":{"@id":"https:\/\/www.meydan.tv\/az\/article\/azerbaycan-pis-numuneler-poliqonudur\/"},"wordCount":727,"publisher":{"@id":"https:\/\/www.meydan.tv\/az\/#organization"},"image":{"@id":"https:\/\/www.meydan.tv\/az\/article\/azerbaycan-pis-numuneler-poliqonudur\/#primaryimage"},"thumbnailUrl":"https:\/\/www.meydan.tv\/wp-content\/uploads\/19434.jpg","articleSection":["M\u0259nim Fikrimc\u0259"],"inLanguage":"az"},{"@type":"WebPage","@id":"https:\/\/www.meydan.tv\/az\/article\/azerbaycan-pis-numuneler-poliqonudur\/","url":"https:\/\/www.meydan.tv\/az\/article\/azerbaycan-pis-numuneler-poliqonudur\/","name":"Az\u0259rbaycan pis n\u00fcmun\u0259l\u0259r poliqonudur - MEYDAN.TV","isPartOf":{"@id":"https:\/\/www.meydan.tv\/az\/#website"},"primaryImageOfPage":{"@id":"https:\/\/www.meydan.tv\/az\/article\/azerbaycan-pis-numuneler-poliqonudur\/#primaryimage"},"image":{"@id":"https:\/\/www.meydan.tv\/az\/article\/azerbaycan-pis-numuneler-poliqonudur\/#primaryimage"},"thumbnailUrl":"https:\/\/www.meydan.tv\/wp-content\/uploads\/19434.jpg","datePublished":"2016-09-14T18:33:58+00:00","breadcrumb":{"@id":"https:\/\/www.meydan.tv\/az\/article\/azerbaycan-pis-numuneler-poliqonudur\/#breadcrumb"},"inLanguage":"az","potentialAction":[{"@type":"ReadAction","target":["https:\/\/www.meydan.tv\/az\/article\/azerbaycan-pis-numuneler-poliqonudur\/"]}]},{"@type":"ImageObject","inLanguage":"az","@id":"https:\/\/www.meydan.tv\/az\/article\/azerbaycan-pis-numuneler-poliqonudur\/#primaryimage","url":"https:\/\/www.meydan.tv\/wp-content\/uploads\/19434.jpg","contentUrl":"https:\/\/www.meydan.tv\/wp-content\/uploads\/19434.jpg","width":960,"height":960,"caption":"Source:"},{"@type":"BreadcrumbList","@id":"https:\/\/www.meydan.tv\/az\/article\/azerbaycan-pis-numuneler-poliqonudur\/#breadcrumb","itemListElement":[{"@type":"ListItem","position":1,"name":"Ana s\u0259hif\u0259","item":"https:\/\/www.meydan.tv\/az\/"},{"@type":"ListItem","position":2,"name":"M\u0259nim Fikrimc\u0259","item":"https:\/\/www.meydan.tv\/az\/section\/menim-fikrimce\/"},{"@type":"ListItem","position":3,"name":"Az\u0259rbaycan pis n\u00fcmun\u0259l\u0259r poliqonudur"}]},{"@type":"WebSite","@id":"https:\/\/www.meydan.tv\/az\/#website","url":"https:\/\/www.meydan.tv\/az\/","name":"MEYDAN.TV","description":"Meydan TV Az\u0259rbaycan\u0131n media m\u0259kan\u0131ndak\u0131 alternativ s\u0259sidir","publisher":{"@id":"https:\/\/www.meydan.tv\/az\/#organization"},"potentialAction":[{"@type":"SearchAction","target":{"@type":"EntryPoint","urlTemplate":"https:\/\/www.meydan.tv\/az\/?s={search_term_string}"},"query-input":{"@type":"PropertyValueSpecification","valueRequired":true,"valueName":"search_term_string"}}],"inLanguage":"az"},{"@type":"Organization","@id":"https:\/\/www.meydan.tv\/az\/#organization","name":"Meydan TV","url":"https:\/\/www.meydan.tv\/az\/","logo":{"@type":"ImageObject","inLanguage":"az","@id":"https:\/\/www.meydan.tv\/az\/#\/schema\/logo\/image\/","url":"https:\/\/www.meydan.tv\/wp-content\/uploads\/2021\/07\/meydan-logo.svg","contentUrl":"https:\/\/www.meydan.tv\/wp-content\/uploads\/2021\/07\/meydan-logo.svg","width":195,"height":46,"caption":"Meydan TV"},"image":{"@id":"https:\/\/www.meydan.tv\/az\/#\/schema\/logo\/image\/"}},{"@type":"Person","@id":"https:\/\/www.meydan.tv\/az\/#\/schema\/person\/10d11eccf6da3662cf5fdab9806ea91a","name":"user-manager"}]}},"_links":{"self":[{"href":"https:\/\/www.meydan.tv\/az\/wp-json\/wp\/v2\/posts\/178863","targetHints":{"allow":["GET"]}}],"collection":[{"href":"https:\/\/www.meydan.tv\/az\/wp-json\/wp\/v2\/posts"}],"about":[{"href":"https:\/\/www.meydan.tv\/az\/wp-json\/wp\/v2\/types\/post"}],"author":[{"embeddable":true,"href":"https:\/\/www.meydan.tv\/az\/wp-json\/wp\/v2\/users\/11"}],"replies":[{"embeddable":true,"href":"https:\/\/www.meydan.tv\/az\/wp-json\/wp\/v2\/comments?post=178863"}],"version-history":[{"count":0,"href":"https:\/\/www.meydan.tv\/az\/wp-json\/wp\/v2\/posts\/178863\/revisions"}],"wp:featuredmedia":[{"embeddable":true,"href":"https:\/\/www.meydan.tv\/az\/wp-json\/wp\/v2\/media\/51524"}],"wp:attachment":[{"href":"https:\/\/www.meydan.tv\/az\/wp-json\/wp\/v2\/media?parent=178863"}],"wp:term":[{"taxonomy":"category","embeddable":true,"href":"https:\/\/www.meydan.tv\/az\/wp-json\/wp\/v2\/categories?post=178863"},{"taxonomy":"post_tag","embeddable":true,"href":"https:\/\/www.meydan.tv\/az\/wp-json\/wp\/v2\/tags?post=178863"}],"curies":[{"name":"wp","href":"https:\/\/api.w.org\/{rel}","templated":true}]}}