{"id":178860,"date":"2016-09-14T17:15:32","date_gmt":"2016-09-14T17:15:32","guid":{"rendered":"https:\/\/www.meydan.tv\/article\/etiraz-mitinqlerini-vahid-quvve-istiqametlendirmelidir\/"},"modified":"2016-09-14T17:15:32","modified_gmt":"2016-09-14T17:15:32","slug":"etiraz-mitinqlerini-vahid-quvve-istiqametlendirmelidir","status":"publish","type":"post","link":"https:\/\/www.meydan.tv\/az\/article\/etiraz-mitinqlerini-vahid-quvve-istiqametlendirmelidir\/","title":{"rendered":"Etiraz mitinql\u0259rini vahid q\u00fcvv\u0259 istiqam\u0259tl\u0259ndirm\u0259lidir"},"content":{"rendered":"<figure class=\"wp-block-image size-large\">\n  <img decoding=\"async\" src=\"https:\/\/www.meydan.tv\/az\/67652\/\" alt=\"\" class=\"wp-image-67652\"\/><figcaption><\/figcaption><\/figure>\n<figure class=\"wp-block-image size-large\">\n  <img decoding=\"async\" src=\"https:\/\/www.meydan.tv\/az\/67658\/\" alt=\"\" class=\"wp-image-67658\"\/><figcaption><\/figcaption><\/figure>\n<p>\n  <i><br \/>\n    Vahid r\u0259hb\u0259rlik alt\u0131nda olmayan siyasi-t\u0259\u015fkilati proses m\u00fc\u0259yy\u0259n m\u0259rh\u0259l\u0259l\u0259rd\u0259n sonra daxili \u00e7\u0259ki\u015fm\u0259l\u0259r\u0259, h\u0259tta siyasi alverl\u0259r\u0259 d\u0259 yol a\u00e7\u0131r<br \/>\n  <\/i>\n<\/p>\n<p>\n  Milli \u015euran\u0131n t\u0259\u015fkilat\u00e7\u0131l\u0131\u011f\u0131 il\u0259 ke\u00e7iril\u0259n 11 sentyabr mitinqi \u00e7ox b\u00f6y\u00fck mara\u011fa v\u0259 geni\u015f m\u00fczakir\u0259l\u0259r\u0259 yol a\u00e7\u0131b. Hakimiyy\u0259tin s\u0259rt davran\u0131\u015flar\u0131n\u0131n daha \u00e7ox artd\u0131\u011f\u0131 bir vaxtda bel\u0259 k\u00fctl\u0259vi aksiyan\u0131n ba\u015f tutmas\u0131 b\u00fct\u00fcn maraql\u0131 t\u0259r\u0259fl\u0259r\u0259 ciddi mesajd\u0131r. \u0130lkin n\u0259tic\u0259 n\u0259d\u0259n ibar\u0259tdir? Daha sonra n\u0259 olacaq? Bu kimi suallar \u0259traf\u0131nda geni\u015f t\u0259hlill\u0259r\u0259 z\u0259rur\u0259t var. Biz d\u0259 bu istiqam\u0259td\u0259 m\u00f6vcud durumun s\u0259thi analizini apararaq siyasi yetkinliyi olan insanlar\u0131n m\u00fczakir\u0259sin\u0259 t\u0259qdim edirik.\n<\/p>\n<\/p>\n<p>\n  <b><br \/>\n    K\u00fctl\u0259vi aksiyalar zaman\u0131n t\u0259l\u0259bidir?<br \/>\n  <\/b>\n<\/p>\n<p>\n  Sosial \u015f\u0259b\u0259k\u0259l\u0259rd\u0259 v\u0259 mediada k\u00fctl\u0259vi aksiyalarla ba\u011fl\u0131 q\u0131z\u011f\u0131n m\u00fczakir\u0259l\u0259r sosial b\u00f6hran \u00f6z\u00fcn\u00fc biruz\u0259 verm\u0259y\u0259 ba\u015flayandan aktualla\u015f\u0131rd\u0131. O zaman yaz\u0131lar\u0131m\u0131zda v\u0259 \u00e7\u0131x\u0131\u015flar\u0131m\u0131zda ard\u0131c\u0131l olaraq ifad\u0259 edirdik ki, yeni m\u00fcxalif birlikl\u0259r\u0259 v\u0259 sosial probleml\u0259rl\u0259 ba\u011fl\u0131 etirazlara m\u00fcxalif\u0259t c\u0259hd etm\u0259m\u0259lidir. Bir m\u00fcdd\u0259t xalqla iqtidar\u0131n ba\u015f-ba\u015fa qalmas\u0131na imkan yaratmal\u0131d\u0131r. Durum el\u0259dir ki, t\u0259r\u0259fl\u0259r bir-biri il\u0259 \u00fcz-\u00fcz\u0259 qald\u0131qca m\u00fcxalif\u0259tin s\u0131ralar\u0131 geni\u015fl\u0259n\u0259c\u0259k v\u0259 psixoloji \u00fcst\u00fcnl\u00fck \u0259ld\u0259 edil\u0259c\u0259k.\n<\/p>\n<p>\n  M\u0259hz h\u0259min d\u00f6vrl\u0259rd\u0259 m\u00fcxalif\u0259tin se\u00e7diyi d\u00fczg\u00fcn taktika kifay\u0259t q\u0259d\u0259r u\u011furlu n\u0259tic\u0259 verdi. Daim sosial-siyasi m\u0259s\u0259l\u0259l\u0259rd\u0259 etirazlar\u0131 yaln\u0131z m\u00fcxalif\u0259tin v\u0259zif\u0259si sayan, bu etirazlara laqeyd qalan, h\u0259tta b\u0259z\u0259n bu aksiyalar\u0131 m\u0259sx\u0259r\u0259y\u0259 qoyaraq ona qo\u015fulmayan b\u00f6y\u00fck bir k\u00fctl\u0259 faktiki olaraq \u00e7a\u015f-ba\u015f durumda qald\u0131. Bu \u00e7a\u015fq\u0131nl\u0131q t\u0259kc\u0259 sad\u0259 xalqda deyil, h\u0259m h\u00f6kum\u0259t h\u0259m d\u0259 m\u00fcxalif\u0259t ad\u0131na iddia ed\u0259n m\u00fc\u0259yy\u0259n t\u0259\u015fkilatlarda da m\u00fc\u015fahid\u0259 olunurdu.\n<\/p>\n<p>\n  M\u00fcxalif\u0259tin s\u0131ralar\u0131nda dayanmayan, t\u0259l\u0259bl\u0259rin\u0259 d\u0259st\u0259k verm\u0259y\u0259n insanlar\u0131n t\u0259nqidl\u0259rin\u0259 haql\u0131 olaraq m\u00fcxalif\u0259t t\u0259\u015fkilatlar\u0131 m\u0259h\u0259l qoymad\u0131. Bel\u0259 durumlarda d\u0259rhal meydanlarda etirazlara meyl ed\u0259n m\u00fcxalif\u0259tin bu d\u0259f\u0259 sosial t\u0259l\u0259bl\u0259rl\u0259 etirazlar\u0131 t\u0259\u015fkil etm\u0259m\u0259si yeni sit\u00fcasiya yaratd\u0131. T\u0259sad\u00fcfi deyil ki, o zaman b\u0259zi rayonlarda m\u00fcxalif\u0259tin t\u0259\u015fkil etm\u0259diyi lokal etirazlar ba\u015f verdi v\u0259 olaylar\u0131n qar\u015f\u0131s\u0131 h\u00f6kum\u0259t t\u0259r\u0259find\u0259n s\u0259rt \u015f\u0259kild\u0259 al\u0131nd\u0131. Probleml\u0259r h\u0259ll edilm\u0259s\u0259 d\u0259, xaotik etirazlar s\u0259ngidi. O zaman xalq\u0131n m\u00fcxt\u0259lif qruplar\u0131 aras\u0131nda apard\u0131\u011f\u0131m\u0131z monitorinql\u0259r g\u00f6st\u0259rirdi ki, \u0259hali m\u00fcxalif\u0259t\u0259 d\u0259st\u0259k verm\u0259m\u0259yin a\u011f\u0131r z\u0259rb\u0259sini t\u0259dric\u0259n \u00f6z \u00fcz\u0259rind\u0259 hiss edir.\n<\/p>\n<p>\n  F\u0259al insanlar anlay\u0131rd\u0131 ki, t\u0259\u015fkilatlanm\u0131\u015f v\u0259 c\u0259sar\u0259tli m\u00fcxalif\u0259t\u0259 d\u0259st\u0259k verm\u0259d\u0259n u\u011furlu sonuc m\u00fcmk\u00fcn deyil. \u201cM\u00fcxalif\u0259t yoxdur\u201d tezisl\u0259rinin ac\u0131s\u0131n\u0131 daha \u00e7ox o t\u0259bli\u011fata uyan sad\u0259 insanlar \u00e7\u0259km\u0259y\u0259 ba\u015flad\u0131. T\u0259bii ki, h\u0259l\u0259 d\u0259 alternativi olmayan, lakin a\u011f\u0131r durumda olsa da, t\u0259r\u0259dd\u00fcd etm\u0259kd\u0259 davam ed\u0259n b\u00f6y\u00fck bir \u00e7oxluq var. D\u00fc\u015f\u00fcnc\u0259 ondan ibar\u0259tdir ki, m\u00fcxalif\u0259t\u0259 veril\u0259n a\u00e7\u0131q d\u0259st\u0259k n\u0259yi d\u0259yi\u015f\u0259c\u0259k ki? Bu suala h\u0259l\u0259lik ayd\u0131n cavab olmasa da, alternativl\u0259rin olmamas\u0131 toplumu d\u00fc\u015f\u00fcnm\u0259y\u0259 vadar edir. H\u00f6kum\u0259t n\u0259 \u00f6z\u00fc probleml\u0259ri h\u0259ll ed\u0259 bilir, n\u0259 d\u0259 xalqa imkan verir ki, he\u00e7 olmasa \u00f6z ba\u015f\u0131n\u0131n \u00e7ar\u0259sini q\u0131ls\u0131n.\n<\/p>\n<p>\n  Xalq\u0131n m\u00fcxalif\u0259t\u0259 d\u0259st\u0259yi a\u00e7\u0131q hal almasa da, konkret t\u0259\u015fkilatlara r\u0259\u011fb\u0259tinin getdikc\u0259 artd\u0131\u011f\u0131n\u0131 dey\u0259 bil\u0259rik. Hakimiyy\u0259tin q\u0259fl\u0259t\u0259n Konstitusiyaya \u0259lav\u0259 v\u0259 d\u0259yi\u015fiklikl\u0259ri h\u0259yata ke\u00e7irm\u0259k \u00fc\u00e7\u00fcn referendum q\u0259rar\u0131 olmasayd\u0131, y\u0259qin ki m\u00fcxalif\u0259tin d\u0259 k\u00fctl\u0259vi aksiyalara ba\u015flamaq q\u0259rar\u0131 bel\u0259 s\u00fcr\u0259tl\u0259 aktualla\u015fmazd\u0131. \u0130ndiki etirazlarda \u0259sas\u0259n h\u0259d\u0259f referendum olsa da, sosial t\u0259l\u0259bl\u0259r, idar\u0259etm\u0259 v\u0259 siyasi m\u0259hbus probleml\u0259ri d\u0259 qabar\u0131q dil\u0259 g\u0259tirilir. \u00c7\u00fcnki f\u0259al etirazlara qo\u015fulan insanlar\u0131n \u00e7oxunu referendum deyil, sosial b\u00f6hran v\u0259 idar\u0259etm\u0259nin yaratd\u0131\u011f\u0131 a\u011f\u0131r probleml\u0259r\u00a0 meydana s\u00f6vq edir. Odur ki, referendumdan sonra \u00f6lk\u0259d\u0259ki sosial-siyasi durum, k\u00fctl\u0259vi aksiyalarla ba\u011fl\u0131 m\u00fcxalif\u0259tin yana\u015fmas\u0131 h\u0259ssasl\u0131qla inc\u0259l\u0259nm\u0259li, t\u0259mkinli v\u0259 d\u00fczg\u00fcn q\u0259rarlar q\u0259bul edilm\u0259lidir.\n<\/p>\n<\/p>\n<p>\n  <b><br \/>\n    Mitinq haz\u0131rl\u0131\u011f\u0131 v\u0259 ke\u00e7irilm\u0259si \u00e7ox a\u011f\u0131r \u015f\u0259rtl\u0259r alt\u0131nda ba\u015f tutdu<br \/>\n  <\/b>\n<\/p>\n<p>\n  Referenduma etirazlarla ba\u011fl\u0131 f\u0259al q\u0259rar ver\u0259n siyasi t\u0259\u015fkilatlar \u00f6nc\u0259d\u0259n f\u0259rqli yollarla m\u00fcbariz\u0259 aparacaqlar\u0131n\u0131 b\u0259yan etdil\u0259r. Milli \u015eura ilk g\u00fcnd\u0259n t\u0259r\u0259dd\u00fcds\u00fcz referendumu baykot etm\u0259k yolunu tutdu. Hakimiyy\u0259tin t\u0259klif etdiyi siyasi m\u00fcst\u0259vid\u0259n imtina ed\u0259r\u0259k k\u00fctl\u0259vi aksiyalar ke\u00e7ir\u0259c\u0259yini v\u0259 h\u0259tta \u201cyeni bir xalq h\u0259r\u0259kat\u0131na ba\u015flama\u011f\u0131n vacibliyini\u201d b\u0259yan etdi. M\u00fcsavat Partiyas\u0131 v\u0259 REAL H\u0259r\u0259kat\u0131 is\u0259 \u00f6z resurslar\u0131na g\u00fcv\u0259n\u0259r\u0259k, qanunvericilikd\u0259 n\u0259z\u0259rd\u0259 tutulan proses\u0259 daxil olma\u011fa v\u0259 t\u0259\u015fviqat qruplar\u0131 vasit\u0259sil\u0259 etiraz etm\u0259y\u0259 q\u0259rar verdil\u0259r. T\u0259\u0259ss\u00fcf ki, bu t\u0259\u015fkilatlara qanunsuz m\u00fcdaxil\u0259l\u0259rl\u0259 \u00f6z q\u0259rarlar\u0131n\u0131 realla\u015fd\u0131rma\u011fa imkan verilm\u0259di.\n<\/p>\n<p>\n  Referendumu ilk g\u00fcnd\u0259n baykot etm\u0259y\u0259 \u00e7a\u011f\u0131ran M\u015e-n\u0131n \u00fcz\u0259rin\u0259 daha sistemli v\u0259 total t\u0259zyiql\u0259r ba\u015fland\u0131. He\u00e7 bir \u0259sas olmadan AXCP \u00fczv\u00fc olan f\u0259al g\u0259ncl\u0259rin inzibati h\u0259bsl\u0259ri, qondarma \u201cG\u00fcl\u0259n\u00e7i\u201d ittiham\u0131 il\u0259 h\u0259bsl\u0259r, \u201cAzadl\u0131q\u201d q\u0259zetinin \u00e7ap\u0131na yarad\u0131lan s\u00fcni \u0259ng\u0259ll\u0259r v\u0259 \u0259m\u0259kda\u015flar\u0131n\u0131n istintaqa c\u0259lb edilm\u0259si, habel\u0259 AXCP s\u0259dri \u018fli K\u0259rimlinin qay\u0131n\u0131na h\u0259bsxanada edil\u0259n real h\u0259d\u0259l\u0259r v\u0259 \u00f6z\u00fcn\u00fcn h\u0259bs edil\u0259c\u0259yi il\u0259 ba\u011fl\u0131 hakimiyy\u0259t medias\u0131n\u0131n anonslar\u0131 faktiki olaraq M\u015e-n\u0131 repressiyalar\u0131n m\u0259rk\u0259zi t\u0259\u015fkilat\u0131na \u00e7evirdi. B\u00fct\u00fcn t\u0259zyiql\u0259r\u0259 baxmayaraq bir add\u0131m da geri \u00e7\u0259kilm\u0259y\u0259n M\u015e mitinq haz\u0131rl\u0131\u011f\u0131n\u0131 dayand\u0131rmad\u0131. Dig\u0259r m\u00fcxalif t\u0259\u015fkilatlarla m\u00fcqayis\u0259d\u0259 ofis-q\u0259rargah\u0131 olmadan, rayonlarda ke\u00e7iril\u0259n yar\u0131mm\u0259xfi v\u0259 s\u0259yyar m\u00fc\u015favir\u0259l\u0259rl\u0259, habel\u0259 sosial \u015f\u0259b\u0259k\u0259l\u0259r \u00fcz\u0259rind\u0259n apar\u0131lan t\u0259bli\u011fat say\u0259sind\u0259 sanki f\u00f6vq\u0259lad\u0259 \u015f\u0259raitd\u0259 haz\u0131rl\u0131q apar\u0131l\u0131rd\u0131.\n<\/p>\n<p>\n  Hakimiyy\u0259t \u0259n\u0259n\u0259vi olaraq mitinqin s\u00f6n\u00fck al\u0131nmas\u0131 \u00fc\u00e7\u00fcn b\u00fct\u00fcn vasit\u0259l\u0259rd\u0259n istifad\u0259 etdi. \u018fsas resurslar mitinqin u\u011fursuz olmas\u0131 \u00fc\u00e7\u00fcn s\u0259f\u0259rb\u0259r edildi v\u0259 sistemli anti-t\u0259bli\u011fat apar\u0131ld\u0131. Mitinq\u0259 maraq g\u00f6st\u0259r\u0259n \u015f\u0259xsl\u0259rd\u0259 qorxu yaratmaq, son ana q\u0259d\u0259r r\u0259smi m\u00fcraci\u0259t\u0259 cavab verm\u0259m\u0259k, mitinqin t\u0259\u015fkilat\u00e7\u0131lar\u0131n\u0131 n\u00fcfuzdan salmaq \u00fc\u00e7\u00fcn geni\u015f kampaniyan\u0131n apar\u0131lmas\u0131 diqq\u0259td\u0259n yay\u0131nm\u0131rd\u0131. H\u0259tta mitinq g\u00fcn\u00fc d\u0259 psixoloji t\u0259sir vasit\u0259l\u0259rind\u0259n maksimium istifad\u0259 etm\u0259y\u0259 c\u0259hdl\u0259r g\u00f6st\u0259rildi. Y\u00fczl\u0259rl\u0259 insan\u0131n meydana daxil olmas\u0131na t\u0259r\u0259dd\u00fcd yaratma\u011fa nail olundu. Polis mitinq\u0259 a\u00e7\u0131q m\u00fcdaxil\u0259 etm\u0259s\u0259 d\u0259, \u00fczd\u0259 g\u00f6r\u00fcnm\u0259y\u0259n psixoloji m\u00fcdaxil\u0259sini edirdi. Meydana daxil olan insanlar\u0131n yoxlanmas\u0131 prosesind\u0259 se\u00e7il\u0259n metodlar, x\u00fcsusi kameralar\u0131n qura\u015fd\u0131r\u0131lmas\u0131 \u00f6zl\u00fcy\u00fcnd\u0259 \u00e7ox g\u00fccl\u00fc psixoloji t\u0259sir yaratma\u011fa hesablanm\u0131\u015fd\u0131.\n<\/p>\n<p>\n  Repressiyalar\u0131 g\u00fccl\u0259ndirm\u0259kl\u0259 m\u00fcxalif\u0259ti z\u0259ifl\u0259tm\u0259k, xalq\u0131n m\u00fcxalif\u0259t\u0259 meylli hiss\u0259sind\u0259 qorxu yaratmaq, hakimiyy\u0259tdaxili naraz\u0131l\u0131qlar\u0131n etirazlara ke\u00e7m\u0259sini \u00f6nl\u0259m\u0259k \u00fc\u00e7\u00fcn bir s\u0131ra s\u0259rt add\u0131mlar at\u0131ld\u0131. Lakin g\u00f6r\u00fcn\u0259n budur ki, yax\u0131n on illikd\u0259 u\u011furlu sonuc ver\u0259n repressiya siyas\u0259ti art\u0131q \u0259h\u0259miyy\u0259tini itirir v\u0259 \u0259vv\u0259lki t\u0259sir\u0259 malik deyil. Bu yana\u015fma \u0259ksin\u0259 t\u0259\u015fkilatlanm\u0131\u015f m\u00fcxalif\u0259tin g\u00fccl\u0259nm\u0259sin\u0259 xidm\u0259t edir. \u018fqid\u0259si, inanc\u0131 u\u011frunda \u00f6l\u00fcm\u00fc se\u00e7\u0259n insanlar\u0131 d\u00f6ym\u0259kl\u0259, h\u0259bsl\u0259 t\u0259hdid etm\u0259k daha pis n\u0259tic\u0259l\u0259r\u0259 g\u0259tirib \u00e7\u0131xara bil\u0259r.\n<\/p>\n<\/p>\n<p>\n  <b><\/b><br \/>\n  <b><br \/>\n    Mitinql\u0259r zaman\u0131 \u201cm\u00fcxalif\u0259tin birliyi\u201d tezisl\u0259rini k\u0259nara qoymaq laz\u0131md\u0131r?<br \/>\n  <\/b>\n<\/p>\n<p>\n  Son d\u00f6vrl\u0259r toplumun yana\u015fmas\u0131n\u0131 analiz ed\u0259r\u0259k d\u0259f\u0259l\u0259rl\u0259 qeyd etmi\u015fik ki, \u201cm\u00fcxalif\u0259tin birliyi\u201d tezisl\u0259ri q\u0259tiyy\u0259n geni\u015f sosial-siyasi sifari\u015f deyil. H\u0259tta dey\u0259rdim ki, son ill\u0259r bu \u00e7a\u011f\u0131r\u0131\u015flar birlikd\u0259n \u00e7ox, intriqalara v\u0259 yersiz m\u00fcbahis\u0259l\u0259r\u0259 \u0259sas yarad\u0131r. Ad\u0259t\u0259n f\u0259al etirazlara qo\u015fulma\u011fa c\u0259sar\u0259ti \u00e7atmayan \u00e7oxsayl\u0131 insan \u00f6zl\u0259ri prosesd\u0259 olmadan m\u0259hz m\u00fcxalif\u0259tin birl\u0259\u015f\u0259r\u0259k iqtidara m\u00fcqavim\u0259t g\u00f6st\u0259rm\u0259sin\u0259 \u00e7a\u011f\u0131r\u0131\u015f edir.\n<\/p>\n<p>\n  \u00c7a\u011fda\u015f siyasi tariximizd\u0259 m\u00f6vcud olan birlikl\u0259rd\u0259n m\u00fcxalif\u0259t\u0259 \u00e7ox z\u0259r\u0259rli miras qal\u0131b. Bir-birin\u0259 qar\u015f\u0131 inams\u0131zl\u0131q, ittihamlar, \u015f\u00fcbh\u0259l\u0259r v\u0259 b\u0259zi hallarda t\u0259hqirl\u0259r d\u0259 ifad\u0259 olunur. Sonrak\u0131 m\u00fcnasib\u0259tl\u0259r\u0259 d\u0259rin yara a\u00e7an \u201cm\u00fctt\u0259fiqlik\u201dd\u0259ns\u0259, b\u0259ri ba\u015fdan a\u00e7\u0131q r\u0259qiblik daha \u00e7ox d\u0259st\u0259k qazand\u0131r\u0131r. Vahid r\u0259hb\u0259rlik alt\u0131nda olmayan siyasi-t\u0259\u015fkilati proses m\u00fc\u0259yy\u0259n m\u0259rh\u0259l\u0259l\u0259rd\u0259n sonra daxili \u00e7\u0259ki\u015fm\u0259l\u0259r\u0259, h\u0259tta siyasi alverl\u0259r\u0259 d\u0259 yol a\u00e7\u0131r. \u018fn m\u00fct\u0259\u015f\u0259kkil g\u00fcc bel\u0259 effektli proses apara bilmir v\u0259 da\u011f\u0131lma\u011fa m\u0259hkum olur.\n<\/p>\n<p>\n  Odur ki, etiraza meylli insanlar\u0131n mitinq\u0259 d\u0259st\u0259k verm\u0259si \u00fc\u00e7\u00fcn bu \u201cbirlik\u201d faktoru art\u0131q \u00e7oxdan \u0259h\u0259miyy\u0259tini itirib. Birlikl\u0259r\u0259 vaxt s\u0259rf etm\u0259kd\u0259ns\u0259, t\u0259kba\u015f\u0131na h\u0259d\u0259f\u0259 istiqam\u0259tl\u0259nm\u0259k vacibdir.\n<\/p>\n<p>\n  T\u0259sad\u00fcfi deyil ki, son on ilin \u0259n k\u00fctl\u0259vi mitinqin\u0259 m\u00fcxalif\u0259tin \u201cyeni birliyi\u201d olmadan nail olundu. Birlik olmadan da xeyli m\u00fcxalif t\u0259\u015fkilatlar v\u0259 m\u00fcst\u0259qil \u015f\u0259xsl\u0259r mitinql\u0259rd\u0259 i\u015ftiraka m\u00fcsb\u0259t \u00e7a\u011f\u0131r\u0131\u015f etdil\u0259r. Siyasi m\u0259hbus h\u0259yat\u0131 ya\u015fayan insanlar\u0131n yax\u0131nlar\u0131 v\u0259 t\u0259r\u0259fdarlar\u0131 aksiyaya ciddi d\u0259st\u0259k verdi. Sosial probleml\u0259rd\u0259n, m\u0259mur \u00f6zba\u015f\u0131nal\u0131\u011f\u0131ndan, r\u00fc\u015fv\u0259txorluqdan, monopoliyadan \u0259ziyy\u0259t \u00e7\u0259k\u0259n c\u0259sar\u0259tli insanlar da mitinq\u0259 a\u00e7\u0131q d\u0259st\u0259k ifad\u0259 etdil\u0259r.\n<\/p>\n<\/p>\n<p>\n  <b><br \/>\n    \u0130lkin n\u0259tic\u0259 u\u011furludur.<br \/>\n  <\/b>\n<\/p>\n<p>\n  M\u015e-n\u0131n mitinqi son on ilin \u0259n k\u00fctl\u0259vi, co\u015f\u011fulu, intizaml\u0131, xalq\u0131n m\u00fcxt\u0259lif t\u0259b\u0259q\u0259l\u0259rinin i\u015ftirak etdiyi v\u0259 asan idar\u0259olunan aksiyalar\u0131ndan biri kimi tarix\u0259 d\u00fc\u015f\u0259c\u0259k. Meydan t\u0259kc\u0259 m\u00fcxalif\u0259t t\u0259\u015fkilatlar\u0131n\u0131n \u00fczvl\u0259rind\u0259n ibar\u0259t deyildi v\u0259 i\u015ftirak\u00e7\u0131lar\u0131n m\u00fctl\u0259q \u0259ks\u0259riyy\u0259ti g\u0259ncl\u0259r idi. T\u0259\u015fkilat\u00e7\u0131lar \u00f6z r\u0259mzl\u0259rinin meydana g\u0259tirm\u0259m\u0259kl\u0259 h\u0259m d\u0259 mitinq\u0259 \u00fcmummilli status qazand\u0131rd\u0131lar. T\u0259\u015fkilat\u00e7\u0131l\u0131\u011f\u0131n \u015f\u0259riksizliyi v\u0259 i\u015ftirak\u00e7\u0131lar\u0131n \u0259ks\u0259riyy\u0259tinin vahid lider\u0259 r\u0259\u011fb\u0259ti aksiyan\u0131n effektliyin\u0131 g\u00f6st\u0259rirdi. Tribuna il\u0259 aksiya\u00e7\u0131lar aras\u0131nda da t\u0259bii bir harmoniya m\u00f6vcud idi. \u0130st\u0259nil\u0259n meydan\u0131n v\u0259 ya prosesin vahid lideri varsa, orada ciddi siyasi n\u0259tic\u0259l\u0259r \u00fc\u00e7\u00fcn \u0259lveri\u015fli m\u00fchit m\u00f6vcud olur. \u0130ndiki halda meydanda olma\u011f\u0131 q\u0259bul etm\u0259y\u0259n, mitinql\u0259r\u0259 d\u0259st\u0259k verm\u0259y\u0259n qurumlar\u0131n, f\u0259rdl\u0259rin t\u0259nqid v\u0259 iradlar\u0131na m\u0259h\u0259l qoyulmamal\u0131d\u0131r.\n<\/p>\n<p>\n  M\u00f6vcud resurslarla i\u015f davam etdirilm\u0259li v\u0259 imkanlar geni\u015fl\u0259ndirilm\u0259lidir. C\u0259miyy\u0259tin etiraza meylli b\u0259lli bir k\u0259simi faktiki olaraq m\u00fcxalif\u0259t\u0259 yeni mandat verib. Aksiyan\u0131n bir ne\u00e7\u0259 istiqam\u0259td\u0259n \u00e7ox d\u00fc\u015f\u00fcnd\u00fcr\u00fcc\u00fc mesajlar\u0131 da ortadad\u0131r. Siyasi iddias\u0131 v\u0259 f\u0259all\u0131\u011f\u0131 olan insanlar bu mesajlar\u0131 t\u0259mkinl\u0259 oxumal\u0131d\u0131r. H\u00f6kum\u0259t\u0259 ciddi v\u0259 uzunm\u00fcdd\u0259tli etiraz etm\u0259y\u0259 irad\u0259si \u00e7atan yeni bir m\u00fcxalif enerji toplan\u0131b. M\u00fcxalif\u0259tin bir-biri il\u0259 \u00e7\u0259ki\u015fm\u0259d\u0259n, vahid lider \u0259traf\u0131nda aparaca\u011f\u0131 siyas\u0259t daha g\u00fccl\u00fc d\u0259st\u0259y\u0259 g\u0259tirib \u00e7\u0131xaracaq.\n<\/p>\n<p>\n  Xalq\u0131n meydana topla\u015fan hiss\u0259si iqtidar\u0131n repressiyalar\u0131na baxmayaraq davaml\u0131 etiraz ed\u0259c\u0259k q\u0259d\u0259r haz\u0131rl\u0131ql\u0131d\u0131r. Toplumun oyan\u0131\u015f\u0131na t\u0259kan ver\u0259n v\u0259 \u00f6z g\u00fcc\u00fcn\u0259 inam\u0131n\u0131 art\u0131ran bir proses izl\u0259nm\u0259kd\u0259dir. Bu mitinqin \u0259n \u00f6n\u0259mli n\u0259tic\u0259sind\u0259n biri d\u0259 geni\u015f izl\u0259yicisi olan m\u00fcst\u0259qil internet \u015f\u0259b\u0259k\u0259l\u0259rinin mitinqin t\u0259bli\u011fin\u0259 ciddi d\u0259st\u0259k verm\u0259si oldu. Meydan TV, Azadl\u0131q Radiosu, &#8220;Sancaq&#8221;, N\u0130DA, &#8220;Hamam Times&#8221;, &#8220;Ditdili&#8221; v\u0259 dig\u0259r sosial media qurumlar\u0131 y\u00fczminl\u0259rl\u0259 insana obyektiv m\u0259lumatlar \u00e7atd\u0131rd\u0131.\n<\/p>\n<\/p>\n<p>\n  <b><br \/>\n    Daha sonra n\u0259 edilm\u0259lidir?<br \/>\n  <\/b>\n<\/p>\n<p>\n  Son d\u00f6vrl\u0259r insanlar\u0131 etirazlara meyll\u0259ndir\u0259n sosial-siyasi amill\u0259r kifay\u0259t q\u0259d\u0259r ayd\u0131nd\u0131r. F\u0259al etirazlara meyl ed\u0259n \u015f\u0259xsl\u0259rin \u00e7oxunun lokal siyasi se\u00e7imi yoxdur. Onlar\u0131n \u0259ks\u0259riyy\u0259tinin prosesl\u0259rd\u0259 i\u015ftirak\u0131 m\u00fcv\u0259qq\u0259ti xarakterlidir. Odur ki, prosesi ba\u015flayan q\u00fcvv\u0259 bu amili m\u00fctl\u0259q n\u0259z\u0259r\u0259 almal\u0131d\u0131r. M\u00f6vcud u\u011furlu t\u0259\u015f\u0259bb\u00fcs \u0259ld\u0259n veril\u0259rs\u0259, etirazlar\u0131n y\u00fcks\u0259l\u0259n x\u0259tl\u0259 inki\u015faf\u0131na t\u0259minat olmayacaq. Bu h\u0259ssas d\u00f6n\u0259md\u0259 mitinq yar\u0131\u015f\u0131na \u00e7ixan h\u0259r k\u0259s \u00f6z siyasi maraqlar\u0131 namin\u0259 \u00fcmumxalq maraqlar\u0131n\u0131 t\u0259hl\u00fck\u0259y\u0259 atmamal\u0131d\u0131r.\n<\/p>\n<p>\n  Avtoritar idar\u0259etm\u0259nin hakim oldu\u011fu c\u0259miyy\u0259tl\u0259rd\u0259 k\u00fctl\u0259vi etirazlar\u0131n konkret m\u00fcsb\u0259t siyasi n\u0259tic\u0259l\u0259r do\u011furmas\u0131 \u00fc\u00e7\u00fcn vahid q\u00fcvv\u0259 t\u0259r\u0259find\u0259n istiqam\u0259tl\u0259ndirilm\u0259si z\u0259ruridir. Sistemd\u0259n k\u0259nar siyasi m\u00fcbariz\u0259 x\u0259ttini m\u0259qbul sayan b\u00fct\u00fcn t\u0259\u015fkilatlar v\u0259 f\u0259rdl\u0259r bir siyasi q\u00fcvv\u0259nin lokomotivliyi il\u0259 ba\u015flanm\u0131\u015f m\u00fcbariz\u0259 x\u0259ttini d\u0259st\u0259kl\u0259m\u0259lidirl\u0259r. M\u00fcxalif\u0259tdaxili yar\u0131\u015fa qo\u015fulmaq ist\u0259y\u0259nl\u0259r k\u00fctl\u0259vi aksiyalar\u0131 \u00f6zl\u0259rin\u0259 al\u0259t etm\u0259m\u0259lidir.\n<\/p>\n<p>\n  \u00d6t\u0259n il keciril\u0259n se\u00e7ki-t\u0259bli\u011fat mitinql\u0259ri \u0259slind\u0259 m\u00fcxalif siyasi q\u00fcvv\u0259l\u0259rin real durumunu topluma n\u00fcmayi\u015f etdirib. Bunu q\u0259bul etm\u0259k laz\u0131md\u0131r ki, o mitinql\u0259rin b\u0259zisi siyasi f\u0259all\u0131\u011f\u0131 olan insanlar\u0131n yadda\u015f\u0131nda he\u00e7 d\u0259 ugurlu xat\u0131rlanm\u0131r. B\u0259lk\u0259 d\u0259 Milli \u015eura ba\u015flad\u0131\u011f\u0131 u\u011furlu bir prosesin estafetini \u0259min olmad\u0131\u011f\u0131 siyasi q\u00fcvv\u0259y\u0259 buraxmaqla daha riskli add\u0131m atm\u0131\u015f olard\u0131. Mitinql\u0259rin k\u00fctl\u0259viliyi v\u0259 davaml\u0131l\u0131\u011f\u0131 il\u0259 ba\u011fl\u0131 q\u0259rar veril\u0259rk\u0259n \u00e7ox g\u00fcman ki, bu amill\u0259r d\u0259 n\u0259z\u0259r\u0259 al\u0131n\u0131b. Bu m\u0259qamda q\u0259r\u0259zli yana\u015fmalara \u0259h\u0259miyy\u0259t verm\u0259d\u0259n prosesi ba\u015flayan q\u00fcvv\u0259nin h\u0259d\u0259fi iqtidar, m\u00fctt\u0259fiqi sad\u0259 xalq olmaqla daha \u0259zml\u0259 \u00e7al\u0131\u015fmal\u0131d\u0131r.\n<\/p>\n<p>\n  \u018fslind\u0259 \u00f6lk\u0259d\u0259 irimiqyasl\u0131 siyasi olaylar referendumdan sonra ba\u015flayacaq. \u0130ndiki u\u011furlu prosesl\u0259ri u\u011fursuzlu\u011fa m\u0259hkum etm\u0259m\u0259k \u00fc\u00e7\u00fcn m\u00fct\u0259\u015f\u0259kkil, cevik v\u0259 t\u0259mkinli siyasi q\u00fcvv\u0259l\u0259rin m\u0259suliyy\u0259tli q\u0259rarlar\u0131 h\u0259lledici olacaq. Mitinql\u0259rd\u0259 s\u0259sl\u0259n\u0259n mesajlar\u0131n h\u0259d\u0259fi ayd\u0131n olduqca, \u0259lav\u0259 monipulyasiyaya yer qalmayacaq. F\u00fcrs\u0259td\u0259n istifad\u0259 ed\u0259r\u0259k xalqa da beyn\u0259lxalq ictimaiyy\u0259t\u0259 d\u0259 iqtidara da uy\u011fun mesajlar verilm\u0259lidir.\n<\/p>\n<p>\n  Referendumdan sonra veril\u0259c\u0259k mitinq q\u0259rarlar\u0131 referendum \u0259r\u0259f\u0259sind\u0259 veril\u0259n mitinq q\u0259rarlar\u0131ndan f\u0259rqli situasiya yaradacaq. Hakimiyy\u0259t yeni d\u00f6vr \u00fc\u00e7\u00fcn etiraz mitinql\u0259rind\u0259n ciddi n\u0259tic\u0259 \u00e7\u0131xarmal\u0131, \u0259n\u0259n\u0259vi repressiv siyas\u0259tind\u0259n imtina etm\u0259li v\u0259 ger\u00e7\u0259k dialoq yolunu a\u00e7mal\u0131d\u0131r. K\u00f6kl\u00fc iqtisadi-siyasi islahatlardan imtina etm\u0259kl\u0259 \u00f6lk\u0259ni f\u0259lak\u0259tli durumdan \u00e7\u0131xarmaq m\u00fcmk\u00fcn olmayacaq. Sosial b\u00f6hran\u0131 nisb\u0259t\u0259n a\u011fr\u0131s\u0131z \u00f6t\u00fc\u015fd\u00fcrm\u0259k v\u0259 demokratik d\u0259yi\u015fiklik \u00fc\u00e7\u00fcn m\u00fcxalif\u0259tin idar\u0259 etdiyi k\u00fctl\u0259vi etirazlardan faydalanmaq m\u00fcasir d\u00fcnya t\u0259cr\u00fcb\u0259sind\u0259 u\u011furlu metod kimi q\u0259bul edil\u0259r.<\/p>\n","protected":false},"excerpt":{"rendered":"<p>Vahid r\u0259hb\u0259rlik alt\u0131nda olmayan siyasi-t\u0259\u015fkilati proses m\u00fc\u0259yy\u0259n m\u0259rh\u0259l\u0259l\u0259rd\u0259n sonra daxili \u00e7\u0259ki\u015fm\u0259l\u0259r\u0259, h\u0259tta siyasi alverl\u0259r\u0259 d\u0259 yol a\u00e7\u0131r<\/p>\n","protected":false},"author":11,"featured_media":67652,"comment_status":"closed","ping_status":"open","sticky":false,"template":"","format":"standard","meta":{"_acf_changed":false,"_sitemap_exclude":false,"_sitemap_priority":"","_sitemap_frequency":"","footnotes":""},"categories":[51],"tags":[],"class_list":["post-178860","post","type-post","status-publish","format-standard","has-post-thumbnail","hentry","category-analitika","infinite-scroll-item","generate-columns","tablet-grid-50","mobile-grid-100","grid-parent","grid-33","no-featured-image-padding"],"acf":[],"yoast_head":"<!-- This site is optimized with the Yoast SEO plugin v27.5 - https:\/\/yoast.com\/product\/yoast-seo-wordpress\/ -->\n<title>Etiraz mitinql\u0259rini vahid q\u00fcvv\u0259 istiqam\u0259tl\u0259ndirm\u0259lidir - MEYDAN.TV<\/title>\n<meta name=\"robots\" content=\"index, follow, max-snippet:-1, max-image-preview:large, max-video-preview:-1\" \/>\n<link rel=\"canonical\" href=\"https:\/\/www.meydan.tv\/az\/article\/etiraz-mitinqlerini-vahid-quvve-istiqametlendirmelidir\/\" \/>\n<meta property=\"og:locale\" content=\"az_AZ\" \/>\n<meta property=\"og:type\" content=\"article\" \/>\n<meta property=\"og:title\" content=\"Etiraz mitinql\u0259rini vahid q\u00fcvv\u0259 istiqam\u0259tl\u0259ndirm\u0259lidir - MEYDAN.TV\" \/>\n<meta property=\"og:description\" content=\"Vahid r\u0259hb\u0259rlik alt\u0131nda olmayan siyasi-t\u0259\u015fkilati proses m\u00fc\u0259yy\u0259n m\u0259rh\u0259l\u0259l\u0259rd\u0259n sonra daxili \u00e7\u0259ki\u015fm\u0259l\u0259r\u0259, h\u0259tta siyasi alverl\u0259r\u0259 d\u0259 yol a\u00e7\u0131r\" \/>\n<meta property=\"og:url\" content=\"https:\/\/www.meydan.tv\/az\/article\/etiraz-mitinqlerini-vahid-quvve-istiqametlendirmelidir\/\" \/>\n<meta property=\"og:site_name\" content=\"MEYDAN.TV\" \/>\n<meta property=\"article:published_time\" content=\"2016-09-14T17:15:32+00:00\" \/>\n<meta property=\"og:image\" content=\"https:\/\/www.meydan.tv\/wp-content\/uploads\/25851.jpg\" \/>\n\t<meta property=\"og:image:width\" content=\"400\" \/>\n\t<meta property=\"og:image:height\" content=\"243\" \/>\n\t<meta property=\"og:image:type\" content=\"image\/jpeg\" \/>\n<meta name=\"author\" content=\"user-manager\" \/>\n<meta name=\"twitter:card\" content=\"summary_large_image\" \/>\n<script type=\"application\/ld+json\" class=\"yoast-schema-graph\">{\"@context\":\"https:\\\/\\\/schema.org\",\"@graph\":[{\"@type\":\"Article\",\"@id\":\"https:\\\/\\\/www.meydan.tv\\\/az\\\/article\\\/etiraz-mitinqlerini-vahid-quvve-istiqametlendirmelidir\\\/#article\",\"isPartOf\":{\"@id\":\"https:\\\/\\\/www.meydan.tv\\\/az\\\/article\\\/etiraz-mitinqlerini-vahid-quvve-istiqametlendirmelidir\\\/\"},\"author\":{\"name\":\"user-manager\",\"@id\":\"https:\\\/\\\/www.meydan.tv\\\/az\\\/#\\\/schema\\\/person\\\/10d11eccf6da3662cf5fdab9806ea91a\"},\"headline\":\"Etiraz mitinql\u0259rini vahid q\u00fcvv\u0259 istiqam\u0259tl\u0259ndirm\u0259lidir\",\"datePublished\":\"2016-09-14T17:15:32+00:00\",\"mainEntityOfPage\":{\"@id\":\"https:\\\/\\\/www.meydan.tv\\\/az\\\/article\\\/etiraz-mitinqlerini-vahid-quvve-istiqametlendirmelidir\\\/\"},\"wordCount\":2869,\"publisher\":{\"@id\":\"https:\\\/\\\/www.meydan.tv\\\/az\\\/#organization\"},\"image\":{\"@id\":\"https:\\\/\\\/www.meydan.tv\\\/az\\\/article\\\/etiraz-mitinqlerini-vahid-quvve-istiqametlendirmelidir\\\/#primaryimage\"},\"thumbnailUrl\":\"https:\\\/\\\/www.meydan.tv\\\/wp-content\\\/uploads\\\/25851.jpg\",\"articleSection\":[\"Analitika\"],\"inLanguage\":\"az\"},{\"@type\":\"WebPage\",\"@id\":\"https:\\\/\\\/www.meydan.tv\\\/az\\\/article\\\/etiraz-mitinqlerini-vahid-quvve-istiqametlendirmelidir\\\/\",\"url\":\"https:\\\/\\\/www.meydan.tv\\\/az\\\/article\\\/etiraz-mitinqlerini-vahid-quvve-istiqametlendirmelidir\\\/\",\"name\":\"Etiraz mitinql\u0259rini vahid q\u00fcvv\u0259 istiqam\u0259tl\u0259ndirm\u0259lidir - MEYDAN.TV\",\"isPartOf\":{\"@id\":\"https:\\\/\\\/www.meydan.tv\\\/az\\\/#website\"},\"primaryImageOfPage\":{\"@id\":\"https:\\\/\\\/www.meydan.tv\\\/az\\\/article\\\/etiraz-mitinqlerini-vahid-quvve-istiqametlendirmelidir\\\/#primaryimage\"},\"image\":{\"@id\":\"https:\\\/\\\/www.meydan.tv\\\/az\\\/article\\\/etiraz-mitinqlerini-vahid-quvve-istiqametlendirmelidir\\\/#primaryimage\"},\"thumbnailUrl\":\"https:\\\/\\\/www.meydan.tv\\\/wp-content\\\/uploads\\\/25851.jpg\",\"datePublished\":\"2016-09-14T17:15:32+00:00\",\"breadcrumb\":{\"@id\":\"https:\\\/\\\/www.meydan.tv\\\/az\\\/article\\\/etiraz-mitinqlerini-vahid-quvve-istiqametlendirmelidir\\\/#breadcrumb\"},\"inLanguage\":\"az\",\"potentialAction\":[{\"@type\":\"ReadAction\",\"target\":[\"https:\\\/\\\/www.meydan.tv\\\/az\\\/article\\\/etiraz-mitinqlerini-vahid-quvve-istiqametlendirmelidir\\\/\"]}]},{\"@type\":\"ImageObject\",\"inLanguage\":\"az\",\"@id\":\"https:\\\/\\\/www.meydan.tv\\\/az\\\/article\\\/etiraz-mitinqlerini-vahid-quvve-istiqametlendirmelidir\\\/#primaryimage\",\"url\":\"https:\\\/\\\/www.meydan.tv\\\/wp-content\\\/uploads\\\/25851.jpg\",\"contentUrl\":\"https:\\\/\\\/www.meydan.tv\\\/wp-content\\\/uploads\\\/25851.jpg\",\"width\":400,\"height\":243,\"caption\":\"Source:\"},{\"@type\":\"BreadcrumbList\",\"@id\":\"https:\\\/\\\/www.meydan.tv\\\/az\\\/article\\\/etiraz-mitinqlerini-vahid-quvve-istiqametlendirmelidir\\\/#breadcrumb\",\"itemListElement\":[{\"@type\":\"ListItem\",\"position\":1,\"name\":\"Ana s\u0259hif\u0259\",\"item\":\"https:\\\/\\\/www.meydan.tv\\\/az\\\/\"},{\"@type\":\"ListItem\",\"position\":2,\"name\":\"Analitika\",\"item\":\"https:\\\/\\\/www.meydan.tv\\\/az\\\/section\\\/analitika\\\/\"},{\"@type\":\"ListItem\",\"position\":3,\"name\":\"Etiraz mitinql\u0259rini vahid q\u00fcvv\u0259 istiqam\u0259tl\u0259ndirm\u0259lidir\"}]},{\"@type\":\"WebSite\",\"@id\":\"https:\\\/\\\/www.meydan.tv\\\/az\\\/#website\",\"url\":\"https:\\\/\\\/www.meydan.tv\\\/az\\\/\",\"name\":\"MEYDAN.TV\",\"description\":\"Meydan TV Az\u0259rbaycan\u0131n media m\u0259kan\u0131ndak\u0131 alternativ s\u0259sidir\",\"publisher\":{\"@id\":\"https:\\\/\\\/www.meydan.tv\\\/az\\\/#organization\"},\"potentialAction\":[{\"@type\":\"SearchAction\",\"target\":{\"@type\":\"EntryPoint\",\"urlTemplate\":\"https:\\\/\\\/www.meydan.tv\\\/az\\\/?s={search_term_string}\"},\"query-input\":{\"@type\":\"PropertyValueSpecification\",\"valueRequired\":true,\"valueName\":\"search_term_string\"}}],\"inLanguage\":\"az\"},{\"@type\":\"Organization\",\"@id\":\"https:\\\/\\\/www.meydan.tv\\\/az\\\/#organization\",\"name\":\"Meydan TV\",\"url\":\"https:\\\/\\\/www.meydan.tv\\\/az\\\/\",\"logo\":{\"@type\":\"ImageObject\",\"inLanguage\":\"az\",\"@id\":\"https:\\\/\\\/www.meydan.tv\\\/az\\\/#\\\/schema\\\/logo\\\/image\\\/\",\"url\":\"https:\\\/\\\/www.meydan.tv\\\/wp-content\\\/uploads\\\/2021\\\/07\\\/meydan-logo.svg\",\"contentUrl\":\"https:\\\/\\\/www.meydan.tv\\\/wp-content\\\/uploads\\\/2021\\\/07\\\/meydan-logo.svg\",\"width\":195,\"height\":46,\"caption\":\"Meydan TV\"},\"image\":{\"@id\":\"https:\\\/\\\/www.meydan.tv\\\/az\\\/#\\\/schema\\\/logo\\\/image\\\/\"}},{\"@type\":\"Person\",\"@id\":\"https:\\\/\\\/www.meydan.tv\\\/az\\\/#\\\/schema\\\/person\\\/10d11eccf6da3662cf5fdab9806ea91a\",\"name\":\"user-manager\"}]}<\/script>\n<!-- \/ Yoast SEO plugin. -->","yoast_head_json":{"title":"Etiraz mitinql\u0259rini vahid q\u00fcvv\u0259 istiqam\u0259tl\u0259ndirm\u0259lidir - MEYDAN.TV","robots":{"index":"index","follow":"follow","max-snippet":"max-snippet:-1","max-image-preview":"max-image-preview:large","max-video-preview":"max-video-preview:-1"},"canonical":"https:\/\/www.meydan.tv\/az\/article\/etiraz-mitinqlerini-vahid-quvve-istiqametlendirmelidir\/","og_locale":"az_AZ","og_type":"article","og_title":"Etiraz mitinql\u0259rini vahid q\u00fcvv\u0259 istiqam\u0259tl\u0259ndirm\u0259lidir - MEYDAN.TV","og_description":"Vahid r\u0259hb\u0259rlik alt\u0131nda olmayan siyasi-t\u0259\u015fkilati proses m\u00fc\u0259yy\u0259n m\u0259rh\u0259l\u0259l\u0259rd\u0259n sonra daxili \u00e7\u0259ki\u015fm\u0259l\u0259r\u0259, h\u0259tta siyasi alverl\u0259r\u0259 d\u0259 yol a\u00e7\u0131r","og_url":"https:\/\/www.meydan.tv\/az\/article\/etiraz-mitinqlerini-vahid-quvve-istiqametlendirmelidir\/","og_site_name":"MEYDAN.TV","article_published_time":"2016-09-14T17:15:32+00:00","og_image":[{"width":400,"height":243,"url":"https:\/\/www.meydan.tv\/wp-content\/uploads\/25851.jpg","type":"image\/jpeg"}],"author":"user-manager","twitter_card":"summary_large_image","schema":{"@context":"https:\/\/schema.org","@graph":[{"@type":"Article","@id":"https:\/\/www.meydan.tv\/az\/article\/etiraz-mitinqlerini-vahid-quvve-istiqametlendirmelidir\/#article","isPartOf":{"@id":"https:\/\/www.meydan.tv\/az\/article\/etiraz-mitinqlerini-vahid-quvve-istiqametlendirmelidir\/"},"author":{"name":"user-manager","@id":"https:\/\/www.meydan.tv\/az\/#\/schema\/person\/10d11eccf6da3662cf5fdab9806ea91a"},"headline":"Etiraz mitinql\u0259rini vahid q\u00fcvv\u0259 istiqam\u0259tl\u0259ndirm\u0259lidir","datePublished":"2016-09-14T17:15:32+00:00","mainEntityOfPage":{"@id":"https:\/\/www.meydan.tv\/az\/article\/etiraz-mitinqlerini-vahid-quvve-istiqametlendirmelidir\/"},"wordCount":2869,"publisher":{"@id":"https:\/\/www.meydan.tv\/az\/#organization"},"image":{"@id":"https:\/\/www.meydan.tv\/az\/article\/etiraz-mitinqlerini-vahid-quvve-istiqametlendirmelidir\/#primaryimage"},"thumbnailUrl":"https:\/\/www.meydan.tv\/wp-content\/uploads\/25851.jpg","articleSection":["Analitika"],"inLanguage":"az"},{"@type":"WebPage","@id":"https:\/\/www.meydan.tv\/az\/article\/etiraz-mitinqlerini-vahid-quvve-istiqametlendirmelidir\/","url":"https:\/\/www.meydan.tv\/az\/article\/etiraz-mitinqlerini-vahid-quvve-istiqametlendirmelidir\/","name":"Etiraz mitinql\u0259rini vahid q\u00fcvv\u0259 istiqam\u0259tl\u0259ndirm\u0259lidir - MEYDAN.TV","isPartOf":{"@id":"https:\/\/www.meydan.tv\/az\/#website"},"primaryImageOfPage":{"@id":"https:\/\/www.meydan.tv\/az\/article\/etiraz-mitinqlerini-vahid-quvve-istiqametlendirmelidir\/#primaryimage"},"image":{"@id":"https:\/\/www.meydan.tv\/az\/article\/etiraz-mitinqlerini-vahid-quvve-istiqametlendirmelidir\/#primaryimage"},"thumbnailUrl":"https:\/\/www.meydan.tv\/wp-content\/uploads\/25851.jpg","datePublished":"2016-09-14T17:15:32+00:00","breadcrumb":{"@id":"https:\/\/www.meydan.tv\/az\/article\/etiraz-mitinqlerini-vahid-quvve-istiqametlendirmelidir\/#breadcrumb"},"inLanguage":"az","potentialAction":[{"@type":"ReadAction","target":["https:\/\/www.meydan.tv\/az\/article\/etiraz-mitinqlerini-vahid-quvve-istiqametlendirmelidir\/"]}]},{"@type":"ImageObject","inLanguage":"az","@id":"https:\/\/www.meydan.tv\/az\/article\/etiraz-mitinqlerini-vahid-quvve-istiqametlendirmelidir\/#primaryimage","url":"https:\/\/www.meydan.tv\/wp-content\/uploads\/25851.jpg","contentUrl":"https:\/\/www.meydan.tv\/wp-content\/uploads\/25851.jpg","width":400,"height":243,"caption":"Source:"},{"@type":"BreadcrumbList","@id":"https:\/\/www.meydan.tv\/az\/article\/etiraz-mitinqlerini-vahid-quvve-istiqametlendirmelidir\/#breadcrumb","itemListElement":[{"@type":"ListItem","position":1,"name":"Ana s\u0259hif\u0259","item":"https:\/\/www.meydan.tv\/az\/"},{"@type":"ListItem","position":2,"name":"Analitika","item":"https:\/\/www.meydan.tv\/az\/section\/analitika\/"},{"@type":"ListItem","position":3,"name":"Etiraz mitinql\u0259rini vahid q\u00fcvv\u0259 istiqam\u0259tl\u0259ndirm\u0259lidir"}]},{"@type":"WebSite","@id":"https:\/\/www.meydan.tv\/az\/#website","url":"https:\/\/www.meydan.tv\/az\/","name":"MEYDAN.TV","description":"Meydan TV Az\u0259rbaycan\u0131n media m\u0259kan\u0131ndak\u0131 alternativ s\u0259sidir","publisher":{"@id":"https:\/\/www.meydan.tv\/az\/#organization"},"potentialAction":[{"@type":"SearchAction","target":{"@type":"EntryPoint","urlTemplate":"https:\/\/www.meydan.tv\/az\/?s={search_term_string}"},"query-input":{"@type":"PropertyValueSpecification","valueRequired":true,"valueName":"search_term_string"}}],"inLanguage":"az"},{"@type":"Organization","@id":"https:\/\/www.meydan.tv\/az\/#organization","name":"Meydan TV","url":"https:\/\/www.meydan.tv\/az\/","logo":{"@type":"ImageObject","inLanguage":"az","@id":"https:\/\/www.meydan.tv\/az\/#\/schema\/logo\/image\/","url":"https:\/\/www.meydan.tv\/wp-content\/uploads\/2021\/07\/meydan-logo.svg","contentUrl":"https:\/\/www.meydan.tv\/wp-content\/uploads\/2021\/07\/meydan-logo.svg","width":195,"height":46,"caption":"Meydan TV"},"image":{"@id":"https:\/\/www.meydan.tv\/az\/#\/schema\/logo\/image\/"}},{"@type":"Person","@id":"https:\/\/www.meydan.tv\/az\/#\/schema\/person\/10d11eccf6da3662cf5fdab9806ea91a","name":"user-manager"}]}},"_links":{"self":[{"href":"https:\/\/www.meydan.tv\/az\/wp-json\/wp\/v2\/posts\/178860","targetHints":{"allow":["GET"]}}],"collection":[{"href":"https:\/\/www.meydan.tv\/az\/wp-json\/wp\/v2\/posts"}],"about":[{"href":"https:\/\/www.meydan.tv\/az\/wp-json\/wp\/v2\/types\/post"}],"author":[{"embeddable":true,"href":"https:\/\/www.meydan.tv\/az\/wp-json\/wp\/v2\/users\/11"}],"replies":[{"embeddable":true,"href":"https:\/\/www.meydan.tv\/az\/wp-json\/wp\/v2\/comments?post=178860"}],"version-history":[{"count":0,"href":"https:\/\/www.meydan.tv\/az\/wp-json\/wp\/v2\/posts\/178860\/revisions"}],"wp:featuredmedia":[{"embeddable":true,"href":"https:\/\/www.meydan.tv\/az\/wp-json\/wp\/v2\/media\/67652"}],"wp:attachment":[{"href":"https:\/\/www.meydan.tv\/az\/wp-json\/wp\/v2\/media?parent=178860"}],"wp:term":[{"taxonomy":"category","embeddable":true,"href":"https:\/\/www.meydan.tv\/az\/wp-json\/wp\/v2\/categories?post=178860"},{"taxonomy":"post_tag","embeddable":true,"href":"https:\/\/www.meydan.tv\/az\/wp-json\/wp\/v2\/tags?post=178860"}],"curies":[{"name":"wp","href":"https:\/\/api.w.org\/{rel}","templated":true}]}}