{"id":178848,"date":"2016-09-14T13:10:02","date_gmt":"2016-09-14T13:10:02","guid":{"rendered":"https:\/\/www.meydan.tv\/article\/ne-ucun-israil\/"},"modified":"2016-09-14T13:10:02","modified_gmt":"2016-09-14T13:10:02","slug":"ne-ucun-israil","status":"publish","type":"post","link":"https:\/\/www.meydan.tv\/az\/article\/ne-ucun-israil\/","title":{"rendered":"N\u0259 \u00fc\u00e7\u00fcn \u0130srail?"},"content":{"rendered":"<figure class=\"wp-block-image size-large\">\n  <img decoding=\"async\" src=\"https:\/\/www.meydan.tv\/az\/zerdust-elizade-10\/\" alt=\"Z\u0259rd\u00fc\u015ft \u018flizad\u0259\" class=\"wp-image-65223\"\/><figcaption>\n    Z\u0259rd\u00fc\u015ft \u018flizad\u0259<br \/>\n  <\/figcaption><\/figure>\n<figure class=\"wp-block-image size-large\">\n  <img decoding=\"async\" src=\"https:\/\/www.meydan.tv\/az\/cingiz-huseynov-foto-courtesy\/\" alt=\"\u00c7ingiz H\u00fcseynov, foto: courtesy\" class=\"wp-image-67619\"\/><figcaption>\n    \u00c7ingiz H\u00fcseynov, foto: courtesy<br \/>\n  <\/figcaption><\/figure>\n<p>\n  \u00c7ingiz H\u00fcseynov Az\u0259rbaycanda ya\u015fasayd\u0131, b\u0259lk\u0259 d\u0259 ya\u015famazd\u0131\n<\/p>\n<p>\n  B\u00f6y\u00fck \u0259dibimiz \u00c7ingiz H\u00fcseynov 2014-c\u00fc ild\u0259n \u0130sraild\u0259 ya\u015fay\u0131r. Burada t\u0259\u0259cc\u00fcbl\u00fc he\u00e7 n\u0259 yoxdur: m\u00fcasir d\u00fcnyada h\u0259r bir insan b\u0259y\u0259ndiyi yerd\u0259 ya\u015faya bil\u0259r. \u0130srail g\u00f6z\u0259l \u00f6lk\u0259dir, q\u0259dim tarixi var, orada sabiq sovet v\u0259t\u0259nda\u015flar\u0131n\u0131n b\u00f6y\u00fck icmas\u0131 yerl\u0259\u015fir. Q\u00fcdsd\u0259ki m\u00fchit \u00f6mr\u00fcn\u00fcn \u0259ks\u0259r hiss\u0259sini SSR\u0130-d\u0259 ya\u015fam\u0131\u015f \u00c7ingiz m\u00fc\u0259llim\u0259 \u00f6z\u00fcn\u00fc q\u0259rib hiss etm\u0259y\u0259 imkan vermir. M\u0259n bel\u0259 duyuram ki, \u0259dibimiz\u0259 \u0130sraild\u0259 ya\u015famaq xo\u015fdur. T\u0259ki bel\u0259 olsun, \u00c7ingiz H\u00fcseynov m\u00fcasir Az\u0259rbaycan \u0259d\u0259biyyat\u0131n\u0131n \u0259n tan\u0131nm\u0131\u015f v\u0259 f\u0259xr edil\u0259si simas\u0131d\u0131r.\n<\/p>\n<p>\n  Bununla bel\u0259, \u0259dibin diqq\u0259tli oxucusu v\u0259 v\u0259t\u0259nimizi abad g\u00f6rm\u0259k ist\u0259y\u0259n bir v\u0259t\u0259nda\u015f kimi m\u0259n \u00f6z\u00fcmd\u0259n el\u0259-hey soru\u015furam: n\u0259 \u00fc\u00e7\u00fcn \u0130srail? Mill\u0259tin f\u0259xri say\u0131las\u0131 \u0259dib n\u0259 \u00fc\u00e7\u00fcn \u00f6mr\u00fcn\u00fcn ah\u0131l \u00e7a\u011f\u0131n\u0131 do\u011fma v\u0259t\u0259nd\u0259 deyil, uzaq \u0130sraild\u0259 ke\u00e7irm\u0259y\u0259 \u00fcst\u00fcnl\u00fck verib? N\u0259 \u00fc\u00e7\u00fcn m\u0259n g\u0259r\u0259kli m\u0259sl\u0259h\u0259t\u0259 ehtiyac duyduqda xat\u0131rlamal\u0131yam ki, m\u00fcdrik a\u011fsaqqal\u0131m\u0131z uzaq \u0130sraild\u0259 ya\u015fay\u0131r?\n<\/p>\n<p>\n  Sual ritorikdir. Arif adam dey\u0259 bil\u0259r ki, oksigen il\u0259 n\u0259f\u0259s alma\u011fa \u00f6yr\u0259nmi\u015f insan \u00fc\u00e7\u00fcn atmosferind\u0259 totalitarizmin karbon qaz\u0131 \u00fcst\u00fcnl\u00fck t\u0259\u015fkil ed\u0259n Az\u0259rbaycanda ya\u015famaq m\u00fcmk\u00fcns\u00fczd\u00fcr. Arif adam dey\u0259r ki, bax\u0131n Az\u0259rbaycan\u0131n d\u00fcnyada tan\u0131nm\u0131\u015f insanlar\u0131n\u0131n taleyin\u0259, bax\u0131n h\u00f6kum\u0259tin qocaman yazar\u0131m\u0131z \u018fkr\u0259m \u018fylisliy\u0259 qar\u015f\u0131 t\u0259\u015fkil etdiyi q\u0259bih h\u00fccumlara, bax\u0131n tan\u0131nm\u0131\u015f yaz\u0131\u00e7\u0131 v\u0259 kino xadimi R\u00fcst\u0259m \u0130brahimb\u0259yova qar\u015f\u0131 hakimiyy\u0259tin t\u0259\u015fkil etdiyi quduz h\u0259ml\u0259l\u0259r\u0259, bax\u0131n ist\u0259nil\u0259n azad v\u0259 m\u0259\u011frur az\u0259rbaycanl\u0131n\u0131n \u00f6lk\u0259mizd\u0259ki ac\u0131 taleyin\u0259 v\u0259 anlay\u0131n ki, \u00c7ingiz m\u00fc\u0259llimin se\u00e7imi tam yerlidir v\u0259 m\u00fcdrikdir. \u00d6mr\u00fcn\u00fcn ah\u0131l \u00e7a\u011f\u0131nda g\u0259lib bizim Milli M\u0259clisd\u0259 oturanlar\u0131n \u0259tt\u00f6k\u0259n ittihamlar\u0131na qulaq asmaqdan daha a\u011f\u0131r \u0259zab ola bil\u0259rmi? \u00c7ingiz m\u00fc\u0259llim mazoxist deyil v\u0259 bu insanlar\u0131n h\u0259d\u0259fi olmaq niyy\u0259tind\u0259n uzaqd\u0131r. Odur ki, Moskvadan k\u00f6\u00e7m\u0259k q\u0259rar\u0131na g\u0259l\u0259nd\u0259 tam t\u0259bii olaraq \u0130sraili se\u00e7ib. Orada rus dilind\u0259 dan\u0131\u015fan m\u0259d\u0259ni insanlar\u0131n say\u0131 Moskvadak\u0131ndan xeyli \u00e7oxdur.\n<\/p>\n<p>\n  H\u0259m d\u0259 ax\u0131 milli \u0259n\u0259n\u0259 deyil\u0259n \u015fey var. H\u0259min \u0259n\u0259n\u0259 ki, milli televiziyam\u0131z onun t\u0259\u015fviqin\u0259 \u015fir pay\u0131 ay\u0131r\u0131r. H\u0259min \u0259n\u0259n\u0259 ki, onu s\u0259h\u0259rd\u0259n ax\u015fama kimi ad\u0131 X\u0131rdalandan uza\u011fa getm\u0259mi\u015f professorlar\u0131m\u0131z, toy man\u0131slar\u0131m\u0131z v\u0259 y\u00fcks\u0259k v\u0259zif\u0259 e\u015fqinin amans\u0131z alovunda yan\u0131b-qovrulan g\u0259nc f\u0259allar\u0131m\u0131z t\u0259rifl\u0259yib, avam teletama\u015fa\u00e7\u0131 k\u00fctl\u0259nin beynin\u0259 10 santimetrlik m\u0131x kimi \u00e7al\u0131rlar. Bu milli \u0259n\u0259n\u0259y\u0259 g\u00f6r\u0259 c\u0259mi m\u00fcs\u0259lmanlar\u0131 elm\u0259 v\u0259 m\u0259rif\u0259t\u0259 s\u0259sl\u0259y\u0259n Mirz\u0259 F\u0259t\u0259li Axundzad\u0259 d\u00fcnyadan yalq\u0131z v\u0259 munissiz k\u00f6\u00e7m\u0259liydi, H\u0259s\u0259n b\u0259y Z\u0259rdabi biyabanda \u0259b\u0259s \u00e7\u0131\u011f\u0131ran s\u0259rs\u0259m kimi q\u0259bul edilm\u0259liydi, k\u00fctl\u0259 Seyid \u018fzimi, Mirz\u0259 \u018fl\u0259kb\u0259ri bab\u0131 v\u0259 mill\u0259t\u0259 yad saymal\u0131 idi. Bu \u0259n\u0259n\u0259y\u0259 g\u00f6r\u0259 Mirz\u0259 C\u0259lil soyda\u015flar\u0131na \u0259l verm\u0259kd\u0259n \u00e7im\u00e7\u0259\u015fm\u0259li, \u00f6mr\u00fcn\u00fcn sonunda cahill\u0259rin moiz\u0259l\u0259rini acizan\u0259 s\u0259brl\u0259 dinl\u0259m\u0259li idi. Bu \u0259n\u0259n\u0259y\u0259 g\u00f6r\u0259 \u00dczeyir b\u0259yin Mir Q\u0259z\u0259bin ac\u0131 s\u00f6zl\u0259rini e\u015fid\u0259nd\u0259n sonra ba\u011fr\u0131 \u00e7atlamal\u0131 idi. M\u0259hz bu milli \u0259n\u0259n\u0259nin t\u0259m\u0259lind\u0259 Az\u0259rbaycan \u00f6z milli h\u0259r\u0259kat\u0131n\u0131 apar\u0131b v\u0259 m\u0259ntiqi n\u0259tic\u0259d\u0259 \u00f6z\u00fcn\u0259 layiq milli d\u00f6vl\u0259tini qurub.\n<\/p>\n<p>\n  Bu d\u00f6vl\u0259t h\u0259min bu milli \u0259n\u0259n\u0259 il\u0259 s\u0131x \u00e7ul\u011fala\u015f\u0131b, biri o birind\u0259n t\u00f6r\u0259yib v\u0259 ayr\u0131lmaz v\u0259hd\u0259t yarad\u0131blar.\n<\/p>\n<p>\n  \u00c7ingiz H\u00fcseynov \u00f6mr\u00fc boyu ac\u0131 bir t\u0259zad\u0131n i\u00e7ind\u0259 \u00fczg\u00fcn ya\u015fay\u0131b v\u0259 yarad\u0131b. T\u0259zad\u0131n bir cinah\u0131 onun xalqa sevgisi v\u0259 ona xo\u015f g\u0259l\u0259c\u0259k arzulamas\u0131 olub. M\u0259hz bu cinah\u0131n t\u0259sirind\u0259n \u00c7ingiz H\u00fcseynov 1975-ci ild\u0259 sovet Az\u0259rbaycan\u0131n\u0131n ger\u00e7\u0259k c\u0259miyy\u0259tinin yaramazl\u0131qlar\u0131n\u0131 &#8220;Maqomed, Mamed, M\u0259mi\u015f&#8221; roman\u0131nda t\u0259svir edib. Bu roman Az\u0259rbaycan\u0131 f\u0259lak\u0259t\u0259 v\u0259 t\u0259n\u0259zz\u00fcl\u0259 s\u00fcr\u00fckl\u0259y\u0259n hakim mafioz partnomenklaturada q\u0259z\u0259b f\u0131rt\u0131nas\u0131 oyadandan sonra h\u0259min bu c\u0259miyy\u0259ti \u00e7\u00fcr\u00fcd\u0259n v\u0259 \u0259z\u0259n bir hakim ail\u0259nin h\u00f6kmranl\u0131\u011f\u0131n\u0131 1986-c\u0131 ild\u0259 &#8220;Ail\u0259 sirl\u0259ri&#8221; roman\u0131nda t\u0259svir edib. \u00c7ingiz m\u00fc\u0259llim eyni zamanda t\u0259zad\u0131n dig\u0259r cinah\u0131n\u0131n t\u0259sirini d\u0259 duyub. Bu t\u0259sir avam k\u00fctl\u0259nin azadl\u0131\u011fa yadl\u0131\u011f\u0131, yeniliy\u0259 d\u00fc\u015fm\u0259n\u00e7iliyi, \u015f\u0259r\u0259f v\u0259 l\u0259yaq\u0259t bar\u0259d\u0259 \u0259n ibtidai t\u0259s\u0259vv\u00fcr\u0259 bel\u0259 malik olmamas\u0131 idi. Az\u0259rbaycan\u0131n v\u0259 b\u00fct\u00fcn m\u00fcs\u0259lman d\u00fcnyas\u0131n\u0131n bu faci\u0259vi t\u0259zad\u0131n\u0131 \u0259dibimiz &#8220;F\u0259t\u0259li f\u0259thi&#8221; roman\u0131nda tam z\u0259nginliyi il\u0259 yarad\u0131b.\n<\/p>\n<p>\n  &#8220;F\u0259t\u0259li f\u0259thi&#8221; faci\u0259dir. Fikrin p\u0259rvazlan\u0131b u\u00e7mas\u0131ndan ruhlanan, azad fikrin insan q\u0259lbini f\u0259th etm\u0259sini z\u0259f\u0259r simfoniyas\u0131 sanan \u015f\u0259xs bu romanda h\u0259m d\u0259 azad fikrin cahil m\u00fchitd\u0259 lab\u00fcd qar\u015f\u0131la\u015fd\u0131\u011f\u0131 qanmazl\u0131q v\u0259 d\u00fc\u015fm\u0259n\u00e7ilikd\u0259n do\u011fan \u00fcmidsizlik v\u0259 b\u0259dbinliyi d\u0259 duymal\u0131d\u0131r.\n<\/p>\n<p>\n  C\u00fcr\u0259t edib roman\u0131n &#8220;\u00c7\u0259rxi-f\u0259l\u0259k&#8221; f\u0259slind\u0259n birc\u0259 ki\u00e7ik abzas\u0131 oxucuya xat\u0131rlatmaq ist\u0259rdim:\n<\/p>\n<p>\n  &#8220;B\u0259li, ilk n\u00f6vb\u0259d\u0259, \u00f6lk\u0259ni murdar \u0259m\u0259lli zad\u0259ganlardan t\u0259mizl\u0259m\u0259k; ad-san qazanm\u0131\u015f ba\u015fs\u0131zlardan, m\u00fcft\u0259xorlardan, r\u00fc\u015fv\u0259txorlardan! Xalqdan uzaqla\u015fm\u0131\u015f m\u0259murlar\u0131 i\u015fd\u0259n qovmaq! T\u0259xti-tacdan z\u0259li kimi yap\u0131\u015f\u0131b mill\u0259tin qan\u0131n\u0131 soran bo\u015fbo\u011fazlar\u0131, adamlar\u0131n beyinl\u0259rini k\u00fctl\u0259\u015fdir\u0259n, ita\u0259tkarl\u0131q hissl\u0259rini, qul duy\u011fular\u0131n\u0131 m\u00f6hk\u0259ml\u0259ndir\u0259n din xadiml\u0259rini \u2013 ham\u0131s\u0131n\u0131 r\u0259dd el\u0259yib qovmaq! Yalan satanlar\u0131, iki\u00fczl\u00fcl\u0259ri, s\u00f6zd\u0259 bir, i\u015fd\u0259 ba\u015fqa c\u00fcr olanlar\u0131 \u2013 ham\u0131s\u0131n\u0131 a\u015fkara \u00e7\u0131xar\u0131b (?!) if\u015fa el\u0259m\u0259k!&#8230;&#8221;\n<\/p>\n<p>\n  Bu abzas\u0131 oldu\u011fu kimi, m\u00f6t\u0259riz\u0259-d\u0131rnaqs\u0131z, ist\u0259nil\u0259n siyasi partiyan\u0131n m\u0259ramnam\u0259sin\u0259 salsan, h\u0259min partiyan\u0131n qat\u0131 m\u00fcxalif\u0259t\u00e7i kimi \u018fdliyy\u0259 Nazirliyind\u0259 qeydiyyatdan ke\u00e7m\u0259m\u0259si y\u00fcz faiz t\u0259min olunacaqd\u0131r! Y\u0259ni Yusif S\u0259rrac\u0131n arzular\u0131 \u015eah Abbas S\u0259f\u0259vinin \u00fcsul-idar\u0259sini b\u0259rpa etmi\u015f indiki hakimiyy\u0259t v\u0259 c\u0259miyy\u0259timiz \u00fc\u00e7\u00fcn \u0259sla q\u0259bul edilm\u0259zdir!\n<\/p>\n<p>\n  \u00c7ingiz H\u00fcseynov indi \u0130sraild\u0259 n\u0259cib bir i\u015fl\u0259 m\u0259\u015f\u011fuldur. Bel\u0259 n\u0259cib v\u0259 n\u0259h\u0259ng v\u0259zif\u0259ni qar\u015f\u0131s\u0131na yaln\u0131z \u00c7ingiz m\u00fc\u0259llim kimi saf v\u0259 savadl\u0131 insan qoya bil\u0259r. O, \u0130brahim pey\u011f\u0259mb\u0259rd\u0259n t\u00f6r\u0259mi\u015f \u00fc\u00e7 d\u00fcnya dininin ba\u011fl\u0131l\u0131\u011f\u0131n\u0131 v\u0259 ard\u0131c\u0131ll\u0131\u011f\u0131n\u0131 qabard\u0131b m\u00fcasir insanlara \u00e7atd\u0131rmaq ist\u0259yir. O, israr edir ki, \u0130sa Musan\u0131, M\u0259h\u0259mm\u0259d \u0130sa v\u0259 Musan\u0131 inkar etm\u0259mi\u015fl\u0259r, \u0259slind\u0259 sevib y\u00fcks\u0259ltmi\u015fl\u0259r. Bunun \u00fc\u00e7\u00fcn \u0130sraild\u0259 &#8220;Trialoq&#8221; adlanan g\u00f6r\u00fc\u015f-seminarlar ke\u00e7irir, onun videoyaz\u0131s\u0131n\u0131 \u0130nternet\u0259 qoyur. Bel\u0259 \u00fc\u00e7t\u0259r\u0259fli m\u00fckalim\u0259 terrorizm\u0259 qar\u015f\u0131 m\u00fcbariz\u0259d\u0259 n\u0259z\u0259ri olaraq \u00f6z t\u0259sirin\u0259 g\u00f6r\u0259 min q\u0131r\u0131c\u0131 t\u0259yyar\u0259d\u0259n v\u0259 bombadan daha g\u00fccl\u00fcd\u00fcr. Di g\u0259l ki, b\u0259\u015f\u0259riyy\u0259t bunu anlam\u0131r. \u00c7ingiz m\u00fc\u0259llim onun bu t\u0259\u015f\u0259bb\u00fcs\u00fcn\u00fcn Az\u0259rbaycanda da laqeyd qar\u015f\u0131land\u0131\u011f\u0131ndan ac\u0131-ac\u0131 t\u0259\u0259ss\u00fcfl\u0259nir. M\u0259n is\u0259 bu t\u0259\u0259ss\u00fcf\u00fcn s\u0259b\u0259bini anlam\u0131ram, zira Az\u0259rbaycanda Makiavellinin v\u0259 \u015eah Abbas\u0131n d\u0259y\u0259rl\u0259ri il\u0259 ya\u015fayan bir toplum zind\u0259ganl\u0131q edir.\n<\/p>\n<p>\n  \u00c7ingiz H\u00fcseynovun ba\u015fqa bir inqilabi t\u0259\u015f\u0259bb\u00fcs\u00fcn\u00fc bizim c\u0259miyy\u0259t n\u0259inki anlamad\u0131, he\u00e7 bilm\u0259di d\u0259: \u0259dib 2002-ci ild\u0259 &#8220;Quran: sur\u0259l\u0259r R\u0259sula nazil edildikl\u0259ri s\u0131ra d\u00fcz\u00fcm\u00fc il\u0259&#8221; ba\u015fl\u0131ql\u0131 bir kitab n\u0259\u015fr etdi. \u018fdib deyir ki, tam f\u0259rqli bir kitab al\u0131nd\u0131: m\u0259tn h\u0259min m\u0259tndir, bir h\u0259rf bel\u0259 d\u0259yi\u015fm\u0259yib, lakin kitab\u0131n ruhu d\u0259yi\u015fib, h\u0259d\u0259l\u0259yici deyil, m\u0259h\u0259bb\u0259t v\u0259 n\u0259sih\u0259t sa\u00e7\u0131r. Lakin Az\u0259rbaycan n\u0259 bu kitab\u0131, n\u0259 d\u0259 \u00c7ingiz H\u00fcseynovun dig\u0259r kitablar\u0131n\u0131 oxudu, anlad\u0131. Az\u0259rbaycan\u0131n ilahiyyat\u00e7\u0131lar\u0131 da \u00f6zl\u0259rind\u0259 c\u00fcr\u0259t tap\u0131b bu m\u0259tn \u0259traf\u0131nda m\u00fczakir\u0259 a\u00e7mad\u0131lar.\n<\/p>\n<p>\n  \u00c7ingiz m\u00fc\u0259llim SSR\u0130-ni da\u011f\u0131tm\u0131\u015f milli-\u0259razi m\u00fcnaqi\u015f\u0259l\u0259ri bar\u0259d\u0259 d\u0259 kitab yaz\u0131b, g\u00f6st\u0259rib ki, bu m\u00fcnaqi\u015f\u0259l\u0259rin mahiyy\u0259ti hakimiyy\u0259t v\u0259 s\u0259rv\u0259t u\u011frunda m\u00fcbariz\u0259dir. Yen\u0259 s\u0259hrada t\u0259nha insan\u0131n \u00e7a\u011f\u0131r\u0131\u015f\u0131 cavabs\u0131z qal\u0131b. Daha d\u00f6\u011frusu, r\u0259smi dair\u0259l\u0259rin laqeydliyi v\u0259 d\u00fc\u015fm\u0259n\u00e7iliyi onun fikirl\u0259rinin yay\u0131lmas\u0131n\u0131n qar\u015f\u0131s\u0131n\u0131 al\u0131b.\n<\/p>\n<p>\n  \u00c7ingiz m\u00fc\u0259llim yorulmadan \u00e7al\u0131\u015f\u0131r, yaz\u0131r, \u00e7a\u011f\u0131r\u0131r. H\u0259qiqi ziyal\u0131n\u0131n qism\u0259ti, g\u00f6r\u00fcn\u00fcnr, el\u0259 budur. Onun haqq\u0131nda kitab da yaz\u0131l\u0131b, lakin ad\u0131 &#8220;\u00c7ingiz f\u0259thi&#8221; deyil. Yelena Tverdislova \u00f6z &#8220;\u0259d\u0259biyyat\u015f\u00fcnasl\u0131q roman\u0131&#8221;n\u0131n ad\u0131n\u0131 &#8220;\u00d6zg\u0259 sirri: yaz\u0131\u00e7\u0131 v\u0259 az\u0259rbaycanl\u0131 \u00c7ingiz H\u00fcseynov&#8221;(1996) qoyub.\n<\/p>\n<p>\n  Uzaq \u0130sraild\u0259 d\u0259 \u0259dibimiz v\u0259t\u0259nini d\u00fc\u015f\u00fcn\u00fcr, ondan yaz\u0131r,mill\u0259t\u0259 s\u0259sl\u0259nir. Lakin heyhat&#8230; camaat\u0131n fikri-zikri &#8220;dolan\u0131\u015f\u0131q&#8221;d\u0131r.\n<\/p>\n<p>\n  El\u0259 yax\u015f\u0131 ki, \u00c7ingiz m\u00fc\u0259llim \u0130sraild\u0259 ya\u015fay\u0131r. Az\u0259rbaycanda ya\u015fasayd\u0131, b\u0259lk\u0259 d\u0259 ya\u015famazd\u0131. Allah ona cansa\u011fl\u0131\u011f\u0131 versin.<\/p>\n","protected":false},"excerpt":{"rendered":"<p>\u00c7ingiz H\u00fcseynov Az\u0259rbaycanda ya\u015fasayd\u0131, b\u0259lk\u0259 d\u0259 ya\u015famazd\u0131<\/p>\n","protected":false},"author":11,"featured_media":65223,"comment_status":"closed","ping_status":"open","sticky":false,"template":"","format":"standard","meta":{"_acf_changed":false,"_sitemap_exclude":false,"_sitemap_priority":"","_sitemap_frequency":"","footnotes":""},"categories":[57],"tags":[],"class_list":["post-178848","post","type-post","status-publish","format-standard","has-post-thumbnail","hentry","category-menim-fikrimce","infinite-scroll-item","generate-columns","tablet-grid-50","mobile-grid-100","grid-parent","grid-33","no-featured-image-padding"],"acf":[],"yoast_head":"<!-- This site is optimized with the Yoast SEO plugin v27.5 - https:\/\/yoast.com\/product\/yoast-seo-wordpress\/ -->\n<title>N\u0259 \u00fc\u00e7\u00fcn \u0130srail? - MEYDAN.TV<\/title>\n<meta name=\"robots\" content=\"index, follow, max-snippet:-1, max-image-preview:large, max-video-preview:-1\" \/>\n<link rel=\"canonical\" href=\"https:\/\/www.meydan.tv\/az\/article\/ne-ucun-israil\/\" \/>\n<meta property=\"og:locale\" content=\"az_AZ\" \/>\n<meta property=\"og:type\" content=\"article\" \/>\n<meta property=\"og:title\" content=\"N\u0259 \u00fc\u00e7\u00fcn \u0130srail? - MEYDAN.TV\" \/>\n<meta property=\"og:description\" content=\"\u00c7ingiz H\u00fcseynov Az\u0259rbaycanda ya\u015fasayd\u0131, b\u0259lk\u0259 d\u0259 ya\u015famazd\u0131\" \/>\n<meta property=\"og:url\" content=\"https:\/\/www.meydan.tv\/az\/article\/ne-ucun-israil\/\" \/>\n<meta property=\"og:site_name\" content=\"MEYDAN.TV\" \/>\n<meta property=\"article:published_time\" content=\"2016-09-14T13:10:02+00:00\" \/>\n<meta property=\"og:image\" content=\"https:\/\/www.meydan.tv\/wp-content\/uploads\/24887.jpg\" \/>\n\t<meta property=\"og:image:width\" content=\"500\" \/>\n\t<meta property=\"og:image:height\" content=\"500\" \/>\n\t<meta property=\"og:image:type\" content=\"image\/jpeg\" \/>\n<meta name=\"author\" content=\"user-manager\" \/>\n<meta name=\"twitter:card\" content=\"summary_large_image\" \/>\n<script type=\"application\/ld+json\" class=\"yoast-schema-graph\">{\"@context\":\"https:\\\/\\\/schema.org\",\"@graph\":[{\"@type\":\"Article\",\"@id\":\"https:\\\/\\\/www.meydan.tv\\\/az\\\/article\\\/ne-ucun-israil\\\/#article\",\"isPartOf\":{\"@id\":\"https:\\\/\\\/www.meydan.tv\\\/az\\\/article\\\/ne-ucun-israil\\\/\"},\"author\":{\"name\":\"user-manager\",\"@id\":\"https:\\\/\\\/www.meydan.tv\\\/az\\\/#\\\/schema\\\/person\\\/10d11eccf6da3662cf5fdab9806ea91a\"},\"headline\":\"N\u0259 \u00fc\u00e7\u00fcn \u0130srail?\",\"datePublished\":\"2016-09-14T13:10:02+00:00\",\"mainEntityOfPage\":{\"@id\":\"https:\\\/\\\/www.meydan.tv\\\/az\\\/article\\\/ne-ucun-israil\\\/\"},\"wordCount\":1764,\"publisher\":{\"@id\":\"https:\\\/\\\/www.meydan.tv\\\/az\\\/#organization\"},\"image\":{\"@id\":\"https:\\\/\\\/www.meydan.tv\\\/az\\\/article\\\/ne-ucun-israil\\\/#primaryimage\"},\"thumbnailUrl\":\"https:\\\/\\\/www.meydan.tv\\\/wp-content\\\/uploads\\\/24887.jpg\",\"articleSection\":[\"M\u0259nim Fikrimc\u0259\"],\"inLanguage\":\"az\"},{\"@type\":\"WebPage\",\"@id\":\"https:\\\/\\\/www.meydan.tv\\\/az\\\/article\\\/ne-ucun-israil\\\/\",\"url\":\"https:\\\/\\\/www.meydan.tv\\\/az\\\/article\\\/ne-ucun-israil\\\/\",\"name\":\"N\u0259 \u00fc\u00e7\u00fcn \u0130srail? - MEYDAN.TV\",\"isPartOf\":{\"@id\":\"https:\\\/\\\/www.meydan.tv\\\/az\\\/#website\"},\"primaryImageOfPage\":{\"@id\":\"https:\\\/\\\/www.meydan.tv\\\/az\\\/article\\\/ne-ucun-israil\\\/#primaryimage\"},\"image\":{\"@id\":\"https:\\\/\\\/www.meydan.tv\\\/az\\\/article\\\/ne-ucun-israil\\\/#primaryimage\"},\"thumbnailUrl\":\"https:\\\/\\\/www.meydan.tv\\\/wp-content\\\/uploads\\\/24887.jpg\",\"datePublished\":\"2016-09-14T13:10:02+00:00\",\"breadcrumb\":{\"@id\":\"https:\\\/\\\/www.meydan.tv\\\/az\\\/article\\\/ne-ucun-israil\\\/#breadcrumb\"},\"inLanguage\":\"az\",\"potentialAction\":[{\"@type\":\"ReadAction\",\"target\":[\"https:\\\/\\\/www.meydan.tv\\\/az\\\/article\\\/ne-ucun-israil\\\/\"]}]},{\"@type\":\"ImageObject\",\"inLanguage\":\"az\",\"@id\":\"https:\\\/\\\/www.meydan.tv\\\/az\\\/article\\\/ne-ucun-israil\\\/#primaryimage\",\"url\":\"https:\\\/\\\/www.meydan.tv\\\/wp-content\\\/uploads\\\/24887.jpg\",\"contentUrl\":\"https:\\\/\\\/www.meydan.tv\\\/wp-content\\\/uploads\\\/24887.jpg\",\"width\":500,\"height\":500,\"caption\":\"Source:\"},{\"@type\":\"BreadcrumbList\",\"@id\":\"https:\\\/\\\/www.meydan.tv\\\/az\\\/article\\\/ne-ucun-israil\\\/#breadcrumb\",\"itemListElement\":[{\"@type\":\"ListItem\",\"position\":1,\"name\":\"Ana s\u0259hif\u0259\",\"item\":\"https:\\\/\\\/www.meydan.tv\\\/az\\\/\"},{\"@type\":\"ListItem\",\"position\":2,\"name\":\"M\u0259nim Fikrimc\u0259\",\"item\":\"https:\\\/\\\/www.meydan.tv\\\/az\\\/section\\\/menim-fikrimce\\\/\"},{\"@type\":\"ListItem\",\"position\":3,\"name\":\"N\u0259 \u00fc\u00e7\u00fcn \u0130srail?\"}]},{\"@type\":\"WebSite\",\"@id\":\"https:\\\/\\\/www.meydan.tv\\\/az\\\/#website\",\"url\":\"https:\\\/\\\/www.meydan.tv\\\/az\\\/\",\"name\":\"MEYDAN.TV\",\"description\":\"Meydan TV Az\u0259rbaycan\u0131n media m\u0259kan\u0131ndak\u0131 alternativ s\u0259sidir\",\"publisher\":{\"@id\":\"https:\\\/\\\/www.meydan.tv\\\/az\\\/#organization\"},\"potentialAction\":[{\"@type\":\"SearchAction\",\"target\":{\"@type\":\"EntryPoint\",\"urlTemplate\":\"https:\\\/\\\/www.meydan.tv\\\/az\\\/?s={search_term_string}\"},\"query-input\":{\"@type\":\"PropertyValueSpecification\",\"valueRequired\":true,\"valueName\":\"search_term_string\"}}],\"inLanguage\":\"az\"},{\"@type\":\"Organization\",\"@id\":\"https:\\\/\\\/www.meydan.tv\\\/az\\\/#organization\",\"name\":\"Meydan TV\",\"url\":\"https:\\\/\\\/www.meydan.tv\\\/az\\\/\",\"logo\":{\"@type\":\"ImageObject\",\"inLanguage\":\"az\",\"@id\":\"https:\\\/\\\/www.meydan.tv\\\/az\\\/#\\\/schema\\\/logo\\\/image\\\/\",\"url\":\"https:\\\/\\\/www.meydan.tv\\\/wp-content\\\/uploads\\\/2021\\\/07\\\/meydan-logo.svg\",\"contentUrl\":\"https:\\\/\\\/www.meydan.tv\\\/wp-content\\\/uploads\\\/2021\\\/07\\\/meydan-logo.svg\",\"width\":195,\"height\":46,\"caption\":\"Meydan TV\"},\"image\":{\"@id\":\"https:\\\/\\\/www.meydan.tv\\\/az\\\/#\\\/schema\\\/logo\\\/image\\\/\"}},{\"@type\":\"Person\",\"@id\":\"https:\\\/\\\/www.meydan.tv\\\/az\\\/#\\\/schema\\\/person\\\/10d11eccf6da3662cf5fdab9806ea91a\",\"name\":\"user-manager\"}]}<\/script>\n<!-- \/ Yoast SEO plugin. -->","yoast_head_json":{"title":"N\u0259 \u00fc\u00e7\u00fcn \u0130srail? - MEYDAN.TV","robots":{"index":"index","follow":"follow","max-snippet":"max-snippet:-1","max-image-preview":"max-image-preview:large","max-video-preview":"max-video-preview:-1"},"canonical":"https:\/\/www.meydan.tv\/az\/article\/ne-ucun-israil\/","og_locale":"az_AZ","og_type":"article","og_title":"N\u0259 \u00fc\u00e7\u00fcn \u0130srail? - MEYDAN.TV","og_description":"\u00c7ingiz H\u00fcseynov Az\u0259rbaycanda ya\u015fasayd\u0131, b\u0259lk\u0259 d\u0259 ya\u015famazd\u0131","og_url":"https:\/\/www.meydan.tv\/az\/article\/ne-ucun-israil\/","og_site_name":"MEYDAN.TV","article_published_time":"2016-09-14T13:10:02+00:00","og_image":[{"width":500,"height":500,"url":"https:\/\/www.meydan.tv\/wp-content\/uploads\/24887.jpg","type":"image\/jpeg"}],"author":"user-manager","twitter_card":"summary_large_image","schema":{"@context":"https:\/\/schema.org","@graph":[{"@type":"Article","@id":"https:\/\/www.meydan.tv\/az\/article\/ne-ucun-israil\/#article","isPartOf":{"@id":"https:\/\/www.meydan.tv\/az\/article\/ne-ucun-israil\/"},"author":{"name":"user-manager","@id":"https:\/\/www.meydan.tv\/az\/#\/schema\/person\/10d11eccf6da3662cf5fdab9806ea91a"},"headline":"N\u0259 \u00fc\u00e7\u00fcn \u0130srail?","datePublished":"2016-09-14T13:10:02+00:00","mainEntityOfPage":{"@id":"https:\/\/www.meydan.tv\/az\/article\/ne-ucun-israil\/"},"wordCount":1764,"publisher":{"@id":"https:\/\/www.meydan.tv\/az\/#organization"},"image":{"@id":"https:\/\/www.meydan.tv\/az\/article\/ne-ucun-israil\/#primaryimage"},"thumbnailUrl":"https:\/\/www.meydan.tv\/wp-content\/uploads\/24887.jpg","articleSection":["M\u0259nim Fikrimc\u0259"],"inLanguage":"az"},{"@type":"WebPage","@id":"https:\/\/www.meydan.tv\/az\/article\/ne-ucun-israil\/","url":"https:\/\/www.meydan.tv\/az\/article\/ne-ucun-israil\/","name":"N\u0259 \u00fc\u00e7\u00fcn \u0130srail? - MEYDAN.TV","isPartOf":{"@id":"https:\/\/www.meydan.tv\/az\/#website"},"primaryImageOfPage":{"@id":"https:\/\/www.meydan.tv\/az\/article\/ne-ucun-israil\/#primaryimage"},"image":{"@id":"https:\/\/www.meydan.tv\/az\/article\/ne-ucun-israil\/#primaryimage"},"thumbnailUrl":"https:\/\/www.meydan.tv\/wp-content\/uploads\/24887.jpg","datePublished":"2016-09-14T13:10:02+00:00","breadcrumb":{"@id":"https:\/\/www.meydan.tv\/az\/article\/ne-ucun-israil\/#breadcrumb"},"inLanguage":"az","potentialAction":[{"@type":"ReadAction","target":["https:\/\/www.meydan.tv\/az\/article\/ne-ucun-israil\/"]}]},{"@type":"ImageObject","inLanguage":"az","@id":"https:\/\/www.meydan.tv\/az\/article\/ne-ucun-israil\/#primaryimage","url":"https:\/\/www.meydan.tv\/wp-content\/uploads\/24887.jpg","contentUrl":"https:\/\/www.meydan.tv\/wp-content\/uploads\/24887.jpg","width":500,"height":500,"caption":"Source:"},{"@type":"BreadcrumbList","@id":"https:\/\/www.meydan.tv\/az\/article\/ne-ucun-israil\/#breadcrumb","itemListElement":[{"@type":"ListItem","position":1,"name":"Ana s\u0259hif\u0259","item":"https:\/\/www.meydan.tv\/az\/"},{"@type":"ListItem","position":2,"name":"M\u0259nim Fikrimc\u0259","item":"https:\/\/www.meydan.tv\/az\/section\/menim-fikrimce\/"},{"@type":"ListItem","position":3,"name":"N\u0259 \u00fc\u00e7\u00fcn \u0130srail?"}]},{"@type":"WebSite","@id":"https:\/\/www.meydan.tv\/az\/#website","url":"https:\/\/www.meydan.tv\/az\/","name":"MEYDAN.TV","description":"Meydan TV Az\u0259rbaycan\u0131n media m\u0259kan\u0131ndak\u0131 alternativ s\u0259sidir","publisher":{"@id":"https:\/\/www.meydan.tv\/az\/#organization"},"potentialAction":[{"@type":"SearchAction","target":{"@type":"EntryPoint","urlTemplate":"https:\/\/www.meydan.tv\/az\/?s={search_term_string}"},"query-input":{"@type":"PropertyValueSpecification","valueRequired":true,"valueName":"search_term_string"}}],"inLanguage":"az"},{"@type":"Organization","@id":"https:\/\/www.meydan.tv\/az\/#organization","name":"Meydan TV","url":"https:\/\/www.meydan.tv\/az\/","logo":{"@type":"ImageObject","inLanguage":"az","@id":"https:\/\/www.meydan.tv\/az\/#\/schema\/logo\/image\/","url":"https:\/\/www.meydan.tv\/wp-content\/uploads\/2021\/07\/meydan-logo.svg","contentUrl":"https:\/\/www.meydan.tv\/wp-content\/uploads\/2021\/07\/meydan-logo.svg","width":195,"height":46,"caption":"Meydan TV"},"image":{"@id":"https:\/\/www.meydan.tv\/az\/#\/schema\/logo\/image\/"}},{"@type":"Person","@id":"https:\/\/www.meydan.tv\/az\/#\/schema\/person\/10d11eccf6da3662cf5fdab9806ea91a","name":"user-manager"}]}},"_links":{"self":[{"href":"https:\/\/www.meydan.tv\/az\/wp-json\/wp\/v2\/posts\/178848","targetHints":{"allow":["GET"]}}],"collection":[{"href":"https:\/\/www.meydan.tv\/az\/wp-json\/wp\/v2\/posts"}],"about":[{"href":"https:\/\/www.meydan.tv\/az\/wp-json\/wp\/v2\/types\/post"}],"author":[{"embeddable":true,"href":"https:\/\/www.meydan.tv\/az\/wp-json\/wp\/v2\/users\/11"}],"replies":[{"embeddable":true,"href":"https:\/\/www.meydan.tv\/az\/wp-json\/wp\/v2\/comments?post=178848"}],"version-history":[{"count":0,"href":"https:\/\/www.meydan.tv\/az\/wp-json\/wp\/v2\/posts\/178848\/revisions"}],"wp:featuredmedia":[{"embeddable":true,"href":"https:\/\/www.meydan.tv\/az\/wp-json\/wp\/v2\/media\/65223"}],"wp:attachment":[{"href":"https:\/\/www.meydan.tv\/az\/wp-json\/wp\/v2\/media?parent=178848"}],"wp:term":[{"taxonomy":"category","embeddable":true,"href":"https:\/\/www.meydan.tv\/az\/wp-json\/wp\/v2\/categories?post=178848"},{"taxonomy":"post_tag","embeddable":true,"href":"https:\/\/www.meydan.tv\/az\/wp-json\/wp\/v2\/tags?post=178848"}],"curies":[{"name":"wp","href":"https:\/\/api.w.org\/{rel}","templated":true}]}}