{"id":178828,"date":"2016-09-12T15:20:45","date_gmt":"2016-09-12T15:20:45","guid":{"rendered":"https:\/\/www.meydan.tv\/article\/rovneq-abdullayevin-alternativi-niye-yoxdur\/"},"modified":"2016-09-12T15:20:45","modified_gmt":"2016-09-12T15:20:45","slug":"rovneq-abdullayevin-alternativi-niye-yoxdur","status":"publish","type":"post","link":"https:\/\/www.meydan.tv\/az\/article\/rovneq-abdullayevin-alternativi-niye-yoxdur\/","title":{"rendered":"R\u00f6vn\u0259q Abdullayevin alternativi niy\u0259 yoxdur?"},"content":{"rendered":"<figure class=\"wp-block-image size-large\">\n  <img decoding=\"async\" src=\"https:\/\/www.meydan.tv\/az\/67479\/\" alt=\"\" class=\"wp-image-67479\"\/><figcaption><\/figcaption><\/figure>\n<figure class=\"wp-block-image size-large\">\n  <img decoding=\"async\" src=\"https:\/\/www.meydan.tv\/az\/67479\/\" alt=\"\" class=\"wp-image-67479\"\/><figcaption><\/figcaption><\/figure>\n<p>\n  <i><br \/>\n    Rusiyadan f\u0259rqli olaraq, Az\u0259rbaycanda futbol veteranlar\u0131 se\u00e7iml\u0259rd\u0259 f\u0259all\u0131q g\u00f6st\u0259rmir<br \/>\n  <\/i>\n<\/p>\n<\/p>\n<p>\n  Sentyabr\u0131n 24-d\u0259 Rusiya Futbol \u0130ttifaq\u0131n\u0131n yeni prezidenti se\u00e7il\u0259c\u0259k. Art\u0131q Rusiyan\u0131n futbol t\u0259s\u0259rr\u00fcfat\u0131nda geni\u015f se\u00e7ki m\u00fczakir\u0259l\u0259ri apar\u0131l\u0131r, namiz\u0259dl\u0259r platformalar\u0131n\u0131 a\u00e7\u0131qlay\u0131rlar.\n<\/p>\n<\/p>\n<p>\n  <b><br \/>\n    Rusiyada el\u0259dir, bizd\u0259 is\u0259&#8230;<br \/>\n  <\/b>\n<\/p>\n<p>\n  Rusiyan\u0131n idman naziri, Rusiya Futbol \u0130ttifaq\u0131n\u0131n haz\u0131rk\u0131 prezidenti Vitali Mutko yen\u0259 d\u0259 namiz\u0259dliyini ir\u0259li s\u00fcr\u00fcb. Onun alternativi d\u0259 var. Mutkonun r\u0259qibi Rusiya futbolunun m\u0259\u015fhur simalar\u0131ndan olan Valeri Qazzayevdi. Valeri Qazzayevin namiz\u0259dliyi Yerli M\u0259\u015fq\u00e7il\u0259r Birliyi t\u0259r\u0259find\u0259n ir\u0259li s\u00fcr\u00fcl\u00fcb. Bu t\u0259\u015fkilat Rusiyan\u0131n idman naziri Vitali Mutkonun idar\u0259etm\u0259 sistemind\u0259n naraz\u0131d\u0131r. Valeri Qazzayev se\u00e7kiqaba\u011f\u0131 \u00e7\u0131x\u0131\u015flar\u0131nda Mutkonu k\u0259skin t\u0259nqid edir, onun istefaya getm\u0259li oldu\u011funu (<br \/>\n  <a href=\"http:\/\/www.sport-express.ru\/football\/news\/valeriy-gazzaev-prezident-rfs-dolzhen-byl-uyti-posle-provala-na-evro-no-emu-vidimo-ministr-sporta-zapretil-1037731\/\"><br \/>\n    http:\/\/www.sport-express.ru\/football\/news\/valeriy-gazzaev-prezident-rfs-dolzhen-byl-uyti-posle-provala-na-evro-no-emu-vidimo-ministr-sporta-zapretil-1037731\/<br \/>\n  <\/a><br \/>\n  ) bildirir. O, a\u00e7\u0131qlamalar\u0131nda h\u0259tta Mutkonu \u0259l\u0259 salacaq ifad\u0259l\u0259r d\u0259 i\u015fl\u0259dib: \u201cD\u00fcnya \u00e7empionat\u0131 yax\u0131nla\u015f\u0131r. Ancaq biz h\u0259l\u0259 d\u0259 bilmirik ki, y\u0131\u011fmada \u0130qna\u015fevi\u00e7i v\u0259 Berezutskini kim \u0259v\u0259zl\u0259y\u0259c\u0259k. Rusiya Futbol \u0130ttifaq\u0131n\u0131n prezidenti \u201cbizim futbol\u00e7ular\u0131n s\u0259viyy\u0259si budur\u201d deyirs\u0259, dem\u0259li, onun futboldan ba\u015f\u0131 \u00e7\u0131xm\u0131r. Futbol\u00e7ular yax\u015f\u0131d\u0131. Sad\u0259c\u0259, onlarla i\u015fl\u0259m\u0259k, onlar\u0131n s\u0259viyy\u0259sini qald\u0131rmaq laz\u0131md\u0131. B\u00fct\u00fcn g\u00fcnah\u0131 futbol\u00e7ular\u0131n \u00fcst\u00fcn\u0259 atmaq olmaz. Avropa \u00e7empionat\u0131ndak\u0131 biab\u0131r\u00e7\u0131l\u0131qdan sonra t\u0259kc\u0259 Slutski istefaya getm\u0259m\u0259li idi. Rusiya Futbol \u0130ttifaq\u0131n\u0131n prezidenti d\u0259 istefa verm\u0259liydi. G\u00f6r\u00fcn\u00fcr, Rusiyan\u0131n idman naziri ona istefa verm\u0259yi qada\u011fan edib\u201d.\n<\/p>\n<p>\n  Rusiya demokratik d\u00f6vl\u0259t say\u0131lm\u0131r. Beyn\u0259lxalq al\u0259min r\u0259yin\u0259 g\u00f6r\u0259, qon\u015fu \u00f6lk\u0259d\u0259 avtoritar \u00fcsul-idar\u0259 h\u00f6km s\u00fcr\u00fcr. Ancaq buna baxmayaraq, Rusiyan\u0131n futbol veteranlar\u0131 nazirin idar\u0259etm\u0259 sistemin\u0259 qar\u015f\u0131 \u00e7\u0131x\u0131r, onun futbol t\u0259s\u0259rr\u00fcfat\u0131na r\u0259hb\u0259rlik etm\u0259sini ist\u0259mirl\u0259r. B\u0259s bizd\u0259?\n<\/p>\n<p>\n  Bu il, mart\u0131n 11-d\u0259 Az\u0259rbaycanda da futbol t\u0259s\u0259rr\u00fcfat\u0131nda se\u00e7kil\u0259r ke\u00e7irildi. 2008-ci ild\u0259 AFFA prezidenti se\u00e7il\u0259n R\u00f6vn\u0259q Abdullayev bu d\u0259f\u0259 d\u0259 alternativsiz olaraq quruma r\u0259hb\u0259r oldu. Futbol t\u0259s\u0259rr\u00fcfat\u0131nda he\u00e7 bir se\u00e7ki kampaniyas\u0131 apar\u0131lmad\u0131. Yaln\u0131z AFFA \u0130craiyy\u0259 Komit\u0259sinin \u00fczvl\u0259ri mart\u0131n 11-d\u0259 t\u0259\u015fkilat\u0131n ofisin\u0259 y\u0131\u011f\u0131\u015faraq, 30 d\u0259qiq\u0259 \u0259rzind\u0259 R\u00f6vn\u0259q Abdullayevin yenid\u0259n prezident se\u00e7ildiyini elan etdil\u0259r.\n<\/p>\n<p>\n  B\u0259s g\u00f6r\u0259s\u0259n Az\u0259rbaycan\u0131n futbol veteranlar\u0131 niy\u0259 bu t\u0259s\u0259rr\u00fcfat\u0131n idar\u0259etm\u0259 sistemind\u0259 t\u0259msil olunmaq ist\u0259mirl\u0259r?Niy\u0259 veteranlar R\u00f6vn\u0259q Abdullayevin qar\u015f\u0131s\u0131na alternativ namiz\u0259d \u00e7\u0131xarm\u0131rlar? Ax\u0131 Az\u0259rbaycan futbolunun olduqca ciddi probleml\u0259ri var.\n<\/p>\n<\/p>\n<p>\n  <b><br \/>\n    Tahir S\u00fcleymanov: \u201cRahat \u015f\u0259rait qar\u015f\u0131l\u0131\u011f\u0131nda \u00fcmumi futbolu\u00a0 \u00e7oxdan yaddan \u00e7\u0131xar\u0131blar\u201d<br \/>\n  <\/b>\n<\/p>\n<p>\n  Futbol m\u00fct\u0259x\u0259ssisi, \u201cNeft\u00e7i\u201dnin ke\u00e7mi\u015f vitse-prezidenti Tahir S\u00fcleymanov bu m\u0259s\u0259l\u0259ni Meydan TV-y\u0259 \u015f\u0259rh ed\u0259rk\u0259n bildirdi ki, Az\u0259rbaycan\u0131n futbol veteranlar\u0131 ancaq \u015f\u0259xsi m\u0259nafel\u0259rini g\u00fcd\u00fcrl\u0259r. Tahir S\u00fcleymanovun fikrinc\u0259, veteranlar, AFFA-dan t\u0259qa\u00fcd, d\u00f6vl\u0259td\u0259n m\u0259nzil alaraq, Az\u0259rbaycan futbolunun probleml\u0259rin\u0259 g\u00f6z yumurlar:\n<\/p>\n<figure class=\"wp-block-image size-large\">\n  <img decoding=\"async\" src=\"https:\/\/www.meydan.tv\/az\/67482\/\" alt=\"\" class=\"wp-image-67482\"\/><figcaption><\/figcaption><\/figure>\n<p>\n  \u201cRusiya ist\u0259r \u0259razi, \u0259hali, ist\u0259rs\u0259 d\u0259 futbol \u0259n\u0259n\u0259l\u0259rin\u0259 g\u00f6r\u0259 bizd\u0259n qat-qat \u00fcst\u00fcnd\u00fcr. Vitali Mutko d\u00f6vl\u0259t\u0259, prezident Putin\u0259 yax\u0131nl\u0131\u011f\u0131 il\u0259 se\u00e7ilir v\u0259 uzun ill\u0259rdir idmanda &#8211; futbolda d\u00f6vl\u0259tin adam\u0131 kimi t\u0259msil olunur. Qar\u015f\u0131dan 2018-ci ild\u0259 Rusiyada ke\u00e7iril\u0259c\u0259k d\u00fcnya \u00e7empionat\u0131 g\u0259lir. \u00d6lk\u0259d\u0259 futbola \u00e7ox b\u00f6y\u00fck yat\u0131r\u0131mlar edilib. Son 10 ild\u0259 Az\u0259rbaycanda oldu\u011fu kimi, Rusiyada da b\u00f6y\u00fck m\u00fcqavil\u0259l\u0259r qar\u015f\u0131l\u0131\u011f\u0131nda milliy\u0259 \u0259cn\u0259bi m\u0259\u00e7q\u00e7il\u0259rin g\u0259tirilm\u0259si fiasko il\u0259 n\u0259tic\u0259l\u0259nib. Eyni zamanda klub futbolunda legionerl\u0259r\u0259 x\u0259rcl\u0259n\u0259n v\u0259sait b\u00f6y\u00fck be\u015flik \u00f6lk\u0259l\u0259ri s\u0259viyy\u0259sind\u0259dir. B\u00fct\u00fcn bunlar v\u0259 u\u015faq-g\u0259ncl\u0259r futbolunda olan durum rusiyal\u0131 futbol veteranlar\u0131n\u0131n naraz\u0131l\u0131\u011f\u0131na s\u0259b\u0259b olub. Eyni zamanda 40 ildir federasiyada \u00e7al\u0131\u015fan Simonyan kimi futbol adamlar\u0131 y\u00fcks\u0259k postlar tutaraq, ancaq \u00f6zl\u0259rini d\u00fc\u015f\u00fcnm\u0259kl\u0259 m\u0259\u015f\u011fuldurlar. Rusiya futbolunda d\u00f6n\u00fc\u015f yaratmaq \u00fc\u00e7\u00fcn orta v\u0259 g\u0259nc n\u0259sil h\u0259r\u0259k\u0259t\u0259 ke\u00e7ib. Az\u0259rbaycanda bu m\u00fcmk\u00fcnd\u00fcrm\u00fc? M\u00f6vcud \u015f\u0259raitd\u0259 he\u00e7 bir \u00fcmid yoxdur. Son 10-15 il\u0259 d\u00f6vl\u0259t t\u0259r\u0259find\u0259n ayr\u0131lan milyonlara baxmayaraq, he\u00e7 bir ir\u0259lil\u0259yi\u015f yoxdur. Futbol veteranlar\u0131 v\u0259 \u00fcmumilikd\u0259 futbol adamlar\u0131n\u0131n \u0259ks\u0259riyy\u0259ti bu duruma bigan\u0259dir. Daha do\u011frusu, \u00f6zl\u0259ri \u00fc\u00e7\u00fcn federasiyadan imtiyazlar, prezidentd\u0259n 1-2 m\u0259nzil alaraq, rahat \u015f\u0259rait qar\u015f\u0131l\u0131\u011f\u0131nda \u00fcmumi futbolu\u00a0 \u00e7oxdan yaddan \u00e7\u0131xar\u0131blar. S\u00f6z\u00fcn\u00fc \u00e7\u0259kinm\u0259d\u0259n dey\u0259n bir-iki futbol adam\u0131 il\u0259 m\u00fcsb\u0259t\u0259 do\u011fru n\u0259yis\u0259 d\u0259yi\u015fm\u0259k m\u00fcmk\u00fcn deyil\u201d.\n<\/p>\n<\/p>\n<p>\n  <b><br \/>\n    Amal Abu\u015fov: \u201cOnlar ham\u0131s\u0131 \u00f6z t\u0259minatlar\u0131n\u0131 al\u0131b\u201d<br \/>\n  <\/b>\n<\/p>\n<figure class=\"wp-block-image size-large\">\n  <img decoding=\"async\" src=\"https:\/\/www.meydan.tv\/az\/67485\/\" alt=\"\" class=\"wp-image-67485\"\/><figcaption><\/figcaption><\/figure>\n<p>\n  Futbol yazar\u0131 Amal Abu\u015fov da veteranlar\u0131n \u015f\u0259xsi maraqlar\u0131n\u0131n futbolun maraqlar\u0131ndan \u00fcst\u00fcn oldu\u011funu iddia edir. Amal Abu\u015fovun fikrinc\u0259, veteranlar\u0131 ancaq bir m\u0259qam maraqland\u0131r\u0131r &#8211; nec\u0259 etsinl\u0259r ki, AFFA-dan m\u00fc\u0259yy\u0259n imtiyaz \u0259ld\u0259 ed\u0259 bilsinl\u0259r: \u201cAz\u0259rbaycan futbolu indiy\u0259 q\u0259d\u0259r \u0259n qat\u0131 m\u00fcxalif\u0259t\u00e7i futbol veteran\u0131n\u0131 \u0130sk\u0259nd\u0259r Cavadovun timsal\u0131nda g\u00f6r\u00fcb. Ham\u0131m\u0131z\u0131n yad\u0131ndad\u0131, Cavadov bir vaxtlar AFFA prezidentliyin\u0259 iddias\u0131n\u0131 a\u00e7\u0131q \u015f\u0259kild\u0259 ortaya qoymu\u015fdu, bu i\u015fi daha yax\u015f\u0131 g\u00f6r\u0259 bil\u0259c\u0259yini iddia edirdi. Ancaq o, Fuad Musayevin vaxt\u0131nda dil-dil \u00f6t\u00fcrd\u00fc. R\u00f6vn\u0259q Abdullayevin futbol t\u0259s\u0259rr\u00fcfat\u0131na r\u0259hb\u0259rlik etm\u0259y\u0259 ba\u015flamas\u0131ndan sonra o da geri \u00e7\u0259kilib. Regional Futbol Federasiyas\u0131n\u0131n r\u0259hb\u0259ri kimi m\u00fc\u0259yy\u0259n s\u0259lahiyy\u0259t sahibi, \u0130craiyy\u0259 Komit\u0259sinin d\u0259 formal \u00fczv\u00fcd\u00fc. Millinin xarici s\u0259f\u0259rl\u0259rin\u0259 \u201cbiznes klass\u201dda u\u00e7ur, AFFA-dan yet\u0259rinc\u0259 t\u0259minat al\u0131b. Ondan ba\u015fqa Vaqif Sad\u0131qov m\u00fc\u0259yy\u0259n m\u0259nada v\u0259zif\u0259y\u0259 iddia ed\u0259 bil\u0259rdi. Amma bu g\u00fcn Sad\u0131qov da M\u0259\u015fq\u00e7il\u0259r Komit\u0259sinin s\u0259dri v\u0259 \u0130K-nin \u00fczv\u00fc kimi yax\u015f\u0131 s\u0259viyy\u0259d\u0259 t\u0259min olunub, f\u0259xri turist sif\u0259til\u0259 milli komandalar\u0131 xarici s\u0259f\u0259rl\u0259rd\u0259 m\u00fc\u015fayi\u0259t edir. Bu iki \u015f\u0259xs Az\u0259rbaycan\u0131n futbol veteranlar\u0131n\u0131n \u00fcmumi simas\u0131d\u0131r. Onlar\u0131n ham\u0131s\u0131 \u00f6z t\u0259minatlar\u0131n\u0131 al\u0131b v\u0259 ba\u015fa d\u00fc\u015f\u00fcrl\u0259r ki, \u0259ld\u0259 etdikl\u0259rin\u0259 qane olmaqdan ba\u015fqa \u0259laclar\u0131 yoxdu. Bizd\u0259 pulu kim verirs\u0259, musiqini d\u0259, o, sifari\u015f edir. Futbolumuzun ana sponsoru SOCAR-d\u0131. R\u00f6vn\u0259q Abdullayev d\u0259 pul ay\u0131rd\u0131\u011f\u0131 sah\u0259ni faktiki \u00f6z n\u0259zar\u0259tind\u0259 saxlamaq arzusundad\u0131r. Kims\u0259 ona alternativ olmaq fikrin\u0259 d\u00fc\u015fs\u0259, b\u00fct\u00fcn t\u0259sir mexanizml\u0259ri il\u0259 h\u0259min adam\u0131 futbol t\u0259s\u0259rr\u00fcfat\u0131ndan uzaqla\u015fad\u0131rarlar. Unutmaq laz\u0131m deyil ki, onun yan\u0131nda bel\u0259 i\u015fl\u0259ri yax\u015f\u0131 bacaran Elxan M\u0259mm\u0259dov kimi kadr var. Abdullayev \u00f6z\u00fc bel\u0259 i\u015fl\u0259r\u0259 vaxt ay\u0131rmasa da, Elxan M\u0259mm\u0259dov m\u0259har\u0259tl\u0259 AFFA-n\u0131n s\u00f6z\u00fc il\u0259 oturub-durmayan klublar\u0131 s\u0131radan \u00e7\u0131xar\u0131b. Hafiz M\u0259mm\u0259dov, M\u00fcbariz M\u0259nsimov, Nuru \u018fliyev, Musa S\u00fcleymanov kimi varl\u0131 oliqarxlar\u0131 Az\u0259rbaycan futbolundan qa\u00e7\u0131ran qabiliyy\u0259t sahibl\u0259ri \u00fc\u00e7\u00fcn adic\u0259 bir veteran\u0131 futboldan s\u00fcrg\u00fcn etm\u0259k \u00e7\u0259tinlik t\u00f6r\u0259tm\u0259z. Bunu yax\u015f\u0131 bil\u0259n veteranlar da sakitc\u0259 yerl\u0259rind\u0259 oturub, ald\u0131qlar\u0131 t\u0259qa\u00fcd-maa\u015fa \u015f\u00fckr edirl\u0259r\u201d.\n<\/p>\n<\/p>\n<p>\n  <b><br \/>\n    Vaqif Sad\u0131qov : \u201cR\u00f6vn\u0259q Abdullayev AFFA prezidentliyin\u0259 \u0259n layiqli namiz\u0259ddir\u201d<br \/>\n  <\/b>\n<\/p>\n<p>\n  M\u00f6vzu il\u0259 ba\u011fl\u0131 futbol veteranlar\u0131n\u0131n da m\u00f6vqeyini \u00f6yr\u0259ndik. Futbol veteran\u0131, M\u0259\u015fq\u00e7il\u0259r Komit\u0259sinin s\u0259dri Vaqif Sad\u0131qov m\u0259s\u0259l\u0259 il\u0259 ba\u011fl\u0131 verdiyimiz sual\u0131 R\u00f6vn\u0259q Abdullayevi t\u0259rifl\u0259m\u0259kl\u0259 cavabland\u0131rd\u0131:\n<\/p>\n<figure class=\"wp-block-image size-large\">\n  <img decoding=\"async\" src=\"https:\/\/www.meydan.tv\/az\/67488\/\" alt=\"\" class=\"wp-image-67488\"\/><figcaption><\/figcaption><\/figure>\n<p>\n  \u201cD\u00fc\u015f\u00fcn\u00fcr\u0259m ki, Az\u0259rbaycanda R\u00f6vn\u0259q Abdullayev AFFA prezidentliyin\u0259 \u0259n layiqli namiz\u0259ddir. Pafoslu \u00e7\u0131x\u0131\u015f etmir\u0259m. O, xeyli vaxtd\u0131r Az\u0259rbaycan futboluna r\u0259hb\u0259rlik edir. Futbolun i\u00e7ind\u0259 olan v\u0259 R\u00f6vn\u0259q Abdullayevl\u0259 bir yerd\u0259 \u00e7al\u0131\u015fan biri kimi dey\u0259 bil\u0259r\u0259m ki, o, haz\u0131rda tutdu\u011fu v\u0259zif\u0259y\u0259 layiqdir. Az\u0259rbaycan futbolu haz\u0131rda inki\u015fafdad\u0131r. Futbol adam\u0131 olub-olmama\u011f\u0131m\u0131zdan as\u0131l\u0131 olmayaraq, ham\u0131m\u0131z Az\u0259rbaycan futbolunun inki\u015faf\u0131 u\u011frunda m\u00fcbariz\u0259 aparmal\u0131y\u0131q. Ham\u0131m\u0131z \u0259limizd\u0259n g\u0259l\u0259ni ets\u0259k, \u00e7ox b\u00f6y\u00fck i\u015fl\u0259r g\u00f6r\u0259 bil\u0259rik.\n<\/p>\n<p>\n  O ki qald\u0131 Rusiyaya, bu \u00f6lk\u0259 b\u00f6y\u00fck olsa da, son vaxtlar futbolu eni\u015fd\u0259dir. Ancaq bizd\u0259 f\u0259rqli v\u0259ziyy\u0259tdir. Fikrimc\u0259, bizim futbol y\u00fcks\u0259li\u015fd\u0259dir. Bizim yeni layih\u0259l\u0259rimiz var. Bu layih\u0259l\u0259ri h\u0259yata ke\u00e7ir\u0259r\u0259k, daha yax\u015f\u0131 u\u011furlara imza ata bil\u0259rik. \u00dcmid edir\u0259m ki, bizi qar\u015f\u0131da daha yax\u015f\u0131 n\u0259tic\u0259l\u0259r g\u00f6zl\u0259yir. Harda \u00e7al\u0131\u015fmas\u0131ndan as\u0131l\u0131 olmayaraq, ham\u0131n\u0131 Az\u0259rbaycan futbolunun inki\u015faf\u0131 \u00fc\u00e7\u00fcn AFFA prezidentin\u0259 d\u0259st\u0259k olma\u011fa \u00e7a\u011f\u0131r\u0131ram\u201d.<\/p>\n","protected":false},"excerpt":{"rendered":"<p>Rusiyadan f\u0259rqli olaraq, Az\u0259rbaycanda futbol veteranlar\u0131 se\u00e7iml\u0259rd\u0259 f\u0259all\u0131q g\u00f6st\u0259rmir<\/p>\n","protected":false},"author":11,"featured_media":67479,"comment_status":"closed","ping_status":"open","sticky":false,"template":"","format":"standard","meta":{"_acf_changed":false,"_sitemap_exclude":false,"_sitemap_priority":"","_sitemap_frequency":"","footnotes":""},"categories":[51],"tags":[],"class_list":["post-178828","post","type-post","status-publish","format-standard","has-post-thumbnail","hentry","category-analitika","infinite-scroll-item","generate-columns","tablet-grid-50","mobile-grid-100","grid-parent","grid-33","no-featured-image-padding"],"acf":[],"yoast_head":"<!-- This site is optimized with the Yoast SEO plugin v27.5 - https:\/\/yoast.com\/product\/yoast-seo-wordpress\/ -->\n<title>R\u00f6vn\u0259q Abdullayevin alternativi niy\u0259 yoxdur? - MEYDAN.TV<\/title>\n<meta name=\"robots\" content=\"index, follow, max-snippet:-1, max-image-preview:large, max-video-preview:-1\" \/>\n<link rel=\"canonical\" href=\"https:\/\/www.meydan.tv\/az\/article\/rovneq-abdullayevin-alternativi-niye-yoxdur\/\" \/>\n<meta property=\"og:locale\" content=\"az_AZ\" \/>\n<meta property=\"og:type\" content=\"article\" \/>\n<meta property=\"og:title\" content=\"R\u00f6vn\u0259q Abdullayevin alternativi niy\u0259 yoxdur? - MEYDAN.TV\" \/>\n<meta property=\"og:description\" content=\"Rusiyadan f\u0259rqli olaraq, Az\u0259rbaycanda futbol veteranlar\u0131 se\u00e7iml\u0259rd\u0259 f\u0259all\u0131q g\u00f6st\u0259rmir\" \/>\n<meta property=\"og:url\" content=\"https:\/\/www.meydan.tv\/az\/article\/rovneq-abdullayevin-alternativi-niye-yoxdur\/\" \/>\n<meta property=\"og:site_name\" content=\"MEYDAN.TV\" \/>\n<meta property=\"article:published_time\" content=\"2016-09-12T15:20:45+00:00\" \/>\n<meta property=\"og:image\" content=\"https:\/\/www.meydan.tv\/wp-content\/uploads\/25781.jpg\" \/>\n\t<meta property=\"og:image:width\" content=\"640\" \/>\n\t<meta property=\"og:image:height\" content=\"425\" \/>\n\t<meta property=\"og:image:type\" content=\"image\/jpeg\" \/>\n<meta name=\"author\" content=\"user-manager\" \/>\n<meta name=\"twitter:card\" content=\"summary_large_image\" \/>\n<script type=\"application\/ld+json\" class=\"yoast-schema-graph\">{\"@context\":\"https:\\\/\\\/schema.org\",\"@graph\":[{\"@type\":\"Article\",\"@id\":\"https:\\\/\\\/www.meydan.tv\\\/az\\\/article\\\/rovneq-abdullayevin-alternativi-niye-yoxdur\\\/#article\",\"isPartOf\":{\"@id\":\"https:\\\/\\\/www.meydan.tv\\\/az\\\/article\\\/rovneq-abdullayevin-alternativi-niye-yoxdur\\\/\"},\"author\":{\"name\":\"user-manager\",\"@id\":\"https:\\\/\\\/www.meydan.tv\\\/az\\\/#\\\/schema\\\/person\\\/10d11eccf6da3662cf5fdab9806ea91a\"},\"headline\":\"R\u00f6vn\u0259q Abdullayevin alternativi niy\u0259 yoxdur?\",\"datePublished\":\"2016-09-12T15:20:45+00:00\",\"mainEntityOfPage\":{\"@id\":\"https:\\\/\\\/www.meydan.tv\\\/az\\\/article\\\/rovneq-abdullayevin-alternativi-niye-yoxdur\\\/\"},\"wordCount\":1604,\"publisher\":{\"@id\":\"https:\\\/\\\/www.meydan.tv\\\/az\\\/#organization\"},\"image\":{\"@id\":\"https:\\\/\\\/www.meydan.tv\\\/az\\\/article\\\/rovneq-abdullayevin-alternativi-niye-yoxdur\\\/#primaryimage\"},\"thumbnailUrl\":\"https:\\\/\\\/www.meydan.tv\\\/wp-content\\\/uploads\\\/25781.jpg\",\"articleSection\":[\"Analitika\"],\"inLanguage\":\"az\"},{\"@type\":\"WebPage\",\"@id\":\"https:\\\/\\\/www.meydan.tv\\\/az\\\/article\\\/rovneq-abdullayevin-alternativi-niye-yoxdur\\\/\",\"url\":\"https:\\\/\\\/www.meydan.tv\\\/az\\\/article\\\/rovneq-abdullayevin-alternativi-niye-yoxdur\\\/\",\"name\":\"R\u00f6vn\u0259q Abdullayevin alternativi niy\u0259 yoxdur? - MEYDAN.TV\",\"isPartOf\":{\"@id\":\"https:\\\/\\\/www.meydan.tv\\\/az\\\/#website\"},\"primaryImageOfPage\":{\"@id\":\"https:\\\/\\\/www.meydan.tv\\\/az\\\/article\\\/rovneq-abdullayevin-alternativi-niye-yoxdur\\\/#primaryimage\"},\"image\":{\"@id\":\"https:\\\/\\\/www.meydan.tv\\\/az\\\/article\\\/rovneq-abdullayevin-alternativi-niye-yoxdur\\\/#primaryimage\"},\"thumbnailUrl\":\"https:\\\/\\\/www.meydan.tv\\\/wp-content\\\/uploads\\\/25781.jpg\",\"datePublished\":\"2016-09-12T15:20:45+00:00\",\"breadcrumb\":{\"@id\":\"https:\\\/\\\/www.meydan.tv\\\/az\\\/article\\\/rovneq-abdullayevin-alternativi-niye-yoxdur\\\/#breadcrumb\"},\"inLanguage\":\"az\",\"potentialAction\":[{\"@type\":\"ReadAction\",\"target\":[\"https:\\\/\\\/www.meydan.tv\\\/az\\\/article\\\/rovneq-abdullayevin-alternativi-niye-yoxdur\\\/\"]}]},{\"@type\":\"ImageObject\",\"inLanguage\":\"az\",\"@id\":\"https:\\\/\\\/www.meydan.tv\\\/az\\\/article\\\/rovneq-abdullayevin-alternativi-niye-yoxdur\\\/#primaryimage\",\"url\":\"https:\\\/\\\/www.meydan.tv\\\/wp-content\\\/uploads\\\/25781.jpg\",\"contentUrl\":\"https:\\\/\\\/www.meydan.tv\\\/wp-content\\\/uploads\\\/25781.jpg\",\"width\":640,\"height\":425,\"caption\":\"Source:\"},{\"@type\":\"BreadcrumbList\",\"@id\":\"https:\\\/\\\/www.meydan.tv\\\/az\\\/article\\\/rovneq-abdullayevin-alternativi-niye-yoxdur\\\/#breadcrumb\",\"itemListElement\":[{\"@type\":\"ListItem\",\"position\":1,\"name\":\"Ana s\u0259hif\u0259\",\"item\":\"https:\\\/\\\/www.meydan.tv\\\/az\\\/\"},{\"@type\":\"ListItem\",\"position\":2,\"name\":\"Analitika\",\"item\":\"https:\\\/\\\/www.meydan.tv\\\/az\\\/section\\\/analitika\\\/\"},{\"@type\":\"ListItem\",\"position\":3,\"name\":\"R\u00f6vn\u0259q Abdullayevin alternativi niy\u0259 yoxdur?\"}]},{\"@type\":\"WebSite\",\"@id\":\"https:\\\/\\\/www.meydan.tv\\\/az\\\/#website\",\"url\":\"https:\\\/\\\/www.meydan.tv\\\/az\\\/\",\"name\":\"MEYDAN.TV\",\"description\":\"Meydan TV Az\u0259rbaycan\u0131n media m\u0259kan\u0131ndak\u0131 alternativ s\u0259sidir\",\"publisher\":{\"@id\":\"https:\\\/\\\/www.meydan.tv\\\/az\\\/#organization\"},\"potentialAction\":[{\"@type\":\"SearchAction\",\"target\":{\"@type\":\"EntryPoint\",\"urlTemplate\":\"https:\\\/\\\/www.meydan.tv\\\/az\\\/?s={search_term_string}\"},\"query-input\":{\"@type\":\"PropertyValueSpecification\",\"valueRequired\":true,\"valueName\":\"search_term_string\"}}],\"inLanguage\":\"az\"},{\"@type\":\"Organization\",\"@id\":\"https:\\\/\\\/www.meydan.tv\\\/az\\\/#organization\",\"name\":\"Meydan TV\",\"url\":\"https:\\\/\\\/www.meydan.tv\\\/az\\\/\",\"logo\":{\"@type\":\"ImageObject\",\"inLanguage\":\"az\",\"@id\":\"https:\\\/\\\/www.meydan.tv\\\/az\\\/#\\\/schema\\\/logo\\\/image\\\/\",\"url\":\"https:\\\/\\\/www.meydan.tv\\\/wp-content\\\/uploads\\\/2021\\\/07\\\/meydan-logo.svg\",\"contentUrl\":\"https:\\\/\\\/www.meydan.tv\\\/wp-content\\\/uploads\\\/2021\\\/07\\\/meydan-logo.svg\",\"width\":195,\"height\":46,\"caption\":\"Meydan TV\"},\"image\":{\"@id\":\"https:\\\/\\\/www.meydan.tv\\\/az\\\/#\\\/schema\\\/logo\\\/image\\\/\"}},{\"@type\":\"Person\",\"@id\":\"https:\\\/\\\/www.meydan.tv\\\/az\\\/#\\\/schema\\\/person\\\/10d11eccf6da3662cf5fdab9806ea91a\",\"name\":\"user-manager\"}]}<\/script>\n<!-- \/ Yoast SEO plugin. -->","yoast_head_json":{"title":"R\u00f6vn\u0259q Abdullayevin alternativi niy\u0259 yoxdur? - MEYDAN.TV","robots":{"index":"index","follow":"follow","max-snippet":"max-snippet:-1","max-image-preview":"max-image-preview:large","max-video-preview":"max-video-preview:-1"},"canonical":"https:\/\/www.meydan.tv\/az\/article\/rovneq-abdullayevin-alternativi-niye-yoxdur\/","og_locale":"az_AZ","og_type":"article","og_title":"R\u00f6vn\u0259q Abdullayevin alternativi niy\u0259 yoxdur? - MEYDAN.TV","og_description":"Rusiyadan f\u0259rqli olaraq, Az\u0259rbaycanda futbol veteranlar\u0131 se\u00e7iml\u0259rd\u0259 f\u0259all\u0131q g\u00f6st\u0259rmir","og_url":"https:\/\/www.meydan.tv\/az\/article\/rovneq-abdullayevin-alternativi-niye-yoxdur\/","og_site_name":"MEYDAN.TV","article_published_time":"2016-09-12T15:20:45+00:00","og_image":[{"width":640,"height":425,"url":"https:\/\/www.meydan.tv\/wp-content\/uploads\/25781.jpg","type":"image\/jpeg"}],"author":"user-manager","twitter_card":"summary_large_image","schema":{"@context":"https:\/\/schema.org","@graph":[{"@type":"Article","@id":"https:\/\/www.meydan.tv\/az\/article\/rovneq-abdullayevin-alternativi-niye-yoxdur\/#article","isPartOf":{"@id":"https:\/\/www.meydan.tv\/az\/article\/rovneq-abdullayevin-alternativi-niye-yoxdur\/"},"author":{"name":"user-manager","@id":"https:\/\/www.meydan.tv\/az\/#\/schema\/person\/10d11eccf6da3662cf5fdab9806ea91a"},"headline":"R\u00f6vn\u0259q Abdullayevin alternativi niy\u0259 yoxdur?","datePublished":"2016-09-12T15:20:45+00:00","mainEntityOfPage":{"@id":"https:\/\/www.meydan.tv\/az\/article\/rovneq-abdullayevin-alternativi-niye-yoxdur\/"},"wordCount":1604,"publisher":{"@id":"https:\/\/www.meydan.tv\/az\/#organization"},"image":{"@id":"https:\/\/www.meydan.tv\/az\/article\/rovneq-abdullayevin-alternativi-niye-yoxdur\/#primaryimage"},"thumbnailUrl":"https:\/\/www.meydan.tv\/wp-content\/uploads\/25781.jpg","articleSection":["Analitika"],"inLanguage":"az"},{"@type":"WebPage","@id":"https:\/\/www.meydan.tv\/az\/article\/rovneq-abdullayevin-alternativi-niye-yoxdur\/","url":"https:\/\/www.meydan.tv\/az\/article\/rovneq-abdullayevin-alternativi-niye-yoxdur\/","name":"R\u00f6vn\u0259q Abdullayevin alternativi niy\u0259 yoxdur? - MEYDAN.TV","isPartOf":{"@id":"https:\/\/www.meydan.tv\/az\/#website"},"primaryImageOfPage":{"@id":"https:\/\/www.meydan.tv\/az\/article\/rovneq-abdullayevin-alternativi-niye-yoxdur\/#primaryimage"},"image":{"@id":"https:\/\/www.meydan.tv\/az\/article\/rovneq-abdullayevin-alternativi-niye-yoxdur\/#primaryimage"},"thumbnailUrl":"https:\/\/www.meydan.tv\/wp-content\/uploads\/25781.jpg","datePublished":"2016-09-12T15:20:45+00:00","breadcrumb":{"@id":"https:\/\/www.meydan.tv\/az\/article\/rovneq-abdullayevin-alternativi-niye-yoxdur\/#breadcrumb"},"inLanguage":"az","potentialAction":[{"@type":"ReadAction","target":["https:\/\/www.meydan.tv\/az\/article\/rovneq-abdullayevin-alternativi-niye-yoxdur\/"]}]},{"@type":"ImageObject","inLanguage":"az","@id":"https:\/\/www.meydan.tv\/az\/article\/rovneq-abdullayevin-alternativi-niye-yoxdur\/#primaryimage","url":"https:\/\/www.meydan.tv\/wp-content\/uploads\/25781.jpg","contentUrl":"https:\/\/www.meydan.tv\/wp-content\/uploads\/25781.jpg","width":640,"height":425,"caption":"Source:"},{"@type":"BreadcrumbList","@id":"https:\/\/www.meydan.tv\/az\/article\/rovneq-abdullayevin-alternativi-niye-yoxdur\/#breadcrumb","itemListElement":[{"@type":"ListItem","position":1,"name":"Ana s\u0259hif\u0259","item":"https:\/\/www.meydan.tv\/az\/"},{"@type":"ListItem","position":2,"name":"Analitika","item":"https:\/\/www.meydan.tv\/az\/section\/analitika\/"},{"@type":"ListItem","position":3,"name":"R\u00f6vn\u0259q Abdullayevin alternativi niy\u0259 yoxdur?"}]},{"@type":"WebSite","@id":"https:\/\/www.meydan.tv\/az\/#website","url":"https:\/\/www.meydan.tv\/az\/","name":"MEYDAN.TV","description":"Meydan TV Az\u0259rbaycan\u0131n media m\u0259kan\u0131ndak\u0131 alternativ s\u0259sidir","publisher":{"@id":"https:\/\/www.meydan.tv\/az\/#organization"},"potentialAction":[{"@type":"SearchAction","target":{"@type":"EntryPoint","urlTemplate":"https:\/\/www.meydan.tv\/az\/?s={search_term_string}"},"query-input":{"@type":"PropertyValueSpecification","valueRequired":true,"valueName":"search_term_string"}}],"inLanguage":"az"},{"@type":"Organization","@id":"https:\/\/www.meydan.tv\/az\/#organization","name":"Meydan TV","url":"https:\/\/www.meydan.tv\/az\/","logo":{"@type":"ImageObject","inLanguage":"az","@id":"https:\/\/www.meydan.tv\/az\/#\/schema\/logo\/image\/","url":"https:\/\/www.meydan.tv\/wp-content\/uploads\/2021\/07\/meydan-logo.svg","contentUrl":"https:\/\/www.meydan.tv\/wp-content\/uploads\/2021\/07\/meydan-logo.svg","width":195,"height":46,"caption":"Meydan TV"},"image":{"@id":"https:\/\/www.meydan.tv\/az\/#\/schema\/logo\/image\/"}},{"@type":"Person","@id":"https:\/\/www.meydan.tv\/az\/#\/schema\/person\/10d11eccf6da3662cf5fdab9806ea91a","name":"user-manager"}]}},"_links":{"self":[{"href":"https:\/\/www.meydan.tv\/az\/wp-json\/wp\/v2\/posts\/178828","targetHints":{"allow":["GET"]}}],"collection":[{"href":"https:\/\/www.meydan.tv\/az\/wp-json\/wp\/v2\/posts"}],"about":[{"href":"https:\/\/www.meydan.tv\/az\/wp-json\/wp\/v2\/types\/post"}],"author":[{"embeddable":true,"href":"https:\/\/www.meydan.tv\/az\/wp-json\/wp\/v2\/users\/11"}],"replies":[{"embeddable":true,"href":"https:\/\/www.meydan.tv\/az\/wp-json\/wp\/v2\/comments?post=178828"}],"version-history":[{"count":0,"href":"https:\/\/www.meydan.tv\/az\/wp-json\/wp\/v2\/posts\/178828\/revisions"}],"wp:featuredmedia":[{"embeddable":true,"href":"https:\/\/www.meydan.tv\/az\/wp-json\/wp\/v2\/media\/67479"}],"wp:attachment":[{"href":"https:\/\/www.meydan.tv\/az\/wp-json\/wp\/v2\/media?parent=178828"}],"wp:term":[{"taxonomy":"category","embeddable":true,"href":"https:\/\/www.meydan.tv\/az\/wp-json\/wp\/v2\/categories?post=178828"},{"taxonomy":"post_tag","embeddable":true,"href":"https:\/\/www.meydan.tv\/az\/wp-json\/wp\/v2\/tags?post=178828"}],"curies":[{"name":"wp","href":"https:\/\/api.w.org\/{rel}","templated":true}]}}