{"id":178770,"date":"2016-09-09T15:52:19","date_gmt":"2016-09-09T15:52:19","guid":{"rendered":"https:\/\/www.meydan.tv\/article\/cevahir-xalanin-duyunleri\/"},"modified":"2016-09-09T15:52:19","modified_gmt":"2016-09-09T15:52:19","slug":"cevahir-xalanin-duyunleri","status":"publish","type":"post","link":"https:\/\/www.meydan.tv\/az\/article\/cevahir-xalanin-duyunleri\/","title":{"rendered":"C\u0259vahir xalan\u0131n d\u00fcy\u00fcnl\u0259ri&#8230;"},"content":{"rendered":"<figure class=\"wp-block-image size-large\">\n  <img decoding=\"async\" src=\"https:\/\/www.meydan.tv\/az\/63528\/\" alt=\"\" class=\"wp-image-63528\"\/><figcaption><\/figcaption><\/figure>\n<figure class=\"wp-block-image size-large\">\n  <img decoding=\"async\" src=\"https:\/\/www.meydan.tv\/az\/63525\/\" alt=\"\" class=\"wp-image-63525\"\/><figcaption><\/figcaption><\/figure>\n<p>\n  H\u00f6rm\u0259tli nazir!\n<\/p>\n<p>\n  D\u00fcn\u0259n yen\u0259 i\u015f \u00fc\u00e7\u00fcn icra hakimiyy\u0259tinin q\u0259buluna getmi\u015fdim. Do\u011frusu, \u00e7ox g\u00f6zl\u0259tm\u0259dil\u0259r. Adamlar buralardan \u00fcmidl\u0259rini \u00fcz\u00fcb \u00e7ar\u0259ni ba\u015fqa yerl\u0259rd\u0259 axtar\u0131rlarm\u0131, yoxsa \u00f6lk\u0259d\u0259n \u00e7\u0131x\u0131b gedirl\u0259rmi bilmir\u0259m, ax\u0131r ki, seyr\u0259lmi\u015fdil\u0259r. Q\u0259bulda oturanlara d\u0259rdimi anlatd\u0131m ki, kiray\u0259d\u0259 ya\u015fad\u0131\u011f\u0131m evd\u0259 \u00e7\u00f6r\u0259kd\u0259n savay\u0131 qida tan\u0131mayan iki u\u015fa\u011f\u0131m var. O\u011flan olduqlar\u0131na g\u00f6r\u0259 be\u015f-on ild\u0259n sonra &#8220;voyenkomat&#8221; \u0259limd\u0259n al\u0131b \u0259sg\u0259rliy\u0259 aparacaq.\n<\/p>\n<p>\n  Apars\u0131n, \u0259lb\u0259tt\u0259. M\u0259nim u\u015faqlar\u0131m\u0131 qoyub daha sizinkil\u0259ri aparmayacaq ki&#8230; H\u0259m d\u0259 o vaxta q\u0259d\u0259r allah el\u0259m\u0259mi\u015f Qaraba\u011f\u0131 qaytarmasalar, bizimkil\u0259r m\u00fctl\u0259q c\u0259bh\u0259 b\u00f6lg\u0259sin\u0259 d\u00fc\u015f\u0259c\u0259kl\u0259r.\n<\/p>\n<p>\n  \u018fslind\u0259 i\u015f axtarma\u011f\u0131m\u0131n \u0259sas s\u0259b\u0259bi budur. Y\u0259ni, u\u015faqlar korluqsuz, sa\u011flam b\u00f6y\u00fcs\u00fcnl\u0259r ki, d\u00fc\u015fm\u0259n qaba\u011f\u0131na \u00e7\u0131xanda canlar\u0131nda t\u0259p\u0259r olsun. H\u0259r\u00e7\u0259nd ki, m\u00fcdafi\u0259 nazirimiz xidm\u0259t yerl\u0259rin\u0259 \u015f\u0259xs\u0259n gedib, \u0259sg\u0259rl\u0259rl\u0259 bir qazandan \u015forba-zad i\u00e7ir. Bu s\u0259b\u0259bd\u0259n h\u0259rbi hiss\u0259l\u0259rd\u0259 yem\u0259yin keyfiyy\u0259tin\u0259 fikir vermi\u015f olarlar. \u0130n\u015fallah, o vaxta q\u0259d\u0259r Qaraba\u011f da qay\u0131dar, u\u015faqlar\u0131n t\u0259p\u0259r\u0259-zada ehtiyac\u0131 olmaz. Nazir d\u0259 \u00e7\u0131x\u0131b ged\u0259r i\u015finin-g\u00fcc\u00fcn\u00fcn dal\u0131nca. Bu, \u00e7ox y\u0259qin ki, y\u00fcz faiz bel\u0259 olacaq. Amma m\u0259n yen\u0259 b\u0259xtimi bir daha s\u0131nay\u0131m dedim. \u00dcst\u0259lik aylard\u0131r kiray\u0259ni \u00f6d\u0259y\u0259 bilmir\u0259m dey\u0259 i\u015f axtarma\u011fa ev sahib\u0259si il\u0259 b\u0259rab\u0259r gedirik. Adam g\u00f6r\u00fcr ki, borcunu \u00f6d\u0259m\u0259kd\u0259n \u00f6tr\u00fc \u0259limd\u0259n g\u0259l\u0259ni el\u0259yir\u0259m. O yaz\u0131q da h\u0259r d\u0259f\u0259 icra hakimiyy\u0259tin\u0259 \u00e7atanda n\u0259s\u0259 p\u0131\u00e7\u0131lday\u0131b cibind\u0259ki uzun ip\u0259 \u00e7oxlu d\u00fcy\u00fcn vurur. V\u0259 h\u0259mi\u015f\u0259 aram\u0131zda eyni dialoq ba\u015flay\u0131r:\n<\/p>\n<p>\n  \u2013 Na\u011fayr\u0131rsan, C\u0259vahir xala?<br \/>\n  <br \/>\n  \u2013 Qurd a\u011fz\u0131 ba\u011flay\u0131ram, a bala, qoy he\u00e7 olmasa bu d\u0259f\u0259 \u0259libo\u015f qay\u0131tmayaq&#8230;\n<\/p>\n<p>\n  Daha n\u0259hs g\u0259lm\u0259sin dey\u0259 qorxudan s\u0259simi \u00e7\u0131xartm\u0131ram ki: \u2013 Ay C\u0259vahir xala, s\u0259nin fikrin o vaxt\u0131n qurdlar\u0131na getm\u0259sin. Onlar s\u0259nin d\u00fcy\u00fcnl\u0259rin olmasa da, nax\u0131rdan aral\u0131 d\u00fc\u015f\u0259n g\u00fccs\u00fcz, z\u0259if heyvan\u0131 da\u011f\u0131d\u0131b bir k\u00fclf\u0259tin ruzusuna toxunmazd\u0131lar&#8230;\n<\/p>\n<p>\n  Bel\u0259-bel\u0259 i\u015fl\u0259r, c\u0259nab nazir, art\u0131q tan\u0131\u015f\u0131q dey\u0259 o g\u00fcn d\u0259 q\u0259bulda oturanlar birba\u015fa m\u0259tl\u0259b\u0259 ke\u00e7dil\u0259r:\n<\/p>\n<p>\n  \u2013 S\u0259n h\u0259l\u0259 i\u015f tapmad\u0131n?<br \/>\n  <br \/>\n  \u2013 Xeyr, ad\u0131m\u0131 h\u0259r yer\u0259 yazd\u0131rm\u0131\u015fam, s\u0259s-soraq yoxdu.<br \/>\n  <br \/>\n  \u2013 Rayonda bu q\u0259d\u0259r varl\u0131 adam var, gedib birinin qap\u0131s\u0131nda niy\u0259 i\u015fl\u0259mirs\u0259n?<br \/>\n  <br \/>\n  \u2013 Tan\u0131mad\u0131qlar\u0131 adam\u0131 kimdi el\u0259 yerl\u0259r\u0259 buraxan? Varl\u0131 adam\u0131n biri siz, g\u00f6nd\u0259rin qap\u0131n\u0131za, gedim i\u015fl\u0259yim. Bir ildir g\u00f6z\u00fcn\u00fcz\u00fcn qaba\u011f\u0131ndayam.<br \/>\n  <br \/>\n  Bu cavabdan d\u0259rhal sonra \u0259s\u0259bil\u0259\u015fib dedil\u0259r ki:<br \/>\n  <br \/>\n  \u2013 S\u0259n bu t\u0259rbiy\u0259 il\u0259 \u00e7\u0259tin i\u015f taparsan.\n<\/p>\n<p>\n  Polis d\u0259 i\u015far\u0259 el\u0259y\u0259nd\u0259 otaqdan \u00e7\u0131xma\u011fa m\u0259cbur oldum. \u00c7\u00fcnki \u00f6z aralar\u0131nda &#8220;ara qar\u0131\u015fd\u0131rma\u011fa c\u0259hd&#8221;, &#8220;t\u0259xribat xarakterli m\u00fcraci\u0259t&#8221; kimi qorxulu s\u00f6zl\u0259r i\u015fl\u0259dirdil\u0259r. Ad\u0131m da bu tuthatutda t\u0259rs kimi G\u00fclan\u0259dir. Gilan\u0259 olmasayd\u0131, d\u00fcnya da\u011f\u0131lard\u0131 sanki&#8230; \u2013 &#8220;Bu s\u00f6zl\u0259r m\u0259n\u0259 aiddirs\u0259, i\u015f-g\u00fcc c\u0259h\u0259nn\u0259m, vaxt\u0131nda \u00f6z\u00fcm aradan \u00e7\u0131x\u0131m&#8221; demi\u015fdim ki, C\u0259vahir xala sevinc\u0259k qolumdan tutub soru\u015fdu:\n<\/p>\n<p>\n  \u2013 \u0130\u015f verdil\u0259rmi, a bala?<br \/>\n  <br \/>\n  \u2013 Vermi\u015f kimi oldular, C\u0259vahir xala. Bu d\u0259f\u0259 bar\u0131t\u0131n\u0131 \u00e7ox el\u0259mis\u0259n dey\u0259s\u0259n, \u0259ll\u0259rin a\u011fr\u0131mas\u0131n.\n<\/p>\n<p>\n  M\u00f6ht\u0259r\u0259m nazir!\n<\/p>\n<p>\n  Bilir\u0259m, indi dey\u0259c\u0259ksiniz ki, bura m\u0259\u015f\u011fulluq idar\u0259si deyil-zad. Haql\u0131s\u0131n\u0131z. Amma m\u0259n sizd\u0259n i\u015f ist\u0259mir\u0259m ki. Sad\u0259c\u0259 iqtisadiyyat naziri olaraq milli varl\u0131lar\u0131m\u0131z\u0131n t\u0259snifat\u0131, t\u0259limat\u0131, onlarla r\u0259ftar qaydalar\u0131 bar\u0259d\u0259 \u0259d\u0259biyyat d\u0259rc etm\u0259y\u0259 v\u0259sait ay\u0131rsayd\u0131n\u0131z, \u00e7ox sevin\u0259rdik. Bel\u0259d\u0259 r\u0259smi d\u00f6vl\u0259t idar\u0259l\u0259rind\u0259 biz d\u0259 t\u0259rbiy\u0259sizlik etm\u0259rik. M\u0259s\u0259l\u0259n, m\u0259n \u00f6l\u0259n\u0259 q\u0259d\u0259r q\u0259sd\u0259n olmasa da, icra hakimiyy\u0259ti m\u0259murunu q\u0259z\u0259bl\u0259ndirdiyim\u0259 g\u00f6r\u0259 xiff\u0259t el\u0259y\u0259c\u0259m. \u018fcaba, varl\u0131 kateqoriyas\u0131na d\u00fc\u015f\u0259 bilm\u0259diyin\u0259 g\u00f6r\u0259 olarm\u0131? Bunlar\u0131n var-yoxuna h\u0259rd\u0259n \u0259l g\u0259zdirirl\u0259r ax\u0131&#8230; B\u0259lk\u0259 m\u0259n d\u0259 qanmazl\u0131qdan \u00fcnvana v\u0259 zaman\u0131na d\u00fc\u015f\u00fcb adam\u0131n yaral\u0131 yerin\u0259 toxunmu\u015fam. Allah x\u0259tam\u0131z\u0131 ba\u011f\u0131\u015flas\u0131n.\n<\/p>\n<p>\n  Di, salamat qal\u0131n. S\u0259birsizlikl\u0259 cavab g\u00f6zl\u0259yirik.<\/p>\n","protected":false},"excerpt":{"rendered":"<p>H\u00f6rm\u0259tli nazir!<\/p>\n","protected":false},"author":11,"featured_media":63528,"comment_status":"closed","ping_status":"open","sticky":false,"template":"","format":"standard","meta":{"_acf_changed":false,"_sitemap_exclude":false,"_sitemap_priority":"","_sitemap_frequency":"","footnotes":""},"categories":[57],"tags":[],"class_list":["post-178770","post","type-post","status-publish","format-standard","has-post-thumbnail","hentry","category-menim-fikrimce","infinite-scroll-item","generate-columns","tablet-grid-50","mobile-grid-100","grid-parent","grid-33","no-featured-image-padding"],"acf":[],"yoast_head":"<!-- This site is optimized with the Yoast SEO plugin v27.5 - https:\/\/yoast.com\/product\/yoast-seo-wordpress\/ -->\n<title>C\u0259vahir xalan\u0131n d\u00fcy\u00fcnl\u0259ri... - MEYDAN.TV<\/title>\n<meta name=\"robots\" content=\"index, follow, max-snippet:-1, max-image-preview:large, max-video-preview:-1\" \/>\n<link rel=\"canonical\" href=\"https:\/\/www.meydan.tv\/az\/article\/cevahir-xalanin-duyunleri\/\" \/>\n<meta property=\"og:locale\" content=\"az_AZ\" \/>\n<meta property=\"og:type\" content=\"article\" \/>\n<meta property=\"og:title\" content=\"C\u0259vahir xalan\u0131n d\u00fcy\u00fcnl\u0259ri... - MEYDAN.TV\" \/>\n<meta property=\"og:description\" content=\"H\u00f6rm\u0259tli nazir!\" \/>\n<meta property=\"og:url\" content=\"https:\/\/www.meydan.tv\/az\/article\/cevahir-xalanin-duyunleri\/\" \/>\n<meta property=\"og:site_name\" content=\"MEYDAN.TV\" \/>\n<meta property=\"article:published_time\" content=\"2016-09-09T15:52:19+00:00\" \/>\n<meta property=\"og:image\" content=\"https:\/\/www.meydan.tv\/wp-content\/uploads\/24253.jpg\" \/>\n\t<meta property=\"og:image:width\" content=\"500\" \/>\n\t<meta property=\"og:image:height\" content=\"500\" \/>\n\t<meta property=\"og:image:type\" content=\"image\/jpeg\" \/>\n<meta name=\"author\" content=\"user-manager\" \/>\n<meta name=\"twitter:card\" content=\"summary_large_image\" \/>\n<script type=\"application\/ld+json\" class=\"yoast-schema-graph\">{\"@context\":\"https:\\\/\\\/schema.org\",\"@graph\":[{\"@type\":\"Article\",\"@id\":\"https:\\\/\\\/www.meydan.tv\\\/az\\\/article\\\/cevahir-xalanin-duyunleri\\\/#article\",\"isPartOf\":{\"@id\":\"https:\\\/\\\/www.meydan.tv\\\/az\\\/article\\\/cevahir-xalanin-duyunleri\\\/\"},\"author\":{\"name\":\"user-manager\",\"@id\":\"https:\\\/\\\/www.meydan.tv\\\/az\\\/#\\\/schema\\\/person\\\/10d11eccf6da3662cf5fdab9806ea91a\"},\"headline\":\"C\u0259vahir xalan\u0131n d\u00fcy\u00fcnl\u0259ri&#8230;\",\"datePublished\":\"2016-09-09T15:52:19+00:00\",\"mainEntityOfPage\":{\"@id\":\"https:\\\/\\\/www.meydan.tv\\\/az\\\/article\\\/cevahir-xalanin-duyunleri\\\/\"},\"wordCount\":850,\"publisher\":{\"@id\":\"https:\\\/\\\/www.meydan.tv\\\/az\\\/#organization\"},\"image\":{\"@id\":\"https:\\\/\\\/www.meydan.tv\\\/az\\\/article\\\/cevahir-xalanin-duyunleri\\\/#primaryimage\"},\"thumbnailUrl\":\"https:\\\/\\\/www.meydan.tv\\\/wp-content\\\/uploads\\\/24253.jpg\",\"articleSection\":[\"M\u0259nim Fikrimc\u0259\"],\"inLanguage\":\"az\"},{\"@type\":\"WebPage\",\"@id\":\"https:\\\/\\\/www.meydan.tv\\\/az\\\/article\\\/cevahir-xalanin-duyunleri\\\/\",\"url\":\"https:\\\/\\\/www.meydan.tv\\\/az\\\/article\\\/cevahir-xalanin-duyunleri\\\/\",\"name\":\"C\u0259vahir xalan\u0131n d\u00fcy\u00fcnl\u0259ri... - MEYDAN.TV\",\"isPartOf\":{\"@id\":\"https:\\\/\\\/www.meydan.tv\\\/az\\\/#website\"},\"primaryImageOfPage\":{\"@id\":\"https:\\\/\\\/www.meydan.tv\\\/az\\\/article\\\/cevahir-xalanin-duyunleri\\\/#primaryimage\"},\"image\":{\"@id\":\"https:\\\/\\\/www.meydan.tv\\\/az\\\/article\\\/cevahir-xalanin-duyunleri\\\/#primaryimage\"},\"thumbnailUrl\":\"https:\\\/\\\/www.meydan.tv\\\/wp-content\\\/uploads\\\/24253.jpg\",\"datePublished\":\"2016-09-09T15:52:19+00:00\",\"breadcrumb\":{\"@id\":\"https:\\\/\\\/www.meydan.tv\\\/az\\\/article\\\/cevahir-xalanin-duyunleri\\\/#breadcrumb\"},\"inLanguage\":\"az\",\"potentialAction\":[{\"@type\":\"ReadAction\",\"target\":[\"https:\\\/\\\/www.meydan.tv\\\/az\\\/article\\\/cevahir-xalanin-duyunleri\\\/\"]}]},{\"@type\":\"ImageObject\",\"inLanguage\":\"az\",\"@id\":\"https:\\\/\\\/www.meydan.tv\\\/az\\\/article\\\/cevahir-xalanin-duyunleri\\\/#primaryimage\",\"url\":\"https:\\\/\\\/www.meydan.tv\\\/wp-content\\\/uploads\\\/24253.jpg\",\"contentUrl\":\"https:\\\/\\\/www.meydan.tv\\\/wp-content\\\/uploads\\\/24253.jpg\",\"width\":500,\"height\":500,\"caption\":\"Source:\"},{\"@type\":\"BreadcrumbList\",\"@id\":\"https:\\\/\\\/www.meydan.tv\\\/az\\\/article\\\/cevahir-xalanin-duyunleri\\\/#breadcrumb\",\"itemListElement\":[{\"@type\":\"ListItem\",\"position\":1,\"name\":\"Ana s\u0259hif\u0259\",\"item\":\"https:\\\/\\\/www.meydan.tv\\\/az\\\/\"},{\"@type\":\"ListItem\",\"position\":2,\"name\":\"M\u0259nim Fikrimc\u0259\",\"item\":\"https:\\\/\\\/www.meydan.tv\\\/az\\\/section\\\/menim-fikrimce\\\/\"},{\"@type\":\"ListItem\",\"position\":3,\"name\":\"C\u0259vahir xalan\u0131n d\u00fcy\u00fcnl\u0259ri&#8230;\"}]},{\"@type\":\"WebSite\",\"@id\":\"https:\\\/\\\/www.meydan.tv\\\/az\\\/#website\",\"url\":\"https:\\\/\\\/www.meydan.tv\\\/az\\\/\",\"name\":\"MEYDAN.TV\",\"description\":\"Meydan TV Az\u0259rbaycan\u0131n media m\u0259kan\u0131ndak\u0131 alternativ s\u0259sidir\",\"publisher\":{\"@id\":\"https:\\\/\\\/www.meydan.tv\\\/az\\\/#organization\"},\"potentialAction\":[{\"@type\":\"SearchAction\",\"target\":{\"@type\":\"EntryPoint\",\"urlTemplate\":\"https:\\\/\\\/www.meydan.tv\\\/az\\\/?s={search_term_string}\"},\"query-input\":{\"@type\":\"PropertyValueSpecification\",\"valueRequired\":true,\"valueName\":\"search_term_string\"}}],\"inLanguage\":\"az\"},{\"@type\":\"Organization\",\"@id\":\"https:\\\/\\\/www.meydan.tv\\\/az\\\/#organization\",\"name\":\"Meydan TV\",\"url\":\"https:\\\/\\\/www.meydan.tv\\\/az\\\/\",\"logo\":{\"@type\":\"ImageObject\",\"inLanguage\":\"az\",\"@id\":\"https:\\\/\\\/www.meydan.tv\\\/az\\\/#\\\/schema\\\/logo\\\/image\\\/\",\"url\":\"https:\\\/\\\/www.meydan.tv\\\/wp-content\\\/uploads\\\/2021\\\/07\\\/meydan-logo.svg\",\"contentUrl\":\"https:\\\/\\\/www.meydan.tv\\\/wp-content\\\/uploads\\\/2021\\\/07\\\/meydan-logo.svg\",\"width\":195,\"height\":46,\"caption\":\"Meydan TV\"},\"image\":{\"@id\":\"https:\\\/\\\/www.meydan.tv\\\/az\\\/#\\\/schema\\\/logo\\\/image\\\/\"}},{\"@type\":\"Person\",\"@id\":\"https:\\\/\\\/www.meydan.tv\\\/az\\\/#\\\/schema\\\/person\\\/10d11eccf6da3662cf5fdab9806ea91a\",\"name\":\"user-manager\"}]}<\/script>\n<!-- \/ Yoast SEO plugin. -->","yoast_head_json":{"title":"C\u0259vahir xalan\u0131n d\u00fcy\u00fcnl\u0259ri... - MEYDAN.TV","robots":{"index":"index","follow":"follow","max-snippet":"max-snippet:-1","max-image-preview":"max-image-preview:large","max-video-preview":"max-video-preview:-1"},"canonical":"https:\/\/www.meydan.tv\/az\/article\/cevahir-xalanin-duyunleri\/","og_locale":"az_AZ","og_type":"article","og_title":"C\u0259vahir xalan\u0131n d\u00fcy\u00fcnl\u0259ri... - MEYDAN.TV","og_description":"H\u00f6rm\u0259tli nazir!","og_url":"https:\/\/www.meydan.tv\/az\/article\/cevahir-xalanin-duyunleri\/","og_site_name":"MEYDAN.TV","article_published_time":"2016-09-09T15:52:19+00:00","og_image":[{"width":500,"height":500,"url":"https:\/\/www.meydan.tv\/wp-content\/uploads\/24253.jpg","type":"image\/jpeg"}],"author":"user-manager","twitter_card":"summary_large_image","schema":{"@context":"https:\/\/schema.org","@graph":[{"@type":"Article","@id":"https:\/\/www.meydan.tv\/az\/article\/cevahir-xalanin-duyunleri\/#article","isPartOf":{"@id":"https:\/\/www.meydan.tv\/az\/article\/cevahir-xalanin-duyunleri\/"},"author":{"name":"user-manager","@id":"https:\/\/www.meydan.tv\/az\/#\/schema\/person\/10d11eccf6da3662cf5fdab9806ea91a"},"headline":"C\u0259vahir xalan\u0131n d\u00fcy\u00fcnl\u0259ri&#8230;","datePublished":"2016-09-09T15:52:19+00:00","mainEntityOfPage":{"@id":"https:\/\/www.meydan.tv\/az\/article\/cevahir-xalanin-duyunleri\/"},"wordCount":850,"publisher":{"@id":"https:\/\/www.meydan.tv\/az\/#organization"},"image":{"@id":"https:\/\/www.meydan.tv\/az\/article\/cevahir-xalanin-duyunleri\/#primaryimage"},"thumbnailUrl":"https:\/\/www.meydan.tv\/wp-content\/uploads\/24253.jpg","articleSection":["M\u0259nim Fikrimc\u0259"],"inLanguage":"az"},{"@type":"WebPage","@id":"https:\/\/www.meydan.tv\/az\/article\/cevahir-xalanin-duyunleri\/","url":"https:\/\/www.meydan.tv\/az\/article\/cevahir-xalanin-duyunleri\/","name":"C\u0259vahir xalan\u0131n d\u00fcy\u00fcnl\u0259ri... - MEYDAN.TV","isPartOf":{"@id":"https:\/\/www.meydan.tv\/az\/#website"},"primaryImageOfPage":{"@id":"https:\/\/www.meydan.tv\/az\/article\/cevahir-xalanin-duyunleri\/#primaryimage"},"image":{"@id":"https:\/\/www.meydan.tv\/az\/article\/cevahir-xalanin-duyunleri\/#primaryimage"},"thumbnailUrl":"https:\/\/www.meydan.tv\/wp-content\/uploads\/24253.jpg","datePublished":"2016-09-09T15:52:19+00:00","breadcrumb":{"@id":"https:\/\/www.meydan.tv\/az\/article\/cevahir-xalanin-duyunleri\/#breadcrumb"},"inLanguage":"az","potentialAction":[{"@type":"ReadAction","target":["https:\/\/www.meydan.tv\/az\/article\/cevahir-xalanin-duyunleri\/"]}]},{"@type":"ImageObject","inLanguage":"az","@id":"https:\/\/www.meydan.tv\/az\/article\/cevahir-xalanin-duyunleri\/#primaryimage","url":"https:\/\/www.meydan.tv\/wp-content\/uploads\/24253.jpg","contentUrl":"https:\/\/www.meydan.tv\/wp-content\/uploads\/24253.jpg","width":500,"height":500,"caption":"Source:"},{"@type":"BreadcrumbList","@id":"https:\/\/www.meydan.tv\/az\/article\/cevahir-xalanin-duyunleri\/#breadcrumb","itemListElement":[{"@type":"ListItem","position":1,"name":"Ana s\u0259hif\u0259","item":"https:\/\/www.meydan.tv\/az\/"},{"@type":"ListItem","position":2,"name":"M\u0259nim Fikrimc\u0259","item":"https:\/\/www.meydan.tv\/az\/section\/menim-fikrimce\/"},{"@type":"ListItem","position":3,"name":"C\u0259vahir xalan\u0131n d\u00fcy\u00fcnl\u0259ri&#8230;"}]},{"@type":"WebSite","@id":"https:\/\/www.meydan.tv\/az\/#website","url":"https:\/\/www.meydan.tv\/az\/","name":"MEYDAN.TV","description":"Meydan TV Az\u0259rbaycan\u0131n media m\u0259kan\u0131ndak\u0131 alternativ s\u0259sidir","publisher":{"@id":"https:\/\/www.meydan.tv\/az\/#organization"},"potentialAction":[{"@type":"SearchAction","target":{"@type":"EntryPoint","urlTemplate":"https:\/\/www.meydan.tv\/az\/?s={search_term_string}"},"query-input":{"@type":"PropertyValueSpecification","valueRequired":true,"valueName":"search_term_string"}}],"inLanguage":"az"},{"@type":"Organization","@id":"https:\/\/www.meydan.tv\/az\/#organization","name":"Meydan TV","url":"https:\/\/www.meydan.tv\/az\/","logo":{"@type":"ImageObject","inLanguage":"az","@id":"https:\/\/www.meydan.tv\/az\/#\/schema\/logo\/image\/","url":"https:\/\/www.meydan.tv\/wp-content\/uploads\/2021\/07\/meydan-logo.svg","contentUrl":"https:\/\/www.meydan.tv\/wp-content\/uploads\/2021\/07\/meydan-logo.svg","width":195,"height":46,"caption":"Meydan TV"},"image":{"@id":"https:\/\/www.meydan.tv\/az\/#\/schema\/logo\/image\/"}},{"@type":"Person","@id":"https:\/\/www.meydan.tv\/az\/#\/schema\/person\/10d11eccf6da3662cf5fdab9806ea91a","name":"user-manager"}]}},"_links":{"self":[{"href":"https:\/\/www.meydan.tv\/az\/wp-json\/wp\/v2\/posts\/178770","targetHints":{"allow":["GET"]}}],"collection":[{"href":"https:\/\/www.meydan.tv\/az\/wp-json\/wp\/v2\/posts"}],"about":[{"href":"https:\/\/www.meydan.tv\/az\/wp-json\/wp\/v2\/types\/post"}],"author":[{"embeddable":true,"href":"https:\/\/www.meydan.tv\/az\/wp-json\/wp\/v2\/users\/11"}],"replies":[{"embeddable":true,"href":"https:\/\/www.meydan.tv\/az\/wp-json\/wp\/v2\/comments?post=178770"}],"version-history":[{"count":0,"href":"https:\/\/www.meydan.tv\/az\/wp-json\/wp\/v2\/posts\/178770\/revisions"}],"wp:featuredmedia":[{"embeddable":true,"href":"https:\/\/www.meydan.tv\/az\/wp-json\/wp\/v2\/media\/63528"}],"wp:attachment":[{"href":"https:\/\/www.meydan.tv\/az\/wp-json\/wp\/v2\/media?parent=178770"}],"wp:term":[{"taxonomy":"category","embeddable":true,"href":"https:\/\/www.meydan.tv\/az\/wp-json\/wp\/v2\/categories?post=178770"},{"taxonomy":"post_tag","embeddable":true,"href":"https:\/\/www.meydan.tv\/az\/wp-json\/wp\/v2\/tags?post=178770"}],"curies":[{"name":"wp","href":"https:\/\/api.w.org\/{rel}","templated":true}]}}