{"id":178740,"date":"2016-09-08T16:48:15","date_gmt":"2016-09-08T16:48:15","guid":{"rendered":"https:\/\/www.meydan.tv\/article\/referendum-akti-ifade-azadligini-ve-informasiyaya-catimliligi-tehlukeye-atir\/"},"modified":"2016-09-08T16:48:15","modified_gmt":"2016-09-08T16:48:15","slug":"referendum-akti-ifade-azadligini-ve-informasiyaya-catimliligi-tehlukeye-atir","status":"publish","type":"post","link":"https:\/\/www.meydan.tv\/az\/article\/referendum-akti-ifade-azadligini-ve-informasiyaya-catimliligi-tehlukeye-atir\/","title":{"rendered":"Referendum akt\u0131 ifad\u0259 azadl\u0131\u011f\u0131n\u0131 v\u0259 informasiyaya \u00e7at\u0131ml\u0131l\u0131\u011f\u0131 t\u0259hl\u00fck\u0259y\u0259 at\u0131r"},"content":{"rendered":"<p>\n  Konstitusiyaya \u0259lav\u0259 v\u0259 d\u0259yi\u015fiklik \u00fc\u00e7\u00fcn 26 sentyabr 2016-c\u0131 ild\u0259 Referendumun t\u0259yin edilm\u0259si v\u0259 Referendum akt\u0131n\u0131n s\u0259sverm\u0259y\u0259 \u00e7\u0131xar\u0131lmas\u0131 bir \u00e7ox istiqam\u0259td\u0259 ciddi m\u00fczakir\u0259l\u0259rin apar\u0131lmas\u0131n\u0131 z\u0259ruri edir. Bu istiqam\u0259tl\u0259rd\u0259n biri d\u0259 Referendum akt\u0131n\u0131n ifad\u0259 v\u0259 informasiya azadl\u0131\u011f\u0131 bax\u0131m\u0131ndan yaradaca\u011f\u0131 probleml\u0259rdir.\n<\/p>\n<p>\n  Referendum akt\u0131 il\u0259 Konstitusiyaya 29 m\u00fcxt\u0259lif d\u0259yi\u015fiklik v\u0259 ya \u0259lav\u0259l\u0259r n\u0259z\u0259rd\u0259 tutulur. Onlar\u0131n 14-\u00fc birba\u015fa Konstitusiyan\u0131n III f\u0259slind\u0259 yer alan \u0259sas insan h\u00fcquq v\u0259 azadl\u0131qlar\u0131n\u0131 h\u0259d\u0259f al\u0131b. Bu f\u0259slin \u0259n t\u0259m\u0259l \u00f6z\u0259lliyi onu k\u0259nar m\u00fcdaxil\u0259l\u0259rd\u0259n qoruyan immunitetin Konstitusiyan\u0131n \u00f6z\u00fcnd\u0259 n\u0259z\u0259rd\u0259 tutulmas\u0131d\u0131r. Konstitusiyan\u0131n 155-ci madd\u0259si referenduma \u00e7\u0131xar\u0131lacaq d\u0259yi\u015fiklikl\u0259r\u0259 dair t\u0259klif t\u0259\u015f\u0259bb\u00fcs\u00fcn\u00fcn m\u0259hdudla\u015fd\u0131r\u0131lmas\u0131n\u0131 n\u0259z\u0259rd\u0259 tutur. &#8220;Konstitusiyan\u0131n III f\u0259slind\u0259 n\u0259z\u0259rd\u0259 tutulmu\u015f insan v\u0259 v\u0259t\u0259nda\u015f h\u00fcquqlar\u0131 v\u0259 azadl\u0131qlar\u0131n\u0131n l\u0259\u011fvi v\u0259 ya Az\u0259rbaycan Respublikas\u0131n\u0131n t\u0259r\u0259fdar \u00e7\u0131xd\u0131\u011f\u0131 beyn\u0259lxalq m\u00fcqavil\u0259l\u0259rd\u0259 n\u0259z\u0259rd\u0259 tutuldu\u011fundan daha art\u0131q d\u0259r\u0259c\u0259d\u0259 m\u0259hdudla\u015fd\u0131r\u0131lmas\u0131 haqq\u0131nda t\u0259klifl\u0259r referenduma \u00e7\u0131xar\u0131la bilm\u0259z&#8221;, -dey\u0259r\u0259k bu immuniteti yarad\u0131r.\n<\/p>\n<p>\n  D\u0259yi\u015fiklik v\u0259 \u0259lav\u0259l\u0259rin n\u0259z\u0259rd\u0259 tutuldu\u011fu 32-ci madd\u0259 \u015f\u0259xsi toxunulmazl\u0131q h\u00fcququna, 47-ci madd\u0259 fikir v\u0259 s\u00f6z, 49-cu madd\u0259 s\u0259rb\u0259st topla\u015fmaq azadl\u0131qlar\u0131na, 57-ci madd\u0259 m\u00fcraci\u0259t etm\u0259k h\u00fcququna, 59-cu madd\u0259 birl\u0259\u015fm\u0259k h\u00fcququna, habel\u0259 68 v\u0259 71-ci madd\u0259l\u0259r birba\u015fa yaxud dolay\u0131s\u0131 il\u0259 ifad\u0259 v\u0259 informasiya azadl\u0131\u011f\u0131na toxunur.\n<\/p>\n<p>\n  32-ci madd\u0259y\u0259 \u0259lav\u0259 edilm\u0259si n\u0259z\u0259rd\u0259 tutulan VI b\u0259nd: &#8220;Qanunla m\u00fc\u0259yy\u0259n edilmi\u015f hallar istisna olmaqla, \u00fc\u00e7\u00fcnc\u00fc \u015f\u0259xsl\u0259r haqq\u0131nda m\u0259lumat almaq m\u0259qs\u0259di il\u0259 elektron formada v\u0259 ya ka\u011f\u0131z \u00fcz\u0259rind\u0259 apar\u0131lan informasiya ehtiyatlar\u0131na daxil olmaq qada\u011fand\u0131r&#8221;, &#8211; dey\u0259r\u0259k, informasiya a\u00e7\u0131ql\u0131\u011f\u0131 prinsipi anlay\u0131\u015f\u0131n\u0131 alt-\u00fcst edir. M\u0259s\u0259l\u0259 bundad\u0131r ki, qanunla g\u00f6st\u0259ril\u0259n m\u0259hdudiyy\u0259tl\u0259r istisna olmaqla informasiyalar a\u00e7\u0131q olmal\u0131d\u0131r. A\u00e7\u0131ql\u0131q t\u0259m\u0259l prinsipdir. A\u00e7\u0131ql\u0131\u011f\u0131n istisnas\u0131 qanunla qorunan m\u0259nafel\u0259ri g\u00f6st\u0259r\u0259n m\u0259hdudiyy\u0259tl\u0259rdir. Qanun m\u0259hdudiyy\u0259tl\u0259rin siyah\u0131s\u0131n\u0131 v\u0259 s\u0259rh\u0259ddini m\u00fc\u0259yy\u0259n ed\u0259 bil\u0259r. Bu s\u0259rh\u0259dl\u0259rd\u0259n biri d\u0259 \u015f\u0259xsin \u00f6z\u0259l h\u0259yat\u0131na dair informasiyalard\u0131r.\n<\/p>\n<p>\n  Konstitusiyan\u0131n 32-ci madd\u0259sinin 3-c\u00fc b\u0259ndind\u0259 bu ayd\u0131n g\u00f6st\u0259rilib: &#8220;\u00d6z raz\u0131l\u0131\u011f\u0131 olmadan kims\u0259nin \u015f\u0259xsi h\u0259yat\u0131 haqq\u0131nda m\u0259lumat\u0131n toplan\u0131lmas\u0131na, saxlan\u0131lmas\u0131na, istifad\u0259sin\u0259 v\u0259 yay\u0131lmas\u0131na yol verilmir&#8221;. Bel\u0259 olan halda, h\u0259r hans\u0131 \u00f6z\u0259l h\u0259yat qeydi olmadan &#8220;\u00fc\u00e7\u00fcnc\u00fc \u015f\u0259xsl\u0259r haqq\u0131nda m\u0259lumat almaq m\u0259qs\u0259di il\u0259 elektron formada v\u0259 ya ka\u011f\u0131z \u00fcz\u0259rind\u0259 apar\u0131lan informasiya ehtiyatlar\u0131na daxil olmaq qada\u011fand\u0131r&#8221;, &#8211; dem\u0259k v\u0259 \u00fc\u00e7\u00fcnc\u00fc \u015f\u0259xsl\u0259r haqq\u0131nda harada (elektron formada v\u0259 ya ka\u011f\u0131z \u00fcz\u0259rind\u0259) olmas\u0131ndan as\u0131l\u0131 olmayaraq m\u0259lumat alman\u0131 qada\u011fan etm\u0259k, b\u00fct\u00fcnl\u00fckl\u0259 3-c\u00fc \u015f\u0259xsl\u0259r haqq\u0131nda ictimai \u0259h\u0259miyy\u0259t da\u015f\u0131yan informasiyalar\u0131n da al\u0131nmas\u0131n\u0131 m\u0259hdudla\u015fd\u0131rma\u011fa \u015f\u0259rait yaradacaq. Ayr\u0131ca, buradak\u0131 \u00fc\u00e7\u00fcnc\u00fc &#8220;\u015f\u0259xsl\u0259r&#8221; ifad\u0259si h\u00fcquqda \u00e7ox geni\u015f anla\u015f\u0131l\u0131r v\u0259 h\u0259m fiziki \u015f\u0259xsl\u0259ri, h\u0259m d\u0259 h\u00fcquqi \u015f\u0259xsl\u0259ri \u0259hat\u0259 edir. Halbuki, 32-ci madd\u0259nin ad\u0131 &#8220;\u015f\u0259xsi toxunulmazl\u0131q h\u00fcququ&#8221;dur v\u0259 burada m\u0259qs\u0259d \u015f\u0259xsl\u0259rin (h\u00fcquqi v\u0259 fiziki \u015f\u0259xsl\u0259r) yox, f\u0259rdin (individual \u015f\u0259xsin) toxunulmazl\u0131q h\u00fcququnu t\u0259minat alt\u0131na almaqd\u0131r.\n<\/p>\n<p>\n  Bu b\u0259ndin 32-ci madd\u0259y\u0259 \u0259lav\u0259 edilm\u0259 qay\u011f\u0131s\u0131n\u0131n haradan g\u0259ldiyini t\u0259xmin etm\u0259k \u00e7\u0259tin deyil.\n<\/p>\n<p>\n  G\u00f6r\u00fcnd\u00fcy\u00fc kimi, qanunvericiliy\u0259 edilmi\u015f 12 iyun 2012-ci il tarixli 381-IVQD sayl\u0131 d\u00fcz\u0259li\u015fl\u0259rl\u0259 Kommersiya sirri haqq\u0131nda Qanuna v\u0259 H\u00fcquqi \u015f\u0259xsl\u0259rin d\u00f6vl\u0259t qeydiyyat\u0131 v\u0259 d\u00f6vl\u0259t reyestri haqq\u0131nda Qanuna m\u0259hdudla\u015fd\u0131r\u0131c\u0131 norma g\u0259tirildi. &#8220;Kommersiya h\u00fcquqi \u015f\u0259xsl\u0259rin t\u0259sis\u00e7il\u0259ri (i\u015ftirak\u00e7\u0131lar\u0131) v\u0259 onlar\u0131n nizamnam\u0259 kapital\u0131ndak\u0131 paylar\u0131 bar\u0259d\u0259&#8221; &#8211; m\u0259lumatlar kommersiya sirri hesab edildi. T\u0259sis\u00e7il\u0259r, i\u015ftirak\u00e7\u0131lar fiziki \u015f\u0259xs olduqda bunlar\u0131n adlar\u0131 f\u0259rdi m\u0259lumatlard\u0131r. Dem\u0259li, konkret bu halda f\u0259rdi m\u0259lumatlar\u0131 qanun kommersiya sirri kimi \u0259lav\u0259 qoruma alt\u0131na al\u0131b.\n<\/p>\n<p>\n  Son vaxtlar m\u00fcasir \u0130KT-dan istifad\u0259 ed\u0259n beyn\u0259lxalq jurnalist \u015f\u0259b\u0259k\u0259l\u0259ri v\u0259 qruplar\u0131 d\u00fcnyan\u0131n m\u00fcxt\u0259lif \u00f6lk\u0259l\u0259rind\u0259 x\u00fcsusil\u0259 siyas\u0259t\u00e7il\u0259rin v\u0259 idar\u0259etm\u0259 s\u0259lahiyy\u0259ti olan \u015f\u0259xsl\u0259rin qanunsuz g\u0259lirl\u0259rini, korrupsiya faktlar\u0131n\u0131 a\u015fkar ed\u0259n s\u0259n\u0259d\u0259l\u0259ri ortaya \u00e7\u0131xararaq, onlar\u0131n &#8220;ictimai n\u00fcfuz&#8221;unu ciddi z\u0259rb\u0259 alt\u0131nda qoya bilirl\u0259r. Bu &#8220;gizli&#8221; s\u0259n\u0259dl\u0259rin \u0259ld\u0259 olunmas\u0131 il\u0259 m\u00fcxt\u0259lif qanunsuz biznes \u015f\u0259b\u0259k\u0259l\u0259rinin, qara pul ax\u0131n\u0131n\u0131n if\u015fa olunmas\u0131 asanla\u015f\u0131r. 32-ci madd\u0259y\u0259 bel\u0259 bir b\u0259ndin \u0259lav\u0259 edilm\u0259si y\u0259qin ki, daha sonra bu davran\u0131\u015flar\u0131n ciddi h\u00fcquqi, o c\u00fcml\u0259d\u0259n cinay\u0259t m\u0259suliyy\u0259ti yaratmas\u0131 il\u0259 n\u0259tic\u0259l\u0259n\u0259c\u0259k v\u0259 ictimai \u0259h\u0259miyy\u0259t da\u015f\u0131yan informasiyalara \u00e7\u0131x\u0131\u015f\u0131 m\u0259hdudla\u015fd\u0131rman\u0131 h\u0259d\u0259fl\u0259y\u0259c\u0259k.\n<\/p>\n<p>\n  \u0130nformasiya \u0259ld\u0259 etm\u0259k h\u00fcququ bir \u00e7ox t\u0259m\u0259l insan h\u00fcquq v\u0259 azadl\u0131\u011f\u0131 \u00fc\u00e7\u00fcn a\u00e7ar rolu oynayan ifad\u0259 azadl\u0131\u011f\u0131 h\u00fcququnun ayr\u0131lmaz par\u00e7as\u0131d\u0131r. Legitim h\u00fcquqi \u0259sas olmadan bu azadl\u0131\u011f\u0131n m\u0259hdudla\u015fd\u0131r\u0131lmas\u0131 yolverilm\u0259zdir. Avropa \u0130nsan H\u00fcquqlar\u0131 Konvensiyas\u0131n\u0131n 10-cu madd\u0259si birba\u015fa ifad\u0259 azadl\u0131\u011f\u0131n\u0131 qoruyur v\u0259 demokratik c\u0259miyy\u0259tl\u0259rd\u0259 ona hans\u0131 \u0259saslarda m\u00fcdaxil\u0259 edil\u0259 bil\u0259c\u0259yinin z\u0259ruriliyini v\u0259 bunun s\u0259rh\u0259dl\u0259rini g\u00f6st\u0259rir.\n<\/p>\n<p>\n  \u00dc\u00e7\u00fcnc\u00fc \u015f\u0259xsl\u0259rin \u00f6z\u0259l h\u0259yat\u0131na aid olmayan, ictimai \u0259h\u0259miyy\u0259t da\u015f\u0131yan m\u0259lumatlar\u0131na \u00e7at\u0131ml\u0131l\u0131\u011f\u0131 m\u0259hdudla\u015fd\u0131ran ist\u0259nil\u0259n t\u0259nziml\u0259m\u0259 Konvensiyaya ziddir. \u0130nformasiya toplamaq v\u0259 yaymaq ist\u0259y\u0259n h\u0259r hans\u0131 jurnalist yaxud QHT f\u0259al\u0131 \u00fc\u00e7\u00fcn korrupsiyaya bula\u015fm\u0131\u015f siyas\u0259t\u00e7i v\u0259 ya m\u0259mur \u00fc\u00e7\u00fcnc\u00fc \u015f\u0259xsdir. H\u0259min \u00fc\u00e7\u00fcnc\u00fc \u015f\u0259xsin qanunsuz \u0259m\u0259lini \u00fcz\u0259 \u00e7\u0131xarmaq ist\u0259y\u0259n ara\u015fd\u0131rma\u00e7\u0131 jurnalist, onun qanunsuz t\u0259sis\u00e7iliyi, yaxud hans\u0131sa terroru maliyy\u0259l\u0259\u015fdirm\u0259d\u0259 \u015f\u00fcbh\u0259li qurumdak\u0131 pay\u0131n\u0131 \u00f6yr\u0259nm\u0259k m\u0259qs\u0259di il\u0259 elektron bazada olan v\u0259 ciddi ictimai \u0259h\u0259miyy\u0259t da\u015f\u0131yan informasiyalar\u0131 \u0259ld\u0259 ed\u0259 bilm\u0259lidir. Yerli qanunvericilik bu informasiyalar\u0131 legitim \u0259sas olmadan m\u0259hdudla\u015fd\u0131r\u0131b. B\u0259z\u0259n jurnalistl\u0259r dolay\u0131 yollarla bu qanunsuz \u0259m\u0259ll\u0259ri a\u015fkarlayan informasiyalar\u0131 \u0259ld\u0259 ed\u0259r\u0259k, bu \u015f\u0259xsl\u0259rin kirli ba\u011flar\u0131n\u0131 ortaya \u00e7\u0131xara bil\u0259r.\n<\/p>\n<p>\n  \u0130ndiki bu t\u0259nziml\u0259m\u0259 ictimai \u0259h\u0259miyy\u0259t da\u015f\u0131yan v\u0259 qanunsuzluqlar\u0131n \u00f6nl\u0259nm\u0259sin\u0259 xidm\u0259t ed\u0259n bu tip hallar\u0131n da qar\u015f\u0131s\u0131n\u0131 alma\u011fa, ictimai informasiyaya \u00e7at\u0131ml\u0131l\u0131\u011f\u0131 aradan qald\u0131r\u0131lma\u011fa xidm\u0259t edir. 32-ci madd\u0259y\u0259 bunun \u0259lav\u0259 edilm\u0259si Az\u0259rbaycan Respublikas\u0131n\u0131n t\u0259r\u0259fdar \u00e7\u0131xd\u0131\u011f\u0131 beyn\u0259lxalq m\u00fcqavil\u0259l\u0259rd\u0259 n\u0259z\u0259rd\u0259 tutuldu\u011fundan, daha art\u0131q m\u0259hdudla\u015fd\u0131r\u0131lmaqd\u0131r. Konstitusiyan\u0131n 155-ci madd\u0259sin\u0259 g\u00f6r\u0259 bu mahiyy\u0259td\u0259 olan m\u00fcdd\u0259a referenduma \u00e7\u0131xar\u0131la bilm\u0259z.\n<\/p>\n<p>\n  32-ci madd\u0259y\u0259 \u0259lav\u0259 \u0259dil\u0259n VII b\u0259ndin mahiyy\u0259ti d\u0259 tam ayd\u0131n ifad\u0259 edilm\u0259yib v\u0259 hans\u0131 m\u0259qs\u0259dl\u0259 Konstitusiya madd\u0259si hal\u0131na g\u0259tirildiyi anla\u015f\u0131lm\u0131r. \u00c7\u00fcnki, m\u00f6vcud 32-ci madd\u0259nin m\u0259tni III b\u0259ndind\u0259 \u00e7ox a\u00e7\u0131q \u015f\u0259kild\u0259 &#8220;\u00d6z raz\u0131l\u0131\u011f\u0131 olmadan kims\u0259nin \u015f\u0259xsi h\u0259yat\u0131 haqq\u0131nda m\u0259lumat\u0131n toplan\u0131lmas\u0131na, saxlan\u0131lmas\u0131na, istifad\u0259sin\u0259 v\u0259 yay\u0131lmas\u0131na yol verilmir&#8221; dey\u0259r\u0259k, b\u00fct\u00fcnl\u00fckl\u0259 \u015f\u0259xsi h\u0259yata dair informasiyalara \u00e7\u0131x\u0131\u015f\u0131 v\u0259 onlar\u0131n toplan\u0131b yay\u0131lmas\u0131n\u0131 m\u0259hdudla\u015fd\u0131r\u0131b. Bel\u0259 olan halda \u015f\u0259xsi h\u0259yat\u0131n bir hiss\u0259sini yenid\u0259n x\u00fcsusi vur\u011fulamaq v\u0259 \u0130KT vasit\u0259l\u0259rini saymaqla g\u00f6st\u0259rm\u0259yin he\u00e7 bir konstitusion anlam\u0131 yoxdur. M\u0259lumat\u0131n toplanmas\u0131 qada\u011fand\u0131rsa, b\u00fct\u00fcn vasit\u0259l\u0259r qada\u011fand\u0131r. Bel\u0259 anla\u015f\u0131l\u0131r ki, bu g\u00fcn informasiya texnologiyalar\u0131n\u0131n qeyd edilm\u0259si, bir ild\u0259n sonra f\u0259rqli bir d\u0259yi\u015fikliy\u0259 ehtiyac yarada bil\u0259r.\n<\/p>\n<p>\n  M\u0259nb\u0259:<br \/>\n  <a href=\"http:\/\/freeeconomy.az\/blog\/referendumifadeazadligi\/\" target=\"_blank\" rel=\"noopener\"><br \/>\n    freeeconomy.az<br \/>\n  <\/a><\/p>\n","protected":false},"excerpt":{"rendered":"<p>Referendum akt\u0131n\u0131n s\u0259sverm\u0259y\u0259 \u00e7\u0131xar\u0131lmas\u0131 bir \u00e7ox istiqam\u0259td\u0259 ciddi m\u00fczakir\u0259l\u0259rin apar\u0131lmas\u0131n\u0131 z\u0259ruri edir<\/p>\n","protected":false},"author":11,"featured_media":58007,"comment_status":"closed","ping_status":"open","sticky":false,"template":"","format":"standard","meta":{"_acf_changed":false,"_sitemap_exclude":false,"_sitemap_priority":"","_sitemap_frequency":"","footnotes":""},"categories":[51],"tags":[],"class_list":["post-178740","post","type-post","status-publish","format-standard","has-post-thumbnail","hentry","category-analitika","infinite-scroll-item","generate-columns","tablet-grid-50","mobile-grid-100","grid-parent","grid-33","no-featured-image-padding"],"acf":[],"yoast_head":"<!-- This site is optimized with the Yoast SEO plugin v27.5 - https:\/\/yoast.com\/product\/yoast-seo-wordpress\/ -->\n<title>Referendum akt\u0131 ifad\u0259 azadl\u0131\u011f\u0131n\u0131 v\u0259 informasiyaya \u00e7at\u0131ml\u0131l\u0131\u011f\u0131 t\u0259hl\u00fck\u0259y\u0259 at\u0131r - MEYDAN.TV<\/title>\n<meta name=\"robots\" content=\"index, follow, max-snippet:-1, max-image-preview:large, max-video-preview:-1\" \/>\n<link rel=\"canonical\" href=\"https:\/\/www.meydan.tv\/az\/article\/referendum-akti-ifade-azadligini-ve-informasiyaya-catimliligi-tehlukeye-atir\/\" \/>\n<meta property=\"og:locale\" content=\"az_AZ\" \/>\n<meta property=\"og:type\" content=\"article\" \/>\n<meta property=\"og:title\" content=\"Referendum akt\u0131 ifad\u0259 azadl\u0131\u011f\u0131n\u0131 v\u0259 informasiyaya \u00e7at\u0131ml\u0131l\u0131\u011f\u0131 t\u0259hl\u00fck\u0259y\u0259 at\u0131r - MEYDAN.TV\" \/>\n<meta property=\"og:description\" content=\"Referendum akt\u0131n\u0131n s\u0259sverm\u0259y\u0259 \u00e7\u0131xar\u0131lmas\u0131 bir \u00e7ox istiqam\u0259td\u0259 ciddi m\u00fczakir\u0259l\u0259rin apar\u0131lmas\u0131n\u0131 z\u0259ruri edir\" \/>\n<meta property=\"og:url\" content=\"https:\/\/www.meydan.tv\/az\/article\/referendum-akti-ifade-azadligini-ve-informasiyaya-catimliligi-tehlukeye-atir\/\" \/>\n<meta property=\"og:site_name\" content=\"MEYDAN.TV\" \/>\n<meta property=\"article:published_time\" content=\"2016-09-08T16:48:15+00:00\" \/>\n<meta property=\"og:image\" content=\"https:\/\/www.meydan.tv\/wp-content\/uploads\/21982.jpg\" \/>\n\t<meta property=\"og:image:width\" content=\"1280\" \/>\n\t<meta property=\"og:image:height\" content=\"720\" \/>\n\t<meta property=\"og:image:type\" content=\"image\/jpeg\" \/>\n<meta name=\"author\" content=\"user-manager\" \/>\n<meta name=\"twitter:card\" content=\"summary_large_image\" \/>\n<script type=\"application\/ld+json\" class=\"yoast-schema-graph\">{\"@context\":\"https:\\\/\\\/schema.org\",\"@graph\":[{\"@type\":\"Article\",\"@id\":\"https:\\\/\\\/www.meydan.tv\\\/az\\\/article\\\/referendum-akti-ifade-azadligini-ve-informasiyaya-catimliligi-tehlukeye-atir\\\/#article\",\"isPartOf\":{\"@id\":\"https:\\\/\\\/www.meydan.tv\\\/az\\\/article\\\/referendum-akti-ifade-azadligini-ve-informasiyaya-catimliligi-tehlukeye-atir\\\/\"},\"author\":{\"name\":\"user-manager\",\"@id\":\"https:\\\/\\\/www.meydan.tv\\\/az\\\/#\\\/schema\\\/person\\\/10d11eccf6da3662cf5fdab9806ea91a\"},\"headline\":\"Referendum akt\u0131 ifad\u0259 azadl\u0131\u011f\u0131n\u0131 v\u0259 informasiyaya \u00e7at\u0131ml\u0131l\u0131\u011f\u0131 t\u0259hl\u00fck\u0259y\u0259 at\u0131r\",\"datePublished\":\"2016-09-08T16:48:15+00:00\",\"mainEntityOfPage\":{\"@id\":\"https:\\\/\\\/www.meydan.tv\\\/az\\\/article\\\/referendum-akti-ifade-azadligini-ve-informasiyaya-catimliligi-tehlukeye-atir\\\/\"},\"wordCount\":1505,\"publisher\":{\"@id\":\"https:\\\/\\\/www.meydan.tv\\\/az\\\/#organization\"},\"image\":{\"@id\":\"https:\\\/\\\/www.meydan.tv\\\/az\\\/article\\\/referendum-akti-ifade-azadligini-ve-informasiyaya-catimliligi-tehlukeye-atir\\\/#primaryimage\"},\"thumbnailUrl\":\"https:\\\/\\\/www.meydan.tv\\\/wp-content\\\/uploads\\\/21982.jpg\",\"articleSection\":[\"Analitika\"],\"inLanguage\":\"az\"},{\"@type\":\"WebPage\",\"@id\":\"https:\\\/\\\/www.meydan.tv\\\/az\\\/article\\\/referendum-akti-ifade-azadligini-ve-informasiyaya-catimliligi-tehlukeye-atir\\\/\",\"url\":\"https:\\\/\\\/www.meydan.tv\\\/az\\\/article\\\/referendum-akti-ifade-azadligini-ve-informasiyaya-catimliligi-tehlukeye-atir\\\/\",\"name\":\"Referendum akt\u0131 ifad\u0259 azadl\u0131\u011f\u0131n\u0131 v\u0259 informasiyaya \u00e7at\u0131ml\u0131l\u0131\u011f\u0131 t\u0259hl\u00fck\u0259y\u0259 at\u0131r - MEYDAN.TV\",\"isPartOf\":{\"@id\":\"https:\\\/\\\/www.meydan.tv\\\/az\\\/#website\"},\"primaryImageOfPage\":{\"@id\":\"https:\\\/\\\/www.meydan.tv\\\/az\\\/article\\\/referendum-akti-ifade-azadligini-ve-informasiyaya-catimliligi-tehlukeye-atir\\\/#primaryimage\"},\"image\":{\"@id\":\"https:\\\/\\\/www.meydan.tv\\\/az\\\/article\\\/referendum-akti-ifade-azadligini-ve-informasiyaya-catimliligi-tehlukeye-atir\\\/#primaryimage\"},\"thumbnailUrl\":\"https:\\\/\\\/www.meydan.tv\\\/wp-content\\\/uploads\\\/21982.jpg\",\"datePublished\":\"2016-09-08T16:48:15+00:00\",\"breadcrumb\":{\"@id\":\"https:\\\/\\\/www.meydan.tv\\\/az\\\/article\\\/referendum-akti-ifade-azadligini-ve-informasiyaya-catimliligi-tehlukeye-atir\\\/#breadcrumb\"},\"inLanguage\":\"az\",\"potentialAction\":[{\"@type\":\"ReadAction\",\"target\":[\"https:\\\/\\\/www.meydan.tv\\\/az\\\/article\\\/referendum-akti-ifade-azadligini-ve-informasiyaya-catimliligi-tehlukeye-atir\\\/\"]}]},{\"@type\":\"ImageObject\",\"inLanguage\":\"az\",\"@id\":\"https:\\\/\\\/www.meydan.tv\\\/az\\\/article\\\/referendum-akti-ifade-azadligini-ve-informasiyaya-catimliligi-tehlukeye-atir\\\/#primaryimage\",\"url\":\"https:\\\/\\\/www.meydan.tv\\\/wp-content\\\/uploads\\\/21982.jpg\",\"contentUrl\":\"https:\\\/\\\/www.meydan.tv\\\/wp-content\\\/uploads\\\/21982.jpg\",\"width\":1280,\"height\":720,\"caption\":\"Source:\"},{\"@type\":\"BreadcrumbList\",\"@id\":\"https:\\\/\\\/www.meydan.tv\\\/az\\\/article\\\/referendum-akti-ifade-azadligini-ve-informasiyaya-catimliligi-tehlukeye-atir\\\/#breadcrumb\",\"itemListElement\":[{\"@type\":\"ListItem\",\"position\":1,\"name\":\"Ana s\u0259hif\u0259\",\"item\":\"https:\\\/\\\/www.meydan.tv\\\/az\\\/\"},{\"@type\":\"ListItem\",\"position\":2,\"name\":\"Analitika\",\"item\":\"https:\\\/\\\/www.meydan.tv\\\/az\\\/section\\\/analitika\\\/\"},{\"@type\":\"ListItem\",\"position\":3,\"name\":\"Referendum akt\u0131 ifad\u0259 azadl\u0131\u011f\u0131n\u0131 v\u0259 informasiyaya \u00e7at\u0131ml\u0131l\u0131\u011f\u0131 t\u0259hl\u00fck\u0259y\u0259 at\u0131r\"}]},{\"@type\":\"WebSite\",\"@id\":\"https:\\\/\\\/www.meydan.tv\\\/az\\\/#website\",\"url\":\"https:\\\/\\\/www.meydan.tv\\\/az\\\/\",\"name\":\"MEYDAN.TV\",\"description\":\"Meydan TV Az\u0259rbaycan\u0131n media m\u0259kan\u0131ndak\u0131 alternativ s\u0259sidir\",\"publisher\":{\"@id\":\"https:\\\/\\\/www.meydan.tv\\\/az\\\/#organization\"},\"potentialAction\":[{\"@type\":\"SearchAction\",\"target\":{\"@type\":\"EntryPoint\",\"urlTemplate\":\"https:\\\/\\\/www.meydan.tv\\\/az\\\/?s={search_term_string}\"},\"query-input\":{\"@type\":\"PropertyValueSpecification\",\"valueRequired\":true,\"valueName\":\"search_term_string\"}}],\"inLanguage\":\"az\"},{\"@type\":\"Organization\",\"@id\":\"https:\\\/\\\/www.meydan.tv\\\/az\\\/#organization\",\"name\":\"Meydan TV\",\"url\":\"https:\\\/\\\/www.meydan.tv\\\/az\\\/\",\"logo\":{\"@type\":\"ImageObject\",\"inLanguage\":\"az\",\"@id\":\"https:\\\/\\\/www.meydan.tv\\\/az\\\/#\\\/schema\\\/logo\\\/image\\\/\",\"url\":\"https:\\\/\\\/www.meydan.tv\\\/wp-content\\\/uploads\\\/2021\\\/07\\\/meydan-logo.svg\",\"contentUrl\":\"https:\\\/\\\/www.meydan.tv\\\/wp-content\\\/uploads\\\/2021\\\/07\\\/meydan-logo.svg\",\"width\":195,\"height\":46,\"caption\":\"Meydan TV\"},\"image\":{\"@id\":\"https:\\\/\\\/www.meydan.tv\\\/az\\\/#\\\/schema\\\/logo\\\/image\\\/\"}},{\"@type\":\"Person\",\"@id\":\"https:\\\/\\\/www.meydan.tv\\\/az\\\/#\\\/schema\\\/person\\\/10d11eccf6da3662cf5fdab9806ea91a\",\"name\":\"user-manager\"}]}<\/script>\n<!-- \/ Yoast SEO plugin. -->","yoast_head_json":{"title":"Referendum akt\u0131 ifad\u0259 azadl\u0131\u011f\u0131n\u0131 v\u0259 informasiyaya \u00e7at\u0131ml\u0131l\u0131\u011f\u0131 t\u0259hl\u00fck\u0259y\u0259 at\u0131r - MEYDAN.TV","robots":{"index":"index","follow":"follow","max-snippet":"max-snippet:-1","max-image-preview":"max-image-preview:large","max-video-preview":"max-video-preview:-1"},"canonical":"https:\/\/www.meydan.tv\/az\/article\/referendum-akti-ifade-azadligini-ve-informasiyaya-catimliligi-tehlukeye-atir\/","og_locale":"az_AZ","og_type":"article","og_title":"Referendum akt\u0131 ifad\u0259 azadl\u0131\u011f\u0131n\u0131 v\u0259 informasiyaya \u00e7at\u0131ml\u0131l\u0131\u011f\u0131 t\u0259hl\u00fck\u0259y\u0259 at\u0131r - MEYDAN.TV","og_description":"Referendum akt\u0131n\u0131n s\u0259sverm\u0259y\u0259 \u00e7\u0131xar\u0131lmas\u0131 bir \u00e7ox istiqam\u0259td\u0259 ciddi m\u00fczakir\u0259l\u0259rin apar\u0131lmas\u0131n\u0131 z\u0259ruri edir","og_url":"https:\/\/www.meydan.tv\/az\/article\/referendum-akti-ifade-azadligini-ve-informasiyaya-catimliligi-tehlukeye-atir\/","og_site_name":"MEYDAN.TV","article_published_time":"2016-09-08T16:48:15+00:00","og_image":[{"width":1280,"height":720,"url":"https:\/\/www.meydan.tv\/wp-content\/uploads\/21982.jpg","type":"image\/jpeg"}],"author":"user-manager","twitter_card":"summary_large_image","schema":{"@context":"https:\/\/schema.org","@graph":[{"@type":"Article","@id":"https:\/\/www.meydan.tv\/az\/article\/referendum-akti-ifade-azadligini-ve-informasiyaya-catimliligi-tehlukeye-atir\/#article","isPartOf":{"@id":"https:\/\/www.meydan.tv\/az\/article\/referendum-akti-ifade-azadligini-ve-informasiyaya-catimliligi-tehlukeye-atir\/"},"author":{"name":"user-manager","@id":"https:\/\/www.meydan.tv\/az\/#\/schema\/person\/10d11eccf6da3662cf5fdab9806ea91a"},"headline":"Referendum akt\u0131 ifad\u0259 azadl\u0131\u011f\u0131n\u0131 v\u0259 informasiyaya \u00e7at\u0131ml\u0131l\u0131\u011f\u0131 t\u0259hl\u00fck\u0259y\u0259 at\u0131r","datePublished":"2016-09-08T16:48:15+00:00","mainEntityOfPage":{"@id":"https:\/\/www.meydan.tv\/az\/article\/referendum-akti-ifade-azadligini-ve-informasiyaya-catimliligi-tehlukeye-atir\/"},"wordCount":1505,"publisher":{"@id":"https:\/\/www.meydan.tv\/az\/#organization"},"image":{"@id":"https:\/\/www.meydan.tv\/az\/article\/referendum-akti-ifade-azadligini-ve-informasiyaya-catimliligi-tehlukeye-atir\/#primaryimage"},"thumbnailUrl":"https:\/\/www.meydan.tv\/wp-content\/uploads\/21982.jpg","articleSection":["Analitika"],"inLanguage":"az"},{"@type":"WebPage","@id":"https:\/\/www.meydan.tv\/az\/article\/referendum-akti-ifade-azadligini-ve-informasiyaya-catimliligi-tehlukeye-atir\/","url":"https:\/\/www.meydan.tv\/az\/article\/referendum-akti-ifade-azadligini-ve-informasiyaya-catimliligi-tehlukeye-atir\/","name":"Referendum akt\u0131 ifad\u0259 azadl\u0131\u011f\u0131n\u0131 v\u0259 informasiyaya \u00e7at\u0131ml\u0131l\u0131\u011f\u0131 t\u0259hl\u00fck\u0259y\u0259 at\u0131r - MEYDAN.TV","isPartOf":{"@id":"https:\/\/www.meydan.tv\/az\/#website"},"primaryImageOfPage":{"@id":"https:\/\/www.meydan.tv\/az\/article\/referendum-akti-ifade-azadligini-ve-informasiyaya-catimliligi-tehlukeye-atir\/#primaryimage"},"image":{"@id":"https:\/\/www.meydan.tv\/az\/article\/referendum-akti-ifade-azadligini-ve-informasiyaya-catimliligi-tehlukeye-atir\/#primaryimage"},"thumbnailUrl":"https:\/\/www.meydan.tv\/wp-content\/uploads\/21982.jpg","datePublished":"2016-09-08T16:48:15+00:00","breadcrumb":{"@id":"https:\/\/www.meydan.tv\/az\/article\/referendum-akti-ifade-azadligini-ve-informasiyaya-catimliligi-tehlukeye-atir\/#breadcrumb"},"inLanguage":"az","potentialAction":[{"@type":"ReadAction","target":["https:\/\/www.meydan.tv\/az\/article\/referendum-akti-ifade-azadligini-ve-informasiyaya-catimliligi-tehlukeye-atir\/"]}]},{"@type":"ImageObject","inLanguage":"az","@id":"https:\/\/www.meydan.tv\/az\/article\/referendum-akti-ifade-azadligini-ve-informasiyaya-catimliligi-tehlukeye-atir\/#primaryimage","url":"https:\/\/www.meydan.tv\/wp-content\/uploads\/21982.jpg","contentUrl":"https:\/\/www.meydan.tv\/wp-content\/uploads\/21982.jpg","width":1280,"height":720,"caption":"Source:"},{"@type":"BreadcrumbList","@id":"https:\/\/www.meydan.tv\/az\/article\/referendum-akti-ifade-azadligini-ve-informasiyaya-catimliligi-tehlukeye-atir\/#breadcrumb","itemListElement":[{"@type":"ListItem","position":1,"name":"Ana s\u0259hif\u0259","item":"https:\/\/www.meydan.tv\/az\/"},{"@type":"ListItem","position":2,"name":"Analitika","item":"https:\/\/www.meydan.tv\/az\/section\/analitika\/"},{"@type":"ListItem","position":3,"name":"Referendum akt\u0131 ifad\u0259 azadl\u0131\u011f\u0131n\u0131 v\u0259 informasiyaya \u00e7at\u0131ml\u0131l\u0131\u011f\u0131 t\u0259hl\u00fck\u0259y\u0259 at\u0131r"}]},{"@type":"WebSite","@id":"https:\/\/www.meydan.tv\/az\/#website","url":"https:\/\/www.meydan.tv\/az\/","name":"MEYDAN.TV","description":"Meydan TV Az\u0259rbaycan\u0131n media m\u0259kan\u0131ndak\u0131 alternativ s\u0259sidir","publisher":{"@id":"https:\/\/www.meydan.tv\/az\/#organization"},"potentialAction":[{"@type":"SearchAction","target":{"@type":"EntryPoint","urlTemplate":"https:\/\/www.meydan.tv\/az\/?s={search_term_string}"},"query-input":{"@type":"PropertyValueSpecification","valueRequired":true,"valueName":"search_term_string"}}],"inLanguage":"az"},{"@type":"Organization","@id":"https:\/\/www.meydan.tv\/az\/#organization","name":"Meydan TV","url":"https:\/\/www.meydan.tv\/az\/","logo":{"@type":"ImageObject","inLanguage":"az","@id":"https:\/\/www.meydan.tv\/az\/#\/schema\/logo\/image\/","url":"https:\/\/www.meydan.tv\/wp-content\/uploads\/2021\/07\/meydan-logo.svg","contentUrl":"https:\/\/www.meydan.tv\/wp-content\/uploads\/2021\/07\/meydan-logo.svg","width":195,"height":46,"caption":"Meydan TV"},"image":{"@id":"https:\/\/www.meydan.tv\/az\/#\/schema\/logo\/image\/"}},{"@type":"Person","@id":"https:\/\/www.meydan.tv\/az\/#\/schema\/person\/10d11eccf6da3662cf5fdab9806ea91a","name":"user-manager"}]}},"_links":{"self":[{"href":"https:\/\/www.meydan.tv\/az\/wp-json\/wp\/v2\/posts\/178740","targetHints":{"allow":["GET"]}}],"collection":[{"href":"https:\/\/www.meydan.tv\/az\/wp-json\/wp\/v2\/posts"}],"about":[{"href":"https:\/\/www.meydan.tv\/az\/wp-json\/wp\/v2\/types\/post"}],"author":[{"embeddable":true,"href":"https:\/\/www.meydan.tv\/az\/wp-json\/wp\/v2\/users\/11"}],"replies":[{"embeddable":true,"href":"https:\/\/www.meydan.tv\/az\/wp-json\/wp\/v2\/comments?post=178740"}],"version-history":[{"count":0,"href":"https:\/\/www.meydan.tv\/az\/wp-json\/wp\/v2\/posts\/178740\/revisions"}],"wp:featuredmedia":[{"embeddable":true,"href":"https:\/\/www.meydan.tv\/az\/wp-json\/wp\/v2\/media\/58007"}],"wp:attachment":[{"href":"https:\/\/www.meydan.tv\/az\/wp-json\/wp\/v2\/media?parent=178740"}],"wp:term":[{"taxonomy":"category","embeddable":true,"href":"https:\/\/www.meydan.tv\/az\/wp-json\/wp\/v2\/categories?post=178740"},{"taxonomy":"post_tag","embeddable":true,"href":"https:\/\/www.meydan.tv\/az\/wp-json\/wp\/v2\/tags?post=178740"}],"curies":[{"name":"wp","href":"https:\/\/api.w.org\/{rel}","templated":true}]}}