{"id":178685,"date":"2016-09-06T21:06:10","date_gmt":"2016-09-06T21:06:10","guid":{"rendered":"https:\/\/www.meydan.tv\/article\/cemiyyet-noxtaya-tesnedir\/"},"modified":"2016-09-06T21:06:10","modified_gmt":"2016-09-06T21:06:10","slug":"cemiyyet-noxtaya-tesnedir","status":"publish","type":"post","link":"https:\/\/www.meydan.tv\/az\/article\/cemiyyet-noxtaya-tesnedir\/","title":{"rendered":"C\u0259miyy\u0259t noxtaya t\u0259\u015fn\u0259dir?"},"content":{"rendered":"<figure class=\"wp-block-image size-large\">\n  <img decoding=\"async\" src=\"https:\/\/www.meydan.tv\/az\/zerdust-elizade-10\/\" alt=\"Z\u0259rd\u00fc\u015ft \u018flizad\u0259\" class=\"wp-image-65223\"\/><figcaption>\n    Z\u0259rd\u00fc\u015ft \u018flizad\u0259<br \/>\n  <\/figcaption><\/figure>\n<p>\n  Xalq\u0131m\u0131z il\u011f\u0131mlarla v\u0259 h\u0259tta il\u011f\u0131mlarda ya\u015fay\u0131r\n<\/p>\n<p>\n  \u0130n\u015fallah, sentyabr\u0131n 26-da xalq\u0131m\u0131z\u0131n m\u00fctl\u0259q \u0259ks\u0259riyy\u0259ti hakimiyy\u0259tin t\u0259klifl\u0259rin\u0259 \u00fcmumxalq s\u0259sverm\u0259sind\u0259 &#8220;H\u018f&#8221; dey\u0259c\u0259k.\n<\/p>\n<p>\n  Buna \u015f\u00fcbh\u0259 ed\u0259n varm\u0131? Kimin c\u00fcr\u0259ti \u00e7atar iddia etsin ki, Az\u0259rbaycanda xalq hakimiyy\u0259t\u0259 &#8220;YOX&#8221; dey\u0259 bil\u0259r? \u0130lla ki, hakimiyy\u0259t konstitusiyaya bel\u0259 \u0259lav\u0259 v\u0259 d\u0259yi\u015fiklikl\u0259ri t\u0259klif ed\u0259nd\u0259, prezidentin m\u00f6ht\u0259r\u0259m k\u00f6m\u0259k\u00e7isi \u018fli H\u0259s\u0259novun t\u0259birinc\u0259, &#8220;c\u0259miyy\u0259td\u0259n g\u0259l\u0259n sifari\u015fl\u0259ri n\u0259z\u0259r\u0259 al\u0131b&#8221;. Y\u0259ni xalq bel\u0259 ist\u0259yir. Misirlil\u0259r demi\u015fk\u0259n, &#8220;cumhur ayiz ked\u0259&#8221;. V\u0259ssalam. G\u00f6rd\u00fcn yem\u0259k, daha n\u0259 dem\u0259k!\n<\/p>\n<p>\n  M\u0259n \u015f\u00fcbh\u0259 etmir\u0259m ki, \u0259n\u0259n\u0259vi m\u00fcxalif\u0259t k\u00f6m\u0259k\u00e7inin bu s\u00f6zl\u0259rini oxuyanda xeyli \u0259s\u0259bil\u0259\u015fmi\u015fdi. \u0130nan\u0131ram ki, b\u0259zil\u0259ri bu hakimiyy\u0259tin t\u00f6r\u0259tdiyi b\u00fct\u00fcn milli dilxo\u015fluqlar\u0131 xat\u0131rlay\u0131b \u00fcr\u0259yind\u0259 q\u0259z\u0259bl\u0259 soru\u015fmu\u015fd\u00fc: &#8220;C\u0259nab k\u00f6m\u0259k\u00e7i \u018fli H\u0259s\u0259nov, xalq bunumu ist\u0259yir?! Xalq bunumu sifari\u015f edir?!&#8221; V\u0259 ba\u015flam\u0131\u015fd\u0131 \u00fcr\u0259yind\u0259 Qaraba\u011f\u0131n erm\u0259ni i\u015f\u011fal\u0131ndan ba\u015flam\u0131\u015f oliqarxlar\u0131n n\u0259h\u0259ng pullar\u0131na q\u0259d\u0259r, bahal\u0131 v\u0259 g\u0259r\u0259ksiz yar\u0131\u015flardan tutmu\u015f manat\u0131n m\u0259z\u0259nn\u0259sinin ikiqat d\u00fc\u015fm\u0259sin\u0259 q\u0259d\u0259r, iqtisadiyyat\u0131m\u0131z\u0131n bivaxt v\u0259fat\u0131ndan tutmu\u015f c\u0131nq\u0131r\u0131n\u0131 \u00e7\u0131xaran\u0131n \u015f\u0259rl\u0259nib tutulmas\u0131na q\u0259d\u0259r hakimiyy\u0259tin b\u00fct\u00fcn etdikl\u0259rini sadalama\u011fa.\n<\/p>\n<p>\n  Amma ham\u0131 anlay\u0131r ki, b\u00fct\u00fcn bu suallar\u0131n bir qara q\u0259piklik faydas\u0131 yoxdur. Zira bu x\u0259st\u0259y\u0259 he\u00e7 bir d\u0259rman k\u00f6m\u0259k ed\u0259 bilm\u0259z. Onun yeri baqi d\u00fcnyad\u0131r, bura deyil.\n<\/p>\n<p>\n  O biri t\u0259r\u0259fd\u0259n, kim dey\u0259 bil\u0259r ki, c\u0259nab k\u00f6m\u0259k\u00e7i yanl\u0131\u015f dan\u0131\u015f\u0131b? \u0130nsaf xatirin\u0259, bu s\u00f6zl\u0259rd\u0259 n\u0259 d\u00fcz deyil? M\u0259g\u0259r xalq bu referendumu ist\u0259mir? Kim e\u015fitdi ki, xalq desin: &#8220;m\u0259n bu referendumu ist\u0259mir\u0259m!&#8221; Kim e\u015fitdi? Kim dey\u0259 bil\u0259r ki, xalq n\u0259s\u0259 dedi?\n<\/p>\n<p>\n  Xalq he\u00e7 zad dem\u0259di. Niy\u0259? \u00c7\u00fcnki &#8220;susmaq q\u0131z\u0131ld\u0131r&#8221;.\n<\/p>\n<p>\n  Xalq yeti\u015fib. \u018fvv\u0259l d\u0259 kal deyildi, amma indi tam d\u0259yib, yeti\u015fib. M\u00fcst\u0259qil Az\u0259rbaycana layiq xalq kimi formala\u015f\u0131b. Strateji d\u00fc\u015f\u00fcnc\u0259, misilsiz qabiliyy\u0259t, zir\u0259klik, qeyr\u0259t v\u0259 h\u00fcmm\u0259t n\u00fcmayi\u015f etdirir. Hakimiyy\u0259t\u0259 sifari\u015f laz\u0131m olanda t\u0259l\u0259b v\u0259 t\u0259klifl\u0259ri yeti\u015fdirib yuxar\u0131lara g\u00f6nd\u0259rir. El\u0259-hey g\u00f6nd\u0259rir. Yuxar\u0131lar da bu t\u0259l\u0259b v\u0259 t\u0259klifl\u0259ri iki\u0259lli q\u0259bul edib xalqa t\u0259krar referendum \u015f\u0259klind\u0259 qaytar\u0131r. \u018fsl demokratiya oyunu gedir. A\u015fa\u011f\u0131dan yuxar\u0131ya, yuxar\u0131dan a\u015fa\u011f\u0131ya.\n<\/p>\n<p>\n  M\u0259hz bu demokratik sifari\u015fin n\u0259tic\u0259sidir ki, bizim i\u015fl\u0259m\u0259y\u0259n milli Konstitusiyam\u0131za i\u015fl\u0259m\u0259y\u0259c\u0259yi indid\u0259n bilin\u0259n \u0259lav\u0259l\u0259r edilir. Niy\u0259? Qoy ham\u0131 el\u0259 bilsin ki, bizd\u0259 d\u00f6vl\u0259t var v\u0259 bu d\u00f6vl\u0259tin h\u0259tta Konstitusiyas\u0131 var.\n<\/p>\n<p>\n  Xalq\u0131m\u0131z il\u011f\u0131mlarla v\u0259 h\u0259tta il\u011f\u0131mlarda ya\u015fay\u0131r. H\u0259r insan\u0131n v\u0259 h\u0259r xalq\u0131n h\u00fcn\u0259ri deyil il\u011f\u0131mlarda ya\u015fas\u0131n. Biz bunu bacar\u0131r\u0131q. Sosializm il\u011f\u0131m\u0131nda s\u00fcr\u0259kli alq\u0131\u015flar\u0131n k\u00f6m\u0259yi il\u0259, T\u00fcrk D\u00fcnyas\u0131 il\u011f\u0131m\u0131nda \u015firin na\u011f\u0131llar\u0131n sehri il\u0259, \u00c7i\u00e7\u0259kl\u0259n\u0259n Az\u0259rbaycan il\u011f\u0131m\u0131nda m\u00fcft\u0259 n\u00f6y\u00fct pullar\u0131n\u0131n hesab\u0131na ya\u015fad\u0131q v\u0259 ya\u015fay\u0131r\u0131q.\n<\/p>\n<p>\n  B\u0259dxahlar deyir ki, d\u00f6vl\u0259timiz he\u00e7 bir qanuna uyu\u015fmayan anomaliyad\u0131r. Ger\u00e7\u0259kliy\u0259 nikbin baxanlar bunu analoqsuz, b\u0259dbin baxanlar analoqlu \u00fcsul-idar\u0259 adland\u0131r\u0131rlar. H\u0259tta analoqu, daha do\u011frusu, analoqlar\u0131 g\u00f6st\u0259rirl\u0259r. B\u0259\u015f\u0259r tarixi, s\u0259n dem\u0259, bel\u0259 analoqlarla \u00e7ox z\u0259ngin imi\u015f. Haiti, Zimbabve v\u0259 ba\u015fqa \u0259caib v\u0259 uzaq analoqlarla m\u00fcqayis\u0259y\u0259 he\u00e7 bir ehtiyac yoxdur, \u0259halinin yar\u0131s\u0131na yax\u015f\u0131 tan\u0131\u015f olan SSR\u0130-ni g\u00f6t\u00fcrs\u0259k, yan\u0131lmar\u0131q. \u015eura h\u00f6kum\u0259ti s\u0259n dem\u0259 v\u0259fat etm\u0259yibmi\u015f, sad\u0259c\u0259 q\u0131sa bir m\u00fcdd\u0259t\u0259 bay\u0131landan sonra xortlay\u0131b m\u00fcst\u0259qil Az\u0259rbaycan Respublikas\u0131 adlanan v\u00fccudda t\u0259c\u0259lla edibmi\u015f.\n<\/p>\n<p>\n  Yen\u0259 b\u0259dbinl\u0259r deyir ki, SSR\u0130 indi olandan yax\u015f\u0131 idi, amma nikbinl\u0259r deyir ki, indiki \u0259vv\u0259lkind\u0259n yax\u015f\u0131d\u0131r. Amma insaf xatirin\u0259 d\u0259qiql\u0259\u015fdirirl\u0259r ki, yax\u015f\u0131 olma\u011f\u0131na yax\u015f\u0131d\u0131r, amma zay\u0131 \u00e7\u0131x\u0131r, t\u0259dric\u0259n avtoritarizmd\u0259n totalitarizm\u0259 do\u011fru s\u00fcr\u00fc\u015f\u00fcr.\n<\/p>\n<p>\n  Bird\u0259n yox e, yava\u015fca s\u00fcr\u00fc\u015f\u00fcr.\n<\/p>\n<p>\n  Bu da bu yaz\u0131n\u0131n sevindirici t\u0259r\u0259fidir. YAVA\u015eCA&#8230;\n<\/p>\n<p>\n  Y\u0259ni kim ist\u0259s\u0259, aradan \u00e7\u0131xma\u011fa macal verilir.<\/p>\n","protected":false},"excerpt":{"rendered":"<p>Xalq\u0131m\u0131z il\u011f\u0131mlarla v\u0259 h\u0259tta il\u011f\u0131mlarda ya\u015fay\u0131r<\/p>\n","protected":false},"author":11,"featured_media":65223,"comment_status":"closed","ping_status":"open","sticky":false,"template":"","format":"standard","meta":{"_acf_changed":false,"_sitemap_exclude":false,"_sitemap_priority":"","_sitemap_frequency":"","footnotes":""},"categories":[57],"tags":[],"class_list":["post-178685","post","type-post","status-publish","format-standard","has-post-thumbnail","hentry","category-menim-fikrimce","infinite-scroll-item","generate-columns","tablet-grid-50","mobile-grid-100","grid-parent","grid-33","no-featured-image-padding"],"acf":[],"yoast_head":"<!-- This site is optimized with the Yoast SEO plugin v27.5 - https:\/\/yoast.com\/product\/yoast-seo-wordpress\/ -->\n<title>C\u0259miyy\u0259t noxtaya t\u0259\u015fn\u0259dir? - MEYDAN.TV<\/title>\n<meta name=\"robots\" content=\"index, follow, max-snippet:-1, max-image-preview:large, max-video-preview:-1\" \/>\n<link rel=\"canonical\" href=\"https:\/\/www.meydan.tv\/az\/article\/cemiyyet-noxtaya-tesnedir\/\" \/>\n<meta property=\"og:locale\" content=\"az_AZ\" \/>\n<meta property=\"og:type\" content=\"article\" \/>\n<meta property=\"og:title\" content=\"C\u0259miyy\u0259t noxtaya t\u0259\u015fn\u0259dir? - MEYDAN.TV\" \/>\n<meta property=\"og:description\" content=\"Xalq\u0131m\u0131z il\u011f\u0131mlarla v\u0259 h\u0259tta il\u011f\u0131mlarda ya\u015fay\u0131r\" \/>\n<meta property=\"og:url\" content=\"https:\/\/www.meydan.tv\/az\/article\/cemiyyet-noxtaya-tesnedir\/\" \/>\n<meta property=\"og:site_name\" content=\"MEYDAN.TV\" \/>\n<meta property=\"article:published_time\" content=\"2016-09-06T21:06:10+00:00\" \/>\n<meta property=\"og:image\" content=\"https:\/\/www.meydan.tv\/wp-content\/uploads\/24887.jpg\" \/>\n\t<meta property=\"og:image:width\" content=\"500\" \/>\n\t<meta property=\"og:image:height\" content=\"500\" \/>\n\t<meta property=\"og:image:type\" content=\"image\/jpeg\" \/>\n<meta name=\"author\" content=\"user-manager\" \/>\n<meta name=\"twitter:card\" content=\"summary_large_image\" \/>\n<script type=\"application\/ld+json\" class=\"yoast-schema-graph\">{\"@context\":\"https:\\\/\\\/schema.org\",\"@graph\":[{\"@type\":\"Article\",\"@id\":\"https:\\\/\\\/www.meydan.tv\\\/az\\\/article\\\/cemiyyet-noxtaya-tesnedir\\\/#article\",\"isPartOf\":{\"@id\":\"https:\\\/\\\/www.meydan.tv\\\/az\\\/article\\\/cemiyyet-noxtaya-tesnedir\\\/\"},\"author\":{\"name\":\"user-manager\",\"@id\":\"https:\\\/\\\/www.meydan.tv\\\/az\\\/#\\\/schema\\\/person\\\/10d11eccf6da3662cf5fdab9806ea91a\"},\"headline\":\"C\u0259miyy\u0259t noxtaya t\u0259\u015fn\u0259dir?\",\"datePublished\":\"2016-09-06T21:06:10+00:00\",\"mainEntityOfPage\":{\"@id\":\"https:\\\/\\\/www.meydan.tv\\\/az\\\/article\\\/cemiyyet-noxtaya-tesnedir\\\/\"},\"wordCount\":860,\"publisher\":{\"@id\":\"https:\\\/\\\/www.meydan.tv\\\/az\\\/#organization\"},\"image\":{\"@id\":\"https:\\\/\\\/www.meydan.tv\\\/az\\\/article\\\/cemiyyet-noxtaya-tesnedir\\\/#primaryimage\"},\"thumbnailUrl\":\"https:\\\/\\\/www.meydan.tv\\\/wp-content\\\/uploads\\\/24887.jpg\",\"articleSection\":[\"M\u0259nim Fikrimc\u0259\"],\"inLanguage\":\"az\"},{\"@type\":\"WebPage\",\"@id\":\"https:\\\/\\\/www.meydan.tv\\\/az\\\/article\\\/cemiyyet-noxtaya-tesnedir\\\/\",\"url\":\"https:\\\/\\\/www.meydan.tv\\\/az\\\/article\\\/cemiyyet-noxtaya-tesnedir\\\/\",\"name\":\"C\u0259miyy\u0259t noxtaya t\u0259\u015fn\u0259dir? - MEYDAN.TV\",\"isPartOf\":{\"@id\":\"https:\\\/\\\/www.meydan.tv\\\/az\\\/#website\"},\"primaryImageOfPage\":{\"@id\":\"https:\\\/\\\/www.meydan.tv\\\/az\\\/article\\\/cemiyyet-noxtaya-tesnedir\\\/#primaryimage\"},\"image\":{\"@id\":\"https:\\\/\\\/www.meydan.tv\\\/az\\\/article\\\/cemiyyet-noxtaya-tesnedir\\\/#primaryimage\"},\"thumbnailUrl\":\"https:\\\/\\\/www.meydan.tv\\\/wp-content\\\/uploads\\\/24887.jpg\",\"datePublished\":\"2016-09-06T21:06:10+00:00\",\"breadcrumb\":{\"@id\":\"https:\\\/\\\/www.meydan.tv\\\/az\\\/article\\\/cemiyyet-noxtaya-tesnedir\\\/#breadcrumb\"},\"inLanguage\":\"az\",\"potentialAction\":[{\"@type\":\"ReadAction\",\"target\":[\"https:\\\/\\\/www.meydan.tv\\\/az\\\/article\\\/cemiyyet-noxtaya-tesnedir\\\/\"]}]},{\"@type\":\"ImageObject\",\"inLanguage\":\"az\",\"@id\":\"https:\\\/\\\/www.meydan.tv\\\/az\\\/article\\\/cemiyyet-noxtaya-tesnedir\\\/#primaryimage\",\"url\":\"https:\\\/\\\/www.meydan.tv\\\/wp-content\\\/uploads\\\/24887.jpg\",\"contentUrl\":\"https:\\\/\\\/www.meydan.tv\\\/wp-content\\\/uploads\\\/24887.jpg\",\"width\":500,\"height\":500,\"caption\":\"Source:\"},{\"@type\":\"BreadcrumbList\",\"@id\":\"https:\\\/\\\/www.meydan.tv\\\/az\\\/article\\\/cemiyyet-noxtaya-tesnedir\\\/#breadcrumb\",\"itemListElement\":[{\"@type\":\"ListItem\",\"position\":1,\"name\":\"Ana s\u0259hif\u0259\",\"item\":\"https:\\\/\\\/www.meydan.tv\\\/az\\\/\"},{\"@type\":\"ListItem\",\"position\":2,\"name\":\"M\u0259nim Fikrimc\u0259\",\"item\":\"https:\\\/\\\/www.meydan.tv\\\/az\\\/section\\\/menim-fikrimce\\\/\"},{\"@type\":\"ListItem\",\"position\":3,\"name\":\"C\u0259miyy\u0259t noxtaya t\u0259\u015fn\u0259dir?\"}]},{\"@type\":\"WebSite\",\"@id\":\"https:\\\/\\\/www.meydan.tv\\\/az\\\/#website\",\"url\":\"https:\\\/\\\/www.meydan.tv\\\/az\\\/\",\"name\":\"MEYDAN.TV\",\"description\":\"Meydan TV Az\u0259rbaycan\u0131n media m\u0259kan\u0131ndak\u0131 alternativ s\u0259sidir\",\"publisher\":{\"@id\":\"https:\\\/\\\/www.meydan.tv\\\/az\\\/#organization\"},\"potentialAction\":[{\"@type\":\"SearchAction\",\"target\":{\"@type\":\"EntryPoint\",\"urlTemplate\":\"https:\\\/\\\/www.meydan.tv\\\/az\\\/?s={search_term_string}\"},\"query-input\":{\"@type\":\"PropertyValueSpecification\",\"valueRequired\":true,\"valueName\":\"search_term_string\"}}],\"inLanguage\":\"az\"},{\"@type\":\"Organization\",\"@id\":\"https:\\\/\\\/www.meydan.tv\\\/az\\\/#organization\",\"name\":\"Meydan TV\",\"url\":\"https:\\\/\\\/www.meydan.tv\\\/az\\\/\",\"logo\":{\"@type\":\"ImageObject\",\"inLanguage\":\"az\",\"@id\":\"https:\\\/\\\/www.meydan.tv\\\/az\\\/#\\\/schema\\\/logo\\\/image\\\/\",\"url\":\"https:\\\/\\\/www.meydan.tv\\\/wp-content\\\/uploads\\\/2021\\\/07\\\/meydan-logo.svg\",\"contentUrl\":\"https:\\\/\\\/www.meydan.tv\\\/wp-content\\\/uploads\\\/2021\\\/07\\\/meydan-logo.svg\",\"width\":195,\"height\":46,\"caption\":\"Meydan TV\"},\"image\":{\"@id\":\"https:\\\/\\\/www.meydan.tv\\\/az\\\/#\\\/schema\\\/logo\\\/image\\\/\"}},{\"@type\":\"Person\",\"@id\":\"https:\\\/\\\/www.meydan.tv\\\/az\\\/#\\\/schema\\\/person\\\/10d11eccf6da3662cf5fdab9806ea91a\",\"name\":\"user-manager\"}]}<\/script>\n<!-- \/ Yoast SEO plugin. -->","yoast_head_json":{"title":"C\u0259miyy\u0259t noxtaya t\u0259\u015fn\u0259dir? - MEYDAN.TV","robots":{"index":"index","follow":"follow","max-snippet":"max-snippet:-1","max-image-preview":"max-image-preview:large","max-video-preview":"max-video-preview:-1"},"canonical":"https:\/\/www.meydan.tv\/az\/article\/cemiyyet-noxtaya-tesnedir\/","og_locale":"az_AZ","og_type":"article","og_title":"C\u0259miyy\u0259t noxtaya t\u0259\u015fn\u0259dir? - MEYDAN.TV","og_description":"Xalq\u0131m\u0131z il\u011f\u0131mlarla v\u0259 h\u0259tta il\u011f\u0131mlarda ya\u015fay\u0131r","og_url":"https:\/\/www.meydan.tv\/az\/article\/cemiyyet-noxtaya-tesnedir\/","og_site_name":"MEYDAN.TV","article_published_time":"2016-09-06T21:06:10+00:00","og_image":[{"width":500,"height":500,"url":"https:\/\/www.meydan.tv\/wp-content\/uploads\/24887.jpg","type":"image\/jpeg"}],"author":"user-manager","twitter_card":"summary_large_image","schema":{"@context":"https:\/\/schema.org","@graph":[{"@type":"Article","@id":"https:\/\/www.meydan.tv\/az\/article\/cemiyyet-noxtaya-tesnedir\/#article","isPartOf":{"@id":"https:\/\/www.meydan.tv\/az\/article\/cemiyyet-noxtaya-tesnedir\/"},"author":{"name":"user-manager","@id":"https:\/\/www.meydan.tv\/az\/#\/schema\/person\/10d11eccf6da3662cf5fdab9806ea91a"},"headline":"C\u0259miyy\u0259t noxtaya t\u0259\u015fn\u0259dir?","datePublished":"2016-09-06T21:06:10+00:00","mainEntityOfPage":{"@id":"https:\/\/www.meydan.tv\/az\/article\/cemiyyet-noxtaya-tesnedir\/"},"wordCount":860,"publisher":{"@id":"https:\/\/www.meydan.tv\/az\/#organization"},"image":{"@id":"https:\/\/www.meydan.tv\/az\/article\/cemiyyet-noxtaya-tesnedir\/#primaryimage"},"thumbnailUrl":"https:\/\/www.meydan.tv\/wp-content\/uploads\/24887.jpg","articleSection":["M\u0259nim Fikrimc\u0259"],"inLanguage":"az"},{"@type":"WebPage","@id":"https:\/\/www.meydan.tv\/az\/article\/cemiyyet-noxtaya-tesnedir\/","url":"https:\/\/www.meydan.tv\/az\/article\/cemiyyet-noxtaya-tesnedir\/","name":"C\u0259miyy\u0259t noxtaya t\u0259\u015fn\u0259dir? - MEYDAN.TV","isPartOf":{"@id":"https:\/\/www.meydan.tv\/az\/#website"},"primaryImageOfPage":{"@id":"https:\/\/www.meydan.tv\/az\/article\/cemiyyet-noxtaya-tesnedir\/#primaryimage"},"image":{"@id":"https:\/\/www.meydan.tv\/az\/article\/cemiyyet-noxtaya-tesnedir\/#primaryimage"},"thumbnailUrl":"https:\/\/www.meydan.tv\/wp-content\/uploads\/24887.jpg","datePublished":"2016-09-06T21:06:10+00:00","breadcrumb":{"@id":"https:\/\/www.meydan.tv\/az\/article\/cemiyyet-noxtaya-tesnedir\/#breadcrumb"},"inLanguage":"az","potentialAction":[{"@type":"ReadAction","target":["https:\/\/www.meydan.tv\/az\/article\/cemiyyet-noxtaya-tesnedir\/"]}]},{"@type":"ImageObject","inLanguage":"az","@id":"https:\/\/www.meydan.tv\/az\/article\/cemiyyet-noxtaya-tesnedir\/#primaryimage","url":"https:\/\/www.meydan.tv\/wp-content\/uploads\/24887.jpg","contentUrl":"https:\/\/www.meydan.tv\/wp-content\/uploads\/24887.jpg","width":500,"height":500,"caption":"Source:"},{"@type":"BreadcrumbList","@id":"https:\/\/www.meydan.tv\/az\/article\/cemiyyet-noxtaya-tesnedir\/#breadcrumb","itemListElement":[{"@type":"ListItem","position":1,"name":"Ana s\u0259hif\u0259","item":"https:\/\/www.meydan.tv\/az\/"},{"@type":"ListItem","position":2,"name":"M\u0259nim Fikrimc\u0259","item":"https:\/\/www.meydan.tv\/az\/section\/menim-fikrimce\/"},{"@type":"ListItem","position":3,"name":"C\u0259miyy\u0259t noxtaya t\u0259\u015fn\u0259dir?"}]},{"@type":"WebSite","@id":"https:\/\/www.meydan.tv\/az\/#website","url":"https:\/\/www.meydan.tv\/az\/","name":"MEYDAN.TV","description":"Meydan TV Az\u0259rbaycan\u0131n media m\u0259kan\u0131ndak\u0131 alternativ s\u0259sidir","publisher":{"@id":"https:\/\/www.meydan.tv\/az\/#organization"},"potentialAction":[{"@type":"SearchAction","target":{"@type":"EntryPoint","urlTemplate":"https:\/\/www.meydan.tv\/az\/?s={search_term_string}"},"query-input":{"@type":"PropertyValueSpecification","valueRequired":true,"valueName":"search_term_string"}}],"inLanguage":"az"},{"@type":"Organization","@id":"https:\/\/www.meydan.tv\/az\/#organization","name":"Meydan TV","url":"https:\/\/www.meydan.tv\/az\/","logo":{"@type":"ImageObject","inLanguage":"az","@id":"https:\/\/www.meydan.tv\/az\/#\/schema\/logo\/image\/","url":"https:\/\/www.meydan.tv\/wp-content\/uploads\/2021\/07\/meydan-logo.svg","contentUrl":"https:\/\/www.meydan.tv\/wp-content\/uploads\/2021\/07\/meydan-logo.svg","width":195,"height":46,"caption":"Meydan TV"},"image":{"@id":"https:\/\/www.meydan.tv\/az\/#\/schema\/logo\/image\/"}},{"@type":"Person","@id":"https:\/\/www.meydan.tv\/az\/#\/schema\/person\/10d11eccf6da3662cf5fdab9806ea91a","name":"user-manager"}]}},"_links":{"self":[{"href":"https:\/\/www.meydan.tv\/az\/wp-json\/wp\/v2\/posts\/178685","targetHints":{"allow":["GET"]}}],"collection":[{"href":"https:\/\/www.meydan.tv\/az\/wp-json\/wp\/v2\/posts"}],"about":[{"href":"https:\/\/www.meydan.tv\/az\/wp-json\/wp\/v2\/types\/post"}],"author":[{"embeddable":true,"href":"https:\/\/www.meydan.tv\/az\/wp-json\/wp\/v2\/users\/11"}],"replies":[{"embeddable":true,"href":"https:\/\/www.meydan.tv\/az\/wp-json\/wp\/v2\/comments?post=178685"}],"version-history":[{"count":0,"href":"https:\/\/www.meydan.tv\/az\/wp-json\/wp\/v2\/posts\/178685\/revisions"}],"wp:featuredmedia":[{"embeddable":true,"href":"https:\/\/www.meydan.tv\/az\/wp-json\/wp\/v2\/media\/65223"}],"wp:attachment":[{"href":"https:\/\/www.meydan.tv\/az\/wp-json\/wp\/v2\/media?parent=178685"}],"wp:term":[{"taxonomy":"category","embeddable":true,"href":"https:\/\/www.meydan.tv\/az\/wp-json\/wp\/v2\/categories?post=178685"},{"taxonomy":"post_tag","embeddable":true,"href":"https:\/\/www.meydan.tv\/az\/wp-json\/wp\/v2\/tags?post=178685"}],"curies":[{"name":"wp","href":"https:\/\/api.w.org\/{rel}","templated":true}]}}