{"id":178668,"date":"2016-09-06T14:58:14","date_gmt":"2016-09-06T14:58:14","guid":{"rendered":"https:\/\/www.meydan.tv\/article\/qubad-ibadoglu-azerbaycan-ozbekistanlasir\/"},"modified":"2016-09-06T14:58:14","modified_gmt":"2016-09-06T14:58:14","slug":"qubad-ibadoglu-azerbaycan-ozbekistanlasir","status":"publish","type":"post","link":"https:\/\/www.meydan.tv\/az\/article\/qubad-ibadoglu-azerbaycan-ozbekistanlasir\/","title":{"rendered":"Qubad \u0130bado\u011flu: Az\u0259rbaycan &#8221;\u00f6zb\u0259kistanla\u015f\u0131r&#8221;"},"content":{"rendered":"<figure class=\"wp-block-image size-large\">\n  <img decoding=\"async\" src=\"https:\/\/www.meydan.tv\/az\/qubad-ibadoglu-2\/\" alt=\"Qubad \u0130bado\u011flu\" class=\"wp-image-50421\"\/><figcaption>\n    Qubad \u0130bado\u011flu<br \/>\n  <\/figcaption><\/figure>\n<p>\n  <i><br \/>\n    &#8220;\u00d6zb\u0259kistanda qara valyuta bazarlar\u0131 20 ild\u0259n \u00e7oxdur ki, f\u0259aliyy\u0259td\u0259dir&#8221;<br \/>\n  <\/i>\n<\/p>\n<p>\n  &#8220;Valyuta hesablamalar\u0131n\u0131n limitl\u0259\u015fdirilm\u0259si istehlak bazar\u0131nda \u0259mt\u0259\u0259 q\u0131tl\u0131\u011f\u0131 v\u0259 qiym\u0259tl\u0259rin art\u0131m\u0131n\u0131 s\u00fcr\u0259tl\u0259ndir\u0259c\u0259k&#8221;, &#8211; bunu iqtisad\u00e7\u0131 Qubad \u0130bado\u011flu &#8220;Facebook&#8221; s\u0259hif\u0259sind\u0259 yaz\u0131b.\n<\/p>\n<p>\n  <b><br \/>\n    Dollara t\u0259l\u0259bat\u0131n artmas\u0131na s\u0259b\u0259b n\u0259dir?<br \/>\n  <\/b>\n<\/p>\n<p>\n  \u0130qtisad\u00e7\u0131, son g\u00fcnl\u0259r valyutaya t\u0259l\u0259bat\u0131n k\u0259skin artd\u0131\u011f\u0131n\u0131 deyir. Bunun s\u0259b\u0259bl\u0259rini izah edir: &#8220;Bunu \u015f\u0259rt\u0259ndir\u0259n \u00e7oxsayl\u0131 amill\u0259r siyah\u0131s\u0131na dur\u011fun yay m\u00f6vs\u00fcminin ba\u015fa \u00e7atmas\u0131 il\u0259 i\u015fg\u00fczar f\u0259all\u0131\u011f\u0131n y\u00fcks\u0259lm\u0259si, k\u0259nd t\u0259s\u0259rr\u00fcfat\u0131 f\u0259aliyy\u0259tind\u0259n manatla \u0259ld\u0259 edil\u0259n \u0259sas g\u0259lirl\u0259rin valyuta al\u0131\u015f\u0131na y\u00f6n\u0259lm\u0259si, yeni t\u0259dris ilinin ba\u015flamas\u0131 il\u0259 \u0259laq\u0259dar xaricd\u0259 t\u0259hsil haqlar\u0131n\u0131n \u00f6d\u0259nm\u0259si, haz\u0131rl\u0131qla ba\u011fl\u0131 olaraq daxild\u0259 idxal mallar\u0131na ehtiyaclar\u0131n yaranmas\u0131, manat\u0131n getdikc\u0259 ucuzla\u015fmas\u0131ndan t\u0259\u015fvi\u015f\u0259 d\u00fc\u015f\u0259nl\u0259rin xarici borc \u00f6hd\u0259likl\u0259rinin yerin\u0259 yetirm\u0259si istiqam\u0259tind\u0259 s\u0259yl\u0259rini art\u0131rmas\u0131, banklar\u0131n manipulyasiya \u0259m\u0259liyyatlar\u0131n\u0131n \u00fcst\u00fcnl\u00fck t\u0259\u015fkil etm\u0259si v\u0259 sair daxildir&#8221;.\n<\/p>\n<blockquote><p>\n  Valyuta bazar\u0131nda m\u00f6vcud v\u0259ziyy\u0259t daha da g\u0259rginl\u0259\u015f\u0259c\u0259k\n<\/p><\/blockquote>\n<p>\n  Q. \u0130bado\u011flu bildirir ki, bu amill\u0259rin f\u0259al oldu\u011fu \u015f\u0259raitd\u0259 n\u00f6vb\u0259ti h\u0259rrac bu g\u00fcn ke\u00e7iril\u0259c\u0259k. \u00c7ox g\u00fcman ki, D\u00f6vl\u0259t Neft Fondu h\u0259rracda i\u015ftirak ed\u0259n yegan\u0259 qurum olaraq banklara yenid\u0259n 50 milyon AB\u015e dollar\u0131 t\u0259klif ed\u0259c\u0259k:\n<\/p>\n<p>\n  &#8220;Bel\u0259 olan halda da t\u0259l\u0259bl\u0259 t\u0259klif aras\u0131nda f\u0259rq bir az da artacaq. Bazar tarazl\u0131\u011f\u0131 \u0259sas\u0131nda formala\u015fmayan m\u0259z\u0259nn\u0259 ger\u00e7\u0259k olmayacaq, bu da valyuta bazar\u0131nda m\u00f6vcud v\u0259ziyy\u0259ti daha da g\u0259rginl\u0259\u015fdir\u0259c\u0259k&#8221;.\n<\/p>\n<blockquote><p>\n  Qara bazar m\u0259z\u0259nn\u0259si il\u0259 r\u0259smi m\u0259z\u0259nn\u0259 aras\u0131nda f\u0259rq bir az da y\u00fcks\u0259l\u0259c\u0259k\n<\/p><\/blockquote>\n<p>\n  Qubad \u0130bado\u011flu deyir ki, bu d\u0259f\u0259 d\u0259 banklar\u0131n ald\u0131\u011f\u0131 valyutalar \u0259sas\u0259n qara bazarlar vasit\u0259sil\u0259 realla\u015facaq. Bel\u0259likl\u0259 d\u0259, qara bazar m\u0259z\u0259nn\u0259si il\u0259 r\u0259smi m\u0259z\u0259nn\u0259 aras\u0131nda f\u0259rq bir az da y\u00fcks\u0259l\u0259c\u0259k: &#8220;Bu is\u0259 Az\u0259rbaycan\u0131 &#8220;\u00f6zb\u0259ksitanla\u015fd\u0131racaq&#8221; v\u0259 \u00f6t\u0259n \u0259srin 90-c\u0131 ill\u0259rinin ortalar\u0131na qaytaracaq. M\u0259lumat \u00fc\u00e7\u00fcn deyim, \u00d6zb\u0259kistanda qara valyuta bazarlar\u0131 20 ild\u0259n \u00e7oxdur ki, f\u0259aliyy\u0259td\u0259dir&#8221;.\n<\/p>\n<p>\n  <b><br \/>\n    V\u0259ziyy\u0259td\u0259n \u00e7\u0131x\u0131\u015f yolu<br \/>\n  <\/b>\n<\/p>\n<p>\n  Q. \u0130bado\u011flu bildirir ki, bunlar\u0131n olmamas\u0131 \u00fc\u00e7\u00fcn M\u0259rk\u0259zi Bank valyuta bazar\u0131nda t\u0259zyiqi azaltma\u011fa y\u00f6n\u0259l\u0259n t\u0259xir\u0259sal\u0131nmaz t\u0259dbirl\u0259r h\u0259yata ke\u00e7irm\u0259li, bazarda valyuta t\u0259klifini \u00e7oxaltmal\u0131, \u0130qtisadiyyat Nazirliyi istehlak bazar\u0131nda idxal mallar\u0131n\u0131n yerli m\u0259hsullar hesab\u0131na \u0259v\u0259zl\u0259nm\u0259sin\u0259 y\u00f6n\u0259l\u0259n t\u0259\u015fviql\u0259ndirici siyas\u0259tl\u0259 valyutaya t\u0259l\u0259bat\u0131 azaltmal\u0131, Maliyy\u0259 Nazirliyi v\u0259 Vergil\u0259r Nazirliyi is\u0259 b\u00fcdc\u0259nin balansla\u015fd\u0131r\u0131lmas\u0131na \u00e7al\u0131\u015fmal\u0131d\u0131r:\n<\/p>\n<p>\n  &#8220;B\u00fct\u00fcn bu f\u0259aliyy\u0259tl\u0259r iqtisadi sah\u0259d\u0259 koordinasiya olunmu\u015f d\u00f6vl\u0259t siyas\u0259tinin t\u0259rkib elementl\u0259ri olmaqla ciddi s\u00fcr\u0259td\u0259 \u0259laq\u0259l\u0259ndirilm\u0259li v\u0259 Maliyy\u0259 Sabitliyi \u015euras\u0131 t\u0259r\u0259find\u0259n idar\u0259 olunmald\u0131r&#8221;.<\/p>\n","protected":false},"excerpt":{"rendered":"<p>&#8220;\u00d6zb\u0259kistanda qara valyuta bazarlar\u0131 20 ild\u0259n \u00e7oxdur ki, f\u0259aliyy\u0259td\u0259dir&#8221;<\/p>\n","protected":false},"author":11,"featured_media":50421,"comment_status":"closed","ping_status":"open","sticky":false,"template":"","format":"standard","meta":{"_acf_changed":false,"_sitemap_exclude":false,"_sitemap_priority":"","_sitemap_frequency":"","footnotes":""},"categories":[51],"tags":[],"class_list":["post-178668","post","type-post","status-publish","format-standard","has-post-thumbnail","hentry","category-analitika","infinite-scroll-item","generate-columns","tablet-grid-50","mobile-grid-100","grid-parent","grid-33","no-featured-image-padding"],"acf":[],"yoast_head":"<!-- This site is optimized with the Yoast SEO plugin v27.5 - https:\/\/yoast.com\/product\/yoast-seo-wordpress\/ -->\n<title>Qubad \u0130bado\u011flu: Az\u0259rbaycan &#039;&#039;\u00f6zb\u0259kistanla\u015f\u0131r&#039;&#039; - MEYDAN.TV<\/title>\n<meta name=\"robots\" content=\"index, follow, max-snippet:-1, max-image-preview:large, max-video-preview:-1\" \/>\n<link rel=\"canonical\" href=\"https:\/\/www.meydan.tv\/az\/article\/qubad-ibadoglu-azerbaycan-ozbekistanlasir\/\" \/>\n<meta property=\"og:locale\" content=\"az_AZ\" \/>\n<meta property=\"og:type\" content=\"article\" \/>\n<meta property=\"og:title\" content=\"Qubad \u0130bado\u011flu: Az\u0259rbaycan &#039;&#039;\u00f6zb\u0259kistanla\u015f\u0131r&#039;&#039; - MEYDAN.TV\" \/>\n<meta property=\"og:description\" content=\"&quot;\u00d6zb\u0259kistanda qara valyuta bazarlar\u0131 20 ild\u0259n \u00e7oxdur ki, f\u0259aliyy\u0259td\u0259dir&quot;\" \/>\n<meta property=\"og:url\" content=\"https:\/\/www.meydan.tv\/az\/article\/qubad-ibadoglu-azerbaycan-ozbekistanlasir\/\" \/>\n<meta property=\"og:site_name\" content=\"MEYDAN.TV\" \/>\n<meta property=\"article:published_time\" content=\"2016-09-06T14:58:14+00:00\" \/>\n<meta property=\"og:image\" content=\"https:\/\/www.meydan.tv\/wp-content\/uploads\/18985.jpg\" \/>\n\t<meta property=\"og:image:width\" content=\"719\" \/>\n\t<meta property=\"og:image:height\" content=\"479\" \/>\n\t<meta property=\"og:image:type\" content=\"image\/jpeg\" \/>\n<meta name=\"author\" content=\"user-manager\" \/>\n<meta name=\"twitter:card\" content=\"summary_large_image\" \/>\n<script type=\"application\/ld+json\" class=\"yoast-schema-graph\">{\"@context\":\"https:\\\/\\\/schema.org\",\"@graph\":[{\"@type\":\"Article\",\"@id\":\"https:\\\/\\\/www.meydan.tv\\\/az\\\/article\\\/qubad-ibadoglu-azerbaycan-ozbekistanlasir\\\/#article\",\"isPartOf\":{\"@id\":\"https:\\\/\\\/www.meydan.tv\\\/az\\\/article\\\/qubad-ibadoglu-azerbaycan-ozbekistanlasir\\\/\"},\"author\":{\"name\":\"user-manager\",\"@id\":\"https:\\\/\\\/www.meydan.tv\\\/az\\\/#\\\/schema\\\/person\\\/10d11eccf6da3662cf5fdab9806ea91a\"},\"headline\":\"Qubad \u0130bado\u011flu: Az\u0259rbaycan &#8221;\u00f6zb\u0259kistanla\u015f\u0131r&#8221;\",\"datePublished\":\"2016-09-06T14:58:14+00:00\",\"mainEntityOfPage\":{\"@id\":\"https:\\\/\\\/www.meydan.tv\\\/az\\\/article\\\/qubad-ibadoglu-azerbaycan-ozbekistanlasir\\\/\"},\"wordCount\":586,\"publisher\":{\"@id\":\"https:\\\/\\\/www.meydan.tv\\\/az\\\/#organization\"},\"image\":{\"@id\":\"https:\\\/\\\/www.meydan.tv\\\/az\\\/article\\\/qubad-ibadoglu-azerbaycan-ozbekistanlasir\\\/#primaryimage\"},\"thumbnailUrl\":\"https:\\\/\\\/www.meydan.tv\\\/wp-content\\\/uploads\\\/18985.jpg\",\"articleSection\":[\"Analitika\"],\"inLanguage\":\"az\"},{\"@type\":\"WebPage\",\"@id\":\"https:\\\/\\\/www.meydan.tv\\\/az\\\/article\\\/qubad-ibadoglu-azerbaycan-ozbekistanlasir\\\/\",\"url\":\"https:\\\/\\\/www.meydan.tv\\\/az\\\/article\\\/qubad-ibadoglu-azerbaycan-ozbekistanlasir\\\/\",\"name\":\"Qubad \u0130bado\u011flu: Az\u0259rbaycan ''\u00f6zb\u0259kistanla\u015f\u0131r'' - MEYDAN.TV\",\"isPartOf\":{\"@id\":\"https:\\\/\\\/www.meydan.tv\\\/az\\\/#website\"},\"primaryImageOfPage\":{\"@id\":\"https:\\\/\\\/www.meydan.tv\\\/az\\\/article\\\/qubad-ibadoglu-azerbaycan-ozbekistanlasir\\\/#primaryimage\"},\"image\":{\"@id\":\"https:\\\/\\\/www.meydan.tv\\\/az\\\/article\\\/qubad-ibadoglu-azerbaycan-ozbekistanlasir\\\/#primaryimage\"},\"thumbnailUrl\":\"https:\\\/\\\/www.meydan.tv\\\/wp-content\\\/uploads\\\/18985.jpg\",\"datePublished\":\"2016-09-06T14:58:14+00:00\",\"breadcrumb\":{\"@id\":\"https:\\\/\\\/www.meydan.tv\\\/az\\\/article\\\/qubad-ibadoglu-azerbaycan-ozbekistanlasir\\\/#breadcrumb\"},\"inLanguage\":\"az\",\"potentialAction\":[{\"@type\":\"ReadAction\",\"target\":[\"https:\\\/\\\/www.meydan.tv\\\/az\\\/article\\\/qubad-ibadoglu-azerbaycan-ozbekistanlasir\\\/\"]}]},{\"@type\":\"ImageObject\",\"inLanguage\":\"az\",\"@id\":\"https:\\\/\\\/www.meydan.tv\\\/az\\\/article\\\/qubad-ibadoglu-azerbaycan-ozbekistanlasir\\\/#primaryimage\",\"url\":\"https:\\\/\\\/www.meydan.tv\\\/wp-content\\\/uploads\\\/18985.jpg\",\"contentUrl\":\"https:\\\/\\\/www.meydan.tv\\\/wp-content\\\/uploads\\\/18985.jpg\",\"width\":719,\"height\":479,\"caption\":\"Source:\"},{\"@type\":\"BreadcrumbList\",\"@id\":\"https:\\\/\\\/www.meydan.tv\\\/az\\\/article\\\/qubad-ibadoglu-azerbaycan-ozbekistanlasir\\\/#breadcrumb\",\"itemListElement\":[{\"@type\":\"ListItem\",\"position\":1,\"name\":\"Ana s\u0259hif\u0259\",\"item\":\"https:\\\/\\\/www.meydan.tv\\\/az\\\/\"},{\"@type\":\"ListItem\",\"position\":2,\"name\":\"Analitika\",\"item\":\"https:\\\/\\\/www.meydan.tv\\\/az\\\/section\\\/analitika\\\/\"},{\"@type\":\"ListItem\",\"position\":3,\"name\":\"Qubad \u0130bado\u011flu: Az\u0259rbaycan &#8221;\u00f6zb\u0259kistanla\u015f\u0131r&#8221;\"}]},{\"@type\":\"WebSite\",\"@id\":\"https:\\\/\\\/www.meydan.tv\\\/az\\\/#website\",\"url\":\"https:\\\/\\\/www.meydan.tv\\\/az\\\/\",\"name\":\"MEYDAN.TV\",\"description\":\"Meydan TV Az\u0259rbaycan\u0131n media m\u0259kan\u0131ndak\u0131 alternativ s\u0259sidir\",\"publisher\":{\"@id\":\"https:\\\/\\\/www.meydan.tv\\\/az\\\/#organization\"},\"potentialAction\":[{\"@type\":\"SearchAction\",\"target\":{\"@type\":\"EntryPoint\",\"urlTemplate\":\"https:\\\/\\\/www.meydan.tv\\\/az\\\/?s={search_term_string}\"},\"query-input\":{\"@type\":\"PropertyValueSpecification\",\"valueRequired\":true,\"valueName\":\"search_term_string\"}}],\"inLanguage\":\"az\"},{\"@type\":\"Organization\",\"@id\":\"https:\\\/\\\/www.meydan.tv\\\/az\\\/#organization\",\"name\":\"Meydan TV\",\"url\":\"https:\\\/\\\/www.meydan.tv\\\/az\\\/\",\"logo\":{\"@type\":\"ImageObject\",\"inLanguage\":\"az\",\"@id\":\"https:\\\/\\\/www.meydan.tv\\\/az\\\/#\\\/schema\\\/logo\\\/image\\\/\",\"url\":\"https:\\\/\\\/www.meydan.tv\\\/wp-content\\\/uploads\\\/2021\\\/07\\\/meydan-logo.svg\",\"contentUrl\":\"https:\\\/\\\/www.meydan.tv\\\/wp-content\\\/uploads\\\/2021\\\/07\\\/meydan-logo.svg\",\"width\":195,\"height\":46,\"caption\":\"Meydan TV\"},\"image\":{\"@id\":\"https:\\\/\\\/www.meydan.tv\\\/az\\\/#\\\/schema\\\/logo\\\/image\\\/\"}},{\"@type\":\"Person\",\"@id\":\"https:\\\/\\\/www.meydan.tv\\\/az\\\/#\\\/schema\\\/person\\\/10d11eccf6da3662cf5fdab9806ea91a\",\"name\":\"user-manager\"}]}<\/script>\n<!-- \/ Yoast SEO plugin. -->","yoast_head_json":{"title":"Qubad \u0130bado\u011flu: Az\u0259rbaycan ''\u00f6zb\u0259kistanla\u015f\u0131r'' - MEYDAN.TV","robots":{"index":"index","follow":"follow","max-snippet":"max-snippet:-1","max-image-preview":"max-image-preview:large","max-video-preview":"max-video-preview:-1"},"canonical":"https:\/\/www.meydan.tv\/az\/article\/qubad-ibadoglu-azerbaycan-ozbekistanlasir\/","og_locale":"az_AZ","og_type":"article","og_title":"Qubad \u0130bado\u011flu: Az\u0259rbaycan ''\u00f6zb\u0259kistanla\u015f\u0131r'' - MEYDAN.TV","og_description":"\"\u00d6zb\u0259kistanda qara valyuta bazarlar\u0131 20 ild\u0259n \u00e7oxdur ki, f\u0259aliyy\u0259td\u0259dir\"","og_url":"https:\/\/www.meydan.tv\/az\/article\/qubad-ibadoglu-azerbaycan-ozbekistanlasir\/","og_site_name":"MEYDAN.TV","article_published_time":"2016-09-06T14:58:14+00:00","og_image":[{"width":719,"height":479,"url":"https:\/\/www.meydan.tv\/wp-content\/uploads\/18985.jpg","type":"image\/jpeg"}],"author":"user-manager","twitter_card":"summary_large_image","schema":{"@context":"https:\/\/schema.org","@graph":[{"@type":"Article","@id":"https:\/\/www.meydan.tv\/az\/article\/qubad-ibadoglu-azerbaycan-ozbekistanlasir\/#article","isPartOf":{"@id":"https:\/\/www.meydan.tv\/az\/article\/qubad-ibadoglu-azerbaycan-ozbekistanlasir\/"},"author":{"name":"user-manager","@id":"https:\/\/www.meydan.tv\/az\/#\/schema\/person\/10d11eccf6da3662cf5fdab9806ea91a"},"headline":"Qubad \u0130bado\u011flu: Az\u0259rbaycan &#8221;\u00f6zb\u0259kistanla\u015f\u0131r&#8221;","datePublished":"2016-09-06T14:58:14+00:00","mainEntityOfPage":{"@id":"https:\/\/www.meydan.tv\/az\/article\/qubad-ibadoglu-azerbaycan-ozbekistanlasir\/"},"wordCount":586,"publisher":{"@id":"https:\/\/www.meydan.tv\/az\/#organization"},"image":{"@id":"https:\/\/www.meydan.tv\/az\/article\/qubad-ibadoglu-azerbaycan-ozbekistanlasir\/#primaryimage"},"thumbnailUrl":"https:\/\/www.meydan.tv\/wp-content\/uploads\/18985.jpg","articleSection":["Analitika"],"inLanguage":"az"},{"@type":"WebPage","@id":"https:\/\/www.meydan.tv\/az\/article\/qubad-ibadoglu-azerbaycan-ozbekistanlasir\/","url":"https:\/\/www.meydan.tv\/az\/article\/qubad-ibadoglu-azerbaycan-ozbekistanlasir\/","name":"Qubad \u0130bado\u011flu: Az\u0259rbaycan ''\u00f6zb\u0259kistanla\u015f\u0131r'' - MEYDAN.TV","isPartOf":{"@id":"https:\/\/www.meydan.tv\/az\/#website"},"primaryImageOfPage":{"@id":"https:\/\/www.meydan.tv\/az\/article\/qubad-ibadoglu-azerbaycan-ozbekistanlasir\/#primaryimage"},"image":{"@id":"https:\/\/www.meydan.tv\/az\/article\/qubad-ibadoglu-azerbaycan-ozbekistanlasir\/#primaryimage"},"thumbnailUrl":"https:\/\/www.meydan.tv\/wp-content\/uploads\/18985.jpg","datePublished":"2016-09-06T14:58:14+00:00","breadcrumb":{"@id":"https:\/\/www.meydan.tv\/az\/article\/qubad-ibadoglu-azerbaycan-ozbekistanlasir\/#breadcrumb"},"inLanguage":"az","potentialAction":[{"@type":"ReadAction","target":["https:\/\/www.meydan.tv\/az\/article\/qubad-ibadoglu-azerbaycan-ozbekistanlasir\/"]}]},{"@type":"ImageObject","inLanguage":"az","@id":"https:\/\/www.meydan.tv\/az\/article\/qubad-ibadoglu-azerbaycan-ozbekistanlasir\/#primaryimage","url":"https:\/\/www.meydan.tv\/wp-content\/uploads\/18985.jpg","contentUrl":"https:\/\/www.meydan.tv\/wp-content\/uploads\/18985.jpg","width":719,"height":479,"caption":"Source:"},{"@type":"BreadcrumbList","@id":"https:\/\/www.meydan.tv\/az\/article\/qubad-ibadoglu-azerbaycan-ozbekistanlasir\/#breadcrumb","itemListElement":[{"@type":"ListItem","position":1,"name":"Ana s\u0259hif\u0259","item":"https:\/\/www.meydan.tv\/az\/"},{"@type":"ListItem","position":2,"name":"Analitika","item":"https:\/\/www.meydan.tv\/az\/section\/analitika\/"},{"@type":"ListItem","position":3,"name":"Qubad \u0130bado\u011flu: Az\u0259rbaycan &#8221;\u00f6zb\u0259kistanla\u015f\u0131r&#8221;"}]},{"@type":"WebSite","@id":"https:\/\/www.meydan.tv\/az\/#website","url":"https:\/\/www.meydan.tv\/az\/","name":"MEYDAN.TV","description":"Meydan TV Az\u0259rbaycan\u0131n media m\u0259kan\u0131ndak\u0131 alternativ s\u0259sidir","publisher":{"@id":"https:\/\/www.meydan.tv\/az\/#organization"},"potentialAction":[{"@type":"SearchAction","target":{"@type":"EntryPoint","urlTemplate":"https:\/\/www.meydan.tv\/az\/?s={search_term_string}"},"query-input":{"@type":"PropertyValueSpecification","valueRequired":true,"valueName":"search_term_string"}}],"inLanguage":"az"},{"@type":"Organization","@id":"https:\/\/www.meydan.tv\/az\/#organization","name":"Meydan TV","url":"https:\/\/www.meydan.tv\/az\/","logo":{"@type":"ImageObject","inLanguage":"az","@id":"https:\/\/www.meydan.tv\/az\/#\/schema\/logo\/image\/","url":"https:\/\/www.meydan.tv\/wp-content\/uploads\/2021\/07\/meydan-logo.svg","contentUrl":"https:\/\/www.meydan.tv\/wp-content\/uploads\/2021\/07\/meydan-logo.svg","width":195,"height":46,"caption":"Meydan TV"},"image":{"@id":"https:\/\/www.meydan.tv\/az\/#\/schema\/logo\/image\/"}},{"@type":"Person","@id":"https:\/\/www.meydan.tv\/az\/#\/schema\/person\/10d11eccf6da3662cf5fdab9806ea91a","name":"user-manager"}]}},"_links":{"self":[{"href":"https:\/\/www.meydan.tv\/az\/wp-json\/wp\/v2\/posts\/178668","targetHints":{"allow":["GET"]}}],"collection":[{"href":"https:\/\/www.meydan.tv\/az\/wp-json\/wp\/v2\/posts"}],"about":[{"href":"https:\/\/www.meydan.tv\/az\/wp-json\/wp\/v2\/types\/post"}],"author":[{"embeddable":true,"href":"https:\/\/www.meydan.tv\/az\/wp-json\/wp\/v2\/users\/11"}],"replies":[{"embeddable":true,"href":"https:\/\/www.meydan.tv\/az\/wp-json\/wp\/v2\/comments?post=178668"}],"version-history":[{"count":0,"href":"https:\/\/www.meydan.tv\/az\/wp-json\/wp\/v2\/posts\/178668\/revisions"}],"wp:featuredmedia":[{"embeddable":true,"href":"https:\/\/www.meydan.tv\/az\/wp-json\/wp\/v2\/media\/50421"}],"wp:attachment":[{"href":"https:\/\/www.meydan.tv\/az\/wp-json\/wp\/v2\/media?parent=178668"}],"wp:term":[{"taxonomy":"category","embeddable":true,"href":"https:\/\/www.meydan.tv\/az\/wp-json\/wp\/v2\/categories?post=178668"},{"taxonomy":"post_tag","embeddable":true,"href":"https:\/\/www.meydan.tv\/az\/wp-json\/wp\/v2\/tags?post=178668"}],"curies":[{"name":"wp","href":"https:\/\/api.w.org\/{rel}","templated":true}]}}