{"id":178643,"date":"2016-09-05T17:30:51","date_gmt":"2016-09-05T17:30:51","guid":{"rendered":"https:\/\/www.meydan.tv\/article\/birinci-vitse-prezident-kim-olacaq\/"},"modified":"2016-09-05T17:30:51","modified_gmt":"2016-09-05T17:30:51","slug":"birinci-vitse-prezident-kim-olacaq","status":"publish","type":"post","link":"https:\/\/www.meydan.tv\/az\/article\/birinci-vitse-prezident-kim-olacaq\/","title":{"rendered":"Birinci vitse \u2013 prezident kim olacaq?"},"content":{"rendered":"<figure class=\"wp-block-image size-large\">\n  <img decoding=\"async\" src=\"https:\/\/www.meydan.tv\/az\/azer-residoglu\/\" alt=\"Az\u0259r R\u0259\u015fido\u011flu\" class=\"wp-image-64240\"\/><figcaption>\n    Az\u0259r R\u0259\u015fido\u011flu<br \/>\n  <\/figcaption><\/figure>\n<p>\n  Hakimiyy\u0259tdaxili sava\u015f \u0259n amans\u0131z formada apar\u0131l\u0131r\n<\/p>\n<p>\n  \u00d6lk\u0259 siyasi elitas\u0131 Konstitusiya d\u0259yi\u015fiklikl\u0259ri il\u0259 ba\u011fl\u0131 referenduma haz\u0131rla\u015f\u0131r. Referendumdan sonra \u00f6lk\u0259nin yeni t\u0259sis edilmi\u015f birinci vitse-prezident postunda kimin \u0259yl\u0259\u015f\u0259c\u0259yi sual\u0131 \u0259sas m\u00fczakir\u0259 predmetidir.\n<\/p>\n<p>\n  Bu postun m\u00fcmk\u00fcn sahibinin kimliyi is\u0259 suallar do\u011furur. Yeni t\u0259sis edilm\u0259kd\u0259 olan birinci vitse-prezident postu iqtidar\u0131n \u0259sas problemin\u0259 \u00e7evrilm\u0259kd\u0259dir. Hakimiyy\u0259td\u0259 t\u0259msil olunan \u0259n m\u00fcxt\u0259lif qrupla\u015fmalar birinci vitse-prezident postunda \u00f6z t\u0259msil\u00e7il\u0259rini \u0259yl\u0259\u015fdirm\u0259k arzusundad\u0131rlar. Lakin h\u0259r \u015fey g\u00f6r\u00fcnd\u00fcy\u00fc q\u0259d\u0259r d\u0259 asan v\u0259 sad\u0259 deyil. Kimis\u0259 bu v\u0259zif\u0259y\u0259 y\u00fcks\u0259ltm\u0259k h\u0259min qrupla\u015fmaya kart-blan\u015f verilm\u0259si anlam\u0131na g\u0259l\u0259 bil\u0259r. Bunun is\u0259 \u0259ks t\u0259r\u0259fin s\u0259rt t\u0259pkisi il\u0259 qar\u015f\u0131lanaca\u011f\u0131 ehtimal\u0131 y\u00fcks\u0259kdir. Odur ki, haz\u0131rk\u0131 m\u0259rh\u0259l\u0259d\u0259 n\u0259yis\u0259 d\u0259yi\u015fm\u0259k risklidir. Lakin \u00f6lk\u0259 r\u0259hb\u0259ri bu d\u0259yi\u015fikliy\u0259 gedir. B\u00fct\u00fcn qar\u015f\u0131durmalar v\u0259 hakimiyy\u0259tdaxili oyunlar m\u0259hz bu istiqam\u0259td\u0259 qurulur. \u00d6lk\u0259nin ikinci \u015f\u0259xsi olacaq siman\u0131n karyeras\u0131 v\u0259 aqib\u0259ti nec\u0259 olacaq sual\u0131na cavab verm\u0259k el\u0259 d\u0259 asan deyil. Bu postun sahibi dig\u0259r iqtidardaxili qrupla\u015fmalar\u0131n h\u0259d\u0259find\u0259 olacaq v\u0259 bu amil onun taleyin\u0259 m\u0259nfi t\u0259sir g\u00f6st\u0259r\u0259 bil\u0259r. Hakimiyy\u0259tin birinci vitse \u2013 prezident postuna h\u0259r k\u0259si raz\u0131 salacaq \u015f\u0259xs problemini h\u0259ll ed\u0259 bilm\u0259m\u0259si iqtidardaxili g\u0259rginliyi art\u0131r\u0131r. Maraql\u0131d\u0131r ki, ad\u0131\u00e7\u0259kil\u0259n bu m\u00fcbariz\u0259 \u0259n amans\u0131z formada apar\u0131l\u0131r. Bu is\u0259 siyasi idar\u0259etm\u0259nin \u00f6z\u00fcn\u00fcn yanl\u0131\u015fl\u0131\u011f\u0131n\u0131 \u00fcz\u0259 \u00e7\u0131xar\u0131r. Vaxt\u0131 ke\u00e7mi\u015f idar\u0259\u00e7ilikd\u0259n imtina olunmayaca\u011f\u0131 t\u0259qdird\u0259 \u201ctoplananlar\u0131n yerini d\u0259yi\u015fdikd\u0259 c\u0259m d\u0259yi\u015fmir\u201d formulu \u0259sas amil olaraq qalacaq.\n<\/p>\n<p>\n  Qar\u015f\u0131dan is\u0259 n\u00f6vb\u0259ti prezident se\u00e7kil\u0259ri g\u0259lir. 2018-ci ild\u0259 iqtidar\u0131 kim t\u0259msil ed\u0259c\u0259k? \u0130lham \u018fliyev h\u0259l\u0259 bu m\u0259s\u0259l\u0259d\u0259 q\u0259rar verm\u0259diyini a\u00e7\u0131qlay\u0131r. \u018fvv\u0259lki se\u00e7kil\u0259rl\u0259 m\u00fcqayis\u0259d\u0259 bu d\u0259f\u0259 hakimiyy\u0259tdaxili komandalar daha b\u00f6y\u00fck iddialarda bulunurlar. Onlar\u0131n h\u0259d\u0259find\u0259 birinci vitse-prezident postundan tutmu\u015f, nazirlikl\u0259rin b\u00f6l\u00fc\u015fd\u00fcr\u00fclm\u0259si, siyasi v\u0259 iqtisadi sferan\u0131n tam \u0259l\u0259 ke\u00e7irilm\u0259si kimi m\u0259s\u0259l\u0259l\u0259r var. Qruplardan birinin maraqlar\u0131n\u0131 t\u0259min etm\u0259k, dig\u0259rl\u0259rinin naraz\u0131l\u0131\u011f\u0131 v\u0259 \u00fcsyan\u0131 il\u0259 n\u0259tic\u0259l\u0259n\u0259 bil\u0259r. Bu is\u0259 hakimiyy\u0259t \u00fc\u00e7\u00fcn son d\u0259r\u0259c\u0259 a\u011f\u0131r n\u0259tic\u0259l\u0259n\u0259r.<br \/>\n  <br \/>\n  Vur\u011fulayaq ki, indiy\u0259 q\u0259d\u0259r daha g\u00fccl\u00fc qruplar nisb\u0259t\u0259n z\u0259if qrupla\u015fmalar\u0131 s\u0131radan \u00e7\u0131xarmaqla m\u0259\u015f\u011ful idi. \u0130ndi is\u0259 siyasi m\u00fcst\u0259vid\u0259 t\u0259qrib\u0259n eyni g\u00fcc\u0259 malik qruplar m\u00fcbariz\u0259 apar\u0131r v\u0259 bu m\u00fcbariz\u0259d\u0259 q\u0259l\u0259b\u0259 anlay\u0131\u015f\u0131n\u0131n \u00f6z\u00fc d\u0259 nisbi ola bil\u0259r.\n<\/p>\n<p>\n  Yaranm\u0131\u015f v\u0259ziyy\u0259t \u00f6lk\u0259d\u0259 kadr islahatlar\u0131n\u0131n apar\u0131lmas\u0131n\u0131 z\u0259ruri edir. Bel\u0259 komanda il\u0259 se\u00e7kiy\u0259 getm\u0259k, u\u011fur qazan\u0131laca\u011f\u0131 t\u0259qdird\u0259 bel\u0259 ciddi probleml\u0259r dem\u0259kdir. D\u00fczd\u00fcr, yaranm\u0131\u015f v\u0259ziyy\u0259td\u0259 hakimiyy\u0259tdaxili qrupla\u015fmalar\u0131n ham\u0131s\u0131n\u0131 eyni zamanda z\u0259r\u0259rsizl\u0259\u015fdirm\u0259k d\u0259 siyasi hakimiyy\u0259t \u00fc\u00e7\u00fcn t\u0259hl\u00fck\u0259li ola bil\u0259r. Bu bax\u0131mdan, ad\u0131\u00e7\u0259kil\u0259n qruplar\u0131n \u201cxa\u00e7 atalar\u0131\u201dn\u0131n c\u0259zaland\u0131r\u0131lmas\u0131, qruplar\u0131n maraqlar\u0131n\u0131n nisb\u0259t\u0259n saxlan\u0131lmas\u0131 \u00e7\u0131x\u0131\u015f yolu kimi d\u0259y\u0259rl\u0259ndiril\u0259 bil\u0259r. Lakin m\u0259s\u0259l\u0259 he\u00e7 d\u0259 kimins\u0259 \u201cq\u0131rm\u0131z v\u0259r\u0259q\u0259\u201d almas\u0131nda da deyil. S\u00f6hb\u0259t \u201cart\u0131q y\u00fckl\u0259r\u201dd\u0259n azad olmaqdan gedir. \u018fks t\u0259qdird\u0259, hakim elita \u00f6z\u00fc b\u00fct\u00f6vl\u00fckd\u0259 iflasa u\u011fraya bil\u0259r.\n<\/p>\n<p>\n  N\u0259z\u0259r\u0259 alsaq ki, referendumun vaxt\u0131 yax\u0131nla\u015fd\u0131qca daxili sava\u015f daha da q\u0131z\u0131\u015facaq, qabaqlay\u0131c\u0131 t\u0259dbirl\u0259rin g\u00f6r\u00fclm\u0259si qa\u00e7\u0131lmaz g\u00f6r\u00fcn\u00fcr. Bu bax\u0131mdan, siyasi hakimiyy\u0259tin islahatlara ba\u015flamas\u0131, struktur d\u0259yi\u015fikliyi h\u0259yata ke\u00e7irilm\u0259si \u0259n optimal variant kimi d\u0259y\u0259rl\u0259ndiril\u0259 bil\u0259r.\n<\/p>\n<p>\n  Bu bax\u0131mdan, b\u0259l\u0259diyy\u0259l\u0259rin s\u0259lahiyy\u0259tl\u0259rinin art\u0131r\u0131lmas\u0131, icra strukturunun i\u015ftahas\u0131n\u0131n azald\u0131lmas\u0131 kimi \u00f6hd\u0259likl\u0259r\u0259 \u0259m\u0259l olunmas\u0131n\u0131n vaxt\u0131 \u00e7oxdan \u00e7at\u0131b. T\u0259bii ki, ad\u0131\u00e7\u0259kil\u0259n islahatlar\u0131 h\u0259yata ke\u00e7ir\u0259 bilm\u0259kd\u0259n \u00f6tr\u00fc \u00f6lk\u0259 daxilind\u0259 g\u0259rginliyin azald\u0131lmas\u0131 vacib elementl\u0259rd\u0259ndir.\n<\/p>\n<p>\n  \u018fks t\u0259qdird\u0259, Az\u0259rbaycanda siyasi prosesl\u0259rin taleyi k\u00fc\u00e7\u0259l\u0259rd\u0259 h\u0259ll edil\u0259 bil\u0259r. Hakimiyy\u0259tdaxili g\u0259rginlik m\u00fcnasib\u0259tl\u0259rin \u201creketsaya\u011f\u0131\u201d h\u0259llin\u0259 s\u0259b\u0259b olmaqdad\u0131r. Art\u0131q dem\u0259k olar ki, h\u0259r g\u00fcn naraz\u0131 qruplar\u0131n \u015f\u0259h\u0259r k\u00fc\u00e7\u0259l\u0259rind\u0259 \u201cqanl\u0131 razborkalar\u0131n\u0131n\u201d \u015fahidi minl\u0259rl\u0259 insanlar olur. \u0130qtidar\u0131n \u00e7ox q\u00fcrr\u0259l\u0259ndiyi sabitliyin art\u0131q qoxusu bel\u0259 qalmay\u0131b. Prosesl\u0259r is\u0259 artan x\u0259tt \u00fczr\u0259 inki\u015faf etm\u0259kd\u0259dir. N\u0259z\u0259r\u0259 alsaq ki, c\u0259miyy\u0259td\u0259 c\u0259zas\u0131zl\u0131q sindromu ya\u015fanmaqdad\u0131r v\u0259 qisas\u00e7\u0131l\u0131q \u0259sas m\u0259qs\u0259d say\u0131l\u0131r, yax\u0131n zamanlarda n\u0259l\u0259rin ba\u015f ver\u0259 bil\u0259ciyini ehtimal etm\u0259k o q\u0259d\u0259r d\u0259 \u00e7\u0259tin deyil. Qiym\u0259t art\u0131m\u0131 is\u0259 insanlar\u0131 aqresiv edib. Kataklizml\u0259r d\u0259 ya\u015fana bil\u0259r. Bunun qar\u015f\u0131s\u0131n\u0131 alma\u011f\u0131n yegan\u0259 yolu yeni, demokratik parlament se\u00e7kil\u0259rind\u0259n ke\u00e7ir&#8230;<\/p>\n","protected":false},"excerpt":{"rendered":"<p>Hakimiyy\u0259tdaxili sava\u015f \u0259n amans\u0131z formada apar\u0131l\u0131r<\/p>\n","protected":false},"author":11,"featured_media":64240,"comment_status":"closed","ping_status":"open","sticky":false,"template":"","format":"standard","meta":{"_acf_changed":false,"_sitemap_exclude":false,"_sitemap_priority":"","_sitemap_frequency":"","footnotes":""},"categories":[57],"tags":[],"class_list":["post-178643","post","type-post","status-publish","format-standard","has-post-thumbnail","hentry","category-menim-fikrimce","infinite-scroll-item","generate-columns","tablet-grid-50","mobile-grid-100","grid-parent","grid-33","no-featured-image-padding"],"acf":[],"yoast_head":"<!-- This site is optimized with the Yoast SEO plugin v27.5 - https:\/\/yoast.com\/product\/yoast-seo-wordpress\/ -->\n<title>Birinci vitse \u2013 prezident kim olacaq? - MEYDAN.TV<\/title>\n<meta name=\"robots\" content=\"index, follow, max-snippet:-1, max-image-preview:large, max-video-preview:-1\" \/>\n<link rel=\"canonical\" href=\"https:\/\/www.meydan.tv\/az\/article\/birinci-vitse-prezident-kim-olacaq\/\" \/>\n<meta property=\"og:locale\" content=\"az_AZ\" \/>\n<meta property=\"og:type\" content=\"article\" \/>\n<meta property=\"og:title\" content=\"Birinci vitse \u2013 prezident kim olacaq? - MEYDAN.TV\" \/>\n<meta property=\"og:description\" content=\"Hakimiyy\u0259tdaxili sava\u015f \u0259n amans\u0131z formada apar\u0131l\u0131r\" \/>\n<meta property=\"og:url\" content=\"https:\/\/www.meydan.tv\/az\/article\/birinci-vitse-prezident-kim-olacaq\/\" \/>\n<meta property=\"og:site_name\" content=\"MEYDAN.TV\" \/>\n<meta property=\"article:published_time\" content=\"2016-09-05T17:30:51+00:00\" \/>\n<meta property=\"og:image\" content=\"https:\/\/www.meydan.tv\/wp-content\/uploads\/24490.jpg\" \/>\n\t<meta property=\"og:image:width\" content=\"537\" \/>\n\t<meta property=\"og:image:height\" content=\"537\" \/>\n\t<meta property=\"og:image:type\" content=\"image\/jpeg\" \/>\n<meta name=\"author\" content=\"user-manager\" \/>\n<meta name=\"twitter:card\" content=\"summary_large_image\" \/>\n<script type=\"application\/ld+json\" class=\"yoast-schema-graph\">{\"@context\":\"https:\\\/\\\/schema.org\",\"@graph\":[{\"@type\":\"Article\",\"@id\":\"https:\\\/\\\/www.meydan.tv\\\/az\\\/article\\\/birinci-vitse-prezident-kim-olacaq\\\/#article\",\"isPartOf\":{\"@id\":\"https:\\\/\\\/www.meydan.tv\\\/az\\\/article\\\/birinci-vitse-prezident-kim-olacaq\\\/\"},\"author\":{\"name\":\"user-manager\",\"@id\":\"https:\\\/\\\/www.meydan.tv\\\/az\\\/#\\\/schema\\\/person\\\/10d11eccf6da3662cf5fdab9806ea91a\"},\"headline\":\"Birinci vitse \u2013 prezident kim olacaq?\",\"datePublished\":\"2016-09-05T17:30:51+00:00\",\"mainEntityOfPage\":{\"@id\":\"https:\\\/\\\/www.meydan.tv\\\/az\\\/article\\\/birinci-vitse-prezident-kim-olacaq\\\/\"},\"wordCount\":958,\"publisher\":{\"@id\":\"https:\\\/\\\/www.meydan.tv\\\/az\\\/#organization\"},\"image\":{\"@id\":\"https:\\\/\\\/www.meydan.tv\\\/az\\\/article\\\/birinci-vitse-prezident-kim-olacaq\\\/#primaryimage\"},\"thumbnailUrl\":\"https:\\\/\\\/www.meydan.tv\\\/wp-content\\\/uploads\\\/24490.jpg\",\"articleSection\":[\"M\u0259nim Fikrimc\u0259\"],\"inLanguage\":\"az\"},{\"@type\":\"WebPage\",\"@id\":\"https:\\\/\\\/www.meydan.tv\\\/az\\\/article\\\/birinci-vitse-prezident-kim-olacaq\\\/\",\"url\":\"https:\\\/\\\/www.meydan.tv\\\/az\\\/article\\\/birinci-vitse-prezident-kim-olacaq\\\/\",\"name\":\"Birinci vitse \u2013 prezident kim olacaq? - MEYDAN.TV\",\"isPartOf\":{\"@id\":\"https:\\\/\\\/www.meydan.tv\\\/az\\\/#website\"},\"primaryImageOfPage\":{\"@id\":\"https:\\\/\\\/www.meydan.tv\\\/az\\\/article\\\/birinci-vitse-prezident-kim-olacaq\\\/#primaryimage\"},\"image\":{\"@id\":\"https:\\\/\\\/www.meydan.tv\\\/az\\\/article\\\/birinci-vitse-prezident-kim-olacaq\\\/#primaryimage\"},\"thumbnailUrl\":\"https:\\\/\\\/www.meydan.tv\\\/wp-content\\\/uploads\\\/24490.jpg\",\"datePublished\":\"2016-09-05T17:30:51+00:00\",\"breadcrumb\":{\"@id\":\"https:\\\/\\\/www.meydan.tv\\\/az\\\/article\\\/birinci-vitse-prezident-kim-olacaq\\\/#breadcrumb\"},\"inLanguage\":\"az\",\"potentialAction\":[{\"@type\":\"ReadAction\",\"target\":[\"https:\\\/\\\/www.meydan.tv\\\/az\\\/article\\\/birinci-vitse-prezident-kim-olacaq\\\/\"]}]},{\"@type\":\"ImageObject\",\"inLanguage\":\"az\",\"@id\":\"https:\\\/\\\/www.meydan.tv\\\/az\\\/article\\\/birinci-vitse-prezident-kim-olacaq\\\/#primaryimage\",\"url\":\"https:\\\/\\\/www.meydan.tv\\\/wp-content\\\/uploads\\\/24490.jpg\",\"contentUrl\":\"https:\\\/\\\/www.meydan.tv\\\/wp-content\\\/uploads\\\/24490.jpg\",\"width\":537,\"height\":537,\"caption\":\"Source:\"},{\"@type\":\"BreadcrumbList\",\"@id\":\"https:\\\/\\\/www.meydan.tv\\\/az\\\/article\\\/birinci-vitse-prezident-kim-olacaq\\\/#breadcrumb\",\"itemListElement\":[{\"@type\":\"ListItem\",\"position\":1,\"name\":\"Ana s\u0259hif\u0259\",\"item\":\"https:\\\/\\\/www.meydan.tv\\\/az\\\/\"},{\"@type\":\"ListItem\",\"position\":2,\"name\":\"M\u0259nim Fikrimc\u0259\",\"item\":\"https:\\\/\\\/www.meydan.tv\\\/az\\\/section\\\/menim-fikrimce\\\/\"},{\"@type\":\"ListItem\",\"position\":3,\"name\":\"Birinci vitse \u2013 prezident kim olacaq?\"}]},{\"@type\":\"WebSite\",\"@id\":\"https:\\\/\\\/www.meydan.tv\\\/az\\\/#website\",\"url\":\"https:\\\/\\\/www.meydan.tv\\\/az\\\/\",\"name\":\"MEYDAN.TV\",\"description\":\"Meydan TV Az\u0259rbaycan\u0131n media m\u0259kan\u0131ndak\u0131 alternativ s\u0259sidir\",\"publisher\":{\"@id\":\"https:\\\/\\\/www.meydan.tv\\\/az\\\/#organization\"},\"potentialAction\":[{\"@type\":\"SearchAction\",\"target\":{\"@type\":\"EntryPoint\",\"urlTemplate\":\"https:\\\/\\\/www.meydan.tv\\\/az\\\/?s={search_term_string}\"},\"query-input\":{\"@type\":\"PropertyValueSpecification\",\"valueRequired\":true,\"valueName\":\"search_term_string\"}}],\"inLanguage\":\"az\"},{\"@type\":\"Organization\",\"@id\":\"https:\\\/\\\/www.meydan.tv\\\/az\\\/#organization\",\"name\":\"Meydan TV\",\"url\":\"https:\\\/\\\/www.meydan.tv\\\/az\\\/\",\"logo\":{\"@type\":\"ImageObject\",\"inLanguage\":\"az\",\"@id\":\"https:\\\/\\\/www.meydan.tv\\\/az\\\/#\\\/schema\\\/logo\\\/image\\\/\",\"url\":\"https:\\\/\\\/www.meydan.tv\\\/wp-content\\\/uploads\\\/2021\\\/07\\\/meydan-logo.svg\",\"contentUrl\":\"https:\\\/\\\/www.meydan.tv\\\/wp-content\\\/uploads\\\/2021\\\/07\\\/meydan-logo.svg\",\"width\":195,\"height\":46,\"caption\":\"Meydan TV\"},\"image\":{\"@id\":\"https:\\\/\\\/www.meydan.tv\\\/az\\\/#\\\/schema\\\/logo\\\/image\\\/\"}},{\"@type\":\"Person\",\"@id\":\"https:\\\/\\\/www.meydan.tv\\\/az\\\/#\\\/schema\\\/person\\\/10d11eccf6da3662cf5fdab9806ea91a\",\"name\":\"user-manager\"}]}<\/script>\n<!-- \/ Yoast SEO plugin. -->","yoast_head_json":{"title":"Birinci vitse \u2013 prezident kim olacaq? - MEYDAN.TV","robots":{"index":"index","follow":"follow","max-snippet":"max-snippet:-1","max-image-preview":"max-image-preview:large","max-video-preview":"max-video-preview:-1"},"canonical":"https:\/\/www.meydan.tv\/az\/article\/birinci-vitse-prezident-kim-olacaq\/","og_locale":"az_AZ","og_type":"article","og_title":"Birinci vitse \u2013 prezident kim olacaq? - MEYDAN.TV","og_description":"Hakimiyy\u0259tdaxili sava\u015f \u0259n amans\u0131z formada apar\u0131l\u0131r","og_url":"https:\/\/www.meydan.tv\/az\/article\/birinci-vitse-prezident-kim-olacaq\/","og_site_name":"MEYDAN.TV","article_published_time":"2016-09-05T17:30:51+00:00","og_image":[{"width":537,"height":537,"url":"https:\/\/www.meydan.tv\/wp-content\/uploads\/24490.jpg","type":"image\/jpeg"}],"author":"user-manager","twitter_card":"summary_large_image","schema":{"@context":"https:\/\/schema.org","@graph":[{"@type":"Article","@id":"https:\/\/www.meydan.tv\/az\/article\/birinci-vitse-prezident-kim-olacaq\/#article","isPartOf":{"@id":"https:\/\/www.meydan.tv\/az\/article\/birinci-vitse-prezident-kim-olacaq\/"},"author":{"name":"user-manager","@id":"https:\/\/www.meydan.tv\/az\/#\/schema\/person\/10d11eccf6da3662cf5fdab9806ea91a"},"headline":"Birinci vitse \u2013 prezident kim olacaq?","datePublished":"2016-09-05T17:30:51+00:00","mainEntityOfPage":{"@id":"https:\/\/www.meydan.tv\/az\/article\/birinci-vitse-prezident-kim-olacaq\/"},"wordCount":958,"publisher":{"@id":"https:\/\/www.meydan.tv\/az\/#organization"},"image":{"@id":"https:\/\/www.meydan.tv\/az\/article\/birinci-vitse-prezident-kim-olacaq\/#primaryimage"},"thumbnailUrl":"https:\/\/www.meydan.tv\/wp-content\/uploads\/24490.jpg","articleSection":["M\u0259nim Fikrimc\u0259"],"inLanguage":"az"},{"@type":"WebPage","@id":"https:\/\/www.meydan.tv\/az\/article\/birinci-vitse-prezident-kim-olacaq\/","url":"https:\/\/www.meydan.tv\/az\/article\/birinci-vitse-prezident-kim-olacaq\/","name":"Birinci vitse \u2013 prezident kim olacaq? - MEYDAN.TV","isPartOf":{"@id":"https:\/\/www.meydan.tv\/az\/#website"},"primaryImageOfPage":{"@id":"https:\/\/www.meydan.tv\/az\/article\/birinci-vitse-prezident-kim-olacaq\/#primaryimage"},"image":{"@id":"https:\/\/www.meydan.tv\/az\/article\/birinci-vitse-prezident-kim-olacaq\/#primaryimage"},"thumbnailUrl":"https:\/\/www.meydan.tv\/wp-content\/uploads\/24490.jpg","datePublished":"2016-09-05T17:30:51+00:00","breadcrumb":{"@id":"https:\/\/www.meydan.tv\/az\/article\/birinci-vitse-prezident-kim-olacaq\/#breadcrumb"},"inLanguage":"az","potentialAction":[{"@type":"ReadAction","target":["https:\/\/www.meydan.tv\/az\/article\/birinci-vitse-prezident-kim-olacaq\/"]}]},{"@type":"ImageObject","inLanguage":"az","@id":"https:\/\/www.meydan.tv\/az\/article\/birinci-vitse-prezident-kim-olacaq\/#primaryimage","url":"https:\/\/www.meydan.tv\/wp-content\/uploads\/24490.jpg","contentUrl":"https:\/\/www.meydan.tv\/wp-content\/uploads\/24490.jpg","width":537,"height":537,"caption":"Source:"},{"@type":"BreadcrumbList","@id":"https:\/\/www.meydan.tv\/az\/article\/birinci-vitse-prezident-kim-olacaq\/#breadcrumb","itemListElement":[{"@type":"ListItem","position":1,"name":"Ana s\u0259hif\u0259","item":"https:\/\/www.meydan.tv\/az\/"},{"@type":"ListItem","position":2,"name":"M\u0259nim Fikrimc\u0259","item":"https:\/\/www.meydan.tv\/az\/section\/menim-fikrimce\/"},{"@type":"ListItem","position":3,"name":"Birinci vitse \u2013 prezident kim olacaq?"}]},{"@type":"WebSite","@id":"https:\/\/www.meydan.tv\/az\/#website","url":"https:\/\/www.meydan.tv\/az\/","name":"MEYDAN.TV","description":"Meydan TV Az\u0259rbaycan\u0131n media m\u0259kan\u0131ndak\u0131 alternativ s\u0259sidir","publisher":{"@id":"https:\/\/www.meydan.tv\/az\/#organization"},"potentialAction":[{"@type":"SearchAction","target":{"@type":"EntryPoint","urlTemplate":"https:\/\/www.meydan.tv\/az\/?s={search_term_string}"},"query-input":{"@type":"PropertyValueSpecification","valueRequired":true,"valueName":"search_term_string"}}],"inLanguage":"az"},{"@type":"Organization","@id":"https:\/\/www.meydan.tv\/az\/#organization","name":"Meydan TV","url":"https:\/\/www.meydan.tv\/az\/","logo":{"@type":"ImageObject","inLanguage":"az","@id":"https:\/\/www.meydan.tv\/az\/#\/schema\/logo\/image\/","url":"https:\/\/www.meydan.tv\/wp-content\/uploads\/2021\/07\/meydan-logo.svg","contentUrl":"https:\/\/www.meydan.tv\/wp-content\/uploads\/2021\/07\/meydan-logo.svg","width":195,"height":46,"caption":"Meydan TV"},"image":{"@id":"https:\/\/www.meydan.tv\/az\/#\/schema\/logo\/image\/"}},{"@type":"Person","@id":"https:\/\/www.meydan.tv\/az\/#\/schema\/person\/10d11eccf6da3662cf5fdab9806ea91a","name":"user-manager"}]}},"_links":{"self":[{"href":"https:\/\/www.meydan.tv\/az\/wp-json\/wp\/v2\/posts\/178643","targetHints":{"allow":["GET"]}}],"collection":[{"href":"https:\/\/www.meydan.tv\/az\/wp-json\/wp\/v2\/posts"}],"about":[{"href":"https:\/\/www.meydan.tv\/az\/wp-json\/wp\/v2\/types\/post"}],"author":[{"embeddable":true,"href":"https:\/\/www.meydan.tv\/az\/wp-json\/wp\/v2\/users\/11"}],"replies":[{"embeddable":true,"href":"https:\/\/www.meydan.tv\/az\/wp-json\/wp\/v2\/comments?post=178643"}],"version-history":[{"count":0,"href":"https:\/\/www.meydan.tv\/az\/wp-json\/wp\/v2\/posts\/178643\/revisions"}],"wp:featuredmedia":[{"embeddable":true,"href":"https:\/\/www.meydan.tv\/az\/wp-json\/wp\/v2\/media\/64240"}],"wp:attachment":[{"href":"https:\/\/www.meydan.tv\/az\/wp-json\/wp\/v2\/media?parent=178643"}],"wp:term":[{"taxonomy":"category","embeddable":true,"href":"https:\/\/www.meydan.tv\/az\/wp-json\/wp\/v2\/categories?post=178643"},{"taxonomy":"post_tag","embeddable":true,"href":"https:\/\/www.meydan.tv\/az\/wp-json\/wp\/v2\/tags?post=178643"}],"curies":[{"name":"wp","href":"https:\/\/api.w.org\/{rel}","templated":true}]}}