{"id":178515,"date":"2016-08-30T13:42:25","date_gmt":"2016-08-30T13:42:25","guid":{"rendered":"https:\/\/www.meydan.tv\/article\/gulen-kampaniyasinda-resmi-baki-ozunu-ifsa-etdi\/"},"modified":"2016-08-30T13:42:25","modified_gmt":"2016-08-30T13:42:25","slug":"gulen-kampaniyasinda-resmi-baki-ozunu-ifsa-etdi","status":"publish","type":"post","link":"https:\/\/www.meydan.tv\/az\/article\/gulen-kampaniyasinda-resmi-baki-ozunu-ifsa-etdi\/","title":{"rendered":"G\u00fcl\u0259n kampaniyas\u0131nda r\u0259smi Bak\u0131 \u00f6z\u00fcn\u00fc if\u015fa etdi"},"content":{"rendered":"<figure class=\"wp-block-image size-large\">\n  <img decoding=\"async\" src=\"https:\/\/www.meydan.tv\/az\/cemil-hesenli-3\/\" alt=\"C\u0259mil H\u0259s\u0259nli\" class=\"wp-image-62200\"\/><figcaption>\n    C\u0259mil H\u0259s\u0259nli<br \/>\n  <\/figcaption><\/figure>\n<p>\n  Rusiyan\u0131n Az\u0259rbaycanda G\u00fcl\u0259n \u0259ndi\u015f\u0259si T\u00fcrkiy\u0259y\u0259 v\u0259 prezident \u018frdo\u011fana r\u0259\u011fb\u0259td\u0259n ir\u0259li g\u0259lmir\n<\/p>\n<p>\n  \u00d6t\u0259n g\u00fcn Rusiyan\u0131n &#8220;Vesti&#8221; proqram\u0131 h\u0259ft\u0259n\u0131n yekunlar\u0131na dair efir\u0259 verdiyi proqramda &#8220;Az\u0259rbaycanda G\u00fcl\u0259n\u00e7i&#8221; \u00e7evrili\u015f bar\u0259d\u0259 tamamil\u0259 mifik bir m\u0259lumat verdi. M\u0259s\u0259l\u0259nin \u0259n t\u0259\u0259cc\u00fcbl\u00fc t\u0259r\u0259fi d\u00f6vl\u0259t\u0259 ba\u011fl\u0131 olan Rusiya televiziyas\u0131n\u0131n ciddi c\u0259hdl\u0259 Az\u0259rbaycanda G\u00fcl\u0259n\u0259 ba\u011fl\u0131 olan k\u0259simi Az\u0259rbaycan Xalq C\u0259bh\u0259si Partiyas\u0131 il\u0259 \u0259laq\u0259l\u0259ndirm\u0259k t\u0259\u015f\u0259bb\u00fcs\u00fc idi. \u015e\u00fcbh\u0259siz ki, bu m\u0259lumat, onun haz\u0131rlanmas\u0131 v\u0259 t\u0259qdimat mexanizmi bir vaxtlar Sovet \u0130ttifaq\u0131nda m\u00f6vcud olmu\u015f soyuq m\u00fcharib\u0259 texnologiyas\u0131n\u0131 xat\u0131rlad\u0131r. H\u0259min vaxt qon\u015fu d\u00f6vl\u0259tl\u0259ri v\u0259 h\u0259min \u00f6lk\u0259l\u0259rd\u0259 f\u0259aliyy\u0259t g\u00f6st\u0259r\u0259n ayr\u0131-ayr\u0131 partiya v\u0259 h\u0259r\u0259katlar\u0131 \u00e7\u00f6kd\u00fcrm\u0259k \u00fc\u00e7\u00fcn SSR\u0130 D\u00f6vl\u0259t T\u0259hl\u00fck\u0259sizlik Komit\u0259si, Sovet Xarici \u0130\u015fl\u0259r Nazirliyi v\u0259 dig\u0259r h\u00f6kum\u0259t qurumlar\u0131n\u0131n m\u0259tb\u0259xind\u0259 haz\u0131rlanm\u0131\u015f t\u0259hdidedici materiallar ya jurnalistl\u0259rin ad\u0131ndan, ya da gizli adlarla d\u00f6vriyy\u0259y\u0259 verilirdi. Son ill\u0259r Rusiyada bu \u0259n\u0259n\u0259 yenid\u0259n b\u0259rpa olunur. G\u00fcl\u0259n m\u0259s\u0259l\u0259sind\u0259 Az\u0259rbaycan h\u00f6kum\u0259tinin Rusiya il\u0259 \u0259m\u0259kda\u015fl\u0131\u011f\u0131 g\u00f6z qaba\u011f\u0131ndad\u0131r.\n<\/p>\n<p>\n  &#8220;Vesti&#8221;nin Bak\u0131dan haz\u0131rlad\u0131\u011f\u0131 s\u00fcjetd\u0259n bu, a\u00e7\u0131q-ayd\u0131n g\u00f6r\u00fcn\u00fcrd\u00fc. &#8220;Vesti&#8221;nin jurnalisti Andrey Qriqoryev Az\u0259rbaycanda \u00e7evrili\u015f olaca\u011f\u0131 v\u0259 m\u00fcs\u0259lman d\u00f6vl\u0259ti yarad\u0131laca\u011f\u0131 t\u0259hl\u00fck\u0259sind\u0259n dan\u0131\u015f\u0131r. Bunun guya AXCP-nin ed\u0259c\u0259yi il\u0259 Rusiya v\u0259 d\u00fcnya ictimaiyy\u0259tini aldad\u0131r. Jurnalist unudur ki, s\u00fcjetd\u0259 t\u0259hl\u00fck\u0259 m\u0259nb\u0259yi kimi t\u0259qdim etdiyi G\u00fcl\u0259n m\u0259kt\u0259bl\u0259ri, Qafqaz Universiteti, Nur\u00e7u \u015f\u0259b\u0259k\u0259si el\u0259 Az\u0259rbaycan h\u00f6kum\u0259tinin \u00f6z\u00fc t\u0259r\u0259find\u0259n yarad\u0131l\u0131b v\u0259 idar\u0259 edilib. M\u0259lumatl\u0131 bir telejurnalist kimi Andrey Qriqoryev bilm\u0259mi\u015f deyildir ki, strateji m\u0259qs\u0259dl\u0259rin\u0259 ula\u015fmaq \u00fc\u00e7\u00fcn G\u00fcl\u0259n \u015f\u0259b\u0259k\u0259si, h\u0259r yerd\u0259, o c\u00fcml\u0259d\u0259n Az\u0259rbaycanda da iqtidarla birg\u0259 \u00e7al\u0131\u015f\u0131r, h\u0259tta xidm\u0259t etdiyi iqtidarla birlikd\u0259 m\u00fcxalif\u0259t\u0259 qar\u015f\u0131 m\u00fcbariz\u0259 d\u0259 onun funksiyalar\u0131na daxil idi.\n<\/p>\n<p>\n  Biz bunu g\u00fcl\u0259n\u00e7il\u0259rin Bak\u0131da ba\u015fl\u0131ca ideoloji ruporu olmu\u015f &#8220;X\u0259z\u0259r&#8221; televiziyas\u0131n\u0131n timsal\u0131nda a\u00e7\u0131qca g\u00f6rm\u00fc\u015f\u00fck. Andrey m\u00fc\u0259llim unudur ki, Az\u0259rbaycanda g\u00fcl\u0259n\u00e7il\u0259rl\u0259 ba\u011fl\u0131 birinci b\u00f6hran 2014-c\u00fc ilin yaz\u0131nda oldu v\u0259 h\u0259min b\u00f6hran zaman\u0131 bilavasit\u0259 Prezident Aparat\u0131nda, ayr\u0131-ayr\u0131 nazirlikl\u0259rd\u0259 v\u0259 h\u00f6kum\u0259t qurumlar\u0131nda, Milli M\u0259clisd\u0259 t\u0259k-t\u00fck hakimiyy\u0259t r\u0259smil\u0259ri vuruldu. Amma bu, h\u0259min vaxt prezident \u018frdo\u011fan\u0131 sakitl\u0259\u015fdirm\u0259k \u00fc\u00e7\u00fcn at\u0131lan epizodik add\u0131mlar idi. Nec\u0259 oldu ki, h\u0259min vaxt birc\u0259 AXCP t\u0259msil\u00e7isinin G\u00fcl\u0259n \u015f\u0259b\u0259k\u0259si il\u0259 \u0259laq\u0259si m\u00fc\u0259yy\u0259n edilm\u0259di? \u00c7\u00fcnki \u00f6z ideya istiqam\u0259tin\u0259, bax\u0131\u015flar sistemin\u0259, d\u00fcny\u0259vi d\u0259y\u0259rl\u0259r\u0259 m\u00fcnasib\u0259tin\u0259 g\u00f6r\u0259, bu, m\u00fcmk\u00fcn olan bir \u015fey deyildi. \u018fks t\u0259qdird\u0259 h\u0259min vaxt h\u0259l\u0259 f\u0259aliyy\u0259t g\u00f6st\u0259r\u0259n MTN-nin Az\u0259rbaycan\u0131n d\u00f6vl\u0259t orqanlar\u0131nda, g\u0259ncl\u0259r t\u0259\u015fkilatlar\u0131nda, ictimai-siyasi qurumlar\u0131nda f\u0259aliyy\u0259t g\u00f6st\u0259r\u0259n g\u00fcl\u0259n\u00e7il\u0259r haqq\u0131nda haz\u0131rlay\u0131b r\u0259smi orqanlara t\u0259qdim etdiyi siyah\u0131da he\u00e7 olmasa birc\u0259 C\u018fBH\u018f\u00c7\u0130 olard\u0131.\n<\/p>\n<p>\n  &#8220;Vesti&#8221;nin s\u00fcjeti bir h\u0259qiq\u0259ti d\u0259 ortaya qoydu. Az\u0259rbaycan hakimiyy\u0259ti m\u00fcxalif\u0259t\u0259 qar\u015f\u0131 nat\u0259miz yollarla m\u00fcbariz\u0259d\u0259 Qaraba\u011f\u0131n v\u0259 \u0259traf rayonlar\u0131n i\u015f\u011fal\u0131nda bilavasit\u0259 i\u015ftirak etmi\u015f, bu i\u015f\u011fal prosesind\u0259 davaml\u0131 olaraq Erm\u0259nistana h\u0259rbi, siyasi, diplomatik d\u0259st\u0259k vermi\u015f Rusiya il\u0259 i\u015fbirliyin\u0259 girdi. \u018flb\u0259tt\u0259, bu i\u015fbirliyind\u0259 Rusiyan\u0131n \u00f6z\u0259l maraqlar\u0131 var. H\u0259l\u0259 1918-ci ild\u0259n onlar Bak\u0131da t\u00fcrk simpatiyas\u0131n\u0131 m\u0259hv etm\u0259yi, t\u00fcrkl\u0259rin Bak\u0131ya yolunu ba\u011flamaq \u00fc\u00e7\u00fcn 1920-ci ild\u0259 Z\u0259ng\u0259zurun Erm\u0259nistana verilm\u0259sini planlad\u0131lar. \u015e\u00fcbh\u0259siz ki, Rusiyan\u0131n Az\u0259rbaycanda G\u00fcl\u0259n \u0259ndi\u015f\u0259si T\u00fcrkiy\u0259y\u0259 v\u0259 prezident \u018frdo\u011fana r\u0259\u011fb\u0259td\u0259n ir\u0259li g\u0259lmir.\n<\/p>\n<p>\n  Az\u0259rbaycan hakimiyy\u0259tinin is\u0259 Rusiya il\u0259 i\u015fbirliyin\u0259 girib bir vaxtlar Az\u0259rbaycana m\u00fcst\u0259qillik qazand\u0131rm\u0131\u015f Xalq C\u0259bh\u0259sini Moskvan\u0131n d\u0259st\u0259yi il\u0259 \u00e7\u00f6kd\u00fcrm\u0259k niyy\u0259ti ortadad\u0131r. M\u0259hz, Rusiyan\u0131n informasiya d\u0259st\u0259yi (biz\u0259 m\u0259lum olmayan dig\u0259r d\u0259st\u0259yin olmas\u0131 da istisna edilmir) il\u0259 r\u0259smi Bak\u0131, zaman-zaman T\u00fcrkiy\u0259nin haqq i\u015fin\u0259 d\u0259st\u0259k ver\u0259n, m\u0259\u015fum 15 iyul ax\u015fam\u0131 xalq\u0131n irad\u0259si il\u0259 se\u00e7ilmi\u015f \u018frdo\u011fan h\u00f6kum\u0259tin\u0259 d\u0259rhal \u00f6z say\u011f\u0131s\u0131n\u0131 ifad\u0259 ed\u0259n Xalq C\u0259bh\u0259sind\u0259n, onun lideri \u018fli K\u0259rimlid\u0259n can\u0131n\u0131 qurtarmaq ist\u0259yir. \u00c7\u0259tin ki, m\u00fcmk\u00fcn olsun. \u00c7\u00fcnki h\u00f6kum\u0259t b\u0259dnam G\u00fcl\u0259n kampaniyas\u0131nda h\u0259m siyasi, h\u0259m milli, h\u0259m m\u0259n\u0259vi, h\u0259m d\u0259 \u0259xlaqi bax\u0131mdan \u00f6z\u00fcn\u00fc if\u015fa etdi.<\/p>\n","protected":false},"excerpt":{"rendered":"<p>Rusiyan\u0131n Az\u0259rbaycanda G\u00fcl\u0259n \u0259ndi\u015f\u0259si T\u00fcrkiy\u0259y\u0259 v\u0259 prezident \u018frdo\u011fana r\u0259\u011fb\u0259td\u0259n ir\u0259li g\u0259lmir<\/p>\n","protected":false},"author":11,"featured_media":62200,"comment_status":"closed","ping_status":"open","sticky":false,"template":"","format":"standard","meta":{"_acf_changed":false,"_sitemap_exclude":false,"_sitemap_priority":"","_sitemap_frequency":"","footnotes":""},"categories":[57],"tags":[],"class_list":["post-178515","post","type-post","status-publish","format-standard","has-post-thumbnail","hentry","category-menim-fikrimce","infinite-scroll-item","generate-columns","tablet-grid-50","mobile-grid-100","grid-parent","grid-33","no-featured-image-padding"],"acf":[],"yoast_head":"<!-- This site is optimized with the Yoast SEO plugin v27.5 - https:\/\/yoast.com\/product\/yoast-seo-wordpress\/ -->\n<title>G\u00fcl\u0259n kampaniyas\u0131nda r\u0259smi Bak\u0131 \u00f6z\u00fcn\u00fc if\u015fa etdi - MEYDAN.TV<\/title>\n<meta name=\"robots\" content=\"index, follow, max-snippet:-1, max-image-preview:large, max-video-preview:-1\" \/>\n<link rel=\"canonical\" href=\"https:\/\/www.meydan.tv\/az\/article\/gulen-kampaniyasinda-resmi-baki-ozunu-ifsa-etdi\/\" \/>\n<meta property=\"og:locale\" content=\"az_AZ\" \/>\n<meta property=\"og:type\" content=\"article\" \/>\n<meta property=\"og:title\" content=\"G\u00fcl\u0259n kampaniyas\u0131nda r\u0259smi Bak\u0131 \u00f6z\u00fcn\u00fc if\u015fa etdi - MEYDAN.TV\" \/>\n<meta property=\"og:description\" content=\"Rusiyan\u0131n Az\u0259rbaycanda G\u00fcl\u0259n \u0259ndi\u015f\u0259si T\u00fcrkiy\u0259y\u0259 v\u0259 prezident \u018frdo\u011fana r\u0259\u011fb\u0259td\u0259n ir\u0259li g\u0259lmir\" \/>\n<meta property=\"og:url\" content=\"https:\/\/www.meydan.tv\/az\/article\/gulen-kampaniyasinda-resmi-baki-ozunu-ifsa-etdi\/\" \/>\n<meta property=\"og:site_name\" content=\"MEYDAN.TV\" \/>\n<meta property=\"article:published_time\" content=\"2016-08-30T13:42:25+00:00\" \/>\n<meta property=\"og:image\" content=\"https:\/\/www.meydan.tv\/wp-content\/uploads\/23702.jpg\" \/>\n\t<meta property=\"og:image:width\" content=\"754\" \/>\n\t<meta property=\"og:image:height\" content=\"503\" \/>\n\t<meta property=\"og:image:type\" content=\"image\/jpeg\" \/>\n<meta name=\"author\" content=\"user-manager\" \/>\n<meta name=\"twitter:card\" content=\"summary_large_image\" \/>\n<script type=\"application\/ld+json\" class=\"yoast-schema-graph\">{\"@context\":\"https:\\\/\\\/schema.org\",\"@graph\":[{\"@type\":\"Article\",\"@id\":\"https:\\\/\\\/www.meydan.tv\\\/az\\\/article\\\/gulen-kampaniyasinda-resmi-baki-ozunu-ifsa-etdi\\\/#article\",\"isPartOf\":{\"@id\":\"https:\\\/\\\/www.meydan.tv\\\/az\\\/article\\\/gulen-kampaniyasinda-resmi-baki-ozunu-ifsa-etdi\\\/\"},\"author\":{\"name\":\"user-manager\",\"@id\":\"https:\\\/\\\/www.meydan.tv\\\/az\\\/#\\\/schema\\\/person\\\/10d11eccf6da3662cf5fdab9806ea91a\"},\"headline\":\"G\u00fcl\u0259n kampaniyas\u0131nda r\u0259smi Bak\u0131 \u00f6z\u00fcn\u00fc if\u015fa etdi\",\"datePublished\":\"2016-08-30T13:42:25+00:00\",\"mainEntityOfPage\":{\"@id\":\"https:\\\/\\\/www.meydan.tv\\\/az\\\/article\\\/gulen-kampaniyasinda-resmi-baki-ozunu-ifsa-etdi\\\/\"},\"wordCount\":932,\"publisher\":{\"@id\":\"https:\\\/\\\/www.meydan.tv\\\/az\\\/#organization\"},\"image\":{\"@id\":\"https:\\\/\\\/www.meydan.tv\\\/az\\\/article\\\/gulen-kampaniyasinda-resmi-baki-ozunu-ifsa-etdi\\\/#primaryimage\"},\"thumbnailUrl\":\"https:\\\/\\\/www.meydan.tv\\\/wp-content\\\/uploads\\\/23702.jpg\",\"articleSection\":[\"M\u0259nim Fikrimc\u0259\"],\"inLanguage\":\"az\"},{\"@type\":\"WebPage\",\"@id\":\"https:\\\/\\\/www.meydan.tv\\\/az\\\/article\\\/gulen-kampaniyasinda-resmi-baki-ozunu-ifsa-etdi\\\/\",\"url\":\"https:\\\/\\\/www.meydan.tv\\\/az\\\/article\\\/gulen-kampaniyasinda-resmi-baki-ozunu-ifsa-etdi\\\/\",\"name\":\"G\u00fcl\u0259n kampaniyas\u0131nda r\u0259smi Bak\u0131 \u00f6z\u00fcn\u00fc if\u015fa etdi - MEYDAN.TV\",\"isPartOf\":{\"@id\":\"https:\\\/\\\/www.meydan.tv\\\/az\\\/#website\"},\"primaryImageOfPage\":{\"@id\":\"https:\\\/\\\/www.meydan.tv\\\/az\\\/article\\\/gulen-kampaniyasinda-resmi-baki-ozunu-ifsa-etdi\\\/#primaryimage\"},\"image\":{\"@id\":\"https:\\\/\\\/www.meydan.tv\\\/az\\\/article\\\/gulen-kampaniyasinda-resmi-baki-ozunu-ifsa-etdi\\\/#primaryimage\"},\"thumbnailUrl\":\"https:\\\/\\\/www.meydan.tv\\\/wp-content\\\/uploads\\\/23702.jpg\",\"datePublished\":\"2016-08-30T13:42:25+00:00\",\"breadcrumb\":{\"@id\":\"https:\\\/\\\/www.meydan.tv\\\/az\\\/article\\\/gulen-kampaniyasinda-resmi-baki-ozunu-ifsa-etdi\\\/#breadcrumb\"},\"inLanguage\":\"az\",\"potentialAction\":[{\"@type\":\"ReadAction\",\"target\":[\"https:\\\/\\\/www.meydan.tv\\\/az\\\/article\\\/gulen-kampaniyasinda-resmi-baki-ozunu-ifsa-etdi\\\/\"]}]},{\"@type\":\"ImageObject\",\"inLanguage\":\"az\",\"@id\":\"https:\\\/\\\/www.meydan.tv\\\/az\\\/article\\\/gulen-kampaniyasinda-resmi-baki-ozunu-ifsa-etdi\\\/#primaryimage\",\"url\":\"https:\\\/\\\/www.meydan.tv\\\/wp-content\\\/uploads\\\/23702.jpg\",\"contentUrl\":\"https:\\\/\\\/www.meydan.tv\\\/wp-content\\\/uploads\\\/23702.jpg\",\"width\":754,\"height\":503,\"caption\":\"Foto: Meydan TV\"},{\"@type\":\"BreadcrumbList\",\"@id\":\"https:\\\/\\\/www.meydan.tv\\\/az\\\/article\\\/gulen-kampaniyasinda-resmi-baki-ozunu-ifsa-etdi\\\/#breadcrumb\",\"itemListElement\":[{\"@type\":\"ListItem\",\"position\":1,\"name\":\"Ana s\u0259hif\u0259\",\"item\":\"https:\\\/\\\/www.meydan.tv\\\/az\\\/\"},{\"@type\":\"ListItem\",\"position\":2,\"name\":\"M\u0259nim Fikrimc\u0259\",\"item\":\"https:\\\/\\\/www.meydan.tv\\\/az\\\/section\\\/menim-fikrimce\\\/\"},{\"@type\":\"ListItem\",\"position\":3,\"name\":\"G\u00fcl\u0259n kampaniyas\u0131nda r\u0259smi Bak\u0131 \u00f6z\u00fcn\u00fc if\u015fa etdi\"}]},{\"@type\":\"WebSite\",\"@id\":\"https:\\\/\\\/www.meydan.tv\\\/az\\\/#website\",\"url\":\"https:\\\/\\\/www.meydan.tv\\\/az\\\/\",\"name\":\"MEYDAN.TV\",\"description\":\"Meydan TV Az\u0259rbaycan\u0131n media m\u0259kan\u0131ndak\u0131 alternativ s\u0259sidir\",\"publisher\":{\"@id\":\"https:\\\/\\\/www.meydan.tv\\\/az\\\/#organization\"},\"potentialAction\":[{\"@type\":\"SearchAction\",\"target\":{\"@type\":\"EntryPoint\",\"urlTemplate\":\"https:\\\/\\\/www.meydan.tv\\\/az\\\/?s={search_term_string}\"},\"query-input\":{\"@type\":\"PropertyValueSpecification\",\"valueRequired\":true,\"valueName\":\"search_term_string\"}}],\"inLanguage\":\"az\"},{\"@type\":\"Organization\",\"@id\":\"https:\\\/\\\/www.meydan.tv\\\/az\\\/#organization\",\"name\":\"Meydan TV\",\"url\":\"https:\\\/\\\/www.meydan.tv\\\/az\\\/\",\"logo\":{\"@type\":\"ImageObject\",\"inLanguage\":\"az\",\"@id\":\"https:\\\/\\\/www.meydan.tv\\\/az\\\/#\\\/schema\\\/logo\\\/image\\\/\",\"url\":\"https:\\\/\\\/www.meydan.tv\\\/wp-content\\\/uploads\\\/2021\\\/07\\\/meydan-logo.svg\",\"contentUrl\":\"https:\\\/\\\/www.meydan.tv\\\/wp-content\\\/uploads\\\/2021\\\/07\\\/meydan-logo.svg\",\"width\":195,\"height\":46,\"caption\":\"Meydan TV\"},\"image\":{\"@id\":\"https:\\\/\\\/www.meydan.tv\\\/az\\\/#\\\/schema\\\/logo\\\/image\\\/\"}},{\"@type\":\"Person\",\"@id\":\"https:\\\/\\\/www.meydan.tv\\\/az\\\/#\\\/schema\\\/person\\\/10d11eccf6da3662cf5fdab9806ea91a\",\"name\":\"user-manager\"}]}<\/script>\n<!-- \/ Yoast SEO plugin. -->","yoast_head_json":{"title":"G\u00fcl\u0259n kampaniyas\u0131nda r\u0259smi Bak\u0131 \u00f6z\u00fcn\u00fc if\u015fa etdi - MEYDAN.TV","robots":{"index":"index","follow":"follow","max-snippet":"max-snippet:-1","max-image-preview":"max-image-preview:large","max-video-preview":"max-video-preview:-1"},"canonical":"https:\/\/www.meydan.tv\/az\/article\/gulen-kampaniyasinda-resmi-baki-ozunu-ifsa-etdi\/","og_locale":"az_AZ","og_type":"article","og_title":"G\u00fcl\u0259n kampaniyas\u0131nda r\u0259smi Bak\u0131 \u00f6z\u00fcn\u00fc if\u015fa etdi - MEYDAN.TV","og_description":"Rusiyan\u0131n Az\u0259rbaycanda G\u00fcl\u0259n \u0259ndi\u015f\u0259si T\u00fcrkiy\u0259y\u0259 v\u0259 prezident \u018frdo\u011fana r\u0259\u011fb\u0259td\u0259n ir\u0259li g\u0259lmir","og_url":"https:\/\/www.meydan.tv\/az\/article\/gulen-kampaniyasinda-resmi-baki-ozunu-ifsa-etdi\/","og_site_name":"MEYDAN.TV","article_published_time":"2016-08-30T13:42:25+00:00","og_image":[{"width":754,"height":503,"url":"https:\/\/www.meydan.tv\/wp-content\/uploads\/23702.jpg","type":"image\/jpeg"}],"author":"user-manager","twitter_card":"summary_large_image","schema":{"@context":"https:\/\/schema.org","@graph":[{"@type":"Article","@id":"https:\/\/www.meydan.tv\/az\/article\/gulen-kampaniyasinda-resmi-baki-ozunu-ifsa-etdi\/#article","isPartOf":{"@id":"https:\/\/www.meydan.tv\/az\/article\/gulen-kampaniyasinda-resmi-baki-ozunu-ifsa-etdi\/"},"author":{"name":"user-manager","@id":"https:\/\/www.meydan.tv\/az\/#\/schema\/person\/10d11eccf6da3662cf5fdab9806ea91a"},"headline":"G\u00fcl\u0259n kampaniyas\u0131nda r\u0259smi Bak\u0131 \u00f6z\u00fcn\u00fc if\u015fa etdi","datePublished":"2016-08-30T13:42:25+00:00","mainEntityOfPage":{"@id":"https:\/\/www.meydan.tv\/az\/article\/gulen-kampaniyasinda-resmi-baki-ozunu-ifsa-etdi\/"},"wordCount":932,"publisher":{"@id":"https:\/\/www.meydan.tv\/az\/#organization"},"image":{"@id":"https:\/\/www.meydan.tv\/az\/article\/gulen-kampaniyasinda-resmi-baki-ozunu-ifsa-etdi\/#primaryimage"},"thumbnailUrl":"https:\/\/www.meydan.tv\/wp-content\/uploads\/23702.jpg","articleSection":["M\u0259nim Fikrimc\u0259"],"inLanguage":"az"},{"@type":"WebPage","@id":"https:\/\/www.meydan.tv\/az\/article\/gulen-kampaniyasinda-resmi-baki-ozunu-ifsa-etdi\/","url":"https:\/\/www.meydan.tv\/az\/article\/gulen-kampaniyasinda-resmi-baki-ozunu-ifsa-etdi\/","name":"G\u00fcl\u0259n kampaniyas\u0131nda r\u0259smi Bak\u0131 \u00f6z\u00fcn\u00fc if\u015fa etdi - MEYDAN.TV","isPartOf":{"@id":"https:\/\/www.meydan.tv\/az\/#website"},"primaryImageOfPage":{"@id":"https:\/\/www.meydan.tv\/az\/article\/gulen-kampaniyasinda-resmi-baki-ozunu-ifsa-etdi\/#primaryimage"},"image":{"@id":"https:\/\/www.meydan.tv\/az\/article\/gulen-kampaniyasinda-resmi-baki-ozunu-ifsa-etdi\/#primaryimage"},"thumbnailUrl":"https:\/\/www.meydan.tv\/wp-content\/uploads\/23702.jpg","datePublished":"2016-08-30T13:42:25+00:00","breadcrumb":{"@id":"https:\/\/www.meydan.tv\/az\/article\/gulen-kampaniyasinda-resmi-baki-ozunu-ifsa-etdi\/#breadcrumb"},"inLanguage":"az","potentialAction":[{"@type":"ReadAction","target":["https:\/\/www.meydan.tv\/az\/article\/gulen-kampaniyasinda-resmi-baki-ozunu-ifsa-etdi\/"]}]},{"@type":"ImageObject","inLanguage":"az","@id":"https:\/\/www.meydan.tv\/az\/article\/gulen-kampaniyasinda-resmi-baki-ozunu-ifsa-etdi\/#primaryimage","url":"https:\/\/www.meydan.tv\/wp-content\/uploads\/23702.jpg","contentUrl":"https:\/\/www.meydan.tv\/wp-content\/uploads\/23702.jpg","width":754,"height":503,"caption":"Foto: Meydan TV"},{"@type":"BreadcrumbList","@id":"https:\/\/www.meydan.tv\/az\/article\/gulen-kampaniyasinda-resmi-baki-ozunu-ifsa-etdi\/#breadcrumb","itemListElement":[{"@type":"ListItem","position":1,"name":"Ana s\u0259hif\u0259","item":"https:\/\/www.meydan.tv\/az\/"},{"@type":"ListItem","position":2,"name":"M\u0259nim Fikrimc\u0259","item":"https:\/\/www.meydan.tv\/az\/section\/menim-fikrimce\/"},{"@type":"ListItem","position":3,"name":"G\u00fcl\u0259n kampaniyas\u0131nda r\u0259smi Bak\u0131 \u00f6z\u00fcn\u00fc if\u015fa etdi"}]},{"@type":"WebSite","@id":"https:\/\/www.meydan.tv\/az\/#website","url":"https:\/\/www.meydan.tv\/az\/","name":"MEYDAN.TV","description":"Meydan TV Az\u0259rbaycan\u0131n media m\u0259kan\u0131ndak\u0131 alternativ s\u0259sidir","publisher":{"@id":"https:\/\/www.meydan.tv\/az\/#organization"},"potentialAction":[{"@type":"SearchAction","target":{"@type":"EntryPoint","urlTemplate":"https:\/\/www.meydan.tv\/az\/?s={search_term_string}"},"query-input":{"@type":"PropertyValueSpecification","valueRequired":true,"valueName":"search_term_string"}}],"inLanguage":"az"},{"@type":"Organization","@id":"https:\/\/www.meydan.tv\/az\/#organization","name":"Meydan TV","url":"https:\/\/www.meydan.tv\/az\/","logo":{"@type":"ImageObject","inLanguage":"az","@id":"https:\/\/www.meydan.tv\/az\/#\/schema\/logo\/image\/","url":"https:\/\/www.meydan.tv\/wp-content\/uploads\/2021\/07\/meydan-logo.svg","contentUrl":"https:\/\/www.meydan.tv\/wp-content\/uploads\/2021\/07\/meydan-logo.svg","width":195,"height":46,"caption":"Meydan TV"},"image":{"@id":"https:\/\/www.meydan.tv\/az\/#\/schema\/logo\/image\/"}},{"@type":"Person","@id":"https:\/\/www.meydan.tv\/az\/#\/schema\/person\/10d11eccf6da3662cf5fdab9806ea91a","name":"user-manager"}]}},"_links":{"self":[{"href":"https:\/\/www.meydan.tv\/az\/wp-json\/wp\/v2\/posts\/178515","targetHints":{"allow":["GET"]}}],"collection":[{"href":"https:\/\/www.meydan.tv\/az\/wp-json\/wp\/v2\/posts"}],"about":[{"href":"https:\/\/www.meydan.tv\/az\/wp-json\/wp\/v2\/types\/post"}],"author":[{"embeddable":true,"href":"https:\/\/www.meydan.tv\/az\/wp-json\/wp\/v2\/users\/11"}],"replies":[{"embeddable":true,"href":"https:\/\/www.meydan.tv\/az\/wp-json\/wp\/v2\/comments?post=178515"}],"version-history":[{"count":0,"href":"https:\/\/www.meydan.tv\/az\/wp-json\/wp\/v2\/posts\/178515\/revisions"}],"wp:featuredmedia":[{"embeddable":true,"href":"https:\/\/www.meydan.tv\/az\/wp-json\/wp\/v2\/media\/62200"}],"wp:attachment":[{"href":"https:\/\/www.meydan.tv\/az\/wp-json\/wp\/v2\/media?parent=178515"}],"wp:term":[{"taxonomy":"category","embeddable":true,"href":"https:\/\/www.meydan.tv\/az\/wp-json\/wp\/v2\/categories?post=178515"},{"taxonomy":"post_tag","embeddable":true,"href":"https:\/\/www.meydan.tv\/az\/wp-json\/wp\/v2\/tags?post=178515"}],"curies":[{"name":"wp","href":"https:\/\/api.w.org\/{rel}","templated":true}]}}