{"id":178491,"date":"2016-08-29T14:33:22","date_gmt":"2016-08-29T14:33:22","guid":{"rendered":"https:\/\/www.meydan.tv\/article\/qadin-ne-geyinmemelidir-diktaturasi\/"},"modified":"2016-08-29T14:33:22","modified_gmt":"2016-08-29T14:33:22","slug":"qadin-ne-geyinmemelidir-diktaturasi","status":"publish","type":"post","link":"https:\/\/www.meydan.tv\/az\/article\/qadin-ne-geyinmemelidir-diktaturasi\/","title":{"rendered":"&#8221;Qad\u0131n n\u0259 geyinm\u0259m\u0259lidir&#8221; diktaturas\u0131"},"content":{"rendered":"<figure class=\"wp-block-image size-large\">\n  <img decoding=\"async\" src=\"https:\/\/www.meydan.tv\/az\/64718\/\" alt=\"\" class=\"wp-image-64718\"\/><figcaption><\/figcaption><\/figure>\n<figure class=\"wp-block-image size-large\">\n  <img decoding=\"async\" src=\"https:\/\/www.meydan.tv\/az\/64721\/\" alt=\"\" class=\"wp-image-64721\"\/><figcaption><\/figcaption><\/figure>\n<p>\n  &#8220;Qad\u0131n n\u0259 geyinm\u0259lidir&#8221; diktaturas\u0131na qar\u015f\u0131&#8230;\n<\/p>\n<p>\n  \u00d6z\u00fcm\u00fc normal insan hesab ed\u0259nd\u0259n b\u0259ri, geyiml\u0259 ba\u011fl\u0131 birc\u0259 prinsip\u0259 riay\u0259t etm\u0259yin t\u0259r\u0259fdar\u0131 olmu\u015fam: geyim qanundan yox, etiketd\u0259n as\u0131l\u0131 olmal\u0131d\u0131r. Qanun onu pozana c\u0259za, etiket is\u0259 ona \u0259m\u0259l etm\u0259y\u0259n\u0259 naqolay v\u0259ziyy\u0259t, m\u0259nfi ictimai r\u0259y v\u0259d edir. Geyim \u2013 h\u0259r bir insan\u0131n \u00f6z\u00fcn\u00fcn, inam\u0131n\u0131n, z\u00f6vq\u00fcn\u00fcn, d\u0259y\u0259rl\u0259rinin, ovqat\u0131n\u0131n (ba\u015fqalar\u0131na z\u0259r\u0259rsiz v\u0259 t\u0259hl\u00fck\u0259siz) ifad\u0259sidir ki, bu ifad\u0259y\u0259 g\u00f6r\u0259 c\u0259za verilm\u0259si absurddur. Buna g\u00f6r\u0259 d\u0259, qad\u0131n ya ki\u015fi olsun, gey v\u0259 ya biseksual olsun, geyimin qanunla t\u0259nziml\u0259nm\u0259si yolverilm\u0259zdir.\n<\/p>\n<p>\n  H\u0259m\u00e7inin, \u00f6z\u00fcm\u00fc normal insan hesab ed\u0259nd\u0259n b\u0259ri, insan\u0131n seksual partnyorlar\u0131n\u0131n say\u0131, seksual t\u0259cr\u00fcb\u0259sinin az v\u0259 ya \u00e7ox olmas\u0131, eyni vaxtda t\u0259k, yoxsa \u00e7ox partnyora \u00fcst\u00fcnl\u00fck verm\u0259yi m\u0259ni maraqland\u0131rm\u0131r. Nec\u0259 dey\u0259rl\u0259r, insan\u0131n n\u0259yi etm\u0259li oldu\u011funu Vergil\u0259r Nazirliyi, n\u0259yi etm\u0259m\u0259li oldu\u011funu is\u0259 Cinay\u0259t M\u0259c\u0259ll\u0259si diqt\u0259 edir. \u0130nsan\u0131n \u00f6z b\u0259d\u0259ni il\u0259 nec\u0259 davranmal\u0131, ya da nec\u0259 davranmamal\u0131 oldu\u011fu bar\u0259d\u0259 is\u0259 bu iki m\u0259nb\u0259d\u0259 he\u00e7 bir g\u00f6st\u0259ri\u015f yoxdur.\n<\/p>\n<p>\n  \u0130yirmi birinci \u0259srdir.Amma sekulyar, yoxsa dini olsun, respublika ya monarxiya sistemi olsun, \u015e\u0259rq ya Q\u0259rb olsun, b\u00fct\u00fcn d\u00fcnya h\u0259l\u0259 d\u0259 qad\u0131n\u0131n geyimind\u0259n v\u0259 b\u0259d\u0259nind\u0259n \u0259l \u00e7\u0259kmir. B\u00fct\u00fcn d\u00fcnya! Sad\u0259c\u0259, az\u0131 v\u0259 ya \u00e7oxu var. Sad\u0259c\u0259, feminizmin aktiv oldu\u011fu v\u0259 olmad\u0131\u011f\u0131 \u00f6lk\u0259l\u0259r var. Sad\u0259c\u0259, istisnalar v\u0259 m\u00fc\u0259yy\u0259n \u015f\u0259rtl\u0259r var. Amma \u00fcmumi m\u0259nz\u0259r\u0259 d\u0259h\u015f\u0259tlidir.\n<\/p>\n<p>\n  Qad\u0131n \u0259\u015fya kimi sat\u0131l\u0131r. Qad\u0131n seksual k\u00f6l\u0259 kimi g\u00f6r\u00fcl\u00fcr. Qad\u0131na v\u0259h\u015fi t\u0259bi\u0259td\u0259 oldu\u011fu kimi &#8220;ana&#8221;, &#8220;di\u015fi&#8221; rolu verilir v\u0259 u\u015faqla ba\u011fl\u0131 qay\u011f\u0131lar y\u00fckl\u0259nilir. Qad\u0131n\u0131n b\u0259d\u0259ni m\u00fcdaxil\u0259y\u0259 m\u0259ruz qal\u0131r. Qad\u0131n\u0131n ald\u0131\u011f\u0131 cins\u0259l h\u0259zz n\u0259zar\u0259t alt\u0131na al\u0131n\u0131r. Qad\u0131n\u0131n seksual partnyorlar\u0131 hesablan\u0131l\u0131r v\u0259 bu partnyorlar\u0131n \u00e7oxlu\u011fu &#8220;onu g\u00f6zd\u0259n sal\u0131r&#8221;. Qad\u0131n\u0131n elmd\u0259, f\u0259ls\u0259f\u0259d\u0259, \u0259d\u0259biyyatda, kinoda rolunun n\u0259 olaca\u011f\u0131 ona ba\u015fqa cins t\u0259r\u0259find\u0259n diqt\u0259 olunur.\n<\/p>\n<p>\n  Fransa kimi bir \u00f6lk\u0259d\u0259, maarif\u00e7iliyin, humanizmin, s\u0259n\u0259tin, \u0259d\u0259biyyat\u0131n \u0259n \u015fanl\u0131 tarixini \u00f6z\u00fcnd\u0259 ya\u015fadan bir \u00f6lk\u0259d\u0259, qad\u0131n\u0131n geyim azadl\u0131\u011f\u0131 bo\u011fulur. Qad\u0131n\u0131n m\u00fc\u0259yy\u0259n qaydalara \u0259m\u0259l ed\u0259r\u0259k geyinm\u0259sin\u0259 etiraz ed\u0259n insanlar qad\u0131n\u0131 m\u00fc\u0259yy\u0259n qaydalara \u0259m\u0259l ed\u0259r\u0259k, geyinm\u0259sin\u0259 \u00e7al\u0131\u015f\u0131rlar. &#8220;Qad\u0131n bel\u0259 geyinm\u0259lidir&#8221; diktaturas\u0131na qar\u015f\u0131 &#8220;qad\u0131n bel\u0259 geyinm\u0259m\u0259lidir&#8221; diktaturas\u0131n\u0131 qoyurlar.\n<\/p>\n<p>\n  Bikininin azadl\u0131\u011f\u0131n\u0131 tan\u0131yan \u00f6lk\u0259, hicab\u0131n azadl\u0131\u011f\u0131n\u0131 tan\u0131m\u0131rsa, bu, biab\u0131r\u00e7\u0131l\u0131qd\u0131r. Qad\u0131n\u0131n haras\u0131n\u0131 a\u00e7\u0131b, haras\u0131n\u0131 \u00f6rtm\u0259li oldu\u011funu n\u0259inki nizamlayan, h\u0259tta m\u00fczakir\u0259 ed\u0259n bir c\u0259miyy\u0259t, sa\u011flam ola bilm\u0259z.\n<\/p>\n<p>\n  Fransan\u0131, \u00fcmumiyy\u0259tl\u0259, Avropan\u0131 \u015f\u0259ri\u0259tl\u0259 idar\u0259 olunan \u00f6lk\u0259l\u0259rl\u0259 m\u00fcqayis\u0259 edib &#8220;\u015f\u0259ri\u0259t olan \u00f6lk\u0259l\u0259rd\u0259 qanun var ki, qad\u0131n ba\u015f\u0131n\u0131 \u00f6rtm\u0259lidir, buna g\u00f6r\u0259 d\u0259, o \u00f6lk\u0259y\u0259 ayaq basan turistl\u0259r bel\u0259 bu qaydaya \u0259m\u0259l edir, b\u0259s, onda onlar niy\u0259 Avropan\u0131n qaydalar\u0131n\u0131 q\u0259bul el\u0259mirl\u0259r&#8221; arqumentini ir\u0259li s\u00fcrm\u0259k is\u0259 humanist d\u0259y\u0259rl\u0259ri, inam azadl\u0131\u011f\u0131n\u0131 t\u0259hqir etm\u0259kdir. Avropa \u015f\u0259ri\u0259tl\u0259 idar\u0259 olunmur.\n<\/p>\n<p>\n  H\u0259m\u00e7inin, insana geyiml\u0259 ba\u011fl\u0131 qanun da t\u0259tbiq etmir. Buna g\u00f6r\u0259 d\u0259, o, Avropad\u0131r.\n<\/p>\n<p>\n  Ax\u0131, bunu ba\u015fa d\u00fc\u015fm\u0259k niy\u0259 \u00e7\u0259tindir ki, Avropada qanunlar insan\u0131n inanc, geyim v\u0259 \u00f6z\u00fcn\u00fcifad\u0259 azadl\u0131\u011f\u0131na m\u0259hdudiyy\u0259t qoyma\u011fa ba\u015flasa, mahiyy\u0259t etibaril\u0259 \u015f\u0259ri\u0259tl\u0259 idar\u0259 olunan \u00f6lk\u0259l\u0259rl\u0259 he\u00e7 bir f\u0259rq qalmayacaq. Bunun sad\u0259c\u0259, kosmetik f\u0259rqi olacaq. Mahiyy\u0259t is\u0259 eyni olacaq.\n<\/p>\n<p>\n  \u00dcmumiyy\u0259tl\u0259, b\u0259\u015f\u0259riyy\u0259t qad\u0131ndan \u0259l \u00e7\u0259km\u0259lidir. B\u0259d\u0259nind\u0259n, geyimind\u0259n, sin\u0259sind\u0259n, cinsiyy\u0259t orqan\u0131ndan, sa\u00e7\u0131ndan, yata\u011f\u0131ndan&#8230;\n<\/p>\n<p>\n  \u015e\u0259rq d\u0259, Q\u0259rb d\u0259, M\u0259h\u0259mm\u0259d\u0259 inananlar da, \u0130saya inananlar da, ki\u015fil\u0259r d\u0259, qad\u0131nlar da qad\u0131ndan \u0259l \u00e7\u0259km\u0259lidirl\u0259r&#8230;\n<\/p>\n<p>\n  <i><br \/>\n    <b><br \/>\n      Yaz\u0131 m\u00fc\u0259llifin fikirl\u0259rini \u0259ks etdirir v\u0259 Meydan TV-nin m\u00f6vqeyi il\u0259 \u00fcst-\u00fcst\u0259 d\u00fc\u015fm\u0259y\u0259 bil\u0259r.<br \/>\n    <\/b><br \/>\n  <\/i><\/p>\n","protected":false},"excerpt":{"rendered":"<p>&#8220;Qad\u0131n n\u0259 geyinm\u0259lidir&#8221; diktaturas\u0131na qar\u015f\u0131&#8230;<\/p>\n","protected":false},"author":11,"featured_media":64718,"comment_status":"closed","ping_status":"open","sticky":false,"template":"","format":"standard","meta":{"_acf_changed":false,"_sitemap_exclude":false,"_sitemap_priority":"","_sitemap_frequency":"","footnotes":""},"categories":[57],"tags":[],"class_list":["post-178491","post","type-post","status-publish","format-standard","has-post-thumbnail","hentry","category-menim-fikrimce","infinite-scroll-item","generate-columns","tablet-grid-50","mobile-grid-100","grid-parent","grid-33","no-featured-image-padding"],"acf":[],"yoast_head":"<!-- This site is optimized with the Yoast SEO plugin v27.5 - https:\/\/yoast.com\/product\/yoast-seo-wordpress\/ -->\n<title>&#039;&#039;Qad\u0131n n\u0259 geyinm\u0259m\u0259lidir&#039;&#039; diktaturas\u0131 - MEYDAN.TV<\/title>\n<meta name=\"robots\" content=\"index, follow, max-snippet:-1, max-image-preview:large, max-video-preview:-1\" \/>\n<link rel=\"canonical\" href=\"https:\/\/www.meydan.tv\/az\/article\/qadin-ne-geyinmemelidir-diktaturasi\/\" \/>\n<meta property=\"og:locale\" content=\"az_AZ\" \/>\n<meta property=\"og:type\" content=\"article\" \/>\n<meta property=\"og:title\" content=\"&#039;&#039;Qad\u0131n n\u0259 geyinm\u0259m\u0259lidir&#039;&#039; diktaturas\u0131 - MEYDAN.TV\" \/>\n<meta property=\"og:description\" content=\"&quot;Qad\u0131n n\u0259 geyinm\u0259lidir&quot; diktaturas\u0131na qar\u015f\u0131...\" \/>\n<meta property=\"og:url\" content=\"https:\/\/www.meydan.tv\/az\/article\/qadin-ne-geyinmemelidir-diktaturasi\/\" \/>\n<meta property=\"og:site_name\" content=\"MEYDAN.TV\" \/>\n<meta property=\"article:published_time\" content=\"2016-08-29T14:33:22+00:00\" \/>\n<meta property=\"og:image\" content=\"https:\/\/www.meydan.tv\/wp-content\/uploads\/23958.jpg\" \/>\n\t<meta property=\"og:image:width\" content=\"500\" \/>\n\t<meta property=\"og:image:height\" content=\"500\" \/>\n\t<meta property=\"og:image:type\" content=\"image\/jpeg\" \/>\n<meta name=\"author\" content=\"user-manager\" \/>\n<meta name=\"twitter:card\" content=\"summary_large_image\" \/>\n<script type=\"application\/ld+json\" class=\"yoast-schema-graph\">{\"@context\":\"https:\\\/\\\/schema.org\",\"@graph\":[{\"@type\":\"Article\",\"@id\":\"https:\\\/\\\/www.meydan.tv\\\/az\\\/article\\\/qadin-ne-geyinmemelidir-diktaturasi\\\/#article\",\"isPartOf\":{\"@id\":\"https:\\\/\\\/www.meydan.tv\\\/az\\\/article\\\/qadin-ne-geyinmemelidir-diktaturasi\\\/\"},\"author\":{\"name\":\"user-manager\",\"@id\":\"https:\\\/\\\/www.meydan.tv\\\/az\\\/#\\\/schema\\\/person\\\/10d11eccf6da3662cf5fdab9806ea91a\"},\"headline\":\"&#8221;Qad\u0131n n\u0259 geyinm\u0259m\u0259lidir&#8221; diktaturas\u0131\",\"datePublished\":\"2016-08-29T14:33:22+00:00\",\"mainEntityOfPage\":{\"@id\":\"https:\\\/\\\/www.meydan.tv\\\/az\\\/article\\\/qadin-ne-geyinmemelidir-diktaturasi\\\/\"},\"wordCount\":811,\"publisher\":{\"@id\":\"https:\\\/\\\/www.meydan.tv\\\/az\\\/#organization\"},\"image\":{\"@id\":\"https:\\\/\\\/www.meydan.tv\\\/az\\\/article\\\/qadin-ne-geyinmemelidir-diktaturasi\\\/#primaryimage\"},\"thumbnailUrl\":\"https:\\\/\\\/www.meydan.tv\\\/wp-content\\\/uploads\\\/23958.jpg\",\"articleSection\":[\"M\u0259nim Fikrimc\u0259\"],\"inLanguage\":\"az\"},{\"@type\":\"WebPage\",\"@id\":\"https:\\\/\\\/www.meydan.tv\\\/az\\\/article\\\/qadin-ne-geyinmemelidir-diktaturasi\\\/\",\"url\":\"https:\\\/\\\/www.meydan.tv\\\/az\\\/article\\\/qadin-ne-geyinmemelidir-diktaturasi\\\/\",\"name\":\"''Qad\u0131n n\u0259 geyinm\u0259m\u0259lidir'' diktaturas\u0131 - MEYDAN.TV\",\"isPartOf\":{\"@id\":\"https:\\\/\\\/www.meydan.tv\\\/az\\\/#website\"},\"primaryImageOfPage\":{\"@id\":\"https:\\\/\\\/www.meydan.tv\\\/az\\\/article\\\/qadin-ne-geyinmemelidir-diktaturasi\\\/#primaryimage\"},\"image\":{\"@id\":\"https:\\\/\\\/www.meydan.tv\\\/az\\\/article\\\/qadin-ne-geyinmemelidir-diktaturasi\\\/#primaryimage\"},\"thumbnailUrl\":\"https:\\\/\\\/www.meydan.tv\\\/wp-content\\\/uploads\\\/23958.jpg\",\"datePublished\":\"2016-08-29T14:33:22+00:00\",\"breadcrumb\":{\"@id\":\"https:\\\/\\\/www.meydan.tv\\\/az\\\/article\\\/qadin-ne-geyinmemelidir-diktaturasi\\\/#breadcrumb\"},\"inLanguage\":\"az\",\"potentialAction\":[{\"@type\":\"ReadAction\",\"target\":[\"https:\\\/\\\/www.meydan.tv\\\/az\\\/article\\\/qadin-ne-geyinmemelidir-diktaturasi\\\/\"]}]},{\"@type\":\"ImageObject\",\"inLanguage\":\"az\",\"@id\":\"https:\\\/\\\/www.meydan.tv\\\/az\\\/article\\\/qadin-ne-geyinmemelidir-diktaturasi\\\/#primaryimage\",\"url\":\"https:\\\/\\\/www.meydan.tv\\\/wp-content\\\/uploads\\\/23958.jpg\",\"contentUrl\":\"https:\\\/\\\/www.meydan.tv\\\/wp-content\\\/uploads\\\/23958.jpg\",\"width\":500,\"height\":500,\"caption\":\"Source:\"},{\"@type\":\"BreadcrumbList\",\"@id\":\"https:\\\/\\\/www.meydan.tv\\\/az\\\/article\\\/qadin-ne-geyinmemelidir-diktaturasi\\\/#breadcrumb\",\"itemListElement\":[{\"@type\":\"ListItem\",\"position\":1,\"name\":\"Ana s\u0259hif\u0259\",\"item\":\"https:\\\/\\\/www.meydan.tv\\\/az\\\/\"},{\"@type\":\"ListItem\",\"position\":2,\"name\":\"M\u0259nim Fikrimc\u0259\",\"item\":\"https:\\\/\\\/www.meydan.tv\\\/az\\\/section\\\/menim-fikrimce\\\/\"},{\"@type\":\"ListItem\",\"position\":3,\"name\":\"&#8221;Qad\u0131n n\u0259 geyinm\u0259m\u0259lidir&#8221; diktaturas\u0131\"}]},{\"@type\":\"WebSite\",\"@id\":\"https:\\\/\\\/www.meydan.tv\\\/az\\\/#website\",\"url\":\"https:\\\/\\\/www.meydan.tv\\\/az\\\/\",\"name\":\"MEYDAN.TV\",\"description\":\"Meydan TV Az\u0259rbaycan\u0131n media m\u0259kan\u0131ndak\u0131 alternativ s\u0259sidir\",\"publisher\":{\"@id\":\"https:\\\/\\\/www.meydan.tv\\\/az\\\/#organization\"},\"potentialAction\":[{\"@type\":\"SearchAction\",\"target\":{\"@type\":\"EntryPoint\",\"urlTemplate\":\"https:\\\/\\\/www.meydan.tv\\\/az\\\/?s={search_term_string}\"},\"query-input\":{\"@type\":\"PropertyValueSpecification\",\"valueRequired\":true,\"valueName\":\"search_term_string\"}}],\"inLanguage\":\"az\"},{\"@type\":\"Organization\",\"@id\":\"https:\\\/\\\/www.meydan.tv\\\/az\\\/#organization\",\"name\":\"Meydan TV\",\"url\":\"https:\\\/\\\/www.meydan.tv\\\/az\\\/\",\"logo\":{\"@type\":\"ImageObject\",\"inLanguage\":\"az\",\"@id\":\"https:\\\/\\\/www.meydan.tv\\\/az\\\/#\\\/schema\\\/logo\\\/image\\\/\",\"url\":\"https:\\\/\\\/www.meydan.tv\\\/wp-content\\\/uploads\\\/2021\\\/07\\\/meydan-logo.svg\",\"contentUrl\":\"https:\\\/\\\/www.meydan.tv\\\/wp-content\\\/uploads\\\/2021\\\/07\\\/meydan-logo.svg\",\"width\":195,\"height\":46,\"caption\":\"Meydan TV\"},\"image\":{\"@id\":\"https:\\\/\\\/www.meydan.tv\\\/az\\\/#\\\/schema\\\/logo\\\/image\\\/\"}},{\"@type\":\"Person\",\"@id\":\"https:\\\/\\\/www.meydan.tv\\\/az\\\/#\\\/schema\\\/person\\\/10d11eccf6da3662cf5fdab9806ea91a\",\"name\":\"user-manager\"}]}<\/script>\n<!-- \/ Yoast SEO plugin. -->","yoast_head_json":{"title":"''Qad\u0131n n\u0259 geyinm\u0259m\u0259lidir'' diktaturas\u0131 - MEYDAN.TV","robots":{"index":"index","follow":"follow","max-snippet":"max-snippet:-1","max-image-preview":"max-image-preview:large","max-video-preview":"max-video-preview:-1"},"canonical":"https:\/\/www.meydan.tv\/az\/article\/qadin-ne-geyinmemelidir-diktaturasi\/","og_locale":"az_AZ","og_type":"article","og_title":"''Qad\u0131n n\u0259 geyinm\u0259m\u0259lidir'' diktaturas\u0131 - MEYDAN.TV","og_description":"\"Qad\u0131n n\u0259 geyinm\u0259lidir\" diktaturas\u0131na qar\u015f\u0131...","og_url":"https:\/\/www.meydan.tv\/az\/article\/qadin-ne-geyinmemelidir-diktaturasi\/","og_site_name":"MEYDAN.TV","article_published_time":"2016-08-29T14:33:22+00:00","og_image":[{"width":500,"height":500,"url":"https:\/\/www.meydan.tv\/wp-content\/uploads\/23958.jpg","type":"image\/jpeg"}],"author":"user-manager","twitter_card":"summary_large_image","schema":{"@context":"https:\/\/schema.org","@graph":[{"@type":"Article","@id":"https:\/\/www.meydan.tv\/az\/article\/qadin-ne-geyinmemelidir-diktaturasi\/#article","isPartOf":{"@id":"https:\/\/www.meydan.tv\/az\/article\/qadin-ne-geyinmemelidir-diktaturasi\/"},"author":{"name":"user-manager","@id":"https:\/\/www.meydan.tv\/az\/#\/schema\/person\/10d11eccf6da3662cf5fdab9806ea91a"},"headline":"&#8221;Qad\u0131n n\u0259 geyinm\u0259m\u0259lidir&#8221; diktaturas\u0131","datePublished":"2016-08-29T14:33:22+00:00","mainEntityOfPage":{"@id":"https:\/\/www.meydan.tv\/az\/article\/qadin-ne-geyinmemelidir-diktaturasi\/"},"wordCount":811,"publisher":{"@id":"https:\/\/www.meydan.tv\/az\/#organization"},"image":{"@id":"https:\/\/www.meydan.tv\/az\/article\/qadin-ne-geyinmemelidir-diktaturasi\/#primaryimage"},"thumbnailUrl":"https:\/\/www.meydan.tv\/wp-content\/uploads\/23958.jpg","articleSection":["M\u0259nim Fikrimc\u0259"],"inLanguage":"az"},{"@type":"WebPage","@id":"https:\/\/www.meydan.tv\/az\/article\/qadin-ne-geyinmemelidir-diktaturasi\/","url":"https:\/\/www.meydan.tv\/az\/article\/qadin-ne-geyinmemelidir-diktaturasi\/","name":"''Qad\u0131n n\u0259 geyinm\u0259m\u0259lidir'' diktaturas\u0131 - MEYDAN.TV","isPartOf":{"@id":"https:\/\/www.meydan.tv\/az\/#website"},"primaryImageOfPage":{"@id":"https:\/\/www.meydan.tv\/az\/article\/qadin-ne-geyinmemelidir-diktaturasi\/#primaryimage"},"image":{"@id":"https:\/\/www.meydan.tv\/az\/article\/qadin-ne-geyinmemelidir-diktaturasi\/#primaryimage"},"thumbnailUrl":"https:\/\/www.meydan.tv\/wp-content\/uploads\/23958.jpg","datePublished":"2016-08-29T14:33:22+00:00","breadcrumb":{"@id":"https:\/\/www.meydan.tv\/az\/article\/qadin-ne-geyinmemelidir-diktaturasi\/#breadcrumb"},"inLanguage":"az","potentialAction":[{"@type":"ReadAction","target":["https:\/\/www.meydan.tv\/az\/article\/qadin-ne-geyinmemelidir-diktaturasi\/"]}]},{"@type":"ImageObject","inLanguage":"az","@id":"https:\/\/www.meydan.tv\/az\/article\/qadin-ne-geyinmemelidir-diktaturasi\/#primaryimage","url":"https:\/\/www.meydan.tv\/wp-content\/uploads\/23958.jpg","contentUrl":"https:\/\/www.meydan.tv\/wp-content\/uploads\/23958.jpg","width":500,"height":500,"caption":"Source:"},{"@type":"BreadcrumbList","@id":"https:\/\/www.meydan.tv\/az\/article\/qadin-ne-geyinmemelidir-diktaturasi\/#breadcrumb","itemListElement":[{"@type":"ListItem","position":1,"name":"Ana s\u0259hif\u0259","item":"https:\/\/www.meydan.tv\/az\/"},{"@type":"ListItem","position":2,"name":"M\u0259nim Fikrimc\u0259","item":"https:\/\/www.meydan.tv\/az\/section\/menim-fikrimce\/"},{"@type":"ListItem","position":3,"name":"&#8221;Qad\u0131n n\u0259 geyinm\u0259m\u0259lidir&#8221; diktaturas\u0131"}]},{"@type":"WebSite","@id":"https:\/\/www.meydan.tv\/az\/#website","url":"https:\/\/www.meydan.tv\/az\/","name":"MEYDAN.TV","description":"Meydan TV Az\u0259rbaycan\u0131n media m\u0259kan\u0131ndak\u0131 alternativ s\u0259sidir","publisher":{"@id":"https:\/\/www.meydan.tv\/az\/#organization"},"potentialAction":[{"@type":"SearchAction","target":{"@type":"EntryPoint","urlTemplate":"https:\/\/www.meydan.tv\/az\/?s={search_term_string}"},"query-input":{"@type":"PropertyValueSpecification","valueRequired":true,"valueName":"search_term_string"}}],"inLanguage":"az"},{"@type":"Organization","@id":"https:\/\/www.meydan.tv\/az\/#organization","name":"Meydan TV","url":"https:\/\/www.meydan.tv\/az\/","logo":{"@type":"ImageObject","inLanguage":"az","@id":"https:\/\/www.meydan.tv\/az\/#\/schema\/logo\/image\/","url":"https:\/\/www.meydan.tv\/wp-content\/uploads\/2021\/07\/meydan-logo.svg","contentUrl":"https:\/\/www.meydan.tv\/wp-content\/uploads\/2021\/07\/meydan-logo.svg","width":195,"height":46,"caption":"Meydan TV"},"image":{"@id":"https:\/\/www.meydan.tv\/az\/#\/schema\/logo\/image\/"}},{"@type":"Person","@id":"https:\/\/www.meydan.tv\/az\/#\/schema\/person\/10d11eccf6da3662cf5fdab9806ea91a","name":"user-manager"}]}},"_links":{"self":[{"href":"https:\/\/www.meydan.tv\/az\/wp-json\/wp\/v2\/posts\/178491","targetHints":{"allow":["GET"]}}],"collection":[{"href":"https:\/\/www.meydan.tv\/az\/wp-json\/wp\/v2\/posts"}],"about":[{"href":"https:\/\/www.meydan.tv\/az\/wp-json\/wp\/v2\/types\/post"}],"author":[{"embeddable":true,"href":"https:\/\/www.meydan.tv\/az\/wp-json\/wp\/v2\/users\/11"}],"replies":[{"embeddable":true,"href":"https:\/\/www.meydan.tv\/az\/wp-json\/wp\/v2\/comments?post=178491"}],"version-history":[{"count":0,"href":"https:\/\/www.meydan.tv\/az\/wp-json\/wp\/v2\/posts\/178491\/revisions"}],"wp:featuredmedia":[{"embeddable":true,"href":"https:\/\/www.meydan.tv\/az\/wp-json\/wp\/v2\/media\/64718"}],"wp:attachment":[{"href":"https:\/\/www.meydan.tv\/az\/wp-json\/wp\/v2\/media?parent=178491"}],"wp:term":[{"taxonomy":"category","embeddable":true,"href":"https:\/\/www.meydan.tv\/az\/wp-json\/wp\/v2\/categories?post=178491"},{"taxonomy":"post_tag","embeddable":true,"href":"https:\/\/www.meydan.tv\/az\/wp-json\/wp\/v2\/tags?post=178491"}],"curies":[{"name":"wp","href":"https:\/\/api.w.org\/{rel}","templated":true}]}}